{"id":100118,"date":"2007-12-29T04:30:35","date_gmt":"2007-12-29T03:30:35","guid":{"rendered":"https:\/\/joyana.fr\/separation-design-algue-par-ronan-erwan-bouroullec\/"},"modified":"2007-12-29T04:30:35","modified_gmt":"2007-12-29T03:30:35","slug":"separation-design-algue-par-ronan-erwan-bouroullec","status":"publish","type":"post","link":"https:\/\/joyana.fr\/en\/separation-design-algue-par-ronan-erwan-bouroullec\/100118\/","title":{"rendered":"S\u00e9paration design Algue par Ronan &amp; Erwan BOUROULLEC"},"content":{"rendered":"<p>Nous savons ce n\u2019est pas une nouveaut\u00e9 dans le monde du design, mais nous tenions \u00e0 ce que le blog parle de ces <strong>s\u00e9parations<\/strong> que j\u2019adore. Jzukz en direct du <strong><a href=\"http:\/\/deco-design.fr-bb.com\/\" target=\"_blank\">Forum D\u00e9co-Design<\/a><\/strong> nous pr\u00e9sente les s\u00e9parations <strong>Algue des fr\u00e8res Bouroullec<\/strong>.<\/p>\n<p><img data-recalc-dims=\"1\" fetchpriority=\"high\" decoding=\"async\" src=\"https:\/\/i0.wp.com\/joyana.fr\/wp-content\/uploads\/ANGUE%2520BOUROULLEC.jpg?resize=500%2C330&#038;ssl=1\" border=\"0\" alt=\"S\u00e9paration design Algue par Ronan &#038; Erwan BOUROULLEC\" hspace=\"8\" width=\"500\" height=\"330\" align=\"top\" \/><\/p>\n<p><strong>Les Algues<\/strong> sont \u00e0 la fois des modules d\u2019architecture int\u00e9rieure et des \u00e9l\u00e9ments d\u00e9coratifs. Ces \u00e9l\u00e9ments en mati\u00e8re synth\u00e9tique \u00e9voquant des plantes peuvent \u00eatre reli\u00e9s pour former des structures tiss\u00e9es, du fin rideau \u00e0 la haie dense et imp\u00e9n\u00e9trable faisant office d\u2019\u00e9l\u00e9ment de s\u00e9paration.<\/p>\n<p>25 Algues sont n\u00e9cessaires pour former une structure de r\u00e9sille l\u00e9g\u00e8re d\u2019un m\u00e8tre carr\u00e9. Les Algues sont vendues par paquets de 50 (=2m carr\u00e9) ou emballages cadeau de 6 pi\u00e8ces.<\/p>\n<p>Mat\u00e9riau : plastique inject\u00e9.<\/p>\n<p><img data-recalc-dims=\"1\" decoding=\"async\" src=\"https:\/\/i0.wp.com\/joyana.fr\/wp-content\/uploads\/ALGUEE.jpg?resize=270%2C384&#038;ssl=1\" border=\"0\" alt=\"S\u00e9paration design Algue par Ronan &#038; Erwan BOUROULLEC 2\" hspace=\"8\" width=\"270\" height=\"384\" align=\"top\" \/><\/p>\n<p><img data-recalc-dims=\"1\" decoding=\"async\" src=\"https:\/\/i0.wp.com\/joyana.fr\/wp-content\/uploads\/ALGUE%2520BOUROULLECC.jpg?resize=500%2C343&#038;ssl=1\" border=\"0\" alt=\"ALGUE BOUROULLECC\" hspace=\"8\" width=\"500\" height=\"343\" align=\"top\" \/><\/p>\n<p><img data-recalc-dims=\"1\" loading=\"lazy\" decoding=\"async\" src=\"https:\/\/i0.wp.com\/joyana.fr\/wp-content\/uploads\/ALGUE%2520FRERES%2520BOUROULLEC.jpg?resize=500%2C330&#038;ssl=1\" border=\"0\" alt=\"ALGUE FRERES BOUROULLEC\" hspace=\"8\" width=\"500\" height=\"330\" align=\"top\" \/><\/p>\n<p><img data-recalc-dims=\"1\" loading=\"lazy\" decoding=\"async\" src=\"https:\/\/i0.wp.com\/joyana.fr\/wp-content\/uploads\/ALGUE%2520BOURORULLEC.jpg?resize=500%2C431&#038;ssl=1\" border=\"0\" alt=\"ALGUE BOURORULLEC\" hspace=\"8\" width=\"500\" height=\"431\" align=\"top\" \/><\/p>\n<p><strong>Coloris:<\/strong><br \/>\nblanc<br \/>\nnoir<br \/>\nvert<br \/>\nrouge<br \/>\nvert clair<br \/>\nvert fonc\u00e9<br \/>\nrouge clair<br \/>\nrouge fonc\u00e9<\/p>\n<p><strong>Prix:<\/strong><br \/>\nBo\u00eete de 6 pi\u00e8ces : 22 euros<br \/>\nBo\u00eete de 50 pi\u00e8ces : 108 euros<\/p>\n<p><img data-recalc-dims=\"1\" loading=\"lazy\" decoding=\"async\" src=\"https:\/\/i0.wp.com\/joyana.fr\/wp-content\/uploads\/ALGUE%2520BOUROULLEC.jpg?resize=500%2C375&#038;ssl=1\" border=\"0\" alt=\"ALGUE BOUROULLEC\" hspace=\"8\" width=\"500\" height=\"375\" align=\"top\" \/><\/p>\n<p><a href=\"http:\/\/www.vitra.com\" target=\"_blank\">www.vitra.com<\/a><\/p>\n<p><a href=\"http:\/\/deco-design.fr-bb.com\/profile.forum?mode=viewprofile&#038;u=1530\" target=\"_blank\">Jzkuz<\/a><\/p>\n","protected":false},"excerpt":{"rendered":"<p>Nous savons ce n\u2019est pas une nouveaut\u00e9 dans le monde du design, mais nous tenions \u00e0 ce que le blog parle de ces s\u00e9parations que j\u2019adore. Jzukz en direct du Forum D\u00e9co-Design nous pr\u00e9sente les s\u00e9parations Algue des fr\u00e8res Bouroullec. Les Algues sont \u00e0 la fois des modules d\u2019architecture int\u00e9rieure et des \u00e9l\u00e9ments d\u00e9coratifs. Ces [&hellip;]<\/p>\n","protected":false},"author":3,"featured_media":124300,"comment_status":"open","ping_status":"open","sticky":false,"template":"","format":"standard","meta":{"_coblocks_attr":"","_coblocks_dimensions":"","_coblocks_responsive_height":"","_coblocks_accordion_ie_support":"","_uag_custom_page_level_css":"","advgb_blocks_editor_width":"","advgb_blocks_columns_visual_guide":"","_genesis_hide_title":false,"_genesis_hide_breadcrumbs":false,"_genesis_hide_singular_image":false,"_genesis_hide_footer_widgets":false,"_genesis_custom_body_class":"","_genesis_custom_post_class":"","_genesis_layout":"","_themeisle_gutenberg_block_has_review":false,"_jetpack_newsletter_access":"","_jetpack_dont_email_post_to_subs":false,"_jetpack_newsletter_tier_id":0,"_jetpack_memberships_contains_paywalled_content":false,"_jetpack_memberships_contains_paid_content":false,"footnotes":""},"categories":[906,905,935,947],"tags":[934,955],"class_list":{"0":"post-100118","1":"post","2":"type-post","3":"status-publish","4":"format-standard","5":"has-post-thumbnail","7":"category-accessoires","8":"category-deco-design","9":"category-decoration","10":"category-vitra","11":"tag-deco","12":"tag-forum-deco-design","13":"entry"},"featured_image_urls":{"full":["https:\/\/i0.wp.com\/joyana.fr\/wp-content\/uploads\/2016\/08\/joyana-logo-black-360x180.png?fit=360%2C180&ssl=1",360,180,false],"thumbnail":["https:\/\/i0.wp.com\/joyana.fr\/wp-content\/uploads\/2016\/08\/joyana-logo-black-360x180.png?resize=150%2C150&ssl=1",150,150,true],"medium":["https:\/\/i0.wp.com\/joyana.fr\/wp-content\/uploads\/2016\/08\/joyana-logo-black-360x180.png?fit=360%2C180&ssl=1",360,180,true],"medium_large":["https:\/\/i0.wp.com\/joyana.fr\/wp-content\/uploads\/2016\/08\/joyana-logo-black-360x180.png?fit=360%2C180&ssl=1",360,180,true],"large":["https:\/\/i0.wp.com\/joyana.fr\/wp-content\/uploads\/2016\/08\/joyana-logo-black-360x180.png?fit=360%2C180&ssl=1",360,180,true],"1536x1536":["https:\/\/i0.wp.com\/joyana.fr\/wp-content\/uploads\/2016\/08\/joyana-logo-black-360x180.png?fit=360%2C180&ssl=1",360,180,true],"2048x2048":["https:\/\/i0.wp.com\/joyana.fr\/wp-content\/uploads\/2016\/08\/joyana-logo-black-360x180.png?fit=360%2C180&ssl=1",360,180,true],"featured-thumb":["https:\/\/i0.wp.com\/joyana.fr\/wp-content\/uploads\/2016\/08\/joyana-logo-black-360x180.png?resize=360%2C180&ssl=1",360,180,true],"ab-block-post-grid-landscape":["https:\/\/i0.wp.com\/joyana.fr\/wp-content\/uploads\/2016\/08\/joyana-logo-black-360x180.png?resize=360%2C180&ssl=1",360,180,true],"ab-block-post-grid-square":["https:\/\/i0.wp.com\/joyana.fr\/wp-content\/uploads\/2016\/08\/joyana-logo-black-360x180.png?resize=360%2C180&ssl=1",360,180,true],"author-pro-image":["https:\/\/i0.wp.com\/joyana.fr\/wp-content\/uploads\/2016\/08\/joyana-logo-black-360x180.png?resize=360%2C180&ssl=1",360,180,true],"slider":["https:\/\/i0.wp.com\/joyana.fr\/wp-content\/uploads\/2016\/08\/joyana-logo-black-360x180.png?resize=360%2C180&ssl=1",360,180,true],"woocommerce_thumbnail":["https:\/\/i0.wp.com\/joyana.fr\/wp-content\/uploads\/2016\/08\/joyana-logo-black-360x180.png?resize=300%2C180&ssl=1",300,180,true],"woocommerce_single":["https:\/\/i0.wp.com\/joyana.fr\/wp-content\/uploads\/2016\/08\/joyana-logo-black-360x180.png?fit=360%2C180&ssl=1",360,180,true],"woocommerce_gallery_thumbnail":["https:\/\/i0.wp.com\/joyana.fr\/wp-content\/uploads\/2016\/08\/joyana-logo-black-360x180.png?resize=180%2C180&ssl=1",180,180,true],"sow-carousel-default":["https:\/\/i0.wp.com\/joyana.fr\/wp-content\/uploads\/2016\/08\/joyana-logo-black-360x180.png?resize=272%2C180&ssl=1",272,180,true]},"post_excerpt_stackable":"<p>Nous savons ce n\u2019est pas une nouveaut\u00e9 dans le monde du design, mais nous tenions \u00e0 ce que le blog parle de ces s\u00e9parations que j\u2019adore. Jzukz en direct du Forum D\u00e9co-Design nous pr\u00e9sente les s\u00e9parations Algue des fr\u00e8res Bouroullec. Les Algues sont \u00e0 la fois des modules d\u2019architecture int\u00e9rieure et des \u00e9l\u00e9ments d\u00e9coratifs. Ces \u00e9l\u00e9ments en mati\u00e8re synth\u00e9tique \u00e9voquant des plantes peuvent \u00eatre reli\u00e9s pour former des structures tiss\u00e9es, du fin rideau \u00e0 la haie dense et imp\u00e9n\u00e9trable faisant office d\u2019\u00e9l\u00e9ment de s\u00e9paration. 25 Algues sont n\u00e9cessaires pour former une structure de r\u00e9sille l\u00e9g\u00e8re d\u2019un m\u00e8tre carr\u00e9. Les Algues&hellip;<\/p>\n","category_list":"<a href=\"https:\/\/joyana.fr\/en\/category\/deco-design\/decoration\/accessoires\/\" rel=\"category tag\">Accessoires<\/a>, <a href=\"https:\/\/joyana.fr\/en\/category\/deco-design\/\" rel=\"category tag\">DECO-DESIGN<\/a>, <a href=\"https:\/\/joyana.fr\/en\/category\/deco-design\/decoration\/\" rel=\"category tag\">D\u00e9coration<\/a>, <a href=\"https:\/\/joyana.fr\/en\/category\/marques\/vitra\/\" rel=\"category tag\">Vitra<\/a>","author_info":{"display_name":"Jo Yana","author_link":"https:\/\/joyana.fr\/en\/author\/joyana\/"},"comments_num":"11 comments","featured_image_urls_v2":{"full":["https:\/\/i0.wp.com\/joyana.fr\/wp-content\/uploads\/2016\/08\/joyana-logo-black-360x180.png?fit=360%2C180&ssl=1",360,180,false],"thumbnail":["https:\/\/i0.wp.com\/joyana.fr\/wp-content\/uploads\/2016\/08\/joyana-logo-black-360x180.png?resize=150%2C150&ssl=1",150,150,true],"medium":["https:\/\/i0.wp.com\/joyana.fr\/wp-content\/uploads\/2016\/08\/joyana-logo-black-360x180.png?fit=360%2C180&ssl=1",360,180,true],"medium_large":["https:\/\/i0.wp.com\/joyana.fr\/wp-content\/uploads\/2016\/08\/joyana-logo-black-360x180.png?fit=360%2C180&ssl=1",360,180,true],"large":["https:\/\/i0.wp.com\/joyana.fr\/wp-content\/uploads\/2016\/08\/joyana-logo-black-360x180.png?fit=360%2C180&ssl=1",360,180,true],"1536x1536":["https:\/\/i0.wp.com\/joyana.fr\/wp-content\/uploads\/2016\/08\/joyana-logo-black-360x180.png?fit=360%2C180&ssl=1",360,180,true],"2048x2048":["https:\/\/i0.wp.com\/joyana.fr\/wp-content\/uploads\/2016\/08\/joyana-logo-black-360x180.png?fit=360%2C180&ssl=1",360,180,true],"featured-thumb":["https:\/\/i0.wp.com\/joyana.fr\/wp-content\/uploads\/2016\/08\/joyana-logo-black-360x180.png?resize=360%2C180&ssl=1",360,180,true],"ab-block-post-grid-landscape":["https:\/\/i0.wp.com\/joyana.fr\/wp-content\/uploads\/2016\/08\/joyana-logo-black-360x180.png?resize=360%2C180&ssl=1",360,180,true],"ab-block-post-grid-square":["https:\/\/i0.wp.com\/joyana.fr\/wp-content\/uploads\/2016\/08\/joyana-logo-black-360x180.png?resize=360%2C180&ssl=1",360,180,true],"author-pro-image":["https:\/\/i0.wp.com\/joyana.fr\/wp-content\/uploads\/2016\/08\/joyana-logo-black-360x180.png?resize=360%2C180&ssl=1",360,180,true],"slider":["https:\/\/i0.wp.com\/joyana.fr\/wp-content\/uploads\/2016\/08\/joyana-logo-black-360x180.png?resize=360%2C180&ssl=1",360,180,true],"woocommerce_thumbnail":["https:\/\/i0.wp.com\/joyana.fr\/wp-content\/uploads\/2016\/08\/joyana-logo-black-360x180.png?resize=300%2C180&ssl=1",300,180,true],"woocommerce_single":["https:\/\/i0.wp.com\/joyana.fr\/wp-content\/uploads\/2016\/08\/joyana-logo-black-360x180.png?fit=360%2C180&ssl=1",360,180,true],"woocommerce_gallery_thumbnail":["https:\/\/i0.wp.com\/joyana.fr\/wp-content\/uploads\/2016\/08\/joyana-logo-black-360x180.png?resize=180%2C180&ssl=1",180,180,true],"sow-carousel-default":["https:\/\/i0.wp.com\/joyana.fr\/wp-content\/uploads\/2016\/08\/joyana-logo-black-360x180.png?resize=272%2C180&ssl=1",272,180,true]},"post_excerpt_stackable_v2":"<p>Nous savons ce n\u2019est pas une nouveaut\u00e9 dans le monde du design, mais nous tenions \u00e0 ce que le blog parle de ces s\u00e9parations que j\u2019adore. Jzukz en direct du Forum D\u00e9co-Design nous pr\u00e9sente les s\u00e9parations Algue des fr\u00e8res Bouroullec. Les Algues sont \u00e0 la fois des modules d\u2019architecture int\u00e9rieure et des \u00e9l\u00e9ments d\u00e9coratifs. Ces \u00e9l\u00e9ments en mati\u00e8re synth\u00e9tique \u00e9voquant des plantes peuvent \u00eatre reli\u00e9s pour former des structures tiss\u00e9es, du fin rideau \u00e0 la haie dense et imp\u00e9n\u00e9trable faisant office d\u2019\u00e9l\u00e9ment de s\u00e9paration. 25 Algues sont n\u00e9cessaires pour former une structure de r\u00e9sille l\u00e9g\u00e8re d\u2019un m\u00e8tre carr\u00e9. Les Algues&hellip;<\/p>\n","category_list_v2":"<a href=\"https:\/\/joyana.fr\/en\/category\/deco-design\/decoration\/accessoires\/\" rel=\"category tag\">Accessoires<\/a>, <a href=\"https:\/\/joyana.fr\/en\/category\/deco-design\/\" rel=\"category tag\">DECO-DESIGN<\/a>, <a href=\"https:\/\/joyana.fr\/en\/category\/deco-design\/decoration\/\" rel=\"category tag\">D\u00e9coration<\/a>, <a href=\"https:\/\/joyana.fr\/en\/category\/marques\/vitra\/\" rel=\"category tag\">Vitra<\/a>","author_info_v2":{"name":"Jo Yana","url":"https:\/\/joyana.fr\/en\/author\/joyana\/"},"comments_num_v2":"11 comments","yoast_head":"<!-- This site is optimized with the Yoast SEO plugin v26.8 - https:\/\/yoast.com\/product\/yoast-seo-wordpress\/ -->\n<title>S\u00e9paration design Algue par Ronan &amp; Erwan BOUROULLEC - JO YANA<\/title>\n<meta name=\"robots\" content=\"index, follow, max-snippet:-1, max-image-preview:large, max-video-preview:-1\" \/>\n<link rel=\"canonical\" href=\"https:\/\/joyana.fr\/en\/separation-design-algue-par-ronan-erwan-bouroullec\/100118\/\" \/>\n<meta property=\"og:locale\" content=\"en_US\" \/>\n<meta property=\"og:locale:alternate\" content=\"fr_FR\" \/>\n<meta property=\"og:locale:alternate\" content=\"ja\" \/>\n<meta property=\"og:type\" content=\"article\" \/>\n<meta property=\"og:title\" content=\"S\u00e9paration design Algue par Ronan &amp; Erwan BOUROULLEC - JO YANA\" \/>\n<meta property=\"og:description\" content=\"Nous savons ce n\u2019est pas une nouveaut\u00e9 dans le monde du design, mais nous tenions \u00e0 ce que le blog parle de ces s\u00e9parations que j\u2019adore. Jzukz en direct du Forum D\u00e9co-Design nous pr\u00e9sente les s\u00e9parations Algue des fr\u00e8res Bouroullec. Les Algues sont \u00e0 la fois des modules d\u2019architecture int\u00e9rieure et des \u00e9l\u00e9ments d\u00e9coratifs. Ces [&hellip;]\" \/>\n<meta property=\"og:url\" content=\"https:\/\/joyana.fr\/en\/separation-design-algue-par-ronan-erwan-bouroullec\/100118\/\" \/>\n<meta property=\"og:site_name\" content=\"JO YANA\" \/>\n<meta property=\"article:published_time\" content=\"2007-12-29T03:30:35+00:00\" \/>\n<meta property=\"og:image\" content=\"https:\/\/joyana.fr\/wp-content\/uploads\/2016\/08\/joyana-logo-black-360x180.png\" \/>\n\t<meta property=\"og:image:width\" content=\"360\" \/>\n\t<meta property=\"og:image:height\" content=\"180\" \/>\n\t<meta property=\"og:image:type\" content=\"image\/png\" \/>\n<meta name=\"author\" content=\"Jo Yana\" \/>\n<meta name=\"twitter:card\" content=\"summary_large_image\" \/>\n<meta name=\"twitter:creator\" content=\"@Jo_Yana\" \/>\n<meta name=\"twitter:site\" content=\"@Jo_Yana\" \/>\n<meta name=\"twitter:label1\" content=\"Written by\" \/>\n\t<meta name=\"twitter:data1\" content=\"Jo Yana\" \/>\n\t<meta name=\"twitter:label2\" content=\"Est. reading time\" \/>\n\t<meta name=\"twitter:data2\" content=\"1 minute\" \/>\n<script type=\"application\/ld+json\" class=\"yoast-schema-graph\">{\"@context\":\"https:\/\/schema.org\",\"@graph\":[{\"@type\":\"Article\",\"@id\":\"https:\/\/joyana.fr\/ja\/separation-design-algue-par-ronan-erwan-bouroullec\/100118\/#article\",\"isPartOf\":{\"@id\":\"https:\/\/joyana.fr\/ja\/separation-design-algue-par-ronan-erwan-bouroullec\/100118\/\"},\"author\":{\"name\":\"Jo Yana\",\"@id\":\"https:\/\/joyana.fr\/#\/schema\/person\/cf2a1ad12a27c12c21801075bf37407c\"},\"headline\":\"S\u00e9paration design Algue par Ronan &amp; Erwan BOUROULLEC\",\"datePublished\":\"2007-12-29T03:30:35+00:00\",\"mainEntityOfPage\":{\"@id\":\"https:\/\/joyana.fr\/ja\/separation-design-algue-par-ronan-erwan-bouroullec\/100118\/\"},\"wordCount\":179,\"commentCount\":7,\"publisher\":{\"@id\":\"https:\/\/joyana.fr\/#\/schema\/person\/cf2a1ad12a27c12c21801075bf37407c\"},\"image\":{\"@id\":\"https:\/\/joyana.fr\/ja\/separation-design-algue-par-ronan-erwan-bouroullec\/100118\/#primaryimage\"},\"thumbnailUrl\":\"https:\/\/i0.wp.com\/joyana.fr\/wp-content\/uploads\/2016\/08\/joyana-logo-black-360x180.png?fit=360%2C180&ssl=1\",\"keywords\":[\"D\u00e9co\",\"Forum D\u00e9co-Design\"],\"articleSection\":[\"Accessoires\",\"DECO-DESIGN\",\"D\u00e9coration\",\"Vitra\"],\"inLanguage\":\"en-US\",\"potentialAction\":[{\"@type\":\"CommentAction\",\"name\":\"Comment\",\"target\":[\"https:\/\/joyana.fr\/ja\/separation-design-algue-par-ronan-erwan-bouroullec\/100118\/#respond\"]}]},{\"@type\":\"WebPage\",\"@id\":\"https:\/\/joyana.fr\/ja\/separation-design-algue-par-ronan-erwan-bouroullec\/100118\/\",\"url\":\"https:\/\/joyana.fr\/ja\/separation-design-algue-par-ronan-erwan-bouroullec\/100118\/\",\"name\":\"S\u00e9paration design Algue par Ronan &amp; Erwan BOUROULLEC - JO YANA\",\"isPartOf\":{\"@id\":\"https:\/\/joyana.fr\/#website\"},\"primaryImageOfPage\":{\"@id\":\"https:\/\/joyana.fr\/ja\/separation-design-algue-par-ronan-erwan-bouroullec\/100118\/#primaryimage\"},\"image\":{\"@id\":\"https:\/\/joyana.fr\/ja\/separation-design-algue-par-ronan-erwan-bouroullec\/100118\/#primaryimage\"},\"thumbnailUrl\":\"https:\/\/i0.wp.com\/joyana.fr\/wp-content\/uploads\/2016\/08\/joyana-logo-black-360x180.png?fit=360%2C180&ssl=1\",\"datePublished\":\"2007-12-29T03:30:35+00:00\",\"breadcrumb\":{\"@id\":\"https:\/\/joyana.fr\/ja\/separation-design-algue-par-ronan-erwan-bouroullec\/100118\/#breadcrumb\"},\"inLanguage\":\"en-US\",\"potentialAction\":[{\"@type\":\"ReadAction\",\"target\":[\"https:\/\/joyana.fr\/ja\/separation-design-algue-par-ronan-erwan-bouroullec\/100118\/\"]}]},{\"@type\":\"ImageObject\",\"inLanguage\":\"en-US\",\"@id\":\"https:\/\/joyana.fr\/ja\/separation-design-algue-par-ronan-erwan-bouroullec\/100118\/#primaryimage\",\"url\":\"https:\/\/i0.wp.com\/joyana.fr\/wp-content\/uploads\/2016\/08\/joyana-logo-black-360x180.png?fit=360%2C180&ssl=1\",\"contentUrl\":\"https:\/\/i0.wp.com\/joyana.fr\/wp-content\/uploads\/2016\/08\/joyana-logo-black-360x180.png?fit=360%2C180&ssl=1\",\"width\":360,\"height\":180,\"caption\":\"logo joyana.fr\"},{\"@type\":\"BreadcrumbList\",\"@id\":\"https:\/\/joyana.fr\/ja\/separation-design-algue-par-ronan-erwan-bouroullec\/100118\/#breadcrumb\",\"itemListElement\":[{\"@type\":\"ListItem\",\"position\":1,\"name\":\"Accueil\",\"item\":\"https:\/\/joyana.fr\/\"},{\"@type\":\"ListItem\",\"position\":2,\"name\":\"S\u00e9paration design Algue par Ronan &amp; Erwan BOUROULLEC\"}]},{\"@type\":\"WebSite\",\"@id\":\"https:\/\/joyana.fr\/#website\",\"url\":\"https:\/\/joyana.fr\/\",\"name\":\"JO YANA\",\"description\":\"Blog Mode Homme, Lifestyle, D\u00e9co-Design\",\"publisher\":{\"@id\":\"https:\/\/joyana.fr\/#\/schema\/person\/cf2a1ad12a27c12c21801075bf37407c\"},\"potentialAction\":[{\"@type\":\"SearchAction\",\"target\":{\"@type\":\"EntryPoint\",\"urlTemplate\":\"https:\/\/joyana.fr\/?s={search_term_string}\"},\"query-input\":{\"@type\":\"PropertyValueSpecification\",\"valueRequired\":true,\"valueName\":\"search_term_string\"}}],\"inLanguage\":\"en-US\"},{\"@type\":[\"Person\",\"Organization\"],\"@id\":\"https:\/\/joyana.fr\/#\/schema\/person\/cf2a1ad12a27c12c21801075bf37407c\",\"name\":\"Jo Yana\",\"image\":{\"@type\":\"ImageObject\",\"inLanguage\":\"en-US\",\"@id\":\"https:\/\/joyana.fr\/#\/schema\/person\/image\/\",\"url\":\"https:\/\/i0.wp.com\/joyana.fr\/wp-content\/uploads\/2016\/08\/cropped-joyana-logo-black-360x180.png?fit=343%2C164&ssl=1\",\"contentUrl\":\"https:\/\/i0.wp.com\/joyana.fr\/wp-content\/uploads\/2016\/08\/cropped-joyana-logo-black-360x180.png?fit=343%2C164&ssl=1\",\"width\":343,\"height\":164,\"caption\":\"Jo Yana\"},\"logo\":{\"@id\":\"https:\/\/joyana.fr\/#\/schema\/person\/image\/\"},\"description\":\"Jo Yana est le cr\u00e9ateur et r\u00e9dacteur en chef des sites DECO-DESIGN. Passionn\u00e9 de Design, Mode, Photo, Luxe, Lifestyle, Musique, mais avant tout Blogueur ! Le plaisir de partager l'anime et a comme devise \\\"POUR L'AMOUR DU BEAU\\\". Retrouvez le aussi sur son blog personnel - https:\/\/joyana.fr...\",\"sameAs\":[\"https:\/\/joyana.fr\/\"],\"url\":\"https:\/\/joyana.fr\/en\/author\/joyana\/\"}]}<\/script>\n<!-- \/ Yoast SEO plugin. -->","yoast_head_json":{"title":"S\u00e9paration design Algue par Ronan &amp; Erwan BOUROULLEC - JO YANA","robots":{"index":"index","follow":"follow","max-snippet":"max-snippet:-1","max-image-preview":"max-image-preview:large","max-video-preview":"max-video-preview:-1"},"canonical":"https:\/\/joyana.fr\/en\/separation-design-algue-par-ronan-erwan-bouroullec\/100118\/","og_locale":"en_US","og_type":"article","og_title":"S\u00e9paration design Algue par Ronan &amp; Erwan BOUROULLEC - JO YANA","og_description":"Nous savons ce n\u2019est pas une nouveaut\u00e9 dans le monde du design, mais nous tenions \u00e0 ce que le blog parle de ces s\u00e9parations que j\u2019adore. Jzukz en direct du Forum D\u00e9co-Design nous pr\u00e9sente les s\u00e9parations Algue des fr\u00e8res Bouroullec. Les Algues sont \u00e0 la fois des modules d\u2019architecture int\u00e9rieure et des \u00e9l\u00e9ments d\u00e9coratifs. Ces [&hellip;]","og_url":"https:\/\/joyana.fr\/en\/separation-design-algue-par-ronan-erwan-bouroullec\/100118\/","og_site_name":"JO YANA","article_published_time":"2007-12-29T03:30:35+00:00","og_image":[{"width":360,"height":180,"url":"https:\/\/joyana.fr\/wp-content\/uploads\/2016\/08\/joyana-logo-black-360x180.png","type":"image\/png"}],"author":"Jo Yana","twitter_card":"summary_large_image","twitter_creator":"@Jo_Yana","twitter_site":"@Jo_Yana","twitter_misc":{"Written by":"Jo Yana","Est. reading time":"1 minute"},"schema":{"@context":"https:\/\/schema.org","@graph":[{"@type":"Article","@id":"https:\/\/joyana.fr\/ja\/separation-design-algue-par-ronan-erwan-bouroullec\/100118\/#article","isPartOf":{"@id":"https:\/\/joyana.fr\/ja\/separation-design-algue-par-ronan-erwan-bouroullec\/100118\/"},"author":{"name":"Jo Yana","@id":"https:\/\/joyana.fr\/#\/schema\/person\/cf2a1ad12a27c12c21801075bf37407c"},"headline":"S\u00e9paration design Algue par Ronan &amp; Erwan BOUROULLEC","datePublished":"2007-12-29T03:30:35+00:00","mainEntityOfPage":{"@id":"https:\/\/joyana.fr\/ja\/separation-design-algue-par-ronan-erwan-bouroullec\/100118\/"},"wordCount":179,"commentCount":7,"publisher":{"@id":"https:\/\/joyana.fr\/#\/schema\/person\/cf2a1ad12a27c12c21801075bf37407c"},"image":{"@id":"https:\/\/joyana.fr\/ja\/separation-design-algue-par-ronan-erwan-bouroullec\/100118\/#primaryimage"},"thumbnailUrl":"https:\/\/i0.wp.com\/joyana.fr\/wp-content\/uploads\/2016\/08\/joyana-logo-black-360x180.png?fit=360%2C180&ssl=1","keywords":["D\u00e9co","Forum D\u00e9co-Design"],"articleSection":["Accessoires","DECO-DESIGN","D\u00e9coration","Vitra"],"inLanguage":"en-US","potentialAction":[{"@type":"CommentAction","name":"Comment","target":["https:\/\/joyana.fr\/ja\/separation-design-algue-par-ronan-erwan-bouroullec\/100118\/#respond"]}]},{"@type":"WebPage","@id":"https:\/\/joyana.fr\/ja\/separation-design-algue-par-ronan-erwan-bouroullec\/100118\/","url":"https:\/\/joyana.fr\/ja\/separation-design-algue-par-ronan-erwan-bouroullec\/100118\/","name":"S\u00e9paration design Algue par Ronan &amp; Erwan BOUROULLEC - JO YANA","isPartOf":{"@id":"https:\/\/joyana.fr\/#website"},"primaryImageOfPage":{"@id":"https:\/\/joyana.fr\/ja\/separation-design-algue-par-ronan-erwan-bouroullec\/100118\/#primaryimage"},"image":{"@id":"https:\/\/joyana.fr\/ja\/separation-design-algue-par-ronan-erwan-bouroullec\/100118\/#primaryimage"},"thumbnailUrl":"https:\/\/i0.wp.com\/joyana.fr\/wp-content\/uploads\/2016\/08\/joyana-logo-black-360x180.png?fit=360%2C180&ssl=1","datePublished":"2007-12-29T03:30:35+00:00","breadcrumb":{"@id":"https:\/\/joyana.fr\/ja\/separation-design-algue-par-ronan-erwan-bouroullec\/100118\/#breadcrumb"},"inLanguage":"en-US","potentialAction":[{"@type":"ReadAction","target":["https:\/\/joyana.fr\/ja\/separation-design-algue-par-ronan-erwan-bouroullec\/100118\/"]}]},{"@type":"ImageObject","inLanguage":"en-US","@id":"https:\/\/joyana.fr\/ja\/separation-design-algue-par-ronan-erwan-bouroullec\/100118\/#primaryimage","url":"https:\/\/i0.wp.com\/joyana.fr\/wp-content\/uploads\/2016\/08\/joyana-logo-black-360x180.png?fit=360%2C180&ssl=1","contentUrl":"https:\/\/i0.wp.com\/joyana.fr\/wp-content\/uploads\/2016\/08\/joyana-logo-black-360x180.png?fit=360%2C180&ssl=1","width":360,"height":180,"caption":"logo joyana.fr"},{"@type":"BreadcrumbList","@id":"https:\/\/joyana.fr\/ja\/separation-design-algue-par-ronan-erwan-bouroullec\/100118\/#breadcrumb","itemListElement":[{"@type":"ListItem","position":1,"name":"Accueil","item":"https:\/\/joyana.fr\/"},{"@type":"ListItem","position":2,"name":"S\u00e9paration design Algue par Ronan &amp; Erwan BOUROULLEC"}]},{"@type":"WebSite","@id":"https:\/\/joyana.fr\/#website","url":"https:\/\/joyana.fr\/","name":"JO YANA","description":"Blog Mode Homme, Lifestyle, D\u00e9co-Design","publisher":{"@id":"https:\/\/joyana.fr\/#\/schema\/person\/cf2a1ad12a27c12c21801075bf37407c"},"potentialAction":[{"@type":"SearchAction","target":{"@type":"EntryPoint","urlTemplate":"https:\/\/joyana.fr\/?s={search_term_string}"},"query-input":{"@type":"PropertyValueSpecification","valueRequired":true,"valueName":"search_term_string"}}],"inLanguage":"en-US"},{"@type":["Person","Organization"],"@id":"https:\/\/joyana.fr\/#\/schema\/person\/cf2a1ad12a27c12c21801075bf37407c","name":"Jo Yana","image":{"@type":"ImageObject","inLanguage":"en-US","@id":"https:\/\/joyana.fr\/#\/schema\/person\/image\/","url":"https:\/\/i0.wp.com\/joyana.fr\/wp-content\/uploads\/2016\/08\/cropped-joyana-logo-black-360x180.png?fit=343%2C164&ssl=1","contentUrl":"https:\/\/i0.wp.com\/joyana.fr\/wp-content\/uploads\/2016\/08\/cropped-joyana-logo-black-360x180.png?fit=343%2C164&ssl=1","width":343,"height":164,"caption":"Jo Yana"},"logo":{"@id":"https:\/\/joyana.fr\/#\/schema\/person\/image\/"},"description":"Jo Yana est le cr\u00e9ateur et r\u00e9dacteur en chef des sites DECO-DESIGN. Passionn\u00e9 de Design, Mode, Photo, Luxe, Lifestyle, Musique, mais avant tout Blogueur ! Le plaisir de partager l'anime et a comme devise \"POUR L'AMOUR DU BEAU\". Retrouvez le aussi sur son blog personnel - https:\/\/joyana.fr...","sameAs":["https:\/\/joyana.fr\/"],"url":"https:\/\/joyana.fr\/en\/author\/joyana\/"}]}},"author_meta":{"display_name":"Jo Yana","author_link":"https:\/\/joyana.fr\/en\/author\/joyana\/"},"featured_img":"https:\/\/i0.wp.com\/joyana.fr\/wp-content\/uploads\/2016\/08\/joyana-logo-black-360x180.png?fit=360%2C180&ssl=1","featured_image_src":"https:\/\/i0.wp.com\/joyana.fr\/wp-content\/uploads\/2016\/08\/joyana-logo-black-360x180.png?resize=360%2C180&ssl=1","featured_image_src_square":"https:\/\/i0.wp.com\/joyana.fr\/wp-content\/uploads\/2016\/08\/joyana-logo-black-360x180.png?resize=360%2C180&ssl=1","jetpack_featured_media_url":"https:\/\/i0.wp.com\/joyana.fr\/wp-content\/uploads\/2016\/08\/joyana-logo-black-360x180.png?fit=360%2C180&ssl=1","uagb_featured_image_src":{"full":["https:\/\/i0.wp.com\/joyana.fr\/wp-content\/uploads\/2016\/08\/joyana-logo-black-360x180.png?fit=360%2C180&ssl=1",360,180,false],"thumbnail":["https:\/\/i0.wp.com\/joyana.fr\/wp-content\/uploads\/2016\/08\/joyana-logo-black-360x180.png?resize=150%2C150&ssl=1",150,150,true],"medium":["https:\/\/i0.wp.com\/joyana.fr\/wp-content\/uploads\/2016\/08\/joyana-logo-black-360x180.png?fit=360%2C180&ssl=1",360,180,true],"medium_large":["https:\/\/i0.wp.com\/joyana.fr\/wp-content\/uploads\/2016\/08\/joyana-logo-black-360x180.png?fit=360%2C180&ssl=1",360,180,true],"large":["https:\/\/i0.wp.com\/joyana.fr\/wp-content\/uploads\/2016\/08\/joyana-logo-black-360x180.png?fit=360%2C180&ssl=1",360,180,true],"1536x1536":["https:\/\/i0.wp.com\/joyana.fr\/wp-content\/uploads\/2016\/08\/joyana-logo-black-360x180.png?fit=360%2C180&ssl=1",360,180,true],"2048x2048":["https:\/\/i0.wp.com\/joyana.fr\/wp-content\/uploads\/2016\/08\/joyana-logo-black-360x180.png?fit=360%2C180&ssl=1",360,180,true],"featured-thumb":["https:\/\/i0.wp.com\/joyana.fr\/wp-content\/uploads\/2016\/08\/joyana-logo-black-360x180.png?resize=360%2C180&ssl=1",360,180,true],"ab-block-post-grid-landscape":["https:\/\/i0.wp.com\/joyana.fr\/wp-content\/uploads\/2016\/08\/joyana-logo-black-360x180.png?resize=360%2C180&ssl=1",360,180,true],"ab-block-post-grid-square":["https:\/\/i0.wp.com\/joyana.fr\/wp-content\/uploads\/2016\/08\/joyana-logo-black-360x180.png?resize=360%2C180&ssl=1",360,180,true],"author-pro-image":["https:\/\/i0.wp.com\/joyana.fr\/wp-content\/uploads\/2016\/08\/joyana-logo-black-360x180.png?resize=360%2C180&ssl=1",360,180,true],"slider":["https:\/\/i0.wp.com\/joyana.fr\/wp-content\/uploads\/2016\/08\/joyana-logo-black-360x180.png?resize=360%2C180&ssl=1",360,180,true],"woocommerce_thumbnail":["https:\/\/i0.wp.com\/joyana.fr\/wp-content\/uploads\/2016\/08\/joyana-logo-black-360x180.png?resize=300%2C180&ssl=1",300,180,true],"woocommerce_single":["https:\/\/i0.wp.com\/joyana.fr\/wp-content\/uploads\/2016\/08\/joyana-logo-black-360x180.png?fit=360%2C180&ssl=1",360,180,true],"woocommerce_gallery_thumbnail":["https:\/\/i0.wp.com\/joyana.fr\/wp-content\/uploads\/2016\/08\/joyana-logo-black-360x180.png?resize=180%2C180&ssl=1",180,180,true],"sow-carousel-default":["https:\/\/i0.wp.com\/joyana.fr\/wp-content\/uploads\/2016\/08\/joyana-logo-black-360x180.png?resize=272%2C180&ssl=1",272,180,true]},"uagb_author_info":{"display_name":"Jo Yana","author_link":"https:\/\/joyana.fr\/en\/author\/joyana\/"},"uagb_comment_info":11,"uagb_excerpt":"Nous savons ce n\u2019est pas une nouveaut\u00e9 dans le monde du design, mais nous tenions \u00e0 ce que le blog parle de ces s\u00e9parations que j\u2019adore. Jzukz en direct du Forum D\u00e9co-Design nous pr\u00e9sente les s\u00e9parations Algue des fr\u00e8res Bouroullec. Les Algues sont \u00e0 la fois des modules d\u2019architecture int\u00e9rieure et des \u00e9l\u00e9ments d\u00e9coratifs. Ces&hellip;","coauthors":[],"tax_additional":{"categories":{"linked":["<a href=\"https:\/\/joyana.fr\/en\/category\/deco-design\/decoration\/accessoires\/\" class=\"advgb-post-tax-term\">Accessoires<\/a>","<a href=\"https:\/\/joyana.fr\/en\/category\/deco-design\/\" class=\"advgb-post-tax-term\">DECO-DESIGN<\/a>","<a href=\"https:\/\/joyana.fr\/en\/category\/deco-design\/decoration\/\" class=\"advgb-post-tax-term\">D\u00e9coration<\/a>","<a href=\"https:\/\/joyana.fr\/en\/category\/marques\/vitra\/\" class=\"advgb-post-tax-term\">Vitra<\/a>"],"unlinked":["<span class=\"advgb-post-tax-term\">Accessoires<\/span>","<span class=\"advgb-post-tax-term\">DECO-DESIGN<\/span>","<span class=\"advgb-post-tax-term\">D\u00e9coration<\/span>","<span class=\"advgb-post-tax-term\">Vitra<\/span>"]},"tags":{"linked":["<a href=\"https:\/\/joyana.fr\/en\/category\/marques\/vitra\/\" class=\"advgb-post-tax-term\">D\u00e9co<\/a>","<a href=\"https:\/\/joyana.fr\/en\/category\/marques\/vitra\/\" class=\"advgb-post-tax-term\">Forum D\u00e9co-Design<\/a>"],"unlinked":["<span class=\"advgb-post-tax-term\">D\u00e9co<\/span>","<span class=\"advgb-post-tax-term\">Forum D\u00e9co-Design<\/span>"]}},"comment_count":11,"relative_dates":{"created":"Posted 18 years ago","modified":"Updated 18 years ago"},"absolute_dates":{"created":"Posted on 29 December 2007","modified":"Updated on 29 December 2007"},"absolute_dates_time":{"created":"Posted on 29 December 2007 4:30","modified":"Updated on 29 December 2007 4:30"},"featured_img_caption":"","series_order":"","jetpack_sharing_enabled":true,"jetpack_shortlink":"https:\/\/wp.me\/p9bteI-q2O","jetpack-related-posts":[],"_links":{"self":[{"href":"https:\/\/joyana.fr\/en\/wp-json\/wp\/v2\/posts\/100118","targetHints":{"allow":["GET"]}}],"collection":[{"href":"https:\/\/joyana.fr\/en\/wp-json\/wp\/v2\/posts"}],"about":[{"href":"https:\/\/joyana.fr\/en\/wp-json\/wp\/v2\/types\/post"}],"author":[{"embeddable":true,"href":"https:\/\/joyana.fr\/en\/wp-json\/wp\/v2\/users\/3"}],"replies":[{"embeddable":true,"href":"https:\/\/joyana.fr\/en\/wp-json\/wp\/v2\/comments?post=100118"}],"version-history":[{"count":0,"href":"https:\/\/joyana.fr\/en\/wp-json\/wp\/v2\/posts\/100118\/revisions"}],"wp:featuredmedia":[{"embeddable":true,"href":"https:\/\/joyana.fr\/en\/wp-json\/wp\/v2\/media\/124300"}],"wp:attachment":[{"href":"https:\/\/joyana.fr\/en\/wp-json\/wp\/v2\/media?parent=100118"}],"wp:term":[{"taxonomy":"category","embeddable":true,"href":"https:\/\/joyana.fr\/en\/wp-json\/wp\/v2\/categories?post=100118"},{"taxonomy":"post_tag","embeddable":true,"href":"https:\/\/joyana.fr\/en\/wp-json\/wp\/v2\/tags?post=100118"}],"curies":[{"name":"wp","href":"https:\/\/api.w.org\/{rel}","templated":true}]}}