{"id":100203,"date":"2008-01-15T09:02:51","date_gmt":"2008-01-15T08:02:51","guid":{"rendered":"https:\/\/joyana.fr\/votre-programme-tv-deco-de-la-semaine-dco-interieurs-question-maison\/"},"modified":"2008-01-15T09:02:51","modified_gmt":"2008-01-15T08:02:51","slug":"votre-programme-tv","status":"publish","type":"post","link":"https:\/\/joyana.fr\/en\/votre-programme-tv\/100203\/","title":{"rendered":"Votre programme TV d\u00e9co de la semaine : M6 Deco , Int\u00e9rieurs , Question Maison &#8230;"},"content":{"rendered":"<p>Alors pour vous facilitez la tache, <a href=\"https:\/\/joyana.fr\">le blog D\u00e9co-Design<\/a> vous donnera chaque semaine votre<strong> programme TV d\u00e9co<\/strong>, avec tous les posts rattach\u00e9s sur le forum pour parler tous ensemble de la d\u00e9coration des \u00e9missions.<\/p>\n<ul>\n<li><a href=\"https:\/\/joyana.fr\/votre-programme-tv-deco\/\" title=\"Programme Tv D\u00e9coration semaine du f\u00e9rier au 10 f\u00e9vrier\">Programme Tv D\u00e9co semaine du 4 au dimanche 10 F\u00e9vrier<\/a><\/li>\n<\/ul>\n<p>Pour voir les horaires de ces \u00e9missions TV c\u2019est dans la suite&#8230;<\/p>\n<p><span class=\"postbody\"><strong>MERCREDI<\/strong><\/span><\/p>\n<p><a href=\"http:\/\/deco-design.fr-bb.com\/emission-question-maison-france-5-f7\/question-maison-emission-du-19-01-08-t5111.htm\" target=\"_blank\">20h40 Question Maison (France 5)<\/a><span class=\"postbody\"><br \/>\n22h25 Les ma\u00e7ons du coeur (TMC)<br \/>\n23h10 Les ma\u00e7ons du coeur (TMC)<br \/>\n23h55 Les ma\u00e7ons du coeur (TMC)<\/span><\/p>\n<p><span class=\"postbody\"><a href=\"http:\/\/deco-design.fr-bb.com\/emission-dco-m6-f21\/emission-dco-16-01-08-une-semaine-redif-t5110.htm#126122\" target=\"_blank\"><span class=\"postbody\">20h50 Prime D&#038;CO une semaine pour tout changer (M6)<\/span><\/a><\/span><\/p>\n<p><strong>SAMEDI<\/strong><\/p>\n<p><a href=\"http:\/\/deco-design.fr-bb.com\/emission-interieurs-paris-premiere-f26\/emission-interieurs-du-19-01-08-t5112.htm#126130\" target=\"_blank\">11h50 Int\u00e9rieurs (Paris Premi\u00e8re)<\/a><\/p>\n<p>11h00 <a href=\"http:\/\/deco-design.fr-bb.com\/emission-question-maison-france-5-f7\/question-maison-emission-du-19-01-08-t5111.htm\" target=\"_blank\">Question Maison (France 5)<\/a><br \/>\n15h20 C\u00f4t\u00e9 Maison (France 3)<br \/>\n<a href=\"http:\/\/deco-design.fr-bb.com\/emission-interieurs-paris-premiere-f26\/emission-interieurs-du-19-01-08-t5112.htm#126130\" target=\"_blank\">17h10 Int\u00e9rieurs (Paris Premi\u00e8re)<br \/>\n<\/a><\/p>\n<p><strong>DIMANCHE<\/strong><\/p>\n<p>0h55 Les ma\u00e7ons du coeur (TMC)<br \/>\n8h25 T\u00e9va D\u00e9co (T\u00e9va)<br \/>\n11h00 T\u00e9va D\u00e9co (T\u00e9va)<br \/>\n<a href=\"http:\/\/deco-design.fr-bb.com\/emission-interieurs-paris-premiere-f26\/emission-interieurs-du-19-01-08-t5112.htm#126130\" target=\"_blank\">17h10 Int\u00e9rieurs (Paris Premi\u00e8re)<br \/>\n<\/a><a href=\"http:\/\/deco-design.fr-bb.com\/emission-dco-m6-f21\/emission-dco-20-01-08-t5113.htm#126131\" target=\"_blank\">18h55 D&#038;CO (M6)<\/a><br \/>\n19h40 Les ma\u00e7ons du coeur (TMC)<\/p>\n<p>Int\u00e9rieurs et Question Maison sont \u00e9galement visibles sur les sites :<\/p>\n<p><a href=\"http:\/\/www.interieurs.fr\/\" target=\"_blank\">http:\/\/www.interieurs.fr\/<\/a><br \/>\n<a href=\"http:\/\/www.france5.fr\/questionmaison\/\" target=\"_blank\">http:\/\/www.france5.fr\/questionmaison\/<\/a><\/p>\n<p>D\u00e9co 8 est visible en direct sur le site de Direct 8 (pas de diffusion en diff\u00e9r\u00e9)<\/p>\n<p>Deux cha\u00eenes destin\u00e9es \u00e0 l\u2019art de vivre et la maison sur Canal + et canalsat :<br \/>\nDu c\u00f4t\u00e9 de chez vous sur le canal 52<br \/>\nReal Time sur le canal 53<\/p>\n","protected":false},"excerpt":{"rendered":"<p>Alors pour vous facilitez la tache, le blog D\u00e9co-Design vous donnera chaque semaine votre programme TV d\u00e9co, avec tous les posts rattach\u00e9s sur le forum pour parler tous ensemble de la d\u00e9coration des \u00e9missions. Programme Tv D\u00e9co semaine du 4 au dimanche 10 F\u00e9vrier Pour voir les horaires de ces \u00e9missions TV c\u2019est dans la [&hellip;]<\/p>\n","protected":false},"author":3,"featured_media":124300,"comment_status":"open","ping_status":"open","sticky":false,"template":"","format":"standard","meta":{"_coblocks_attr":"","_coblocks_dimensions":"","_coblocks_responsive_height":"","_coblocks_accordion_ie_support":"","_uag_custom_page_level_css":"","advgb_blocks_editor_width":"","advgb_blocks_columns_visual_guide":"","_genesis_hide_title":false,"_genesis_hide_breadcrumbs":false,"_genesis_hide_singular_image":false,"_genesis_hide_footer_widgets":false,"_genesis_custom_body_class":"","_genesis_custom_post_class":"","_genesis_layout":"","_themeisle_gutenberg_block_has_review":false,"_jetpack_newsletter_access":"","_jetpack_dont_email_post_to_subs":false,"_jetpack_newsletter_tier_id":0,"_jetpack_memberships_contains_paywalled_content":false,"_jetpack_memberships_contains_paid_content":false,"footnotes":""},"categories":[905,915],"tags":[934,930],"class_list":{"0":"post-100203","1":"post","2":"type-post","3":"status-publish","4":"format-standard","5":"has-post-thumbnail","7":"category-deco-design","8":"category-emission-tv","9":"tag-deco","10":"tag-emission-tv-et-presse","11":"entry"},"featured_image_urls":{"full":["https:\/\/i0.wp.com\/joyana.fr\/wp-content\/uploads\/2016\/08\/joyana-logo-black-360x180.png?fit=360%2C180&ssl=1",360,180,false],"thumbnail":["https:\/\/i0.wp.com\/joyana.fr\/wp-content\/uploads\/2016\/08\/joyana-logo-black-360x180.png?resize=150%2C150&ssl=1",150,150,true],"medium":["https:\/\/i0.wp.com\/joyana.fr\/wp-content\/uploads\/2016\/08\/joyana-logo-black-360x180.png?fit=360%2C180&ssl=1",360,180,true],"medium_large":["https:\/\/i0.wp.com\/joyana.fr\/wp-content\/uploads\/2016\/08\/joyana-logo-black-360x180.png?fit=360%2C180&ssl=1",360,180,true],"large":["https:\/\/i0.wp.com\/joyana.fr\/wp-content\/uploads\/2016\/08\/joyana-logo-black-360x180.png?fit=360%2C180&ssl=1",360,180,true],"1536x1536":["https:\/\/i0.wp.com\/joyana.fr\/wp-content\/uploads\/2016\/08\/joyana-logo-black-360x180.png?fit=360%2C180&ssl=1",360,180,true],"2048x2048":["https:\/\/i0.wp.com\/joyana.fr\/wp-content\/uploads\/2016\/08\/joyana-logo-black-360x180.png?fit=360%2C180&ssl=1",360,180,true],"featured-thumb":["https:\/\/i0.wp.com\/joyana.fr\/wp-content\/uploads\/2016\/08\/joyana-logo-black-360x180.png?resize=360%2C180&ssl=1",360,180,true],"ab-block-post-grid-landscape":["https:\/\/i0.wp.com\/joyana.fr\/wp-content\/uploads\/2016\/08\/joyana-logo-black-360x180.png?resize=360%2C180&ssl=1",360,180,true],"ab-block-post-grid-square":["https:\/\/i0.wp.com\/joyana.fr\/wp-content\/uploads\/2016\/08\/joyana-logo-black-360x180.png?resize=360%2C180&ssl=1",360,180,true],"author-pro-image":["https:\/\/i0.wp.com\/joyana.fr\/wp-content\/uploads\/2016\/08\/joyana-logo-black-360x180.png?resize=360%2C180&ssl=1",360,180,true],"slider":["https:\/\/i0.wp.com\/joyana.fr\/wp-content\/uploads\/2016\/08\/joyana-logo-black-360x180.png?resize=360%2C180&ssl=1",360,180,true],"woocommerce_thumbnail":["https:\/\/i0.wp.com\/joyana.fr\/wp-content\/uploads\/2016\/08\/joyana-logo-black-360x180.png?resize=300%2C180&ssl=1",300,180,true],"woocommerce_single":["https:\/\/i0.wp.com\/joyana.fr\/wp-content\/uploads\/2016\/08\/joyana-logo-black-360x180.png?fit=360%2C180&ssl=1",360,180,true],"woocommerce_gallery_thumbnail":["https:\/\/i0.wp.com\/joyana.fr\/wp-content\/uploads\/2016\/08\/joyana-logo-black-360x180.png?resize=180%2C180&ssl=1",180,180,true],"sow-carousel-default":["https:\/\/i0.wp.com\/joyana.fr\/wp-content\/uploads\/2016\/08\/joyana-logo-black-360x180.png?resize=272%2C180&ssl=1",272,180,true]},"post_excerpt_stackable":"<p>Alors pour vous facilitez la tache, le blog D\u00e9co-Design vous donnera chaque semaine votre programme TV d\u00e9co, avec tous les posts rattach\u00e9s sur le forum pour parler tous ensemble de la d\u00e9coration des \u00e9missions. Programme Tv D\u00e9co semaine du 4 au dimanche 10 F\u00e9vrier Pour voir les horaires de ces \u00e9missions TV c\u2019est dans la suite&#8230; MERCREDI 20h40 Question Maison (France 5) 22h25 Les ma\u00e7ons du coeur (TMC) 23h10 Les ma\u00e7ons du coeur (TMC) 23h55 Les ma\u00e7ons du coeur (TMC) 20h50 Prime D&#038;CO une semaine pour tout changer (M6) SAMEDI 11h50 Int\u00e9rieurs (Paris Premi\u00e8re) 11h00 Question Maison (France 5) 15h20&hellip;<\/p>\n","category_list":"<a href=\"https:\/\/joyana.fr\/en\/category\/deco-design\/\" rel=\"category tag\">DECO-DESIGN<\/a>, <a href=\"https:\/\/joyana.fr\/en\/category\/deco-design\/actualite\/emission-tv\/\" rel=\"category tag\">Emission TV<\/a>","author_info":{"display_name":"Jo Yana","author_link":"https:\/\/joyana.fr\/en\/author\/joyana\/"},"comments_num":"4 comments","featured_image_urls_v2":{"full":["https:\/\/i0.wp.com\/joyana.fr\/wp-content\/uploads\/2016\/08\/joyana-logo-black-360x180.png?fit=360%2C180&ssl=1",360,180,false],"thumbnail":["https:\/\/i0.wp.com\/joyana.fr\/wp-content\/uploads\/2016\/08\/joyana-logo-black-360x180.png?resize=150%2C150&ssl=1",150,150,true],"medium":["https:\/\/i0.wp.com\/joyana.fr\/wp-content\/uploads\/2016\/08\/joyana-logo-black-360x180.png?fit=360%2C180&ssl=1",360,180,true],"medium_large":["https:\/\/i0.wp.com\/joyana.fr\/wp-content\/uploads\/2016\/08\/joyana-logo-black-360x180.png?fit=360%2C180&ssl=1",360,180,true],"large":["https:\/\/i0.wp.com\/joyana.fr\/wp-content\/uploads\/2016\/08\/joyana-logo-black-360x180.png?fit=360%2C180&ssl=1",360,180,true],"1536x1536":["https:\/\/i0.wp.com\/joyana.fr\/wp-content\/uploads\/2016\/08\/joyana-logo-black-360x180.png?fit=360%2C180&ssl=1",360,180,true],"2048x2048":["https:\/\/i0.wp.com\/joyana.fr\/wp-content\/uploads\/2016\/08\/joyana-logo-black-360x180.png?fit=360%2C180&ssl=1",360,180,true],"featured-thumb":["https:\/\/i0.wp.com\/joyana.fr\/wp-content\/uploads\/2016\/08\/joyana-logo-black-360x180.png?resize=360%2C180&ssl=1",360,180,true],"ab-block-post-grid-landscape":["https:\/\/i0.wp.com\/joyana.fr\/wp-content\/uploads\/2016\/08\/joyana-logo-black-360x180.png?resize=360%2C180&ssl=1",360,180,true],"ab-block-post-grid-square":["https:\/\/i0.wp.com\/joyana.fr\/wp-content\/uploads\/2016\/08\/joyana-logo-black-360x180.png?resize=360%2C180&ssl=1",360,180,true],"author-pro-image":["https:\/\/i0.wp.com\/joyana.fr\/wp-content\/uploads\/2016\/08\/joyana-logo-black-360x180.png?resize=360%2C180&ssl=1",360,180,true],"slider":["https:\/\/i0.wp.com\/joyana.fr\/wp-content\/uploads\/2016\/08\/joyana-logo-black-360x180.png?resize=360%2C180&ssl=1",360,180,true],"woocommerce_thumbnail":["https:\/\/i0.wp.com\/joyana.fr\/wp-content\/uploads\/2016\/08\/joyana-logo-black-360x180.png?resize=300%2C180&ssl=1",300,180,true],"woocommerce_single":["https:\/\/i0.wp.com\/joyana.fr\/wp-content\/uploads\/2016\/08\/joyana-logo-black-360x180.png?fit=360%2C180&ssl=1",360,180,true],"woocommerce_gallery_thumbnail":["https:\/\/i0.wp.com\/joyana.fr\/wp-content\/uploads\/2016\/08\/joyana-logo-black-360x180.png?resize=180%2C180&ssl=1",180,180,true],"sow-carousel-default":["https:\/\/i0.wp.com\/joyana.fr\/wp-content\/uploads\/2016\/08\/joyana-logo-black-360x180.png?resize=272%2C180&ssl=1",272,180,true]},"post_excerpt_stackable_v2":"<p>Alors pour vous facilitez la tache, le blog D\u00e9co-Design vous donnera chaque semaine votre programme TV d\u00e9co, avec tous les posts rattach\u00e9s sur le forum pour parler tous ensemble de la d\u00e9coration des \u00e9missions. Programme Tv D\u00e9co semaine du 4 au dimanche 10 F\u00e9vrier Pour voir les horaires de ces \u00e9missions TV c\u2019est dans la suite&#8230; MERCREDI 20h40 Question Maison (France 5) 22h25 Les ma\u00e7ons du coeur (TMC) 23h10 Les ma\u00e7ons du coeur (TMC) 23h55 Les ma\u00e7ons du coeur (TMC) 20h50 Prime D&#038;CO une semaine pour tout changer (M6) SAMEDI 11h50 Int\u00e9rieurs (Paris Premi\u00e8re) 11h00 Question Maison (France 5) 15h20&hellip;<\/p>\n","category_list_v2":"<a href=\"https:\/\/joyana.fr\/en\/category\/deco-design\/\" rel=\"category tag\">DECO-DESIGN<\/a>, <a href=\"https:\/\/joyana.fr\/en\/category\/deco-design\/actualite\/emission-tv\/\" rel=\"category tag\">Emission TV<\/a>","author_info_v2":{"name":"Jo Yana","url":"https:\/\/joyana.fr\/en\/author\/joyana\/"},"comments_num_v2":"4 comments","yoast_head":"<!-- This site is optimized with the Yoast SEO plugin v26.8 - https:\/\/yoast.com\/product\/yoast-seo-wordpress\/ -->\n<title>Votre programme TV d\u00e9co de la semaine : M6 Deco , Int\u00e9rieurs , Question Maison ... - JO YANA<\/title>\n<meta name=\"robots\" content=\"index, follow, max-snippet:-1, max-image-preview:large, max-video-preview:-1\" \/>\n<link rel=\"canonical\" href=\"https:\/\/joyana.fr\/en\/votre-programme-tv\/100203\/\" \/>\n<meta property=\"og:locale\" content=\"en_US\" \/>\n<meta property=\"og:locale:alternate\" content=\"fr_FR\" \/>\n<meta property=\"og:locale:alternate\" content=\"ja\" \/>\n<meta property=\"og:type\" content=\"article\" \/>\n<meta property=\"og:title\" content=\"Votre programme TV d\u00e9co de la semaine : M6 Deco , Int\u00e9rieurs , Question Maison ... - JO YANA\" \/>\n<meta property=\"og:description\" content=\"Alors pour vous facilitez la tache, le blog D\u00e9co-Design vous donnera chaque semaine votre programme TV d\u00e9co, avec tous les posts rattach\u00e9s sur le forum pour parler tous ensemble de la d\u00e9coration des \u00e9missions. Programme Tv D\u00e9co semaine du 4 au dimanche 10 F\u00e9vrier Pour voir les horaires de ces \u00e9missions TV c\u2019est dans la [&hellip;]\" \/>\n<meta property=\"og:url\" content=\"https:\/\/joyana.fr\/en\/votre-programme-tv\/100203\/\" \/>\n<meta property=\"og:site_name\" content=\"JO YANA\" \/>\n<meta property=\"article:published_time\" content=\"2008-01-15T08:02:51+00:00\" \/>\n<meta property=\"og:image\" content=\"https:\/\/joyana.fr\/wp-content\/uploads\/2016\/08\/joyana-logo-black-360x180.png\" \/>\n\t<meta property=\"og:image:width\" content=\"360\" \/>\n\t<meta property=\"og:image:height\" content=\"180\" \/>\n\t<meta property=\"og:image:type\" content=\"image\/png\" \/>\n<meta name=\"author\" content=\"Jo Yana\" \/>\n<meta name=\"twitter:card\" content=\"summary_large_image\" \/>\n<meta name=\"twitter:creator\" content=\"@Jo_Yana\" \/>\n<meta name=\"twitter:site\" content=\"@Jo_Yana\" \/>\n<meta name=\"twitter:label1\" content=\"Written by\" \/>\n\t<meta name=\"twitter:data1\" content=\"Jo Yana\" \/>\n\t<meta name=\"twitter:label2\" content=\"Est. reading time\" \/>\n\t<meta name=\"twitter:data2\" content=\"1 minute\" \/>\n<script type=\"application\/ld+json\" class=\"yoast-schema-graph\">{\"@context\":\"https:\/\/schema.org\",\"@graph\":[{\"@type\":\"Article\",\"@id\":\"https:\/\/joyana.fr\/votre-programme-tv\/100203\/#article\",\"isPartOf\":{\"@id\":\"https:\/\/joyana.fr\/votre-programme-tv\/100203\/\"},\"author\":{\"name\":\"Jo Yana\",\"@id\":\"https:\/\/joyana.fr\/#\/schema\/person\/cf2a1ad12a27c12c21801075bf37407c\"},\"headline\":\"Votre programme TV d\u00e9co de la semaine : M6 Deco , Int\u00e9rieurs , Question Maison &#8230;\",\"datePublished\":\"2008-01-15T08:02:51+00:00\",\"mainEntityOfPage\":{\"@id\":\"https:\/\/joyana.fr\/votre-programme-tv\/100203\/\"},\"wordCount\":239,\"commentCount\":4,\"publisher\":{\"@id\":\"https:\/\/joyana.fr\/#\/schema\/person\/cf2a1ad12a27c12c21801075bf37407c\"},\"image\":{\"@id\":\"https:\/\/joyana.fr\/votre-programme-tv\/100203\/#primaryimage\"},\"thumbnailUrl\":\"https:\/\/i0.wp.com\/joyana.fr\/wp-content\/uploads\/2016\/08\/joyana-logo-black-360x180.png?fit=360%2C180&ssl=1\",\"keywords\":[\"D\u00e9co\",\"Emission TV et Presse\"],\"articleSection\":[\"DECO-DESIGN\",\"Emission TV\"],\"inLanguage\":\"en-US\",\"potentialAction\":[{\"@type\":\"CommentAction\",\"name\":\"Comment\",\"target\":[\"https:\/\/joyana.fr\/votre-programme-tv\/100203\/#respond\"]}]},{\"@type\":\"WebPage\",\"@id\":\"https:\/\/joyana.fr\/votre-programme-tv\/100203\/\",\"url\":\"https:\/\/joyana.fr\/votre-programme-tv\/100203\/\",\"name\":\"Votre programme TV d\u00e9co de la semaine : M6 Deco , Int\u00e9rieurs , Question Maison ... - JO YANA\",\"isPartOf\":{\"@id\":\"https:\/\/joyana.fr\/#website\"},\"primaryImageOfPage\":{\"@id\":\"https:\/\/joyana.fr\/votre-programme-tv\/100203\/#primaryimage\"},\"image\":{\"@id\":\"https:\/\/joyana.fr\/votre-programme-tv\/100203\/#primaryimage\"},\"thumbnailUrl\":\"https:\/\/i0.wp.com\/joyana.fr\/wp-content\/uploads\/2016\/08\/joyana-logo-black-360x180.png?fit=360%2C180&ssl=1\",\"datePublished\":\"2008-01-15T08:02:51+00:00\",\"breadcrumb\":{\"@id\":\"https:\/\/joyana.fr\/votre-programme-tv\/100203\/#breadcrumb\"},\"inLanguage\":\"en-US\",\"potentialAction\":[{\"@type\":\"ReadAction\",\"target\":[\"https:\/\/joyana.fr\/votre-programme-tv\/100203\/\"]}]},{\"@type\":\"ImageObject\",\"inLanguage\":\"en-US\",\"@id\":\"https:\/\/joyana.fr\/votre-programme-tv\/100203\/#primaryimage\",\"url\":\"https:\/\/i0.wp.com\/joyana.fr\/wp-content\/uploads\/2016\/08\/joyana-logo-black-360x180.png?fit=360%2C180&ssl=1\",\"contentUrl\":\"https:\/\/i0.wp.com\/joyana.fr\/wp-content\/uploads\/2016\/08\/joyana-logo-black-360x180.png?fit=360%2C180&ssl=1\",\"width\":360,\"height\":180,\"caption\":\"logo joyana.fr\"},{\"@type\":\"BreadcrumbList\",\"@id\":\"https:\/\/joyana.fr\/votre-programme-tv\/100203\/#breadcrumb\",\"itemListElement\":[{\"@type\":\"ListItem\",\"position\":1,\"name\":\"Accueil\",\"item\":\"https:\/\/joyana.fr\/\"},{\"@type\":\"ListItem\",\"position\":2,\"name\":\"Votre programme TV d\u00e9co de la semaine : M6 Deco , Int\u00e9rieurs , Question Maison &#8230;\"}]},{\"@type\":\"WebSite\",\"@id\":\"https:\/\/joyana.fr\/#website\",\"url\":\"https:\/\/joyana.fr\/\",\"name\":\"JO YANA\",\"description\":\"Blog Mode Homme, Lifestyle, D\u00e9co-Design\",\"publisher\":{\"@id\":\"https:\/\/joyana.fr\/#\/schema\/person\/cf2a1ad12a27c12c21801075bf37407c\"},\"potentialAction\":[{\"@type\":\"SearchAction\",\"target\":{\"@type\":\"EntryPoint\",\"urlTemplate\":\"https:\/\/joyana.fr\/?s={search_term_string}\"},\"query-input\":{\"@type\":\"PropertyValueSpecification\",\"valueRequired\":true,\"valueName\":\"search_term_string\"}}],\"inLanguage\":\"en-US\"},{\"@type\":[\"Person\",\"Organization\"],\"@id\":\"https:\/\/joyana.fr\/#\/schema\/person\/cf2a1ad12a27c12c21801075bf37407c\",\"name\":\"Jo Yana\",\"image\":{\"@type\":\"ImageObject\",\"inLanguage\":\"en-US\",\"@id\":\"https:\/\/joyana.fr\/#\/schema\/person\/image\/\",\"url\":\"https:\/\/i0.wp.com\/joyana.fr\/wp-content\/uploads\/2016\/08\/cropped-joyana-logo-black-360x180.png?fit=343%2C164&ssl=1\",\"contentUrl\":\"https:\/\/i0.wp.com\/joyana.fr\/wp-content\/uploads\/2016\/08\/cropped-joyana-logo-black-360x180.png?fit=343%2C164&ssl=1\",\"width\":343,\"height\":164,\"caption\":\"Jo Yana\"},\"logo\":{\"@id\":\"https:\/\/joyana.fr\/#\/schema\/person\/image\/\"},\"description\":\"Jo Yana est le cr\u00e9ateur et r\u00e9dacteur en chef des sites DECO-DESIGN. Passionn\u00e9 de Design, Mode, Photo, Luxe, Lifestyle, Musique, mais avant tout Blogueur ! Le plaisir de partager l'anime et a comme devise \\\"POUR L'AMOUR DU BEAU\\\". Retrouvez le aussi sur son blog personnel - https:\/\/joyana.fr...\",\"sameAs\":[\"https:\/\/joyana.fr\/\"],\"url\":\"https:\/\/joyana.fr\/en\/author\/joyana\/\"}]}<\/script>\n<!-- \/ Yoast SEO plugin. -->","yoast_head_json":{"title":"Votre programme TV d\u00e9co de la semaine : M6 Deco , Int\u00e9rieurs , Question Maison ... - JO YANA","robots":{"index":"index","follow":"follow","max-snippet":"max-snippet:-1","max-image-preview":"max-image-preview:large","max-video-preview":"max-video-preview:-1"},"canonical":"https:\/\/joyana.fr\/en\/votre-programme-tv\/100203\/","og_locale":"en_US","og_type":"article","og_title":"Votre programme TV d\u00e9co de la semaine : M6 Deco , Int\u00e9rieurs , Question Maison ... - JO YANA","og_description":"Alors pour vous facilitez la tache, le blog D\u00e9co-Design vous donnera chaque semaine votre programme TV d\u00e9co, avec tous les posts rattach\u00e9s sur le forum pour parler tous ensemble de la d\u00e9coration des \u00e9missions. Programme Tv D\u00e9co semaine du 4 au dimanche 10 F\u00e9vrier Pour voir les horaires de ces \u00e9missions TV c\u2019est dans la [&hellip;]","og_url":"https:\/\/joyana.fr\/en\/votre-programme-tv\/100203\/","og_site_name":"JO YANA","article_published_time":"2008-01-15T08:02:51+00:00","og_image":[{"width":360,"height":180,"url":"https:\/\/joyana.fr\/wp-content\/uploads\/2016\/08\/joyana-logo-black-360x180.png","type":"image\/png"}],"author":"Jo Yana","twitter_card":"summary_large_image","twitter_creator":"@Jo_Yana","twitter_site":"@Jo_Yana","twitter_misc":{"Written by":"Jo Yana","Est. reading time":"1 minute"},"schema":{"@context":"https:\/\/schema.org","@graph":[{"@type":"Article","@id":"https:\/\/joyana.fr\/votre-programme-tv\/100203\/#article","isPartOf":{"@id":"https:\/\/joyana.fr\/votre-programme-tv\/100203\/"},"author":{"name":"Jo Yana","@id":"https:\/\/joyana.fr\/#\/schema\/person\/cf2a1ad12a27c12c21801075bf37407c"},"headline":"Votre programme TV d\u00e9co de la semaine : M6 Deco , Int\u00e9rieurs , Question Maison &#8230;","datePublished":"2008-01-15T08:02:51+00:00","mainEntityOfPage":{"@id":"https:\/\/joyana.fr\/votre-programme-tv\/100203\/"},"wordCount":239,"commentCount":4,"publisher":{"@id":"https:\/\/joyana.fr\/#\/schema\/person\/cf2a1ad12a27c12c21801075bf37407c"},"image":{"@id":"https:\/\/joyana.fr\/votre-programme-tv\/100203\/#primaryimage"},"thumbnailUrl":"https:\/\/i0.wp.com\/joyana.fr\/wp-content\/uploads\/2016\/08\/joyana-logo-black-360x180.png?fit=360%2C180&ssl=1","keywords":["D\u00e9co","Emission TV et Presse"],"articleSection":["DECO-DESIGN","Emission TV"],"inLanguage":"en-US","potentialAction":[{"@type":"CommentAction","name":"Comment","target":["https:\/\/joyana.fr\/votre-programme-tv\/100203\/#respond"]}]},{"@type":"WebPage","@id":"https:\/\/joyana.fr\/votre-programme-tv\/100203\/","url":"https:\/\/joyana.fr\/votre-programme-tv\/100203\/","name":"Votre programme TV d\u00e9co de la semaine : M6 Deco , Int\u00e9rieurs , Question Maison ... - JO YANA","isPartOf":{"@id":"https:\/\/joyana.fr\/#website"},"primaryImageOfPage":{"@id":"https:\/\/joyana.fr\/votre-programme-tv\/100203\/#primaryimage"},"image":{"@id":"https:\/\/joyana.fr\/votre-programme-tv\/100203\/#primaryimage"},"thumbnailUrl":"https:\/\/i0.wp.com\/joyana.fr\/wp-content\/uploads\/2016\/08\/joyana-logo-black-360x180.png?fit=360%2C180&ssl=1","datePublished":"2008-01-15T08:02:51+00:00","breadcrumb":{"@id":"https:\/\/joyana.fr\/votre-programme-tv\/100203\/#breadcrumb"},"inLanguage":"en-US","potentialAction":[{"@type":"ReadAction","target":["https:\/\/joyana.fr\/votre-programme-tv\/100203\/"]}]},{"@type":"ImageObject","inLanguage":"en-US","@id":"https:\/\/joyana.fr\/votre-programme-tv\/100203\/#primaryimage","url":"https:\/\/i0.wp.com\/joyana.fr\/wp-content\/uploads\/2016\/08\/joyana-logo-black-360x180.png?fit=360%2C180&ssl=1","contentUrl":"https:\/\/i0.wp.com\/joyana.fr\/wp-content\/uploads\/2016\/08\/joyana-logo-black-360x180.png?fit=360%2C180&ssl=1","width":360,"height":180,"caption":"logo joyana.fr"},{"@type":"BreadcrumbList","@id":"https:\/\/joyana.fr\/votre-programme-tv\/100203\/#breadcrumb","itemListElement":[{"@type":"ListItem","position":1,"name":"Accueil","item":"https:\/\/joyana.fr\/"},{"@type":"ListItem","position":2,"name":"Votre programme TV d\u00e9co de la semaine : M6 Deco , Int\u00e9rieurs , Question Maison &#8230;"}]},{"@type":"WebSite","@id":"https:\/\/joyana.fr\/#website","url":"https:\/\/joyana.fr\/","name":"JO YANA","description":"Blog Mode Homme, Lifestyle, D\u00e9co-Design","publisher":{"@id":"https:\/\/joyana.fr\/#\/schema\/person\/cf2a1ad12a27c12c21801075bf37407c"},"potentialAction":[{"@type":"SearchAction","target":{"@type":"EntryPoint","urlTemplate":"https:\/\/joyana.fr\/?s={search_term_string}"},"query-input":{"@type":"PropertyValueSpecification","valueRequired":true,"valueName":"search_term_string"}}],"inLanguage":"en-US"},{"@type":["Person","Organization"],"@id":"https:\/\/joyana.fr\/#\/schema\/person\/cf2a1ad12a27c12c21801075bf37407c","name":"Jo Yana","image":{"@type":"ImageObject","inLanguage":"en-US","@id":"https:\/\/joyana.fr\/#\/schema\/person\/image\/","url":"https:\/\/i0.wp.com\/joyana.fr\/wp-content\/uploads\/2016\/08\/cropped-joyana-logo-black-360x180.png?fit=343%2C164&ssl=1","contentUrl":"https:\/\/i0.wp.com\/joyana.fr\/wp-content\/uploads\/2016\/08\/cropped-joyana-logo-black-360x180.png?fit=343%2C164&ssl=1","width":343,"height":164,"caption":"Jo Yana"},"logo":{"@id":"https:\/\/joyana.fr\/#\/schema\/person\/image\/"},"description":"Jo Yana est le cr\u00e9ateur et r\u00e9dacteur en chef des sites DECO-DESIGN. Passionn\u00e9 de Design, Mode, Photo, Luxe, Lifestyle, Musique, mais avant tout Blogueur ! Le plaisir de partager l'anime et a comme devise \"POUR L'AMOUR DU BEAU\". Retrouvez le aussi sur son blog personnel - https:\/\/joyana.fr...","sameAs":["https:\/\/joyana.fr\/"],"url":"https:\/\/joyana.fr\/en\/author\/joyana\/"}]}},"author_meta":{"display_name":"Jo Yana","author_link":"https:\/\/joyana.fr\/en\/author\/joyana\/"},"featured_img":"https:\/\/i0.wp.com\/joyana.fr\/wp-content\/uploads\/2016\/08\/joyana-logo-black-360x180.png?fit=360%2C180&ssl=1","featured_image_src":"https:\/\/i0.wp.com\/joyana.fr\/wp-content\/uploads\/2016\/08\/joyana-logo-black-360x180.png?resize=360%2C180&ssl=1","featured_image_src_square":"https:\/\/i0.wp.com\/joyana.fr\/wp-content\/uploads\/2016\/08\/joyana-logo-black-360x180.png?resize=360%2C180&ssl=1","jetpack_featured_media_url":"https:\/\/i0.wp.com\/joyana.fr\/wp-content\/uploads\/2016\/08\/joyana-logo-black-360x180.png?fit=360%2C180&ssl=1","uagb_featured_image_src":{"full":["https:\/\/i0.wp.com\/joyana.fr\/wp-content\/uploads\/2016\/08\/joyana-logo-black-360x180.png?fit=360%2C180&ssl=1",360,180,false],"thumbnail":["https:\/\/i0.wp.com\/joyana.fr\/wp-content\/uploads\/2016\/08\/joyana-logo-black-360x180.png?resize=150%2C150&ssl=1",150,150,true],"medium":["https:\/\/i0.wp.com\/joyana.fr\/wp-content\/uploads\/2016\/08\/joyana-logo-black-360x180.png?fit=360%2C180&ssl=1",360,180,true],"medium_large":["https:\/\/i0.wp.com\/joyana.fr\/wp-content\/uploads\/2016\/08\/joyana-logo-black-360x180.png?fit=360%2C180&ssl=1",360,180,true],"large":["https:\/\/i0.wp.com\/joyana.fr\/wp-content\/uploads\/2016\/08\/joyana-logo-black-360x180.png?fit=360%2C180&ssl=1",360,180,true],"1536x1536":["https:\/\/i0.wp.com\/joyana.fr\/wp-content\/uploads\/2016\/08\/joyana-logo-black-360x180.png?fit=360%2C180&ssl=1",360,180,true],"2048x2048":["https:\/\/i0.wp.com\/joyana.fr\/wp-content\/uploads\/2016\/08\/joyana-logo-black-360x180.png?fit=360%2C180&ssl=1",360,180,true],"featured-thumb":["https:\/\/i0.wp.com\/joyana.fr\/wp-content\/uploads\/2016\/08\/joyana-logo-black-360x180.png?resize=360%2C180&ssl=1",360,180,true],"ab-block-post-grid-landscape":["https:\/\/i0.wp.com\/joyana.fr\/wp-content\/uploads\/2016\/08\/joyana-logo-black-360x180.png?resize=360%2C180&ssl=1",360,180,true],"ab-block-post-grid-square":["https:\/\/i0.wp.com\/joyana.fr\/wp-content\/uploads\/2016\/08\/joyana-logo-black-360x180.png?resize=360%2C180&ssl=1",360,180,true],"author-pro-image":["https:\/\/i0.wp.com\/joyana.fr\/wp-content\/uploads\/2016\/08\/joyana-logo-black-360x180.png?resize=360%2C180&ssl=1",360,180,true],"slider":["https:\/\/i0.wp.com\/joyana.fr\/wp-content\/uploads\/2016\/08\/joyana-logo-black-360x180.png?resize=360%2C180&ssl=1",360,180,true],"woocommerce_thumbnail":["https:\/\/i0.wp.com\/joyana.fr\/wp-content\/uploads\/2016\/08\/joyana-logo-black-360x180.png?resize=300%2C180&ssl=1",300,180,true],"woocommerce_single":["https:\/\/i0.wp.com\/joyana.fr\/wp-content\/uploads\/2016\/08\/joyana-logo-black-360x180.png?fit=360%2C180&ssl=1",360,180,true],"woocommerce_gallery_thumbnail":["https:\/\/i0.wp.com\/joyana.fr\/wp-content\/uploads\/2016\/08\/joyana-logo-black-360x180.png?resize=180%2C180&ssl=1",180,180,true],"sow-carousel-default":["https:\/\/i0.wp.com\/joyana.fr\/wp-content\/uploads\/2016\/08\/joyana-logo-black-360x180.png?resize=272%2C180&ssl=1",272,180,true]},"uagb_author_info":{"display_name":"Jo Yana","author_link":"https:\/\/joyana.fr\/en\/author\/joyana\/"},"uagb_comment_info":4,"uagb_excerpt":"Alors pour vous facilitez la tache, le blog D\u00e9co-Design vous donnera chaque semaine votre programme TV d\u00e9co, avec tous les posts rattach\u00e9s sur le forum pour parler tous ensemble de la d\u00e9coration des \u00e9missions. Programme Tv D\u00e9co semaine du 4 au dimanche 10 F\u00e9vrier Pour voir les horaires de ces \u00e9missions TV c\u2019est dans la&hellip;","coauthors":[],"tax_additional":{"categories":{"linked":["<a href=\"https:\/\/joyana.fr\/en\/category\/deco-design\/\" class=\"advgb-post-tax-term\">DECO-DESIGN<\/a>","<a href=\"https:\/\/joyana.fr\/en\/category\/deco-design\/actualite\/emission-tv\/\" class=\"advgb-post-tax-term\">Emission TV<\/a>"],"unlinked":["<span class=\"advgb-post-tax-term\">DECO-DESIGN<\/span>","<span class=\"advgb-post-tax-term\">Emission TV<\/span>"]},"tags":{"linked":["<a href=\"https:\/\/joyana.fr\/en\/category\/deco-design\/actualite\/emission-tv\/\" class=\"advgb-post-tax-term\">D\u00e9co<\/a>","<a href=\"https:\/\/joyana.fr\/en\/category\/deco-design\/actualite\/emission-tv\/\" class=\"advgb-post-tax-term\">Emission TV et Presse<\/a>"],"unlinked":["<span class=\"advgb-post-tax-term\">D\u00e9co<\/span>","<span class=\"advgb-post-tax-term\">Emission TV et Presse<\/span>"]}},"comment_count":4,"relative_dates":{"created":"Posted 18 years ago","modified":"Updated 18 years ago"},"absolute_dates":{"created":"Posted on 15 January 2008","modified":"Updated on 15 January 2008"},"absolute_dates_time":{"created":"Posted on 15 January 2008 9:02","modified":"Updated on 15 January 2008 9:02"},"featured_img_caption":"","series_order":"","jetpack_sharing_enabled":true,"jetpack_shortlink":"https:\/\/wp.me\/p9bteI-q4b","jetpack-related-posts":[],"_links":{"self":[{"href":"https:\/\/joyana.fr\/en\/wp-json\/wp\/v2\/posts\/100203","targetHints":{"allow":["GET"]}}],"collection":[{"href":"https:\/\/joyana.fr\/en\/wp-json\/wp\/v2\/posts"}],"about":[{"href":"https:\/\/joyana.fr\/en\/wp-json\/wp\/v2\/types\/post"}],"author":[{"embeddable":true,"href":"https:\/\/joyana.fr\/en\/wp-json\/wp\/v2\/users\/3"}],"replies":[{"embeddable":true,"href":"https:\/\/joyana.fr\/en\/wp-json\/wp\/v2\/comments?post=100203"}],"version-history":[{"count":0,"href":"https:\/\/joyana.fr\/en\/wp-json\/wp\/v2\/posts\/100203\/revisions"}],"wp:featuredmedia":[{"embeddable":true,"href":"https:\/\/joyana.fr\/en\/wp-json\/wp\/v2\/media\/124300"}],"wp:attachment":[{"href":"https:\/\/joyana.fr\/en\/wp-json\/wp\/v2\/media?parent=100203"}],"wp:term":[{"taxonomy":"category","embeddable":true,"href":"https:\/\/joyana.fr\/en\/wp-json\/wp\/v2\/categories?post=100203"},{"taxonomy":"post_tag","embeddable":true,"href":"https:\/\/joyana.fr\/en\/wp-json\/wp\/v2\/tags?post=100203"}],"curies":[{"name":"wp","href":"https:\/\/api.w.org\/{rel}","templated":true}]}}