{"id":100221,"date":"2008-01-17T08:43:42","date_gmt":"2008-01-17T07:43:42","guid":{"rendered":"https:\/\/joyana.fr\/etuis-de-luxe-louis-vuitton-pour-ipod-nano-et-iphone\/"},"modified":"2008-01-17T08:43:42","modified_gmt":"2008-01-17T07:43:42","slug":"etuis-de-luxe-louis-vuitton-ipod-nano-iphone","status":"publish","type":"post","link":"https:\/\/joyana.fr\/en\/etuis-de-luxe-louis-vuitton-ipod-nano-iphone\/100221\/","title":{"rendered":"Etuis de luxe Louis VUITTON pour iPod Nano et iPhone"},"content":{"rendered":"<p><strong>Louis Vuitton<\/strong> s\u2019int\u00e9resse au nouvelles technologies, et a sorti des <strong>\u00e9tuis<\/strong> pour le <strong>iPod Nano<\/strong> et le tout nouveau <strong>iPhone<\/strong> habill\u00e9s de la c\u00e9l\u00e8bre toile Monogram.<\/p>\n<p><img data-recalc-dims=\"1\" fetchpriority=\"high\" decoding=\"async\" src=\"https:\/\/i0.wp.com\/joyana.fr\/wp-content\/uploads\/louis-vuitton-ipod-et-iphone.jpg?resize=500%2C303&#038;ssl=1\" alt=\"Louis vuitton ipod et iphone\" align=\"top\" border=\"0\" height=\"303\" hspace=\"8\" width=\"500\" \/><\/p>\n<p>A gauche il s\u2019agit du mod\u00e8le pour le <strong>iPod Nano<\/strong> qui s\u2019ouvre et laisse appara\u00eetre l\u2019\u00e9cran et la molette, \u00e0 droite la palette d\u2019\u00e9tuis <strong>iPhone<\/strong> avec une \u00e9dition limit\u00e9 en cuir croco rouge.<\/p>\n<p><img data-recalc-dims=\"1\" decoding=\"async\" src=\"https:\/\/i0.wp.com\/joyana.fr\/wp-content\/uploads\/louis-vuitton-etui-iphone.jpg?resize=500%2C288&#038;ssl=1\" alt=\"LOUIS VUITTON ETUI IPHONE\" align=\"top\" border=\"0\" height=\"288\" hspace=\"8\" width=\"500\" \/><\/p>\n<p>Pour plus de renseignements<\/p>\n<p><a href=\"http:\/\/www.louisvuitton.fr\">http:\/\/www.louisvuitton.fr<\/a><\/p>\n<p><a href=\"http:\/\/jo_yana@hotmail.com\" target=\"_blank\">Jo Yana<\/a><\/p>\n","protected":false},"excerpt":{"rendered":"<p>Louis Vuitton s\u2019int\u00e9resse au nouvelles technologies, et a sorti des \u00e9tuis pour le iPod Nano et le tout nouveau iPhone habill\u00e9s de la c\u00e9l\u00e8bre toile Monogram. A gauche il s\u2019agit du mod\u00e8le pour le iPod Nano qui s\u2019ouvre et laisse appara\u00eetre l\u2019\u00e9cran et la molette, \u00e0 droite la palette d\u2019\u00e9tuis iPhone avec une \u00e9dition limit\u00e9 [&hellip;]<\/p>\n","protected":false},"author":3,"featured_media":124300,"comment_status":"open","ping_status":"open","sticky":false,"template":"","format":"standard","meta":{"_coblocks_attr":"","_coblocks_dimensions":"","_coblocks_responsive_height":"","_coblocks_accordion_ie_support":"","_uag_custom_page_level_css":"","advgb_blocks_editor_width":"","advgb_blocks_columns_visual_guide":"","_genesis_hide_title":false,"_genesis_hide_breadcrumbs":false,"_genesis_hide_singular_image":false,"_genesis_hide_footer_widgets":false,"_genesis_custom_body_class":"","_genesis_custom_post_class":"","_genesis_layout":"","_themeisle_gutenberg_block_has_review":false,"_jetpack_newsletter_access":"","_jetpack_dont_email_post_to_subs":false,"_jetpack_newsletter_tier_id":0,"_jetpack_memberships_contains_paywalled_content":false,"_jetpack_memberships_contains_paid_content":false,"footnotes":""},"categories":[906,905,1085],"tags":[112,1049],"class_list":{"0":"post-100221","1":"post","2":"type-post","3":"status-publish","4":"format-standard","5":"has-post-thumbnail","7":"category-accessoires","8":"category-deco-design","9":"category-tendance-luxe","10":"tag-cuir","11":"tag-ipod-iphone","12":"entry"},"featured_image_urls":{"full":["https:\/\/i0.wp.com\/joyana.fr\/wp-content\/uploads\/2016\/08\/joyana-logo-black-360x180.png?fit=360%2C180&ssl=1",360,180,false],"thumbnail":["https:\/\/i0.wp.com\/joyana.fr\/wp-content\/uploads\/2016\/08\/joyana-logo-black-360x180.png?resize=150%2C150&ssl=1",150,150,true],"medium":["https:\/\/i0.wp.com\/joyana.fr\/wp-content\/uploads\/2016\/08\/joyana-logo-black-360x180.png?fit=360%2C180&ssl=1",360,180,true],"medium_large":["https:\/\/i0.wp.com\/joyana.fr\/wp-content\/uploads\/2016\/08\/joyana-logo-black-360x180.png?fit=360%2C180&ssl=1",360,180,true],"large":["https:\/\/i0.wp.com\/joyana.fr\/wp-content\/uploads\/2016\/08\/joyana-logo-black-360x180.png?fit=360%2C180&ssl=1",360,180,true],"1536x1536":["https:\/\/i0.wp.com\/joyana.fr\/wp-content\/uploads\/2016\/08\/joyana-logo-black-360x180.png?fit=360%2C180&ssl=1",360,180,true],"2048x2048":["https:\/\/i0.wp.com\/joyana.fr\/wp-content\/uploads\/2016\/08\/joyana-logo-black-360x180.png?fit=360%2C180&ssl=1",360,180,true],"featured-thumb":["https:\/\/i0.wp.com\/joyana.fr\/wp-content\/uploads\/2016\/08\/joyana-logo-black-360x180.png?resize=360%2C180&ssl=1",360,180,true],"ab-block-post-grid-landscape":["https:\/\/i0.wp.com\/joyana.fr\/wp-content\/uploads\/2016\/08\/joyana-logo-black-360x180.png?resize=360%2C180&ssl=1",360,180,true],"ab-block-post-grid-square":["https:\/\/i0.wp.com\/joyana.fr\/wp-content\/uploads\/2016\/08\/joyana-logo-black-360x180.png?resize=360%2C180&ssl=1",360,180,true],"author-pro-image":["https:\/\/i0.wp.com\/joyana.fr\/wp-content\/uploads\/2016\/08\/joyana-logo-black-360x180.png?resize=360%2C180&ssl=1",360,180,true],"slider":["https:\/\/i0.wp.com\/joyana.fr\/wp-content\/uploads\/2016\/08\/joyana-logo-black-360x180.png?resize=360%2C180&ssl=1",360,180,true],"woocommerce_thumbnail":["https:\/\/i0.wp.com\/joyana.fr\/wp-content\/uploads\/2016\/08\/joyana-logo-black-360x180.png?resize=300%2C180&ssl=1",300,180,true],"woocommerce_single":["https:\/\/i0.wp.com\/joyana.fr\/wp-content\/uploads\/2016\/08\/joyana-logo-black-360x180.png?fit=360%2C180&ssl=1",360,180,true],"woocommerce_gallery_thumbnail":["https:\/\/i0.wp.com\/joyana.fr\/wp-content\/uploads\/2016\/08\/joyana-logo-black-360x180.png?resize=180%2C180&ssl=1",180,180,true],"sow-carousel-default":["https:\/\/i0.wp.com\/joyana.fr\/wp-content\/uploads\/2016\/08\/joyana-logo-black-360x180.png?resize=272%2C180&ssl=1",272,180,true]},"post_excerpt_stackable":"<p>Louis Vuitton s\u2019int\u00e9resse au nouvelles technologies, et a sorti des \u00e9tuis pour le iPod Nano et le tout nouveau iPhone habill\u00e9s de la c\u00e9l\u00e8bre toile Monogram. A gauche il s\u2019agit du mod\u00e8le pour le iPod Nano qui s\u2019ouvre et laisse appara\u00eetre l\u2019\u00e9cran et la molette, \u00e0 droite la palette d\u2019\u00e9tuis iPhone avec une \u00e9dition limit\u00e9 en cuir croco rouge. Pour plus de renseignements http:\/\/www.louisvuitton.fr Jo Yana<\/p>\n","category_list":"<a href=\"https:\/\/joyana.fr\/en\/category\/deco-design\/decoration\/accessoires\/\" rel=\"category tag\">Accessoires<\/a>, <a href=\"https:\/\/joyana.fr\/en\/category\/deco-design\/\" rel=\"category tag\">DECO-DESIGN<\/a>, <a href=\"https:\/\/joyana.fr\/en\/category\/deco-design\/decoration\/tendance-luxe\/\" rel=\"category tag\">Tendance Luxe<\/a>","author_info":{"display_name":"Jo Yana","author_link":"https:\/\/joyana.fr\/en\/author\/joyana\/"},"comments_num":"9 comments","featured_image_urls_v2":{"full":["https:\/\/i0.wp.com\/joyana.fr\/wp-content\/uploads\/2016\/08\/joyana-logo-black-360x180.png?fit=360%2C180&ssl=1",360,180,false],"thumbnail":["https:\/\/i0.wp.com\/joyana.fr\/wp-content\/uploads\/2016\/08\/joyana-logo-black-360x180.png?resize=150%2C150&ssl=1",150,150,true],"medium":["https:\/\/i0.wp.com\/joyana.fr\/wp-content\/uploads\/2016\/08\/joyana-logo-black-360x180.png?fit=360%2C180&ssl=1",360,180,true],"medium_large":["https:\/\/i0.wp.com\/joyana.fr\/wp-content\/uploads\/2016\/08\/joyana-logo-black-360x180.png?fit=360%2C180&ssl=1",360,180,true],"large":["https:\/\/i0.wp.com\/joyana.fr\/wp-content\/uploads\/2016\/08\/joyana-logo-black-360x180.png?fit=360%2C180&ssl=1",360,180,true],"1536x1536":["https:\/\/i0.wp.com\/joyana.fr\/wp-content\/uploads\/2016\/08\/joyana-logo-black-360x180.png?fit=360%2C180&ssl=1",360,180,true],"2048x2048":["https:\/\/i0.wp.com\/joyana.fr\/wp-content\/uploads\/2016\/08\/joyana-logo-black-360x180.png?fit=360%2C180&ssl=1",360,180,true],"featured-thumb":["https:\/\/i0.wp.com\/joyana.fr\/wp-content\/uploads\/2016\/08\/joyana-logo-black-360x180.png?resize=360%2C180&ssl=1",360,180,true],"ab-block-post-grid-landscape":["https:\/\/i0.wp.com\/joyana.fr\/wp-content\/uploads\/2016\/08\/joyana-logo-black-360x180.png?resize=360%2C180&ssl=1",360,180,true],"ab-block-post-grid-square":["https:\/\/i0.wp.com\/joyana.fr\/wp-content\/uploads\/2016\/08\/joyana-logo-black-360x180.png?resize=360%2C180&ssl=1",360,180,true],"author-pro-image":["https:\/\/i0.wp.com\/joyana.fr\/wp-content\/uploads\/2016\/08\/joyana-logo-black-360x180.png?resize=360%2C180&ssl=1",360,180,true],"slider":["https:\/\/i0.wp.com\/joyana.fr\/wp-content\/uploads\/2016\/08\/joyana-logo-black-360x180.png?resize=360%2C180&ssl=1",360,180,true],"woocommerce_thumbnail":["https:\/\/i0.wp.com\/joyana.fr\/wp-content\/uploads\/2016\/08\/joyana-logo-black-360x180.png?resize=300%2C180&ssl=1",300,180,true],"woocommerce_single":["https:\/\/i0.wp.com\/joyana.fr\/wp-content\/uploads\/2016\/08\/joyana-logo-black-360x180.png?fit=360%2C180&ssl=1",360,180,true],"woocommerce_gallery_thumbnail":["https:\/\/i0.wp.com\/joyana.fr\/wp-content\/uploads\/2016\/08\/joyana-logo-black-360x180.png?resize=180%2C180&ssl=1",180,180,true],"sow-carousel-default":["https:\/\/i0.wp.com\/joyana.fr\/wp-content\/uploads\/2016\/08\/joyana-logo-black-360x180.png?resize=272%2C180&ssl=1",272,180,true]},"post_excerpt_stackable_v2":"<p>Louis Vuitton s\u2019int\u00e9resse au nouvelles technologies, et a sorti des \u00e9tuis pour le iPod Nano et le tout nouveau iPhone habill\u00e9s de la c\u00e9l\u00e8bre toile Monogram. A gauche il s\u2019agit du mod\u00e8le pour le iPod Nano qui s\u2019ouvre et laisse appara\u00eetre l\u2019\u00e9cran et la molette, \u00e0 droite la palette d\u2019\u00e9tuis iPhone avec une \u00e9dition limit\u00e9 en cuir croco rouge. Pour plus de renseignements http:\/\/www.louisvuitton.fr Jo Yana<\/p>\n","category_list_v2":"<a href=\"https:\/\/joyana.fr\/en\/category\/deco-design\/decoration\/accessoires\/\" rel=\"category tag\">Accessoires<\/a>, <a href=\"https:\/\/joyana.fr\/en\/category\/deco-design\/\" rel=\"category tag\">DECO-DESIGN<\/a>, <a href=\"https:\/\/joyana.fr\/en\/category\/deco-design\/decoration\/tendance-luxe\/\" rel=\"category tag\">Tendance Luxe<\/a>","author_info_v2":{"name":"Jo Yana","url":"https:\/\/joyana.fr\/en\/author\/joyana\/"},"comments_num_v2":"9 comments","yoast_head":"<!-- This site is optimized with the Yoast SEO plugin v26.8 - https:\/\/yoast.com\/product\/yoast-seo-wordpress\/ -->\n<title>Etuis de luxe Louis VUITTON pour iPod Nano et iPhone - JO YANA<\/title>\n<meta name=\"robots\" content=\"index, follow, max-snippet:-1, max-image-preview:large, max-video-preview:-1\" \/>\n<link rel=\"canonical\" href=\"https:\/\/joyana.fr\/en\/etuis-de-luxe-louis-vuitton-ipod-nano-iphone\/100221\/\" \/>\n<meta property=\"og:locale\" content=\"en_US\" \/>\n<meta property=\"og:locale:alternate\" content=\"fr_FR\" \/>\n<meta property=\"og:locale:alternate\" content=\"ja\" \/>\n<meta property=\"og:type\" content=\"article\" \/>\n<meta property=\"og:title\" content=\"Etuis de luxe Louis VUITTON pour iPod Nano et iPhone - JO YANA\" \/>\n<meta property=\"og:description\" content=\"Louis Vuitton s\u2019int\u00e9resse au nouvelles technologies, et a sorti des \u00e9tuis pour le iPod Nano et le tout nouveau iPhone habill\u00e9s de la c\u00e9l\u00e8bre toile Monogram. A gauche il s\u2019agit du mod\u00e8le pour le iPod Nano qui s\u2019ouvre et laisse appara\u00eetre l\u2019\u00e9cran et la molette, \u00e0 droite la palette d\u2019\u00e9tuis iPhone avec une \u00e9dition limit\u00e9 [&hellip;]\" \/>\n<meta property=\"og:url\" content=\"https:\/\/joyana.fr\/en\/etuis-de-luxe-louis-vuitton-ipod-nano-iphone\/100221\/\" \/>\n<meta property=\"og:site_name\" content=\"JO YANA\" \/>\n<meta property=\"article:published_time\" content=\"2008-01-17T07:43:42+00:00\" \/>\n<meta property=\"og:image\" content=\"https:\/\/joyana.fr\/wp-content\/uploads\/2016\/08\/joyana-logo-black-360x180.png\" \/>\n\t<meta property=\"og:image:width\" content=\"360\" \/>\n\t<meta property=\"og:image:height\" content=\"180\" \/>\n\t<meta property=\"og:image:type\" content=\"image\/png\" \/>\n<meta name=\"author\" content=\"Jo Yana\" \/>\n<meta name=\"twitter:card\" content=\"summary_large_image\" \/>\n<meta name=\"twitter:creator\" content=\"@Jo_Yana\" \/>\n<meta name=\"twitter:site\" content=\"@Jo_Yana\" \/>\n<meta name=\"twitter:label1\" content=\"Written by\" \/>\n\t<meta name=\"twitter:data1\" content=\"Jo Yana\" \/>\n<script type=\"application\/ld+json\" class=\"yoast-schema-graph\">{\"@context\":\"https:\/\/schema.org\",\"@graph\":[{\"@type\":\"Article\",\"@id\":\"https:\/\/joyana.fr\/etuis-de-luxe-louis-vuitton-ipod-nano-iphone\/100221\/#article\",\"isPartOf\":{\"@id\":\"https:\/\/joyana.fr\/etuis-de-luxe-louis-vuitton-ipod-nano-iphone\/100221\/\"},\"author\":{\"name\":\"Jo Yana\",\"@id\":\"https:\/\/joyana.fr\/en\/#\/schema\/person\/cf2a1ad12a27c12c21801075bf37407c\"},\"headline\":\"Etuis de luxe Louis VUITTON pour iPod Nano et iPhone\",\"datePublished\":\"2008-01-17T07:43:42+00:00\",\"mainEntityOfPage\":{\"@id\":\"https:\/\/joyana.fr\/etuis-de-luxe-louis-vuitton-ipod-nano-iphone\/100221\/\"},\"wordCount\":89,\"commentCount\":7,\"publisher\":{\"@id\":\"https:\/\/joyana.fr\/en\/#\/schema\/person\/cf2a1ad12a27c12c21801075bf37407c\"},\"image\":{\"@id\":\"https:\/\/joyana.fr\/etuis-de-luxe-louis-vuitton-ipod-nano-iphone\/100221\/#primaryimage\"},\"thumbnailUrl\":\"https:\/\/i0.wp.com\/joyana.fr\/wp-content\/uploads\/2016\/08\/joyana-logo-black-360x180.png?fit=360%2C180&ssl=1\",\"keywords\":[\"Cuir\",\"iPod iPhone\"],\"articleSection\":[\"Accessoires\",\"DECO-DESIGN\",\"Tendance Luxe\"],\"inLanguage\":\"en-US\",\"potentialAction\":[{\"@type\":\"CommentAction\",\"name\":\"Comment\",\"target\":[\"https:\/\/joyana.fr\/etuis-de-luxe-louis-vuitton-ipod-nano-iphone\/100221\/#respond\"]}]},{\"@type\":\"WebPage\",\"@id\":\"https:\/\/joyana.fr\/etuis-de-luxe-louis-vuitton-ipod-nano-iphone\/100221\/\",\"url\":\"https:\/\/joyana.fr\/etuis-de-luxe-louis-vuitton-ipod-nano-iphone\/100221\/\",\"name\":\"Etuis de luxe Louis VUITTON pour iPod Nano et iPhone - JO YANA\",\"isPartOf\":{\"@id\":\"https:\/\/joyana.fr\/en\/#website\"},\"primaryImageOfPage\":{\"@id\":\"https:\/\/joyana.fr\/etuis-de-luxe-louis-vuitton-ipod-nano-iphone\/100221\/#primaryimage\"},\"image\":{\"@id\":\"https:\/\/joyana.fr\/etuis-de-luxe-louis-vuitton-ipod-nano-iphone\/100221\/#primaryimage\"},\"thumbnailUrl\":\"https:\/\/i0.wp.com\/joyana.fr\/wp-content\/uploads\/2016\/08\/joyana-logo-black-360x180.png?fit=360%2C180&ssl=1\",\"datePublished\":\"2008-01-17T07:43:42+00:00\",\"breadcrumb\":{\"@id\":\"https:\/\/joyana.fr\/etuis-de-luxe-louis-vuitton-ipod-nano-iphone\/100221\/#breadcrumb\"},\"inLanguage\":\"en-US\",\"potentialAction\":[{\"@type\":\"ReadAction\",\"target\":[\"https:\/\/joyana.fr\/etuis-de-luxe-louis-vuitton-ipod-nano-iphone\/100221\/\"]}]},{\"@type\":\"ImageObject\",\"inLanguage\":\"en-US\",\"@id\":\"https:\/\/joyana.fr\/etuis-de-luxe-louis-vuitton-ipod-nano-iphone\/100221\/#primaryimage\",\"url\":\"https:\/\/i0.wp.com\/joyana.fr\/wp-content\/uploads\/2016\/08\/joyana-logo-black-360x180.png?fit=360%2C180&ssl=1\",\"contentUrl\":\"https:\/\/i0.wp.com\/joyana.fr\/wp-content\/uploads\/2016\/08\/joyana-logo-black-360x180.png?fit=360%2C180&ssl=1\",\"width\":360,\"height\":180,\"caption\":\"logo joyana.fr\"},{\"@type\":\"BreadcrumbList\",\"@id\":\"https:\/\/joyana.fr\/etuis-de-luxe-louis-vuitton-ipod-nano-iphone\/100221\/#breadcrumb\",\"itemListElement\":[{\"@type\":\"ListItem\",\"position\":1,\"name\":\"Accueil\",\"item\":\"https:\/\/joyana.fr\/en\/\"},{\"@type\":\"ListItem\",\"position\":2,\"name\":\"Etuis de luxe Louis VUITTON pour iPod Nano et iPhone\"}]},{\"@type\":\"WebSite\",\"@id\":\"https:\/\/joyana.fr\/en\/#website\",\"url\":\"https:\/\/joyana.fr\/en\/\",\"name\":\"JO YANA\",\"description\":\"Blog Mode Homme, Lifestyle, D\u00e9co-Design\",\"publisher\":{\"@id\":\"https:\/\/joyana.fr\/en\/#\/schema\/person\/cf2a1ad12a27c12c21801075bf37407c\"},\"potentialAction\":[{\"@type\":\"SearchAction\",\"target\":{\"@type\":\"EntryPoint\",\"urlTemplate\":\"https:\/\/joyana.fr\/en\/?s={search_term_string}\"},\"query-input\":{\"@type\":\"PropertyValueSpecification\",\"valueRequired\":true,\"valueName\":\"search_term_string\"}}],\"inLanguage\":\"en-US\"},{\"@type\":[\"Person\",\"Organization\"],\"@id\":\"https:\/\/joyana.fr\/en\/#\/schema\/person\/cf2a1ad12a27c12c21801075bf37407c\",\"name\":\"Jo Yana\",\"image\":{\"@type\":\"ImageObject\",\"inLanguage\":\"en-US\",\"@id\":\"https:\/\/joyana.fr\/en\/#\/schema\/person\/image\/\",\"url\":\"https:\/\/i0.wp.com\/joyana.fr\/wp-content\/uploads\/2016\/08\/cropped-joyana-logo-black-360x180.png?fit=343%2C164&ssl=1\",\"contentUrl\":\"https:\/\/i0.wp.com\/joyana.fr\/wp-content\/uploads\/2016\/08\/cropped-joyana-logo-black-360x180.png?fit=343%2C164&ssl=1\",\"width\":343,\"height\":164,\"caption\":\"Jo Yana\"},\"logo\":{\"@id\":\"https:\/\/joyana.fr\/en\/#\/schema\/person\/image\/\"},\"description\":\"Jo Yana est le cr\u00e9ateur et r\u00e9dacteur en chef des sites DECO-DESIGN. Passionn\u00e9 de Design, Mode, Photo, Luxe, Lifestyle, Musique, mais avant tout Blogueur ! Le plaisir de partager l'anime et a comme devise \\\"POUR L'AMOUR DU BEAU\\\". Retrouvez le aussi sur son blog personnel - https:\/\/joyana.fr...\",\"sameAs\":[\"https:\/\/joyana.fr\/\"],\"url\":\"https:\/\/joyana.fr\/en\/author\/joyana\/\"}]}<\/script>\n<!-- \/ Yoast SEO plugin. -->","yoast_head_json":{"title":"Etuis de luxe Louis VUITTON pour iPod Nano et iPhone - JO YANA","robots":{"index":"index","follow":"follow","max-snippet":"max-snippet:-1","max-image-preview":"max-image-preview:large","max-video-preview":"max-video-preview:-1"},"canonical":"https:\/\/joyana.fr\/en\/etuis-de-luxe-louis-vuitton-ipod-nano-iphone\/100221\/","og_locale":"en_US","og_type":"article","og_title":"Etuis de luxe Louis VUITTON pour iPod Nano et iPhone - JO YANA","og_description":"Louis Vuitton s\u2019int\u00e9resse au nouvelles technologies, et a sorti des \u00e9tuis pour le iPod Nano et le tout nouveau iPhone habill\u00e9s de la c\u00e9l\u00e8bre toile Monogram. A gauche il s\u2019agit du mod\u00e8le pour le iPod Nano qui s\u2019ouvre et laisse appara\u00eetre l\u2019\u00e9cran et la molette, \u00e0 droite la palette d\u2019\u00e9tuis iPhone avec une \u00e9dition limit\u00e9 [&hellip;]","og_url":"https:\/\/joyana.fr\/en\/etuis-de-luxe-louis-vuitton-ipod-nano-iphone\/100221\/","og_site_name":"JO YANA","article_published_time":"2008-01-17T07:43:42+00:00","og_image":[{"width":360,"height":180,"url":"https:\/\/joyana.fr\/wp-content\/uploads\/2016\/08\/joyana-logo-black-360x180.png","type":"image\/png"}],"author":"Jo Yana","twitter_card":"summary_large_image","twitter_creator":"@Jo_Yana","twitter_site":"@Jo_Yana","twitter_misc":{"Written by":"Jo Yana"},"schema":{"@context":"https:\/\/schema.org","@graph":[{"@type":"Article","@id":"https:\/\/joyana.fr\/etuis-de-luxe-louis-vuitton-ipod-nano-iphone\/100221\/#article","isPartOf":{"@id":"https:\/\/joyana.fr\/etuis-de-luxe-louis-vuitton-ipod-nano-iphone\/100221\/"},"author":{"name":"Jo Yana","@id":"https:\/\/joyana.fr\/en\/#\/schema\/person\/cf2a1ad12a27c12c21801075bf37407c"},"headline":"Etuis de luxe Louis VUITTON pour iPod Nano et iPhone","datePublished":"2008-01-17T07:43:42+00:00","mainEntityOfPage":{"@id":"https:\/\/joyana.fr\/etuis-de-luxe-louis-vuitton-ipod-nano-iphone\/100221\/"},"wordCount":89,"commentCount":7,"publisher":{"@id":"https:\/\/joyana.fr\/en\/#\/schema\/person\/cf2a1ad12a27c12c21801075bf37407c"},"image":{"@id":"https:\/\/joyana.fr\/etuis-de-luxe-louis-vuitton-ipod-nano-iphone\/100221\/#primaryimage"},"thumbnailUrl":"https:\/\/i0.wp.com\/joyana.fr\/wp-content\/uploads\/2016\/08\/joyana-logo-black-360x180.png?fit=360%2C180&ssl=1","keywords":["Cuir","iPod iPhone"],"articleSection":["Accessoires","DECO-DESIGN","Tendance Luxe"],"inLanguage":"en-US","potentialAction":[{"@type":"CommentAction","name":"Comment","target":["https:\/\/joyana.fr\/etuis-de-luxe-louis-vuitton-ipod-nano-iphone\/100221\/#respond"]}]},{"@type":"WebPage","@id":"https:\/\/joyana.fr\/etuis-de-luxe-louis-vuitton-ipod-nano-iphone\/100221\/","url":"https:\/\/joyana.fr\/etuis-de-luxe-louis-vuitton-ipod-nano-iphone\/100221\/","name":"Etuis de luxe Louis VUITTON pour iPod Nano et iPhone - JO YANA","isPartOf":{"@id":"https:\/\/joyana.fr\/en\/#website"},"primaryImageOfPage":{"@id":"https:\/\/joyana.fr\/etuis-de-luxe-louis-vuitton-ipod-nano-iphone\/100221\/#primaryimage"},"image":{"@id":"https:\/\/joyana.fr\/etuis-de-luxe-louis-vuitton-ipod-nano-iphone\/100221\/#primaryimage"},"thumbnailUrl":"https:\/\/i0.wp.com\/joyana.fr\/wp-content\/uploads\/2016\/08\/joyana-logo-black-360x180.png?fit=360%2C180&ssl=1","datePublished":"2008-01-17T07:43:42+00:00","breadcrumb":{"@id":"https:\/\/joyana.fr\/etuis-de-luxe-louis-vuitton-ipod-nano-iphone\/100221\/#breadcrumb"},"inLanguage":"en-US","potentialAction":[{"@type":"ReadAction","target":["https:\/\/joyana.fr\/etuis-de-luxe-louis-vuitton-ipod-nano-iphone\/100221\/"]}]},{"@type":"ImageObject","inLanguage":"en-US","@id":"https:\/\/joyana.fr\/etuis-de-luxe-louis-vuitton-ipod-nano-iphone\/100221\/#primaryimage","url":"https:\/\/i0.wp.com\/joyana.fr\/wp-content\/uploads\/2016\/08\/joyana-logo-black-360x180.png?fit=360%2C180&ssl=1","contentUrl":"https:\/\/i0.wp.com\/joyana.fr\/wp-content\/uploads\/2016\/08\/joyana-logo-black-360x180.png?fit=360%2C180&ssl=1","width":360,"height":180,"caption":"logo joyana.fr"},{"@type":"BreadcrumbList","@id":"https:\/\/joyana.fr\/etuis-de-luxe-louis-vuitton-ipod-nano-iphone\/100221\/#breadcrumb","itemListElement":[{"@type":"ListItem","position":1,"name":"Accueil","item":"https:\/\/joyana.fr\/en\/"},{"@type":"ListItem","position":2,"name":"Etuis de luxe Louis VUITTON pour iPod Nano et iPhone"}]},{"@type":"WebSite","@id":"https:\/\/joyana.fr\/en\/#website","url":"https:\/\/joyana.fr\/en\/","name":"JO YANA","description":"Blog Mode Homme, Lifestyle, D\u00e9co-Design","publisher":{"@id":"https:\/\/joyana.fr\/en\/#\/schema\/person\/cf2a1ad12a27c12c21801075bf37407c"},"potentialAction":[{"@type":"SearchAction","target":{"@type":"EntryPoint","urlTemplate":"https:\/\/joyana.fr\/en\/?s={search_term_string}"},"query-input":{"@type":"PropertyValueSpecification","valueRequired":true,"valueName":"search_term_string"}}],"inLanguage":"en-US"},{"@type":["Person","Organization"],"@id":"https:\/\/joyana.fr\/en\/#\/schema\/person\/cf2a1ad12a27c12c21801075bf37407c","name":"Jo Yana","image":{"@type":"ImageObject","inLanguage":"en-US","@id":"https:\/\/joyana.fr\/en\/#\/schema\/person\/image\/","url":"https:\/\/i0.wp.com\/joyana.fr\/wp-content\/uploads\/2016\/08\/cropped-joyana-logo-black-360x180.png?fit=343%2C164&ssl=1","contentUrl":"https:\/\/i0.wp.com\/joyana.fr\/wp-content\/uploads\/2016\/08\/cropped-joyana-logo-black-360x180.png?fit=343%2C164&ssl=1","width":343,"height":164,"caption":"Jo Yana"},"logo":{"@id":"https:\/\/joyana.fr\/en\/#\/schema\/person\/image\/"},"description":"Jo Yana est le cr\u00e9ateur et r\u00e9dacteur en chef des sites DECO-DESIGN. Passionn\u00e9 de Design, Mode, Photo, Luxe, Lifestyle, Musique, mais avant tout Blogueur ! Le plaisir de partager l'anime et a comme devise \"POUR L'AMOUR DU BEAU\". Retrouvez le aussi sur son blog personnel - https:\/\/joyana.fr...","sameAs":["https:\/\/joyana.fr\/"],"url":"https:\/\/joyana.fr\/en\/author\/joyana\/"}]}},"author_meta":{"display_name":"Jo Yana","author_link":"https:\/\/joyana.fr\/en\/author\/joyana\/"},"featured_img":"https:\/\/i0.wp.com\/joyana.fr\/wp-content\/uploads\/2016\/08\/joyana-logo-black-360x180.png?fit=360%2C180&ssl=1","featured_image_src":"https:\/\/i0.wp.com\/joyana.fr\/wp-content\/uploads\/2016\/08\/joyana-logo-black-360x180.png?resize=360%2C180&ssl=1","featured_image_src_square":"https:\/\/i0.wp.com\/joyana.fr\/wp-content\/uploads\/2016\/08\/joyana-logo-black-360x180.png?resize=360%2C180&ssl=1","jetpack_featured_media_url":"https:\/\/i0.wp.com\/joyana.fr\/wp-content\/uploads\/2016\/08\/joyana-logo-black-360x180.png?fit=360%2C180&ssl=1","uagb_featured_image_src":{"full":["https:\/\/i0.wp.com\/joyana.fr\/wp-content\/uploads\/2016\/08\/joyana-logo-black-360x180.png?fit=360%2C180&ssl=1",360,180,false],"thumbnail":["https:\/\/i0.wp.com\/joyana.fr\/wp-content\/uploads\/2016\/08\/joyana-logo-black-360x180.png?resize=150%2C150&ssl=1",150,150,true],"medium":["https:\/\/i0.wp.com\/joyana.fr\/wp-content\/uploads\/2016\/08\/joyana-logo-black-360x180.png?fit=360%2C180&ssl=1",360,180,true],"medium_large":["https:\/\/i0.wp.com\/joyana.fr\/wp-content\/uploads\/2016\/08\/joyana-logo-black-360x180.png?fit=360%2C180&ssl=1",360,180,true],"large":["https:\/\/i0.wp.com\/joyana.fr\/wp-content\/uploads\/2016\/08\/joyana-logo-black-360x180.png?fit=360%2C180&ssl=1",360,180,true],"1536x1536":["https:\/\/i0.wp.com\/joyana.fr\/wp-content\/uploads\/2016\/08\/joyana-logo-black-360x180.png?fit=360%2C180&ssl=1",360,180,true],"2048x2048":["https:\/\/i0.wp.com\/joyana.fr\/wp-content\/uploads\/2016\/08\/joyana-logo-black-360x180.png?fit=360%2C180&ssl=1",360,180,true],"featured-thumb":["https:\/\/i0.wp.com\/joyana.fr\/wp-content\/uploads\/2016\/08\/joyana-logo-black-360x180.png?resize=360%2C180&ssl=1",360,180,true],"ab-block-post-grid-landscape":["https:\/\/i0.wp.com\/joyana.fr\/wp-content\/uploads\/2016\/08\/joyana-logo-black-360x180.png?resize=360%2C180&ssl=1",360,180,true],"ab-block-post-grid-square":["https:\/\/i0.wp.com\/joyana.fr\/wp-content\/uploads\/2016\/08\/joyana-logo-black-360x180.png?resize=360%2C180&ssl=1",360,180,true],"author-pro-image":["https:\/\/i0.wp.com\/joyana.fr\/wp-content\/uploads\/2016\/08\/joyana-logo-black-360x180.png?resize=360%2C180&ssl=1",360,180,true],"slider":["https:\/\/i0.wp.com\/joyana.fr\/wp-content\/uploads\/2016\/08\/joyana-logo-black-360x180.png?resize=360%2C180&ssl=1",360,180,true],"woocommerce_thumbnail":["https:\/\/i0.wp.com\/joyana.fr\/wp-content\/uploads\/2016\/08\/joyana-logo-black-360x180.png?resize=300%2C180&ssl=1",300,180,true],"woocommerce_single":["https:\/\/i0.wp.com\/joyana.fr\/wp-content\/uploads\/2016\/08\/joyana-logo-black-360x180.png?fit=360%2C180&ssl=1",360,180,true],"woocommerce_gallery_thumbnail":["https:\/\/i0.wp.com\/joyana.fr\/wp-content\/uploads\/2016\/08\/joyana-logo-black-360x180.png?resize=180%2C180&ssl=1",180,180,true],"sow-carousel-default":["https:\/\/i0.wp.com\/joyana.fr\/wp-content\/uploads\/2016\/08\/joyana-logo-black-360x180.png?resize=272%2C180&ssl=1",272,180,true]},"uagb_author_info":{"display_name":"Jo Yana","author_link":"https:\/\/joyana.fr\/en\/author\/joyana\/"},"uagb_comment_info":10,"uagb_excerpt":"Louis Vuitton s\u2019int\u00e9resse au nouvelles technologies, et a sorti des \u00e9tuis pour le iPod Nano et le tout nouveau iPhone habill\u00e9s de la c\u00e9l\u00e8bre toile Monogram. A gauche il s\u2019agit du mod\u00e8le pour le iPod Nano qui s\u2019ouvre et laisse appara\u00eetre l\u2019\u00e9cran et la molette, \u00e0 droite la palette d\u2019\u00e9tuis iPhone avec une \u00e9dition limit\u00e9&hellip;","coauthors":[],"tax_additional":{"categories":{"linked":["<a href=\"https:\/\/joyana.fr\/en\/category\/deco-design\/decoration\/accessoires\/\" class=\"advgb-post-tax-term\">Accessoires<\/a>","<a href=\"https:\/\/joyana.fr\/en\/category\/deco-design\/\" class=\"advgb-post-tax-term\">DECO-DESIGN<\/a>","<a href=\"https:\/\/joyana.fr\/en\/category\/deco-design\/decoration\/tendance-luxe\/\" class=\"advgb-post-tax-term\">Tendance Luxe<\/a>"],"unlinked":["<span class=\"advgb-post-tax-term\">Accessoires<\/span>","<span class=\"advgb-post-tax-term\">DECO-DESIGN<\/span>","<span class=\"advgb-post-tax-term\">Tendance Luxe<\/span>"]},"tags":{"linked":["<a href=\"https:\/\/joyana.fr\/en\/category\/deco-design\/decoration\/tendance-luxe\/\" class=\"advgb-post-tax-term\">Cuir<\/a>","<a href=\"https:\/\/joyana.fr\/en\/category\/deco-design\/decoration\/tendance-luxe\/\" class=\"advgb-post-tax-term\">iPod iPhone<\/a>"],"unlinked":["<span class=\"advgb-post-tax-term\">Cuir<\/span>","<span class=\"advgb-post-tax-term\">iPod iPhone<\/span>"]}},"comment_count":9,"relative_dates":{"created":"Posted 18 years ago","modified":"Updated 18 years ago"},"absolute_dates":{"created":"Posted on 17 January 2008","modified":"Updated on 17 January 2008"},"absolute_dates_time":{"created":"Posted on 17 January 2008 8:43","modified":"Updated on 17 January 2008 8:43"},"featured_img_caption":"","series_order":"","jetpack_sharing_enabled":true,"jetpack_shortlink":"https:\/\/wp.me\/p9bteI-q4t","jetpack-related-posts":[],"_links":{"self":[{"href":"https:\/\/joyana.fr\/en\/wp-json\/wp\/v2\/posts\/100221","targetHints":{"allow":["GET"]}}],"collection":[{"href":"https:\/\/joyana.fr\/en\/wp-json\/wp\/v2\/posts"}],"about":[{"href":"https:\/\/joyana.fr\/en\/wp-json\/wp\/v2\/types\/post"}],"author":[{"embeddable":true,"href":"https:\/\/joyana.fr\/en\/wp-json\/wp\/v2\/users\/3"}],"replies":[{"embeddable":true,"href":"https:\/\/joyana.fr\/en\/wp-json\/wp\/v2\/comments?post=100221"}],"version-history":[{"count":0,"href":"https:\/\/joyana.fr\/en\/wp-json\/wp\/v2\/posts\/100221\/revisions"}],"wp:featuredmedia":[{"embeddable":true,"href":"https:\/\/joyana.fr\/en\/wp-json\/wp\/v2\/media\/124300"}],"wp:attachment":[{"href":"https:\/\/joyana.fr\/en\/wp-json\/wp\/v2\/media?parent=100221"}],"wp:term":[{"taxonomy":"category","embeddable":true,"href":"https:\/\/joyana.fr\/en\/wp-json\/wp\/v2\/categories?post=100221"},{"taxonomy":"post_tag","embeddable":true,"href":"https:\/\/joyana.fr\/en\/wp-json\/wp\/v2\/tags?post=100221"}],"curies":[{"name":"wp","href":"https:\/\/api.w.org\/{rel}","templated":true}]}}