{"id":100359,"date":"2008-02-04T06:47:00","date_gmt":"2008-02-04T05:47:00","guid":{"rendered":"https:\/\/joyana.fr\/fauteuil-design-moore-par-philippe-starck\/"},"modified":"2008-02-04T06:47:00","modified_gmt":"2008-02-04T05:47:00","slug":"fauteuil-design-moore-par-philippe-starck","status":"publish","type":"post","link":"https:\/\/joyana.fr\/en\/fauteuil-design-moore-par-philippe-starck\/100359\/","title":{"rendered":"Fauteuil design Moor(e) par Philippe STARCK"},"content":{"rendered":"<p>Le <strong>fauteuil Moor(e)<\/strong> par <strong>Philippe Starck<\/strong> fut pr\u00e9sent\u00e9 par <strong>Driade<\/strong> au <strong>salon Design Now! 2008<\/strong>, c\u2019est rare de la part de <strong>Driade<\/strong> qui a l\u2019habitude de pr\u00e9senter ses nouveaut\u00e9s au salon du meuble \u00e0 Milan. On ne va pas se plaindre !!!<\/p>\n<p><img data-recalc-dims=\"1\" fetchpriority=\"high\" decoding=\"async\" src=\"https:\/\/i0.wp.com\/joyana.fr\/wp-content\/uploads\/moore.jpg?resize=500%2C234&#038;ssl=1\" border=\"0\" alt=\"Fauteuil design Moor(e) par Philippe STARCK par driade\" hspace=\"8\" width=\"500\" height=\"234\" align=\"top\" \/><\/p>\n<p>C\u2019est pour l\u2019h\u00f4tel <strong>&#8220;Le M\u00e9ridien&#8221;<\/strong> \u00e0 Los Angeles que <strong>Philippe Starck<\/strong> a con\u00e7u le fauteuil Moor(e) en version cuir. Nous vous parlons <a href=\"https:\/\/joyana.fr\/fauteuil-moore-par-starck\/\" target=\"_blank\">ici<\/a> des versions laqu\u00e9s du Moore.<\/p>\n<p>Vivement la commercialisation !!!<\/p>\n<p>Source : <a href=\"http:\/\/ad.zanox.com\/ppc\/?8253223C2072536903T\"><img decoding=\"async\" src=\"http:\/\/ad.zanox.com\/ppv\/?8253223C2072536903\" border=\"0\" alt=\"Made In Design - Le leader du design\" hspace=\"1\" align=\"bottom\" \/><\/a><\/p>\n<p><a href=\"http:\/\/jo_yana@hotmail.com\" target=\"_blank\">Jo Yana<\/a><\/p>\n","protected":false},"excerpt":{"rendered":"<p>Le fauteuil Moor(e) par Philippe Starck fut pr\u00e9sent\u00e9 par Driade au salon Design Now! 2008, c\u2019est rare de la part de Driade qui a l\u2019habitude de pr\u00e9senter ses nouveaut\u00e9s au salon du meuble \u00e0 Milan. On ne va pas se plaindre !!! C\u2019est pour l\u2019h\u00f4tel &#8220;Le M\u00e9ridien&#8221; \u00e0 Los Angeles que Philippe Starck a con\u00e7u [&hellip;]<\/p>\n","protected":false},"author":3,"featured_media":117337,"comment_status":"open","ping_status":"open","sticky":false,"template":"","format":"standard","meta":{"_coblocks_attr":"","_coblocks_dimensions":"","_coblocks_responsive_height":"","_coblocks_accordion_ie_support":"","_uag_custom_page_level_css":"","advgb_blocks_editor_width":"","advgb_blocks_columns_visual_guide":"","_genesis_hide_title":false,"_genesis_hide_breadcrumbs":false,"_genesis_hide_singular_image":false,"_genesis_hide_footer_widgets":false,"_genesis_custom_body_class":"","_genesis_custom_post_class":"","_genesis_layout":"","_themeisle_gutenberg_block_has_review":false,"_jetpack_newsletter_access":"","_jetpack_dont_email_post_to_subs":false,"_jetpack_newsletter_tier_id":0,"_jetpack_memberships_contains_paywalled_content":false,"_jetpack_memberships_contains_paid_content":false,"footnotes":""},"categories":[905,950,916],"tags":[78,9],"class_list":{"0":"post-100359","1":"post","2":"type-post","3":"status-publish","4":"format-standard","5":"has-post-thumbnail","7":"category-deco-design","8":"category-fauteuil","9":"category-philippe-starck","10":"tag-design","11":"tag-starck","12":"entry"},"featured_image_urls":{"full":["https:\/\/i0.wp.com\/joyana.fr\/wp-content\/uploads\/2007\/11\/MOORE.jpg?fit=720%2C539&ssl=1",720,539,false],"thumbnail":["https:\/\/i0.wp.com\/joyana.fr\/wp-content\/uploads\/2007\/11\/MOORE.jpg?resize=150%2C150&ssl=1",150,150,true],"medium":["https:\/\/i0.wp.com\/joyana.fr\/wp-content\/uploads\/2007\/11\/MOORE.jpg?fit=389%2C291&ssl=1",389,291,true],"medium_large":["https:\/\/i0.wp.com\/joyana.fr\/wp-content\/uploads\/2007\/11\/MOORE.jpg?fit=720%2C539&ssl=1",720,539,true],"large":["https:\/\/i0.wp.com\/joyana.fr\/wp-content\/uploads\/2007\/11\/MOORE.jpg?fit=720%2C539&ssl=1",720,539,true],"1536x1536":["https:\/\/i0.wp.com\/joyana.fr\/wp-content\/uploads\/2007\/11\/MOORE.jpg?fit=720%2C539&ssl=1",720,539,true],"2048x2048":["https:\/\/i0.wp.com\/joyana.fr\/wp-content\/uploads\/2007\/11\/MOORE.jpg?fit=720%2C539&ssl=1",720,539,true],"featured-thumb":["https:\/\/i0.wp.com\/joyana.fr\/wp-content\/uploads\/2007\/11\/MOORE.jpg?resize=720%2C539&ssl=1",720,539,true],"ab-block-post-grid-landscape":["https:\/\/i0.wp.com\/joyana.fr\/wp-content\/uploads\/2007\/11\/MOORE.jpg?resize=600%2C400&ssl=1",600,400,true],"ab-block-post-grid-square":["https:\/\/i0.wp.com\/joyana.fr\/wp-content\/uploads\/2007\/11\/MOORE.jpg?resize=600%2C539&ssl=1",600,539,true],"author-pro-image":["https:\/\/i0.wp.com\/joyana.fr\/wp-content\/uploads\/2007\/11\/MOORE.jpg?resize=360%2C539&ssl=1",360,539,true],"slider":["https:\/\/i0.wp.com\/joyana.fr\/wp-content\/uploads\/2007\/11\/MOORE.jpg?resize=720%2C400&ssl=1",720,400,true],"woocommerce_thumbnail":["https:\/\/i0.wp.com\/joyana.fr\/wp-content\/uploads\/2007\/11\/MOORE.jpg?resize=450%2C450&ssl=1",450,450,true],"woocommerce_single":["https:\/\/i0.wp.com\/joyana.fr\/wp-content\/uploads\/2007\/11\/MOORE.jpg?fit=720%2C539&ssl=1",720,539,true],"woocommerce_gallery_thumbnail":["https:\/\/i0.wp.com\/joyana.fr\/wp-content\/uploads\/2007\/11\/MOORE.jpg?resize=180%2C180&ssl=1",180,180,true],"sow-carousel-default":["https:\/\/i0.wp.com\/joyana.fr\/wp-content\/uploads\/2007\/11\/MOORE.jpg?resize=272%2C182&ssl=1",272,182,true]},"post_excerpt_stackable":"<p>Le fauteuil Moor(e) par Philippe Starck fut pr\u00e9sent\u00e9 par Driade au salon Design Now! 2008, c\u2019est rare de la part de Driade qui a l\u2019habitude de pr\u00e9senter ses nouveaut\u00e9s au salon du meuble \u00e0 Milan. On ne va pas se plaindre !!! C\u2019est pour l\u2019h\u00f4tel &#8220;Le M\u00e9ridien&#8221; \u00e0 Los Angeles que Philippe Starck a con\u00e7u le fauteuil Moor(e) en version cuir. Nous vous parlons ici des versions laqu\u00e9s du Moore. Vivement la commercialisation !!! Source : Jo Yana<\/p>\n","category_list":"<a href=\"https:\/\/joyana.fr\/en\/category\/deco-design\/\" rel=\"category tag\">DECO-DESIGN<\/a>, <a href=\"https:\/\/joyana.fr\/en\/category\/deco-design\/mobilier\/assise\/fauteuil\/\" rel=\"category tag\">Fauteuil<\/a>, <a href=\"https:\/\/joyana.fr\/en\/category\/deco-design\/designer\/philippe-starck\/\" rel=\"category tag\">Philippe STARCK<\/a>","author_info":{"display_name":"Jo Yana","author_link":"https:\/\/joyana.fr\/en\/author\/joyana\/"},"comments_num":"2 comments","featured_image_urls_v2":{"full":["https:\/\/i0.wp.com\/joyana.fr\/wp-content\/uploads\/2007\/11\/MOORE.jpg?fit=720%2C539&ssl=1",720,539,false],"thumbnail":["https:\/\/i0.wp.com\/joyana.fr\/wp-content\/uploads\/2007\/11\/MOORE.jpg?resize=150%2C150&ssl=1",150,150,true],"medium":["https:\/\/i0.wp.com\/joyana.fr\/wp-content\/uploads\/2007\/11\/MOORE.jpg?fit=389%2C291&ssl=1",389,291,true],"medium_large":["https:\/\/i0.wp.com\/joyana.fr\/wp-content\/uploads\/2007\/11\/MOORE.jpg?fit=720%2C539&ssl=1",720,539,true],"large":["https:\/\/i0.wp.com\/joyana.fr\/wp-content\/uploads\/2007\/11\/MOORE.jpg?fit=720%2C539&ssl=1",720,539,true],"1536x1536":["https:\/\/i0.wp.com\/joyana.fr\/wp-content\/uploads\/2007\/11\/MOORE.jpg?fit=720%2C539&ssl=1",720,539,true],"2048x2048":["https:\/\/i0.wp.com\/joyana.fr\/wp-content\/uploads\/2007\/11\/MOORE.jpg?fit=720%2C539&ssl=1",720,539,true],"featured-thumb":["https:\/\/i0.wp.com\/joyana.fr\/wp-content\/uploads\/2007\/11\/MOORE.jpg?resize=720%2C539&ssl=1",720,539,true],"ab-block-post-grid-landscape":["https:\/\/i0.wp.com\/joyana.fr\/wp-content\/uploads\/2007\/11\/MOORE.jpg?resize=600%2C400&ssl=1",600,400,true],"ab-block-post-grid-square":["https:\/\/i0.wp.com\/joyana.fr\/wp-content\/uploads\/2007\/11\/MOORE.jpg?resize=600%2C539&ssl=1",600,539,true],"author-pro-image":["https:\/\/i0.wp.com\/joyana.fr\/wp-content\/uploads\/2007\/11\/MOORE.jpg?resize=360%2C539&ssl=1",360,539,true],"slider":["https:\/\/i0.wp.com\/joyana.fr\/wp-content\/uploads\/2007\/11\/MOORE.jpg?resize=720%2C400&ssl=1",720,400,true],"woocommerce_thumbnail":["https:\/\/i0.wp.com\/joyana.fr\/wp-content\/uploads\/2007\/11\/MOORE.jpg?resize=450%2C450&ssl=1",450,450,true],"woocommerce_single":["https:\/\/i0.wp.com\/joyana.fr\/wp-content\/uploads\/2007\/11\/MOORE.jpg?fit=720%2C539&ssl=1",720,539,true],"woocommerce_gallery_thumbnail":["https:\/\/i0.wp.com\/joyana.fr\/wp-content\/uploads\/2007\/11\/MOORE.jpg?resize=180%2C180&ssl=1",180,180,true],"sow-carousel-default":["https:\/\/i0.wp.com\/joyana.fr\/wp-content\/uploads\/2007\/11\/MOORE.jpg?resize=272%2C182&ssl=1",272,182,true]},"post_excerpt_stackable_v2":"<p>Le fauteuil Moor(e) par Philippe Starck fut pr\u00e9sent\u00e9 par Driade au salon Design Now! 2008, c\u2019est rare de la part de Driade qui a l\u2019habitude de pr\u00e9senter ses nouveaut\u00e9s au salon du meuble \u00e0 Milan. On ne va pas se plaindre !!! C\u2019est pour l\u2019h\u00f4tel &#8220;Le M\u00e9ridien&#8221; \u00e0 Los Angeles que Philippe Starck a con\u00e7u le fauteuil Moor(e) en version cuir. Nous vous parlons ici des versions laqu\u00e9s du Moore. Vivement la commercialisation !!! Source : Jo Yana<\/p>\n","category_list_v2":"<a href=\"https:\/\/joyana.fr\/en\/category\/deco-design\/\" rel=\"category tag\">DECO-DESIGN<\/a>, <a href=\"https:\/\/joyana.fr\/en\/category\/deco-design\/mobilier\/assise\/fauteuil\/\" rel=\"category tag\">Fauteuil<\/a>, <a href=\"https:\/\/joyana.fr\/en\/category\/deco-design\/designer\/philippe-starck\/\" rel=\"category tag\">Philippe STARCK<\/a>","author_info_v2":{"name":"Jo Yana","url":"https:\/\/joyana.fr\/en\/author\/joyana\/"},"comments_num_v2":"2 comments","yoast_head":"<!-- This site is optimized with the Yoast SEO plugin v26.8 - https:\/\/yoast.com\/product\/yoast-seo-wordpress\/ -->\n<title>Fauteuil design Moor(e) par Philippe STARCK - JO YANA<\/title>\n<meta name=\"robots\" content=\"index, follow, max-snippet:-1, max-image-preview:large, max-video-preview:-1\" \/>\n<link rel=\"canonical\" href=\"https:\/\/joyana.fr\/en\/fauteuil-design-moore-par-philippe-starck\/100359\/\" \/>\n<meta property=\"og:locale\" content=\"en_US\" \/>\n<meta property=\"og:locale:alternate\" content=\"fr_FR\" \/>\n<meta property=\"og:locale:alternate\" content=\"ja\" \/>\n<meta property=\"og:type\" content=\"article\" \/>\n<meta property=\"og:title\" content=\"Fauteuil design Moor(e) par Philippe STARCK - JO YANA\" \/>\n<meta property=\"og:description\" content=\"Le fauteuil Moor(e) par Philippe Starck fut pr\u00e9sent\u00e9 par Driade au salon Design Now! 2008, c\u2019est rare de la part de Driade qui a l\u2019habitude de pr\u00e9senter ses nouveaut\u00e9s au salon du meuble \u00e0 Milan. On ne va pas se plaindre !!! C\u2019est pour l\u2019h\u00f4tel &#8220;Le M\u00e9ridien&#8221; \u00e0 Los Angeles que Philippe Starck a con\u00e7u [&hellip;]\" \/>\n<meta property=\"og:url\" content=\"https:\/\/joyana.fr\/en\/fauteuil-design-moore-par-philippe-starck\/100359\/\" \/>\n<meta property=\"og:site_name\" content=\"JO YANA\" \/>\n<meta property=\"article:published_time\" content=\"2008-02-04T05:47:00+00:00\" \/>\n<meta property=\"og:image\" content=\"https:\/\/joyana.fr\/wp-content\/uploads\/2007\/11\/MOORE.jpg\" \/>\n\t<meta property=\"og:image:width\" content=\"720\" \/>\n\t<meta property=\"og:image:height\" content=\"539\" \/>\n\t<meta property=\"og:image:type\" content=\"image\/jpeg\" \/>\n<meta name=\"author\" content=\"Jo Yana\" \/>\n<meta name=\"twitter:card\" content=\"summary_large_image\" \/>\n<meta name=\"twitter:creator\" content=\"@Jo_Yana\" \/>\n<meta name=\"twitter:site\" content=\"@Jo_Yana\" \/>\n<meta name=\"twitter:label1\" content=\"Written by\" \/>\n\t<meta name=\"twitter:data1\" content=\"Jo Yana\" \/>\n<script type=\"application\/ld+json\" class=\"yoast-schema-graph\">{\"@context\":\"https:\/\/schema.org\",\"@graph\":[{\"@type\":\"Article\",\"@id\":\"https:\/\/joyana.fr\/fauteuil-design-moore-par-philippe-starck\/100359\/#article\",\"isPartOf\":{\"@id\":\"https:\/\/joyana.fr\/fauteuil-design-moore-par-philippe-starck\/100359\/\"},\"author\":{\"name\":\"Jo Yana\",\"@id\":\"https:\/\/joyana.fr\/#\/schema\/person\/cf2a1ad12a27c12c21801075bf37407c\"},\"headline\":\"Fauteuil design Moor(e) par Philippe STARCK\",\"datePublished\":\"2008-02-04T05:47:00+00:00\",\"mainEntityOfPage\":{\"@id\":\"https:\/\/joyana.fr\/fauteuil-design-moore-par-philippe-starck\/100359\/\"},\"wordCount\":92,\"commentCount\":2,\"publisher\":{\"@id\":\"https:\/\/joyana.fr\/#\/schema\/person\/cf2a1ad12a27c12c21801075bf37407c\"},\"image\":{\"@id\":\"https:\/\/joyana.fr\/fauteuil-design-moore-par-philippe-starck\/100359\/#primaryimage\"},\"thumbnailUrl\":\"https:\/\/i0.wp.com\/joyana.fr\/wp-content\/uploads\/2007\/11\/MOORE.jpg?fit=720%2C539&ssl=1\",\"keywords\":[\"DESIGN\",\"STARCK\"],\"articleSection\":[\"DECO-DESIGN\",\"Fauteuil\",\"Philippe STARCK\"],\"inLanguage\":\"en-US\",\"potentialAction\":[{\"@type\":\"CommentAction\",\"name\":\"Comment\",\"target\":[\"https:\/\/joyana.fr\/fauteuil-design-moore-par-philippe-starck\/100359\/#respond\"]}]},{\"@type\":\"WebPage\",\"@id\":\"https:\/\/joyana.fr\/fauteuil-design-moore-par-philippe-starck\/100359\/\",\"url\":\"https:\/\/joyana.fr\/fauteuil-design-moore-par-philippe-starck\/100359\/\",\"name\":\"Fauteuil design Moor(e) par Philippe STARCK - JO YANA\",\"isPartOf\":{\"@id\":\"https:\/\/joyana.fr\/#website\"},\"primaryImageOfPage\":{\"@id\":\"https:\/\/joyana.fr\/fauteuil-design-moore-par-philippe-starck\/100359\/#primaryimage\"},\"image\":{\"@id\":\"https:\/\/joyana.fr\/fauteuil-design-moore-par-philippe-starck\/100359\/#primaryimage\"},\"thumbnailUrl\":\"https:\/\/i0.wp.com\/joyana.fr\/wp-content\/uploads\/2007\/11\/MOORE.jpg?fit=720%2C539&ssl=1\",\"datePublished\":\"2008-02-04T05:47:00+00:00\",\"breadcrumb\":{\"@id\":\"https:\/\/joyana.fr\/fauteuil-design-moore-par-philippe-starck\/100359\/#breadcrumb\"},\"inLanguage\":\"en-US\",\"potentialAction\":[{\"@type\":\"ReadAction\",\"target\":[\"https:\/\/joyana.fr\/fauteuil-design-moore-par-philippe-starck\/100359\/\"]}]},{\"@type\":\"ImageObject\",\"inLanguage\":\"en-US\",\"@id\":\"https:\/\/joyana.fr\/fauteuil-design-moore-par-philippe-starck\/100359\/#primaryimage\",\"url\":\"https:\/\/i0.wp.com\/joyana.fr\/wp-content\/uploads\/2007\/11\/MOORE.jpg?fit=720%2C539&ssl=1\",\"contentUrl\":\"https:\/\/i0.wp.com\/joyana.fr\/wp-content\/uploads\/2007\/11\/MOORE.jpg?fit=720%2C539&ssl=1\",\"width\":720,\"height\":539},{\"@type\":\"BreadcrumbList\",\"@id\":\"https:\/\/joyana.fr\/fauteuil-design-moore-par-philippe-starck\/100359\/#breadcrumb\",\"itemListElement\":[{\"@type\":\"ListItem\",\"position\":1,\"name\":\"Accueil\",\"item\":\"https:\/\/joyana.fr\/\"},{\"@type\":\"ListItem\",\"position\":2,\"name\":\"Fauteuil design Moor(e) par Philippe STARCK\"}]},{\"@type\":\"WebSite\",\"@id\":\"https:\/\/joyana.fr\/#website\",\"url\":\"https:\/\/joyana.fr\/\",\"name\":\"JO YANA\",\"description\":\"Blog Mode Homme, Lifestyle, D\u00e9co-Design\",\"publisher\":{\"@id\":\"https:\/\/joyana.fr\/#\/schema\/person\/cf2a1ad12a27c12c21801075bf37407c\"},\"potentialAction\":[{\"@type\":\"SearchAction\",\"target\":{\"@type\":\"EntryPoint\",\"urlTemplate\":\"https:\/\/joyana.fr\/?s={search_term_string}\"},\"query-input\":{\"@type\":\"PropertyValueSpecification\",\"valueRequired\":true,\"valueName\":\"search_term_string\"}}],\"inLanguage\":\"en-US\"},{\"@type\":[\"Person\",\"Organization\"],\"@id\":\"https:\/\/joyana.fr\/#\/schema\/person\/cf2a1ad12a27c12c21801075bf37407c\",\"name\":\"Jo Yana\",\"image\":{\"@type\":\"ImageObject\",\"inLanguage\":\"en-US\",\"@id\":\"https:\/\/joyana.fr\/#\/schema\/person\/image\/\",\"url\":\"https:\/\/i0.wp.com\/joyana.fr\/wp-content\/uploads\/2016\/08\/cropped-joyana-logo-black-360x180.png?fit=343%2C164&ssl=1\",\"contentUrl\":\"https:\/\/i0.wp.com\/joyana.fr\/wp-content\/uploads\/2016\/08\/cropped-joyana-logo-black-360x180.png?fit=343%2C164&ssl=1\",\"width\":343,\"height\":164,\"caption\":\"Jo Yana\"},\"logo\":{\"@id\":\"https:\/\/joyana.fr\/#\/schema\/person\/image\/\"},\"description\":\"Jo Yana est le cr\u00e9ateur et r\u00e9dacteur en chef des sites DECO-DESIGN. Passionn\u00e9 de Design, Mode, Photo, Luxe, Lifestyle, Musique, mais avant tout Blogueur ! Le plaisir de partager l'anime et a comme devise \\\"POUR L'AMOUR DU BEAU\\\". Retrouvez le aussi sur son blog personnel - https:\/\/joyana.fr...\",\"sameAs\":[\"https:\/\/joyana.fr\/\"],\"url\":\"https:\/\/joyana.fr\/en\/author\/joyana\/\"}]}<\/script>\n<!-- \/ Yoast SEO plugin. -->","yoast_head_json":{"title":"Fauteuil design Moor(e) par Philippe STARCK - JO YANA","robots":{"index":"index","follow":"follow","max-snippet":"max-snippet:-1","max-image-preview":"max-image-preview:large","max-video-preview":"max-video-preview:-1"},"canonical":"https:\/\/joyana.fr\/en\/fauteuil-design-moore-par-philippe-starck\/100359\/","og_locale":"en_US","og_type":"article","og_title":"Fauteuil design Moor(e) par Philippe STARCK - JO YANA","og_description":"Le fauteuil Moor(e) par Philippe Starck fut pr\u00e9sent\u00e9 par Driade au salon Design Now! 2008, c\u2019est rare de la part de Driade qui a l\u2019habitude de pr\u00e9senter ses nouveaut\u00e9s au salon du meuble \u00e0 Milan. On ne va pas se plaindre !!! C\u2019est pour l\u2019h\u00f4tel &#8220;Le M\u00e9ridien&#8221; \u00e0 Los Angeles que Philippe Starck a con\u00e7u [&hellip;]","og_url":"https:\/\/joyana.fr\/en\/fauteuil-design-moore-par-philippe-starck\/100359\/","og_site_name":"JO YANA","article_published_time":"2008-02-04T05:47:00+00:00","og_image":[{"width":720,"height":539,"url":"https:\/\/joyana.fr\/wp-content\/uploads\/2007\/11\/MOORE.jpg","type":"image\/jpeg"}],"author":"Jo Yana","twitter_card":"summary_large_image","twitter_creator":"@Jo_Yana","twitter_site":"@Jo_Yana","twitter_misc":{"Written by":"Jo Yana"},"schema":{"@context":"https:\/\/schema.org","@graph":[{"@type":"Article","@id":"https:\/\/joyana.fr\/fauteuil-design-moore-par-philippe-starck\/100359\/#article","isPartOf":{"@id":"https:\/\/joyana.fr\/fauteuil-design-moore-par-philippe-starck\/100359\/"},"author":{"name":"Jo Yana","@id":"https:\/\/joyana.fr\/#\/schema\/person\/cf2a1ad12a27c12c21801075bf37407c"},"headline":"Fauteuil design Moor(e) par Philippe STARCK","datePublished":"2008-02-04T05:47:00+00:00","mainEntityOfPage":{"@id":"https:\/\/joyana.fr\/fauteuil-design-moore-par-philippe-starck\/100359\/"},"wordCount":92,"commentCount":2,"publisher":{"@id":"https:\/\/joyana.fr\/#\/schema\/person\/cf2a1ad12a27c12c21801075bf37407c"},"image":{"@id":"https:\/\/joyana.fr\/fauteuil-design-moore-par-philippe-starck\/100359\/#primaryimage"},"thumbnailUrl":"https:\/\/i0.wp.com\/joyana.fr\/wp-content\/uploads\/2007\/11\/MOORE.jpg?fit=720%2C539&ssl=1","keywords":["DESIGN","STARCK"],"articleSection":["DECO-DESIGN","Fauteuil","Philippe STARCK"],"inLanguage":"en-US","potentialAction":[{"@type":"CommentAction","name":"Comment","target":["https:\/\/joyana.fr\/fauteuil-design-moore-par-philippe-starck\/100359\/#respond"]}]},{"@type":"WebPage","@id":"https:\/\/joyana.fr\/fauteuil-design-moore-par-philippe-starck\/100359\/","url":"https:\/\/joyana.fr\/fauteuil-design-moore-par-philippe-starck\/100359\/","name":"Fauteuil design Moor(e) par Philippe STARCK - JO YANA","isPartOf":{"@id":"https:\/\/joyana.fr\/#website"},"primaryImageOfPage":{"@id":"https:\/\/joyana.fr\/fauteuil-design-moore-par-philippe-starck\/100359\/#primaryimage"},"image":{"@id":"https:\/\/joyana.fr\/fauteuil-design-moore-par-philippe-starck\/100359\/#primaryimage"},"thumbnailUrl":"https:\/\/i0.wp.com\/joyana.fr\/wp-content\/uploads\/2007\/11\/MOORE.jpg?fit=720%2C539&ssl=1","datePublished":"2008-02-04T05:47:00+00:00","breadcrumb":{"@id":"https:\/\/joyana.fr\/fauteuil-design-moore-par-philippe-starck\/100359\/#breadcrumb"},"inLanguage":"en-US","potentialAction":[{"@type":"ReadAction","target":["https:\/\/joyana.fr\/fauteuil-design-moore-par-philippe-starck\/100359\/"]}]},{"@type":"ImageObject","inLanguage":"en-US","@id":"https:\/\/joyana.fr\/fauteuil-design-moore-par-philippe-starck\/100359\/#primaryimage","url":"https:\/\/i0.wp.com\/joyana.fr\/wp-content\/uploads\/2007\/11\/MOORE.jpg?fit=720%2C539&ssl=1","contentUrl":"https:\/\/i0.wp.com\/joyana.fr\/wp-content\/uploads\/2007\/11\/MOORE.jpg?fit=720%2C539&ssl=1","width":720,"height":539},{"@type":"BreadcrumbList","@id":"https:\/\/joyana.fr\/fauteuil-design-moore-par-philippe-starck\/100359\/#breadcrumb","itemListElement":[{"@type":"ListItem","position":1,"name":"Accueil","item":"https:\/\/joyana.fr\/"},{"@type":"ListItem","position":2,"name":"Fauteuil design Moor(e) par Philippe STARCK"}]},{"@type":"WebSite","@id":"https:\/\/joyana.fr\/#website","url":"https:\/\/joyana.fr\/","name":"JO YANA","description":"Blog Mode Homme, Lifestyle, D\u00e9co-Design","publisher":{"@id":"https:\/\/joyana.fr\/#\/schema\/person\/cf2a1ad12a27c12c21801075bf37407c"},"potentialAction":[{"@type":"SearchAction","target":{"@type":"EntryPoint","urlTemplate":"https:\/\/joyana.fr\/?s={search_term_string}"},"query-input":{"@type":"PropertyValueSpecification","valueRequired":true,"valueName":"search_term_string"}}],"inLanguage":"en-US"},{"@type":["Person","Organization"],"@id":"https:\/\/joyana.fr\/#\/schema\/person\/cf2a1ad12a27c12c21801075bf37407c","name":"Jo Yana","image":{"@type":"ImageObject","inLanguage":"en-US","@id":"https:\/\/joyana.fr\/#\/schema\/person\/image\/","url":"https:\/\/i0.wp.com\/joyana.fr\/wp-content\/uploads\/2016\/08\/cropped-joyana-logo-black-360x180.png?fit=343%2C164&ssl=1","contentUrl":"https:\/\/i0.wp.com\/joyana.fr\/wp-content\/uploads\/2016\/08\/cropped-joyana-logo-black-360x180.png?fit=343%2C164&ssl=1","width":343,"height":164,"caption":"Jo Yana"},"logo":{"@id":"https:\/\/joyana.fr\/#\/schema\/person\/image\/"},"description":"Jo Yana est le cr\u00e9ateur et r\u00e9dacteur en chef des sites DECO-DESIGN. Passionn\u00e9 de Design, Mode, Photo, Luxe, Lifestyle, Musique, mais avant tout Blogueur ! Le plaisir de partager l'anime et a comme devise \"POUR L'AMOUR DU BEAU\". Retrouvez le aussi sur son blog personnel - https:\/\/joyana.fr...","sameAs":["https:\/\/joyana.fr\/"],"url":"https:\/\/joyana.fr\/en\/author\/joyana\/"}]}},"author_meta":{"display_name":"Jo Yana","author_link":"https:\/\/joyana.fr\/en\/author\/joyana\/"},"featured_img":"https:\/\/i0.wp.com\/joyana.fr\/wp-content\/uploads\/2007\/11\/MOORE.jpg?fit=389%2C291&ssl=1","featured_image_src":"https:\/\/i0.wp.com\/joyana.fr\/wp-content\/uploads\/2007\/11\/MOORE.jpg?resize=600%2C400&ssl=1","featured_image_src_square":"https:\/\/i0.wp.com\/joyana.fr\/wp-content\/uploads\/2007\/11\/MOORE.jpg?resize=600%2C539&ssl=1","jetpack_featured_media_url":"https:\/\/i0.wp.com\/joyana.fr\/wp-content\/uploads\/2007\/11\/MOORE.jpg?fit=720%2C539&ssl=1","uagb_featured_image_src":{"full":["https:\/\/i0.wp.com\/joyana.fr\/wp-content\/uploads\/2007\/11\/MOORE.jpg?fit=720%2C539&ssl=1",720,539,false],"thumbnail":["https:\/\/i0.wp.com\/joyana.fr\/wp-content\/uploads\/2007\/11\/MOORE.jpg?resize=150%2C150&ssl=1",150,150,true],"medium":["https:\/\/i0.wp.com\/joyana.fr\/wp-content\/uploads\/2007\/11\/MOORE.jpg?fit=389%2C291&ssl=1",389,291,true],"medium_large":["https:\/\/i0.wp.com\/joyana.fr\/wp-content\/uploads\/2007\/11\/MOORE.jpg?fit=720%2C539&ssl=1",720,539,true],"large":["https:\/\/i0.wp.com\/joyana.fr\/wp-content\/uploads\/2007\/11\/MOORE.jpg?fit=720%2C539&ssl=1",720,539,true],"1536x1536":["https:\/\/i0.wp.com\/joyana.fr\/wp-content\/uploads\/2007\/11\/MOORE.jpg?fit=720%2C539&ssl=1",720,539,true],"2048x2048":["https:\/\/i0.wp.com\/joyana.fr\/wp-content\/uploads\/2007\/11\/MOORE.jpg?fit=720%2C539&ssl=1",720,539,true],"featured-thumb":["https:\/\/i0.wp.com\/joyana.fr\/wp-content\/uploads\/2007\/11\/MOORE.jpg?resize=720%2C539&ssl=1",720,539,true],"ab-block-post-grid-landscape":["https:\/\/i0.wp.com\/joyana.fr\/wp-content\/uploads\/2007\/11\/MOORE.jpg?resize=600%2C400&ssl=1",600,400,true],"ab-block-post-grid-square":["https:\/\/i0.wp.com\/joyana.fr\/wp-content\/uploads\/2007\/11\/MOORE.jpg?resize=600%2C539&ssl=1",600,539,true],"author-pro-image":["https:\/\/i0.wp.com\/joyana.fr\/wp-content\/uploads\/2007\/11\/MOORE.jpg?resize=360%2C539&ssl=1",360,539,true],"slider":["https:\/\/i0.wp.com\/joyana.fr\/wp-content\/uploads\/2007\/11\/MOORE.jpg?resize=720%2C400&ssl=1",720,400,true],"woocommerce_thumbnail":["https:\/\/i0.wp.com\/joyana.fr\/wp-content\/uploads\/2007\/11\/MOORE.jpg?resize=450%2C450&ssl=1",450,450,true],"woocommerce_single":["https:\/\/i0.wp.com\/joyana.fr\/wp-content\/uploads\/2007\/11\/MOORE.jpg?fit=720%2C539&ssl=1",720,539,true],"woocommerce_gallery_thumbnail":["https:\/\/i0.wp.com\/joyana.fr\/wp-content\/uploads\/2007\/11\/MOORE.jpg?resize=180%2C180&ssl=1",180,180,true],"sow-carousel-default":["https:\/\/i0.wp.com\/joyana.fr\/wp-content\/uploads\/2007\/11\/MOORE.jpg?resize=272%2C182&ssl=1",272,182,true]},"uagb_author_info":{"display_name":"Jo Yana","author_link":"https:\/\/joyana.fr\/en\/author\/joyana\/"},"uagb_comment_info":2,"uagb_excerpt":"Le fauteuil Moor(e) par Philippe Starck fut pr\u00e9sent\u00e9 par Driade au salon Design Now! 2008, c\u2019est rare de la part de Driade qui a l\u2019habitude de pr\u00e9senter ses nouveaut\u00e9s au salon du meuble \u00e0 Milan. On ne va pas se plaindre !!! C\u2019est pour l\u2019h\u00f4tel &#8220;Le M\u00e9ridien&#8221; \u00e0 Los Angeles que Philippe Starck a con\u00e7u&hellip;","coauthors":[],"tax_additional":{"categories":{"linked":["<a href=\"https:\/\/joyana.fr\/en\/category\/deco-design\/\" class=\"advgb-post-tax-term\">DECO-DESIGN<\/a>","<a href=\"https:\/\/joyana.fr\/en\/category\/deco-design\/mobilier\/assise\/fauteuil\/\" class=\"advgb-post-tax-term\">Fauteuil<\/a>","<a href=\"https:\/\/joyana.fr\/en\/category\/deco-design\/designer\/philippe-starck\/\" class=\"advgb-post-tax-term\">Philippe STARCK<\/a>"],"unlinked":["<span class=\"advgb-post-tax-term\">DECO-DESIGN<\/span>","<span class=\"advgb-post-tax-term\">Fauteuil<\/span>","<span class=\"advgb-post-tax-term\">Philippe STARCK<\/span>"]},"tags":{"linked":["<a href=\"https:\/\/joyana.fr\/en\/category\/deco-design\/designer\/philippe-starck\/\" class=\"advgb-post-tax-term\">DESIGN<\/a>","<a href=\"https:\/\/joyana.fr\/en\/category\/deco-design\/designer\/philippe-starck\/\" class=\"advgb-post-tax-term\">STARCK<\/a>"],"unlinked":["<span class=\"advgb-post-tax-term\">DESIGN<\/span>","<span class=\"advgb-post-tax-term\">STARCK<\/span>"]}},"comment_count":2,"relative_dates":{"created":"Posted 18 years ago","modified":"Updated 18 years ago"},"absolute_dates":{"created":"Posted on 4 February 2008","modified":"Updated on 4 February 2008"},"absolute_dates_time":{"created":"Posted on 4 February 2008 6:47","modified":"Updated on 4 February 2008 6:47"},"featured_img_caption":"","series_order":"","jetpack_sharing_enabled":true,"jetpack_shortlink":"https:\/\/wp.me\/p9bteI-q6H","jetpack-related-posts":[],"_links":{"self":[{"href":"https:\/\/joyana.fr\/en\/wp-json\/wp\/v2\/posts\/100359","targetHints":{"allow":["GET"]}}],"collection":[{"href":"https:\/\/joyana.fr\/en\/wp-json\/wp\/v2\/posts"}],"about":[{"href":"https:\/\/joyana.fr\/en\/wp-json\/wp\/v2\/types\/post"}],"author":[{"embeddable":true,"href":"https:\/\/joyana.fr\/en\/wp-json\/wp\/v2\/users\/3"}],"replies":[{"embeddable":true,"href":"https:\/\/joyana.fr\/en\/wp-json\/wp\/v2\/comments?post=100359"}],"version-history":[{"count":0,"href":"https:\/\/joyana.fr\/en\/wp-json\/wp\/v2\/posts\/100359\/revisions"}],"wp:featuredmedia":[{"embeddable":true,"href":"https:\/\/joyana.fr\/en\/wp-json\/wp\/v2\/media\/117337"}],"wp:attachment":[{"href":"https:\/\/joyana.fr\/en\/wp-json\/wp\/v2\/media?parent=100359"}],"wp:term":[{"taxonomy":"category","embeddable":true,"href":"https:\/\/joyana.fr\/en\/wp-json\/wp\/v2\/categories?post=100359"},{"taxonomy":"post_tag","embeddable":true,"href":"https:\/\/joyana.fr\/en\/wp-json\/wp\/v2\/tags?post=100359"}],"curies":[{"name":"wp","href":"https:\/\/api.w.org\/{rel}","templated":true}]}}