{"id":100719,"date":"2008-03-15T16:19:46","date_gmt":"2008-03-15T15:19:46","guid":{"rendered":"https:\/\/joyana.fr\/artydandy-au-bon-marche-rive-gauche\/"},"modified":"2008-03-15T16:19:46","modified_gmt":"2008-03-15T15:19:46","slug":"artydandy-au-bon-marche-rive-gauche","status":"publish","type":"post","link":"https:\/\/joyana.fr\/en\/artydandy-au-bon-marche-rive-gauche\/100719\/","title":{"rendered":"ARTYDANDY au Bon March\u00e9 Rive Gauche"},"content":{"rendered":"<p><strong>ARTYDANDY<\/strong> le d\u00e9sormais c\u00e9l\u00e8bre galerie-store s\u2019installe au rez-de-chauss\u00e9e du <strong>Bon March\u00e9 Rive Gauche<\/strong> du 29 Mars au 24 Mai.<\/p>\n<p><img data-recalc-dims=\"1\" fetchpriority=\"high\" decoding=\"async\" src=\"https:\/\/i0.wp.com\/joyana.fr\/wp-content\/uploads\/artu-dandy-bon-marche.jpg?resize=500%2C375&#038;ssl=1\" alt=\"ARTYDANDY au Bon March\u00e9 Rive Gauche\" align=\"top\" border=\"0\" height=\"375\" hspace=\"8\" width=\"500\" \/><\/p>\n<p>On vous parl\u00e9 il y a quelques mois du nouveau concept <a href=\"https:\/\/joyana.fr\/sas-arty-dandy-la-galerie-store-design\/\" target=\"_blank\"><strong>ARTYDANDY<\/strong><\/a>&#8230; son cr\u00e9ateur <strong>Axel Teinturier<\/strong> vous propose une s\u00e9lection d\u2019objets singuliers (Cr\u00e9ations en pi\u00e8ce unique, \u00e9ditions limit\u00e9es, articles rares mais toujours contemporains).<\/p>\n<p><strong>ARTYDANDY <\/strong>est invit\u00e9 a expos\u00e9 sur 50m\u00b2 pendant deux mois au rez-de-chauss\u00e9e du <strong>Bon March\u00e9 Rive Gauche<\/strong>,<strong> <\/strong>et le castings d\u2019objets est impressionant.<\/p>\n<p>Parmi toutes les exclusivit\u00e9s vous retrouverez les vases<strong> NEOS<\/strong> de <strong>Fr\u00e9d\u00e9ric Ruyant<\/strong>, les derniers vases d\u2019<strong>Arik L\u00e9vy<\/strong> pour <strong>Gaia &#038; Gino<\/strong>, les pi\u00e8ces d\u2019<strong>Alice Mara<\/strong>&#8230;<\/p>\n<p><img data-recalc-dims=\"1\" decoding=\"async\" src=\"https:\/\/i0.wp.com\/joyana.fr\/wp-content\/uploads\/arty-dandy-bon-marche-nios.jpg?resize=500%2C353&#038;ssl=1\" alt=\"ARTY DANDY BON MARCHE vases\" align=\"top\" border=\"0\" height=\"353\" hspace=\"8\" width=\"500\" \/><\/p>\n<p><strong><font size=\"1\">Vase NEOS par Fr\u00e9d\u00e9ric Ruyant (20ex)<\/font><\/strong><\/p>\n<p>Les partenaires de l\u2019\u00e9v\u00e8nement sont <strong>Ibride<\/strong> et <strong>LUNATICCONSTRUCTION<\/strong> avec ses c\u00e9l\u00e8bres <a href=\"https:\/\/joyana.fr\/lunablocks-par-lunaticconstruction\/\" target=\"_blank\"><strong>LunaBlocks<\/strong><\/a>.<\/p>\n<p><img data-recalc-dims=\"1\" decoding=\"async\" src=\"https:\/\/i0.wp.com\/joyana.fr\/wp-content\/uploads\/arty-dandy-bon-marche-luna.jpg?resize=500%2C334&#038;ssl=1\" alt=\"ARTYDANDY au Bon March\u00e9 Rive Gauche\" align=\"top\" border=\"0\" height=\"334\" hspace=\"8\" width=\"500\" \/><\/p>\n<p><strong><font size=\"1\">LunaBlocks par LUNATICCONSTRUCTION<\/font><\/strong><\/p>\n<p><strong>ARTYDANDY <\/strong>c\u2019est aussi de la <strong>mode<\/strong>,des <strong>ouvrages d\u2019exeptions<\/strong> et de <strong>l\u2019art contemporain<\/strong>, vous retrouvez au <strong>Bon March\u00e9<\/strong> entre autres : les Tops de <strong>Tricolore Paris<\/strong>, les portraits de <strong>Kate Moss<\/strong> par <strong>Roman Moriceau<\/strong>, trois clich\u00e9s <strong>&#8220;backstage&#8221;<\/strong> de <strong>G\u00e9rard Uf\u00e9ras<\/strong>&#8230;<\/p>\n<p><img data-recalc-dims=\"1\" loading=\"lazy\" decoding=\"async\" src=\"https:\/\/i0.wp.com\/joyana.fr\/wp-content\/uploads\/arty-dandy-gerard-uferas-1.jpg?resize=500%2C328&#038;ssl=1\" alt=\"ARTY DANDY Gerard Uferas\" align=\"top\" border=\"0\" height=\"328\" hspace=\"8\" width=\"500\" \/><\/p>\n<p><font size=\"1\"><strong>Trois clich\u00e9s &#8220;backstage&#8221; de G\u00e9rard Uf\u00e9ras (15ex)<\/strong><\/font><\/p>\n<p><strong>Le BON MARCHE RIVE GAUCHE, 24 rue de S\u00e8vres, Paris 7.<\/strong><\/p>\n<p><strong>Du lundi au vendredi de 9h30 \u00e0 19h et le samedi jusqu\u2019a 20h <\/strong><\/p>\n<p><strong>Nocturne le jeudi de 10h \u00e0 21h.<\/strong><\/p>\n<p><a href=\"http:\/\/artydandy.com\"><strong>http:\/\/artydandy.com<\/strong><\/a><\/p>\n<p><a href=\"http:\/\/jo_yana@hotmail.com\" target=\"_blank\">Jo Yana<\/a><\/p>\n","protected":false},"excerpt":{"rendered":"<p>ARTYDANDY le d\u00e9sormais c\u00e9l\u00e8bre galerie-store s\u2019installe au rez-de-chauss\u00e9e du Bon March\u00e9 Rive Gauche du 29 Mars au 24 Mai. On vous parl\u00e9 il y a quelques mois du nouveau concept ARTYDANDY&#8230; son cr\u00e9ateur Axel Teinturier vous propose une s\u00e9lection d\u2019objets singuliers (Cr\u00e9ations en pi\u00e8ce unique, \u00e9ditions limit\u00e9es, articles rares mais toujours contemporains). ARTYDANDY est invit\u00e9 [&hellip;]<\/p>\n","protected":false},"author":3,"featured_media":124300,"comment_status":"open","ping_status":"open","sticky":false,"template":"","format":"standard","meta":{"_coblocks_attr":"","_coblocks_dimensions":"","_coblocks_responsive_height":"","_coblocks_accordion_ie_support":"","_uag_custom_page_level_css":"","advgb_blocks_editor_width":"","advgb_blocks_columns_visual_guide":"","_genesis_hide_title":false,"_genesis_hide_breadcrumbs":false,"_genesis_hide_singular_image":false,"_genesis_hide_footer_widgets":false,"_genesis_custom_body_class":"","_genesis_custom_post_class":"","_genesis_layout":"","_themeisle_gutenberg_block_has_review":false,"_jetpack_newsletter_access":"","_jetpack_dont_email_post_to_subs":false,"_jetpack_newsletter_tier_id":0,"_jetpack_memberships_contains_paywalled_content":false,"_jetpack_memberships_contains_paid_content":false,"footnotes":""},"categories":[905,921],"tags":[943,999,12],"class_list":{"0":"post-100719","1":"post","2":"type-post","3":"status-publish","4":"format-standard","5":"has-post-thumbnail","7":"category-deco-design","8":"category-lieux-design","9":"tag-art-contemporain","10":"tag-boutique","11":"tag-paris","12":"entry"},"featured_image_urls":{"full":["https:\/\/i0.wp.com\/joyana.fr\/wp-content\/uploads\/2016\/08\/joyana-logo-black-360x180.png?fit=360%2C180&ssl=1",360,180,false],"thumbnail":["https:\/\/i0.wp.com\/joyana.fr\/wp-content\/uploads\/2016\/08\/joyana-logo-black-360x180.png?resize=150%2C150&ssl=1",150,150,true],"medium":["https:\/\/i0.wp.com\/joyana.fr\/wp-content\/uploads\/2016\/08\/joyana-logo-black-360x180.png?fit=360%2C180&ssl=1",360,180,true],"medium_large":["https:\/\/i0.wp.com\/joyana.fr\/wp-content\/uploads\/2016\/08\/joyana-logo-black-360x180.png?fit=360%2C180&ssl=1",360,180,true],"large":["https:\/\/i0.wp.com\/joyana.fr\/wp-content\/uploads\/2016\/08\/joyana-logo-black-360x180.png?fit=360%2C180&ssl=1",360,180,true],"1536x1536":["https:\/\/i0.wp.com\/joyana.fr\/wp-content\/uploads\/2016\/08\/joyana-logo-black-360x180.png?fit=360%2C180&ssl=1",360,180,true],"2048x2048":["https:\/\/i0.wp.com\/joyana.fr\/wp-content\/uploads\/2016\/08\/joyana-logo-black-360x180.png?fit=360%2C180&ssl=1",360,180,true],"featured-thumb":["https:\/\/i0.wp.com\/joyana.fr\/wp-content\/uploads\/2016\/08\/joyana-logo-black-360x180.png?resize=360%2C180&ssl=1",360,180,true],"ab-block-post-grid-landscape":["https:\/\/i0.wp.com\/joyana.fr\/wp-content\/uploads\/2016\/08\/joyana-logo-black-360x180.png?resize=360%2C180&ssl=1",360,180,true],"ab-block-post-grid-square":["https:\/\/i0.wp.com\/joyana.fr\/wp-content\/uploads\/2016\/08\/joyana-logo-black-360x180.png?resize=360%2C180&ssl=1",360,180,true],"author-pro-image":["https:\/\/i0.wp.com\/joyana.fr\/wp-content\/uploads\/2016\/08\/joyana-logo-black-360x180.png?resize=360%2C180&ssl=1",360,180,true],"slider":["https:\/\/i0.wp.com\/joyana.fr\/wp-content\/uploads\/2016\/08\/joyana-logo-black-360x180.png?resize=360%2C180&ssl=1",360,180,true],"woocommerce_thumbnail":["https:\/\/i0.wp.com\/joyana.fr\/wp-content\/uploads\/2016\/08\/joyana-logo-black-360x180.png?resize=300%2C180&ssl=1",300,180,true],"woocommerce_single":["https:\/\/i0.wp.com\/joyana.fr\/wp-content\/uploads\/2016\/08\/joyana-logo-black-360x180.png?fit=360%2C180&ssl=1",360,180,true],"woocommerce_gallery_thumbnail":["https:\/\/i0.wp.com\/joyana.fr\/wp-content\/uploads\/2016\/08\/joyana-logo-black-360x180.png?resize=180%2C180&ssl=1",180,180,true],"sow-carousel-default":["https:\/\/i0.wp.com\/joyana.fr\/wp-content\/uploads\/2016\/08\/joyana-logo-black-360x180.png?resize=272%2C180&ssl=1",272,180,true]},"post_excerpt_stackable":"<p>ARTYDANDY le d\u00e9sormais c\u00e9l\u00e8bre galerie-store s\u2019installe au rez-de-chauss\u00e9e du Bon March\u00e9 Rive Gauche du 29 Mars au 24 Mai. On vous parl\u00e9 il y a quelques mois du nouveau concept ARTYDANDY&#8230; son cr\u00e9ateur Axel Teinturier vous propose une s\u00e9lection d\u2019objets singuliers (Cr\u00e9ations en pi\u00e8ce unique, \u00e9ditions limit\u00e9es, articles rares mais toujours contemporains). ARTYDANDY est invit\u00e9 a expos\u00e9 sur 50m\u00b2 pendant deux mois au rez-de-chauss\u00e9e du Bon March\u00e9 Rive Gauche, et le castings d\u2019objets est impressionant. Parmi toutes les exclusivit\u00e9s vous retrouverez les vases NEOS de Fr\u00e9d\u00e9ric Ruyant, les derniers vases d\u2019Arik L\u00e9vy pour Gaia &#038; Gino, les pi\u00e8ces d\u2019Alice Mara&#8230;&hellip;<\/p>\n","category_list":"<a href=\"https:\/\/joyana.fr\/en\/category\/deco-design\/\" rel=\"category tag\">DECO-DESIGN<\/a>, <a href=\"https:\/\/joyana.fr\/en\/category\/deco-design\/architecture-deco-design\/lieux-design\/\" rel=\"category tag\">Lieux<\/a>","author_info":{"display_name":"Jo Yana","author_link":"https:\/\/joyana.fr\/en\/author\/joyana\/"},"comments_num":"1 comment","featured_image_urls_v2":{"full":["https:\/\/i0.wp.com\/joyana.fr\/wp-content\/uploads\/2016\/08\/joyana-logo-black-360x180.png?fit=360%2C180&ssl=1",360,180,false],"thumbnail":["https:\/\/i0.wp.com\/joyana.fr\/wp-content\/uploads\/2016\/08\/joyana-logo-black-360x180.png?resize=150%2C150&ssl=1",150,150,true],"medium":["https:\/\/i0.wp.com\/joyana.fr\/wp-content\/uploads\/2016\/08\/joyana-logo-black-360x180.png?fit=360%2C180&ssl=1",360,180,true],"medium_large":["https:\/\/i0.wp.com\/joyana.fr\/wp-content\/uploads\/2016\/08\/joyana-logo-black-360x180.png?fit=360%2C180&ssl=1",360,180,true],"large":["https:\/\/i0.wp.com\/joyana.fr\/wp-content\/uploads\/2016\/08\/joyana-logo-black-360x180.png?fit=360%2C180&ssl=1",360,180,true],"1536x1536":["https:\/\/i0.wp.com\/joyana.fr\/wp-content\/uploads\/2016\/08\/joyana-logo-black-360x180.png?fit=360%2C180&ssl=1",360,180,true],"2048x2048":["https:\/\/i0.wp.com\/joyana.fr\/wp-content\/uploads\/2016\/08\/joyana-logo-black-360x180.png?fit=360%2C180&ssl=1",360,180,true],"featured-thumb":["https:\/\/i0.wp.com\/joyana.fr\/wp-content\/uploads\/2016\/08\/joyana-logo-black-360x180.png?resize=360%2C180&ssl=1",360,180,true],"ab-block-post-grid-landscape":["https:\/\/i0.wp.com\/joyana.fr\/wp-content\/uploads\/2016\/08\/joyana-logo-black-360x180.png?resize=360%2C180&ssl=1",360,180,true],"ab-block-post-grid-square":["https:\/\/i0.wp.com\/joyana.fr\/wp-content\/uploads\/2016\/08\/joyana-logo-black-360x180.png?resize=360%2C180&ssl=1",360,180,true],"author-pro-image":["https:\/\/i0.wp.com\/joyana.fr\/wp-content\/uploads\/2016\/08\/joyana-logo-black-360x180.png?resize=360%2C180&ssl=1",360,180,true],"slider":["https:\/\/i0.wp.com\/joyana.fr\/wp-content\/uploads\/2016\/08\/joyana-logo-black-360x180.png?resize=360%2C180&ssl=1",360,180,true],"woocommerce_thumbnail":["https:\/\/i0.wp.com\/joyana.fr\/wp-content\/uploads\/2016\/08\/joyana-logo-black-360x180.png?resize=300%2C180&ssl=1",300,180,true],"woocommerce_single":["https:\/\/i0.wp.com\/joyana.fr\/wp-content\/uploads\/2016\/08\/joyana-logo-black-360x180.png?fit=360%2C180&ssl=1",360,180,true],"woocommerce_gallery_thumbnail":["https:\/\/i0.wp.com\/joyana.fr\/wp-content\/uploads\/2016\/08\/joyana-logo-black-360x180.png?resize=180%2C180&ssl=1",180,180,true],"sow-carousel-default":["https:\/\/i0.wp.com\/joyana.fr\/wp-content\/uploads\/2016\/08\/joyana-logo-black-360x180.png?resize=272%2C180&ssl=1",272,180,true]},"post_excerpt_stackable_v2":"<p>ARTYDANDY le d\u00e9sormais c\u00e9l\u00e8bre galerie-store s\u2019installe au rez-de-chauss\u00e9e du Bon March\u00e9 Rive Gauche du 29 Mars au 24 Mai. On vous parl\u00e9 il y a quelques mois du nouveau concept ARTYDANDY&#8230; son cr\u00e9ateur Axel Teinturier vous propose une s\u00e9lection d\u2019objets singuliers (Cr\u00e9ations en pi\u00e8ce unique, \u00e9ditions limit\u00e9es, articles rares mais toujours contemporains). ARTYDANDY est invit\u00e9 a expos\u00e9 sur 50m\u00b2 pendant deux mois au rez-de-chauss\u00e9e du Bon March\u00e9 Rive Gauche, et le castings d\u2019objets est impressionant. Parmi toutes les exclusivit\u00e9s vous retrouverez les vases NEOS de Fr\u00e9d\u00e9ric Ruyant, les derniers vases d\u2019Arik L\u00e9vy pour Gaia &#038; Gino, les pi\u00e8ces d\u2019Alice Mara&#8230;&hellip;<\/p>\n","category_list_v2":"<a href=\"https:\/\/joyana.fr\/en\/category\/deco-design\/\" rel=\"category tag\">DECO-DESIGN<\/a>, <a href=\"https:\/\/joyana.fr\/en\/category\/deco-design\/architecture-deco-design\/lieux-design\/\" rel=\"category tag\">Lieux<\/a>","author_info_v2":{"name":"Jo Yana","url":"https:\/\/joyana.fr\/en\/author\/joyana\/"},"comments_num_v2":"1 comment","yoast_head":"<!-- This site is optimized with the Yoast SEO plugin v26.8 - https:\/\/yoast.com\/product\/yoast-seo-wordpress\/ -->\n<title>ARTYDANDY au Bon March\u00e9 Rive Gauche - JO YANA<\/title>\n<meta name=\"robots\" content=\"index, follow, max-snippet:-1, max-image-preview:large, max-video-preview:-1\" \/>\n<link rel=\"canonical\" href=\"https:\/\/joyana.fr\/en\/artydandy-au-bon-marche-rive-gauche\/100719\/\" \/>\n<meta property=\"og:locale\" content=\"en_US\" \/>\n<meta property=\"og:locale:alternate\" content=\"fr_FR\" \/>\n<meta property=\"og:locale:alternate\" content=\"ja\" \/>\n<meta property=\"og:type\" content=\"article\" \/>\n<meta property=\"og:title\" content=\"ARTYDANDY au Bon March\u00e9 Rive Gauche - JO YANA\" \/>\n<meta property=\"og:description\" content=\"ARTYDANDY le d\u00e9sormais c\u00e9l\u00e8bre galerie-store s\u2019installe au rez-de-chauss\u00e9e du Bon March\u00e9 Rive Gauche du 29 Mars au 24 Mai. On vous parl\u00e9 il y a quelques mois du nouveau concept ARTYDANDY&#8230; son cr\u00e9ateur Axel Teinturier vous propose une s\u00e9lection d\u2019objets singuliers (Cr\u00e9ations en pi\u00e8ce unique, \u00e9ditions limit\u00e9es, articles rares mais toujours contemporains). ARTYDANDY est invit\u00e9 [&hellip;]\" \/>\n<meta property=\"og:url\" content=\"https:\/\/joyana.fr\/en\/artydandy-au-bon-marche-rive-gauche\/100719\/\" \/>\n<meta property=\"og:site_name\" content=\"JO YANA\" \/>\n<meta property=\"article:published_time\" content=\"2008-03-15T15:19:46+00:00\" \/>\n<meta property=\"og:image\" content=\"https:\/\/joyana.fr\/wp-content\/uploads\/2016\/08\/joyana-logo-black-360x180.png\" \/>\n\t<meta property=\"og:image:width\" content=\"360\" \/>\n\t<meta property=\"og:image:height\" content=\"180\" \/>\n\t<meta property=\"og:image:type\" content=\"image\/png\" \/>\n<meta name=\"author\" content=\"Jo Yana\" \/>\n<meta name=\"twitter:card\" content=\"summary_large_image\" \/>\n<meta name=\"twitter:creator\" content=\"@Jo_Yana\" \/>\n<meta name=\"twitter:site\" content=\"@Jo_Yana\" \/>\n<meta name=\"twitter:label1\" content=\"Written by\" \/>\n\t<meta name=\"twitter:data1\" content=\"Jo Yana\" \/>\n\t<meta name=\"twitter:label2\" content=\"Est. reading time\" \/>\n\t<meta name=\"twitter:data2\" content=\"1 minute\" \/>\n<script type=\"application\/ld+json\" class=\"yoast-schema-graph\">{\"@context\":\"https:\/\/schema.org\",\"@graph\":[{\"@type\":\"Article\",\"@id\":\"https:\/\/joyana.fr\/artydandy-au-bon-marche-rive-gauche\/100719\/#article\",\"isPartOf\":{\"@id\":\"https:\/\/joyana.fr\/artydandy-au-bon-marche-rive-gauche\/100719\/\"},\"author\":{\"name\":\"Jo Yana\",\"@id\":\"https:\/\/joyana.fr\/#\/schema\/person\/cf2a1ad12a27c12c21801075bf37407c\"},\"headline\":\"ARTYDANDY au Bon March\u00e9 Rive Gauche\",\"datePublished\":\"2008-03-15T15:19:46+00:00\",\"mainEntityOfPage\":{\"@id\":\"https:\/\/joyana.fr\/artydandy-au-bon-marche-rive-gauche\/100719\/\"},\"wordCount\":239,\"commentCount\":1,\"publisher\":{\"@id\":\"https:\/\/joyana.fr\/#\/schema\/person\/cf2a1ad12a27c12c21801075bf37407c\"},\"image\":{\"@id\":\"https:\/\/joyana.fr\/artydandy-au-bon-marche-rive-gauche\/100719\/#primaryimage\"},\"thumbnailUrl\":\"https:\/\/i0.wp.com\/joyana.fr\/wp-content\/uploads\/2016\/08\/joyana-logo-black-360x180.png?fit=360%2C180&ssl=1\",\"keywords\":[\"Art Contemporain\",\"Boutique\",\"Paris\"],\"articleSection\":[\"DECO-DESIGN\",\"Lieux\"],\"inLanguage\":\"en-US\",\"potentialAction\":[{\"@type\":\"CommentAction\",\"name\":\"Comment\",\"target\":[\"https:\/\/joyana.fr\/artydandy-au-bon-marche-rive-gauche\/100719\/#respond\"]}]},{\"@type\":\"WebPage\",\"@id\":\"https:\/\/joyana.fr\/artydandy-au-bon-marche-rive-gauche\/100719\/\",\"url\":\"https:\/\/joyana.fr\/artydandy-au-bon-marche-rive-gauche\/100719\/\",\"name\":\"ARTYDANDY au Bon March\u00e9 Rive Gauche - JO YANA\",\"isPartOf\":{\"@id\":\"https:\/\/joyana.fr\/#website\"},\"primaryImageOfPage\":{\"@id\":\"https:\/\/joyana.fr\/artydandy-au-bon-marche-rive-gauche\/100719\/#primaryimage\"},\"image\":{\"@id\":\"https:\/\/joyana.fr\/artydandy-au-bon-marche-rive-gauche\/100719\/#primaryimage\"},\"thumbnailUrl\":\"https:\/\/i0.wp.com\/joyana.fr\/wp-content\/uploads\/2016\/08\/joyana-logo-black-360x180.png?fit=360%2C180&ssl=1\",\"datePublished\":\"2008-03-15T15:19:46+00:00\",\"breadcrumb\":{\"@id\":\"https:\/\/joyana.fr\/artydandy-au-bon-marche-rive-gauche\/100719\/#breadcrumb\"},\"inLanguage\":\"en-US\",\"potentialAction\":[{\"@type\":\"ReadAction\",\"target\":[\"https:\/\/joyana.fr\/artydandy-au-bon-marche-rive-gauche\/100719\/\"]}]},{\"@type\":\"ImageObject\",\"inLanguage\":\"en-US\",\"@id\":\"https:\/\/joyana.fr\/artydandy-au-bon-marche-rive-gauche\/100719\/#primaryimage\",\"url\":\"https:\/\/i0.wp.com\/joyana.fr\/wp-content\/uploads\/2016\/08\/joyana-logo-black-360x180.png?fit=360%2C180&ssl=1\",\"contentUrl\":\"https:\/\/i0.wp.com\/joyana.fr\/wp-content\/uploads\/2016\/08\/joyana-logo-black-360x180.png?fit=360%2C180&ssl=1\",\"width\":360,\"height\":180,\"caption\":\"logo joyana.fr\"},{\"@type\":\"BreadcrumbList\",\"@id\":\"https:\/\/joyana.fr\/artydandy-au-bon-marche-rive-gauche\/100719\/#breadcrumb\",\"itemListElement\":[{\"@type\":\"ListItem\",\"position\":1,\"name\":\"Accueil\",\"item\":\"https:\/\/joyana.fr\/\"},{\"@type\":\"ListItem\",\"position\":2,\"name\":\"ARTYDANDY au Bon March\u00e9 Rive Gauche\"}]},{\"@type\":\"WebSite\",\"@id\":\"https:\/\/joyana.fr\/#website\",\"url\":\"https:\/\/joyana.fr\/\",\"name\":\"JO YANA\",\"description\":\"Blog Mode Homme, Lifestyle, D\u00e9co-Design\",\"publisher\":{\"@id\":\"https:\/\/joyana.fr\/#\/schema\/person\/cf2a1ad12a27c12c21801075bf37407c\"},\"potentialAction\":[{\"@type\":\"SearchAction\",\"target\":{\"@type\":\"EntryPoint\",\"urlTemplate\":\"https:\/\/joyana.fr\/?s={search_term_string}\"},\"query-input\":{\"@type\":\"PropertyValueSpecification\",\"valueRequired\":true,\"valueName\":\"search_term_string\"}}],\"inLanguage\":\"en-US\"},{\"@type\":[\"Person\",\"Organization\"],\"@id\":\"https:\/\/joyana.fr\/#\/schema\/person\/cf2a1ad12a27c12c21801075bf37407c\",\"name\":\"Jo Yana\",\"image\":{\"@type\":\"ImageObject\",\"inLanguage\":\"en-US\",\"@id\":\"https:\/\/joyana.fr\/#\/schema\/person\/image\/\",\"url\":\"https:\/\/i0.wp.com\/joyana.fr\/wp-content\/uploads\/2016\/08\/cropped-joyana-logo-black-360x180.png?fit=343%2C164&ssl=1\",\"contentUrl\":\"https:\/\/i0.wp.com\/joyana.fr\/wp-content\/uploads\/2016\/08\/cropped-joyana-logo-black-360x180.png?fit=343%2C164&ssl=1\",\"width\":343,\"height\":164,\"caption\":\"Jo Yana\"},\"logo\":{\"@id\":\"https:\/\/joyana.fr\/#\/schema\/person\/image\/\"},\"description\":\"Jo Yana est le cr\u00e9ateur et r\u00e9dacteur en chef des sites DECO-DESIGN. Passionn\u00e9 de Design, Mode, Photo, Luxe, Lifestyle, Musique, mais avant tout Blogueur ! Le plaisir de partager l'anime et a comme devise \\\"POUR L'AMOUR DU BEAU\\\". Retrouvez le aussi sur son blog personnel - https:\/\/joyana.fr...\",\"sameAs\":[\"https:\/\/joyana.fr\/\"],\"url\":\"https:\/\/joyana.fr\/en\/author\/joyana\/\"}]}<\/script>\n<!-- \/ Yoast SEO plugin. -->","yoast_head_json":{"title":"ARTYDANDY au Bon March\u00e9 Rive Gauche - JO YANA","robots":{"index":"index","follow":"follow","max-snippet":"max-snippet:-1","max-image-preview":"max-image-preview:large","max-video-preview":"max-video-preview:-1"},"canonical":"https:\/\/joyana.fr\/en\/artydandy-au-bon-marche-rive-gauche\/100719\/","og_locale":"en_US","og_type":"article","og_title":"ARTYDANDY au Bon March\u00e9 Rive Gauche - JO YANA","og_description":"ARTYDANDY le d\u00e9sormais c\u00e9l\u00e8bre galerie-store s\u2019installe au rez-de-chauss\u00e9e du Bon March\u00e9 Rive Gauche du 29 Mars au 24 Mai. On vous parl\u00e9 il y a quelques mois du nouveau concept ARTYDANDY&#8230; son cr\u00e9ateur Axel Teinturier vous propose une s\u00e9lection d\u2019objets singuliers (Cr\u00e9ations en pi\u00e8ce unique, \u00e9ditions limit\u00e9es, articles rares mais toujours contemporains). ARTYDANDY est invit\u00e9 [&hellip;]","og_url":"https:\/\/joyana.fr\/en\/artydandy-au-bon-marche-rive-gauche\/100719\/","og_site_name":"JO YANA","article_published_time":"2008-03-15T15:19:46+00:00","og_image":[{"width":360,"height":180,"url":"https:\/\/joyana.fr\/wp-content\/uploads\/2016\/08\/joyana-logo-black-360x180.png","type":"image\/png"}],"author":"Jo Yana","twitter_card":"summary_large_image","twitter_creator":"@Jo_Yana","twitter_site":"@Jo_Yana","twitter_misc":{"Written by":"Jo Yana","Est. reading time":"1 minute"},"schema":{"@context":"https:\/\/schema.org","@graph":[{"@type":"Article","@id":"https:\/\/joyana.fr\/artydandy-au-bon-marche-rive-gauche\/100719\/#article","isPartOf":{"@id":"https:\/\/joyana.fr\/artydandy-au-bon-marche-rive-gauche\/100719\/"},"author":{"name":"Jo Yana","@id":"https:\/\/joyana.fr\/#\/schema\/person\/cf2a1ad12a27c12c21801075bf37407c"},"headline":"ARTYDANDY au Bon March\u00e9 Rive Gauche","datePublished":"2008-03-15T15:19:46+00:00","mainEntityOfPage":{"@id":"https:\/\/joyana.fr\/artydandy-au-bon-marche-rive-gauche\/100719\/"},"wordCount":239,"commentCount":1,"publisher":{"@id":"https:\/\/joyana.fr\/#\/schema\/person\/cf2a1ad12a27c12c21801075bf37407c"},"image":{"@id":"https:\/\/joyana.fr\/artydandy-au-bon-marche-rive-gauche\/100719\/#primaryimage"},"thumbnailUrl":"https:\/\/i0.wp.com\/joyana.fr\/wp-content\/uploads\/2016\/08\/joyana-logo-black-360x180.png?fit=360%2C180&ssl=1","keywords":["Art Contemporain","Boutique","Paris"],"articleSection":["DECO-DESIGN","Lieux"],"inLanguage":"en-US","potentialAction":[{"@type":"CommentAction","name":"Comment","target":["https:\/\/joyana.fr\/artydandy-au-bon-marche-rive-gauche\/100719\/#respond"]}]},{"@type":"WebPage","@id":"https:\/\/joyana.fr\/artydandy-au-bon-marche-rive-gauche\/100719\/","url":"https:\/\/joyana.fr\/artydandy-au-bon-marche-rive-gauche\/100719\/","name":"ARTYDANDY au Bon March\u00e9 Rive Gauche - JO YANA","isPartOf":{"@id":"https:\/\/joyana.fr\/#website"},"primaryImageOfPage":{"@id":"https:\/\/joyana.fr\/artydandy-au-bon-marche-rive-gauche\/100719\/#primaryimage"},"image":{"@id":"https:\/\/joyana.fr\/artydandy-au-bon-marche-rive-gauche\/100719\/#primaryimage"},"thumbnailUrl":"https:\/\/i0.wp.com\/joyana.fr\/wp-content\/uploads\/2016\/08\/joyana-logo-black-360x180.png?fit=360%2C180&ssl=1","datePublished":"2008-03-15T15:19:46+00:00","breadcrumb":{"@id":"https:\/\/joyana.fr\/artydandy-au-bon-marche-rive-gauche\/100719\/#breadcrumb"},"inLanguage":"en-US","potentialAction":[{"@type":"ReadAction","target":["https:\/\/joyana.fr\/artydandy-au-bon-marche-rive-gauche\/100719\/"]}]},{"@type":"ImageObject","inLanguage":"en-US","@id":"https:\/\/joyana.fr\/artydandy-au-bon-marche-rive-gauche\/100719\/#primaryimage","url":"https:\/\/i0.wp.com\/joyana.fr\/wp-content\/uploads\/2016\/08\/joyana-logo-black-360x180.png?fit=360%2C180&ssl=1","contentUrl":"https:\/\/i0.wp.com\/joyana.fr\/wp-content\/uploads\/2016\/08\/joyana-logo-black-360x180.png?fit=360%2C180&ssl=1","width":360,"height":180,"caption":"logo joyana.fr"},{"@type":"BreadcrumbList","@id":"https:\/\/joyana.fr\/artydandy-au-bon-marche-rive-gauche\/100719\/#breadcrumb","itemListElement":[{"@type":"ListItem","position":1,"name":"Accueil","item":"https:\/\/joyana.fr\/"},{"@type":"ListItem","position":2,"name":"ARTYDANDY au Bon March\u00e9 Rive Gauche"}]},{"@type":"WebSite","@id":"https:\/\/joyana.fr\/#website","url":"https:\/\/joyana.fr\/","name":"JO YANA","description":"Blog Mode Homme, Lifestyle, D\u00e9co-Design","publisher":{"@id":"https:\/\/joyana.fr\/#\/schema\/person\/cf2a1ad12a27c12c21801075bf37407c"},"potentialAction":[{"@type":"SearchAction","target":{"@type":"EntryPoint","urlTemplate":"https:\/\/joyana.fr\/?s={search_term_string}"},"query-input":{"@type":"PropertyValueSpecification","valueRequired":true,"valueName":"search_term_string"}}],"inLanguage":"en-US"},{"@type":["Person","Organization"],"@id":"https:\/\/joyana.fr\/#\/schema\/person\/cf2a1ad12a27c12c21801075bf37407c","name":"Jo Yana","image":{"@type":"ImageObject","inLanguage":"en-US","@id":"https:\/\/joyana.fr\/#\/schema\/person\/image\/","url":"https:\/\/i0.wp.com\/joyana.fr\/wp-content\/uploads\/2016\/08\/cropped-joyana-logo-black-360x180.png?fit=343%2C164&ssl=1","contentUrl":"https:\/\/i0.wp.com\/joyana.fr\/wp-content\/uploads\/2016\/08\/cropped-joyana-logo-black-360x180.png?fit=343%2C164&ssl=1","width":343,"height":164,"caption":"Jo Yana"},"logo":{"@id":"https:\/\/joyana.fr\/#\/schema\/person\/image\/"},"description":"Jo Yana est le cr\u00e9ateur et r\u00e9dacteur en chef des sites DECO-DESIGN. Passionn\u00e9 de Design, Mode, Photo, Luxe, Lifestyle, Musique, mais avant tout Blogueur ! Le plaisir de partager l'anime et a comme devise \"POUR L'AMOUR DU BEAU\". Retrouvez le aussi sur son blog personnel - https:\/\/joyana.fr...","sameAs":["https:\/\/joyana.fr\/"],"url":"https:\/\/joyana.fr\/en\/author\/joyana\/"}]}},"author_meta":{"display_name":"Jo Yana","author_link":"https:\/\/joyana.fr\/en\/author\/joyana\/"},"featured_img":"https:\/\/i0.wp.com\/joyana.fr\/wp-content\/uploads\/2016\/08\/joyana-logo-black-360x180.png?fit=360%2C180&ssl=1","featured_image_src":"https:\/\/i0.wp.com\/joyana.fr\/wp-content\/uploads\/2016\/08\/joyana-logo-black-360x180.png?resize=360%2C180&ssl=1","featured_image_src_square":"https:\/\/i0.wp.com\/joyana.fr\/wp-content\/uploads\/2016\/08\/joyana-logo-black-360x180.png?resize=360%2C180&ssl=1","jetpack_featured_media_url":"https:\/\/i0.wp.com\/joyana.fr\/wp-content\/uploads\/2016\/08\/joyana-logo-black-360x180.png?fit=360%2C180&ssl=1","uagb_featured_image_src":{"full":["https:\/\/i0.wp.com\/joyana.fr\/wp-content\/uploads\/2016\/08\/joyana-logo-black-360x180.png?fit=360%2C180&ssl=1",360,180,false],"thumbnail":["https:\/\/i0.wp.com\/joyana.fr\/wp-content\/uploads\/2016\/08\/joyana-logo-black-360x180.png?resize=150%2C150&ssl=1",150,150,true],"medium":["https:\/\/i0.wp.com\/joyana.fr\/wp-content\/uploads\/2016\/08\/joyana-logo-black-360x180.png?fit=360%2C180&ssl=1",360,180,true],"medium_large":["https:\/\/i0.wp.com\/joyana.fr\/wp-content\/uploads\/2016\/08\/joyana-logo-black-360x180.png?fit=360%2C180&ssl=1",360,180,true],"large":["https:\/\/i0.wp.com\/joyana.fr\/wp-content\/uploads\/2016\/08\/joyana-logo-black-360x180.png?fit=360%2C180&ssl=1",360,180,true],"1536x1536":["https:\/\/i0.wp.com\/joyana.fr\/wp-content\/uploads\/2016\/08\/joyana-logo-black-360x180.png?fit=360%2C180&ssl=1",360,180,true],"2048x2048":["https:\/\/i0.wp.com\/joyana.fr\/wp-content\/uploads\/2016\/08\/joyana-logo-black-360x180.png?fit=360%2C180&ssl=1",360,180,true],"featured-thumb":["https:\/\/i0.wp.com\/joyana.fr\/wp-content\/uploads\/2016\/08\/joyana-logo-black-360x180.png?resize=360%2C180&ssl=1",360,180,true],"ab-block-post-grid-landscape":["https:\/\/i0.wp.com\/joyana.fr\/wp-content\/uploads\/2016\/08\/joyana-logo-black-360x180.png?resize=360%2C180&ssl=1",360,180,true],"ab-block-post-grid-square":["https:\/\/i0.wp.com\/joyana.fr\/wp-content\/uploads\/2016\/08\/joyana-logo-black-360x180.png?resize=360%2C180&ssl=1",360,180,true],"author-pro-image":["https:\/\/i0.wp.com\/joyana.fr\/wp-content\/uploads\/2016\/08\/joyana-logo-black-360x180.png?resize=360%2C180&ssl=1",360,180,true],"slider":["https:\/\/i0.wp.com\/joyana.fr\/wp-content\/uploads\/2016\/08\/joyana-logo-black-360x180.png?resize=360%2C180&ssl=1",360,180,true],"woocommerce_thumbnail":["https:\/\/i0.wp.com\/joyana.fr\/wp-content\/uploads\/2016\/08\/joyana-logo-black-360x180.png?resize=300%2C180&ssl=1",300,180,true],"woocommerce_single":["https:\/\/i0.wp.com\/joyana.fr\/wp-content\/uploads\/2016\/08\/joyana-logo-black-360x180.png?fit=360%2C180&ssl=1",360,180,true],"woocommerce_gallery_thumbnail":["https:\/\/i0.wp.com\/joyana.fr\/wp-content\/uploads\/2016\/08\/joyana-logo-black-360x180.png?resize=180%2C180&ssl=1",180,180,true],"sow-carousel-default":["https:\/\/i0.wp.com\/joyana.fr\/wp-content\/uploads\/2016\/08\/joyana-logo-black-360x180.png?resize=272%2C180&ssl=1",272,180,true]},"uagb_author_info":{"display_name":"Jo Yana","author_link":"https:\/\/joyana.fr\/en\/author\/joyana\/"},"uagb_comment_info":1,"uagb_excerpt":"ARTYDANDY le d\u00e9sormais c\u00e9l\u00e8bre galerie-store s\u2019installe au rez-de-chauss\u00e9e du Bon March\u00e9 Rive Gauche du 29 Mars au 24 Mai. On vous parl\u00e9 il y a quelques mois du nouveau concept ARTYDANDY&#8230; son cr\u00e9ateur Axel Teinturier vous propose une s\u00e9lection d\u2019objets singuliers (Cr\u00e9ations en pi\u00e8ce unique, \u00e9ditions limit\u00e9es, articles rares mais toujours contemporains). ARTYDANDY est invit\u00e9&hellip;","coauthors":[],"tax_additional":{"categories":{"linked":["<a href=\"https:\/\/joyana.fr\/en\/category\/deco-design\/\" class=\"advgb-post-tax-term\">DECO-DESIGN<\/a>","<a href=\"https:\/\/joyana.fr\/en\/category\/deco-design\/architecture-deco-design\/lieux-design\/\" class=\"advgb-post-tax-term\">Lieux<\/a>"],"unlinked":["<span class=\"advgb-post-tax-term\">DECO-DESIGN<\/span>","<span class=\"advgb-post-tax-term\">Lieux<\/span>"]},"tags":{"linked":["<a href=\"https:\/\/joyana.fr\/en\/category\/deco-design\/architecture-deco-design\/lieux-design\/\" class=\"advgb-post-tax-term\">Art Contemporain<\/a>","<a href=\"https:\/\/joyana.fr\/en\/category\/deco-design\/architecture-deco-design\/lieux-design\/\" class=\"advgb-post-tax-term\">Boutique<\/a>","<a href=\"https:\/\/joyana.fr\/en\/category\/deco-design\/architecture-deco-design\/lieux-design\/\" class=\"advgb-post-tax-term\">Paris<\/a>"],"unlinked":["<span class=\"advgb-post-tax-term\">Art Contemporain<\/span>","<span class=\"advgb-post-tax-term\">Boutique<\/span>","<span class=\"advgb-post-tax-term\">Paris<\/span>"]}},"comment_count":1,"relative_dates":{"created":"Posted 18 years ago","modified":"Updated 18 years ago"},"absolute_dates":{"created":"Posted on 15 March 2008","modified":"Updated on 15 March 2008"},"absolute_dates_time":{"created":"Posted on 15 March 2008 16:19","modified":"Updated on 15 March 2008 16:19"},"featured_img_caption":"","series_order":"","jetpack_sharing_enabled":true,"jetpack_shortlink":"https:\/\/wp.me\/p9bteI-qcv","jetpack-related-posts":[],"_links":{"self":[{"href":"https:\/\/joyana.fr\/en\/wp-json\/wp\/v2\/posts\/100719","targetHints":{"allow":["GET"]}}],"collection":[{"href":"https:\/\/joyana.fr\/en\/wp-json\/wp\/v2\/posts"}],"about":[{"href":"https:\/\/joyana.fr\/en\/wp-json\/wp\/v2\/types\/post"}],"author":[{"embeddable":true,"href":"https:\/\/joyana.fr\/en\/wp-json\/wp\/v2\/users\/3"}],"replies":[{"embeddable":true,"href":"https:\/\/joyana.fr\/en\/wp-json\/wp\/v2\/comments?post=100719"}],"version-history":[{"count":0,"href":"https:\/\/joyana.fr\/en\/wp-json\/wp\/v2\/posts\/100719\/revisions"}],"wp:featuredmedia":[{"embeddable":true,"href":"https:\/\/joyana.fr\/en\/wp-json\/wp\/v2\/media\/124300"}],"wp:attachment":[{"href":"https:\/\/joyana.fr\/en\/wp-json\/wp\/v2\/media?parent=100719"}],"wp:term":[{"taxonomy":"category","embeddable":true,"href":"https:\/\/joyana.fr\/en\/wp-json\/wp\/v2\/categories?post=100719"},{"taxonomy":"post_tag","embeddable":true,"href":"https:\/\/joyana.fr\/en\/wp-json\/wp\/v2\/tags?post=100719"}],"curies":[{"name":"wp","href":"https:\/\/api.w.org\/{rel}","templated":true}]}}