{"id":100793,"date":"2008-03-30T04:38:08","date_gmt":"2008-03-30T03:38:08","guid":{"rendered":"https:\/\/joyana.fr\/glas-italia-collection-2008-chez-made-in-design\/"},"modified":"2008-03-30T04:38:08","modified_gmt":"2008-03-30T03:38:08","slug":"glas-italia-collection-2008-chez-made-in-design","status":"publish","type":"post","link":"https:\/\/joyana.fr\/en\/glas-italia-collection-2008-chez-made-in-design\/100793\/","title":{"rendered":"GLAS ITALIA Collection 2008 chez Made in Design"},"content":{"rendered":"<p><strong>Glas Italia<\/strong> d\u00e9voile sa <strong>collection 2008<\/strong>, en vente chez notre partenaire <strong>Made in Design<\/strong>.<\/p>\n<p><img data-recalc-dims=\"1\" fetchpriority=\"high\" decoding=\"async\" border=\"0\" align=\"top\" width=\"500\" src=\"https:\/\/i0.wp.com\/joyana.fr\/wp-content\/uploads\/glas-italia-5.jpg?resize=500%2C375&#038;ssl=1\" hspace=\"8\" alt=\"GLAS ITALIA Collection 2008 chez Made in Design\" height=\"375\" \/><\/p>\n<p><strong><font size=\"4\">Collection de tables basses Domino par Piero Lissoni :<\/font><\/strong><\/p>\n<p><em>Textes <strong>made in design<\/strong> : <\/em><\/p>\n<p><em>Domino est une collection de tables basses po\u00e9tiques, extr\u00eamement \u00e9l\u00e9gantes et tr\u00e8s a\u00e9riennes. Chacune des trois tables basses (\u2018\u2019Domino 1\u2019\u2019, \u2018\u2019Domino 2\u2019\u2019 et \u2018\u2019Domino 3\u2019\u2019) poss\u00e8de une forme et des dimensions particuli\u00e8res. Vendues s\u00e9par\u00e9ment, vous pouvez n\u2019en utiliser qu\u2019une seule ou bien en assembler plusieurs pour composer un superbe ensemble.<br \/>\nDomino 1 est un cube en verre transparent (40 x 40 cm x H 38) dont la surface est orn\u00e9e de motifs floraux. Des motifs po\u00e9tiques qui s\u2019\u00e9panouissent sur les quatre faces, cr\u00e9ant ainsi une alternance de vides et de pleins. Une d\u00e9coration particuli\u00e8rement raffin\u00e9e, comme si elle avait \u00e9t\u00e9 brod\u00e9e ! Vous pouvez l\u2019utiliser comme bout de canap\u00e9, table de chevet, petite table d\u2019appoint&#8230;<br \/>\nEn compl\u00e9ment de cette table, \u2019\u2019Domino\u2019\u2019 existe \u00e9galement en hauteur 20 cm (L 80 x l 40) et en hauteur 10 cm (80 cm x 80 cm) : n\u2019h\u00e9sitez pas \u00e0 m\u00e9langer les formes et les tailles !<\/em><\/p>\n<p>\u00a0 <a href=\"http:\/\/ad.zanox.com\/ppc\/?6065411C712194472T\"><img decoding=\"async\" border=\"0\" align=\"bottom\" width=\"468\" src=\"http:\/\/ad.zanox.com\/ppv\/?6065411C712194472\" hspace=\"1\" alt=\"Made In Design - Le leader du design\" height=\"60\" \/><\/a><\/p>\n<p><img data-recalc-dims=\"1\" decoding=\"async\" border=\"0\" align=\"top\" width=\"500\" src=\"https:\/\/i0.wp.com\/joyana.fr\/wp-content\/uploads\/glasitalia-3.jpg?resize=500%2C375&#038;ssl=1\" hspace=\"8\" alt=\"GLAS ITALIA Collection 2008 chez Made in Design\" height=\"375\" \/><\/p>\n<p><img data-recalc-dims=\"1\" loading=\"lazy\" decoding=\"async\" border=\"0\" align=\"top\" width=\"500\" src=\"https:\/\/i0.wp.com\/joyana.fr\/wp-content\/uploads\/glasitalia-2.jpg?resize=500%2C500&#038;ssl=1\" hspace=\"8\" alt=\"GLAS ITALIA Collection 2008 chez Made in Design\" height=\"500\" \/><\/p>\n<p><font size=\"4\"><strong>Table haute et table basse Atlantis par Lorenzo Arosio :<\/strong><\/font><\/p>\n<p><em>Un look minimaliste ultra moderne et un impact visuel fort ! Cette table conjugue harmonieusement la transparence absolue du verre \u00e0 des formes strictes et rigoureuses. D\u2019une extr\u00eame simplicit\u00e9, Atlantis devient un objet d\u00e9mat\u00e9rialis\u00e9, travers\u00e9 par la lumi\u00e8re&#8230; Dans la lign\u00e9e du \u2019\u2019no-design\u2019\u2019, cette table \u00e9limine le superflu et renonce au mani\u00e9risme stylistique. Une qu\u00eate de l\u2019essentiel obtenue gr\u00e2ce \u00e0 une parfaite ma\u00eetrise des techniques de fa\u00e7onnage du verre. Atlantis est constitu\u00e9e d\u2019un assemblage de plusieurs \u00e9paisseurs de verre tremp\u00e9, d\u00e9coup\u00e9 au jet d\u2019eau puis meul\u00e9. Glas utilise un verre extralight de tr\u00e8s haute qualit\u00e9 : solide et en m\u00eame temps d\u2019une transparence, d\u2019une nettet\u00e9 absolue.<br \/>\nLa table Atlantis se d\u00e9cline dans diff\u00e9rentes dimensions.<\/em><\/p>\n<p><em><img data-recalc-dims=\"1\" loading=\"lazy\" decoding=\"async\" border=\"0\" align=\"top\" width=\"500\" src=\"https:\/\/i0.wp.com\/joyana.fr\/wp-content\/uploads\/glasitalia-4.jpg?resize=500%2C375&#038;ssl=1\" hspace=\"8\" alt=\"GLAS ITALIA Collection 2008 chez Made in Design\" height=\"375\" \/><\/em><\/p>\n<p><font size=\"4\"><strong>Miroir lumineux Diva par Jean-Marie Massaud :<\/strong><\/font><\/p>\n<p><em>Le miroir \u2018\u2019Diva\u2019\u2019 est un concentr\u00e9 de f\u00e9minit\u00e9 et de romantisme. Le pompon rouge qui orne le miroir est un un attribut typiquement f\u00e9minin qui \u00e9voque le faste et le somptueux d\u2019un boudoir d\u2019antan\u2026 Un petit d\u00e9tail du plus bel effet qui r\u00e9v\u00e8le une fonctionnalit\u00e9 particuli\u00e8rement originale. En tirant sur le pompon vous allumerez (ou \u00e9teindrez) la source lumineuse dissimul\u00e9e derri\u00e8re le miroir ! Une fois allum\u00e9, \u2018\u2019Diva\u2019\u2019 laisse s\u2019\u00e9chapper un halo lumineux doux et sensuel. Ce miroir se caract\u00e9rise par un somptueux mariage de mat\u00e9riaux, une savoureuse alternance de transparence et d\u2019opacit\u00e9. Les parties sup\u00e9rieure et inf\u00e9rieure du miroir sont r\u00e9alis\u00e9es en verre fum\u00e9 transparent. La partie centrale est r\u00e9alis\u00e9e dans une finition miroir. \u2018\u2019Diva\u2019\u2019 se pose au sol. Insolite et tr\u00e8s \u00e9l\u00e9gant, il trouve sa place dans tous les environnements : salon, chambre, bureau, entr\u00e9e et salle de bain.<\/em><\/p>\n<p><em><img data-recalc-dims=\"1\" loading=\"lazy\" decoding=\"async\" border=\"0\" align=\"top\" width=\"500\" src=\"https:\/\/i0.wp.com\/joyana.fr\/wp-content\/uploads\/glasitalia.jpg?resize=500%2C375&#038;ssl=1\" hspace=\"8\" alt=\"GLAS ITALIA Collection 2008 chez Made in Design\" height=\"375\" \/><\/em><\/p>\n<p><font size=\"4\"><strong>Miroir Kooh-I-Noor par Nanda Vigo :<\/strong><\/font><\/p>\n<p><em>\u2018\u2019Kooh-I-Noor\u2019\u2019 se caract\u00e9rise par des formes brutes, irr\u00e9guli\u00e8res qui semble taill\u00e9es dans la roche. Ce miroir est fa\u00e7onn\u00e9 \u00e0 partir d\u2019un seul bloc de verre transparent tr\u00e8s pur, dont les rebords sont facett\u00e9s, biseaut\u00e9s. Cette multitude de facettes magnifie le mat\u00e9riau en donnant de l\u2019\u00e9clat au verre. On appr\u00e9cie les belles proportions de cette forme organique (largeur 116 cm, H 206 cm). \u2018\u2019Kooh-I-Noor\u2019\u2019se pose par terre.<\/em><\/p>\n<p><font size=\"2\"><em><img data-recalc-dims=\"1\" loading=\"lazy\" decoding=\"async\" border=\"0\" align=\"top\" width=\"500\" src=\"https:\/\/i0.wp.com\/joyana.fr\/wp-content\/uploads\/glasitalia-7.jpg?resize=500%2C375&#038;ssl=1\" hspace=\"8\" alt=\"GLAS ITALIA Collection 2008 chez Made in Design\" height=\"375\" \/><\/em><\/font><font size=\"2\"> <\/font><\/p>\n<p><font size=\"4\"><strong>Etag\u00e8re\/Miroir Fixtrik par Marc Krusin &#038; Kensaku Oshiro :<\/strong><\/font><\/p>\n<p><em>Esth\u00e9tique et original, \u2018\u2019Fixtrik\u2019\u2019 vous offre une double fonctionnalit\u00e9 : c\u2019est \u00e0 la fois une \u00e9tag\u00e8re et un miroir d\u00e9pourvu de cadre. R\u00e9alis\u00e9 en verre, l\u2019\u00e9tag\u00e8re r\u00e9v\u00e8le une transparence absolue. Elle devient un objet d\u00e9mat\u00e9rialis\u00e9, travers\u00e9 par la lumi\u00e8re\u2026 Les objets que vous poserez dessus sembleront flotter dans l\u2019air tout en se refl\u00e9tant dans le miroir\u2026 Un effet magique ! L\u2019originalit\u00e9 de \u2018\u2019Fixtrik\u2019\u2019 r\u00e9side dans la position d\u00e9centr\u00e9e de l\u2019\u00e9tag\u00e8re par rapport au miroir. Vous pouvez assembler plusieurs \u00e9tag\u00e8res afin de r\u00e9aliser de superbes compositions sur votre mur.<\/em><\/p>\n<p><em>\u00a0 <\/em><font size=\"3\"><a href=\"http:\/\/ad.zanox.com\/ppc\/?6065411C712194472T\"><img decoding=\"async\" border=\"0\" align=\"bottom\" width=\"468\" src=\"http:\/\/ad.zanox.com\/ppv\/?6065411C712194472\" hspace=\"1\" alt=\"Made In Design - Le leader du design\" height=\"60\" \/><\/a><\/font><font size=\"3\"> <\/font><\/p>\n<p>Cette <strong>collection 2008<\/strong> de <strong>Glas Italia<\/strong> s\u2019annonce tout simplement merveilleuse, mais nous avons \u00e9t\u00e9 d\u00e9\u00e7u de ne pas retrouver le <a target=\"_blank\" href=\"https:\/\/joyana.fr\/miroir-design-fiction-par-jean-marie-massaud\/\"><strong>miroir Fiction par Jean-Marie Massaud<\/strong><\/a> donc nous vous parlions il y a quelques semaines.<\/p>\n<p><a target=\"_blank\" href=\"http:\/\/jo_yana@hotmail.com\">Jo Yana<\/a><\/p>\n","protected":false},"excerpt":{"rendered":"<p>Glas Italia d\u00e9voile sa collection 2008, en vente chez notre partenaire Made in Design. Collection de tables basses Domino par Piero Lissoni : Textes made in design : Domino est une collection de tables basses po\u00e9tiques, extr\u00eamement \u00e9l\u00e9gantes et tr\u00e8s a\u00e9riennes. Chacune des trois tables basses (\u2018\u2019Domino 1\u2019\u2019, \u2018\u2019Domino 2\u2019\u2019 et \u2018\u2019Domino 3\u2019\u2019) poss\u00e8de une [&hellip;]<\/p>\n","protected":false},"author":3,"featured_media":125507,"comment_status":"open","ping_status":"open","sticky":false,"template":"","format":"standard","meta":{"_coblocks_attr":"","_coblocks_dimensions":"","_coblocks_responsive_height":"","_coblocks_accordion_ie_support":"","_uag_custom_page_level_css":"","advgb_blocks_editor_width":"","advgb_blocks_columns_visual_guide":"","_genesis_hide_title":false,"_genesis_hide_breadcrumbs":false,"_genesis_hide_singular_image":false,"_genesis_hide_footer_widgets":false,"_genesis_custom_body_class":"","_genesis_custom_post_class":"","_genesis_layout":"","_themeisle_gutenberg_block_has_review":false,"_jetpack_newsletter_access":"","_jetpack_dont_email_post_to_subs":false,"_jetpack_newsletter_tier_id":0,"_jetpack_memberships_contains_paywalled_content":false,"_jetpack_memberships_contains_paid_content":false,"footnotes":""},"categories":[905,941,1001,942],"tags":[934,78,976],"class_list":{"0":"post-100793","1":"post","2":"type-post","3":"status-publish","4":"format-standard","5":"has-post-thumbnail","7":"category-deco-design","8":"category-decoration-murale","9":"category-miroir","10":"category-mobilier","11":"tag-deco","12":"tag-design","13":"tag-partenaires","14":"entry"},"featured_image_urls":{"full":["https:\/\/i0.wp.com\/joyana.fr\/wp-content\/uploads\/2017\/07\/unnamed-file-48.gif?fit=88%2C31&ssl=1",88,31,false],"thumbnail":["https:\/\/i0.wp.com\/joyana.fr\/wp-content\/uploads\/2017\/07\/unnamed-file-48.gif?resize=88%2C31&ssl=1",88,31,true],"medium":["https:\/\/i0.wp.com\/joyana.fr\/wp-content\/uploads\/2017\/07\/unnamed-file-48.gif?fit=88%2C31&ssl=1",88,31,true],"medium_large":["https:\/\/i0.wp.com\/joyana.fr\/wp-content\/uploads\/2017\/07\/unnamed-file-48.gif?fit=88%2C31&ssl=1",88,31,true],"large":["https:\/\/i0.wp.com\/joyana.fr\/wp-content\/uploads\/2017\/07\/unnamed-file-48.gif?fit=88%2C31&ssl=1",88,31,true],"1536x1536":["https:\/\/i0.wp.com\/joyana.fr\/wp-content\/uploads\/2017\/07\/unnamed-file-48.gif?fit=88%2C31&ssl=1",88,31,true],"2048x2048":["https:\/\/i0.wp.com\/joyana.fr\/wp-content\/uploads\/2017\/07\/unnamed-file-48.gif?fit=88%2C31&ssl=1",88,31,true],"featured-thumb":["https:\/\/i0.wp.com\/joyana.fr\/wp-content\/uploads\/2017\/07\/unnamed-file-48.gif?resize=88%2C31&ssl=1",88,31,true],"ab-block-post-grid-landscape":["https:\/\/i0.wp.com\/joyana.fr\/wp-content\/uploads\/2017\/07\/unnamed-file-48.gif?resize=88%2C31&ssl=1",88,31,true],"ab-block-post-grid-square":["https:\/\/i0.wp.com\/joyana.fr\/wp-content\/uploads\/2017\/07\/unnamed-file-48.gif?resize=88%2C31&ssl=1",88,31,true],"author-pro-image":["https:\/\/i0.wp.com\/joyana.fr\/wp-content\/uploads\/2017\/07\/unnamed-file-48.gif?resize=88%2C31&ssl=1",88,31,true],"slider":["https:\/\/i0.wp.com\/joyana.fr\/wp-content\/uploads\/2017\/07\/unnamed-file-48.gif?resize=88%2C31&ssl=1",88,31,true],"woocommerce_thumbnail":["https:\/\/i0.wp.com\/joyana.fr\/wp-content\/uploads\/2017\/07\/unnamed-file-48.gif?resize=88%2C31&ssl=1",88,31,true],"woocommerce_single":["https:\/\/i0.wp.com\/joyana.fr\/wp-content\/uploads\/2017\/07\/unnamed-file-48.gif?fit=88%2C31&ssl=1",88,31,true],"woocommerce_gallery_thumbnail":["https:\/\/i0.wp.com\/joyana.fr\/wp-content\/uploads\/2017\/07\/unnamed-file-48.gif?resize=88%2C31&ssl=1",88,31,true],"sow-carousel-default":["https:\/\/i0.wp.com\/joyana.fr\/wp-content\/uploads\/2017\/07\/unnamed-file-48.gif?resize=88%2C31&ssl=1",88,31,true]},"post_excerpt_stackable":"<p>Glas Italia d\u00e9voile sa collection 2008, en vente chez notre partenaire Made in Design. Collection de tables basses Domino par Piero Lissoni : Textes made in design : Domino est une collection de tables basses po\u00e9tiques, extr\u00eamement \u00e9l\u00e9gantes et tr\u00e8s a\u00e9riennes. Chacune des trois tables basses (\u2018\u2019Domino 1\u2019\u2019, \u2018\u2019Domino 2\u2019\u2019 et \u2018\u2019Domino 3\u2019\u2019) poss\u00e8de une forme et des dimensions particuli\u00e8res. Vendues s\u00e9par\u00e9ment, vous pouvez n\u2019en utiliser qu\u2019une seule ou bien en assembler plusieurs pour composer un superbe ensemble. Domino 1 est un cube en verre transparent (40 x 40 cm x H 38) dont la surface est orn\u00e9e de motifs&hellip;<\/p>\n","category_list":"<a href=\"https:\/\/joyana.fr\/en\/category\/deco-design\/\" rel=\"category tag\">DECO-DESIGN<\/a>, <a href=\"https:\/\/joyana.fr\/en\/category\/deco-design\/decoration\/decoration-murale\/\" rel=\"category tag\">D\u00e9coration Murale<\/a>, <a href=\"https:\/\/joyana.fr\/en\/category\/deco-design\/decoration\/accessoires\/miroir\/\" rel=\"category tag\">Miroir<\/a>, <a href=\"https:\/\/joyana.fr\/en\/category\/deco-design\/mobilier\/\" rel=\"category tag\">Mobilier<\/a>","author_info":{"display_name":"Jo Yana","author_link":"https:\/\/joyana.fr\/en\/author\/joyana\/"},"comments_num":"3 comments","featured_image_urls_v2":{"full":["https:\/\/i0.wp.com\/joyana.fr\/wp-content\/uploads\/2017\/07\/unnamed-file-48.gif?fit=88%2C31&ssl=1",88,31,false],"thumbnail":["https:\/\/i0.wp.com\/joyana.fr\/wp-content\/uploads\/2017\/07\/unnamed-file-48.gif?resize=88%2C31&ssl=1",88,31,true],"medium":["https:\/\/i0.wp.com\/joyana.fr\/wp-content\/uploads\/2017\/07\/unnamed-file-48.gif?fit=88%2C31&ssl=1",88,31,true],"medium_large":["https:\/\/i0.wp.com\/joyana.fr\/wp-content\/uploads\/2017\/07\/unnamed-file-48.gif?fit=88%2C31&ssl=1",88,31,true],"large":["https:\/\/i0.wp.com\/joyana.fr\/wp-content\/uploads\/2017\/07\/unnamed-file-48.gif?fit=88%2C31&ssl=1",88,31,true],"1536x1536":["https:\/\/i0.wp.com\/joyana.fr\/wp-content\/uploads\/2017\/07\/unnamed-file-48.gif?fit=88%2C31&ssl=1",88,31,true],"2048x2048":["https:\/\/i0.wp.com\/joyana.fr\/wp-content\/uploads\/2017\/07\/unnamed-file-48.gif?fit=88%2C31&ssl=1",88,31,true],"featured-thumb":["https:\/\/i0.wp.com\/joyana.fr\/wp-content\/uploads\/2017\/07\/unnamed-file-48.gif?resize=88%2C31&ssl=1",88,31,true],"ab-block-post-grid-landscape":["https:\/\/i0.wp.com\/joyana.fr\/wp-content\/uploads\/2017\/07\/unnamed-file-48.gif?resize=88%2C31&ssl=1",88,31,true],"ab-block-post-grid-square":["https:\/\/i0.wp.com\/joyana.fr\/wp-content\/uploads\/2017\/07\/unnamed-file-48.gif?resize=88%2C31&ssl=1",88,31,true],"author-pro-image":["https:\/\/i0.wp.com\/joyana.fr\/wp-content\/uploads\/2017\/07\/unnamed-file-48.gif?resize=88%2C31&ssl=1",88,31,true],"slider":["https:\/\/i0.wp.com\/joyana.fr\/wp-content\/uploads\/2017\/07\/unnamed-file-48.gif?resize=88%2C31&ssl=1",88,31,true],"woocommerce_thumbnail":["https:\/\/i0.wp.com\/joyana.fr\/wp-content\/uploads\/2017\/07\/unnamed-file-48.gif?resize=88%2C31&ssl=1",88,31,true],"woocommerce_single":["https:\/\/i0.wp.com\/joyana.fr\/wp-content\/uploads\/2017\/07\/unnamed-file-48.gif?fit=88%2C31&ssl=1",88,31,true],"woocommerce_gallery_thumbnail":["https:\/\/i0.wp.com\/joyana.fr\/wp-content\/uploads\/2017\/07\/unnamed-file-48.gif?resize=88%2C31&ssl=1",88,31,true],"sow-carousel-default":["https:\/\/i0.wp.com\/joyana.fr\/wp-content\/uploads\/2017\/07\/unnamed-file-48.gif?resize=88%2C31&ssl=1",88,31,true]},"post_excerpt_stackable_v2":"<p>Glas Italia d\u00e9voile sa collection 2008, en vente chez notre partenaire Made in Design. Collection de tables basses Domino par Piero Lissoni : Textes made in design : Domino est une collection de tables basses po\u00e9tiques, extr\u00eamement \u00e9l\u00e9gantes et tr\u00e8s a\u00e9riennes. Chacune des trois tables basses (\u2018\u2019Domino 1\u2019\u2019, \u2018\u2019Domino 2\u2019\u2019 et \u2018\u2019Domino 3\u2019\u2019) poss\u00e8de une forme et des dimensions particuli\u00e8res. Vendues s\u00e9par\u00e9ment, vous pouvez n\u2019en utiliser qu\u2019une seule ou bien en assembler plusieurs pour composer un superbe ensemble. Domino 1 est un cube en verre transparent (40 x 40 cm x H 38) dont la surface est orn\u00e9e de motifs&hellip;<\/p>\n","category_list_v2":"<a href=\"https:\/\/joyana.fr\/en\/category\/deco-design\/\" rel=\"category tag\">DECO-DESIGN<\/a>, <a href=\"https:\/\/joyana.fr\/en\/category\/deco-design\/decoration\/decoration-murale\/\" rel=\"category tag\">D\u00e9coration Murale<\/a>, <a href=\"https:\/\/joyana.fr\/en\/category\/deco-design\/decoration\/accessoires\/miroir\/\" rel=\"category tag\">Miroir<\/a>, <a href=\"https:\/\/joyana.fr\/en\/category\/deco-design\/mobilier\/\" rel=\"category tag\">Mobilier<\/a>","author_info_v2":{"name":"Jo Yana","url":"https:\/\/joyana.fr\/en\/author\/joyana\/"},"comments_num_v2":"3 comments","yoast_head":"<!-- This site is optimized with the Yoast SEO plugin v26.8 - https:\/\/yoast.com\/product\/yoast-seo-wordpress\/ -->\n<title>GLAS ITALIA Collection 2008 chez Made in Design - JO YANA<\/title>\n<meta name=\"robots\" content=\"index, follow, max-snippet:-1, max-image-preview:large, max-video-preview:-1\" \/>\n<link rel=\"canonical\" href=\"https:\/\/www.joyana.fr\/en\/glas-italia-collection-2008-chez-made-in-design\/100793\/\" \/>\n<meta property=\"og:locale\" content=\"en_US\" \/>\n<meta property=\"og:locale:alternate\" content=\"fr_FR\" \/>\n<meta property=\"og:locale:alternate\" content=\"ja\" \/>\n<meta property=\"og:type\" content=\"article\" \/>\n<meta property=\"og:title\" content=\"GLAS ITALIA Collection 2008 chez Made in Design - JO YANA\" \/>\n<meta property=\"og:description\" content=\"Glas Italia d\u00e9voile sa collection 2008, en vente chez notre partenaire Made in Design. Collection de tables basses Domino par Piero Lissoni : Textes made in design : Domino est une collection de tables basses po\u00e9tiques, extr\u00eamement \u00e9l\u00e9gantes et tr\u00e8s a\u00e9riennes. Chacune des trois tables basses (\u2018\u2019Domino 1\u2019\u2019, \u2018\u2019Domino 2\u2019\u2019 et \u2018\u2019Domino 3\u2019\u2019) poss\u00e8de une [&hellip;]\" \/>\n<meta property=\"og:url\" content=\"https:\/\/joyana.fr\/en\/glas-italia-collection-2008-chez-made-in-design\/100793\/\" \/>\n<meta property=\"og:site_name\" content=\"JO YANA\" \/>\n<meta property=\"article:published_time\" content=\"2008-03-30T03:38:08+00:00\" \/>\n<meta property=\"og:image\" content=\"https:\/\/www.joyana.fr\/wp-content\/uploads\/2017\/07\/unnamed-file-48.gif\" \/>\n\t<meta property=\"og:image:width\" content=\"88\" \/>\n\t<meta property=\"og:image:height\" content=\"31\" \/>\n\t<meta property=\"og:image:type\" content=\"image\/gif\" \/>\n<meta name=\"author\" content=\"Jo Yana\" \/>\n<meta name=\"twitter:card\" content=\"summary_large_image\" \/>\n<meta name=\"twitter:creator\" content=\"@Jo_Yana\" \/>\n<meta name=\"twitter:site\" content=\"@Jo_Yana\" \/>\n<meta name=\"twitter:label1\" content=\"Written by\" \/>\n\t<meta name=\"twitter:data1\" content=\"Jo Yana\" \/>\n\t<meta name=\"twitter:label2\" content=\"Est. reading time\" \/>\n\t<meta name=\"twitter:data2\" content=\"4 minutes\" \/>\n<script type=\"application\/ld+json\" class=\"yoast-schema-graph\">{\"@context\":\"https:\/\/schema.org\",\"@graph\":[{\"@type\":\"Article\",\"@id\":\"https:\/\/www.joyana.fr\/en\/glas-italia-collection-2008-chez-made-in-design\/100793\/#article\",\"isPartOf\":{\"@id\":\"https:\/\/www.joyana.fr\/en\/glas-italia-collection-2008-chez-made-in-design\/100793\/\"},\"author\":{\"name\":\"Jo Yana\",\"@id\":\"https:\/\/joyana.fr\/#\/schema\/person\/cf2a1ad12a27c12c21801075bf37407c\"},\"headline\":\"GLAS ITALIA Collection 2008 chez Made in Design\",\"datePublished\":\"2008-03-30T03:38:08+00:00\",\"mainEntityOfPage\":{\"@id\":\"https:\/\/www.joyana.fr\/en\/glas-italia-collection-2008-chez-made-in-design\/100793\/\"},\"wordCount\":737,\"commentCount\":2,\"publisher\":{\"@id\":\"https:\/\/joyana.fr\/#\/schema\/person\/cf2a1ad12a27c12c21801075bf37407c\"},\"image\":{\"@id\":\"https:\/\/www.joyana.fr\/en\/glas-italia-collection-2008-chez-made-in-design\/100793\/#primaryimage\"},\"thumbnailUrl\":\"https:\/\/i0.wp.com\/joyana.fr\/wp-content\/uploads\/2017\/07\/unnamed-file-48.gif?fit=88%2C31&ssl=1\",\"keywords\":[\"D\u00e9co\",\"DESIGN\",\"Partenaires\"],\"articleSection\":[\"DECO-DESIGN\",\"D\u00e9coration Murale\",\"Miroir\",\"Mobilier\"],\"inLanguage\":\"en-US\",\"potentialAction\":[{\"@type\":\"CommentAction\",\"name\":\"Comment\",\"target\":[\"https:\/\/www.joyana.fr\/en\/glas-italia-collection-2008-chez-made-in-design\/100793\/#respond\"]}]},{\"@type\":\"WebPage\",\"@id\":\"https:\/\/www.joyana.fr\/en\/glas-italia-collection-2008-chez-made-in-design\/100793\/\",\"url\":\"https:\/\/www.joyana.fr\/en\/glas-italia-collection-2008-chez-made-in-design\/100793\/\",\"name\":\"GLAS ITALIA Collection 2008 chez Made in Design - JO YANA\",\"isPartOf\":{\"@id\":\"https:\/\/joyana.fr\/#website\"},\"primaryImageOfPage\":{\"@id\":\"https:\/\/www.joyana.fr\/en\/glas-italia-collection-2008-chez-made-in-design\/100793\/#primaryimage\"},\"image\":{\"@id\":\"https:\/\/www.joyana.fr\/en\/glas-italia-collection-2008-chez-made-in-design\/100793\/#primaryimage\"},\"thumbnailUrl\":\"https:\/\/i0.wp.com\/joyana.fr\/wp-content\/uploads\/2017\/07\/unnamed-file-48.gif?fit=88%2C31&ssl=1\",\"datePublished\":\"2008-03-30T03:38:08+00:00\",\"breadcrumb\":{\"@id\":\"https:\/\/www.joyana.fr\/en\/glas-italia-collection-2008-chez-made-in-design\/100793\/#breadcrumb\"},\"inLanguage\":\"en-US\",\"potentialAction\":[{\"@type\":\"ReadAction\",\"target\":[\"https:\/\/www.joyana.fr\/en\/glas-italia-collection-2008-chez-made-in-design\/100793\/\"]}]},{\"@type\":\"ImageObject\",\"inLanguage\":\"en-US\",\"@id\":\"https:\/\/www.joyana.fr\/en\/glas-italia-collection-2008-chez-made-in-design\/100793\/#primaryimage\",\"url\":\"https:\/\/i0.wp.com\/joyana.fr\/wp-content\/uploads\/2017\/07\/unnamed-file-48.gif?fit=88%2C31&ssl=1\",\"contentUrl\":\"https:\/\/i0.wp.com\/joyana.fr\/wp-content\/uploads\/2017\/07\/unnamed-file-48.gif?fit=88%2C31&ssl=1\",\"width\":88,\"height\":31},{\"@type\":\"BreadcrumbList\",\"@id\":\"https:\/\/www.joyana.fr\/en\/glas-italia-collection-2008-chez-made-in-design\/100793\/#breadcrumb\",\"itemListElement\":[{\"@type\":\"ListItem\",\"position\":1,\"name\":\"Accueil\",\"item\":\"https:\/\/joyana.fr\/\"},{\"@type\":\"ListItem\",\"position\":2,\"name\":\"GLAS ITALIA Collection 2008 chez Made in Design\"}]},{\"@type\":\"WebSite\",\"@id\":\"https:\/\/joyana.fr\/#website\",\"url\":\"https:\/\/joyana.fr\/\",\"name\":\"JO YANA\",\"description\":\"Blog Mode Homme, Lifestyle, D\u00e9co-Design\",\"publisher\":{\"@id\":\"https:\/\/joyana.fr\/#\/schema\/person\/cf2a1ad12a27c12c21801075bf37407c\"},\"potentialAction\":[{\"@type\":\"SearchAction\",\"target\":{\"@type\":\"EntryPoint\",\"urlTemplate\":\"https:\/\/joyana.fr\/?s={search_term_string}\"},\"query-input\":{\"@type\":\"PropertyValueSpecification\",\"valueRequired\":true,\"valueName\":\"search_term_string\"}}],\"inLanguage\":\"en-US\"},{\"@type\":[\"Person\",\"Organization\"],\"@id\":\"https:\/\/joyana.fr\/#\/schema\/person\/cf2a1ad12a27c12c21801075bf37407c\",\"name\":\"Jo Yana\",\"image\":{\"@type\":\"ImageObject\",\"inLanguage\":\"en-US\",\"@id\":\"https:\/\/joyana.fr\/#\/schema\/person\/image\/\",\"url\":\"https:\/\/i0.wp.com\/joyana.fr\/wp-content\/uploads\/2016\/08\/cropped-joyana-logo-black-360x180.png?fit=343%2C164&ssl=1\",\"contentUrl\":\"https:\/\/i0.wp.com\/joyana.fr\/wp-content\/uploads\/2016\/08\/cropped-joyana-logo-black-360x180.png?fit=343%2C164&ssl=1\",\"width\":343,\"height\":164,\"caption\":\"Jo Yana\"},\"logo\":{\"@id\":\"https:\/\/joyana.fr\/#\/schema\/person\/image\/\"},\"description\":\"Jo Yana est le cr\u00e9ateur et r\u00e9dacteur en chef des sites DECO-DESIGN. Passionn\u00e9 de Design, Mode, Photo, Luxe, Lifestyle, Musique, mais avant tout Blogueur ! Le plaisir de partager l'anime et a comme devise \\\"POUR L'AMOUR DU BEAU\\\". Retrouvez le aussi sur son blog personnel - https:\/\/joyana.fr...\",\"sameAs\":[\"https:\/\/joyana.fr\/\"],\"url\":\"https:\/\/joyana.fr\/en\/author\/joyana\/\"}]}<\/script>\n<!-- \/ Yoast SEO plugin. -->","yoast_head_json":{"title":"GLAS ITALIA Collection 2008 chez Made in Design - JO YANA","robots":{"index":"index","follow":"follow","max-snippet":"max-snippet:-1","max-image-preview":"max-image-preview:large","max-video-preview":"max-video-preview:-1"},"canonical":"https:\/\/www.joyana.fr\/en\/glas-italia-collection-2008-chez-made-in-design\/100793\/","og_locale":"en_US","og_type":"article","og_title":"GLAS ITALIA Collection 2008 chez Made in Design - JO YANA","og_description":"Glas Italia d\u00e9voile sa collection 2008, en vente chez notre partenaire Made in Design. Collection de tables basses Domino par Piero Lissoni : Textes made in design : Domino est une collection de tables basses po\u00e9tiques, extr\u00eamement \u00e9l\u00e9gantes et tr\u00e8s a\u00e9riennes. Chacune des trois tables basses (\u2018\u2019Domino 1\u2019\u2019, \u2018\u2019Domino 2\u2019\u2019 et \u2018\u2019Domino 3\u2019\u2019) poss\u00e8de une [&hellip;]","og_url":"https:\/\/joyana.fr\/en\/glas-italia-collection-2008-chez-made-in-design\/100793\/","og_site_name":"JO YANA","article_published_time":"2008-03-30T03:38:08+00:00","og_image":[{"width":88,"height":31,"url":"https:\/\/www.joyana.fr\/wp-content\/uploads\/2017\/07\/unnamed-file-48.gif","type":"image\/gif"}],"author":"Jo Yana","twitter_card":"summary_large_image","twitter_creator":"@Jo_Yana","twitter_site":"@Jo_Yana","twitter_misc":{"Written by":"Jo Yana","Est. reading time":"4 minutes"},"schema":{"@context":"https:\/\/schema.org","@graph":[{"@type":"Article","@id":"https:\/\/www.joyana.fr\/en\/glas-italia-collection-2008-chez-made-in-design\/100793\/#article","isPartOf":{"@id":"https:\/\/www.joyana.fr\/en\/glas-italia-collection-2008-chez-made-in-design\/100793\/"},"author":{"name":"Jo Yana","@id":"https:\/\/joyana.fr\/#\/schema\/person\/cf2a1ad12a27c12c21801075bf37407c"},"headline":"GLAS ITALIA Collection 2008 chez Made in Design","datePublished":"2008-03-30T03:38:08+00:00","mainEntityOfPage":{"@id":"https:\/\/www.joyana.fr\/en\/glas-italia-collection-2008-chez-made-in-design\/100793\/"},"wordCount":737,"commentCount":2,"publisher":{"@id":"https:\/\/joyana.fr\/#\/schema\/person\/cf2a1ad12a27c12c21801075bf37407c"},"image":{"@id":"https:\/\/www.joyana.fr\/en\/glas-italia-collection-2008-chez-made-in-design\/100793\/#primaryimage"},"thumbnailUrl":"https:\/\/i0.wp.com\/joyana.fr\/wp-content\/uploads\/2017\/07\/unnamed-file-48.gif?fit=88%2C31&ssl=1","keywords":["D\u00e9co","DESIGN","Partenaires"],"articleSection":["DECO-DESIGN","D\u00e9coration Murale","Miroir","Mobilier"],"inLanguage":"en-US","potentialAction":[{"@type":"CommentAction","name":"Comment","target":["https:\/\/www.joyana.fr\/en\/glas-italia-collection-2008-chez-made-in-design\/100793\/#respond"]}]},{"@type":"WebPage","@id":"https:\/\/www.joyana.fr\/en\/glas-italia-collection-2008-chez-made-in-design\/100793\/","url":"https:\/\/www.joyana.fr\/en\/glas-italia-collection-2008-chez-made-in-design\/100793\/","name":"GLAS ITALIA Collection 2008 chez Made in Design - JO YANA","isPartOf":{"@id":"https:\/\/joyana.fr\/#website"},"primaryImageOfPage":{"@id":"https:\/\/www.joyana.fr\/en\/glas-italia-collection-2008-chez-made-in-design\/100793\/#primaryimage"},"image":{"@id":"https:\/\/www.joyana.fr\/en\/glas-italia-collection-2008-chez-made-in-design\/100793\/#primaryimage"},"thumbnailUrl":"https:\/\/i0.wp.com\/joyana.fr\/wp-content\/uploads\/2017\/07\/unnamed-file-48.gif?fit=88%2C31&ssl=1","datePublished":"2008-03-30T03:38:08+00:00","breadcrumb":{"@id":"https:\/\/www.joyana.fr\/en\/glas-italia-collection-2008-chez-made-in-design\/100793\/#breadcrumb"},"inLanguage":"en-US","potentialAction":[{"@type":"ReadAction","target":["https:\/\/www.joyana.fr\/en\/glas-italia-collection-2008-chez-made-in-design\/100793\/"]}]},{"@type":"ImageObject","inLanguage":"en-US","@id":"https:\/\/www.joyana.fr\/en\/glas-italia-collection-2008-chez-made-in-design\/100793\/#primaryimage","url":"https:\/\/i0.wp.com\/joyana.fr\/wp-content\/uploads\/2017\/07\/unnamed-file-48.gif?fit=88%2C31&ssl=1","contentUrl":"https:\/\/i0.wp.com\/joyana.fr\/wp-content\/uploads\/2017\/07\/unnamed-file-48.gif?fit=88%2C31&ssl=1","width":88,"height":31},{"@type":"BreadcrumbList","@id":"https:\/\/www.joyana.fr\/en\/glas-italia-collection-2008-chez-made-in-design\/100793\/#breadcrumb","itemListElement":[{"@type":"ListItem","position":1,"name":"Accueil","item":"https:\/\/joyana.fr\/"},{"@type":"ListItem","position":2,"name":"GLAS ITALIA Collection 2008 chez Made in Design"}]},{"@type":"WebSite","@id":"https:\/\/joyana.fr\/#website","url":"https:\/\/joyana.fr\/","name":"JO YANA","description":"Blog Mode Homme, Lifestyle, D\u00e9co-Design","publisher":{"@id":"https:\/\/joyana.fr\/#\/schema\/person\/cf2a1ad12a27c12c21801075bf37407c"},"potentialAction":[{"@type":"SearchAction","target":{"@type":"EntryPoint","urlTemplate":"https:\/\/joyana.fr\/?s={search_term_string}"},"query-input":{"@type":"PropertyValueSpecification","valueRequired":true,"valueName":"search_term_string"}}],"inLanguage":"en-US"},{"@type":["Person","Organization"],"@id":"https:\/\/joyana.fr\/#\/schema\/person\/cf2a1ad12a27c12c21801075bf37407c","name":"Jo Yana","image":{"@type":"ImageObject","inLanguage":"en-US","@id":"https:\/\/joyana.fr\/#\/schema\/person\/image\/","url":"https:\/\/i0.wp.com\/joyana.fr\/wp-content\/uploads\/2016\/08\/cropped-joyana-logo-black-360x180.png?fit=343%2C164&ssl=1","contentUrl":"https:\/\/i0.wp.com\/joyana.fr\/wp-content\/uploads\/2016\/08\/cropped-joyana-logo-black-360x180.png?fit=343%2C164&ssl=1","width":343,"height":164,"caption":"Jo Yana"},"logo":{"@id":"https:\/\/joyana.fr\/#\/schema\/person\/image\/"},"description":"Jo Yana est le cr\u00e9ateur et r\u00e9dacteur en chef des sites DECO-DESIGN. Passionn\u00e9 de Design, Mode, Photo, Luxe, Lifestyle, Musique, mais avant tout Blogueur ! Le plaisir de partager l'anime et a comme devise \"POUR L'AMOUR DU BEAU\". Retrouvez le aussi sur son blog personnel - https:\/\/joyana.fr...","sameAs":["https:\/\/joyana.fr\/"],"url":"https:\/\/joyana.fr\/en\/author\/joyana\/"}]}},"author_meta":{"display_name":"Jo Yana","author_link":"https:\/\/joyana.fr\/en\/author\/joyana\/"},"featured_img":"https:\/\/i0.wp.com\/joyana.fr\/wp-content\/uploads\/2017\/07\/unnamed-file-48.gif?fit=88%2C31&ssl=1","featured_image_src":"https:\/\/i0.wp.com\/joyana.fr\/wp-content\/uploads\/2017\/07\/unnamed-file-48.gif?resize=88%2C31&ssl=1","featured_image_src_square":"https:\/\/i0.wp.com\/joyana.fr\/wp-content\/uploads\/2017\/07\/unnamed-file-48.gif?resize=88%2C31&ssl=1","jetpack_featured_media_url":"https:\/\/i0.wp.com\/joyana.fr\/wp-content\/uploads\/2017\/07\/unnamed-file-48.gif?fit=88%2C31&ssl=1","uagb_featured_image_src":{"full":["https:\/\/i0.wp.com\/joyana.fr\/wp-content\/uploads\/2017\/07\/unnamed-file-48.gif?fit=88%2C31&ssl=1",88,31,false],"thumbnail":["https:\/\/i0.wp.com\/joyana.fr\/wp-content\/uploads\/2017\/07\/unnamed-file-48.gif?resize=88%2C31&ssl=1",88,31,true],"medium":["https:\/\/i0.wp.com\/joyana.fr\/wp-content\/uploads\/2017\/07\/unnamed-file-48.gif?fit=88%2C31&ssl=1",88,31,true],"medium_large":["https:\/\/i0.wp.com\/joyana.fr\/wp-content\/uploads\/2017\/07\/unnamed-file-48.gif?fit=88%2C31&ssl=1",88,31,true],"large":["https:\/\/i0.wp.com\/joyana.fr\/wp-content\/uploads\/2017\/07\/unnamed-file-48.gif?fit=88%2C31&ssl=1",88,31,true],"1536x1536":["https:\/\/i0.wp.com\/joyana.fr\/wp-content\/uploads\/2017\/07\/unnamed-file-48.gif?fit=88%2C31&ssl=1",88,31,true],"2048x2048":["https:\/\/i0.wp.com\/joyana.fr\/wp-content\/uploads\/2017\/07\/unnamed-file-48.gif?fit=88%2C31&ssl=1",88,31,true],"featured-thumb":["https:\/\/i0.wp.com\/joyana.fr\/wp-content\/uploads\/2017\/07\/unnamed-file-48.gif?resize=88%2C31&ssl=1",88,31,true],"ab-block-post-grid-landscape":["https:\/\/i0.wp.com\/joyana.fr\/wp-content\/uploads\/2017\/07\/unnamed-file-48.gif?resize=88%2C31&ssl=1",88,31,true],"ab-block-post-grid-square":["https:\/\/i0.wp.com\/joyana.fr\/wp-content\/uploads\/2017\/07\/unnamed-file-48.gif?resize=88%2C31&ssl=1",88,31,true],"author-pro-image":["https:\/\/i0.wp.com\/joyana.fr\/wp-content\/uploads\/2017\/07\/unnamed-file-48.gif?resize=88%2C31&ssl=1",88,31,true],"slider":["https:\/\/i0.wp.com\/joyana.fr\/wp-content\/uploads\/2017\/07\/unnamed-file-48.gif?resize=88%2C31&ssl=1",88,31,true],"woocommerce_thumbnail":["https:\/\/i0.wp.com\/joyana.fr\/wp-content\/uploads\/2017\/07\/unnamed-file-48.gif?resize=88%2C31&ssl=1",88,31,true],"woocommerce_single":["https:\/\/i0.wp.com\/joyana.fr\/wp-content\/uploads\/2017\/07\/unnamed-file-48.gif?fit=88%2C31&ssl=1",88,31,true],"woocommerce_gallery_thumbnail":["https:\/\/i0.wp.com\/joyana.fr\/wp-content\/uploads\/2017\/07\/unnamed-file-48.gif?resize=88%2C31&ssl=1",88,31,true],"sow-carousel-default":["https:\/\/i0.wp.com\/joyana.fr\/wp-content\/uploads\/2017\/07\/unnamed-file-48.gif?resize=88%2C31&ssl=1",88,31,true]},"uagb_author_info":{"display_name":"Jo Yana","author_link":"https:\/\/joyana.fr\/en\/author\/joyana\/"},"uagb_comment_info":3,"uagb_excerpt":"Glas Italia d\u00e9voile sa collection 2008, en vente chez notre partenaire Made in Design. Collection de tables basses Domino par Piero Lissoni : Textes made in design : Domino est une collection de tables basses po\u00e9tiques, extr\u00eamement \u00e9l\u00e9gantes et tr\u00e8s a\u00e9riennes. Chacune des trois tables basses (\u2018\u2019Domino 1\u2019\u2019, \u2018\u2019Domino 2\u2019\u2019 et \u2018\u2019Domino 3\u2019\u2019) poss\u00e8de une&hellip;","coauthors":[],"tax_additional":{"categories":{"linked":["<a href=\"https:\/\/joyana.fr\/en\/category\/deco-design\/\" class=\"advgb-post-tax-term\">DECO-DESIGN<\/a>","<a href=\"https:\/\/joyana.fr\/en\/category\/deco-design\/decoration\/decoration-murale\/\" class=\"advgb-post-tax-term\">D\u00e9coration Murale<\/a>","<a href=\"https:\/\/joyana.fr\/en\/category\/deco-design\/decoration\/accessoires\/miroir\/\" class=\"advgb-post-tax-term\">Miroir<\/a>","<a href=\"https:\/\/joyana.fr\/en\/category\/deco-design\/mobilier\/\" class=\"advgb-post-tax-term\">Mobilier<\/a>"],"unlinked":["<span class=\"advgb-post-tax-term\">DECO-DESIGN<\/span>","<span class=\"advgb-post-tax-term\">D\u00e9coration Murale<\/span>","<span class=\"advgb-post-tax-term\">Miroir<\/span>","<span class=\"advgb-post-tax-term\">Mobilier<\/span>"]},"tags":{"linked":["<a href=\"https:\/\/joyana.fr\/en\/category\/deco-design\/mobilier\/\" class=\"advgb-post-tax-term\">D\u00e9co<\/a>","<a href=\"https:\/\/joyana.fr\/en\/category\/deco-design\/mobilier\/\" class=\"advgb-post-tax-term\">DESIGN<\/a>","<a href=\"https:\/\/joyana.fr\/en\/category\/deco-design\/mobilier\/\" class=\"advgb-post-tax-term\">Partenaires<\/a>"],"unlinked":["<span class=\"advgb-post-tax-term\">D\u00e9co<\/span>","<span class=\"advgb-post-tax-term\">DESIGN<\/span>","<span class=\"advgb-post-tax-term\">Partenaires<\/span>"]}},"comment_count":3,"relative_dates":{"created":"Posted 18 years ago","modified":"Updated 18 years ago"},"absolute_dates":{"created":"Posted on 30 March 2008","modified":"Updated on 30 March 2008"},"absolute_dates_time":{"created":"Posted on 30 March 2008 4:38","modified":"Updated on 30 March 2008 4:38"},"featured_img_caption":"","series_order":"","jetpack_sharing_enabled":true,"jetpack_shortlink":"https:\/\/wp.me\/p9bteI-qdH","jetpack-related-posts":[],"_links":{"self":[{"href":"https:\/\/joyana.fr\/en\/wp-json\/wp\/v2\/posts\/100793","targetHints":{"allow":["GET"]}}],"collection":[{"href":"https:\/\/joyana.fr\/en\/wp-json\/wp\/v2\/posts"}],"about":[{"href":"https:\/\/joyana.fr\/en\/wp-json\/wp\/v2\/types\/post"}],"author":[{"embeddable":true,"href":"https:\/\/joyana.fr\/en\/wp-json\/wp\/v2\/users\/3"}],"replies":[{"embeddable":true,"href":"https:\/\/joyana.fr\/en\/wp-json\/wp\/v2\/comments?post=100793"}],"version-history":[{"count":0,"href":"https:\/\/joyana.fr\/en\/wp-json\/wp\/v2\/posts\/100793\/revisions"}],"wp:featuredmedia":[{"embeddable":true,"href":"https:\/\/joyana.fr\/en\/wp-json\/wp\/v2\/media\/125507"}],"wp:attachment":[{"href":"https:\/\/joyana.fr\/en\/wp-json\/wp\/v2\/media?parent=100793"}],"wp:term":[{"taxonomy":"category","embeddable":true,"href":"https:\/\/joyana.fr\/en\/wp-json\/wp\/v2\/categories?post=100793"},{"taxonomy":"post_tag","embeddable":true,"href":"https:\/\/joyana.fr\/en\/wp-json\/wp\/v2\/tags?post=100793"}],"curies":[{"name":"wp","href":"https:\/\/api.w.org\/{rel}","templated":true}]}}