{"id":100826,"date":"2008-04-05T09:44:15","date_gmt":"2008-04-05T08:44:15","guid":{"rendered":"https:\/\/joyana.fr\/relooking-chez-deborah-la-suite-by-tony-lemale\/"},"modified":"2008-04-05T09:44:15","modified_gmt":"2008-04-05T08:44:15","slug":"relooking-chez-deborah-la-suite-by-tony-lemale","status":"publish","type":"post","link":"https:\/\/joyana.fr\/en\/relooking-chez-deborah-la-suite-by-tony-lemale\/100826\/","title":{"rendered":"Relooking chez D\u00e9borah, la suite&#8230; by Tony LEM\u00c2LE"},"content":{"rendered":"<p>Le <strong>relooking de la chambre de D\u00e9borah par Tony Lem\u00e2le<\/strong> est la suite du <strong>relooking<\/strong> fait par Apolline Terrier qui s\u2019\u00e9tait occup\u00e9 de l\u2019entr\u00e9e et du salon. Ces deux relookings sont propos\u00e9s par <a href=\"http:\/\/www.interieurs.fr\/video-Chambre-de-fille-par-Tony-Lemale-i706.php\" target=\"_blank\"><strong>l\u2019\u00e9mission TV Int\u00e9rieurs<\/strong><\/a><strong>.<\/strong><\/p>\n<p><img data-recalc-dims=\"1\" fetchpriority=\"high\" decoding=\"async\" src=\"https:\/\/i0.wp.com\/joyana.fr\/wp-content\/uploads\/relooking-tony-lemale-blog-deco-design1.jpg?resize=500%2C373&#038;ssl=1\" alt=\"RELOOKING TONY LEMALE\" align=\"top\" border=\"0\" height=\"373\" hspace=\"8\" width=\"500\" \/><\/p>\n<p>Alors petit rappel des faits : D\u00e9borah a r\u00e9cup\u00e9r\u00e9 il y a un an l\u2019appartement de sa soeur partie \u00e0 l\u2019\u00e9tranger, la d\u00e9co assez &#8220;particuli\u00e8re&#8221; pour reprendre les termes d\u2019Apolline, ne lui convenait plus du tout&#8230; Cet appartement est une location donc il est impossible de peindre les murs ou changer le sol, le d\u00e9fi pour nos relookeurs et de jouer avec les meubles et les accessoires pour donner un cot\u00e9 contemporain \u00e0 l\u2019ensemble.<\/p>\n<p>Place \u00e0 <a href=\"https:\/\/joyana.fr\/tony-lemale-portrait-et-interview\/\" target=\"_blank\"><strong>Tony Lem\u00e2le<\/strong><\/a> qui va harmoniser la chambre avec tout le reste, nous allons vous montrer uniquement les photos du &#8220;apr\u00e8s&#8221; pour vous laisser d\u00e9couvrir les changements sur le site de <a href=\"http:\/\/www.interieurs.fr\/video-Chambre-de-fille-par-Tony-Lemale-i706.php\" target=\"_blank\"><strong>Int\u00e9rieurs.fr<\/strong><\/a>.<\/p>\n<p><img data-recalc-dims=\"1\" decoding=\"async\" src=\"https:\/\/i0.wp.com\/joyana.fr\/wp-content\/uploads\/relooking-tony-lemale-2-1.jpg?resize=500%2C374&#038;ssl=1\" alt=\"Relooking chez D\u00e9borah, la suite... by Tony LEM\u00c2LE\" align=\"top\" border=\"0\" height=\"374\" hspace=\"8\" width=\"500\" \/><\/p>\n<p>L\u2019utilisation de <strong>stickers<\/strong> dans la <strong>d\u00e9co<\/strong> peut \u00eatre \u00e0 double tranchant, car il faut bien les marier avec les \u00e9l\u00e9ments pr\u00e9sents et surtout ne pas en faire trop&#8230; <strong>Tony<\/strong> s\u2019est servi de <a href=\"https:\/\/joyana.fr\/tag\/sticker\/\" target=\"_blank\"><strong>stickers<\/strong><\/a> qui rappellent la nature pour habiller cet immense placard haussmannien et le r\u00e9sultat est fantastique.<\/p>\n<p><img data-recalc-dims=\"1\" decoding=\"async\" src=\"https:\/\/i0.wp.com\/joyana.fr\/wp-content\/uploads\/relooking-tony-lemale-3-1.jpg?resize=500%2C371&#038;ssl=1\" alt=\"Relooking chez D\u00e9borah, la suite... by Tony LEM\u00c2LE\" align=\"top\" border=\"0\" height=\"371\" hspace=\"8\" width=\"500\" \/><\/p>\n<p><img data-recalc-dims=\"1\" loading=\"lazy\" decoding=\"async\" src=\"https:\/\/i0.wp.com\/joyana.fr\/wp-content\/uploads\/relooking-tony-lemale-1.jpg?resize=500%2C372&#038;ssl=1\" alt=\"Relooking chez D\u00e9borah, la suite... by Tony LEM\u00c2LE\" align=\"top\" border=\"0\" height=\"372\" hspace=\"8\" width=\"500\" \/><\/p>\n<p>Ce tableau vous dit peut \u00eatre quelque chose ? Oui car vous l\u2019avez vu dans le salon, D\u00e9borah a vraiment appr\u00e9ci\u00e9 le travail du photographe <a href=\"http:\/\/www.xavierbrice.fr\/\" target=\"_blank\"><strong>Xavier Brice<\/strong><\/a>, et a voulu une photo dans sa chambre.<\/p>\n<p>Le coup de coeur de <a href=\"http:\/\/deco-design.fr-bb.com\" target=\"_blank\"><strong>l\u2019\u00e9quipe D\u00e9co-Design<\/strong><\/a>, c\u2019est ce superbe paravent Leindi chez Alaxa, la lumi\u00e8re qu\u2019il laisse passer \u00e0 travers ses petits motifs en accord avec les tables de chevets donne un aspect contemporain \u00e0 tout et \u00e7a on adore&#8230;<\/p>\n<p>Comme a son habitude, <a href=\"https:\/\/joyana.fr\/tag\/tony-lemale\/\" target=\"_blank\"><strong>Tony Lem\u00e2le<\/strong><\/a> nous fait d\u00e9marrer la journ\u00e9e du bon pied, c\u2019est toujours un plaisir de voir ses relookings toujours r\u00e9ussis et surtout \u00e0 l\u2019image Tony respire la bonne humeur.<\/p>\n<p>C\u2019\u00e9tait un plaisir Tony.<\/p>\n<p>Rappel :<\/p>\n<p>Voici une photo du salon apr\u00e8s le <a href=\"https:\/\/joyana.fr\/relooking-dapolline-terrier-chez-deborah-interieurs\/\" target=\"_blank\"><strong>relooking d\u2019Apolline Terrier<\/strong><\/a> :<\/p>\n<p><img data-recalc-dims=\"1\" loading=\"lazy\" decoding=\"async\" src=\"https:\/\/i0.wp.com\/joyana.fr\/wp-content\/uploads\/relooking-apolline-terrier-32.jpg?resize=500%2C377&#038;ssl=1\" alt=\"relooking d\u2019Apolline Terrier\" align=\"top\" border=\"0\" height=\"377\" hspace=\"8\" width=\"500\" \/><\/p>\n<p><u><font color=\"#810081\"><a href=\"http:\/\/www.tonylemale.fr\/\"><strong>http:\/\/www.tonylemale.fr<\/strong>\/<\/a><\/font><\/u><\/p>\n<p><a href=\"http:\/\/jo_yana@hotmail.com\" target=\"_blank\">Jo Yana<\/a><\/p>\n","protected":false},"excerpt":{"rendered":"<p>Le relooking de la chambre de D\u00e9borah par Tony Lem\u00e2le est la suite du relooking fait par Apolline Terrier qui s\u2019\u00e9tait occup\u00e9 de l\u2019entr\u00e9e et du salon. Ces deux relookings sont propos\u00e9s par l\u2019\u00e9mission TV Int\u00e9rieurs. Alors petit rappel des faits : D\u00e9borah a r\u00e9cup\u00e9r\u00e9 il y a un an l\u2019appartement de sa soeur partie [&hellip;]<\/p>\n","protected":false},"author":3,"featured_media":124300,"comment_status":"open","ping_status":"open","sticky":false,"template":"","format":"standard","meta":{"_coblocks_attr":"","_coblocks_dimensions":"","_coblocks_responsive_height":"","_coblocks_accordion_ie_support":"","_uag_custom_page_level_css":"","advgb_blocks_editor_width":"","advgb_blocks_columns_visual_guide":"","_genesis_hide_title":false,"_genesis_hide_breadcrumbs":false,"_genesis_hide_singular_image":false,"_genesis_hide_footer_widgets":false,"_genesis_custom_body_class":"","_genesis_custom_post_class":"","_genesis_layout":"","_themeisle_gutenberg_block_has_review":false,"_jetpack_newsletter_access":"","_jetpack_dont_email_post_to_subs":false,"_jetpack_newsletter_tier_id":0,"_jetpack_memberships_contains_paywalled_content":false,"_jetpack_memberships_contains_paid_content":false,"footnotes":""},"categories":[905,915],"tags":[1048],"class_list":{"0":"post-100826","1":"post","2":"type-post","3":"status-publish","4":"format-standard","5":"has-post-thumbnail","7":"category-deco-design","8":"category-emission-tv","9":"tag-relooking","10":"entry"},"featured_image_urls":{"full":["https:\/\/i0.wp.com\/joyana.fr\/wp-content\/uploads\/2016\/08\/joyana-logo-black-360x180.png?fit=360%2C180&ssl=1",360,180,false],"thumbnail":["https:\/\/i0.wp.com\/joyana.fr\/wp-content\/uploads\/2016\/08\/joyana-logo-black-360x180.png?resize=150%2C150&ssl=1",150,150,true],"medium":["https:\/\/i0.wp.com\/joyana.fr\/wp-content\/uploads\/2016\/08\/joyana-logo-black-360x180.png?fit=360%2C180&ssl=1",360,180,true],"medium_large":["https:\/\/i0.wp.com\/joyana.fr\/wp-content\/uploads\/2016\/08\/joyana-logo-black-360x180.png?fit=360%2C180&ssl=1",360,180,true],"large":["https:\/\/i0.wp.com\/joyana.fr\/wp-content\/uploads\/2016\/08\/joyana-logo-black-360x180.png?fit=360%2C180&ssl=1",360,180,true],"1536x1536":["https:\/\/i0.wp.com\/joyana.fr\/wp-content\/uploads\/2016\/08\/joyana-logo-black-360x180.png?fit=360%2C180&ssl=1",360,180,true],"2048x2048":["https:\/\/i0.wp.com\/joyana.fr\/wp-content\/uploads\/2016\/08\/joyana-logo-black-360x180.png?fit=360%2C180&ssl=1",360,180,true],"featured-thumb":["https:\/\/i0.wp.com\/joyana.fr\/wp-content\/uploads\/2016\/08\/joyana-logo-black-360x180.png?resize=360%2C180&ssl=1",360,180,true],"ab-block-post-grid-landscape":["https:\/\/i0.wp.com\/joyana.fr\/wp-content\/uploads\/2016\/08\/joyana-logo-black-360x180.png?resize=360%2C180&ssl=1",360,180,true],"ab-block-post-grid-square":["https:\/\/i0.wp.com\/joyana.fr\/wp-content\/uploads\/2016\/08\/joyana-logo-black-360x180.png?resize=360%2C180&ssl=1",360,180,true],"author-pro-image":["https:\/\/i0.wp.com\/joyana.fr\/wp-content\/uploads\/2016\/08\/joyana-logo-black-360x180.png?resize=360%2C180&ssl=1",360,180,true],"slider":["https:\/\/i0.wp.com\/joyana.fr\/wp-content\/uploads\/2016\/08\/joyana-logo-black-360x180.png?resize=360%2C180&ssl=1",360,180,true],"woocommerce_thumbnail":["https:\/\/i0.wp.com\/joyana.fr\/wp-content\/uploads\/2016\/08\/joyana-logo-black-360x180.png?resize=300%2C180&ssl=1",300,180,true],"woocommerce_single":["https:\/\/i0.wp.com\/joyana.fr\/wp-content\/uploads\/2016\/08\/joyana-logo-black-360x180.png?fit=360%2C180&ssl=1",360,180,true],"woocommerce_gallery_thumbnail":["https:\/\/i0.wp.com\/joyana.fr\/wp-content\/uploads\/2016\/08\/joyana-logo-black-360x180.png?resize=180%2C180&ssl=1",180,180,true],"sow-carousel-default":["https:\/\/i0.wp.com\/joyana.fr\/wp-content\/uploads\/2016\/08\/joyana-logo-black-360x180.png?resize=272%2C180&ssl=1",272,180,true]},"post_excerpt_stackable":"<p>Le relooking de la chambre de D\u00e9borah par Tony Lem\u00e2le est la suite du relooking fait par Apolline Terrier qui s\u2019\u00e9tait occup\u00e9 de l\u2019entr\u00e9e et du salon. Ces deux relookings sont propos\u00e9s par l\u2019\u00e9mission TV Int\u00e9rieurs. Alors petit rappel des faits : D\u00e9borah a r\u00e9cup\u00e9r\u00e9 il y a un an l\u2019appartement de sa soeur partie \u00e0 l\u2019\u00e9tranger, la d\u00e9co assez &#8220;particuli\u00e8re&#8221; pour reprendre les termes d\u2019Apolline, ne lui convenait plus du tout&#8230; Cet appartement est une location donc il est impossible de peindre les murs ou changer le sol, le d\u00e9fi pour nos relookeurs et de jouer avec les meubles&hellip;<\/p>\n","category_list":"<a href=\"https:\/\/joyana.fr\/en\/category\/deco-design\/\" rel=\"category tag\">DECO-DESIGN<\/a>, <a href=\"https:\/\/joyana.fr\/en\/category\/deco-design\/actualite\/emission-tv\/\" rel=\"category tag\">Emission TV<\/a>","author_info":{"display_name":"Jo Yana","author_link":"https:\/\/joyana.fr\/en\/author\/joyana\/"},"comments_num":"3 comments","featured_image_urls_v2":{"full":["https:\/\/i0.wp.com\/joyana.fr\/wp-content\/uploads\/2016\/08\/joyana-logo-black-360x180.png?fit=360%2C180&ssl=1",360,180,false],"thumbnail":["https:\/\/i0.wp.com\/joyana.fr\/wp-content\/uploads\/2016\/08\/joyana-logo-black-360x180.png?resize=150%2C150&ssl=1",150,150,true],"medium":["https:\/\/i0.wp.com\/joyana.fr\/wp-content\/uploads\/2016\/08\/joyana-logo-black-360x180.png?fit=360%2C180&ssl=1",360,180,true],"medium_large":["https:\/\/i0.wp.com\/joyana.fr\/wp-content\/uploads\/2016\/08\/joyana-logo-black-360x180.png?fit=360%2C180&ssl=1",360,180,true],"large":["https:\/\/i0.wp.com\/joyana.fr\/wp-content\/uploads\/2016\/08\/joyana-logo-black-360x180.png?fit=360%2C180&ssl=1",360,180,true],"1536x1536":["https:\/\/i0.wp.com\/joyana.fr\/wp-content\/uploads\/2016\/08\/joyana-logo-black-360x180.png?fit=360%2C180&ssl=1",360,180,true],"2048x2048":["https:\/\/i0.wp.com\/joyana.fr\/wp-content\/uploads\/2016\/08\/joyana-logo-black-360x180.png?fit=360%2C180&ssl=1",360,180,true],"featured-thumb":["https:\/\/i0.wp.com\/joyana.fr\/wp-content\/uploads\/2016\/08\/joyana-logo-black-360x180.png?resize=360%2C180&ssl=1",360,180,true],"ab-block-post-grid-landscape":["https:\/\/i0.wp.com\/joyana.fr\/wp-content\/uploads\/2016\/08\/joyana-logo-black-360x180.png?resize=360%2C180&ssl=1",360,180,true],"ab-block-post-grid-square":["https:\/\/i0.wp.com\/joyana.fr\/wp-content\/uploads\/2016\/08\/joyana-logo-black-360x180.png?resize=360%2C180&ssl=1",360,180,true],"author-pro-image":["https:\/\/i0.wp.com\/joyana.fr\/wp-content\/uploads\/2016\/08\/joyana-logo-black-360x180.png?resize=360%2C180&ssl=1",360,180,true],"slider":["https:\/\/i0.wp.com\/joyana.fr\/wp-content\/uploads\/2016\/08\/joyana-logo-black-360x180.png?resize=360%2C180&ssl=1",360,180,true],"woocommerce_thumbnail":["https:\/\/i0.wp.com\/joyana.fr\/wp-content\/uploads\/2016\/08\/joyana-logo-black-360x180.png?resize=300%2C180&ssl=1",300,180,true],"woocommerce_single":["https:\/\/i0.wp.com\/joyana.fr\/wp-content\/uploads\/2016\/08\/joyana-logo-black-360x180.png?fit=360%2C180&ssl=1",360,180,true],"woocommerce_gallery_thumbnail":["https:\/\/i0.wp.com\/joyana.fr\/wp-content\/uploads\/2016\/08\/joyana-logo-black-360x180.png?resize=180%2C180&ssl=1",180,180,true],"sow-carousel-default":["https:\/\/i0.wp.com\/joyana.fr\/wp-content\/uploads\/2016\/08\/joyana-logo-black-360x180.png?resize=272%2C180&ssl=1",272,180,true]},"post_excerpt_stackable_v2":"<p>Le relooking de la chambre de D\u00e9borah par Tony Lem\u00e2le est la suite du relooking fait par Apolline Terrier qui s\u2019\u00e9tait occup\u00e9 de l\u2019entr\u00e9e et du salon. Ces deux relookings sont propos\u00e9s par l\u2019\u00e9mission TV Int\u00e9rieurs. Alors petit rappel des faits : D\u00e9borah a r\u00e9cup\u00e9r\u00e9 il y a un an l\u2019appartement de sa soeur partie \u00e0 l\u2019\u00e9tranger, la d\u00e9co assez &#8220;particuli\u00e8re&#8221; pour reprendre les termes d\u2019Apolline, ne lui convenait plus du tout&#8230; Cet appartement est une location donc il est impossible de peindre les murs ou changer le sol, le d\u00e9fi pour nos relookeurs et de jouer avec les meubles&hellip;<\/p>\n","category_list_v2":"<a href=\"https:\/\/joyana.fr\/en\/category\/deco-design\/\" rel=\"category tag\">DECO-DESIGN<\/a>, <a href=\"https:\/\/joyana.fr\/en\/category\/deco-design\/actualite\/emission-tv\/\" rel=\"category tag\">Emission TV<\/a>","author_info_v2":{"name":"Jo Yana","url":"https:\/\/joyana.fr\/en\/author\/joyana\/"},"comments_num_v2":"3 comments","yoast_head":"<!-- This site is optimized with the Yoast SEO plugin v26.8 - https:\/\/yoast.com\/product\/yoast-seo-wordpress\/ -->\n<title>Relooking chez D\u00e9borah, la suite... by Tony LEM\u00c2LE - JO YANA<\/title>\n<meta name=\"robots\" content=\"index, follow, max-snippet:-1, max-image-preview:large, max-video-preview:-1\" \/>\n<link rel=\"canonical\" href=\"https:\/\/joyana.fr\/en\/relooking-chez-deborah-la-suite-by-tony-lemale\/100826\/\" \/>\n<meta property=\"og:locale\" content=\"en_US\" \/>\n<meta property=\"og:locale:alternate\" content=\"fr_FR\" \/>\n<meta property=\"og:locale:alternate\" content=\"ja\" \/>\n<meta property=\"og:type\" content=\"article\" \/>\n<meta property=\"og:title\" content=\"Relooking chez D\u00e9borah, la suite... by Tony LEM\u00c2LE - JO YANA\" \/>\n<meta property=\"og:description\" content=\"Le relooking de la chambre de D\u00e9borah par Tony Lem\u00e2le est la suite du relooking fait par Apolline Terrier qui s\u2019\u00e9tait occup\u00e9 de l\u2019entr\u00e9e et du salon. Ces deux relookings sont propos\u00e9s par l\u2019\u00e9mission TV Int\u00e9rieurs. Alors petit rappel des faits : D\u00e9borah a r\u00e9cup\u00e9r\u00e9 il y a un an l\u2019appartement de sa soeur partie [&hellip;]\" \/>\n<meta property=\"og:url\" content=\"https:\/\/joyana.fr\/en\/relooking-chez-deborah-la-suite-by-tony-lemale\/100826\/\" \/>\n<meta property=\"og:site_name\" content=\"JO YANA\" \/>\n<meta property=\"article:published_time\" content=\"2008-04-05T08:44:15+00:00\" \/>\n<meta property=\"og:image\" content=\"https:\/\/joyana.fr\/wp-content\/uploads\/2016\/08\/joyana-logo-black-360x180.png\" \/>\n\t<meta property=\"og:image:width\" content=\"360\" \/>\n\t<meta property=\"og:image:height\" content=\"180\" \/>\n\t<meta property=\"og:image:type\" content=\"image\/png\" \/>\n<meta name=\"author\" content=\"Jo Yana\" \/>\n<meta name=\"twitter:card\" content=\"summary_large_image\" \/>\n<meta name=\"twitter:creator\" content=\"@Jo_Yana\" \/>\n<meta name=\"twitter:site\" content=\"@Jo_Yana\" \/>\n<meta name=\"twitter:label1\" content=\"Written by\" \/>\n\t<meta name=\"twitter:data1\" content=\"Jo Yana\" \/>\n\t<meta name=\"twitter:label2\" content=\"Est. reading time\" \/>\n\t<meta name=\"twitter:data2\" content=\"2 minutes\" \/>\n<script type=\"application\/ld+json\" class=\"yoast-schema-graph\">{\"@context\":\"https:\/\/schema.org\",\"@graph\":[{\"@type\":\"Article\",\"@id\":\"https:\/\/joyana.fr\/ja\/relooking-chez-deborah-la-suite-by-tony-lemale\/100826\/#article\",\"isPartOf\":{\"@id\":\"https:\/\/joyana.fr\/ja\/relooking-chez-deborah-la-suite-by-tony-lemale\/100826\/\"},\"author\":{\"name\":\"Jo Yana\",\"@id\":\"https:\/\/joyana.fr\/#\/schema\/person\/cf2a1ad12a27c12c21801075bf37407c\"},\"headline\":\"Relooking chez D\u00e9borah, la suite&#8230; by Tony LEM\u00c2LE\",\"datePublished\":\"2008-04-05T08:44:15+00:00\",\"mainEntityOfPage\":{\"@id\":\"https:\/\/joyana.fr\/ja\/relooking-chez-deborah-la-suite-by-tony-lemale\/100826\/\"},\"wordCount\":368,\"commentCount\":3,\"publisher\":{\"@id\":\"https:\/\/joyana.fr\/#\/schema\/person\/cf2a1ad12a27c12c21801075bf37407c\"},\"image\":{\"@id\":\"https:\/\/joyana.fr\/ja\/relooking-chez-deborah-la-suite-by-tony-lemale\/100826\/#primaryimage\"},\"thumbnailUrl\":\"https:\/\/i0.wp.com\/joyana.fr\/wp-content\/uploads\/2016\/08\/joyana-logo-black-360x180.png?fit=360%2C180&ssl=1\",\"keywords\":[\"Relooking\"],\"articleSection\":[\"DECO-DESIGN\",\"Emission TV\"],\"inLanguage\":\"en-US\",\"potentialAction\":[{\"@type\":\"CommentAction\",\"name\":\"Comment\",\"target\":[\"https:\/\/joyana.fr\/ja\/relooking-chez-deborah-la-suite-by-tony-lemale\/100826\/#respond\"]}]},{\"@type\":\"WebPage\",\"@id\":\"https:\/\/joyana.fr\/ja\/relooking-chez-deborah-la-suite-by-tony-lemale\/100826\/\",\"url\":\"https:\/\/joyana.fr\/ja\/relooking-chez-deborah-la-suite-by-tony-lemale\/100826\/\",\"name\":\"Relooking chez D\u00e9borah, la suite... by Tony LEM\u00c2LE - JO YANA\",\"isPartOf\":{\"@id\":\"https:\/\/joyana.fr\/#website\"},\"primaryImageOfPage\":{\"@id\":\"https:\/\/joyana.fr\/ja\/relooking-chez-deborah-la-suite-by-tony-lemale\/100826\/#primaryimage\"},\"image\":{\"@id\":\"https:\/\/joyana.fr\/ja\/relooking-chez-deborah-la-suite-by-tony-lemale\/100826\/#primaryimage\"},\"thumbnailUrl\":\"https:\/\/i0.wp.com\/joyana.fr\/wp-content\/uploads\/2016\/08\/joyana-logo-black-360x180.png?fit=360%2C180&ssl=1\",\"datePublished\":\"2008-04-05T08:44:15+00:00\",\"breadcrumb\":{\"@id\":\"https:\/\/joyana.fr\/ja\/relooking-chez-deborah-la-suite-by-tony-lemale\/100826\/#breadcrumb\"},\"inLanguage\":\"en-US\",\"potentialAction\":[{\"@type\":\"ReadAction\",\"target\":[\"https:\/\/joyana.fr\/ja\/relooking-chez-deborah-la-suite-by-tony-lemale\/100826\/\"]}]},{\"@type\":\"ImageObject\",\"inLanguage\":\"en-US\",\"@id\":\"https:\/\/joyana.fr\/ja\/relooking-chez-deborah-la-suite-by-tony-lemale\/100826\/#primaryimage\",\"url\":\"https:\/\/i0.wp.com\/joyana.fr\/wp-content\/uploads\/2016\/08\/joyana-logo-black-360x180.png?fit=360%2C180&ssl=1\",\"contentUrl\":\"https:\/\/i0.wp.com\/joyana.fr\/wp-content\/uploads\/2016\/08\/joyana-logo-black-360x180.png?fit=360%2C180&ssl=1\",\"width\":360,\"height\":180,\"caption\":\"logo joyana.fr\"},{\"@type\":\"BreadcrumbList\",\"@id\":\"https:\/\/joyana.fr\/ja\/relooking-chez-deborah-la-suite-by-tony-lemale\/100826\/#breadcrumb\",\"itemListElement\":[{\"@type\":\"ListItem\",\"position\":1,\"name\":\"Accueil\",\"item\":\"https:\/\/joyana.fr\/\"},{\"@type\":\"ListItem\",\"position\":2,\"name\":\"Relooking chez D\u00e9borah, la suite&#8230; by Tony LEM\u00c2LE\"}]},{\"@type\":\"WebSite\",\"@id\":\"https:\/\/joyana.fr\/#website\",\"url\":\"https:\/\/joyana.fr\/\",\"name\":\"JO YANA\",\"description\":\"Blog Mode Homme, Lifestyle, D\u00e9co-Design\",\"publisher\":{\"@id\":\"https:\/\/joyana.fr\/#\/schema\/person\/cf2a1ad12a27c12c21801075bf37407c\"},\"potentialAction\":[{\"@type\":\"SearchAction\",\"target\":{\"@type\":\"EntryPoint\",\"urlTemplate\":\"https:\/\/joyana.fr\/?s={search_term_string}\"},\"query-input\":{\"@type\":\"PropertyValueSpecification\",\"valueRequired\":true,\"valueName\":\"search_term_string\"}}],\"inLanguage\":\"en-US\"},{\"@type\":[\"Person\",\"Organization\"],\"@id\":\"https:\/\/joyana.fr\/#\/schema\/person\/cf2a1ad12a27c12c21801075bf37407c\",\"name\":\"Jo Yana\",\"image\":{\"@type\":\"ImageObject\",\"inLanguage\":\"en-US\",\"@id\":\"https:\/\/joyana.fr\/#\/schema\/person\/image\/\",\"url\":\"https:\/\/i0.wp.com\/joyana.fr\/wp-content\/uploads\/2016\/08\/cropped-joyana-logo-black-360x180.png?fit=343%2C164&ssl=1\",\"contentUrl\":\"https:\/\/i0.wp.com\/joyana.fr\/wp-content\/uploads\/2016\/08\/cropped-joyana-logo-black-360x180.png?fit=343%2C164&ssl=1\",\"width\":343,\"height\":164,\"caption\":\"Jo Yana\"},\"logo\":{\"@id\":\"https:\/\/joyana.fr\/#\/schema\/person\/image\/\"},\"description\":\"Jo Yana est le cr\u00e9ateur et r\u00e9dacteur en chef des sites DECO-DESIGN. Passionn\u00e9 de Design, Mode, Photo, Luxe, Lifestyle, Musique, mais avant tout Blogueur ! Le plaisir de partager l'anime et a comme devise \\\"POUR L'AMOUR DU BEAU\\\". Retrouvez le aussi sur son blog personnel - https:\/\/joyana.fr...\",\"sameAs\":[\"https:\/\/joyana.fr\/\"],\"url\":\"https:\/\/joyana.fr\/en\/author\/joyana\/\"}]}<\/script>\n<!-- \/ Yoast SEO plugin. -->","yoast_head_json":{"title":"Relooking chez D\u00e9borah, la suite... by Tony LEM\u00c2LE - JO YANA","robots":{"index":"index","follow":"follow","max-snippet":"max-snippet:-1","max-image-preview":"max-image-preview:large","max-video-preview":"max-video-preview:-1"},"canonical":"https:\/\/joyana.fr\/en\/relooking-chez-deborah-la-suite-by-tony-lemale\/100826\/","og_locale":"en_US","og_type":"article","og_title":"Relooking chez D\u00e9borah, la suite... by Tony LEM\u00c2LE - JO YANA","og_description":"Le relooking de la chambre de D\u00e9borah par Tony Lem\u00e2le est la suite du relooking fait par Apolline Terrier qui s\u2019\u00e9tait occup\u00e9 de l\u2019entr\u00e9e et du salon. Ces deux relookings sont propos\u00e9s par l\u2019\u00e9mission TV Int\u00e9rieurs. Alors petit rappel des faits : D\u00e9borah a r\u00e9cup\u00e9r\u00e9 il y a un an l\u2019appartement de sa soeur partie [&hellip;]","og_url":"https:\/\/joyana.fr\/en\/relooking-chez-deborah-la-suite-by-tony-lemale\/100826\/","og_site_name":"JO YANA","article_published_time":"2008-04-05T08:44:15+00:00","og_image":[{"width":360,"height":180,"url":"https:\/\/joyana.fr\/wp-content\/uploads\/2016\/08\/joyana-logo-black-360x180.png","type":"image\/png"}],"author":"Jo Yana","twitter_card":"summary_large_image","twitter_creator":"@Jo_Yana","twitter_site":"@Jo_Yana","twitter_misc":{"Written by":"Jo Yana","Est. reading time":"2 minutes"},"schema":{"@context":"https:\/\/schema.org","@graph":[{"@type":"Article","@id":"https:\/\/joyana.fr\/ja\/relooking-chez-deborah-la-suite-by-tony-lemale\/100826\/#article","isPartOf":{"@id":"https:\/\/joyana.fr\/ja\/relooking-chez-deborah-la-suite-by-tony-lemale\/100826\/"},"author":{"name":"Jo Yana","@id":"https:\/\/joyana.fr\/#\/schema\/person\/cf2a1ad12a27c12c21801075bf37407c"},"headline":"Relooking chez D\u00e9borah, la suite&#8230; by Tony LEM\u00c2LE","datePublished":"2008-04-05T08:44:15+00:00","mainEntityOfPage":{"@id":"https:\/\/joyana.fr\/ja\/relooking-chez-deborah-la-suite-by-tony-lemale\/100826\/"},"wordCount":368,"commentCount":3,"publisher":{"@id":"https:\/\/joyana.fr\/#\/schema\/person\/cf2a1ad12a27c12c21801075bf37407c"},"image":{"@id":"https:\/\/joyana.fr\/ja\/relooking-chez-deborah-la-suite-by-tony-lemale\/100826\/#primaryimage"},"thumbnailUrl":"https:\/\/i0.wp.com\/joyana.fr\/wp-content\/uploads\/2016\/08\/joyana-logo-black-360x180.png?fit=360%2C180&ssl=1","keywords":["Relooking"],"articleSection":["DECO-DESIGN","Emission TV"],"inLanguage":"en-US","potentialAction":[{"@type":"CommentAction","name":"Comment","target":["https:\/\/joyana.fr\/ja\/relooking-chez-deborah-la-suite-by-tony-lemale\/100826\/#respond"]}]},{"@type":"WebPage","@id":"https:\/\/joyana.fr\/ja\/relooking-chez-deborah-la-suite-by-tony-lemale\/100826\/","url":"https:\/\/joyana.fr\/ja\/relooking-chez-deborah-la-suite-by-tony-lemale\/100826\/","name":"Relooking chez D\u00e9borah, la suite... by Tony LEM\u00c2LE - JO YANA","isPartOf":{"@id":"https:\/\/joyana.fr\/#website"},"primaryImageOfPage":{"@id":"https:\/\/joyana.fr\/ja\/relooking-chez-deborah-la-suite-by-tony-lemale\/100826\/#primaryimage"},"image":{"@id":"https:\/\/joyana.fr\/ja\/relooking-chez-deborah-la-suite-by-tony-lemale\/100826\/#primaryimage"},"thumbnailUrl":"https:\/\/i0.wp.com\/joyana.fr\/wp-content\/uploads\/2016\/08\/joyana-logo-black-360x180.png?fit=360%2C180&ssl=1","datePublished":"2008-04-05T08:44:15+00:00","breadcrumb":{"@id":"https:\/\/joyana.fr\/ja\/relooking-chez-deborah-la-suite-by-tony-lemale\/100826\/#breadcrumb"},"inLanguage":"en-US","potentialAction":[{"@type":"ReadAction","target":["https:\/\/joyana.fr\/ja\/relooking-chez-deborah-la-suite-by-tony-lemale\/100826\/"]}]},{"@type":"ImageObject","inLanguage":"en-US","@id":"https:\/\/joyana.fr\/ja\/relooking-chez-deborah-la-suite-by-tony-lemale\/100826\/#primaryimage","url":"https:\/\/i0.wp.com\/joyana.fr\/wp-content\/uploads\/2016\/08\/joyana-logo-black-360x180.png?fit=360%2C180&ssl=1","contentUrl":"https:\/\/i0.wp.com\/joyana.fr\/wp-content\/uploads\/2016\/08\/joyana-logo-black-360x180.png?fit=360%2C180&ssl=1","width":360,"height":180,"caption":"logo joyana.fr"},{"@type":"BreadcrumbList","@id":"https:\/\/joyana.fr\/ja\/relooking-chez-deborah-la-suite-by-tony-lemale\/100826\/#breadcrumb","itemListElement":[{"@type":"ListItem","position":1,"name":"Accueil","item":"https:\/\/joyana.fr\/"},{"@type":"ListItem","position":2,"name":"Relooking chez D\u00e9borah, la suite&#8230; by Tony LEM\u00c2LE"}]},{"@type":"WebSite","@id":"https:\/\/joyana.fr\/#website","url":"https:\/\/joyana.fr\/","name":"JO YANA","description":"Blog Mode Homme, Lifestyle, D\u00e9co-Design","publisher":{"@id":"https:\/\/joyana.fr\/#\/schema\/person\/cf2a1ad12a27c12c21801075bf37407c"},"potentialAction":[{"@type":"SearchAction","target":{"@type":"EntryPoint","urlTemplate":"https:\/\/joyana.fr\/?s={search_term_string}"},"query-input":{"@type":"PropertyValueSpecification","valueRequired":true,"valueName":"search_term_string"}}],"inLanguage":"en-US"},{"@type":["Person","Organization"],"@id":"https:\/\/joyana.fr\/#\/schema\/person\/cf2a1ad12a27c12c21801075bf37407c","name":"Jo Yana","image":{"@type":"ImageObject","inLanguage":"en-US","@id":"https:\/\/joyana.fr\/#\/schema\/person\/image\/","url":"https:\/\/i0.wp.com\/joyana.fr\/wp-content\/uploads\/2016\/08\/cropped-joyana-logo-black-360x180.png?fit=343%2C164&ssl=1","contentUrl":"https:\/\/i0.wp.com\/joyana.fr\/wp-content\/uploads\/2016\/08\/cropped-joyana-logo-black-360x180.png?fit=343%2C164&ssl=1","width":343,"height":164,"caption":"Jo Yana"},"logo":{"@id":"https:\/\/joyana.fr\/#\/schema\/person\/image\/"},"description":"Jo Yana est le cr\u00e9ateur et r\u00e9dacteur en chef des sites DECO-DESIGN. Passionn\u00e9 de Design, Mode, Photo, Luxe, Lifestyle, Musique, mais avant tout Blogueur ! Le plaisir de partager l'anime et a comme devise \"POUR L'AMOUR DU BEAU\". Retrouvez le aussi sur son blog personnel - https:\/\/joyana.fr...","sameAs":["https:\/\/joyana.fr\/"],"url":"https:\/\/joyana.fr\/en\/author\/joyana\/"}]}},"author_meta":{"display_name":"Jo Yana","author_link":"https:\/\/joyana.fr\/en\/author\/joyana\/"},"featured_img":"https:\/\/i0.wp.com\/joyana.fr\/wp-content\/uploads\/2016\/08\/joyana-logo-black-360x180.png?fit=360%2C180&ssl=1","featured_image_src":"https:\/\/i0.wp.com\/joyana.fr\/wp-content\/uploads\/2016\/08\/joyana-logo-black-360x180.png?resize=360%2C180&ssl=1","featured_image_src_square":"https:\/\/i0.wp.com\/joyana.fr\/wp-content\/uploads\/2016\/08\/joyana-logo-black-360x180.png?resize=360%2C180&ssl=1","jetpack_featured_media_url":"https:\/\/i0.wp.com\/joyana.fr\/wp-content\/uploads\/2016\/08\/joyana-logo-black-360x180.png?fit=360%2C180&ssl=1","uagb_featured_image_src":{"full":["https:\/\/i0.wp.com\/joyana.fr\/wp-content\/uploads\/2016\/08\/joyana-logo-black-360x180.png?fit=360%2C180&ssl=1",360,180,false],"thumbnail":["https:\/\/i0.wp.com\/joyana.fr\/wp-content\/uploads\/2016\/08\/joyana-logo-black-360x180.png?resize=150%2C150&ssl=1",150,150,true],"medium":["https:\/\/i0.wp.com\/joyana.fr\/wp-content\/uploads\/2016\/08\/joyana-logo-black-360x180.png?fit=360%2C180&ssl=1",360,180,true],"medium_large":["https:\/\/i0.wp.com\/joyana.fr\/wp-content\/uploads\/2016\/08\/joyana-logo-black-360x180.png?fit=360%2C180&ssl=1",360,180,true],"large":["https:\/\/i0.wp.com\/joyana.fr\/wp-content\/uploads\/2016\/08\/joyana-logo-black-360x180.png?fit=360%2C180&ssl=1",360,180,true],"1536x1536":["https:\/\/i0.wp.com\/joyana.fr\/wp-content\/uploads\/2016\/08\/joyana-logo-black-360x180.png?fit=360%2C180&ssl=1",360,180,true],"2048x2048":["https:\/\/i0.wp.com\/joyana.fr\/wp-content\/uploads\/2016\/08\/joyana-logo-black-360x180.png?fit=360%2C180&ssl=1",360,180,true],"featured-thumb":["https:\/\/i0.wp.com\/joyana.fr\/wp-content\/uploads\/2016\/08\/joyana-logo-black-360x180.png?resize=360%2C180&ssl=1",360,180,true],"ab-block-post-grid-landscape":["https:\/\/i0.wp.com\/joyana.fr\/wp-content\/uploads\/2016\/08\/joyana-logo-black-360x180.png?resize=360%2C180&ssl=1",360,180,true],"ab-block-post-grid-square":["https:\/\/i0.wp.com\/joyana.fr\/wp-content\/uploads\/2016\/08\/joyana-logo-black-360x180.png?resize=360%2C180&ssl=1",360,180,true],"author-pro-image":["https:\/\/i0.wp.com\/joyana.fr\/wp-content\/uploads\/2016\/08\/joyana-logo-black-360x180.png?resize=360%2C180&ssl=1",360,180,true],"slider":["https:\/\/i0.wp.com\/joyana.fr\/wp-content\/uploads\/2016\/08\/joyana-logo-black-360x180.png?resize=360%2C180&ssl=1",360,180,true],"woocommerce_thumbnail":["https:\/\/i0.wp.com\/joyana.fr\/wp-content\/uploads\/2016\/08\/joyana-logo-black-360x180.png?resize=300%2C180&ssl=1",300,180,true],"woocommerce_single":["https:\/\/i0.wp.com\/joyana.fr\/wp-content\/uploads\/2016\/08\/joyana-logo-black-360x180.png?fit=360%2C180&ssl=1",360,180,true],"woocommerce_gallery_thumbnail":["https:\/\/i0.wp.com\/joyana.fr\/wp-content\/uploads\/2016\/08\/joyana-logo-black-360x180.png?resize=180%2C180&ssl=1",180,180,true],"sow-carousel-default":["https:\/\/i0.wp.com\/joyana.fr\/wp-content\/uploads\/2016\/08\/joyana-logo-black-360x180.png?resize=272%2C180&ssl=1",272,180,true]},"uagb_author_info":{"display_name":"Jo Yana","author_link":"https:\/\/joyana.fr\/en\/author\/joyana\/"},"uagb_comment_info":3,"uagb_excerpt":"Le relooking de la chambre de D\u00e9borah par Tony Lem\u00e2le est la suite du relooking fait par Apolline Terrier qui s\u2019\u00e9tait occup\u00e9 de l\u2019entr\u00e9e et du salon. Ces deux relookings sont propos\u00e9s par l\u2019\u00e9mission TV Int\u00e9rieurs. Alors petit rappel des faits : D\u00e9borah a r\u00e9cup\u00e9r\u00e9 il y a un an l\u2019appartement de sa soeur partie&hellip;","coauthors":[],"tax_additional":{"categories":{"linked":["<a href=\"https:\/\/joyana.fr\/en\/category\/deco-design\/\" class=\"advgb-post-tax-term\">DECO-DESIGN<\/a>","<a href=\"https:\/\/joyana.fr\/en\/category\/deco-design\/actualite\/emission-tv\/\" class=\"advgb-post-tax-term\">Emission TV<\/a>"],"unlinked":["<span class=\"advgb-post-tax-term\">DECO-DESIGN<\/span>","<span class=\"advgb-post-tax-term\">Emission TV<\/span>"]},"tags":{"linked":["<a href=\"https:\/\/joyana.fr\/en\/category\/deco-design\/actualite\/emission-tv\/\" class=\"advgb-post-tax-term\">Relooking<\/a>"],"unlinked":["<span class=\"advgb-post-tax-term\">Relooking<\/span>"]}},"comment_count":3,"relative_dates":{"created":"Posted 18 years ago","modified":"Updated 18 years ago"},"absolute_dates":{"created":"Posted on 5 April 2008","modified":"Updated on 5 April 2008"},"absolute_dates_time":{"created":"Posted on 5 April 2008 9:44","modified":"Updated on 5 April 2008 9:44"},"featured_img_caption":"","series_order":"","jetpack_sharing_enabled":true,"jetpack_shortlink":"https:\/\/wp.me\/p9bteI-qee","jetpack-related-posts":[],"_links":{"self":[{"href":"https:\/\/joyana.fr\/en\/wp-json\/wp\/v2\/posts\/100826","targetHints":{"allow":["GET"]}}],"collection":[{"href":"https:\/\/joyana.fr\/en\/wp-json\/wp\/v2\/posts"}],"about":[{"href":"https:\/\/joyana.fr\/en\/wp-json\/wp\/v2\/types\/post"}],"author":[{"embeddable":true,"href":"https:\/\/joyana.fr\/en\/wp-json\/wp\/v2\/users\/3"}],"replies":[{"embeddable":true,"href":"https:\/\/joyana.fr\/en\/wp-json\/wp\/v2\/comments?post=100826"}],"version-history":[{"count":0,"href":"https:\/\/joyana.fr\/en\/wp-json\/wp\/v2\/posts\/100826\/revisions"}],"wp:featuredmedia":[{"embeddable":true,"href":"https:\/\/joyana.fr\/en\/wp-json\/wp\/v2\/media\/124300"}],"wp:attachment":[{"href":"https:\/\/joyana.fr\/en\/wp-json\/wp\/v2\/media?parent=100826"}],"wp:term":[{"taxonomy":"category","embeddable":true,"href":"https:\/\/joyana.fr\/en\/wp-json\/wp\/v2\/categories?post=100826"},{"taxonomy":"post_tag","embeddable":true,"href":"https:\/\/joyana.fr\/en\/wp-json\/wp\/v2\/tags?post=100826"}],"curies":[{"name":"wp","href":"https:\/\/api.w.org\/{rel}","templated":true}]}}