{"id":100838,"date":"2008-04-08T23:45:12","date_gmt":"2008-04-08T22:45:12","guid":{"rendered":"https:\/\/joyana.fr\/ara-starck-interviewe-par-le-blog-deco-design\/"},"modified":"2008-04-08T23:45:12","modified_gmt":"2008-04-08T22:45:12","slug":"ara-starck-interviewe-par-le-blog-deco-design","status":"publish","type":"post","link":"https:\/\/joyana.fr\/en\/ara-starck-interviewe-par-le-blog-deco-design\/100838\/","title":{"rendered":"Ara STARCK interview\u00e9e par le Blog D\u00e9co-Design"},"content":{"rendered":"<p>Nous d\u00e9couvrons <strong>Ara Starck<\/strong>, personnage tout aussi talentueux que myst\u00e9rieux qui a accept\u00e9 aimablement de r\u00e9pondre d\u2019une fa\u00e7on sinc\u00e8re \u00e0 l\u2019interview du <a href=\"https:\/\/joyana.fr\" target=\"_blank\"><strong>Blog D\u00e9co-Design<\/strong><\/a>.<\/p>\n<p><img data-recalc-dims=\"1\" fetchpriority=\"high\" decoding=\"async\" src=\"https:\/\/i0.wp.com\/joyana.fr\/wp-content\/uploads\/ara-starck-2.jpg?resize=500%2C663&#038;ssl=1\" border=\"0\" alt=\"\" width=\"500\" height=\"663\" \/><\/p>\n<p><strong><span style=\"font-size: medium;\">Ara Starck<\/span><\/strong> est n\u00e9e \u00e0 Paris en 1978. Apr\u00e9s un passage aux ateliers des S\u00e8vres puis aux Beaux Arts de Paris, elle int\u00e8gre la Saint Martin School of Fine Arts \u00e0 Londres, puis poursuit et termine ses \u00e9tudes \u00e0 la Slade School of Fine Art.Elle en sort en 2002 avec un Bacchelor of Art.<\/p>\n<p>Inspir\u00e9 depuis toujours pas le d\u00e9passement au propre comme au figur\u00e9, Ara Starck peint sur grand format.<\/p>\n<p><a href=\"https:\/\/joyana.fr\/hotel-le-meurice-par-la-famille-starck\/\" target=\"_blank\"><strong>Le restaurant le Dali<\/strong><\/a> ou l\u2019ame de Dali r\u00e8gne en ma\u00eetre, ou Yannick All\u00e9no d\u00e9shabille la cuisine fran\u00e7aise et o\u00fb <strong>Ara Starck<\/strong> propose une toile monumentale, cl\u00e9 de vo\u00fbte du projet.<\/p>\n<p><img data-recalc-dims=\"1\" decoding=\"async\" src=\"https:\/\/i0.wp.com\/joyana.fr\/wp-content\/uploads\/le-dali-par-starck.jpg?resize=500%2C390&#038;ssl=1\" border=\"0\" alt=\"le dali par ARA starck\" hspace=\"8\" width=\"500\" height=\"390\" align=\"top\" \/><\/p>\n<p><strong><span style=\"font-size: large;\">Interview :<\/span><\/strong><\/p>\n<p><strong>D-D : Ara, nous voulons donc en savoir un peu plus sur vous&#8230; <\/strong><strong>Quel est votre parcours ?<\/strong><\/p>\n<p>Ara Starck : <em>J\u2019ai tout d\u2019abord fait mes \u00e9tudes g\u00e9n\u00e9rales \u00e0 Paris jusqu\u2019au Baccalaur\u00e9at, ensuite j\u2019ai choisi de partir vivre \u00e0 Londres pour poursuivre mes \u00e9tudes de peinture. Tout d\u2019abord \u00e0 la Saint Martins School of Art et Chelsea Shool of art puis \u00e0 la Slade School of art d\u2019o\u00f9 j\u2019ai \u00e9t\u00e9 dipl\u00f4m\u00e9e du Bacchelor of Art en 2002. Je suis ensuite partie vivre \u00e0 New York, o\u00f9 j\u2019ai commenc\u00e9 \u00e0 travailler sur la s\u00e9rie de portraits qui seront expos\u00e9s en mai \u00e0 Paris \u00e0 la galerie Artegalore.<\/em> <a href=\"mailto:contact@artegalore.com\">contact@artegalore.com<\/a><\/p>\n<p><strong>D-D : En peinture de quel style vous sentez vous la plus proche ?<\/strong><\/p>\n<p>AS :<strong> <\/strong><em>Je ne sens pas d\u2019appartenance \u00e0 un courant ou un mouvement pictural en particulier.<br \/>\nUn de mes objectifs dans mon travail est de parvenir \u00e0 installer un dialogue, de cr\u00e9er une troisi\u00e8me mati\u00e8re qui serait le r\u00e9sultat d\u2019une rencontre entre la toile propre au peintre et le spectateur.<br \/>\nJe suis aussi \u00e0 l\u2019\u00e9coute des nouvelles technologies qui peuvent servir de nouveaux outils au service de la peinture.<br \/>\nLe 21 mai 2008, j\u2019expose \u00e0 la galerie Artegalore une s\u00e9rie de larges portraits qui sont un m\u00e9lange de peinture \u00e0 l\u2019huile et d\u2019une technologie moderne, le lenticulaire. L\u2019utilisation de cet outil me permet de r\u00e9aliser des tableaux tridimensionnels, des tableaux mouvants o\u00f9 des images apparaissent et disparaissent lorsque le spectateur se d\u00e9place devant.<\/em><\/p>\n<p><strong>D-D : \u00catre peintre \u00e9tait-ce une \u00e9vidence pour vous? Ou avez vous h\u00e9sit\u00e9 avec une autres fa\u00e7on d\u2019exprimer vos envies artistiques? Ou bien m\u00eame un m\u00e9tier plus classique?<\/strong><\/p>\n<p>AS : <em>Grandir dans un environnement cr\u00e9atif m\u2019a guid\u00e9e vers un chemin artistique. J\u2019ai eu la chance de d\u00e9couvrir assez t\u00f4t mon medium : la peinture.<br \/>\nJ\u2019ai beaucoup d\u2019admiration et de respect pour le design et l\u2019architecture, mais je n\u2019ai jamais eu le d\u00e9sir de me diriger vers ces domaines.<br \/>\nPour moi la peinture m\u2019est toujours apparue comme une \u00e9vidence, comme le vocabulaire dans lequel je me sentais \u00e0 l\u2019aise pour m\u2019exprimer.<\/em><\/p>\n<p><strong>D-D :<\/strong> <strong>Quelles ont \u00e9t\u00e9 les conditions pour que la famille Starck puisse \u00eatre r\u00e9unie autour d\u2019un m\u00eame projet ?<\/strong><\/p>\n<p>AS : <em>J\u2019ai \u00e9t\u00e9 \u00e9lev\u00e9e dans l\u2019id\u00e9e que chacun devait trouver sa propre voie, son propre vocabulaire et par cons\u00e9quent travailler en famille n\u2019a jamais \u00e9t\u00e9 un d\u00e9sir ni pour mon p\u00e8re ni pour moi.<br \/>\nJ\u2019ai su que mon p\u00e8re redessinait les parties principales de l\u2019h\u00f4tel Meurice et qu\u2019il cherchait un artiste afin de r\u00e9aliser une toile pour le plafond du restaurant. Le projet m\u2019a tout de suite attir\u00e9 car il s\u2019ancre dans une grande et ancienne tradition fran\u00e7aise. J\u2019ai alors propos\u00e9 mon projet anonymement afin que l\u2019id\u00e9e de travailler ensemble ne soit ni un avantage ni un inconv\u00e9nient.<br \/>\nMon projet a \u00e9t\u00e9 choisit et accept\u00e9 par mon p\u00e8re et Franka Holtmann, la directrice du Meurice. Une relation de confiance s\u2019est install\u00e9e qui m\u2019a permise de travailler libre sans restrictions ni cahier des charges.<\/em><\/p>\n<p><strong>D-D : Justement n\u2019est -il pas dur de se faire un pr\u00e9nom lorsque l\u2019on porte un nom mondialement reconnu ?<\/strong><\/p>\n<p>AS : <em>Ce qui a rendu l\u2019aventure de ce projet aussi important pour moi et agr\u00e9able, c\u2019est que chacun est rest\u00e9 dans son propre domaine.<br \/>\nPendant 5 mois, j\u2019ai r\u00e9alis\u00e9 la toile mais \u00e0 aucun moment je n\u2019ai travaill\u00e9 sur la d\u00e9coration.<\/em><\/p>\n<p><strong>D-D : Enfant avec votre p\u00e8re vous avez eu l\u2019occasion de voyager dans le monde entier, quelles villes vous ont le plus marqu\u00e9 ? Et aujourd\u2019hui ou avez vous pos\u00e9 vos valises ?<\/strong><\/p>\n<p>AS :<strong> <\/strong><em>J\u2019ai souvent accompagn\u00e9 mes parents lors de leurs voyages professionnels. Je pense qu\u2019un des voyage qui m\u2019a le plus marqu\u00e9 est Tokyo. J\u2019avais 10 ans, et le rapport entre le cot\u00e9 traditionnel et tr\u00e8s technologique de cette ville m\u2019avait impressionn\u00e9.<br \/>\nJ\u2019habite aujourd\u2019hui \u00e0 Paris, mais je continue \u00e0 voyager. Je ne suis pas attach\u00e9e \u00e0 une ville ou un pays en particulier, je pourrais demain partir d\u00e9couvrir un autre pays du moment que je peux peindre.<\/em><\/p>\n<p><strong>D-D :<\/strong><em> <\/em><strong>Quels cr\u00e9ateurs de ce monde (peintre, designer, couturier&#8230;.) admirez-vous le plus ?<\/strong><\/p>\n<p>AS :<strong> <\/strong><em>Matthew Barney est pour moi un artiste important. Je suis tr\u00e8s attir\u00e9 par la th\u00e9\u00e2tralit\u00e9 de son travail. Et dans un autre domaine, les pi\u00e8ces de James Thierr\u00e9 qui pour moi sont d\u2019incroyables tableaux vivants.<\/em><\/p>\n<p><strong>D-D : Ara de quels travaux \u00eates vous la plus fi\u00e8re ?<\/strong><\/p>\n<p>AS :<em> Je suis vraiment contente de pouvoir exposer la s\u00e9rie de portraits sur lequel je travaille depuis 3 ans. C\u2019est en effet un projet qui a \u00e9t\u00e9 assez long \u00e0 mettre en place et je suis contente aujourd\u2019hui de pouvoir le partager.<\/em><\/p>\n<p><img data-recalc-dims=\"1\" decoding=\"async\" src=\"https:\/\/i0.wp.com\/joyana.fr\/wp-content\/uploads\/ara-starck.jpg?resize=500%2C407&#038;ssl=1\" border=\"0\" alt=\"ARA STARCK\" width=\"500\" height=\"407\" \/><\/p>\n<p><strong><span style=\"font-size: medium;\">D-D : Pour finir Ara, un petit portrait chinois&#8230;<\/span><\/strong><\/p>\n<p><strong>Si vous \u00e9tiez un lieu ? : <\/strong><em>Un lieu imaginaire comme une for\u00eat magique et hant\u00e9e.<\/em><\/p>\n<p><strong>Si vous \u00e9tiez une couleur ? : <\/strong><em>Une des couleurs primaires pour pouvoir au contact d\u2019une autre couleur en cr\u00e9e une troisi\u00e8me.<\/em><\/p>\n<p><strong>Si vous \u00e9tiez un bruit ? : <\/strong><em>Le son d\u2019un guitare \u00e9lectrique ou acoustique.<\/em><\/p>\n<p><strong>Si vous \u00e9tiez un meuble ? : <\/strong><em>Un chevalet et un escabeau !<\/em><\/p>\n<p><em>&#8212;&#8212;&#8212;&#8212;&#8212;&#8212;-<\/em><\/p>\n<p>Interview r\u00e9alis\u00e9e par l\u2019\u00e9quipe <a href=\"http:\/\/deco-design.fr-bb.com\" target=\"_blank\"><strong>D\u00e9co-Design<\/strong><\/a>.<\/p>\n<p>Toute l\u2019\u00e9quipe remercie <strong>Ara Starck<\/strong> d\u2019avoir accept\u00e9 de r\u00e9pondre \u00e0 nos questions, et le service de presse de <a href=\"http:\/\/www.meuricehotel.fr\/\" target=\"_blank\"><strong>l<\/strong><\/a><a href=\"http:\/\/www.meuricehotel.fr\/\" target=\"_blank\"><strong>\u2019h\u00f4tel Le Meurice<\/strong><\/a> d\u2019avoir rendu cela possible.<\/p>\n<p><a href=\"http:\/\/jo_yana@hotmail.com\" target=\"_blank\">Jo Yana<\/a><\/p>\n","protected":false},"excerpt":{"rendered":"<p>Nous d\u00e9couvrons Ara Starck, personnage tout aussi talentueux que myst\u00e9rieux qui a accept\u00e9 aimablement de r\u00e9pondre d\u2019une fa\u00e7on sinc\u00e8re \u00e0 l\u2019interview du Blog D\u00e9co-Design. Ara Starck est n\u00e9e \u00e0 Paris en 1978. Apr\u00e9s un passage aux ateliers des S\u00e8vres puis aux Beaux Arts de Paris, elle int\u00e8gre la Saint Martin School of Fine Arts \u00e0 [&hellip;]<\/p>\n","protected":false},"author":3,"featured_media":124300,"comment_status":"open","ping_status":"open","sticky":false,"template":"","format":"standard","meta":{"_coblocks_attr":"","_coblocks_dimensions":"","_coblocks_responsive_height":"","_coblocks_accordion_ie_support":"","_uag_custom_page_level_css":"","advgb_blocks_editor_width":"","advgb_blocks_columns_visual_guide":"","_genesis_hide_title":false,"_genesis_hide_breadcrumbs":false,"_genesis_hide_singular_image":false,"_genesis_hide_footer_widgets":false,"_genesis_custom_body_class":"","_genesis_custom_post_class":"","_genesis_layout":"","_themeisle_gutenberg_block_has_review":false,"_jetpack_newsletter_access":"","_jetpack_dont_email_post_to_subs":false,"_jetpack_newsletter_tier_id":0,"_jetpack_memberships_contains_paywalled_content":false,"_jetpack_memberships_contains_paid_content":false,"footnotes":""},"categories":[1002,905,916],"tags":[9],"class_list":{"0":"post-100838","1":"post","2":"type-post","3":"status-publish","4":"format-standard","5":"has-post-thumbnail","7":"category-artiste","8":"category-deco-design","9":"category-philippe-starck","10":"tag-starck","11":"entry"},"featured_image_urls":{"full":["https:\/\/i0.wp.com\/joyana.fr\/wp-content\/uploads\/2016\/08\/joyana-logo-black-360x180.png?fit=360%2C180&ssl=1",360,180,false],"thumbnail":["https:\/\/i0.wp.com\/joyana.fr\/wp-content\/uploads\/2016\/08\/joyana-logo-black-360x180.png?resize=150%2C150&ssl=1",150,150,true],"medium":["https:\/\/i0.wp.com\/joyana.fr\/wp-content\/uploads\/2016\/08\/joyana-logo-black-360x180.png?fit=360%2C180&ssl=1",360,180,true],"medium_large":["https:\/\/i0.wp.com\/joyana.fr\/wp-content\/uploads\/2016\/08\/joyana-logo-black-360x180.png?fit=360%2C180&ssl=1",360,180,true],"large":["https:\/\/i0.wp.com\/joyana.fr\/wp-content\/uploads\/2016\/08\/joyana-logo-black-360x180.png?fit=360%2C180&ssl=1",360,180,true],"1536x1536":["https:\/\/i0.wp.com\/joyana.fr\/wp-content\/uploads\/2016\/08\/joyana-logo-black-360x180.png?fit=360%2C180&ssl=1",360,180,true],"2048x2048":["https:\/\/i0.wp.com\/joyana.fr\/wp-content\/uploads\/2016\/08\/joyana-logo-black-360x180.png?fit=360%2C180&ssl=1",360,180,true],"featured-thumb":["https:\/\/i0.wp.com\/joyana.fr\/wp-content\/uploads\/2016\/08\/joyana-logo-black-360x180.png?resize=360%2C180&ssl=1",360,180,true],"ab-block-post-grid-landscape":["https:\/\/i0.wp.com\/joyana.fr\/wp-content\/uploads\/2016\/08\/joyana-logo-black-360x180.png?resize=360%2C180&ssl=1",360,180,true],"ab-block-post-grid-square":["https:\/\/i0.wp.com\/joyana.fr\/wp-content\/uploads\/2016\/08\/joyana-logo-black-360x180.png?resize=360%2C180&ssl=1",360,180,true],"author-pro-image":["https:\/\/i0.wp.com\/joyana.fr\/wp-content\/uploads\/2016\/08\/joyana-logo-black-360x180.png?resize=360%2C180&ssl=1",360,180,true],"slider":["https:\/\/i0.wp.com\/joyana.fr\/wp-content\/uploads\/2016\/08\/joyana-logo-black-360x180.png?resize=360%2C180&ssl=1",360,180,true],"woocommerce_thumbnail":["https:\/\/i0.wp.com\/joyana.fr\/wp-content\/uploads\/2016\/08\/joyana-logo-black-360x180.png?resize=300%2C180&ssl=1",300,180,true],"woocommerce_single":["https:\/\/i0.wp.com\/joyana.fr\/wp-content\/uploads\/2016\/08\/joyana-logo-black-360x180.png?fit=360%2C180&ssl=1",360,180,true],"woocommerce_gallery_thumbnail":["https:\/\/i0.wp.com\/joyana.fr\/wp-content\/uploads\/2016\/08\/joyana-logo-black-360x180.png?resize=180%2C180&ssl=1",180,180,true],"sow-carousel-default":["https:\/\/i0.wp.com\/joyana.fr\/wp-content\/uploads\/2016\/08\/joyana-logo-black-360x180.png?resize=272%2C180&ssl=1",272,180,true]},"post_excerpt_stackable":"<p>Nous d\u00e9couvrons Ara Starck, personnage tout aussi talentueux que myst\u00e9rieux qui a accept\u00e9 aimablement de r\u00e9pondre d\u2019une fa\u00e7on sinc\u00e8re \u00e0 l\u2019interview du Blog D\u00e9co-Design. Ara Starck est n\u00e9e \u00e0 Paris en 1978. Apr\u00e9s un passage aux ateliers des S\u00e8vres puis aux Beaux Arts de Paris, elle int\u00e8gre la Saint Martin School of Fine Arts \u00e0 Londres, puis poursuit et termine ses \u00e9tudes \u00e0 la Slade School of Fine Art.Elle en sort en 2002 avec un Bacchelor of Art. Inspir\u00e9 depuis toujours pas le d\u00e9passement au propre comme au figur\u00e9, Ara Starck peint sur grand format. Le restaurant le Dali ou&hellip;<\/p>\n","category_list":"<a href=\"https:\/\/joyana.fr\/en\/category\/deco-design\/actualite\/artiste\/\" rel=\"category tag\">Artiste<\/a>, <a href=\"https:\/\/joyana.fr\/en\/category\/deco-design\/\" rel=\"category tag\">DECO-DESIGN<\/a>, <a href=\"https:\/\/joyana.fr\/en\/category\/deco-design\/designer\/philippe-starck\/\" rel=\"category tag\">Philippe STARCK<\/a>","author_info":{"display_name":"Jo Yana","author_link":"https:\/\/joyana.fr\/en\/author\/joyana\/"},"comments_num":"12 comments","featured_image_urls_v2":{"full":["https:\/\/i0.wp.com\/joyana.fr\/wp-content\/uploads\/2016\/08\/joyana-logo-black-360x180.png?fit=360%2C180&ssl=1",360,180,false],"thumbnail":["https:\/\/i0.wp.com\/joyana.fr\/wp-content\/uploads\/2016\/08\/joyana-logo-black-360x180.png?resize=150%2C150&ssl=1",150,150,true],"medium":["https:\/\/i0.wp.com\/joyana.fr\/wp-content\/uploads\/2016\/08\/joyana-logo-black-360x180.png?fit=360%2C180&ssl=1",360,180,true],"medium_large":["https:\/\/i0.wp.com\/joyana.fr\/wp-content\/uploads\/2016\/08\/joyana-logo-black-360x180.png?fit=360%2C180&ssl=1",360,180,true],"large":["https:\/\/i0.wp.com\/joyana.fr\/wp-content\/uploads\/2016\/08\/joyana-logo-black-360x180.png?fit=360%2C180&ssl=1",360,180,true],"1536x1536":["https:\/\/i0.wp.com\/joyana.fr\/wp-content\/uploads\/2016\/08\/joyana-logo-black-360x180.png?fit=360%2C180&ssl=1",360,180,true],"2048x2048":["https:\/\/i0.wp.com\/joyana.fr\/wp-content\/uploads\/2016\/08\/joyana-logo-black-360x180.png?fit=360%2C180&ssl=1",360,180,true],"featured-thumb":["https:\/\/i0.wp.com\/joyana.fr\/wp-content\/uploads\/2016\/08\/joyana-logo-black-360x180.png?resize=360%2C180&ssl=1",360,180,true],"ab-block-post-grid-landscape":["https:\/\/i0.wp.com\/joyana.fr\/wp-content\/uploads\/2016\/08\/joyana-logo-black-360x180.png?resize=360%2C180&ssl=1",360,180,true],"ab-block-post-grid-square":["https:\/\/i0.wp.com\/joyana.fr\/wp-content\/uploads\/2016\/08\/joyana-logo-black-360x180.png?resize=360%2C180&ssl=1",360,180,true],"author-pro-image":["https:\/\/i0.wp.com\/joyana.fr\/wp-content\/uploads\/2016\/08\/joyana-logo-black-360x180.png?resize=360%2C180&ssl=1",360,180,true],"slider":["https:\/\/i0.wp.com\/joyana.fr\/wp-content\/uploads\/2016\/08\/joyana-logo-black-360x180.png?resize=360%2C180&ssl=1",360,180,true],"woocommerce_thumbnail":["https:\/\/i0.wp.com\/joyana.fr\/wp-content\/uploads\/2016\/08\/joyana-logo-black-360x180.png?resize=300%2C180&ssl=1",300,180,true],"woocommerce_single":["https:\/\/i0.wp.com\/joyana.fr\/wp-content\/uploads\/2016\/08\/joyana-logo-black-360x180.png?fit=360%2C180&ssl=1",360,180,true],"woocommerce_gallery_thumbnail":["https:\/\/i0.wp.com\/joyana.fr\/wp-content\/uploads\/2016\/08\/joyana-logo-black-360x180.png?resize=180%2C180&ssl=1",180,180,true],"sow-carousel-default":["https:\/\/i0.wp.com\/joyana.fr\/wp-content\/uploads\/2016\/08\/joyana-logo-black-360x180.png?resize=272%2C180&ssl=1",272,180,true]},"post_excerpt_stackable_v2":"<p>Nous d\u00e9couvrons Ara Starck, personnage tout aussi talentueux que myst\u00e9rieux qui a accept\u00e9 aimablement de r\u00e9pondre d\u2019une fa\u00e7on sinc\u00e8re \u00e0 l\u2019interview du Blog D\u00e9co-Design. Ara Starck est n\u00e9e \u00e0 Paris en 1978. Apr\u00e9s un passage aux ateliers des S\u00e8vres puis aux Beaux Arts de Paris, elle int\u00e8gre la Saint Martin School of Fine Arts \u00e0 Londres, puis poursuit et termine ses \u00e9tudes \u00e0 la Slade School of Fine Art.Elle en sort en 2002 avec un Bacchelor of Art. Inspir\u00e9 depuis toujours pas le d\u00e9passement au propre comme au figur\u00e9, Ara Starck peint sur grand format. Le restaurant le Dali ou&hellip;<\/p>\n","category_list_v2":"<a href=\"https:\/\/joyana.fr\/en\/category\/deco-design\/actualite\/artiste\/\" rel=\"category tag\">Artiste<\/a>, <a href=\"https:\/\/joyana.fr\/en\/category\/deco-design\/\" rel=\"category tag\">DECO-DESIGN<\/a>, <a href=\"https:\/\/joyana.fr\/en\/category\/deco-design\/designer\/philippe-starck\/\" rel=\"category tag\">Philippe STARCK<\/a>","author_info_v2":{"name":"Jo Yana","url":"https:\/\/joyana.fr\/en\/author\/joyana\/"},"comments_num_v2":"12 comments","yoast_head":"<!-- This site is optimized with the Yoast SEO plugin v26.8 - https:\/\/yoast.com\/product\/yoast-seo-wordpress\/ -->\n<title>Ara STARCK interview\u00e9e par le Blog D\u00e9co-Design - JO YANA<\/title>\n<meta name=\"robots\" content=\"index, follow, max-snippet:-1, max-image-preview:large, max-video-preview:-1\" \/>\n<link rel=\"canonical\" href=\"https:\/\/joyana.fr\/en\/ara-starck-interviewe-par-le-blog-deco-design\/100838\/\" \/>\n<meta property=\"og:locale\" content=\"en_US\" \/>\n<meta property=\"og:locale:alternate\" content=\"fr_FR\" \/>\n<meta property=\"og:locale:alternate\" content=\"ja\" \/>\n<meta property=\"og:type\" content=\"article\" \/>\n<meta property=\"og:title\" content=\"Ara STARCK interview\u00e9e par le Blog D\u00e9co-Design - JO YANA\" \/>\n<meta property=\"og:description\" content=\"Nous d\u00e9couvrons Ara Starck, personnage tout aussi talentueux que myst\u00e9rieux qui a accept\u00e9 aimablement de r\u00e9pondre d\u2019une fa\u00e7on sinc\u00e8re \u00e0 l\u2019interview du Blog D\u00e9co-Design. Ara Starck est n\u00e9e \u00e0 Paris en 1978. Apr\u00e9s un passage aux ateliers des S\u00e8vres puis aux Beaux Arts de Paris, elle int\u00e8gre la Saint Martin School of Fine Arts \u00e0 [&hellip;]\" \/>\n<meta property=\"og:url\" content=\"https:\/\/joyana.fr\/en\/ara-starck-interviewe-par-le-blog-deco-design\/100838\/\" \/>\n<meta property=\"og:site_name\" content=\"JO YANA\" \/>\n<meta property=\"article:published_time\" content=\"2008-04-08T22:45:12+00:00\" \/>\n<meta property=\"og:image\" content=\"https:\/\/joyana.fr\/wp-content\/uploads\/2016\/08\/joyana-logo-black-360x180.png\" \/>\n\t<meta property=\"og:image:width\" content=\"360\" \/>\n\t<meta property=\"og:image:height\" content=\"180\" \/>\n\t<meta property=\"og:image:type\" content=\"image\/png\" \/>\n<meta name=\"author\" content=\"Jo Yana\" \/>\n<meta name=\"twitter:card\" content=\"summary_large_image\" \/>\n<meta name=\"twitter:creator\" content=\"@Jo_Yana\" \/>\n<meta name=\"twitter:site\" content=\"@Jo_Yana\" \/>\n<meta name=\"twitter:label1\" content=\"Written by\" \/>\n\t<meta name=\"twitter:data1\" content=\"Jo Yana\" \/>\n\t<meta name=\"twitter:label2\" content=\"Est. reading time\" \/>\n\t<meta name=\"twitter:data2\" content=\"5 minutes\" \/>\n<script type=\"application\/ld+json\" class=\"yoast-schema-graph\">{\"@context\":\"https:\/\/schema.org\",\"@graph\":[{\"@type\":\"Article\",\"@id\":\"https:\/\/joyana.fr\/ara-starck-interviewe-par-le-blog-deco-design\/100838\/#article\",\"isPartOf\":{\"@id\":\"https:\/\/joyana.fr\/ara-starck-interviewe-par-le-blog-deco-design\/100838\/\"},\"author\":{\"name\":\"Jo Yana\",\"@id\":\"https:\/\/joyana.fr\/#\/schema\/person\/cf2a1ad12a27c12c21801075bf37407c\"},\"headline\":\"Ara STARCK interview\u00e9e par le Blog D\u00e9co-Design\",\"datePublished\":\"2008-04-08T22:45:12+00:00\",\"mainEntityOfPage\":{\"@id\":\"https:\/\/joyana.fr\/ara-starck-interviewe-par-le-blog-deco-design\/100838\/\"},\"wordCount\":1101,\"commentCount\":12,\"publisher\":{\"@id\":\"https:\/\/joyana.fr\/#\/schema\/person\/cf2a1ad12a27c12c21801075bf37407c\"},\"image\":{\"@id\":\"https:\/\/joyana.fr\/ara-starck-interviewe-par-le-blog-deco-design\/100838\/#primaryimage\"},\"thumbnailUrl\":\"https:\/\/i0.wp.com\/joyana.fr\/wp-content\/uploads\/2016\/08\/joyana-logo-black-360x180.png?fit=360%2C180&ssl=1\",\"keywords\":[\"STARCK\"],\"articleSection\":[\"Artiste\",\"DECO-DESIGN\",\"Philippe STARCK\"],\"inLanguage\":\"en-US\",\"potentialAction\":[{\"@type\":\"CommentAction\",\"name\":\"Comment\",\"target\":[\"https:\/\/joyana.fr\/ara-starck-interviewe-par-le-blog-deco-design\/100838\/#respond\"]}]},{\"@type\":\"WebPage\",\"@id\":\"https:\/\/joyana.fr\/ara-starck-interviewe-par-le-blog-deco-design\/100838\/\",\"url\":\"https:\/\/joyana.fr\/ara-starck-interviewe-par-le-blog-deco-design\/100838\/\",\"name\":\"Ara STARCK interview\u00e9e par le Blog D\u00e9co-Design - JO YANA\",\"isPartOf\":{\"@id\":\"https:\/\/joyana.fr\/#website\"},\"primaryImageOfPage\":{\"@id\":\"https:\/\/joyana.fr\/ara-starck-interviewe-par-le-blog-deco-design\/100838\/#primaryimage\"},\"image\":{\"@id\":\"https:\/\/joyana.fr\/ara-starck-interviewe-par-le-blog-deco-design\/100838\/#primaryimage\"},\"thumbnailUrl\":\"https:\/\/i0.wp.com\/joyana.fr\/wp-content\/uploads\/2016\/08\/joyana-logo-black-360x180.png?fit=360%2C180&ssl=1\",\"datePublished\":\"2008-04-08T22:45:12+00:00\",\"breadcrumb\":{\"@id\":\"https:\/\/joyana.fr\/ara-starck-interviewe-par-le-blog-deco-design\/100838\/#breadcrumb\"},\"inLanguage\":\"en-US\",\"potentialAction\":[{\"@type\":\"ReadAction\",\"target\":[\"https:\/\/joyana.fr\/ara-starck-interviewe-par-le-blog-deco-design\/100838\/\"]}]},{\"@type\":\"ImageObject\",\"inLanguage\":\"en-US\",\"@id\":\"https:\/\/joyana.fr\/ara-starck-interviewe-par-le-blog-deco-design\/100838\/#primaryimage\",\"url\":\"https:\/\/i0.wp.com\/joyana.fr\/wp-content\/uploads\/2016\/08\/joyana-logo-black-360x180.png?fit=360%2C180&ssl=1\",\"contentUrl\":\"https:\/\/i0.wp.com\/joyana.fr\/wp-content\/uploads\/2016\/08\/joyana-logo-black-360x180.png?fit=360%2C180&ssl=1\",\"width\":360,\"height\":180,\"caption\":\"logo joyana.fr\"},{\"@type\":\"BreadcrumbList\",\"@id\":\"https:\/\/joyana.fr\/ara-starck-interviewe-par-le-blog-deco-design\/100838\/#breadcrumb\",\"itemListElement\":[{\"@type\":\"ListItem\",\"position\":1,\"name\":\"Accueil\",\"item\":\"https:\/\/joyana.fr\/\"},{\"@type\":\"ListItem\",\"position\":2,\"name\":\"Ara STARCK interview\u00e9e par le Blog D\u00e9co-Design\"}]},{\"@type\":\"WebSite\",\"@id\":\"https:\/\/joyana.fr\/#website\",\"url\":\"https:\/\/joyana.fr\/\",\"name\":\"JO YANA\",\"description\":\"Blog Mode Homme, Lifestyle, D\u00e9co-Design\",\"publisher\":{\"@id\":\"https:\/\/joyana.fr\/#\/schema\/person\/cf2a1ad12a27c12c21801075bf37407c\"},\"potentialAction\":[{\"@type\":\"SearchAction\",\"target\":{\"@type\":\"EntryPoint\",\"urlTemplate\":\"https:\/\/joyana.fr\/?s={search_term_string}\"},\"query-input\":{\"@type\":\"PropertyValueSpecification\",\"valueRequired\":true,\"valueName\":\"search_term_string\"}}],\"inLanguage\":\"en-US\"},{\"@type\":[\"Person\",\"Organization\"],\"@id\":\"https:\/\/joyana.fr\/#\/schema\/person\/cf2a1ad12a27c12c21801075bf37407c\",\"name\":\"Jo Yana\",\"image\":{\"@type\":\"ImageObject\",\"inLanguage\":\"en-US\",\"@id\":\"https:\/\/joyana.fr\/#\/schema\/person\/image\/\",\"url\":\"https:\/\/i0.wp.com\/joyana.fr\/wp-content\/uploads\/2016\/08\/cropped-joyana-logo-black-360x180.png?fit=343%2C164&ssl=1\",\"contentUrl\":\"https:\/\/i0.wp.com\/joyana.fr\/wp-content\/uploads\/2016\/08\/cropped-joyana-logo-black-360x180.png?fit=343%2C164&ssl=1\",\"width\":343,\"height\":164,\"caption\":\"Jo Yana\"},\"logo\":{\"@id\":\"https:\/\/joyana.fr\/#\/schema\/person\/image\/\"},\"description\":\"Jo Yana est le cr\u00e9ateur et r\u00e9dacteur en chef des sites DECO-DESIGN. Passionn\u00e9 de Design, Mode, Photo, Luxe, Lifestyle, Musique, mais avant tout Blogueur ! Le plaisir de partager l'anime et a comme devise \\\"POUR L'AMOUR DU BEAU\\\". Retrouvez le aussi sur son blog personnel - https:\/\/joyana.fr...\",\"sameAs\":[\"https:\/\/joyana.fr\/\"],\"url\":\"https:\/\/joyana.fr\/en\/author\/joyana\/\"}]}<\/script>\n<!-- \/ Yoast SEO plugin. -->","yoast_head_json":{"title":"Ara STARCK interview\u00e9e par le Blog D\u00e9co-Design - JO YANA","robots":{"index":"index","follow":"follow","max-snippet":"max-snippet:-1","max-image-preview":"max-image-preview:large","max-video-preview":"max-video-preview:-1"},"canonical":"https:\/\/joyana.fr\/en\/ara-starck-interviewe-par-le-blog-deco-design\/100838\/","og_locale":"en_US","og_type":"article","og_title":"Ara STARCK interview\u00e9e par le Blog D\u00e9co-Design - JO YANA","og_description":"Nous d\u00e9couvrons Ara Starck, personnage tout aussi talentueux que myst\u00e9rieux qui a accept\u00e9 aimablement de r\u00e9pondre d\u2019une fa\u00e7on sinc\u00e8re \u00e0 l\u2019interview du Blog D\u00e9co-Design. Ara Starck est n\u00e9e \u00e0 Paris en 1978. Apr\u00e9s un passage aux ateliers des S\u00e8vres puis aux Beaux Arts de Paris, elle int\u00e8gre la Saint Martin School of Fine Arts \u00e0 [&hellip;]","og_url":"https:\/\/joyana.fr\/en\/ara-starck-interviewe-par-le-blog-deco-design\/100838\/","og_site_name":"JO YANA","article_published_time":"2008-04-08T22:45:12+00:00","og_image":[{"width":360,"height":180,"url":"https:\/\/joyana.fr\/wp-content\/uploads\/2016\/08\/joyana-logo-black-360x180.png","type":"image\/png"}],"author":"Jo Yana","twitter_card":"summary_large_image","twitter_creator":"@Jo_Yana","twitter_site":"@Jo_Yana","twitter_misc":{"Written by":"Jo Yana","Est. reading time":"5 minutes"},"schema":{"@context":"https:\/\/schema.org","@graph":[{"@type":"Article","@id":"https:\/\/joyana.fr\/ara-starck-interviewe-par-le-blog-deco-design\/100838\/#article","isPartOf":{"@id":"https:\/\/joyana.fr\/ara-starck-interviewe-par-le-blog-deco-design\/100838\/"},"author":{"name":"Jo Yana","@id":"https:\/\/joyana.fr\/#\/schema\/person\/cf2a1ad12a27c12c21801075bf37407c"},"headline":"Ara STARCK interview\u00e9e par le Blog D\u00e9co-Design","datePublished":"2008-04-08T22:45:12+00:00","mainEntityOfPage":{"@id":"https:\/\/joyana.fr\/ara-starck-interviewe-par-le-blog-deco-design\/100838\/"},"wordCount":1101,"commentCount":12,"publisher":{"@id":"https:\/\/joyana.fr\/#\/schema\/person\/cf2a1ad12a27c12c21801075bf37407c"},"image":{"@id":"https:\/\/joyana.fr\/ara-starck-interviewe-par-le-blog-deco-design\/100838\/#primaryimage"},"thumbnailUrl":"https:\/\/i0.wp.com\/joyana.fr\/wp-content\/uploads\/2016\/08\/joyana-logo-black-360x180.png?fit=360%2C180&ssl=1","keywords":["STARCK"],"articleSection":["Artiste","DECO-DESIGN","Philippe STARCK"],"inLanguage":"en-US","potentialAction":[{"@type":"CommentAction","name":"Comment","target":["https:\/\/joyana.fr\/ara-starck-interviewe-par-le-blog-deco-design\/100838\/#respond"]}]},{"@type":"WebPage","@id":"https:\/\/joyana.fr\/ara-starck-interviewe-par-le-blog-deco-design\/100838\/","url":"https:\/\/joyana.fr\/ara-starck-interviewe-par-le-blog-deco-design\/100838\/","name":"Ara STARCK interview\u00e9e par le Blog D\u00e9co-Design - JO YANA","isPartOf":{"@id":"https:\/\/joyana.fr\/#website"},"primaryImageOfPage":{"@id":"https:\/\/joyana.fr\/ara-starck-interviewe-par-le-blog-deco-design\/100838\/#primaryimage"},"image":{"@id":"https:\/\/joyana.fr\/ara-starck-interviewe-par-le-blog-deco-design\/100838\/#primaryimage"},"thumbnailUrl":"https:\/\/i0.wp.com\/joyana.fr\/wp-content\/uploads\/2016\/08\/joyana-logo-black-360x180.png?fit=360%2C180&ssl=1","datePublished":"2008-04-08T22:45:12+00:00","breadcrumb":{"@id":"https:\/\/joyana.fr\/ara-starck-interviewe-par-le-blog-deco-design\/100838\/#breadcrumb"},"inLanguage":"en-US","potentialAction":[{"@type":"ReadAction","target":["https:\/\/joyana.fr\/ara-starck-interviewe-par-le-blog-deco-design\/100838\/"]}]},{"@type":"ImageObject","inLanguage":"en-US","@id":"https:\/\/joyana.fr\/ara-starck-interviewe-par-le-blog-deco-design\/100838\/#primaryimage","url":"https:\/\/i0.wp.com\/joyana.fr\/wp-content\/uploads\/2016\/08\/joyana-logo-black-360x180.png?fit=360%2C180&ssl=1","contentUrl":"https:\/\/i0.wp.com\/joyana.fr\/wp-content\/uploads\/2016\/08\/joyana-logo-black-360x180.png?fit=360%2C180&ssl=1","width":360,"height":180,"caption":"logo joyana.fr"},{"@type":"BreadcrumbList","@id":"https:\/\/joyana.fr\/ara-starck-interviewe-par-le-blog-deco-design\/100838\/#breadcrumb","itemListElement":[{"@type":"ListItem","position":1,"name":"Accueil","item":"https:\/\/joyana.fr\/"},{"@type":"ListItem","position":2,"name":"Ara STARCK interview\u00e9e par le Blog D\u00e9co-Design"}]},{"@type":"WebSite","@id":"https:\/\/joyana.fr\/#website","url":"https:\/\/joyana.fr\/","name":"JO YANA","description":"Blog Mode Homme, Lifestyle, D\u00e9co-Design","publisher":{"@id":"https:\/\/joyana.fr\/#\/schema\/person\/cf2a1ad12a27c12c21801075bf37407c"},"potentialAction":[{"@type":"SearchAction","target":{"@type":"EntryPoint","urlTemplate":"https:\/\/joyana.fr\/?s={search_term_string}"},"query-input":{"@type":"PropertyValueSpecification","valueRequired":true,"valueName":"search_term_string"}}],"inLanguage":"en-US"},{"@type":["Person","Organization"],"@id":"https:\/\/joyana.fr\/#\/schema\/person\/cf2a1ad12a27c12c21801075bf37407c","name":"Jo Yana","image":{"@type":"ImageObject","inLanguage":"en-US","@id":"https:\/\/joyana.fr\/#\/schema\/person\/image\/","url":"https:\/\/i0.wp.com\/joyana.fr\/wp-content\/uploads\/2016\/08\/cropped-joyana-logo-black-360x180.png?fit=343%2C164&ssl=1","contentUrl":"https:\/\/i0.wp.com\/joyana.fr\/wp-content\/uploads\/2016\/08\/cropped-joyana-logo-black-360x180.png?fit=343%2C164&ssl=1","width":343,"height":164,"caption":"Jo Yana"},"logo":{"@id":"https:\/\/joyana.fr\/#\/schema\/person\/image\/"},"description":"Jo Yana est le cr\u00e9ateur et r\u00e9dacteur en chef des sites DECO-DESIGN. Passionn\u00e9 de Design, Mode, Photo, Luxe, Lifestyle, Musique, mais avant tout Blogueur ! Le plaisir de partager l'anime et a comme devise \"POUR L'AMOUR DU BEAU\". Retrouvez le aussi sur son blog personnel - https:\/\/joyana.fr...","sameAs":["https:\/\/joyana.fr\/"],"url":"https:\/\/joyana.fr\/en\/author\/joyana\/"}]}},"author_meta":{"display_name":"Jo Yana","author_link":"https:\/\/joyana.fr\/en\/author\/joyana\/"},"featured_img":"https:\/\/i0.wp.com\/joyana.fr\/wp-content\/uploads\/2016\/08\/joyana-logo-black-360x180.png?fit=360%2C180&ssl=1","featured_image_src":"https:\/\/i0.wp.com\/joyana.fr\/wp-content\/uploads\/2016\/08\/joyana-logo-black-360x180.png?resize=360%2C180&ssl=1","featured_image_src_square":"https:\/\/i0.wp.com\/joyana.fr\/wp-content\/uploads\/2016\/08\/joyana-logo-black-360x180.png?resize=360%2C180&ssl=1","jetpack_featured_media_url":"https:\/\/i0.wp.com\/joyana.fr\/wp-content\/uploads\/2016\/08\/joyana-logo-black-360x180.png?fit=360%2C180&ssl=1","uagb_featured_image_src":{"full":["https:\/\/i0.wp.com\/joyana.fr\/wp-content\/uploads\/2016\/08\/joyana-logo-black-360x180.png?fit=360%2C180&ssl=1",360,180,false],"thumbnail":["https:\/\/i0.wp.com\/joyana.fr\/wp-content\/uploads\/2016\/08\/joyana-logo-black-360x180.png?resize=150%2C150&ssl=1",150,150,true],"medium":["https:\/\/i0.wp.com\/joyana.fr\/wp-content\/uploads\/2016\/08\/joyana-logo-black-360x180.png?fit=360%2C180&ssl=1",360,180,true],"medium_large":["https:\/\/i0.wp.com\/joyana.fr\/wp-content\/uploads\/2016\/08\/joyana-logo-black-360x180.png?fit=360%2C180&ssl=1",360,180,true],"large":["https:\/\/i0.wp.com\/joyana.fr\/wp-content\/uploads\/2016\/08\/joyana-logo-black-360x180.png?fit=360%2C180&ssl=1",360,180,true],"1536x1536":["https:\/\/i0.wp.com\/joyana.fr\/wp-content\/uploads\/2016\/08\/joyana-logo-black-360x180.png?fit=360%2C180&ssl=1",360,180,true],"2048x2048":["https:\/\/i0.wp.com\/joyana.fr\/wp-content\/uploads\/2016\/08\/joyana-logo-black-360x180.png?fit=360%2C180&ssl=1",360,180,true],"featured-thumb":["https:\/\/i0.wp.com\/joyana.fr\/wp-content\/uploads\/2016\/08\/joyana-logo-black-360x180.png?resize=360%2C180&ssl=1",360,180,true],"ab-block-post-grid-landscape":["https:\/\/i0.wp.com\/joyana.fr\/wp-content\/uploads\/2016\/08\/joyana-logo-black-360x180.png?resize=360%2C180&ssl=1",360,180,true],"ab-block-post-grid-square":["https:\/\/i0.wp.com\/joyana.fr\/wp-content\/uploads\/2016\/08\/joyana-logo-black-360x180.png?resize=360%2C180&ssl=1",360,180,true],"author-pro-image":["https:\/\/i0.wp.com\/joyana.fr\/wp-content\/uploads\/2016\/08\/joyana-logo-black-360x180.png?resize=360%2C180&ssl=1",360,180,true],"slider":["https:\/\/i0.wp.com\/joyana.fr\/wp-content\/uploads\/2016\/08\/joyana-logo-black-360x180.png?resize=360%2C180&ssl=1",360,180,true],"woocommerce_thumbnail":["https:\/\/i0.wp.com\/joyana.fr\/wp-content\/uploads\/2016\/08\/joyana-logo-black-360x180.png?resize=300%2C180&ssl=1",300,180,true],"woocommerce_single":["https:\/\/i0.wp.com\/joyana.fr\/wp-content\/uploads\/2016\/08\/joyana-logo-black-360x180.png?fit=360%2C180&ssl=1",360,180,true],"woocommerce_gallery_thumbnail":["https:\/\/i0.wp.com\/joyana.fr\/wp-content\/uploads\/2016\/08\/joyana-logo-black-360x180.png?resize=180%2C180&ssl=1",180,180,true],"sow-carousel-default":["https:\/\/i0.wp.com\/joyana.fr\/wp-content\/uploads\/2016\/08\/joyana-logo-black-360x180.png?resize=272%2C180&ssl=1",272,180,true]},"uagb_author_info":{"display_name":"Jo Yana","author_link":"https:\/\/joyana.fr\/en\/author\/joyana\/"},"uagb_comment_info":12,"uagb_excerpt":"Nous d\u00e9couvrons Ara Starck, personnage tout aussi talentueux que myst\u00e9rieux qui a accept\u00e9 aimablement de r\u00e9pondre d\u2019une fa\u00e7on sinc\u00e8re \u00e0 l\u2019interview du Blog D\u00e9co-Design. Ara Starck est n\u00e9e \u00e0 Paris en 1978. Apr\u00e9s un passage aux ateliers des S\u00e8vres puis aux Beaux Arts de Paris, elle int\u00e8gre la Saint Martin School of Fine Arts \u00e0&hellip;","coauthors":[],"tax_additional":{"categories":{"linked":["<a href=\"https:\/\/joyana.fr\/en\/category\/deco-design\/actualite\/artiste\/\" class=\"advgb-post-tax-term\">Artiste<\/a>","<a href=\"https:\/\/joyana.fr\/en\/category\/deco-design\/\" class=\"advgb-post-tax-term\">DECO-DESIGN<\/a>","<a href=\"https:\/\/joyana.fr\/en\/category\/deco-design\/designer\/philippe-starck\/\" class=\"advgb-post-tax-term\">Philippe STARCK<\/a>"],"unlinked":["<span class=\"advgb-post-tax-term\">Artiste<\/span>","<span class=\"advgb-post-tax-term\">DECO-DESIGN<\/span>","<span class=\"advgb-post-tax-term\">Philippe STARCK<\/span>"]},"tags":{"linked":["<a href=\"https:\/\/joyana.fr\/en\/category\/deco-design\/designer\/philippe-starck\/\" class=\"advgb-post-tax-term\">STARCK<\/a>"],"unlinked":["<span class=\"advgb-post-tax-term\">STARCK<\/span>"]}},"comment_count":12,"relative_dates":{"created":"Posted 18 years ago","modified":"Updated 18 years ago"},"absolute_dates":{"created":"Posted on 8 April 2008","modified":"Updated on 8 April 2008"},"absolute_dates_time":{"created":"Posted on 8 April 2008 23:45","modified":"Updated on 8 April 2008 23:45"},"featured_img_caption":"","series_order":"","jetpack_sharing_enabled":true,"jetpack_shortlink":"https:\/\/wp.me\/p9bteI-qeq","jetpack-related-posts":[],"_links":{"self":[{"href":"https:\/\/joyana.fr\/en\/wp-json\/wp\/v2\/posts\/100838","targetHints":{"allow":["GET"]}}],"collection":[{"href":"https:\/\/joyana.fr\/en\/wp-json\/wp\/v2\/posts"}],"about":[{"href":"https:\/\/joyana.fr\/en\/wp-json\/wp\/v2\/types\/post"}],"author":[{"embeddable":true,"href":"https:\/\/joyana.fr\/en\/wp-json\/wp\/v2\/users\/3"}],"replies":[{"embeddable":true,"href":"https:\/\/joyana.fr\/en\/wp-json\/wp\/v2\/comments?post=100838"}],"version-history":[{"count":0,"href":"https:\/\/joyana.fr\/en\/wp-json\/wp\/v2\/posts\/100838\/revisions"}],"wp:featuredmedia":[{"embeddable":true,"href":"https:\/\/joyana.fr\/en\/wp-json\/wp\/v2\/media\/124300"}],"wp:attachment":[{"href":"https:\/\/joyana.fr\/en\/wp-json\/wp\/v2\/media?parent=100838"}],"wp:term":[{"taxonomy":"category","embeddable":true,"href":"https:\/\/joyana.fr\/en\/wp-json\/wp\/v2\/categories?post=100838"},{"taxonomy":"post_tag","embeddable":true,"href":"https:\/\/joyana.fr\/en\/wp-json\/wp\/v2\/tags?post=100838"}],"curies":[{"name":"wp","href":"https:\/\/api.w.org\/{rel}","templated":true}]}}