{"id":101060,"date":"2008-05-13T12:16:37","date_gmt":"2008-05-13T11:16:37","guid":{"rendered":"https:\/\/joyana.fr\/chaise-hi-cut-chez-kartell-par-starck\/"},"modified":"2008-05-13T12:16:37","modified_gmt":"2008-05-13T11:16:37","slug":"chaise-hi-cut-chez-kartell-par-starck","status":"publish","type":"post","link":"https:\/\/joyana.fr\/en\/chaise-hi-cut-chez-kartell-par-starck\/101060\/","title":{"rendered":"Chaise &quot;Hi Cut&quot; chez Kartell par STARCK"},"content":{"rendered":"<p><strong>Philippe Starck<\/strong> a pr\u00e9sent\u00e9 pas mal de nouveaut\u00e9s lors de ce <a href=\"https:\/\/joyana.fr\/index.php?s=MILAN+DESIGN+WEEK+2008&#038;sbutt=Go\">Milan Design Week 2008<\/a>, dont cette chaise <strong>&#8220;Hi Cut&#8221;<\/strong> chez <strong>Kartell<\/strong> qui m\u00e9lange les mati\u00e8res et les couleurs, passant de transparente \u00e0 laqu\u00e9, du noir au blanc, associ\u00e9e \u00e0 la multitude de coloris, pour un total de 18 possibilit\u00e9s diff\u00e9rentes.<\/p>\n<p><img data-recalc-dims=\"1\" fetchpriority=\"high\" decoding=\"async\" src=\"https:\/\/i0.wp.com\/joyana.fr\/wp-content\/uploads\/kartell-hi-cut.jpg?resize=500%2C371&#038;ssl=1\" border=\"0\" alt=\"Chaise\" hspace=\"8\" width=\"500\" height=\"371\" align=\"top\" \/><\/p>\n<p>Texte Made in design<em> : Dessin\u00e9e par le designer star <strong><a href=\"https:\/\/joyana.fr\/tag\/starck\/\">Philippe Starck<\/a><\/strong> la <strong>chaise \u2019\u2019Hi Cut\u2019\u2019 <\/strong>se caract\u00e9rise par un audacieux m\u00e9lange de couleurs, par un mariage r\u00e9ussi de transparence et d\u2019opacit\u00e9, de surfaces lisse et stri\u00e9e. Le dossier est orn\u00e9 d\u2019un bandeau color\u00e9, r\u00e9alis\u00e9 en polycarbonate pliss\u00e9 et translucide. Tel un bijou, ce bandeau habille majestueusement la structure \u00e9pur\u00e9e de <strong>\u2019\u2019Hi Cut\u2019\u2019<\/strong> et lui donne toute sa sophistication. Les multiples stries verticales qui ornent la surface du bandeau captent la lumi\u00e8re et la refl\u00e8tent, cr\u00e9ant ainsi d\u2019extraordinaires jeux de couleurs et de transparence.<br \/>\nCette superbe chaise joue les contrastes angles \/ courbes : les pieds de devant, l\u2019assise et le dossier poss\u00e8dent une forme carr\u00e9e et rigoureuse tandis que les pieds post\u00e9rieurs arborent des lignes douces et arrondies. L\u2019assise ergonomique vous assure un confort optimal. <strong>\u2019\u2019Hi Cut\u2019\u2019<\/strong> se d\u00e9cline dans une multitude de couleurs qui offrent autant de possibilit\u00e9s de cr\u00e9er son propre d\u00e9cor ! La partie sup\u00e9rieure du dossier se d\u00e9cline dans six coloris (transparent, orange, rouge, vert, violet ou gris) qui peuvent \u00eatre assortis \u00e0 une structure transparente, laqu\u00e9e noir ou bien laqu\u00e9e blanc. Vous avez le choix entre 18 combinaisons possibles !<\/em><\/p>\n<p><img data-recalc-dims=\"1\" decoding=\"async\" src=\"https:\/\/i0.wp.com\/joyana.fr\/wp-content\/uploads\/kartell-hi-cut-2.jpg?resize=500%2C272&#038;ssl=1\" border=\"0\" alt=\"Chaise\" hspace=\"8\" width=\"500\" height=\"272\" align=\"top\" \/><\/p>\n<p><img data-recalc-dims=\"1\" decoding=\"async\" src=\"https:\/\/i0.wp.com\/joyana.fr\/wp-content\/uploads\/kartell-hi-cut-3-pg.jpg?resize=500%2C445&#038;ssl=1\" border=\"0\" alt=\"Chaise\" hspace=\"8\" width=\"500\" height=\"445\" align=\"top\" \/><\/p>\n<p>Disponible chez notre partenaire :<\/p>\n<p><a href=\"http:\/\/ad.zanox.com\/ppc\/?6065411C712194472T\"><img loading=\"lazy\" decoding=\"async\" src=\"http:\/\/ad.zanox.com\/ppv\/?6065411C712194472\" border=\"0\" alt=\"Made In Design - Le leader du design\" hspace=\"1\" width=\"468\" height=\"60\" align=\"bottom\" \/><\/a><\/p>\n","protected":false},"excerpt":{"rendered":"<p>Philippe Starck a pr\u00e9sent\u00e9 pas mal de nouveaut\u00e9s lors de ce Milan Design Week 2008, dont cette chaise &#8220;Hi Cut&#8221; chez Kartell qui m\u00e9lange les mati\u00e8res et les couleurs, passant de transparente \u00e0 laqu\u00e9, du noir au blanc, associ\u00e9e \u00e0 la multitude de coloris, pour un total de 18 possibilit\u00e9s diff\u00e9rentes. Texte Made in design [&hellip;]<\/p>\n","protected":false},"author":3,"featured_media":125500,"comment_status":"open","ping_status":"open","sticky":false,"template":"","format":"standard","meta":{"_coblocks_attr":"","_coblocks_dimensions":"","_coblocks_responsive_height":"","_coblocks_accordion_ie_support":"","_uag_custom_page_level_css":"","advgb_blocks_editor_width":"","advgb_blocks_columns_visual_guide":"","_genesis_hide_title":false,"_genesis_hide_breadcrumbs":false,"_genesis_hide_singular_image":false,"_genesis_hide_footer_widgets":false,"_genesis_custom_body_class":"","_genesis_custom_post_class":"","_genesis_layout":"","_themeisle_gutenberg_block_has_review":false,"_jetpack_newsletter_access":"","_jetpack_dont_email_post_to_subs":false,"_jetpack_newsletter_tier_id":0,"_jetpack_memberships_contains_paywalled_content":false,"_jetpack_memberships_contains_paid_content":false,"footnotes":""},"categories":[948,945,905,983,916],"tags":[908,78,982,957,910,9],"class_list":{"0":"post-101060","1":"post","2":"type-post","3":"status-publish","4":"format-standard","5":"has-post-thumbnail","7":"category-assise","8":"category-chaise","9":"category-deco-design","10":"category-kartell","11":"category-philippe-starck","12":"tag-blanc","13":"tag-design","14":"tag-kartell","15":"tag-laque","16":"tag-noir","17":"tag-starck","18":"entry"},"featured_image_urls":{"full":["https:\/\/i0.wp.com\/joyana.fr\/wp-content\/uploads\/2017\/07\/unnamed-file-42.gif?fit=88%2C31&ssl=1",88,31,false],"thumbnail":["https:\/\/i0.wp.com\/joyana.fr\/wp-content\/uploads\/2017\/07\/unnamed-file-42.gif?resize=88%2C31&ssl=1",88,31,true],"medium":["https:\/\/i0.wp.com\/joyana.fr\/wp-content\/uploads\/2017\/07\/unnamed-file-42.gif?fit=88%2C31&ssl=1",88,31,true],"medium_large":["https:\/\/i0.wp.com\/joyana.fr\/wp-content\/uploads\/2017\/07\/unnamed-file-42.gif?fit=88%2C31&ssl=1",88,31,true],"large":["https:\/\/i0.wp.com\/joyana.fr\/wp-content\/uploads\/2017\/07\/unnamed-file-42.gif?fit=88%2C31&ssl=1",88,31,true],"1536x1536":["https:\/\/i0.wp.com\/joyana.fr\/wp-content\/uploads\/2017\/07\/unnamed-file-42.gif?fit=88%2C31&ssl=1",88,31,true],"2048x2048":["https:\/\/i0.wp.com\/joyana.fr\/wp-content\/uploads\/2017\/07\/unnamed-file-42.gif?fit=88%2C31&ssl=1",88,31,true],"featured-thumb":["https:\/\/i0.wp.com\/joyana.fr\/wp-content\/uploads\/2017\/07\/unnamed-file-42.gif?resize=88%2C31&ssl=1",88,31,true],"ab-block-post-grid-landscape":["https:\/\/i0.wp.com\/joyana.fr\/wp-content\/uploads\/2017\/07\/unnamed-file-42.gif?resize=88%2C31&ssl=1",88,31,true],"ab-block-post-grid-square":["https:\/\/i0.wp.com\/joyana.fr\/wp-content\/uploads\/2017\/07\/unnamed-file-42.gif?resize=88%2C31&ssl=1",88,31,true],"author-pro-image":["https:\/\/i0.wp.com\/joyana.fr\/wp-content\/uploads\/2017\/07\/unnamed-file-42.gif?resize=88%2C31&ssl=1",88,31,true],"slider":["https:\/\/i0.wp.com\/joyana.fr\/wp-content\/uploads\/2017\/07\/unnamed-file-42.gif?resize=88%2C31&ssl=1",88,31,true],"woocommerce_thumbnail":["https:\/\/i0.wp.com\/joyana.fr\/wp-content\/uploads\/2017\/07\/unnamed-file-42.gif?resize=88%2C31&ssl=1",88,31,true],"woocommerce_single":["https:\/\/i0.wp.com\/joyana.fr\/wp-content\/uploads\/2017\/07\/unnamed-file-42.gif?fit=88%2C31&ssl=1",88,31,true],"woocommerce_gallery_thumbnail":["https:\/\/i0.wp.com\/joyana.fr\/wp-content\/uploads\/2017\/07\/unnamed-file-42.gif?resize=88%2C31&ssl=1",88,31,true],"sow-carousel-default":["https:\/\/i0.wp.com\/joyana.fr\/wp-content\/uploads\/2017\/07\/unnamed-file-42.gif?resize=88%2C31&ssl=1",88,31,true]},"post_excerpt_stackable":"<p>Philippe Starck a pr\u00e9sent\u00e9 pas mal de nouveaut\u00e9s lors de ce Milan Design Week 2008, dont cette chaise &#8220;Hi Cut&#8221; chez Kartell qui m\u00e9lange les mati\u00e8res et les couleurs, passant de transparente \u00e0 laqu\u00e9, du noir au blanc, associ\u00e9e \u00e0 la multitude de coloris, pour un total de 18 possibilit\u00e9s diff\u00e9rentes. Texte Made in design : Dessin\u00e9e par le designer star Philippe Starck la chaise \u2019\u2019Hi Cut\u2019\u2019 se caract\u00e9rise par un audacieux m\u00e9lange de couleurs, par un mariage r\u00e9ussi de transparence et d\u2019opacit\u00e9, de surfaces lisse et stri\u00e9e. Le dossier est orn\u00e9 d\u2019un bandeau color\u00e9, r\u00e9alis\u00e9 en polycarbonate pliss\u00e9 et&hellip;<\/p>\n","category_list":"<a href=\"https:\/\/joyana.fr\/en\/category\/deco-design\/mobilier\/assise\/\" rel=\"category tag\">Assise<\/a>, <a href=\"https:\/\/joyana.fr\/en\/category\/deco-design\/mobilier\/assise\/chaise\/\" rel=\"category tag\">Chaise<\/a>, <a href=\"https:\/\/joyana.fr\/en\/category\/deco-design\/\" rel=\"category tag\">DECO-DESIGN<\/a>, <a href=\"https:\/\/joyana.fr\/en\/category\/marques\/kartell\/\" rel=\"category tag\">Kartell<\/a>, <a href=\"https:\/\/joyana.fr\/en\/category\/deco-design\/designer\/philippe-starck\/\" rel=\"category tag\">Philippe STARCK<\/a>","author_info":{"display_name":"Jo Yana","author_link":"https:\/\/joyana.fr\/en\/author\/joyana\/"},"comments_num":"0 comments","featured_image_urls_v2":{"full":["https:\/\/i0.wp.com\/joyana.fr\/wp-content\/uploads\/2017\/07\/unnamed-file-42.gif?fit=88%2C31&ssl=1",88,31,false],"thumbnail":["https:\/\/i0.wp.com\/joyana.fr\/wp-content\/uploads\/2017\/07\/unnamed-file-42.gif?resize=88%2C31&ssl=1",88,31,true],"medium":["https:\/\/i0.wp.com\/joyana.fr\/wp-content\/uploads\/2017\/07\/unnamed-file-42.gif?fit=88%2C31&ssl=1",88,31,true],"medium_large":["https:\/\/i0.wp.com\/joyana.fr\/wp-content\/uploads\/2017\/07\/unnamed-file-42.gif?fit=88%2C31&ssl=1",88,31,true],"large":["https:\/\/i0.wp.com\/joyana.fr\/wp-content\/uploads\/2017\/07\/unnamed-file-42.gif?fit=88%2C31&ssl=1",88,31,true],"1536x1536":["https:\/\/i0.wp.com\/joyana.fr\/wp-content\/uploads\/2017\/07\/unnamed-file-42.gif?fit=88%2C31&ssl=1",88,31,true],"2048x2048":["https:\/\/i0.wp.com\/joyana.fr\/wp-content\/uploads\/2017\/07\/unnamed-file-42.gif?fit=88%2C31&ssl=1",88,31,true],"featured-thumb":["https:\/\/i0.wp.com\/joyana.fr\/wp-content\/uploads\/2017\/07\/unnamed-file-42.gif?resize=88%2C31&ssl=1",88,31,true],"ab-block-post-grid-landscape":["https:\/\/i0.wp.com\/joyana.fr\/wp-content\/uploads\/2017\/07\/unnamed-file-42.gif?resize=88%2C31&ssl=1",88,31,true],"ab-block-post-grid-square":["https:\/\/i0.wp.com\/joyana.fr\/wp-content\/uploads\/2017\/07\/unnamed-file-42.gif?resize=88%2C31&ssl=1",88,31,true],"author-pro-image":["https:\/\/i0.wp.com\/joyana.fr\/wp-content\/uploads\/2017\/07\/unnamed-file-42.gif?resize=88%2C31&ssl=1",88,31,true],"slider":["https:\/\/i0.wp.com\/joyana.fr\/wp-content\/uploads\/2017\/07\/unnamed-file-42.gif?resize=88%2C31&ssl=1",88,31,true],"woocommerce_thumbnail":["https:\/\/i0.wp.com\/joyana.fr\/wp-content\/uploads\/2017\/07\/unnamed-file-42.gif?resize=88%2C31&ssl=1",88,31,true],"woocommerce_single":["https:\/\/i0.wp.com\/joyana.fr\/wp-content\/uploads\/2017\/07\/unnamed-file-42.gif?fit=88%2C31&ssl=1",88,31,true],"woocommerce_gallery_thumbnail":["https:\/\/i0.wp.com\/joyana.fr\/wp-content\/uploads\/2017\/07\/unnamed-file-42.gif?resize=88%2C31&ssl=1",88,31,true],"sow-carousel-default":["https:\/\/i0.wp.com\/joyana.fr\/wp-content\/uploads\/2017\/07\/unnamed-file-42.gif?resize=88%2C31&ssl=1",88,31,true]},"post_excerpt_stackable_v2":"<p>Philippe Starck a pr\u00e9sent\u00e9 pas mal de nouveaut\u00e9s lors de ce Milan Design Week 2008, dont cette chaise &#8220;Hi Cut&#8221; chez Kartell qui m\u00e9lange les mati\u00e8res et les couleurs, passant de transparente \u00e0 laqu\u00e9, du noir au blanc, associ\u00e9e \u00e0 la multitude de coloris, pour un total de 18 possibilit\u00e9s diff\u00e9rentes. Texte Made in design : Dessin\u00e9e par le designer star Philippe Starck la chaise \u2019\u2019Hi Cut\u2019\u2019 se caract\u00e9rise par un audacieux m\u00e9lange de couleurs, par un mariage r\u00e9ussi de transparence et d\u2019opacit\u00e9, de surfaces lisse et stri\u00e9e. Le dossier est orn\u00e9 d\u2019un bandeau color\u00e9, r\u00e9alis\u00e9 en polycarbonate pliss\u00e9 et&hellip;<\/p>\n","category_list_v2":"<a href=\"https:\/\/joyana.fr\/en\/category\/deco-design\/mobilier\/assise\/\" rel=\"category tag\">Assise<\/a>, <a href=\"https:\/\/joyana.fr\/en\/category\/deco-design\/mobilier\/assise\/chaise\/\" rel=\"category tag\">Chaise<\/a>, <a href=\"https:\/\/joyana.fr\/en\/category\/deco-design\/\" rel=\"category tag\">DECO-DESIGN<\/a>, <a href=\"https:\/\/joyana.fr\/en\/category\/marques\/kartell\/\" rel=\"category tag\">Kartell<\/a>, <a href=\"https:\/\/joyana.fr\/en\/category\/deco-design\/designer\/philippe-starck\/\" rel=\"category tag\">Philippe STARCK<\/a>","author_info_v2":{"name":"Jo Yana","url":"https:\/\/joyana.fr\/en\/author\/joyana\/"},"comments_num_v2":"0 comments","yoast_head":"<!-- This site is optimized with the Yoast SEO plugin v26.8 - https:\/\/yoast.com\/product\/yoast-seo-wordpress\/ -->\n<title>Chaise &quot;Hi Cut&quot; chez Kartell par STARCK - JO YANA<\/title>\n<meta name=\"robots\" content=\"index, follow, max-snippet:-1, max-image-preview:large, max-video-preview:-1\" \/>\n<link rel=\"canonical\" href=\"https:\/\/www.joyana.fr\/chaise-hi-cut-chez-kartell-par-starck\/101060\/\" \/>\n<meta property=\"og:locale\" content=\"en_US\" \/>\n<meta property=\"og:locale:alternate\" content=\"fr_FR\" \/>\n<meta property=\"og:locale:alternate\" content=\"ja\" \/>\n<meta property=\"og:type\" content=\"article\" \/>\n<meta property=\"og:title\" content=\"Chaise &quot;Hi Cut&quot; chez Kartell par STARCK - JO YANA\" \/>\n<meta property=\"og:description\" content=\"Philippe Starck a pr\u00e9sent\u00e9 pas mal de nouveaut\u00e9s lors de ce Milan Design Week 2008, dont cette chaise &#8220;Hi Cut&#8221; chez Kartell qui m\u00e9lange les mati\u00e8res et les couleurs, passant de transparente \u00e0 laqu\u00e9, du noir au blanc, associ\u00e9e \u00e0 la multitude de coloris, pour un total de 18 possibilit\u00e9s diff\u00e9rentes. Texte Made in design [&hellip;]\" \/>\n<meta property=\"og:url\" content=\"https:\/\/joyana.fr\/en\/chaise-hi-cut-chez-kartell-par-starck\/101060\/\" \/>\n<meta property=\"og:site_name\" content=\"JO YANA\" \/>\n<meta property=\"article:published_time\" content=\"2008-05-13T11:16:37+00:00\" \/>\n<meta property=\"og:image\" content=\"https:\/\/i0.wp.com\/www.joyana.fr\/wp-content\/uploads\/2017\/07\/unnamed-file-42.gif?fit=88%2C31&ssl=1\" \/>\n\t<meta property=\"og:image:width\" content=\"88\" \/>\n\t<meta property=\"og:image:height\" content=\"31\" \/>\n\t<meta property=\"og:image:type\" content=\"image\/gif\" \/>\n<meta name=\"author\" content=\"Jo Yana\" \/>\n<meta name=\"twitter:card\" content=\"summary_large_image\" \/>\n<meta name=\"twitter:creator\" content=\"@Jo_Yana\" \/>\n<meta name=\"twitter:site\" content=\"@Jo_Yana\" \/>\n<meta name=\"twitter:label1\" content=\"Written by\" \/>\n\t<meta name=\"twitter:data1\" content=\"Jo Yana\" \/>\n\t<meta name=\"twitter:label2\" content=\"Est. reading time\" \/>\n\t<meta name=\"twitter:data2\" content=\"1 minute\" \/>\n<script type=\"application\/ld+json\" class=\"yoast-schema-graph\">{\"@context\":\"https:\/\/schema.org\",\"@graph\":[{\"@type\":\"Article\",\"@id\":\"https:\/\/www.joyana.fr\/chaise-hi-cut-chez-kartell-par-starck\/101060\/#article\",\"isPartOf\":{\"@id\":\"https:\/\/www.joyana.fr\/chaise-hi-cut-chez-kartell-par-starck\/101060\/\"},\"author\":{\"name\":\"Jo Yana\",\"@id\":\"https:\/\/joyana.fr\/#\/schema\/person\/cf2a1ad12a27c12c21801075bf37407c\"},\"headline\":\"Chaise &quot;Hi Cut&quot; chez Kartell par STARCK\",\"datePublished\":\"2008-05-13T11:16:37+00:00\",\"mainEntityOfPage\":{\"@id\":\"https:\/\/www.joyana.fr\/chaise-hi-cut-chez-kartell-par-starck\/101060\/\"},\"wordCount\":282,\"commentCount\":0,\"publisher\":{\"@id\":\"https:\/\/joyana.fr\/#\/schema\/person\/cf2a1ad12a27c12c21801075bf37407c\"},\"image\":{\"@id\":\"https:\/\/www.joyana.fr\/chaise-hi-cut-chez-kartell-par-starck\/101060\/#primaryimage\"},\"thumbnailUrl\":\"https:\/\/i0.wp.com\/joyana.fr\/wp-content\/uploads\/2017\/07\/unnamed-file-42.gif?fit=88%2C31&ssl=1\",\"keywords\":[\"Blanc\",\"DESIGN\",\"Kartell\",\"Laqu\u00e9\",\"Noir\",\"STARCK\"],\"articleSection\":[\"Assise\",\"Chaise\",\"DECO-DESIGN\",\"Kartell\",\"Philippe STARCK\"],\"inLanguage\":\"en-US\",\"potentialAction\":[{\"@type\":\"CommentAction\",\"name\":\"Comment\",\"target\":[\"https:\/\/www.joyana.fr\/chaise-hi-cut-chez-kartell-par-starck\/101060\/#respond\"]}]},{\"@type\":\"WebPage\",\"@id\":\"https:\/\/www.joyana.fr\/chaise-hi-cut-chez-kartell-par-starck\/101060\/\",\"url\":\"https:\/\/www.joyana.fr\/chaise-hi-cut-chez-kartell-par-starck\/101060\/\",\"name\":\"Chaise &quot;Hi Cut&quot; chez Kartell par STARCK - JO YANA\",\"isPartOf\":{\"@id\":\"https:\/\/joyana.fr\/#website\"},\"primaryImageOfPage\":{\"@id\":\"https:\/\/www.joyana.fr\/chaise-hi-cut-chez-kartell-par-starck\/101060\/#primaryimage\"},\"image\":{\"@id\":\"https:\/\/www.joyana.fr\/chaise-hi-cut-chez-kartell-par-starck\/101060\/#primaryimage\"},\"thumbnailUrl\":\"https:\/\/i0.wp.com\/joyana.fr\/wp-content\/uploads\/2017\/07\/unnamed-file-42.gif?fit=88%2C31&ssl=1\",\"datePublished\":\"2008-05-13T11:16:37+00:00\",\"breadcrumb\":{\"@id\":\"https:\/\/www.joyana.fr\/chaise-hi-cut-chez-kartell-par-starck\/101060\/#breadcrumb\"},\"inLanguage\":\"en-US\",\"potentialAction\":[{\"@type\":\"ReadAction\",\"target\":[\"https:\/\/www.joyana.fr\/chaise-hi-cut-chez-kartell-par-starck\/101060\/\"]}]},{\"@type\":\"ImageObject\",\"inLanguage\":\"en-US\",\"@id\":\"https:\/\/www.joyana.fr\/chaise-hi-cut-chez-kartell-par-starck\/101060\/#primaryimage\",\"url\":\"https:\/\/i0.wp.com\/joyana.fr\/wp-content\/uploads\/2017\/07\/unnamed-file-42.gif?fit=88%2C31&ssl=1\",\"contentUrl\":\"https:\/\/i0.wp.com\/joyana.fr\/wp-content\/uploads\/2017\/07\/unnamed-file-42.gif?fit=88%2C31&ssl=1\",\"width\":88,\"height\":31},{\"@type\":\"BreadcrumbList\",\"@id\":\"https:\/\/www.joyana.fr\/chaise-hi-cut-chez-kartell-par-starck\/101060\/#breadcrumb\",\"itemListElement\":[{\"@type\":\"ListItem\",\"position\":1,\"name\":\"Accueil\",\"item\":\"https:\/\/joyana.fr\/\"},{\"@type\":\"ListItem\",\"position\":2,\"name\":\"Chaise &quot;Hi Cut&quot; chez Kartell par STARCK\"}]},{\"@type\":\"WebSite\",\"@id\":\"https:\/\/joyana.fr\/#website\",\"url\":\"https:\/\/joyana.fr\/\",\"name\":\"JO YANA\",\"description\":\"Blog Mode Homme, Lifestyle, D\u00e9co-Design\",\"publisher\":{\"@id\":\"https:\/\/joyana.fr\/#\/schema\/person\/cf2a1ad12a27c12c21801075bf37407c\"},\"potentialAction\":[{\"@type\":\"SearchAction\",\"target\":{\"@type\":\"EntryPoint\",\"urlTemplate\":\"https:\/\/joyana.fr\/?s={search_term_string}\"},\"query-input\":{\"@type\":\"PropertyValueSpecification\",\"valueRequired\":true,\"valueName\":\"search_term_string\"}}],\"inLanguage\":\"en-US\"},{\"@type\":[\"Person\",\"Organization\"],\"@id\":\"https:\/\/joyana.fr\/#\/schema\/person\/cf2a1ad12a27c12c21801075bf37407c\",\"name\":\"Jo Yana\",\"image\":{\"@type\":\"ImageObject\",\"inLanguage\":\"en-US\",\"@id\":\"https:\/\/joyana.fr\/#\/schema\/person\/image\/\",\"url\":\"https:\/\/i0.wp.com\/joyana.fr\/wp-content\/uploads\/2016\/08\/cropped-joyana-logo-black-360x180.png?fit=343%2C164&ssl=1\",\"contentUrl\":\"https:\/\/i0.wp.com\/joyana.fr\/wp-content\/uploads\/2016\/08\/cropped-joyana-logo-black-360x180.png?fit=343%2C164&ssl=1\",\"width\":343,\"height\":164,\"caption\":\"Jo Yana\"},\"logo\":{\"@id\":\"https:\/\/joyana.fr\/#\/schema\/person\/image\/\"},\"description\":\"Jo Yana est le cr\u00e9ateur et r\u00e9dacteur en chef des sites DECO-DESIGN. Passionn\u00e9 de Design, Mode, Photo, Luxe, Lifestyle, Musique, mais avant tout Blogueur ! Le plaisir de partager l'anime et a comme devise \\\"POUR L'AMOUR DU BEAU\\\". Retrouvez le aussi sur son blog personnel - https:\/\/joyana.fr...\",\"sameAs\":[\"https:\/\/joyana.fr\/\"],\"url\":\"https:\/\/joyana.fr\/en\/author\/joyana\/\"}]}<\/script>\n<!-- \/ Yoast SEO plugin. -->","yoast_head_json":{"title":"Chaise &quot;Hi Cut&quot; chez Kartell par STARCK - JO YANA","robots":{"index":"index","follow":"follow","max-snippet":"max-snippet:-1","max-image-preview":"max-image-preview:large","max-video-preview":"max-video-preview:-1"},"canonical":"https:\/\/www.joyana.fr\/chaise-hi-cut-chez-kartell-par-starck\/101060\/","og_locale":"en_US","og_type":"article","og_title":"Chaise &quot;Hi Cut&quot; chez Kartell par STARCK - JO YANA","og_description":"Philippe Starck a pr\u00e9sent\u00e9 pas mal de nouveaut\u00e9s lors de ce Milan Design Week 2008, dont cette chaise &#8220;Hi Cut&#8221; chez Kartell qui m\u00e9lange les mati\u00e8res et les couleurs, passant de transparente \u00e0 laqu\u00e9, du noir au blanc, associ\u00e9e \u00e0 la multitude de coloris, pour un total de 18 possibilit\u00e9s diff\u00e9rentes. Texte Made in design [&hellip;]","og_url":"https:\/\/joyana.fr\/en\/chaise-hi-cut-chez-kartell-par-starck\/101060\/","og_site_name":"JO YANA","article_published_time":"2008-05-13T11:16:37+00:00","og_image":[{"width":88,"height":31,"url":"https:\/\/i0.wp.com\/www.joyana.fr\/wp-content\/uploads\/2017\/07\/unnamed-file-42.gif?fit=88%2C31&ssl=1","type":"image\/gif"}],"author":"Jo Yana","twitter_card":"summary_large_image","twitter_creator":"@Jo_Yana","twitter_site":"@Jo_Yana","twitter_misc":{"Written by":"Jo Yana","Est. reading time":"1 minute"},"schema":{"@context":"https:\/\/schema.org","@graph":[{"@type":"Article","@id":"https:\/\/www.joyana.fr\/chaise-hi-cut-chez-kartell-par-starck\/101060\/#article","isPartOf":{"@id":"https:\/\/www.joyana.fr\/chaise-hi-cut-chez-kartell-par-starck\/101060\/"},"author":{"name":"Jo Yana","@id":"https:\/\/joyana.fr\/#\/schema\/person\/cf2a1ad12a27c12c21801075bf37407c"},"headline":"Chaise &quot;Hi Cut&quot; chez Kartell par STARCK","datePublished":"2008-05-13T11:16:37+00:00","mainEntityOfPage":{"@id":"https:\/\/www.joyana.fr\/chaise-hi-cut-chez-kartell-par-starck\/101060\/"},"wordCount":282,"commentCount":0,"publisher":{"@id":"https:\/\/joyana.fr\/#\/schema\/person\/cf2a1ad12a27c12c21801075bf37407c"},"image":{"@id":"https:\/\/www.joyana.fr\/chaise-hi-cut-chez-kartell-par-starck\/101060\/#primaryimage"},"thumbnailUrl":"https:\/\/i0.wp.com\/joyana.fr\/wp-content\/uploads\/2017\/07\/unnamed-file-42.gif?fit=88%2C31&ssl=1","keywords":["Blanc","DESIGN","Kartell","Laqu\u00e9","Noir","STARCK"],"articleSection":["Assise","Chaise","DECO-DESIGN","Kartell","Philippe STARCK"],"inLanguage":"en-US","potentialAction":[{"@type":"CommentAction","name":"Comment","target":["https:\/\/www.joyana.fr\/chaise-hi-cut-chez-kartell-par-starck\/101060\/#respond"]}]},{"@type":"WebPage","@id":"https:\/\/www.joyana.fr\/chaise-hi-cut-chez-kartell-par-starck\/101060\/","url":"https:\/\/www.joyana.fr\/chaise-hi-cut-chez-kartell-par-starck\/101060\/","name":"Chaise &quot;Hi Cut&quot; chez Kartell par STARCK - JO YANA","isPartOf":{"@id":"https:\/\/joyana.fr\/#website"},"primaryImageOfPage":{"@id":"https:\/\/www.joyana.fr\/chaise-hi-cut-chez-kartell-par-starck\/101060\/#primaryimage"},"image":{"@id":"https:\/\/www.joyana.fr\/chaise-hi-cut-chez-kartell-par-starck\/101060\/#primaryimage"},"thumbnailUrl":"https:\/\/i0.wp.com\/joyana.fr\/wp-content\/uploads\/2017\/07\/unnamed-file-42.gif?fit=88%2C31&ssl=1","datePublished":"2008-05-13T11:16:37+00:00","breadcrumb":{"@id":"https:\/\/www.joyana.fr\/chaise-hi-cut-chez-kartell-par-starck\/101060\/#breadcrumb"},"inLanguage":"en-US","potentialAction":[{"@type":"ReadAction","target":["https:\/\/www.joyana.fr\/chaise-hi-cut-chez-kartell-par-starck\/101060\/"]}]},{"@type":"ImageObject","inLanguage":"en-US","@id":"https:\/\/www.joyana.fr\/chaise-hi-cut-chez-kartell-par-starck\/101060\/#primaryimage","url":"https:\/\/i0.wp.com\/joyana.fr\/wp-content\/uploads\/2017\/07\/unnamed-file-42.gif?fit=88%2C31&ssl=1","contentUrl":"https:\/\/i0.wp.com\/joyana.fr\/wp-content\/uploads\/2017\/07\/unnamed-file-42.gif?fit=88%2C31&ssl=1","width":88,"height":31},{"@type":"BreadcrumbList","@id":"https:\/\/www.joyana.fr\/chaise-hi-cut-chez-kartell-par-starck\/101060\/#breadcrumb","itemListElement":[{"@type":"ListItem","position":1,"name":"Accueil","item":"https:\/\/joyana.fr\/"},{"@type":"ListItem","position":2,"name":"Chaise &quot;Hi Cut&quot; chez Kartell par STARCK"}]},{"@type":"WebSite","@id":"https:\/\/joyana.fr\/#website","url":"https:\/\/joyana.fr\/","name":"JO YANA","description":"Blog Mode Homme, Lifestyle, D\u00e9co-Design","publisher":{"@id":"https:\/\/joyana.fr\/#\/schema\/person\/cf2a1ad12a27c12c21801075bf37407c"},"potentialAction":[{"@type":"SearchAction","target":{"@type":"EntryPoint","urlTemplate":"https:\/\/joyana.fr\/?s={search_term_string}"},"query-input":{"@type":"PropertyValueSpecification","valueRequired":true,"valueName":"search_term_string"}}],"inLanguage":"en-US"},{"@type":["Person","Organization"],"@id":"https:\/\/joyana.fr\/#\/schema\/person\/cf2a1ad12a27c12c21801075bf37407c","name":"Jo Yana","image":{"@type":"ImageObject","inLanguage":"en-US","@id":"https:\/\/joyana.fr\/#\/schema\/person\/image\/","url":"https:\/\/i0.wp.com\/joyana.fr\/wp-content\/uploads\/2016\/08\/cropped-joyana-logo-black-360x180.png?fit=343%2C164&ssl=1","contentUrl":"https:\/\/i0.wp.com\/joyana.fr\/wp-content\/uploads\/2016\/08\/cropped-joyana-logo-black-360x180.png?fit=343%2C164&ssl=1","width":343,"height":164,"caption":"Jo Yana"},"logo":{"@id":"https:\/\/joyana.fr\/#\/schema\/person\/image\/"},"description":"Jo Yana est le cr\u00e9ateur et r\u00e9dacteur en chef des sites DECO-DESIGN. Passionn\u00e9 de Design, Mode, Photo, Luxe, Lifestyle, Musique, mais avant tout Blogueur ! Le plaisir de partager l'anime et a comme devise \"POUR L'AMOUR DU BEAU\". Retrouvez le aussi sur son blog personnel - https:\/\/joyana.fr...","sameAs":["https:\/\/joyana.fr\/"],"url":"https:\/\/joyana.fr\/en\/author\/joyana\/"}]}},"author_meta":{"display_name":"Jo Yana","author_link":"https:\/\/joyana.fr\/en\/author\/joyana\/"},"featured_img":"https:\/\/i0.wp.com\/joyana.fr\/wp-content\/uploads\/2017\/07\/unnamed-file-42.gif?fit=88%2C31&ssl=1","featured_image_src":"https:\/\/i0.wp.com\/joyana.fr\/wp-content\/uploads\/2017\/07\/unnamed-file-42.gif?resize=88%2C31&ssl=1","featured_image_src_square":"https:\/\/i0.wp.com\/joyana.fr\/wp-content\/uploads\/2017\/07\/unnamed-file-42.gif?resize=88%2C31&ssl=1","jetpack_featured_media_url":"https:\/\/i0.wp.com\/joyana.fr\/wp-content\/uploads\/2017\/07\/unnamed-file-42.gif?fit=88%2C31&ssl=1","uagb_featured_image_src":{"full":["https:\/\/i0.wp.com\/joyana.fr\/wp-content\/uploads\/2017\/07\/unnamed-file-42.gif?fit=88%2C31&ssl=1",88,31,false],"thumbnail":["https:\/\/i0.wp.com\/joyana.fr\/wp-content\/uploads\/2017\/07\/unnamed-file-42.gif?resize=88%2C31&ssl=1",88,31,true],"medium":["https:\/\/i0.wp.com\/joyana.fr\/wp-content\/uploads\/2017\/07\/unnamed-file-42.gif?fit=88%2C31&ssl=1",88,31,true],"medium_large":["https:\/\/i0.wp.com\/joyana.fr\/wp-content\/uploads\/2017\/07\/unnamed-file-42.gif?fit=88%2C31&ssl=1",88,31,true],"large":["https:\/\/i0.wp.com\/joyana.fr\/wp-content\/uploads\/2017\/07\/unnamed-file-42.gif?fit=88%2C31&ssl=1",88,31,true],"1536x1536":["https:\/\/i0.wp.com\/joyana.fr\/wp-content\/uploads\/2017\/07\/unnamed-file-42.gif?fit=88%2C31&ssl=1",88,31,true],"2048x2048":["https:\/\/i0.wp.com\/joyana.fr\/wp-content\/uploads\/2017\/07\/unnamed-file-42.gif?fit=88%2C31&ssl=1",88,31,true],"featured-thumb":["https:\/\/i0.wp.com\/joyana.fr\/wp-content\/uploads\/2017\/07\/unnamed-file-42.gif?resize=88%2C31&ssl=1",88,31,true],"ab-block-post-grid-landscape":["https:\/\/i0.wp.com\/joyana.fr\/wp-content\/uploads\/2017\/07\/unnamed-file-42.gif?resize=88%2C31&ssl=1",88,31,true],"ab-block-post-grid-square":["https:\/\/i0.wp.com\/joyana.fr\/wp-content\/uploads\/2017\/07\/unnamed-file-42.gif?resize=88%2C31&ssl=1",88,31,true],"author-pro-image":["https:\/\/i0.wp.com\/joyana.fr\/wp-content\/uploads\/2017\/07\/unnamed-file-42.gif?resize=88%2C31&ssl=1",88,31,true],"slider":["https:\/\/i0.wp.com\/joyana.fr\/wp-content\/uploads\/2017\/07\/unnamed-file-42.gif?resize=88%2C31&ssl=1",88,31,true],"woocommerce_thumbnail":["https:\/\/i0.wp.com\/joyana.fr\/wp-content\/uploads\/2017\/07\/unnamed-file-42.gif?resize=88%2C31&ssl=1",88,31,true],"woocommerce_single":["https:\/\/i0.wp.com\/joyana.fr\/wp-content\/uploads\/2017\/07\/unnamed-file-42.gif?fit=88%2C31&ssl=1",88,31,true],"woocommerce_gallery_thumbnail":["https:\/\/i0.wp.com\/joyana.fr\/wp-content\/uploads\/2017\/07\/unnamed-file-42.gif?resize=88%2C31&ssl=1",88,31,true],"sow-carousel-default":["https:\/\/i0.wp.com\/joyana.fr\/wp-content\/uploads\/2017\/07\/unnamed-file-42.gif?resize=88%2C31&ssl=1",88,31,true]},"uagb_author_info":{"display_name":"Jo Yana","author_link":"https:\/\/joyana.fr\/en\/author\/joyana\/"},"uagb_comment_info":0,"uagb_excerpt":"Philippe Starck a pr\u00e9sent\u00e9 pas mal de nouveaut\u00e9s lors de ce Milan Design Week 2008, dont cette chaise &#8220;Hi Cut&#8221; chez Kartell qui m\u00e9lange les mati\u00e8res et les couleurs, passant de transparente \u00e0 laqu\u00e9, du noir au blanc, associ\u00e9e \u00e0 la multitude de coloris, pour un total de 18 possibilit\u00e9s diff\u00e9rentes. Texte Made in design&hellip;","coauthors":[],"tax_additional":{"categories":{"linked":["<a href=\"https:\/\/joyana.fr\/en\/category\/deco-design\/mobilier\/assise\/\" class=\"advgb-post-tax-term\">Assise<\/a>","<a href=\"https:\/\/joyana.fr\/en\/category\/deco-design\/mobilier\/assise\/chaise\/\" class=\"advgb-post-tax-term\">Chaise<\/a>","<a href=\"https:\/\/joyana.fr\/en\/category\/deco-design\/\" class=\"advgb-post-tax-term\">DECO-DESIGN<\/a>","<a href=\"https:\/\/joyana.fr\/en\/category\/marques\/kartell\/\" class=\"advgb-post-tax-term\">Kartell<\/a>","<a href=\"https:\/\/joyana.fr\/en\/category\/deco-design\/designer\/philippe-starck\/\" class=\"advgb-post-tax-term\">Philippe STARCK<\/a>"],"unlinked":["<span class=\"advgb-post-tax-term\">Assise<\/span>","<span class=\"advgb-post-tax-term\">Chaise<\/span>","<span class=\"advgb-post-tax-term\">DECO-DESIGN<\/span>","<span class=\"advgb-post-tax-term\">Kartell<\/span>","<span class=\"advgb-post-tax-term\">Philippe STARCK<\/span>"]},"tags":{"linked":["<a href=\"https:\/\/joyana.fr\/en\/category\/deco-design\/designer\/philippe-starck\/\" class=\"advgb-post-tax-term\">Blanc<\/a>","<a href=\"https:\/\/joyana.fr\/en\/category\/deco-design\/designer\/philippe-starck\/\" class=\"advgb-post-tax-term\">DESIGN<\/a>","<a href=\"https:\/\/joyana.fr\/en\/category\/deco-design\/designer\/philippe-starck\/\" class=\"advgb-post-tax-term\">Kartell<\/a>","<a href=\"https:\/\/joyana.fr\/en\/category\/deco-design\/designer\/philippe-starck\/\" class=\"advgb-post-tax-term\">Laqu\u00e9<\/a>","<a href=\"https:\/\/joyana.fr\/en\/category\/deco-design\/designer\/philippe-starck\/\" class=\"advgb-post-tax-term\">Noir<\/a>","<a href=\"https:\/\/joyana.fr\/en\/category\/deco-design\/designer\/philippe-starck\/\" class=\"advgb-post-tax-term\">STARCK<\/a>"],"unlinked":["<span class=\"advgb-post-tax-term\">Blanc<\/span>","<span class=\"advgb-post-tax-term\">DESIGN<\/span>","<span class=\"advgb-post-tax-term\">Kartell<\/span>","<span class=\"advgb-post-tax-term\">Laqu\u00e9<\/span>","<span class=\"advgb-post-tax-term\">Noir<\/span>","<span class=\"advgb-post-tax-term\">STARCK<\/span>"]}},"comment_count":0,"relative_dates":{"created":"Posted 18 years ago","modified":"Updated 18 years ago"},"absolute_dates":{"created":"Posted on 13 May 2008","modified":"Updated on 13 May 2008"},"absolute_dates_time":{"created":"Posted on 13 May 2008 12:16","modified":"Updated on 13 May 2008 12:16"},"featured_img_caption":"","series_order":"","jetpack_sharing_enabled":true,"jetpack_shortlink":"https:\/\/wp.me\/p9bteI-qi0","jetpack-related-posts":[],"_links":{"self":[{"href":"https:\/\/joyana.fr\/en\/wp-json\/wp\/v2\/posts\/101060","targetHints":{"allow":["GET"]}}],"collection":[{"href":"https:\/\/joyana.fr\/en\/wp-json\/wp\/v2\/posts"}],"about":[{"href":"https:\/\/joyana.fr\/en\/wp-json\/wp\/v2\/types\/post"}],"author":[{"embeddable":true,"href":"https:\/\/joyana.fr\/en\/wp-json\/wp\/v2\/users\/3"}],"replies":[{"embeddable":true,"href":"https:\/\/joyana.fr\/en\/wp-json\/wp\/v2\/comments?post=101060"}],"version-history":[{"count":0,"href":"https:\/\/joyana.fr\/en\/wp-json\/wp\/v2\/posts\/101060\/revisions"}],"wp:featuredmedia":[{"embeddable":true,"href":"https:\/\/joyana.fr\/en\/wp-json\/wp\/v2\/media\/125500"}],"wp:attachment":[{"href":"https:\/\/joyana.fr\/en\/wp-json\/wp\/v2\/media?parent=101060"}],"wp:term":[{"taxonomy":"category","embeddable":true,"href":"https:\/\/joyana.fr\/en\/wp-json\/wp\/v2\/categories?post=101060"},{"taxonomy":"post_tag","embeddable":true,"href":"https:\/\/joyana.fr\/en\/wp-json\/wp\/v2\/tags?post=101060"}],"curies":[{"name":"wp","href":"https:\/\/api.w.org\/{rel}","templated":true}]}}