{"id":101195,"date":"2008-06-10T21:40:21","date_gmt":"2008-06-10T20:40:21","guid":{"rendered":"https:\/\/joyana.fr\/iphone-2-pour-certains-iphone-2-pour-dautres-by-apple\/"},"modified":"2008-06-10T21:40:21","modified_gmt":"2008-06-10T20:40:21","slug":"iphone-3g-pour-certains-iphone-2-pour-dautres-by-apple","status":"publish","type":"post","link":"https:\/\/joyana.fr\/en\/iphone-3g-pour-certains-iphone-2-pour-dautres-by-apple\/101195\/","title":{"rendered":"iPhone 3G pour certains, iPhone 2 pour d&#039;autres&#8230; by APPLE"},"content":{"rendered":"<p><strong>Apple<\/strong> annonc\u00e9 hier, lors de leur c\u00e9l\u00e8bre Keynote l\u2019arriv\u00e9e du nouveau <strong>iPhone 2<\/strong> ou <strong>3G<\/strong>.<\/p>\n<p>Rendez vous dans la suite pour conna\u00eetre les caract\u00e9ristiques techniques du dernier &#8220;b\u00e9b\u00e9&#8221; d\u2019<strong>Apple<\/strong>&#8230;<\/p>\n<p><img data-recalc-dims=\"1\" fetchpriority=\"high\" decoding=\"async\" src=\"https:\/\/i0.wp.com\/joyana.fr\/wp-content\/uploads\/iphone2.jpg?resize=500%2C236&#038;ssl=1\" alt=\"iPhone 2 pour certains, iPhone 2 pour d\u2019autres... by APPLE\" align=\"top\" border=\"0\" height=\"236\" hspace=\"8\" width=\"500\" \/><\/p>\n<p><a href=\"https:\/\/joyana.fr\" target=\"_blank\"><strong>L\u2019\u00e9quipe D\u00e9co-Design<\/strong><\/a> est totalement fan de ce t\u00e9l\u00e9phone qui a r\u00e9volutionn\u00e9 le genre, voyons les nouveaut\u00e9s pour ce <strong>iPhone 2<\/strong> qu\u2019on attendait tous :<\/p>\n<p><em><font size=\"4\">Affichage<br \/>\n<\/font>\u00c9cran panoramique Multi-Touch de 3,5 pouces (diagonale visible)<br \/>\nR\u00e9solution de 480 par 320 pixels \u00e0 163 ppi<br \/>\nAffichage simultan\u00e9 de langues et de caract\u00e8res multiples<\/em><\/p>\n<p><em><font size=\"4\">Audio<\/font><br \/>\nR\u00e9ponse en fr\u00e9quence : de 20 \u00e0 20 000 Hz<br \/>\nFormats audio pris en charge : AAC, AAC prot\u00e9g\u00e9, MP3, MP3 VBR, Audible (formats 1, 2 et 3), Apple Lossless, AIFF et WAV<br \/>\nVolume maximal configurable par l\u2019utilisateur<\/em><\/p>\n<p><em><font size=\"4\">\u00c9couteurs<br \/>\n<\/font>\u00c9couteurs st\u00e9r\u00e9o avec micro int\u00e9gr\u00e9<br \/>\nR\u00e9ponse en fr\u00e9quence : de 20 \u00e0 20 000 Hz<br \/>\nImp\u00e9dance : 32 ohms<\/em><\/p>\n<p><em><font size=\"4\">Vid\u00e9o<\/font><br \/>\nFormats vid\u00e9o pris en charge : vid\u00e9o au format H.264, jusqu\u2019\u00e0 1,5 Mb\/s, 640 x 480 pixels, 30 images par seconde, profil de r\u00e9f\u00e9rence H.264 (faible complexit\u00e9) avec son au format AAC-LC jusqu\u2019\u00e0 160 kb\/s, 48 kHz, son st\u00e9r\u00e9o aux formats de fichier .m4v, . mp4 et .mov ; vid\u00e9o au format H.264, jusqu\u2019\u00e0 2,5 Mb\/s, 640 x 480 pixels, 30 images par seconde, profil de r\u00e9f\u00e9rence jusqu\u2019au niveau 3.0 avec son au format AAC-LC jusqu\u2019\u00e0 160 kb\/s, 48 kHz, son st\u00e9r\u00e9o aux formats de fichier .m4v, .mp4 et .mov ; vid\u00e9o au format MPEG-4, jusqu\u2019\u00e0 2,5 Mb\/s, 640 x 480 pixels, 30 images par seconde, profil simple avec son au format AAC-LC jusqu\u2019\u00e0 160 kb\/s, 48 kHz, son st\u00e9r\u00e9o aux formats de fichier .m4v, .mp4 et .mov<\/em><\/p>\n<p><em><font size=\"4\">Appareil photo + photos<br \/>\n<\/font>2 m\u00e9gapixels Appareil photo situ\u00e9 au dos de l\u2019iPhone.<br \/>\nG\u00e9or\u00e9f\u00e9rencement des photos<br \/>\nInt\u00e9gr\u00e9 \u00e0 iPhone, avec des applications tierces<\/em><\/p>\n<p><em><font size=\"4\">Langues<br \/>\n<\/font>Prise en charge des langues suivantes : allemand, anglais, chinois simplifi\u00e9, chinois traditionnel, cor\u00e9en, danois, espagnol, finnois, fran\u00e7ais, italien, japonais, n\u00e9erlandais, norv\u00e9gien, polonais, portugais, russe et su\u00e9dois<br \/>\nPrise en charge du clavier international et du dictionnaire pour les langues suivantes : allemand, anglais (\u00c9tats-Unis), anglais (Royaume-Uni), chinois simplifi\u00e9, chinois traditionnel, cor\u00e9en (pas de dictionnaire), danois, espagnol, finnois, fran\u00e7ais (France), fran\u00e7ais (Canada), italien, japonais, n\u00e9erlandais, norv\u00e9gien, polonais, portugais (Portugal), portugais (Br\u00e9sil), russe et su\u00e9dois<\/em><\/p>\n<p><em><font size=\"4\">Capteurs<br \/>\n<\/font>Acc\u00e9l\u00e9rom\u00e8tre<br \/>\nCapteur de proximit\u00e9<br \/>\nCapteur de lumi\u00e8re ambiante<\/em><\/p>\n<p><em><font size=\"4\">Alimentation et batterie<br \/>\n<\/font>Batterie au lithium-ion rechargeable int\u00e9gr\u00e9e<br \/>\nCharge via USB sur ordinateur ou par adaptateur secteur<br \/>\nTemps de conversation :<\/em><\/p>\n<p><em>    * jusqu\u2019\u00e0 5 heures en 3G<br \/>\n* jusqu\u2019\u00e0 10 heures en 2G<\/em><\/p>\n<p><em>Autonomie en veille : jusqu\u2019\u00e0 300 heures<br \/>\nNavigation sur Internet :<\/em><\/p>\n<p><em>    * jusqu\u2019\u00e0 5 heures en 3G<br \/>\n* jusqu\u2019\u00e0 6 heures en Wi-Fi<\/em><\/p>\n<p><em>Lecture vid\u00e9o : jusqu\u2019\u00e0 7 heures<br \/>\nLecture audio : jusqu\u2019\u00e0 24 heures<\/em><\/p>\n<p><em><font size=\"4\">Conditions ambiantes<br \/>\n<\/font>Temp\u00e9rature de fonctionnement : 0\u00b0 \u00e0 35\u00b0 C<br \/>\nTemp\u00e9rature de stockage : -20\u00b0 \u00e0 45\u00b0 C<br \/>\nHumidit\u00e9 relative : 5 % \u00e0 95 % sans condensation<br \/>\nAltitude maximale d\u2019utilisation : 3 000 m<\/em><\/p>\n<p><img data-recalc-dims=\"1\" decoding=\"async\" src=\"https:\/\/i0.wp.com\/joyana.fr\/wp-content\/uploads\/iphone3g.jpg?resize=500%2C472&#038;ssl=1\" alt=\"iPhone 2 pour certains, iPhone 2 pour d\u2019autres... by APPLE\" align=\"top\" border=\"0\" height=\"472\" hspace=\"8\" width=\"500\" \/><\/p>\n<p>Donc on r\u00e9sume les nouveaut\u00e9s : le <strong>iPhone 2<\/strong> est disponible en blanc ou noir laqu\u00e9, enfin une vrai prise casque, le GPS, et une augmentation de l\u2019autonomie.<\/p>\n<p>Grosse am\u00e9lioration aussi au niveau du prix, le <strong>iPhone 3G<\/strong> sera disponible le 11 Juillet dans le monde entier \u00e0 un prix avoisinant les 300 euros avec abonnement pour la version 16go.<\/p>\n<p>Donc vous l\u2019aurez compris, on ne cris pas \u00e0 la r\u00e9volution mais ces petites nouveaut\u00e9s rendent ce t\u00e9l\u00e9phone encore plus parfait.<\/p>\n<p><a href=\"http:\/\/www.apple.com\/fr\/\"><strong>http:\/\/www.apple.com\/fr\/<\/strong><\/a><\/p>\n<p>&#8212;&#8212;&#8212;&#8212;&#8212;&#8212;&#8212;&#8211;<\/p>\n<p><a href=\"http:\/\/jo_yana@hotmail.com\" target=\"_blank\">Jo Yana<\/a><\/p>\n","protected":false},"excerpt":{"rendered":"<p>Apple annonc\u00e9 hier, lors de leur c\u00e9l\u00e8bre Keynote l\u2019arriv\u00e9e du nouveau iPhone 2 ou 3G. Rendez vous dans la suite pour conna\u00eetre les caract\u00e9ristiques techniques du dernier &#8220;b\u00e9b\u00e9&#8221; d\u2019Apple&#8230; L\u2019\u00e9quipe D\u00e9co-Design est totalement fan de ce t\u00e9l\u00e9phone qui a r\u00e9volutionn\u00e9 le genre, voyons les nouveaut\u00e9s pour ce iPhone 2 qu\u2019on attendait tous : Affichage \u00c9cran [&hellip;]<\/p>\n","protected":false},"author":3,"featured_media":122131,"comment_status":"open","ping_status":"open","sticky":false,"template":"","format":"standard","meta":{"_coblocks_attr":"","_coblocks_dimensions":"","_coblocks_responsive_height":"","_coblocks_accordion_ie_support":"","_uag_custom_page_level_css":"","advgb_blocks_editor_width":"","advgb_blocks_columns_visual_guide":"","_genesis_hide_title":false,"_genesis_hide_breadcrumbs":false,"_genesis_hide_singular_image":false,"_genesis_hide_footer_widgets":false,"_genesis_custom_body_class":"","_genesis_custom_post_class":"","_genesis_layout":"","_themeisle_gutenberg_block_has_review":false,"_jetpack_newsletter_access":"","_jetpack_dont_email_post_to_subs":false,"_jetpack_newsletter_tier_id":0,"_jetpack_memberships_contains_paywalled_content":false,"_jetpack_memberships_contains_paid_content":false,"footnotes":""},"categories":[905,925],"tags":[908,1049,957,910],"class_list":{"0":"post-101195","1":"post","2":"type-post","3":"status-publish","4":"format-standard","5":"has-post-thumbnail","7":"category-deco-design","8":"category-high-tech","9":"tag-blanc","10":"tag-ipod-iphone","11":"tag-laque","12":"tag-noir","13":"entry"},"featured_image_urls":{"full":["https:\/\/i0.wp.com\/joyana.fr\/wp-content\/uploads\/2010\/02\/wallpaper_iphone2.jpg?fit=500%2C468&ssl=1",500,468,false],"thumbnail":["https:\/\/i0.wp.com\/joyana.fr\/wp-content\/uploads\/2010\/02\/wallpaper_iphone2.jpg?resize=150%2C150&ssl=1",150,150,true],"medium":["https:\/\/i0.wp.com\/joyana.fr\/wp-content\/uploads\/2010\/02\/wallpaper_iphone2.jpg?fit=389%2C364&ssl=1",389,364,true],"medium_large":["https:\/\/i0.wp.com\/joyana.fr\/wp-content\/uploads\/2010\/02\/wallpaper_iphone2.jpg?fit=500%2C468&ssl=1",500,468,true],"large":["https:\/\/i0.wp.com\/joyana.fr\/wp-content\/uploads\/2010\/02\/wallpaper_iphone2.jpg?fit=500%2C468&ssl=1",500,468,true],"1536x1536":["https:\/\/i0.wp.com\/joyana.fr\/wp-content\/uploads\/2010\/02\/wallpaper_iphone2.jpg?fit=500%2C468&ssl=1",500,468,true],"2048x2048":["https:\/\/i0.wp.com\/joyana.fr\/wp-content\/uploads\/2010\/02\/wallpaper_iphone2.jpg?fit=500%2C468&ssl=1",500,468,true],"featured-thumb":["https:\/\/i0.wp.com\/joyana.fr\/wp-content\/uploads\/2010\/02\/wallpaper_iphone2.jpg?resize=500%2C468&ssl=1",500,468,true],"ab-block-post-grid-landscape":["https:\/\/i0.wp.com\/joyana.fr\/wp-content\/uploads\/2010\/02\/wallpaper_iphone2.jpg?resize=500%2C400&ssl=1",500,400,true],"ab-block-post-grid-square":["https:\/\/i0.wp.com\/joyana.fr\/wp-content\/uploads\/2010\/02\/wallpaper_iphone2.jpg?resize=500%2C468&ssl=1",500,468,true],"author-pro-image":["https:\/\/i0.wp.com\/joyana.fr\/wp-content\/uploads\/2010\/02\/wallpaper_iphone2.jpg?resize=360%2C468&ssl=1",360,468,true],"slider":["https:\/\/i0.wp.com\/joyana.fr\/wp-content\/uploads\/2010\/02\/wallpaper_iphone2.jpg?resize=500%2C400&ssl=1",500,400,true],"woocommerce_thumbnail":["https:\/\/i0.wp.com\/joyana.fr\/wp-content\/uploads\/2010\/02\/wallpaper_iphone2.jpg?resize=450%2C450&ssl=1",450,450,true],"woocommerce_single":["https:\/\/i0.wp.com\/joyana.fr\/wp-content\/uploads\/2010\/02\/wallpaper_iphone2.jpg?fit=500%2C468&ssl=1",500,468,true],"woocommerce_gallery_thumbnail":["https:\/\/i0.wp.com\/joyana.fr\/wp-content\/uploads\/2010\/02\/wallpaper_iphone2.jpg?resize=180%2C180&ssl=1",180,180,true],"sow-carousel-default":["https:\/\/i0.wp.com\/joyana.fr\/wp-content\/uploads\/2010\/02\/wallpaper_iphone2.jpg?resize=272%2C182&ssl=1",272,182,true]},"post_excerpt_stackable":"<p>Apple annonc\u00e9 hier, lors de leur c\u00e9l\u00e8bre Keynote l\u2019arriv\u00e9e du nouveau iPhone 2 ou 3G. Rendez vous dans la suite pour conna\u00eetre les caract\u00e9ristiques techniques du dernier &#8220;b\u00e9b\u00e9&#8221; d\u2019Apple&#8230; L\u2019\u00e9quipe D\u00e9co-Design est totalement fan de ce t\u00e9l\u00e9phone qui a r\u00e9volutionn\u00e9 le genre, voyons les nouveaut\u00e9s pour ce iPhone 2 qu\u2019on attendait tous : Affichage \u00c9cran panoramique Multi-Touch de 3,5 pouces (diagonale visible) R\u00e9solution de 480 par 320 pixels \u00e0 163 ppi Affichage simultan\u00e9 de langues et de caract\u00e8res multiples Audio R\u00e9ponse en fr\u00e9quence : de 20 \u00e0 20 000 Hz Formats audio pris en charge : AAC, AAC prot\u00e9g\u00e9, MP3,&hellip;<\/p>\n","category_list":"<a href=\"https:\/\/joyana.fr\/en\/category\/deco-design\/\" rel=\"category tag\">DECO-DESIGN<\/a>, <a href=\"https:\/\/joyana.fr\/en\/category\/deco-design\/actualite\/high-tech\/\" rel=\"category tag\">High-Tech<\/a>","author_info":{"display_name":"Jo Yana","author_link":"https:\/\/joyana.fr\/en\/author\/joyana\/"},"comments_num":"3 comments","featured_image_urls_v2":{"full":["https:\/\/i0.wp.com\/joyana.fr\/wp-content\/uploads\/2010\/02\/wallpaper_iphone2.jpg?fit=500%2C468&ssl=1",500,468,false],"thumbnail":["https:\/\/i0.wp.com\/joyana.fr\/wp-content\/uploads\/2010\/02\/wallpaper_iphone2.jpg?resize=150%2C150&ssl=1",150,150,true],"medium":["https:\/\/i0.wp.com\/joyana.fr\/wp-content\/uploads\/2010\/02\/wallpaper_iphone2.jpg?fit=389%2C364&ssl=1",389,364,true],"medium_large":["https:\/\/i0.wp.com\/joyana.fr\/wp-content\/uploads\/2010\/02\/wallpaper_iphone2.jpg?fit=500%2C468&ssl=1",500,468,true],"large":["https:\/\/i0.wp.com\/joyana.fr\/wp-content\/uploads\/2010\/02\/wallpaper_iphone2.jpg?fit=500%2C468&ssl=1",500,468,true],"1536x1536":["https:\/\/i0.wp.com\/joyana.fr\/wp-content\/uploads\/2010\/02\/wallpaper_iphone2.jpg?fit=500%2C468&ssl=1",500,468,true],"2048x2048":["https:\/\/i0.wp.com\/joyana.fr\/wp-content\/uploads\/2010\/02\/wallpaper_iphone2.jpg?fit=500%2C468&ssl=1",500,468,true],"featured-thumb":["https:\/\/i0.wp.com\/joyana.fr\/wp-content\/uploads\/2010\/02\/wallpaper_iphone2.jpg?resize=500%2C468&ssl=1",500,468,true],"ab-block-post-grid-landscape":["https:\/\/i0.wp.com\/joyana.fr\/wp-content\/uploads\/2010\/02\/wallpaper_iphone2.jpg?resize=500%2C400&ssl=1",500,400,true],"ab-block-post-grid-square":["https:\/\/i0.wp.com\/joyana.fr\/wp-content\/uploads\/2010\/02\/wallpaper_iphone2.jpg?resize=500%2C468&ssl=1",500,468,true],"author-pro-image":["https:\/\/i0.wp.com\/joyana.fr\/wp-content\/uploads\/2010\/02\/wallpaper_iphone2.jpg?resize=360%2C468&ssl=1",360,468,true],"slider":["https:\/\/i0.wp.com\/joyana.fr\/wp-content\/uploads\/2010\/02\/wallpaper_iphone2.jpg?resize=500%2C400&ssl=1",500,400,true],"woocommerce_thumbnail":["https:\/\/i0.wp.com\/joyana.fr\/wp-content\/uploads\/2010\/02\/wallpaper_iphone2.jpg?resize=450%2C450&ssl=1",450,450,true],"woocommerce_single":["https:\/\/i0.wp.com\/joyana.fr\/wp-content\/uploads\/2010\/02\/wallpaper_iphone2.jpg?fit=500%2C468&ssl=1",500,468,true],"woocommerce_gallery_thumbnail":["https:\/\/i0.wp.com\/joyana.fr\/wp-content\/uploads\/2010\/02\/wallpaper_iphone2.jpg?resize=180%2C180&ssl=1",180,180,true],"sow-carousel-default":["https:\/\/i0.wp.com\/joyana.fr\/wp-content\/uploads\/2010\/02\/wallpaper_iphone2.jpg?resize=272%2C182&ssl=1",272,182,true]},"post_excerpt_stackable_v2":"<p>Apple annonc\u00e9 hier, lors de leur c\u00e9l\u00e8bre Keynote l\u2019arriv\u00e9e du nouveau iPhone 2 ou 3G. Rendez vous dans la suite pour conna\u00eetre les caract\u00e9ristiques techniques du dernier &#8220;b\u00e9b\u00e9&#8221; d\u2019Apple&#8230; L\u2019\u00e9quipe D\u00e9co-Design est totalement fan de ce t\u00e9l\u00e9phone qui a r\u00e9volutionn\u00e9 le genre, voyons les nouveaut\u00e9s pour ce iPhone 2 qu\u2019on attendait tous : Affichage \u00c9cran panoramique Multi-Touch de 3,5 pouces (diagonale visible) R\u00e9solution de 480 par 320 pixels \u00e0 163 ppi Affichage simultan\u00e9 de langues et de caract\u00e8res multiples Audio R\u00e9ponse en fr\u00e9quence : de 20 \u00e0 20 000 Hz Formats audio pris en charge : AAC, AAC prot\u00e9g\u00e9, MP3,&hellip;<\/p>\n","category_list_v2":"<a href=\"https:\/\/joyana.fr\/en\/category\/deco-design\/\" rel=\"category tag\">DECO-DESIGN<\/a>, <a href=\"https:\/\/joyana.fr\/en\/category\/deco-design\/actualite\/high-tech\/\" rel=\"category tag\">High-Tech<\/a>","author_info_v2":{"name":"Jo Yana","url":"https:\/\/joyana.fr\/en\/author\/joyana\/"},"comments_num_v2":"3 comments","yoast_head":"<!-- This site is optimized with the Yoast SEO plugin v26.8 - https:\/\/yoast.com\/product\/yoast-seo-wordpress\/ -->\n<title>iPhone 3G pour certains, iPhone 2 pour d&#039;autres... by APPLE - JO YANA<\/title>\n<meta name=\"robots\" content=\"index, follow, max-snippet:-1, max-image-preview:large, max-video-preview:-1\" \/>\n<link rel=\"canonical\" href=\"https:\/\/www.joyana.fr\/iphone-3g-pour-certains-iphone-2-pour-dautres-by-apple\/101195\/\" \/>\n<meta property=\"og:locale\" content=\"en_US\" \/>\n<meta property=\"og:locale:alternate\" content=\"fr_FR\" \/>\n<meta property=\"og:locale:alternate\" content=\"ja\" \/>\n<meta property=\"og:type\" content=\"article\" \/>\n<meta property=\"og:title\" content=\"iPhone 3G pour certains, iPhone 2 pour d&#039;autres... by APPLE - JO YANA\" \/>\n<meta property=\"og:description\" content=\"Apple annonc\u00e9 hier, lors de leur c\u00e9l\u00e8bre Keynote l\u2019arriv\u00e9e du nouveau iPhone 2 ou 3G. Rendez vous dans la suite pour conna\u00eetre les caract\u00e9ristiques techniques du dernier &#8220;b\u00e9b\u00e9&#8221; d\u2019Apple&#8230; L\u2019\u00e9quipe D\u00e9co-Design est totalement fan de ce t\u00e9l\u00e9phone qui a r\u00e9volutionn\u00e9 le genre, voyons les nouveaut\u00e9s pour ce iPhone 2 qu\u2019on attendait tous : Affichage \u00c9cran [&hellip;]\" \/>\n<meta property=\"og:url\" content=\"https:\/\/joyana.fr\/en\/iphone-3g-pour-certains-iphone-2-pour-dautres-by-apple\/101195\/\" \/>\n<meta property=\"og:site_name\" content=\"JO YANA\" \/>\n<meta property=\"article:published_time\" content=\"2008-06-10T20:40:21+00:00\" \/>\n<meta property=\"og:image\" content=\"https:\/\/www.joyana.fr\/wp-content\/uploads\/2010\/02\/wallpaper_iphone2.jpg\" \/>\n\t<meta property=\"og:image:width\" content=\"500\" \/>\n\t<meta property=\"og:image:height\" content=\"468\" \/>\n\t<meta property=\"og:image:type\" content=\"image\/jpeg\" \/>\n<meta name=\"author\" content=\"Jo Yana\" \/>\n<meta name=\"twitter:card\" content=\"summary_large_image\" \/>\n<meta name=\"twitter:creator\" content=\"@Jo_Yana\" \/>\n<meta name=\"twitter:site\" content=\"@Jo_Yana\" \/>\n<meta name=\"twitter:label1\" content=\"Written by\" \/>\n\t<meta name=\"twitter:data1\" content=\"Jo Yana\" \/>\n\t<meta name=\"twitter:label2\" content=\"Est. reading time\" \/>\n\t<meta name=\"twitter:data2\" content=\"3 minutes\" \/>\n<script type=\"application\/ld+json\" class=\"yoast-schema-graph\">{\"@context\":\"https:\/\/schema.org\",\"@graph\":[{\"@type\":\"Article\",\"@id\":\"https:\/\/www.joyana.fr\/iphone-3g-pour-certains-iphone-2-pour-dautres-by-apple\/101195\/#article\",\"isPartOf\":{\"@id\":\"https:\/\/www.joyana.fr\/iphone-3g-pour-certains-iphone-2-pour-dautres-by-apple\/101195\/\"},\"author\":{\"name\":\"Jo Yana\",\"@id\":\"https:\/\/joyana.fr\/#\/schema\/person\/cf2a1ad12a27c12c21801075bf37407c\"},\"headline\":\"iPhone 3G pour certains, iPhone 2 pour d&#039;autres&#8230; by APPLE\",\"datePublished\":\"2008-06-10T20:40:21+00:00\",\"mainEntityOfPage\":{\"@id\":\"https:\/\/www.joyana.fr\/iphone-3g-pour-certains-iphone-2-pour-dautres-by-apple\/101195\/\"},\"wordCount\":574,\"commentCount\":1,\"publisher\":{\"@id\":\"https:\/\/joyana.fr\/#\/schema\/person\/cf2a1ad12a27c12c21801075bf37407c\"},\"image\":{\"@id\":\"https:\/\/www.joyana.fr\/iphone-3g-pour-certains-iphone-2-pour-dautres-by-apple\/101195\/#primaryimage\"},\"thumbnailUrl\":\"https:\/\/i0.wp.com\/joyana.fr\/wp-content\/uploads\/2010\/02\/wallpaper_iphone2.jpg?fit=500%2C468&ssl=1\",\"keywords\":[\"Blanc\",\"iPod iPhone\",\"Laqu\u00e9\",\"Noir\"],\"articleSection\":[\"DECO-DESIGN\",\"High-Tech\"],\"inLanguage\":\"en-US\",\"potentialAction\":[{\"@type\":\"CommentAction\",\"name\":\"Comment\",\"target\":[\"https:\/\/www.joyana.fr\/iphone-3g-pour-certains-iphone-2-pour-dautres-by-apple\/101195\/#respond\"]}]},{\"@type\":\"WebPage\",\"@id\":\"https:\/\/www.joyana.fr\/iphone-3g-pour-certains-iphone-2-pour-dautres-by-apple\/101195\/\",\"url\":\"https:\/\/www.joyana.fr\/iphone-3g-pour-certains-iphone-2-pour-dautres-by-apple\/101195\/\",\"name\":\"iPhone 3G pour certains, iPhone 2 pour d&#039;autres... by APPLE - JO YANA\",\"isPartOf\":{\"@id\":\"https:\/\/joyana.fr\/#website\"},\"primaryImageOfPage\":{\"@id\":\"https:\/\/www.joyana.fr\/iphone-3g-pour-certains-iphone-2-pour-dautres-by-apple\/101195\/#primaryimage\"},\"image\":{\"@id\":\"https:\/\/www.joyana.fr\/iphone-3g-pour-certains-iphone-2-pour-dautres-by-apple\/101195\/#primaryimage\"},\"thumbnailUrl\":\"https:\/\/i0.wp.com\/joyana.fr\/wp-content\/uploads\/2010\/02\/wallpaper_iphone2.jpg?fit=500%2C468&ssl=1\",\"datePublished\":\"2008-06-10T20:40:21+00:00\",\"breadcrumb\":{\"@id\":\"https:\/\/www.joyana.fr\/iphone-3g-pour-certains-iphone-2-pour-dautres-by-apple\/101195\/#breadcrumb\"},\"inLanguage\":\"en-US\",\"potentialAction\":[{\"@type\":\"ReadAction\",\"target\":[\"https:\/\/www.joyana.fr\/iphone-3g-pour-certains-iphone-2-pour-dautres-by-apple\/101195\/\"]}]},{\"@type\":\"ImageObject\",\"inLanguage\":\"en-US\",\"@id\":\"https:\/\/www.joyana.fr\/iphone-3g-pour-certains-iphone-2-pour-dautres-by-apple\/101195\/#primaryimage\",\"url\":\"https:\/\/i0.wp.com\/joyana.fr\/wp-content\/uploads\/2010\/02\/wallpaper_iphone2.jpg?fit=500%2C468&ssl=1\",\"contentUrl\":\"https:\/\/i0.wp.com\/joyana.fr\/wp-content\/uploads\/2010\/02\/wallpaper_iphone2.jpg?fit=500%2C468&ssl=1\",\"width\":500,\"height\":468},{\"@type\":\"BreadcrumbList\",\"@id\":\"https:\/\/www.joyana.fr\/iphone-3g-pour-certains-iphone-2-pour-dautres-by-apple\/101195\/#breadcrumb\",\"itemListElement\":[{\"@type\":\"ListItem\",\"position\":1,\"name\":\"Accueil\",\"item\":\"https:\/\/joyana.fr\/\"},{\"@type\":\"ListItem\",\"position\":2,\"name\":\"iPhone 3G pour certains, iPhone 2 pour d&#039;autres&#8230; by APPLE\"}]},{\"@type\":\"WebSite\",\"@id\":\"https:\/\/joyana.fr\/#website\",\"url\":\"https:\/\/joyana.fr\/\",\"name\":\"JO YANA\",\"description\":\"Blog Mode Homme, Lifestyle, D\u00e9co-Design\",\"publisher\":{\"@id\":\"https:\/\/joyana.fr\/#\/schema\/person\/cf2a1ad12a27c12c21801075bf37407c\"},\"potentialAction\":[{\"@type\":\"SearchAction\",\"target\":{\"@type\":\"EntryPoint\",\"urlTemplate\":\"https:\/\/joyana.fr\/?s={search_term_string}\"},\"query-input\":{\"@type\":\"PropertyValueSpecification\",\"valueRequired\":true,\"valueName\":\"search_term_string\"}}],\"inLanguage\":\"en-US\"},{\"@type\":[\"Person\",\"Organization\"],\"@id\":\"https:\/\/joyana.fr\/#\/schema\/person\/cf2a1ad12a27c12c21801075bf37407c\",\"name\":\"Jo Yana\",\"image\":{\"@type\":\"ImageObject\",\"inLanguage\":\"en-US\",\"@id\":\"https:\/\/joyana.fr\/#\/schema\/person\/image\/\",\"url\":\"https:\/\/i0.wp.com\/joyana.fr\/wp-content\/uploads\/2016\/08\/cropped-joyana-logo-black-360x180.png?fit=343%2C164&ssl=1\",\"contentUrl\":\"https:\/\/i0.wp.com\/joyana.fr\/wp-content\/uploads\/2016\/08\/cropped-joyana-logo-black-360x180.png?fit=343%2C164&ssl=1\",\"width\":343,\"height\":164,\"caption\":\"Jo Yana\"},\"logo\":{\"@id\":\"https:\/\/joyana.fr\/#\/schema\/person\/image\/\"},\"description\":\"Jo Yana est le cr\u00e9ateur et r\u00e9dacteur en chef des sites DECO-DESIGN. Passionn\u00e9 de Design, Mode, Photo, Luxe, Lifestyle, Musique, mais avant tout Blogueur ! Le plaisir de partager l'anime et a comme devise \\\"POUR L'AMOUR DU BEAU\\\". Retrouvez le aussi sur son blog personnel - https:\/\/joyana.fr...\",\"sameAs\":[\"https:\/\/joyana.fr\/\"],\"url\":\"https:\/\/joyana.fr\/en\/author\/joyana\/\"}]}<\/script>\n<!-- \/ Yoast SEO plugin. -->","yoast_head_json":{"title":"iPhone 3G pour certains, iPhone 2 pour d&#039;autres... by APPLE - JO YANA","robots":{"index":"index","follow":"follow","max-snippet":"max-snippet:-1","max-image-preview":"max-image-preview:large","max-video-preview":"max-video-preview:-1"},"canonical":"https:\/\/www.joyana.fr\/iphone-3g-pour-certains-iphone-2-pour-dautres-by-apple\/101195\/","og_locale":"en_US","og_type":"article","og_title":"iPhone 3G pour certains, iPhone 2 pour d&#039;autres... by APPLE - JO YANA","og_description":"Apple annonc\u00e9 hier, lors de leur c\u00e9l\u00e8bre Keynote l\u2019arriv\u00e9e du nouveau iPhone 2 ou 3G. Rendez vous dans la suite pour conna\u00eetre les caract\u00e9ristiques techniques du dernier &#8220;b\u00e9b\u00e9&#8221; d\u2019Apple&#8230; L\u2019\u00e9quipe D\u00e9co-Design est totalement fan de ce t\u00e9l\u00e9phone qui a r\u00e9volutionn\u00e9 le genre, voyons les nouveaut\u00e9s pour ce iPhone 2 qu\u2019on attendait tous : Affichage \u00c9cran [&hellip;]","og_url":"https:\/\/joyana.fr\/en\/iphone-3g-pour-certains-iphone-2-pour-dautres-by-apple\/101195\/","og_site_name":"JO YANA","article_published_time":"2008-06-10T20:40:21+00:00","og_image":[{"width":500,"height":468,"url":"https:\/\/www.joyana.fr\/wp-content\/uploads\/2010\/02\/wallpaper_iphone2.jpg","type":"image\/jpeg"}],"author":"Jo Yana","twitter_card":"summary_large_image","twitter_creator":"@Jo_Yana","twitter_site":"@Jo_Yana","twitter_misc":{"Written by":"Jo Yana","Est. reading time":"3 minutes"},"schema":{"@context":"https:\/\/schema.org","@graph":[{"@type":"Article","@id":"https:\/\/www.joyana.fr\/iphone-3g-pour-certains-iphone-2-pour-dautres-by-apple\/101195\/#article","isPartOf":{"@id":"https:\/\/www.joyana.fr\/iphone-3g-pour-certains-iphone-2-pour-dautres-by-apple\/101195\/"},"author":{"name":"Jo Yana","@id":"https:\/\/joyana.fr\/#\/schema\/person\/cf2a1ad12a27c12c21801075bf37407c"},"headline":"iPhone 3G pour certains, iPhone 2 pour d&#039;autres&#8230; by APPLE","datePublished":"2008-06-10T20:40:21+00:00","mainEntityOfPage":{"@id":"https:\/\/www.joyana.fr\/iphone-3g-pour-certains-iphone-2-pour-dautres-by-apple\/101195\/"},"wordCount":574,"commentCount":1,"publisher":{"@id":"https:\/\/joyana.fr\/#\/schema\/person\/cf2a1ad12a27c12c21801075bf37407c"},"image":{"@id":"https:\/\/www.joyana.fr\/iphone-3g-pour-certains-iphone-2-pour-dautres-by-apple\/101195\/#primaryimage"},"thumbnailUrl":"https:\/\/i0.wp.com\/joyana.fr\/wp-content\/uploads\/2010\/02\/wallpaper_iphone2.jpg?fit=500%2C468&ssl=1","keywords":["Blanc","iPod iPhone","Laqu\u00e9","Noir"],"articleSection":["DECO-DESIGN","High-Tech"],"inLanguage":"en-US","potentialAction":[{"@type":"CommentAction","name":"Comment","target":["https:\/\/www.joyana.fr\/iphone-3g-pour-certains-iphone-2-pour-dautres-by-apple\/101195\/#respond"]}]},{"@type":"WebPage","@id":"https:\/\/www.joyana.fr\/iphone-3g-pour-certains-iphone-2-pour-dautres-by-apple\/101195\/","url":"https:\/\/www.joyana.fr\/iphone-3g-pour-certains-iphone-2-pour-dautres-by-apple\/101195\/","name":"iPhone 3G pour certains, iPhone 2 pour d&#039;autres... by APPLE - JO YANA","isPartOf":{"@id":"https:\/\/joyana.fr\/#website"},"primaryImageOfPage":{"@id":"https:\/\/www.joyana.fr\/iphone-3g-pour-certains-iphone-2-pour-dautres-by-apple\/101195\/#primaryimage"},"image":{"@id":"https:\/\/www.joyana.fr\/iphone-3g-pour-certains-iphone-2-pour-dautres-by-apple\/101195\/#primaryimage"},"thumbnailUrl":"https:\/\/i0.wp.com\/joyana.fr\/wp-content\/uploads\/2010\/02\/wallpaper_iphone2.jpg?fit=500%2C468&ssl=1","datePublished":"2008-06-10T20:40:21+00:00","breadcrumb":{"@id":"https:\/\/www.joyana.fr\/iphone-3g-pour-certains-iphone-2-pour-dautres-by-apple\/101195\/#breadcrumb"},"inLanguage":"en-US","potentialAction":[{"@type":"ReadAction","target":["https:\/\/www.joyana.fr\/iphone-3g-pour-certains-iphone-2-pour-dautres-by-apple\/101195\/"]}]},{"@type":"ImageObject","inLanguage":"en-US","@id":"https:\/\/www.joyana.fr\/iphone-3g-pour-certains-iphone-2-pour-dautres-by-apple\/101195\/#primaryimage","url":"https:\/\/i0.wp.com\/joyana.fr\/wp-content\/uploads\/2010\/02\/wallpaper_iphone2.jpg?fit=500%2C468&ssl=1","contentUrl":"https:\/\/i0.wp.com\/joyana.fr\/wp-content\/uploads\/2010\/02\/wallpaper_iphone2.jpg?fit=500%2C468&ssl=1","width":500,"height":468},{"@type":"BreadcrumbList","@id":"https:\/\/www.joyana.fr\/iphone-3g-pour-certains-iphone-2-pour-dautres-by-apple\/101195\/#breadcrumb","itemListElement":[{"@type":"ListItem","position":1,"name":"Accueil","item":"https:\/\/joyana.fr\/"},{"@type":"ListItem","position":2,"name":"iPhone 3G pour certains, iPhone 2 pour d&#039;autres&#8230; by APPLE"}]},{"@type":"WebSite","@id":"https:\/\/joyana.fr\/#website","url":"https:\/\/joyana.fr\/","name":"JO YANA","description":"Blog Mode Homme, Lifestyle, D\u00e9co-Design","publisher":{"@id":"https:\/\/joyana.fr\/#\/schema\/person\/cf2a1ad12a27c12c21801075bf37407c"},"potentialAction":[{"@type":"SearchAction","target":{"@type":"EntryPoint","urlTemplate":"https:\/\/joyana.fr\/?s={search_term_string}"},"query-input":{"@type":"PropertyValueSpecification","valueRequired":true,"valueName":"search_term_string"}}],"inLanguage":"en-US"},{"@type":["Person","Organization"],"@id":"https:\/\/joyana.fr\/#\/schema\/person\/cf2a1ad12a27c12c21801075bf37407c","name":"Jo Yana","image":{"@type":"ImageObject","inLanguage":"en-US","@id":"https:\/\/joyana.fr\/#\/schema\/person\/image\/","url":"https:\/\/i0.wp.com\/joyana.fr\/wp-content\/uploads\/2016\/08\/cropped-joyana-logo-black-360x180.png?fit=343%2C164&ssl=1","contentUrl":"https:\/\/i0.wp.com\/joyana.fr\/wp-content\/uploads\/2016\/08\/cropped-joyana-logo-black-360x180.png?fit=343%2C164&ssl=1","width":343,"height":164,"caption":"Jo Yana"},"logo":{"@id":"https:\/\/joyana.fr\/#\/schema\/person\/image\/"},"description":"Jo Yana est le cr\u00e9ateur et r\u00e9dacteur en chef des sites DECO-DESIGN. Passionn\u00e9 de Design, Mode, Photo, Luxe, Lifestyle, Musique, mais avant tout Blogueur ! Le plaisir de partager l'anime et a comme devise \"POUR L'AMOUR DU BEAU\". Retrouvez le aussi sur son blog personnel - https:\/\/joyana.fr...","sameAs":["https:\/\/joyana.fr\/"],"url":"https:\/\/joyana.fr\/en\/author\/joyana\/"}]}},"author_meta":{"display_name":"Jo Yana","author_link":"https:\/\/joyana.fr\/en\/author\/joyana\/"},"featured_img":"https:\/\/i0.wp.com\/joyana.fr\/wp-content\/uploads\/2010\/02\/wallpaper_iphone2.jpg?fit=389%2C364&ssl=1","featured_image_src":"https:\/\/i0.wp.com\/joyana.fr\/wp-content\/uploads\/2010\/02\/wallpaper_iphone2.jpg?resize=500%2C400&ssl=1","featured_image_src_square":"https:\/\/i0.wp.com\/joyana.fr\/wp-content\/uploads\/2010\/02\/wallpaper_iphone2.jpg?resize=500%2C468&ssl=1","jetpack_featured_media_url":"https:\/\/i0.wp.com\/joyana.fr\/wp-content\/uploads\/2010\/02\/wallpaper_iphone2.jpg?fit=500%2C468&ssl=1","uagb_featured_image_src":{"full":["https:\/\/i0.wp.com\/joyana.fr\/wp-content\/uploads\/2010\/02\/wallpaper_iphone2.jpg?fit=500%2C468&ssl=1",500,468,false],"thumbnail":["https:\/\/i0.wp.com\/joyana.fr\/wp-content\/uploads\/2010\/02\/wallpaper_iphone2.jpg?resize=150%2C150&ssl=1",150,150,true],"medium":["https:\/\/i0.wp.com\/joyana.fr\/wp-content\/uploads\/2010\/02\/wallpaper_iphone2.jpg?fit=389%2C364&ssl=1",389,364,true],"medium_large":["https:\/\/i0.wp.com\/joyana.fr\/wp-content\/uploads\/2010\/02\/wallpaper_iphone2.jpg?fit=500%2C468&ssl=1",500,468,true],"large":["https:\/\/i0.wp.com\/joyana.fr\/wp-content\/uploads\/2010\/02\/wallpaper_iphone2.jpg?fit=500%2C468&ssl=1",500,468,true],"1536x1536":["https:\/\/i0.wp.com\/joyana.fr\/wp-content\/uploads\/2010\/02\/wallpaper_iphone2.jpg?fit=500%2C468&ssl=1",500,468,true],"2048x2048":["https:\/\/i0.wp.com\/joyana.fr\/wp-content\/uploads\/2010\/02\/wallpaper_iphone2.jpg?fit=500%2C468&ssl=1",500,468,true],"featured-thumb":["https:\/\/i0.wp.com\/joyana.fr\/wp-content\/uploads\/2010\/02\/wallpaper_iphone2.jpg?resize=500%2C468&ssl=1",500,468,true],"ab-block-post-grid-landscape":["https:\/\/i0.wp.com\/joyana.fr\/wp-content\/uploads\/2010\/02\/wallpaper_iphone2.jpg?resize=500%2C400&ssl=1",500,400,true],"ab-block-post-grid-square":["https:\/\/i0.wp.com\/joyana.fr\/wp-content\/uploads\/2010\/02\/wallpaper_iphone2.jpg?resize=500%2C468&ssl=1",500,468,true],"author-pro-image":["https:\/\/i0.wp.com\/joyana.fr\/wp-content\/uploads\/2010\/02\/wallpaper_iphone2.jpg?resize=360%2C468&ssl=1",360,468,true],"slider":["https:\/\/i0.wp.com\/joyana.fr\/wp-content\/uploads\/2010\/02\/wallpaper_iphone2.jpg?resize=500%2C400&ssl=1",500,400,true],"woocommerce_thumbnail":["https:\/\/i0.wp.com\/joyana.fr\/wp-content\/uploads\/2010\/02\/wallpaper_iphone2.jpg?resize=450%2C450&ssl=1",450,450,true],"woocommerce_single":["https:\/\/i0.wp.com\/joyana.fr\/wp-content\/uploads\/2010\/02\/wallpaper_iphone2.jpg?fit=500%2C468&ssl=1",500,468,true],"woocommerce_gallery_thumbnail":["https:\/\/i0.wp.com\/joyana.fr\/wp-content\/uploads\/2010\/02\/wallpaper_iphone2.jpg?resize=180%2C180&ssl=1",180,180,true],"sow-carousel-default":["https:\/\/i0.wp.com\/joyana.fr\/wp-content\/uploads\/2010\/02\/wallpaper_iphone2.jpg?resize=272%2C182&ssl=1",272,182,true]},"uagb_author_info":{"display_name":"Jo Yana","author_link":"https:\/\/joyana.fr\/en\/author\/joyana\/"},"uagb_comment_info":3,"uagb_excerpt":"Apple annonc\u00e9 hier, lors de leur c\u00e9l\u00e8bre Keynote l\u2019arriv\u00e9e du nouveau iPhone 2 ou 3G. Rendez vous dans la suite pour conna\u00eetre les caract\u00e9ristiques techniques du dernier &#8220;b\u00e9b\u00e9&#8221; d\u2019Apple&#8230; L\u2019\u00e9quipe D\u00e9co-Design est totalement fan de ce t\u00e9l\u00e9phone qui a r\u00e9volutionn\u00e9 le genre, voyons les nouveaut\u00e9s pour ce iPhone 2 qu\u2019on attendait tous : Affichage \u00c9cran&hellip;","coauthors":[],"tax_additional":{"categories":{"linked":["<a href=\"https:\/\/joyana.fr\/en\/category\/deco-design\/\" class=\"advgb-post-tax-term\">DECO-DESIGN<\/a>","<a href=\"https:\/\/joyana.fr\/en\/category\/deco-design\/actualite\/high-tech\/\" class=\"advgb-post-tax-term\">High-Tech<\/a>"],"unlinked":["<span class=\"advgb-post-tax-term\">DECO-DESIGN<\/span>","<span class=\"advgb-post-tax-term\">High-Tech<\/span>"]},"tags":{"linked":["<a href=\"https:\/\/joyana.fr\/en\/category\/deco-design\/actualite\/high-tech\/\" class=\"advgb-post-tax-term\">Blanc<\/a>","<a href=\"https:\/\/joyana.fr\/en\/category\/deco-design\/actualite\/high-tech\/\" class=\"advgb-post-tax-term\">iPod iPhone<\/a>","<a href=\"https:\/\/joyana.fr\/en\/category\/deco-design\/actualite\/high-tech\/\" class=\"advgb-post-tax-term\">Laqu\u00e9<\/a>","<a href=\"https:\/\/joyana.fr\/en\/category\/deco-design\/actualite\/high-tech\/\" class=\"advgb-post-tax-term\">Noir<\/a>"],"unlinked":["<span class=\"advgb-post-tax-term\">Blanc<\/span>","<span class=\"advgb-post-tax-term\">iPod iPhone<\/span>","<span class=\"advgb-post-tax-term\">Laqu\u00e9<\/span>","<span class=\"advgb-post-tax-term\">Noir<\/span>"]}},"comment_count":3,"relative_dates":{"created":"Posted 18 years ago","modified":"Updated 18 years ago"},"absolute_dates":{"created":"Posted on 10 June 2008","modified":"Updated on 10 June 2008"},"absolute_dates_time":{"created":"Posted on 10 June 2008 21:40","modified":"Updated on 10 June 2008 21:40"},"featured_img_caption":"","series_order":"","jetpack_sharing_enabled":true,"jetpack_shortlink":"https:\/\/wp.me\/p9bteI-qkb","jetpack-related-posts":[],"_links":{"self":[{"href":"https:\/\/joyana.fr\/en\/wp-json\/wp\/v2\/posts\/101195","targetHints":{"allow":["GET"]}}],"collection":[{"href":"https:\/\/joyana.fr\/en\/wp-json\/wp\/v2\/posts"}],"about":[{"href":"https:\/\/joyana.fr\/en\/wp-json\/wp\/v2\/types\/post"}],"author":[{"embeddable":true,"href":"https:\/\/joyana.fr\/en\/wp-json\/wp\/v2\/users\/3"}],"replies":[{"embeddable":true,"href":"https:\/\/joyana.fr\/en\/wp-json\/wp\/v2\/comments?post=101195"}],"version-history":[{"count":0,"href":"https:\/\/joyana.fr\/en\/wp-json\/wp\/v2\/posts\/101195\/revisions"}],"wp:featuredmedia":[{"embeddable":true,"href":"https:\/\/joyana.fr\/en\/wp-json\/wp\/v2\/media\/122131"}],"wp:attachment":[{"href":"https:\/\/joyana.fr\/en\/wp-json\/wp\/v2\/media?parent=101195"}],"wp:term":[{"taxonomy":"category","embeddable":true,"href":"https:\/\/joyana.fr\/en\/wp-json\/wp\/v2\/categories?post=101195"},{"taxonomy":"post_tag","embeddable":true,"href":"https:\/\/joyana.fr\/en\/wp-json\/wp\/v2\/tags?post=101195"}],"curies":[{"name":"wp","href":"https:\/\/api.w.org\/{rel}","templated":true}]}}