{"id":101472,"date":"2008-08-20T09:39:00","date_gmt":"2008-08-20T08:39:00","guid":{"rendered":"https:\/\/joyana.fr\/les-bains-des-docks-par-jean-nouvel-le-havre-france\/"},"modified":"2008-08-20T09:39:00","modified_gmt":"2008-08-20T08:39:00","slug":"les-bains-des-docks-par-jean-nouvel-le-havre-france","status":"publish","type":"post","link":"https:\/\/joyana.fr\/en\/les-bains-des-docks-par-jean-nouvel-le-havre-france\/101472\/","title":{"rendered":"Les Bains des Docks par Jean NOUVEL (Le Havre, France)"},"content":{"rendered":"<p>La belle ville du <strong>Havre<\/strong> a confi\u00e9 \u00e0 <strong>Jean Nouvel<\/strong> la conception du projet <strong>\u00ab <\/strong><strong>les bains des docks <\/strong><strong>\u00bb<\/strong> , cette nouvelle prouesse architecturale fait partie du plan de r\u00e9am\u00e9nagement du port&#8230;<\/p>\n<p><img data-recalc-dims=\"1\" fetchpriority=\"high\" decoding=\"async\" src=\"https:\/\/i0.wp.com\/joyana.fr\/wp-content\/uploads\/jean-nouvel-bains-2.jpg?resize=500%2C280&#038;ssl=1\" alt=\"Les Bains des Docks par Jean NOUVEL (Le Havre, France)\" align=\"top\" border=\"0\" height=\"280\" hspace=\"8\" width=\"500\" \/><\/p>\n<p><img data-recalc-dims=\"1\" decoding=\"async\" src=\"https:\/\/i0.wp.com\/joyana.fr\/wp-content\/uploads\/jean-nouvel-bains-des-dock.jpg?resize=500%2C333&#038;ssl=1\" alt=\"Les Bains des Docks par Jean NOUVEL (Le Havre, France)\" align=\"top\" border=\"0\" height=\"333\" hspace=\"8\" width=\"500\" \/><\/p>\n<p>Du blanc, du blanc mais pas que du blanc&#8230; <strong>Jean Nouvel<\/strong> s\u2019est inspir\u00e9 de la \u00ab z\u00e9nitude \u00bb des thermes romains et a cr\u00e9\u00e9 une ambiance apaisante gr\u00e2ce \u00e0 ces blocs blancs taill\u00e9s dans la masse. Mais l\u2019architecte r\u00e9serve son lot de surprises aux visiteurs comme cette alc\u00f4ve toute en couleurs.<\/p>\n<p><img data-recalc-dims=\"1\" decoding=\"async\" src=\"https:\/\/i0.wp.com\/joyana.fr\/wp-content\/uploads\/jean-nouvel-bains-51.jpg?resize=500%2C401&#038;ssl=1\" alt=\"Les Bains des Docks par Jean NOUVEL (Le Havre, France)\" align=\"top\" border=\"0\" height=\"401\" hspace=\"8\" width=\"500\" \/><\/p>\n<p><img data-recalc-dims=\"1\" loading=\"lazy\" decoding=\"async\" src=\"https:\/\/i0.wp.com\/joyana.fr\/wp-content\/uploads\/jean-nouvel-bains-6.jpg?resize=500%2C386&#038;ssl=1\" alt=\"Les Bains des Docks par Jean NOUVEL (Le Havre, France)\" align=\"top\" border=\"0\" height=\"386\" hspace=\"8\" width=\"500\" \/><\/p>\n<p><strong>\u00ab Les bains des docks \u00bb<\/strong> se r\u00e9v\u00e8le \u00eatre un complexe aquatique grandiose qui comprend un bassin sportif ext\u00e9rieur chauff\u00e9 de 8 couloirs avec une profondeur de 1,80 m, un bassin int\u00e9rieur &#8211; ext\u00e9rieur (couvert suivant la saison) de 286 m\u00b2 d\u2019une profondeur de 1,20 m et un bassin ludique int\u00e9rieur de 117 m\u00b2 avec de nombeuses d\u2019activit\u00e9s pour les enfants. Le tout sur plusieurs niveaux.<\/p>\n<p><img data-recalc-dims=\"1\" loading=\"lazy\" decoding=\"async\" src=\"https:\/\/i0.wp.com\/joyana.fr\/wp-content\/uploads\/jean-nouvel-bains-4.jpg?resize=500%2C318&#038;ssl=1\" alt=\"Les Bains des Docks par Jean NOUVEL (Le Havre, France)\" align=\"top\" border=\"0\" height=\"318\" hspace=\"8\" width=\"500\" \/><\/p>\n<p>Marre de la piscine ? Venez vous d\u00e9tendre dans le sauna, le hammam et les douches&#8230;<strong><br \/>\nJean Nouvel<\/strong> nous la joue grand luxe !<\/p>\n<p><img data-recalc-dims=\"1\" loading=\"lazy\" decoding=\"async\" src=\"https:\/\/i0.wp.com\/joyana.fr\/wp-content\/uploads\/jean-nouvel-bains-3.jpg?resize=500%2C335&#038;ssl=1\" alt=\"Les Bains des Docks par Jean NOUVEL (Le Havre, France)\" align=\"top\" border=\"0\" height=\"335\" hspace=\"8\" width=\"500\" \/><\/p>\n<p><strong>Les bains des docks<\/strong> ont co\u00fbt\u00e9 la somme rondelette de 20 millions d\u2019euros, mais le r\u00e9sultat est \u00e0 la hauteur des attentes de la ville du <strong>Havre<\/strong> avec une architecture innovante et des bassins de qualit\u00e9.<\/p>\n<p><a href=\"http:\/\/www.jeannouvel.fr\/\"><strong>http:\/\/www.jeannouvel.fr\/<\/strong><\/a><\/p>\n<p>cr\u00e9dits photos : <a href=\"http:\/\/www.flickr.com\/photos\/clementguillaume\/sets\/72157606331384720\/\" target=\"_blank\">Cl\u00e9ment Guillaume<\/a><\/p>\n<p><a href=\"http:\/\/www.designboom.com\/\" target=\"_blank\">source<\/a><\/p>\n<p>&#8212;&#8212;&#8212;&#8212;&#8212;<\/p>\n<p><a href=\"http:\/\/jo_yana@hotmail.com\" target=\"_blank\">Jo Yana<\/a><\/p>\n","protected":false},"excerpt":{"rendered":"<p>La belle ville du Havre a confi\u00e9 \u00e0 Jean Nouvel la conception du projet \u00ab les bains des docks \u00bb , cette nouvelle prouesse architecturale fait partie du plan de r\u00e9am\u00e9nagement du port&#8230; Du blanc, du blanc mais pas que du blanc&#8230; Jean Nouvel s\u2019est inspir\u00e9 de la \u00ab z\u00e9nitude \u00bb des thermes romains et [&hellip;]<\/p>\n","protected":false},"author":3,"featured_media":124300,"comment_status":"open","ping_status":"open","sticky":false,"template":"","format":"standard","meta":{"_coblocks_attr":"","_coblocks_dimensions":"","_coblocks_responsive_height":"","_coblocks_accordion_ie_support":"","_uag_custom_page_level_css":"","advgb_blocks_editor_width":"","advgb_blocks_columns_visual_guide":"","_genesis_hide_title":false,"_genesis_hide_breadcrumbs":false,"_genesis_hide_singular_image":false,"_genesis_hide_footer_widgets":false,"_genesis_custom_body_class":"","_genesis_custom_post_class":"","_genesis_layout":"","_themeisle_gutenberg_block_has_review":false,"_jetpack_newsletter_access":"","_jetpack_dont_email_post_to_subs":false,"_jetpack_newsletter_tier_id":0,"_jetpack_memberships_contains_paywalled_content":false,"_jetpack_memberships_contains_paid_content":false,"footnotes":""},"categories":[71,905,921],"tags":[919,908],"class_list":{"0":"post-101472","1":"post","2":"type-post","3":"status-publish","4":"format-standard","5":"has-post-thumbnail","7":"category-architecture","8":"category-deco-design","9":"category-lieux-design","10":"tag-architecte","11":"tag-blanc","12":"entry"},"featured_image_urls":{"full":["https:\/\/i0.wp.com\/joyana.fr\/wp-content\/uploads\/2016\/08\/joyana-logo-black-360x180.png?fit=360%2C180&ssl=1",360,180,false],"thumbnail":["https:\/\/i0.wp.com\/joyana.fr\/wp-content\/uploads\/2016\/08\/joyana-logo-black-360x180.png?resize=150%2C150&ssl=1",150,150,true],"medium":["https:\/\/i0.wp.com\/joyana.fr\/wp-content\/uploads\/2016\/08\/joyana-logo-black-360x180.png?fit=360%2C180&ssl=1",360,180,true],"medium_large":["https:\/\/i0.wp.com\/joyana.fr\/wp-content\/uploads\/2016\/08\/joyana-logo-black-360x180.png?fit=360%2C180&ssl=1",360,180,true],"large":["https:\/\/i0.wp.com\/joyana.fr\/wp-content\/uploads\/2016\/08\/joyana-logo-black-360x180.png?fit=360%2C180&ssl=1",360,180,true],"1536x1536":["https:\/\/i0.wp.com\/joyana.fr\/wp-content\/uploads\/2016\/08\/joyana-logo-black-360x180.png?fit=360%2C180&ssl=1",360,180,true],"2048x2048":["https:\/\/i0.wp.com\/joyana.fr\/wp-content\/uploads\/2016\/08\/joyana-logo-black-360x180.png?fit=360%2C180&ssl=1",360,180,true],"featured-thumb":["https:\/\/i0.wp.com\/joyana.fr\/wp-content\/uploads\/2016\/08\/joyana-logo-black-360x180.png?resize=360%2C180&ssl=1",360,180,true],"ab-block-post-grid-landscape":["https:\/\/i0.wp.com\/joyana.fr\/wp-content\/uploads\/2016\/08\/joyana-logo-black-360x180.png?resize=360%2C180&ssl=1",360,180,true],"ab-block-post-grid-square":["https:\/\/i0.wp.com\/joyana.fr\/wp-content\/uploads\/2016\/08\/joyana-logo-black-360x180.png?resize=360%2C180&ssl=1",360,180,true],"author-pro-image":["https:\/\/i0.wp.com\/joyana.fr\/wp-content\/uploads\/2016\/08\/joyana-logo-black-360x180.png?resize=360%2C180&ssl=1",360,180,true],"slider":["https:\/\/i0.wp.com\/joyana.fr\/wp-content\/uploads\/2016\/08\/joyana-logo-black-360x180.png?resize=360%2C180&ssl=1",360,180,true],"woocommerce_thumbnail":["https:\/\/i0.wp.com\/joyana.fr\/wp-content\/uploads\/2016\/08\/joyana-logo-black-360x180.png?resize=300%2C180&ssl=1",300,180,true],"woocommerce_single":["https:\/\/i0.wp.com\/joyana.fr\/wp-content\/uploads\/2016\/08\/joyana-logo-black-360x180.png?fit=360%2C180&ssl=1",360,180,true],"woocommerce_gallery_thumbnail":["https:\/\/i0.wp.com\/joyana.fr\/wp-content\/uploads\/2016\/08\/joyana-logo-black-360x180.png?resize=180%2C180&ssl=1",180,180,true],"sow-carousel-default":["https:\/\/i0.wp.com\/joyana.fr\/wp-content\/uploads\/2016\/08\/joyana-logo-black-360x180.png?resize=272%2C180&ssl=1",272,180,true]},"post_excerpt_stackable":"<p>La belle ville du Havre a confi\u00e9 \u00e0 Jean Nouvel la conception du projet \u00ab les bains des docks \u00bb , cette nouvelle prouesse architecturale fait partie du plan de r\u00e9am\u00e9nagement du port&#8230; Du blanc, du blanc mais pas que du blanc&#8230; Jean Nouvel s\u2019est inspir\u00e9 de la \u00ab z\u00e9nitude \u00bb des thermes romains et a cr\u00e9\u00e9 une ambiance apaisante gr\u00e2ce \u00e0 ces blocs blancs taill\u00e9s dans la masse. Mais l\u2019architecte r\u00e9serve son lot de surprises aux visiteurs comme cette alc\u00f4ve toute en couleurs. \u00ab Les bains des docks \u00bb se r\u00e9v\u00e8le \u00eatre un complexe aquatique grandiose qui comprend un&hellip;<\/p>\n","category_list":"<a href=\"https:\/\/joyana.fr\/en\/category\/portfolio\/architecture\/\" rel=\"category tag\">ARCHITECTURE<\/a>, <a href=\"https:\/\/joyana.fr\/en\/category\/deco-design\/\" rel=\"category tag\">DECO-DESIGN<\/a>, <a href=\"https:\/\/joyana.fr\/en\/category\/deco-design\/architecture-deco-design\/lieux-design\/\" rel=\"category tag\">Lieux<\/a>","author_info":{"display_name":"Jo Yana","author_link":"https:\/\/joyana.fr\/en\/author\/joyana\/"},"comments_num":"4 comments","featured_image_urls_v2":{"full":["https:\/\/i0.wp.com\/joyana.fr\/wp-content\/uploads\/2016\/08\/joyana-logo-black-360x180.png?fit=360%2C180&ssl=1",360,180,false],"thumbnail":["https:\/\/i0.wp.com\/joyana.fr\/wp-content\/uploads\/2016\/08\/joyana-logo-black-360x180.png?resize=150%2C150&ssl=1",150,150,true],"medium":["https:\/\/i0.wp.com\/joyana.fr\/wp-content\/uploads\/2016\/08\/joyana-logo-black-360x180.png?fit=360%2C180&ssl=1",360,180,true],"medium_large":["https:\/\/i0.wp.com\/joyana.fr\/wp-content\/uploads\/2016\/08\/joyana-logo-black-360x180.png?fit=360%2C180&ssl=1",360,180,true],"large":["https:\/\/i0.wp.com\/joyana.fr\/wp-content\/uploads\/2016\/08\/joyana-logo-black-360x180.png?fit=360%2C180&ssl=1",360,180,true],"1536x1536":["https:\/\/i0.wp.com\/joyana.fr\/wp-content\/uploads\/2016\/08\/joyana-logo-black-360x180.png?fit=360%2C180&ssl=1",360,180,true],"2048x2048":["https:\/\/i0.wp.com\/joyana.fr\/wp-content\/uploads\/2016\/08\/joyana-logo-black-360x180.png?fit=360%2C180&ssl=1",360,180,true],"featured-thumb":["https:\/\/i0.wp.com\/joyana.fr\/wp-content\/uploads\/2016\/08\/joyana-logo-black-360x180.png?resize=360%2C180&ssl=1",360,180,true],"ab-block-post-grid-landscape":["https:\/\/i0.wp.com\/joyana.fr\/wp-content\/uploads\/2016\/08\/joyana-logo-black-360x180.png?resize=360%2C180&ssl=1",360,180,true],"ab-block-post-grid-square":["https:\/\/i0.wp.com\/joyana.fr\/wp-content\/uploads\/2016\/08\/joyana-logo-black-360x180.png?resize=360%2C180&ssl=1",360,180,true],"author-pro-image":["https:\/\/i0.wp.com\/joyana.fr\/wp-content\/uploads\/2016\/08\/joyana-logo-black-360x180.png?resize=360%2C180&ssl=1",360,180,true],"slider":["https:\/\/i0.wp.com\/joyana.fr\/wp-content\/uploads\/2016\/08\/joyana-logo-black-360x180.png?resize=360%2C180&ssl=1",360,180,true],"woocommerce_thumbnail":["https:\/\/i0.wp.com\/joyana.fr\/wp-content\/uploads\/2016\/08\/joyana-logo-black-360x180.png?resize=300%2C180&ssl=1",300,180,true],"woocommerce_single":["https:\/\/i0.wp.com\/joyana.fr\/wp-content\/uploads\/2016\/08\/joyana-logo-black-360x180.png?fit=360%2C180&ssl=1",360,180,true],"woocommerce_gallery_thumbnail":["https:\/\/i0.wp.com\/joyana.fr\/wp-content\/uploads\/2016\/08\/joyana-logo-black-360x180.png?resize=180%2C180&ssl=1",180,180,true],"sow-carousel-default":["https:\/\/i0.wp.com\/joyana.fr\/wp-content\/uploads\/2016\/08\/joyana-logo-black-360x180.png?resize=272%2C180&ssl=1",272,180,true]},"post_excerpt_stackable_v2":"<p>La belle ville du Havre a confi\u00e9 \u00e0 Jean Nouvel la conception du projet \u00ab les bains des docks \u00bb , cette nouvelle prouesse architecturale fait partie du plan de r\u00e9am\u00e9nagement du port&#8230; Du blanc, du blanc mais pas que du blanc&#8230; Jean Nouvel s\u2019est inspir\u00e9 de la \u00ab z\u00e9nitude \u00bb des thermes romains et a cr\u00e9\u00e9 une ambiance apaisante gr\u00e2ce \u00e0 ces blocs blancs taill\u00e9s dans la masse. Mais l\u2019architecte r\u00e9serve son lot de surprises aux visiteurs comme cette alc\u00f4ve toute en couleurs. \u00ab Les bains des docks \u00bb se r\u00e9v\u00e8le \u00eatre un complexe aquatique grandiose qui comprend un&hellip;<\/p>\n","category_list_v2":"<a href=\"https:\/\/joyana.fr\/en\/category\/portfolio\/architecture\/\" rel=\"category tag\">ARCHITECTURE<\/a>, <a href=\"https:\/\/joyana.fr\/en\/category\/deco-design\/\" rel=\"category tag\">DECO-DESIGN<\/a>, <a href=\"https:\/\/joyana.fr\/en\/category\/deco-design\/architecture-deco-design\/lieux-design\/\" rel=\"category tag\">Lieux<\/a>","author_info_v2":{"name":"Jo Yana","url":"https:\/\/joyana.fr\/en\/author\/joyana\/"},"comments_num_v2":"4 comments","yoast_head":"<!-- This site is optimized with the Yoast SEO plugin v26.8 - https:\/\/yoast.com\/product\/yoast-seo-wordpress\/ -->\n<title>Les Bains des Docks par Jean NOUVEL (Le Havre, France) - JO YANA<\/title>\n<meta name=\"robots\" content=\"index, follow, max-snippet:-1, max-image-preview:large, max-video-preview:-1\" \/>\n<link rel=\"canonical\" href=\"https:\/\/joyana.fr\/en\/les-bains-des-docks-par-jean-nouvel-le-havre-france\/101472\/\" \/>\n<meta property=\"og:locale\" content=\"en_US\" \/>\n<meta property=\"og:locale:alternate\" content=\"fr_FR\" \/>\n<meta property=\"og:locale:alternate\" content=\"ja\" \/>\n<meta property=\"og:type\" content=\"article\" \/>\n<meta property=\"og:title\" content=\"Les Bains des Docks par Jean NOUVEL (Le Havre, France) - JO YANA\" \/>\n<meta property=\"og:description\" content=\"La belle ville du Havre a confi\u00e9 \u00e0 Jean Nouvel la conception du projet \u00ab les bains des docks \u00bb , cette nouvelle prouesse architecturale fait partie du plan de r\u00e9am\u00e9nagement du port&#8230; Du blanc, du blanc mais pas que du blanc&#8230; Jean Nouvel s\u2019est inspir\u00e9 de la \u00ab z\u00e9nitude \u00bb des thermes romains et [&hellip;]\" \/>\n<meta property=\"og:url\" content=\"https:\/\/joyana.fr\/en\/les-bains-des-docks-par-jean-nouvel-le-havre-france\/101472\/\" \/>\n<meta property=\"og:site_name\" content=\"JO YANA\" \/>\n<meta property=\"article:published_time\" content=\"2008-08-20T08:39:00+00:00\" \/>\n<meta property=\"og:image\" content=\"https:\/\/joyana.fr\/wp-content\/uploads\/2016\/08\/joyana-logo-black-360x180.png\" \/>\n\t<meta property=\"og:image:width\" content=\"360\" \/>\n\t<meta property=\"og:image:height\" content=\"180\" \/>\n\t<meta property=\"og:image:type\" content=\"image\/png\" \/>\n<meta name=\"author\" content=\"Jo Yana\" \/>\n<meta name=\"twitter:card\" content=\"summary_large_image\" \/>\n<meta name=\"twitter:creator\" content=\"@Jo_Yana\" \/>\n<meta name=\"twitter:site\" content=\"@Jo_Yana\" \/>\n<meta name=\"twitter:label1\" content=\"Written by\" \/>\n\t<meta name=\"twitter:data1\" content=\"Jo Yana\" \/>\n\t<meta name=\"twitter:label2\" content=\"Est. reading time\" \/>\n\t<meta name=\"twitter:data2\" content=\"1 minute\" \/>\n<script type=\"application\/ld+json\" class=\"yoast-schema-graph\">{\"@context\":\"https:\/\/schema.org\",\"@graph\":[{\"@type\":\"Article\",\"@id\":\"https:\/\/joyana.fr\/les-bains-des-docks-par-jean-nouvel-le-havre-france\/101472\/#article\",\"isPartOf\":{\"@id\":\"https:\/\/joyana.fr\/les-bains-des-docks-par-jean-nouvel-le-havre-france\/101472\/\"},\"author\":{\"name\":\"Jo Yana\",\"@id\":\"https:\/\/joyana.fr\/#\/schema\/person\/cf2a1ad12a27c12c21801075bf37407c\"},\"headline\":\"Les Bains des Docks par Jean NOUVEL (Le Havre, France)\",\"datePublished\":\"2008-08-20T08:39:00+00:00\",\"mainEntityOfPage\":{\"@id\":\"https:\/\/joyana.fr\/les-bains-des-docks-par-jean-nouvel-le-havre-france\/101472\/\"},\"wordCount\":238,\"commentCount\":4,\"publisher\":{\"@id\":\"https:\/\/joyana.fr\/#\/schema\/person\/cf2a1ad12a27c12c21801075bf37407c\"},\"image\":{\"@id\":\"https:\/\/joyana.fr\/les-bains-des-docks-par-jean-nouvel-le-havre-france\/101472\/#primaryimage\"},\"thumbnailUrl\":\"https:\/\/i0.wp.com\/joyana.fr\/wp-content\/uploads\/2016\/08\/joyana-logo-black-360x180.png?fit=360%2C180&ssl=1\",\"keywords\":[\"Architecte\",\"Blanc\"],\"articleSection\":[\"ARCHITECTURE\",\"DECO-DESIGN\",\"Lieux\"],\"inLanguage\":\"en-US\",\"potentialAction\":[{\"@type\":\"CommentAction\",\"name\":\"Comment\",\"target\":[\"https:\/\/joyana.fr\/les-bains-des-docks-par-jean-nouvel-le-havre-france\/101472\/#respond\"]}]},{\"@type\":\"WebPage\",\"@id\":\"https:\/\/joyana.fr\/les-bains-des-docks-par-jean-nouvel-le-havre-france\/101472\/\",\"url\":\"https:\/\/joyana.fr\/les-bains-des-docks-par-jean-nouvel-le-havre-france\/101472\/\",\"name\":\"Les Bains des Docks par Jean NOUVEL (Le Havre, France) - JO YANA\",\"isPartOf\":{\"@id\":\"https:\/\/joyana.fr\/#website\"},\"primaryImageOfPage\":{\"@id\":\"https:\/\/joyana.fr\/les-bains-des-docks-par-jean-nouvel-le-havre-france\/101472\/#primaryimage\"},\"image\":{\"@id\":\"https:\/\/joyana.fr\/les-bains-des-docks-par-jean-nouvel-le-havre-france\/101472\/#primaryimage\"},\"thumbnailUrl\":\"https:\/\/i0.wp.com\/joyana.fr\/wp-content\/uploads\/2016\/08\/joyana-logo-black-360x180.png?fit=360%2C180&ssl=1\",\"datePublished\":\"2008-08-20T08:39:00+00:00\",\"breadcrumb\":{\"@id\":\"https:\/\/joyana.fr\/les-bains-des-docks-par-jean-nouvel-le-havre-france\/101472\/#breadcrumb\"},\"inLanguage\":\"en-US\",\"potentialAction\":[{\"@type\":\"ReadAction\",\"target\":[\"https:\/\/joyana.fr\/les-bains-des-docks-par-jean-nouvel-le-havre-france\/101472\/\"]}]},{\"@type\":\"ImageObject\",\"inLanguage\":\"en-US\",\"@id\":\"https:\/\/joyana.fr\/les-bains-des-docks-par-jean-nouvel-le-havre-france\/101472\/#primaryimage\",\"url\":\"https:\/\/i0.wp.com\/joyana.fr\/wp-content\/uploads\/2016\/08\/joyana-logo-black-360x180.png?fit=360%2C180&ssl=1\",\"contentUrl\":\"https:\/\/i0.wp.com\/joyana.fr\/wp-content\/uploads\/2016\/08\/joyana-logo-black-360x180.png?fit=360%2C180&ssl=1\",\"width\":360,\"height\":180,\"caption\":\"logo joyana.fr\"},{\"@type\":\"BreadcrumbList\",\"@id\":\"https:\/\/joyana.fr\/les-bains-des-docks-par-jean-nouvel-le-havre-france\/101472\/#breadcrumb\",\"itemListElement\":[{\"@type\":\"ListItem\",\"position\":1,\"name\":\"Accueil\",\"item\":\"https:\/\/joyana.fr\/\"},{\"@type\":\"ListItem\",\"position\":2,\"name\":\"Les Bains des Docks par Jean NOUVEL (Le Havre, France)\"}]},{\"@type\":\"WebSite\",\"@id\":\"https:\/\/joyana.fr\/#website\",\"url\":\"https:\/\/joyana.fr\/\",\"name\":\"JO YANA\",\"description\":\"Blog Mode Homme, Lifestyle, D\u00e9co-Design\",\"publisher\":{\"@id\":\"https:\/\/joyana.fr\/#\/schema\/person\/cf2a1ad12a27c12c21801075bf37407c\"},\"potentialAction\":[{\"@type\":\"SearchAction\",\"target\":{\"@type\":\"EntryPoint\",\"urlTemplate\":\"https:\/\/joyana.fr\/?s={search_term_string}\"},\"query-input\":{\"@type\":\"PropertyValueSpecification\",\"valueRequired\":true,\"valueName\":\"search_term_string\"}}],\"inLanguage\":\"en-US\"},{\"@type\":[\"Person\",\"Organization\"],\"@id\":\"https:\/\/joyana.fr\/#\/schema\/person\/cf2a1ad12a27c12c21801075bf37407c\",\"name\":\"Jo Yana\",\"image\":{\"@type\":\"ImageObject\",\"inLanguage\":\"en-US\",\"@id\":\"https:\/\/joyana.fr\/#\/schema\/person\/image\/\",\"url\":\"https:\/\/i0.wp.com\/joyana.fr\/wp-content\/uploads\/2016\/08\/cropped-joyana-logo-black-360x180.png?fit=343%2C164&ssl=1\",\"contentUrl\":\"https:\/\/i0.wp.com\/joyana.fr\/wp-content\/uploads\/2016\/08\/cropped-joyana-logo-black-360x180.png?fit=343%2C164&ssl=1\",\"width\":343,\"height\":164,\"caption\":\"Jo Yana\"},\"logo\":{\"@id\":\"https:\/\/joyana.fr\/#\/schema\/person\/image\/\"},\"description\":\"Jo Yana est le cr\u00e9ateur et r\u00e9dacteur en chef des sites DECO-DESIGN. Passionn\u00e9 de Design, Mode, Photo, Luxe, Lifestyle, Musique, mais avant tout Blogueur ! Le plaisir de partager l'anime et a comme devise \\\"POUR L'AMOUR DU BEAU\\\". Retrouvez le aussi sur son blog personnel - https:\/\/joyana.fr...\",\"sameAs\":[\"https:\/\/joyana.fr\/\"],\"url\":\"https:\/\/joyana.fr\/en\/author\/joyana\/\"}]}<\/script>\n<!-- \/ Yoast SEO plugin. -->","yoast_head_json":{"title":"Les Bains des Docks par Jean NOUVEL (Le Havre, France) - JO YANA","robots":{"index":"index","follow":"follow","max-snippet":"max-snippet:-1","max-image-preview":"max-image-preview:large","max-video-preview":"max-video-preview:-1"},"canonical":"https:\/\/joyana.fr\/en\/les-bains-des-docks-par-jean-nouvel-le-havre-france\/101472\/","og_locale":"en_US","og_type":"article","og_title":"Les Bains des Docks par Jean NOUVEL (Le Havre, France) - JO YANA","og_description":"La belle ville du Havre a confi\u00e9 \u00e0 Jean Nouvel la conception du projet \u00ab les bains des docks \u00bb , cette nouvelle prouesse architecturale fait partie du plan de r\u00e9am\u00e9nagement du port&#8230; Du blanc, du blanc mais pas que du blanc&#8230; Jean Nouvel s\u2019est inspir\u00e9 de la \u00ab z\u00e9nitude \u00bb des thermes romains et [&hellip;]","og_url":"https:\/\/joyana.fr\/en\/les-bains-des-docks-par-jean-nouvel-le-havre-france\/101472\/","og_site_name":"JO YANA","article_published_time":"2008-08-20T08:39:00+00:00","og_image":[{"width":360,"height":180,"url":"https:\/\/joyana.fr\/wp-content\/uploads\/2016\/08\/joyana-logo-black-360x180.png","type":"image\/png"}],"author":"Jo Yana","twitter_card":"summary_large_image","twitter_creator":"@Jo_Yana","twitter_site":"@Jo_Yana","twitter_misc":{"Written by":"Jo Yana","Est. reading time":"1 minute"},"schema":{"@context":"https:\/\/schema.org","@graph":[{"@type":"Article","@id":"https:\/\/joyana.fr\/les-bains-des-docks-par-jean-nouvel-le-havre-france\/101472\/#article","isPartOf":{"@id":"https:\/\/joyana.fr\/les-bains-des-docks-par-jean-nouvel-le-havre-france\/101472\/"},"author":{"name":"Jo Yana","@id":"https:\/\/joyana.fr\/#\/schema\/person\/cf2a1ad12a27c12c21801075bf37407c"},"headline":"Les Bains des Docks par Jean NOUVEL (Le Havre, France)","datePublished":"2008-08-20T08:39:00+00:00","mainEntityOfPage":{"@id":"https:\/\/joyana.fr\/les-bains-des-docks-par-jean-nouvel-le-havre-france\/101472\/"},"wordCount":238,"commentCount":4,"publisher":{"@id":"https:\/\/joyana.fr\/#\/schema\/person\/cf2a1ad12a27c12c21801075bf37407c"},"image":{"@id":"https:\/\/joyana.fr\/les-bains-des-docks-par-jean-nouvel-le-havre-france\/101472\/#primaryimage"},"thumbnailUrl":"https:\/\/i0.wp.com\/joyana.fr\/wp-content\/uploads\/2016\/08\/joyana-logo-black-360x180.png?fit=360%2C180&ssl=1","keywords":["Architecte","Blanc"],"articleSection":["ARCHITECTURE","DECO-DESIGN","Lieux"],"inLanguage":"en-US","potentialAction":[{"@type":"CommentAction","name":"Comment","target":["https:\/\/joyana.fr\/les-bains-des-docks-par-jean-nouvel-le-havre-france\/101472\/#respond"]}]},{"@type":"WebPage","@id":"https:\/\/joyana.fr\/les-bains-des-docks-par-jean-nouvel-le-havre-france\/101472\/","url":"https:\/\/joyana.fr\/les-bains-des-docks-par-jean-nouvel-le-havre-france\/101472\/","name":"Les Bains des Docks par Jean NOUVEL (Le Havre, France) - JO YANA","isPartOf":{"@id":"https:\/\/joyana.fr\/#website"},"primaryImageOfPage":{"@id":"https:\/\/joyana.fr\/les-bains-des-docks-par-jean-nouvel-le-havre-france\/101472\/#primaryimage"},"image":{"@id":"https:\/\/joyana.fr\/les-bains-des-docks-par-jean-nouvel-le-havre-france\/101472\/#primaryimage"},"thumbnailUrl":"https:\/\/i0.wp.com\/joyana.fr\/wp-content\/uploads\/2016\/08\/joyana-logo-black-360x180.png?fit=360%2C180&ssl=1","datePublished":"2008-08-20T08:39:00+00:00","breadcrumb":{"@id":"https:\/\/joyana.fr\/les-bains-des-docks-par-jean-nouvel-le-havre-france\/101472\/#breadcrumb"},"inLanguage":"en-US","potentialAction":[{"@type":"ReadAction","target":["https:\/\/joyana.fr\/les-bains-des-docks-par-jean-nouvel-le-havre-france\/101472\/"]}]},{"@type":"ImageObject","inLanguage":"en-US","@id":"https:\/\/joyana.fr\/les-bains-des-docks-par-jean-nouvel-le-havre-france\/101472\/#primaryimage","url":"https:\/\/i0.wp.com\/joyana.fr\/wp-content\/uploads\/2016\/08\/joyana-logo-black-360x180.png?fit=360%2C180&ssl=1","contentUrl":"https:\/\/i0.wp.com\/joyana.fr\/wp-content\/uploads\/2016\/08\/joyana-logo-black-360x180.png?fit=360%2C180&ssl=1","width":360,"height":180,"caption":"logo joyana.fr"},{"@type":"BreadcrumbList","@id":"https:\/\/joyana.fr\/les-bains-des-docks-par-jean-nouvel-le-havre-france\/101472\/#breadcrumb","itemListElement":[{"@type":"ListItem","position":1,"name":"Accueil","item":"https:\/\/joyana.fr\/"},{"@type":"ListItem","position":2,"name":"Les Bains des Docks par Jean NOUVEL (Le Havre, France)"}]},{"@type":"WebSite","@id":"https:\/\/joyana.fr\/#website","url":"https:\/\/joyana.fr\/","name":"JO YANA","description":"Blog Mode Homme, Lifestyle, D\u00e9co-Design","publisher":{"@id":"https:\/\/joyana.fr\/#\/schema\/person\/cf2a1ad12a27c12c21801075bf37407c"},"potentialAction":[{"@type":"SearchAction","target":{"@type":"EntryPoint","urlTemplate":"https:\/\/joyana.fr\/?s={search_term_string}"},"query-input":{"@type":"PropertyValueSpecification","valueRequired":true,"valueName":"search_term_string"}}],"inLanguage":"en-US"},{"@type":["Person","Organization"],"@id":"https:\/\/joyana.fr\/#\/schema\/person\/cf2a1ad12a27c12c21801075bf37407c","name":"Jo Yana","image":{"@type":"ImageObject","inLanguage":"en-US","@id":"https:\/\/joyana.fr\/#\/schema\/person\/image\/","url":"https:\/\/i0.wp.com\/joyana.fr\/wp-content\/uploads\/2016\/08\/cropped-joyana-logo-black-360x180.png?fit=343%2C164&ssl=1","contentUrl":"https:\/\/i0.wp.com\/joyana.fr\/wp-content\/uploads\/2016\/08\/cropped-joyana-logo-black-360x180.png?fit=343%2C164&ssl=1","width":343,"height":164,"caption":"Jo Yana"},"logo":{"@id":"https:\/\/joyana.fr\/#\/schema\/person\/image\/"},"description":"Jo Yana est le cr\u00e9ateur et r\u00e9dacteur en chef des sites DECO-DESIGN. Passionn\u00e9 de Design, Mode, Photo, Luxe, Lifestyle, Musique, mais avant tout Blogueur ! Le plaisir de partager l'anime et a comme devise \"POUR L'AMOUR DU BEAU\". Retrouvez le aussi sur son blog personnel - https:\/\/joyana.fr...","sameAs":["https:\/\/joyana.fr\/"],"url":"https:\/\/joyana.fr\/en\/author\/joyana\/"}]}},"author_meta":{"display_name":"Jo Yana","author_link":"https:\/\/joyana.fr\/en\/author\/joyana\/"},"featured_img":"https:\/\/i0.wp.com\/joyana.fr\/wp-content\/uploads\/2016\/08\/joyana-logo-black-360x180.png?fit=360%2C180&ssl=1","featured_image_src":"https:\/\/i0.wp.com\/joyana.fr\/wp-content\/uploads\/2016\/08\/joyana-logo-black-360x180.png?resize=360%2C180&ssl=1","featured_image_src_square":"https:\/\/i0.wp.com\/joyana.fr\/wp-content\/uploads\/2016\/08\/joyana-logo-black-360x180.png?resize=360%2C180&ssl=1","jetpack_featured_media_url":"https:\/\/i0.wp.com\/joyana.fr\/wp-content\/uploads\/2016\/08\/joyana-logo-black-360x180.png?fit=360%2C180&ssl=1","uagb_featured_image_src":{"full":["https:\/\/i0.wp.com\/joyana.fr\/wp-content\/uploads\/2016\/08\/joyana-logo-black-360x180.png?fit=360%2C180&ssl=1",360,180,false],"thumbnail":["https:\/\/i0.wp.com\/joyana.fr\/wp-content\/uploads\/2016\/08\/joyana-logo-black-360x180.png?resize=150%2C150&ssl=1",150,150,true],"medium":["https:\/\/i0.wp.com\/joyana.fr\/wp-content\/uploads\/2016\/08\/joyana-logo-black-360x180.png?fit=360%2C180&ssl=1",360,180,true],"medium_large":["https:\/\/i0.wp.com\/joyana.fr\/wp-content\/uploads\/2016\/08\/joyana-logo-black-360x180.png?fit=360%2C180&ssl=1",360,180,true],"large":["https:\/\/i0.wp.com\/joyana.fr\/wp-content\/uploads\/2016\/08\/joyana-logo-black-360x180.png?fit=360%2C180&ssl=1",360,180,true],"1536x1536":["https:\/\/i0.wp.com\/joyana.fr\/wp-content\/uploads\/2016\/08\/joyana-logo-black-360x180.png?fit=360%2C180&ssl=1",360,180,true],"2048x2048":["https:\/\/i0.wp.com\/joyana.fr\/wp-content\/uploads\/2016\/08\/joyana-logo-black-360x180.png?fit=360%2C180&ssl=1",360,180,true],"featured-thumb":["https:\/\/i0.wp.com\/joyana.fr\/wp-content\/uploads\/2016\/08\/joyana-logo-black-360x180.png?resize=360%2C180&ssl=1",360,180,true],"ab-block-post-grid-landscape":["https:\/\/i0.wp.com\/joyana.fr\/wp-content\/uploads\/2016\/08\/joyana-logo-black-360x180.png?resize=360%2C180&ssl=1",360,180,true],"ab-block-post-grid-square":["https:\/\/i0.wp.com\/joyana.fr\/wp-content\/uploads\/2016\/08\/joyana-logo-black-360x180.png?resize=360%2C180&ssl=1",360,180,true],"author-pro-image":["https:\/\/i0.wp.com\/joyana.fr\/wp-content\/uploads\/2016\/08\/joyana-logo-black-360x180.png?resize=360%2C180&ssl=1",360,180,true],"slider":["https:\/\/i0.wp.com\/joyana.fr\/wp-content\/uploads\/2016\/08\/joyana-logo-black-360x180.png?resize=360%2C180&ssl=1",360,180,true],"woocommerce_thumbnail":["https:\/\/i0.wp.com\/joyana.fr\/wp-content\/uploads\/2016\/08\/joyana-logo-black-360x180.png?resize=300%2C180&ssl=1",300,180,true],"woocommerce_single":["https:\/\/i0.wp.com\/joyana.fr\/wp-content\/uploads\/2016\/08\/joyana-logo-black-360x180.png?fit=360%2C180&ssl=1",360,180,true],"woocommerce_gallery_thumbnail":["https:\/\/i0.wp.com\/joyana.fr\/wp-content\/uploads\/2016\/08\/joyana-logo-black-360x180.png?resize=180%2C180&ssl=1",180,180,true],"sow-carousel-default":["https:\/\/i0.wp.com\/joyana.fr\/wp-content\/uploads\/2016\/08\/joyana-logo-black-360x180.png?resize=272%2C180&ssl=1",272,180,true]},"uagb_author_info":{"display_name":"Jo Yana","author_link":"https:\/\/joyana.fr\/en\/author\/joyana\/"},"uagb_comment_info":7,"uagb_excerpt":"La belle ville du Havre a confi\u00e9 \u00e0 Jean Nouvel la conception du projet \u00ab les bains des docks \u00bb , cette nouvelle prouesse architecturale fait partie du plan de r\u00e9am\u00e9nagement du port&#8230; Du blanc, du blanc mais pas que du blanc&#8230; Jean Nouvel s\u2019est inspir\u00e9 de la \u00ab z\u00e9nitude \u00bb des thermes romains et&hellip;","coauthors":[],"tax_additional":{"categories":{"linked":["<a href=\"https:\/\/joyana.fr\/en\/category\/portfolio\/architecture\/\" class=\"advgb-post-tax-term\">ARCHITECTURE<\/a>","<a href=\"https:\/\/joyana.fr\/en\/category\/deco-design\/\" class=\"advgb-post-tax-term\">DECO-DESIGN<\/a>","<a href=\"https:\/\/joyana.fr\/en\/category\/deco-design\/architecture-deco-design\/lieux-design\/\" class=\"advgb-post-tax-term\">Lieux<\/a>"],"unlinked":["<span class=\"advgb-post-tax-term\">ARCHITECTURE<\/span>","<span class=\"advgb-post-tax-term\">DECO-DESIGN<\/span>","<span class=\"advgb-post-tax-term\">Lieux<\/span>"]},"tags":{"linked":["<a href=\"https:\/\/joyana.fr\/en\/category\/deco-design\/architecture-deco-design\/lieux-design\/\" class=\"advgb-post-tax-term\">Architecte<\/a>","<a href=\"https:\/\/joyana.fr\/en\/category\/deco-design\/architecture-deco-design\/lieux-design\/\" class=\"advgb-post-tax-term\">Blanc<\/a>"],"unlinked":["<span class=\"advgb-post-tax-term\">Architecte<\/span>","<span class=\"advgb-post-tax-term\">Blanc<\/span>"]}},"comment_count":4,"relative_dates":{"created":"Posted 18 years ago","modified":"Updated 18 years ago"},"absolute_dates":{"created":"Posted on 20 August 2008","modified":"Updated on 20 August 2008"},"absolute_dates_time":{"created":"Posted on 20 August 2008 9:39","modified":"Updated on 20 August 2008 9:39"},"featured_img_caption":"","series_order":"","jetpack_sharing_enabled":true,"jetpack_shortlink":"https:\/\/wp.me\/p9bteI-qoE","jetpack-related-posts":[],"_links":{"self":[{"href":"https:\/\/joyana.fr\/en\/wp-json\/wp\/v2\/posts\/101472","targetHints":{"allow":["GET"]}}],"collection":[{"href":"https:\/\/joyana.fr\/en\/wp-json\/wp\/v2\/posts"}],"about":[{"href":"https:\/\/joyana.fr\/en\/wp-json\/wp\/v2\/types\/post"}],"author":[{"embeddable":true,"href":"https:\/\/joyana.fr\/en\/wp-json\/wp\/v2\/users\/3"}],"replies":[{"embeddable":true,"href":"https:\/\/joyana.fr\/en\/wp-json\/wp\/v2\/comments?post=101472"}],"version-history":[{"count":0,"href":"https:\/\/joyana.fr\/en\/wp-json\/wp\/v2\/posts\/101472\/revisions"}],"wp:featuredmedia":[{"embeddable":true,"href":"https:\/\/joyana.fr\/en\/wp-json\/wp\/v2\/media\/124300"}],"wp:attachment":[{"href":"https:\/\/joyana.fr\/en\/wp-json\/wp\/v2\/media?parent=101472"}],"wp:term":[{"taxonomy":"category","embeddable":true,"href":"https:\/\/joyana.fr\/en\/wp-json\/wp\/v2\/categories?post=101472"},{"taxonomy":"post_tag","embeddable":true,"href":"https:\/\/joyana.fr\/en\/wp-json\/wp\/v2\/tags?post=101472"}],"curies":[{"name":"wp","href":"https:\/\/api.w.org\/{rel}","templated":true}]}}