{"id":101543,"date":"2008-09-09T09:55:16","date_gmt":"2008-09-09T08:55:16","guid":{"rendered":"https:\/\/joyana.fr\/bibliotheque-modulable-infini-par-rpure\/"},"modified":"2008-09-09T09:55:16","modified_gmt":"2008-09-09T08:55:16","slug":"bibliotheque-modulable-infini-par-rpure","status":"publish","type":"post","link":"https:\/\/joyana.fr\/en\/bibliotheque-modulable-infini-par-rpure\/101543\/","title":{"rendered":"Biblioth\u00e8que modulable Infini par R&#039;Pure"},"content":{"rendered":"<p>Lors du Salon <a href=\"https:\/\/joyana.fr\/index.php?s=Maison+et+objet+septembre+2008&#038;sbutt=Go\"><strong>Maison &#038; Objet 2008 (Septembre)<\/strong><\/a>, nous avons eu le plaisir de d\u00e9couvrir le stand de <strong>R\u2019Pure<\/strong>, et leur cr\u00e9ation : <strong>Infini<\/strong>. Pourquoi Infini, tout simplement parce qu\u2019il s\u2019agit d\u2019un <strong>module<\/strong> empilable \u00e0 l\u2019infini, offrant autant de formes de <strong>biblioth\u00e8ques<\/strong> possibles que l\u2019utilisateur aura d\u2019id\u00e9es&#8230;<\/p>\n<p><img data-recalc-dims=\"1\" fetchpriority=\"high\" decoding=\"async\" src=\"https:\/\/i0.wp.com\/joyana.fr\/wp-content\/uploads\/infini-r-pure-blanc2.jpg?resize=500%2C431&#038;ssl=1\" alt=\"Biblioth\u00e8que modulable Infini par R\u2019Pure\" width=\"500\" align=\"top\" border=\"0\" height=\"431\" hspace=\"8\" \/><\/p>\n<p>Le module d\u2019\u00e9tag\u00e8res d\u2019<strong>Infini<\/strong> est fabriqu\u00e9 en polypropyl\u00e8ne expans\u00e9, l\u00e9ger r\u00e9sistant et stable. Chaque module ne p\u00e8se que 2,2 kilos et un ensemble de 8 modules p\u00e8se alors moins de 20 kilos. Chaque module mesure 88 centim\u00e8tres de c\u00f4t\u00e9 sur 30 de profondeur.<br \/>\nSEB.SERVAIRE le designer de R\u2019Pure a \u00e9t\u00e9 s\u00e9duit par le fait que le polypropyl\u00e8ne est int\u00e9gralement recyclable. Les diff\u00e9rents compos\u00e9s du polypropyl\u00e8ne se fluidifient \u00e0 la chaleur et se durcissent en refroidissant, et ce de mani\u00e8re r\u00e9versible. Ce mat\u00e9riau est donc recyclable \u00e0 l\u2019infini&#8230;<\/p>\n<p><img data-recalc-dims=\"1\" decoding=\"async\" src=\"https:\/\/i0.wp.com\/joyana.fr\/wp-content\/uploads\/infini-rpure2.jpg?resize=500%2C327&#038;ssl=1\" alt=\"Biblioth\u00e8que modulable Infini par R\u2019Pure\" width=\"500\" align=\"top\" border=\"0\" height=\"327\" hspace=\"8\" \/><\/p>\n<p><strong>Infini<\/strong> trouvera sa place partout, dans un bureau, dans une chambre, dans un s\u00e9jour contemporain. Il ne vous reste plus qu\u2019\u00e0 imaginer la forme que vous voudrez lui donner !<\/p>\n<p>Le prix public conseill\u00e9 est de 488 Euros pour 8 modules (4 blancs et 4 noirs). A noter que <strong>R\u2019Pure<\/strong> propose aux professionnels de graver leur logo sur la tranche.<\/p>\n<p>Nous remercions <strong>R\u2019Pure<\/strong> pour leur accueil sur leur stand et souhaitons bonne chance \u00e0 ce produit 100% french design et made in France.<\/p>\n<p><strong>R\u2019Pure<\/strong> est une dynamique agence de design, qui a d\u00e9j\u00e0 eu plusieurs objets \u00e9dit\u00e9s chez Industrielle et diff\u00e9rentes cr\u00e9ations de design industriel.<\/p>\n<p><a href=\"http:\/\/www.rpure.fr\/\"><strong>http:\/\/www.rpure.fr\/<\/strong><\/a><\/p>\n<p>&#8212;&#8212;&#8212;&#8212;&#8212;&#8212;<\/p>\n<p><a href=\"http:\/\/deco-design.fr-bb.com\/profile.forum?mode=viewprofile&#038;u=1068\" target=\"_blank\">patcdesignbdx<\/a><\/p>\n","protected":false},"excerpt":{"rendered":"<p>Lors du Salon Maison &#038; Objet 2008 (Septembre), nous avons eu le plaisir de d\u00e9couvrir le stand de R\u2019Pure, et leur cr\u00e9ation : Infini. Pourquoi Infini, tout simplement parce qu\u2019il s\u2019agit d\u2019un module empilable \u00e0 l\u2019infini, offrant autant de formes de biblioth\u00e8ques possibles que l\u2019utilisateur aura d\u2019id\u00e9es&#8230; Le module d\u2019\u00e9tag\u00e8res d\u2019Infini est fabriqu\u00e9 en polypropyl\u00e8ne [&hellip;]<\/p>\n","protected":false},"author":3,"featured_media":124300,"comment_status":"open","ping_status":"open","sticky":false,"template":"","format":"standard","meta":{"_coblocks_attr":"","_coblocks_dimensions":"","_coblocks_responsive_height":"","_coblocks_accordion_ie_support":"","_uag_custom_page_level_css":"","advgb_blocks_editor_width":"","advgb_blocks_columns_visual_guide":"","_genesis_hide_title":false,"_genesis_hide_breadcrumbs":false,"_genesis_hide_singular_image":false,"_genesis_hide_footer_widgets":false,"_genesis_custom_body_class":"","_genesis_custom_post_class":"","_genesis_layout":"","_themeisle_gutenberg_block_has_review":false,"_jetpack_newsletter_access":"","_jetpack_dont_email_post_to_subs":false,"_jetpack_newsletter_tier_id":0,"_jetpack_memberships_contains_paywalled_content":false,"_jetpack_memberships_contains_paid_content":false,"footnotes":""},"categories":[932,905,961,974],"tags":[908,78,913,910,963],"class_list":{"0":"post-101543","1":"post","2":"type-post","3":"status-publish","4":"format-standard","5":"has-post-thumbnail","7":"category-bibliotheque","8":"category-deco-design","9":"category-maison-et-objet","10":"category-mobilier-modulaire","11":"tag-blanc","12":"tag-design","13":"tag-modulable","14":"tag-noir","15":"tag-salons-design","16":"entry"},"featured_image_urls":{"full":["https:\/\/i0.wp.com\/joyana.fr\/wp-content\/uploads\/2016\/08\/joyana-logo-black-360x180.png?fit=360%2C180&ssl=1",360,180,false],"thumbnail":["https:\/\/i0.wp.com\/joyana.fr\/wp-content\/uploads\/2016\/08\/joyana-logo-black-360x180.png?resize=150%2C150&ssl=1",150,150,true],"medium":["https:\/\/i0.wp.com\/joyana.fr\/wp-content\/uploads\/2016\/08\/joyana-logo-black-360x180.png?fit=360%2C180&ssl=1",360,180,true],"medium_large":["https:\/\/i0.wp.com\/joyana.fr\/wp-content\/uploads\/2016\/08\/joyana-logo-black-360x180.png?fit=360%2C180&ssl=1",360,180,true],"large":["https:\/\/i0.wp.com\/joyana.fr\/wp-content\/uploads\/2016\/08\/joyana-logo-black-360x180.png?fit=360%2C180&ssl=1",360,180,true],"1536x1536":["https:\/\/i0.wp.com\/joyana.fr\/wp-content\/uploads\/2016\/08\/joyana-logo-black-360x180.png?fit=360%2C180&ssl=1",360,180,true],"2048x2048":["https:\/\/i0.wp.com\/joyana.fr\/wp-content\/uploads\/2016\/08\/joyana-logo-black-360x180.png?fit=360%2C180&ssl=1",360,180,true],"featured-thumb":["https:\/\/i0.wp.com\/joyana.fr\/wp-content\/uploads\/2016\/08\/joyana-logo-black-360x180.png?resize=360%2C180&ssl=1",360,180,true],"ab-block-post-grid-landscape":["https:\/\/i0.wp.com\/joyana.fr\/wp-content\/uploads\/2016\/08\/joyana-logo-black-360x180.png?resize=360%2C180&ssl=1",360,180,true],"ab-block-post-grid-square":["https:\/\/i0.wp.com\/joyana.fr\/wp-content\/uploads\/2016\/08\/joyana-logo-black-360x180.png?resize=360%2C180&ssl=1",360,180,true],"author-pro-image":["https:\/\/i0.wp.com\/joyana.fr\/wp-content\/uploads\/2016\/08\/joyana-logo-black-360x180.png?resize=360%2C180&ssl=1",360,180,true],"slider":["https:\/\/i0.wp.com\/joyana.fr\/wp-content\/uploads\/2016\/08\/joyana-logo-black-360x180.png?resize=360%2C180&ssl=1",360,180,true],"woocommerce_thumbnail":["https:\/\/i0.wp.com\/joyana.fr\/wp-content\/uploads\/2016\/08\/joyana-logo-black-360x180.png?resize=300%2C180&ssl=1",300,180,true],"woocommerce_single":["https:\/\/i0.wp.com\/joyana.fr\/wp-content\/uploads\/2016\/08\/joyana-logo-black-360x180.png?fit=360%2C180&ssl=1",360,180,true],"woocommerce_gallery_thumbnail":["https:\/\/i0.wp.com\/joyana.fr\/wp-content\/uploads\/2016\/08\/joyana-logo-black-360x180.png?resize=180%2C180&ssl=1",180,180,true],"sow-carousel-default":["https:\/\/i0.wp.com\/joyana.fr\/wp-content\/uploads\/2016\/08\/joyana-logo-black-360x180.png?resize=272%2C180&ssl=1",272,180,true]},"post_excerpt_stackable":"<p>Lors du Salon Maison &#038; Objet 2008 (Septembre), nous avons eu le plaisir de d\u00e9couvrir le stand de R\u2019Pure, et leur cr\u00e9ation : Infini. Pourquoi Infini, tout simplement parce qu\u2019il s\u2019agit d\u2019un module empilable \u00e0 l\u2019infini, offrant autant de formes de biblioth\u00e8ques possibles que l\u2019utilisateur aura d\u2019id\u00e9es&#8230; Le module d\u2019\u00e9tag\u00e8res d\u2019Infini est fabriqu\u00e9 en polypropyl\u00e8ne expans\u00e9, l\u00e9ger r\u00e9sistant et stable. Chaque module ne p\u00e8se que 2,2 kilos et un ensemble de 8 modules p\u00e8se alors moins de 20 kilos. Chaque module mesure 88 centim\u00e8tres de c\u00f4t\u00e9 sur 30 de profondeur. SEB.SERVAIRE le designer de R\u2019Pure a \u00e9t\u00e9 s\u00e9duit par le&hellip;<\/p>\n","category_list":"<a href=\"https:\/\/joyana.fr\/en\/category\/deco-design\/mobilier\/bibliotheque\/\" rel=\"category tag\">Biblioth\u00e8que<\/a>, <a href=\"https:\/\/joyana.fr\/en\/category\/deco-design\/\" rel=\"category tag\">DECO-DESIGN<\/a>, <a href=\"https:\/\/joyana.fr\/en\/category\/deco-design\/actualite\/salon\/maison-et-objet\/\" rel=\"category tag\">MAISON &amp; OBJET<\/a>, <a href=\"https:\/\/joyana.fr\/en\/category\/deco-design\/mobilier\/mobilier-modulaire\/\" rel=\"category tag\">Mobilier modulaire<\/a>","author_info":{"display_name":"Jo Yana","author_link":"https:\/\/joyana.fr\/en\/author\/joyana\/"},"comments_num":"5 comments","featured_image_urls_v2":{"full":["https:\/\/i0.wp.com\/joyana.fr\/wp-content\/uploads\/2016\/08\/joyana-logo-black-360x180.png?fit=360%2C180&ssl=1",360,180,false],"thumbnail":["https:\/\/i0.wp.com\/joyana.fr\/wp-content\/uploads\/2016\/08\/joyana-logo-black-360x180.png?resize=150%2C150&ssl=1",150,150,true],"medium":["https:\/\/i0.wp.com\/joyana.fr\/wp-content\/uploads\/2016\/08\/joyana-logo-black-360x180.png?fit=360%2C180&ssl=1",360,180,true],"medium_large":["https:\/\/i0.wp.com\/joyana.fr\/wp-content\/uploads\/2016\/08\/joyana-logo-black-360x180.png?fit=360%2C180&ssl=1",360,180,true],"large":["https:\/\/i0.wp.com\/joyana.fr\/wp-content\/uploads\/2016\/08\/joyana-logo-black-360x180.png?fit=360%2C180&ssl=1",360,180,true],"1536x1536":["https:\/\/i0.wp.com\/joyana.fr\/wp-content\/uploads\/2016\/08\/joyana-logo-black-360x180.png?fit=360%2C180&ssl=1",360,180,true],"2048x2048":["https:\/\/i0.wp.com\/joyana.fr\/wp-content\/uploads\/2016\/08\/joyana-logo-black-360x180.png?fit=360%2C180&ssl=1",360,180,true],"featured-thumb":["https:\/\/i0.wp.com\/joyana.fr\/wp-content\/uploads\/2016\/08\/joyana-logo-black-360x180.png?resize=360%2C180&ssl=1",360,180,true],"ab-block-post-grid-landscape":["https:\/\/i0.wp.com\/joyana.fr\/wp-content\/uploads\/2016\/08\/joyana-logo-black-360x180.png?resize=360%2C180&ssl=1",360,180,true],"ab-block-post-grid-square":["https:\/\/i0.wp.com\/joyana.fr\/wp-content\/uploads\/2016\/08\/joyana-logo-black-360x180.png?resize=360%2C180&ssl=1",360,180,true],"author-pro-image":["https:\/\/i0.wp.com\/joyana.fr\/wp-content\/uploads\/2016\/08\/joyana-logo-black-360x180.png?resize=360%2C180&ssl=1",360,180,true],"slider":["https:\/\/i0.wp.com\/joyana.fr\/wp-content\/uploads\/2016\/08\/joyana-logo-black-360x180.png?resize=360%2C180&ssl=1",360,180,true],"woocommerce_thumbnail":["https:\/\/i0.wp.com\/joyana.fr\/wp-content\/uploads\/2016\/08\/joyana-logo-black-360x180.png?resize=300%2C180&ssl=1",300,180,true],"woocommerce_single":["https:\/\/i0.wp.com\/joyana.fr\/wp-content\/uploads\/2016\/08\/joyana-logo-black-360x180.png?fit=360%2C180&ssl=1",360,180,true],"woocommerce_gallery_thumbnail":["https:\/\/i0.wp.com\/joyana.fr\/wp-content\/uploads\/2016\/08\/joyana-logo-black-360x180.png?resize=180%2C180&ssl=1",180,180,true],"sow-carousel-default":["https:\/\/i0.wp.com\/joyana.fr\/wp-content\/uploads\/2016\/08\/joyana-logo-black-360x180.png?resize=272%2C180&ssl=1",272,180,true]},"post_excerpt_stackable_v2":"<p>Lors du Salon Maison &#038; Objet 2008 (Septembre), nous avons eu le plaisir de d\u00e9couvrir le stand de R\u2019Pure, et leur cr\u00e9ation : Infini. Pourquoi Infini, tout simplement parce qu\u2019il s\u2019agit d\u2019un module empilable \u00e0 l\u2019infini, offrant autant de formes de biblioth\u00e8ques possibles que l\u2019utilisateur aura d\u2019id\u00e9es&#8230; Le module d\u2019\u00e9tag\u00e8res d\u2019Infini est fabriqu\u00e9 en polypropyl\u00e8ne expans\u00e9, l\u00e9ger r\u00e9sistant et stable. Chaque module ne p\u00e8se que 2,2 kilos et un ensemble de 8 modules p\u00e8se alors moins de 20 kilos. Chaque module mesure 88 centim\u00e8tres de c\u00f4t\u00e9 sur 30 de profondeur. SEB.SERVAIRE le designer de R\u2019Pure a \u00e9t\u00e9 s\u00e9duit par le&hellip;<\/p>\n","category_list_v2":"<a href=\"https:\/\/joyana.fr\/en\/category\/deco-design\/mobilier\/bibliotheque\/\" rel=\"category tag\">Biblioth\u00e8que<\/a>, <a href=\"https:\/\/joyana.fr\/en\/category\/deco-design\/\" rel=\"category tag\">DECO-DESIGN<\/a>, <a href=\"https:\/\/joyana.fr\/en\/category\/deco-design\/actualite\/salon\/maison-et-objet\/\" rel=\"category tag\">MAISON &amp; OBJET<\/a>, <a href=\"https:\/\/joyana.fr\/en\/category\/deco-design\/mobilier\/mobilier-modulaire\/\" rel=\"category tag\">Mobilier modulaire<\/a>","author_info_v2":{"name":"Jo Yana","url":"https:\/\/joyana.fr\/en\/author\/joyana\/"},"comments_num_v2":"5 comments","yoast_head":"<!-- This site is optimized with the Yoast SEO plugin v26.8 - https:\/\/yoast.com\/product\/yoast-seo-wordpress\/ -->\n<title>Biblioth\u00e8que modulable Infini par R&#039;Pure - JO YANA<\/title>\n<meta name=\"robots\" content=\"index, follow, max-snippet:-1, max-image-preview:large, max-video-preview:-1\" \/>\n<link rel=\"canonical\" href=\"https:\/\/joyana.fr\/en\/bibliotheque-modulable-infini-par-rpure\/101543\/\" \/>\n<meta property=\"og:locale\" content=\"en_US\" \/>\n<meta property=\"og:locale:alternate\" content=\"fr_FR\" \/>\n<meta property=\"og:locale:alternate\" content=\"ja\" \/>\n<meta property=\"og:type\" content=\"article\" \/>\n<meta property=\"og:title\" content=\"Biblioth\u00e8que modulable Infini par R&#039;Pure - JO YANA\" \/>\n<meta property=\"og:description\" content=\"Lors du Salon Maison &amp; Objet 2008 (Septembre), nous avons eu le plaisir de d\u00e9couvrir le stand de R\u2019Pure, et leur cr\u00e9ation : Infini. Pourquoi Infini, tout simplement parce qu\u2019il s\u2019agit d\u2019un module empilable \u00e0 l\u2019infini, offrant autant de formes de biblioth\u00e8ques possibles que l\u2019utilisateur aura d\u2019id\u00e9es&#8230; Le module d\u2019\u00e9tag\u00e8res d\u2019Infini est fabriqu\u00e9 en polypropyl\u00e8ne [&hellip;]\" \/>\n<meta property=\"og:url\" content=\"https:\/\/joyana.fr\/en\/bibliotheque-modulable-infini-par-rpure\/101543\/\" \/>\n<meta property=\"og:site_name\" content=\"JO YANA\" \/>\n<meta property=\"article:published_time\" content=\"2008-09-09T08:55:16+00:00\" \/>\n<meta property=\"og:image\" content=\"https:\/\/joyana.fr\/wp-content\/uploads\/2016\/08\/joyana-logo-black-360x180.png\" \/>\n\t<meta property=\"og:image:width\" content=\"360\" \/>\n\t<meta property=\"og:image:height\" content=\"180\" \/>\n\t<meta property=\"og:image:type\" content=\"image\/png\" \/>\n<meta name=\"author\" content=\"Jo Yana\" \/>\n<meta name=\"twitter:card\" content=\"summary_large_image\" \/>\n<meta name=\"twitter:creator\" content=\"@Jo_Yana\" \/>\n<meta name=\"twitter:site\" content=\"@Jo_Yana\" \/>\n<meta name=\"twitter:label1\" content=\"Written by\" \/>\n\t<meta name=\"twitter:data1\" content=\"Jo Yana\" \/>\n\t<meta name=\"twitter:label2\" content=\"Est. reading time\" \/>\n\t<meta name=\"twitter:data2\" content=\"1 minute\" \/>\n<script type=\"application\/ld+json\" class=\"yoast-schema-graph\">{\"@context\":\"https:\/\/schema.org\",\"@graph\":[{\"@type\":\"Article\",\"@id\":\"https:\/\/joyana.fr\/en\/bibliotheque-modulable-infini-par-rpure\/101543\/#article\",\"isPartOf\":{\"@id\":\"https:\/\/joyana.fr\/en\/bibliotheque-modulable-infini-par-rpure\/101543\/\"},\"author\":{\"name\":\"Jo Yana\",\"@id\":\"https:\/\/joyana.fr\/#\/schema\/person\/cf2a1ad12a27c12c21801075bf37407c\"},\"headline\":\"Biblioth\u00e8que modulable Infini par R&#039;Pure\",\"datePublished\":\"2008-09-09T08:55:16+00:00\",\"mainEntityOfPage\":{\"@id\":\"https:\/\/joyana.fr\/en\/bibliotheque-modulable-infini-par-rpure\/101543\/\"},\"wordCount\":275,\"commentCount\":5,\"publisher\":{\"@id\":\"https:\/\/joyana.fr\/#\/schema\/person\/cf2a1ad12a27c12c21801075bf37407c\"},\"image\":{\"@id\":\"https:\/\/joyana.fr\/en\/bibliotheque-modulable-infini-par-rpure\/101543\/#primaryimage\"},\"thumbnailUrl\":\"https:\/\/i0.wp.com\/joyana.fr\/wp-content\/uploads\/2016\/08\/joyana-logo-black-360x180.png?fit=360%2C180&ssl=1\",\"keywords\":[\"Blanc\",\"DESIGN\",\"Modulable\",\"Noir\",\"Salons design\"],\"articleSection\":[\"Biblioth\u00e8que\",\"DECO-DESIGN\",\"MAISON &amp; OBJET\",\"Mobilier modulaire\"],\"inLanguage\":\"en-US\",\"potentialAction\":[{\"@type\":\"CommentAction\",\"name\":\"Comment\",\"target\":[\"https:\/\/joyana.fr\/en\/bibliotheque-modulable-infini-par-rpure\/101543\/#respond\"]}]},{\"@type\":\"WebPage\",\"@id\":\"https:\/\/joyana.fr\/en\/bibliotheque-modulable-infini-par-rpure\/101543\/\",\"url\":\"https:\/\/joyana.fr\/en\/bibliotheque-modulable-infini-par-rpure\/101543\/\",\"name\":\"Biblioth\u00e8que modulable Infini par R&#039;Pure - JO YANA\",\"isPartOf\":{\"@id\":\"https:\/\/joyana.fr\/#website\"},\"primaryImageOfPage\":{\"@id\":\"https:\/\/joyana.fr\/en\/bibliotheque-modulable-infini-par-rpure\/101543\/#primaryimage\"},\"image\":{\"@id\":\"https:\/\/joyana.fr\/en\/bibliotheque-modulable-infini-par-rpure\/101543\/#primaryimage\"},\"thumbnailUrl\":\"https:\/\/i0.wp.com\/joyana.fr\/wp-content\/uploads\/2016\/08\/joyana-logo-black-360x180.png?fit=360%2C180&ssl=1\",\"datePublished\":\"2008-09-09T08:55:16+00:00\",\"breadcrumb\":{\"@id\":\"https:\/\/joyana.fr\/en\/bibliotheque-modulable-infini-par-rpure\/101543\/#breadcrumb\"},\"inLanguage\":\"en-US\",\"potentialAction\":[{\"@type\":\"ReadAction\",\"target\":[\"https:\/\/joyana.fr\/en\/bibliotheque-modulable-infini-par-rpure\/101543\/\"]}]},{\"@type\":\"ImageObject\",\"inLanguage\":\"en-US\",\"@id\":\"https:\/\/joyana.fr\/en\/bibliotheque-modulable-infini-par-rpure\/101543\/#primaryimage\",\"url\":\"https:\/\/i0.wp.com\/joyana.fr\/wp-content\/uploads\/2016\/08\/joyana-logo-black-360x180.png?fit=360%2C180&ssl=1\",\"contentUrl\":\"https:\/\/i0.wp.com\/joyana.fr\/wp-content\/uploads\/2016\/08\/joyana-logo-black-360x180.png?fit=360%2C180&ssl=1\",\"width\":360,\"height\":180,\"caption\":\"logo joyana.fr\"},{\"@type\":\"BreadcrumbList\",\"@id\":\"https:\/\/joyana.fr\/en\/bibliotheque-modulable-infini-par-rpure\/101543\/#breadcrumb\",\"itemListElement\":[{\"@type\":\"ListItem\",\"position\":1,\"name\":\"Accueil\",\"item\":\"https:\/\/joyana.fr\/\"},{\"@type\":\"ListItem\",\"position\":2,\"name\":\"Biblioth\u00e8que modulable Infini par R&#039;Pure\"}]},{\"@type\":\"WebSite\",\"@id\":\"https:\/\/joyana.fr\/#website\",\"url\":\"https:\/\/joyana.fr\/\",\"name\":\"JO YANA\",\"description\":\"Blog Mode Homme, Lifestyle, D\u00e9co-Design\",\"publisher\":{\"@id\":\"https:\/\/joyana.fr\/#\/schema\/person\/cf2a1ad12a27c12c21801075bf37407c\"},\"potentialAction\":[{\"@type\":\"SearchAction\",\"target\":{\"@type\":\"EntryPoint\",\"urlTemplate\":\"https:\/\/joyana.fr\/?s={search_term_string}\"},\"query-input\":{\"@type\":\"PropertyValueSpecification\",\"valueRequired\":true,\"valueName\":\"search_term_string\"}}],\"inLanguage\":\"en-US\"},{\"@type\":[\"Person\",\"Organization\"],\"@id\":\"https:\/\/joyana.fr\/#\/schema\/person\/cf2a1ad12a27c12c21801075bf37407c\",\"name\":\"Jo Yana\",\"image\":{\"@type\":\"ImageObject\",\"inLanguage\":\"en-US\",\"@id\":\"https:\/\/joyana.fr\/#\/schema\/person\/image\/\",\"url\":\"https:\/\/i0.wp.com\/joyana.fr\/wp-content\/uploads\/2016\/08\/cropped-joyana-logo-black-360x180.png?fit=343%2C164&ssl=1\",\"contentUrl\":\"https:\/\/i0.wp.com\/joyana.fr\/wp-content\/uploads\/2016\/08\/cropped-joyana-logo-black-360x180.png?fit=343%2C164&ssl=1\",\"width\":343,\"height\":164,\"caption\":\"Jo Yana\"},\"logo\":{\"@id\":\"https:\/\/joyana.fr\/#\/schema\/person\/image\/\"},\"description\":\"Jo Yana est le cr\u00e9ateur et r\u00e9dacteur en chef des sites DECO-DESIGN. Passionn\u00e9 de Design, Mode, Photo, Luxe, Lifestyle, Musique, mais avant tout Blogueur ! Le plaisir de partager l'anime et a comme devise \\\"POUR L'AMOUR DU BEAU\\\". Retrouvez le aussi sur son blog personnel - https:\/\/joyana.fr...\",\"sameAs\":[\"https:\/\/joyana.fr\/\"],\"url\":\"https:\/\/joyana.fr\/en\/author\/joyana\/\"}]}<\/script>\n<!-- \/ Yoast SEO plugin. -->","yoast_head_json":{"title":"Biblioth\u00e8que modulable Infini par R&#039;Pure - JO YANA","robots":{"index":"index","follow":"follow","max-snippet":"max-snippet:-1","max-image-preview":"max-image-preview:large","max-video-preview":"max-video-preview:-1"},"canonical":"https:\/\/joyana.fr\/en\/bibliotheque-modulable-infini-par-rpure\/101543\/","og_locale":"en_US","og_type":"article","og_title":"Biblioth\u00e8que modulable Infini par R&#039;Pure - JO YANA","og_description":"Lors du Salon Maison &#038; Objet 2008 (Septembre), nous avons eu le plaisir de d\u00e9couvrir le stand de R\u2019Pure, et leur cr\u00e9ation : Infini. Pourquoi Infini, tout simplement parce qu\u2019il s\u2019agit d\u2019un module empilable \u00e0 l\u2019infini, offrant autant de formes de biblioth\u00e8ques possibles que l\u2019utilisateur aura d\u2019id\u00e9es&#8230; Le module d\u2019\u00e9tag\u00e8res d\u2019Infini est fabriqu\u00e9 en polypropyl\u00e8ne [&hellip;]","og_url":"https:\/\/joyana.fr\/en\/bibliotheque-modulable-infini-par-rpure\/101543\/","og_site_name":"JO YANA","article_published_time":"2008-09-09T08:55:16+00:00","og_image":[{"width":360,"height":180,"url":"https:\/\/joyana.fr\/wp-content\/uploads\/2016\/08\/joyana-logo-black-360x180.png","type":"image\/png"}],"author":"Jo Yana","twitter_card":"summary_large_image","twitter_creator":"@Jo_Yana","twitter_site":"@Jo_Yana","twitter_misc":{"Written by":"Jo Yana","Est. reading time":"1 minute"},"schema":{"@context":"https:\/\/schema.org","@graph":[{"@type":"Article","@id":"https:\/\/joyana.fr\/en\/bibliotheque-modulable-infini-par-rpure\/101543\/#article","isPartOf":{"@id":"https:\/\/joyana.fr\/en\/bibliotheque-modulable-infini-par-rpure\/101543\/"},"author":{"name":"Jo Yana","@id":"https:\/\/joyana.fr\/#\/schema\/person\/cf2a1ad12a27c12c21801075bf37407c"},"headline":"Biblioth\u00e8que modulable Infini par R&#039;Pure","datePublished":"2008-09-09T08:55:16+00:00","mainEntityOfPage":{"@id":"https:\/\/joyana.fr\/en\/bibliotheque-modulable-infini-par-rpure\/101543\/"},"wordCount":275,"commentCount":5,"publisher":{"@id":"https:\/\/joyana.fr\/#\/schema\/person\/cf2a1ad12a27c12c21801075bf37407c"},"image":{"@id":"https:\/\/joyana.fr\/en\/bibliotheque-modulable-infini-par-rpure\/101543\/#primaryimage"},"thumbnailUrl":"https:\/\/i0.wp.com\/joyana.fr\/wp-content\/uploads\/2016\/08\/joyana-logo-black-360x180.png?fit=360%2C180&ssl=1","keywords":["Blanc","DESIGN","Modulable","Noir","Salons design"],"articleSection":["Biblioth\u00e8que","DECO-DESIGN","MAISON &amp; OBJET","Mobilier modulaire"],"inLanguage":"en-US","potentialAction":[{"@type":"CommentAction","name":"Comment","target":["https:\/\/joyana.fr\/en\/bibliotheque-modulable-infini-par-rpure\/101543\/#respond"]}]},{"@type":"WebPage","@id":"https:\/\/joyana.fr\/en\/bibliotheque-modulable-infini-par-rpure\/101543\/","url":"https:\/\/joyana.fr\/en\/bibliotheque-modulable-infini-par-rpure\/101543\/","name":"Biblioth\u00e8que modulable Infini par R&#039;Pure - JO YANA","isPartOf":{"@id":"https:\/\/joyana.fr\/#website"},"primaryImageOfPage":{"@id":"https:\/\/joyana.fr\/en\/bibliotheque-modulable-infini-par-rpure\/101543\/#primaryimage"},"image":{"@id":"https:\/\/joyana.fr\/en\/bibliotheque-modulable-infini-par-rpure\/101543\/#primaryimage"},"thumbnailUrl":"https:\/\/i0.wp.com\/joyana.fr\/wp-content\/uploads\/2016\/08\/joyana-logo-black-360x180.png?fit=360%2C180&ssl=1","datePublished":"2008-09-09T08:55:16+00:00","breadcrumb":{"@id":"https:\/\/joyana.fr\/en\/bibliotheque-modulable-infini-par-rpure\/101543\/#breadcrumb"},"inLanguage":"en-US","potentialAction":[{"@type":"ReadAction","target":["https:\/\/joyana.fr\/en\/bibliotheque-modulable-infini-par-rpure\/101543\/"]}]},{"@type":"ImageObject","inLanguage":"en-US","@id":"https:\/\/joyana.fr\/en\/bibliotheque-modulable-infini-par-rpure\/101543\/#primaryimage","url":"https:\/\/i0.wp.com\/joyana.fr\/wp-content\/uploads\/2016\/08\/joyana-logo-black-360x180.png?fit=360%2C180&ssl=1","contentUrl":"https:\/\/i0.wp.com\/joyana.fr\/wp-content\/uploads\/2016\/08\/joyana-logo-black-360x180.png?fit=360%2C180&ssl=1","width":360,"height":180,"caption":"logo joyana.fr"},{"@type":"BreadcrumbList","@id":"https:\/\/joyana.fr\/en\/bibliotheque-modulable-infini-par-rpure\/101543\/#breadcrumb","itemListElement":[{"@type":"ListItem","position":1,"name":"Accueil","item":"https:\/\/joyana.fr\/"},{"@type":"ListItem","position":2,"name":"Biblioth\u00e8que modulable Infini par R&#039;Pure"}]},{"@type":"WebSite","@id":"https:\/\/joyana.fr\/#website","url":"https:\/\/joyana.fr\/","name":"JO YANA","description":"Blog Mode Homme, Lifestyle, D\u00e9co-Design","publisher":{"@id":"https:\/\/joyana.fr\/#\/schema\/person\/cf2a1ad12a27c12c21801075bf37407c"},"potentialAction":[{"@type":"SearchAction","target":{"@type":"EntryPoint","urlTemplate":"https:\/\/joyana.fr\/?s={search_term_string}"},"query-input":{"@type":"PropertyValueSpecification","valueRequired":true,"valueName":"search_term_string"}}],"inLanguage":"en-US"},{"@type":["Person","Organization"],"@id":"https:\/\/joyana.fr\/#\/schema\/person\/cf2a1ad12a27c12c21801075bf37407c","name":"Jo Yana","image":{"@type":"ImageObject","inLanguage":"en-US","@id":"https:\/\/joyana.fr\/#\/schema\/person\/image\/","url":"https:\/\/i0.wp.com\/joyana.fr\/wp-content\/uploads\/2016\/08\/cropped-joyana-logo-black-360x180.png?fit=343%2C164&ssl=1","contentUrl":"https:\/\/i0.wp.com\/joyana.fr\/wp-content\/uploads\/2016\/08\/cropped-joyana-logo-black-360x180.png?fit=343%2C164&ssl=1","width":343,"height":164,"caption":"Jo Yana"},"logo":{"@id":"https:\/\/joyana.fr\/#\/schema\/person\/image\/"},"description":"Jo Yana est le cr\u00e9ateur et r\u00e9dacteur en chef des sites DECO-DESIGN. Passionn\u00e9 de Design, Mode, Photo, Luxe, Lifestyle, Musique, mais avant tout Blogueur ! Le plaisir de partager l'anime et a comme devise \"POUR L'AMOUR DU BEAU\". Retrouvez le aussi sur son blog personnel - https:\/\/joyana.fr...","sameAs":["https:\/\/joyana.fr\/"],"url":"https:\/\/joyana.fr\/en\/author\/joyana\/"}]}},"author_meta":{"display_name":"Jo Yana","author_link":"https:\/\/joyana.fr\/en\/author\/joyana\/"},"featured_img":"https:\/\/i0.wp.com\/joyana.fr\/wp-content\/uploads\/2016\/08\/joyana-logo-black-360x180.png?fit=360%2C180&ssl=1","featured_image_src":"https:\/\/i0.wp.com\/joyana.fr\/wp-content\/uploads\/2016\/08\/joyana-logo-black-360x180.png?resize=360%2C180&ssl=1","featured_image_src_square":"https:\/\/i0.wp.com\/joyana.fr\/wp-content\/uploads\/2016\/08\/joyana-logo-black-360x180.png?resize=360%2C180&ssl=1","jetpack_featured_media_url":"https:\/\/i0.wp.com\/joyana.fr\/wp-content\/uploads\/2016\/08\/joyana-logo-black-360x180.png?fit=360%2C180&ssl=1","uagb_featured_image_src":{"full":["https:\/\/i0.wp.com\/joyana.fr\/wp-content\/uploads\/2016\/08\/joyana-logo-black-360x180.png?fit=360%2C180&ssl=1",360,180,false],"thumbnail":["https:\/\/i0.wp.com\/joyana.fr\/wp-content\/uploads\/2016\/08\/joyana-logo-black-360x180.png?resize=150%2C150&ssl=1",150,150,true],"medium":["https:\/\/i0.wp.com\/joyana.fr\/wp-content\/uploads\/2016\/08\/joyana-logo-black-360x180.png?fit=360%2C180&ssl=1",360,180,true],"medium_large":["https:\/\/i0.wp.com\/joyana.fr\/wp-content\/uploads\/2016\/08\/joyana-logo-black-360x180.png?fit=360%2C180&ssl=1",360,180,true],"large":["https:\/\/i0.wp.com\/joyana.fr\/wp-content\/uploads\/2016\/08\/joyana-logo-black-360x180.png?fit=360%2C180&ssl=1",360,180,true],"1536x1536":["https:\/\/i0.wp.com\/joyana.fr\/wp-content\/uploads\/2016\/08\/joyana-logo-black-360x180.png?fit=360%2C180&ssl=1",360,180,true],"2048x2048":["https:\/\/i0.wp.com\/joyana.fr\/wp-content\/uploads\/2016\/08\/joyana-logo-black-360x180.png?fit=360%2C180&ssl=1",360,180,true],"featured-thumb":["https:\/\/i0.wp.com\/joyana.fr\/wp-content\/uploads\/2016\/08\/joyana-logo-black-360x180.png?resize=360%2C180&ssl=1",360,180,true],"ab-block-post-grid-landscape":["https:\/\/i0.wp.com\/joyana.fr\/wp-content\/uploads\/2016\/08\/joyana-logo-black-360x180.png?resize=360%2C180&ssl=1",360,180,true],"ab-block-post-grid-square":["https:\/\/i0.wp.com\/joyana.fr\/wp-content\/uploads\/2016\/08\/joyana-logo-black-360x180.png?resize=360%2C180&ssl=1",360,180,true],"author-pro-image":["https:\/\/i0.wp.com\/joyana.fr\/wp-content\/uploads\/2016\/08\/joyana-logo-black-360x180.png?resize=360%2C180&ssl=1",360,180,true],"slider":["https:\/\/i0.wp.com\/joyana.fr\/wp-content\/uploads\/2016\/08\/joyana-logo-black-360x180.png?resize=360%2C180&ssl=1",360,180,true],"woocommerce_thumbnail":["https:\/\/i0.wp.com\/joyana.fr\/wp-content\/uploads\/2016\/08\/joyana-logo-black-360x180.png?resize=300%2C180&ssl=1",300,180,true],"woocommerce_single":["https:\/\/i0.wp.com\/joyana.fr\/wp-content\/uploads\/2016\/08\/joyana-logo-black-360x180.png?fit=360%2C180&ssl=1",360,180,true],"woocommerce_gallery_thumbnail":["https:\/\/i0.wp.com\/joyana.fr\/wp-content\/uploads\/2016\/08\/joyana-logo-black-360x180.png?resize=180%2C180&ssl=1",180,180,true],"sow-carousel-default":["https:\/\/i0.wp.com\/joyana.fr\/wp-content\/uploads\/2016\/08\/joyana-logo-black-360x180.png?resize=272%2C180&ssl=1",272,180,true]},"uagb_author_info":{"display_name":"Jo Yana","author_link":"https:\/\/joyana.fr\/en\/author\/joyana\/"},"uagb_comment_info":5,"uagb_excerpt":"Lors du Salon Maison &#038; Objet 2008 (Septembre), nous avons eu le plaisir de d\u00e9couvrir le stand de R\u2019Pure, et leur cr\u00e9ation : Infini. Pourquoi Infini, tout simplement parce qu\u2019il s\u2019agit d\u2019un module empilable \u00e0 l\u2019infini, offrant autant de formes de biblioth\u00e8ques possibles que l\u2019utilisateur aura d\u2019id\u00e9es&#8230; Le module d\u2019\u00e9tag\u00e8res d\u2019Infini est fabriqu\u00e9 en polypropyl\u00e8ne&hellip;","coauthors":[],"tax_additional":{"categories":{"linked":["<a href=\"https:\/\/joyana.fr\/en\/category\/deco-design\/mobilier\/bibliotheque\/\" class=\"advgb-post-tax-term\">Biblioth\u00e8que<\/a>","<a href=\"https:\/\/joyana.fr\/en\/category\/deco-design\/\" class=\"advgb-post-tax-term\">DECO-DESIGN<\/a>","<a href=\"https:\/\/joyana.fr\/en\/category\/deco-design\/actualite\/salon\/maison-et-objet\/\" class=\"advgb-post-tax-term\">MAISON &amp; OBJET<\/a>","<a href=\"https:\/\/joyana.fr\/en\/category\/deco-design\/mobilier\/mobilier-modulaire\/\" class=\"advgb-post-tax-term\">Mobilier modulaire<\/a>"],"unlinked":["<span class=\"advgb-post-tax-term\">Biblioth\u00e8que<\/span>","<span class=\"advgb-post-tax-term\">DECO-DESIGN<\/span>","<span class=\"advgb-post-tax-term\">MAISON &amp; OBJET<\/span>","<span class=\"advgb-post-tax-term\">Mobilier modulaire<\/span>"]},"tags":{"linked":["<a href=\"https:\/\/joyana.fr\/en\/category\/deco-design\/mobilier\/mobilier-modulaire\/\" class=\"advgb-post-tax-term\">Blanc<\/a>","<a href=\"https:\/\/joyana.fr\/en\/category\/deco-design\/mobilier\/mobilier-modulaire\/\" class=\"advgb-post-tax-term\">DESIGN<\/a>","<a href=\"https:\/\/joyana.fr\/en\/category\/deco-design\/mobilier\/mobilier-modulaire\/\" class=\"advgb-post-tax-term\">Modulable<\/a>","<a href=\"https:\/\/joyana.fr\/en\/category\/deco-design\/mobilier\/mobilier-modulaire\/\" class=\"advgb-post-tax-term\">Noir<\/a>","<a href=\"https:\/\/joyana.fr\/en\/category\/deco-design\/mobilier\/mobilier-modulaire\/\" class=\"advgb-post-tax-term\">Salons design<\/a>"],"unlinked":["<span class=\"advgb-post-tax-term\">Blanc<\/span>","<span class=\"advgb-post-tax-term\">DESIGN<\/span>","<span class=\"advgb-post-tax-term\">Modulable<\/span>","<span class=\"advgb-post-tax-term\">Noir<\/span>","<span class=\"advgb-post-tax-term\">Salons design<\/span>"]}},"comment_count":5,"relative_dates":{"created":"Posted 18 years ago","modified":"Updated 18 years ago"},"absolute_dates":{"created":"Posted on 9 September 2008","modified":"Updated on 9 September 2008"},"absolute_dates_time":{"created":"Posted on 9 September 2008 9:55","modified":"Updated on 9 September 2008 9:55"},"featured_img_caption":"","series_order":"","jetpack_sharing_enabled":true,"jetpack_shortlink":"https:\/\/wp.me\/p9bteI-qpN","jetpack-related-posts":[],"_links":{"self":[{"href":"https:\/\/joyana.fr\/en\/wp-json\/wp\/v2\/posts\/101543","targetHints":{"allow":["GET"]}}],"collection":[{"href":"https:\/\/joyana.fr\/en\/wp-json\/wp\/v2\/posts"}],"about":[{"href":"https:\/\/joyana.fr\/en\/wp-json\/wp\/v2\/types\/post"}],"author":[{"embeddable":true,"href":"https:\/\/joyana.fr\/en\/wp-json\/wp\/v2\/users\/3"}],"replies":[{"embeddable":true,"href":"https:\/\/joyana.fr\/en\/wp-json\/wp\/v2\/comments?post=101543"}],"version-history":[{"count":0,"href":"https:\/\/joyana.fr\/en\/wp-json\/wp\/v2\/posts\/101543\/revisions"}],"wp:featuredmedia":[{"embeddable":true,"href":"https:\/\/joyana.fr\/en\/wp-json\/wp\/v2\/media\/124300"}],"wp:attachment":[{"href":"https:\/\/joyana.fr\/en\/wp-json\/wp\/v2\/media?parent=101543"}],"wp:term":[{"taxonomy":"category","embeddable":true,"href":"https:\/\/joyana.fr\/en\/wp-json\/wp\/v2\/categories?post=101543"},{"taxonomy":"post_tag","embeddable":true,"href":"https:\/\/joyana.fr\/en\/wp-json\/wp\/v2\/tags?post=101543"}],"curies":[{"name":"wp","href":"https:\/\/api.w.org\/{rel}","templated":true}]}}