{"id":102137,"date":"2009-02-04T06:54:15","date_gmt":"2009-02-04T05:54:15","guid":{"rendered":"https:\/\/joyana.fr\/exposition-8-12-par-pierre-charpin-a-la-galerie-kreo\/"},"modified":"2009-02-04T06:54:15","modified_gmt":"2009-02-04T05:54:15","slug":"exposition-8-12-par-pierre-charpin-a-la-galerie-kreo","status":"publish","type":"post","link":"https:\/\/joyana.fr\/en\/exposition-8-12-par-pierre-charpin-a-la-galerie-kreo\/102137\/","title":{"rendered":"Exposition \u00ab 8 \u00bd \u00bb par Pierre CHARPIN \u00e0 la Galerie KREO"},"content":{"rendered":"<p>La <strong>Galerie Kreo<\/strong> consacre une exposition au designer <strong>Pierre Charpin<\/strong>, intitul\u00e9e <strong>\u00ab 8 \u00bd \u00bb<\/strong>. Un nom qui ne doit rien au hasard puisque ce n&#8217;est pas moins de 8 pi\u00e8ces et demi que nous allons d\u00e9couvrir&#8230;<\/p>\n<p><img data-recalc-dims=\"1\" fetchpriority=\"high\" decoding=\"async\" src=\"https:\/\/i0.wp.com\/joyana.fr\/wp-content\/uploads\/kreovue-generale-1.jpg?resize=500%2C316&#038;ssl=1\" alt=\"Exposition 8 \u00bd par Pierre CHARPIN \u00e0 la Galerie KREO\" align=\"top\" border=\"0\" height=\"316\" hspace=\"8\" width=\"500\" \/><\/p>\n<p>Ci-dessous le porte-manteaux \u00ab Monolithe \u00bb en r\u00e9sine noire polie. A sa droite un superbe luminaire nomm\u00e9 \u00ab Parabole \u00bb<strong> <\/strong>dont la structure est en tube m\u00e9tallique et l\u2019abat-jour en r\u00e9sine et fix\u00e9 au mur.<\/p>\n<p><img data-recalc-dims=\"1\" decoding=\"async\" src=\"https:\/\/i0.wp.com\/joyana.fr\/wp-content\/uploads\/kreovue-generale-4.jpg?resize=500%2C375&#038;ssl=1\" alt=\"Exposition 8 \u00bd par Pierre CHARPIN \u00e0 la Galerie KREO\" align=\"top\" border=\"0\" height=\"375\" hspace=\"8\" width=\"500\" \/><\/p>\n<p>A gauche la table basse \u00ab Cargo \u00bb en aluminium laqu\u00e9 mate, et \u00e0 sa droite l&#8217;\u00e9tag\u00e8re \u00ab S\u00e9quence \u00bb en aluminium laqu\u00e9 d&#8217;une peinture m\u00e9tallis\u00e9e couleur vert p\u00e2le.<\/p>\n<p><img data-recalc-dims=\"1\" decoding=\"async\" src=\"https:\/\/i0.wp.com\/joyana.fr\/wp-content\/uploads\/kreovue-generale-3.jpg?resize=500%2C301&#038;ssl=1\" alt=\"Exposition 8 \u00bd par Pierre CHARPIN \u00e0 la Galerie KREO\" align=\"top\" border=\"0\" height=\"301\" hspace=\"8\" width=\"500\" \/><\/p>\n<p>Ci-dessous une des plus belles pi\u00e8ces de cette <strong>exposition\u00a0 \u00ab 8 \u00bd \u00bb<\/strong> le meuble de rangement \u00ab Faro \u00bb avec son caisson en acier laqu\u00e9\u00a0 et sa superbe boite de rangement en aluminium laqu\u00e9 d&#8217;une peinture m\u00e9tallis\u00e9e jaune d&#8217;or.<\/p>\n<p><img data-recalc-dims=\"1\" loading=\"lazy\" decoding=\"async\" src=\"https:\/\/i0.wp.com\/joyana.fr\/wp-content\/uploads\/kreovue-generale-8.jpg?resize=500%2C375&#038;ssl=1\" alt=\"Exposition 8 \u00bd par Pierre CHARPIN \u00e0 la Galerie KREO\" align=\"top\" border=\"0\" height=\"375\" hspace=\"8\" width=\"500\" \/><\/p>\n<p>Le luminaire \u00ab Eclipse \u00bb, une lampe sur pied en r\u00e9sine finition polie brillante, avec la possibilit\u00e9 de faire pivoter l\u2019ampoule autour de l\u2019axe du pied de lampe.<\/p>\n<p><img data-recalc-dims=\"1\" loading=\"lazy\" decoding=\"async\" src=\"https:\/\/i0.wp.com\/joyana.fr\/wp-content\/uploads\/kreovue-generale-7.jpg?resize=500%2C345&#038;ssl=1\" alt=\"Exposition 8 \u00bd par Pierre CHARPIN \u00e0 la Galerie KREO\" align=\"top\" border=\"0\" height=\"345\" hspace=\"8\" width=\"500\" \/><\/p>\n<p>Voici surement la pi\u00e8ce qui donne le nom de <strong>\u00ab 8 \u00bd \u00bb<\/strong> \u00e0 cette exposition de la <strong>Galerie Kreo<\/strong>, un \u00e9tonnant vide-poche suspendu intitul\u00e9 \u00ab Ufo \u00bb<\/p>\n<p><img data-recalc-dims=\"1\" loading=\"lazy\" decoding=\"async\" src=\"https:\/\/i0.wp.com\/joyana.fr\/wp-content\/uploads\/kreovue-generale-6.jpg?resize=500%2C326&#038;ssl=1\" alt=\"Exposition 8 \u00bd par Pierre CHARPIN \u00e0 la Galerie KREO\" align=\"top\" border=\"0\" height=\"326\" hspace=\"8\" width=\"500\" \/><\/p>\n<p>Toutes ces pi\u00e8ces sign\u00e9es Pierre Charpin sont limit\u00e9es \u00e0 8 exemplaires + 2 E. A. + 2 Prototypes. Pi\u00e8ces num\u00e9rot\u00e9es et sign\u00e9es.<\/p>\n<p>L&#8217;<strong>exposition<\/strong> <strong>\u00ab 8 \u00bd \u00bb <\/strong>est \u00e0 d\u00e9couvrir \u00e0 la <a href=\"https:\/\/joyana.fr\/la-galerie-kreo-sinstalle-rive-gauche\/\"><strong>Galerie Kreo<\/strong><\/a> du 31 janvier 2009 au 28 mars 2009.<\/p>\n<p>31, rue Dauphine\u00a0 75006\u00a0 Paris\u00a0 France\u00a0\u00a0 |\u00a0\u00a0 tel +33 (0)1 53 10 23 00<\/p>\n<p><strong><a href=\"http:\/\/www.galeriekreo.com\/\">http:\/\/www.galeriekreo.com\/<\/a><\/strong><\/p>\n<p>&#8212;&#8212;&#8212;&#8212;&#8211;<\/p>\n<p><a href=\"jo_yana@hotmail.com\">Jo Yana <\/a><\/p>\n","protected":false},"excerpt":{"rendered":"<p>La Galerie Kreo consacre une exposition au designer Pierre Charpin, intitul\u00e9e \u00ab 8 \u00bd \u00bb. Un nom qui ne doit rien au hasard puisque ce n&#8217;est pas moins de 8 pi\u00e8ces et demi que nous allons d\u00e9couvrir&#8230; Ci-dessous le porte-manteaux \u00ab Monolithe \u00bb en r\u00e9sine noire polie. A sa droite un superbe luminaire nomm\u00e9 \u00ab [&hellip;]<\/p>\n","protected":false},"author":3,"featured_media":124300,"comment_status":"open","ping_status":"open","sticky":false,"template":"","format":"standard","meta":{"_coblocks_attr":"","_coblocks_dimensions":"","_coblocks_responsive_height":"","_coblocks_accordion_ie_support":"","_uag_custom_page_level_css":"","advgb_blocks_editor_width":"","advgb_blocks_columns_visual_guide":"","_genesis_hide_title":false,"_genesis_hide_breadcrumbs":false,"_genesis_hide_singular_image":false,"_genesis_hide_footer_widgets":false,"_genesis_custom_body_class":"","_genesis_custom_post_class":"","_genesis_layout":"","_themeisle_gutenberg_block_has_review":false,"_jetpack_newsletter_access":"","_jetpack_dont_email_post_to_subs":false,"_jetpack_newsletter_tier_id":0,"_jetpack_memberships_contains_paywalled_content":false,"_jetpack_memberships_contains_paid_content":false,"footnotes":""},"categories":[938,940,905],"tags":[943,78],"class_list":{"0":"post-102137","1":"post","2":"type-post","3":"status-publish","4":"format-standard","5":"has-post-thumbnail","7":"category-actualite-deco-design","8":"category-art-contemporain","9":"category-deco-design","10":"tag-art-contemporain","11":"tag-design","12":"entry"},"featured_image_urls":{"full":["https:\/\/i0.wp.com\/joyana.fr\/wp-content\/uploads\/2016\/08\/joyana-logo-black-360x180.png?fit=360%2C180&ssl=1",360,180,false],"thumbnail":["https:\/\/i0.wp.com\/joyana.fr\/wp-content\/uploads\/2016\/08\/joyana-logo-black-360x180.png?resize=150%2C150&ssl=1",150,150,true],"medium":["https:\/\/i0.wp.com\/joyana.fr\/wp-content\/uploads\/2016\/08\/joyana-logo-black-360x180.png?fit=360%2C180&ssl=1",360,180,true],"medium_large":["https:\/\/i0.wp.com\/joyana.fr\/wp-content\/uploads\/2016\/08\/joyana-logo-black-360x180.png?fit=360%2C180&ssl=1",360,180,true],"large":["https:\/\/i0.wp.com\/joyana.fr\/wp-content\/uploads\/2016\/08\/joyana-logo-black-360x180.png?fit=360%2C180&ssl=1",360,180,true],"1536x1536":["https:\/\/i0.wp.com\/joyana.fr\/wp-content\/uploads\/2016\/08\/joyana-logo-black-360x180.png?fit=360%2C180&ssl=1",360,180,true],"2048x2048":["https:\/\/i0.wp.com\/joyana.fr\/wp-content\/uploads\/2016\/08\/joyana-logo-black-360x180.png?fit=360%2C180&ssl=1",360,180,true],"featured-thumb":["https:\/\/i0.wp.com\/joyana.fr\/wp-content\/uploads\/2016\/08\/joyana-logo-black-360x180.png?resize=360%2C180&ssl=1",360,180,true],"ab-block-post-grid-landscape":["https:\/\/i0.wp.com\/joyana.fr\/wp-content\/uploads\/2016\/08\/joyana-logo-black-360x180.png?resize=360%2C180&ssl=1",360,180,true],"ab-block-post-grid-square":["https:\/\/i0.wp.com\/joyana.fr\/wp-content\/uploads\/2016\/08\/joyana-logo-black-360x180.png?resize=360%2C180&ssl=1",360,180,true],"author-pro-image":["https:\/\/i0.wp.com\/joyana.fr\/wp-content\/uploads\/2016\/08\/joyana-logo-black-360x180.png?resize=360%2C180&ssl=1",360,180,true],"slider":["https:\/\/i0.wp.com\/joyana.fr\/wp-content\/uploads\/2016\/08\/joyana-logo-black-360x180.png?resize=360%2C180&ssl=1",360,180,true],"woocommerce_thumbnail":["https:\/\/i0.wp.com\/joyana.fr\/wp-content\/uploads\/2016\/08\/joyana-logo-black-360x180.png?resize=300%2C180&ssl=1",300,180,true],"woocommerce_single":["https:\/\/i0.wp.com\/joyana.fr\/wp-content\/uploads\/2016\/08\/joyana-logo-black-360x180.png?fit=360%2C180&ssl=1",360,180,true],"woocommerce_gallery_thumbnail":["https:\/\/i0.wp.com\/joyana.fr\/wp-content\/uploads\/2016\/08\/joyana-logo-black-360x180.png?resize=180%2C180&ssl=1",180,180,true],"sow-carousel-default":["https:\/\/i0.wp.com\/joyana.fr\/wp-content\/uploads\/2016\/08\/joyana-logo-black-360x180.png?resize=272%2C180&ssl=1",272,180,true]},"post_excerpt_stackable":"<p>La Galerie Kreo consacre une exposition au designer Pierre Charpin, intitul\u00e9e \u00ab 8 \u00bd \u00bb. Un nom qui ne doit rien au hasard puisque ce n&#8217;est pas moins de 8 pi\u00e8ces et demi que nous allons d\u00e9couvrir&#8230; Ci-dessous le porte-manteaux \u00ab Monolithe \u00bb en r\u00e9sine noire polie. A sa droite un superbe luminaire nomm\u00e9 \u00ab Parabole \u00bb dont la structure est en tube m\u00e9tallique et l\u2019abat-jour en r\u00e9sine et fix\u00e9 au mur. A gauche la table basse \u00ab Cargo \u00bb en aluminium laqu\u00e9 mate, et \u00e0 sa droite l&#8217;\u00e9tag\u00e8re \u00ab S\u00e9quence \u00bb en aluminium laqu\u00e9 d&#8217;une peinture m\u00e9tallis\u00e9e couleur vert&hellip;<\/p>\n","category_list":"<a href=\"https:\/\/joyana.fr\/en\/category\/deco-design\/actualite\/actualite-deco-design\/\" rel=\"category tag\">Actualit\u00e9 D\u00e9co-Design<\/a>, <a href=\"https:\/\/joyana.fr\/en\/category\/deco-design\/actualite\/art-contemporain\/\" rel=\"category tag\">Art Contemporain<\/a>, <a href=\"https:\/\/joyana.fr\/en\/category\/deco-design\/\" rel=\"category tag\">DECO-DESIGN<\/a>","author_info":{"display_name":"Jo Yana","author_link":"https:\/\/joyana.fr\/en\/author\/joyana\/"},"comments_num":"4 comments","featured_image_urls_v2":{"full":["https:\/\/i0.wp.com\/joyana.fr\/wp-content\/uploads\/2016\/08\/joyana-logo-black-360x180.png?fit=360%2C180&ssl=1",360,180,false],"thumbnail":["https:\/\/i0.wp.com\/joyana.fr\/wp-content\/uploads\/2016\/08\/joyana-logo-black-360x180.png?resize=150%2C150&ssl=1",150,150,true],"medium":["https:\/\/i0.wp.com\/joyana.fr\/wp-content\/uploads\/2016\/08\/joyana-logo-black-360x180.png?fit=360%2C180&ssl=1",360,180,true],"medium_large":["https:\/\/i0.wp.com\/joyana.fr\/wp-content\/uploads\/2016\/08\/joyana-logo-black-360x180.png?fit=360%2C180&ssl=1",360,180,true],"large":["https:\/\/i0.wp.com\/joyana.fr\/wp-content\/uploads\/2016\/08\/joyana-logo-black-360x180.png?fit=360%2C180&ssl=1",360,180,true],"1536x1536":["https:\/\/i0.wp.com\/joyana.fr\/wp-content\/uploads\/2016\/08\/joyana-logo-black-360x180.png?fit=360%2C180&ssl=1",360,180,true],"2048x2048":["https:\/\/i0.wp.com\/joyana.fr\/wp-content\/uploads\/2016\/08\/joyana-logo-black-360x180.png?fit=360%2C180&ssl=1",360,180,true],"featured-thumb":["https:\/\/i0.wp.com\/joyana.fr\/wp-content\/uploads\/2016\/08\/joyana-logo-black-360x180.png?resize=360%2C180&ssl=1",360,180,true],"ab-block-post-grid-landscape":["https:\/\/i0.wp.com\/joyana.fr\/wp-content\/uploads\/2016\/08\/joyana-logo-black-360x180.png?resize=360%2C180&ssl=1",360,180,true],"ab-block-post-grid-square":["https:\/\/i0.wp.com\/joyana.fr\/wp-content\/uploads\/2016\/08\/joyana-logo-black-360x180.png?resize=360%2C180&ssl=1",360,180,true],"author-pro-image":["https:\/\/i0.wp.com\/joyana.fr\/wp-content\/uploads\/2016\/08\/joyana-logo-black-360x180.png?resize=360%2C180&ssl=1",360,180,true],"slider":["https:\/\/i0.wp.com\/joyana.fr\/wp-content\/uploads\/2016\/08\/joyana-logo-black-360x180.png?resize=360%2C180&ssl=1",360,180,true],"woocommerce_thumbnail":["https:\/\/i0.wp.com\/joyana.fr\/wp-content\/uploads\/2016\/08\/joyana-logo-black-360x180.png?resize=300%2C180&ssl=1",300,180,true],"woocommerce_single":["https:\/\/i0.wp.com\/joyana.fr\/wp-content\/uploads\/2016\/08\/joyana-logo-black-360x180.png?fit=360%2C180&ssl=1",360,180,true],"woocommerce_gallery_thumbnail":["https:\/\/i0.wp.com\/joyana.fr\/wp-content\/uploads\/2016\/08\/joyana-logo-black-360x180.png?resize=180%2C180&ssl=1",180,180,true],"sow-carousel-default":["https:\/\/i0.wp.com\/joyana.fr\/wp-content\/uploads\/2016\/08\/joyana-logo-black-360x180.png?resize=272%2C180&ssl=1",272,180,true]},"post_excerpt_stackable_v2":"<p>La Galerie Kreo consacre une exposition au designer Pierre Charpin, intitul\u00e9e \u00ab 8 \u00bd \u00bb. Un nom qui ne doit rien au hasard puisque ce n&#8217;est pas moins de 8 pi\u00e8ces et demi que nous allons d\u00e9couvrir&#8230; Ci-dessous le porte-manteaux \u00ab Monolithe \u00bb en r\u00e9sine noire polie. A sa droite un superbe luminaire nomm\u00e9 \u00ab Parabole \u00bb dont la structure est en tube m\u00e9tallique et l\u2019abat-jour en r\u00e9sine et fix\u00e9 au mur. A gauche la table basse \u00ab Cargo \u00bb en aluminium laqu\u00e9 mate, et \u00e0 sa droite l&#8217;\u00e9tag\u00e8re \u00ab S\u00e9quence \u00bb en aluminium laqu\u00e9 d&#8217;une peinture m\u00e9tallis\u00e9e couleur vert&hellip;<\/p>\n","category_list_v2":"<a href=\"https:\/\/joyana.fr\/en\/category\/deco-design\/actualite\/actualite-deco-design\/\" rel=\"category tag\">Actualit\u00e9 D\u00e9co-Design<\/a>, <a href=\"https:\/\/joyana.fr\/en\/category\/deco-design\/actualite\/art-contemporain\/\" rel=\"category tag\">Art Contemporain<\/a>, <a href=\"https:\/\/joyana.fr\/en\/category\/deco-design\/\" rel=\"category tag\">DECO-DESIGN<\/a>","author_info_v2":{"name":"Jo Yana","url":"https:\/\/joyana.fr\/en\/author\/joyana\/"},"comments_num_v2":"4 comments","yoast_head":"<!-- This site is optimized with the Yoast SEO plugin v26.8 - https:\/\/yoast.com\/product\/yoast-seo-wordpress\/ -->\n<title>Exposition \u00ab 8 \u00bd \u00bb par Pierre CHARPIN \u00e0 la Galerie KREO - JO YANA<\/title>\n<meta name=\"robots\" content=\"index, follow, max-snippet:-1, max-image-preview:large, max-video-preview:-1\" \/>\n<link rel=\"canonical\" href=\"https:\/\/joyana.fr\/en\/exposition-8-12-par-pierre-charpin-a-la-galerie-kreo\/102137\/\" \/>\n<meta property=\"og:locale\" content=\"en_US\" \/>\n<meta property=\"og:locale:alternate\" content=\"fr_FR\" \/>\n<meta property=\"og:locale:alternate\" content=\"ja\" \/>\n<meta property=\"og:type\" content=\"article\" \/>\n<meta property=\"og:title\" content=\"Exposition \u00ab 8 \u00bd \u00bb par Pierre CHARPIN \u00e0 la Galerie KREO - JO YANA\" \/>\n<meta property=\"og:description\" content=\"La Galerie Kreo consacre une exposition au designer Pierre Charpin, intitul\u00e9e \u00ab 8 \u00bd \u00bb. Un nom qui ne doit rien au hasard puisque ce n&#8217;est pas moins de 8 pi\u00e8ces et demi que nous allons d\u00e9couvrir&#8230; Ci-dessous le porte-manteaux \u00ab Monolithe \u00bb en r\u00e9sine noire polie. A sa droite un superbe luminaire nomm\u00e9 \u00ab [&hellip;]\" \/>\n<meta property=\"og:url\" content=\"https:\/\/joyana.fr\/en\/exposition-8-12-par-pierre-charpin-a-la-galerie-kreo\/102137\/\" \/>\n<meta property=\"og:site_name\" content=\"JO YANA\" \/>\n<meta property=\"article:published_time\" content=\"2009-02-04T05:54:15+00:00\" \/>\n<meta property=\"og:image\" content=\"https:\/\/joyana.fr\/wp-content\/uploads\/2016\/08\/joyana-logo-black-360x180.png\" \/>\n\t<meta property=\"og:image:width\" content=\"360\" \/>\n\t<meta property=\"og:image:height\" content=\"180\" \/>\n\t<meta property=\"og:image:type\" content=\"image\/png\" \/>\n<meta name=\"author\" content=\"Jo Yana\" \/>\n<meta name=\"twitter:card\" content=\"summary_large_image\" \/>\n<meta name=\"twitter:creator\" content=\"@Jo_Yana\" \/>\n<meta name=\"twitter:site\" content=\"@Jo_Yana\" \/>\n<meta name=\"twitter:label1\" content=\"Written by\" \/>\n\t<meta name=\"twitter:data1\" content=\"Jo Yana\" \/>\n\t<meta name=\"twitter:label2\" content=\"Est. reading time\" \/>\n\t<meta name=\"twitter:data2\" content=\"1 minute\" \/>\n<script type=\"application\/ld+json\" class=\"yoast-schema-graph\">{\"@context\":\"https:\/\/schema.org\",\"@graph\":[{\"@type\":\"Article\",\"@id\":\"https:\/\/joyana.fr\/ja\/exposition-8-12-par-pierre-charpin-a-la-galerie-kreo\/102137\/#article\",\"isPartOf\":{\"@id\":\"https:\/\/joyana.fr\/ja\/exposition-8-12-par-pierre-charpin-a-la-galerie-kreo\/102137\/\"},\"author\":{\"name\":\"Jo Yana\",\"@id\":\"https:\/\/joyana.fr\/#\/schema\/person\/cf2a1ad12a27c12c21801075bf37407c\"},\"headline\":\"Exposition \u00ab 8 \u00bd \u00bb par Pierre CHARPIN \u00e0 la Galerie KREO\",\"datePublished\":\"2009-02-04T05:54:15+00:00\",\"mainEntityOfPage\":{\"@id\":\"https:\/\/joyana.fr\/ja\/exposition-8-12-par-pierre-charpin-a-la-galerie-kreo\/102137\/\"},\"wordCount\":246,\"commentCount\":4,\"publisher\":{\"@id\":\"https:\/\/joyana.fr\/#\/schema\/person\/cf2a1ad12a27c12c21801075bf37407c\"},\"image\":{\"@id\":\"https:\/\/joyana.fr\/ja\/exposition-8-12-par-pierre-charpin-a-la-galerie-kreo\/102137\/#primaryimage\"},\"thumbnailUrl\":\"https:\/\/i0.wp.com\/joyana.fr\/wp-content\/uploads\/2016\/08\/joyana-logo-black-360x180.png?fit=360%2C180&ssl=1\",\"keywords\":[\"Art Contemporain\",\"DESIGN\"],\"articleSection\":[\"Actualit\u00e9 D\u00e9co-Design\",\"Art Contemporain\",\"DECO-DESIGN\"],\"inLanguage\":\"en-US\",\"potentialAction\":[{\"@type\":\"CommentAction\",\"name\":\"Comment\",\"target\":[\"https:\/\/joyana.fr\/ja\/exposition-8-12-par-pierre-charpin-a-la-galerie-kreo\/102137\/#respond\"]}]},{\"@type\":\"WebPage\",\"@id\":\"https:\/\/joyana.fr\/ja\/exposition-8-12-par-pierre-charpin-a-la-galerie-kreo\/102137\/\",\"url\":\"https:\/\/joyana.fr\/ja\/exposition-8-12-par-pierre-charpin-a-la-galerie-kreo\/102137\/\",\"name\":\"Exposition \u00ab 8 \u00bd \u00bb par Pierre CHARPIN \u00e0 la Galerie KREO - JO YANA\",\"isPartOf\":{\"@id\":\"https:\/\/joyana.fr\/#website\"},\"primaryImageOfPage\":{\"@id\":\"https:\/\/joyana.fr\/ja\/exposition-8-12-par-pierre-charpin-a-la-galerie-kreo\/102137\/#primaryimage\"},\"image\":{\"@id\":\"https:\/\/joyana.fr\/ja\/exposition-8-12-par-pierre-charpin-a-la-galerie-kreo\/102137\/#primaryimage\"},\"thumbnailUrl\":\"https:\/\/i0.wp.com\/joyana.fr\/wp-content\/uploads\/2016\/08\/joyana-logo-black-360x180.png?fit=360%2C180&ssl=1\",\"datePublished\":\"2009-02-04T05:54:15+00:00\",\"breadcrumb\":{\"@id\":\"https:\/\/joyana.fr\/ja\/exposition-8-12-par-pierre-charpin-a-la-galerie-kreo\/102137\/#breadcrumb\"},\"inLanguage\":\"en-US\",\"potentialAction\":[{\"@type\":\"ReadAction\",\"target\":[\"https:\/\/joyana.fr\/ja\/exposition-8-12-par-pierre-charpin-a-la-galerie-kreo\/102137\/\"]}]},{\"@type\":\"ImageObject\",\"inLanguage\":\"en-US\",\"@id\":\"https:\/\/joyana.fr\/ja\/exposition-8-12-par-pierre-charpin-a-la-galerie-kreo\/102137\/#primaryimage\",\"url\":\"https:\/\/i0.wp.com\/joyana.fr\/wp-content\/uploads\/2016\/08\/joyana-logo-black-360x180.png?fit=360%2C180&ssl=1\",\"contentUrl\":\"https:\/\/i0.wp.com\/joyana.fr\/wp-content\/uploads\/2016\/08\/joyana-logo-black-360x180.png?fit=360%2C180&ssl=1\",\"width\":360,\"height\":180,\"caption\":\"logo joyana.fr\"},{\"@type\":\"BreadcrumbList\",\"@id\":\"https:\/\/joyana.fr\/ja\/exposition-8-12-par-pierre-charpin-a-la-galerie-kreo\/102137\/#breadcrumb\",\"itemListElement\":[{\"@type\":\"ListItem\",\"position\":1,\"name\":\"Accueil\",\"item\":\"https:\/\/joyana.fr\/\"},{\"@type\":\"ListItem\",\"position\":2,\"name\":\"Exposition \u00ab 8 \u00bd \u00bb par Pierre CHARPIN \u00e0 la Galerie KREO\"}]},{\"@type\":\"WebSite\",\"@id\":\"https:\/\/joyana.fr\/#website\",\"url\":\"https:\/\/joyana.fr\/\",\"name\":\"JO YANA\",\"description\":\"Blog Mode Homme, Lifestyle, D\u00e9co-Design\",\"publisher\":{\"@id\":\"https:\/\/joyana.fr\/#\/schema\/person\/cf2a1ad12a27c12c21801075bf37407c\"},\"potentialAction\":[{\"@type\":\"SearchAction\",\"target\":{\"@type\":\"EntryPoint\",\"urlTemplate\":\"https:\/\/joyana.fr\/?s={search_term_string}\"},\"query-input\":{\"@type\":\"PropertyValueSpecification\",\"valueRequired\":true,\"valueName\":\"search_term_string\"}}],\"inLanguage\":\"en-US\"},{\"@type\":[\"Person\",\"Organization\"],\"@id\":\"https:\/\/joyana.fr\/#\/schema\/person\/cf2a1ad12a27c12c21801075bf37407c\",\"name\":\"Jo Yana\",\"image\":{\"@type\":\"ImageObject\",\"inLanguage\":\"en-US\",\"@id\":\"https:\/\/joyana.fr\/#\/schema\/person\/image\/\",\"url\":\"https:\/\/i0.wp.com\/joyana.fr\/wp-content\/uploads\/2016\/08\/cropped-joyana-logo-black-360x180.png?fit=343%2C164&ssl=1\",\"contentUrl\":\"https:\/\/i0.wp.com\/joyana.fr\/wp-content\/uploads\/2016\/08\/cropped-joyana-logo-black-360x180.png?fit=343%2C164&ssl=1\",\"width\":343,\"height\":164,\"caption\":\"Jo Yana\"},\"logo\":{\"@id\":\"https:\/\/joyana.fr\/#\/schema\/person\/image\/\"},\"description\":\"Jo Yana est le cr\u00e9ateur et r\u00e9dacteur en chef des sites DECO-DESIGN. Passionn\u00e9 de Design, Mode, Photo, Luxe, Lifestyle, Musique, mais avant tout Blogueur ! Le plaisir de partager l'anime et a comme devise \\\"POUR L'AMOUR DU BEAU\\\". Retrouvez le aussi sur son blog personnel - https:\/\/joyana.fr...\",\"sameAs\":[\"https:\/\/joyana.fr\/\"],\"url\":\"https:\/\/joyana.fr\/en\/author\/joyana\/\"}]}<\/script>\n<!-- \/ Yoast SEO plugin. -->","yoast_head_json":{"title":"Exposition \u00ab 8 \u00bd \u00bb par Pierre CHARPIN \u00e0 la Galerie KREO - JO YANA","robots":{"index":"index","follow":"follow","max-snippet":"max-snippet:-1","max-image-preview":"max-image-preview:large","max-video-preview":"max-video-preview:-1"},"canonical":"https:\/\/joyana.fr\/en\/exposition-8-12-par-pierre-charpin-a-la-galerie-kreo\/102137\/","og_locale":"en_US","og_type":"article","og_title":"Exposition \u00ab 8 \u00bd \u00bb par Pierre CHARPIN \u00e0 la Galerie KREO - JO YANA","og_description":"La Galerie Kreo consacre une exposition au designer Pierre Charpin, intitul\u00e9e \u00ab 8 \u00bd \u00bb. Un nom qui ne doit rien au hasard puisque ce n&#8217;est pas moins de 8 pi\u00e8ces et demi que nous allons d\u00e9couvrir&#8230; Ci-dessous le porte-manteaux \u00ab Monolithe \u00bb en r\u00e9sine noire polie. A sa droite un superbe luminaire nomm\u00e9 \u00ab [&hellip;]","og_url":"https:\/\/joyana.fr\/en\/exposition-8-12-par-pierre-charpin-a-la-galerie-kreo\/102137\/","og_site_name":"JO YANA","article_published_time":"2009-02-04T05:54:15+00:00","og_image":[{"width":360,"height":180,"url":"https:\/\/joyana.fr\/wp-content\/uploads\/2016\/08\/joyana-logo-black-360x180.png","type":"image\/png"}],"author":"Jo Yana","twitter_card":"summary_large_image","twitter_creator":"@Jo_Yana","twitter_site":"@Jo_Yana","twitter_misc":{"Written by":"Jo Yana","Est. reading time":"1 minute"},"schema":{"@context":"https:\/\/schema.org","@graph":[{"@type":"Article","@id":"https:\/\/joyana.fr\/ja\/exposition-8-12-par-pierre-charpin-a-la-galerie-kreo\/102137\/#article","isPartOf":{"@id":"https:\/\/joyana.fr\/ja\/exposition-8-12-par-pierre-charpin-a-la-galerie-kreo\/102137\/"},"author":{"name":"Jo Yana","@id":"https:\/\/joyana.fr\/#\/schema\/person\/cf2a1ad12a27c12c21801075bf37407c"},"headline":"Exposition \u00ab 8 \u00bd \u00bb par Pierre CHARPIN \u00e0 la Galerie KREO","datePublished":"2009-02-04T05:54:15+00:00","mainEntityOfPage":{"@id":"https:\/\/joyana.fr\/ja\/exposition-8-12-par-pierre-charpin-a-la-galerie-kreo\/102137\/"},"wordCount":246,"commentCount":4,"publisher":{"@id":"https:\/\/joyana.fr\/#\/schema\/person\/cf2a1ad12a27c12c21801075bf37407c"},"image":{"@id":"https:\/\/joyana.fr\/ja\/exposition-8-12-par-pierre-charpin-a-la-galerie-kreo\/102137\/#primaryimage"},"thumbnailUrl":"https:\/\/i0.wp.com\/joyana.fr\/wp-content\/uploads\/2016\/08\/joyana-logo-black-360x180.png?fit=360%2C180&ssl=1","keywords":["Art Contemporain","DESIGN"],"articleSection":["Actualit\u00e9 D\u00e9co-Design","Art Contemporain","DECO-DESIGN"],"inLanguage":"en-US","potentialAction":[{"@type":"CommentAction","name":"Comment","target":["https:\/\/joyana.fr\/ja\/exposition-8-12-par-pierre-charpin-a-la-galerie-kreo\/102137\/#respond"]}]},{"@type":"WebPage","@id":"https:\/\/joyana.fr\/ja\/exposition-8-12-par-pierre-charpin-a-la-galerie-kreo\/102137\/","url":"https:\/\/joyana.fr\/ja\/exposition-8-12-par-pierre-charpin-a-la-galerie-kreo\/102137\/","name":"Exposition \u00ab 8 \u00bd \u00bb par Pierre CHARPIN \u00e0 la Galerie KREO - JO YANA","isPartOf":{"@id":"https:\/\/joyana.fr\/#website"},"primaryImageOfPage":{"@id":"https:\/\/joyana.fr\/ja\/exposition-8-12-par-pierre-charpin-a-la-galerie-kreo\/102137\/#primaryimage"},"image":{"@id":"https:\/\/joyana.fr\/ja\/exposition-8-12-par-pierre-charpin-a-la-galerie-kreo\/102137\/#primaryimage"},"thumbnailUrl":"https:\/\/i0.wp.com\/joyana.fr\/wp-content\/uploads\/2016\/08\/joyana-logo-black-360x180.png?fit=360%2C180&ssl=1","datePublished":"2009-02-04T05:54:15+00:00","breadcrumb":{"@id":"https:\/\/joyana.fr\/ja\/exposition-8-12-par-pierre-charpin-a-la-galerie-kreo\/102137\/#breadcrumb"},"inLanguage":"en-US","potentialAction":[{"@type":"ReadAction","target":["https:\/\/joyana.fr\/ja\/exposition-8-12-par-pierre-charpin-a-la-galerie-kreo\/102137\/"]}]},{"@type":"ImageObject","inLanguage":"en-US","@id":"https:\/\/joyana.fr\/ja\/exposition-8-12-par-pierre-charpin-a-la-galerie-kreo\/102137\/#primaryimage","url":"https:\/\/i0.wp.com\/joyana.fr\/wp-content\/uploads\/2016\/08\/joyana-logo-black-360x180.png?fit=360%2C180&ssl=1","contentUrl":"https:\/\/i0.wp.com\/joyana.fr\/wp-content\/uploads\/2016\/08\/joyana-logo-black-360x180.png?fit=360%2C180&ssl=1","width":360,"height":180,"caption":"logo joyana.fr"},{"@type":"BreadcrumbList","@id":"https:\/\/joyana.fr\/ja\/exposition-8-12-par-pierre-charpin-a-la-galerie-kreo\/102137\/#breadcrumb","itemListElement":[{"@type":"ListItem","position":1,"name":"Accueil","item":"https:\/\/joyana.fr\/"},{"@type":"ListItem","position":2,"name":"Exposition \u00ab 8 \u00bd \u00bb par Pierre CHARPIN \u00e0 la Galerie KREO"}]},{"@type":"WebSite","@id":"https:\/\/joyana.fr\/#website","url":"https:\/\/joyana.fr\/","name":"JO YANA","description":"Blog Mode Homme, Lifestyle, D\u00e9co-Design","publisher":{"@id":"https:\/\/joyana.fr\/#\/schema\/person\/cf2a1ad12a27c12c21801075bf37407c"},"potentialAction":[{"@type":"SearchAction","target":{"@type":"EntryPoint","urlTemplate":"https:\/\/joyana.fr\/?s={search_term_string}"},"query-input":{"@type":"PropertyValueSpecification","valueRequired":true,"valueName":"search_term_string"}}],"inLanguage":"en-US"},{"@type":["Person","Organization"],"@id":"https:\/\/joyana.fr\/#\/schema\/person\/cf2a1ad12a27c12c21801075bf37407c","name":"Jo Yana","image":{"@type":"ImageObject","inLanguage":"en-US","@id":"https:\/\/joyana.fr\/#\/schema\/person\/image\/","url":"https:\/\/i0.wp.com\/joyana.fr\/wp-content\/uploads\/2016\/08\/cropped-joyana-logo-black-360x180.png?fit=343%2C164&ssl=1","contentUrl":"https:\/\/i0.wp.com\/joyana.fr\/wp-content\/uploads\/2016\/08\/cropped-joyana-logo-black-360x180.png?fit=343%2C164&ssl=1","width":343,"height":164,"caption":"Jo Yana"},"logo":{"@id":"https:\/\/joyana.fr\/#\/schema\/person\/image\/"},"description":"Jo Yana est le cr\u00e9ateur et r\u00e9dacteur en chef des sites DECO-DESIGN. Passionn\u00e9 de Design, Mode, Photo, Luxe, Lifestyle, Musique, mais avant tout Blogueur ! Le plaisir de partager l'anime et a comme devise \"POUR L'AMOUR DU BEAU\". Retrouvez le aussi sur son blog personnel - https:\/\/joyana.fr...","sameAs":["https:\/\/joyana.fr\/"],"url":"https:\/\/joyana.fr\/en\/author\/joyana\/"}]}},"author_meta":{"display_name":"Jo Yana","author_link":"https:\/\/joyana.fr\/en\/author\/joyana\/"},"featured_img":"https:\/\/i0.wp.com\/joyana.fr\/wp-content\/uploads\/2016\/08\/joyana-logo-black-360x180.png?fit=360%2C180&ssl=1","featured_image_src":"https:\/\/i0.wp.com\/joyana.fr\/wp-content\/uploads\/2016\/08\/joyana-logo-black-360x180.png?resize=360%2C180&ssl=1","featured_image_src_square":"https:\/\/i0.wp.com\/joyana.fr\/wp-content\/uploads\/2016\/08\/joyana-logo-black-360x180.png?resize=360%2C180&ssl=1","jetpack_featured_media_url":"https:\/\/i0.wp.com\/joyana.fr\/wp-content\/uploads\/2016\/08\/joyana-logo-black-360x180.png?fit=360%2C180&ssl=1","uagb_featured_image_src":{"full":["https:\/\/i0.wp.com\/joyana.fr\/wp-content\/uploads\/2016\/08\/joyana-logo-black-360x180.png?fit=360%2C180&ssl=1",360,180,false],"thumbnail":["https:\/\/i0.wp.com\/joyana.fr\/wp-content\/uploads\/2016\/08\/joyana-logo-black-360x180.png?resize=150%2C150&ssl=1",150,150,true],"medium":["https:\/\/i0.wp.com\/joyana.fr\/wp-content\/uploads\/2016\/08\/joyana-logo-black-360x180.png?fit=360%2C180&ssl=1",360,180,true],"medium_large":["https:\/\/i0.wp.com\/joyana.fr\/wp-content\/uploads\/2016\/08\/joyana-logo-black-360x180.png?fit=360%2C180&ssl=1",360,180,true],"large":["https:\/\/i0.wp.com\/joyana.fr\/wp-content\/uploads\/2016\/08\/joyana-logo-black-360x180.png?fit=360%2C180&ssl=1",360,180,true],"1536x1536":["https:\/\/i0.wp.com\/joyana.fr\/wp-content\/uploads\/2016\/08\/joyana-logo-black-360x180.png?fit=360%2C180&ssl=1",360,180,true],"2048x2048":["https:\/\/i0.wp.com\/joyana.fr\/wp-content\/uploads\/2016\/08\/joyana-logo-black-360x180.png?fit=360%2C180&ssl=1",360,180,true],"featured-thumb":["https:\/\/i0.wp.com\/joyana.fr\/wp-content\/uploads\/2016\/08\/joyana-logo-black-360x180.png?resize=360%2C180&ssl=1",360,180,true],"ab-block-post-grid-landscape":["https:\/\/i0.wp.com\/joyana.fr\/wp-content\/uploads\/2016\/08\/joyana-logo-black-360x180.png?resize=360%2C180&ssl=1",360,180,true],"ab-block-post-grid-square":["https:\/\/i0.wp.com\/joyana.fr\/wp-content\/uploads\/2016\/08\/joyana-logo-black-360x180.png?resize=360%2C180&ssl=1",360,180,true],"author-pro-image":["https:\/\/i0.wp.com\/joyana.fr\/wp-content\/uploads\/2016\/08\/joyana-logo-black-360x180.png?resize=360%2C180&ssl=1",360,180,true],"slider":["https:\/\/i0.wp.com\/joyana.fr\/wp-content\/uploads\/2016\/08\/joyana-logo-black-360x180.png?resize=360%2C180&ssl=1",360,180,true],"woocommerce_thumbnail":["https:\/\/i0.wp.com\/joyana.fr\/wp-content\/uploads\/2016\/08\/joyana-logo-black-360x180.png?resize=300%2C180&ssl=1",300,180,true],"woocommerce_single":["https:\/\/i0.wp.com\/joyana.fr\/wp-content\/uploads\/2016\/08\/joyana-logo-black-360x180.png?fit=360%2C180&ssl=1",360,180,true],"woocommerce_gallery_thumbnail":["https:\/\/i0.wp.com\/joyana.fr\/wp-content\/uploads\/2016\/08\/joyana-logo-black-360x180.png?resize=180%2C180&ssl=1",180,180,true],"sow-carousel-default":["https:\/\/i0.wp.com\/joyana.fr\/wp-content\/uploads\/2016\/08\/joyana-logo-black-360x180.png?resize=272%2C180&ssl=1",272,180,true]},"uagb_author_info":{"display_name":"Jo Yana","author_link":"https:\/\/joyana.fr\/en\/author\/joyana\/"},"uagb_comment_info":4,"uagb_excerpt":"La Galerie Kreo consacre une exposition au designer Pierre Charpin, intitul\u00e9e \u00ab 8 \u00bd \u00bb. Un nom qui ne doit rien au hasard puisque ce n&#8217;est pas moins de 8 pi\u00e8ces et demi que nous allons d\u00e9couvrir&#8230; Ci-dessous le porte-manteaux \u00ab Monolithe \u00bb en r\u00e9sine noire polie. A sa droite un superbe luminaire nomm\u00e9 \u00ab&hellip;","coauthors":[],"tax_additional":{"categories":{"linked":["<a href=\"https:\/\/joyana.fr\/en\/category\/deco-design\/actualite\/actualite-deco-design\/\" class=\"advgb-post-tax-term\">Actualit\u00e9 D\u00e9co-Design<\/a>","<a href=\"https:\/\/joyana.fr\/en\/category\/deco-design\/actualite\/art-contemporain\/\" class=\"advgb-post-tax-term\">Art Contemporain<\/a>","<a href=\"https:\/\/joyana.fr\/en\/category\/deco-design\/\" class=\"advgb-post-tax-term\">DECO-DESIGN<\/a>"],"unlinked":["<span class=\"advgb-post-tax-term\">Actualit\u00e9 D\u00e9co-Design<\/span>","<span class=\"advgb-post-tax-term\">Art Contemporain<\/span>","<span class=\"advgb-post-tax-term\">DECO-DESIGN<\/span>"]},"tags":{"linked":["<a href=\"https:\/\/joyana.fr\/en\/category\/deco-design\/\" class=\"advgb-post-tax-term\">Art Contemporain<\/a>","<a href=\"https:\/\/joyana.fr\/en\/category\/deco-design\/\" class=\"advgb-post-tax-term\">DESIGN<\/a>"],"unlinked":["<span class=\"advgb-post-tax-term\">Art Contemporain<\/span>","<span class=\"advgb-post-tax-term\">DESIGN<\/span>"]}},"comment_count":4,"relative_dates":{"created":"Posted 17 years ago","modified":"Updated 17 years ago"},"absolute_dates":{"created":"Posted on 4 February 2009","modified":"Updated on 4 February 2009"},"absolute_dates_time":{"created":"Posted on 4 February 2009 6:54","modified":"Updated on 4 February 2009 6:54"},"featured_img_caption":"","series_order":"","jetpack_sharing_enabled":true,"jetpack_shortlink":"https:\/\/wp.me\/p9bteI-qzn","jetpack-related-posts":[],"_links":{"self":[{"href":"https:\/\/joyana.fr\/en\/wp-json\/wp\/v2\/posts\/102137","targetHints":{"allow":["GET"]}}],"collection":[{"href":"https:\/\/joyana.fr\/en\/wp-json\/wp\/v2\/posts"}],"about":[{"href":"https:\/\/joyana.fr\/en\/wp-json\/wp\/v2\/types\/post"}],"author":[{"embeddable":true,"href":"https:\/\/joyana.fr\/en\/wp-json\/wp\/v2\/users\/3"}],"replies":[{"embeddable":true,"href":"https:\/\/joyana.fr\/en\/wp-json\/wp\/v2\/comments?post=102137"}],"version-history":[{"count":0,"href":"https:\/\/joyana.fr\/en\/wp-json\/wp\/v2\/posts\/102137\/revisions"}],"wp:featuredmedia":[{"embeddable":true,"href":"https:\/\/joyana.fr\/en\/wp-json\/wp\/v2\/media\/124300"}],"wp:attachment":[{"href":"https:\/\/joyana.fr\/en\/wp-json\/wp\/v2\/media?parent=102137"}],"wp:term":[{"taxonomy":"category","embeddable":true,"href":"https:\/\/joyana.fr\/en\/wp-json\/wp\/v2\/categories?post=102137"},{"taxonomy":"post_tag","embeddable":true,"href":"https:\/\/joyana.fr\/en\/wp-json\/wp\/v2\/tags?post=102137"}],"curies":[{"name":"wp","href":"https:\/\/api.w.org\/{rel}","templated":true}]}}