{"id":102800,"date":"2009-08-13T08:50:31","date_gmt":"2009-08-13T07:50:31","guid":{"rendered":"https:\/\/joyana.fr\/quelles-seront-les-couleurs-tendances-2009-2010\/"},"modified":"2009-08-13T08:50:31","modified_gmt":"2009-08-13T07:50:31","slug":"quelles-seront-les-couleurs-tendances-2009-2010","status":"publish","type":"post","link":"https:\/\/joyana.fr\/en\/quelles-seront-les-couleurs-tendances-2009-2010\/102800\/","title":{"rendered":"Quelles seront les COULEURS TENDANCES 2009-2010 ???"},"content":{"rendered":"<p>Septembre approche, les nouvelles collections arrivent \u00e0 grands pas, le salon Maison &#038; Objet ouvrira bient\u00f4t ses portes&#8230; Et une question taraude les passionn\u00e9s de <strong>d\u00e9co <\/strong>: Quelles seront les <strong>couleurs tendances<\/strong> de cette ann\u00e9e ???<\/p>\n<p><img data-recalc-dims=\"1\" fetchpriority=\"high\" decoding=\"async\" src=\"https:\/\/i0.wp.com\/joyana.fr\/wp-content\/uploads\/couleurstendances.jpg?resize=500%2C400&#038;ssl=1\" alt=\"Quelles seront les COULEURS TENDANCES 2009-2010 ???\" align=\"top\" border=\"0\" height=\"400\" hspace=\"8\" width=\"500\" \/><\/p>\n<p> Hormis le trio de t\u00eate Blanc\/Noir\/Gris qui s\u00e9vit depuis quelques ann\u00e9es dans vos int\u00e9rieurs, notre \u00e9quipe a voulu savoir quelles seront les <strong>couleurs tendances 2009-2010<\/strong> que nous allons voir dans les prochains <a href=\"http:\/\/deco-design.fr-bb.com\/conseils-deco-relookings-f14\/\" title=\"RELOOKING FORUM DECO DESIGN\">relooking<\/a> sur notre <a href=\"http:\/\/deco-design.fr-bb.com\/\" title=\"FORUM DECO-DESIGN\">forum<\/a>&#8230;<\/p>\n<p>Nous avons mis la main sur les catalogues IKEA et FLY -les deux g\u00e9ants de la <strong>d\u00e9coration<\/strong>&#8211; qui donnent un aper\u00e7u des prochaines <strong>tendances <\/strong>:<\/p>\n<p>En parcourant les pages du catalogue <a href=\"https:\/\/joyana.fr\/ikea-collection-2010\/\" title=\"IKEA COLLECTION 2010\">IKEA 2010<\/a>, nous constatons une dominante ind\u00e9niable de jaune et de rose, qui se m\u00ealent parfaitement aux ambiances modernes et design du su\u00e9dois&#8230;<\/p>\n<p><img data-recalc-dims=\"1\" decoding=\"async\" src=\"https:\/\/i0.wp.com\/joyana.fr\/wp-content\/uploads\/couleurs-tendances-ikea2010.jpg?resize=500%2C468&#038;ssl=1\" alt=\"Quelles seront les COULEURS TENDANCES 2009-2010 ???\" align=\"top\" border=\"0\" height=\"468\" hspace=\"8\" width=\"500\" \/><\/p>\n<p><img data-recalc-dims=\"1\" decoding=\"async\" src=\"https:\/\/i0.wp.com\/joyana.fr\/wp-content\/uploads\/couleurs-tendances-image8-1.png?resize=500%2C345&#038;ssl=1\" alt=\"Quelles seront les COULEURS TENDANCES 2009-2010 ???\" align=\"top\" border=\"0\" height=\"345\" hspace=\"8\" width=\"500\" \/><\/p>\n<p>Chez FLY le panache de couleurs est un peu plus vaste: nous retrouvons de nouveau le jaune et nous on adore !!! Le violet a une place importante dans le catalogue, avec d&#8217;autres couleurs assez vives comme le bleu ou le rose&#8230;<\/p>\n<p><img data-recalc-dims=\"1\" loading=\"lazy\" decoding=\"async\" src=\"https:\/\/i0.wp.com\/joyana.fr\/wp-content\/uploads\/couleurs-tendances-image7-2.png?resize=500%2C561&#038;ssl=1\" alt=\"Quelles seront les COULEURS TENDANCES 2009-2010 ???\" align=\"top\" border=\"0\" height=\"561\" hspace=\"8\" width=\"500\" \/><\/p>\n<p><img data-recalc-dims=\"1\" loading=\"lazy\" decoding=\"async\" src=\"https:\/\/i0.wp.com\/joyana.fr\/wp-content\/uploads\/couleurs-tendances-image3-9.png?resize=500%2C528&#038;ssl=1\" alt=\"Quelles seront les COULEURS TENDANCES 2009-2010 ???\" align=\"top\" border=\"0\" height=\"528\" hspace=\"8\" width=\"500\" \/><\/p>\n<p>Surprise apr\u00e8s avoir \u00e9t\u00e9 la star des catalogues il y a 2-3 ans, le rouge revient par petites touches dans nos int\u00e9rieurs, \u00e0 suivre&#8230;<\/p>\n<p><img data-recalc-dims=\"1\" loading=\"lazy\" decoding=\"async\" src=\"https:\/\/i0.wp.com\/joyana.fr\/wp-content\/uploads\/couleurs-tendances-mage4-9.png?resize=500%2C435&#038;ssl=1\" alt=\"Quelles seront les COULEURS TENDANCES 2009-2010 ???\" align=\"top\" border=\"0\" height=\"435\" hspace=\"8\" width=\"500\" \/><\/p>\n<p>Sur le <a href=\"http:\/\/deco-design.fr-bb.com\/\" title=\"FORUM D\u00e9CO-DESIGN\">Forum D\u00e9co-Design<\/a> les couleurs qui reviennent le plus en ce moment sont les gris, prune, rouge et vert. Alors est ce que ces couleurs assez classiques vont laisser place aux couleurs flashys de cette ann\u00e9e ???<\/p>\n<p><img data-recalc-dims=\"1\" loading=\"lazy\" decoding=\"async\" src=\"https:\/\/i0.wp.com\/joyana.fr\/wp-content\/uploads\/couleurs-tendances-ral-color-chart-web.jpg?resize=500%2C726&#038;ssl=1\" alt=\"Quelles seront les COULEURS TENDANCES 2009-2010 ???\" align=\"top\" border=\"0\" height=\"726\" hspace=\"8\" width=\"500\" \/><\/p>\n<p>Nous attendons avec impatience l&#8217;ouverture du salon <a href=\"https:\/\/joyana.fr\/category\/maison-et-objet\/\" title=\"MAISON &#038; OBJET\">Maison &#038; Objet<\/a> de Septembre 2009 pour d\u00e9couvrir les collections des grands \u00e9diteurs de meubles design pour se prononcer d\u00e9finitivement sur le panel gagnant.<\/p>\n<p>Et pour vous <strong>quelles seront les COULEURS TENDANCES 2009-2010 ???<\/strong><\/p>\n<p>&#8212;&#8212;&#8212;&#8212;<\/p>\n<p><a href=\"jo_yana@hotmail.com\" title=\"JO YANA\">Jo Yana<\/a> &#038; <a href=\"http:\/\/deco-design.fr-bb.com\/groupcp.forum?g=633\">L&#8217;\u00e9quipe D\u00e9co-Design<\/a><\/p>\n","protected":false},"excerpt":{"rendered":"<p>Septembre approche, les nouvelles collections arrivent \u00e0 grands pas, le salon Maison &#038; Objet ouvrira bient\u00f4t ses portes&#8230; Et une question taraude les passionn\u00e9s de d\u00e9co : Quelles seront les couleurs tendances de cette ann\u00e9e ??? Hormis le trio de t\u00eate Blanc\/Noir\/Gris qui s\u00e9vit depuis quelques ann\u00e9es dans vos int\u00e9rieurs, notre \u00e9quipe a voulu savoir [&hellip;]<\/p>\n","protected":false},"author":3,"featured_media":124300,"comment_status":"open","ping_status":"open","sticky":false,"template":"","format":"standard","meta":{"_coblocks_attr":"","_coblocks_dimensions":"","_coblocks_responsive_height":"","_coblocks_accordion_ie_support":"","_uag_custom_page_level_css":"","advgb_blocks_editor_width":"","advgb_blocks_columns_visual_guide":"","_genesis_hide_title":false,"_genesis_hide_breadcrumbs":false,"_genesis_hide_singular_image":false,"_genesis_hide_footer_widgets":false,"_genesis_custom_body_class":"","_genesis_custom_post_class":"","_genesis_layout":"","_themeisle_gutenberg_block_has_review":false,"_jetpack_newsletter_access":"","_jetpack_dont_email_post_to_subs":false,"_jetpack_newsletter_tier_id":0,"_jetpack_memberships_contains_paywalled_content":false,"_jetpack_memberships_contains_paid_content":false,"footnotes":""},"categories":[905,935],"tags":[954,934,955,1048],"class_list":{"0":"post-102800","1":"post","2":"type-post","3":"status-publish","4":"format-standard","5":"has-post-thumbnail","7":"category-deco-design","8":"category-decoration","9":"tag-blog-deco-design","10":"tag-deco","11":"tag-forum-deco-design","12":"tag-relooking","13":"entry"},"featured_image_urls":{"full":["https:\/\/i0.wp.com\/joyana.fr\/wp-content\/uploads\/2016\/08\/joyana-logo-black-360x180.png?fit=360%2C180&ssl=1",360,180,false],"thumbnail":["https:\/\/i0.wp.com\/joyana.fr\/wp-content\/uploads\/2016\/08\/joyana-logo-black-360x180.png?resize=150%2C150&ssl=1",150,150,true],"medium":["https:\/\/i0.wp.com\/joyana.fr\/wp-content\/uploads\/2016\/08\/joyana-logo-black-360x180.png?fit=360%2C180&ssl=1",360,180,true],"medium_large":["https:\/\/i0.wp.com\/joyana.fr\/wp-content\/uploads\/2016\/08\/joyana-logo-black-360x180.png?fit=360%2C180&ssl=1",360,180,true],"large":["https:\/\/i0.wp.com\/joyana.fr\/wp-content\/uploads\/2016\/08\/joyana-logo-black-360x180.png?fit=360%2C180&ssl=1",360,180,true],"1536x1536":["https:\/\/i0.wp.com\/joyana.fr\/wp-content\/uploads\/2016\/08\/joyana-logo-black-360x180.png?fit=360%2C180&ssl=1",360,180,true],"2048x2048":["https:\/\/i0.wp.com\/joyana.fr\/wp-content\/uploads\/2016\/08\/joyana-logo-black-360x180.png?fit=360%2C180&ssl=1",360,180,true],"featured-thumb":["https:\/\/i0.wp.com\/joyana.fr\/wp-content\/uploads\/2016\/08\/joyana-logo-black-360x180.png?resize=360%2C180&ssl=1",360,180,true],"ab-block-post-grid-landscape":["https:\/\/i0.wp.com\/joyana.fr\/wp-content\/uploads\/2016\/08\/joyana-logo-black-360x180.png?resize=360%2C180&ssl=1",360,180,true],"ab-block-post-grid-square":["https:\/\/i0.wp.com\/joyana.fr\/wp-content\/uploads\/2016\/08\/joyana-logo-black-360x180.png?resize=360%2C180&ssl=1",360,180,true],"author-pro-image":["https:\/\/i0.wp.com\/joyana.fr\/wp-content\/uploads\/2016\/08\/joyana-logo-black-360x180.png?resize=360%2C180&ssl=1",360,180,true],"slider":["https:\/\/i0.wp.com\/joyana.fr\/wp-content\/uploads\/2016\/08\/joyana-logo-black-360x180.png?resize=360%2C180&ssl=1",360,180,true],"woocommerce_thumbnail":["https:\/\/i0.wp.com\/joyana.fr\/wp-content\/uploads\/2016\/08\/joyana-logo-black-360x180.png?resize=300%2C180&ssl=1",300,180,true],"woocommerce_single":["https:\/\/i0.wp.com\/joyana.fr\/wp-content\/uploads\/2016\/08\/joyana-logo-black-360x180.png?fit=360%2C180&ssl=1",360,180,true],"woocommerce_gallery_thumbnail":["https:\/\/i0.wp.com\/joyana.fr\/wp-content\/uploads\/2016\/08\/joyana-logo-black-360x180.png?resize=180%2C180&ssl=1",180,180,true],"sow-carousel-default":["https:\/\/i0.wp.com\/joyana.fr\/wp-content\/uploads\/2016\/08\/joyana-logo-black-360x180.png?resize=272%2C180&ssl=1",272,180,true]},"post_excerpt_stackable":"<p>Septembre approche, les nouvelles collections arrivent \u00e0 grands pas, le salon Maison &#038; Objet ouvrira bient\u00f4t ses portes&#8230; Et une question taraude les passionn\u00e9s de d\u00e9co : Quelles seront les couleurs tendances de cette ann\u00e9e ??? Hormis le trio de t\u00eate Blanc\/Noir\/Gris qui s\u00e9vit depuis quelques ann\u00e9es dans vos int\u00e9rieurs, notre \u00e9quipe a voulu savoir quelles seront les couleurs tendances 2009-2010 que nous allons voir dans les prochains relooking sur notre forum&#8230; Nous avons mis la main sur les catalogues IKEA et FLY -les deux g\u00e9ants de la d\u00e9coration&#8211; qui donnent un aper\u00e7u des prochaines tendances : En parcourant les&hellip;<\/p>\n","category_list":"<a href=\"https:\/\/joyana.fr\/en\/category\/deco-design\/\" rel=\"category tag\">DECO-DESIGN<\/a>, <a href=\"https:\/\/joyana.fr\/en\/category\/deco-design\/decoration\/\" rel=\"category tag\">D\u00e9coration<\/a>","author_info":{"display_name":"Jo Yana","author_link":"https:\/\/joyana.fr\/en\/author\/joyana\/"},"comments_num":"20 comments","featured_image_urls_v2":{"full":["https:\/\/i0.wp.com\/joyana.fr\/wp-content\/uploads\/2016\/08\/joyana-logo-black-360x180.png?fit=360%2C180&ssl=1",360,180,false],"thumbnail":["https:\/\/i0.wp.com\/joyana.fr\/wp-content\/uploads\/2016\/08\/joyana-logo-black-360x180.png?resize=150%2C150&ssl=1",150,150,true],"medium":["https:\/\/i0.wp.com\/joyana.fr\/wp-content\/uploads\/2016\/08\/joyana-logo-black-360x180.png?fit=360%2C180&ssl=1",360,180,true],"medium_large":["https:\/\/i0.wp.com\/joyana.fr\/wp-content\/uploads\/2016\/08\/joyana-logo-black-360x180.png?fit=360%2C180&ssl=1",360,180,true],"large":["https:\/\/i0.wp.com\/joyana.fr\/wp-content\/uploads\/2016\/08\/joyana-logo-black-360x180.png?fit=360%2C180&ssl=1",360,180,true],"1536x1536":["https:\/\/i0.wp.com\/joyana.fr\/wp-content\/uploads\/2016\/08\/joyana-logo-black-360x180.png?fit=360%2C180&ssl=1",360,180,true],"2048x2048":["https:\/\/i0.wp.com\/joyana.fr\/wp-content\/uploads\/2016\/08\/joyana-logo-black-360x180.png?fit=360%2C180&ssl=1",360,180,true],"featured-thumb":["https:\/\/i0.wp.com\/joyana.fr\/wp-content\/uploads\/2016\/08\/joyana-logo-black-360x180.png?resize=360%2C180&ssl=1",360,180,true],"ab-block-post-grid-landscape":["https:\/\/i0.wp.com\/joyana.fr\/wp-content\/uploads\/2016\/08\/joyana-logo-black-360x180.png?resize=360%2C180&ssl=1",360,180,true],"ab-block-post-grid-square":["https:\/\/i0.wp.com\/joyana.fr\/wp-content\/uploads\/2016\/08\/joyana-logo-black-360x180.png?resize=360%2C180&ssl=1",360,180,true],"author-pro-image":["https:\/\/i0.wp.com\/joyana.fr\/wp-content\/uploads\/2016\/08\/joyana-logo-black-360x180.png?resize=360%2C180&ssl=1",360,180,true],"slider":["https:\/\/i0.wp.com\/joyana.fr\/wp-content\/uploads\/2016\/08\/joyana-logo-black-360x180.png?resize=360%2C180&ssl=1",360,180,true],"woocommerce_thumbnail":["https:\/\/i0.wp.com\/joyana.fr\/wp-content\/uploads\/2016\/08\/joyana-logo-black-360x180.png?resize=300%2C180&ssl=1",300,180,true],"woocommerce_single":["https:\/\/i0.wp.com\/joyana.fr\/wp-content\/uploads\/2016\/08\/joyana-logo-black-360x180.png?fit=360%2C180&ssl=1",360,180,true],"woocommerce_gallery_thumbnail":["https:\/\/i0.wp.com\/joyana.fr\/wp-content\/uploads\/2016\/08\/joyana-logo-black-360x180.png?resize=180%2C180&ssl=1",180,180,true],"sow-carousel-default":["https:\/\/i0.wp.com\/joyana.fr\/wp-content\/uploads\/2016\/08\/joyana-logo-black-360x180.png?resize=272%2C180&ssl=1",272,180,true]},"post_excerpt_stackable_v2":"<p>Septembre approche, les nouvelles collections arrivent \u00e0 grands pas, le salon Maison &#038; Objet ouvrira bient\u00f4t ses portes&#8230; Et une question taraude les passionn\u00e9s de d\u00e9co : Quelles seront les couleurs tendances de cette ann\u00e9e ??? Hormis le trio de t\u00eate Blanc\/Noir\/Gris qui s\u00e9vit depuis quelques ann\u00e9es dans vos int\u00e9rieurs, notre \u00e9quipe a voulu savoir quelles seront les couleurs tendances 2009-2010 que nous allons voir dans les prochains relooking sur notre forum&#8230; Nous avons mis la main sur les catalogues IKEA et FLY -les deux g\u00e9ants de la d\u00e9coration&#8211; qui donnent un aper\u00e7u des prochaines tendances : En parcourant les&hellip;<\/p>\n","category_list_v2":"<a href=\"https:\/\/joyana.fr\/en\/category\/deco-design\/\" rel=\"category tag\">DECO-DESIGN<\/a>, <a href=\"https:\/\/joyana.fr\/en\/category\/deco-design\/decoration\/\" rel=\"category tag\">D\u00e9coration<\/a>","author_info_v2":{"name":"Jo Yana","url":"https:\/\/joyana.fr\/en\/author\/joyana\/"},"comments_num_v2":"20 comments","yoast_head":"<!-- This site is optimized with the Yoast SEO plugin v26.8 - https:\/\/yoast.com\/product\/yoast-seo-wordpress\/ -->\n<title>Quelles seront les COULEURS TENDANCES 2009-2010 ??? - JO YANA<\/title>\n<meta name=\"robots\" content=\"index, follow, max-snippet:-1, max-image-preview:large, max-video-preview:-1\" \/>\n<link rel=\"canonical\" href=\"https:\/\/www.joyana.fr\/en\/quelles-seront-les-couleurs-tendances-2009-2010\/102800\/\" \/>\n<meta property=\"og:locale\" content=\"en_US\" \/>\n<meta property=\"og:locale:alternate\" content=\"fr_FR\" \/>\n<meta property=\"og:locale:alternate\" content=\"ja\" \/>\n<meta property=\"og:type\" content=\"article\" \/>\n<meta property=\"og:title\" content=\"Quelles seront les COULEURS TENDANCES 2009-2010 ??? - JO YANA\" \/>\n<meta property=\"og:description\" content=\"Septembre approche, les nouvelles collections arrivent \u00e0 grands pas, le salon Maison &amp; Objet ouvrira bient\u00f4t ses portes&#8230; Et une question taraude les passionn\u00e9s de d\u00e9co : Quelles seront les couleurs tendances de cette ann\u00e9e ??? Hormis le trio de t\u00eate Blanc\/Noir\/Gris qui s\u00e9vit depuis quelques ann\u00e9es dans vos int\u00e9rieurs, notre \u00e9quipe a voulu savoir [&hellip;]\" \/>\n<meta property=\"og:url\" content=\"https:\/\/joyana.fr\/en\/quelles-seront-les-couleurs-tendances-2009-2010\/102800\/\" \/>\n<meta property=\"og:site_name\" content=\"JO YANA\" \/>\n<meta property=\"article:published_time\" content=\"2009-08-13T07:50:31+00:00\" \/>\n<meta property=\"og:image\" content=\"https:\/\/www.joyana.fr\/wp-content\/uploads\/2016\/08\/joyana-logo-black-360x180.png\" \/>\n\t<meta property=\"og:image:width\" content=\"360\" \/>\n\t<meta property=\"og:image:height\" content=\"180\" \/>\n\t<meta property=\"og:image:type\" content=\"image\/png\" \/>\n<meta name=\"author\" content=\"Jo Yana\" \/>\n<meta name=\"twitter:card\" content=\"summary_large_image\" \/>\n<meta name=\"twitter:creator\" content=\"@Jo_Yana\" \/>\n<meta name=\"twitter:site\" content=\"@Jo_Yana\" \/>\n<meta name=\"twitter:label1\" content=\"Written by\" \/>\n\t<meta name=\"twitter:data1\" content=\"Jo Yana\" \/>\n\t<meta name=\"twitter:label2\" content=\"Est. reading time\" \/>\n\t<meta name=\"twitter:data2\" content=\"1 minute\" \/>\n<script type=\"application\/ld+json\" class=\"yoast-schema-graph\">{\"@context\":\"https:\/\/schema.org\",\"@graph\":[{\"@type\":\"Article\",\"@id\":\"https:\/\/www.joyana.fr\/en\/quelles-seront-les-couleurs-tendances-2009-2010\/102800\/#article\",\"isPartOf\":{\"@id\":\"https:\/\/www.joyana.fr\/en\/quelles-seront-les-couleurs-tendances-2009-2010\/102800\/\"},\"author\":{\"name\":\"Jo Yana\",\"@id\":\"https:\/\/www.joyana.fr\/ja\/#\/schema\/person\/cf2a1ad12a27c12c21801075bf37407c\"},\"headline\":\"Quelles seront les COULEURS TENDANCES 2009-2010 ???\",\"datePublished\":\"2009-08-13T07:50:31+00:00\",\"mainEntityOfPage\":{\"@id\":\"https:\/\/www.joyana.fr\/en\/quelles-seront-les-couleurs-tendances-2009-2010\/102800\/\"},\"wordCount\":296,\"commentCount\":18,\"publisher\":{\"@id\":\"https:\/\/www.joyana.fr\/ja\/#\/schema\/person\/cf2a1ad12a27c12c21801075bf37407c\"},\"image\":{\"@id\":\"https:\/\/www.joyana.fr\/en\/quelles-seront-les-couleurs-tendances-2009-2010\/102800\/#primaryimage\"},\"thumbnailUrl\":\"https:\/\/i0.wp.com\/joyana.fr\/wp-content\/uploads\/2016\/08\/joyana-logo-black-360x180.png?fit=360%2C180&ssl=1\",\"keywords\":[\"Blog D\u00e9co-Design\",\"D\u00e9co\",\"Forum D\u00e9co-Design\",\"Relooking\"],\"articleSection\":[\"DECO-DESIGN\",\"D\u00e9coration\"],\"inLanguage\":\"en-US\",\"potentialAction\":[{\"@type\":\"CommentAction\",\"name\":\"Comment\",\"target\":[\"https:\/\/www.joyana.fr\/en\/quelles-seront-les-couleurs-tendances-2009-2010\/102800\/#respond\"]}]},{\"@type\":\"WebPage\",\"@id\":\"https:\/\/www.joyana.fr\/en\/quelles-seront-les-couleurs-tendances-2009-2010\/102800\/\",\"url\":\"https:\/\/www.joyana.fr\/en\/quelles-seront-les-couleurs-tendances-2009-2010\/102800\/\",\"name\":\"Quelles seront les COULEURS TENDANCES 2009-2010 ??? - JO YANA\",\"isPartOf\":{\"@id\":\"https:\/\/www.joyana.fr\/ja\/#website\"},\"primaryImageOfPage\":{\"@id\":\"https:\/\/www.joyana.fr\/en\/quelles-seront-les-couleurs-tendances-2009-2010\/102800\/#primaryimage\"},\"image\":{\"@id\":\"https:\/\/www.joyana.fr\/en\/quelles-seront-les-couleurs-tendances-2009-2010\/102800\/#primaryimage\"},\"thumbnailUrl\":\"https:\/\/i0.wp.com\/joyana.fr\/wp-content\/uploads\/2016\/08\/joyana-logo-black-360x180.png?fit=360%2C180&ssl=1\",\"datePublished\":\"2009-08-13T07:50:31+00:00\",\"breadcrumb\":{\"@id\":\"https:\/\/www.joyana.fr\/en\/quelles-seront-les-couleurs-tendances-2009-2010\/102800\/#breadcrumb\"},\"inLanguage\":\"en-US\",\"potentialAction\":[{\"@type\":\"ReadAction\",\"target\":[\"https:\/\/www.joyana.fr\/en\/quelles-seront-les-couleurs-tendances-2009-2010\/102800\/\"]}]},{\"@type\":\"ImageObject\",\"inLanguage\":\"en-US\",\"@id\":\"https:\/\/www.joyana.fr\/en\/quelles-seront-les-couleurs-tendances-2009-2010\/102800\/#primaryimage\",\"url\":\"https:\/\/i0.wp.com\/joyana.fr\/wp-content\/uploads\/2016\/08\/joyana-logo-black-360x180.png?fit=360%2C180&ssl=1\",\"contentUrl\":\"https:\/\/i0.wp.com\/joyana.fr\/wp-content\/uploads\/2016\/08\/joyana-logo-black-360x180.png?fit=360%2C180&ssl=1\",\"width\":360,\"height\":180,\"caption\":\"logo joyana.fr\"},{\"@type\":\"BreadcrumbList\",\"@id\":\"https:\/\/www.joyana.fr\/en\/quelles-seront-les-couleurs-tendances-2009-2010\/102800\/#breadcrumb\",\"itemListElement\":[{\"@type\":\"ListItem\",\"position\":1,\"name\":\"Accueil\",\"item\":\"https:\/\/www.joyana.fr\/ja\/\"},{\"@type\":\"ListItem\",\"position\":2,\"name\":\"Quelles seront les COULEURS TENDANCES 2009-2010 ???\"}]},{\"@type\":\"WebSite\",\"@id\":\"https:\/\/www.joyana.fr\/ja\/#website\",\"url\":\"https:\/\/www.joyana.fr\/ja\/\",\"name\":\"JO YANA\",\"description\":\"Blog Mode Homme, Lifestyle, D\u00e9co-Design\",\"publisher\":{\"@id\":\"https:\/\/www.joyana.fr\/ja\/#\/schema\/person\/cf2a1ad12a27c12c21801075bf37407c\"},\"potentialAction\":[{\"@type\":\"SearchAction\",\"target\":{\"@type\":\"EntryPoint\",\"urlTemplate\":\"https:\/\/www.joyana.fr\/ja\/?s={search_term_string}\"},\"query-input\":{\"@type\":\"PropertyValueSpecification\",\"valueRequired\":true,\"valueName\":\"search_term_string\"}}],\"inLanguage\":\"en-US\"},{\"@type\":[\"Person\",\"Organization\"],\"@id\":\"https:\/\/www.joyana.fr\/ja\/#\/schema\/person\/cf2a1ad12a27c12c21801075bf37407c\",\"name\":\"Jo Yana\",\"image\":{\"@type\":\"ImageObject\",\"inLanguage\":\"en-US\",\"@id\":\"https:\/\/www.joyana.fr\/ja\/#\/schema\/person\/image\/\",\"url\":\"https:\/\/i0.wp.com\/joyana.fr\/wp-content\/uploads\/2016\/08\/cropped-joyana-logo-black-360x180.png?fit=343%2C164&ssl=1\",\"contentUrl\":\"https:\/\/i0.wp.com\/joyana.fr\/wp-content\/uploads\/2016\/08\/cropped-joyana-logo-black-360x180.png?fit=343%2C164&ssl=1\",\"width\":343,\"height\":164,\"caption\":\"Jo Yana\"},\"logo\":{\"@id\":\"https:\/\/www.joyana.fr\/ja\/#\/schema\/person\/image\/\"},\"description\":\"Jo Yana est le cr\u00e9ateur et r\u00e9dacteur en chef des sites DECO-DESIGN. Passionn\u00e9 de Design, Mode, Photo, Luxe, Lifestyle, Musique, mais avant tout Blogueur ! Le plaisir de partager l'anime et a comme devise \\\"POUR L'AMOUR DU BEAU\\\". Retrouvez le aussi sur son blog personnel - https:\/\/joyana.fr...\",\"sameAs\":[\"https:\/\/joyana.fr\/\"],\"url\":\"https:\/\/joyana.fr\/en\/author\/joyana\/\"}]}<\/script>\n<!-- \/ Yoast SEO plugin. -->","yoast_head_json":{"title":"Quelles seront les COULEURS TENDANCES 2009-2010 ??? - JO YANA","robots":{"index":"index","follow":"follow","max-snippet":"max-snippet:-1","max-image-preview":"max-image-preview:large","max-video-preview":"max-video-preview:-1"},"canonical":"https:\/\/www.joyana.fr\/en\/quelles-seront-les-couleurs-tendances-2009-2010\/102800\/","og_locale":"en_US","og_type":"article","og_title":"Quelles seront les COULEURS TENDANCES 2009-2010 ??? - JO YANA","og_description":"Septembre approche, les nouvelles collections arrivent \u00e0 grands pas, le salon Maison &#038; Objet ouvrira bient\u00f4t ses portes&#8230; Et une question taraude les passionn\u00e9s de d\u00e9co : Quelles seront les couleurs tendances de cette ann\u00e9e ??? Hormis le trio de t\u00eate Blanc\/Noir\/Gris qui s\u00e9vit depuis quelques ann\u00e9es dans vos int\u00e9rieurs, notre \u00e9quipe a voulu savoir [&hellip;]","og_url":"https:\/\/joyana.fr\/en\/quelles-seront-les-couleurs-tendances-2009-2010\/102800\/","og_site_name":"JO YANA","article_published_time":"2009-08-13T07:50:31+00:00","og_image":[{"width":360,"height":180,"url":"https:\/\/www.joyana.fr\/wp-content\/uploads\/2016\/08\/joyana-logo-black-360x180.png","type":"image\/png"}],"author":"Jo Yana","twitter_card":"summary_large_image","twitter_creator":"@Jo_Yana","twitter_site":"@Jo_Yana","twitter_misc":{"Written by":"Jo Yana","Est. reading time":"1 minute"},"schema":{"@context":"https:\/\/schema.org","@graph":[{"@type":"Article","@id":"https:\/\/www.joyana.fr\/en\/quelles-seront-les-couleurs-tendances-2009-2010\/102800\/#article","isPartOf":{"@id":"https:\/\/www.joyana.fr\/en\/quelles-seront-les-couleurs-tendances-2009-2010\/102800\/"},"author":{"name":"Jo Yana","@id":"https:\/\/www.joyana.fr\/ja\/#\/schema\/person\/cf2a1ad12a27c12c21801075bf37407c"},"headline":"Quelles seront les COULEURS TENDANCES 2009-2010 ???","datePublished":"2009-08-13T07:50:31+00:00","mainEntityOfPage":{"@id":"https:\/\/www.joyana.fr\/en\/quelles-seront-les-couleurs-tendances-2009-2010\/102800\/"},"wordCount":296,"commentCount":18,"publisher":{"@id":"https:\/\/www.joyana.fr\/ja\/#\/schema\/person\/cf2a1ad12a27c12c21801075bf37407c"},"image":{"@id":"https:\/\/www.joyana.fr\/en\/quelles-seront-les-couleurs-tendances-2009-2010\/102800\/#primaryimage"},"thumbnailUrl":"https:\/\/i0.wp.com\/joyana.fr\/wp-content\/uploads\/2016\/08\/joyana-logo-black-360x180.png?fit=360%2C180&ssl=1","keywords":["Blog D\u00e9co-Design","D\u00e9co","Forum D\u00e9co-Design","Relooking"],"articleSection":["DECO-DESIGN","D\u00e9coration"],"inLanguage":"en-US","potentialAction":[{"@type":"CommentAction","name":"Comment","target":["https:\/\/www.joyana.fr\/en\/quelles-seront-les-couleurs-tendances-2009-2010\/102800\/#respond"]}]},{"@type":"WebPage","@id":"https:\/\/www.joyana.fr\/en\/quelles-seront-les-couleurs-tendances-2009-2010\/102800\/","url":"https:\/\/www.joyana.fr\/en\/quelles-seront-les-couleurs-tendances-2009-2010\/102800\/","name":"Quelles seront les COULEURS TENDANCES 2009-2010 ??? - JO YANA","isPartOf":{"@id":"https:\/\/www.joyana.fr\/ja\/#website"},"primaryImageOfPage":{"@id":"https:\/\/www.joyana.fr\/en\/quelles-seront-les-couleurs-tendances-2009-2010\/102800\/#primaryimage"},"image":{"@id":"https:\/\/www.joyana.fr\/en\/quelles-seront-les-couleurs-tendances-2009-2010\/102800\/#primaryimage"},"thumbnailUrl":"https:\/\/i0.wp.com\/joyana.fr\/wp-content\/uploads\/2016\/08\/joyana-logo-black-360x180.png?fit=360%2C180&ssl=1","datePublished":"2009-08-13T07:50:31+00:00","breadcrumb":{"@id":"https:\/\/www.joyana.fr\/en\/quelles-seront-les-couleurs-tendances-2009-2010\/102800\/#breadcrumb"},"inLanguage":"en-US","potentialAction":[{"@type":"ReadAction","target":["https:\/\/www.joyana.fr\/en\/quelles-seront-les-couleurs-tendances-2009-2010\/102800\/"]}]},{"@type":"ImageObject","inLanguage":"en-US","@id":"https:\/\/www.joyana.fr\/en\/quelles-seront-les-couleurs-tendances-2009-2010\/102800\/#primaryimage","url":"https:\/\/i0.wp.com\/joyana.fr\/wp-content\/uploads\/2016\/08\/joyana-logo-black-360x180.png?fit=360%2C180&ssl=1","contentUrl":"https:\/\/i0.wp.com\/joyana.fr\/wp-content\/uploads\/2016\/08\/joyana-logo-black-360x180.png?fit=360%2C180&ssl=1","width":360,"height":180,"caption":"logo joyana.fr"},{"@type":"BreadcrumbList","@id":"https:\/\/www.joyana.fr\/en\/quelles-seront-les-couleurs-tendances-2009-2010\/102800\/#breadcrumb","itemListElement":[{"@type":"ListItem","position":1,"name":"Accueil","item":"https:\/\/www.joyana.fr\/ja\/"},{"@type":"ListItem","position":2,"name":"Quelles seront les COULEURS TENDANCES 2009-2010 ???"}]},{"@type":"WebSite","@id":"https:\/\/www.joyana.fr\/ja\/#website","url":"https:\/\/www.joyana.fr\/ja\/","name":"JO YANA","description":"Blog Mode Homme, Lifestyle, D\u00e9co-Design","publisher":{"@id":"https:\/\/www.joyana.fr\/ja\/#\/schema\/person\/cf2a1ad12a27c12c21801075bf37407c"},"potentialAction":[{"@type":"SearchAction","target":{"@type":"EntryPoint","urlTemplate":"https:\/\/www.joyana.fr\/ja\/?s={search_term_string}"},"query-input":{"@type":"PropertyValueSpecification","valueRequired":true,"valueName":"search_term_string"}}],"inLanguage":"en-US"},{"@type":["Person","Organization"],"@id":"https:\/\/www.joyana.fr\/ja\/#\/schema\/person\/cf2a1ad12a27c12c21801075bf37407c","name":"Jo Yana","image":{"@type":"ImageObject","inLanguage":"en-US","@id":"https:\/\/www.joyana.fr\/ja\/#\/schema\/person\/image\/","url":"https:\/\/i0.wp.com\/joyana.fr\/wp-content\/uploads\/2016\/08\/cropped-joyana-logo-black-360x180.png?fit=343%2C164&ssl=1","contentUrl":"https:\/\/i0.wp.com\/joyana.fr\/wp-content\/uploads\/2016\/08\/cropped-joyana-logo-black-360x180.png?fit=343%2C164&ssl=1","width":343,"height":164,"caption":"Jo Yana"},"logo":{"@id":"https:\/\/www.joyana.fr\/ja\/#\/schema\/person\/image\/"},"description":"Jo Yana est le cr\u00e9ateur et r\u00e9dacteur en chef des sites DECO-DESIGN. Passionn\u00e9 de Design, Mode, Photo, Luxe, Lifestyle, Musique, mais avant tout Blogueur ! Le plaisir de partager l'anime et a comme devise \"POUR L'AMOUR DU BEAU\". Retrouvez le aussi sur son blog personnel - https:\/\/joyana.fr...","sameAs":["https:\/\/joyana.fr\/"],"url":"https:\/\/joyana.fr\/en\/author\/joyana\/"}]}},"author_meta":{"display_name":"Jo Yana","author_link":"https:\/\/joyana.fr\/en\/author\/joyana\/"},"featured_img":"https:\/\/i0.wp.com\/joyana.fr\/wp-content\/uploads\/2016\/08\/joyana-logo-black-360x180.png?fit=360%2C180&ssl=1","featured_image_src":"https:\/\/i0.wp.com\/joyana.fr\/wp-content\/uploads\/2016\/08\/joyana-logo-black-360x180.png?resize=360%2C180&ssl=1","featured_image_src_square":"https:\/\/i0.wp.com\/joyana.fr\/wp-content\/uploads\/2016\/08\/joyana-logo-black-360x180.png?resize=360%2C180&ssl=1","jetpack_featured_media_url":"https:\/\/i0.wp.com\/joyana.fr\/wp-content\/uploads\/2016\/08\/joyana-logo-black-360x180.png?fit=360%2C180&ssl=1","uagb_featured_image_src":{"full":["https:\/\/i0.wp.com\/joyana.fr\/wp-content\/uploads\/2016\/08\/joyana-logo-black-360x180.png?fit=360%2C180&ssl=1",360,180,false],"thumbnail":["https:\/\/i0.wp.com\/joyana.fr\/wp-content\/uploads\/2016\/08\/joyana-logo-black-360x180.png?resize=150%2C150&ssl=1",150,150,true],"medium":["https:\/\/i0.wp.com\/joyana.fr\/wp-content\/uploads\/2016\/08\/joyana-logo-black-360x180.png?fit=360%2C180&ssl=1",360,180,true],"medium_large":["https:\/\/i0.wp.com\/joyana.fr\/wp-content\/uploads\/2016\/08\/joyana-logo-black-360x180.png?fit=360%2C180&ssl=1",360,180,true],"large":["https:\/\/i0.wp.com\/joyana.fr\/wp-content\/uploads\/2016\/08\/joyana-logo-black-360x180.png?fit=360%2C180&ssl=1",360,180,true],"1536x1536":["https:\/\/i0.wp.com\/joyana.fr\/wp-content\/uploads\/2016\/08\/joyana-logo-black-360x180.png?fit=360%2C180&ssl=1",360,180,true],"2048x2048":["https:\/\/i0.wp.com\/joyana.fr\/wp-content\/uploads\/2016\/08\/joyana-logo-black-360x180.png?fit=360%2C180&ssl=1",360,180,true],"featured-thumb":["https:\/\/i0.wp.com\/joyana.fr\/wp-content\/uploads\/2016\/08\/joyana-logo-black-360x180.png?resize=360%2C180&ssl=1",360,180,true],"ab-block-post-grid-landscape":["https:\/\/i0.wp.com\/joyana.fr\/wp-content\/uploads\/2016\/08\/joyana-logo-black-360x180.png?resize=360%2C180&ssl=1",360,180,true],"ab-block-post-grid-square":["https:\/\/i0.wp.com\/joyana.fr\/wp-content\/uploads\/2016\/08\/joyana-logo-black-360x180.png?resize=360%2C180&ssl=1",360,180,true],"author-pro-image":["https:\/\/i0.wp.com\/joyana.fr\/wp-content\/uploads\/2016\/08\/joyana-logo-black-360x180.png?resize=360%2C180&ssl=1",360,180,true],"slider":["https:\/\/i0.wp.com\/joyana.fr\/wp-content\/uploads\/2016\/08\/joyana-logo-black-360x180.png?resize=360%2C180&ssl=1",360,180,true],"woocommerce_thumbnail":["https:\/\/i0.wp.com\/joyana.fr\/wp-content\/uploads\/2016\/08\/joyana-logo-black-360x180.png?resize=300%2C180&ssl=1",300,180,true],"woocommerce_single":["https:\/\/i0.wp.com\/joyana.fr\/wp-content\/uploads\/2016\/08\/joyana-logo-black-360x180.png?fit=360%2C180&ssl=1",360,180,true],"woocommerce_gallery_thumbnail":["https:\/\/i0.wp.com\/joyana.fr\/wp-content\/uploads\/2016\/08\/joyana-logo-black-360x180.png?resize=180%2C180&ssl=1",180,180,true],"sow-carousel-default":["https:\/\/i0.wp.com\/joyana.fr\/wp-content\/uploads\/2016\/08\/joyana-logo-black-360x180.png?resize=272%2C180&ssl=1",272,180,true]},"uagb_author_info":{"display_name":"Jo Yana","author_link":"https:\/\/joyana.fr\/en\/author\/joyana\/"},"uagb_comment_info":20,"uagb_excerpt":"Septembre approche, les nouvelles collections arrivent \u00e0 grands pas, le salon Maison &#038; Objet ouvrira bient\u00f4t ses portes&#8230; Et une question taraude les passionn\u00e9s de d\u00e9co : Quelles seront les couleurs tendances de cette ann\u00e9e ??? Hormis le trio de t\u00eate Blanc\/Noir\/Gris qui s\u00e9vit depuis quelques ann\u00e9es dans vos int\u00e9rieurs, notre \u00e9quipe a voulu savoir&hellip;","coauthors":[],"tax_additional":{"categories":{"linked":["<a href=\"https:\/\/joyana.fr\/en\/category\/deco-design\/\" class=\"advgb-post-tax-term\">DECO-DESIGN<\/a>","<a href=\"https:\/\/joyana.fr\/en\/category\/deco-design\/decoration\/\" class=\"advgb-post-tax-term\">D\u00e9coration<\/a>"],"unlinked":["<span class=\"advgb-post-tax-term\">DECO-DESIGN<\/span>","<span class=\"advgb-post-tax-term\">D\u00e9coration<\/span>"]},"tags":{"linked":["<a href=\"https:\/\/joyana.fr\/en\/category\/deco-design\/decoration\/\" class=\"advgb-post-tax-term\">Blog D\u00e9co-Design<\/a>","<a href=\"https:\/\/joyana.fr\/en\/category\/deco-design\/decoration\/\" class=\"advgb-post-tax-term\">D\u00e9co<\/a>","<a href=\"https:\/\/joyana.fr\/en\/category\/deco-design\/decoration\/\" class=\"advgb-post-tax-term\">Forum D\u00e9co-Design<\/a>","<a href=\"https:\/\/joyana.fr\/en\/category\/deco-design\/decoration\/\" class=\"advgb-post-tax-term\">Relooking<\/a>"],"unlinked":["<span class=\"advgb-post-tax-term\">Blog D\u00e9co-Design<\/span>","<span class=\"advgb-post-tax-term\">D\u00e9co<\/span>","<span class=\"advgb-post-tax-term\">Forum D\u00e9co-Design<\/span>","<span class=\"advgb-post-tax-term\">Relooking<\/span>"]}},"comment_count":20,"relative_dates":{"created":"Posted 17 years ago","modified":"Updated 17 years ago"},"absolute_dates":{"created":"Posted on 13 August 2009","modified":"Updated on 13 August 2009"},"absolute_dates_time":{"created":"Posted on 13 August 2009 8:50","modified":"Updated on 13 August 2009 8:50"},"featured_img_caption":"","series_order":"","jetpack_sharing_enabled":true,"jetpack_shortlink":"https:\/\/wp.me\/p9bteI-qK4","jetpack-related-posts":[],"_links":{"self":[{"href":"https:\/\/joyana.fr\/en\/wp-json\/wp\/v2\/posts\/102800","targetHints":{"allow":["GET"]}}],"collection":[{"href":"https:\/\/joyana.fr\/en\/wp-json\/wp\/v2\/posts"}],"about":[{"href":"https:\/\/joyana.fr\/en\/wp-json\/wp\/v2\/types\/post"}],"author":[{"embeddable":true,"href":"https:\/\/joyana.fr\/en\/wp-json\/wp\/v2\/users\/3"}],"replies":[{"embeddable":true,"href":"https:\/\/joyana.fr\/en\/wp-json\/wp\/v2\/comments?post=102800"}],"version-history":[{"count":0,"href":"https:\/\/joyana.fr\/en\/wp-json\/wp\/v2\/posts\/102800\/revisions"}],"wp:featuredmedia":[{"embeddable":true,"href":"https:\/\/joyana.fr\/en\/wp-json\/wp\/v2\/media\/124300"}],"wp:attachment":[{"href":"https:\/\/joyana.fr\/en\/wp-json\/wp\/v2\/media?parent=102800"}],"wp:term":[{"taxonomy":"category","embeddable":true,"href":"https:\/\/joyana.fr\/en\/wp-json\/wp\/v2\/categories?post=102800"},{"taxonomy":"post_tag","embeddable":true,"href":"https:\/\/joyana.fr\/en\/wp-json\/wp\/v2\/tags?post=102800"}],"curies":[{"name":"wp","href":"https:\/\/api.w.org\/{rel}","templated":true}]}}