{"id":102895,"date":"2009-09-09T11:24:44","date_gmt":"2009-09-09T10:24:44","guid":{"rendered":"https:\/\/joyana.fr\/maison-objet-2009-branex-design\/"},"modified":"2009-09-09T11:24:44","modified_gmt":"2009-09-09T10:24:44","slug":"maison-objet-2009-branex-design","status":"publish","type":"post","link":"https:\/\/joyana.fr\/en\/maison-objet-2009-branex-design\/102895\/","title":{"rendered":"Maison &amp; Objet 2009 : BRANEX DESIGN"},"content":{"rendered":"<p>C&#8217;est toujours un plaisir pour notre \u00e9quipe -lors de chaque <strong>salon Maison &#038; Objet<\/strong>&#8211; de d\u00e9couvrir le stand <strong>Branex Design<\/strong>\u00a0, qui nous r\u00e9serve quelques nouveaut\u00e9s&#8230;<\/p>\n<p>Mais quel est donc ce <strong>iTamTam <\/strong>tout de noir v\u00eatu qui se cache parmi les mod\u00e8les couleurs ???<\/p>\n<p><img data-recalc-dims=\"1\" fetchpriority=\"high\" decoding=\"async\" src=\"https:\/\/i0.wp.com\/joyana.fr\/wp-content\/uploads\/branex-itamtam-hi.jpg?resize=500%2C338&#038;ssl=1\" alt=\"Maison &#038; Objet 2009 : BRANEX DESIGN\" align=\"top\" width=\"500\" border=\"0\" height=\"338\" hspace=\"8\" \/><\/p>\n<p> Il s&#8217;agit du <strong>iTamTam HI<\/strong> qui arbore une robe noire tr\u00e8s masculine, et un haut parleur de meilleure qualit\u00e9 que ses comp\u00e8res. Des comp\u00e8res qui eux aussi font peaux neuves avec une nouvelle mati\u00e8re correspondant parfaitement aux coloris des iPods nano. Les couleurs &#8211; pink, blue, orange, red, green, yellow, purple se compl\u00e8tent avec le silver &#8211; nouvelle couleur\u00a0 qui lui donne un c\u00f4t\u00e9 tr\u00e8s \u00ab\u00a0high technology\u00a0\u00bb.<\/p>\n<p><img data-recalc-dims=\"1\" decoding=\"async\" src=\"https:\/\/i0.wp.com\/joyana.fr\/wp-content\/uploads\/branex-tamtam.jpg?resize=500%2C349&#038;ssl=1\" alt=\"Maison &#038; Objet 2009 : BRANEX DESIGN\" align=\"top\" width=\"500\" border=\"0\" height=\"349\" hspace=\"8\" \/><\/p>\n<p>Le mythique et ind\u00e9modable <strong>Tam Tam<\/strong>, se d\u00e9cline dans la version Pop en rose \u2013 pour un public tr\u00e8s girly !!!<\/p>\n<p><img data-recalc-dims=\"1\" decoding=\"async\" src=\"https:\/\/i0.wp.com\/joyana.fr\/wp-content\/uploads\/branex-suspension.jpg?resize=500%2C332&#038;ssl=1\" alt=\"Maison &#038; Objet 2009 : BRANEX DESIGN\" align=\"top\" width=\"500\" border=\"0\" height=\"332\" hspace=\"8\" \/><\/p>\n<p>Le mobilier gonflable de Quasar Khanh, s\u2019illumine gr\u00e2ce \u00e0 cette large bou\u00e9e bicolore munie d\u2019un syst\u00e8me lumineux. Ce lustre, nouvelle g\u00e9n\u00e9ration, apporte au mobilier Quasar, une touche a\u00e9rienne rose, bleue, blanche ou noire et compl\u00e8te la collection existence avec l\u00e9g\u00e8ret\u00e9.<\/p>\n<p>Tandis que le <strong>Tam Tam<\/strong> Chrom\u00e9 prend de nouvelles tonalit\u00e9s &#8211; rouge, bleu, chocolat, silver et fluo rose lui conf\u00e9rant ainsi un style r\u00e9solument V.I.P qui s\u2019accorde parfaitement avec les tendances actuelles.<\/p>\n<p><img data-recalc-dims=\"1\" loading=\"lazy\" decoding=\"async\" src=\"https:\/\/i0.wp.com\/joyana.fr\/wp-content\/uploads\/branex-tamtam-chrome.jpg?resize=500%2C410&#038;ssl=1\" alt=\"Maison &#038; Objet 2009 : BRANEX DESIGN\" align=\"top\" width=\"500\" border=\"0\" height=\"410\" hspace=\"8\" \/><\/p>\n<p><strong><a href=\"http:\/\/www.branexdesign.com\/\" title=\"BRANEX DESIGN ITAMTAM HI\">http:\/\/www.branexdesign.com\/ <\/a><\/strong><\/p>\n<p>D\u00e9couvrez les autres stands du<strong> <a href=\"https:\/\/joyana.fr\/index.php?s=maison+et+objet+septembre+2009&#038;sbutt=Go\" title=\"MAISON ET OBJET SEPTEMBRE 2009\">salon Maison &#038; Objet 2009 (Septembre)<\/a><\/strong><\/p>\n<p>\u2014\u2014\u2014\u2014<\/p>\n<p><a href=\"mailto:jo_yana@hotmail.com\">Jo Yana<\/a><\/p>\n","protected":false},"excerpt":{"rendered":"<p>C&#8217;est toujours un plaisir pour notre \u00e9quipe -lors de chaque salon Maison &#038; Objet&#8211; de d\u00e9couvrir le stand Branex Design\u00a0, qui nous r\u00e9serve quelques nouveaut\u00e9s&#8230; Mais quel est donc ce iTamTam tout de noir v\u00eatu qui se cache parmi les mod\u00e8les couleurs ??? Il s&#8217;agit du iTamTam HI qui arbore une robe noire tr\u00e8s masculine, [&hellip;]<\/p>\n","protected":false},"author":3,"featured_media":124300,"comment_status":"open","ping_status":"open","sticky":false,"template":"","format":"standard","meta":{"_coblocks_attr":"","_coblocks_dimensions":"","_coblocks_responsive_height":"","_coblocks_accordion_ie_support":"","_uag_custom_page_level_css":"","advgb_blocks_editor_width":"","advgb_blocks_columns_visual_guide":"","_genesis_hide_title":false,"_genesis_hide_breadcrumbs":false,"_genesis_hide_singular_image":false,"_genesis_hide_footer_widgets":false,"_genesis_custom_body_class":"","_genesis_custom_post_class":"","_genesis_layout":"","_themeisle_gutenberg_block_has_review":false,"_jetpack_newsletter_access":"","_jetpack_dont_email_post_to_subs":false,"_jetpack_newsletter_tier_id":0,"_jetpack_memberships_contains_paywalled_content":false,"_jetpack_memberships_contains_paid_content":false,"footnotes":""},"categories":[905,961,998],"tags":[78,910],"class_list":{"0":"post-102895","1":"post","2":"type-post","3":"status-publish","4":"format-standard","5":"has-post-thumbnail","7":"category-deco-design","8":"category-maison-et-objet","9":"category-tabouret","10":"tag-design","11":"tag-noir","12":"entry"},"featured_image_urls":{"full":["https:\/\/i0.wp.com\/joyana.fr\/wp-content\/uploads\/2016\/08\/joyana-logo-black-360x180.png?fit=360%2C180&ssl=1",360,180,false],"thumbnail":["https:\/\/i0.wp.com\/joyana.fr\/wp-content\/uploads\/2016\/08\/joyana-logo-black-360x180.png?resize=150%2C150&ssl=1",150,150,true],"medium":["https:\/\/i0.wp.com\/joyana.fr\/wp-content\/uploads\/2016\/08\/joyana-logo-black-360x180.png?fit=360%2C180&ssl=1",360,180,true],"medium_large":["https:\/\/i0.wp.com\/joyana.fr\/wp-content\/uploads\/2016\/08\/joyana-logo-black-360x180.png?fit=360%2C180&ssl=1",360,180,true],"large":["https:\/\/i0.wp.com\/joyana.fr\/wp-content\/uploads\/2016\/08\/joyana-logo-black-360x180.png?fit=360%2C180&ssl=1",360,180,true],"1536x1536":["https:\/\/i0.wp.com\/joyana.fr\/wp-content\/uploads\/2016\/08\/joyana-logo-black-360x180.png?fit=360%2C180&ssl=1",360,180,true],"2048x2048":["https:\/\/i0.wp.com\/joyana.fr\/wp-content\/uploads\/2016\/08\/joyana-logo-black-360x180.png?fit=360%2C180&ssl=1",360,180,true],"featured-thumb":["https:\/\/i0.wp.com\/joyana.fr\/wp-content\/uploads\/2016\/08\/joyana-logo-black-360x180.png?resize=360%2C180&ssl=1",360,180,true],"ab-block-post-grid-landscape":["https:\/\/i0.wp.com\/joyana.fr\/wp-content\/uploads\/2016\/08\/joyana-logo-black-360x180.png?resize=360%2C180&ssl=1",360,180,true],"ab-block-post-grid-square":["https:\/\/i0.wp.com\/joyana.fr\/wp-content\/uploads\/2016\/08\/joyana-logo-black-360x180.png?resize=360%2C180&ssl=1",360,180,true],"author-pro-image":["https:\/\/i0.wp.com\/joyana.fr\/wp-content\/uploads\/2016\/08\/joyana-logo-black-360x180.png?resize=360%2C180&ssl=1",360,180,true],"slider":["https:\/\/i0.wp.com\/joyana.fr\/wp-content\/uploads\/2016\/08\/joyana-logo-black-360x180.png?resize=360%2C180&ssl=1",360,180,true],"woocommerce_thumbnail":["https:\/\/i0.wp.com\/joyana.fr\/wp-content\/uploads\/2016\/08\/joyana-logo-black-360x180.png?resize=300%2C180&ssl=1",300,180,true],"woocommerce_single":["https:\/\/i0.wp.com\/joyana.fr\/wp-content\/uploads\/2016\/08\/joyana-logo-black-360x180.png?fit=360%2C180&ssl=1",360,180,true],"woocommerce_gallery_thumbnail":["https:\/\/i0.wp.com\/joyana.fr\/wp-content\/uploads\/2016\/08\/joyana-logo-black-360x180.png?resize=180%2C180&ssl=1",180,180,true],"sow-carousel-default":["https:\/\/i0.wp.com\/joyana.fr\/wp-content\/uploads\/2016\/08\/joyana-logo-black-360x180.png?resize=272%2C180&ssl=1",272,180,true]},"post_excerpt_stackable":"<p>C&#8217;est toujours un plaisir pour notre \u00e9quipe -lors de chaque salon Maison &#038; Objet&#8211; de d\u00e9couvrir le stand Branex Design\u00a0, qui nous r\u00e9serve quelques nouveaut\u00e9s&#8230; Mais quel est donc ce iTamTam tout de noir v\u00eatu qui se cache parmi les mod\u00e8les couleurs ??? Il s&#8217;agit du iTamTam HI qui arbore une robe noire tr\u00e8s masculine, et un haut parleur de meilleure qualit\u00e9 que ses comp\u00e8res. Des comp\u00e8res qui eux aussi font peaux neuves avec une nouvelle mati\u00e8re correspondant parfaitement aux coloris des iPods nano. Les couleurs &#8211; pink, blue, orange, red, green, yellow, purple se compl\u00e8tent avec le silver &#8211;&hellip;<\/p>\n","category_list":"<a href=\"https:\/\/joyana.fr\/en\/category\/deco-design\/\" rel=\"category tag\">DECO-DESIGN<\/a>, <a href=\"https:\/\/joyana.fr\/en\/category\/deco-design\/actualite\/salon\/maison-et-objet\/\" rel=\"category tag\">MAISON &amp; OBJET<\/a>, <a href=\"https:\/\/joyana.fr\/en\/category\/deco-design\/mobilier\/assise\/tabouret\/\" rel=\"category tag\">Tabouret<\/a>","author_info":{"display_name":"Jo Yana","author_link":"https:\/\/joyana.fr\/en\/author\/joyana\/"},"comments_num":"11 comments","featured_image_urls_v2":{"full":["https:\/\/i0.wp.com\/joyana.fr\/wp-content\/uploads\/2016\/08\/joyana-logo-black-360x180.png?fit=360%2C180&ssl=1",360,180,false],"thumbnail":["https:\/\/i0.wp.com\/joyana.fr\/wp-content\/uploads\/2016\/08\/joyana-logo-black-360x180.png?resize=150%2C150&ssl=1",150,150,true],"medium":["https:\/\/i0.wp.com\/joyana.fr\/wp-content\/uploads\/2016\/08\/joyana-logo-black-360x180.png?fit=360%2C180&ssl=1",360,180,true],"medium_large":["https:\/\/i0.wp.com\/joyana.fr\/wp-content\/uploads\/2016\/08\/joyana-logo-black-360x180.png?fit=360%2C180&ssl=1",360,180,true],"large":["https:\/\/i0.wp.com\/joyana.fr\/wp-content\/uploads\/2016\/08\/joyana-logo-black-360x180.png?fit=360%2C180&ssl=1",360,180,true],"1536x1536":["https:\/\/i0.wp.com\/joyana.fr\/wp-content\/uploads\/2016\/08\/joyana-logo-black-360x180.png?fit=360%2C180&ssl=1",360,180,true],"2048x2048":["https:\/\/i0.wp.com\/joyana.fr\/wp-content\/uploads\/2016\/08\/joyana-logo-black-360x180.png?fit=360%2C180&ssl=1",360,180,true],"featured-thumb":["https:\/\/i0.wp.com\/joyana.fr\/wp-content\/uploads\/2016\/08\/joyana-logo-black-360x180.png?resize=360%2C180&ssl=1",360,180,true],"ab-block-post-grid-landscape":["https:\/\/i0.wp.com\/joyana.fr\/wp-content\/uploads\/2016\/08\/joyana-logo-black-360x180.png?resize=360%2C180&ssl=1",360,180,true],"ab-block-post-grid-square":["https:\/\/i0.wp.com\/joyana.fr\/wp-content\/uploads\/2016\/08\/joyana-logo-black-360x180.png?resize=360%2C180&ssl=1",360,180,true],"author-pro-image":["https:\/\/i0.wp.com\/joyana.fr\/wp-content\/uploads\/2016\/08\/joyana-logo-black-360x180.png?resize=360%2C180&ssl=1",360,180,true],"slider":["https:\/\/i0.wp.com\/joyana.fr\/wp-content\/uploads\/2016\/08\/joyana-logo-black-360x180.png?resize=360%2C180&ssl=1",360,180,true],"woocommerce_thumbnail":["https:\/\/i0.wp.com\/joyana.fr\/wp-content\/uploads\/2016\/08\/joyana-logo-black-360x180.png?resize=300%2C180&ssl=1",300,180,true],"woocommerce_single":["https:\/\/i0.wp.com\/joyana.fr\/wp-content\/uploads\/2016\/08\/joyana-logo-black-360x180.png?fit=360%2C180&ssl=1",360,180,true],"woocommerce_gallery_thumbnail":["https:\/\/i0.wp.com\/joyana.fr\/wp-content\/uploads\/2016\/08\/joyana-logo-black-360x180.png?resize=180%2C180&ssl=1",180,180,true],"sow-carousel-default":["https:\/\/i0.wp.com\/joyana.fr\/wp-content\/uploads\/2016\/08\/joyana-logo-black-360x180.png?resize=272%2C180&ssl=1",272,180,true]},"post_excerpt_stackable_v2":"<p>C&#8217;est toujours un plaisir pour notre \u00e9quipe -lors de chaque salon Maison &#038; Objet&#8211; de d\u00e9couvrir le stand Branex Design\u00a0, qui nous r\u00e9serve quelques nouveaut\u00e9s&#8230; Mais quel est donc ce iTamTam tout de noir v\u00eatu qui se cache parmi les mod\u00e8les couleurs ??? Il s&#8217;agit du iTamTam HI qui arbore une robe noire tr\u00e8s masculine, et un haut parleur de meilleure qualit\u00e9 que ses comp\u00e8res. Des comp\u00e8res qui eux aussi font peaux neuves avec une nouvelle mati\u00e8re correspondant parfaitement aux coloris des iPods nano. Les couleurs &#8211; pink, blue, orange, red, green, yellow, purple se compl\u00e8tent avec le silver &#8211;&hellip;<\/p>\n","category_list_v2":"<a href=\"https:\/\/joyana.fr\/en\/category\/deco-design\/\" rel=\"category tag\">DECO-DESIGN<\/a>, <a href=\"https:\/\/joyana.fr\/en\/category\/deco-design\/actualite\/salon\/maison-et-objet\/\" rel=\"category tag\">MAISON &amp; OBJET<\/a>, <a href=\"https:\/\/joyana.fr\/en\/category\/deco-design\/mobilier\/assise\/tabouret\/\" rel=\"category tag\">Tabouret<\/a>","author_info_v2":{"name":"Jo Yana","url":"https:\/\/joyana.fr\/en\/author\/joyana\/"},"comments_num_v2":"11 comments","yoast_head":"<!-- This site is optimized with the Yoast SEO plugin v26.8 - https:\/\/yoast.com\/product\/yoast-seo-wordpress\/ -->\n<title>Maison &amp; Objet 2009 : BRANEX DESIGN - JO YANA<\/title>\n<meta name=\"robots\" content=\"index, follow, max-snippet:-1, max-image-preview:large, max-video-preview:-1\" \/>\n<link rel=\"canonical\" href=\"https:\/\/joyana.fr\/en\/maison-objet-2009-branex-design\/102895\/\" \/>\n<meta property=\"og:locale\" content=\"en_US\" \/>\n<meta property=\"og:locale:alternate\" content=\"fr_FR\" \/>\n<meta property=\"og:locale:alternate\" content=\"ja\" \/>\n<meta property=\"og:type\" content=\"article\" \/>\n<meta property=\"og:title\" content=\"Maison &amp; Objet 2009 : BRANEX DESIGN - JO YANA\" \/>\n<meta property=\"og:description\" content=\"C&#8217;est toujours un plaisir pour notre \u00e9quipe -lors de chaque salon Maison &amp; Objet&#8211; de d\u00e9couvrir le stand Branex Design\u00a0, qui nous r\u00e9serve quelques nouveaut\u00e9s&#8230; Mais quel est donc ce iTamTam tout de noir v\u00eatu qui se cache parmi les mod\u00e8les couleurs ??? Il s&#8217;agit du iTamTam HI qui arbore une robe noire tr\u00e8s masculine, [&hellip;]\" \/>\n<meta property=\"og:url\" content=\"https:\/\/joyana.fr\/en\/maison-objet-2009-branex-design\/102895\/\" \/>\n<meta property=\"og:site_name\" content=\"JO YANA\" \/>\n<meta property=\"article:published_time\" content=\"2009-09-09T10:24:44+00:00\" \/>\n<meta property=\"og:image\" content=\"https:\/\/joyana.fr\/wp-content\/uploads\/2016\/08\/joyana-logo-black-360x180.png\" \/>\n\t<meta property=\"og:image:width\" content=\"360\" \/>\n\t<meta property=\"og:image:height\" content=\"180\" \/>\n\t<meta property=\"og:image:type\" content=\"image\/png\" \/>\n<meta name=\"author\" content=\"Jo Yana\" \/>\n<meta name=\"twitter:card\" content=\"summary_large_image\" \/>\n<meta name=\"twitter:creator\" content=\"@Jo_Yana\" \/>\n<meta name=\"twitter:site\" content=\"@Jo_Yana\" \/>\n<meta name=\"twitter:label1\" content=\"Written by\" \/>\n\t<meta name=\"twitter:data1\" content=\"Jo Yana\" \/>\n\t<meta name=\"twitter:label2\" content=\"Est. reading time\" \/>\n\t<meta name=\"twitter:data2\" content=\"1 minute\" \/>\n<script type=\"application\/ld+json\" class=\"yoast-schema-graph\">{\"@context\":\"https:\/\/schema.org\",\"@graph\":[{\"@type\":\"Article\",\"@id\":\"https:\/\/joyana.fr\/en\/maison-objet-2009-branex-design\/102895\/#article\",\"isPartOf\":{\"@id\":\"https:\/\/joyana.fr\/en\/maison-objet-2009-branex-design\/102895\/\"},\"author\":{\"name\":\"Jo Yana\",\"@id\":\"https:\/\/joyana.fr\/#\/schema\/person\/cf2a1ad12a27c12c21801075bf37407c\"},\"headline\":\"Maison &amp; Objet 2009 : BRANEX DESIGN\",\"datePublished\":\"2009-09-09T10:24:44+00:00\",\"mainEntityOfPage\":{\"@id\":\"https:\/\/joyana.fr\/en\/maison-objet-2009-branex-design\/102895\/\"},\"wordCount\":253,\"commentCount\":11,\"publisher\":{\"@id\":\"https:\/\/joyana.fr\/#\/schema\/person\/cf2a1ad12a27c12c21801075bf37407c\"},\"image\":{\"@id\":\"https:\/\/joyana.fr\/en\/maison-objet-2009-branex-design\/102895\/#primaryimage\"},\"thumbnailUrl\":\"https:\/\/i0.wp.com\/joyana.fr\/wp-content\/uploads\/2016\/08\/joyana-logo-black-360x180.png?fit=360%2C180&ssl=1\",\"keywords\":[\"DESIGN\",\"Noir\"],\"articleSection\":[\"DECO-DESIGN\",\"MAISON &amp; OBJET\",\"Tabouret\"],\"inLanguage\":\"en-US\",\"potentialAction\":[{\"@type\":\"CommentAction\",\"name\":\"Comment\",\"target\":[\"https:\/\/joyana.fr\/en\/maison-objet-2009-branex-design\/102895\/#respond\"]}]},{\"@type\":\"WebPage\",\"@id\":\"https:\/\/joyana.fr\/en\/maison-objet-2009-branex-design\/102895\/\",\"url\":\"https:\/\/joyana.fr\/en\/maison-objet-2009-branex-design\/102895\/\",\"name\":\"Maison &amp; Objet 2009 : BRANEX DESIGN - JO YANA\",\"isPartOf\":{\"@id\":\"https:\/\/joyana.fr\/#website\"},\"primaryImageOfPage\":{\"@id\":\"https:\/\/joyana.fr\/en\/maison-objet-2009-branex-design\/102895\/#primaryimage\"},\"image\":{\"@id\":\"https:\/\/joyana.fr\/en\/maison-objet-2009-branex-design\/102895\/#primaryimage\"},\"thumbnailUrl\":\"https:\/\/i0.wp.com\/joyana.fr\/wp-content\/uploads\/2016\/08\/joyana-logo-black-360x180.png?fit=360%2C180&ssl=1\",\"datePublished\":\"2009-09-09T10:24:44+00:00\",\"breadcrumb\":{\"@id\":\"https:\/\/joyana.fr\/en\/maison-objet-2009-branex-design\/102895\/#breadcrumb\"},\"inLanguage\":\"en-US\",\"potentialAction\":[{\"@type\":\"ReadAction\",\"target\":[\"https:\/\/joyana.fr\/en\/maison-objet-2009-branex-design\/102895\/\"]}]},{\"@type\":\"ImageObject\",\"inLanguage\":\"en-US\",\"@id\":\"https:\/\/joyana.fr\/en\/maison-objet-2009-branex-design\/102895\/#primaryimage\",\"url\":\"https:\/\/i0.wp.com\/joyana.fr\/wp-content\/uploads\/2016\/08\/joyana-logo-black-360x180.png?fit=360%2C180&ssl=1\",\"contentUrl\":\"https:\/\/i0.wp.com\/joyana.fr\/wp-content\/uploads\/2016\/08\/joyana-logo-black-360x180.png?fit=360%2C180&ssl=1\",\"width\":360,\"height\":180,\"caption\":\"logo joyana.fr\"},{\"@type\":\"BreadcrumbList\",\"@id\":\"https:\/\/joyana.fr\/en\/maison-objet-2009-branex-design\/102895\/#breadcrumb\",\"itemListElement\":[{\"@type\":\"ListItem\",\"position\":1,\"name\":\"Accueil\",\"item\":\"https:\/\/joyana.fr\/\"},{\"@type\":\"ListItem\",\"position\":2,\"name\":\"Maison &amp; Objet 2009 : BRANEX DESIGN\"}]},{\"@type\":\"WebSite\",\"@id\":\"https:\/\/joyana.fr\/#website\",\"url\":\"https:\/\/joyana.fr\/\",\"name\":\"JO YANA\",\"description\":\"Blog Mode Homme, Lifestyle, D\u00e9co-Design\",\"publisher\":{\"@id\":\"https:\/\/joyana.fr\/#\/schema\/person\/cf2a1ad12a27c12c21801075bf37407c\"},\"potentialAction\":[{\"@type\":\"SearchAction\",\"target\":{\"@type\":\"EntryPoint\",\"urlTemplate\":\"https:\/\/joyana.fr\/?s={search_term_string}\"},\"query-input\":{\"@type\":\"PropertyValueSpecification\",\"valueRequired\":true,\"valueName\":\"search_term_string\"}}],\"inLanguage\":\"en-US\"},{\"@type\":[\"Person\",\"Organization\"],\"@id\":\"https:\/\/joyana.fr\/#\/schema\/person\/cf2a1ad12a27c12c21801075bf37407c\",\"name\":\"Jo Yana\",\"image\":{\"@type\":\"ImageObject\",\"inLanguage\":\"en-US\",\"@id\":\"https:\/\/joyana.fr\/#\/schema\/person\/image\/\",\"url\":\"https:\/\/i0.wp.com\/joyana.fr\/wp-content\/uploads\/2016\/08\/cropped-joyana-logo-black-360x180.png?fit=343%2C164&ssl=1\",\"contentUrl\":\"https:\/\/i0.wp.com\/joyana.fr\/wp-content\/uploads\/2016\/08\/cropped-joyana-logo-black-360x180.png?fit=343%2C164&ssl=1\",\"width\":343,\"height\":164,\"caption\":\"Jo Yana\"},\"logo\":{\"@id\":\"https:\/\/joyana.fr\/#\/schema\/person\/image\/\"},\"description\":\"Jo Yana est le cr\u00e9ateur et r\u00e9dacteur en chef des sites DECO-DESIGN. Passionn\u00e9 de Design, Mode, Photo, Luxe, Lifestyle, Musique, mais avant tout Blogueur ! Le plaisir de partager l'anime et a comme devise \\\"POUR L'AMOUR DU BEAU\\\". Retrouvez le aussi sur son blog personnel - https:\/\/joyana.fr...\",\"sameAs\":[\"https:\/\/joyana.fr\/\"],\"url\":\"https:\/\/joyana.fr\/en\/author\/joyana\/\"}]}<\/script>\n<!-- \/ Yoast SEO plugin. -->","yoast_head_json":{"title":"Maison &amp; Objet 2009 : BRANEX DESIGN - JO YANA","robots":{"index":"index","follow":"follow","max-snippet":"max-snippet:-1","max-image-preview":"max-image-preview:large","max-video-preview":"max-video-preview:-1"},"canonical":"https:\/\/joyana.fr\/en\/maison-objet-2009-branex-design\/102895\/","og_locale":"en_US","og_type":"article","og_title":"Maison &amp; Objet 2009 : BRANEX DESIGN - JO YANA","og_description":"C&#8217;est toujours un plaisir pour notre \u00e9quipe -lors de chaque salon Maison &#038; Objet&#8211; de d\u00e9couvrir le stand Branex Design\u00a0, qui nous r\u00e9serve quelques nouveaut\u00e9s&#8230; Mais quel est donc ce iTamTam tout de noir v\u00eatu qui se cache parmi les mod\u00e8les couleurs ??? Il s&#8217;agit du iTamTam HI qui arbore une robe noire tr\u00e8s masculine, [&hellip;]","og_url":"https:\/\/joyana.fr\/en\/maison-objet-2009-branex-design\/102895\/","og_site_name":"JO YANA","article_published_time":"2009-09-09T10:24:44+00:00","og_image":[{"width":360,"height":180,"url":"https:\/\/joyana.fr\/wp-content\/uploads\/2016\/08\/joyana-logo-black-360x180.png","type":"image\/png"}],"author":"Jo Yana","twitter_card":"summary_large_image","twitter_creator":"@Jo_Yana","twitter_site":"@Jo_Yana","twitter_misc":{"Written by":"Jo Yana","Est. reading time":"1 minute"},"schema":{"@context":"https:\/\/schema.org","@graph":[{"@type":"Article","@id":"https:\/\/joyana.fr\/en\/maison-objet-2009-branex-design\/102895\/#article","isPartOf":{"@id":"https:\/\/joyana.fr\/en\/maison-objet-2009-branex-design\/102895\/"},"author":{"name":"Jo Yana","@id":"https:\/\/joyana.fr\/#\/schema\/person\/cf2a1ad12a27c12c21801075bf37407c"},"headline":"Maison &amp; Objet 2009 : BRANEX DESIGN","datePublished":"2009-09-09T10:24:44+00:00","mainEntityOfPage":{"@id":"https:\/\/joyana.fr\/en\/maison-objet-2009-branex-design\/102895\/"},"wordCount":253,"commentCount":11,"publisher":{"@id":"https:\/\/joyana.fr\/#\/schema\/person\/cf2a1ad12a27c12c21801075bf37407c"},"image":{"@id":"https:\/\/joyana.fr\/en\/maison-objet-2009-branex-design\/102895\/#primaryimage"},"thumbnailUrl":"https:\/\/i0.wp.com\/joyana.fr\/wp-content\/uploads\/2016\/08\/joyana-logo-black-360x180.png?fit=360%2C180&ssl=1","keywords":["DESIGN","Noir"],"articleSection":["DECO-DESIGN","MAISON &amp; OBJET","Tabouret"],"inLanguage":"en-US","potentialAction":[{"@type":"CommentAction","name":"Comment","target":["https:\/\/joyana.fr\/en\/maison-objet-2009-branex-design\/102895\/#respond"]}]},{"@type":"WebPage","@id":"https:\/\/joyana.fr\/en\/maison-objet-2009-branex-design\/102895\/","url":"https:\/\/joyana.fr\/en\/maison-objet-2009-branex-design\/102895\/","name":"Maison &amp; Objet 2009 : BRANEX DESIGN - JO YANA","isPartOf":{"@id":"https:\/\/joyana.fr\/#website"},"primaryImageOfPage":{"@id":"https:\/\/joyana.fr\/en\/maison-objet-2009-branex-design\/102895\/#primaryimage"},"image":{"@id":"https:\/\/joyana.fr\/en\/maison-objet-2009-branex-design\/102895\/#primaryimage"},"thumbnailUrl":"https:\/\/i0.wp.com\/joyana.fr\/wp-content\/uploads\/2016\/08\/joyana-logo-black-360x180.png?fit=360%2C180&ssl=1","datePublished":"2009-09-09T10:24:44+00:00","breadcrumb":{"@id":"https:\/\/joyana.fr\/en\/maison-objet-2009-branex-design\/102895\/#breadcrumb"},"inLanguage":"en-US","potentialAction":[{"@type":"ReadAction","target":["https:\/\/joyana.fr\/en\/maison-objet-2009-branex-design\/102895\/"]}]},{"@type":"ImageObject","inLanguage":"en-US","@id":"https:\/\/joyana.fr\/en\/maison-objet-2009-branex-design\/102895\/#primaryimage","url":"https:\/\/i0.wp.com\/joyana.fr\/wp-content\/uploads\/2016\/08\/joyana-logo-black-360x180.png?fit=360%2C180&ssl=1","contentUrl":"https:\/\/i0.wp.com\/joyana.fr\/wp-content\/uploads\/2016\/08\/joyana-logo-black-360x180.png?fit=360%2C180&ssl=1","width":360,"height":180,"caption":"logo joyana.fr"},{"@type":"BreadcrumbList","@id":"https:\/\/joyana.fr\/en\/maison-objet-2009-branex-design\/102895\/#breadcrumb","itemListElement":[{"@type":"ListItem","position":1,"name":"Accueil","item":"https:\/\/joyana.fr\/"},{"@type":"ListItem","position":2,"name":"Maison &amp; Objet 2009 : BRANEX DESIGN"}]},{"@type":"WebSite","@id":"https:\/\/joyana.fr\/#website","url":"https:\/\/joyana.fr\/","name":"JO YANA","description":"Blog Mode Homme, Lifestyle, D\u00e9co-Design","publisher":{"@id":"https:\/\/joyana.fr\/#\/schema\/person\/cf2a1ad12a27c12c21801075bf37407c"},"potentialAction":[{"@type":"SearchAction","target":{"@type":"EntryPoint","urlTemplate":"https:\/\/joyana.fr\/?s={search_term_string}"},"query-input":{"@type":"PropertyValueSpecification","valueRequired":true,"valueName":"search_term_string"}}],"inLanguage":"en-US"},{"@type":["Person","Organization"],"@id":"https:\/\/joyana.fr\/#\/schema\/person\/cf2a1ad12a27c12c21801075bf37407c","name":"Jo Yana","image":{"@type":"ImageObject","inLanguage":"en-US","@id":"https:\/\/joyana.fr\/#\/schema\/person\/image\/","url":"https:\/\/i0.wp.com\/joyana.fr\/wp-content\/uploads\/2016\/08\/cropped-joyana-logo-black-360x180.png?fit=343%2C164&ssl=1","contentUrl":"https:\/\/i0.wp.com\/joyana.fr\/wp-content\/uploads\/2016\/08\/cropped-joyana-logo-black-360x180.png?fit=343%2C164&ssl=1","width":343,"height":164,"caption":"Jo Yana"},"logo":{"@id":"https:\/\/joyana.fr\/#\/schema\/person\/image\/"},"description":"Jo Yana est le cr\u00e9ateur et r\u00e9dacteur en chef des sites DECO-DESIGN. Passionn\u00e9 de Design, Mode, Photo, Luxe, Lifestyle, Musique, mais avant tout Blogueur ! Le plaisir de partager l'anime et a comme devise \"POUR L'AMOUR DU BEAU\". Retrouvez le aussi sur son blog personnel - https:\/\/joyana.fr...","sameAs":["https:\/\/joyana.fr\/"],"url":"https:\/\/joyana.fr\/en\/author\/joyana\/"}]}},"author_meta":{"display_name":"Jo Yana","author_link":"https:\/\/joyana.fr\/en\/author\/joyana\/"},"featured_img":"https:\/\/i0.wp.com\/joyana.fr\/wp-content\/uploads\/2016\/08\/joyana-logo-black-360x180.png?fit=360%2C180&ssl=1","featured_image_src":"https:\/\/i0.wp.com\/joyana.fr\/wp-content\/uploads\/2016\/08\/joyana-logo-black-360x180.png?resize=360%2C180&ssl=1","featured_image_src_square":"https:\/\/i0.wp.com\/joyana.fr\/wp-content\/uploads\/2016\/08\/joyana-logo-black-360x180.png?resize=360%2C180&ssl=1","jetpack_featured_media_url":"https:\/\/i0.wp.com\/joyana.fr\/wp-content\/uploads\/2016\/08\/joyana-logo-black-360x180.png?fit=360%2C180&ssl=1","uagb_featured_image_src":{"full":["https:\/\/i0.wp.com\/joyana.fr\/wp-content\/uploads\/2016\/08\/joyana-logo-black-360x180.png?fit=360%2C180&ssl=1",360,180,false],"thumbnail":["https:\/\/i0.wp.com\/joyana.fr\/wp-content\/uploads\/2016\/08\/joyana-logo-black-360x180.png?resize=150%2C150&ssl=1",150,150,true],"medium":["https:\/\/i0.wp.com\/joyana.fr\/wp-content\/uploads\/2016\/08\/joyana-logo-black-360x180.png?fit=360%2C180&ssl=1",360,180,true],"medium_large":["https:\/\/i0.wp.com\/joyana.fr\/wp-content\/uploads\/2016\/08\/joyana-logo-black-360x180.png?fit=360%2C180&ssl=1",360,180,true],"large":["https:\/\/i0.wp.com\/joyana.fr\/wp-content\/uploads\/2016\/08\/joyana-logo-black-360x180.png?fit=360%2C180&ssl=1",360,180,true],"1536x1536":["https:\/\/i0.wp.com\/joyana.fr\/wp-content\/uploads\/2016\/08\/joyana-logo-black-360x180.png?fit=360%2C180&ssl=1",360,180,true],"2048x2048":["https:\/\/i0.wp.com\/joyana.fr\/wp-content\/uploads\/2016\/08\/joyana-logo-black-360x180.png?fit=360%2C180&ssl=1",360,180,true],"featured-thumb":["https:\/\/i0.wp.com\/joyana.fr\/wp-content\/uploads\/2016\/08\/joyana-logo-black-360x180.png?resize=360%2C180&ssl=1",360,180,true],"ab-block-post-grid-landscape":["https:\/\/i0.wp.com\/joyana.fr\/wp-content\/uploads\/2016\/08\/joyana-logo-black-360x180.png?resize=360%2C180&ssl=1",360,180,true],"ab-block-post-grid-square":["https:\/\/i0.wp.com\/joyana.fr\/wp-content\/uploads\/2016\/08\/joyana-logo-black-360x180.png?resize=360%2C180&ssl=1",360,180,true],"author-pro-image":["https:\/\/i0.wp.com\/joyana.fr\/wp-content\/uploads\/2016\/08\/joyana-logo-black-360x180.png?resize=360%2C180&ssl=1",360,180,true],"slider":["https:\/\/i0.wp.com\/joyana.fr\/wp-content\/uploads\/2016\/08\/joyana-logo-black-360x180.png?resize=360%2C180&ssl=1",360,180,true],"woocommerce_thumbnail":["https:\/\/i0.wp.com\/joyana.fr\/wp-content\/uploads\/2016\/08\/joyana-logo-black-360x180.png?resize=300%2C180&ssl=1",300,180,true],"woocommerce_single":["https:\/\/i0.wp.com\/joyana.fr\/wp-content\/uploads\/2016\/08\/joyana-logo-black-360x180.png?fit=360%2C180&ssl=1",360,180,true],"woocommerce_gallery_thumbnail":["https:\/\/i0.wp.com\/joyana.fr\/wp-content\/uploads\/2016\/08\/joyana-logo-black-360x180.png?resize=180%2C180&ssl=1",180,180,true],"sow-carousel-default":["https:\/\/i0.wp.com\/joyana.fr\/wp-content\/uploads\/2016\/08\/joyana-logo-black-360x180.png?resize=272%2C180&ssl=1",272,180,true]},"uagb_author_info":{"display_name":"Jo Yana","author_link":"https:\/\/joyana.fr\/en\/author\/joyana\/"},"uagb_comment_info":84,"uagb_excerpt":"C&#8217;est toujours un plaisir pour notre \u00e9quipe -lors de chaque salon Maison &#038; Objet&#8211; de d\u00e9couvrir le stand Branex Design\u00a0, qui nous r\u00e9serve quelques nouveaut\u00e9s&#8230; Mais quel est donc ce iTamTam tout de noir v\u00eatu qui se cache parmi les mod\u00e8les couleurs ??? Il s&#8217;agit du iTamTam HI qui arbore une robe noire tr\u00e8s masculine,&hellip;","coauthors":[],"tax_additional":{"categories":{"linked":["<a href=\"https:\/\/joyana.fr\/en\/category\/deco-design\/\" class=\"advgb-post-tax-term\">DECO-DESIGN<\/a>","<a href=\"https:\/\/joyana.fr\/en\/category\/deco-design\/actualite\/salon\/maison-et-objet\/\" class=\"advgb-post-tax-term\">MAISON &amp; OBJET<\/a>","<a href=\"https:\/\/joyana.fr\/en\/category\/deco-design\/mobilier\/assise\/tabouret\/\" class=\"advgb-post-tax-term\">Tabouret<\/a>"],"unlinked":["<span class=\"advgb-post-tax-term\">DECO-DESIGN<\/span>","<span class=\"advgb-post-tax-term\">MAISON &amp; OBJET<\/span>","<span class=\"advgb-post-tax-term\">Tabouret<\/span>"]},"tags":{"linked":["<a href=\"https:\/\/joyana.fr\/en\/category\/deco-design\/mobilier\/assise\/tabouret\/\" class=\"advgb-post-tax-term\">DESIGN<\/a>","<a href=\"https:\/\/joyana.fr\/en\/category\/deco-design\/mobilier\/assise\/tabouret\/\" class=\"advgb-post-tax-term\">Noir<\/a>"],"unlinked":["<span class=\"advgb-post-tax-term\">DESIGN<\/span>","<span class=\"advgb-post-tax-term\">Noir<\/span>"]}},"comment_count":11,"relative_dates":{"created":"Posted 17 years ago","modified":"Updated 17 years ago"},"absolute_dates":{"created":"Posted on 9 September 2009","modified":"Updated on 9 September 2009"},"absolute_dates_time":{"created":"Posted on 9 September 2009 11:24","modified":"Updated on 9 September 2009 11:24"},"featured_img_caption":"","series_order":"","jetpack_sharing_enabled":true,"jetpack_shortlink":"https:\/\/wp.me\/p9bteI-qLB","jetpack-related-posts":[],"_links":{"self":[{"href":"https:\/\/joyana.fr\/en\/wp-json\/wp\/v2\/posts\/102895","targetHints":{"allow":["GET"]}}],"collection":[{"href":"https:\/\/joyana.fr\/en\/wp-json\/wp\/v2\/posts"}],"about":[{"href":"https:\/\/joyana.fr\/en\/wp-json\/wp\/v2\/types\/post"}],"author":[{"embeddable":true,"href":"https:\/\/joyana.fr\/en\/wp-json\/wp\/v2\/users\/3"}],"replies":[{"embeddable":true,"href":"https:\/\/joyana.fr\/en\/wp-json\/wp\/v2\/comments?post=102895"}],"version-history":[{"count":0,"href":"https:\/\/joyana.fr\/en\/wp-json\/wp\/v2\/posts\/102895\/revisions"}],"wp:featuredmedia":[{"embeddable":true,"href":"https:\/\/joyana.fr\/en\/wp-json\/wp\/v2\/media\/124300"}],"wp:attachment":[{"href":"https:\/\/joyana.fr\/en\/wp-json\/wp\/v2\/media?parent=102895"}],"wp:term":[{"taxonomy":"category","embeddable":true,"href":"https:\/\/joyana.fr\/en\/wp-json\/wp\/v2\/categories?post=102895"},{"taxonomy":"post_tag","embeddable":true,"href":"https:\/\/joyana.fr\/en\/wp-json\/wp\/v2\/tags?post=102895"}],"curies":[{"name":"wp","href":"https:\/\/api.w.org\/{rel}","templated":true}]}}