{"id":102958,"date":"2009-09-21T08:31:32","date_gmt":"2009-09-21T07:31:32","guid":{"rendered":"https:\/\/joyana.fr\/un-ancien-cinema-transforme-en-loft\/"},"modified":"2009-09-21T08:31:32","modified_gmt":"2009-09-21T07:31:32","slug":"un-ancien-cinema-transforme-en-loft","status":"publish","type":"post","link":"https:\/\/joyana.fr\/en\/un-ancien-cinema-transforme-en-loft\/102958\/","title":{"rendered":"Un ancien Cin\u00e9ma transform\u00e9 en Loft"},"content":{"rendered":"<p>Nous visitons aujourd&#8217;hui le home sweet home de Sylvain &#8211;<strong>un ancien cin\u00e9ma transform\u00e9 en loft<\/strong>&#8230;<\/p>\n<p><img data-recalc-dims=\"1\" fetchpriority=\"high\" decoding=\"async\" src=\"https:\/\/i0.wp.com\/joyana.fr\/wp-content\/uploads\/p1090799-1.jpg?resize=500%2C391&#038;ssl=1\" border=\"0\" alt=\"Un ancien Cin\u00e9ma transform\u00e9 en Loft\" hspace=\"8\" width=\"500\" height=\"391\" align=\"top\" \/><\/p>\n<p> <a href=\"http:\/\/deco-design.fr-bb.com\/\">D\u00e9co-Design<\/a> : Parle nous de ce lieu\u2026<\/p>\n<p>Sylvain : <em>Notre appartement se trouve au dernier \u00e9tage d\u2019un ancien <strong>cinema transform\u00e9 en plusieurs lofts<\/strong>.<\/em><\/p>\n<p><em>Il y a quelques ann\u00e9es, nous \u00e9tions locataires dans l\u2019appartement voisin, et je surveillais de pr\u00e8s la vente d\u2019un des quatre appartements de l\u2019\u00e9tage.<\/em><\/p>\n<p><em>Quand l\u2019occasion s\u2019est pr\u00e9sent\u00e9e il y a un an, nous avons imm\u00e9diatement saut\u00e9 dessus.<\/em><\/p>\n<p><em>C\u2019est en effet un bien atypique. Un duplex en plein centre ville, avec une importante hauteur sous plafond, des poutres apparentes en b\u00e9ton, et de grandes surfaces vitr\u00e9es expos\u00e9es plein sud qui donnent sur la terrasse.<\/em><\/p>\n<p><em>De plus, nous n\u2019avions pas de gros travaux \u00e0 effectuer. Juste de la d\u00e9coration.<br \/>\nApr\u00e8s des ann\u00e9es dans des appartements neufs et tristes, le choix de la d\u00e9coration s\u2019est port\u00e9e sur la couleur. Plus un mur de l\u2019appartement n\u2019est blanc.<br \/>\nNous avons choisis des tonalit\u00e9s de gris rehauss\u00e9es de touches vives (framboise et vert Lime)<\/em><\/p>\n<p><em>Pour les pi\u00e8ces de mobilier, Nous avons investi dans les valeurs sures et intemporelles (Eames, Panton, Starck, Art\u00e9mide, Kartell, Flos, Anna Castelli Ferrieri), Mais \u00e9galement du mobilier de grande distribution.<\/em><\/p>\n<p><em>On a fait avec les moyens du bord, mais nous nous sentons vraiment tr\u00e8s bien ici.<br \/>\nJ\u2019esp\u00e8re que \u00e7a va vous plaire ! <\/em><\/p>\n<p><img data-recalc-dims=\"1\" decoding=\"async\" src=\"https:\/\/i0.wp.com\/joyana.fr\/wp-content\/uploads\/p1090806t-1.jpg?resize=500%2C375&#038;ssl=1\" border=\"0\" alt=\"Un ancien Cin\u00e9ma transform\u00e9 en Loft\" hspace=\"8\" width=\"500\" height=\"375\" align=\"top\" \/><\/p>\n<p><img data-recalc-dims=\"1\" decoding=\"async\" src=\"https:\/\/i0.wp.com\/joyana.fr\/wp-content\/uploads\/p1090794x.jpg?resize=500%2C375&#038;ssl=1\" border=\"0\" alt=\"Un ancien Cin\u00e9ma transform\u00e9 en Loft\" hspace=\"8\" width=\"500\" height=\"375\" align=\"top\" \/><\/p>\n<p><a href=\"http:\/\/deco-design.fr-bb.com\/\">D\u00e9co-Design<\/a> : Comment t\u2019est venue la passion de la <a class=\"kblinker\" title=\"More about d\u00e9coration \u00bb\" href=\"http:\/\/www.lepelican.fr\/\">d\u00e9coration<\/a> et du design ?<\/p>\n<p>Sylvain : <em>Je pense que j\u2019ai toujours \u00e9t\u00e9 attir\u00e9 par \u201cles\u201d d\u00e9corations. Tout petit, je faisais d\u00e9j\u00e0 tr\u00e8s attention au mobilier et aux couleurs que je choisissais.<br \/>\nQuelques soient les styles, j\u2019appr\u00e9cie les gens qui d\u00e9corent leur int\u00e9rieurs avec go\u00fbt et passion.<\/em><\/p>\n<p><em>Aujourd\u2019hui, je travaille dans la communication et le web. Je suis touch\u00e9 par l\u2019univers qui m\u2019entoure. Je suis sensible aux nouvelles tendances, dans l\u2019art (Graphismes, photographie, peinture, bd, musique), la mode, ou les technologies.<\/em><\/p>\n<p><em>Mes go\u00fbts vont donc plus naturellement vers le design que vers le style Louis Philippe. <\/em><\/p>\n<p><img data-recalc-dims=\"1\" loading=\"lazy\" decoding=\"async\" src=\"https:\/\/i0.wp.com\/joyana.fr\/wp-content\/uploads\/p1090701.jpg?resize=500%2C333&#038;ssl=1\" border=\"0\" alt=\"Un ancien Cin\u00e9ma transform\u00e9 en Loft\" hspace=\"8\" width=\"500\" height=\"333\" align=\"top\" \/><\/p>\n<p><img data-recalc-dims=\"1\" loading=\"lazy\" decoding=\"async\" src=\"https:\/\/i0.wp.com\/joyana.fr\/wp-content\/uploads\/p1090757h.jpg?resize=500%2C375&#038;ssl=1\" border=\"0\" alt=\"Un ancien Cin\u00e9ma transform\u00e9 en Loft\" hspace=\"8\" width=\"500\" height=\"375\" align=\"top\" \/><\/p>\n<p><a href=\"https:\/\/joyana.fr\/\/\">D\u00e9co-Design<\/a> : Quel fut ton premier achat design ?<\/p>\n<p>Sylvain : <em>Une planche de sk8 !!! C\u2019est vraiment un tr\u00e8s bon support artistique. Et plus jeune, je collectionnais les planches pour leur graphisme plus que mes aptitudes dans ce sport. Je regrette de m\u2019en \u00eatre d\u00e9barrass\u00e9es !<\/em><\/p>\n<p><em>Sinon, ma premi\u00e8re pi\u00e8ce de mobilier est le fauteuil \u201cSoft Egg\u201d de Philippe Starck.<br \/>\nAchet\u00e9 quand j\u2019\u00e9tais lyc\u00e9en, \u00e0 la sortie des cours. <\/em><\/p>\n<p><img data-recalc-dims=\"1\" loading=\"lazy\" decoding=\"async\" src=\"https:\/\/i0.wp.com\/joyana.fr\/wp-content\/uploads\/p1090762f.jpg?resize=500%2C376&#038;ssl=1\" border=\"0\" alt=\"Un ancien Cin\u00e9ma transform\u00e9 en Loft\" hspace=\"8\" width=\"500\" height=\"376\" align=\"top\" \/><\/p>\n<p><img data-recalc-dims=\"1\" loading=\"lazy\" decoding=\"async\" src=\"https:\/\/i0.wp.com\/joyana.fr\/wp-content\/uploads\/p1090723i.jpg?resize=500%2C333&#038;ssl=1\" border=\"0\" alt=\"Un ancien Cin\u00e9ma transform\u00e9 en Loft\" hspace=\"8\" width=\"500\" height=\"333\" align=\"top\" \/><\/p>\n<p><a href=\"http:\/\/deco-design.fr-bb.com\/\">D\u00e9co-Design<\/a> : Le meuble ou l\u2019accessoire que tu pr\u00e9f\u00e8res chez toi ?<\/p>\n<p>Sylvain : <em>J\u2019ai un vrai coup de coeur pour le fauteuil RAR de Charles et Ray Eames. Il a en plus une valeur sentimentale pour nous car c\u2019est un cadeau de mariage.<br \/>\nJe suis actuellement \u00e0 la recherche de premi\u00e8res \u00e9ditions de chez Herman Miller. <\/em><\/p>\n<p><a href=\"https:\/\/joyana.fr\/\/\">D\u00e9co-Design<\/a> : Tes projets pour le futur de ce loft, ou des futurs achats de meubles ?<\/p>\n<p>Sylvain :<em> Maintenant que nous sommes install\u00e9s. Le mot d\u2019ordre est d\u2019acheter uniquement des pi\u00e8ces qui nous font vraiment envie (et il y en a beaucoup ! Table basse Nogushi, chaises DSW et LCW des Eames, meuble tv USM, Lampe Taccia et Snoopy,&#8230;)<br \/>\nIl faut \u00eatre patient et \u00e9conomiser pour \u00e7a !<\/em><\/p>\n<p><em>Nous n\u2019avons pas non plus touch\u00e9 \u00e0 la cuisine depuis l\u2019emm\u00e9nagement. C\u2019est un des projets pour l\u2019ann\u00e9e prochaine. Quelque chose d\u2019ouvert comme un atelier d\u2019artiste&#8230;<\/em><\/p>\n<p><em>Mais surtout, notre fils qui a 6 mois pousse vite et nous devons revoir la s\u00e9curit\u00e9 de certains \u00e9l\u00e9ments de l\u2019appartement.<\/em><\/p>\n<p><em>Nous allons donc repenser l\u2019acc\u00e8s \u00e0 l\u2019escalier, et changer les rambardes de la mezzanine par quelque chose de plus moderne en plexi ou verre&#8230;<br \/>\n<\/em><br \/>\nMais le plus important, c\u2019est de profiter de nous, de notre fils et de le voir grandir !<\/p>\n<p><a href=\"https:\/\/joyana.fr\/\/\">D\u00e9co-Design<\/a> : Et quelle belle chambre il a pour grandir !!!<\/p>\n<p><img data-recalc-dims=\"1\" loading=\"lazy\" decoding=\"async\" src=\"https:\/\/i0.wp.com\/joyana.fr\/wp-content\/uploads\/p1090745.jpg?resize=500%2C374&#038;ssl=1\" border=\"0\" alt=\"Un ancien Cin\u00e9ma transform\u00e9 en Loft\" hspace=\"8\" width=\"500\" height=\"374\" align=\"top\" \/><\/p>\n<p><img data-recalc-dims=\"1\" loading=\"lazy\" decoding=\"async\" src=\"https:\/\/i0.wp.com\/joyana.fr\/wp-content\/uploads\/p1090733.jpg?resize=500%2C375&#038;ssl=1\" border=\"0\" alt=\"Un ancien Cin\u00e9ma transform\u00e9 en Loft\" hspace=\"8\" width=\"500\" height=\"375\" align=\"top\" \/><\/p>\n<p>Encore merci \u00e0 Sylvain pour la visite. Pour d\u00e9couvrir son int\u00e9rieur sans son int\u00e9gralit\u00e9 rendez-vous sur le <a href=\"http:\/\/deco-design.fr-bb.com\/nos-interieurs-f15\/duplex-dans-un-ancien-cinema-shooting-complet-page-1-t8241.htm\">forum<\/a>&#8230;<\/p>\n<p>&#8212;&#8212;&#8212;&#8212;&#8212;<\/p>\n<p><a href=\"jo_yana@hotmail.com\">Jo Yana <\/a><\/p>\n","protected":false},"excerpt":{"rendered":"<p>Nous visitons aujourd&#8217;hui le home sweet home de Sylvain &#8211;un ancien cin\u00e9ma transform\u00e9 en loft&#8230; D\u00e9co-Design : Parle nous de ce lieu\u2026 Sylvain : Notre appartement se trouve au dernier \u00e9tage d\u2019un ancien cinema transform\u00e9 en plusieurs lofts. Il y a quelques ann\u00e9es, nous \u00e9tions locataires dans l\u2019appartement voisin, et je surveillais de pr\u00e8s la [&hellip;]<\/p>\n","protected":false},"author":3,"featured_media":124300,"comment_status":"open","ping_status":"open","sticky":false,"template":"","format":"standard","meta":{"_coblocks_attr":"","_coblocks_dimensions":"","_coblocks_responsive_height":"","_coblocks_accordion_ie_support":"","_uag_custom_page_level_css":"","advgb_blocks_editor_width":"","advgb_blocks_columns_visual_guide":"","_genesis_hide_title":false,"_genesis_hide_breadcrumbs":false,"_genesis_hide_singular_image":false,"_genesis_hide_footer_widgets":false,"_genesis_custom_body_class":"","_genesis_custom_post_class":"","_genesis_layout":"","_themeisle_gutenberg_block_has_review":false,"_jetpack_newsletter_access":"","_jetpack_dont_email_post_to_subs":false,"_jetpack_newsletter_tier_id":0,"_jetpack_memberships_contains_paywalled_content":false,"_jetpack_memberships_contains_paid_content":false,"footnotes":""},"categories":[905,921,978,923],"tags":[908,78,982,9],"class_list":{"0":"post-102958","1":"post","2":"type-post","3":"status-publish","4":"format-standard","5":"has-post-thumbnail","7":"category-deco-design","8":"category-lieux-design","9":"category-loft","10":"category-visites","11":"tag-blanc","12":"tag-design","13":"tag-kartell","14":"tag-starck","15":"entry"},"featured_image_urls":{"full":["https:\/\/i0.wp.com\/joyana.fr\/wp-content\/uploads\/2016\/08\/joyana-logo-black-360x180.png?fit=360%2C180&ssl=1",360,180,false],"thumbnail":["https:\/\/i0.wp.com\/joyana.fr\/wp-content\/uploads\/2016\/08\/joyana-logo-black-360x180.png?resize=150%2C150&ssl=1",150,150,true],"medium":["https:\/\/i0.wp.com\/joyana.fr\/wp-content\/uploads\/2016\/08\/joyana-logo-black-360x180.png?fit=360%2C180&ssl=1",360,180,true],"medium_large":["https:\/\/i0.wp.com\/joyana.fr\/wp-content\/uploads\/2016\/08\/joyana-logo-black-360x180.png?fit=360%2C180&ssl=1",360,180,true],"large":["https:\/\/i0.wp.com\/joyana.fr\/wp-content\/uploads\/2016\/08\/joyana-logo-black-360x180.png?fit=360%2C180&ssl=1",360,180,true],"1536x1536":["https:\/\/i0.wp.com\/joyana.fr\/wp-content\/uploads\/2016\/08\/joyana-logo-black-360x180.png?fit=360%2C180&ssl=1",360,180,true],"2048x2048":["https:\/\/i0.wp.com\/joyana.fr\/wp-content\/uploads\/2016\/08\/joyana-logo-black-360x180.png?fit=360%2C180&ssl=1",360,180,true],"featured-thumb":["https:\/\/i0.wp.com\/joyana.fr\/wp-content\/uploads\/2016\/08\/joyana-logo-black-360x180.png?resize=360%2C180&ssl=1",360,180,true],"ab-block-post-grid-landscape":["https:\/\/i0.wp.com\/joyana.fr\/wp-content\/uploads\/2016\/08\/joyana-logo-black-360x180.png?resize=360%2C180&ssl=1",360,180,true],"ab-block-post-grid-square":["https:\/\/i0.wp.com\/joyana.fr\/wp-content\/uploads\/2016\/08\/joyana-logo-black-360x180.png?resize=360%2C180&ssl=1",360,180,true],"author-pro-image":["https:\/\/i0.wp.com\/joyana.fr\/wp-content\/uploads\/2016\/08\/joyana-logo-black-360x180.png?resize=360%2C180&ssl=1",360,180,true],"slider":["https:\/\/i0.wp.com\/joyana.fr\/wp-content\/uploads\/2016\/08\/joyana-logo-black-360x180.png?resize=360%2C180&ssl=1",360,180,true],"woocommerce_thumbnail":["https:\/\/i0.wp.com\/joyana.fr\/wp-content\/uploads\/2016\/08\/joyana-logo-black-360x180.png?resize=300%2C180&ssl=1",300,180,true],"woocommerce_single":["https:\/\/i0.wp.com\/joyana.fr\/wp-content\/uploads\/2016\/08\/joyana-logo-black-360x180.png?fit=360%2C180&ssl=1",360,180,true],"woocommerce_gallery_thumbnail":["https:\/\/i0.wp.com\/joyana.fr\/wp-content\/uploads\/2016\/08\/joyana-logo-black-360x180.png?resize=180%2C180&ssl=1",180,180,true],"sow-carousel-default":["https:\/\/i0.wp.com\/joyana.fr\/wp-content\/uploads\/2016\/08\/joyana-logo-black-360x180.png?resize=272%2C180&ssl=1",272,180,true]},"post_excerpt_stackable":"<p>Nous visitons aujourd&#8217;hui le home sweet home de Sylvain &#8211;un ancien cin\u00e9ma transform\u00e9 en loft&#8230; D\u00e9co-Design : Parle nous de ce lieu\u2026 Sylvain : Notre appartement se trouve au dernier \u00e9tage d\u2019un ancien cinema transform\u00e9 en plusieurs lofts. Il y a quelques ann\u00e9es, nous \u00e9tions locataires dans l\u2019appartement voisin, et je surveillais de pr\u00e8s la vente d\u2019un des quatre appartements de l\u2019\u00e9tage. Quand l\u2019occasion s\u2019est pr\u00e9sent\u00e9e il y a un an, nous avons imm\u00e9diatement saut\u00e9 dessus. C\u2019est en effet un bien atypique. Un duplex en plein centre ville, avec une importante hauteur sous plafond, des poutres apparentes en b\u00e9ton, et&hellip;<\/p>\n","category_list":"<a href=\"https:\/\/joyana.fr\/en\/category\/deco-design\/\" rel=\"category tag\">DECO-DESIGN<\/a>, <a href=\"https:\/\/joyana.fr\/en\/category\/deco-design\/architecture-deco-design\/lieux-design\/\" rel=\"category tag\">Lieux<\/a>, <a href=\"https:\/\/joyana.fr\/en\/category\/deco-design\/architecture-deco-design\/lieux-design\/loft\/\" rel=\"category tag\">Loft<\/a>, <a href=\"https:\/\/joyana.fr\/en\/category\/deco-design\/architecture-deco-design\/lieux-design\/visites\/\" rel=\"category tag\">Visites<\/a>","author_info":{"display_name":"Jo Yana","author_link":"https:\/\/joyana.fr\/en\/author\/joyana\/"},"comments_num":"17 comments","featured_image_urls_v2":{"full":["https:\/\/i0.wp.com\/joyana.fr\/wp-content\/uploads\/2016\/08\/joyana-logo-black-360x180.png?fit=360%2C180&ssl=1",360,180,false],"thumbnail":["https:\/\/i0.wp.com\/joyana.fr\/wp-content\/uploads\/2016\/08\/joyana-logo-black-360x180.png?resize=150%2C150&ssl=1",150,150,true],"medium":["https:\/\/i0.wp.com\/joyana.fr\/wp-content\/uploads\/2016\/08\/joyana-logo-black-360x180.png?fit=360%2C180&ssl=1",360,180,true],"medium_large":["https:\/\/i0.wp.com\/joyana.fr\/wp-content\/uploads\/2016\/08\/joyana-logo-black-360x180.png?fit=360%2C180&ssl=1",360,180,true],"large":["https:\/\/i0.wp.com\/joyana.fr\/wp-content\/uploads\/2016\/08\/joyana-logo-black-360x180.png?fit=360%2C180&ssl=1",360,180,true],"1536x1536":["https:\/\/i0.wp.com\/joyana.fr\/wp-content\/uploads\/2016\/08\/joyana-logo-black-360x180.png?fit=360%2C180&ssl=1",360,180,true],"2048x2048":["https:\/\/i0.wp.com\/joyana.fr\/wp-content\/uploads\/2016\/08\/joyana-logo-black-360x180.png?fit=360%2C180&ssl=1",360,180,true],"featured-thumb":["https:\/\/i0.wp.com\/joyana.fr\/wp-content\/uploads\/2016\/08\/joyana-logo-black-360x180.png?resize=360%2C180&ssl=1",360,180,true],"ab-block-post-grid-landscape":["https:\/\/i0.wp.com\/joyana.fr\/wp-content\/uploads\/2016\/08\/joyana-logo-black-360x180.png?resize=360%2C180&ssl=1",360,180,true],"ab-block-post-grid-square":["https:\/\/i0.wp.com\/joyana.fr\/wp-content\/uploads\/2016\/08\/joyana-logo-black-360x180.png?resize=360%2C180&ssl=1",360,180,true],"author-pro-image":["https:\/\/i0.wp.com\/joyana.fr\/wp-content\/uploads\/2016\/08\/joyana-logo-black-360x180.png?resize=360%2C180&ssl=1",360,180,true],"slider":["https:\/\/i0.wp.com\/joyana.fr\/wp-content\/uploads\/2016\/08\/joyana-logo-black-360x180.png?resize=360%2C180&ssl=1",360,180,true],"woocommerce_thumbnail":["https:\/\/i0.wp.com\/joyana.fr\/wp-content\/uploads\/2016\/08\/joyana-logo-black-360x180.png?resize=300%2C180&ssl=1",300,180,true],"woocommerce_single":["https:\/\/i0.wp.com\/joyana.fr\/wp-content\/uploads\/2016\/08\/joyana-logo-black-360x180.png?fit=360%2C180&ssl=1",360,180,true],"woocommerce_gallery_thumbnail":["https:\/\/i0.wp.com\/joyana.fr\/wp-content\/uploads\/2016\/08\/joyana-logo-black-360x180.png?resize=180%2C180&ssl=1",180,180,true],"sow-carousel-default":["https:\/\/i0.wp.com\/joyana.fr\/wp-content\/uploads\/2016\/08\/joyana-logo-black-360x180.png?resize=272%2C180&ssl=1",272,180,true]},"post_excerpt_stackable_v2":"<p>Nous visitons aujourd&#8217;hui le home sweet home de Sylvain &#8211;un ancien cin\u00e9ma transform\u00e9 en loft&#8230; D\u00e9co-Design : Parle nous de ce lieu\u2026 Sylvain : Notre appartement se trouve au dernier \u00e9tage d\u2019un ancien cinema transform\u00e9 en plusieurs lofts. Il y a quelques ann\u00e9es, nous \u00e9tions locataires dans l\u2019appartement voisin, et je surveillais de pr\u00e8s la vente d\u2019un des quatre appartements de l\u2019\u00e9tage. Quand l\u2019occasion s\u2019est pr\u00e9sent\u00e9e il y a un an, nous avons imm\u00e9diatement saut\u00e9 dessus. C\u2019est en effet un bien atypique. Un duplex en plein centre ville, avec une importante hauteur sous plafond, des poutres apparentes en b\u00e9ton, et&hellip;<\/p>\n","category_list_v2":"<a href=\"https:\/\/joyana.fr\/en\/category\/deco-design\/\" rel=\"category tag\">DECO-DESIGN<\/a>, <a href=\"https:\/\/joyana.fr\/en\/category\/deco-design\/architecture-deco-design\/lieux-design\/\" rel=\"category tag\">Lieux<\/a>, <a href=\"https:\/\/joyana.fr\/en\/category\/deco-design\/architecture-deco-design\/lieux-design\/loft\/\" rel=\"category tag\">Loft<\/a>, <a href=\"https:\/\/joyana.fr\/en\/category\/deco-design\/architecture-deco-design\/lieux-design\/visites\/\" rel=\"category tag\">Visites<\/a>","author_info_v2":{"name":"Jo Yana","url":"https:\/\/joyana.fr\/en\/author\/joyana\/"},"comments_num_v2":"17 comments","yoast_head":"<!-- This site is optimized with the Yoast SEO plugin v26.8 - https:\/\/yoast.com\/product\/yoast-seo-wordpress\/ -->\n<title>Un ancien Cin\u00e9ma transform\u00e9 en Loft - JO YANA<\/title>\n<meta name=\"robots\" content=\"index, follow, max-snippet:-1, max-image-preview:large, max-video-preview:-1\" \/>\n<link rel=\"canonical\" href=\"https:\/\/joyana.fr\/en\/un-ancien-cinema-transforme-en-loft\/102958\/\" \/>\n<meta property=\"og:locale\" content=\"en_US\" \/>\n<meta property=\"og:locale:alternate\" content=\"fr_FR\" \/>\n<meta property=\"og:locale:alternate\" content=\"ja\" \/>\n<meta property=\"og:type\" content=\"article\" \/>\n<meta property=\"og:title\" content=\"Un ancien Cin\u00e9ma transform\u00e9 en Loft - JO YANA\" \/>\n<meta property=\"og:description\" content=\"Nous visitons aujourd&#8217;hui le home sweet home de Sylvain &#8211;un ancien cin\u00e9ma transform\u00e9 en loft&#8230; D\u00e9co-Design : Parle nous de ce lieu\u2026 Sylvain : Notre appartement se trouve au dernier \u00e9tage d\u2019un ancien cinema transform\u00e9 en plusieurs lofts. Il y a quelques ann\u00e9es, nous \u00e9tions locataires dans l\u2019appartement voisin, et je surveillais de pr\u00e8s la [&hellip;]\" \/>\n<meta property=\"og:url\" content=\"https:\/\/joyana.fr\/en\/un-ancien-cinema-transforme-en-loft\/102958\/\" \/>\n<meta property=\"og:site_name\" content=\"JO YANA\" \/>\n<meta property=\"article:published_time\" content=\"2009-09-21T07:31:32+00:00\" \/>\n<meta property=\"og:image\" content=\"https:\/\/joyana.fr\/wp-content\/uploads\/2016\/08\/joyana-logo-black-360x180.png\" \/>\n\t<meta property=\"og:image:width\" content=\"360\" \/>\n\t<meta property=\"og:image:height\" content=\"180\" \/>\n\t<meta property=\"og:image:type\" content=\"image\/png\" \/>\n<meta name=\"author\" content=\"Jo Yana\" \/>\n<meta name=\"twitter:card\" content=\"summary_large_image\" \/>\n<meta name=\"twitter:creator\" content=\"@Jo_Yana\" \/>\n<meta name=\"twitter:site\" content=\"@Jo_Yana\" \/>\n<meta name=\"twitter:label1\" content=\"Written by\" \/>\n\t<meta name=\"twitter:data1\" content=\"Jo Yana\" \/>\n\t<meta name=\"twitter:label2\" content=\"Est. reading time\" \/>\n\t<meta name=\"twitter:data2\" content=\"4 minutes\" \/>\n<script type=\"application\/ld+json\" class=\"yoast-schema-graph\">{\"@context\":\"https:\/\/schema.org\",\"@graph\":[{\"@type\":\"Article\",\"@id\":\"https:\/\/joyana.fr\/un-ancien-cinema-transforme-en-loft\/102958\/#article\",\"isPartOf\":{\"@id\":\"https:\/\/joyana.fr\/un-ancien-cinema-transforme-en-loft\/102958\/\"},\"author\":{\"name\":\"Jo Yana\",\"@id\":\"https:\/\/joyana.fr\/#\/schema\/person\/cf2a1ad12a27c12c21801075bf37407c\"},\"headline\":\"Un ancien Cin\u00e9ma transform\u00e9 en Loft\",\"datePublished\":\"2009-09-21T07:31:32+00:00\",\"mainEntityOfPage\":{\"@id\":\"https:\/\/joyana.fr\/un-ancien-cinema-transforme-en-loft\/102958\/\"},\"wordCount\":711,\"commentCount\":15,\"publisher\":{\"@id\":\"https:\/\/joyana.fr\/#\/schema\/person\/cf2a1ad12a27c12c21801075bf37407c\"},\"image\":{\"@id\":\"https:\/\/joyana.fr\/un-ancien-cinema-transforme-en-loft\/102958\/#primaryimage\"},\"thumbnailUrl\":\"https:\/\/i0.wp.com\/joyana.fr\/wp-content\/uploads\/2016\/08\/joyana-logo-black-360x180.png?fit=360%2C180&ssl=1\",\"keywords\":[\"Blanc\",\"DESIGN\",\"Kartell\",\"STARCK\"],\"articleSection\":[\"DECO-DESIGN\",\"Lieux\",\"Loft\",\"Visites\"],\"inLanguage\":\"en-US\",\"potentialAction\":[{\"@type\":\"CommentAction\",\"name\":\"Comment\",\"target\":[\"https:\/\/joyana.fr\/un-ancien-cinema-transforme-en-loft\/102958\/#respond\"]}]},{\"@type\":\"WebPage\",\"@id\":\"https:\/\/joyana.fr\/un-ancien-cinema-transforme-en-loft\/102958\/\",\"url\":\"https:\/\/joyana.fr\/un-ancien-cinema-transforme-en-loft\/102958\/\",\"name\":\"Un ancien Cin\u00e9ma transform\u00e9 en Loft - JO YANA\",\"isPartOf\":{\"@id\":\"https:\/\/joyana.fr\/#website\"},\"primaryImageOfPage\":{\"@id\":\"https:\/\/joyana.fr\/un-ancien-cinema-transforme-en-loft\/102958\/#primaryimage\"},\"image\":{\"@id\":\"https:\/\/joyana.fr\/un-ancien-cinema-transforme-en-loft\/102958\/#primaryimage\"},\"thumbnailUrl\":\"https:\/\/i0.wp.com\/joyana.fr\/wp-content\/uploads\/2016\/08\/joyana-logo-black-360x180.png?fit=360%2C180&ssl=1\",\"datePublished\":\"2009-09-21T07:31:32+00:00\",\"breadcrumb\":{\"@id\":\"https:\/\/joyana.fr\/un-ancien-cinema-transforme-en-loft\/102958\/#breadcrumb\"},\"inLanguage\":\"en-US\",\"potentialAction\":[{\"@type\":\"ReadAction\",\"target\":[\"https:\/\/joyana.fr\/un-ancien-cinema-transforme-en-loft\/102958\/\"]}]},{\"@type\":\"ImageObject\",\"inLanguage\":\"en-US\",\"@id\":\"https:\/\/joyana.fr\/un-ancien-cinema-transforme-en-loft\/102958\/#primaryimage\",\"url\":\"https:\/\/i0.wp.com\/joyana.fr\/wp-content\/uploads\/2016\/08\/joyana-logo-black-360x180.png?fit=360%2C180&ssl=1\",\"contentUrl\":\"https:\/\/i0.wp.com\/joyana.fr\/wp-content\/uploads\/2016\/08\/joyana-logo-black-360x180.png?fit=360%2C180&ssl=1\",\"width\":360,\"height\":180,\"caption\":\"logo joyana.fr\"},{\"@type\":\"BreadcrumbList\",\"@id\":\"https:\/\/joyana.fr\/un-ancien-cinema-transforme-en-loft\/102958\/#breadcrumb\",\"itemListElement\":[{\"@type\":\"ListItem\",\"position\":1,\"name\":\"Accueil\",\"item\":\"https:\/\/joyana.fr\/\"},{\"@type\":\"ListItem\",\"position\":2,\"name\":\"Un ancien Cin\u00e9ma transform\u00e9 en Loft\"}]},{\"@type\":\"WebSite\",\"@id\":\"https:\/\/joyana.fr\/#website\",\"url\":\"https:\/\/joyana.fr\/\",\"name\":\"JO YANA\",\"description\":\"Blog Mode Homme, Lifestyle, D\u00e9co-Design\",\"publisher\":{\"@id\":\"https:\/\/joyana.fr\/#\/schema\/person\/cf2a1ad12a27c12c21801075bf37407c\"},\"potentialAction\":[{\"@type\":\"SearchAction\",\"target\":{\"@type\":\"EntryPoint\",\"urlTemplate\":\"https:\/\/joyana.fr\/?s={search_term_string}\"},\"query-input\":{\"@type\":\"PropertyValueSpecification\",\"valueRequired\":true,\"valueName\":\"search_term_string\"}}],\"inLanguage\":\"en-US\"},{\"@type\":[\"Person\",\"Organization\"],\"@id\":\"https:\/\/joyana.fr\/#\/schema\/person\/cf2a1ad12a27c12c21801075bf37407c\",\"name\":\"Jo Yana\",\"image\":{\"@type\":\"ImageObject\",\"inLanguage\":\"en-US\",\"@id\":\"https:\/\/joyana.fr\/#\/schema\/person\/image\/\",\"url\":\"https:\/\/i0.wp.com\/joyana.fr\/wp-content\/uploads\/2016\/08\/cropped-joyana-logo-black-360x180.png?fit=343%2C164&ssl=1\",\"contentUrl\":\"https:\/\/i0.wp.com\/joyana.fr\/wp-content\/uploads\/2016\/08\/cropped-joyana-logo-black-360x180.png?fit=343%2C164&ssl=1\",\"width\":343,\"height\":164,\"caption\":\"Jo Yana\"},\"logo\":{\"@id\":\"https:\/\/joyana.fr\/#\/schema\/person\/image\/\"},\"description\":\"Jo Yana est le cr\u00e9ateur et r\u00e9dacteur en chef des sites DECO-DESIGN. Passionn\u00e9 de Design, Mode, Photo, Luxe, Lifestyle, Musique, mais avant tout Blogueur ! Le plaisir de partager l'anime et a comme devise \\\"POUR L'AMOUR DU BEAU\\\". Retrouvez le aussi sur son blog personnel - https:\/\/joyana.fr...\",\"sameAs\":[\"https:\/\/joyana.fr\/\"],\"url\":\"https:\/\/joyana.fr\/en\/author\/joyana\/\"}]}<\/script>\n<!-- \/ Yoast SEO plugin. -->","yoast_head_json":{"title":"Un ancien Cin\u00e9ma transform\u00e9 en Loft - JO YANA","robots":{"index":"index","follow":"follow","max-snippet":"max-snippet:-1","max-image-preview":"max-image-preview:large","max-video-preview":"max-video-preview:-1"},"canonical":"https:\/\/joyana.fr\/en\/un-ancien-cinema-transforme-en-loft\/102958\/","og_locale":"en_US","og_type":"article","og_title":"Un ancien Cin\u00e9ma transform\u00e9 en Loft - JO YANA","og_description":"Nous visitons aujourd&#8217;hui le home sweet home de Sylvain &#8211;un ancien cin\u00e9ma transform\u00e9 en loft&#8230; D\u00e9co-Design : Parle nous de ce lieu\u2026 Sylvain : Notre appartement se trouve au dernier \u00e9tage d\u2019un ancien cinema transform\u00e9 en plusieurs lofts. Il y a quelques ann\u00e9es, nous \u00e9tions locataires dans l\u2019appartement voisin, et je surveillais de pr\u00e8s la [&hellip;]","og_url":"https:\/\/joyana.fr\/en\/un-ancien-cinema-transforme-en-loft\/102958\/","og_site_name":"JO YANA","article_published_time":"2009-09-21T07:31:32+00:00","og_image":[{"width":360,"height":180,"url":"https:\/\/joyana.fr\/wp-content\/uploads\/2016\/08\/joyana-logo-black-360x180.png","type":"image\/png"}],"author":"Jo Yana","twitter_card":"summary_large_image","twitter_creator":"@Jo_Yana","twitter_site":"@Jo_Yana","twitter_misc":{"Written by":"Jo Yana","Est. reading time":"4 minutes"},"schema":{"@context":"https:\/\/schema.org","@graph":[{"@type":"Article","@id":"https:\/\/joyana.fr\/un-ancien-cinema-transforme-en-loft\/102958\/#article","isPartOf":{"@id":"https:\/\/joyana.fr\/un-ancien-cinema-transforme-en-loft\/102958\/"},"author":{"name":"Jo Yana","@id":"https:\/\/joyana.fr\/#\/schema\/person\/cf2a1ad12a27c12c21801075bf37407c"},"headline":"Un ancien Cin\u00e9ma transform\u00e9 en Loft","datePublished":"2009-09-21T07:31:32+00:00","mainEntityOfPage":{"@id":"https:\/\/joyana.fr\/un-ancien-cinema-transforme-en-loft\/102958\/"},"wordCount":711,"commentCount":15,"publisher":{"@id":"https:\/\/joyana.fr\/#\/schema\/person\/cf2a1ad12a27c12c21801075bf37407c"},"image":{"@id":"https:\/\/joyana.fr\/un-ancien-cinema-transforme-en-loft\/102958\/#primaryimage"},"thumbnailUrl":"https:\/\/i0.wp.com\/joyana.fr\/wp-content\/uploads\/2016\/08\/joyana-logo-black-360x180.png?fit=360%2C180&ssl=1","keywords":["Blanc","DESIGN","Kartell","STARCK"],"articleSection":["DECO-DESIGN","Lieux","Loft","Visites"],"inLanguage":"en-US","potentialAction":[{"@type":"CommentAction","name":"Comment","target":["https:\/\/joyana.fr\/un-ancien-cinema-transforme-en-loft\/102958\/#respond"]}]},{"@type":"WebPage","@id":"https:\/\/joyana.fr\/un-ancien-cinema-transforme-en-loft\/102958\/","url":"https:\/\/joyana.fr\/un-ancien-cinema-transforme-en-loft\/102958\/","name":"Un ancien Cin\u00e9ma transform\u00e9 en Loft - JO YANA","isPartOf":{"@id":"https:\/\/joyana.fr\/#website"},"primaryImageOfPage":{"@id":"https:\/\/joyana.fr\/un-ancien-cinema-transforme-en-loft\/102958\/#primaryimage"},"image":{"@id":"https:\/\/joyana.fr\/un-ancien-cinema-transforme-en-loft\/102958\/#primaryimage"},"thumbnailUrl":"https:\/\/i0.wp.com\/joyana.fr\/wp-content\/uploads\/2016\/08\/joyana-logo-black-360x180.png?fit=360%2C180&ssl=1","datePublished":"2009-09-21T07:31:32+00:00","breadcrumb":{"@id":"https:\/\/joyana.fr\/un-ancien-cinema-transforme-en-loft\/102958\/#breadcrumb"},"inLanguage":"en-US","potentialAction":[{"@type":"ReadAction","target":["https:\/\/joyana.fr\/un-ancien-cinema-transforme-en-loft\/102958\/"]}]},{"@type":"ImageObject","inLanguage":"en-US","@id":"https:\/\/joyana.fr\/un-ancien-cinema-transforme-en-loft\/102958\/#primaryimage","url":"https:\/\/i0.wp.com\/joyana.fr\/wp-content\/uploads\/2016\/08\/joyana-logo-black-360x180.png?fit=360%2C180&ssl=1","contentUrl":"https:\/\/i0.wp.com\/joyana.fr\/wp-content\/uploads\/2016\/08\/joyana-logo-black-360x180.png?fit=360%2C180&ssl=1","width":360,"height":180,"caption":"logo joyana.fr"},{"@type":"BreadcrumbList","@id":"https:\/\/joyana.fr\/un-ancien-cinema-transforme-en-loft\/102958\/#breadcrumb","itemListElement":[{"@type":"ListItem","position":1,"name":"Accueil","item":"https:\/\/joyana.fr\/"},{"@type":"ListItem","position":2,"name":"Un ancien Cin\u00e9ma transform\u00e9 en Loft"}]},{"@type":"WebSite","@id":"https:\/\/joyana.fr\/#website","url":"https:\/\/joyana.fr\/","name":"JO YANA","description":"Blog Mode Homme, Lifestyle, D\u00e9co-Design","publisher":{"@id":"https:\/\/joyana.fr\/#\/schema\/person\/cf2a1ad12a27c12c21801075bf37407c"},"potentialAction":[{"@type":"SearchAction","target":{"@type":"EntryPoint","urlTemplate":"https:\/\/joyana.fr\/?s={search_term_string}"},"query-input":{"@type":"PropertyValueSpecification","valueRequired":true,"valueName":"search_term_string"}}],"inLanguage":"en-US"},{"@type":["Person","Organization"],"@id":"https:\/\/joyana.fr\/#\/schema\/person\/cf2a1ad12a27c12c21801075bf37407c","name":"Jo Yana","image":{"@type":"ImageObject","inLanguage":"en-US","@id":"https:\/\/joyana.fr\/#\/schema\/person\/image\/","url":"https:\/\/i0.wp.com\/joyana.fr\/wp-content\/uploads\/2016\/08\/cropped-joyana-logo-black-360x180.png?fit=343%2C164&ssl=1","contentUrl":"https:\/\/i0.wp.com\/joyana.fr\/wp-content\/uploads\/2016\/08\/cropped-joyana-logo-black-360x180.png?fit=343%2C164&ssl=1","width":343,"height":164,"caption":"Jo Yana"},"logo":{"@id":"https:\/\/joyana.fr\/#\/schema\/person\/image\/"},"description":"Jo Yana est le cr\u00e9ateur et r\u00e9dacteur en chef des sites DECO-DESIGN. Passionn\u00e9 de Design, Mode, Photo, Luxe, Lifestyle, Musique, mais avant tout Blogueur ! Le plaisir de partager l'anime et a comme devise \"POUR L'AMOUR DU BEAU\". Retrouvez le aussi sur son blog personnel - https:\/\/joyana.fr...","sameAs":["https:\/\/joyana.fr\/"],"url":"https:\/\/joyana.fr\/en\/author\/joyana\/"}]}},"author_meta":{"display_name":"Jo Yana","author_link":"https:\/\/joyana.fr\/en\/author\/joyana\/"},"featured_img":"https:\/\/i0.wp.com\/joyana.fr\/wp-content\/uploads\/2016\/08\/joyana-logo-black-360x180.png?fit=360%2C180&ssl=1","featured_image_src":"https:\/\/i0.wp.com\/joyana.fr\/wp-content\/uploads\/2016\/08\/joyana-logo-black-360x180.png?resize=360%2C180&ssl=1","featured_image_src_square":"https:\/\/i0.wp.com\/joyana.fr\/wp-content\/uploads\/2016\/08\/joyana-logo-black-360x180.png?resize=360%2C180&ssl=1","jetpack_featured_media_url":"https:\/\/i0.wp.com\/joyana.fr\/wp-content\/uploads\/2016\/08\/joyana-logo-black-360x180.png?fit=360%2C180&ssl=1","uagb_featured_image_src":{"full":["https:\/\/i0.wp.com\/joyana.fr\/wp-content\/uploads\/2016\/08\/joyana-logo-black-360x180.png?fit=360%2C180&ssl=1",360,180,false],"thumbnail":["https:\/\/i0.wp.com\/joyana.fr\/wp-content\/uploads\/2016\/08\/joyana-logo-black-360x180.png?resize=150%2C150&ssl=1",150,150,true],"medium":["https:\/\/i0.wp.com\/joyana.fr\/wp-content\/uploads\/2016\/08\/joyana-logo-black-360x180.png?fit=360%2C180&ssl=1",360,180,true],"medium_large":["https:\/\/i0.wp.com\/joyana.fr\/wp-content\/uploads\/2016\/08\/joyana-logo-black-360x180.png?fit=360%2C180&ssl=1",360,180,true],"large":["https:\/\/i0.wp.com\/joyana.fr\/wp-content\/uploads\/2016\/08\/joyana-logo-black-360x180.png?fit=360%2C180&ssl=1",360,180,true],"1536x1536":["https:\/\/i0.wp.com\/joyana.fr\/wp-content\/uploads\/2016\/08\/joyana-logo-black-360x180.png?fit=360%2C180&ssl=1",360,180,true],"2048x2048":["https:\/\/i0.wp.com\/joyana.fr\/wp-content\/uploads\/2016\/08\/joyana-logo-black-360x180.png?fit=360%2C180&ssl=1",360,180,true],"featured-thumb":["https:\/\/i0.wp.com\/joyana.fr\/wp-content\/uploads\/2016\/08\/joyana-logo-black-360x180.png?resize=360%2C180&ssl=1",360,180,true],"ab-block-post-grid-landscape":["https:\/\/i0.wp.com\/joyana.fr\/wp-content\/uploads\/2016\/08\/joyana-logo-black-360x180.png?resize=360%2C180&ssl=1",360,180,true],"ab-block-post-grid-square":["https:\/\/i0.wp.com\/joyana.fr\/wp-content\/uploads\/2016\/08\/joyana-logo-black-360x180.png?resize=360%2C180&ssl=1",360,180,true],"author-pro-image":["https:\/\/i0.wp.com\/joyana.fr\/wp-content\/uploads\/2016\/08\/joyana-logo-black-360x180.png?resize=360%2C180&ssl=1",360,180,true],"slider":["https:\/\/i0.wp.com\/joyana.fr\/wp-content\/uploads\/2016\/08\/joyana-logo-black-360x180.png?resize=360%2C180&ssl=1",360,180,true],"woocommerce_thumbnail":["https:\/\/i0.wp.com\/joyana.fr\/wp-content\/uploads\/2016\/08\/joyana-logo-black-360x180.png?resize=300%2C180&ssl=1",300,180,true],"woocommerce_single":["https:\/\/i0.wp.com\/joyana.fr\/wp-content\/uploads\/2016\/08\/joyana-logo-black-360x180.png?fit=360%2C180&ssl=1",360,180,true],"woocommerce_gallery_thumbnail":["https:\/\/i0.wp.com\/joyana.fr\/wp-content\/uploads\/2016\/08\/joyana-logo-black-360x180.png?resize=180%2C180&ssl=1",180,180,true],"sow-carousel-default":["https:\/\/i0.wp.com\/joyana.fr\/wp-content\/uploads\/2016\/08\/joyana-logo-black-360x180.png?resize=272%2C180&ssl=1",272,180,true]},"uagb_author_info":{"display_name":"Jo Yana","author_link":"https:\/\/joyana.fr\/en\/author\/joyana\/"},"uagb_comment_info":17,"uagb_excerpt":"Nous visitons aujourd&#8217;hui le home sweet home de Sylvain &#8211;un ancien cin\u00e9ma transform\u00e9 en loft&#8230; D\u00e9co-Design : Parle nous de ce lieu\u2026 Sylvain : Notre appartement se trouve au dernier \u00e9tage d\u2019un ancien cinema transform\u00e9 en plusieurs lofts. Il y a quelques ann\u00e9es, nous \u00e9tions locataires dans l\u2019appartement voisin, et je surveillais de pr\u00e8s la&hellip;","coauthors":[],"tax_additional":{"categories":{"linked":["<a href=\"https:\/\/joyana.fr\/en\/category\/deco-design\/\" class=\"advgb-post-tax-term\">DECO-DESIGN<\/a>","<a href=\"https:\/\/joyana.fr\/en\/category\/deco-design\/architecture-deco-design\/lieux-design\/\" class=\"advgb-post-tax-term\">Lieux<\/a>","<a href=\"https:\/\/joyana.fr\/en\/category\/deco-design\/architecture-deco-design\/lieux-design\/loft\/\" class=\"advgb-post-tax-term\">Loft<\/a>","<a href=\"https:\/\/joyana.fr\/en\/category\/deco-design\/architecture-deco-design\/lieux-design\/visites\/\" class=\"advgb-post-tax-term\">Visites<\/a>"],"unlinked":["<span class=\"advgb-post-tax-term\">DECO-DESIGN<\/span>","<span class=\"advgb-post-tax-term\">Lieux<\/span>","<span class=\"advgb-post-tax-term\">Loft<\/span>","<span class=\"advgb-post-tax-term\">Visites<\/span>"]},"tags":{"linked":["<a href=\"https:\/\/joyana.fr\/en\/category\/deco-design\/architecture-deco-design\/lieux-design\/visites\/\" class=\"advgb-post-tax-term\">Blanc<\/a>","<a href=\"https:\/\/joyana.fr\/en\/category\/deco-design\/architecture-deco-design\/lieux-design\/visites\/\" class=\"advgb-post-tax-term\">DESIGN<\/a>","<a href=\"https:\/\/joyana.fr\/en\/category\/deco-design\/architecture-deco-design\/lieux-design\/visites\/\" class=\"advgb-post-tax-term\">Kartell<\/a>","<a href=\"https:\/\/joyana.fr\/en\/category\/deco-design\/architecture-deco-design\/lieux-design\/visites\/\" class=\"advgb-post-tax-term\">STARCK<\/a>"],"unlinked":["<span class=\"advgb-post-tax-term\">Blanc<\/span>","<span class=\"advgb-post-tax-term\">DESIGN<\/span>","<span class=\"advgb-post-tax-term\">Kartell<\/span>","<span class=\"advgb-post-tax-term\">STARCK<\/span>"]}},"comment_count":17,"relative_dates":{"created":"Posted 17 years ago","modified":"Updated 17 years ago"},"absolute_dates":{"created":"Posted on 21 September 2009","modified":"Updated on 21 September 2009"},"absolute_dates_time":{"created":"Posted on 21 September 2009 8:31","modified":"Updated on 21 September 2009 8:31"},"featured_img_caption":"","series_order":"","jetpack_sharing_enabled":true,"jetpack_shortlink":"https:\/\/wp.me\/p9bteI-qMC","jetpack-related-posts":[],"_links":{"self":[{"href":"https:\/\/joyana.fr\/en\/wp-json\/wp\/v2\/posts\/102958","targetHints":{"allow":["GET"]}}],"collection":[{"href":"https:\/\/joyana.fr\/en\/wp-json\/wp\/v2\/posts"}],"about":[{"href":"https:\/\/joyana.fr\/en\/wp-json\/wp\/v2\/types\/post"}],"author":[{"embeddable":true,"href":"https:\/\/joyana.fr\/en\/wp-json\/wp\/v2\/users\/3"}],"replies":[{"embeddable":true,"href":"https:\/\/joyana.fr\/en\/wp-json\/wp\/v2\/comments?post=102958"}],"version-history":[{"count":0,"href":"https:\/\/joyana.fr\/en\/wp-json\/wp\/v2\/posts\/102958\/revisions"}],"wp:featuredmedia":[{"embeddable":true,"href":"https:\/\/joyana.fr\/en\/wp-json\/wp\/v2\/media\/124300"}],"wp:attachment":[{"href":"https:\/\/joyana.fr\/en\/wp-json\/wp\/v2\/media?parent=102958"}],"wp:term":[{"taxonomy":"category","embeddable":true,"href":"https:\/\/joyana.fr\/en\/wp-json\/wp\/v2\/categories?post=102958"},{"taxonomy":"post_tag","embeddable":true,"href":"https:\/\/joyana.fr\/en\/wp-json\/wp\/v2\/tags?post=102958"}],"curies":[{"name":"wp","href":"https:\/\/api.w.org\/{rel}","templated":true}]}}