{"id":103048,"date":"2009-10-28T06:03:11","date_gmt":"2009-10-28T05:03:11","guid":{"rendered":"https:\/\/joyana.fr\/suspension-design-crio-par-giovanni-minelli-fabbian\/"},"modified":"2009-10-28T06:03:11","modified_gmt":"2009-10-28T05:03:11","slug":"suspension-design-crio-par-giovanni-minelli-fabbian","status":"publish","type":"post","link":"https:\/\/joyana.fr\/en\/suspension-design-crio-par-giovanni-minelli-fabbian\/103048\/","title":{"rendered":"Suspension design \u00ab Crio \u00bb par Giovanni MINELLI"},"content":{"rendered":"<p>Cette <strong>suspension \u00ab Crio \u00bb <\/strong>-taill\u00e9e comme une pierre pr\u00e9cieuse par son <strong>designer Giovanni Minelli<\/strong>&#8211; a suscit\u00e9 l&#8217;engouement de notre r\u00e9daction, et nous a amen\u00e9 \u00e0 d\u00e9couvrir les cr\u00e9ations de l&#8217;\u00e9diteur de <strong>luminaires<\/strong> <strong>Fabbian<\/strong>&#8230;<\/p>\n<p><img data-recalc-dims=\"1\" fetchpriority=\"high\" decoding=\"async\" src=\"https:\/\/i0.wp.com\/joyana.fr\/wp-content\/uploads\/crio-115-cm-fabbian.jpg?resize=500%2C400&#038;ssl=1\" alt=\"Suspension design Crio par Giovanni MINELLI\" align=\"top\" width=\"500\" border=\"0\" height=\"400\" hspace=\"8\" \/><\/p>\n<p>Magie des volumes, pour cette <strong>suspension design \u00ab Crio \u00bb<\/strong> aux proportions extraordinaires (\u00d8 120 cm x H 49 cm). <strong>\u00ab Crio \u00bb<\/strong> contient 10 ampoules halog\u00e8nes, situ\u00e9es dans une double paroi interne en PMMA opalin. Cette <strong>suspension design<\/strong> offre un \u00e9clairage tr\u00e8s puissant et non \u00e9blouissant, id\u00e9al pour les grands espaces, elle peut donc \u00eatre facilement positionn\u00e9e au dessus d&#8217;une table sans \u00e9blouir les convives &#8230;<\/p>\n<p><img data-recalc-dims=\"1\" decoding=\"async\" src=\"https:\/\/i0.wp.com\/joyana.fr\/wp-content\/uploads\/crio-o-115-cm-fabbian.jpg?resize=500%2C746&#038;ssl=1\" alt=\"Suspension design Crio par Giovanni MINELLI pour FABBIAN\" align=\"top\" width=\"500\" border=\"0\" height=\"746\" hspace=\"8\" \/><\/p>\n<p>Dans la version ci-dessus, l&#8217;abat-jour facett\u00e9 est r\u00e9alis\u00e9 en aluminium plaqu\u00e9 weng\u00e9. Les veines du bois sont bien visibles. L&#8217;aspect naturel et chaleureux du mat\u00e9riau contraste avec la modernit\u00e9 des dimensions et des formes. Les lignes g\u00e9om\u00e9triques semblent avoir \u00e9t\u00e9 obtenues par pliages\u00a0: une forme captivante et sculpturale. <strong>\u00ab Crio \u00bb<\/strong> rel\u00e8ve d&#8217;un travail remarquable sur la mati\u00e8re et l&#8217;\u00e9laboration des formes avec une force expressive surprenante. La <strong>suspension \u00ab Crio \u00bb<\/strong> se caract\u00e9rise \u00e9galement par l&#8217;opposition entre la surface externe sombre, et celle interne blanche, brillante et chatoyante.<br \/>\n<img data-recalc-dims=\"1\" decoding=\"async\" src=\"https:\/\/i0.wp.com\/joyana.fr\/wp-content\/uploads\/crio-fabbian-3-1.jpg?resize=500%2C780&#038;ssl=1\" alt=\"Suspension design Crio par Giovanni MINELLI\" align=\"top\" width=\"500\" border=\"0\" height=\"780\" hspace=\"8\" \/><\/p>\n<p>Toujours chez <strong>Fabbian<\/strong>, nous \u00e9tions oblig\u00e9s de vous dire quelques mots sur la <strong>suspension<\/strong> <strong>\u00ab Zo\u00e8 \u00bb <\/strong>qui nous a s\u00e9duit de part la sobri\u00e9t\u00e9 et \u00e9l\u00e9gance du blanc utilis\u00e9 pour cette suspension monochrome et minimaliste. Cette grande coupole en aluminium verni (\u00d8 70 cm) renferme un r\u00e9flecteur type \u00ab Lumi\u00e8re Douce \u00bb. Cet \u00e9cran exploite les deux sources fluorescentes sur toute sa surface. La lumi\u00e8re, r\u00e9fl\u00e9chie, est \u00e0 la fois diffuse et soutenue sans \u00eatre \u00e9blouissante. Cette <strong>suspension<\/strong> id\u00e9ale pour les espaces priv\u00e9s ou collectifs (bureaux&#8230;) peut \u00eatre facilement positionn\u00e9e au dessus d&#8217;une table ou d&#8217;un plan de travail sans \u00e9blouir.<\/p>\n<p><img data-recalc-dims=\"1\" loading=\"lazy\" decoding=\"async\" src=\"https:\/\/i0.wp.com\/joyana.fr\/wp-content\/uploads\/zoe-fabbian.jpg?resize=500%2C656&#038;ssl=1\" alt=\"Zoe pour Fabbian\" align=\"top\" width=\"500\" border=\"0\" height=\"656\" hspace=\"8\" \/><\/p>\n<p>DISPONIBLE CHEZ NOTRE PARTENAIRE <img loading=\"lazy\" decoding=\"async\" src=\"http:\/\/ad.zanox.com\/ppv\/?5502840C84730450\" align=\"bottom\" width=\"1\" border=\"0\" height=\"1\" hspace=\"1\" \/><a href=\"http:\/\/ad.zanox.com\/ppc\/?5502840C84730450T\">Madeindesign<\/a><\/p>\n<p><strong><a href=\"http:\/\/www.fabbian.com\/\" title=\"FABBIAN\">http:\/\/www.fabbian.com\/<\/a><\/strong><\/p>\n<p>&#8212;&#8212;&#8212;&#8212;<\/p>\n<p><a href=\"https:\/\/joyana.fr\/\" title=\"JO YANA BLOG\">Jo Yana <\/a><\/p>\n","protected":false},"excerpt":{"rendered":"<p>Cette suspension \u00ab Crio \u00bb -taill\u00e9e comme une pierre pr\u00e9cieuse par son designer Giovanni Minelli&#8211; a suscit\u00e9 l&#8217;engouement de notre r\u00e9daction, et nous a amen\u00e9 \u00e0 d\u00e9couvrir les cr\u00e9ations de l&#8217;\u00e9diteur de luminaires Fabbian&#8230; Magie des volumes, pour cette suspension design \u00ab Crio \u00bb aux proportions extraordinaires (\u00d8 120 cm x H 49 cm). \u00ab [&hellip;]<\/p>\n","protected":false},"author":3,"featured_media":125442,"comment_status":"open","ping_status":"open","sticky":false,"template":"","format":"standard","meta":{"_coblocks_attr":"","_coblocks_dimensions":"","_coblocks_responsive_height":"","_coblocks_accordion_ie_support":"","_uag_custom_page_level_css":"","advgb_blocks_editor_width":"","advgb_blocks_columns_visual_guide":"","_genesis_hide_title":false,"_genesis_hide_breadcrumbs":false,"_genesis_hide_singular_image":false,"_genesis_hide_footer_widgets":false,"_genesis_custom_body_class":"","_genesis_custom_post_class":"","_genesis_layout":"","_themeisle_gutenberg_block_has_review":false,"_jetpack_newsletter_access":"","_jetpack_dont_email_post_to_subs":false,"_jetpack_newsletter_tier_id":0,"_jetpack_memberships_contains_paywalled_content":false,"_jetpack_memberships_contains_paid_content":false,"footnotes":""},"categories":[905,917],"tags":[908,78,957],"class_list":{"0":"post-103048","1":"post","2":"type-post","3":"status-publish","4":"format-standard","5":"has-post-thumbnail","7":"category-deco-design","8":"category-luminaire","9":"tag-blanc","10":"tag-design","11":"tag-laque","12":"entry"},"featured_image_urls":{"full":["https:\/\/i0.wp.com\/joyana.fr\/wp-content\/uploads\/2017\/07\/unnamed-file-8.gif?fit=88%2C31&ssl=1",88,31,false],"thumbnail":["https:\/\/i0.wp.com\/joyana.fr\/wp-content\/uploads\/2017\/07\/unnamed-file-8.gif?resize=88%2C31&ssl=1",88,31,true],"medium":["https:\/\/i0.wp.com\/joyana.fr\/wp-content\/uploads\/2017\/07\/unnamed-file-8.gif?fit=88%2C31&ssl=1",88,31,true],"medium_large":["https:\/\/i0.wp.com\/joyana.fr\/wp-content\/uploads\/2017\/07\/unnamed-file-8.gif?fit=88%2C31&ssl=1",88,31,true],"large":["https:\/\/i0.wp.com\/joyana.fr\/wp-content\/uploads\/2017\/07\/unnamed-file-8.gif?fit=88%2C31&ssl=1",88,31,true],"1536x1536":["https:\/\/i0.wp.com\/joyana.fr\/wp-content\/uploads\/2017\/07\/unnamed-file-8.gif?fit=88%2C31&ssl=1",88,31,true],"2048x2048":["https:\/\/i0.wp.com\/joyana.fr\/wp-content\/uploads\/2017\/07\/unnamed-file-8.gif?fit=88%2C31&ssl=1",88,31,true],"featured-thumb":["https:\/\/i0.wp.com\/joyana.fr\/wp-content\/uploads\/2017\/07\/unnamed-file-8.gif?resize=88%2C31&ssl=1",88,31,true],"ab-block-post-grid-landscape":["https:\/\/i0.wp.com\/joyana.fr\/wp-content\/uploads\/2017\/07\/unnamed-file-8.gif?resize=88%2C31&ssl=1",88,31,true],"ab-block-post-grid-square":["https:\/\/i0.wp.com\/joyana.fr\/wp-content\/uploads\/2017\/07\/unnamed-file-8.gif?resize=88%2C31&ssl=1",88,31,true],"author-pro-image":["https:\/\/i0.wp.com\/joyana.fr\/wp-content\/uploads\/2017\/07\/unnamed-file-8.gif?resize=88%2C31&ssl=1",88,31,true],"slider":["https:\/\/i0.wp.com\/joyana.fr\/wp-content\/uploads\/2017\/07\/unnamed-file-8.gif?resize=88%2C31&ssl=1",88,31,true],"woocommerce_thumbnail":["https:\/\/i0.wp.com\/joyana.fr\/wp-content\/uploads\/2017\/07\/unnamed-file-8.gif?resize=88%2C31&ssl=1",88,31,true],"woocommerce_single":["https:\/\/i0.wp.com\/joyana.fr\/wp-content\/uploads\/2017\/07\/unnamed-file-8.gif?fit=88%2C31&ssl=1",88,31,true],"woocommerce_gallery_thumbnail":["https:\/\/i0.wp.com\/joyana.fr\/wp-content\/uploads\/2017\/07\/unnamed-file-8.gif?resize=88%2C31&ssl=1",88,31,true],"sow-carousel-default":["https:\/\/i0.wp.com\/joyana.fr\/wp-content\/uploads\/2017\/07\/unnamed-file-8.gif?resize=88%2C31&ssl=1",88,31,true]},"post_excerpt_stackable":"<p>Cette suspension \u00ab Crio \u00bb -taill\u00e9e comme une pierre pr\u00e9cieuse par son designer Giovanni Minelli&#8211; a suscit\u00e9 l&#8217;engouement de notre r\u00e9daction, et nous a amen\u00e9 \u00e0 d\u00e9couvrir les cr\u00e9ations de l&#8217;\u00e9diteur de luminaires Fabbian&#8230; Magie des volumes, pour cette suspension design \u00ab Crio \u00bb aux proportions extraordinaires (\u00d8 120 cm x H 49 cm). \u00ab Crio \u00bb contient 10 ampoules halog\u00e8nes, situ\u00e9es dans une double paroi interne en PMMA opalin. Cette suspension design offre un \u00e9clairage tr\u00e8s puissant et non \u00e9blouissant, id\u00e9al pour les grands espaces, elle peut donc \u00eatre facilement positionn\u00e9e au dessus d&#8217;une table sans \u00e9blouir les convives&hellip;<\/p>\n","category_list":"<a href=\"https:\/\/joyana.fr\/en\/category\/deco-design\/\" rel=\"category tag\">DECO-DESIGN<\/a>, <a href=\"https:\/\/joyana.fr\/en\/category\/deco-design\/luminaire\/\" rel=\"category tag\">Luminaire<\/a>","author_info":{"display_name":"Jo Yana","author_link":"https:\/\/joyana.fr\/en\/author\/joyana\/"},"comments_num":"9 comments","featured_image_urls_v2":{"full":["https:\/\/i0.wp.com\/joyana.fr\/wp-content\/uploads\/2017\/07\/unnamed-file-8.gif?fit=88%2C31&ssl=1",88,31,false],"thumbnail":["https:\/\/i0.wp.com\/joyana.fr\/wp-content\/uploads\/2017\/07\/unnamed-file-8.gif?resize=88%2C31&ssl=1",88,31,true],"medium":["https:\/\/i0.wp.com\/joyana.fr\/wp-content\/uploads\/2017\/07\/unnamed-file-8.gif?fit=88%2C31&ssl=1",88,31,true],"medium_large":["https:\/\/i0.wp.com\/joyana.fr\/wp-content\/uploads\/2017\/07\/unnamed-file-8.gif?fit=88%2C31&ssl=1",88,31,true],"large":["https:\/\/i0.wp.com\/joyana.fr\/wp-content\/uploads\/2017\/07\/unnamed-file-8.gif?fit=88%2C31&ssl=1",88,31,true],"1536x1536":["https:\/\/i0.wp.com\/joyana.fr\/wp-content\/uploads\/2017\/07\/unnamed-file-8.gif?fit=88%2C31&ssl=1",88,31,true],"2048x2048":["https:\/\/i0.wp.com\/joyana.fr\/wp-content\/uploads\/2017\/07\/unnamed-file-8.gif?fit=88%2C31&ssl=1",88,31,true],"featured-thumb":["https:\/\/i0.wp.com\/joyana.fr\/wp-content\/uploads\/2017\/07\/unnamed-file-8.gif?resize=88%2C31&ssl=1",88,31,true],"ab-block-post-grid-landscape":["https:\/\/i0.wp.com\/joyana.fr\/wp-content\/uploads\/2017\/07\/unnamed-file-8.gif?resize=88%2C31&ssl=1",88,31,true],"ab-block-post-grid-square":["https:\/\/i0.wp.com\/joyana.fr\/wp-content\/uploads\/2017\/07\/unnamed-file-8.gif?resize=88%2C31&ssl=1",88,31,true],"author-pro-image":["https:\/\/i0.wp.com\/joyana.fr\/wp-content\/uploads\/2017\/07\/unnamed-file-8.gif?resize=88%2C31&ssl=1",88,31,true],"slider":["https:\/\/i0.wp.com\/joyana.fr\/wp-content\/uploads\/2017\/07\/unnamed-file-8.gif?resize=88%2C31&ssl=1",88,31,true],"woocommerce_thumbnail":["https:\/\/i0.wp.com\/joyana.fr\/wp-content\/uploads\/2017\/07\/unnamed-file-8.gif?resize=88%2C31&ssl=1",88,31,true],"woocommerce_single":["https:\/\/i0.wp.com\/joyana.fr\/wp-content\/uploads\/2017\/07\/unnamed-file-8.gif?fit=88%2C31&ssl=1",88,31,true],"woocommerce_gallery_thumbnail":["https:\/\/i0.wp.com\/joyana.fr\/wp-content\/uploads\/2017\/07\/unnamed-file-8.gif?resize=88%2C31&ssl=1",88,31,true],"sow-carousel-default":["https:\/\/i0.wp.com\/joyana.fr\/wp-content\/uploads\/2017\/07\/unnamed-file-8.gif?resize=88%2C31&ssl=1",88,31,true]},"post_excerpt_stackable_v2":"<p>Cette suspension \u00ab Crio \u00bb -taill\u00e9e comme une pierre pr\u00e9cieuse par son designer Giovanni Minelli&#8211; a suscit\u00e9 l&#8217;engouement de notre r\u00e9daction, et nous a amen\u00e9 \u00e0 d\u00e9couvrir les cr\u00e9ations de l&#8217;\u00e9diteur de luminaires Fabbian&#8230; Magie des volumes, pour cette suspension design \u00ab Crio \u00bb aux proportions extraordinaires (\u00d8 120 cm x H 49 cm). \u00ab Crio \u00bb contient 10 ampoules halog\u00e8nes, situ\u00e9es dans une double paroi interne en PMMA opalin. Cette suspension design offre un \u00e9clairage tr\u00e8s puissant et non \u00e9blouissant, id\u00e9al pour les grands espaces, elle peut donc \u00eatre facilement positionn\u00e9e au dessus d&#8217;une table sans \u00e9blouir les convives&hellip;<\/p>\n","category_list_v2":"<a href=\"https:\/\/joyana.fr\/en\/category\/deco-design\/\" rel=\"category tag\">DECO-DESIGN<\/a>, <a href=\"https:\/\/joyana.fr\/en\/category\/deco-design\/luminaire\/\" rel=\"category tag\">Luminaire<\/a>","author_info_v2":{"name":"Jo Yana","url":"https:\/\/joyana.fr\/en\/author\/joyana\/"},"comments_num_v2":"9 comments","yoast_head":"<!-- This site is optimized with the Yoast SEO plugin v26.8 - https:\/\/yoast.com\/product\/yoast-seo-wordpress\/ -->\n<title>Suspension design \u00ab Crio \u00bb par Giovanni MINELLI - JO YANA<\/title>\n<meta name=\"robots\" content=\"index, follow, max-snippet:-1, max-image-preview:large, max-video-preview:-1\" \/>\n<link rel=\"canonical\" href=\"https:\/\/joyana.fr\/en\/suspension-design-crio-par-giovanni-minelli-fabbian\/103048\/\" \/>\n<meta property=\"og:locale\" content=\"en_US\" \/>\n<meta property=\"og:locale:alternate\" content=\"fr_FR\" \/>\n<meta property=\"og:locale:alternate\" content=\"ja\" \/>\n<meta property=\"og:type\" content=\"article\" \/>\n<meta property=\"og:title\" content=\"Suspension design \u00ab Crio \u00bb par Giovanni MINELLI - JO YANA\" \/>\n<meta property=\"og:description\" content=\"Cette suspension \u00ab Crio \u00bb -taill\u00e9e comme une pierre pr\u00e9cieuse par son designer Giovanni Minelli&#8211; a suscit\u00e9 l&#8217;engouement de notre r\u00e9daction, et nous a amen\u00e9 \u00e0 d\u00e9couvrir les cr\u00e9ations de l&#8217;\u00e9diteur de luminaires Fabbian&#8230; Magie des volumes, pour cette suspension design \u00ab Crio \u00bb aux proportions extraordinaires (\u00d8 120 cm x H 49 cm). \u00ab [&hellip;]\" \/>\n<meta property=\"og:url\" content=\"https:\/\/joyana.fr\/en\/suspension-design-crio-par-giovanni-minelli-fabbian\/103048\/\" \/>\n<meta property=\"og:site_name\" content=\"JO YANA\" \/>\n<meta property=\"article:published_time\" content=\"2009-10-28T05:03:11+00:00\" \/>\n<meta property=\"og:image\" content=\"https:\/\/i0.wp.com\/joyana.fr\/wp-content\/uploads\/2017\/07\/unnamed-file-8.gif?fit=88%2C31&ssl=1\" \/>\n\t<meta property=\"og:image:width\" content=\"88\" \/>\n\t<meta property=\"og:image:height\" content=\"31\" \/>\n\t<meta property=\"og:image:type\" content=\"image\/gif\" \/>\n<meta name=\"author\" content=\"Jo Yana\" \/>\n<meta name=\"twitter:card\" content=\"summary_large_image\" \/>\n<meta name=\"twitter:creator\" content=\"@Jo_Yana\" \/>\n<meta name=\"twitter:site\" content=\"@Jo_Yana\" \/>\n<meta name=\"twitter:label1\" content=\"Written by\" \/>\n\t<meta name=\"twitter:data1\" content=\"Jo Yana\" \/>\n\t<meta name=\"twitter:label2\" content=\"Est. reading time\" \/>\n\t<meta name=\"twitter:data2\" content=\"2 minutes\" \/>\n<script type=\"application\/ld+json\" class=\"yoast-schema-graph\">{\"@context\":\"https:\/\/schema.org\",\"@graph\":[{\"@type\":\"Article\",\"@id\":\"https:\/\/joyana.fr\/en\/suspension-design-crio-par-giovanni-minelli-fabbian\/103048\/#article\",\"isPartOf\":{\"@id\":\"https:\/\/joyana.fr\/en\/suspension-design-crio-par-giovanni-minelli-fabbian\/103048\/\"},\"author\":{\"name\":\"Jo Yana\",\"@id\":\"https:\/\/joyana.fr\/#\/schema\/person\/cf2a1ad12a27c12c21801075bf37407c\"},\"headline\":\"Suspension design \u00ab Crio \u00bb par Giovanni MINELLI\",\"datePublished\":\"2009-10-28T05:03:11+00:00\",\"mainEntityOfPage\":{\"@id\":\"https:\/\/joyana.fr\/en\/suspension-design-crio-par-giovanni-minelli-fabbian\/103048\/\"},\"wordCount\":326,\"commentCount\":9,\"publisher\":{\"@id\":\"https:\/\/joyana.fr\/#\/schema\/person\/cf2a1ad12a27c12c21801075bf37407c\"},\"image\":{\"@id\":\"https:\/\/joyana.fr\/en\/suspension-design-crio-par-giovanni-minelli-fabbian\/103048\/#primaryimage\"},\"thumbnailUrl\":\"https:\/\/i0.wp.com\/joyana.fr\/wp-content\/uploads\/2017\/07\/unnamed-file-8.gif?fit=88%2C31&ssl=1\",\"keywords\":[\"Blanc\",\"DESIGN\",\"Laqu\u00e9\"],\"articleSection\":[\"DECO-DESIGN\",\"Luminaire\"],\"inLanguage\":\"en-US\",\"potentialAction\":[{\"@type\":\"CommentAction\",\"name\":\"Comment\",\"target\":[\"https:\/\/joyana.fr\/en\/suspension-design-crio-par-giovanni-minelli-fabbian\/103048\/#respond\"]}]},{\"@type\":\"WebPage\",\"@id\":\"https:\/\/joyana.fr\/en\/suspension-design-crio-par-giovanni-minelli-fabbian\/103048\/\",\"url\":\"https:\/\/joyana.fr\/en\/suspension-design-crio-par-giovanni-minelli-fabbian\/103048\/\",\"name\":\"Suspension design \u00ab Crio \u00bb par Giovanni MINELLI - JO YANA\",\"isPartOf\":{\"@id\":\"https:\/\/joyana.fr\/#website\"},\"primaryImageOfPage\":{\"@id\":\"https:\/\/joyana.fr\/en\/suspension-design-crio-par-giovanni-minelli-fabbian\/103048\/#primaryimage\"},\"image\":{\"@id\":\"https:\/\/joyana.fr\/en\/suspension-design-crio-par-giovanni-minelli-fabbian\/103048\/#primaryimage\"},\"thumbnailUrl\":\"https:\/\/i0.wp.com\/joyana.fr\/wp-content\/uploads\/2017\/07\/unnamed-file-8.gif?fit=88%2C31&ssl=1\",\"datePublished\":\"2009-10-28T05:03:11+00:00\",\"breadcrumb\":{\"@id\":\"https:\/\/joyana.fr\/en\/suspension-design-crio-par-giovanni-minelli-fabbian\/103048\/#breadcrumb\"},\"inLanguage\":\"en-US\",\"potentialAction\":[{\"@type\":\"ReadAction\",\"target\":[\"https:\/\/joyana.fr\/en\/suspension-design-crio-par-giovanni-minelli-fabbian\/103048\/\"]}]},{\"@type\":\"ImageObject\",\"inLanguage\":\"en-US\",\"@id\":\"https:\/\/joyana.fr\/en\/suspension-design-crio-par-giovanni-minelli-fabbian\/103048\/#primaryimage\",\"url\":\"https:\/\/i0.wp.com\/joyana.fr\/wp-content\/uploads\/2017\/07\/unnamed-file-8.gif?fit=88%2C31&ssl=1\",\"contentUrl\":\"https:\/\/i0.wp.com\/joyana.fr\/wp-content\/uploads\/2017\/07\/unnamed-file-8.gif?fit=88%2C31&ssl=1\",\"width\":88,\"height\":31},{\"@type\":\"BreadcrumbList\",\"@id\":\"https:\/\/joyana.fr\/en\/suspension-design-crio-par-giovanni-minelli-fabbian\/103048\/#breadcrumb\",\"itemListElement\":[{\"@type\":\"ListItem\",\"position\":1,\"name\":\"Accueil\",\"item\":\"https:\/\/joyana.fr\/\"},{\"@type\":\"ListItem\",\"position\":2,\"name\":\"Suspension design \u00ab Crio \u00bb par Giovanni MINELLI\"}]},{\"@type\":\"WebSite\",\"@id\":\"https:\/\/joyana.fr\/#website\",\"url\":\"https:\/\/joyana.fr\/\",\"name\":\"JO YANA\",\"description\":\"Blog Mode Homme, Lifestyle, D\u00e9co-Design\",\"publisher\":{\"@id\":\"https:\/\/joyana.fr\/#\/schema\/person\/cf2a1ad12a27c12c21801075bf37407c\"},\"potentialAction\":[{\"@type\":\"SearchAction\",\"target\":{\"@type\":\"EntryPoint\",\"urlTemplate\":\"https:\/\/joyana.fr\/?s={search_term_string}\"},\"query-input\":{\"@type\":\"PropertyValueSpecification\",\"valueRequired\":true,\"valueName\":\"search_term_string\"}}],\"inLanguage\":\"en-US\"},{\"@type\":[\"Person\",\"Organization\"],\"@id\":\"https:\/\/joyana.fr\/#\/schema\/person\/cf2a1ad12a27c12c21801075bf37407c\",\"name\":\"Jo Yana\",\"image\":{\"@type\":\"ImageObject\",\"inLanguage\":\"en-US\",\"@id\":\"https:\/\/joyana.fr\/#\/schema\/person\/image\/\",\"url\":\"https:\/\/i0.wp.com\/joyana.fr\/wp-content\/uploads\/2016\/08\/cropped-joyana-logo-black-360x180.png?fit=343%2C164&ssl=1\",\"contentUrl\":\"https:\/\/i0.wp.com\/joyana.fr\/wp-content\/uploads\/2016\/08\/cropped-joyana-logo-black-360x180.png?fit=343%2C164&ssl=1\",\"width\":343,\"height\":164,\"caption\":\"Jo Yana\"},\"logo\":{\"@id\":\"https:\/\/joyana.fr\/#\/schema\/person\/image\/\"},\"description\":\"Jo Yana est le cr\u00e9ateur et r\u00e9dacteur en chef des sites DECO-DESIGN. Passionn\u00e9 de Design, Mode, Photo, Luxe, Lifestyle, Musique, mais avant tout Blogueur ! Le plaisir de partager l'anime et a comme devise \\\"POUR L'AMOUR DU BEAU\\\". Retrouvez le aussi sur son blog personnel - https:\/\/joyana.fr...\",\"sameAs\":[\"https:\/\/joyana.fr\/\"],\"url\":\"https:\/\/joyana.fr\/en\/author\/joyana\/\"}]}<\/script>\n<!-- \/ Yoast SEO plugin. -->","yoast_head_json":{"title":"Suspension design \u00ab Crio \u00bb par Giovanni MINELLI - JO YANA","robots":{"index":"index","follow":"follow","max-snippet":"max-snippet:-1","max-image-preview":"max-image-preview:large","max-video-preview":"max-video-preview:-1"},"canonical":"https:\/\/joyana.fr\/en\/suspension-design-crio-par-giovanni-minelli-fabbian\/103048\/","og_locale":"en_US","og_type":"article","og_title":"Suspension design \u00ab Crio \u00bb par Giovanni MINELLI - JO YANA","og_description":"Cette suspension \u00ab Crio \u00bb -taill\u00e9e comme une pierre pr\u00e9cieuse par son designer Giovanni Minelli&#8211; a suscit\u00e9 l&#8217;engouement de notre r\u00e9daction, et nous a amen\u00e9 \u00e0 d\u00e9couvrir les cr\u00e9ations de l&#8217;\u00e9diteur de luminaires Fabbian&#8230; Magie des volumes, pour cette suspension design \u00ab Crio \u00bb aux proportions extraordinaires (\u00d8 120 cm x H 49 cm). \u00ab [&hellip;]","og_url":"https:\/\/joyana.fr\/en\/suspension-design-crio-par-giovanni-minelli-fabbian\/103048\/","og_site_name":"JO YANA","article_published_time":"2009-10-28T05:03:11+00:00","og_image":[{"width":88,"height":31,"url":"https:\/\/i0.wp.com\/joyana.fr\/wp-content\/uploads\/2017\/07\/unnamed-file-8.gif?fit=88%2C31&ssl=1","type":"image\/gif"}],"author":"Jo Yana","twitter_card":"summary_large_image","twitter_creator":"@Jo_Yana","twitter_site":"@Jo_Yana","twitter_misc":{"Written by":"Jo Yana","Est. reading time":"2 minutes"},"schema":{"@context":"https:\/\/schema.org","@graph":[{"@type":"Article","@id":"https:\/\/joyana.fr\/en\/suspension-design-crio-par-giovanni-minelli-fabbian\/103048\/#article","isPartOf":{"@id":"https:\/\/joyana.fr\/en\/suspension-design-crio-par-giovanni-minelli-fabbian\/103048\/"},"author":{"name":"Jo Yana","@id":"https:\/\/joyana.fr\/#\/schema\/person\/cf2a1ad12a27c12c21801075bf37407c"},"headline":"Suspension design \u00ab Crio \u00bb par Giovanni MINELLI","datePublished":"2009-10-28T05:03:11+00:00","mainEntityOfPage":{"@id":"https:\/\/joyana.fr\/en\/suspension-design-crio-par-giovanni-minelli-fabbian\/103048\/"},"wordCount":326,"commentCount":9,"publisher":{"@id":"https:\/\/joyana.fr\/#\/schema\/person\/cf2a1ad12a27c12c21801075bf37407c"},"image":{"@id":"https:\/\/joyana.fr\/en\/suspension-design-crio-par-giovanni-minelli-fabbian\/103048\/#primaryimage"},"thumbnailUrl":"https:\/\/i0.wp.com\/joyana.fr\/wp-content\/uploads\/2017\/07\/unnamed-file-8.gif?fit=88%2C31&ssl=1","keywords":["Blanc","DESIGN","Laqu\u00e9"],"articleSection":["DECO-DESIGN","Luminaire"],"inLanguage":"en-US","potentialAction":[{"@type":"CommentAction","name":"Comment","target":["https:\/\/joyana.fr\/en\/suspension-design-crio-par-giovanni-minelli-fabbian\/103048\/#respond"]}]},{"@type":"WebPage","@id":"https:\/\/joyana.fr\/en\/suspension-design-crio-par-giovanni-minelli-fabbian\/103048\/","url":"https:\/\/joyana.fr\/en\/suspension-design-crio-par-giovanni-minelli-fabbian\/103048\/","name":"Suspension design \u00ab Crio \u00bb par Giovanni MINELLI - JO YANA","isPartOf":{"@id":"https:\/\/joyana.fr\/#website"},"primaryImageOfPage":{"@id":"https:\/\/joyana.fr\/en\/suspension-design-crio-par-giovanni-minelli-fabbian\/103048\/#primaryimage"},"image":{"@id":"https:\/\/joyana.fr\/en\/suspension-design-crio-par-giovanni-minelli-fabbian\/103048\/#primaryimage"},"thumbnailUrl":"https:\/\/i0.wp.com\/joyana.fr\/wp-content\/uploads\/2017\/07\/unnamed-file-8.gif?fit=88%2C31&ssl=1","datePublished":"2009-10-28T05:03:11+00:00","breadcrumb":{"@id":"https:\/\/joyana.fr\/en\/suspension-design-crio-par-giovanni-minelli-fabbian\/103048\/#breadcrumb"},"inLanguage":"en-US","potentialAction":[{"@type":"ReadAction","target":["https:\/\/joyana.fr\/en\/suspension-design-crio-par-giovanni-minelli-fabbian\/103048\/"]}]},{"@type":"ImageObject","inLanguage":"en-US","@id":"https:\/\/joyana.fr\/en\/suspension-design-crio-par-giovanni-minelli-fabbian\/103048\/#primaryimage","url":"https:\/\/i0.wp.com\/joyana.fr\/wp-content\/uploads\/2017\/07\/unnamed-file-8.gif?fit=88%2C31&ssl=1","contentUrl":"https:\/\/i0.wp.com\/joyana.fr\/wp-content\/uploads\/2017\/07\/unnamed-file-8.gif?fit=88%2C31&ssl=1","width":88,"height":31},{"@type":"BreadcrumbList","@id":"https:\/\/joyana.fr\/en\/suspension-design-crio-par-giovanni-minelli-fabbian\/103048\/#breadcrumb","itemListElement":[{"@type":"ListItem","position":1,"name":"Accueil","item":"https:\/\/joyana.fr\/"},{"@type":"ListItem","position":2,"name":"Suspension design \u00ab Crio \u00bb par Giovanni MINELLI"}]},{"@type":"WebSite","@id":"https:\/\/joyana.fr\/#website","url":"https:\/\/joyana.fr\/","name":"JO YANA","description":"Blog Mode Homme, Lifestyle, D\u00e9co-Design","publisher":{"@id":"https:\/\/joyana.fr\/#\/schema\/person\/cf2a1ad12a27c12c21801075bf37407c"},"potentialAction":[{"@type":"SearchAction","target":{"@type":"EntryPoint","urlTemplate":"https:\/\/joyana.fr\/?s={search_term_string}"},"query-input":{"@type":"PropertyValueSpecification","valueRequired":true,"valueName":"search_term_string"}}],"inLanguage":"en-US"},{"@type":["Person","Organization"],"@id":"https:\/\/joyana.fr\/#\/schema\/person\/cf2a1ad12a27c12c21801075bf37407c","name":"Jo Yana","image":{"@type":"ImageObject","inLanguage":"en-US","@id":"https:\/\/joyana.fr\/#\/schema\/person\/image\/","url":"https:\/\/i0.wp.com\/joyana.fr\/wp-content\/uploads\/2016\/08\/cropped-joyana-logo-black-360x180.png?fit=343%2C164&ssl=1","contentUrl":"https:\/\/i0.wp.com\/joyana.fr\/wp-content\/uploads\/2016\/08\/cropped-joyana-logo-black-360x180.png?fit=343%2C164&ssl=1","width":343,"height":164,"caption":"Jo Yana"},"logo":{"@id":"https:\/\/joyana.fr\/#\/schema\/person\/image\/"},"description":"Jo Yana est le cr\u00e9ateur et r\u00e9dacteur en chef des sites DECO-DESIGN. Passionn\u00e9 de Design, Mode, Photo, Luxe, Lifestyle, Musique, mais avant tout Blogueur ! Le plaisir de partager l'anime et a comme devise \"POUR L'AMOUR DU BEAU\". Retrouvez le aussi sur son blog personnel - https:\/\/joyana.fr...","sameAs":["https:\/\/joyana.fr\/"],"url":"https:\/\/joyana.fr\/en\/author\/joyana\/"}]}},"author_meta":{"display_name":"Jo Yana","author_link":"https:\/\/joyana.fr\/en\/author\/joyana\/"},"featured_img":"https:\/\/i0.wp.com\/joyana.fr\/wp-content\/uploads\/2017\/07\/unnamed-file-8.gif?fit=88%2C31&ssl=1","featured_image_src":"https:\/\/i0.wp.com\/joyana.fr\/wp-content\/uploads\/2017\/07\/unnamed-file-8.gif?resize=88%2C31&ssl=1","featured_image_src_square":"https:\/\/i0.wp.com\/joyana.fr\/wp-content\/uploads\/2017\/07\/unnamed-file-8.gif?resize=88%2C31&ssl=1","jetpack_featured_media_url":"https:\/\/i0.wp.com\/joyana.fr\/wp-content\/uploads\/2017\/07\/unnamed-file-8.gif?fit=88%2C31&ssl=1","uagb_featured_image_src":{"full":["https:\/\/i0.wp.com\/joyana.fr\/wp-content\/uploads\/2017\/07\/unnamed-file-8.gif?fit=88%2C31&ssl=1",88,31,false],"thumbnail":["https:\/\/i0.wp.com\/joyana.fr\/wp-content\/uploads\/2017\/07\/unnamed-file-8.gif?resize=88%2C31&ssl=1",88,31,true],"medium":["https:\/\/i0.wp.com\/joyana.fr\/wp-content\/uploads\/2017\/07\/unnamed-file-8.gif?fit=88%2C31&ssl=1",88,31,true],"medium_large":["https:\/\/i0.wp.com\/joyana.fr\/wp-content\/uploads\/2017\/07\/unnamed-file-8.gif?fit=88%2C31&ssl=1",88,31,true],"large":["https:\/\/i0.wp.com\/joyana.fr\/wp-content\/uploads\/2017\/07\/unnamed-file-8.gif?fit=88%2C31&ssl=1",88,31,true],"1536x1536":["https:\/\/i0.wp.com\/joyana.fr\/wp-content\/uploads\/2017\/07\/unnamed-file-8.gif?fit=88%2C31&ssl=1",88,31,true],"2048x2048":["https:\/\/i0.wp.com\/joyana.fr\/wp-content\/uploads\/2017\/07\/unnamed-file-8.gif?fit=88%2C31&ssl=1",88,31,true],"featured-thumb":["https:\/\/i0.wp.com\/joyana.fr\/wp-content\/uploads\/2017\/07\/unnamed-file-8.gif?resize=88%2C31&ssl=1",88,31,true],"ab-block-post-grid-landscape":["https:\/\/i0.wp.com\/joyana.fr\/wp-content\/uploads\/2017\/07\/unnamed-file-8.gif?resize=88%2C31&ssl=1",88,31,true],"ab-block-post-grid-square":["https:\/\/i0.wp.com\/joyana.fr\/wp-content\/uploads\/2017\/07\/unnamed-file-8.gif?resize=88%2C31&ssl=1",88,31,true],"author-pro-image":["https:\/\/i0.wp.com\/joyana.fr\/wp-content\/uploads\/2017\/07\/unnamed-file-8.gif?resize=88%2C31&ssl=1",88,31,true],"slider":["https:\/\/i0.wp.com\/joyana.fr\/wp-content\/uploads\/2017\/07\/unnamed-file-8.gif?resize=88%2C31&ssl=1",88,31,true],"woocommerce_thumbnail":["https:\/\/i0.wp.com\/joyana.fr\/wp-content\/uploads\/2017\/07\/unnamed-file-8.gif?resize=88%2C31&ssl=1",88,31,true],"woocommerce_single":["https:\/\/i0.wp.com\/joyana.fr\/wp-content\/uploads\/2017\/07\/unnamed-file-8.gif?fit=88%2C31&ssl=1",88,31,true],"woocommerce_gallery_thumbnail":["https:\/\/i0.wp.com\/joyana.fr\/wp-content\/uploads\/2017\/07\/unnamed-file-8.gif?resize=88%2C31&ssl=1",88,31,true],"sow-carousel-default":["https:\/\/i0.wp.com\/joyana.fr\/wp-content\/uploads\/2017\/07\/unnamed-file-8.gif?resize=88%2C31&ssl=1",88,31,true]},"uagb_author_info":{"display_name":"Jo Yana","author_link":"https:\/\/joyana.fr\/en\/author\/joyana\/"},"uagb_comment_info":9,"uagb_excerpt":"Cette suspension \u00ab Crio \u00bb -taill\u00e9e comme une pierre pr\u00e9cieuse par son designer Giovanni Minelli&#8211; a suscit\u00e9 l&#8217;engouement de notre r\u00e9daction, et nous a amen\u00e9 \u00e0 d\u00e9couvrir les cr\u00e9ations de l&#8217;\u00e9diteur de luminaires Fabbian&#8230; Magie des volumes, pour cette suspension design \u00ab Crio \u00bb aux proportions extraordinaires (\u00d8 120 cm x H 49 cm). \u00ab&hellip;","coauthors":[],"tax_additional":{"categories":{"linked":["<a href=\"https:\/\/joyana.fr\/en\/category\/deco-design\/\" class=\"advgb-post-tax-term\">DECO-DESIGN<\/a>","<a href=\"https:\/\/joyana.fr\/en\/category\/deco-design\/luminaire\/\" class=\"advgb-post-tax-term\">Luminaire<\/a>"],"unlinked":["<span class=\"advgb-post-tax-term\">DECO-DESIGN<\/span>","<span class=\"advgb-post-tax-term\">Luminaire<\/span>"]},"tags":{"linked":["<a href=\"https:\/\/joyana.fr\/en\/category\/deco-design\/luminaire\/\" class=\"advgb-post-tax-term\">Blanc<\/a>","<a href=\"https:\/\/joyana.fr\/en\/category\/deco-design\/luminaire\/\" class=\"advgb-post-tax-term\">DESIGN<\/a>","<a href=\"https:\/\/joyana.fr\/en\/category\/deco-design\/luminaire\/\" class=\"advgb-post-tax-term\">Laqu\u00e9<\/a>"],"unlinked":["<span class=\"advgb-post-tax-term\">Blanc<\/span>","<span class=\"advgb-post-tax-term\">DESIGN<\/span>","<span class=\"advgb-post-tax-term\">Laqu\u00e9<\/span>"]}},"comment_count":9,"relative_dates":{"created":"Posted 17 years ago","modified":"Updated 17 years ago"},"absolute_dates":{"created":"Posted on 28 October 2009","modified":"Updated on 28 October 2009"},"absolute_dates_time":{"created":"Posted on 28 October 2009 6:03","modified":"Updated on 28 October 2009 6:03"},"featured_img_caption":"","series_order":"","jetpack_sharing_enabled":true,"jetpack_shortlink":"https:\/\/wp.me\/p9bteI-qO4","jetpack-related-posts":[],"_links":{"self":[{"href":"https:\/\/joyana.fr\/en\/wp-json\/wp\/v2\/posts\/103048","targetHints":{"allow":["GET"]}}],"collection":[{"href":"https:\/\/joyana.fr\/en\/wp-json\/wp\/v2\/posts"}],"about":[{"href":"https:\/\/joyana.fr\/en\/wp-json\/wp\/v2\/types\/post"}],"author":[{"embeddable":true,"href":"https:\/\/joyana.fr\/en\/wp-json\/wp\/v2\/users\/3"}],"replies":[{"embeddable":true,"href":"https:\/\/joyana.fr\/en\/wp-json\/wp\/v2\/comments?post=103048"}],"version-history":[{"count":0,"href":"https:\/\/joyana.fr\/en\/wp-json\/wp\/v2\/posts\/103048\/revisions"}],"wp:featuredmedia":[{"embeddable":true,"href":"https:\/\/joyana.fr\/en\/wp-json\/wp\/v2\/media\/125442"}],"wp:attachment":[{"href":"https:\/\/joyana.fr\/en\/wp-json\/wp\/v2\/media?parent=103048"}],"wp:term":[{"taxonomy":"category","embeddable":true,"href":"https:\/\/joyana.fr\/en\/wp-json\/wp\/v2\/categories?post=103048"},{"taxonomy":"post_tag","embeddable":true,"href":"https:\/\/joyana.fr\/en\/wp-json\/wp\/v2\/tags?post=103048"}],"curies":[{"name":"wp","href":"https:\/\/api.w.org\/{rel}","templated":true}]}}