{"id":103092,"date":"2009-11-12T06:08:41","date_gmt":"2009-11-12T05:08:41","guid":{"rendered":"https:\/\/joyana.fr\/un-jardin-design-dans-paris\/"},"modified":"2009-11-12T06:08:41","modified_gmt":"2009-11-12T05:08:41","slug":"un-jardin-design-dans-paris","status":"publish","type":"post","link":"https:\/\/joyana.fr\/en\/un-jardin-design-dans-paris\/103092\/","title":{"rendered":"Un JARDIN DESIGN dans PARIS"},"content":{"rendered":"<p>L&#8217;architecte <strong>David Bitton<\/strong> pr\u00e9sentait -dans le dernier num\u00e9ro d&#8217;<strong>Ext\u00e9rieurs Design<\/strong>&#8211; un superbe <strong>jardin<\/strong>, <strong>dans Paris<\/strong>, pens\u00e9 comme un v\u00e9ritable int\u00e9rieur !!! Nous avons eu le plaisir de l&#8217;interviewer pour qu&#8217;il nous parle de ce projet&#8230;<\/p>\n<p><img data-recalc-dims=\"1\" fetchpriority=\"high\" decoding=\"async\" src=\"https:\/\/i0.wp.com\/joyana.fr\/wp-content\/uploads\/jardin-design-pergola.jpg?resize=500%2C335&#038;ssl=1\" alt=\"Un JARDIN DESIGN dans PARIS\" align=\"top\" width=\"500\" border=\"0\" height=\"335\" hspace=\"8\" \/><\/p>\n<p> <a href=\"https:\/\/joyana.fr\/\">Deco-Design<\/a> : Quel est le concept de ce <strong>jardin design<\/strong> ???<\/p>\n<p><strong>David Bitton<\/strong> : <em>L\u2019id\u00e9e principale \u00e9t\u00e9 de cr\u00e9er une maison d\u2019ext\u00e9rieure ou chaque \u00ab\u00a0pi\u00e8ce \u00bb repr\u00e9sente une activit\u00e9 en ext\u00e9rieur.<br \/>\nOn distingue ainsi diff\u00e9rents espaces tels que\u00a0: Espace repas, espace salon, espace lounge, espace Bar, et l\u2019espace de repos&#8230;<\/em><\/p>\n<p><em>Ce <strong>jardin<\/strong> a \u00e9t\u00e9 pens\u00e9 comme une maison, chaque espace est d\u00e9limit\u00e9 par des cloisons v\u00e9g\u00e9tales ou jardins verticales.<br \/>\nOn y retrouve des accessoires tels que des vases avec leur composition florale, un centre de table, on d\u00e9core son jardin comme on le ferait pour son int\u00e9rieur.<\/em><\/p>\n<p><a href=\"https:\/\/joyana.fr\/\">Deco-Design<\/a> : Quel est son th\u00e8me de ce<strong> jardin<\/strong> ???<\/p>\n<p><strong>David Bitton<\/strong> : <em>Le th\u00e8me exotique est tr\u00e8s pr\u00e9sent dans ce <strong>jardin<\/strong> de part l\u2019 utilisation de plantes tropicales (Cyperus papyrus , Strelitzia Nicolai, Phyllostachys nigra\u2026) d\u2019une part ainsi que de fleurs exotiques, que l\u2019on retrouvent par petites touches \u00e0 travers les diff\u00e9rents espaces (birds of paradise, leucospermum glabrum, h\u00e9liconias orange\u2026)<br \/>\nLa seule couleur pr\u00e9sente est le orange qui fait \u00e9chos aux oiseaux du paradis, le orange est une couleur vitamin\u00e9e qui correspond bien au th\u00e8me exotique est qui se marie bien avec les plantes exotiques.<\/em><\/p>\n<p><img data-recalc-dims=\"1\" decoding=\"async\" src=\"https:\/\/i0.wp.com\/joyana.fr\/wp-content\/uploads\/jardin-design-salon.jpg?resize=500%2C341&#038;ssl=1\" alt=\"Un JARDIN DESIGN dans PARIS\" align=\"top\" width=\"500\" border=\"0\" height=\"341\" hspace=\"8\" \/><\/p>\n<p><img data-recalc-dims=\"1\" decoding=\"async\" src=\"https:\/\/i0.wp.com\/joyana.fr\/wp-content\/uploads\/jardin-design-relax-area.jpg?resize=500%2C375&#038;ssl=1\" alt=\"Un JARDIN DESIGN dans PARIS\" align=\"top\" width=\"500\" border=\"0\" height=\"375\" hspace=\"8\" \/><\/p>\n<p><a href=\"http:\/\/deco-design.fr-bb.com\/\" title=\"FORUM DECO\">Deco-Design<\/a> : Nous voyons bien dans cette r\u00e9alisation, l\u2019importance apport\u00e9e \u00e0 la lumi\u00e8re&#8230;<\/p>\n<p><strong>David Bitton<\/strong> : <em>Effectivement, le jardin a \u00e9t\u00e9 pens\u00e9 pour \u00eatre habit\u00e9 aussi bien de jour comme de nuit, d\u2019ailleurs un plan \u00e9lectrique a \u00e9t\u00e9 fait comme on le ferait pour illuminer son int\u00e9rieur. Diff\u00e9rentes sources d\u2019\u00e9clairages ont \u00e9t\u00e9 utilis\u00e9es dans ce jardin, afin d\u2019accentuer le cot\u00e9 vert des plantes tropicales, elles sont \u00e9clair\u00e9es de LED verte afin d\u2019accentuer leur couleur de nuit.<br \/>\nLes grands sujets tels que les arbres et les palmiers sont \u00e9clair\u00e9s en blanc afin de d\u00e9limiter les diff\u00e9rents espaces.<br \/>\nL\u2019utilisation d\u2019un lustre sous la pergola viens brouiller les fronti\u00e8res entre int\u00e9rieures et ext\u00e9rieures.<br \/>\nL\u2019entr\u00e9e de la terrasse se fait par une arche v\u00e9g\u00e9talis\u00e9e ou sont dissimul\u00e9s de fa\u00e7on indirectes des spots verts cr\u00e9ant ainsi un sas lumineux, qui permet de d\u00e9limiter la terrasse avec le jardin. <\/em><\/p>\n<p><img data-recalc-dims=\"1\" loading=\"lazy\" decoding=\"async\" src=\"https:\/\/i0.wp.com\/joyana.fr\/wp-content\/uploads\/jardin-design-dining-area.jpg?resize=500%2C363&#038;ssl=1\" alt=\"Un JARDIN DESIGN dans PARIS\" align=\"top\" width=\"500\" border=\"0\" height=\"363\" hspace=\"8\" \/><\/p>\n<p><a href=\"http:\/\/deco-design.fr-bb.com\/\" title=\"FORUM DECO\">Deco-Design<\/a> : A travers vos r\u00e9alisations, on retrouve souvent un cot\u00e9 v\u00e9g\u00e9tale&#8230;<\/p>\n<p><strong>David Bitton<\/strong> : <em>D\u00e8s le d\u00e9but de mes \u00e9tudes d\u2019architecture je me suis int\u00e9ress\u00e9 \u00e0 l\u2019univers v\u00e9g\u00e9tal. Plus que d\u2019essayer d\u2019effacer la transition entre int\u00e9rieur et ext\u00e9rieur (concept d\u00e9j\u00e0 acquis par les grands ma\u00eetres de l\u2019architecture contemporaine), j\u2019essaie de ramener la v\u00e9g\u00e9tation \u00e0 l\u2019int\u00e9rieur de mes r\u00e9alisations.<br \/>\n<\/em><\/p>\n<p><em>J\u2019ai \u00e9t\u00e9 influenc\u00e9 par des architectes tels que John LAUTNER ou encore Richard NEUTRA, je suis parti en Californie pour \u00e9tudier et travailler durant sept ann\u00e9es dans ce paradis exotique moderne que j\u2019 affectionne tout particuli\u00e8rement.<br \/>\nDepuis mon retour il y a a 5 ans \u00e0 travers mon agence d\u2019architecture, je propose \u00e9galement des services d\u2019am\u00e9nagement int\u00e9rieur et paysager aux clients d\u00e9sireux de me suivre de le suivre dans une d\u00e9marche de v\u00e9g\u00e9talisation de l\u2019espace.<br \/>\nDans une soci\u00e9t\u00e9 de plus en plus urbanis\u00e9, stress\u00e9, le cot\u00e9 v\u00e9g\u00e9tale pour moi s\u2019impose comme une \u00e9vidence !!!<\/em><\/p>\n<p><img data-recalc-dims=\"1\" loading=\"lazy\" decoding=\"async\" src=\"https:\/\/i0.wp.com\/joyana.fr\/wp-content\/uploads\/jardin-design-pergo-jour.jpg?resize=500%2C318&#038;ssl=1\" alt=\"Un JARDIN DESIGN dans PARIS\" align=\"top\" width=\"500\" border=\"0\" height=\"318\" hspace=\"8\" \/><\/p>\n<p><img data-recalc-dims=\"1\" loading=\"lazy\" decoding=\"async\" src=\"https:\/\/i0.wp.com\/joyana.fr\/wp-content\/uploads\/jardin-design-pergo-nuit.jpg?resize=500%2C327&#038;ssl=1\" alt=\"Un JARDIN DESIGN dans PARIS\" align=\"top\" width=\"500\" border=\"0\" height=\"327\" hspace=\"8\" \/><\/p>\n<p><a href=\"http:\/\/deco-design.fr-bb.com\/\" title=\"FORUM DECO\">Deco-Design<\/a> : Nous remarquons \u00e9galement dans le fond de la terrasse un jardin verticale&#8230;<\/p>\n<p><strong>David Bitton<\/strong> : <em>Au fond de la terrasse, au niveau de l\u2019 espace salon, on trouve un jardin verticale compos\u00e9 d\u2019 une multitudes de plantes vertes, cr\u00e9ant ainsi un cama\u00efeu de diff\u00e9rentes teintes vertes.<br \/>\nA fin de donner de la profondeur \u00e0 ce jardin verticale, un miroir a \u00e9t\u00e9 plac\u00e9 en son centre r\u00e9fl\u00e9tant ainsi la v\u00e9g\u00e9tation environnantes.<br \/>\nUne lame d\u2019 eau, r\u00e9tro \u00e9clair\u00e9 de nuit \u00e0 \u00e9t\u00e9 implant\u00e9 dans le miroir afin d\u2019 apporter un cot\u00e9 zen \u00e0 l\u2019 espace salon plus sage que l\u2019 espace lounge qui se voulait un espace propice \u00e0 la f\u00eate.<\/em><\/p>\n<p><a href=\"http:\/\/deco-design.fr-bb.com\/\" title=\"FORUM DECO\">Deco-Design<\/a> : A travers les diff\u00e9rents espaces, nous retrouvons de nombreuses pi\u00e8ces ou mobiliers design&#8230;<\/p>\n<p><strong>David Bitton<\/strong> : <em>Un jardin \u00e0 la diff\u00e9rence d\u2019un espace int\u00e9rieur, c\u2019 est qu\u2019 il n\u2019 y a pas de limites, si ce n\u2019 est l\u2019 aspect financier ou bien l\u2019 espace que l\u2019on dispose pour s\u2019 exprimer.<br \/>\nOn ose plus facilement dans jardin, il y a un id\u00e9e de libert\u00e9, de r\u00eave qui fait place \u00e0 une certaine folie que l\u2019 on ne ferait peut \u00eatre pas dans un int\u00e9rieure.<br \/>\nCe qui est int\u00e9ressant pour moi dans un jardin c\u2019est justement le fait que l\u2019 on se mette \u00e0 r\u00eaver et faire r\u00eaver.<\/em><\/p>\n<p><img data-recalc-dims=\"1\" loading=\"lazy\" decoding=\"async\" src=\"https:\/\/i0.wp.com\/joyana.fr\/wp-content\/uploads\/jardin-design-vegetation.jpg?resize=500%2C333&#038;ssl=1\" alt=\"Un JARDIN DESIGN dans PARIS\" align=\"top\" width=\"500\" border=\"0\" height=\"333\" hspace=\"8\" \/><\/p>\n<p><img data-recalc-dims=\"1\" loading=\"lazy\" decoding=\"async\" src=\"https:\/\/i0.wp.com\/joyana.fr\/wp-content\/uploads\/jardin-design-balancoire.jpg?resize=500%2C344&#038;ssl=1\" alt=\"Un JARDIN DESIGN dans PARIS\" align=\"top\" width=\"500\" border=\"0\" height=\"344\" hspace=\"8\" \/><\/p>\n<p>Merci David de nous avoir fait d\u00e9couvrir ce<strong> jardin<\/strong> qui \u00e0 l\u2019approche de l\u2019hiver nous renvois pour un moment \u00e0 des saisons plus chaudes que celles \u00e0 venir&#8230;<\/p>\n<p>Vous pouvez retrouver un article complet sur ce <strong>jardin design dans Paris<\/strong> dans le magazine <a href=\"http:\/\/i2.photobucket.com\/albums\/y22\/joyana\/Image2-16.png\"><strong>Ext\u00e9rieurs design<\/strong><\/a> actuellement en kiosque (num\u00e9ro de novembre\u00a0-d\u00e9cembre 2009)<\/p>\n<p><strong><a href=\"http:\/\/www.davidbittondesign.com\/\" title=\"DAVID BITTON\">http:\/\/www.davidbittondesign.com\/ <\/a><\/strong><\/p>\n<p>&#8212;&#8212;&#8212;&#8211;<\/p>\n<p><a href=\"http:\/\/deco-design.fr-bb.com\/\">L&#8217;\u00e9quipe Deco-Design <\/a><\/p>\n","protected":false},"excerpt":{"rendered":"<p>L&#8217;architecte David Bitton pr\u00e9sentait -dans le dernier num\u00e9ro d&#8217;Ext\u00e9rieurs Design&#8211; un superbe jardin, dans Paris, pens\u00e9 comme un v\u00e9ritable int\u00e9rieur !!! Nous avons eu le plaisir de l&#8217;interviewer pour qu&#8217;il nous parle de ce projet&#8230; Deco-Design : Quel est le concept de ce jardin design ??? David Bitton : L\u2019id\u00e9e principale \u00e9t\u00e9 de cr\u00e9er une [&hellip;]<\/p>\n","protected":false},"author":3,"featured_media":124300,"comment_status":"open","ping_status":"open","sticky":false,"template":"","format":"standard","meta":{"_coblocks_attr":"","_coblocks_dimensions":"","_coblocks_responsive_height":"","_coblocks_accordion_ie_support":"","_uag_custom_page_level_css":"","advgb_blocks_editor_width":"","advgb_blocks_columns_visual_guide":"","_genesis_hide_title":false,"_genesis_hide_breadcrumbs":false,"_genesis_hide_singular_image":false,"_genesis_hide_footer_widgets":false,"_genesis_custom_body_class":"","_genesis_custom_post_class":"","_genesis_layout":"","_themeisle_gutenberg_block_has_review":false,"_jetpack_newsletter_access":"","_jetpack_dont_email_post_to_subs":false,"_jetpack_newsletter_tier_id":0,"_jetpack_memberships_contains_paywalled_content":false,"_jetpack_memberships_contains_paid_content":false,"footnotes":""},"categories":[905,921,923],"tags":[501,908,922,12],"class_list":{"0":"post-103092","1":"post","2":"type-post","3":"status-publish","4":"format-standard","5":"has-post-thumbnail","7":"category-deco-design","8":"category-lieux-design","9":"category-visites","10":"tag-architecture-2","11":"tag-blanc","12":"tag-design-outdoor","13":"tag-paris","14":"entry"},"featured_image_urls":{"full":["https:\/\/i0.wp.com\/joyana.fr\/wp-content\/uploads\/2016\/08\/joyana-logo-black-360x180.png?fit=360%2C180&ssl=1",360,180,false],"thumbnail":["https:\/\/i0.wp.com\/joyana.fr\/wp-content\/uploads\/2016\/08\/joyana-logo-black-360x180.png?resize=150%2C150&ssl=1",150,150,true],"medium":["https:\/\/i0.wp.com\/joyana.fr\/wp-content\/uploads\/2016\/08\/joyana-logo-black-360x180.png?fit=360%2C180&ssl=1",360,180,true],"medium_large":["https:\/\/i0.wp.com\/joyana.fr\/wp-content\/uploads\/2016\/08\/joyana-logo-black-360x180.png?fit=360%2C180&ssl=1",360,180,true],"large":["https:\/\/i0.wp.com\/joyana.fr\/wp-content\/uploads\/2016\/08\/joyana-logo-black-360x180.png?fit=360%2C180&ssl=1",360,180,true],"1536x1536":["https:\/\/i0.wp.com\/joyana.fr\/wp-content\/uploads\/2016\/08\/joyana-logo-black-360x180.png?fit=360%2C180&ssl=1",360,180,true],"2048x2048":["https:\/\/i0.wp.com\/joyana.fr\/wp-content\/uploads\/2016\/08\/joyana-logo-black-360x180.png?fit=360%2C180&ssl=1",360,180,true],"featured-thumb":["https:\/\/i0.wp.com\/joyana.fr\/wp-content\/uploads\/2016\/08\/joyana-logo-black-360x180.png?resize=360%2C180&ssl=1",360,180,true],"ab-block-post-grid-landscape":["https:\/\/i0.wp.com\/joyana.fr\/wp-content\/uploads\/2016\/08\/joyana-logo-black-360x180.png?resize=360%2C180&ssl=1",360,180,true],"ab-block-post-grid-square":["https:\/\/i0.wp.com\/joyana.fr\/wp-content\/uploads\/2016\/08\/joyana-logo-black-360x180.png?resize=360%2C180&ssl=1",360,180,true],"author-pro-image":["https:\/\/i0.wp.com\/joyana.fr\/wp-content\/uploads\/2016\/08\/joyana-logo-black-360x180.png?resize=360%2C180&ssl=1",360,180,true],"slider":["https:\/\/i0.wp.com\/joyana.fr\/wp-content\/uploads\/2016\/08\/joyana-logo-black-360x180.png?resize=360%2C180&ssl=1",360,180,true],"woocommerce_thumbnail":["https:\/\/i0.wp.com\/joyana.fr\/wp-content\/uploads\/2016\/08\/joyana-logo-black-360x180.png?resize=300%2C180&ssl=1",300,180,true],"woocommerce_single":["https:\/\/i0.wp.com\/joyana.fr\/wp-content\/uploads\/2016\/08\/joyana-logo-black-360x180.png?fit=360%2C180&ssl=1",360,180,true],"woocommerce_gallery_thumbnail":["https:\/\/i0.wp.com\/joyana.fr\/wp-content\/uploads\/2016\/08\/joyana-logo-black-360x180.png?resize=180%2C180&ssl=1",180,180,true],"sow-carousel-default":["https:\/\/i0.wp.com\/joyana.fr\/wp-content\/uploads\/2016\/08\/joyana-logo-black-360x180.png?resize=272%2C180&ssl=1",272,180,true]},"post_excerpt_stackable":"<p>L&#8217;architecte David Bitton pr\u00e9sentait -dans le dernier num\u00e9ro d&#8217;Ext\u00e9rieurs Design&#8211; un superbe jardin, dans Paris, pens\u00e9 comme un v\u00e9ritable int\u00e9rieur !!! Nous avons eu le plaisir de l&#8217;interviewer pour qu&#8217;il nous parle de ce projet&#8230; Deco-Design : Quel est le concept de ce jardin design ??? David Bitton : L\u2019id\u00e9e principale \u00e9t\u00e9 de cr\u00e9er une maison d\u2019ext\u00e9rieure ou chaque \u00ab\u00a0pi\u00e8ce \u00bb repr\u00e9sente une activit\u00e9 en ext\u00e9rieur. On distingue ainsi diff\u00e9rents espaces tels que\u00a0: Espace repas, espace salon, espace lounge, espace Bar, et l\u2019espace de repos&#8230; Ce jardin a \u00e9t\u00e9 pens\u00e9 comme une maison, chaque espace est d\u00e9limit\u00e9 par des cloisons&hellip;<\/p>\n","category_list":"<a href=\"https:\/\/joyana.fr\/en\/category\/deco-design\/\" rel=\"category tag\">DECO-DESIGN<\/a>, <a href=\"https:\/\/joyana.fr\/en\/category\/deco-design\/architecture-deco-design\/lieux-design\/\" rel=\"category tag\">Lieux<\/a>, <a href=\"https:\/\/joyana.fr\/en\/category\/deco-design\/architecture-deco-design\/lieux-design\/visites\/\" rel=\"category tag\">Visites<\/a>","author_info":{"display_name":"Jo Yana","author_link":"https:\/\/joyana.fr\/en\/author\/joyana\/"},"comments_num":"27 comments","featured_image_urls_v2":{"full":["https:\/\/i0.wp.com\/joyana.fr\/wp-content\/uploads\/2016\/08\/joyana-logo-black-360x180.png?fit=360%2C180&ssl=1",360,180,false],"thumbnail":["https:\/\/i0.wp.com\/joyana.fr\/wp-content\/uploads\/2016\/08\/joyana-logo-black-360x180.png?resize=150%2C150&ssl=1",150,150,true],"medium":["https:\/\/i0.wp.com\/joyana.fr\/wp-content\/uploads\/2016\/08\/joyana-logo-black-360x180.png?fit=360%2C180&ssl=1",360,180,true],"medium_large":["https:\/\/i0.wp.com\/joyana.fr\/wp-content\/uploads\/2016\/08\/joyana-logo-black-360x180.png?fit=360%2C180&ssl=1",360,180,true],"large":["https:\/\/i0.wp.com\/joyana.fr\/wp-content\/uploads\/2016\/08\/joyana-logo-black-360x180.png?fit=360%2C180&ssl=1",360,180,true],"1536x1536":["https:\/\/i0.wp.com\/joyana.fr\/wp-content\/uploads\/2016\/08\/joyana-logo-black-360x180.png?fit=360%2C180&ssl=1",360,180,true],"2048x2048":["https:\/\/i0.wp.com\/joyana.fr\/wp-content\/uploads\/2016\/08\/joyana-logo-black-360x180.png?fit=360%2C180&ssl=1",360,180,true],"featured-thumb":["https:\/\/i0.wp.com\/joyana.fr\/wp-content\/uploads\/2016\/08\/joyana-logo-black-360x180.png?resize=360%2C180&ssl=1",360,180,true],"ab-block-post-grid-landscape":["https:\/\/i0.wp.com\/joyana.fr\/wp-content\/uploads\/2016\/08\/joyana-logo-black-360x180.png?resize=360%2C180&ssl=1",360,180,true],"ab-block-post-grid-square":["https:\/\/i0.wp.com\/joyana.fr\/wp-content\/uploads\/2016\/08\/joyana-logo-black-360x180.png?resize=360%2C180&ssl=1",360,180,true],"author-pro-image":["https:\/\/i0.wp.com\/joyana.fr\/wp-content\/uploads\/2016\/08\/joyana-logo-black-360x180.png?resize=360%2C180&ssl=1",360,180,true],"slider":["https:\/\/i0.wp.com\/joyana.fr\/wp-content\/uploads\/2016\/08\/joyana-logo-black-360x180.png?resize=360%2C180&ssl=1",360,180,true],"woocommerce_thumbnail":["https:\/\/i0.wp.com\/joyana.fr\/wp-content\/uploads\/2016\/08\/joyana-logo-black-360x180.png?resize=300%2C180&ssl=1",300,180,true],"woocommerce_single":["https:\/\/i0.wp.com\/joyana.fr\/wp-content\/uploads\/2016\/08\/joyana-logo-black-360x180.png?fit=360%2C180&ssl=1",360,180,true],"woocommerce_gallery_thumbnail":["https:\/\/i0.wp.com\/joyana.fr\/wp-content\/uploads\/2016\/08\/joyana-logo-black-360x180.png?resize=180%2C180&ssl=1",180,180,true],"sow-carousel-default":["https:\/\/i0.wp.com\/joyana.fr\/wp-content\/uploads\/2016\/08\/joyana-logo-black-360x180.png?resize=272%2C180&ssl=1",272,180,true]},"post_excerpt_stackable_v2":"<p>L&#8217;architecte David Bitton pr\u00e9sentait -dans le dernier num\u00e9ro d&#8217;Ext\u00e9rieurs Design&#8211; un superbe jardin, dans Paris, pens\u00e9 comme un v\u00e9ritable int\u00e9rieur !!! Nous avons eu le plaisir de l&#8217;interviewer pour qu&#8217;il nous parle de ce projet&#8230; Deco-Design : Quel est le concept de ce jardin design ??? David Bitton : L\u2019id\u00e9e principale \u00e9t\u00e9 de cr\u00e9er une maison d\u2019ext\u00e9rieure ou chaque \u00ab\u00a0pi\u00e8ce \u00bb repr\u00e9sente une activit\u00e9 en ext\u00e9rieur. On distingue ainsi diff\u00e9rents espaces tels que\u00a0: Espace repas, espace salon, espace lounge, espace Bar, et l\u2019espace de repos&#8230; Ce jardin a \u00e9t\u00e9 pens\u00e9 comme une maison, chaque espace est d\u00e9limit\u00e9 par des cloisons&hellip;<\/p>\n","category_list_v2":"<a href=\"https:\/\/joyana.fr\/en\/category\/deco-design\/\" rel=\"category tag\">DECO-DESIGN<\/a>, <a href=\"https:\/\/joyana.fr\/en\/category\/deco-design\/architecture-deco-design\/lieux-design\/\" rel=\"category tag\">Lieux<\/a>, <a href=\"https:\/\/joyana.fr\/en\/category\/deco-design\/architecture-deco-design\/lieux-design\/visites\/\" rel=\"category tag\">Visites<\/a>","author_info_v2":{"name":"Jo Yana","url":"https:\/\/joyana.fr\/en\/author\/joyana\/"},"comments_num_v2":"27 comments","yoast_head":"<!-- This site is optimized with the Yoast SEO plugin v26.8 - https:\/\/yoast.com\/product\/yoast-seo-wordpress\/ -->\n<title>Un JARDIN DESIGN dans PARIS - JO YANA<\/title>\n<meta name=\"robots\" content=\"index, follow, max-snippet:-1, max-image-preview:large, max-video-preview:-1\" \/>\n<link rel=\"canonical\" href=\"https:\/\/joyana.fr\/en\/un-jardin-design-dans-paris\/103092\/\" \/>\n<meta property=\"og:locale\" content=\"en_US\" \/>\n<meta property=\"og:locale:alternate\" content=\"fr_FR\" \/>\n<meta property=\"og:locale:alternate\" content=\"ja\" \/>\n<meta property=\"og:type\" content=\"article\" \/>\n<meta property=\"og:title\" content=\"Un JARDIN DESIGN dans PARIS - JO YANA\" \/>\n<meta property=\"og:description\" content=\"L&#8217;architecte David Bitton pr\u00e9sentait -dans le dernier num\u00e9ro d&#8217;Ext\u00e9rieurs Design&#8211; un superbe jardin, dans Paris, pens\u00e9 comme un v\u00e9ritable int\u00e9rieur !!! Nous avons eu le plaisir de l&#8217;interviewer pour qu&#8217;il nous parle de ce projet&#8230; Deco-Design : Quel est le concept de ce jardin design ??? David Bitton : L\u2019id\u00e9e principale \u00e9t\u00e9 de cr\u00e9er une [&hellip;]\" \/>\n<meta property=\"og:url\" content=\"https:\/\/joyana.fr\/en\/un-jardin-design-dans-paris\/103092\/\" \/>\n<meta property=\"og:site_name\" content=\"JO YANA\" \/>\n<meta property=\"article:published_time\" content=\"2009-11-12T05:08:41+00:00\" \/>\n<meta property=\"og:image\" content=\"https:\/\/joyana.fr\/wp-content\/uploads\/2016\/08\/joyana-logo-black-360x180.png\" \/>\n\t<meta property=\"og:image:width\" content=\"360\" \/>\n\t<meta property=\"og:image:height\" content=\"180\" \/>\n\t<meta property=\"og:image:type\" content=\"image\/png\" \/>\n<meta name=\"author\" content=\"Jo Yana\" \/>\n<meta name=\"twitter:card\" content=\"summary_large_image\" \/>\n<meta name=\"twitter:creator\" content=\"@Jo_Yana\" \/>\n<meta name=\"twitter:site\" content=\"@Jo_Yana\" \/>\n<meta name=\"twitter:label1\" content=\"Written by\" \/>\n\t<meta name=\"twitter:data1\" content=\"Jo Yana\" \/>\n\t<meta name=\"twitter:label2\" content=\"Est. reading time\" \/>\n\t<meta name=\"twitter:data2\" content=\"4 minutes\" \/>\n<script type=\"application\/ld+json\" class=\"yoast-schema-graph\">{\"@context\":\"https:\/\/schema.org\",\"@graph\":[{\"@type\":\"Article\",\"@id\":\"https:\/\/joyana.fr\/ja\/un-jardin-design-dans-paris\/103092\/#article\",\"isPartOf\":{\"@id\":\"https:\/\/joyana.fr\/ja\/un-jardin-design-dans-paris\/103092\/\"},\"author\":{\"name\":\"Jo Yana\",\"@id\":\"https:\/\/joyana.fr\/#\/schema\/person\/cf2a1ad12a27c12c21801075bf37407c\"},\"headline\":\"Un JARDIN DESIGN dans PARIS\",\"datePublished\":\"2009-11-12T05:08:41+00:00\",\"mainEntityOfPage\":{\"@id\":\"https:\/\/joyana.fr\/ja\/un-jardin-design-dans-paris\/103092\/\"},\"wordCount\":906,\"commentCount\":0,\"publisher\":{\"@id\":\"https:\/\/joyana.fr\/#\/schema\/person\/cf2a1ad12a27c12c21801075bf37407c\"},\"image\":{\"@id\":\"https:\/\/joyana.fr\/ja\/un-jardin-design-dans-paris\/103092\/#primaryimage\"},\"thumbnailUrl\":\"https:\/\/i0.wp.com\/joyana.fr\/wp-content\/uploads\/2016\/08\/joyana-logo-black-360x180.png?fit=360%2C180&ssl=1\",\"keywords\":[\"Architecture\",\"Blanc\",\"Design Outdoor\",\"Paris\"],\"articleSection\":[\"DECO-DESIGN\",\"Lieux\",\"Visites\"],\"inLanguage\":\"en-US\",\"potentialAction\":[{\"@type\":\"CommentAction\",\"name\":\"Comment\",\"target\":[\"https:\/\/joyana.fr\/ja\/un-jardin-design-dans-paris\/103092\/#respond\"]}]},{\"@type\":\"WebPage\",\"@id\":\"https:\/\/joyana.fr\/ja\/un-jardin-design-dans-paris\/103092\/\",\"url\":\"https:\/\/joyana.fr\/ja\/un-jardin-design-dans-paris\/103092\/\",\"name\":\"Un JARDIN DESIGN dans PARIS - JO YANA\",\"isPartOf\":{\"@id\":\"https:\/\/joyana.fr\/#website\"},\"primaryImageOfPage\":{\"@id\":\"https:\/\/joyana.fr\/ja\/un-jardin-design-dans-paris\/103092\/#primaryimage\"},\"image\":{\"@id\":\"https:\/\/joyana.fr\/ja\/un-jardin-design-dans-paris\/103092\/#primaryimage\"},\"thumbnailUrl\":\"https:\/\/i0.wp.com\/joyana.fr\/wp-content\/uploads\/2016\/08\/joyana-logo-black-360x180.png?fit=360%2C180&ssl=1\",\"datePublished\":\"2009-11-12T05:08:41+00:00\",\"breadcrumb\":{\"@id\":\"https:\/\/joyana.fr\/ja\/un-jardin-design-dans-paris\/103092\/#breadcrumb\"},\"inLanguage\":\"en-US\",\"potentialAction\":[{\"@type\":\"ReadAction\",\"target\":[\"https:\/\/joyana.fr\/ja\/un-jardin-design-dans-paris\/103092\/\"]}]},{\"@type\":\"ImageObject\",\"inLanguage\":\"en-US\",\"@id\":\"https:\/\/joyana.fr\/ja\/un-jardin-design-dans-paris\/103092\/#primaryimage\",\"url\":\"https:\/\/i0.wp.com\/joyana.fr\/wp-content\/uploads\/2016\/08\/joyana-logo-black-360x180.png?fit=360%2C180&ssl=1\",\"contentUrl\":\"https:\/\/i0.wp.com\/joyana.fr\/wp-content\/uploads\/2016\/08\/joyana-logo-black-360x180.png?fit=360%2C180&ssl=1\",\"width\":360,\"height\":180,\"caption\":\"logo joyana.fr\"},{\"@type\":\"BreadcrumbList\",\"@id\":\"https:\/\/joyana.fr\/ja\/un-jardin-design-dans-paris\/103092\/#breadcrumb\",\"itemListElement\":[{\"@type\":\"ListItem\",\"position\":1,\"name\":\"Accueil\",\"item\":\"https:\/\/joyana.fr\/\"},{\"@type\":\"ListItem\",\"position\":2,\"name\":\"Un JARDIN DESIGN dans PARIS\"}]},{\"@type\":\"WebSite\",\"@id\":\"https:\/\/joyana.fr\/#website\",\"url\":\"https:\/\/joyana.fr\/\",\"name\":\"JO YANA\",\"description\":\"Blog Mode Homme, Lifestyle, D\u00e9co-Design\",\"publisher\":{\"@id\":\"https:\/\/joyana.fr\/#\/schema\/person\/cf2a1ad12a27c12c21801075bf37407c\"},\"potentialAction\":[{\"@type\":\"SearchAction\",\"target\":{\"@type\":\"EntryPoint\",\"urlTemplate\":\"https:\/\/joyana.fr\/?s={search_term_string}\"},\"query-input\":{\"@type\":\"PropertyValueSpecification\",\"valueRequired\":true,\"valueName\":\"search_term_string\"}}],\"inLanguage\":\"en-US\"},{\"@type\":[\"Person\",\"Organization\"],\"@id\":\"https:\/\/joyana.fr\/#\/schema\/person\/cf2a1ad12a27c12c21801075bf37407c\",\"name\":\"Jo Yana\",\"image\":{\"@type\":\"ImageObject\",\"inLanguage\":\"en-US\",\"@id\":\"https:\/\/joyana.fr\/#\/schema\/person\/image\/\",\"url\":\"https:\/\/i0.wp.com\/joyana.fr\/wp-content\/uploads\/2016\/08\/cropped-joyana-logo-black-360x180.png?fit=343%2C164&ssl=1\",\"contentUrl\":\"https:\/\/i0.wp.com\/joyana.fr\/wp-content\/uploads\/2016\/08\/cropped-joyana-logo-black-360x180.png?fit=343%2C164&ssl=1\",\"width\":343,\"height\":164,\"caption\":\"Jo Yana\"},\"logo\":{\"@id\":\"https:\/\/joyana.fr\/#\/schema\/person\/image\/\"},\"description\":\"Jo Yana est le cr\u00e9ateur et r\u00e9dacteur en chef des sites DECO-DESIGN. Passionn\u00e9 de Design, Mode, Photo, Luxe, Lifestyle, Musique, mais avant tout Blogueur ! Le plaisir de partager l'anime et a comme devise \\\"POUR L'AMOUR DU BEAU\\\". Retrouvez le aussi sur son blog personnel - https:\/\/joyana.fr...\",\"sameAs\":[\"https:\/\/joyana.fr\/\"],\"url\":\"https:\/\/joyana.fr\/en\/author\/joyana\/\"}]}<\/script>\n<!-- \/ Yoast SEO plugin. -->","yoast_head_json":{"title":"Un JARDIN DESIGN dans PARIS - JO YANA","robots":{"index":"index","follow":"follow","max-snippet":"max-snippet:-1","max-image-preview":"max-image-preview:large","max-video-preview":"max-video-preview:-1"},"canonical":"https:\/\/joyana.fr\/en\/un-jardin-design-dans-paris\/103092\/","og_locale":"en_US","og_type":"article","og_title":"Un JARDIN DESIGN dans PARIS - JO YANA","og_description":"L&#8217;architecte David Bitton pr\u00e9sentait -dans le dernier num\u00e9ro d&#8217;Ext\u00e9rieurs Design&#8211; un superbe jardin, dans Paris, pens\u00e9 comme un v\u00e9ritable int\u00e9rieur !!! Nous avons eu le plaisir de l&#8217;interviewer pour qu&#8217;il nous parle de ce projet&#8230; Deco-Design : Quel est le concept de ce jardin design ??? David Bitton : L\u2019id\u00e9e principale \u00e9t\u00e9 de cr\u00e9er une [&hellip;]","og_url":"https:\/\/joyana.fr\/en\/un-jardin-design-dans-paris\/103092\/","og_site_name":"JO YANA","article_published_time":"2009-11-12T05:08:41+00:00","og_image":[{"width":360,"height":180,"url":"https:\/\/joyana.fr\/wp-content\/uploads\/2016\/08\/joyana-logo-black-360x180.png","type":"image\/png"}],"author":"Jo Yana","twitter_card":"summary_large_image","twitter_creator":"@Jo_Yana","twitter_site":"@Jo_Yana","twitter_misc":{"Written by":"Jo Yana","Est. reading time":"4 minutes"},"schema":{"@context":"https:\/\/schema.org","@graph":[{"@type":"Article","@id":"https:\/\/joyana.fr\/ja\/un-jardin-design-dans-paris\/103092\/#article","isPartOf":{"@id":"https:\/\/joyana.fr\/ja\/un-jardin-design-dans-paris\/103092\/"},"author":{"name":"Jo Yana","@id":"https:\/\/joyana.fr\/#\/schema\/person\/cf2a1ad12a27c12c21801075bf37407c"},"headline":"Un JARDIN DESIGN dans PARIS","datePublished":"2009-11-12T05:08:41+00:00","mainEntityOfPage":{"@id":"https:\/\/joyana.fr\/ja\/un-jardin-design-dans-paris\/103092\/"},"wordCount":906,"commentCount":0,"publisher":{"@id":"https:\/\/joyana.fr\/#\/schema\/person\/cf2a1ad12a27c12c21801075bf37407c"},"image":{"@id":"https:\/\/joyana.fr\/ja\/un-jardin-design-dans-paris\/103092\/#primaryimage"},"thumbnailUrl":"https:\/\/i0.wp.com\/joyana.fr\/wp-content\/uploads\/2016\/08\/joyana-logo-black-360x180.png?fit=360%2C180&ssl=1","keywords":["Architecture","Blanc","Design Outdoor","Paris"],"articleSection":["DECO-DESIGN","Lieux","Visites"],"inLanguage":"en-US","potentialAction":[{"@type":"CommentAction","name":"Comment","target":["https:\/\/joyana.fr\/ja\/un-jardin-design-dans-paris\/103092\/#respond"]}]},{"@type":"WebPage","@id":"https:\/\/joyana.fr\/ja\/un-jardin-design-dans-paris\/103092\/","url":"https:\/\/joyana.fr\/ja\/un-jardin-design-dans-paris\/103092\/","name":"Un JARDIN DESIGN dans PARIS - JO YANA","isPartOf":{"@id":"https:\/\/joyana.fr\/#website"},"primaryImageOfPage":{"@id":"https:\/\/joyana.fr\/ja\/un-jardin-design-dans-paris\/103092\/#primaryimage"},"image":{"@id":"https:\/\/joyana.fr\/ja\/un-jardin-design-dans-paris\/103092\/#primaryimage"},"thumbnailUrl":"https:\/\/i0.wp.com\/joyana.fr\/wp-content\/uploads\/2016\/08\/joyana-logo-black-360x180.png?fit=360%2C180&ssl=1","datePublished":"2009-11-12T05:08:41+00:00","breadcrumb":{"@id":"https:\/\/joyana.fr\/ja\/un-jardin-design-dans-paris\/103092\/#breadcrumb"},"inLanguage":"en-US","potentialAction":[{"@type":"ReadAction","target":["https:\/\/joyana.fr\/ja\/un-jardin-design-dans-paris\/103092\/"]}]},{"@type":"ImageObject","inLanguage":"en-US","@id":"https:\/\/joyana.fr\/ja\/un-jardin-design-dans-paris\/103092\/#primaryimage","url":"https:\/\/i0.wp.com\/joyana.fr\/wp-content\/uploads\/2016\/08\/joyana-logo-black-360x180.png?fit=360%2C180&ssl=1","contentUrl":"https:\/\/i0.wp.com\/joyana.fr\/wp-content\/uploads\/2016\/08\/joyana-logo-black-360x180.png?fit=360%2C180&ssl=1","width":360,"height":180,"caption":"logo joyana.fr"},{"@type":"BreadcrumbList","@id":"https:\/\/joyana.fr\/ja\/un-jardin-design-dans-paris\/103092\/#breadcrumb","itemListElement":[{"@type":"ListItem","position":1,"name":"Accueil","item":"https:\/\/joyana.fr\/"},{"@type":"ListItem","position":2,"name":"Un JARDIN DESIGN dans PARIS"}]},{"@type":"WebSite","@id":"https:\/\/joyana.fr\/#website","url":"https:\/\/joyana.fr\/","name":"JO YANA","description":"Blog Mode Homme, Lifestyle, D\u00e9co-Design","publisher":{"@id":"https:\/\/joyana.fr\/#\/schema\/person\/cf2a1ad12a27c12c21801075bf37407c"},"potentialAction":[{"@type":"SearchAction","target":{"@type":"EntryPoint","urlTemplate":"https:\/\/joyana.fr\/?s={search_term_string}"},"query-input":{"@type":"PropertyValueSpecification","valueRequired":true,"valueName":"search_term_string"}}],"inLanguage":"en-US"},{"@type":["Person","Organization"],"@id":"https:\/\/joyana.fr\/#\/schema\/person\/cf2a1ad12a27c12c21801075bf37407c","name":"Jo Yana","image":{"@type":"ImageObject","inLanguage":"en-US","@id":"https:\/\/joyana.fr\/#\/schema\/person\/image\/","url":"https:\/\/i0.wp.com\/joyana.fr\/wp-content\/uploads\/2016\/08\/cropped-joyana-logo-black-360x180.png?fit=343%2C164&ssl=1","contentUrl":"https:\/\/i0.wp.com\/joyana.fr\/wp-content\/uploads\/2016\/08\/cropped-joyana-logo-black-360x180.png?fit=343%2C164&ssl=1","width":343,"height":164,"caption":"Jo Yana"},"logo":{"@id":"https:\/\/joyana.fr\/#\/schema\/person\/image\/"},"description":"Jo Yana est le cr\u00e9ateur et r\u00e9dacteur en chef des sites DECO-DESIGN. Passionn\u00e9 de Design, Mode, Photo, Luxe, Lifestyle, Musique, mais avant tout Blogueur ! Le plaisir de partager l'anime et a comme devise \"POUR L'AMOUR DU BEAU\". Retrouvez le aussi sur son blog personnel - https:\/\/joyana.fr...","sameAs":["https:\/\/joyana.fr\/"],"url":"https:\/\/joyana.fr\/en\/author\/joyana\/"}]}},"author_meta":{"display_name":"Jo Yana","author_link":"https:\/\/joyana.fr\/en\/author\/joyana\/"},"featured_img":"https:\/\/i0.wp.com\/joyana.fr\/wp-content\/uploads\/2016\/08\/joyana-logo-black-360x180.png?fit=360%2C180&ssl=1","featured_image_src":"https:\/\/i0.wp.com\/joyana.fr\/wp-content\/uploads\/2016\/08\/joyana-logo-black-360x180.png?resize=360%2C180&ssl=1","featured_image_src_square":"https:\/\/i0.wp.com\/joyana.fr\/wp-content\/uploads\/2016\/08\/joyana-logo-black-360x180.png?resize=360%2C180&ssl=1","jetpack_featured_media_url":"https:\/\/i0.wp.com\/joyana.fr\/wp-content\/uploads\/2016\/08\/joyana-logo-black-360x180.png?fit=360%2C180&ssl=1","uagb_featured_image_src":{"full":["https:\/\/i0.wp.com\/joyana.fr\/wp-content\/uploads\/2016\/08\/joyana-logo-black-360x180.png?fit=360%2C180&ssl=1",360,180,false],"thumbnail":["https:\/\/i0.wp.com\/joyana.fr\/wp-content\/uploads\/2016\/08\/joyana-logo-black-360x180.png?resize=150%2C150&ssl=1",150,150,true],"medium":["https:\/\/i0.wp.com\/joyana.fr\/wp-content\/uploads\/2016\/08\/joyana-logo-black-360x180.png?fit=360%2C180&ssl=1",360,180,true],"medium_large":["https:\/\/i0.wp.com\/joyana.fr\/wp-content\/uploads\/2016\/08\/joyana-logo-black-360x180.png?fit=360%2C180&ssl=1",360,180,true],"large":["https:\/\/i0.wp.com\/joyana.fr\/wp-content\/uploads\/2016\/08\/joyana-logo-black-360x180.png?fit=360%2C180&ssl=1",360,180,true],"1536x1536":["https:\/\/i0.wp.com\/joyana.fr\/wp-content\/uploads\/2016\/08\/joyana-logo-black-360x180.png?fit=360%2C180&ssl=1",360,180,true],"2048x2048":["https:\/\/i0.wp.com\/joyana.fr\/wp-content\/uploads\/2016\/08\/joyana-logo-black-360x180.png?fit=360%2C180&ssl=1",360,180,true],"featured-thumb":["https:\/\/i0.wp.com\/joyana.fr\/wp-content\/uploads\/2016\/08\/joyana-logo-black-360x180.png?resize=360%2C180&ssl=1",360,180,true],"ab-block-post-grid-landscape":["https:\/\/i0.wp.com\/joyana.fr\/wp-content\/uploads\/2016\/08\/joyana-logo-black-360x180.png?resize=360%2C180&ssl=1",360,180,true],"ab-block-post-grid-square":["https:\/\/i0.wp.com\/joyana.fr\/wp-content\/uploads\/2016\/08\/joyana-logo-black-360x180.png?resize=360%2C180&ssl=1",360,180,true],"author-pro-image":["https:\/\/i0.wp.com\/joyana.fr\/wp-content\/uploads\/2016\/08\/joyana-logo-black-360x180.png?resize=360%2C180&ssl=1",360,180,true],"slider":["https:\/\/i0.wp.com\/joyana.fr\/wp-content\/uploads\/2016\/08\/joyana-logo-black-360x180.png?resize=360%2C180&ssl=1",360,180,true],"woocommerce_thumbnail":["https:\/\/i0.wp.com\/joyana.fr\/wp-content\/uploads\/2016\/08\/joyana-logo-black-360x180.png?resize=300%2C180&ssl=1",300,180,true],"woocommerce_single":["https:\/\/i0.wp.com\/joyana.fr\/wp-content\/uploads\/2016\/08\/joyana-logo-black-360x180.png?fit=360%2C180&ssl=1",360,180,true],"woocommerce_gallery_thumbnail":["https:\/\/i0.wp.com\/joyana.fr\/wp-content\/uploads\/2016\/08\/joyana-logo-black-360x180.png?resize=180%2C180&ssl=1",180,180,true],"sow-carousel-default":["https:\/\/i0.wp.com\/joyana.fr\/wp-content\/uploads\/2016\/08\/joyana-logo-black-360x180.png?resize=272%2C180&ssl=1",272,180,true]},"uagb_author_info":{"display_name":"Jo Yana","author_link":"https:\/\/joyana.fr\/en\/author\/joyana\/"},"uagb_comment_info":27,"uagb_excerpt":"L&#8217;architecte David Bitton pr\u00e9sentait -dans le dernier num\u00e9ro d&#8217;Ext\u00e9rieurs Design&#8211; un superbe jardin, dans Paris, pens\u00e9 comme un v\u00e9ritable int\u00e9rieur !!! Nous avons eu le plaisir de l&#8217;interviewer pour qu&#8217;il nous parle de ce projet&#8230; Deco-Design : Quel est le concept de ce jardin design ??? David Bitton : L\u2019id\u00e9e principale \u00e9t\u00e9 de cr\u00e9er une&hellip;","coauthors":[],"tax_additional":{"categories":{"linked":["<a href=\"https:\/\/joyana.fr\/en\/category\/deco-design\/\" class=\"advgb-post-tax-term\">DECO-DESIGN<\/a>","<a href=\"https:\/\/joyana.fr\/en\/category\/deco-design\/architecture-deco-design\/lieux-design\/\" class=\"advgb-post-tax-term\">Lieux<\/a>","<a href=\"https:\/\/joyana.fr\/en\/category\/deco-design\/architecture-deco-design\/lieux-design\/visites\/\" class=\"advgb-post-tax-term\">Visites<\/a>"],"unlinked":["<span class=\"advgb-post-tax-term\">DECO-DESIGN<\/span>","<span class=\"advgb-post-tax-term\">Lieux<\/span>","<span class=\"advgb-post-tax-term\">Visites<\/span>"]},"tags":{"linked":["<a href=\"https:\/\/joyana.fr\/en\/category\/deco-design\/architecture-deco-design\/lieux-design\/visites\/\" class=\"advgb-post-tax-term\">Architecture<\/a>","<a href=\"https:\/\/joyana.fr\/en\/category\/deco-design\/architecture-deco-design\/lieux-design\/visites\/\" class=\"advgb-post-tax-term\">Blanc<\/a>","<a href=\"https:\/\/joyana.fr\/en\/category\/deco-design\/architecture-deco-design\/lieux-design\/visites\/\" class=\"advgb-post-tax-term\">Design Outdoor<\/a>","<a href=\"https:\/\/joyana.fr\/en\/category\/deco-design\/architecture-deco-design\/lieux-design\/visites\/\" class=\"advgb-post-tax-term\">Paris<\/a>"],"unlinked":["<span class=\"advgb-post-tax-term\">Architecture<\/span>","<span class=\"advgb-post-tax-term\">Blanc<\/span>","<span class=\"advgb-post-tax-term\">Design Outdoor<\/span>","<span class=\"advgb-post-tax-term\">Paris<\/span>"]}},"comment_count":27,"relative_dates":{"created":"Posted 16 years ago","modified":"Updated 16 years ago"},"absolute_dates":{"created":"Posted on 12 November 2009","modified":"Updated on 12 November 2009"},"absolute_dates_time":{"created":"Posted on 12 November 2009 6:08","modified":"Updated on 12 November 2009 6:08"},"featured_img_caption":"","series_order":"","jetpack_sharing_enabled":true,"jetpack_shortlink":"https:\/\/wp.me\/p9bteI-qOM","jetpack-related-posts":[],"_links":{"self":[{"href":"https:\/\/joyana.fr\/en\/wp-json\/wp\/v2\/posts\/103092","targetHints":{"allow":["GET"]}}],"collection":[{"href":"https:\/\/joyana.fr\/en\/wp-json\/wp\/v2\/posts"}],"about":[{"href":"https:\/\/joyana.fr\/en\/wp-json\/wp\/v2\/types\/post"}],"author":[{"embeddable":true,"href":"https:\/\/joyana.fr\/en\/wp-json\/wp\/v2\/users\/3"}],"replies":[{"embeddable":true,"href":"https:\/\/joyana.fr\/en\/wp-json\/wp\/v2\/comments?post=103092"}],"version-history":[{"count":0,"href":"https:\/\/joyana.fr\/en\/wp-json\/wp\/v2\/posts\/103092\/revisions"}],"wp:featuredmedia":[{"embeddable":true,"href":"https:\/\/joyana.fr\/en\/wp-json\/wp\/v2\/media\/124300"}],"wp:attachment":[{"href":"https:\/\/joyana.fr\/en\/wp-json\/wp\/v2\/media?parent=103092"}],"wp:term":[{"taxonomy":"category","embeddable":true,"href":"https:\/\/joyana.fr\/en\/wp-json\/wp\/v2\/categories?post=103092"},{"taxonomy":"post_tag","embeddable":true,"href":"https:\/\/joyana.fr\/en\/wp-json\/wp\/v2\/tags?post=103092"}],"curies":[{"name":"wp","href":"https:\/\/api.w.org\/{rel}","templated":true}]}}