{"id":103117,"date":"2009-11-19T06:26:55","date_gmt":"2009-11-19T05:26:55","guid":{"rendered":"https:\/\/joyana.fr\/ara-pizza-par-pablo-tellez\/"},"modified":"2009-11-19T06:26:55","modified_gmt":"2009-11-19T05:26:55","slug":"ara-pizza-par-pablo-tellez","status":"publish","type":"post","link":"https:\/\/joyana.fr\/en\/ara-pizza-par-pablo-tellez\/103117\/","title":{"rendered":"Ara Pizza par Pablo TELLEZ"},"content":{"rendered":"<p>Situ\u00e9 \u00e0 30 km de Barcelone, l&#8217;\u00e9co-restaurant <strong>Ara Pizza<\/strong> a \u00e9t\u00e9 dessin\u00e9 par l&#8217;<strong>achitecte Pablo Tellez <\/strong>qui a transform\u00e9 un ancien atelier en un sublime <strong>lieu<\/strong>&#8230;<\/p>\n<p><img data-recalc-dims=\"1\" fetchpriority=\"high\" decoding=\"async\" src=\"https:\/\/i0.wp.com\/joyana.fr\/wp-content\/uploads\/ara-pizza-by-pablo-tellez-11.jpg?resize=500%2C500&#038;ssl=1\" alt=\"Ara Pizza par Pablo TELLEZ\" align=\"top\" border=\"0\" height=\"500\" hspace=\"8\" width=\"500\" \/><\/p>\n<p> La premi\u00e8re chose que vous allez remarquer en p\u00e9n\u00e9trant dans le<strong> Ara Pizza<\/strong> c&#8217;est ses hauts plafonds et ses formes g\u00e9om\u00e9triques, dont <strong>Pablo Tellez <\/strong>nous confie les avoir utilis\u00e9 comme toiles de fond de ces prismes !!! Des prismes triangulaires avec un vide dans certains espaces, qui se livre \u00e0 des hauteurs diff\u00e9rentes produisant ainsi diff\u00e9rents effets de lumi\u00e8re sur les murs.<\/p>\n<p>Le r\u00e9sultat est tr\u00e8s accueillant pour le client qui est en mesure de profiter de diff\u00e9rents points de vue \u00e0 partir de positions diff\u00e9rentes au sein du <strong>restaurant<\/strong>&#8230;<\/p>\n<p><img data-recalc-dims=\"1\" decoding=\"async\" src=\"https:\/\/i0.wp.com\/joyana.fr\/wp-content\/uploads\/ara-pizza-by-pablo-tellez1.jpg?resize=500%2C500&#038;ssl=1\" alt=\"Ara Pizza par Pablo TELLEZ\" align=\"top\" border=\"0\" height=\"500\" hspace=\"8\" width=\"500\" \/><\/p>\n<p>Le <strong>Ara Pizza<\/strong> est un <strong>\u00e9co-restaurant<\/strong> r\u00e9cemment ouvert ; de la restauration rapide \u00e0 Sant Quirze del Valles, \u00e0 trente minutes du centre ville de Barcelone.<\/p>\n<p><img data-recalc-dims=\"1\" decoding=\"async\" src=\"https:\/\/i0.wp.com\/joyana.fr\/wp-content\/uploads\/ara-pizza-by-pablo-tellez-3.jpg?resize=500%2C500&#038;ssl=1\" alt=\"Ara Pizza par Pablo TELLEZ\" align=\"top\" border=\"0\" height=\"500\" hspace=\"8\" width=\"500\" \/><\/p>\n<p><strong>Pablo Tellez<\/strong> a divis\u00e9 l&#8217;espace <strong>restaurant<\/strong> en deux grands domaines de fonctionnement, un espace pour emporter ou de livraisons \u00e0 domicile et un espace au deuxi\u00e8me \u00e9tage o\u00f9 le client peut s&#8217;asseoir et jouir de sa nourriture&#8230;<\/p>\n<p><img data-recalc-dims=\"1\" loading=\"lazy\" decoding=\"async\" src=\"https:\/\/i0.wp.com\/joyana.fr\/wp-content\/uploads\/ara-pizza-by-pablo-tellez-21.jpg?resize=500%2C500&#038;ssl=1\" alt=\"Ara Pizza par Pablo TELLEZ\" align=\"top\" border=\"0\" height=\"500\" hspace=\"8\" width=\"500\" \/><\/p>\n<p><img data-recalc-dims=\"1\" loading=\"lazy\" decoding=\"async\" src=\"https:\/\/i0.wp.com\/joyana.fr\/wp-content\/uploads\/ara-pizza-by-pablo-tellez-81.jpg?resize=500%2C601&#038;ssl=1\" alt=\"Ara Pizza par Pablo TELLEZ\" align=\"top\" border=\"0\" height=\"601\" hspace=\"8\" width=\"500\" \/><\/p>\n<p><img data-recalc-dims=\"1\" loading=\"lazy\" decoding=\"async\" src=\"https:\/\/i0.wp.com\/joyana.fr\/wp-content\/uploads\/ara-pizza-by-pablo-tellez-yatzer-7.jpg?resize=500%2C500&#038;ssl=1\" alt=\"Ara Pizza par Pablo TELLEZ\" align=\"top\" border=\"0\" height=\"500\" hspace=\"8\" width=\"500\" \/><\/p>\n<p>L&#8217;architecte a utilis\u00e9 pour ce restaurant des tables faites sur mesure qui sont accompagn\u00e9es des <a href=\"https:\/\/joyana.fr\/fauteuil-design-dr-yes-par-philippe-starck\/\" title=\"DR YES KARTELL\">chaises Dr.Yes de chez Kartell<\/a> con\u00e7ues par <a href=\"https:\/\/joyana.fr\/eugeni-quitllet-interviewe-par-lequipe-deco-design\/\" title=\"EUGENI QUITLLET\">Eugeni Quitllet<\/a> et <a href=\"https:\/\/joyana.fr\/tag\/starck\/\" title=\"PHILIPPE STARCK\">Philippe Starck<\/a>. Ces chaises ont \u00e9t\u00e9 choisis de part leur l\u00e9g\u00e8ret\u00e9 et leur r\u00e9sistance, tr\u00e8s flexible et facile \u00e0 d\u00e9placer !!! Notre \u00e9quipe est juste fan de ces chaises, qui sont un excellent rapport qualit\u00e9\/prix&#8230;<\/p>\n<p><img data-recalc-dims=\"1\" loading=\"lazy\" decoding=\"async\" src=\"https:\/\/i0.wp.com\/joyana.fr\/wp-content\/uploads\/ara-pizza-by-pablo-tellez-6.jpg?resize=500%2C500&#038;ssl=1\" alt=\"Ara Pizza par Pablo TELLEZ\" align=\"top\" border=\"0\" height=\"500\" hspace=\"8\" width=\"500\" \/><\/p>\n<p><strong><a href=\"http:\/\/www.pablotellez.es\/\" title=\"PABLO TELLEZ\">http:\/\/www.pablotellez.es\/ <\/a><\/strong><\/p>\n<p>Cr\u00e9dits photos : Juan Ventura<\/p>\n<p>&#8212;&#8212;&#8212;&#8212;<\/p>\n<p><a href=\"http:\/\/yatzer.com\/\">via<\/a><\/p>\n<p><a href=\"https:\/\/joyana.fr\/\" title=\"JO YANA\">Jo Yana <\/a><\/p>\n","protected":false},"excerpt":{"rendered":"<p>Situ\u00e9 \u00e0 30 km de Barcelone, l&#8217;\u00e9co-restaurant Ara Pizza a \u00e9t\u00e9 dessin\u00e9 par l&#8217;achitecte Pablo Tellez qui a transform\u00e9 un ancien atelier en un sublime lieu&#8230; La premi\u00e8re chose que vous allez remarquer en p\u00e9n\u00e9trant dans le Ara Pizza c&#8217;est ses hauts plafonds et ses formes g\u00e9om\u00e9triques, dont Pablo Tellez nous confie les avoir utilis\u00e9 [&hellip;]<\/p>\n","protected":false},"author":3,"featured_media":124300,"comment_status":"open","ping_status":"open","sticky":false,"template":"","format":"standard","meta":{"_coblocks_attr":"","_coblocks_dimensions":"","_coblocks_responsive_height":"","_coblocks_accordion_ie_support":"","_uag_custom_page_level_css":"","advgb_blocks_editor_width":"","advgb_blocks_columns_visual_guide":"","_genesis_hide_title":false,"_genesis_hide_breadcrumbs":false,"_genesis_hide_singular_image":false,"_genesis_hide_footer_widgets":false,"_genesis_custom_body_class":"","_genesis_custom_post_class":"","_genesis_layout":"","_themeisle_gutenberg_block_has_review":false,"_jetpack_newsletter_access":"","_jetpack_dont_email_post_to_subs":false,"_jetpack_newsletter_tier_id":0,"_jetpack_memberships_contains_paywalled_content":false,"_jetpack_memberships_contains_paid_content":false,"footnotes":""},"categories":[71,905,921],"tags":[919,92],"class_list":{"0":"post-103117","1":"post","2":"type-post","3":"status-publish","4":"format-standard","5":"has-post-thumbnail","7":"category-architecture","8":"category-deco-design","9":"category-lieux-design","10":"tag-architecte","11":"tag-restaurant","12":"entry"},"featured_image_urls":{"full":["https:\/\/i0.wp.com\/joyana.fr\/wp-content\/uploads\/2016\/08\/joyana-logo-black-360x180.png?fit=360%2C180&ssl=1",360,180,false],"thumbnail":["https:\/\/i0.wp.com\/joyana.fr\/wp-content\/uploads\/2016\/08\/joyana-logo-black-360x180.png?resize=150%2C150&ssl=1",150,150,true],"medium":["https:\/\/i0.wp.com\/joyana.fr\/wp-content\/uploads\/2016\/08\/joyana-logo-black-360x180.png?fit=360%2C180&ssl=1",360,180,true],"medium_large":["https:\/\/i0.wp.com\/joyana.fr\/wp-content\/uploads\/2016\/08\/joyana-logo-black-360x180.png?fit=360%2C180&ssl=1",360,180,true],"large":["https:\/\/i0.wp.com\/joyana.fr\/wp-content\/uploads\/2016\/08\/joyana-logo-black-360x180.png?fit=360%2C180&ssl=1",360,180,true],"1536x1536":["https:\/\/i0.wp.com\/joyana.fr\/wp-content\/uploads\/2016\/08\/joyana-logo-black-360x180.png?fit=360%2C180&ssl=1",360,180,true],"2048x2048":["https:\/\/i0.wp.com\/joyana.fr\/wp-content\/uploads\/2016\/08\/joyana-logo-black-360x180.png?fit=360%2C180&ssl=1",360,180,true],"featured-thumb":["https:\/\/i0.wp.com\/joyana.fr\/wp-content\/uploads\/2016\/08\/joyana-logo-black-360x180.png?resize=360%2C180&ssl=1",360,180,true],"ab-block-post-grid-landscape":["https:\/\/i0.wp.com\/joyana.fr\/wp-content\/uploads\/2016\/08\/joyana-logo-black-360x180.png?resize=360%2C180&ssl=1",360,180,true],"ab-block-post-grid-square":["https:\/\/i0.wp.com\/joyana.fr\/wp-content\/uploads\/2016\/08\/joyana-logo-black-360x180.png?resize=360%2C180&ssl=1",360,180,true],"author-pro-image":["https:\/\/i0.wp.com\/joyana.fr\/wp-content\/uploads\/2016\/08\/joyana-logo-black-360x180.png?resize=360%2C180&ssl=1",360,180,true],"slider":["https:\/\/i0.wp.com\/joyana.fr\/wp-content\/uploads\/2016\/08\/joyana-logo-black-360x180.png?resize=360%2C180&ssl=1",360,180,true],"woocommerce_thumbnail":["https:\/\/i0.wp.com\/joyana.fr\/wp-content\/uploads\/2016\/08\/joyana-logo-black-360x180.png?resize=300%2C180&ssl=1",300,180,true],"woocommerce_single":["https:\/\/i0.wp.com\/joyana.fr\/wp-content\/uploads\/2016\/08\/joyana-logo-black-360x180.png?fit=360%2C180&ssl=1",360,180,true],"woocommerce_gallery_thumbnail":["https:\/\/i0.wp.com\/joyana.fr\/wp-content\/uploads\/2016\/08\/joyana-logo-black-360x180.png?resize=180%2C180&ssl=1",180,180,true],"sow-carousel-default":["https:\/\/i0.wp.com\/joyana.fr\/wp-content\/uploads\/2016\/08\/joyana-logo-black-360x180.png?resize=272%2C180&ssl=1",272,180,true]},"post_excerpt_stackable":"<p>Situ\u00e9 \u00e0 30 km de Barcelone, l&#8217;\u00e9co-restaurant Ara Pizza a \u00e9t\u00e9 dessin\u00e9 par l&#8217;achitecte Pablo Tellez qui a transform\u00e9 un ancien atelier en un sublime lieu&#8230; La premi\u00e8re chose que vous allez remarquer en p\u00e9n\u00e9trant dans le Ara Pizza c&#8217;est ses hauts plafonds et ses formes g\u00e9om\u00e9triques, dont Pablo Tellez nous confie les avoir utilis\u00e9 comme toiles de fond de ces prismes !!! Des prismes triangulaires avec un vide dans certains espaces, qui se livre \u00e0 des hauteurs diff\u00e9rentes produisant ainsi diff\u00e9rents effets de lumi\u00e8re sur les murs. Le r\u00e9sultat est tr\u00e8s accueillant pour le client qui est en mesure&hellip;<\/p>\n","category_list":"<a href=\"https:\/\/joyana.fr\/en\/category\/portfolio\/architecture\/\" rel=\"category tag\">ARCHITECTURE<\/a>, <a href=\"https:\/\/joyana.fr\/en\/category\/deco-design\/\" rel=\"category tag\">DECO-DESIGN<\/a>, <a href=\"https:\/\/joyana.fr\/en\/category\/deco-design\/architecture-deco-design\/lieux-design\/\" rel=\"category tag\">Lieux<\/a>","author_info":{"display_name":"Jo Yana","author_link":"https:\/\/joyana.fr\/en\/author\/joyana\/"},"comments_num":"16 comments","featured_image_urls_v2":{"full":["https:\/\/i0.wp.com\/joyana.fr\/wp-content\/uploads\/2016\/08\/joyana-logo-black-360x180.png?fit=360%2C180&ssl=1",360,180,false],"thumbnail":["https:\/\/i0.wp.com\/joyana.fr\/wp-content\/uploads\/2016\/08\/joyana-logo-black-360x180.png?resize=150%2C150&ssl=1",150,150,true],"medium":["https:\/\/i0.wp.com\/joyana.fr\/wp-content\/uploads\/2016\/08\/joyana-logo-black-360x180.png?fit=360%2C180&ssl=1",360,180,true],"medium_large":["https:\/\/i0.wp.com\/joyana.fr\/wp-content\/uploads\/2016\/08\/joyana-logo-black-360x180.png?fit=360%2C180&ssl=1",360,180,true],"large":["https:\/\/i0.wp.com\/joyana.fr\/wp-content\/uploads\/2016\/08\/joyana-logo-black-360x180.png?fit=360%2C180&ssl=1",360,180,true],"1536x1536":["https:\/\/i0.wp.com\/joyana.fr\/wp-content\/uploads\/2016\/08\/joyana-logo-black-360x180.png?fit=360%2C180&ssl=1",360,180,true],"2048x2048":["https:\/\/i0.wp.com\/joyana.fr\/wp-content\/uploads\/2016\/08\/joyana-logo-black-360x180.png?fit=360%2C180&ssl=1",360,180,true],"featured-thumb":["https:\/\/i0.wp.com\/joyana.fr\/wp-content\/uploads\/2016\/08\/joyana-logo-black-360x180.png?resize=360%2C180&ssl=1",360,180,true],"ab-block-post-grid-landscape":["https:\/\/i0.wp.com\/joyana.fr\/wp-content\/uploads\/2016\/08\/joyana-logo-black-360x180.png?resize=360%2C180&ssl=1",360,180,true],"ab-block-post-grid-square":["https:\/\/i0.wp.com\/joyana.fr\/wp-content\/uploads\/2016\/08\/joyana-logo-black-360x180.png?resize=360%2C180&ssl=1",360,180,true],"author-pro-image":["https:\/\/i0.wp.com\/joyana.fr\/wp-content\/uploads\/2016\/08\/joyana-logo-black-360x180.png?resize=360%2C180&ssl=1",360,180,true],"slider":["https:\/\/i0.wp.com\/joyana.fr\/wp-content\/uploads\/2016\/08\/joyana-logo-black-360x180.png?resize=360%2C180&ssl=1",360,180,true],"woocommerce_thumbnail":["https:\/\/i0.wp.com\/joyana.fr\/wp-content\/uploads\/2016\/08\/joyana-logo-black-360x180.png?resize=300%2C180&ssl=1",300,180,true],"woocommerce_single":["https:\/\/i0.wp.com\/joyana.fr\/wp-content\/uploads\/2016\/08\/joyana-logo-black-360x180.png?fit=360%2C180&ssl=1",360,180,true],"woocommerce_gallery_thumbnail":["https:\/\/i0.wp.com\/joyana.fr\/wp-content\/uploads\/2016\/08\/joyana-logo-black-360x180.png?resize=180%2C180&ssl=1",180,180,true],"sow-carousel-default":["https:\/\/i0.wp.com\/joyana.fr\/wp-content\/uploads\/2016\/08\/joyana-logo-black-360x180.png?resize=272%2C180&ssl=1",272,180,true]},"post_excerpt_stackable_v2":"<p>Situ\u00e9 \u00e0 30 km de Barcelone, l&#8217;\u00e9co-restaurant Ara Pizza a \u00e9t\u00e9 dessin\u00e9 par l&#8217;achitecte Pablo Tellez qui a transform\u00e9 un ancien atelier en un sublime lieu&#8230; La premi\u00e8re chose que vous allez remarquer en p\u00e9n\u00e9trant dans le Ara Pizza c&#8217;est ses hauts plafonds et ses formes g\u00e9om\u00e9triques, dont Pablo Tellez nous confie les avoir utilis\u00e9 comme toiles de fond de ces prismes !!! Des prismes triangulaires avec un vide dans certains espaces, qui se livre \u00e0 des hauteurs diff\u00e9rentes produisant ainsi diff\u00e9rents effets de lumi\u00e8re sur les murs. Le r\u00e9sultat est tr\u00e8s accueillant pour le client qui est en mesure&hellip;<\/p>\n","category_list_v2":"<a href=\"https:\/\/joyana.fr\/en\/category\/portfolio\/architecture\/\" rel=\"category tag\">ARCHITECTURE<\/a>, <a href=\"https:\/\/joyana.fr\/en\/category\/deco-design\/\" rel=\"category tag\">DECO-DESIGN<\/a>, <a href=\"https:\/\/joyana.fr\/en\/category\/deco-design\/architecture-deco-design\/lieux-design\/\" rel=\"category tag\">Lieux<\/a>","author_info_v2":{"name":"Jo Yana","url":"https:\/\/joyana.fr\/en\/author\/joyana\/"},"comments_num_v2":"16 comments","yoast_head":"<!-- This site is optimized with the Yoast SEO plugin v26.8 - https:\/\/yoast.com\/product\/yoast-seo-wordpress\/ -->\n<title>Ara Pizza par Pablo TELLEZ - JO YANA<\/title>\n<meta name=\"robots\" content=\"index, follow, max-snippet:-1, max-image-preview:large, max-video-preview:-1\" \/>\n<link rel=\"canonical\" href=\"https:\/\/joyana.fr\/en\/ara-pizza-par-pablo-tellez\/103117\/\" \/>\n<meta property=\"og:locale\" content=\"en_US\" \/>\n<meta property=\"og:locale:alternate\" content=\"fr_FR\" \/>\n<meta property=\"og:locale:alternate\" content=\"ja\" \/>\n<meta property=\"og:type\" content=\"article\" \/>\n<meta property=\"og:title\" content=\"Ara Pizza par Pablo TELLEZ - JO YANA\" \/>\n<meta property=\"og:description\" content=\"Situ\u00e9 \u00e0 30 km de Barcelone, l&#8217;\u00e9co-restaurant Ara Pizza a \u00e9t\u00e9 dessin\u00e9 par l&#8217;achitecte Pablo Tellez qui a transform\u00e9 un ancien atelier en un sublime lieu&#8230; La premi\u00e8re chose que vous allez remarquer en p\u00e9n\u00e9trant dans le Ara Pizza c&#8217;est ses hauts plafonds et ses formes g\u00e9om\u00e9triques, dont Pablo Tellez nous confie les avoir utilis\u00e9 [&hellip;]\" \/>\n<meta property=\"og:url\" content=\"https:\/\/joyana.fr\/en\/ara-pizza-par-pablo-tellez\/103117\/\" \/>\n<meta property=\"og:site_name\" content=\"JO YANA\" \/>\n<meta property=\"article:published_time\" content=\"2009-11-19T05:26:55+00:00\" \/>\n<meta property=\"og:image\" content=\"https:\/\/joyana.fr\/wp-content\/uploads\/2016\/08\/joyana-logo-black-360x180.png\" \/>\n\t<meta property=\"og:image:width\" content=\"360\" \/>\n\t<meta property=\"og:image:height\" content=\"180\" \/>\n\t<meta property=\"og:image:type\" content=\"image\/png\" \/>\n<meta name=\"author\" content=\"Jo Yana\" \/>\n<meta name=\"twitter:card\" content=\"summary_large_image\" \/>\n<meta name=\"twitter:creator\" content=\"@Jo_Yana\" \/>\n<meta name=\"twitter:site\" content=\"@Jo_Yana\" \/>\n<meta name=\"twitter:label1\" content=\"Written by\" \/>\n\t<meta name=\"twitter:data1\" content=\"Jo Yana\" \/>\n\t<meta name=\"twitter:label2\" content=\"Est. reading time\" \/>\n\t<meta name=\"twitter:data2\" content=\"1 minute\" \/>\n<script type=\"application\/ld+json\" class=\"yoast-schema-graph\">{\"@context\":\"https:\/\/schema.org\",\"@graph\":[{\"@type\":\"Article\",\"@id\":\"https:\/\/joyana.fr\/en\/ara-pizza-par-pablo-tellez\/103117\/#article\",\"isPartOf\":{\"@id\":\"https:\/\/joyana.fr\/en\/ara-pizza-par-pablo-tellez\/103117\/\"},\"author\":{\"name\":\"Jo Yana\",\"@id\":\"https:\/\/joyana.fr\/#\/schema\/person\/cf2a1ad12a27c12c21801075bf37407c\"},\"headline\":\"Ara Pizza par Pablo TELLEZ\",\"datePublished\":\"2009-11-19T05:26:55+00:00\",\"mainEntityOfPage\":{\"@id\":\"https:\/\/joyana.fr\/en\/ara-pizza-par-pablo-tellez\/103117\/\"},\"wordCount\":275,\"commentCount\":0,\"publisher\":{\"@id\":\"https:\/\/joyana.fr\/#\/schema\/person\/cf2a1ad12a27c12c21801075bf37407c\"},\"image\":{\"@id\":\"https:\/\/joyana.fr\/en\/ara-pizza-par-pablo-tellez\/103117\/#primaryimage\"},\"thumbnailUrl\":\"https:\/\/i0.wp.com\/joyana.fr\/wp-content\/uploads\/2016\/08\/joyana-logo-black-360x180.png?fit=360%2C180&ssl=1\",\"keywords\":[\"Architecte\",\"Restaurant\"],\"articleSection\":[\"ARCHITECTURE\",\"DECO-DESIGN\",\"Lieux\"],\"inLanguage\":\"en-US\",\"potentialAction\":[{\"@type\":\"CommentAction\",\"name\":\"Comment\",\"target\":[\"https:\/\/joyana.fr\/en\/ara-pizza-par-pablo-tellez\/103117\/#respond\"]}]},{\"@type\":\"WebPage\",\"@id\":\"https:\/\/joyana.fr\/en\/ara-pizza-par-pablo-tellez\/103117\/\",\"url\":\"https:\/\/joyana.fr\/en\/ara-pizza-par-pablo-tellez\/103117\/\",\"name\":\"Ara Pizza par Pablo TELLEZ - JO YANA\",\"isPartOf\":{\"@id\":\"https:\/\/joyana.fr\/#website\"},\"primaryImageOfPage\":{\"@id\":\"https:\/\/joyana.fr\/en\/ara-pizza-par-pablo-tellez\/103117\/#primaryimage\"},\"image\":{\"@id\":\"https:\/\/joyana.fr\/en\/ara-pizza-par-pablo-tellez\/103117\/#primaryimage\"},\"thumbnailUrl\":\"https:\/\/i0.wp.com\/joyana.fr\/wp-content\/uploads\/2016\/08\/joyana-logo-black-360x180.png?fit=360%2C180&ssl=1\",\"datePublished\":\"2009-11-19T05:26:55+00:00\",\"breadcrumb\":{\"@id\":\"https:\/\/joyana.fr\/en\/ara-pizza-par-pablo-tellez\/103117\/#breadcrumb\"},\"inLanguage\":\"en-US\",\"potentialAction\":[{\"@type\":\"ReadAction\",\"target\":[\"https:\/\/joyana.fr\/en\/ara-pizza-par-pablo-tellez\/103117\/\"]}]},{\"@type\":\"ImageObject\",\"inLanguage\":\"en-US\",\"@id\":\"https:\/\/joyana.fr\/en\/ara-pizza-par-pablo-tellez\/103117\/#primaryimage\",\"url\":\"https:\/\/i0.wp.com\/joyana.fr\/wp-content\/uploads\/2016\/08\/joyana-logo-black-360x180.png?fit=360%2C180&ssl=1\",\"contentUrl\":\"https:\/\/i0.wp.com\/joyana.fr\/wp-content\/uploads\/2016\/08\/joyana-logo-black-360x180.png?fit=360%2C180&ssl=1\",\"width\":360,\"height\":180,\"caption\":\"logo joyana.fr\"},{\"@type\":\"BreadcrumbList\",\"@id\":\"https:\/\/joyana.fr\/en\/ara-pizza-par-pablo-tellez\/103117\/#breadcrumb\",\"itemListElement\":[{\"@type\":\"ListItem\",\"position\":1,\"name\":\"Accueil\",\"item\":\"https:\/\/joyana.fr\/\"},{\"@type\":\"ListItem\",\"position\":2,\"name\":\"Ara Pizza par Pablo TELLEZ\"}]},{\"@type\":\"WebSite\",\"@id\":\"https:\/\/joyana.fr\/#website\",\"url\":\"https:\/\/joyana.fr\/\",\"name\":\"JO YANA\",\"description\":\"Blog Mode Homme, Lifestyle, D\u00e9co-Design\",\"publisher\":{\"@id\":\"https:\/\/joyana.fr\/#\/schema\/person\/cf2a1ad12a27c12c21801075bf37407c\"},\"potentialAction\":[{\"@type\":\"SearchAction\",\"target\":{\"@type\":\"EntryPoint\",\"urlTemplate\":\"https:\/\/joyana.fr\/?s={search_term_string}\"},\"query-input\":{\"@type\":\"PropertyValueSpecification\",\"valueRequired\":true,\"valueName\":\"search_term_string\"}}],\"inLanguage\":\"en-US\"},{\"@type\":[\"Person\",\"Organization\"],\"@id\":\"https:\/\/joyana.fr\/#\/schema\/person\/cf2a1ad12a27c12c21801075bf37407c\",\"name\":\"Jo Yana\",\"image\":{\"@type\":\"ImageObject\",\"inLanguage\":\"en-US\",\"@id\":\"https:\/\/joyana.fr\/#\/schema\/person\/image\/\",\"url\":\"https:\/\/i0.wp.com\/joyana.fr\/wp-content\/uploads\/2016\/08\/cropped-joyana-logo-black-360x180.png?fit=343%2C164&ssl=1\",\"contentUrl\":\"https:\/\/i0.wp.com\/joyana.fr\/wp-content\/uploads\/2016\/08\/cropped-joyana-logo-black-360x180.png?fit=343%2C164&ssl=1\",\"width\":343,\"height\":164,\"caption\":\"Jo Yana\"},\"logo\":{\"@id\":\"https:\/\/joyana.fr\/#\/schema\/person\/image\/\"},\"description\":\"Jo Yana est le cr\u00e9ateur et r\u00e9dacteur en chef des sites DECO-DESIGN. Passionn\u00e9 de Design, Mode, Photo, Luxe, Lifestyle, Musique, mais avant tout Blogueur ! Le plaisir de partager l'anime et a comme devise \\\"POUR L'AMOUR DU BEAU\\\". Retrouvez le aussi sur son blog personnel - https:\/\/joyana.fr...\",\"sameAs\":[\"https:\/\/joyana.fr\/\"],\"url\":\"https:\/\/joyana.fr\/en\/author\/joyana\/\"}]}<\/script>\n<!-- \/ Yoast SEO plugin. -->","yoast_head_json":{"title":"Ara Pizza par Pablo TELLEZ - JO YANA","robots":{"index":"index","follow":"follow","max-snippet":"max-snippet:-1","max-image-preview":"max-image-preview:large","max-video-preview":"max-video-preview:-1"},"canonical":"https:\/\/joyana.fr\/en\/ara-pizza-par-pablo-tellez\/103117\/","og_locale":"en_US","og_type":"article","og_title":"Ara Pizza par Pablo TELLEZ - JO YANA","og_description":"Situ\u00e9 \u00e0 30 km de Barcelone, l&#8217;\u00e9co-restaurant Ara Pizza a \u00e9t\u00e9 dessin\u00e9 par l&#8217;achitecte Pablo Tellez qui a transform\u00e9 un ancien atelier en un sublime lieu&#8230; La premi\u00e8re chose que vous allez remarquer en p\u00e9n\u00e9trant dans le Ara Pizza c&#8217;est ses hauts plafonds et ses formes g\u00e9om\u00e9triques, dont Pablo Tellez nous confie les avoir utilis\u00e9 [&hellip;]","og_url":"https:\/\/joyana.fr\/en\/ara-pizza-par-pablo-tellez\/103117\/","og_site_name":"JO YANA","article_published_time":"2009-11-19T05:26:55+00:00","og_image":[{"width":360,"height":180,"url":"https:\/\/joyana.fr\/wp-content\/uploads\/2016\/08\/joyana-logo-black-360x180.png","type":"image\/png"}],"author":"Jo Yana","twitter_card":"summary_large_image","twitter_creator":"@Jo_Yana","twitter_site":"@Jo_Yana","twitter_misc":{"Written by":"Jo Yana","Est. reading time":"1 minute"},"schema":{"@context":"https:\/\/schema.org","@graph":[{"@type":"Article","@id":"https:\/\/joyana.fr\/en\/ara-pizza-par-pablo-tellez\/103117\/#article","isPartOf":{"@id":"https:\/\/joyana.fr\/en\/ara-pizza-par-pablo-tellez\/103117\/"},"author":{"name":"Jo Yana","@id":"https:\/\/joyana.fr\/#\/schema\/person\/cf2a1ad12a27c12c21801075bf37407c"},"headline":"Ara Pizza par Pablo TELLEZ","datePublished":"2009-11-19T05:26:55+00:00","mainEntityOfPage":{"@id":"https:\/\/joyana.fr\/en\/ara-pizza-par-pablo-tellez\/103117\/"},"wordCount":275,"commentCount":0,"publisher":{"@id":"https:\/\/joyana.fr\/#\/schema\/person\/cf2a1ad12a27c12c21801075bf37407c"},"image":{"@id":"https:\/\/joyana.fr\/en\/ara-pizza-par-pablo-tellez\/103117\/#primaryimage"},"thumbnailUrl":"https:\/\/i0.wp.com\/joyana.fr\/wp-content\/uploads\/2016\/08\/joyana-logo-black-360x180.png?fit=360%2C180&ssl=1","keywords":["Architecte","Restaurant"],"articleSection":["ARCHITECTURE","DECO-DESIGN","Lieux"],"inLanguage":"en-US","potentialAction":[{"@type":"CommentAction","name":"Comment","target":["https:\/\/joyana.fr\/en\/ara-pizza-par-pablo-tellez\/103117\/#respond"]}]},{"@type":"WebPage","@id":"https:\/\/joyana.fr\/en\/ara-pizza-par-pablo-tellez\/103117\/","url":"https:\/\/joyana.fr\/en\/ara-pizza-par-pablo-tellez\/103117\/","name":"Ara Pizza par Pablo TELLEZ - JO YANA","isPartOf":{"@id":"https:\/\/joyana.fr\/#website"},"primaryImageOfPage":{"@id":"https:\/\/joyana.fr\/en\/ara-pizza-par-pablo-tellez\/103117\/#primaryimage"},"image":{"@id":"https:\/\/joyana.fr\/en\/ara-pizza-par-pablo-tellez\/103117\/#primaryimage"},"thumbnailUrl":"https:\/\/i0.wp.com\/joyana.fr\/wp-content\/uploads\/2016\/08\/joyana-logo-black-360x180.png?fit=360%2C180&ssl=1","datePublished":"2009-11-19T05:26:55+00:00","breadcrumb":{"@id":"https:\/\/joyana.fr\/en\/ara-pizza-par-pablo-tellez\/103117\/#breadcrumb"},"inLanguage":"en-US","potentialAction":[{"@type":"ReadAction","target":["https:\/\/joyana.fr\/en\/ara-pizza-par-pablo-tellez\/103117\/"]}]},{"@type":"ImageObject","inLanguage":"en-US","@id":"https:\/\/joyana.fr\/en\/ara-pizza-par-pablo-tellez\/103117\/#primaryimage","url":"https:\/\/i0.wp.com\/joyana.fr\/wp-content\/uploads\/2016\/08\/joyana-logo-black-360x180.png?fit=360%2C180&ssl=1","contentUrl":"https:\/\/i0.wp.com\/joyana.fr\/wp-content\/uploads\/2016\/08\/joyana-logo-black-360x180.png?fit=360%2C180&ssl=1","width":360,"height":180,"caption":"logo joyana.fr"},{"@type":"BreadcrumbList","@id":"https:\/\/joyana.fr\/en\/ara-pizza-par-pablo-tellez\/103117\/#breadcrumb","itemListElement":[{"@type":"ListItem","position":1,"name":"Accueil","item":"https:\/\/joyana.fr\/"},{"@type":"ListItem","position":2,"name":"Ara Pizza par Pablo TELLEZ"}]},{"@type":"WebSite","@id":"https:\/\/joyana.fr\/#website","url":"https:\/\/joyana.fr\/","name":"JO YANA","description":"Blog Mode Homme, Lifestyle, D\u00e9co-Design","publisher":{"@id":"https:\/\/joyana.fr\/#\/schema\/person\/cf2a1ad12a27c12c21801075bf37407c"},"potentialAction":[{"@type":"SearchAction","target":{"@type":"EntryPoint","urlTemplate":"https:\/\/joyana.fr\/?s={search_term_string}"},"query-input":{"@type":"PropertyValueSpecification","valueRequired":true,"valueName":"search_term_string"}}],"inLanguage":"en-US"},{"@type":["Person","Organization"],"@id":"https:\/\/joyana.fr\/#\/schema\/person\/cf2a1ad12a27c12c21801075bf37407c","name":"Jo Yana","image":{"@type":"ImageObject","inLanguage":"en-US","@id":"https:\/\/joyana.fr\/#\/schema\/person\/image\/","url":"https:\/\/i0.wp.com\/joyana.fr\/wp-content\/uploads\/2016\/08\/cropped-joyana-logo-black-360x180.png?fit=343%2C164&ssl=1","contentUrl":"https:\/\/i0.wp.com\/joyana.fr\/wp-content\/uploads\/2016\/08\/cropped-joyana-logo-black-360x180.png?fit=343%2C164&ssl=1","width":343,"height":164,"caption":"Jo Yana"},"logo":{"@id":"https:\/\/joyana.fr\/#\/schema\/person\/image\/"},"description":"Jo Yana est le cr\u00e9ateur et r\u00e9dacteur en chef des sites DECO-DESIGN. Passionn\u00e9 de Design, Mode, Photo, Luxe, Lifestyle, Musique, mais avant tout Blogueur ! Le plaisir de partager l'anime et a comme devise \"POUR L'AMOUR DU BEAU\". Retrouvez le aussi sur son blog personnel - https:\/\/joyana.fr...","sameAs":["https:\/\/joyana.fr\/"],"url":"https:\/\/joyana.fr\/en\/author\/joyana\/"}]}},"author_meta":{"display_name":"Jo Yana","author_link":"https:\/\/joyana.fr\/en\/author\/joyana\/"},"featured_img":"https:\/\/i0.wp.com\/joyana.fr\/wp-content\/uploads\/2016\/08\/joyana-logo-black-360x180.png?fit=360%2C180&ssl=1","featured_image_src":"https:\/\/i0.wp.com\/joyana.fr\/wp-content\/uploads\/2016\/08\/joyana-logo-black-360x180.png?resize=360%2C180&ssl=1","featured_image_src_square":"https:\/\/i0.wp.com\/joyana.fr\/wp-content\/uploads\/2016\/08\/joyana-logo-black-360x180.png?resize=360%2C180&ssl=1","jetpack_featured_media_url":"https:\/\/i0.wp.com\/joyana.fr\/wp-content\/uploads\/2016\/08\/joyana-logo-black-360x180.png?fit=360%2C180&ssl=1","uagb_featured_image_src":{"full":["https:\/\/i0.wp.com\/joyana.fr\/wp-content\/uploads\/2016\/08\/joyana-logo-black-360x180.png?fit=360%2C180&ssl=1",360,180,false],"thumbnail":["https:\/\/i0.wp.com\/joyana.fr\/wp-content\/uploads\/2016\/08\/joyana-logo-black-360x180.png?resize=150%2C150&ssl=1",150,150,true],"medium":["https:\/\/i0.wp.com\/joyana.fr\/wp-content\/uploads\/2016\/08\/joyana-logo-black-360x180.png?fit=360%2C180&ssl=1",360,180,true],"medium_large":["https:\/\/i0.wp.com\/joyana.fr\/wp-content\/uploads\/2016\/08\/joyana-logo-black-360x180.png?fit=360%2C180&ssl=1",360,180,true],"large":["https:\/\/i0.wp.com\/joyana.fr\/wp-content\/uploads\/2016\/08\/joyana-logo-black-360x180.png?fit=360%2C180&ssl=1",360,180,true],"1536x1536":["https:\/\/i0.wp.com\/joyana.fr\/wp-content\/uploads\/2016\/08\/joyana-logo-black-360x180.png?fit=360%2C180&ssl=1",360,180,true],"2048x2048":["https:\/\/i0.wp.com\/joyana.fr\/wp-content\/uploads\/2016\/08\/joyana-logo-black-360x180.png?fit=360%2C180&ssl=1",360,180,true],"featured-thumb":["https:\/\/i0.wp.com\/joyana.fr\/wp-content\/uploads\/2016\/08\/joyana-logo-black-360x180.png?resize=360%2C180&ssl=1",360,180,true],"ab-block-post-grid-landscape":["https:\/\/i0.wp.com\/joyana.fr\/wp-content\/uploads\/2016\/08\/joyana-logo-black-360x180.png?resize=360%2C180&ssl=1",360,180,true],"ab-block-post-grid-square":["https:\/\/i0.wp.com\/joyana.fr\/wp-content\/uploads\/2016\/08\/joyana-logo-black-360x180.png?resize=360%2C180&ssl=1",360,180,true],"author-pro-image":["https:\/\/i0.wp.com\/joyana.fr\/wp-content\/uploads\/2016\/08\/joyana-logo-black-360x180.png?resize=360%2C180&ssl=1",360,180,true],"slider":["https:\/\/i0.wp.com\/joyana.fr\/wp-content\/uploads\/2016\/08\/joyana-logo-black-360x180.png?resize=360%2C180&ssl=1",360,180,true],"woocommerce_thumbnail":["https:\/\/i0.wp.com\/joyana.fr\/wp-content\/uploads\/2016\/08\/joyana-logo-black-360x180.png?resize=300%2C180&ssl=1",300,180,true],"woocommerce_single":["https:\/\/i0.wp.com\/joyana.fr\/wp-content\/uploads\/2016\/08\/joyana-logo-black-360x180.png?fit=360%2C180&ssl=1",360,180,true],"woocommerce_gallery_thumbnail":["https:\/\/i0.wp.com\/joyana.fr\/wp-content\/uploads\/2016\/08\/joyana-logo-black-360x180.png?resize=180%2C180&ssl=1",180,180,true],"sow-carousel-default":["https:\/\/i0.wp.com\/joyana.fr\/wp-content\/uploads\/2016\/08\/joyana-logo-black-360x180.png?resize=272%2C180&ssl=1",272,180,true]},"uagb_author_info":{"display_name":"Jo Yana","author_link":"https:\/\/joyana.fr\/en\/author\/joyana\/"},"uagb_comment_info":16,"uagb_excerpt":"Situ\u00e9 \u00e0 30 km de Barcelone, l&#8217;\u00e9co-restaurant Ara Pizza a \u00e9t\u00e9 dessin\u00e9 par l&#8217;achitecte Pablo Tellez qui a transform\u00e9 un ancien atelier en un sublime lieu&#8230; La premi\u00e8re chose que vous allez remarquer en p\u00e9n\u00e9trant dans le Ara Pizza c&#8217;est ses hauts plafonds et ses formes g\u00e9om\u00e9triques, dont Pablo Tellez nous confie les avoir utilis\u00e9&hellip;","coauthors":[],"tax_additional":{"categories":{"linked":["<a href=\"https:\/\/joyana.fr\/en\/category\/portfolio\/architecture\/\" class=\"advgb-post-tax-term\">ARCHITECTURE<\/a>","<a href=\"https:\/\/joyana.fr\/en\/category\/deco-design\/\" class=\"advgb-post-tax-term\">DECO-DESIGN<\/a>","<a href=\"https:\/\/joyana.fr\/en\/category\/deco-design\/architecture-deco-design\/lieux-design\/\" class=\"advgb-post-tax-term\">Lieux<\/a>"],"unlinked":["<span class=\"advgb-post-tax-term\">ARCHITECTURE<\/span>","<span class=\"advgb-post-tax-term\">DECO-DESIGN<\/span>","<span class=\"advgb-post-tax-term\">Lieux<\/span>"]},"tags":{"linked":["<a href=\"https:\/\/joyana.fr\/en\/category\/deco-design\/architecture-deco-design\/lieux-design\/\" class=\"advgb-post-tax-term\">Architecte<\/a>","<a href=\"https:\/\/joyana.fr\/en\/category\/deco-design\/architecture-deco-design\/lieux-design\/\" class=\"advgb-post-tax-term\">Restaurant<\/a>"],"unlinked":["<span class=\"advgb-post-tax-term\">Architecte<\/span>","<span class=\"advgb-post-tax-term\">Restaurant<\/span>"]}},"comment_count":16,"relative_dates":{"created":"Posted 16 years ago","modified":"Updated 16 years ago"},"absolute_dates":{"created":"Posted on 19 November 2009","modified":"Updated on 19 November 2009"},"absolute_dates_time":{"created":"Posted on 19 November 2009 6:26","modified":"Updated on 19 November 2009 6:26"},"featured_img_caption":"","series_order":"","jetpack_sharing_enabled":true,"jetpack_shortlink":"https:\/\/wp.me\/p9bteI-qPb","jetpack-related-posts":[],"_links":{"self":[{"href":"https:\/\/joyana.fr\/en\/wp-json\/wp\/v2\/posts\/103117","targetHints":{"allow":["GET"]}}],"collection":[{"href":"https:\/\/joyana.fr\/en\/wp-json\/wp\/v2\/posts"}],"about":[{"href":"https:\/\/joyana.fr\/en\/wp-json\/wp\/v2\/types\/post"}],"author":[{"embeddable":true,"href":"https:\/\/joyana.fr\/en\/wp-json\/wp\/v2\/users\/3"}],"replies":[{"embeddable":true,"href":"https:\/\/joyana.fr\/en\/wp-json\/wp\/v2\/comments?post=103117"}],"version-history":[{"count":0,"href":"https:\/\/joyana.fr\/en\/wp-json\/wp\/v2\/posts\/103117\/revisions"}],"wp:featuredmedia":[{"embeddable":true,"href":"https:\/\/joyana.fr\/en\/wp-json\/wp\/v2\/media\/124300"}],"wp:attachment":[{"href":"https:\/\/joyana.fr\/en\/wp-json\/wp\/v2\/media?parent=103117"}],"wp:term":[{"taxonomy":"category","embeddable":true,"href":"https:\/\/joyana.fr\/en\/wp-json\/wp\/v2\/categories?post=103117"},{"taxonomy":"post_tag","embeddable":true,"href":"https:\/\/joyana.fr\/en\/wp-json\/wp\/v2\/tags?post=103117"}],"curies":[{"name":"wp","href":"https:\/\/api.w.org\/{rel}","templated":true}]}}