{"id":103154,"date":"2009-12-02T12:06:19","date_gmt":"2009-12-02T11:06:19","guid":{"rendered":"https:\/\/joyana.fr\/starck-ouvre-ses-portes-a-ad\/"},"modified":"2009-12-02T12:06:19","modified_gmt":"2009-12-02T11:06:19","slug":"starck-ouvre-ses-portes-a-ad","status":"publish","type":"post","link":"https:\/\/joyana.fr\/en\/starck-ouvre-ses-portes-a-ad\/103154\/","title":{"rendered":"STARCK Ouvre Ses Portes \u00e0 AD"},"content":{"rendered":"<p>D\u00e9couvrir l&#8217;appartement du <strong>designer<\/strong> le plus connu au monde \u00e7a vous dit ??? <strong>Philippe Starck<\/strong> et sa femme Jasmine ont <strong>ouvert les portes de leur appartement <\/strong>au magazine <strong>AD<\/strong> et au photographe The Selby&#8230;<\/p>\n<p><img data-recalc-dims=\"1\" fetchpriority=\"high\" decoding=\"async\" src=\"https:\/\/i0.wp.com\/joyana.fr\/wp-content\/uploads\/starck-ouvre-ses-portes-ad.jpg?resize=500%2C491&#038;ssl=1\" border=\"0\" alt=\"STARCK ouvre ses portes \u00e0 AD\" hspace=\"8\" width=\"500\" height=\"491\" align=\"top\" \/><\/p>\n<p>Notre \u00e9quipe s&#8217;attendait \u00e0 un int\u00e9rieur tr\u00e8s \u00e9pur\u00e9 100% Design&#8230; Que nenni, l&#8217;appartement de Mr et Mme Starck est un vrai laboratoire de curiosit\u00e9, o\u00f9 tr\u00f4nent des centaines de souvenir de plus de 20 ans de voyages, de cr\u00e9ations, d&#8217;amiti\u00e9, d&#8217;amour&#8230;<\/p>\n<p>Et qui mieux que The Selby pour photographier ce lieu atypique ???<\/p>\n<p><img data-recalc-dims=\"1\" decoding=\"async\" src=\"https:\/\/i0.wp.com\/joyana.fr\/wp-content\/uploads\/starck-ouvre-ses-portes-ad-2.jpg?resize=500%2C747&#038;ssl=1\" border=\"0\" alt=\"STARCK ouvre ses portes \u00e0 AD\" hspace=\"8\" width=\"500\" height=\"747\" align=\"top\" \/><\/p>\n<p><img data-recalc-dims=\"1\" decoding=\"async\" src=\"https:\/\/i0.wp.com\/joyana.fr\/wp-content\/uploads\/starck-ouvre-ses-portes-ad-3.jpg?resize=500%2C608&#038;ssl=1\" border=\"0\" alt=\"STARCK ouvre ses portes \u00e0 AD\" hspace=\"8\" width=\"500\" height=\"608\" align=\"top\" \/><\/p>\n<p>Nous avons choisi de ne pas trop vous en montrer, pour vous donner envie d&#8217;acheter le n\u00b089 du <strong>magazine AD<\/strong> -qui d\u00e9croche une belle exclusivit\u00e9 avec ce reportage- et d\u00e9couvrir l&#8217;intimit\u00e9 de notre <a title=\"PHILIPPE STARCK\" href=\"https:\/\/joyana.fr\/tag\/starck\/\"><strong>Philippe Starck<\/strong><\/a> national&#8230;<\/p>\n<p><img data-recalc-dims=\"1\" loading=\"lazy\" decoding=\"async\" src=\"https:\/\/i0.wp.com\/joyana.fr\/wp-content\/uploads\/starck-ouvre-ses-portes-ad-4.jpg?resize=500%2C669&#038;ssl=1\" border=\"0\" alt=\"STARCK ouvre ses portes \u00e0 AD\" hspace=\"8\" width=\"500\" height=\"669\" align=\"top\" \/><\/p>\n<p><a href=\"http:\/\/www.menstyle.fr\/\">http:\/\/www.menstyle.fr\/ <\/a><\/p>\n<p><a href=\"http:\/\/www.theselby.com\/\">http:\/\/www.theselby.com\/ <\/a><\/p>\n<p><strong><a title=\"STARCK\" href=\"http:\/\/www.starck.com\/\">http:\/\/www.starck.com\/<\/a><\/strong><\/p>\n<p>&#8212;&#8212;&#8212;&#8212;&#8211;<\/p>\n<p><a title=\"JO YANA\" href=\"https:\/\/joyana.fr\/\">Jo Yana <\/a><\/p>\n","protected":false},"excerpt":{"rendered":"<p>D\u00e9couvrir l&#8217;appartement du designer le plus connu au monde \u00e7a vous dit ??? Philippe Starck et sa femme Jasmine ont ouvert les portes de leur appartement au magazine AD et au photographe The Selby&#8230; Notre \u00e9quipe s&#8217;attendait \u00e0 un int\u00e9rieur tr\u00e8s \u00e9pur\u00e9 100% Design&#8230; Que nenni, l&#8217;appartement de Mr et Mme Starck est un vrai [&hellip;]<\/p>\n","protected":false},"author":3,"featured_media":124300,"comment_status":"open","ping_status":"open","sticky":false,"template":"","format":"standard","meta":{"_coblocks_attr":"","_coblocks_dimensions":"","_coblocks_responsive_height":"","_coblocks_accordion_ie_support":"","_uag_custom_page_level_css":"","advgb_blocks_editor_width":"","advgb_blocks_columns_visual_guide":"","_genesis_hide_title":false,"_genesis_hide_breadcrumbs":false,"_genesis_hide_singular_image":false,"_genesis_hide_footer_widgets":false,"_genesis_custom_body_class":"","_genesis_custom_post_class":"","_genesis_layout":"","_themeisle_gutenberg_block_has_review":false,"_jetpack_newsletter_access":"","_jetpack_dont_email_post_to_subs":false,"_jetpack_newsletter_tier_id":0,"_jetpack_memberships_contains_paywalled_content":false,"_jetpack_memberships_contains_paid_content":false,"footnotes":""},"categories":[905,921,916,923],"tags":[930,9],"class_list":{"0":"post-103154","1":"post","2":"type-post","3":"status-publish","4":"format-standard","5":"has-post-thumbnail","7":"category-deco-design","8":"category-lieux-design","9":"category-philippe-starck","10":"category-visites","11":"tag-emission-tv-et-presse","12":"tag-starck","13":"entry"},"featured_image_urls":{"full":["https:\/\/i0.wp.com\/joyana.fr\/wp-content\/uploads\/2016\/08\/joyana-logo-black-360x180.png?fit=360%2C180&ssl=1",360,180,false],"thumbnail":["https:\/\/i0.wp.com\/joyana.fr\/wp-content\/uploads\/2016\/08\/joyana-logo-black-360x180.png?resize=150%2C150&ssl=1",150,150,true],"medium":["https:\/\/i0.wp.com\/joyana.fr\/wp-content\/uploads\/2016\/08\/joyana-logo-black-360x180.png?fit=360%2C180&ssl=1",360,180,true],"medium_large":["https:\/\/i0.wp.com\/joyana.fr\/wp-content\/uploads\/2016\/08\/joyana-logo-black-360x180.png?fit=360%2C180&ssl=1",360,180,true],"large":["https:\/\/i0.wp.com\/joyana.fr\/wp-content\/uploads\/2016\/08\/joyana-logo-black-360x180.png?fit=360%2C180&ssl=1",360,180,true],"1536x1536":["https:\/\/i0.wp.com\/joyana.fr\/wp-content\/uploads\/2016\/08\/joyana-logo-black-360x180.png?fit=360%2C180&ssl=1",360,180,true],"2048x2048":["https:\/\/i0.wp.com\/joyana.fr\/wp-content\/uploads\/2016\/08\/joyana-logo-black-360x180.png?fit=360%2C180&ssl=1",360,180,true],"featured-thumb":["https:\/\/i0.wp.com\/joyana.fr\/wp-content\/uploads\/2016\/08\/joyana-logo-black-360x180.png?resize=360%2C180&ssl=1",360,180,true],"ab-block-post-grid-landscape":["https:\/\/i0.wp.com\/joyana.fr\/wp-content\/uploads\/2016\/08\/joyana-logo-black-360x180.png?resize=360%2C180&ssl=1",360,180,true],"ab-block-post-grid-square":["https:\/\/i0.wp.com\/joyana.fr\/wp-content\/uploads\/2016\/08\/joyana-logo-black-360x180.png?resize=360%2C180&ssl=1",360,180,true],"author-pro-image":["https:\/\/i0.wp.com\/joyana.fr\/wp-content\/uploads\/2016\/08\/joyana-logo-black-360x180.png?resize=360%2C180&ssl=1",360,180,true],"slider":["https:\/\/i0.wp.com\/joyana.fr\/wp-content\/uploads\/2016\/08\/joyana-logo-black-360x180.png?resize=360%2C180&ssl=1",360,180,true],"woocommerce_thumbnail":["https:\/\/i0.wp.com\/joyana.fr\/wp-content\/uploads\/2016\/08\/joyana-logo-black-360x180.png?resize=300%2C180&ssl=1",300,180,true],"woocommerce_single":["https:\/\/i0.wp.com\/joyana.fr\/wp-content\/uploads\/2016\/08\/joyana-logo-black-360x180.png?fit=360%2C180&ssl=1",360,180,true],"woocommerce_gallery_thumbnail":["https:\/\/i0.wp.com\/joyana.fr\/wp-content\/uploads\/2016\/08\/joyana-logo-black-360x180.png?resize=180%2C180&ssl=1",180,180,true],"sow-carousel-default":["https:\/\/i0.wp.com\/joyana.fr\/wp-content\/uploads\/2016\/08\/joyana-logo-black-360x180.png?resize=272%2C180&ssl=1",272,180,true]},"post_excerpt_stackable":"<p>D\u00e9couvrir l&#8217;appartement du designer le plus connu au monde \u00e7a vous dit ??? Philippe Starck et sa femme Jasmine ont ouvert les portes de leur appartement au magazine AD et au photographe The Selby&#8230; Notre \u00e9quipe s&#8217;attendait \u00e0 un int\u00e9rieur tr\u00e8s \u00e9pur\u00e9 100% Design&#8230; Que nenni, l&#8217;appartement de Mr et Mme Starck est un vrai laboratoire de curiosit\u00e9, o\u00f9 tr\u00f4nent des centaines de souvenir de plus de 20 ans de voyages, de cr\u00e9ations, d&#8217;amiti\u00e9, d&#8217;amour&#8230; Et qui mieux que The Selby pour photographier ce lieu atypique ??? Nous avons choisi de ne pas trop vous en montrer, pour vous donner&hellip;<\/p>\n","category_list":"<a href=\"https:\/\/joyana.fr\/en\/category\/deco-design\/\" rel=\"category tag\">DECO-DESIGN<\/a>, <a href=\"https:\/\/joyana.fr\/en\/category\/deco-design\/architecture-deco-design\/lieux-design\/\" rel=\"category tag\">Lieux<\/a>, <a href=\"https:\/\/joyana.fr\/en\/category\/deco-design\/designer\/philippe-starck\/\" rel=\"category tag\">Philippe STARCK<\/a>, <a href=\"https:\/\/joyana.fr\/en\/category\/deco-design\/architecture-deco-design\/lieux-design\/visites\/\" rel=\"category tag\">Visites<\/a>","author_info":{"display_name":"Jo Yana","author_link":"https:\/\/joyana.fr\/en\/author\/joyana\/"},"comments_num":"14 comments","featured_image_urls_v2":{"full":["https:\/\/i0.wp.com\/joyana.fr\/wp-content\/uploads\/2016\/08\/joyana-logo-black-360x180.png?fit=360%2C180&ssl=1",360,180,false],"thumbnail":["https:\/\/i0.wp.com\/joyana.fr\/wp-content\/uploads\/2016\/08\/joyana-logo-black-360x180.png?resize=150%2C150&ssl=1",150,150,true],"medium":["https:\/\/i0.wp.com\/joyana.fr\/wp-content\/uploads\/2016\/08\/joyana-logo-black-360x180.png?fit=360%2C180&ssl=1",360,180,true],"medium_large":["https:\/\/i0.wp.com\/joyana.fr\/wp-content\/uploads\/2016\/08\/joyana-logo-black-360x180.png?fit=360%2C180&ssl=1",360,180,true],"large":["https:\/\/i0.wp.com\/joyana.fr\/wp-content\/uploads\/2016\/08\/joyana-logo-black-360x180.png?fit=360%2C180&ssl=1",360,180,true],"1536x1536":["https:\/\/i0.wp.com\/joyana.fr\/wp-content\/uploads\/2016\/08\/joyana-logo-black-360x180.png?fit=360%2C180&ssl=1",360,180,true],"2048x2048":["https:\/\/i0.wp.com\/joyana.fr\/wp-content\/uploads\/2016\/08\/joyana-logo-black-360x180.png?fit=360%2C180&ssl=1",360,180,true],"featured-thumb":["https:\/\/i0.wp.com\/joyana.fr\/wp-content\/uploads\/2016\/08\/joyana-logo-black-360x180.png?resize=360%2C180&ssl=1",360,180,true],"ab-block-post-grid-landscape":["https:\/\/i0.wp.com\/joyana.fr\/wp-content\/uploads\/2016\/08\/joyana-logo-black-360x180.png?resize=360%2C180&ssl=1",360,180,true],"ab-block-post-grid-square":["https:\/\/i0.wp.com\/joyana.fr\/wp-content\/uploads\/2016\/08\/joyana-logo-black-360x180.png?resize=360%2C180&ssl=1",360,180,true],"author-pro-image":["https:\/\/i0.wp.com\/joyana.fr\/wp-content\/uploads\/2016\/08\/joyana-logo-black-360x180.png?resize=360%2C180&ssl=1",360,180,true],"slider":["https:\/\/i0.wp.com\/joyana.fr\/wp-content\/uploads\/2016\/08\/joyana-logo-black-360x180.png?resize=360%2C180&ssl=1",360,180,true],"woocommerce_thumbnail":["https:\/\/i0.wp.com\/joyana.fr\/wp-content\/uploads\/2016\/08\/joyana-logo-black-360x180.png?resize=300%2C180&ssl=1",300,180,true],"woocommerce_single":["https:\/\/i0.wp.com\/joyana.fr\/wp-content\/uploads\/2016\/08\/joyana-logo-black-360x180.png?fit=360%2C180&ssl=1",360,180,true],"woocommerce_gallery_thumbnail":["https:\/\/i0.wp.com\/joyana.fr\/wp-content\/uploads\/2016\/08\/joyana-logo-black-360x180.png?resize=180%2C180&ssl=1",180,180,true],"sow-carousel-default":["https:\/\/i0.wp.com\/joyana.fr\/wp-content\/uploads\/2016\/08\/joyana-logo-black-360x180.png?resize=272%2C180&ssl=1",272,180,true]},"post_excerpt_stackable_v2":"<p>D\u00e9couvrir l&#8217;appartement du designer le plus connu au monde \u00e7a vous dit ??? Philippe Starck et sa femme Jasmine ont ouvert les portes de leur appartement au magazine AD et au photographe The Selby&#8230; Notre \u00e9quipe s&#8217;attendait \u00e0 un int\u00e9rieur tr\u00e8s \u00e9pur\u00e9 100% Design&#8230; Que nenni, l&#8217;appartement de Mr et Mme Starck est un vrai laboratoire de curiosit\u00e9, o\u00f9 tr\u00f4nent des centaines de souvenir de plus de 20 ans de voyages, de cr\u00e9ations, d&#8217;amiti\u00e9, d&#8217;amour&#8230; Et qui mieux que The Selby pour photographier ce lieu atypique ??? Nous avons choisi de ne pas trop vous en montrer, pour vous donner&hellip;<\/p>\n","category_list_v2":"<a href=\"https:\/\/joyana.fr\/en\/category\/deco-design\/\" rel=\"category tag\">DECO-DESIGN<\/a>, <a href=\"https:\/\/joyana.fr\/en\/category\/deco-design\/architecture-deco-design\/lieux-design\/\" rel=\"category tag\">Lieux<\/a>, <a href=\"https:\/\/joyana.fr\/en\/category\/deco-design\/designer\/philippe-starck\/\" rel=\"category tag\">Philippe STARCK<\/a>, <a href=\"https:\/\/joyana.fr\/en\/category\/deco-design\/architecture-deco-design\/lieux-design\/visites\/\" rel=\"category tag\">Visites<\/a>","author_info_v2":{"name":"Jo Yana","url":"https:\/\/joyana.fr\/en\/author\/joyana\/"},"comments_num_v2":"14 comments","yoast_head":"<!-- This site is optimized with the Yoast SEO plugin v26.8 - https:\/\/yoast.com\/product\/yoast-seo-wordpress\/ -->\n<title>STARCK Ouvre Ses Portes \u00e0 AD - JO YANA<\/title>\n<meta name=\"robots\" content=\"index, follow, max-snippet:-1, max-image-preview:large, max-video-preview:-1\" \/>\n<link rel=\"canonical\" href=\"https:\/\/joyana.fr\/en\/starck-ouvre-ses-portes-a-ad\/103154\/\" \/>\n<meta property=\"og:locale\" content=\"en_US\" \/>\n<meta property=\"og:locale:alternate\" content=\"fr_FR\" \/>\n<meta property=\"og:locale:alternate\" content=\"ja\" \/>\n<meta property=\"og:type\" content=\"article\" \/>\n<meta property=\"og:title\" content=\"STARCK Ouvre Ses Portes \u00e0 AD - JO YANA\" \/>\n<meta property=\"og:description\" content=\"D\u00e9couvrir l&#8217;appartement du designer le plus connu au monde \u00e7a vous dit ??? Philippe Starck et sa femme Jasmine ont ouvert les portes de leur appartement au magazine AD et au photographe The Selby&#8230; Notre \u00e9quipe s&#8217;attendait \u00e0 un int\u00e9rieur tr\u00e8s \u00e9pur\u00e9 100% Design&#8230; Que nenni, l&#8217;appartement de Mr et Mme Starck est un vrai [&hellip;]\" \/>\n<meta property=\"og:url\" content=\"https:\/\/joyana.fr\/en\/starck-ouvre-ses-portes-a-ad\/103154\/\" \/>\n<meta property=\"og:site_name\" content=\"JO YANA\" \/>\n<meta property=\"article:published_time\" content=\"2009-12-02T11:06:19+00:00\" \/>\n<meta property=\"og:image\" content=\"https:\/\/joyana.fr\/wp-content\/uploads\/2016\/08\/joyana-logo-black-360x180.png\" \/>\n\t<meta property=\"og:image:width\" content=\"360\" \/>\n\t<meta property=\"og:image:height\" content=\"180\" \/>\n\t<meta property=\"og:image:type\" content=\"image\/png\" \/>\n<meta name=\"author\" content=\"Jo Yana\" \/>\n<meta name=\"twitter:card\" content=\"summary_large_image\" \/>\n<meta name=\"twitter:creator\" content=\"@Jo_Yana\" \/>\n<meta name=\"twitter:site\" content=\"@Jo_Yana\" \/>\n<meta name=\"twitter:label1\" content=\"Written by\" \/>\n\t<meta name=\"twitter:data1\" content=\"Jo Yana\" \/>\n\t<meta name=\"twitter:label2\" content=\"Est. reading time\" \/>\n\t<meta name=\"twitter:data2\" content=\"1 minute\" \/>\n<script type=\"application\/ld+json\" class=\"yoast-schema-graph\">{\"@context\":\"https:\/\/schema.org\",\"@graph\":[{\"@type\":\"Article\",\"@id\":\"https:\/\/joyana.fr\/starck-ouvre-ses-portes-a-ad\/103154\/#article\",\"isPartOf\":{\"@id\":\"https:\/\/joyana.fr\/starck-ouvre-ses-portes-a-ad\/103154\/\"},\"author\":{\"name\":\"Jo Yana\",\"@id\":\"https:\/\/joyana.fr\/#\/schema\/person\/cf2a1ad12a27c12c21801075bf37407c\"},\"headline\":\"STARCK Ouvre Ses Portes \u00e0 AD\",\"datePublished\":\"2009-12-02T11:06:19+00:00\",\"mainEntityOfPage\":{\"@id\":\"https:\/\/joyana.fr\/starck-ouvre-ses-portes-a-ad\/103154\/\"},\"wordCount\":152,\"commentCount\":0,\"publisher\":{\"@id\":\"https:\/\/joyana.fr\/#\/schema\/person\/cf2a1ad12a27c12c21801075bf37407c\"},\"image\":{\"@id\":\"https:\/\/joyana.fr\/starck-ouvre-ses-portes-a-ad\/103154\/#primaryimage\"},\"thumbnailUrl\":\"https:\/\/i0.wp.com\/joyana.fr\/wp-content\/uploads\/2016\/08\/joyana-logo-black-360x180.png?fit=360%2C180&ssl=1\",\"keywords\":[\"Emission TV et Presse\",\"STARCK\"],\"articleSection\":[\"DECO-DESIGN\",\"Lieux\",\"Philippe STARCK\",\"Visites\"],\"inLanguage\":\"en-US\",\"potentialAction\":[{\"@type\":\"CommentAction\",\"name\":\"Comment\",\"target\":[\"https:\/\/joyana.fr\/starck-ouvre-ses-portes-a-ad\/103154\/#respond\"]}]},{\"@type\":\"WebPage\",\"@id\":\"https:\/\/joyana.fr\/starck-ouvre-ses-portes-a-ad\/103154\/\",\"url\":\"https:\/\/joyana.fr\/starck-ouvre-ses-portes-a-ad\/103154\/\",\"name\":\"STARCK Ouvre Ses Portes \u00e0 AD - JO YANA\",\"isPartOf\":{\"@id\":\"https:\/\/joyana.fr\/#website\"},\"primaryImageOfPage\":{\"@id\":\"https:\/\/joyana.fr\/starck-ouvre-ses-portes-a-ad\/103154\/#primaryimage\"},\"image\":{\"@id\":\"https:\/\/joyana.fr\/starck-ouvre-ses-portes-a-ad\/103154\/#primaryimage\"},\"thumbnailUrl\":\"https:\/\/i0.wp.com\/joyana.fr\/wp-content\/uploads\/2016\/08\/joyana-logo-black-360x180.png?fit=360%2C180&ssl=1\",\"datePublished\":\"2009-12-02T11:06:19+00:00\",\"breadcrumb\":{\"@id\":\"https:\/\/joyana.fr\/starck-ouvre-ses-portes-a-ad\/103154\/#breadcrumb\"},\"inLanguage\":\"en-US\",\"potentialAction\":[{\"@type\":\"ReadAction\",\"target\":[\"https:\/\/joyana.fr\/starck-ouvre-ses-portes-a-ad\/103154\/\"]}]},{\"@type\":\"ImageObject\",\"inLanguage\":\"en-US\",\"@id\":\"https:\/\/joyana.fr\/starck-ouvre-ses-portes-a-ad\/103154\/#primaryimage\",\"url\":\"https:\/\/i0.wp.com\/joyana.fr\/wp-content\/uploads\/2016\/08\/joyana-logo-black-360x180.png?fit=360%2C180&ssl=1\",\"contentUrl\":\"https:\/\/i0.wp.com\/joyana.fr\/wp-content\/uploads\/2016\/08\/joyana-logo-black-360x180.png?fit=360%2C180&ssl=1\",\"width\":360,\"height\":180,\"caption\":\"logo joyana.fr\"},{\"@type\":\"BreadcrumbList\",\"@id\":\"https:\/\/joyana.fr\/starck-ouvre-ses-portes-a-ad\/103154\/#breadcrumb\",\"itemListElement\":[{\"@type\":\"ListItem\",\"position\":1,\"name\":\"Accueil\",\"item\":\"https:\/\/joyana.fr\/\"},{\"@type\":\"ListItem\",\"position\":2,\"name\":\"STARCK Ouvre Ses Portes \u00e0 AD\"}]},{\"@type\":\"WebSite\",\"@id\":\"https:\/\/joyana.fr\/#website\",\"url\":\"https:\/\/joyana.fr\/\",\"name\":\"JO YANA\",\"description\":\"Blog Mode Homme, Lifestyle, D\u00e9co-Design\",\"publisher\":{\"@id\":\"https:\/\/joyana.fr\/#\/schema\/person\/cf2a1ad12a27c12c21801075bf37407c\"},\"potentialAction\":[{\"@type\":\"SearchAction\",\"target\":{\"@type\":\"EntryPoint\",\"urlTemplate\":\"https:\/\/joyana.fr\/?s={search_term_string}\"},\"query-input\":{\"@type\":\"PropertyValueSpecification\",\"valueRequired\":true,\"valueName\":\"search_term_string\"}}],\"inLanguage\":\"en-US\"},{\"@type\":[\"Person\",\"Organization\"],\"@id\":\"https:\/\/joyana.fr\/#\/schema\/person\/cf2a1ad12a27c12c21801075bf37407c\",\"name\":\"Jo Yana\",\"image\":{\"@type\":\"ImageObject\",\"inLanguage\":\"en-US\",\"@id\":\"https:\/\/joyana.fr\/#\/schema\/person\/image\/\",\"url\":\"https:\/\/i0.wp.com\/joyana.fr\/wp-content\/uploads\/2016\/08\/cropped-joyana-logo-black-360x180.png?fit=343%2C164&ssl=1\",\"contentUrl\":\"https:\/\/i0.wp.com\/joyana.fr\/wp-content\/uploads\/2016\/08\/cropped-joyana-logo-black-360x180.png?fit=343%2C164&ssl=1\",\"width\":343,\"height\":164,\"caption\":\"Jo Yana\"},\"logo\":{\"@id\":\"https:\/\/joyana.fr\/#\/schema\/person\/image\/\"},\"description\":\"Jo Yana est le cr\u00e9ateur et r\u00e9dacteur en chef des sites DECO-DESIGN. Passionn\u00e9 de Design, Mode, Photo, Luxe, Lifestyle, Musique, mais avant tout Blogueur ! Le plaisir de partager l'anime et a comme devise \\\"POUR L'AMOUR DU BEAU\\\". Retrouvez le aussi sur son blog personnel - https:\/\/joyana.fr...\",\"sameAs\":[\"https:\/\/joyana.fr\/\"],\"url\":\"https:\/\/joyana.fr\/en\/author\/joyana\/\"}]}<\/script>\n<!-- \/ Yoast SEO plugin. -->","yoast_head_json":{"title":"STARCK Ouvre Ses Portes \u00e0 AD - JO YANA","robots":{"index":"index","follow":"follow","max-snippet":"max-snippet:-1","max-image-preview":"max-image-preview:large","max-video-preview":"max-video-preview:-1"},"canonical":"https:\/\/joyana.fr\/en\/starck-ouvre-ses-portes-a-ad\/103154\/","og_locale":"en_US","og_type":"article","og_title":"STARCK Ouvre Ses Portes \u00e0 AD - JO YANA","og_description":"D\u00e9couvrir l&#8217;appartement du designer le plus connu au monde \u00e7a vous dit ??? Philippe Starck et sa femme Jasmine ont ouvert les portes de leur appartement au magazine AD et au photographe The Selby&#8230; Notre \u00e9quipe s&#8217;attendait \u00e0 un int\u00e9rieur tr\u00e8s \u00e9pur\u00e9 100% Design&#8230; Que nenni, l&#8217;appartement de Mr et Mme Starck est un vrai [&hellip;]","og_url":"https:\/\/joyana.fr\/en\/starck-ouvre-ses-portes-a-ad\/103154\/","og_site_name":"JO YANA","article_published_time":"2009-12-02T11:06:19+00:00","og_image":[{"width":360,"height":180,"url":"https:\/\/joyana.fr\/wp-content\/uploads\/2016\/08\/joyana-logo-black-360x180.png","type":"image\/png"}],"author":"Jo Yana","twitter_card":"summary_large_image","twitter_creator":"@Jo_Yana","twitter_site":"@Jo_Yana","twitter_misc":{"Written by":"Jo Yana","Est. reading time":"1 minute"},"schema":{"@context":"https:\/\/schema.org","@graph":[{"@type":"Article","@id":"https:\/\/joyana.fr\/starck-ouvre-ses-portes-a-ad\/103154\/#article","isPartOf":{"@id":"https:\/\/joyana.fr\/starck-ouvre-ses-portes-a-ad\/103154\/"},"author":{"name":"Jo Yana","@id":"https:\/\/joyana.fr\/#\/schema\/person\/cf2a1ad12a27c12c21801075bf37407c"},"headline":"STARCK Ouvre Ses Portes \u00e0 AD","datePublished":"2009-12-02T11:06:19+00:00","mainEntityOfPage":{"@id":"https:\/\/joyana.fr\/starck-ouvre-ses-portes-a-ad\/103154\/"},"wordCount":152,"commentCount":0,"publisher":{"@id":"https:\/\/joyana.fr\/#\/schema\/person\/cf2a1ad12a27c12c21801075bf37407c"},"image":{"@id":"https:\/\/joyana.fr\/starck-ouvre-ses-portes-a-ad\/103154\/#primaryimage"},"thumbnailUrl":"https:\/\/i0.wp.com\/joyana.fr\/wp-content\/uploads\/2016\/08\/joyana-logo-black-360x180.png?fit=360%2C180&ssl=1","keywords":["Emission TV et Presse","STARCK"],"articleSection":["DECO-DESIGN","Lieux","Philippe STARCK","Visites"],"inLanguage":"en-US","potentialAction":[{"@type":"CommentAction","name":"Comment","target":["https:\/\/joyana.fr\/starck-ouvre-ses-portes-a-ad\/103154\/#respond"]}]},{"@type":"WebPage","@id":"https:\/\/joyana.fr\/starck-ouvre-ses-portes-a-ad\/103154\/","url":"https:\/\/joyana.fr\/starck-ouvre-ses-portes-a-ad\/103154\/","name":"STARCK Ouvre Ses Portes \u00e0 AD - JO YANA","isPartOf":{"@id":"https:\/\/joyana.fr\/#website"},"primaryImageOfPage":{"@id":"https:\/\/joyana.fr\/starck-ouvre-ses-portes-a-ad\/103154\/#primaryimage"},"image":{"@id":"https:\/\/joyana.fr\/starck-ouvre-ses-portes-a-ad\/103154\/#primaryimage"},"thumbnailUrl":"https:\/\/i0.wp.com\/joyana.fr\/wp-content\/uploads\/2016\/08\/joyana-logo-black-360x180.png?fit=360%2C180&ssl=1","datePublished":"2009-12-02T11:06:19+00:00","breadcrumb":{"@id":"https:\/\/joyana.fr\/starck-ouvre-ses-portes-a-ad\/103154\/#breadcrumb"},"inLanguage":"en-US","potentialAction":[{"@type":"ReadAction","target":["https:\/\/joyana.fr\/starck-ouvre-ses-portes-a-ad\/103154\/"]}]},{"@type":"ImageObject","inLanguage":"en-US","@id":"https:\/\/joyana.fr\/starck-ouvre-ses-portes-a-ad\/103154\/#primaryimage","url":"https:\/\/i0.wp.com\/joyana.fr\/wp-content\/uploads\/2016\/08\/joyana-logo-black-360x180.png?fit=360%2C180&ssl=1","contentUrl":"https:\/\/i0.wp.com\/joyana.fr\/wp-content\/uploads\/2016\/08\/joyana-logo-black-360x180.png?fit=360%2C180&ssl=1","width":360,"height":180,"caption":"logo joyana.fr"},{"@type":"BreadcrumbList","@id":"https:\/\/joyana.fr\/starck-ouvre-ses-portes-a-ad\/103154\/#breadcrumb","itemListElement":[{"@type":"ListItem","position":1,"name":"Accueil","item":"https:\/\/joyana.fr\/"},{"@type":"ListItem","position":2,"name":"STARCK Ouvre Ses Portes \u00e0 AD"}]},{"@type":"WebSite","@id":"https:\/\/joyana.fr\/#website","url":"https:\/\/joyana.fr\/","name":"JO YANA","description":"Blog Mode Homme, Lifestyle, D\u00e9co-Design","publisher":{"@id":"https:\/\/joyana.fr\/#\/schema\/person\/cf2a1ad12a27c12c21801075bf37407c"},"potentialAction":[{"@type":"SearchAction","target":{"@type":"EntryPoint","urlTemplate":"https:\/\/joyana.fr\/?s={search_term_string}"},"query-input":{"@type":"PropertyValueSpecification","valueRequired":true,"valueName":"search_term_string"}}],"inLanguage":"en-US"},{"@type":["Person","Organization"],"@id":"https:\/\/joyana.fr\/#\/schema\/person\/cf2a1ad12a27c12c21801075bf37407c","name":"Jo Yana","image":{"@type":"ImageObject","inLanguage":"en-US","@id":"https:\/\/joyana.fr\/#\/schema\/person\/image\/","url":"https:\/\/i0.wp.com\/joyana.fr\/wp-content\/uploads\/2016\/08\/cropped-joyana-logo-black-360x180.png?fit=343%2C164&ssl=1","contentUrl":"https:\/\/i0.wp.com\/joyana.fr\/wp-content\/uploads\/2016\/08\/cropped-joyana-logo-black-360x180.png?fit=343%2C164&ssl=1","width":343,"height":164,"caption":"Jo Yana"},"logo":{"@id":"https:\/\/joyana.fr\/#\/schema\/person\/image\/"},"description":"Jo Yana est le cr\u00e9ateur et r\u00e9dacteur en chef des sites DECO-DESIGN. Passionn\u00e9 de Design, Mode, Photo, Luxe, Lifestyle, Musique, mais avant tout Blogueur ! Le plaisir de partager l'anime et a comme devise \"POUR L'AMOUR DU BEAU\". Retrouvez le aussi sur son blog personnel - https:\/\/joyana.fr...","sameAs":["https:\/\/joyana.fr\/"],"url":"https:\/\/joyana.fr\/en\/author\/joyana\/"}]}},"author_meta":{"display_name":"Jo Yana","author_link":"https:\/\/joyana.fr\/en\/author\/joyana\/"},"featured_img":"https:\/\/i0.wp.com\/joyana.fr\/wp-content\/uploads\/2016\/08\/joyana-logo-black-360x180.png?fit=360%2C180&ssl=1","featured_image_src":"https:\/\/i0.wp.com\/joyana.fr\/wp-content\/uploads\/2016\/08\/joyana-logo-black-360x180.png?resize=360%2C180&ssl=1","featured_image_src_square":"https:\/\/i0.wp.com\/joyana.fr\/wp-content\/uploads\/2016\/08\/joyana-logo-black-360x180.png?resize=360%2C180&ssl=1","jetpack_featured_media_url":"https:\/\/i0.wp.com\/joyana.fr\/wp-content\/uploads\/2016\/08\/joyana-logo-black-360x180.png?fit=360%2C180&ssl=1","uagb_featured_image_src":{"full":["https:\/\/i0.wp.com\/joyana.fr\/wp-content\/uploads\/2016\/08\/joyana-logo-black-360x180.png?fit=360%2C180&ssl=1",360,180,false],"thumbnail":["https:\/\/i0.wp.com\/joyana.fr\/wp-content\/uploads\/2016\/08\/joyana-logo-black-360x180.png?resize=150%2C150&ssl=1",150,150,true],"medium":["https:\/\/i0.wp.com\/joyana.fr\/wp-content\/uploads\/2016\/08\/joyana-logo-black-360x180.png?fit=360%2C180&ssl=1",360,180,true],"medium_large":["https:\/\/i0.wp.com\/joyana.fr\/wp-content\/uploads\/2016\/08\/joyana-logo-black-360x180.png?fit=360%2C180&ssl=1",360,180,true],"large":["https:\/\/i0.wp.com\/joyana.fr\/wp-content\/uploads\/2016\/08\/joyana-logo-black-360x180.png?fit=360%2C180&ssl=1",360,180,true],"1536x1536":["https:\/\/i0.wp.com\/joyana.fr\/wp-content\/uploads\/2016\/08\/joyana-logo-black-360x180.png?fit=360%2C180&ssl=1",360,180,true],"2048x2048":["https:\/\/i0.wp.com\/joyana.fr\/wp-content\/uploads\/2016\/08\/joyana-logo-black-360x180.png?fit=360%2C180&ssl=1",360,180,true],"featured-thumb":["https:\/\/i0.wp.com\/joyana.fr\/wp-content\/uploads\/2016\/08\/joyana-logo-black-360x180.png?resize=360%2C180&ssl=1",360,180,true],"ab-block-post-grid-landscape":["https:\/\/i0.wp.com\/joyana.fr\/wp-content\/uploads\/2016\/08\/joyana-logo-black-360x180.png?resize=360%2C180&ssl=1",360,180,true],"ab-block-post-grid-square":["https:\/\/i0.wp.com\/joyana.fr\/wp-content\/uploads\/2016\/08\/joyana-logo-black-360x180.png?resize=360%2C180&ssl=1",360,180,true],"author-pro-image":["https:\/\/i0.wp.com\/joyana.fr\/wp-content\/uploads\/2016\/08\/joyana-logo-black-360x180.png?resize=360%2C180&ssl=1",360,180,true],"slider":["https:\/\/i0.wp.com\/joyana.fr\/wp-content\/uploads\/2016\/08\/joyana-logo-black-360x180.png?resize=360%2C180&ssl=1",360,180,true],"woocommerce_thumbnail":["https:\/\/i0.wp.com\/joyana.fr\/wp-content\/uploads\/2016\/08\/joyana-logo-black-360x180.png?resize=300%2C180&ssl=1",300,180,true],"woocommerce_single":["https:\/\/i0.wp.com\/joyana.fr\/wp-content\/uploads\/2016\/08\/joyana-logo-black-360x180.png?fit=360%2C180&ssl=1",360,180,true],"woocommerce_gallery_thumbnail":["https:\/\/i0.wp.com\/joyana.fr\/wp-content\/uploads\/2016\/08\/joyana-logo-black-360x180.png?resize=180%2C180&ssl=1",180,180,true],"sow-carousel-default":["https:\/\/i0.wp.com\/joyana.fr\/wp-content\/uploads\/2016\/08\/joyana-logo-black-360x180.png?resize=272%2C180&ssl=1",272,180,true]},"uagb_author_info":{"display_name":"Jo Yana","author_link":"https:\/\/joyana.fr\/en\/author\/joyana\/"},"uagb_comment_info":14,"uagb_excerpt":"D\u00e9couvrir l&#8217;appartement du designer le plus connu au monde \u00e7a vous dit ??? Philippe Starck et sa femme Jasmine ont ouvert les portes de leur appartement au magazine AD et au photographe The Selby&#8230; Notre \u00e9quipe s&#8217;attendait \u00e0 un int\u00e9rieur tr\u00e8s \u00e9pur\u00e9 100% Design&#8230; Que nenni, l&#8217;appartement de Mr et Mme Starck est un vrai&hellip;","coauthors":[],"tax_additional":{"categories":{"linked":["<a href=\"https:\/\/joyana.fr\/en\/category\/deco-design\/\" class=\"advgb-post-tax-term\">DECO-DESIGN<\/a>","<a href=\"https:\/\/joyana.fr\/en\/category\/deco-design\/architecture-deco-design\/lieux-design\/\" class=\"advgb-post-tax-term\">Lieux<\/a>","<a href=\"https:\/\/joyana.fr\/en\/category\/deco-design\/designer\/philippe-starck\/\" class=\"advgb-post-tax-term\">Philippe STARCK<\/a>","<a href=\"https:\/\/joyana.fr\/en\/category\/deco-design\/architecture-deco-design\/lieux-design\/visites\/\" class=\"advgb-post-tax-term\">Visites<\/a>"],"unlinked":["<span class=\"advgb-post-tax-term\">DECO-DESIGN<\/span>","<span class=\"advgb-post-tax-term\">Lieux<\/span>","<span class=\"advgb-post-tax-term\">Philippe STARCK<\/span>","<span class=\"advgb-post-tax-term\">Visites<\/span>"]},"tags":{"linked":["<a href=\"https:\/\/joyana.fr\/en\/category\/deco-design\/architecture-deco-design\/lieux-design\/visites\/\" class=\"advgb-post-tax-term\">Emission TV et Presse<\/a>","<a href=\"https:\/\/joyana.fr\/en\/category\/deco-design\/architecture-deco-design\/lieux-design\/visites\/\" class=\"advgb-post-tax-term\">STARCK<\/a>"],"unlinked":["<span class=\"advgb-post-tax-term\">Emission TV et Presse<\/span>","<span class=\"advgb-post-tax-term\">STARCK<\/span>"]}},"comment_count":14,"relative_dates":{"created":"Posted 16 years ago","modified":"Updated 16 years ago"},"absolute_dates":{"created":"Posted on 2 December 2009","modified":"Updated on 2 December 2009"},"absolute_dates_time":{"created":"Posted on 2 December 2009 12:06","modified":"Updated on 2 December 2009 12:06"},"featured_img_caption":"","series_order":"","jetpack_sharing_enabled":true,"jetpack_shortlink":"https:\/\/wp.me\/p9bteI-qPM","jetpack-related-posts":[],"_links":{"self":[{"href":"https:\/\/joyana.fr\/en\/wp-json\/wp\/v2\/posts\/103154","targetHints":{"allow":["GET"]}}],"collection":[{"href":"https:\/\/joyana.fr\/en\/wp-json\/wp\/v2\/posts"}],"about":[{"href":"https:\/\/joyana.fr\/en\/wp-json\/wp\/v2\/types\/post"}],"author":[{"embeddable":true,"href":"https:\/\/joyana.fr\/en\/wp-json\/wp\/v2\/users\/3"}],"replies":[{"embeddable":true,"href":"https:\/\/joyana.fr\/en\/wp-json\/wp\/v2\/comments?post=103154"}],"version-history":[{"count":0,"href":"https:\/\/joyana.fr\/en\/wp-json\/wp\/v2\/posts\/103154\/revisions"}],"wp:featuredmedia":[{"embeddable":true,"href":"https:\/\/joyana.fr\/en\/wp-json\/wp\/v2\/media\/124300"}],"wp:attachment":[{"href":"https:\/\/joyana.fr\/en\/wp-json\/wp\/v2\/media?parent=103154"}],"wp:term":[{"taxonomy":"category","embeddable":true,"href":"https:\/\/joyana.fr\/en\/wp-json\/wp\/v2\/categories?post=103154"},{"taxonomy":"post_tag","embeddable":true,"href":"https:\/\/joyana.fr\/en\/wp-json\/wp\/v2\/tags?post=103154"}],"curies":[{"name":"wp","href":"https:\/\/api.w.org\/{rel}","templated":true}]}}