{"id":103168,"date":"2009-12-08T06:35:45","date_gmt":"2009-12-08T05:35:45","guid":{"rendered":"https:\/\/joyana.fr\/bibliotheque-design-ecco-par-ora-ito\/"},"modified":"2009-12-08T06:35:45","modified_gmt":"2009-12-08T05:35:45","slug":"bibliotheque-design-ecco-par-ora-ito","status":"publish","type":"post","link":"https:\/\/joyana.fr\/en\/bibliotheque-design-ecco-par-ora-ito\/103168\/","title":{"rendered":"Biblioth\u00e8que design \u00ab Ecco \u00bb par ORA-\u00cfTO"},"content":{"rendered":"<p><strong>Ora-\u00cfto<\/strong> signe le premier meuble \u00e9co con\u00e7u et \u00e9dit\u00e9 par <strong>Artelano<\/strong> !!! Une <strong>biblioth\u00e8que<\/strong> nomm\u00e9e<strong> \u00ab Ecco \u00bb<\/strong> , constitu\u00e9e de mat\u00e9riaux recycl\u00e9s provenant de for\u00eats certifi\u00e9es&#8230;<\/p>\n<p><img data-recalc-dims=\"1\" fetchpriority=\"high\" decoding=\"async\" src=\"https:\/\/i0.wp.com\/joyana.fr\/wp-content\/uploads\/bibliotheque-ecco-ora-ito-3.jpg?resize=500%2C453&#038;ssl=1\" border=\"0\" alt=\"Biblioth\u00e8que design Ecco par ORA-\u00cfTO\" hspace=\"8\" width=\"500\" height=\"453\" align=\"top\" \/><\/p>\n<p><img data-recalc-dims=\"1\" decoding=\"async\" src=\"https:\/\/i0.wp.com\/joyana.fr\/wp-content\/uploads\/bibliotheque-ecco-ora-ito.jpg?resize=500%2C315&#038;ssl=1\" border=\"0\" alt=\"Biblioth\u00e8que design Ecco par ORA-\u00cfTO\" hspace=\"8\" width=\"500\" height=\"315\" align=\"top\" \/><\/p>\n<p>\u00c0 la fois l\u00e9g\u00e8re et g\u00e9n\u00e9reuse, la <strong>biblioth\u00e8que \u00ab Ecco \u00bb<\/strong> -fabriqu\u00e9e en mat\u00e9riau alv\u00e9olaire issu de bois en provenance de for\u00eats certifi\u00e9es- est la solution respectueuse de l\u2019environnement pour accueillir livres et objets, qu\u2019elle soit plac\u00e9e contre un mur ou en s\u00e9paration d\u2019espace.<\/p>\n<p>Son <strong>design<\/strong> -sign\u00e9 par le designer fran\u00e7ais <strong>Ora-\u00cfto<\/strong>&#8211; alliant la courbe et le plat, fait habilement r\u00e9f\u00e9rence aux ann\u00e9es 70.<\/p>\n<p><img data-recalc-dims=\"1\" decoding=\"async\" src=\"https:\/\/i0.wp.com\/joyana.fr\/wp-content\/uploads\/bibliothequeecco-ora-ito.jpg?resize=500%2C337&#038;ssl=1\" border=\"0\" alt=\"Biblioth\u00e8que design Ecco par ORA-\u00cfTO ARTELANO\" hspace=\"8\" width=\"500\" height=\"337\" align=\"top\" \/><\/p>\n<p>Nous avons aim\u00e9 la facilit\u00e9 de son montage, qui se fait sans visserie, par simple encastrement des diff\u00e9rents \u00e9l\u00e9ments.<\/p>\n<p><img data-recalc-dims=\"1\" loading=\"lazy\" decoding=\"async\" src=\"https:\/\/i0.wp.com\/joyana.fr\/wp-content\/uploads\/bibliotheque-ecco-ora-ito-4.jpg?resize=500%2C342&#038;ssl=1\" border=\"0\" alt=\"Biblioth\u00e8que design Ecco par ORA-\u00cfTO\" hspace=\"8\" width=\"500\" height=\"342\" align=\"top\" \/><\/p>\n<p>La belle se d\u00e9cline laque satin\u00e9e blanche ou noire&#8230;<\/p>\n<p><img data-recalc-dims=\"1\" loading=\"lazy\" decoding=\"async\" src=\"https:\/\/i0.wp.com\/joyana.fr\/wp-content\/uploads\/bibliotheque-ecco-ora-ito-5.jpg?resize=500%2C425&#038;ssl=1\" border=\"0\" alt=\"Biblioth\u00e8que design Ecco par ORA-\u00cfTO\" hspace=\"8\" width=\"500\" height=\"425\" align=\"top\" \/><\/p>\n<p><strong><a title=\"ORA ITO\" href=\"http:\/\/www.ora-ito.com\/\">http:\/\/www.ora-ito.com\/ <\/a><\/strong><\/p>\n<p><strong><a title=\"ARTELANO\" href=\"http:\/\/www.artelano.com\/\">http:\/\/www.artelano.com\/ <\/a><\/strong><\/p>\n<p>Bient\u00f4t disponible chez notre partenaire\u00a0 <img loading=\"lazy\" decoding=\"async\" src=\"http:\/\/ad.zanox.com\/ppv\/?5502840C84730450\" border=\"0\" alt=\"\" hspace=\"1\" width=\"1\" height=\"1\" align=\"bottom\" \/><a href=\"http:\/\/ad.zanox.com\/ppc\/?5502840C84730450T\">Madeindesign<\/a><\/p>\n<p>&#8212;&#8212;&#8212;&#8212;&#8211;<\/p>\n<p><a title=\"JO YANA BLOG\" href=\"https:\/\/joyana.fr\/\">Jo Yana <\/a><\/p>\n","protected":false},"excerpt":{"rendered":"<p>Ora-\u00cfto signe le premier meuble \u00e9co con\u00e7u et \u00e9dit\u00e9 par Artelano !!! Une biblioth\u00e8que nomm\u00e9e \u00ab Ecco \u00bb , constitu\u00e9e de mat\u00e9riaux recycl\u00e9s provenant de for\u00eats certifi\u00e9es&#8230; \u00c0 la fois l\u00e9g\u00e8re et g\u00e9n\u00e9reuse, la biblioth\u00e8que \u00ab Ecco \u00bb -fabriqu\u00e9e en mat\u00e9riau alv\u00e9olaire issu de bois en provenance de for\u00eats certifi\u00e9es- est la solution respectueuse de [&hellip;]<\/p>\n","protected":false},"author":3,"featured_media":125434,"comment_status":"open","ping_status":"open","sticky":false,"template":"","format":"standard","meta":{"_coblocks_attr":"","_coblocks_dimensions":"","_coblocks_responsive_height":"","_coblocks_accordion_ie_support":"","_uag_custom_page_level_css":"","advgb_blocks_editor_width":"","advgb_blocks_columns_visual_guide":"","_genesis_hide_title":false,"_genesis_hide_breadcrumbs":false,"_genesis_hide_singular_image":false,"_genesis_hide_footer_widgets":false,"_genesis_custom_body_class":"","_genesis_custom_post_class":"","_genesis_layout":"","_themeisle_gutenberg_block_has_review":false,"_jetpack_newsletter_access":"","_jetpack_dont_email_post_to_subs":false,"_jetpack_newsletter_tier_id":0,"_jetpack_memberships_contains_paywalled_content":false,"_jetpack_memberships_contains_paid_content":false,"footnotes":""},"categories":[932,905,933],"tags":[908,78,910],"class_list":{"0":"post-103168","1":"post","2":"type-post","3":"status-publish","4":"format-standard","5":"has-post-thumbnail","7":"category-bibliotheque","8":"category-deco-design","9":"category-ora-ito","10":"tag-blanc","11":"tag-design","12":"tag-noir","13":"entry"},"featured_image_urls":{"full":["https:\/\/i0.wp.com\/joyana.fr\/wp-content\/uploads\/2017\/07\/unnamed-file-2.gif?fit=88%2C31&ssl=1",88,31,false],"thumbnail":["https:\/\/i0.wp.com\/joyana.fr\/wp-content\/uploads\/2017\/07\/unnamed-file-2.gif?resize=88%2C31&ssl=1",88,31,true],"medium":["https:\/\/i0.wp.com\/joyana.fr\/wp-content\/uploads\/2017\/07\/unnamed-file-2.gif?fit=88%2C31&ssl=1",88,31,true],"medium_large":["https:\/\/i0.wp.com\/joyana.fr\/wp-content\/uploads\/2017\/07\/unnamed-file-2.gif?fit=88%2C31&ssl=1",88,31,true],"large":["https:\/\/i0.wp.com\/joyana.fr\/wp-content\/uploads\/2017\/07\/unnamed-file-2.gif?fit=88%2C31&ssl=1",88,31,true],"1536x1536":["https:\/\/i0.wp.com\/joyana.fr\/wp-content\/uploads\/2017\/07\/unnamed-file-2.gif?fit=88%2C31&ssl=1",88,31,true],"2048x2048":["https:\/\/i0.wp.com\/joyana.fr\/wp-content\/uploads\/2017\/07\/unnamed-file-2.gif?fit=88%2C31&ssl=1",88,31,true],"featured-thumb":["https:\/\/i0.wp.com\/joyana.fr\/wp-content\/uploads\/2017\/07\/unnamed-file-2.gif?resize=88%2C31&ssl=1",88,31,true],"ab-block-post-grid-landscape":["https:\/\/i0.wp.com\/joyana.fr\/wp-content\/uploads\/2017\/07\/unnamed-file-2.gif?resize=88%2C31&ssl=1",88,31,true],"ab-block-post-grid-square":["https:\/\/i0.wp.com\/joyana.fr\/wp-content\/uploads\/2017\/07\/unnamed-file-2.gif?resize=88%2C31&ssl=1",88,31,true],"author-pro-image":["https:\/\/i0.wp.com\/joyana.fr\/wp-content\/uploads\/2017\/07\/unnamed-file-2.gif?resize=88%2C31&ssl=1",88,31,true],"slider":["https:\/\/i0.wp.com\/joyana.fr\/wp-content\/uploads\/2017\/07\/unnamed-file-2.gif?resize=88%2C31&ssl=1",88,31,true],"woocommerce_thumbnail":["https:\/\/i0.wp.com\/joyana.fr\/wp-content\/uploads\/2017\/07\/unnamed-file-2.gif?resize=88%2C31&ssl=1",88,31,true],"woocommerce_single":["https:\/\/i0.wp.com\/joyana.fr\/wp-content\/uploads\/2017\/07\/unnamed-file-2.gif?fit=88%2C31&ssl=1",88,31,true],"woocommerce_gallery_thumbnail":["https:\/\/i0.wp.com\/joyana.fr\/wp-content\/uploads\/2017\/07\/unnamed-file-2.gif?resize=88%2C31&ssl=1",88,31,true],"sow-carousel-default":["https:\/\/i0.wp.com\/joyana.fr\/wp-content\/uploads\/2017\/07\/unnamed-file-2.gif?resize=88%2C31&ssl=1",88,31,true]},"post_excerpt_stackable":"<p>Ora-\u00cfto signe le premier meuble \u00e9co con\u00e7u et \u00e9dit\u00e9 par Artelano !!! Une biblioth\u00e8que nomm\u00e9e \u00ab Ecco \u00bb , constitu\u00e9e de mat\u00e9riaux recycl\u00e9s provenant de for\u00eats certifi\u00e9es&#8230; \u00c0 la fois l\u00e9g\u00e8re et g\u00e9n\u00e9reuse, la biblioth\u00e8que \u00ab Ecco \u00bb -fabriqu\u00e9e en mat\u00e9riau alv\u00e9olaire issu de bois en provenance de for\u00eats certifi\u00e9es- est la solution respectueuse de l\u2019environnement pour accueillir livres et objets, qu\u2019elle soit plac\u00e9e contre un mur ou en s\u00e9paration d\u2019espace. Son design -sign\u00e9 par le designer fran\u00e7ais Ora-\u00cfto&#8211; alliant la courbe et le plat, fait habilement r\u00e9f\u00e9rence aux ann\u00e9es 70. Nous avons aim\u00e9 la facilit\u00e9 de son montage, qui&hellip;<\/p>\n","category_list":"<a href=\"https:\/\/joyana.fr\/en\/category\/deco-design\/mobilier\/bibliotheque\/\" rel=\"category tag\">Biblioth\u00e8que<\/a>, <a href=\"https:\/\/joyana.fr\/en\/category\/deco-design\/\" rel=\"category tag\">DECO-DESIGN<\/a>, <a href=\"https:\/\/joyana.fr\/en\/category\/deco-design\/designer\/ora-ito\/\" rel=\"category tag\">Ora \u00cfTO<\/a>","author_info":{"display_name":"Jo Yana","author_link":"https:\/\/joyana.fr\/en\/author\/joyana\/"},"comments_num":"44 comments","featured_image_urls_v2":{"full":["https:\/\/i0.wp.com\/joyana.fr\/wp-content\/uploads\/2017\/07\/unnamed-file-2.gif?fit=88%2C31&ssl=1",88,31,false],"thumbnail":["https:\/\/i0.wp.com\/joyana.fr\/wp-content\/uploads\/2017\/07\/unnamed-file-2.gif?resize=88%2C31&ssl=1",88,31,true],"medium":["https:\/\/i0.wp.com\/joyana.fr\/wp-content\/uploads\/2017\/07\/unnamed-file-2.gif?fit=88%2C31&ssl=1",88,31,true],"medium_large":["https:\/\/i0.wp.com\/joyana.fr\/wp-content\/uploads\/2017\/07\/unnamed-file-2.gif?fit=88%2C31&ssl=1",88,31,true],"large":["https:\/\/i0.wp.com\/joyana.fr\/wp-content\/uploads\/2017\/07\/unnamed-file-2.gif?fit=88%2C31&ssl=1",88,31,true],"1536x1536":["https:\/\/i0.wp.com\/joyana.fr\/wp-content\/uploads\/2017\/07\/unnamed-file-2.gif?fit=88%2C31&ssl=1",88,31,true],"2048x2048":["https:\/\/i0.wp.com\/joyana.fr\/wp-content\/uploads\/2017\/07\/unnamed-file-2.gif?fit=88%2C31&ssl=1",88,31,true],"featured-thumb":["https:\/\/i0.wp.com\/joyana.fr\/wp-content\/uploads\/2017\/07\/unnamed-file-2.gif?resize=88%2C31&ssl=1",88,31,true],"ab-block-post-grid-landscape":["https:\/\/i0.wp.com\/joyana.fr\/wp-content\/uploads\/2017\/07\/unnamed-file-2.gif?resize=88%2C31&ssl=1",88,31,true],"ab-block-post-grid-square":["https:\/\/i0.wp.com\/joyana.fr\/wp-content\/uploads\/2017\/07\/unnamed-file-2.gif?resize=88%2C31&ssl=1",88,31,true],"author-pro-image":["https:\/\/i0.wp.com\/joyana.fr\/wp-content\/uploads\/2017\/07\/unnamed-file-2.gif?resize=88%2C31&ssl=1",88,31,true],"slider":["https:\/\/i0.wp.com\/joyana.fr\/wp-content\/uploads\/2017\/07\/unnamed-file-2.gif?resize=88%2C31&ssl=1",88,31,true],"woocommerce_thumbnail":["https:\/\/i0.wp.com\/joyana.fr\/wp-content\/uploads\/2017\/07\/unnamed-file-2.gif?resize=88%2C31&ssl=1",88,31,true],"woocommerce_single":["https:\/\/i0.wp.com\/joyana.fr\/wp-content\/uploads\/2017\/07\/unnamed-file-2.gif?fit=88%2C31&ssl=1",88,31,true],"woocommerce_gallery_thumbnail":["https:\/\/i0.wp.com\/joyana.fr\/wp-content\/uploads\/2017\/07\/unnamed-file-2.gif?resize=88%2C31&ssl=1",88,31,true],"sow-carousel-default":["https:\/\/i0.wp.com\/joyana.fr\/wp-content\/uploads\/2017\/07\/unnamed-file-2.gif?resize=88%2C31&ssl=1",88,31,true]},"post_excerpt_stackable_v2":"<p>Ora-\u00cfto signe le premier meuble \u00e9co con\u00e7u et \u00e9dit\u00e9 par Artelano !!! Une biblioth\u00e8que nomm\u00e9e \u00ab Ecco \u00bb , constitu\u00e9e de mat\u00e9riaux recycl\u00e9s provenant de for\u00eats certifi\u00e9es&#8230; \u00c0 la fois l\u00e9g\u00e8re et g\u00e9n\u00e9reuse, la biblioth\u00e8que \u00ab Ecco \u00bb -fabriqu\u00e9e en mat\u00e9riau alv\u00e9olaire issu de bois en provenance de for\u00eats certifi\u00e9es- est la solution respectueuse de l\u2019environnement pour accueillir livres et objets, qu\u2019elle soit plac\u00e9e contre un mur ou en s\u00e9paration d\u2019espace. Son design -sign\u00e9 par le designer fran\u00e7ais Ora-\u00cfto&#8211; alliant la courbe et le plat, fait habilement r\u00e9f\u00e9rence aux ann\u00e9es 70. Nous avons aim\u00e9 la facilit\u00e9 de son montage, qui&hellip;<\/p>\n","category_list_v2":"<a href=\"https:\/\/joyana.fr\/en\/category\/deco-design\/mobilier\/bibliotheque\/\" rel=\"category tag\">Biblioth\u00e8que<\/a>, <a href=\"https:\/\/joyana.fr\/en\/category\/deco-design\/\" rel=\"category tag\">DECO-DESIGN<\/a>, <a href=\"https:\/\/joyana.fr\/en\/category\/deco-design\/designer\/ora-ito\/\" rel=\"category tag\">Ora \u00cfTO<\/a>","author_info_v2":{"name":"Jo Yana","url":"https:\/\/joyana.fr\/en\/author\/joyana\/"},"comments_num_v2":"44 comments","yoast_head":"<!-- This site is optimized with the Yoast SEO plugin v26.8 - https:\/\/yoast.com\/product\/yoast-seo-wordpress\/ -->\n<title>Biblioth\u00e8que design \u00ab Ecco \u00bb par ORA-\u00cfTO - JO YANA<\/title>\n<meta name=\"robots\" content=\"index, follow, max-snippet:-1, max-image-preview:large, max-video-preview:-1\" \/>\n<link rel=\"canonical\" href=\"https:\/\/joyana.fr\/en\/bibliotheque-design-ecco-par-ora-ito\/103168\/\" \/>\n<meta property=\"og:locale\" content=\"en_US\" \/>\n<meta property=\"og:locale:alternate\" content=\"fr_FR\" \/>\n<meta property=\"og:locale:alternate\" content=\"ja\" \/>\n<meta property=\"og:type\" content=\"article\" \/>\n<meta property=\"og:title\" content=\"Biblioth\u00e8que design \u00ab Ecco \u00bb par ORA-\u00cfTO - JO YANA\" \/>\n<meta property=\"og:description\" content=\"Ora-\u00cfto signe le premier meuble \u00e9co con\u00e7u et \u00e9dit\u00e9 par Artelano !!! Une biblioth\u00e8que nomm\u00e9e \u00ab Ecco \u00bb , constitu\u00e9e de mat\u00e9riaux recycl\u00e9s provenant de for\u00eats certifi\u00e9es&#8230; \u00c0 la fois l\u00e9g\u00e8re et g\u00e9n\u00e9reuse, la biblioth\u00e8que \u00ab Ecco \u00bb -fabriqu\u00e9e en mat\u00e9riau alv\u00e9olaire issu de bois en provenance de for\u00eats certifi\u00e9es- est la solution respectueuse de [&hellip;]\" \/>\n<meta property=\"og:url\" content=\"https:\/\/joyana.fr\/en\/bibliotheque-design-ecco-par-ora-ito\/103168\/\" \/>\n<meta property=\"og:site_name\" content=\"JO YANA\" \/>\n<meta property=\"article:published_time\" content=\"2009-12-08T05:35:45+00:00\" \/>\n<meta property=\"og:image\" content=\"https:\/\/joyana.fr\/wp-content\/uploads\/2017\/07\/unnamed-file-2.gif\" \/>\n\t<meta property=\"og:image:width\" content=\"88\" \/>\n\t<meta property=\"og:image:height\" content=\"31\" \/>\n\t<meta property=\"og:image:type\" content=\"image\/gif\" \/>\n<meta name=\"author\" content=\"Jo Yana\" \/>\n<meta name=\"twitter:card\" content=\"summary_large_image\" \/>\n<meta name=\"twitter:creator\" content=\"@Jo_Yana\" \/>\n<meta name=\"twitter:site\" content=\"@Jo_Yana\" \/>\n<meta name=\"twitter:label1\" content=\"Written by\" \/>\n\t<meta name=\"twitter:data1\" content=\"Jo Yana\" \/>\n\t<meta name=\"twitter:label2\" content=\"Est. reading time\" \/>\n\t<meta name=\"twitter:data2\" content=\"1 minute\" \/>\n<script type=\"application\/ld+json\" class=\"yoast-schema-graph\">{\"@context\":\"https:\/\/schema.org\",\"@graph\":[{\"@type\":\"Article\",\"@id\":\"https:\/\/joyana.fr\/bibliotheque-design-ecco-par-ora-ito\/103168\/#article\",\"isPartOf\":{\"@id\":\"https:\/\/joyana.fr\/bibliotheque-design-ecco-par-ora-ito\/103168\/\"},\"author\":{\"name\":\"Jo Yana\",\"@id\":\"https:\/\/joyana.fr\/#\/schema\/person\/cf2a1ad12a27c12c21801075bf37407c\"},\"headline\":\"Biblioth\u00e8que design \u00ab Ecco \u00bb par ORA-\u00cfTO\",\"datePublished\":\"2009-12-08T05:35:45+00:00\",\"mainEntityOfPage\":{\"@id\":\"https:\/\/joyana.fr\/bibliotheque-design-ecco-par-ora-ito\/103168\/\"},\"wordCount\":169,\"commentCount\":0,\"publisher\":{\"@id\":\"https:\/\/joyana.fr\/#\/schema\/person\/cf2a1ad12a27c12c21801075bf37407c\"},\"image\":{\"@id\":\"https:\/\/joyana.fr\/bibliotheque-design-ecco-par-ora-ito\/103168\/#primaryimage\"},\"thumbnailUrl\":\"https:\/\/i0.wp.com\/joyana.fr\/wp-content\/uploads\/2017\/07\/unnamed-file-2.gif?fit=88%2C31&ssl=1\",\"keywords\":[\"Blanc\",\"DESIGN\",\"Noir\"],\"articleSection\":[\"Biblioth\u00e8que\",\"DECO-DESIGN\",\"Ora \u00cfTO\"],\"inLanguage\":\"en-US\",\"potentialAction\":[{\"@type\":\"CommentAction\",\"name\":\"Comment\",\"target\":[\"https:\/\/joyana.fr\/bibliotheque-design-ecco-par-ora-ito\/103168\/#respond\"]}]},{\"@type\":\"WebPage\",\"@id\":\"https:\/\/joyana.fr\/bibliotheque-design-ecco-par-ora-ito\/103168\/\",\"url\":\"https:\/\/joyana.fr\/bibliotheque-design-ecco-par-ora-ito\/103168\/\",\"name\":\"Biblioth\u00e8que design \u00ab Ecco \u00bb par ORA-\u00cfTO - JO YANA\",\"isPartOf\":{\"@id\":\"https:\/\/joyana.fr\/#website\"},\"primaryImageOfPage\":{\"@id\":\"https:\/\/joyana.fr\/bibliotheque-design-ecco-par-ora-ito\/103168\/#primaryimage\"},\"image\":{\"@id\":\"https:\/\/joyana.fr\/bibliotheque-design-ecco-par-ora-ito\/103168\/#primaryimage\"},\"thumbnailUrl\":\"https:\/\/i0.wp.com\/joyana.fr\/wp-content\/uploads\/2017\/07\/unnamed-file-2.gif?fit=88%2C31&ssl=1\",\"datePublished\":\"2009-12-08T05:35:45+00:00\",\"breadcrumb\":{\"@id\":\"https:\/\/joyana.fr\/bibliotheque-design-ecco-par-ora-ito\/103168\/#breadcrumb\"},\"inLanguage\":\"en-US\",\"potentialAction\":[{\"@type\":\"ReadAction\",\"target\":[\"https:\/\/joyana.fr\/bibliotheque-design-ecco-par-ora-ito\/103168\/\"]}]},{\"@type\":\"ImageObject\",\"inLanguage\":\"en-US\",\"@id\":\"https:\/\/joyana.fr\/bibliotheque-design-ecco-par-ora-ito\/103168\/#primaryimage\",\"url\":\"https:\/\/i0.wp.com\/joyana.fr\/wp-content\/uploads\/2017\/07\/unnamed-file-2.gif?fit=88%2C31&ssl=1\",\"contentUrl\":\"https:\/\/i0.wp.com\/joyana.fr\/wp-content\/uploads\/2017\/07\/unnamed-file-2.gif?fit=88%2C31&ssl=1\",\"width\":88,\"height\":31},{\"@type\":\"BreadcrumbList\",\"@id\":\"https:\/\/joyana.fr\/bibliotheque-design-ecco-par-ora-ito\/103168\/#breadcrumb\",\"itemListElement\":[{\"@type\":\"ListItem\",\"position\":1,\"name\":\"Accueil\",\"item\":\"https:\/\/joyana.fr\/\"},{\"@type\":\"ListItem\",\"position\":2,\"name\":\"Biblioth\u00e8que design \u00ab Ecco \u00bb par ORA-\u00cfTO\"}]},{\"@type\":\"WebSite\",\"@id\":\"https:\/\/joyana.fr\/#website\",\"url\":\"https:\/\/joyana.fr\/\",\"name\":\"JO YANA\",\"description\":\"Blog Mode Homme, Lifestyle, D\u00e9co-Design\",\"publisher\":{\"@id\":\"https:\/\/joyana.fr\/#\/schema\/person\/cf2a1ad12a27c12c21801075bf37407c\"},\"potentialAction\":[{\"@type\":\"SearchAction\",\"target\":{\"@type\":\"EntryPoint\",\"urlTemplate\":\"https:\/\/joyana.fr\/?s={search_term_string}\"},\"query-input\":{\"@type\":\"PropertyValueSpecification\",\"valueRequired\":true,\"valueName\":\"search_term_string\"}}],\"inLanguage\":\"en-US\"},{\"@type\":[\"Person\",\"Organization\"],\"@id\":\"https:\/\/joyana.fr\/#\/schema\/person\/cf2a1ad12a27c12c21801075bf37407c\",\"name\":\"Jo Yana\",\"image\":{\"@type\":\"ImageObject\",\"inLanguage\":\"en-US\",\"@id\":\"https:\/\/joyana.fr\/#\/schema\/person\/image\/\",\"url\":\"https:\/\/i0.wp.com\/joyana.fr\/wp-content\/uploads\/2016\/08\/cropped-joyana-logo-black-360x180.png?fit=343%2C164&ssl=1\",\"contentUrl\":\"https:\/\/i0.wp.com\/joyana.fr\/wp-content\/uploads\/2016\/08\/cropped-joyana-logo-black-360x180.png?fit=343%2C164&ssl=1\",\"width\":343,\"height\":164,\"caption\":\"Jo Yana\"},\"logo\":{\"@id\":\"https:\/\/joyana.fr\/#\/schema\/person\/image\/\"},\"description\":\"Jo Yana est le cr\u00e9ateur et r\u00e9dacteur en chef des sites DECO-DESIGN. Passionn\u00e9 de Design, Mode, Photo, Luxe, Lifestyle, Musique, mais avant tout Blogueur ! Le plaisir de partager l'anime et a comme devise \\\"POUR L'AMOUR DU BEAU\\\". Retrouvez le aussi sur son blog personnel - https:\/\/joyana.fr...\",\"sameAs\":[\"https:\/\/joyana.fr\/\"],\"url\":\"https:\/\/joyana.fr\/en\/author\/joyana\/\"}]}<\/script>\n<!-- \/ Yoast SEO plugin. -->","yoast_head_json":{"title":"Biblioth\u00e8que design \u00ab Ecco \u00bb par ORA-\u00cfTO - JO YANA","robots":{"index":"index","follow":"follow","max-snippet":"max-snippet:-1","max-image-preview":"max-image-preview:large","max-video-preview":"max-video-preview:-1"},"canonical":"https:\/\/joyana.fr\/en\/bibliotheque-design-ecco-par-ora-ito\/103168\/","og_locale":"en_US","og_type":"article","og_title":"Biblioth\u00e8que design \u00ab Ecco \u00bb par ORA-\u00cfTO - JO YANA","og_description":"Ora-\u00cfto signe le premier meuble \u00e9co con\u00e7u et \u00e9dit\u00e9 par Artelano !!! Une biblioth\u00e8que nomm\u00e9e \u00ab Ecco \u00bb , constitu\u00e9e de mat\u00e9riaux recycl\u00e9s provenant de for\u00eats certifi\u00e9es&#8230; \u00c0 la fois l\u00e9g\u00e8re et g\u00e9n\u00e9reuse, la biblioth\u00e8que \u00ab Ecco \u00bb -fabriqu\u00e9e en mat\u00e9riau alv\u00e9olaire issu de bois en provenance de for\u00eats certifi\u00e9es- est la solution respectueuse de [&hellip;]","og_url":"https:\/\/joyana.fr\/en\/bibliotheque-design-ecco-par-ora-ito\/103168\/","og_site_name":"JO YANA","article_published_time":"2009-12-08T05:35:45+00:00","og_image":[{"width":88,"height":31,"url":"https:\/\/joyana.fr\/wp-content\/uploads\/2017\/07\/unnamed-file-2.gif","type":"image\/gif"}],"author":"Jo Yana","twitter_card":"summary_large_image","twitter_creator":"@Jo_Yana","twitter_site":"@Jo_Yana","twitter_misc":{"Written by":"Jo Yana","Est. reading time":"1 minute"},"schema":{"@context":"https:\/\/schema.org","@graph":[{"@type":"Article","@id":"https:\/\/joyana.fr\/bibliotheque-design-ecco-par-ora-ito\/103168\/#article","isPartOf":{"@id":"https:\/\/joyana.fr\/bibliotheque-design-ecco-par-ora-ito\/103168\/"},"author":{"name":"Jo Yana","@id":"https:\/\/joyana.fr\/#\/schema\/person\/cf2a1ad12a27c12c21801075bf37407c"},"headline":"Biblioth\u00e8que design \u00ab Ecco \u00bb par ORA-\u00cfTO","datePublished":"2009-12-08T05:35:45+00:00","mainEntityOfPage":{"@id":"https:\/\/joyana.fr\/bibliotheque-design-ecco-par-ora-ito\/103168\/"},"wordCount":169,"commentCount":0,"publisher":{"@id":"https:\/\/joyana.fr\/#\/schema\/person\/cf2a1ad12a27c12c21801075bf37407c"},"image":{"@id":"https:\/\/joyana.fr\/bibliotheque-design-ecco-par-ora-ito\/103168\/#primaryimage"},"thumbnailUrl":"https:\/\/i0.wp.com\/joyana.fr\/wp-content\/uploads\/2017\/07\/unnamed-file-2.gif?fit=88%2C31&ssl=1","keywords":["Blanc","DESIGN","Noir"],"articleSection":["Biblioth\u00e8que","DECO-DESIGN","Ora \u00cfTO"],"inLanguage":"en-US","potentialAction":[{"@type":"CommentAction","name":"Comment","target":["https:\/\/joyana.fr\/bibliotheque-design-ecco-par-ora-ito\/103168\/#respond"]}]},{"@type":"WebPage","@id":"https:\/\/joyana.fr\/bibliotheque-design-ecco-par-ora-ito\/103168\/","url":"https:\/\/joyana.fr\/bibliotheque-design-ecco-par-ora-ito\/103168\/","name":"Biblioth\u00e8que design \u00ab Ecco \u00bb par ORA-\u00cfTO - JO YANA","isPartOf":{"@id":"https:\/\/joyana.fr\/#website"},"primaryImageOfPage":{"@id":"https:\/\/joyana.fr\/bibliotheque-design-ecco-par-ora-ito\/103168\/#primaryimage"},"image":{"@id":"https:\/\/joyana.fr\/bibliotheque-design-ecco-par-ora-ito\/103168\/#primaryimage"},"thumbnailUrl":"https:\/\/i0.wp.com\/joyana.fr\/wp-content\/uploads\/2017\/07\/unnamed-file-2.gif?fit=88%2C31&ssl=1","datePublished":"2009-12-08T05:35:45+00:00","breadcrumb":{"@id":"https:\/\/joyana.fr\/bibliotheque-design-ecco-par-ora-ito\/103168\/#breadcrumb"},"inLanguage":"en-US","potentialAction":[{"@type":"ReadAction","target":["https:\/\/joyana.fr\/bibliotheque-design-ecco-par-ora-ito\/103168\/"]}]},{"@type":"ImageObject","inLanguage":"en-US","@id":"https:\/\/joyana.fr\/bibliotheque-design-ecco-par-ora-ito\/103168\/#primaryimage","url":"https:\/\/i0.wp.com\/joyana.fr\/wp-content\/uploads\/2017\/07\/unnamed-file-2.gif?fit=88%2C31&ssl=1","contentUrl":"https:\/\/i0.wp.com\/joyana.fr\/wp-content\/uploads\/2017\/07\/unnamed-file-2.gif?fit=88%2C31&ssl=1","width":88,"height":31},{"@type":"BreadcrumbList","@id":"https:\/\/joyana.fr\/bibliotheque-design-ecco-par-ora-ito\/103168\/#breadcrumb","itemListElement":[{"@type":"ListItem","position":1,"name":"Accueil","item":"https:\/\/joyana.fr\/"},{"@type":"ListItem","position":2,"name":"Biblioth\u00e8que design \u00ab Ecco \u00bb par ORA-\u00cfTO"}]},{"@type":"WebSite","@id":"https:\/\/joyana.fr\/#website","url":"https:\/\/joyana.fr\/","name":"JO YANA","description":"Blog Mode Homme, Lifestyle, D\u00e9co-Design","publisher":{"@id":"https:\/\/joyana.fr\/#\/schema\/person\/cf2a1ad12a27c12c21801075bf37407c"},"potentialAction":[{"@type":"SearchAction","target":{"@type":"EntryPoint","urlTemplate":"https:\/\/joyana.fr\/?s={search_term_string}"},"query-input":{"@type":"PropertyValueSpecification","valueRequired":true,"valueName":"search_term_string"}}],"inLanguage":"en-US"},{"@type":["Person","Organization"],"@id":"https:\/\/joyana.fr\/#\/schema\/person\/cf2a1ad12a27c12c21801075bf37407c","name":"Jo Yana","image":{"@type":"ImageObject","inLanguage":"en-US","@id":"https:\/\/joyana.fr\/#\/schema\/person\/image\/","url":"https:\/\/i0.wp.com\/joyana.fr\/wp-content\/uploads\/2016\/08\/cropped-joyana-logo-black-360x180.png?fit=343%2C164&ssl=1","contentUrl":"https:\/\/i0.wp.com\/joyana.fr\/wp-content\/uploads\/2016\/08\/cropped-joyana-logo-black-360x180.png?fit=343%2C164&ssl=1","width":343,"height":164,"caption":"Jo Yana"},"logo":{"@id":"https:\/\/joyana.fr\/#\/schema\/person\/image\/"},"description":"Jo Yana est le cr\u00e9ateur et r\u00e9dacteur en chef des sites DECO-DESIGN. Passionn\u00e9 de Design, Mode, Photo, Luxe, Lifestyle, Musique, mais avant tout Blogueur ! Le plaisir de partager l'anime et a comme devise \"POUR L'AMOUR DU BEAU\". Retrouvez le aussi sur son blog personnel - https:\/\/joyana.fr...","sameAs":["https:\/\/joyana.fr\/"],"url":"https:\/\/joyana.fr\/en\/author\/joyana\/"}]}},"author_meta":{"display_name":"Jo Yana","author_link":"https:\/\/joyana.fr\/en\/author\/joyana\/"},"featured_img":"https:\/\/i0.wp.com\/joyana.fr\/wp-content\/uploads\/2017\/07\/unnamed-file-2.gif?fit=88%2C31&ssl=1","featured_image_src":"https:\/\/i0.wp.com\/joyana.fr\/wp-content\/uploads\/2017\/07\/unnamed-file-2.gif?resize=88%2C31&ssl=1","featured_image_src_square":"https:\/\/i0.wp.com\/joyana.fr\/wp-content\/uploads\/2017\/07\/unnamed-file-2.gif?resize=88%2C31&ssl=1","jetpack_featured_media_url":"https:\/\/i0.wp.com\/joyana.fr\/wp-content\/uploads\/2017\/07\/unnamed-file-2.gif?fit=88%2C31&ssl=1","uagb_featured_image_src":{"full":["https:\/\/i0.wp.com\/joyana.fr\/wp-content\/uploads\/2017\/07\/unnamed-file-2.gif?fit=88%2C31&ssl=1",88,31,false],"thumbnail":["https:\/\/i0.wp.com\/joyana.fr\/wp-content\/uploads\/2017\/07\/unnamed-file-2.gif?resize=88%2C31&ssl=1",88,31,true],"medium":["https:\/\/i0.wp.com\/joyana.fr\/wp-content\/uploads\/2017\/07\/unnamed-file-2.gif?fit=88%2C31&ssl=1",88,31,true],"medium_large":["https:\/\/i0.wp.com\/joyana.fr\/wp-content\/uploads\/2017\/07\/unnamed-file-2.gif?fit=88%2C31&ssl=1",88,31,true],"large":["https:\/\/i0.wp.com\/joyana.fr\/wp-content\/uploads\/2017\/07\/unnamed-file-2.gif?fit=88%2C31&ssl=1",88,31,true],"1536x1536":["https:\/\/i0.wp.com\/joyana.fr\/wp-content\/uploads\/2017\/07\/unnamed-file-2.gif?fit=88%2C31&ssl=1",88,31,true],"2048x2048":["https:\/\/i0.wp.com\/joyana.fr\/wp-content\/uploads\/2017\/07\/unnamed-file-2.gif?fit=88%2C31&ssl=1",88,31,true],"featured-thumb":["https:\/\/i0.wp.com\/joyana.fr\/wp-content\/uploads\/2017\/07\/unnamed-file-2.gif?resize=88%2C31&ssl=1",88,31,true],"ab-block-post-grid-landscape":["https:\/\/i0.wp.com\/joyana.fr\/wp-content\/uploads\/2017\/07\/unnamed-file-2.gif?resize=88%2C31&ssl=1",88,31,true],"ab-block-post-grid-square":["https:\/\/i0.wp.com\/joyana.fr\/wp-content\/uploads\/2017\/07\/unnamed-file-2.gif?resize=88%2C31&ssl=1",88,31,true],"author-pro-image":["https:\/\/i0.wp.com\/joyana.fr\/wp-content\/uploads\/2017\/07\/unnamed-file-2.gif?resize=88%2C31&ssl=1",88,31,true],"slider":["https:\/\/i0.wp.com\/joyana.fr\/wp-content\/uploads\/2017\/07\/unnamed-file-2.gif?resize=88%2C31&ssl=1",88,31,true],"woocommerce_thumbnail":["https:\/\/i0.wp.com\/joyana.fr\/wp-content\/uploads\/2017\/07\/unnamed-file-2.gif?resize=88%2C31&ssl=1",88,31,true],"woocommerce_single":["https:\/\/i0.wp.com\/joyana.fr\/wp-content\/uploads\/2017\/07\/unnamed-file-2.gif?fit=88%2C31&ssl=1",88,31,true],"woocommerce_gallery_thumbnail":["https:\/\/i0.wp.com\/joyana.fr\/wp-content\/uploads\/2017\/07\/unnamed-file-2.gif?resize=88%2C31&ssl=1",88,31,true],"sow-carousel-default":["https:\/\/i0.wp.com\/joyana.fr\/wp-content\/uploads\/2017\/07\/unnamed-file-2.gif?resize=88%2C31&ssl=1",88,31,true]},"uagb_author_info":{"display_name":"Jo Yana","author_link":"https:\/\/joyana.fr\/en\/author\/joyana\/"},"uagb_comment_info":47,"uagb_excerpt":"Ora-\u00cfto signe le premier meuble \u00e9co con\u00e7u et \u00e9dit\u00e9 par Artelano !!! Une biblioth\u00e8que nomm\u00e9e \u00ab Ecco \u00bb , constitu\u00e9e de mat\u00e9riaux recycl\u00e9s provenant de for\u00eats certifi\u00e9es&#8230; \u00c0 la fois l\u00e9g\u00e8re et g\u00e9n\u00e9reuse, la biblioth\u00e8que \u00ab Ecco \u00bb -fabriqu\u00e9e en mat\u00e9riau alv\u00e9olaire issu de bois en provenance de for\u00eats certifi\u00e9es- est la solution respectueuse de&hellip;","coauthors":[],"tax_additional":{"categories":{"linked":["<a href=\"https:\/\/joyana.fr\/en\/category\/deco-design\/mobilier\/bibliotheque\/\" class=\"advgb-post-tax-term\">Biblioth\u00e8que<\/a>","<a href=\"https:\/\/joyana.fr\/en\/category\/deco-design\/\" class=\"advgb-post-tax-term\">DECO-DESIGN<\/a>","<a href=\"https:\/\/joyana.fr\/en\/category\/deco-design\/designer\/ora-ito\/\" class=\"advgb-post-tax-term\">Ora \u00cfTO<\/a>"],"unlinked":["<span class=\"advgb-post-tax-term\">Biblioth\u00e8que<\/span>","<span class=\"advgb-post-tax-term\">DECO-DESIGN<\/span>","<span class=\"advgb-post-tax-term\">Ora \u00cfTO<\/span>"]},"tags":{"linked":["<a href=\"https:\/\/joyana.fr\/en\/category\/deco-design\/designer\/ora-ito\/\" class=\"advgb-post-tax-term\">Blanc<\/a>","<a href=\"https:\/\/joyana.fr\/en\/category\/deco-design\/designer\/ora-ito\/\" class=\"advgb-post-tax-term\">DESIGN<\/a>","<a href=\"https:\/\/joyana.fr\/en\/category\/deco-design\/designer\/ora-ito\/\" class=\"advgb-post-tax-term\">Noir<\/a>"],"unlinked":["<span class=\"advgb-post-tax-term\">Blanc<\/span>","<span class=\"advgb-post-tax-term\">DESIGN<\/span>","<span class=\"advgb-post-tax-term\">Noir<\/span>"]}},"comment_count":44,"relative_dates":{"created":"Posted 16 years ago","modified":"Updated 16 years ago"},"absolute_dates":{"created":"Posted on 8 December 2009","modified":"Updated on 8 December 2009"},"absolute_dates_time":{"created":"Posted on 8 December 2009 6:35","modified":"Updated on 8 December 2009 6:35"},"featured_img_caption":"","series_order":"","jetpack_sharing_enabled":true,"jetpack_shortlink":"https:\/\/wp.me\/p9bteI-qQ0","jetpack-related-posts":[],"_links":{"self":[{"href":"https:\/\/joyana.fr\/en\/wp-json\/wp\/v2\/posts\/103168","targetHints":{"allow":["GET"]}}],"collection":[{"href":"https:\/\/joyana.fr\/en\/wp-json\/wp\/v2\/posts"}],"about":[{"href":"https:\/\/joyana.fr\/en\/wp-json\/wp\/v2\/types\/post"}],"author":[{"embeddable":true,"href":"https:\/\/joyana.fr\/en\/wp-json\/wp\/v2\/users\/3"}],"replies":[{"embeddable":true,"href":"https:\/\/joyana.fr\/en\/wp-json\/wp\/v2\/comments?post=103168"}],"version-history":[{"count":0,"href":"https:\/\/joyana.fr\/en\/wp-json\/wp\/v2\/posts\/103168\/revisions"}],"wp:featuredmedia":[{"embeddable":true,"href":"https:\/\/joyana.fr\/en\/wp-json\/wp\/v2\/media\/125434"}],"wp:attachment":[{"href":"https:\/\/joyana.fr\/en\/wp-json\/wp\/v2\/media?parent=103168"}],"wp:term":[{"taxonomy":"category","embeddable":true,"href":"https:\/\/joyana.fr\/en\/wp-json\/wp\/v2\/categories?post=103168"},{"taxonomy":"post_tag","embeddable":true,"href":"https:\/\/joyana.fr\/en\/wp-json\/wp\/v2\/tags?post=103168"}],"curies":[{"name":"wp","href":"https:\/\/api.w.org\/{rel}","templated":true}]}}