{"id":103224,"date":"2010-09-14T08:03:41","date_gmt":"2010-09-14T07:03:41","guid":{"rendered":"https:\/\/joyana.fr\/maison-et-objet-2010\/"},"modified":"2010-09-14T08:03:41","modified_gmt":"2010-09-14T07:03:41","slug":"maison-et-objet-2010","status":"publish","type":"post","link":"https:\/\/joyana.fr\/en\/maison-et-objet-2010\/103224\/","title":{"rendered":"MAISON &#038; OBJET Septembre 2010 (R\u00e9capitulatif)"},"content":{"rendered":"<p><a title=\"MAISON ET OBJET 2010\" href=\"https:\/\/joyana.fr\/category\/maison-et-objet\/\"><strong>Maison &#038; Objet<\/strong><\/a> -comme chaque ann\u00e9e- est not\u00e9 en gros sur l&#8217;agenda de notre \u00e9quipe !!! L&#8217;\u00e9dition <strong>de Septembre 2010<\/strong> se d\u00e9roule du 3 au 7 <strong>Septembre 2010<\/strong> \u00e0 Paris-Nord Villepinte&#8230;<\/p>\n<p><a href=\"https:\/\/joyana.fr\/index.php?s=maison+objet+septembre+2010&#038;sbutt=Go\"><img data-recalc-dims=\"1\" fetchpriority=\"high\" decoding=\"async\" class=\"alignnone size-full wp-image-4227\" style=\"margin-left: 8px; margin-right: 8px;\" title=\"MAISON ET OBJET SEPTEMBRE 2010\" src=\"https:\/\/i0.wp.com\/joyana.fr\/wp-content\/uploads\/MAISON-ET-OBJET-SEPTEMBRE-2010.jpg?resize=500%2C708&#038;ssl=1\" alt=\"\" width=\"500\" height=\"708\" \/><\/a><\/p>\n<h1>Les stands de Septembre 2010 (photos live) :<\/h1>\n<p>&#8211; <a href=\"https:\/\/joyana.fr\/maison-objet-septembre2010-susuki-chiaki-murata\/4231\/\">D\u00e9co-Design d\u00e9cerne un prix LES DECOUVERTES 2010<\/a><\/p>\n<p>&#8211; <a title=\"VIA MEUBLE PARIS 2010\" href=\"https:\/\/joyana.fr\/maison-objet-septembre-2010-exposition-via-meuble-paris\/4251\/\">Exposition VIA &#038; MEUBLE PARIS 2010<\/a><\/p>\n<p>&#8211; <a title=\"MOVING IDEAS JAIME HAYON\" href=\"https:\/\/joyana.fr\/maison-objet-septembre-2010-moving-ideas-par-jaime-hayon\/4267\/\">Exposition MOVING IDEAS par Jaime HAYON<\/a><\/p>\n<p>&#8211; <a title=\"A\u00cfTALI KOSSI AGUESSY\" href=\"https:\/\/joyana.fr\/maison-objet-septembre-2010-organilcology-kossi-aguessy-aitali\/4308\/\">Stand A\u00cfTALI<\/a><\/p>\n<p>&#8211; <a title=\"MAISON&#038;OBJET 2010 AQUAMASS\" href=\"https:\/\/joyana.fr\/maison-objet-septembre-2010-aquamass-baignoire-design\/4282\/\">Stand AQUAMASS<\/a><\/p>\n<p>&#8211; <a title=\"STAND BRANEX DESIGN TAMTAM AK-LH\" href=\"https:\/\/joyana.fr\/maison-objet-septembre-2010-tam-tam-by-ak-lh-branex\/4294\/\">Stand BRANEX DESIGN<\/a><\/p>\n<p>&#8211;<a title=\"STAND KATZ MAISON ET OBJET\" href=\"https:\/\/joyana.fr\/maison-objet-septembre-2010-stand-katz\/4220\/\"> Stand KATZ<\/a><\/p>\n<p>&#8211; <a title=\"MAISON&#038;OBJET KOSTKA\" href=\"https:\/\/joyana.fr\/maison-objet-septembre-2010-stand-kostka\/4273\/\">Stand KOSTKA<\/a><\/p>\n<p>&#8211; <a title=\"STAND TALENTI\" href=\"https:\/\/joyana.fr\/maison-objet-2010-septembre-stand-talentin\/4203\/\">Stand TALENTI<\/a><\/p>\n<p>&#8211; <a title=\"WIP MIIING\" href=\"https:\/\/joyana.fr\/maison-objet-septembre-2010-laurent-minguet-wip-miiing\/4327\/\">Stand WIP &#038; miiing<\/a><\/p>\n<p><img data-recalc-dims=\"1\" decoding=\"async\" src=\"https:\/\/i0.wp.com\/i2.photobucket.com\/albums\/y22\/joyana\/2010\/MAISONETOBJET2010.jpg?resize=500%2C695\" alt=\"\" hspace=\"8\" width=\"500\" height=\"695\" align=\"top\" \/><\/p>\n<h1>Les stands de Janvier 2010 (photos live) :<\/h1>\n<p>&#8211; <a title=\"VONDOM KARIM RASHID\" href=\"https:\/\/joyana.fr\/maison-objet-2010-stand-vondom-karim-rashid\/\">Stand VONDOM (Karim RASHID)<\/a><\/p>\n<p>&#8211; <a title=\"stand lexon karim rashid\" href=\"https:\/\/joyana.fr\/maison-objet-2010-stand-lexon-karim-rashid\/\">Stand LEXON (Karim RASHID) <\/a><\/p>\n<p>&#8211; <a title=\"STAND BOSA MAISON ET OBJET 2010\" href=\"https:\/\/joyana.fr\/maison-objet-2010-stand-bosa\/\">Stand BOSA<\/a><\/p>\n<p>&#8211; <a title=\"OVO CORIAN\" href=\"https:\/\/joyana.fr\/maison-objet-2010-stand-ovo-corian\/\">Stand OVO (<strong>Corian\u00ae<\/strong>)<\/a><\/p>\n<p>&#8211; <a title=\"STAND MARZAIS FORMITALIA\" href=\"https:\/\/joyana.fr\/maison-objet-2010-stand-marzais-formitalia\/\">Stand MARZAIS &#038; FORMITALIA<\/a><\/p>\n<p>&#8211; <a title=\"STAND GAIA&#038;GINO, LLADRO, ALESSI\" href=\"https:\/\/joyana.fr\/maison-objet-2010-stand-gaiagino-alessi-lladro\/\">Stand GAIA&#038;GINO, ALESSI &#038; LLADRO<\/a><\/p>\n<p>&#8211; <a href=\"https:\/\/joyana.fr\/maison-objet-2010-stand-casamania-targa-italia\/#respond\">Stand CASAMANIA &#038; TARGA ITALIA <\/a><\/p>\n<p>.<\/p>\n<p>Il ne fallait pas manquer cette ann\u00e9e :<\/p>\n<h1>now! design \u00e0 vivre, une d\u00e9cennie de design hall 7<\/h1>\n<p><em>Dix ans de dessins et de desseins, depuis l\u2019an 2000, le salon now! design \u00e0 vivre met en sc\u00e8ne sur <strong>MAISON&#038;OBJET <\/strong>l\u2019aventure des formes et des id\u00e9es.<br \/>\n10 cr\u00e9ateurs de demain, pour c\u00e9l\u00e9brer 10 ann\u00e9es de pr\u00e9sence design.<br \/>\nRendez-vous privil\u00e9gi\u00e9 des nouveaux talents, now! design \u00e0 vivre affirme sa vocation de d\u00e9couvreur en mettant \u00e0 l\u2019honneur pour son dixi\u00e8me anniversaire, dix jeunes cr\u00e9ateurs parrain\u00e9s par Philippe Starck, Cr\u00e9ateur de l\u2019ann\u00e9e <strong>MAISON&#038;OBJET 2010<\/strong>.<br \/>\nLes 5.5 designers, Sam Baron, Gilles Belley, Michel Charlot, Constance Guisset, Joachim Jirou Najou, Mathieu Lehanneur, Philippe Nigro, Normal Studio, Marie Aurore Stiker r\u00e9pondent \u00e0 la question pos\u00e9e par Philippe Starck : &#8220;Que nous manque t\u2019il ?&#8221;<\/em><\/p>\n<p><img data-recalc-dims=\"1\" decoding=\"async\" src=\"https:\/\/i0.wp.com\/i2.photobucket.com\/albums\/y22\/joyana\/2010\/MAISONETOBJET2010NOW.jpg?resize=500%2C712\" alt=\"\" hspace=\"8\" width=\"500\" height=\"712\" align=\"top\" \/><\/p>\n<p><img data-recalc-dims=\"1\" loading=\"lazy\" decoding=\"async\" src=\"https:\/\/i0.wp.com\/i2.photobucket.com\/albums\/y22\/joyana\/2010\/MAISONETOBJET2010STARCK.jpg?resize=500%2C559\" alt=\"\" hspace=\"8\" width=\"500\" height=\"559\" align=\"top\" \/><\/p>\n<p><span style=\"color: #000000;\">. <\/span><\/p>\n<h1>Paris des Chefs<\/h1>\n<p><em>La rencontre entre la cuisine d&#8217;auteur et les cr\u00e9ateurs&#8230; En collaboration avec Omnivore, Paris des Chefs r\u00e9unit douze chefs et autant de designers, cr\u00e9ateurs. Cuisine et design partagent alors les m\u00eames valeurs. Dimanche 24 et lundi 25 janvier, places limit\u00e9es.<\/em>..<\/p>\n<p><span style=\"color: #000000;\">. <\/span><\/p>\n<h1>Cohabitation<\/h1>\n<p><em>Il faudra bien apprendre \u00e0 vivre ensemble, \u00e0 concilier les g\u00e9n\u00e9rations, les familles \u00e0 g\u00e9om\u00e9trie variable, les cultures d&#8217;ailleurs, la ville et la nature dans un univers de plus en plus urbain. Un monde en surcharge \u00e0 la recherche d&#8217;alternatives d&#8217;\u00eatre ensemble. La maison devient l&#8217;espace d&#8217;une nouvelle urbanit\u00e9 qui r\u00e9concilie les diff\u00e9rences&#8230;<\/em><\/p>\n<p><img data-recalc-dims=\"1\" loading=\"lazy\" decoding=\"async\" src=\"https:\/\/i0.wp.com\/i2.photobucket.com\/albums\/y22\/joyana\/2010\/MAISONETOBJET2010COHABITATION.jpg?resize=500%2C687\" alt=\"\" hspace=\"8\" width=\"500\" height=\"687\" align=\"top\" \/><\/p>\n<p><span style=\"color: #000000;\">. <\/span><\/p>\n<h1>Les Rencontres<\/h1>\n<p><strong>MAISON &#038; OBJET<\/strong> c&#8217;est aussi l&#8217;occasion de rencontrer des passionn\u00e9s de design et de d\u00e9coration, c&#8217;est pour cela que nous avons cr\u00e9\u00e9 un groupe sur Facebook o\u00f9 vous pouvez confirmer votre pr\u00e9sence et organiser des rencontres sur le mur.<\/p>\n<p><a href=\"http:\/\/www.facebook.com\/group.php?gid=6181408323#\/event.php?eid=233482481023&#038;ref=mf\">Groupe Facebook <strong>MAISON &#038; OBJET 2010 <\/strong><\/a><\/p>\n<p><span style=\"color: #000000;\">. <\/span><\/p>\n<h1>Le guide du routard<\/h1>\n<p>Le <strong>Salon MAISON ET OBJET 2010<\/strong> est r\u00e9serv\u00e9 aux professionnels<\/p>\n<p>Du vendredi 22 au mardi 26 janvier 2010<\/p>\n<p>Parc des expositions, Paris-Nord Villepinte\u2028Acc\u00e8s : depuis Paris, prendre le RER ligne B, direction Roissy Charles-de-Gaulle, station &#8220;Parc des Expositions&#8221;<\/p>\n<p>Des navettes sont mises \u00e0 disposition depuis Paris (Porte Maillot) et depuis l&#8217;a\u00e9roport Charles de Gaulle<\/p>\n<p>L&#8217;acc\u00e8s au salon n&#8217;est pas ouvert au grand public et aux enfants (une garderie pour les 3 \u00e0 12 ans est mise \u00e0 disposition \u00e0 l&#8217;entr\u00e9e du salon).<\/p>\n<p><strong><a title=\"MAISON ET OBJET\" href=\"http:\/\/www.maison-objet.com\/\">www.maison-objet.com <\/a><\/strong><\/p>\n<p><span style=\"color: #000000;\">.<\/span><\/p>\n<p>Nos pr\u00e9c\u00e9dents reportages <strong>MAISON&#038;OBJET<\/strong> :<\/p>\n<p><a href=\"https:\/\/joyana.fr\/maison-objet-2009-nous-voila\/\"><img data-recalc-dims=\"1\" loading=\"lazy\" decoding=\"async\" src=\"https:\/\/i0.wp.com\/i2.photobucket.com\/albums\/y22\/joyana\/2010\/MAISON_OBJET_JANVIER_2009.jpg?resize=500%2C200\" alt=\"\" hspace=\"8\" width=\"500\" height=\"200\" align=\"top\" \/><\/a><\/p>\n<p><a href=\"https:\/\/joyana.fr\/maison-objet-septembre-2009\/\"><img data-recalc-dims=\"1\" loading=\"lazy\" decoding=\"async\" src=\"https:\/\/i0.wp.com\/i2.photobucket.com\/albums\/y22\/joyana\/2010\/MAISON_OBJET_SEPTEMBRE.jpg?resize=500%2C200\" alt=\"\" hspace=\"8\" width=\"500\" height=\"200\" align=\"top\" \/><\/a><\/p>\n<p>&#8212;&#8212;&#8212;&#8212;-<\/p>\n<p><a title=\"JO YANA\" href=\"https:\/\/joyana.fr\/\">Jo Yana <\/a><\/p>\n","protected":false},"excerpt":{"rendered":"<p>Maison &#038; Objet -comme chaque ann\u00e9e- est not\u00e9 en gros sur l&#8217;agenda de notre \u00e9quipe !!! L&#8217;\u00e9dition de Septembre 2010 se d\u00e9roule du 3 au 7 Septembre 2010 \u00e0 Paris-Nord Villepinte&#8230; Les stands de Septembre 2010 (photos live) : &#8211; D\u00e9co-Design d\u00e9cerne un prix LES DECOUVERTES 2010 &#8211; Exposition VIA &#038; MEUBLE PARIS 2010 &#8211; [&hellip;]<\/p>\n","protected":false},"author":3,"featured_media":104227,"comment_status":"open","ping_status":"open","sticky":false,"template":"","format":"standard","meta":{"_coblocks_attr":"","_coblocks_dimensions":"","_coblocks_responsive_height":"","_coblocks_accordion_ie_support":"","_uag_custom_page_level_css":"","advgb_blocks_editor_width":"","advgb_blocks_columns_visual_guide":"","_genesis_hide_title":false,"_genesis_hide_breadcrumbs":false,"_genesis_hide_singular_image":false,"_genesis_hide_footer_widgets":false,"_genesis_custom_body_class":"","_genesis_custom_post_class":"","_genesis_layout":"","_themeisle_gutenberg_block_has_review":false,"_jetpack_newsletter_access":"","_jetpack_dont_email_post_to_subs":false,"_jetpack_newsletter_tier_id":0,"_jetpack_memberships_contains_paywalled_content":false,"_jetpack_memberships_contains_paid_content":false,"footnotes":""},"categories":[905,961,1015],"tags":[44,12,963,9],"class_list":{"0":"post-103224","1":"post","2":"type-post","3":"status-publish","4":"format-standard","5":"has-post-thumbnail","7":"category-deco-design","8":"category-maison-et-objet","9":"category-salon","10":"tag-karim-rashid","11":"tag-paris","12":"tag-salons-design","13":"tag-starck","14":"entry"},"featured_image_urls":{"full":["https:\/\/i0.wp.com\/joyana.fr\/wp-content\/uploads\/old\/MAISON-ET-OBJET-SEPTEMBRE-2010.jpg?fit=500%2C708&ssl=1",500,708,false],"thumbnail":["https:\/\/i0.wp.com\/joyana.fr\/wp-content\/uploads\/old\/MAISON-ET-OBJET-SEPTEMBRE-2010.jpg?resize=150%2C150&ssl=1",150,150,true],"medium":["https:\/\/i0.wp.com\/joyana.fr\/wp-content\/uploads\/old\/MAISON-ET-OBJET-SEPTEMBRE-2010.jpg?fit=275%2C389&ssl=1",275,389,true],"medium_large":["https:\/\/i0.wp.com\/joyana.fr\/wp-content\/uploads\/old\/MAISON-ET-OBJET-SEPTEMBRE-2010.jpg?fit=500%2C708&ssl=1",500,708,true],"large":["https:\/\/i0.wp.com\/joyana.fr\/wp-content\/uploads\/old\/MAISON-ET-OBJET-SEPTEMBRE-2010.jpg?fit=500%2C708&ssl=1",500,708,true],"1536x1536":["https:\/\/i0.wp.com\/joyana.fr\/wp-content\/uploads\/old\/MAISON-ET-OBJET-SEPTEMBRE-2010.jpg?fit=500%2C708&ssl=1",500,708,true],"2048x2048":["https:\/\/i0.wp.com\/joyana.fr\/wp-content\/uploads\/old\/MAISON-ET-OBJET-SEPTEMBRE-2010.jpg?fit=500%2C708&ssl=1",500,708,true],"featured-thumb":["https:\/\/i0.wp.com\/joyana.fr\/wp-content\/uploads\/old\/MAISON-ET-OBJET-SEPTEMBRE-2010.jpg?resize=500%2C708&ssl=1",500,708,true],"ab-block-post-grid-landscape":["https:\/\/i0.wp.com\/joyana.fr\/wp-content\/uploads\/old\/MAISON-ET-OBJET-SEPTEMBRE-2010.jpg?resize=500%2C400&ssl=1",500,400,true],"ab-block-post-grid-square":["https:\/\/i0.wp.com\/joyana.fr\/wp-content\/uploads\/old\/MAISON-ET-OBJET-SEPTEMBRE-2010.jpg?resize=500%2C600&ssl=1",500,600,true],"author-pro-image":["https:\/\/i0.wp.com\/joyana.fr\/wp-content\/uploads\/old\/MAISON-ET-OBJET-SEPTEMBRE-2010.jpg?resize=360%2C570&ssl=1",360,570,true],"slider":["https:\/\/i0.wp.com\/joyana.fr\/wp-content\/uploads\/old\/MAISON-ET-OBJET-SEPTEMBRE-2010.jpg?resize=500%2C400&ssl=1",500,400,true],"woocommerce_thumbnail":["https:\/\/i0.wp.com\/joyana.fr\/wp-content\/uploads\/old\/MAISON-ET-OBJET-SEPTEMBRE-2010.jpg?resize=450%2C450&ssl=1",450,450,true],"woocommerce_single":["https:\/\/i0.wp.com\/joyana.fr\/wp-content\/uploads\/old\/MAISON-ET-OBJET-SEPTEMBRE-2010.jpg?fit=500%2C708&ssl=1",500,708,true],"woocommerce_gallery_thumbnail":["https:\/\/i0.wp.com\/joyana.fr\/wp-content\/uploads\/old\/MAISON-ET-OBJET-SEPTEMBRE-2010.jpg?resize=180%2C180&ssl=1",180,180,true],"sow-carousel-default":["https:\/\/i0.wp.com\/joyana.fr\/wp-content\/uploads\/old\/MAISON-ET-OBJET-SEPTEMBRE-2010.jpg?resize=272%2C182&ssl=1",272,182,true]},"post_excerpt_stackable":"<p>Maison &#038; Objet -comme chaque ann\u00e9e- est not\u00e9 en gros sur l&#8217;agenda de notre \u00e9quipe !!! L&#8217;\u00e9dition de Septembre 2010 se d\u00e9roule du 3 au 7 Septembre 2010 \u00e0 Paris-Nord Villepinte&#8230; Les stands de Septembre 2010 (photos live) : &#8211; D\u00e9co-Design d\u00e9cerne un prix LES DECOUVERTES 2010 &#8211; Exposition VIA &#038; MEUBLE PARIS 2010 &#8211; Exposition MOVING IDEAS par Jaime HAYON &#8211; Stand A\u00cfTALI &#8211; Stand AQUAMASS &#8211; Stand BRANEX DESIGN &#8211; Stand KATZ &#8211; Stand KOSTKA &#8211; Stand TALENTI &#8211; Stand WIP &#038; miiing Les stands de Janvier 2010 (photos live) : &#8211; Stand VONDOM (Karim RASHID) &#8211; Stand&hellip;<\/p>\n","category_list":"<a href=\"https:\/\/joyana.fr\/en\/category\/deco-design\/\" rel=\"category tag\">DECO-DESIGN<\/a>, <a href=\"https:\/\/joyana.fr\/en\/category\/deco-design\/actualite\/salon\/maison-et-objet\/\" rel=\"category tag\">MAISON &amp; OBJET<\/a>, <a href=\"https:\/\/joyana.fr\/en\/category\/deco-design\/actualite\/salon\/\" rel=\"category tag\">Salon &amp; Ev\u00e8nement<\/a>","author_info":{"display_name":"Jo Yana","author_link":"https:\/\/joyana.fr\/en\/author\/joyana\/"},"comments_num":"41 comments","featured_image_urls_v2":{"full":["https:\/\/i0.wp.com\/joyana.fr\/wp-content\/uploads\/old\/MAISON-ET-OBJET-SEPTEMBRE-2010.jpg?fit=500%2C708&ssl=1",500,708,false],"thumbnail":["https:\/\/i0.wp.com\/joyana.fr\/wp-content\/uploads\/old\/MAISON-ET-OBJET-SEPTEMBRE-2010.jpg?resize=150%2C150&ssl=1",150,150,true],"medium":["https:\/\/i0.wp.com\/joyana.fr\/wp-content\/uploads\/old\/MAISON-ET-OBJET-SEPTEMBRE-2010.jpg?fit=275%2C389&ssl=1",275,389,true],"medium_large":["https:\/\/i0.wp.com\/joyana.fr\/wp-content\/uploads\/old\/MAISON-ET-OBJET-SEPTEMBRE-2010.jpg?fit=500%2C708&ssl=1",500,708,true],"large":["https:\/\/i0.wp.com\/joyana.fr\/wp-content\/uploads\/old\/MAISON-ET-OBJET-SEPTEMBRE-2010.jpg?fit=500%2C708&ssl=1",500,708,true],"1536x1536":["https:\/\/i0.wp.com\/joyana.fr\/wp-content\/uploads\/old\/MAISON-ET-OBJET-SEPTEMBRE-2010.jpg?fit=500%2C708&ssl=1",500,708,true],"2048x2048":["https:\/\/i0.wp.com\/joyana.fr\/wp-content\/uploads\/old\/MAISON-ET-OBJET-SEPTEMBRE-2010.jpg?fit=500%2C708&ssl=1",500,708,true],"featured-thumb":["https:\/\/i0.wp.com\/joyana.fr\/wp-content\/uploads\/old\/MAISON-ET-OBJET-SEPTEMBRE-2010.jpg?resize=500%2C708&ssl=1",500,708,true],"ab-block-post-grid-landscape":["https:\/\/i0.wp.com\/joyana.fr\/wp-content\/uploads\/old\/MAISON-ET-OBJET-SEPTEMBRE-2010.jpg?resize=500%2C400&ssl=1",500,400,true],"ab-block-post-grid-square":["https:\/\/i0.wp.com\/joyana.fr\/wp-content\/uploads\/old\/MAISON-ET-OBJET-SEPTEMBRE-2010.jpg?resize=500%2C600&ssl=1",500,600,true],"author-pro-image":["https:\/\/i0.wp.com\/joyana.fr\/wp-content\/uploads\/old\/MAISON-ET-OBJET-SEPTEMBRE-2010.jpg?resize=360%2C570&ssl=1",360,570,true],"slider":["https:\/\/i0.wp.com\/joyana.fr\/wp-content\/uploads\/old\/MAISON-ET-OBJET-SEPTEMBRE-2010.jpg?resize=500%2C400&ssl=1",500,400,true],"woocommerce_thumbnail":["https:\/\/i0.wp.com\/joyana.fr\/wp-content\/uploads\/old\/MAISON-ET-OBJET-SEPTEMBRE-2010.jpg?resize=450%2C450&ssl=1",450,450,true],"woocommerce_single":["https:\/\/i0.wp.com\/joyana.fr\/wp-content\/uploads\/old\/MAISON-ET-OBJET-SEPTEMBRE-2010.jpg?fit=500%2C708&ssl=1",500,708,true],"woocommerce_gallery_thumbnail":["https:\/\/i0.wp.com\/joyana.fr\/wp-content\/uploads\/old\/MAISON-ET-OBJET-SEPTEMBRE-2010.jpg?resize=180%2C180&ssl=1",180,180,true],"sow-carousel-default":["https:\/\/i0.wp.com\/joyana.fr\/wp-content\/uploads\/old\/MAISON-ET-OBJET-SEPTEMBRE-2010.jpg?resize=272%2C182&ssl=1",272,182,true]},"post_excerpt_stackable_v2":"<p>Maison &#038; Objet -comme chaque ann\u00e9e- est not\u00e9 en gros sur l&#8217;agenda de notre \u00e9quipe !!! L&#8217;\u00e9dition de Septembre 2010 se d\u00e9roule du 3 au 7 Septembre 2010 \u00e0 Paris-Nord Villepinte&#8230; Les stands de Septembre 2010 (photos live) : &#8211; D\u00e9co-Design d\u00e9cerne un prix LES DECOUVERTES 2010 &#8211; Exposition VIA &#038; MEUBLE PARIS 2010 &#8211; Exposition MOVING IDEAS par Jaime HAYON &#8211; Stand A\u00cfTALI &#8211; Stand AQUAMASS &#8211; Stand BRANEX DESIGN &#8211; Stand KATZ &#8211; Stand KOSTKA &#8211; Stand TALENTI &#8211; Stand WIP &#038; miiing Les stands de Janvier 2010 (photos live) : &#8211; Stand VONDOM (Karim RASHID) &#8211; Stand&hellip;<\/p>\n","category_list_v2":"<a href=\"https:\/\/joyana.fr\/en\/category\/deco-design\/\" rel=\"category tag\">DECO-DESIGN<\/a>, <a href=\"https:\/\/joyana.fr\/en\/category\/deco-design\/actualite\/salon\/maison-et-objet\/\" rel=\"category tag\">MAISON &amp; OBJET<\/a>, <a href=\"https:\/\/joyana.fr\/en\/category\/deco-design\/actualite\/salon\/\" rel=\"category tag\">Salon &amp; Ev\u00e8nement<\/a>","author_info_v2":{"name":"Jo Yana","url":"https:\/\/joyana.fr\/en\/author\/joyana\/"},"comments_num_v2":"41 comments","yoast_head":"<!-- This site is optimized with the Yoast SEO plugin v26.8 - https:\/\/yoast.com\/product\/yoast-seo-wordpress\/ -->\n<title>MAISON &amp; OBJET Septembre 2010 (R\u00e9capitulatif) - JO YANA<\/title>\n<meta name=\"robots\" content=\"index, follow, max-snippet:-1, max-image-preview:large, max-video-preview:-1\" \/>\n<link rel=\"canonical\" href=\"https:\/\/joyana.fr\/en\/maison-et-objet-2010\/103224\/\" \/>\n<meta property=\"og:locale\" content=\"en_US\" \/>\n<meta property=\"og:locale:alternate\" content=\"fr_FR\" \/>\n<meta property=\"og:locale:alternate\" content=\"ja\" \/>\n<meta property=\"og:type\" content=\"article\" \/>\n<meta property=\"og:title\" content=\"MAISON &amp; OBJET Septembre 2010 (R\u00e9capitulatif) - JO YANA\" \/>\n<meta property=\"og:description\" content=\"Maison &amp; Objet -comme chaque ann\u00e9e- est not\u00e9 en gros sur l&#8217;agenda de notre \u00e9quipe !!! L&#8217;\u00e9dition de Septembre 2010 se d\u00e9roule du 3 au 7 Septembre 2010 \u00e0 Paris-Nord Villepinte&#8230; Les stands de Septembre 2010 (photos live) : &#8211; D\u00e9co-Design d\u00e9cerne un prix LES DECOUVERTES 2010 &#8211; Exposition VIA &amp; MEUBLE PARIS 2010 &#8211; [&hellip;]\" \/>\n<meta property=\"og:url\" content=\"https:\/\/joyana.fr\/en\/maison-et-objet-2010\/103224\/\" \/>\n<meta property=\"og:site_name\" content=\"JO YANA\" \/>\n<meta property=\"article:published_time\" content=\"2010-09-14T07:03:41+00:00\" \/>\n<meta property=\"og:image\" content=\"https:\/\/joyana.fr\/wp-content\/uploads\/old\/MAISON-ET-OBJET-SEPTEMBRE-2010.jpg\" \/>\n\t<meta property=\"og:image:width\" content=\"500\" \/>\n\t<meta property=\"og:image:height\" content=\"708\" \/>\n\t<meta property=\"og:image:type\" content=\"image\/jpeg\" \/>\n<meta name=\"author\" content=\"Jo Yana\" \/>\n<meta name=\"twitter:card\" content=\"summary_large_image\" \/>\n<meta name=\"twitter:creator\" content=\"@Jo_Yana\" \/>\n<meta name=\"twitter:site\" content=\"@Jo_Yana\" \/>\n<meta name=\"twitter:label1\" content=\"Written by\" \/>\n\t<meta name=\"twitter:data1\" content=\"Jo Yana\" \/>\n\t<meta name=\"twitter:label2\" content=\"Est. reading time\" \/>\n\t<meta name=\"twitter:data2\" content=\"2 minutes\" \/>\n<script type=\"application\/ld+json\" class=\"yoast-schema-graph\">{\"@context\":\"https:\/\/schema.org\",\"@graph\":[{\"@type\":\"Article\",\"@id\":\"https:\/\/joyana.fr\/en\/maison-et-objet-2010\/103224\/#article\",\"isPartOf\":{\"@id\":\"https:\/\/joyana.fr\/en\/maison-et-objet-2010\/103224\/\"},\"author\":{\"name\":\"Jo Yana\",\"@id\":\"https:\/\/joyana.fr\/#\/schema\/person\/cf2a1ad12a27c12c21801075bf37407c\"},\"headline\":\"MAISON &#038; OBJET Septembre 2010 (R\u00e9capitulatif)\",\"datePublished\":\"2010-09-14T07:03:41+00:00\",\"mainEntityOfPage\":{\"@id\":\"https:\/\/joyana.fr\/en\/maison-et-objet-2010\/103224\/\"},\"wordCount\":516,\"commentCount\":41,\"publisher\":{\"@id\":\"https:\/\/joyana.fr\/#\/schema\/person\/cf2a1ad12a27c12c21801075bf37407c\"},\"image\":{\"@id\":\"https:\/\/joyana.fr\/en\/maison-et-objet-2010\/103224\/#primaryimage\"},\"thumbnailUrl\":\"https:\/\/i0.wp.com\/joyana.fr\/wp-content\/uploads\/old\/MAISON-ET-OBJET-SEPTEMBRE-2010.jpg?fit=500%2C708&ssl=1\",\"keywords\":[\"Karim RASHID\",\"Paris\",\"Salons design\",\"STARCK\"],\"articleSection\":[\"DECO-DESIGN\",\"MAISON &amp; OBJET\",\"Salon &amp; Ev\u00e8nement\"],\"inLanguage\":\"en-US\",\"potentialAction\":[{\"@type\":\"CommentAction\",\"name\":\"Comment\",\"target\":[\"https:\/\/joyana.fr\/en\/maison-et-objet-2010\/103224\/#respond\"]}]},{\"@type\":\"WebPage\",\"@id\":\"https:\/\/joyana.fr\/en\/maison-et-objet-2010\/103224\/\",\"url\":\"https:\/\/joyana.fr\/en\/maison-et-objet-2010\/103224\/\",\"name\":\"MAISON & OBJET Septembre 2010 (R\u00e9capitulatif) - JO YANA\",\"isPartOf\":{\"@id\":\"https:\/\/joyana.fr\/#website\"},\"primaryImageOfPage\":{\"@id\":\"https:\/\/joyana.fr\/en\/maison-et-objet-2010\/103224\/#primaryimage\"},\"image\":{\"@id\":\"https:\/\/joyana.fr\/en\/maison-et-objet-2010\/103224\/#primaryimage\"},\"thumbnailUrl\":\"https:\/\/i0.wp.com\/joyana.fr\/wp-content\/uploads\/old\/MAISON-ET-OBJET-SEPTEMBRE-2010.jpg?fit=500%2C708&ssl=1\",\"datePublished\":\"2010-09-14T07:03:41+00:00\",\"breadcrumb\":{\"@id\":\"https:\/\/joyana.fr\/en\/maison-et-objet-2010\/103224\/#breadcrumb\"},\"inLanguage\":\"en-US\",\"potentialAction\":[{\"@type\":\"ReadAction\",\"target\":[\"https:\/\/joyana.fr\/en\/maison-et-objet-2010\/103224\/\"]}]},{\"@type\":\"ImageObject\",\"inLanguage\":\"en-US\",\"@id\":\"https:\/\/joyana.fr\/en\/maison-et-objet-2010\/103224\/#primaryimage\",\"url\":\"https:\/\/i0.wp.com\/joyana.fr\/wp-content\/uploads\/old\/MAISON-ET-OBJET-SEPTEMBRE-2010.jpg?fit=500%2C708&ssl=1\",\"contentUrl\":\"https:\/\/i0.wp.com\/joyana.fr\/wp-content\/uploads\/old\/MAISON-ET-OBJET-SEPTEMBRE-2010.jpg?fit=500%2C708&ssl=1\",\"width\":500,\"height\":708},{\"@type\":\"BreadcrumbList\",\"@id\":\"https:\/\/joyana.fr\/en\/maison-et-objet-2010\/103224\/#breadcrumb\",\"itemListElement\":[{\"@type\":\"ListItem\",\"position\":1,\"name\":\"Accueil\",\"item\":\"https:\/\/joyana.fr\/\"},{\"@type\":\"ListItem\",\"position\":2,\"name\":\"MAISON &#038; OBJET Septembre 2010 (R\u00e9capitulatif)\"}]},{\"@type\":\"WebSite\",\"@id\":\"https:\/\/joyana.fr\/#website\",\"url\":\"https:\/\/joyana.fr\/\",\"name\":\"JO YANA\",\"description\":\"Blog Mode Homme, Lifestyle, D\u00e9co-Design\",\"publisher\":{\"@id\":\"https:\/\/joyana.fr\/#\/schema\/person\/cf2a1ad12a27c12c21801075bf37407c\"},\"potentialAction\":[{\"@type\":\"SearchAction\",\"target\":{\"@type\":\"EntryPoint\",\"urlTemplate\":\"https:\/\/joyana.fr\/?s={search_term_string}\"},\"query-input\":{\"@type\":\"PropertyValueSpecification\",\"valueRequired\":true,\"valueName\":\"search_term_string\"}}],\"inLanguage\":\"en-US\"},{\"@type\":[\"Person\",\"Organization\"],\"@id\":\"https:\/\/joyana.fr\/#\/schema\/person\/cf2a1ad12a27c12c21801075bf37407c\",\"name\":\"Jo Yana\",\"image\":{\"@type\":\"ImageObject\",\"inLanguage\":\"en-US\",\"@id\":\"https:\/\/joyana.fr\/#\/schema\/person\/image\/\",\"url\":\"https:\/\/i0.wp.com\/joyana.fr\/wp-content\/uploads\/2016\/08\/cropped-joyana-logo-black-360x180.png?fit=343%2C164&ssl=1\",\"contentUrl\":\"https:\/\/i0.wp.com\/joyana.fr\/wp-content\/uploads\/2016\/08\/cropped-joyana-logo-black-360x180.png?fit=343%2C164&ssl=1\",\"width\":343,\"height\":164,\"caption\":\"Jo Yana\"},\"logo\":{\"@id\":\"https:\/\/joyana.fr\/#\/schema\/person\/image\/\"},\"description\":\"Jo Yana est le cr\u00e9ateur et r\u00e9dacteur en chef des sites DECO-DESIGN. Passionn\u00e9 de Design, Mode, Photo, Luxe, Lifestyle, Musique, mais avant tout Blogueur ! Le plaisir de partager l'anime et a comme devise \\\"POUR L'AMOUR DU BEAU\\\". Retrouvez le aussi sur son blog personnel - https:\/\/joyana.fr...\",\"sameAs\":[\"https:\/\/joyana.fr\/\"],\"url\":\"https:\/\/joyana.fr\/en\/author\/joyana\/\"}]}<\/script>\n<!-- \/ Yoast SEO plugin. -->","yoast_head_json":{"title":"MAISON & OBJET Septembre 2010 (R\u00e9capitulatif) - JO YANA","robots":{"index":"index","follow":"follow","max-snippet":"max-snippet:-1","max-image-preview":"max-image-preview:large","max-video-preview":"max-video-preview:-1"},"canonical":"https:\/\/joyana.fr\/en\/maison-et-objet-2010\/103224\/","og_locale":"en_US","og_type":"article","og_title":"MAISON & OBJET Septembre 2010 (R\u00e9capitulatif) - JO YANA","og_description":"Maison &#038; Objet -comme chaque ann\u00e9e- est not\u00e9 en gros sur l&#8217;agenda de notre \u00e9quipe !!! L&#8217;\u00e9dition de Septembre 2010 se d\u00e9roule du 3 au 7 Septembre 2010 \u00e0 Paris-Nord Villepinte&#8230; Les stands de Septembre 2010 (photos live) : &#8211; D\u00e9co-Design d\u00e9cerne un prix LES DECOUVERTES 2010 &#8211; Exposition VIA &#038; MEUBLE PARIS 2010 &#8211; [&hellip;]","og_url":"https:\/\/joyana.fr\/en\/maison-et-objet-2010\/103224\/","og_site_name":"JO YANA","article_published_time":"2010-09-14T07:03:41+00:00","og_image":[{"width":500,"height":708,"url":"https:\/\/joyana.fr\/wp-content\/uploads\/old\/MAISON-ET-OBJET-SEPTEMBRE-2010.jpg","type":"image\/jpeg"}],"author":"Jo Yana","twitter_card":"summary_large_image","twitter_creator":"@Jo_Yana","twitter_site":"@Jo_Yana","twitter_misc":{"Written by":"Jo Yana","Est. reading time":"2 minutes"},"schema":{"@context":"https:\/\/schema.org","@graph":[{"@type":"Article","@id":"https:\/\/joyana.fr\/en\/maison-et-objet-2010\/103224\/#article","isPartOf":{"@id":"https:\/\/joyana.fr\/en\/maison-et-objet-2010\/103224\/"},"author":{"name":"Jo Yana","@id":"https:\/\/joyana.fr\/#\/schema\/person\/cf2a1ad12a27c12c21801075bf37407c"},"headline":"MAISON &#038; OBJET Septembre 2010 (R\u00e9capitulatif)","datePublished":"2010-09-14T07:03:41+00:00","mainEntityOfPage":{"@id":"https:\/\/joyana.fr\/en\/maison-et-objet-2010\/103224\/"},"wordCount":516,"commentCount":41,"publisher":{"@id":"https:\/\/joyana.fr\/#\/schema\/person\/cf2a1ad12a27c12c21801075bf37407c"},"image":{"@id":"https:\/\/joyana.fr\/en\/maison-et-objet-2010\/103224\/#primaryimage"},"thumbnailUrl":"https:\/\/i0.wp.com\/joyana.fr\/wp-content\/uploads\/old\/MAISON-ET-OBJET-SEPTEMBRE-2010.jpg?fit=500%2C708&ssl=1","keywords":["Karim RASHID","Paris","Salons design","STARCK"],"articleSection":["DECO-DESIGN","MAISON &amp; OBJET","Salon &amp; Ev\u00e8nement"],"inLanguage":"en-US","potentialAction":[{"@type":"CommentAction","name":"Comment","target":["https:\/\/joyana.fr\/en\/maison-et-objet-2010\/103224\/#respond"]}]},{"@type":"WebPage","@id":"https:\/\/joyana.fr\/en\/maison-et-objet-2010\/103224\/","url":"https:\/\/joyana.fr\/en\/maison-et-objet-2010\/103224\/","name":"MAISON & OBJET Septembre 2010 (R\u00e9capitulatif) - JO YANA","isPartOf":{"@id":"https:\/\/joyana.fr\/#website"},"primaryImageOfPage":{"@id":"https:\/\/joyana.fr\/en\/maison-et-objet-2010\/103224\/#primaryimage"},"image":{"@id":"https:\/\/joyana.fr\/en\/maison-et-objet-2010\/103224\/#primaryimage"},"thumbnailUrl":"https:\/\/i0.wp.com\/joyana.fr\/wp-content\/uploads\/old\/MAISON-ET-OBJET-SEPTEMBRE-2010.jpg?fit=500%2C708&ssl=1","datePublished":"2010-09-14T07:03:41+00:00","breadcrumb":{"@id":"https:\/\/joyana.fr\/en\/maison-et-objet-2010\/103224\/#breadcrumb"},"inLanguage":"en-US","potentialAction":[{"@type":"ReadAction","target":["https:\/\/joyana.fr\/en\/maison-et-objet-2010\/103224\/"]}]},{"@type":"ImageObject","inLanguage":"en-US","@id":"https:\/\/joyana.fr\/en\/maison-et-objet-2010\/103224\/#primaryimage","url":"https:\/\/i0.wp.com\/joyana.fr\/wp-content\/uploads\/old\/MAISON-ET-OBJET-SEPTEMBRE-2010.jpg?fit=500%2C708&ssl=1","contentUrl":"https:\/\/i0.wp.com\/joyana.fr\/wp-content\/uploads\/old\/MAISON-ET-OBJET-SEPTEMBRE-2010.jpg?fit=500%2C708&ssl=1","width":500,"height":708},{"@type":"BreadcrumbList","@id":"https:\/\/joyana.fr\/en\/maison-et-objet-2010\/103224\/#breadcrumb","itemListElement":[{"@type":"ListItem","position":1,"name":"Accueil","item":"https:\/\/joyana.fr\/"},{"@type":"ListItem","position":2,"name":"MAISON &#038; OBJET Septembre 2010 (R\u00e9capitulatif)"}]},{"@type":"WebSite","@id":"https:\/\/joyana.fr\/#website","url":"https:\/\/joyana.fr\/","name":"JO YANA","description":"Blog Mode Homme, Lifestyle, D\u00e9co-Design","publisher":{"@id":"https:\/\/joyana.fr\/#\/schema\/person\/cf2a1ad12a27c12c21801075bf37407c"},"potentialAction":[{"@type":"SearchAction","target":{"@type":"EntryPoint","urlTemplate":"https:\/\/joyana.fr\/?s={search_term_string}"},"query-input":{"@type":"PropertyValueSpecification","valueRequired":true,"valueName":"search_term_string"}}],"inLanguage":"en-US"},{"@type":["Person","Organization"],"@id":"https:\/\/joyana.fr\/#\/schema\/person\/cf2a1ad12a27c12c21801075bf37407c","name":"Jo Yana","image":{"@type":"ImageObject","inLanguage":"en-US","@id":"https:\/\/joyana.fr\/#\/schema\/person\/image\/","url":"https:\/\/i0.wp.com\/joyana.fr\/wp-content\/uploads\/2016\/08\/cropped-joyana-logo-black-360x180.png?fit=343%2C164&ssl=1","contentUrl":"https:\/\/i0.wp.com\/joyana.fr\/wp-content\/uploads\/2016\/08\/cropped-joyana-logo-black-360x180.png?fit=343%2C164&ssl=1","width":343,"height":164,"caption":"Jo Yana"},"logo":{"@id":"https:\/\/joyana.fr\/#\/schema\/person\/image\/"},"description":"Jo Yana est le cr\u00e9ateur et r\u00e9dacteur en chef des sites DECO-DESIGN. Passionn\u00e9 de Design, Mode, Photo, Luxe, Lifestyle, Musique, mais avant tout Blogueur ! Le plaisir de partager l'anime et a comme devise \"POUR L'AMOUR DU BEAU\". Retrouvez le aussi sur son blog personnel - https:\/\/joyana.fr...","sameAs":["https:\/\/joyana.fr\/"],"url":"https:\/\/joyana.fr\/en\/author\/joyana\/"}]}},"author_meta":{"display_name":"Jo Yana","author_link":"https:\/\/joyana.fr\/en\/author\/joyana\/"},"featured_img":"https:\/\/i0.wp.com\/joyana.fr\/wp-content\/uploads\/old\/MAISON-ET-OBJET-SEPTEMBRE-2010.jpg?fit=275%2C389&ssl=1","featured_image_src":"https:\/\/i0.wp.com\/joyana.fr\/wp-content\/uploads\/old\/MAISON-ET-OBJET-SEPTEMBRE-2010.jpg?resize=500%2C400&ssl=1","featured_image_src_square":"https:\/\/i0.wp.com\/joyana.fr\/wp-content\/uploads\/old\/MAISON-ET-OBJET-SEPTEMBRE-2010.jpg?resize=500%2C600&ssl=1","jetpack_featured_media_url":"https:\/\/i0.wp.com\/joyana.fr\/wp-content\/uploads\/old\/MAISON-ET-OBJET-SEPTEMBRE-2010.jpg?fit=500%2C708&ssl=1","uagb_featured_image_src":{"full":["https:\/\/i0.wp.com\/joyana.fr\/wp-content\/uploads\/old\/MAISON-ET-OBJET-SEPTEMBRE-2010.jpg?fit=500%2C708&ssl=1",500,708,false],"thumbnail":["https:\/\/i0.wp.com\/joyana.fr\/wp-content\/uploads\/old\/MAISON-ET-OBJET-SEPTEMBRE-2010.jpg?resize=150%2C150&ssl=1",150,150,true],"medium":["https:\/\/i0.wp.com\/joyana.fr\/wp-content\/uploads\/old\/MAISON-ET-OBJET-SEPTEMBRE-2010.jpg?fit=275%2C389&ssl=1",275,389,true],"medium_large":["https:\/\/i0.wp.com\/joyana.fr\/wp-content\/uploads\/old\/MAISON-ET-OBJET-SEPTEMBRE-2010.jpg?fit=500%2C708&ssl=1",500,708,true],"large":["https:\/\/i0.wp.com\/joyana.fr\/wp-content\/uploads\/old\/MAISON-ET-OBJET-SEPTEMBRE-2010.jpg?fit=500%2C708&ssl=1",500,708,true],"1536x1536":["https:\/\/i0.wp.com\/joyana.fr\/wp-content\/uploads\/old\/MAISON-ET-OBJET-SEPTEMBRE-2010.jpg?fit=500%2C708&ssl=1",500,708,true],"2048x2048":["https:\/\/i0.wp.com\/joyana.fr\/wp-content\/uploads\/old\/MAISON-ET-OBJET-SEPTEMBRE-2010.jpg?fit=500%2C708&ssl=1",500,708,true],"featured-thumb":["https:\/\/i0.wp.com\/joyana.fr\/wp-content\/uploads\/old\/MAISON-ET-OBJET-SEPTEMBRE-2010.jpg?resize=500%2C708&ssl=1",500,708,true],"ab-block-post-grid-landscape":["https:\/\/i0.wp.com\/joyana.fr\/wp-content\/uploads\/old\/MAISON-ET-OBJET-SEPTEMBRE-2010.jpg?resize=500%2C400&ssl=1",500,400,true],"ab-block-post-grid-square":["https:\/\/i0.wp.com\/joyana.fr\/wp-content\/uploads\/old\/MAISON-ET-OBJET-SEPTEMBRE-2010.jpg?resize=500%2C600&ssl=1",500,600,true],"author-pro-image":["https:\/\/i0.wp.com\/joyana.fr\/wp-content\/uploads\/old\/MAISON-ET-OBJET-SEPTEMBRE-2010.jpg?resize=360%2C570&ssl=1",360,570,true],"slider":["https:\/\/i0.wp.com\/joyana.fr\/wp-content\/uploads\/old\/MAISON-ET-OBJET-SEPTEMBRE-2010.jpg?resize=500%2C400&ssl=1",500,400,true],"woocommerce_thumbnail":["https:\/\/i0.wp.com\/joyana.fr\/wp-content\/uploads\/old\/MAISON-ET-OBJET-SEPTEMBRE-2010.jpg?resize=450%2C450&ssl=1",450,450,true],"woocommerce_single":["https:\/\/i0.wp.com\/joyana.fr\/wp-content\/uploads\/old\/MAISON-ET-OBJET-SEPTEMBRE-2010.jpg?fit=500%2C708&ssl=1",500,708,true],"woocommerce_gallery_thumbnail":["https:\/\/i0.wp.com\/joyana.fr\/wp-content\/uploads\/old\/MAISON-ET-OBJET-SEPTEMBRE-2010.jpg?resize=180%2C180&ssl=1",180,180,true],"sow-carousel-default":["https:\/\/i0.wp.com\/joyana.fr\/wp-content\/uploads\/old\/MAISON-ET-OBJET-SEPTEMBRE-2010.jpg?resize=272%2C182&ssl=1",272,182,true]},"uagb_author_info":{"display_name":"Jo Yana","author_link":"https:\/\/joyana.fr\/en\/author\/joyana\/"},"uagb_comment_info":44,"uagb_excerpt":"Maison &#038; Objet -comme chaque ann\u00e9e- est not\u00e9 en gros sur l&#8217;agenda de notre \u00e9quipe !!! L&#8217;\u00e9dition de Septembre 2010 se d\u00e9roule du 3 au 7 Septembre 2010 \u00e0 Paris-Nord Villepinte&#8230; Les stands de Septembre 2010 (photos live) : &#8211; D\u00e9co-Design d\u00e9cerne un prix LES DECOUVERTES 2010 &#8211; Exposition VIA &#038; MEUBLE PARIS 2010 &#8211;&hellip;","coauthors":[],"tax_additional":{"categories":{"linked":["<a href=\"https:\/\/joyana.fr\/en\/category\/deco-design\/\" class=\"advgb-post-tax-term\">DECO-DESIGN<\/a>","<a href=\"https:\/\/joyana.fr\/en\/category\/deco-design\/actualite\/salon\/maison-et-objet\/\" class=\"advgb-post-tax-term\">MAISON &amp; OBJET<\/a>","<a href=\"https:\/\/joyana.fr\/en\/category\/deco-design\/actualite\/salon\/\" class=\"advgb-post-tax-term\">Salon &amp; Ev\u00e8nement<\/a>"],"unlinked":["<span class=\"advgb-post-tax-term\">DECO-DESIGN<\/span>","<span class=\"advgb-post-tax-term\">MAISON &amp; OBJET<\/span>","<span class=\"advgb-post-tax-term\">Salon &amp; Ev\u00e8nement<\/span>"]},"tags":{"linked":["<a href=\"https:\/\/joyana.fr\/en\/category\/deco-design\/actualite\/salon\/\" class=\"advgb-post-tax-term\">Karim RASHID<\/a>","<a href=\"https:\/\/joyana.fr\/en\/category\/deco-design\/actualite\/salon\/\" class=\"advgb-post-tax-term\">Paris<\/a>","<a href=\"https:\/\/joyana.fr\/en\/category\/deco-design\/actualite\/salon\/\" class=\"advgb-post-tax-term\">Salons design<\/a>","<a href=\"https:\/\/joyana.fr\/en\/category\/deco-design\/actualite\/salon\/\" class=\"advgb-post-tax-term\">STARCK<\/a>"],"unlinked":["<span class=\"advgb-post-tax-term\">Karim RASHID<\/span>","<span class=\"advgb-post-tax-term\">Paris<\/span>","<span class=\"advgb-post-tax-term\">Salons design<\/span>","<span class=\"advgb-post-tax-term\">STARCK<\/span>"]}},"comment_count":41,"relative_dates":{"created":"Posted 16 years ago","modified":"Updated 16 years ago"},"absolute_dates":{"created":"Posted on 14 September 2010","modified":"Updated on 14 September 2010"},"absolute_dates_time":{"created":"Posted on 14 September 2010 8:03","modified":"Updated on 14 September 2010 8:03"},"featured_img_caption":"","series_order":"","jetpack_sharing_enabled":true,"jetpack_shortlink":"https:\/\/wp.me\/p9bteI-qQU","jetpack-related-posts":[],"_links":{"self":[{"href":"https:\/\/joyana.fr\/en\/wp-json\/wp\/v2\/posts\/103224","targetHints":{"allow":["GET"]}}],"collection":[{"href":"https:\/\/joyana.fr\/en\/wp-json\/wp\/v2\/posts"}],"about":[{"href":"https:\/\/joyana.fr\/en\/wp-json\/wp\/v2\/types\/post"}],"author":[{"embeddable":true,"href":"https:\/\/joyana.fr\/en\/wp-json\/wp\/v2\/users\/3"}],"replies":[{"embeddable":true,"href":"https:\/\/joyana.fr\/en\/wp-json\/wp\/v2\/comments?post=103224"}],"version-history":[{"count":0,"href":"https:\/\/joyana.fr\/en\/wp-json\/wp\/v2\/posts\/103224\/revisions"}],"wp:featuredmedia":[{"embeddable":true,"href":"https:\/\/joyana.fr\/en\/wp-json\/wp\/v2\/media\/104227"}],"wp:attachment":[{"href":"https:\/\/joyana.fr\/en\/wp-json\/wp\/v2\/media?parent=103224"}],"wp:term":[{"taxonomy":"category","embeddable":true,"href":"https:\/\/joyana.fr\/en\/wp-json\/wp\/v2\/categories?post=103224"},{"taxonomy":"post_tag","embeddable":true,"href":"https:\/\/joyana.fr\/en\/wp-json\/wp\/v2\/tags?post=103224"}],"curies":[{"name":"wp","href":"https:\/\/api.w.org\/{rel}","templated":true}]}}