{"id":103256,"date":"2010-01-29T09:00:04","date_gmt":"2010-01-29T08:00:04","guid":{"rendered":"https:\/\/joyana.fr\/maison-objet-2010-stand-gaiagino-alessi-lladro\/"},"modified":"2010-01-29T09:00:04","modified_gmt":"2010-01-29T08:00:04","slug":"maison-objet-2010-stand-gaiagino-alessi-lladro","status":"publish","type":"post","link":"https:\/\/joyana.fr\/en\/maison-objet-2010-stand-gaiagino-alessi-lladro\/103256\/","title":{"rendered":"MAISON &#038; OBJET 2010 : Stand GAIA&#038;GINO, ALESSI &#038; LLADRO"},"content":{"rendered":"<p>Petit tour sur <a title=\"MAISON ET OBJET 2010\" href=\"https:\/\/joyana.fr\/maison-et-objet-2010\/\"><strong>Maison et Objet 2010<\/strong><\/a> chez les sp\u00e9cialistes de l&#8217;accessoires de d\u00e9coration <strong>Alessi<\/strong>, <strong>Gaia&#038;Gino<\/strong> et <strong>Lladro<\/strong>&#8230;<\/p>\n<p><img data-recalc-dims=\"1\" fetchpriority=\"high\" decoding=\"async\" alt=\"LLADRO MAISON ET OBJET 2010\" src=\"https:\/\/i0.wp.com\/i2.photobucket.com\/albums\/y22\/joyana\/maison%2520objet\/LLADRO_314.jpg?resize=500%2C724\" width=\"500\" height=\"724\" align=\"top\" hspace=\"8\" \/><\/p>\n<p>Toute notre \u00e9quipe a totalement craqu\u00e9 devant la collection <strong>Parrot<\/strong> chez <strong>Lladro<\/strong>, un m\u00e9lange de modernit\u00e9 et d&#8217;univers kitch et d\u00e9cal\u00e9, qui nous a beaucoup fait penser \u00e0 Jeff Koons. WE LOVE IT !!!<\/p>\n<p><img data-recalc-dims=\"1\" decoding=\"async\" alt=\"LLADRO MAISON ET OBJET 2010\" src=\"https:\/\/i0.wp.com\/i2.photobucket.com\/albums\/y22\/joyana\/maison%2520objet\/LLADRO_323.jpg?resize=500%2C780\" width=\"500\" height=\"780\" align=\"top\" hspace=\"8\" \/><\/p>\n<p><img data-recalc-dims=\"1\" decoding=\"async\" alt=\"LLADRO MAISON ET OBJET 2010\" src=\"https:\/\/i0.wp.com\/i2.photobucket.com\/albums\/y22\/joyana\/maison%2520objet\/LLADRO_319.jpg?resize=500%2C637\" width=\"500\" height=\"637\" align=\"top\" hspace=\"8\" \/><\/p>\n<p>Et comme on ne change pas une \u00e9quipe qui gagne, <strong>Lladro<\/strong> pr\u00e9sentait de nouvelles pi\u00e8ces sign\u00e9es<strong> Jaime Hayon<\/strong>&#8230;<\/p>\n<p><strong><a title=\"LLADRO\" href=\"http:\/\/www.lladro.com\/\">http:\/\/www.lladro.com\/<\/a><\/strong><\/p>\n<p><span style=\"color: #000000;\">. <\/span><\/p>\n<p>Chez <strong>Gaia&#038;Gino <\/strong>la star du <strong>stand<\/strong> \u00e9tait <strong>Jaime Hayon<\/strong> qui pr\u00e9sentait une collection tr\u00e8s \u00e9l\u00e9gante !!!<\/p>\n<p><img data-recalc-dims=\"1\" loading=\"lazy\" decoding=\"async\" alt=\"GAIA&#038;GINO MAISON ET OBJET 2010\" src=\"https:\/\/i0.wp.com\/i2.photobucket.com\/albums\/y22\/joyana\/maison%2520objet\/GAIA_GINO_67.jpg?resize=500%2C335\" width=\"500\" height=\"335\" align=\"top\" hspace=\"8\" \/><\/p>\n<p><img data-recalc-dims=\"1\" loading=\"lazy\" decoding=\"async\" alt=\"GAIA&#038;GINO MAISON ET OBJET 2010\" src=\"https:\/\/i0.wp.com\/i2.photobucket.com\/albums\/y22\/joyana\/maison%2520objet\/GAIA_GINO_70.jpg?resize=500%2C686\" width=\"500\" height=\"686\" align=\"top\" hspace=\"8\" \/><\/p>\n<p><strong><a title=\"GAIA &#038; GINO\" href=\"http:\/\/www.gaiagino.com\/\">http:\/\/www.gaiagino.com\/ <\/a><\/strong><\/p>\n<p><span style=\"color: #000000;\">. <\/span><\/p>\n<p>Chez <strong>Alessi <\/strong>pas beaucoup de nouveaut\u00e9s, mais nous pouvons remarquer quelques pi\u00e8ces qui surfent avec la tendance ecolo-chic (tr\u00e8s pr\u00e9sente cette ann\u00e9e sur le salon)<\/p>\n<p><img data-recalc-dims=\"1\" loading=\"lazy\" decoding=\"async\" alt=\"ALESSI MAISON ET OBJET 2010\" src=\"https:\/\/i0.wp.com\/i2.photobucket.com\/albums\/y22\/joyana\/maison%2520objet\/ALESSI_506.jpg?resize=500%2C728\" width=\"500\" height=\"728\" align=\"top\" hspace=\"8\" \/><\/p>\n<p><img data-recalc-dims=\"1\" loading=\"lazy\" decoding=\"async\" alt=\"ALESSI MAISON ET OBJET 2010\" src=\"https:\/\/i0.wp.com\/i2.photobucket.com\/albums\/y22\/joyana\/maison%2520objet\/ALESSI_10.jpg?resize=500%2C335\" width=\"500\" height=\"335\" align=\"top\" hspace=\"8\" \/><\/p>\n<p><img data-recalc-dims=\"1\" loading=\"lazy\" decoding=\"async\" alt=\"ALESSI MAISON ET OBJET 2010\" src=\"https:\/\/i0.wp.com\/i2.photobucket.com\/albums\/y22\/joyana\/maison%2520objet\/ALESSI_26.jpg?resize=500%2C693\" width=\"500\" height=\"693\" align=\"top\" hspace=\"8\" \/><\/p>\n<p><strong><a title=\"ALESSI \" href=\"http:\/\/www.alessi.com\/\">http:\/\/www.alessi.com\/ <\/a><\/strong><\/p>\n<p>En voir plus sur <a title=\"MAISON ET OBJET 2010\" href=\"https:\/\/joyana.fr\/maison-et-objet-2010\/\"><strong>Maison et Objet 2010<\/strong><\/a>\u2026<\/p>\n<p>\u2014\u2014\u2014\u2014<\/p>\n<p><a title=\"blog design\" href=\"https:\/\/joyana.fr\/\">Jo Yana<\/a><\/p>\n","protected":false},"excerpt":{"rendered":"<p>Petit tour sur Maison et Objet 2010 chez les sp\u00e9cialistes de l&#8217;accessoires de d\u00e9coration Alessi, Gaia&#038;Gino et Lladro&#8230; Toute notre \u00e9quipe a totalement craqu\u00e9 devant la collection Parrot chez Lladro, un m\u00e9lange de modernit\u00e9 et d&#8217;univers kitch et d\u00e9cal\u00e9, qui nous a beaucoup fait penser \u00e0 Jeff Koons. WE LOVE IT !!! Et comme on [&hellip;]<\/p>\n","protected":false},"author":3,"featured_media":116983,"comment_status":"open","ping_status":"open","sticky":false,"template":"","format":"standard","meta":{"_coblocks_attr":"","_coblocks_dimensions":"","_coblocks_responsive_height":"","_coblocks_accordion_ie_support":"","_uag_custom_page_level_css":"","advgb_blocks_editor_width":"","advgb_blocks_columns_visual_guide":"","_genesis_hide_title":false,"_genesis_hide_breadcrumbs":false,"_genesis_hide_singular_image":false,"_genesis_hide_footer_widgets":false,"_genesis_custom_body_class":"","_genesis_custom_post_class":"","_genesis_layout":"","_themeisle_gutenberg_block_has_review":false,"_jetpack_newsletter_access":"","_jetpack_dont_email_post_to_subs":false,"_jetpack_newsletter_tier_id":0,"_jetpack_memberships_contains_paywalled_content":false,"_jetpack_memberships_contains_paid_content":false,"footnotes":""},"categories":[907,905,967,961],"tags":[966],"class_list":{"0":"post-103256","1":"post","2":"type-post","3":"status-publish","4":"format-standard","5":"has-post-thumbnail","7":"category-alessi","8":"category-deco-design","9":"category-jaime-hayon","10":"category-maison-et-objet","11":"tag-jaime-hayon","12":"entry"},"featured_image_urls":{"full":["https:\/\/i0.wp.com\/joyana.fr\/wp-content\/uploads\/2010\/01\/Capture-d%C3%A2%E2%82%AC%E2%84%A2%C3%83%C2%A9cran-2014-04-21-%C3%83%C2%A0-10.19.00.png?fit=%2C&ssl=1",false,false,false],"thumbnail":["https:\/\/i0.wp.com\/joyana.fr\/wp-content\/uploads\/2010\/01\/Capture-d%C3%A2%E2%82%AC%E2%84%A2%C3%83%C2%A9cran-2014-04-21-%C3%83%C2%A0-10.19.00.png?resize=150%2C150&ssl=1",false,false,true],"medium":["https:\/\/i0.wp.com\/joyana.fr\/wp-content\/uploads\/2010\/01\/Capture-d%C3%A2%E2%82%AC%E2%84%A2%C3%83%C2%A9cran-2014-04-21-%C3%83%C2%A0-10.19.00.png?fit=389%2C389&ssl=1",false,false,true],"medium_large":["https:\/\/i0.wp.com\/joyana.fr\/wp-content\/uploads\/2010\/01\/Capture-d%C3%A2%E2%82%AC%E2%84%A2%C3%83%C2%A9cran-2014-04-21-%C3%83%C2%A0-10.19.00.png?w=768&ssl=1",false,false,true],"large":["https:\/\/i0.wp.com\/joyana.fr\/wp-content\/uploads\/2010\/01\/Capture-d%C3%A2%E2%82%AC%E2%84%A2%C3%83%C2%A9cran-2014-04-21-%C3%83%C2%A0-10.19.00.png?fit=1024%2C1024&ssl=1",false,false,true],"1536x1536":["https:\/\/i0.wp.com\/joyana.fr\/wp-content\/uploads\/2010\/01\/Capture-d%C3%A2%E2%82%AC%E2%84%A2%C3%83%C2%A9cran-2014-04-21-%C3%83%C2%A0-10.19.00.png?fit=1536%2C1536&ssl=1",false,false,true],"2048x2048":["https:\/\/i0.wp.com\/joyana.fr\/wp-content\/uploads\/2010\/01\/Capture-d%C3%A2%E2%82%AC%E2%84%A2%C3%83%C2%A9cran-2014-04-21-%C3%83%C2%A0-10.19.00.png?fit=2048%2C2048&ssl=1",false,false,true],"featured-thumb":["https:\/\/i0.wp.com\/joyana.fr\/wp-content\/uploads\/2010\/01\/Capture-d%C3%A2%E2%82%AC%E2%84%A2%C3%83%C2%A9cran-2014-04-21-%C3%83%C2%A0-10.19.00.png?resize=1903%2C750&ssl=1",false,false,true],"ab-block-post-grid-landscape":["https:\/\/i0.wp.com\/joyana.fr\/wp-content\/uploads\/2010\/01\/Capture-d%C3%A2%E2%82%AC%E2%84%A2%C3%83%C2%A9cran-2014-04-21-%C3%83%C2%A0-10.19.00.png?resize=600%2C400&ssl=1",false,false,true],"ab-block-post-grid-square":["https:\/\/i0.wp.com\/joyana.fr\/wp-content\/uploads\/2010\/01\/Capture-d%C3%A2%E2%82%AC%E2%84%A2%C3%83%C2%A9cran-2014-04-21-%C3%83%C2%A0-10.19.00.png?resize=600%2C600&ssl=1",false,false,true],"author-pro-image":["https:\/\/i0.wp.com\/joyana.fr\/wp-content\/uploads\/2010\/01\/Capture-d%C3%A2%E2%82%AC%E2%84%A2%C3%83%C2%A9cran-2014-04-21-%C3%83%C2%A0-10.19.00.png?resize=360%2C570&ssl=1",false,false,true],"slider":["https:\/\/i0.wp.com\/joyana.fr\/wp-content\/uploads\/2010\/01\/Capture-d%C3%A2%E2%82%AC%E2%84%A2%C3%83%C2%A9cran-2014-04-21-%C3%83%C2%A0-10.19.00.png?resize=920%2C400&ssl=1",false,false,true],"woocommerce_thumbnail":["https:\/\/i0.wp.com\/joyana.fr\/wp-content\/uploads\/2010\/01\/Capture-d%C3%A2%E2%82%AC%E2%84%A2%C3%83%C2%A9cran-2014-04-21-%C3%83%C2%A0-10.19.00.png?resize=450%2C450&ssl=1",false,false,true],"woocommerce_single":["https:\/\/i0.wp.com\/joyana.fr\/wp-content\/uploads\/2010\/01\/Capture-d%C3%A2%E2%82%AC%E2%84%A2%C3%83%C2%A9cran-2014-04-21-%C3%83%C2%A0-10.19.00.png?w=920&ssl=1",false,false,true],"woocommerce_gallery_thumbnail":["https:\/\/i0.wp.com\/joyana.fr\/wp-content\/uploads\/2010\/01\/Capture-d%C3%A2%E2%82%AC%E2%84%A2%C3%83%C2%A9cran-2014-04-21-%C3%83%C2%A0-10.19.00.png?resize=180%2C180&ssl=1",false,false,true],"sow-carousel-default":["https:\/\/i0.wp.com\/joyana.fr\/wp-content\/uploads\/2010\/01\/Capture-d%C3%A2%E2%82%AC%E2%84%A2%C3%83%C2%A9cran-2014-04-21-%C3%83%C2%A0-10.19.00.png?resize=272%2C182&ssl=1",false,false,true]},"post_excerpt_stackable":"<p>Petit tour sur Maison et Objet 2010 chez les sp\u00e9cialistes de l&#8217;accessoires de d\u00e9coration Alessi, Gaia&#038;Gino et Lladro&#8230; Toute notre \u00e9quipe a totalement craqu\u00e9 devant la collection Parrot chez Lladro, un m\u00e9lange de modernit\u00e9 et d&#8217;univers kitch et d\u00e9cal\u00e9, qui nous a beaucoup fait penser \u00e0 Jeff Koons. WE LOVE IT !!! Et comme on ne change pas une \u00e9quipe qui gagne, Lladro pr\u00e9sentait de nouvelles pi\u00e8ces sign\u00e9es Jaime Hayon&#8230; http:\/\/www.lladro.com\/ . Chez Gaia&#038;Gino la star du stand \u00e9tait Jaime Hayon qui pr\u00e9sentait une collection tr\u00e8s \u00e9l\u00e9gante !!! http:\/\/www.gaiagino.com\/ . Chez Alessi pas beaucoup de nouveaut\u00e9s, mais nous pouvons remarquer&hellip;<\/p>\n","category_list":"<a href=\"https:\/\/joyana.fr\/en\/category\/marques\/alessi\/\" rel=\"category tag\">Alessi<\/a>, <a href=\"https:\/\/joyana.fr\/en\/category\/deco-design\/\" rel=\"category tag\">DECO-DESIGN<\/a>, <a href=\"https:\/\/joyana.fr\/en\/category\/deco-design\/designer\/jaime-hayon\/\" rel=\"category tag\">Jaime HAYON<\/a>, <a href=\"https:\/\/joyana.fr\/en\/category\/deco-design\/actualite\/salon\/maison-et-objet\/\" rel=\"category tag\">MAISON &amp; OBJET<\/a>","author_info":{"display_name":"Jo Yana","author_link":"https:\/\/joyana.fr\/en\/author\/joyana\/"},"comments_num":"22 comments","featured_image_urls_v2":{"full":["https:\/\/i0.wp.com\/joyana.fr\/wp-content\/uploads\/2010\/01\/Capture-d%C3%A2%E2%82%AC%E2%84%A2%C3%83%C2%A9cran-2014-04-21-%C3%83%C2%A0-10.19.00.png?fit=%2C&ssl=1",false,false,false],"thumbnail":["https:\/\/i0.wp.com\/joyana.fr\/wp-content\/uploads\/2010\/01\/Capture-d%C3%A2%E2%82%AC%E2%84%A2%C3%83%C2%A9cran-2014-04-21-%C3%83%C2%A0-10.19.00.png?resize=150%2C150&ssl=1",false,false,true],"medium":["https:\/\/i0.wp.com\/joyana.fr\/wp-content\/uploads\/2010\/01\/Capture-d%C3%A2%E2%82%AC%E2%84%A2%C3%83%C2%A9cran-2014-04-21-%C3%83%C2%A0-10.19.00.png?fit=389%2C389&ssl=1",false,false,true],"medium_large":["https:\/\/i0.wp.com\/joyana.fr\/wp-content\/uploads\/2010\/01\/Capture-d%C3%A2%E2%82%AC%E2%84%A2%C3%83%C2%A9cran-2014-04-21-%C3%83%C2%A0-10.19.00.png?w=768&ssl=1",false,false,true],"large":["https:\/\/i0.wp.com\/joyana.fr\/wp-content\/uploads\/2010\/01\/Capture-d%C3%A2%E2%82%AC%E2%84%A2%C3%83%C2%A9cran-2014-04-21-%C3%83%C2%A0-10.19.00.png?fit=1024%2C1024&ssl=1",false,false,true],"1536x1536":["https:\/\/i0.wp.com\/joyana.fr\/wp-content\/uploads\/2010\/01\/Capture-d%C3%A2%E2%82%AC%E2%84%A2%C3%83%C2%A9cran-2014-04-21-%C3%83%C2%A0-10.19.00.png?fit=1536%2C1536&ssl=1",false,false,true],"2048x2048":["https:\/\/i0.wp.com\/joyana.fr\/wp-content\/uploads\/2010\/01\/Capture-d%C3%A2%E2%82%AC%E2%84%A2%C3%83%C2%A9cran-2014-04-21-%C3%83%C2%A0-10.19.00.png?fit=2048%2C2048&ssl=1",false,false,true],"featured-thumb":["https:\/\/i0.wp.com\/joyana.fr\/wp-content\/uploads\/2010\/01\/Capture-d%C3%A2%E2%82%AC%E2%84%A2%C3%83%C2%A9cran-2014-04-21-%C3%83%C2%A0-10.19.00.png?resize=1903%2C750&ssl=1",false,false,true],"ab-block-post-grid-landscape":["https:\/\/i0.wp.com\/joyana.fr\/wp-content\/uploads\/2010\/01\/Capture-d%C3%A2%E2%82%AC%E2%84%A2%C3%83%C2%A9cran-2014-04-21-%C3%83%C2%A0-10.19.00.png?resize=600%2C400&ssl=1",false,false,true],"ab-block-post-grid-square":["https:\/\/i0.wp.com\/joyana.fr\/wp-content\/uploads\/2010\/01\/Capture-d%C3%A2%E2%82%AC%E2%84%A2%C3%83%C2%A9cran-2014-04-21-%C3%83%C2%A0-10.19.00.png?resize=600%2C600&ssl=1",false,false,true],"author-pro-image":["https:\/\/i0.wp.com\/joyana.fr\/wp-content\/uploads\/2010\/01\/Capture-d%C3%A2%E2%82%AC%E2%84%A2%C3%83%C2%A9cran-2014-04-21-%C3%83%C2%A0-10.19.00.png?resize=360%2C570&ssl=1",false,false,true],"slider":["https:\/\/i0.wp.com\/joyana.fr\/wp-content\/uploads\/2010\/01\/Capture-d%C3%A2%E2%82%AC%E2%84%A2%C3%83%C2%A9cran-2014-04-21-%C3%83%C2%A0-10.19.00.png?resize=920%2C400&ssl=1",false,false,true],"woocommerce_thumbnail":["https:\/\/i0.wp.com\/joyana.fr\/wp-content\/uploads\/2010\/01\/Capture-d%C3%A2%E2%82%AC%E2%84%A2%C3%83%C2%A9cran-2014-04-21-%C3%83%C2%A0-10.19.00.png?resize=450%2C450&ssl=1",false,false,true],"woocommerce_single":["https:\/\/i0.wp.com\/joyana.fr\/wp-content\/uploads\/2010\/01\/Capture-d%C3%A2%E2%82%AC%E2%84%A2%C3%83%C2%A9cran-2014-04-21-%C3%83%C2%A0-10.19.00.png?w=920&ssl=1",false,false,true],"woocommerce_gallery_thumbnail":["https:\/\/i0.wp.com\/joyana.fr\/wp-content\/uploads\/2010\/01\/Capture-d%C3%A2%E2%82%AC%E2%84%A2%C3%83%C2%A9cran-2014-04-21-%C3%83%C2%A0-10.19.00.png?resize=180%2C180&ssl=1",false,false,true],"sow-carousel-default":["https:\/\/i0.wp.com\/joyana.fr\/wp-content\/uploads\/2010\/01\/Capture-d%C3%A2%E2%82%AC%E2%84%A2%C3%83%C2%A9cran-2014-04-21-%C3%83%C2%A0-10.19.00.png?resize=272%2C182&ssl=1",false,false,true]},"post_excerpt_stackable_v2":"<p>Petit tour sur Maison et Objet 2010 chez les sp\u00e9cialistes de l&#8217;accessoires de d\u00e9coration Alessi, Gaia&#038;Gino et Lladro&#8230; Toute notre \u00e9quipe a totalement craqu\u00e9 devant la collection Parrot chez Lladro, un m\u00e9lange de modernit\u00e9 et d&#8217;univers kitch et d\u00e9cal\u00e9, qui nous a beaucoup fait penser \u00e0 Jeff Koons. WE LOVE IT !!! Et comme on ne change pas une \u00e9quipe qui gagne, Lladro pr\u00e9sentait de nouvelles pi\u00e8ces sign\u00e9es Jaime Hayon&#8230; http:\/\/www.lladro.com\/ . Chez Gaia&#038;Gino la star du stand \u00e9tait Jaime Hayon qui pr\u00e9sentait une collection tr\u00e8s \u00e9l\u00e9gante !!! http:\/\/www.gaiagino.com\/ . Chez Alessi pas beaucoup de nouveaut\u00e9s, mais nous pouvons remarquer&hellip;<\/p>\n","category_list_v2":"<a href=\"https:\/\/joyana.fr\/en\/category\/marques\/alessi\/\" rel=\"category tag\">Alessi<\/a>, <a href=\"https:\/\/joyana.fr\/en\/category\/deco-design\/\" rel=\"category tag\">DECO-DESIGN<\/a>, <a href=\"https:\/\/joyana.fr\/en\/category\/deco-design\/designer\/jaime-hayon\/\" rel=\"category tag\">Jaime HAYON<\/a>, <a href=\"https:\/\/joyana.fr\/en\/category\/deco-design\/actualite\/salon\/maison-et-objet\/\" rel=\"category tag\">MAISON &amp; OBJET<\/a>","author_info_v2":{"name":"Jo Yana","url":"https:\/\/joyana.fr\/en\/author\/joyana\/"},"comments_num_v2":"22 comments","yoast_head":"<!-- This site is optimized with the Yoast SEO plugin v26.8 - https:\/\/yoast.com\/product\/yoast-seo-wordpress\/ -->\n<title>MAISON &amp; OBJET 2010 : Stand GAIA&amp;GINO, ALESSI &amp; LLADRO - JO YANA<\/title>\n<meta name=\"robots\" content=\"index, follow, max-snippet:-1, max-image-preview:large, max-video-preview:-1\" \/>\n<link rel=\"canonical\" href=\"https:\/\/joyana.fr\/en\/maison-objet-2010-stand-gaiagino-alessi-lladro\/103256\/\" \/>\n<meta property=\"og:locale\" content=\"en_US\" \/>\n<meta property=\"og:locale:alternate\" content=\"fr_FR\" \/>\n<meta property=\"og:locale:alternate\" content=\"ja\" \/>\n<meta property=\"og:type\" content=\"article\" \/>\n<meta property=\"og:title\" content=\"MAISON &amp; OBJET 2010 : Stand GAIA&amp;GINO, ALESSI &amp; LLADRO - JO YANA\" \/>\n<meta property=\"og:description\" content=\"Petit tour sur Maison et Objet 2010 chez les sp\u00e9cialistes de l&#8217;accessoires de d\u00e9coration Alessi, Gaia&amp;Gino et Lladro&#8230; Toute notre \u00e9quipe a totalement craqu\u00e9 devant la collection Parrot chez Lladro, un m\u00e9lange de modernit\u00e9 et d&#8217;univers kitch et d\u00e9cal\u00e9, qui nous a beaucoup fait penser \u00e0 Jeff Koons. WE LOVE IT !!! Et comme on [&hellip;]\" \/>\n<meta property=\"og:url\" content=\"https:\/\/joyana.fr\/en\/maison-objet-2010-stand-gaiagino-alessi-lladro\/103256\/\" \/>\n<meta property=\"og:site_name\" content=\"JO YANA\" \/>\n<meta property=\"article:published_time\" content=\"2010-01-29T08:00:04+00:00\" \/>\n<meta property=\"og:image\" content=\"https:\/\/joyana.fr\/wp-content\/uploads\/2010\/01\/Capture-d\u00e2\u20ac\u2122\u00c3\u00a9cran-2014-04-21-\u00c3\u00a0-10.19.00.png\" \/>\n\t<meta property=\"og:image:width\" content=\"1\" \/>\n\t<meta property=\"og:image:height\" content=\"1\" \/>\n\t<meta property=\"og:image:type\" content=\"image\/png\" \/>\n<meta name=\"author\" content=\"Jo Yana\" \/>\n<meta name=\"twitter:card\" content=\"summary_large_image\" \/>\n<meta name=\"twitter:creator\" content=\"@Jo_Yana\" \/>\n<meta name=\"twitter:site\" content=\"@Jo_Yana\" \/>\n<meta name=\"twitter:label1\" content=\"Written by\" \/>\n\t<meta name=\"twitter:data1\" content=\"Jo Yana\" \/>\n\t<meta name=\"twitter:label2\" content=\"Est. reading time\" \/>\n\t<meta name=\"twitter:data2\" content=\"1 minute\" \/>\n<script type=\"application\/ld+json\" class=\"yoast-schema-graph\">{\"@context\":\"https:\/\/schema.org\",\"@graph\":[{\"@type\":\"Article\",\"@id\":\"https:\/\/joyana.fr\/ja\/maison-objet-2010-stand-gaiagino-alessi-lladro\/103256\/#article\",\"isPartOf\":{\"@id\":\"https:\/\/joyana.fr\/ja\/maison-objet-2010-stand-gaiagino-alessi-lladro\/103256\/\"},\"author\":{\"name\":\"Jo Yana\",\"@id\":\"https:\/\/joyana.fr\/#\/schema\/person\/cf2a1ad12a27c12c21801075bf37407c\"},\"headline\":\"MAISON &#038; OBJET 2010 : Stand GAIA&#038;GINO, ALESSI &#038; LLADRO\",\"datePublished\":\"2010-01-29T08:00:04+00:00\",\"mainEntityOfPage\":{\"@id\":\"https:\/\/joyana.fr\/ja\/maison-objet-2010-stand-gaiagino-alessi-lladro\/103256\/\"},\"wordCount\":154,\"commentCount\":22,\"publisher\":{\"@id\":\"https:\/\/joyana.fr\/#\/schema\/person\/cf2a1ad12a27c12c21801075bf37407c\"},\"image\":{\"@id\":\"https:\/\/joyana.fr\/ja\/maison-objet-2010-stand-gaiagino-alessi-lladro\/103256\/#primaryimage\"},\"thumbnailUrl\":\"https:\/\/i0.wp.com\/joyana.fr\/wp-content\/uploads\/2010\/01\/Capture-d%C3%A2%E2%82%AC%E2%84%A2%C3%83%C2%A9cran-2014-04-21-%C3%83%C2%A0-10.19.00.png?fit=%2C&ssl=1\",\"keywords\":[\"Jaime HAYON\"],\"articleSection\":[\"Alessi\",\"DECO-DESIGN\",\"Jaime HAYON\",\"MAISON &amp; OBJET\"],\"inLanguage\":\"en-US\",\"potentialAction\":[{\"@type\":\"CommentAction\",\"name\":\"Comment\",\"target\":[\"https:\/\/joyana.fr\/ja\/maison-objet-2010-stand-gaiagino-alessi-lladro\/103256\/#respond\"]}]},{\"@type\":\"WebPage\",\"@id\":\"https:\/\/joyana.fr\/ja\/maison-objet-2010-stand-gaiagino-alessi-lladro\/103256\/\",\"url\":\"https:\/\/joyana.fr\/ja\/maison-objet-2010-stand-gaiagino-alessi-lladro\/103256\/\",\"name\":\"MAISON & OBJET 2010 : Stand GAIA&GINO, ALESSI & LLADRO - JO YANA\",\"isPartOf\":{\"@id\":\"https:\/\/joyana.fr\/#website\"},\"primaryImageOfPage\":{\"@id\":\"https:\/\/joyana.fr\/ja\/maison-objet-2010-stand-gaiagino-alessi-lladro\/103256\/#primaryimage\"},\"image\":{\"@id\":\"https:\/\/joyana.fr\/ja\/maison-objet-2010-stand-gaiagino-alessi-lladro\/103256\/#primaryimage\"},\"thumbnailUrl\":\"https:\/\/i0.wp.com\/joyana.fr\/wp-content\/uploads\/2010\/01\/Capture-d%C3%A2%E2%82%AC%E2%84%A2%C3%83%C2%A9cran-2014-04-21-%C3%83%C2%A0-10.19.00.png?fit=%2C&ssl=1\",\"datePublished\":\"2010-01-29T08:00:04+00:00\",\"breadcrumb\":{\"@id\":\"https:\/\/joyana.fr\/ja\/maison-objet-2010-stand-gaiagino-alessi-lladro\/103256\/#breadcrumb\"},\"inLanguage\":\"en-US\",\"potentialAction\":[{\"@type\":\"ReadAction\",\"target\":[\"https:\/\/joyana.fr\/ja\/maison-objet-2010-stand-gaiagino-alessi-lladro\/103256\/\"]}]},{\"@type\":\"ImageObject\",\"inLanguage\":\"en-US\",\"@id\":\"https:\/\/joyana.fr\/ja\/maison-objet-2010-stand-gaiagino-alessi-lladro\/103256\/#primaryimage\",\"url\":\"https:\/\/i0.wp.com\/joyana.fr\/wp-content\/uploads\/2010\/01\/Capture-d%C3%A2%E2%82%AC%E2%84%A2%C3%83%C2%A9cran-2014-04-21-%C3%83%C2%A0-10.19.00.png?fit=%2C&ssl=1\",\"contentUrl\":\"https:\/\/i0.wp.com\/joyana.fr\/wp-content\/uploads\/2010\/01\/Capture-d%C3%A2%E2%82%AC%E2%84%A2%C3%83%C2%A9cran-2014-04-21-%C3%83%C2%A0-10.19.00.png?fit=%2C&ssl=1\"},{\"@type\":\"BreadcrumbList\",\"@id\":\"https:\/\/joyana.fr\/ja\/maison-objet-2010-stand-gaiagino-alessi-lladro\/103256\/#breadcrumb\",\"itemListElement\":[{\"@type\":\"ListItem\",\"position\":1,\"name\":\"Accueil\",\"item\":\"https:\/\/joyana.fr\/\"},{\"@type\":\"ListItem\",\"position\":2,\"name\":\"MAISON &#038; OBJET 2010 : Stand GAIA&#038;GINO, ALESSI &#038; LLADRO\"}]},{\"@type\":\"WebSite\",\"@id\":\"https:\/\/joyana.fr\/#website\",\"url\":\"https:\/\/joyana.fr\/\",\"name\":\"JO YANA\",\"description\":\"Blog Mode Homme, Lifestyle, D\u00e9co-Design\",\"publisher\":{\"@id\":\"https:\/\/joyana.fr\/#\/schema\/person\/cf2a1ad12a27c12c21801075bf37407c\"},\"potentialAction\":[{\"@type\":\"SearchAction\",\"target\":{\"@type\":\"EntryPoint\",\"urlTemplate\":\"https:\/\/joyana.fr\/?s={search_term_string}\"},\"query-input\":{\"@type\":\"PropertyValueSpecification\",\"valueRequired\":true,\"valueName\":\"search_term_string\"}}],\"inLanguage\":\"en-US\"},{\"@type\":[\"Person\",\"Organization\"],\"@id\":\"https:\/\/joyana.fr\/#\/schema\/person\/cf2a1ad12a27c12c21801075bf37407c\",\"name\":\"Jo Yana\",\"image\":{\"@type\":\"ImageObject\",\"inLanguage\":\"en-US\",\"@id\":\"https:\/\/joyana.fr\/#\/schema\/person\/image\/\",\"url\":\"https:\/\/i0.wp.com\/joyana.fr\/wp-content\/uploads\/2016\/08\/cropped-joyana-logo-black-360x180.png?fit=343%2C164&ssl=1\",\"contentUrl\":\"https:\/\/i0.wp.com\/joyana.fr\/wp-content\/uploads\/2016\/08\/cropped-joyana-logo-black-360x180.png?fit=343%2C164&ssl=1\",\"width\":343,\"height\":164,\"caption\":\"Jo Yana\"},\"logo\":{\"@id\":\"https:\/\/joyana.fr\/#\/schema\/person\/image\/\"},\"description\":\"Jo Yana est le cr\u00e9ateur et r\u00e9dacteur en chef des sites DECO-DESIGN. Passionn\u00e9 de Design, Mode, Photo, Luxe, Lifestyle, Musique, mais avant tout Blogueur ! Le plaisir de partager l'anime et a comme devise \\\"POUR L'AMOUR DU BEAU\\\". Retrouvez le aussi sur son blog personnel - https:\/\/joyana.fr...\",\"sameAs\":[\"https:\/\/joyana.fr\/\"],\"url\":\"https:\/\/joyana.fr\/en\/author\/joyana\/\"}]}<\/script>\n<!-- \/ Yoast SEO plugin. -->","yoast_head_json":{"title":"MAISON & OBJET 2010 : Stand GAIA&GINO, ALESSI & LLADRO - JO YANA","robots":{"index":"index","follow":"follow","max-snippet":"max-snippet:-1","max-image-preview":"max-image-preview:large","max-video-preview":"max-video-preview:-1"},"canonical":"https:\/\/joyana.fr\/en\/maison-objet-2010-stand-gaiagino-alessi-lladro\/103256\/","og_locale":"en_US","og_type":"article","og_title":"MAISON & OBJET 2010 : Stand GAIA&GINO, ALESSI & LLADRO - JO YANA","og_description":"Petit tour sur Maison et Objet 2010 chez les sp\u00e9cialistes de l&#8217;accessoires de d\u00e9coration Alessi, Gaia&#038;Gino et Lladro&#8230; Toute notre \u00e9quipe a totalement craqu\u00e9 devant la collection Parrot chez Lladro, un m\u00e9lange de modernit\u00e9 et d&#8217;univers kitch et d\u00e9cal\u00e9, qui nous a beaucoup fait penser \u00e0 Jeff Koons. WE LOVE IT !!! Et comme on [&hellip;]","og_url":"https:\/\/joyana.fr\/en\/maison-objet-2010-stand-gaiagino-alessi-lladro\/103256\/","og_site_name":"JO YANA","article_published_time":"2010-01-29T08:00:04+00:00","og_image":[{"url":"https:\/\/joyana.fr\/wp-content\/uploads\/2010\/01\/Capture-d\u00e2\u20ac\u2122\u00c3\u00a9cran-2014-04-21-\u00c3\u00a0-10.19.00.png","width":1,"height":1,"type":"image\/png"}],"author":"Jo Yana","twitter_card":"summary_large_image","twitter_creator":"@Jo_Yana","twitter_site":"@Jo_Yana","twitter_misc":{"Written by":"Jo Yana","Est. reading time":"1 minute"},"schema":{"@context":"https:\/\/schema.org","@graph":[{"@type":"Article","@id":"https:\/\/joyana.fr\/ja\/maison-objet-2010-stand-gaiagino-alessi-lladro\/103256\/#article","isPartOf":{"@id":"https:\/\/joyana.fr\/ja\/maison-objet-2010-stand-gaiagino-alessi-lladro\/103256\/"},"author":{"name":"Jo Yana","@id":"https:\/\/joyana.fr\/#\/schema\/person\/cf2a1ad12a27c12c21801075bf37407c"},"headline":"MAISON &#038; OBJET 2010 : Stand GAIA&#038;GINO, ALESSI &#038; LLADRO","datePublished":"2010-01-29T08:00:04+00:00","mainEntityOfPage":{"@id":"https:\/\/joyana.fr\/ja\/maison-objet-2010-stand-gaiagino-alessi-lladro\/103256\/"},"wordCount":154,"commentCount":22,"publisher":{"@id":"https:\/\/joyana.fr\/#\/schema\/person\/cf2a1ad12a27c12c21801075bf37407c"},"image":{"@id":"https:\/\/joyana.fr\/ja\/maison-objet-2010-stand-gaiagino-alessi-lladro\/103256\/#primaryimage"},"thumbnailUrl":"https:\/\/i0.wp.com\/joyana.fr\/wp-content\/uploads\/2010\/01\/Capture-d%C3%A2%E2%82%AC%E2%84%A2%C3%83%C2%A9cran-2014-04-21-%C3%83%C2%A0-10.19.00.png?fit=%2C&ssl=1","keywords":["Jaime HAYON"],"articleSection":["Alessi","DECO-DESIGN","Jaime HAYON","MAISON &amp; OBJET"],"inLanguage":"en-US","potentialAction":[{"@type":"CommentAction","name":"Comment","target":["https:\/\/joyana.fr\/ja\/maison-objet-2010-stand-gaiagino-alessi-lladro\/103256\/#respond"]}]},{"@type":"WebPage","@id":"https:\/\/joyana.fr\/ja\/maison-objet-2010-stand-gaiagino-alessi-lladro\/103256\/","url":"https:\/\/joyana.fr\/ja\/maison-objet-2010-stand-gaiagino-alessi-lladro\/103256\/","name":"MAISON & OBJET 2010 : Stand GAIA&GINO, ALESSI & LLADRO - JO YANA","isPartOf":{"@id":"https:\/\/joyana.fr\/#website"},"primaryImageOfPage":{"@id":"https:\/\/joyana.fr\/ja\/maison-objet-2010-stand-gaiagino-alessi-lladro\/103256\/#primaryimage"},"image":{"@id":"https:\/\/joyana.fr\/ja\/maison-objet-2010-stand-gaiagino-alessi-lladro\/103256\/#primaryimage"},"thumbnailUrl":"https:\/\/i0.wp.com\/joyana.fr\/wp-content\/uploads\/2010\/01\/Capture-d%C3%A2%E2%82%AC%E2%84%A2%C3%83%C2%A9cran-2014-04-21-%C3%83%C2%A0-10.19.00.png?fit=%2C&ssl=1","datePublished":"2010-01-29T08:00:04+00:00","breadcrumb":{"@id":"https:\/\/joyana.fr\/ja\/maison-objet-2010-stand-gaiagino-alessi-lladro\/103256\/#breadcrumb"},"inLanguage":"en-US","potentialAction":[{"@type":"ReadAction","target":["https:\/\/joyana.fr\/ja\/maison-objet-2010-stand-gaiagino-alessi-lladro\/103256\/"]}]},{"@type":"ImageObject","inLanguage":"en-US","@id":"https:\/\/joyana.fr\/ja\/maison-objet-2010-stand-gaiagino-alessi-lladro\/103256\/#primaryimage","url":"https:\/\/i0.wp.com\/joyana.fr\/wp-content\/uploads\/2010\/01\/Capture-d%C3%A2%E2%82%AC%E2%84%A2%C3%83%C2%A9cran-2014-04-21-%C3%83%C2%A0-10.19.00.png?fit=%2C&ssl=1","contentUrl":"https:\/\/i0.wp.com\/joyana.fr\/wp-content\/uploads\/2010\/01\/Capture-d%C3%A2%E2%82%AC%E2%84%A2%C3%83%C2%A9cran-2014-04-21-%C3%83%C2%A0-10.19.00.png?fit=%2C&ssl=1"},{"@type":"BreadcrumbList","@id":"https:\/\/joyana.fr\/ja\/maison-objet-2010-stand-gaiagino-alessi-lladro\/103256\/#breadcrumb","itemListElement":[{"@type":"ListItem","position":1,"name":"Accueil","item":"https:\/\/joyana.fr\/"},{"@type":"ListItem","position":2,"name":"MAISON &#038; OBJET 2010 : Stand GAIA&#038;GINO, ALESSI &#038; LLADRO"}]},{"@type":"WebSite","@id":"https:\/\/joyana.fr\/#website","url":"https:\/\/joyana.fr\/","name":"JO YANA","description":"Blog Mode Homme, Lifestyle, D\u00e9co-Design","publisher":{"@id":"https:\/\/joyana.fr\/#\/schema\/person\/cf2a1ad12a27c12c21801075bf37407c"},"potentialAction":[{"@type":"SearchAction","target":{"@type":"EntryPoint","urlTemplate":"https:\/\/joyana.fr\/?s={search_term_string}"},"query-input":{"@type":"PropertyValueSpecification","valueRequired":true,"valueName":"search_term_string"}}],"inLanguage":"en-US"},{"@type":["Person","Organization"],"@id":"https:\/\/joyana.fr\/#\/schema\/person\/cf2a1ad12a27c12c21801075bf37407c","name":"Jo Yana","image":{"@type":"ImageObject","inLanguage":"en-US","@id":"https:\/\/joyana.fr\/#\/schema\/person\/image\/","url":"https:\/\/i0.wp.com\/joyana.fr\/wp-content\/uploads\/2016\/08\/cropped-joyana-logo-black-360x180.png?fit=343%2C164&ssl=1","contentUrl":"https:\/\/i0.wp.com\/joyana.fr\/wp-content\/uploads\/2016\/08\/cropped-joyana-logo-black-360x180.png?fit=343%2C164&ssl=1","width":343,"height":164,"caption":"Jo Yana"},"logo":{"@id":"https:\/\/joyana.fr\/#\/schema\/person\/image\/"},"description":"Jo Yana est le cr\u00e9ateur et r\u00e9dacteur en chef des sites DECO-DESIGN. Passionn\u00e9 de Design, Mode, Photo, Luxe, Lifestyle, Musique, mais avant tout Blogueur ! Le plaisir de partager l'anime et a comme devise \"POUR L'AMOUR DU BEAU\". Retrouvez le aussi sur son blog personnel - https:\/\/joyana.fr...","sameAs":["https:\/\/joyana.fr\/"],"url":"https:\/\/joyana.fr\/en\/author\/joyana\/"}]}},"author_meta":{"display_name":"Jo Yana","author_link":"https:\/\/joyana.fr\/en\/author\/joyana\/"},"featured_img":"https:\/\/i0.wp.com\/joyana.fr\/wp-content\/uploads\/2010\/01\/Capture-d%C3%A2%E2%82%AC%E2%84%A2%C3%83%C2%A9cran-2014-04-21-%C3%83%C2%A0-10.19.00.png?fit=389%2C389&ssl=1","featured_image_src":"https:\/\/i0.wp.com\/joyana.fr\/wp-content\/uploads\/2010\/01\/Capture-d%C3%A2%E2%82%AC%E2%84%A2%C3%83%C2%A9cran-2014-04-21-%C3%83%C2%A0-10.19.00.png?resize=600%2C400&ssl=1","featured_image_src_square":"https:\/\/i0.wp.com\/joyana.fr\/wp-content\/uploads\/2010\/01\/Capture-d%C3%A2%E2%82%AC%E2%84%A2%C3%83%C2%A9cran-2014-04-21-%C3%83%C2%A0-10.19.00.png?resize=600%2C600&ssl=1","jetpack_featured_media_url":"https:\/\/i0.wp.com\/joyana.fr\/wp-content\/uploads\/2010\/01\/Capture-d%C3%A2%E2%82%AC%E2%84%A2%C3%83%C2%A9cran-2014-04-21-%C3%83%C2%A0-10.19.00.png?fit=%2C&ssl=1","uagb_featured_image_src":{"full":["https:\/\/i0.wp.com\/joyana.fr\/wp-content\/uploads\/2010\/01\/Capture-d%C3%A2%E2%82%AC%E2%84%A2%C3%83%C2%A9cran-2014-04-21-%C3%83%C2%A0-10.19.00.png?fit=%2C&ssl=1",false,false,false],"thumbnail":["https:\/\/i0.wp.com\/joyana.fr\/wp-content\/uploads\/2010\/01\/Capture-d%C3%A2%E2%82%AC%E2%84%A2%C3%83%C2%A9cran-2014-04-21-%C3%83%C2%A0-10.19.00.png?resize=150%2C150&ssl=1",false,false,true],"medium":["https:\/\/i0.wp.com\/joyana.fr\/wp-content\/uploads\/2010\/01\/Capture-d%C3%A2%E2%82%AC%E2%84%A2%C3%83%C2%A9cran-2014-04-21-%C3%83%C2%A0-10.19.00.png?fit=389%2C389&ssl=1",false,false,true],"medium_large":["https:\/\/i0.wp.com\/joyana.fr\/wp-content\/uploads\/2010\/01\/Capture-d%C3%A2%E2%82%AC%E2%84%A2%C3%83%C2%A9cran-2014-04-21-%C3%83%C2%A0-10.19.00.png?w=768&ssl=1",false,false,true],"large":["https:\/\/i0.wp.com\/joyana.fr\/wp-content\/uploads\/2010\/01\/Capture-d%C3%A2%E2%82%AC%E2%84%A2%C3%83%C2%A9cran-2014-04-21-%C3%83%C2%A0-10.19.00.png?fit=1024%2C1024&ssl=1",false,false,true],"1536x1536":["https:\/\/i0.wp.com\/joyana.fr\/wp-content\/uploads\/2010\/01\/Capture-d%C3%A2%E2%82%AC%E2%84%A2%C3%83%C2%A9cran-2014-04-21-%C3%83%C2%A0-10.19.00.png?fit=1536%2C1536&ssl=1",false,false,true],"2048x2048":["https:\/\/i0.wp.com\/joyana.fr\/wp-content\/uploads\/2010\/01\/Capture-d%C3%A2%E2%82%AC%E2%84%A2%C3%83%C2%A9cran-2014-04-21-%C3%83%C2%A0-10.19.00.png?fit=2048%2C2048&ssl=1",false,false,true],"featured-thumb":["https:\/\/i0.wp.com\/joyana.fr\/wp-content\/uploads\/2010\/01\/Capture-d%C3%A2%E2%82%AC%E2%84%A2%C3%83%C2%A9cran-2014-04-21-%C3%83%C2%A0-10.19.00.png?resize=1903%2C750&ssl=1",false,false,true],"ab-block-post-grid-landscape":["https:\/\/i0.wp.com\/joyana.fr\/wp-content\/uploads\/2010\/01\/Capture-d%C3%A2%E2%82%AC%E2%84%A2%C3%83%C2%A9cran-2014-04-21-%C3%83%C2%A0-10.19.00.png?resize=600%2C400&ssl=1",false,false,true],"ab-block-post-grid-square":["https:\/\/i0.wp.com\/joyana.fr\/wp-content\/uploads\/2010\/01\/Capture-d%C3%A2%E2%82%AC%E2%84%A2%C3%83%C2%A9cran-2014-04-21-%C3%83%C2%A0-10.19.00.png?resize=600%2C600&ssl=1",false,false,true],"author-pro-image":["https:\/\/i0.wp.com\/joyana.fr\/wp-content\/uploads\/2010\/01\/Capture-d%C3%A2%E2%82%AC%E2%84%A2%C3%83%C2%A9cran-2014-04-21-%C3%83%C2%A0-10.19.00.png?resize=360%2C570&ssl=1",false,false,true],"slider":["https:\/\/i0.wp.com\/joyana.fr\/wp-content\/uploads\/2010\/01\/Capture-d%C3%A2%E2%82%AC%E2%84%A2%C3%83%C2%A9cran-2014-04-21-%C3%83%C2%A0-10.19.00.png?resize=920%2C400&ssl=1",false,false,true],"woocommerce_thumbnail":["https:\/\/i0.wp.com\/joyana.fr\/wp-content\/uploads\/2010\/01\/Capture-d%C3%A2%E2%82%AC%E2%84%A2%C3%83%C2%A9cran-2014-04-21-%C3%83%C2%A0-10.19.00.png?resize=450%2C450&ssl=1",false,false,true],"woocommerce_single":["https:\/\/i0.wp.com\/joyana.fr\/wp-content\/uploads\/2010\/01\/Capture-d%C3%A2%E2%82%AC%E2%84%A2%C3%83%C2%A9cran-2014-04-21-%C3%83%C2%A0-10.19.00.png?w=920&ssl=1",false,false,true],"woocommerce_gallery_thumbnail":["https:\/\/i0.wp.com\/joyana.fr\/wp-content\/uploads\/2010\/01\/Capture-d%C3%A2%E2%82%AC%E2%84%A2%C3%83%C2%A9cran-2014-04-21-%C3%83%C2%A0-10.19.00.png?resize=180%2C180&ssl=1",false,false,true],"sow-carousel-default":["https:\/\/i0.wp.com\/joyana.fr\/wp-content\/uploads\/2010\/01\/Capture-d%C3%A2%E2%82%AC%E2%84%A2%C3%83%C2%A9cran-2014-04-21-%C3%83%C2%A0-10.19.00.png?resize=272%2C182&ssl=1",false,false,true]},"uagb_author_info":{"display_name":"Jo Yana","author_link":"https:\/\/joyana.fr\/en\/author\/joyana\/"},"uagb_comment_info":32,"uagb_excerpt":"Petit tour sur Maison et Objet 2010 chez les sp\u00e9cialistes de l&#8217;accessoires de d\u00e9coration Alessi, Gaia&#038;Gino et Lladro&#8230; Toute notre \u00e9quipe a totalement craqu\u00e9 devant la collection Parrot chez Lladro, un m\u00e9lange de modernit\u00e9 et d&#8217;univers kitch et d\u00e9cal\u00e9, qui nous a beaucoup fait penser \u00e0 Jeff Koons. WE LOVE IT !!! Et comme on&hellip;","coauthors":[],"tax_additional":{"categories":{"linked":["<a href=\"https:\/\/joyana.fr\/en\/category\/marques\/alessi\/\" class=\"advgb-post-tax-term\">Alessi<\/a>","<a href=\"https:\/\/joyana.fr\/en\/category\/deco-design\/\" class=\"advgb-post-tax-term\">DECO-DESIGN<\/a>","<a href=\"https:\/\/joyana.fr\/en\/category\/deco-design\/designer\/jaime-hayon\/\" class=\"advgb-post-tax-term\">Jaime HAYON<\/a>","<a href=\"https:\/\/joyana.fr\/en\/category\/deco-design\/actualite\/salon\/maison-et-objet\/\" class=\"advgb-post-tax-term\">MAISON &amp; OBJET<\/a>"],"unlinked":["<span class=\"advgb-post-tax-term\">Alessi<\/span>","<span class=\"advgb-post-tax-term\">DECO-DESIGN<\/span>","<span class=\"advgb-post-tax-term\">Jaime HAYON<\/span>","<span class=\"advgb-post-tax-term\">MAISON &amp; OBJET<\/span>"]},"tags":{"linked":["<a href=\"https:\/\/joyana.fr\/en\/category\/deco-design\/actualite\/salon\/maison-et-objet\/\" class=\"advgb-post-tax-term\">Jaime HAYON<\/a>"],"unlinked":["<span class=\"advgb-post-tax-term\">Jaime HAYON<\/span>"]}},"comment_count":22,"relative_dates":{"created":"Posted 16 years ago","modified":"Updated 16 years ago"},"absolute_dates":{"created":"Posted on 29 January 2010","modified":"Updated on 29 January 2010"},"absolute_dates_time":{"created":"Posted on 29 January 2010 9:00","modified":"Updated on 29 January 2010 9:00"},"featured_img_caption":"","series_order":"","jetpack_sharing_enabled":true,"jetpack_shortlink":"https:\/\/wp.me\/p9bteI-qRq","jetpack-related-posts":[],"_links":{"self":[{"href":"https:\/\/joyana.fr\/en\/wp-json\/wp\/v2\/posts\/103256","targetHints":{"allow":["GET"]}}],"collection":[{"href":"https:\/\/joyana.fr\/en\/wp-json\/wp\/v2\/posts"}],"about":[{"href":"https:\/\/joyana.fr\/en\/wp-json\/wp\/v2\/types\/post"}],"author":[{"embeddable":true,"href":"https:\/\/joyana.fr\/en\/wp-json\/wp\/v2\/users\/3"}],"replies":[{"embeddable":true,"href":"https:\/\/joyana.fr\/en\/wp-json\/wp\/v2\/comments?post=103256"}],"version-history":[{"count":0,"href":"https:\/\/joyana.fr\/en\/wp-json\/wp\/v2\/posts\/103256\/revisions"}],"wp:featuredmedia":[{"embeddable":true,"href":"https:\/\/joyana.fr\/en\/wp-json\/wp\/v2\/media\/116983"}],"wp:attachment":[{"href":"https:\/\/joyana.fr\/en\/wp-json\/wp\/v2\/media?parent=103256"}],"wp:term":[{"taxonomy":"category","embeddable":true,"href":"https:\/\/joyana.fr\/en\/wp-json\/wp\/v2\/categories?post=103256"},{"taxonomy":"post_tag","embeddable":true,"href":"https:\/\/joyana.fr\/en\/wp-json\/wp\/v2\/tags?post=103256"}],"curies":[{"name":"wp","href":"https:\/\/api.w.org\/{rel}","templated":true}]}}