{"id":103268,"date":"2010-02-02T09:18:22","date_gmt":"2010-02-02T08:18:22","guid":{"rendered":"https:\/\/joyana.fr\/talenti-collection-2010-karim-rashid\/"},"modified":"2010-02-02T09:18:22","modified_gmt":"2010-02-02T08:18:22","slug":"talenti-collection-2010-karim-rashid","status":"publish","type":"post","link":"https:\/\/joyana.fr\/en\/talenti-collection-2010-karim-rashid\/103268\/","title":{"rendered":"TALENTI : Collection 2010 par Karim RASHID"},"content":{"rendered":"<p><strong>Talenti<\/strong> -\u00e9diteur italien de mobilier <strong>indoor\/outdoor<\/strong>&#8211; nous pr\u00e9sente sa derni\u00e8re collection dessin\u00e9e par le talentueux <strong>Karim RASHID<\/strong>&#8230;<\/p>\n<p><img data-recalc-dims=\"1\" fetchpriority=\"high\" decoding=\"async\" src=\"https:\/\/i0.wp.com\/joyana.fr\/wp-content\/uploads\/talenti-karim-rashid.jpg?resize=500%2C332&#038;ssl=1\" alt=\"TALENTI : Collection Karim RASHID\" align=\"top\" border=\"0\" height=\"332\" hspace=\"8\" width=\"500\" \/><\/p>\n<p>La nouvelle collection 2010 Italian Exclusive Furniture par <strong>Talenti <\/strong>comprend diff\u00e9rentes typologies de produit : Set compos\u00e9s par canap\u00e9, fauteils, table \u00e0 caf\u00e9, et canap\u00e9s modulaires, chaise-longues, chaises et fauteils pour tables \u00e0 manger, bases pour plateaux en marbre, tole, bois.<\/p>\n<p>Tous ces articles sont disponibles en differents mat\u00e9riaux, comme la fibre synthetique, le metal,\u00a0 la tole, l\u2019aluminium, le lamin\u00e9, etc&#8230;<\/p>\n<p>Les produits que nous vous pr\u00e9sentons ici sont tous dessin\u00e9s par le <strong>designer<\/strong> <strong>Karim Rashid<\/strong> !!!<\/p>\n<p><img data-recalc-dims=\"1\" decoding=\"async\" src=\"https:\/\/i0.wp.com\/joyana.fr\/wp-content\/uploads\/talenti-karim-rashid-swell.jpg?resize=500%2C289&#038;ssl=1\" alt=\"TALENTI : Collection Karim RASHID\" align=\"top\" border=\"0\" height=\"289\" hspace=\"8\" width=\"500\" \/><\/p>\n<p><img data-recalc-dims=\"1\" decoding=\"async\" src=\"https:\/\/i0.wp.com\/joyana.fr\/wp-content\/uploads\/talenti-karim-rashid-2.jpg?resize=500%2C341&#038;ssl=1\" alt=\"TALENTI : Collection Karim RASHID\" align=\"top\" border=\"0\" height=\"341\" hspace=\"8\" width=\"500\" \/><\/p>\n<p><img data-recalc-dims=\"1\" loading=\"lazy\" decoding=\"async\" src=\"https:\/\/i0.wp.com\/joyana.fr\/wp-content\/uploads\/talenti-karim-rashid-breez.jpg?resize=500%2C293&#038;ssl=1\" alt=\"TALENTI : Collection Karim RASHID\" align=\"top\" border=\"0\" height=\"293\" hspace=\"8\" width=\"500\" \/><\/p>\n<p>Coup de coeur pour les tables imprim\u00e9es ci-dessous&#8230;<\/p>\n<p><img data-recalc-dims=\"1\" loading=\"lazy\" decoding=\"async\" src=\"https:\/\/i0.wp.com\/joyana.fr\/wp-content\/uploads\/talenti-karim-rashid-2f7.jpg?resize=500%2C227&#038;ssl=1\" alt=\"TALENTI : Collection Karim RASHID\" align=\"top\" border=\"0\" height=\"227\" hspace=\"8\" width=\"500\" \/><\/p>\n<p>La collection Allure par<strong> Talenti<\/strong> est originale et peut \u00eatre personnalis\u00e9e. Les produits qu\u2019elle comprend sont r\u00e9alis\u00e9s en Politech (polystyr\u00e8ne recouvert par des r\u00e9sines particuli\u00e8res). Cette collection de meubles au design frais, sont fonctionnels et parfaits pour l\u2019int\u00e9rieur&#8230;<\/p>\n<p><strong>Karim Rashid<\/strong> a contribu\u00e9 \u00e0 valoriser tout la ligne des produits de la marque italienne pour cette collection 2010 !!!<\/p>\n<p><img data-recalc-dims=\"1\" loading=\"lazy\" decoding=\"async\" src=\"https:\/\/i0.wp.com\/joyana.fr\/wp-content\/uploads\/talenti-karim-rashid-23.jpg?resize=500%2C279&#038;ssl=1\" alt=\"TALENTI : Collection Karim RASHID\" align=\"top\" border=\"0\" height=\"279\" hspace=\"8\" width=\"500\" \/><\/p>\n<p><strong><a href=\"http:\/\/www.talentisrl.com\/\" title=\"TALENTI\">http:\/\/www.talentisrl.com\/ <\/a><\/strong><\/p>\n<p><strong><a href=\"http:\/\/www.karimrashid.com\/\" title=\"KARIM RASHID\">http:\/\/www.karimrashid.com\/ <\/a><\/strong><\/p>\n<p>Disponible chez <a href=\"http:\/\/www.lepelican.fr\/\">http:\/\/www.lepelican.fr\/ <\/a><\/p>\n<p>&#8212;&#8212;&#8212;&#8212;&#8212;&#8211;<\/p>\n<p><a href=\"https:\/\/joyana.fr\/\" title=\"BLOG DECO DESIGN\">Jo Yana <\/a><\/p>\n","protected":false},"excerpt":{"rendered":"<p>Talenti -\u00e9diteur italien de mobilier indoor\/outdoor&#8211; nous pr\u00e9sente sa derni\u00e8re collection dessin\u00e9e par le talentueux Karim RASHID&#8230; La nouvelle collection 2010 Italian Exclusive Furniture par Talenti comprend diff\u00e9rentes typologies de produit : Set compos\u00e9s par canap\u00e9, fauteils, table \u00e0 caf\u00e9, et canap\u00e9s modulaires, chaise-longues, chaises et fauteils pour tables \u00e0 manger, bases pour plateaux en [&hellip;]<\/p>\n","protected":false},"author":3,"featured_media":124300,"comment_status":"open","ping_status":"open","sticky":false,"template":"","format":"standard","meta":{"_coblocks_attr":"","_coblocks_dimensions":"","_coblocks_responsive_height":"","_coblocks_accordion_ie_support":"","_uag_custom_page_level_css":"","advgb_blocks_editor_width":"","advgb_blocks_columns_visual_guide":"","_genesis_hide_title":false,"_genesis_hide_breadcrumbs":false,"_genesis_hide_singular_image":false,"_genesis_hide_footer_widgets":false,"_genesis_custom_body_class":"","_genesis_custom_post_class":"","_genesis_layout":"","_themeisle_gutenberg_block_has_review":false,"_jetpack_newsletter_access":"","_jetpack_dont_email_post_to_subs":false,"_jetpack_newsletter_tier_id":0,"_jetpack_memberships_contains_paywalled_content":false,"_jetpack_memberships_contains_paid_content":false,"footnotes":""},"categories":[905,926,942],"tags":[78,922,44],"class_list":{"0":"post-103268","1":"post","2":"type-post","3":"status-publish","4":"format-standard","5":"has-post-thumbnail","7":"category-deco-design","8":"category-karim-rashid","9":"category-mobilier","10":"tag-design","11":"tag-design-outdoor","12":"tag-karim-rashid","13":"entry"},"featured_image_urls":{"full":["https:\/\/i0.wp.com\/joyana.fr\/wp-content\/uploads\/2016\/08\/joyana-logo-black-360x180.png?fit=360%2C180&ssl=1",360,180,false],"thumbnail":["https:\/\/i0.wp.com\/joyana.fr\/wp-content\/uploads\/2016\/08\/joyana-logo-black-360x180.png?resize=150%2C150&ssl=1",150,150,true],"medium":["https:\/\/i0.wp.com\/joyana.fr\/wp-content\/uploads\/2016\/08\/joyana-logo-black-360x180.png?fit=360%2C180&ssl=1",360,180,true],"medium_large":["https:\/\/i0.wp.com\/joyana.fr\/wp-content\/uploads\/2016\/08\/joyana-logo-black-360x180.png?fit=360%2C180&ssl=1",360,180,true],"large":["https:\/\/i0.wp.com\/joyana.fr\/wp-content\/uploads\/2016\/08\/joyana-logo-black-360x180.png?fit=360%2C180&ssl=1",360,180,true],"1536x1536":["https:\/\/i0.wp.com\/joyana.fr\/wp-content\/uploads\/2016\/08\/joyana-logo-black-360x180.png?fit=360%2C180&ssl=1",360,180,true],"2048x2048":["https:\/\/i0.wp.com\/joyana.fr\/wp-content\/uploads\/2016\/08\/joyana-logo-black-360x180.png?fit=360%2C180&ssl=1",360,180,true],"featured-thumb":["https:\/\/i0.wp.com\/joyana.fr\/wp-content\/uploads\/2016\/08\/joyana-logo-black-360x180.png?resize=360%2C180&ssl=1",360,180,true],"ab-block-post-grid-landscape":["https:\/\/i0.wp.com\/joyana.fr\/wp-content\/uploads\/2016\/08\/joyana-logo-black-360x180.png?resize=360%2C180&ssl=1",360,180,true],"ab-block-post-grid-square":["https:\/\/i0.wp.com\/joyana.fr\/wp-content\/uploads\/2016\/08\/joyana-logo-black-360x180.png?resize=360%2C180&ssl=1",360,180,true],"author-pro-image":["https:\/\/i0.wp.com\/joyana.fr\/wp-content\/uploads\/2016\/08\/joyana-logo-black-360x180.png?resize=360%2C180&ssl=1",360,180,true],"slider":["https:\/\/i0.wp.com\/joyana.fr\/wp-content\/uploads\/2016\/08\/joyana-logo-black-360x180.png?resize=360%2C180&ssl=1",360,180,true],"woocommerce_thumbnail":["https:\/\/i0.wp.com\/joyana.fr\/wp-content\/uploads\/2016\/08\/joyana-logo-black-360x180.png?resize=300%2C180&ssl=1",300,180,true],"woocommerce_single":["https:\/\/i0.wp.com\/joyana.fr\/wp-content\/uploads\/2016\/08\/joyana-logo-black-360x180.png?fit=360%2C180&ssl=1",360,180,true],"woocommerce_gallery_thumbnail":["https:\/\/i0.wp.com\/joyana.fr\/wp-content\/uploads\/2016\/08\/joyana-logo-black-360x180.png?resize=180%2C180&ssl=1",180,180,true],"sow-carousel-default":["https:\/\/i0.wp.com\/joyana.fr\/wp-content\/uploads\/2016\/08\/joyana-logo-black-360x180.png?resize=272%2C180&ssl=1",272,180,true]},"post_excerpt_stackable":"<p>Talenti -\u00e9diteur italien de mobilier indoor\/outdoor&#8211; nous pr\u00e9sente sa derni\u00e8re collection dessin\u00e9e par le talentueux Karim RASHID&#8230; La nouvelle collection 2010 Italian Exclusive Furniture par Talenti comprend diff\u00e9rentes typologies de produit : Set compos\u00e9s par canap\u00e9, fauteils, table \u00e0 caf\u00e9, et canap\u00e9s modulaires, chaise-longues, chaises et fauteils pour tables \u00e0 manger, bases pour plateaux en marbre, tole, bois. Tous ces articles sont disponibles en differents mat\u00e9riaux, comme la fibre synthetique, le metal,\u00a0 la tole, l\u2019aluminium, le lamin\u00e9, etc&#8230; Les produits que nous vous pr\u00e9sentons ici sont tous dessin\u00e9s par le designer Karim Rashid !!! Coup de coeur pour les tables&hellip;<\/p>\n","category_list":"<a href=\"https:\/\/joyana.fr\/en\/category\/deco-design\/\" rel=\"category tag\">DECO-DESIGN<\/a>, <a href=\"https:\/\/joyana.fr\/en\/category\/deco-design\/designer\/karim-rashid\/\" rel=\"category tag\">Karim RASHID<\/a>, <a href=\"https:\/\/joyana.fr\/en\/category\/deco-design\/mobilier\/\" rel=\"category tag\">Mobilier<\/a>","author_info":{"display_name":"Jo Yana","author_link":"https:\/\/joyana.fr\/en\/author\/joyana\/"},"comments_num":"20 comments","featured_image_urls_v2":{"full":["https:\/\/i0.wp.com\/joyana.fr\/wp-content\/uploads\/2016\/08\/joyana-logo-black-360x180.png?fit=360%2C180&ssl=1",360,180,false],"thumbnail":["https:\/\/i0.wp.com\/joyana.fr\/wp-content\/uploads\/2016\/08\/joyana-logo-black-360x180.png?resize=150%2C150&ssl=1",150,150,true],"medium":["https:\/\/i0.wp.com\/joyana.fr\/wp-content\/uploads\/2016\/08\/joyana-logo-black-360x180.png?fit=360%2C180&ssl=1",360,180,true],"medium_large":["https:\/\/i0.wp.com\/joyana.fr\/wp-content\/uploads\/2016\/08\/joyana-logo-black-360x180.png?fit=360%2C180&ssl=1",360,180,true],"large":["https:\/\/i0.wp.com\/joyana.fr\/wp-content\/uploads\/2016\/08\/joyana-logo-black-360x180.png?fit=360%2C180&ssl=1",360,180,true],"1536x1536":["https:\/\/i0.wp.com\/joyana.fr\/wp-content\/uploads\/2016\/08\/joyana-logo-black-360x180.png?fit=360%2C180&ssl=1",360,180,true],"2048x2048":["https:\/\/i0.wp.com\/joyana.fr\/wp-content\/uploads\/2016\/08\/joyana-logo-black-360x180.png?fit=360%2C180&ssl=1",360,180,true],"featured-thumb":["https:\/\/i0.wp.com\/joyana.fr\/wp-content\/uploads\/2016\/08\/joyana-logo-black-360x180.png?resize=360%2C180&ssl=1",360,180,true],"ab-block-post-grid-landscape":["https:\/\/i0.wp.com\/joyana.fr\/wp-content\/uploads\/2016\/08\/joyana-logo-black-360x180.png?resize=360%2C180&ssl=1",360,180,true],"ab-block-post-grid-square":["https:\/\/i0.wp.com\/joyana.fr\/wp-content\/uploads\/2016\/08\/joyana-logo-black-360x180.png?resize=360%2C180&ssl=1",360,180,true],"author-pro-image":["https:\/\/i0.wp.com\/joyana.fr\/wp-content\/uploads\/2016\/08\/joyana-logo-black-360x180.png?resize=360%2C180&ssl=1",360,180,true],"slider":["https:\/\/i0.wp.com\/joyana.fr\/wp-content\/uploads\/2016\/08\/joyana-logo-black-360x180.png?resize=360%2C180&ssl=1",360,180,true],"woocommerce_thumbnail":["https:\/\/i0.wp.com\/joyana.fr\/wp-content\/uploads\/2016\/08\/joyana-logo-black-360x180.png?resize=300%2C180&ssl=1",300,180,true],"woocommerce_single":["https:\/\/i0.wp.com\/joyana.fr\/wp-content\/uploads\/2016\/08\/joyana-logo-black-360x180.png?fit=360%2C180&ssl=1",360,180,true],"woocommerce_gallery_thumbnail":["https:\/\/i0.wp.com\/joyana.fr\/wp-content\/uploads\/2016\/08\/joyana-logo-black-360x180.png?resize=180%2C180&ssl=1",180,180,true],"sow-carousel-default":["https:\/\/i0.wp.com\/joyana.fr\/wp-content\/uploads\/2016\/08\/joyana-logo-black-360x180.png?resize=272%2C180&ssl=1",272,180,true]},"post_excerpt_stackable_v2":"<p>Talenti -\u00e9diteur italien de mobilier indoor\/outdoor&#8211; nous pr\u00e9sente sa derni\u00e8re collection dessin\u00e9e par le talentueux Karim RASHID&#8230; La nouvelle collection 2010 Italian Exclusive Furniture par Talenti comprend diff\u00e9rentes typologies de produit : Set compos\u00e9s par canap\u00e9, fauteils, table \u00e0 caf\u00e9, et canap\u00e9s modulaires, chaise-longues, chaises et fauteils pour tables \u00e0 manger, bases pour plateaux en marbre, tole, bois. Tous ces articles sont disponibles en differents mat\u00e9riaux, comme la fibre synthetique, le metal,\u00a0 la tole, l\u2019aluminium, le lamin\u00e9, etc&#8230; Les produits que nous vous pr\u00e9sentons ici sont tous dessin\u00e9s par le designer Karim Rashid !!! Coup de coeur pour les tables&hellip;<\/p>\n","category_list_v2":"<a href=\"https:\/\/joyana.fr\/en\/category\/deco-design\/\" rel=\"category tag\">DECO-DESIGN<\/a>, <a href=\"https:\/\/joyana.fr\/en\/category\/deco-design\/designer\/karim-rashid\/\" rel=\"category tag\">Karim RASHID<\/a>, <a href=\"https:\/\/joyana.fr\/en\/category\/deco-design\/mobilier\/\" rel=\"category tag\">Mobilier<\/a>","author_info_v2":{"name":"Jo Yana","url":"https:\/\/joyana.fr\/en\/author\/joyana\/"},"comments_num_v2":"20 comments","yoast_head":"<!-- This site is optimized with the Yoast SEO plugin v26.8 - https:\/\/yoast.com\/product\/yoast-seo-wordpress\/ -->\n<title>TALENTI : Collection 2010 par Karim RASHID - JO YANA<\/title>\n<meta name=\"robots\" content=\"index, follow, max-snippet:-1, max-image-preview:large, max-video-preview:-1\" \/>\n<link rel=\"canonical\" href=\"https:\/\/joyana.fr\/en\/talenti-collection-2010-karim-rashid\/103268\/\" \/>\n<meta property=\"og:locale\" content=\"en_US\" \/>\n<meta property=\"og:locale:alternate\" content=\"fr_FR\" \/>\n<meta property=\"og:locale:alternate\" content=\"ja\" \/>\n<meta property=\"og:type\" content=\"article\" \/>\n<meta property=\"og:title\" content=\"TALENTI : Collection 2010 par Karim RASHID - JO YANA\" \/>\n<meta property=\"og:description\" content=\"Talenti -\u00e9diteur italien de mobilier indoor\/outdoor&#8211; nous pr\u00e9sente sa derni\u00e8re collection dessin\u00e9e par le talentueux Karim RASHID&#8230; La nouvelle collection 2010 Italian Exclusive Furniture par Talenti comprend diff\u00e9rentes typologies de produit : Set compos\u00e9s par canap\u00e9, fauteils, table \u00e0 caf\u00e9, et canap\u00e9s modulaires, chaise-longues, chaises et fauteils pour tables \u00e0 manger, bases pour plateaux en [&hellip;]\" \/>\n<meta property=\"og:url\" content=\"https:\/\/joyana.fr\/en\/talenti-collection-2010-karim-rashid\/103268\/\" \/>\n<meta property=\"og:site_name\" content=\"JO YANA\" \/>\n<meta property=\"article:published_time\" content=\"2010-02-02T08:18:22+00:00\" \/>\n<meta property=\"og:image\" content=\"https:\/\/joyana.fr\/wp-content\/uploads\/2016\/08\/joyana-logo-black-360x180.png\" \/>\n\t<meta property=\"og:image:width\" content=\"360\" \/>\n\t<meta property=\"og:image:height\" content=\"180\" \/>\n\t<meta property=\"og:image:type\" content=\"image\/png\" \/>\n<meta name=\"author\" content=\"Jo Yana\" \/>\n<meta name=\"twitter:card\" content=\"summary_large_image\" \/>\n<meta name=\"twitter:creator\" content=\"@Jo_Yana\" \/>\n<meta name=\"twitter:site\" content=\"@Jo_Yana\" \/>\n<meta name=\"twitter:label1\" content=\"Written by\" \/>\n\t<meta name=\"twitter:data1\" content=\"Jo Yana\" \/>\n\t<meta name=\"twitter:label2\" content=\"Est. reading time\" \/>\n\t<meta name=\"twitter:data2\" content=\"1 minute\" \/>\n<script type=\"application\/ld+json\" class=\"yoast-schema-graph\">{\"@context\":\"https:\/\/schema.org\",\"@graph\":[{\"@type\":\"Article\",\"@id\":\"https:\/\/joyana.fr\/en\/talenti-collection-2010-karim-rashid\/103268\/#article\",\"isPartOf\":{\"@id\":\"https:\/\/joyana.fr\/en\/talenti-collection-2010-karim-rashid\/103268\/\"},\"author\":{\"name\":\"Jo Yana\",\"@id\":\"https:\/\/joyana.fr\/en\/#\/schema\/person\/cf2a1ad12a27c12c21801075bf37407c\"},\"headline\":\"TALENTI : Collection 2010 par Karim RASHID\",\"datePublished\":\"2010-02-02T08:18:22+00:00\",\"mainEntityOfPage\":{\"@id\":\"https:\/\/joyana.fr\/en\/talenti-collection-2010-karim-rashid\/103268\/\"},\"wordCount\":196,\"commentCount\":0,\"publisher\":{\"@id\":\"https:\/\/joyana.fr\/en\/#\/schema\/person\/cf2a1ad12a27c12c21801075bf37407c\"},\"image\":{\"@id\":\"https:\/\/joyana.fr\/en\/talenti-collection-2010-karim-rashid\/103268\/#primaryimage\"},\"thumbnailUrl\":\"https:\/\/i0.wp.com\/joyana.fr\/wp-content\/uploads\/2016\/08\/joyana-logo-black-360x180.png?fit=360%2C180&ssl=1\",\"keywords\":[\"DESIGN\",\"Design Outdoor\",\"Karim RASHID\"],\"articleSection\":[\"DECO-DESIGN\",\"Karim RASHID\",\"Mobilier\"],\"inLanguage\":\"en-US\",\"potentialAction\":[{\"@type\":\"CommentAction\",\"name\":\"Comment\",\"target\":[\"https:\/\/joyana.fr\/en\/talenti-collection-2010-karim-rashid\/103268\/#respond\"]}]},{\"@type\":\"WebPage\",\"@id\":\"https:\/\/joyana.fr\/en\/talenti-collection-2010-karim-rashid\/103268\/\",\"url\":\"https:\/\/joyana.fr\/en\/talenti-collection-2010-karim-rashid\/103268\/\",\"name\":\"TALENTI : Collection 2010 par Karim RASHID - JO YANA\",\"isPartOf\":{\"@id\":\"https:\/\/joyana.fr\/en\/#website\"},\"primaryImageOfPage\":{\"@id\":\"https:\/\/joyana.fr\/en\/talenti-collection-2010-karim-rashid\/103268\/#primaryimage\"},\"image\":{\"@id\":\"https:\/\/joyana.fr\/en\/talenti-collection-2010-karim-rashid\/103268\/#primaryimage\"},\"thumbnailUrl\":\"https:\/\/i0.wp.com\/joyana.fr\/wp-content\/uploads\/2016\/08\/joyana-logo-black-360x180.png?fit=360%2C180&ssl=1\",\"datePublished\":\"2010-02-02T08:18:22+00:00\",\"breadcrumb\":{\"@id\":\"https:\/\/joyana.fr\/en\/talenti-collection-2010-karim-rashid\/103268\/#breadcrumb\"},\"inLanguage\":\"en-US\",\"potentialAction\":[{\"@type\":\"ReadAction\",\"target\":[\"https:\/\/joyana.fr\/en\/talenti-collection-2010-karim-rashid\/103268\/\"]}]},{\"@type\":\"ImageObject\",\"inLanguage\":\"en-US\",\"@id\":\"https:\/\/joyana.fr\/en\/talenti-collection-2010-karim-rashid\/103268\/#primaryimage\",\"url\":\"https:\/\/i0.wp.com\/joyana.fr\/wp-content\/uploads\/2016\/08\/joyana-logo-black-360x180.png?fit=360%2C180&ssl=1\",\"contentUrl\":\"https:\/\/i0.wp.com\/joyana.fr\/wp-content\/uploads\/2016\/08\/joyana-logo-black-360x180.png?fit=360%2C180&ssl=1\",\"width\":360,\"height\":180,\"caption\":\"logo joyana.fr\"},{\"@type\":\"BreadcrumbList\",\"@id\":\"https:\/\/joyana.fr\/en\/talenti-collection-2010-karim-rashid\/103268\/#breadcrumb\",\"itemListElement\":[{\"@type\":\"ListItem\",\"position\":1,\"name\":\"Accueil\",\"item\":\"https:\/\/joyana.fr\/en\/\"},{\"@type\":\"ListItem\",\"position\":2,\"name\":\"TALENTI : Collection 2010 par Karim RASHID\"}]},{\"@type\":\"WebSite\",\"@id\":\"https:\/\/joyana.fr\/en\/#website\",\"url\":\"https:\/\/joyana.fr\/en\/\",\"name\":\"JO YANA\",\"description\":\"Blog Mode Homme, Lifestyle, D\u00e9co-Design\",\"publisher\":{\"@id\":\"https:\/\/joyana.fr\/en\/#\/schema\/person\/cf2a1ad12a27c12c21801075bf37407c\"},\"potentialAction\":[{\"@type\":\"SearchAction\",\"target\":{\"@type\":\"EntryPoint\",\"urlTemplate\":\"https:\/\/joyana.fr\/en\/?s={search_term_string}\"},\"query-input\":{\"@type\":\"PropertyValueSpecification\",\"valueRequired\":true,\"valueName\":\"search_term_string\"}}],\"inLanguage\":\"en-US\"},{\"@type\":[\"Person\",\"Organization\"],\"@id\":\"https:\/\/joyana.fr\/en\/#\/schema\/person\/cf2a1ad12a27c12c21801075bf37407c\",\"name\":\"Jo Yana\",\"image\":{\"@type\":\"ImageObject\",\"inLanguage\":\"en-US\",\"@id\":\"https:\/\/joyana.fr\/en\/#\/schema\/person\/image\/\",\"url\":\"https:\/\/i0.wp.com\/joyana.fr\/wp-content\/uploads\/2016\/08\/cropped-joyana-logo-black-360x180.png?fit=343%2C164&ssl=1\",\"contentUrl\":\"https:\/\/i0.wp.com\/joyana.fr\/wp-content\/uploads\/2016\/08\/cropped-joyana-logo-black-360x180.png?fit=343%2C164&ssl=1\",\"width\":343,\"height\":164,\"caption\":\"Jo Yana\"},\"logo\":{\"@id\":\"https:\/\/joyana.fr\/en\/#\/schema\/person\/image\/\"},\"description\":\"Jo Yana est le cr\u00e9ateur et r\u00e9dacteur en chef des sites DECO-DESIGN. Passionn\u00e9 de Design, Mode, Photo, Luxe, Lifestyle, Musique, mais avant tout Blogueur ! Le plaisir de partager l'anime et a comme devise \\\"POUR L'AMOUR DU BEAU\\\". Retrouvez le aussi sur son blog personnel - https:\/\/joyana.fr...\",\"sameAs\":[\"https:\/\/joyana.fr\/\"],\"url\":\"https:\/\/joyana.fr\/en\/author\/joyana\/\"}]}<\/script>\n<!-- \/ Yoast SEO plugin. -->","yoast_head_json":{"title":"TALENTI : Collection 2010 par Karim RASHID - JO YANA","robots":{"index":"index","follow":"follow","max-snippet":"max-snippet:-1","max-image-preview":"max-image-preview:large","max-video-preview":"max-video-preview:-1"},"canonical":"https:\/\/joyana.fr\/en\/talenti-collection-2010-karim-rashid\/103268\/","og_locale":"en_US","og_type":"article","og_title":"TALENTI : Collection 2010 par Karim RASHID - JO YANA","og_description":"Talenti -\u00e9diteur italien de mobilier indoor\/outdoor&#8211; nous pr\u00e9sente sa derni\u00e8re collection dessin\u00e9e par le talentueux Karim RASHID&#8230; La nouvelle collection 2010 Italian Exclusive Furniture par Talenti comprend diff\u00e9rentes typologies de produit : Set compos\u00e9s par canap\u00e9, fauteils, table \u00e0 caf\u00e9, et canap\u00e9s modulaires, chaise-longues, chaises et fauteils pour tables \u00e0 manger, bases pour plateaux en [&hellip;]","og_url":"https:\/\/joyana.fr\/en\/talenti-collection-2010-karim-rashid\/103268\/","og_site_name":"JO YANA","article_published_time":"2010-02-02T08:18:22+00:00","og_image":[{"width":360,"height":180,"url":"https:\/\/joyana.fr\/wp-content\/uploads\/2016\/08\/joyana-logo-black-360x180.png","type":"image\/png"}],"author":"Jo Yana","twitter_card":"summary_large_image","twitter_creator":"@Jo_Yana","twitter_site":"@Jo_Yana","twitter_misc":{"Written by":"Jo Yana","Est. reading time":"1 minute"},"schema":{"@context":"https:\/\/schema.org","@graph":[{"@type":"Article","@id":"https:\/\/joyana.fr\/en\/talenti-collection-2010-karim-rashid\/103268\/#article","isPartOf":{"@id":"https:\/\/joyana.fr\/en\/talenti-collection-2010-karim-rashid\/103268\/"},"author":{"name":"Jo Yana","@id":"https:\/\/joyana.fr\/en\/#\/schema\/person\/cf2a1ad12a27c12c21801075bf37407c"},"headline":"TALENTI : Collection 2010 par Karim RASHID","datePublished":"2010-02-02T08:18:22+00:00","mainEntityOfPage":{"@id":"https:\/\/joyana.fr\/en\/talenti-collection-2010-karim-rashid\/103268\/"},"wordCount":196,"commentCount":0,"publisher":{"@id":"https:\/\/joyana.fr\/en\/#\/schema\/person\/cf2a1ad12a27c12c21801075bf37407c"},"image":{"@id":"https:\/\/joyana.fr\/en\/talenti-collection-2010-karim-rashid\/103268\/#primaryimage"},"thumbnailUrl":"https:\/\/i0.wp.com\/joyana.fr\/wp-content\/uploads\/2016\/08\/joyana-logo-black-360x180.png?fit=360%2C180&ssl=1","keywords":["DESIGN","Design Outdoor","Karim RASHID"],"articleSection":["DECO-DESIGN","Karim RASHID","Mobilier"],"inLanguage":"en-US","potentialAction":[{"@type":"CommentAction","name":"Comment","target":["https:\/\/joyana.fr\/en\/talenti-collection-2010-karim-rashid\/103268\/#respond"]}]},{"@type":"WebPage","@id":"https:\/\/joyana.fr\/en\/talenti-collection-2010-karim-rashid\/103268\/","url":"https:\/\/joyana.fr\/en\/talenti-collection-2010-karim-rashid\/103268\/","name":"TALENTI : Collection 2010 par Karim RASHID - JO YANA","isPartOf":{"@id":"https:\/\/joyana.fr\/en\/#website"},"primaryImageOfPage":{"@id":"https:\/\/joyana.fr\/en\/talenti-collection-2010-karim-rashid\/103268\/#primaryimage"},"image":{"@id":"https:\/\/joyana.fr\/en\/talenti-collection-2010-karim-rashid\/103268\/#primaryimage"},"thumbnailUrl":"https:\/\/i0.wp.com\/joyana.fr\/wp-content\/uploads\/2016\/08\/joyana-logo-black-360x180.png?fit=360%2C180&ssl=1","datePublished":"2010-02-02T08:18:22+00:00","breadcrumb":{"@id":"https:\/\/joyana.fr\/en\/talenti-collection-2010-karim-rashid\/103268\/#breadcrumb"},"inLanguage":"en-US","potentialAction":[{"@type":"ReadAction","target":["https:\/\/joyana.fr\/en\/talenti-collection-2010-karim-rashid\/103268\/"]}]},{"@type":"ImageObject","inLanguage":"en-US","@id":"https:\/\/joyana.fr\/en\/talenti-collection-2010-karim-rashid\/103268\/#primaryimage","url":"https:\/\/i0.wp.com\/joyana.fr\/wp-content\/uploads\/2016\/08\/joyana-logo-black-360x180.png?fit=360%2C180&ssl=1","contentUrl":"https:\/\/i0.wp.com\/joyana.fr\/wp-content\/uploads\/2016\/08\/joyana-logo-black-360x180.png?fit=360%2C180&ssl=1","width":360,"height":180,"caption":"logo joyana.fr"},{"@type":"BreadcrumbList","@id":"https:\/\/joyana.fr\/en\/talenti-collection-2010-karim-rashid\/103268\/#breadcrumb","itemListElement":[{"@type":"ListItem","position":1,"name":"Accueil","item":"https:\/\/joyana.fr\/en\/"},{"@type":"ListItem","position":2,"name":"TALENTI : Collection 2010 par Karim RASHID"}]},{"@type":"WebSite","@id":"https:\/\/joyana.fr\/en\/#website","url":"https:\/\/joyana.fr\/en\/","name":"JO YANA","description":"Blog Mode Homme, Lifestyle, D\u00e9co-Design","publisher":{"@id":"https:\/\/joyana.fr\/en\/#\/schema\/person\/cf2a1ad12a27c12c21801075bf37407c"},"potentialAction":[{"@type":"SearchAction","target":{"@type":"EntryPoint","urlTemplate":"https:\/\/joyana.fr\/en\/?s={search_term_string}"},"query-input":{"@type":"PropertyValueSpecification","valueRequired":true,"valueName":"search_term_string"}}],"inLanguage":"en-US"},{"@type":["Person","Organization"],"@id":"https:\/\/joyana.fr\/en\/#\/schema\/person\/cf2a1ad12a27c12c21801075bf37407c","name":"Jo Yana","image":{"@type":"ImageObject","inLanguage":"en-US","@id":"https:\/\/joyana.fr\/en\/#\/schema\/person\/image\/","url":"https:\/\/i0.wp.com\/joyana.fr\/wp-content\/uploads\/2016\/08\/cropped-joyana-logo-black-360x180.png?fit=343%2C164&ssl=1","contentUrl":"https:\/\/i0.wp.com\/joyana.fr\/wp-content\/uploads\/2016\/08\/cropped-joyana-logo-black-360x180.png?fit=343%2C164&ssl=1","width":343,"height":164,"caption":"Jo Yana"},"logo":{"@id":"https:\/\/joyana.fr\/en\/#\/schema\/person\/image\/"},"description":"Jo Yana est le cr\u00e9ateur et r\u00e9dacteur en chef des sites DECO-DESIGN. Passionn\u00e9 de Design, Mode, Photo, Luxe, Lifestyle, Musique, mais avant tout Blogueur ! Le plaisir de partager l'anime et a comme devise \"POUR L'AMOUR DU BEAU\". Retrouvez le aussi sur son blog personnel - https:\/\/joyana.fr...","sameAs":["https:\/\/joyana.fr\/"],"url":"https:\/\/joyana.fr\/en\/author\/joyana\/"}]}},"author_meta":{"display_name":"Jo Yana","author_link":"https:\/\/joyana.fr\/en\/author\/joyana\/"},"featured_img":"https:\/\/i0.wp.com\/joyana.fr\/wp-content\/uploads\/2016\/08\/joyana-logo-black-360x180.png?fit=360%2C180&ssl=1","featured_image_src":"https:\/\/i0.wp.com\/joyana.fr\/wp-content\/uploads\/2016\/08\/joyana-logo-black-360x180.png?resize=360%2C180&ssl=1","featured_image_src_square":"https:\/\/i0.wp.com\/joyana.fr\/wp-content\/uploads\/2016\/08\/joyana-logo-black-360x180.png?resize=360%2C180&ssl=1","jetpack_featured_media_url":"https:\/\/i0.wp.com\/joyana.fr\/wp-content\/uploads\/2016\/08\/joyana-logo-black-360x180.png?fit=360%2C180&ssl=1","uagb_featured_image_src":{"full":["https:\/\/i0.wp.com\/joyana.fr\/wp-content\/uploads\/2016\/08\/joyana-logo-black-360x180.png?fit=360%2C180&ssl=1",360,180,false],"thumbnail":["https:\/\/i0.wp.com\/joyana.fr\/wp-content\/uploads\/2016\/08\/joyana-logo-black-360x180.png?resize=150%2C150&ssl=1",150,150,true],"medium":["https:\/\/i0.wp.com\/joyana.fr\/wp-content\/uploads\/2016\/08\/joyana-logo-black-360x180.png?fit=360%2C180&ssl=1",360,180,true],"medium_large":["https:\/\/i0.wp.com\/joyana.fr\/wp-content\/uploads\/2016\/08\/joyana-logo-black-360x180.png?fit=360%2C180&ssl=1",360,180,true],"large":["https:\/\/i0.wp.com\/joyana.fr\/wp-content\/uploads\/2016\/08\/joyana-logo-black-360x180.png?fit=360%2C180&ssl=1",360,180,true],"1536x1536":["https:\/\/i0.wp.com\/joyana.fr\/wp-content\/uploads\/2016\/08\/joyana-logo-black-360x180.png?fit=360%2C180&ssl=1",360,180,true],"2048x2048":["https:\/\/i0.wp.com\/joyana.fr\/wp-content\/uploads\/2016\/08\/joyana-logo-black-360x180.png?fit=360%2C180&ssl=1",360,180,true],"featured-thumb":["https:\/\/i0.wp.com\/joyana.fr\/wp-content\/uploads\/2016\/08\/joyana-logo-black-360x180.png?resize=360%2C180&ssl=1",360,180,true],"ab-block-post-grid-landscape":["https:\/\/i0.wp.com\/joyana.fr\/wp-content\/uploads\/2016\/08\/joyana-logo-black-360x180.png?resize=360%2C180&ssl=1",360,180,true],"ab-block-post-grid-square":["https:\/\/i0.wp.com\/joyana.fr\/wp-content\/uploads\/2016\/08\/joyana-logo-black-360x180.png?resize=360%2C180&ssl=1",360,180,true],"author-pro-image":["https:\/\/i0.wp.com\/joyana.fr\/wp-content\/uploads\/2016\/08\/joyana-logo-black-360x180.png?resize=360%2C180&ssl=1",360,180,true],"slider":["https:\/\/i0.wp.com\/joyana.fr\/wp-content\/uploads\/2016\/08\/joyana-logo-black-360x180.png?resize=360%2C180&ssl=1",360,180,true],"woocommerce_thumbnail":["https:\/\/i0.wp.com\/joyana.fr\/wp-content\/uploads\/2016\/08\/joyana-logo-black-360x180.png?resize=300%2C180&ssl=1",300,180,true],"woocommerce_single":["https:\/\/i0.wp.com\/joyana.fr\/wp-content\/uploads\/2016\/08\/joyana-logo-black-360x180.png?fit=360%2C180&ssl=1",360,180,true],"woocommerce_gallery_thumbnail":["https:\/\/i0.wp.com\/joyana.fr\/wp-content\/uploads\/2016\/08\/joyana-logo-black-360x180.png?resize=180%2C180&ssl=1",180,180,true],"sow-carousel-default":["https:\/\/i0.wp.com\/joyana.fr\/wp-content\/uploads\/2016\/08\/joyana-logo-black-360x180.png?resize=272%2C180&ssl=1",272,180,true]},"uagb_author_info":{"display_name":"Jo Yana","author_link":"https:\/\/joyana.fr\/en\/author\/joyana\/"},"uagb_comment_info":45,"uagb_excerpt":"Talenti -\u00e9diteur italien de mobilier indoor\/outdoor&#8211; nous pr\u00e9sente sa derni\u00e8re collection dessin\u00e9e par le talentueux Karim RASHID&#8230; La nouvelle collection 2010 Italian Exclusive Furniture par Talenti comprend diff\u00e9rentes typologies de produit : Set compos\u00e9s par canap\u00e9, fauteils, table \u00e0 caf\u00e9, et canap\u00e9s modulaires, chaise-longues, chaises et fauteils pour tables \u00e0 manger, bases pour plateaux en&hellip;","coauthors":[],"tax_additional":{"categories":{"linked":["<a href=\"https:\/\/joyana.fr\/en\/category\/deco-design\/\" class=\"advgb-post-tax-term\">DECO-DESIGN<\/a>","<a href=\"https:\/\/joyana.fr\/en\/category\/deco-design\/designer\/karim-rashid\/\" class=\"advgb-post-tax-term\">Karim RASHID<\/a>","<a href=\"https:\/\/joyana.fr\/en\/category\/deco-design\/mobilier\/\" class=\"advgb-post-tax-term\">Mobilier<\/a>"],"unlinked":["<span class=\"advgb-post-tax-term\">DECO-DESIGN<\/span>","<span class=\"advgb-post-tax-term\">Karim RASHID<\/span>","<span class=\"advgb-post-tax-term\">Mobilier<\/span>"]},"tags":{"linked":["<a href=\"https:\/\/joyana.fr\/en\/category\/deco-design\/mobilier\/\" class=\"advgb-post-tax-term\">DESIGN<\/a>","<a href=\"https:\/\/joyana.fr\/en\/category\/deco-design\/mobilier\/\" class=\"advgb-post-tax-term\">Design Outdoor<\/a>","<a href=\"https:\/\/joyana.fr\/en\/category\/deco-design\/mobilier\/\" class=\"advgb-post-tax-term\">Karim RASHID<\/a>"],"unlinked":["<span class=\"advgb-post-tax-term\">DESIGN<\/span>","<span class=\"advgb-post-tax-term\">Design Outdoor<\/span>","<span class=\"advgb-post-tax-term\">Karim RASHID<\/span>"]}},"comment_count":20,"relative_dates":{"created":"Posted 16 years ago","modified":"Updated 16 years ago"},"absolute_dates":{"created":"Posted on 2 February 2010","modified":"Updated on 2 February 2010"},"absolute_dates_time":{"created":"Posted on 2 February 2010 9:18","modified":"Updated on 2 February 2010 9:18"},"featured_img_caption":"","series_order":"","jetpack_sharing_enabled":true,"jetpack_shortlink":"https:\/\/wp.me\/p9bteI-qRC","jetpack-related-posts":[],"_links":{"self":[{"href":"https:\/\/joyana.fr\/en\/wp-json\/wp\/v2\/posts\/103268","targetHints":{"allow":["GET"]}}],"collection":[{"href":"https:\/\/joyana.fr\/en\/wp-json\/wp\/v2\/posts"}],"about":[{"href":"https:\/\/joyana.fr\/en\/wp-json\/wp\/v2\/types\/post"}],"author":[{"embeddable":true,"href":"https:\/\/joyana.fr\/en\/wp-json\/wp\/v2\/users\/3"}],"replies":[{"embeddable":true,"href":"https:\/\/joyana.fr\/en\/wp-json\/wp\/v2\/comments?post=103268"}],"version-history":[{"count":0,"href":"https:\/\/joyana.fr\/en\/wp-json\/wp\/v2\/posts\/103268\/revisions"}],"wp:featuredmedia":[{"embeddable":true,"href":"https:\/\/joyana.fr\/en\/wp-json\/wp\/v2\/media\/124300"}],"wp:attachment":[{"href":"https:\/\/joyana.fr\/en\/wp-json\/wp\/v2\/media?parent=103268"}],"wp:term":[{"taxonomy":"category","embeddable":true,"href":"https:\/\/joyana.fr\/en\/wp-json\/wp\/v2\/categories?post=103268"},{"taxonomy":"post_tag","embeddable":true,"href":"https:\/\/joyana.fr\/en\/wp-json\/wp\/v2\/tags?post=103268"}],"curies":[{"name":"wp","href":"https:\/\/api.w.org\/{rel}","templated":true}]}}