{"id":103527,"date":"2010-04-18T16:41:03","date_gmt":"2010-04-18T15:41:03","guid":{"rendered":"https:\/\/joyana.fr\/kartell-lights\/"},"modified":"2010-04-18T16:41:03","modified_gmt":"2010-04-18T15:41:03","slug":"kartell-lights","status":"publish","type":"post","link":"https:\/\/joyana.fr\/en\/kartell-lights\/103527\/","title":{"rendered":"KARTELL Lights"},"content":{"rendered":"<p>Nous avons eu la chance de d\u00e9couvrir le nouvel espace du <a title=\"SHOWROOM KARTELL\" href=\"https:\/\/joyana.fr\/flagship-store-kartell-a-marseille\/\"><strong>showroom Kartell <\/strong>Marseille<\/a> -intitul\u00e9 <strong>Kartell<\/strong> <strong>Lights<\/strong>&#8211; o\u00f9 les cr\u00e9ations de Ferruccio Laviani sont magnifiquement mis en avant sur fond noir&#8230;<\/p>\n<p><img data-recalc-dims=\"1\" decoding=\"async\" src=\"https:\/\/i0.wp.com\/joyana.fr\/wp-content\/uploads\/kartell_6655.jpg?ssl=1\" alt=\"KARTELL Lights\" hspace=\"8\" align=\"top\" \/><\/p>\n<p> Inaugur\u00e9 en Avril 2007, le flagship store <strong><a title=\"kartell\" href=\"https:\/\/joyana.fr\/tag\/kartell\/\">Kartell<\/a> <\/strong>Marseille est devenu un arr\u00eat obligatoire lors de notre parcours design dans les rues de la cit\u00e9 phoc\u00e9enne.<\/p>\n<p>Ce nouvel espace <strong>Kartell Lights <\/strong>apporte un gros plus \u00e0 l&#8217;exposition de la collection de luminaires -tous sign\u00e9s par <strong>Ferruccio Laviani<\/strong> !!!<\/p>\n<p><img data-recalc-dims=\"1\" decoding=\"async\" src=\"https:\/\/i0.wp.com\/joyana.fr\/wp-content\/uploads\/kartell_6633.jpg?ssl=1\" alt=\"KARTELL Lights\" hspace=\"8\" align=\"top\" \/><\/p>\n<p><img data-recalc-dims=\"1\" decoding=\"async\" src=\"https:\/\/i0.wp.com\/joyana.fr\/wp-content\/uploads\/kartell_6638.jpg?ssl=1\" alt=\"KARTELL Lights\" hspace=\"8\" align=\"top\" \/><\/p>\n<h2>Mais pourquoi tout ce noir ???<\/h2>\n<p>Cette boite noire <strong>Kartell Lights<\/strong> permet de se rendre vraiment compte de l&#8217;\u00e9clairage de chaque luminaire, qui ne s&#8217;\u00e9clipse pas les uns les autres, comme cela est souvent le cas sur fond blanc&#8230;<\/p>\n<p><img data-recalc-dims=\"1\" decoding=\"async\" src=\"https:\/\/i0.wp.com\/joyana.fr\/wp-content\/uploads\/kartell_6665.jpg?ssl=1\" alt=\"KARTELL Lights\" hspace=\"8\" align=\"top\" \/><\/p>\n<p><img data-recalc-dims=\"1\" decoding=\"async\" src=\"https:\/\/i0.wp.com\/joyana.fr\/wp-content\/uploads\/kartell_6680.jpg?ssl=1\" alt=\"KARTELL Lights\" hspace=\"8\" align=\"top\" \/><\/p>\n<p>Le r\u00e9sultat : un superbe espace, qui donne envie d&#8217;acheter (c&#8217;\u00e9tait le but non ???), et nous fait red\u00e9couvrir sous un autre aspect les cr\u00e9ations de Ferruccio Laviani.<\/p>\n<p><a title=\"BLOG DECO DESIGN\" href=\"https:\/\/joyana.fr\/\">Deco-Design<\/a> approuve !!!<\/p>\n<p><img data-recalc-dims=\"1\" decoding=\"async\" src=\"https:\/\/i0.wp.com\/joyana.fr\/wp-content\/uploads\/kartell_6645.jpg?ssl=1\" alt=\"KARTELL Lights\" hspace=\"8\" align=\"top\" \/><\/p>\n<p><strong>Kartell Lights au Flagship Store Marseille<\/strong><br \/>\n119 rue Paradis<br \/>\n13008 Marseille<\/p>\n<p><strong><a title=\"kartell\" href=\"http:\/\/www.kartell.it\/\">http:\/\/www.kartell.it\/<\/a><\/strong><\/p>\n<p>&#8212;&#8212;&#8212;&#8212;&#8212;<\/p>\n<p><a title=\"blog design\" href=\"https:\/\/joyana.fr\">Jo Yana <\/a><\/p>\n<p><strong><a title=\"kartell\" href=\"http:\/\/www.kartell.it\/\"><\/a><\/strong><\/p>\n","protected":false},"excerpt":{"rendered":"<p>Nous avons eu la chance de d\u00e9couvrir le nouvel espace du showroom Kartell Marseille -intitul\u00e9 Kartell Lights&#8211; o\u00f9 les cr\u00e9ations de Ferruccio Laviani sont magnifiquement mis en avant sur fond noir&#8230; Inaugur\u00e9 en Avril 2007, le flagship store Kartell Marseille est devenu un arr\u00eat obligatoire lors de notre parcours design dans les rues de la [&hellip;]<\/p>\n","protected":false},"author":3,"featured_media":103528,"comment_status":"open","ping_status":"open","sticky":false,"template":"","format":"standard","meta":{"_coblocks_attr":"","_coblocks_dimensions":"","_coblocks_responsive_height":"","_coblocks_accordion_ie_support":"","_uag_custom_page_level_css":"","advgb_blocks_editor_width":"","advgb_blocks_columns_visual_guide":"","_genesis_hide_title":false,"_genesis_hide_breadcrumbs":false,"_genesis_hide_singular_image":false,"_genesis_hide_footer_widgets":false,"_genesis_custom_body_class":"","_genesis_custom_post_class":"","_genesis_layout":"","_themeisle_gutenberg_block_has_review":false,"_jetpack_newsletter_access":"","_jetpack_dont_email_post_to_subs":false,"_jetpack_newsletter_tier_id":0,"_jetpack_memberships_contains_paywalled_content":false,"_jetpack_memberships_contains_paid_content":false,"footnotes":""},"categories":[905,983,921,917],"tags":[982,31,910,914],"class_list":{"0":"post-103527","1":"post","2":"type-post","3":"status-publish","4":"format-standard","5":"has-post-thumbnail","7":"category-deco-design","8":"category-kartell","9":"category-lieux-design","10":"category-luminaire","11":"tag-kartell","12":"tag-marseille","13":"tag-noir","14":"tag-showroom","15":"entry"},"featured_image_urls":{"full":["https:\/\/i0.wp.com\/joyana.fr\/wp-content\/uploads\/old\/kartell_6655.jpg?fit=500%2C337&ssl=1",500,337,false],"thumbnail":["https:\/\/i0.wp.com\/joyana.fr\/wp-content\/uploads\/old\/kartell_6655.jpg?resize=150%2C150&ssl=1",150,150,true],"medium":["https:\/\/i0.wp.com\/joyana.fr\/wp-content\/uploads\/old\/kartell_6655.jpg?fit=389%2C262&ssl=1",389,262,true],"medium_large":["https:\/\/i0.wp.com\/joyana.fr\/wp-content\/uploads\/old\/kartell_6655.jpg?fit=500%2C337&ssl=1",500,337,true],"large":["https:\/\/i0.wp.com\/joyana.fr\/wp-content\/uploads\/old\/kartell_6655.jpg?fit=500%2C337&ssl=1",500,337,true],"1536x1536":["https:\/\/i0.wp.com\/joyana.fr\/wp-content\/uploads\/old\/kartell_6655.jpg?fit=500%2C337&ssl=1",500,337,true],"2048x2048":["https:\/\/i0.wp.com\/joyana.fr\/wp-content\/uploads\/old\/kartell_6655.jpg?fit=500%2C337&ssl=1",500,337,true],"featured-thumb":["https:\/\/i0.wp.com\/joyana.fr\/wp-content\/uploads\/old\/kartell_6655.jpg?resize=500%2C337&ssl=1",500,337,true],"ab-block-post-grid-landscape":["https:\/\/i0.wp.com\/joyana.fr\/wp-content\/uploads\/old\/kartell_6655.jpg?resize=500%2C337&ssl=1",500,337,true],"ab-block-post-grid-square":["https:\/\/i0.wp.com\/joyana.fr\/wp-content\/uploads\/old\/kartell_6655.jpg?resize=500%2C337&ssl=1",500,337,true],"author-pro-image":["https:\/\/i0.wp.com\/joyana.fr\/wp-content\/uploads\/old\/kartell_6655.jpg?resize=360%2C337&ssl=1",360,337,true],"slider":["https:\/\/i0.wp.com\/joyana.fr\/wp-content\/uploads\/old\/kartell_6655.jpg?resize=500%2C337&ssl=1",500,337,true],"woocommerce_thumbnail":["https:\/\/i0.wp.com\/joyana.fr\/wp-content\/uploads\/old\/kartell_6655.jpg?resize=450%2C337&ssl=1",450,337,true],"woocommerce_single":["https:\/\/i0.wp.com\/joyana.fr\/wp-content\/uploads\/old\/kartell_6655.jpg?fit=500%2C337&ssl=1",500,337,true],"woocommerce_gallery_thumbnail":["https:\/\/i0.wp.com\/joyana.fr\/wp-content\/uploads\/old\/kartell_6655.jpg?resize=180%2C180&ssl=1",180,180,true],"sow-carousel-default":["https:\/\/i0.wp.com\/joyana.fr\/wp-content\/uploads\/old\/kartell_6655.jpg?resize=272%2C182&ssl=1",272,182,true]},"post_excerpt_stackable":"<p>Nous avons eu la chance de d\u00e9couvrir le nouvel espace du showroom Kartell Marseille -intitul\u00e9 Kartell Lights&#8211; o\u00f9 les cr\u00e9ations de Ferruccio Laviani sont magnifiquement mis en avant sur fond noir&#8230; Inaugur\u00e9 en Avril 2007, le flagship store Kartell Marseille est devenu un arr\u00eat obligatoire lors de notre parcours design dans les rues de la cit\u00e9 phoc\u00e9enne. Ce nouvel espace Kartell Lights apporte un gros plus \u00e0 l&#8217;exposition de la collection de luminaires -tous sign\u00e9s par Ferruccio Laviani !!! Mais pourquoi tout ce noir ??? Cette boite noire Kartell Lights permet de se rendre vraiment compte de l&#8217;\u00e9clairage de chaque&hellip;<\/p>\n","category_list":"<a href=\"https:\/\/joyana.fr\/en\/category\/deco-design\/\" rel=\"category tag\">DECO-DESIGN<\/a>, <a href=\"https:\/\/joyana.fr\/en\/category\/marques\/kartell\/\" rel=\"category tag\">Kartell<\/a>, <a href=\"https:\/\/joyana.fr\/en\/category\/deco-design\/architecture-deco-design\/lieux-design\/\" rel=\"category tag\">Lieux<\/a>, <a href=\"https:\/\/joyana.fr\/en\/category\/deco-design\/luminaire\/\" rel=\"category tag\">Luminaire<\/a>","author_info":{"display_name":"Jo Yana","author_link":"https:\/\/joyana.fr\/en\/author\/joyana\/"},"comments_num":"11 comments","featured_image_urls_v2":{"full":["https:\/\/i0.wp.com\/joyana.fr\/wp-content\/uploads\/old\/kartell_6655.jpg?fit=500%2C337&ssl=1",500,337,false],"thumbnail":["https:\/\/i0.wp.com\/joyana.fr\/wp-content\/uploads\/old\/kartell_6655.jpg?resize=150%2C150&ssl=1",150,150,true],"medium":["https:\/\/i0.wp.com\/joyana.fr\/wp-content\/uploads\/old\/kartell_6655.jpg?fit=389%2C262&ssl=1",389,262,true],"medium_large":["https:\/\/i0.wp.com\/joyana.fr\/wp-content\/uploads\/old\/kartell_6655.jpg?fit=500%2C337&ssl=1",500,337,true],"large":["https:\/\/i0.wp.com\/joyana.fr\/wp-content\/uploads\/old\/kartell_6655.jpg?fit=500%2C337&ssl=1",500,337,true],"1536x1536":["https:\/\/i0.wp.com\/joyana.fr\/wp-content\/uploads\/old\/kartell_6655.jpg?fit=500%2C337&ssl=1",500,337,true],"2048x2048":["https:\/\/i0.wp.com\/joyana.fr\/wp-content\/uploads\/old\/kartell_6655.jpg?fit=500%2C337&ssl=1",500,337,true],"featured-thumb":["https:\/\/i0.wp.com\/joyana.fr\/wp-content\/uploads\/old\/kartell_6655.jpg?resize=500%2C337&ssl=1",500,337,true],"ab-block-post-grid-landscape":["https:\/\/i0.wp.com\/joyana.fr\/wp-content\/uploads\/old\/kartell_6655.jpg?resize=500%2C337&ssl=1",500,337,true],"ab-block-post-grid-square":["https:\/\/i0.wp.com\/joyana.fr\/wp-content\/uploads\/old\/kartell_6655.jpg?resize=500%2C337&ssl=1",500,337,true],"author-pro-image":["https:\/\/i0.wp.com\/joyana.fr\/wp-content\/uploads\/old\/kartell_6655.jpg?resize=360%2C337&ssl=1",360,337,true],"slider":["https:\/\/i0.wp.com\/joyana.fr\/wp-content\/uploads\/old\/kartell_6655.jpg?resize=500%2C337&ssl=1",500,337,true],"woocommerce_thumbnail":["https:\/\/i0.wp.com\/joyana.fr\/wp-content\/uploads\/old\/kartell_6655.jpg?resize=450%2C337&ssl=1",450,337,true],"woocommerce_single":["https:\/\/i0.wp.com\/joyana.fr\/wp-content\/uploads\/old\/kartell_6655.jpg?fit=500%2C337&ssl=1",500,337,true],"woocommerce_gallery_thumbnail":["https:\/\/i0.wp.com\/joyana.fr\/wp-content\/uploads\/old\/kartell_6655.jpg?resize=180%2C180&ssl=1",180,180,true],"sow-carousel-default":["https:\/\/i0.wp.com\/joyana.fr\/wp-content\/uploads\/old\/kartell_6655.jpg?resize=272%2C182&ssl=1",272,182,true]},"post_excerpt_stackable_v2":"<p>Nous avons eu la chance de d\u00e9couvrir le nouvel espace du showroom Kartell Marseille -intitul\u00e9 Kartell Lights&#8211; o\u00f9 les cr\u00e9ations de Ferruccio Laviani sont magnifiquement mis en avant sur fond noir&#8230; Inaugur\u00e9 en Avril 2007, le flagship store Kartell Marseille est devenu un arr\u00eat obligatoire lors de notre parcours design dans les rues de la cit\u00e9 phoc\u00e9enne. Ce nouvel espace Kartell Lights apporte un gros plus \u00e0 l&#8217;exposition de la collection de luminaires -tous sign\u00e9s par Ferruccio Laviani !!! Mais pourquoi tout ce noir ??? Cette boite noire Kartell Lights permet de se rendre vraiment compte de l&#8217;\u00e9clairage de chaque&hellip;<\/p>\n","category_list_v2":"<a href=\"https:\/\/joyana.fr\/en\/category\/deco-design\/\" rel=\"category tag\">DECO-DESIGN<\/a>, <a href=\"https:\/\/joyana.fr\/en\/category\/marques\/kartell\/\" rel=\"category tag\">Kartell<\/a>, <a href=\"https:\/\/joyana.fr\/en\/category\/deco-design\/architecture-deco-design\/lieux-design\/\" rel=\"category tag\">Lieux<\/a>, <a href=\"https:\/\/joyana.fr\/en\/category\/deco-design\/luminaire\/\" rel=\"category tag\">Luminaire<\/a>","author_info_v2":{"name":"Jo Yana","url":"https:\/\/joyana.fr\/en\/author\/joyana\/"},"comments_num_v2":"11 comments","yoast_head":"<!-- This site is optimized with the Yoast SEO plugin v26.8 - https:\/\/yoast.com\/product\/yoast-seo-wordpress\/ -->\n<title>KARTELL Lights - JO YANA<\/title>\n<meta name=\"robots\" content=\"index, follow, max-snippet:-1, max-image-preview:large, max-video-preview:-1\" \/>\n<link rel=\"canonical\" href=\"https:\/\/joyana.fr\/en\/kartell-lights\/103527\/\" \/>\n<meta property=\"og:locale\" content=\"en_US\" \/>\n<meta property=\"og:locale:alternate\" content=\"fr_FR\" \/>\n<meta property=\"og:locale:alternate\" content=\"ja\" \/>\n<meta property=\"og:type\" content=\"article\" \/>\n<meta property=\"og:title\" content=\"KARTELL Lights - JO YANA\" \/>\n<meta property=\"og:description\" content=\"Nous avons eu la chance de d\u00e9couvrir le nouvel espace du showroom Kartell Marseille -intitul\u00e9 Kartell Lights&#8211; o\u00f9 les cr\u00e9ations de Ferruccio Laviani sont magnifiquement mis en avant sur fond noir&#8230; Inaugur\u00e9 en Avril 2007, le flagship store Kartell Marseille est devenu un arr\u00eat obligatoire lors de notre parcours design dans les rues de la [&hellip;]\" \/>\n<meta property=\"og:url\" content=\"https:\/\/joyana.fr\/en\/kartell-lights\/103527\/\" \/>\n<meta property=\"og:site_name\" content=\"JO YANA\" \/>\n<meta property=\"article:published_time\" content=\"2010-04-18T15:41:03+00:00\" \/>\n<meta property=\"og:image\" content=\"https:\/\/joyana.fr\/wp-content\/uploads\/old\/kartell_6655.jpg\" \/>\n\t<meta property=\"og:image:width\" content=\"500\" \/>\n\t<meta property=\"og:image:height\" content=\"337\" \/>\n\t<meta property=\"og:image:type\" content=\"image\/jpeg\" \/>\n<meta name=\"author\" content=\"Jo Yana\" \/>\n<meta name=\"twitter:card\" content=\"summary_large_image\" \/>\n<meta name=\"twitter:creator\" content=\"@Jo_Yana\" \/>\n<meta name=\"twitter:site\" content=\"@Jo_Yana\" \/>\n<meta name=\"twitter:label1\" content=\"Written by\" \/>\n\t<meta name=\"twitter:data1\" content=\"Jo Yana\" \/>\n\t<meta name=\"twitter:label2\" content=\"Est. reading time\" \/>\n\t<meta name=\"twitter:data2\" content=\"1 minute\" \/>\n<script type=\"application\/ld+json\" class=\"yoast-schema-graph\">{\"@context\":\"https:\/\/schema.org\",\"@graph\":[{\"@type\":\"Article\",\"@id\":\"https:\/\/joyana.fr\/ja\/kartell-lights\/103527\/#article\",\"isPartOf\":{\"@id\":\"https:\/\/joyana.fr\/ja\/kartell-lights\/103527\/\"},\"author\":{\"name\":\"Jo Yana\",\"@id\":\"https:\/\/www.joyana.fr\/ja\/#\/schema\/person\/cf2a1ad12a27c12c21801075bf37407c\"},\"headline\":\"KARTELL Lights\",\"datePublished\":\"2010-04-18T15:41:03+00:00\",\"mainEntityOfPage\":{\"@id\":\"https:\/\/joyana.fr\/ja\/kartell-lights\/103527\/\"},\"wordCount\":173,\"commentCount\":0,\"publisher\":{\"@id\":\"https:\/\/www.joyana.fr\/ja\/#\/schema\/person\/cf2a1ad12a27c12c21801075bf37407c\"},\"image\":{\"@id\":\"https:\/\/joyana.fr\/ja\/kartell-lights\/103527\/#primaryimage\"},\"thumbnailUrl\":\"https:\/\/i0.wp.com\/joyana.fr\/wp-content\/uploads\/old\/kartell_6655.jpg?fit=500%2C337&ssl=1\",\"keywords\":[\"Kartell\",\"Marseille\",\"Noir\",\"Showroom\"],\"articleSection\":[\"DECO-DESIGN\",\"Kartell\",\"Lieux\",\"Luminaire\"],\"inLanguage\":\"en-US\",\"potentialAction\":[{\"@type\":\"CommentAction\",\"name\":\"Comment\",\"target\":[\"https:\/\/joyana.fr\/ja\/kartell-lights\/103527\/#respond\"]}]},{\"@type\":\"WebPage\",\"@id\":\"https:\/\/joyana.fr\/ja\/kartell-lights\/103527\/\",\"url\":\"https:\/\/joyana.fr\/ja\/kartell-lights\/103527\/\",\"name\":\"KARTELL Lights - JO YANA\",\"isPartOf\":{\"@id\":\"https:\/\/www.joyana.fr\/ja\/#website\"},\"primaryImageOfPage\":{\"@id\":\"https:\/\/joyana.fr\/ja\/kartell-lights\/103527\/#primaryimage\"},\"image\":{\"@id\":\"https:\/\/joyana.fr\/ja\/kartell-lights\/103527\/#primaryimage\"},\"thumbnailUrl\":\"https:\/\/i0.wp.com\/joyana.fr\/wp-content\/uploads\/old\/kartell_6655.jpg?fit=500%2C337&ssl=1\",\"datePublished\":\"2010-04-18T15:41:03+00:00\",\"breadcrumb\":{\"@id\":\"https:\/\/joyana.fr\/ja\/kartell-lights\/103527\/#breadcrumb\"},\"inLanguage\":\"en-US\",\"potentialAction\":[{\"@type\":\"ReadAction\",\"target\":[\"https:\/\/joyana.fr\/ja\/kartell-lights\/103527\/\"]}]},{\"@type\":\"ImageObject\",\"inLanguage\":\"en-US\",\"@id\":\"https:\/\/joyana.fr\/ja\/kartell-lights\/103527\/#primaryimage\",\"url\":\"https:\/\/i0.wp.com\/joyana.fr\/wp-content\/uploads\/old\/kartell_6655.jpg?fit=500%2C337&ssl=1\",\"contentUrl\":\"https:\/\/i0.wp.com\/joyana.fr\/wp-content\/uploads\/old\/kartell_6655.jpg?fit=500%2C337&ssl=1\",\"width\":500,\"height\":337},{\"@type\":\"BreadcrumbList\",\"@id\":\"https:\/\/joyana.fr\/ja\/kartell-lights\/103527\/#breadcrumb\",\"itemListElement\":[{\"@type\":\"ListItem\",\"position\":1,\"name\":\"Accueil\",\"item\":\"https:\/\/www.joyana.fr\/ja\/\"},{\"@type\":\"ListItem\",\"position\":2,\"name\":\"KARTELL Lights\"}]},{\"@type\":\"WebSite\",\"@id\":\"https:\/\/www.joyana.fr\/ja\/#website\",\"url\":\"https:\/\/www.joyana.fr\/ja\/\",\"name\":\"JO YANA\",\"description\":\"Blog Mode Homme, Lifestyle, D\u00e9co-Design\",\"publisher\":{\"@id\":\"https:\/\/www.joyana.fr\/ja\/#\/schema\/person\/cf2a1ad12a27c12c21801075bf37407c\"},\"potentialAction\":[{\"@type\":\"SearchAction\",\"target\":{\"@type\":\"EntryPoint\",\"urlTemplate\":\"https:\/\/www.joyana.fr\/ja\/?s={search_term_string}\"},\"query-input\":{\"@type\":\"PropertyValueSpecification\",\"valueRequired\":true,\"valueName\":\"search_term_string\"}}],\"inLanguage\":\"en-US\"},{\"@type\":[\"Person\",\"Organization\"],\"@id\":\"https:\/\/www.joyana.fr\/ja\/#\/schema\/person\/cf2a1ad12a27c12c21801075bf37407c\",\"name\":\"Jo Yana\",\"image\":{\"@type\":\"ImageObject\",\"inLanguage\":\"en-US\",\"@id\":\"https:\/\/www.joyana.fr\/ja\/#\/schema\/person\/image\/\",\"url\":\"https:\/\/i0.wp.com\/joyana.fr\/wp-content\/uploads\/2016\/08\/cropped-joyana-logo-black-360x180.png?fit=343%2C164&ssl=1\",\"contentUrl\":\"https:\/\/i0.wp.com\/joyana.fr\/wp-content\/uploads\/2016\/08\/cropped-joyana-logo-black-360x180.png?fit=343%2C164&ssl=1\",\"width\":343,\"height\":164,\"caption\":\"Jo Yana\"},\"logo\":{\"@id\":\"https:\/\/www.joyana.fr\/ja\/#\/schema\/person\/image\/\"},\"description\":\"Jo Yana est le cr\u00e9ateur et r\u00e9dacteur en chef des sites DECO-DESIGN. Passionn\u00e9 de Design, Mode, Photo, Luxe, Lifestyle, Musique, mais avant tout Blogueur ! Le plaisir de partager l'anime et a comme devise \\\"POUR L'AMOUR DU BEAU\\\". Retrouvez le aussi sur son blog personnel - https:\/\/joyana.fr...\",\"sameAs\":[\"https:\/\/joyana.fr\/\"],\"url\":\"https:\/\/joyana.fr\/en\/author\/joyana\/\"}]}<\/script>\n<!-- \/ Yoast SEO plugin. -->","yoast_head_json":{"title":"KARTELL Lights - JO YANA","robots":{"index":"index","follow":"follow","max-snippet":"max-snippet:-1","max-image-preview":"max-image-preview:large","max-video-preview":"max-video-preview:-1"},"canonical":"https:\/\/joyana.fr\/en\/kartell-lights\/103527\/","og_locale":"en_US","og_type":"article","og_title":"KARTELL Lights - JO YANA","og_description":"Nous avons eu la chance de d\u00e9couvrir le nouvel espace du showroom Kartell Marseille -intitul\u00e9 Kartell Lights&#8211; o\u00f9 les cr\u00e9ations de Ferruccio Laviani sont magnifiquement mis en avant sur fond noir&#8230; Inaugur\u00e9 en Avril 2007, le flagship store Kartell Marseille est devenu un arr\u00eat obligatoire lors de notre parcours design dans les rues de la [&hellip;]","og_url":"https:\/\/joyana.fr\/en\/kartell-lights\/103527\/","og_site_name":"JO YANA","article_published_time":"2010-04-18T15:41:03+00:00","og_image":[{"width":500,"height":337,"url":"https:\/\/joyana.fr\/wp-content\/uploads\/old\/kartell_6655.jpg","type":"image\/jpeg"}],"author":"Jo Yana","twitter_card":"summary_large_image","twitter_creator":"@Jo_Yana","twitter_site":"@Jo_Yana","twitter_misc":{"Written by":"Jo Yana","Est. reading time":"1 minute"},"schema":{"@context":"https:\/\/schema.org","@graph":[{"@type":"Article","@id":"https:\/\/joyana.fr\/ja\/kartell-lights\/103527\/#article","isPartOf":{"@id":"https:\/\/joyana.fr\/ja\/kartell-lights\/103527\/"},"author":{"name":"Jo Yana","@id":"https:\/\/www.joyana.fr\/ja\/#\/schema\/person\/cf2a1ad12a27c12c21801075bf37407c"},"headline":"KARTELL Lights","datePublished":"2010-04-18T15:41:03+00:00","mainEntityOfPage":{"@id":"https:\/\/joyana.fr\/ja\/kartell-lights\/103527\/"},"wordCount":173,"commentCount":0,"publisher":{"@id":"https:\/\/www.joyana.fr\/ja\/#\/schema\/person\/cf2a1ad12a27c12c21801075bf37407c"},"image":{"@id":"https:\/\/joyana.fr\/ja\/kartell-lights\/103527\/#primaryimage"},"thumbnailUrl":"https:\/\/i0.wp.com\/joyana.fr\/wp-content\/uploads\/old\/kartell_6655.jpg?fit=500%2C337&ssl=1","keywords":["Kartell","Marseille","Noir","Showroom"],"articleSection":["DECO-DESIGN","Kartell","Lieux","Luminaire"],"inLanguage":"en-US","potentialAction":[{"@type":"CommentAction","name":"Comment","target":["https:\/\/joyana.fr\/ja\/kartell-lights\/103527\/#respond"]}]},{"@type":"WebPage","@id":"https:\/\/joyana.fr\/ja\/kartell-lights\/103527\/","url":"https:\/\/joyana.fr\/ja\/kartell-lights\/103527\/","name":"KARTELL Lights - JO YANA","isPartOf":{"@id":"https:\/\/www.joyana.fr\/ja\/#website"},"primaryImageOfPage":{"@id":"https:\/\/joyana.fr\/ja\/kartell-lights\/103527\/#primaryimage"},"image":{"@id":"https:\/\/joyana.fr\/ja\/kartell-lights\/103527\/#primaryimage"},"thumbnailUrl":"https:\/\/i0.wp.com\/joyana.fr\/wp-content\/uploads\/old\/kartell_6655.jpg?fit=500%2C337&ssl=1","datePublished":"2010-04-18T15:41:03+00:00","breadcrumb":{"@id":"https:\/\/joyana.fr\/ja\/kartell-lights\/103527\/#breadcrumb"},"inLanguage":"en-US","potentialAction":[{"@type":"ReadAction","target":["https:\/\/joyana.fr\/ja\/kartell-lights\/103527\/"]}]},{"@type":"ImageObject","inLanguage":"en-US","@id":"https:\/\/joyana.fr\/ja\/kartell-lights\/103527\/#primaryimage","url":"https:\/\/i0.wp.com\/joyana.fr\/wp-content\/uploads\/old\/kartell_6655.jpg?fit=500%2C337&ssl=1","contentUrl":"https:\/\/i0.wp.com\/joyana.fr\/wp-content\/uploads\/old\/kartell_6655.jpg?fit=500%2C337&ssl=1","width":500,"height":337},{"@type":"BreadcrumbList","@id":"https:\/\/joyana.fr\/ja\/kartell-lights\/103527\/#breadcrumb","itemListElement":[{"@type":"ListItem","position":1,"name":"Accueil","item":"https:\/\/www.joyana.fr\/ja\/"},{"@type":"ListItem","position":2,"name":"KARTELL Lights"}]},{"@type":"WebSite","@id":"https:\/\/www.joyana.fr\/ja\/#website","url":"https:\/\/www.joyana.fr\/ja\/","name":"JO YANA","description":"Blog Mode Homme, Lifestyle, D\u00e9co-Design","publisher":{"@id":"https:\/\/www.joyana.fr\/ja\/#\/schema\/person\/cf2a1ad12a27c12c21801075bf37407c"},"potentialAction":[{"@type":"SearchAction","target":{"@type":"EntryPoint","urlTemplate":"https:\/\/www.joyana.fr\/ja\/?s={search_term_string}"},"query-input":{"@type":"PropertyValueSpecification","valueRequired":true,"valueName":"search_term_string"}}],"inLanguage":"en-US"},{"@type":["Person","Organization"],"@id":"https:\/\/www.joyana.fr\/ja\/#\/schema\/person\/cf2a1ad12a27c12c21801075bf37407c","name":"Jo Yana","image":{"@type":"ImageObject","inLanguage":"en-US","@id":"https:\/\/www.joyana.fr\/ja\/#\/schema\/person\/image\/","url":"https:\/\/i0.wp.com\/joyana.fr\/wp-content\/uploads\/2016\/08\/cropped-joyana-logo-black-360x180.png?fit=343%2C164&ssl=1","contentUrl":"https:\/\/i0.wp.com\/joyana.fr\/wp-content\/uploads\/2016\/08\/cropped-joyana-logo-black-360x180.png?fit=343%2C164&ssl=1","width":343,"height":164,"caption":"Jo Yana"},"logo":{"@id":"https:\/\/www.joyana.fr\/ja\/#\/schema\/person\/image\/"},"description":"Jo Yana est le cr\u00e9ateur et r\u00e9dacteur en chef des sites DECO-DESIGN. Passionn\u00e9 de Design, Mode, Photo, Luxe, Lifestyle, Musique, mais avant tout Blogueur ! Le plaisir de partager l'anime et a comme devise \"POUR L'AMOUR DU BEAU\". Retrouvez le aussi sur son blog personnel - https:\/\/joyana.fr...","sameAs":["https:\/\/joyana.fr\/"],"url":"https:\/\/joyana.fr\/en\/author\/joyana\/"}]}},"author_meta":{"display_name":"Jo Yana","author_link":"https:\/\/joyana.fr\/en\/author\/joyana\/"},"featured_img":"https:\/\/i0.wp.com\/joyana.fr\/wp-content\/uploads\/old\/kartell_6655.jpg?fit=389%2C262&ssl=1","featured_image_src":"https:\/\/i0.wp.com\/joyana.fr\/wp-content\/uploads\/old\/kartell_6655.jpg?resize=500%2C337&ssl=1","featured_image_src_square":"https:\/\/i0.wp.com\/joyana.fr\/wp-content\/uploads\/old\/kartell_6655.jpg?resize=500%2C337&ssl=1","jetpack_featured_media_url":"https:\/\/i0.wp.com\/joyana.fr\/wp-content\/uploads\/old\/kartell_6655.jpg?fit=500%2C337&ssl=1","uagb_featured_image_src":{"full":["https:\/\/i0.wp.com\/joyana.fr\/wp-content\/uploads\/old\/kartell_6655.jpg?fit=500%2C337&ssl=1",500,337,false],"thumbnail":["https:\/\/i0.wp.com\/joyana.fr\/wp-content\/uploads\/old\/kartell_6655.jpg?resize=150%2C150&ssl=1",150,150,true],"medium":["https:\/\/i0.wp.com\/joyana.fr\/wp-content\/uploads\/old\/kartell_6655.jpg?fit=389%2C262&ssl=1",389,262,true],"medium_large":["https:\/\/i0.wp.com\/joyana.fr\/wp-content\/uploads\/old\/kartell_6655.jpg?fit=500%2C337&ssl=1",500,337,true],"large":["https:\/\/i0.wp.com\/joyana.fr\/wp-content\/uploads\/old\/kartell_6655.jpg?fit=500%2C337&ssl=1",500,337,true],"1536x1536":["https:\/\/i0.wp.com\/joyana.fr\/wp-content\/uploads\/old\/kartell_6655.jpg?fit=500%2C337&ssl=1",500,337,true],"2048x2048":["https:\/\/i0.wp.com\/joyana.fr\/wp-content\/uploads\/old\/kartell_6655.jpg?fit=500%2C337&ssl=1",500,337,true],"featured-thumb":["https:\/\/i0.wp.com\/joyana.fr\/wp-content\/uploads\/old\/kartell_6655.jpg?resize=500%2C337&ssl=1",500,337,true],"ab-block-post-grid-landscape":["https:\/\/i0.wp.com\/joyana.fr\/wp-content\/uploads\/old\/kartell_6655.jpg?resize=500%2C337&ssl=1",500,337,true],"ab-block-post-grid-square":["https:\/\/i0.wp.com\/joyana.fr\/wp-content\/uploads\/old\/kartell_6655.jpg?resize=500%2C337&ssl=1",500,337,true],"author-pro-image":["https:\/\/i0.wp.com\/joyana.fr\/wp-content\/uploads\/old\/kartell_6655.jpg?resize=360%2C337&ssl=1",360,337,true],"slider":["https:\/\/i0.wp.com\/joyana.fr\/wp-content\/uploads\/old\/kartell_6655.jpg?resize=500%2C337&ssl=1",500,337,true],"woocommerce_thumbnail":["https:\/\/i0.wp.com\/joyana.fr\/wp-content\/uploads\/old\/kartell_6655.jpg?resize=450%2C337&ssl=1",450,337,true],"woocommerce_single":["https:\/\/i0.wp.com\/joyana.fr\/wp-content\/uploads\/old\/kartell_6655.jpg?fit=500%2C337&ssl=1",500,337,true],"woocommerce_gallery_thumbnail":["https:\/\/i0.wp.com\/joyana.fr\/wp-content\/uploads\/old\/kartell_6655.jpg?resize=180%2C180&ssl=1",180,180,true],"sow-carousel-default":["https:\/\/i0.wp.com\/joyana.fr\/wp-content\/uploads\/old\/kartell_6655.jpg?resize=272%2C182&ssl=1",272,182,true]},"uagb_author_info":{"display_name":"Jo Yana","author_link":"https:\/\/joyana.fr\/en\/author\/joyana\/"},"uagb_comment_info":14,"uagb_excerpt":"Nous avons eu la chance de d\u00e9couvrir le nouvel espace du showroom Kartell Marseille -intitul\u00e9 Kartell Lights&#8211; o\u00f9 les cr\u00e9ations de Ferruccio Laviani sont magnifiquement mis en avant sur fond noir&#8230; Inaugur\u00e9 en Avril 2007, le flagship store Kartell Marseille est devenu un arr\u00eat obligatoire lors de notre parcours design dans les rues de la&hellip;","coauthors":[],"tax_additional":{"categories":{"linked":["<a href=\"https:\/\/joyana.fr\/en\/category\/deco-design\/\" class=\"advgb-post-tax-term\">DECO-DESIGN<\/a>","<a href=\"https:\/\/joyana.fr\/en\/category\/marques\/kartell\/\" class=\"advgb-post-tax-term\">Kartell<\/a>","<a href=\"https:\/\/joyana.fr\/en\/category\/deco-design\/architecture-deco-design\/lieux-design\/\" class=\"advgb-post-tax-term\">Lieux<\/a>","<a href=\"https:\/\/joyana.fr\/en\/category\/deco-design\/luminaire\/\" class=\"advgb-post-tax-term\">Luminaire<\/a>"],"unlinked":["<span class=\"advgb-post-tax-term\">DECO-DESIGN<\/span>","<span class=\"advgb-post-tax-term\">Kartell<\/span>","<span class=\"advgb-post-tax-term\">Lieux<\/span>","<span class=\"advgb-post-tax-term\">Luminaire<\/span>"]},"tags":{"linked":["<a href=\"https:\/\/joyana.fr\/en\/category\/deco-design\/luminaire\/\" class=\"advgb-post-tax-term\">Kartell<\/a>","<a href=\"https:\/\/joyana.fr\/en\/category\/deco-design\/luminaire\/\" class=\"advgb-post-tax-term\">Marseille<\/a>","<a href=\"https:\/\/joyana.fr\/en\/category\/deco-design\/luminaire\/\" class=\"advgb-post-tax-term\">Noir<\/a>","<a href=\"https:\/\/joyana.fr\/en\/category\/deco-design\/luminaire\/\" class=\"advgb-post-tax-term\">Showroom<\/a>"],"unlinked":["<span class=\"advgb-post-tax-term\">Kartell<\/span>","<span class=\"advgb-post-tax-term\">Marseille<\/span>","<span class=\"advgb-post-tax-term\">Noir<\/span>","<span class=\"advgb-post-tax-term\">Showroom<\/span>"]}},"comment_count":11,"relative_dates":{"created":"Posted 16 years ago","modified":"Updated 16 years ago"},"absolute_dates":{"created":"Posted on 18 April 2010","modified":"Updated on 18 April 2010"},"absolute_dates_time":{"created":"Posted on 18 April 2010 16:41","modified":"Updated on 18 April 2010 16:41"},"featured_img_caption":"","series_order":"","jetpack_sharing_enabled":true,"jetpack_shortlink":"https:\/\/wp.me\/p9bteI-qVN","jetpack-related-posts":[],"_links":{"self":[{"href":"https:\/\/joyana.fr\/en\/wp-json\/wp\/v2\/posts\/103527","targetHints":{"allow":["GET"]}}],"collection":[{"href":"https:\/\/joyana.fr\/en\/wp-json\/wp\/v2\/posts"}],"about":[{"href":"https:\/\/joyana.fr\/en\/wp-json\/wp\/v2\/types\/post"}],"author":[{"embeddable":true,"href":"https:\/\/joyana.fr\/en\/wp-json\/wp\/v2\/users\/3"}],"replies":[{"embeddable":true,"href":"https:\/\/joyana.fr\/en\/wp-json\/wp\/v2\/comments?post=103527"}],"version-history":[{"count":0,"href":"https:\/\/joyana.fr\/en\/wp-json\/wp\/v2\/posts\/103527\/revisions"}],"wp:featuredmedia":[{"embeddable":true,"href":"https:\/\/joyana.fr\/en\/wp-json\/wp\/v2\/media\/103528"}],"wp:attachment":[{"href":"https:\/\/joyana.fr\/en\/wp-json\/wp\/v2\/media?parent=103527"}],"wp:term":[{"taxonomy":"category","embeddable":true,"href":"https:\/\/joyana.fr\/en\/wp-json\/wp\/v2\/categories?post=103527"},{"taxonomy":"post_tag","embeddable":true,"href":"https:\/\/joyana.fr\/en\/wp-json\/wp\/v2\/tags?post=103527"}],"curies":[{"name":"wp","href":"https:\/\/api.w.org\/{rel}","templated":true}]}}