{"id":103610,"date":"2010-05-04T13:25:48","date_gmt":"2010-05-04T12:25:48","guid":{"rendered":"https:\/\/joyana.fr\/vondom-collection-2010\/"},"modified":"2010-05-04T13:25:48","modified_gmt":"2010-05-04T12:25:48","slug":"vondom-collection-2010","status":"publish","type":"post","link":"https:\/\/joyana.fr\/en\/vondom-collection-2010\/103610\/","title":{"rendered":"VONDOM &#8211; Collection 2010"},"content":{"rendered":"<p><strong>VONDOM<\/strong> aura fait parl\u00e9 au sein de notre r\u00e9daction&#8230; Lors de sa d\u00e9couverte \u00e0 <a href=\"https:\/\/joyana.fr\/maison-objet-2010-stand-vondom-karim-rashid\/\">Maison &#038; Objet<\/a>, ensuite les images officielles de la <a href=\"https:\/\/joyana.fr\/vondom\/\">collection Karim Rashid<\/a>, et aujourd&#8217;hui la pr\u00e9sentation compl\u00e8te de la <strong>Collection 2010<\/strong> &#8211; tout juste expos\u00e9e \u00e0 Milan &#8211; dont nous avons extrait nos coups de coeur&#8230;<\/p>\n<p><img data-recalc-dims=\"1\" decoding=\"async\" src=\"https:\/\/i0.wp.com\/joyana.fr\/wp-content\/uploads\/vondom_faz_12.jpg?ssl=1\" alt=\"VONDOM - Collection 2010\" align=\"top\" hspace=\"8\" \/><\/p>\n<p>FAZ est une collection de meubles de jardin modulaires et de pots de fleurs con\u00e7us par Ram\u00f3n Esteve pour les Espagnols de <strong>VONDOM<\/strong>.<\/p>\n<p>Ram\u00f3n Esteve, architecte de l&#8217;harmonie, la s\u00e9r\u00e9nit\u00e9, l&#8217;intemporalit\u00e9 et l&#8217;universalit\u00e9 a cr\u00e9\u00e9 les formes expressives qui font de FAZ, une collection au design qui contextualise avec les maisons et les installations contemporaines.<\/p>\n<p>FAZ est compos\u00e9 d&#8217;une chaise longue avec une table auxiliaire, fauteuil, canap\u00e9 modulaire et une table basse. Accessoiris\u00e9 la avec trois pots de fleurs de diff\u00e9rentes proportions qui forment une unit\u00e9 !!!<\/p>\n<p><img data-recalc-dims=\"1\" decoding=\"async\" src=\"https:\/\/i0.wp.com\/joyana.fr\/wp-content\/uploads\/vondom_faz.jpg?ssl=1\" alt=\"VONDOM - Collection 2010\" align=\"top\" hspace=\"8\" \/><\/p>\n<p><img data-recalc-dims=\"1\" decoding=\"async\" src=\"https:\/\/i0.wp.com\/joyana.fr\/wp-content\/uploads\/vondom_faz_2.jpg?ssl=1\" alt=\"VONDOM - Collection 2010\" align=\"top\" hspace=\"8\" \/><\/p>\n<p>Ci-dessous ALMA, la nouvelle collection de pots de fleurs con\u00e7u par les responsables du studio A-cero, les architectes Joaqu\u00edn Torres et Rafael Llamazares, pour la soci\u00e9t\u00e9 <strong>VONDOM<\/strong>.<\/p>\n<p>Une s\u00e9rie unique de par son design original et innovant inspir\u00e9 par la nature dont les formes stylis\u00e9es \u00e9voquent la tige d&#8217;une plante qui s&#8217;\u00e9l\u00e8ve de la terre pour servir de support aux fleurs et aux feuilles.<\/p>\n<p><img data-recalc-dims=\"1\" decoding=\"async\" src=\"https:\/\/i0.wp.com\/joyana.fr\/wp-content\/uploads\/vondom_alma_7.jpg?ssl=1\" alt=\"VONDOM - Collection 2010\" align=\"top\" hspace=\"8\" \/><\/p>\n<p><img data-recalc-dims=\"1\" decoding=\"async\" src=\"https:\/\/i0.wp.com\/joyana.fr\/wp-content\/uploads\/vondom_pillow_1.jpg?ssl=1\" alt=\"VONDOM - Collection 2010\" align=\"top\" hspace=\"8\" \/><\/p>\n<p>Gros coup de coeur pour la collection PILLOW, un ensemble de  fauteuils, poufs, tables et pots de fleurs con\u00e7u par Stefano Giovannoni  pour <strong>VONDOM<\/strong>.<\/p>\n<p>Stefano Giovannoni a cr\u00e9\u00e9 une collection de  meubles au design g\u00e9nial qui \u00e9voque un espace chill-out cr\u00e9\u00e9 au moyen de  coussins. M\u00e9diterran\u00e9en et chaleureux comme toutes les cr\u00e9ations du  ma\u00eetre Giovannoni qui appelle \u00e0 la d\u00e9tente et aux jouissance de la vie.<\/p>\n<p>Comme  tous les produits <strong>VONDOM<\/strong>, est adapt\u00e9 \u00e0 l&#8217;ext\u00e9rieur, m\u00eame pour  les conditions climatiques les plus extr\u00eames !!!<\/p>\n<p><img data-recalc-dims=\"1\" decoding=\"async\" src=\"https:\/\/i0.wp.com\/joyana.fr\/wp-content\/uploads\/vondom_pillow_5.jpg?ssl=1\" alt=\"VONDOM - Collection 2010\" align=\"top\" hspace=\"8\" \/><\/p>\n<p>La ligne VASES se compose de jardini\u00e8res, de mobilier et d&#8217;\u00e9clairage cr\u00e9\u00e9s par le dessinateur valencien Jmferrero. Le design est inspir\u00e9 de la taille des diamants, obtenant des mod\u00e8les aux formes pures et originales, d&#8217;un grand impact visuel qui attirera sans doute l&#8217;attention !!!<\/p>\n<p><img data-recalc-dims=\"1\" decoding=\"async\" src=\"https:\/\/i0.wp.com\/joyana.fr\/wp-content\/uploads\/vondom_maceta_8.jpg?ssl=1\" alt=\"VONDOM - Collection 2010\" align=\"top\" hspace=\"8\" \/><\/p>\n<p>La fonctionnalit\u00e9 et l&#8217;\u00e9cologie sont les \u00e9l\u00e9ments-cl\u00e9s de celle gamme.  L&#8217;\u00eele (banc circulaire + pot de fleurs central) et les jardini\u00e8res IN&#038;OUT avec syst\u00e8me d&#8217;arrosage de <strong>VONDOM<\/strong>, offrent au consommateur  une d\u00e9coration moderne \u00e0 forte personnalit\u00e9 de jour, et une atmosph\u00e8re unique de nuit !!!<\/p>\n<p><img data-recalc-dims=\"1\" decoding=\"async\" src=\"https:\/\/i0.wp.com\/joyana.fr\/wp-content\/uploads\/vondom_vases-isla-llum2.jpg?ssl=1\" alt=\"VONDOM - Collection 2010\" align=\"top\" hspace=\"8\" \/><\/p>\n<p><img data-recalc-dims=\"1\" decoding=\"async\" src=\"https:\/\/i0.wp.com\/joyana.fr\/wp-content\/uploads\/vondom_vases_bolas_2.jpg?ssl=1\" alt=\"VONDOM - Collection 2010\" align=\"top\" hspace=\"8\" \/><\/p>\n<p>Et pour le plaisir de nouvelles images des collections sign\u00e9es par <strong><a href=\"https:\/\/joyana.fr\/tag\/karim-rashid\/\" title=\"KARIM RASHID\">Karim Rashid<\/a><\/strong> :<\/p>\n<p><img data-recalc-dims=\"1\" decoding=\"async\" src=\"https:\/\/i0.wp.com\/joyana.fr\/wp-content\/uploads\/vondom_pal_23.jpg?ssl=1\" alt=\"VONDOM - Collection 2010\" align=\"top\" hspace=\"8\" \/><\/p>\n<p>La collection VLEK dessin\u00e9e par <strong>KARIM RASHID<\/strong> pour <strong>VONDOM<\/strong> nous parle de  nos racines en tant qu&#8217;\u00eatres humains, notre orgueilleuse origine n\u00e9e  d&#8217;espaces verts vers un nouvel avenir men\u00e9 par la technologie  num\u00e9rique.<\/p>\n<p><img data-recalc-dims=\"1\" decoding=\"async\" src=\"https:\/\/i0.wp.com\/joyana.fr\/wp-content\/uploads\/vondom_vlek_2.jpg?ssl=1\" alt=\"VONDOM - Collection 2010\" align=\"top\" hspace=\"8\" \/><\/p>\n<p>Les diff\u00e9rentes collection <a href=\"http:\/\/www.lepelican.fr\/marques\/vondom.html\"><strong>VONDOM<\/strong> <\/a>sont disponibles chez notre partenaire <a href=\"http:\/\/www.lepelican.fr\/\">LePelican.fr<\/a> qui vous offre -10% avec le code &#8220;decodesign&#8221;.<\/p>\n<p><strong><a href=\"http:\/\/www.vondom.com\/\" title=\"vondom\">http:\/\/www.vondom.com\/ <\/a><\/strong><\/p>\n<p>&#8212;&#8212;&#8212;&#8212;&#8212;-<\/p>\n<p><a href=\"https:\/\/joyana.fr\/\" title=\"blog design\">Jo Yana <\/a><\/p>\n","protected":false},"excerpt":{"rendered":"<p>VONDOM aura fait parl\u00e9 au sein de notre r\u00e9daction&#8230; Lors de sa d\u00e9couverte \u00e0 Maison &#038; Objet, ensuite les images officielles de la collection Karim Rashid, et aujourd&#8217;hui la pr\u00e9sentation compl\u00e8te de la Collection 2010 &#8211; tout juste expos\u00e9e \u00e0 Milan &#8211; dont nous avons extrait nos coups de coeur&#8230; FAZ est une collection de [&hellip;]<\/p>\n","protected":false},"author":3,"featured_media":103614,"comment_status":"open","ping_status":"open","sticky":false,"template":"","format":"standard","meta":{"_coblocks_attr":"","_coblocks_dimensions":"","_coblocks_responsive_height":"","_coblocks_accordion_ie_support":"","_uag_custom_page_level_css":"","advgb_blocks_editor_width":"","advgb_blocks_columns_visual_guide":"","_genesis_hide_title":false,"_genesis_hide_breadcrumbs":false,"_genesis_hide_singular_image":false,"_genesis_hide_footer_widgets":false,"_genesis_custom_body_class":"","_genesis_custom_post_class":"","_genesis_layout":"","_themeisle_gutenberg_block_has_review":false,"_jetpack_newsletter_access":"","_jetpack_dont_email_post_to_subs":false,"_jetpack_newsletter_tier_id":0,"_jetpack_memberships_contains_paywalled_content":false,"_jetpack_memberships_contains_paid_content":false,"footnotes":""},"categories":[906,905,926,917,942],"tags":[78,44],"class_list":{"0":"post-103610","1":"post","2":"type-post","3":"status-publish","4":"format-standard","5":"has-post-thumbnail","7":"category-accessoires","8":"category-deco-design","9":"category-karim-rashid","10":"category-luminaire","11":"category-mobilier","12":"tag-design","13":"tag-karim-rashid","14":"entry"},"featured_image_urls":{"full":["https:\/\/i0.wp.com\/joyana.fr\/wp-content\/uploads\/old\/vondom_faz_12.jpg?fit=500%2C375&ssl=1",500,375,false],"thumbnail":["https:\/\/i0.wp.com\/joyana.fr\/wp-content\/uploads\/old\/vondom_faz_12.jpg?resize=150%2C150&ssl=1",150,150,true],"medium":["https:\/\/i0.wp.com\/joyana.fr\/wp-content\/uploads\/old\/vondom_faz_12.jpg?fit=300%2C225&ssl=1",300,225,true],"medium_large":["https:\/\/i0.wp.com\/joyana.fr\/wp-content\/uploads\/old\/vondom_faz_12.jpg?fit=500%2C375&ssl=1",500,375,true],"large":["https:\/\/i0.wp.com\/joyana.fr\/wp-content\/uploads\/old\/vondom_faz_12.jpg?fit=500%2C375&ssl=1",500,375,true],"1536x1536":["https:\/\/i0.wp.com\/joyana.fr\/wp-content\/uploads\/old\/vondom_faz_12.jpg?fit=500%2C375&ssl=1",500,375,true],"2048x2048":["https:\/\/i0.wp.com\/joyana.fr\/wp-content\/uploads\/old\/vondom_faz_12.jpg?fit=500%2C375&ssl=1",500,375,true],"featured-thumb":["https:\/\/i0.wp.com\/joyana.fr\/wp-content\/uploads\/old\/vondom_faz_12.jpg?resize=500%2C300&ssl=1",500,300,true],"ab-block-post-grid-landscape":["https:\/\/i0.wp.com\/joyana.fr\/wp-content\/uploads\/old\/vondom_faz_12.jpg?resize=500%2C375&ssl=1",500,375,true],"ab-block-post-grid-square":["https:\/\/i0.wp.com\/joyana.fr\/wp-content\/uploads\/old\/vondom_faz_12.jpg?resize=500%2C375&ssl=1",500,375,true],"author-pro-image":["https:\/\/i0.wp.com\/joyana.fr\/wp-content\/uploads\/old\/vondom_faz_12.jpg?resize=360%2C375&ssl=1",360,375,true],"slider":["https:\/\/i0.wp.com\/joyana.fr\/wp-content\/uploads\/old\/vondom_faz_12.jpg?resize=500%2C375&ssl=1",500,375,true],"woocommerce_thumbnail":["https:\/\/i0.wp.com\/joyana.fr\/wp-content\/uploads\/old\/vondom_faz_12.jpg?resize=450%2C375&ssl=1",450,375,true],"woocommerce_single":["https:\/\/i0.wp.com\/joyana.fr\/wp-content\/uploads\/old\/vondom_faz_12.jpg?fit=500%2C375&ssl=1",500,375,true],"woocommerce_gallery_thumbnail":["https:\/\/i0.wp.com\/joyana.fr\/wp-content\/uploads\/old\/vondom_faz_12.jpg?resize=180%2C180&ssl=1",180,180,true],"sow-carousel-default":["https:\/\/i0.wp.com\/joyana.fr\/wp-content\/uploads\/old\/vondom_faz_12.jpg?resize=272%2C182&ssl=1",272,182,true]},"post_excerpt_stackable":"<p>VONDOM aura fait parl\u00e9 au sein de notre r\u00e9daction&#8230; Lors de sa d\u00e9couverte \u00e0 Maison &#038; Objet, ensuite les images officielles de la collection Karim Rashid, et aujourd&#8217;hui la pr\u00e9sentation compl\u00e8te de la Collection 2010 &#8211; tout juste expos\u00e9e \u00e0 Milan &#8211; dont nous avons extrait nos coups de coeur&#8230; FAZ est une collection de meubles de jardin modulaires et de pots de fleurs con\u00e7us par Ram\u00f3n Esteve pour les Espagnols de VONDOM. Ram\u00f3n Esteve, architecte de l&#8217;harmonie, la s\u00e9r\u00e9nit\u00e9, l&#8217;intemporalit\u00e9 et l&#8217;universalit\u00e9 a cr\u00e9\u00e9 les formes expressives qui font de FAZ, une collection au design qui contextualise avec les&hellip;<\/p>\n","category_list":"<a href=\"https:\/\/joyana.fr\/en\/category\/deco-design\/decoration\/accessoires\/\" rel=\"category tag\">Accessoires<\/a>, <a href=\"https:\/\/joyana.fr\/en\/category\/deco-design\/\" rel=\"category tag\">DECO-DESIGN<\/a>, <a href=\"https:\/\/joyana.fr\/en\/category\/deco-design\/designer\/karim-rashid\/\" rel=\"category tag\">Karim RASHID<\/a>, <a href=\"https:\/\/joyana.fr\/en\/category\/deco-design\/luminaire\/\" rel=\"category tag\">Luminaire<\/a>, <a href=\"https:\/\/joyana.fr\/en\/category\/deco-design\/mobilier\/\" rel=\"category tag\">Mobilier<\/a>","author_info":{"display_name":"Jo Yana","author_link":"https:\/\/joyana.fr\/en\/author\/joyana\/"},"comments_num":"6 comments","featured_image_urls_v2":{"full":["https:\/\/i0.wp.com\/joyana.fr\/wp-content\/uploads\/old\/vondom_faz_12.jpg?fit=500%2C375&ssl=1",500,375,false],"thumbnail":["https:\/\/i0.wp.com\/joyana.fr\/wp-content\/uploads\/old\/vondom_faz_12.jpg?resize=150%2C150&ssl=1",150,150,true],"medium":["https:\/\/i0.wp.com\/joyana.fr\/wp-content\/uploads\/old\/vondom_faz_12.jpg?fit=300%2C225&ssl=1",300,225,true],"medium_large":["https:\/\/i0.wp.com\/joyana.fr\/wp-content\/uploads\/old\/vondom_faz_12.jpg?fit=500%2C375&ssl=1",500,375,true],"large":["https:\/\/i0.wp.com\/joyana.fr\/wp-content\/uploads\/old\/vondom_faz_12.jpg?fit=500%2C375&ssl=1",500,375,true],"1536x1536":["https:\/\/i0.wp.com\/joyana.fr\/wp-content\/uploads\/old\/vondom_faz_12.jpg?fit=500%2C375&ssl=1",500,375,true],"2048x2048":["https:\/\/i0.wp.com\/joyana.fr\/wp-content\/uploads\/old\/vondom_faz_12.jpg?fit=500%2C375&ssl=1",500,375,true],"featured-thumb":["https:\/\/i0.wp.com\/joyana.fr\/wp-content\/uploads\/old\/vondom_faz_12.jpg?resize=500%2C300&ssl=1",500,300,true],"ab-block-post-grid-landscape":["https:\/\/i0.wp.com\/joyana.fr\/wp-content\/uploads\/old\/vondom_faz_12.jpg?resize=500%2C375&ssl=1",500,375,true],"ab-block-post-grid-square":["https:\/\/i0.wp.com\/joyana.fr\/wp-content\/uploads\/old\/vondom_faz_12.jpg?resize=500%2C375&ssl=1",500,375,true],"author-pro-image":["https:\/\/i0.wp.com\/joyana.fr\/wp-content\/uploads\/old\/vondom_faz_12.jpg?resize=360%2C375&ssl=1",360,375,true],"slider":["https:\/\/i0.wp.com\/joyana.fr\/wp-content\/uploads\/old\/vondom_faz_12.jpg?resize=500%2C375&ssl=1",500,375,true],"woocommerce_thumbnail":["https:\/\/i0.wp.com\/joyana.fr\/wp-content\/uploads\/old\/vondom_faz_12.jpg?resize=450%2C375&ssl=1",450,375,true],"woocommerce_single":["https:\/\/i0.wp.com\/joyana.fr\/wp-content\/uploads\/old\/vondom_faz_12.jpg?fit=500%2C375&ssl=1",500,375,true],"woocommerce_gallery_thumbnail":["https:\/\/i0.wp.com\/joyana.fr\/wp-content\/uploads\/old\/vondom_faz_12.jpg?resize=180%2C180&ssl=1",180,180,true],"sow-carousel-default":["https:\/\/i0.wp.com\/joyana.fr\/wp-content\/uploads\/old\/vondom_faz_12.jpg?resize=272%2C182&ssl=1",272,182,true]},"post_excerpt_stackable_v2":"<p>VONDOM aura fait parl\u00e9 au sein de notre r\u00e9daction&#8230; Lors de sa d\u00e9couverte \u00e0 Maison &#038; Objet, ensuite les images officielles de la collection Karim Rashid, et aujourd&#8217;hui la pr\u00e9sentation compl\u00e8te de la Collection 2010 &#8211; tout juste expos\u00e9e \u00e0 Milan &#8211; dont nous avons extrait nos coups de coeur&#8230; FAZ est une collection de meubles de jardin modulaires et de pots de fleurs con\u00e7us par Ram\u00f3n Esteve pour les Espagnols de VONDOM. Ram\u00f3n Esteve, architecte de l&#8217;harmonie, la s\u00e9r\u00e9nit\u00e9, l&#8217;intemporalit\u00e9 et l&#8217;universalit\u00e9 a cr\u00e9\u00e9 les formes expressives qui font de FAZ, une collection au design qui contextualise avec les&hellip;<\/p>\n","category_list_v2":"<a href=\"https:\/\/joyana.fr\/en\/category\/deco-design\/decoration\/accessoires\/\" rel=\"category tag\">Accessoires<\/a>, <a href=\"https:\/\/joyana.fr\/en\/category\/deco-design\/\" rel=\"category tag\">DECO-DESIGN<\/a>, <a href=\"https:\/\/joyana.fr\/en\/category\/deco-design\/designer\/karim-rashid\/\" rel=\"category tag\">Karim RASHID<\/a>, <a href=\"https:\/\/joyana.fr\/en\/category\/deco-design\/luminaire\/\" rel=\"category tag\">Luminaire<\/a>, <a href=\"https:\/\/joyana.fr\/en\/category\/deco-design\/mobilier\/\" rel=\"category tag\">Mobilier<\/a>","author_info_v2":{"name":"Jo Yana","url":"https:\/\/joyana.fr\/en\/author\/joyana\/"},"comments_num_v2":"6 comments","yoast_head":"<!-- This site is optimized with the Yoast SEO plugin v26.8 - https:\/\/yoast.com\/product\/yoast-seo-wordpress\/ -->\n<title>VONDOM - Collection 2010 - JO YANA<\/title>\n<meta name=\"robots\" content=\"index, follow, max-snippet:-1, max-image-preview:large, max-video-preview:-1\" \/>\n<link rel=\"canonical\" href=\"https:\/\/joyana.fr\/en\/vondom-collection-2010\/103610\/\" \/>\n<meta property=\"og:locale\" content=\"en_US\" \/>\n<meta property=\"og:locale:alternate\" content=\"fr_FR\" \/>\n<meta property=\"og:locale:alternate\" content=\"ja\" \/>\n<meta property=\"og:type\" content=\"article\" \/>\n<meta property=\"og:title\" content=\"VONDOM - Collection 2010 - JO YANA\" \/>\n<meta property=\"og:description\" content=\"VONDOM aura fait parl\u00e9 au sein de notre r\u00e9daction&#8230; Lors de sa d\u00e9couverte \u00e0 Maison &amp; Objet, ensuite les images officielles de la collection Karim Rashid, et aujourd&#8217;hui la pr\u00e9sentation compl\u00e8te de la Collection 2010 &#8211; tout juste expos\u00e9e \u00e0 Milan &#8211; dont nous avons extrait nos coups de coeur&#8230; FAZ est une collection de [&hellip;]\" \/>\n<meta property=\"og:url\" content=\"https:\/\/joyana.fr\/en\/vondom-collection-2010\/103610\/\" \/>\n<meta property=\"og:site_name\" content=\"JO YANA\" \/>\n<meta property=\"article:published_time\" content=\"2010-05-04T12:25:48+00:00\" \/>\n<meta property=\"og:image\" content=\"https:\/\/joyana.fr\/wp-content\/uploads\/old\/vondom_faz_12.jpg\" \/>\n\t<meta property=\"og:image:width\" content=\"500\" \/>\n\t<meta property=\"og:image:height\" content=\"375\" \/>\n\t<meta property=\"og:image:type\" content=\"image\/jpeg\" \/>\n<meta name=\"author\" content=\"Jo Yana\" \/>\n<meta name=\"twitter:card\" content=\"summary_large_image\" \/>\n<meta name=\"twitter:creator\" content=\"@Jo_Yana\" \/>\n<meta name=\"twitter:site\" content=\"@Jo_Yana\" \/>\n<meta name=\"twitter:label1\" content=\"Written by\" \/>\n\t<meta name=\"twitter:data1\" content=\"Jo Yana\" \/>\n\t<meta name=\"twitter:label2\" content=\"Est. reading time\" \/>\n\t<meta name=\"twitter:data2\" content=\"2 minutes\" \/>\n<script type=\"application\/ld+json\" class=\"yoast-schema-graph\">{\"@context\":\"https:\/\/schema.org\",\"@graph\":[{\"@type\":\"Article\",\"@id\":\"https:\/\/joyana.fr\/en\/vondom-collection-2010\/103610\/#article\",\"isPartOf\":{\"@id\":\"https:\/\/joyana.fr\/en\/vondom-collection-2010\/103610\/\"},\"author\":{\"name\":\"Jo Yana\",\"@id\":\"https:\/\/joyana.fr\/#\/schema\/person\/cf2a1ad12a27c12c21801075bf37407c\"},\"headline\":\"VONDOM &#8211; Collection 2010\",\"datePublished\":\"2010-05-04T12:25:48+00:00\",\"mainEntityOfPage\":{\"@id\":\"https:\/\/joyana.fr\/en\/vondom-collection-2010\/103610\/\"},\"wordCount\":495,\"commentCount\":0,\"publisher\":{\"@id\":\"https:\/\/joyana.fr\/#\/schema\/person\/cf2a1ad12a27c12c21801075bf37407c\"},\"image\":{\"@id\":\"https:\/\/joyana.fr\/en\/vondom-collection-2010\/103610\/#primaryimage\"},\"thumbnailUrl\":\"https:\/\/i0.wp.com\/joyana.fr\/wp-content\/uploads\/old\/vondom_faz_12.jpg?fit=500%2C375&ssl=1\",\"keywords\":[\"DESIGN\",\"Karim RASHID\"],\"articleSection\":[\"Accessoires\",\"DECO-DESIGN\",\"Karim RASHID\",\"Luminaire\",\"Mobilier\"],\"inLanguage\":\"en-US\",\"potentialAction\":[{\"@type\":\"CommentAction\",\"name\":\"Comment\",\"target\":[\"https:\/\/joyana.fr\/en\/vondom-collection-2010\/103610\/#respond\"]}]},{\"@type\":\"WebPage\",\"@id\":\"https:\/\/joyana.fr\/en\/vondom-collection-2010\/103610\/\",\"url\":\"https:\/\/joyana.fr\/en\/vondom-collection-2010\/103610\/\",\"name\":\"VONDOM - Collection 2010 - JO YANA\",\"isPartOf\":{\"@id\":\"https:\/\/joyana.fr\/#website\"},\"primaryImageOfPage\":{\"@id\":\"https:\/\/joyana.fr\/en\/vondom-collection-2010\/103610\/#primaryimage\"},\"image\":{\"@id\":\"https:\/\/joyana.fr\/en\/vondom-collection-2010\/103610\/#primaryimage\"},\"thumbnailUrl\":\"https:\/\/i0.wp.com\/joyana.fr\/wp-content\/uploads\/old\/vondom_faz_12.jpg?fit=500%2C375&ssl=1\",\"datePublished\":\"2010-05-04T12:25:48+00:00\",\"breadcrumb\":{\"@id\":\"https:\/\/joyana.fr\/en\/vondom-collection-2010\/103610\/#breadcrumb\"},\"inLanguage\":\"en-US\",\"potentialAction\":[{\"@type\":\"ReadAction\",\"target\":[\"https:\/\/joyana.fr\/en\/vondom-collection-2010\/103610\/\"]}]},{\"@type\":\"ImageObject\",\"inLanguage\":\"en-US\",\"@id\":\"https:\/\/joyana.fr\/en\/vondom-collection-2010\/103610\/#primaryimage\",\"url\":\"https:\/\/i0.wp.com\/joyana.fr\/wp-content\/uploads\/old\/vondom_faz_12.jpg?fit=500%2C375&ssl=1\",\"contentUrl\":\"https:\/\/i0.wp.com\/joyana.fr\/wp-content\/uploads\/old\/vondom_faz_12.jpg?fit=500%2C375&ssl=1\",\"width\":\"500\",\"height\":\"375\"},{\"@type\":\"BreadcrumbList\",\"@id\":\"https:\/\/joyana.fr\/en\/vondom-collection-2010\/103610\/#breadcrumb\",\"itemListElement\":[{\"@type\":\"ListItem\",\"position\":1,\"name\":\"Accueil\",\"item\":\"https:\/\/joyana.fr\/\"},{\"@type\":\"ListItem\",\"position\":2,\"name\":\"VONDOM &#8211; Collection 2010\"}]},{\"@type\":\"WebSite\",\"@id\":\"https:\/\/joyana.fr\/#website\",\"url\":\"https:\/\/joyana.fr\/\",\"name\":\"JO YANA\",\"description\":\"Blog Mode Homme, Lifestyle, D\u00e9co-Design\",\"publisher\":{\"@id\":\"https:\/\/joyana.fr\/#\/schema\/person\/cf2a1ad12a27c12c21801075bf37407c\"},\"potentialAction\":[{\"@type\":\"SearchAction\",\"target\":{\"@type\":\"EntryPoint\",\"urlTemplate\":\"https:\/\/joyana.fr\/?s={search_term_string}\"},\"query-input\":{\"@type\":\"PropertyValueSpecification\",\"valueRequired\":true,\"valueName\":\"search_term_string\"}}],\"inLanguage\":\"en-US\"},{\"@type\":[\"Person\",\"Organization\"],\"@id\":\"https:\/\/joyana.fr\/#\/schema\/person\/cf2a1ad12a27c12c21801075bf37407c\",\"name\":\"Jo Yana\",\"image\":{\"@type\":\"ImageObject\",\"inLanguage\":\"en-US\",\"@id\":\"https:\/\/joyana.fr\/#\/schema\/person\/image\/\",\"url\":\"https:\/\/i0.wp.com\/joyana.fr\/wp-content\/uploads\/2016\/08\/cropped-joyana-logo-black-360x180.png?fit=343%2C164&ssl=1\",\"contentUrl\":\"https:\/\/i0.wp.com\/joyana.fr\/wp-content\/uploads\/2016\/08\/cropped-joyana-logo-black-360x180.png?fit=343%2C164&ssl=1\",\"width\":343,\"height\":164,\"caption\":\"Jo Yana\"},\"logo\":{\"@id\":\"https:\/\/joyana.fr\/#\/schema\/person\/image\/\"},\"description\":\"Jo Yana est le cr\u00e9ateur et r\u00e9dacteur en chef des sites DECO-DESIGN. Passionn\u00e9 de Design, Mode, Photo, Luxe, Lifestyle, Musique, mais avant tout Blogueur ! Le plaisir de partager l'anime et a comme devise \\\"POUR L'AMOUR DU BEAU\\\". Retrouvez le aussi sur son blog personnel - https:\/\/joyana.fr...\",\"sameAs\":[\"https:\/\/joyana.fr\/\"],\"url\":\"https:\/\/joyana.fr\/en\/author\/joyana\/\"}]}<\/script>\n<!-- \/ Yoast SEO plugin. -->","yoast_head_json":{"title":"VONDOM - Collection 2010 - JO YANA","robots":{"index":"index","follow":"follow","max-snippet":"max-snippet:-1","max-image-preview":"max-image-preview:large","max-video-preview":"max-video-preview:-1"},"canonical":"https:\/\/joyana.fr\/en\/vondom-collection-2010\/103610\/","og_locale":"en_US","og_type":"article","og_title":"VONDOM - Collection 2010 - JO YANA","og_description":"VONDOM aura fait parl\u00e9 au sein de notre r\u00e9daction&#8230; Lors de sa d\u00e9couverte \u00e0 Maison &#038; Objet, ensuite les images officielles de la collection Karim Rashid, et aujourd&#8217;hui la pr\u00e9sentation compl\u00e8te de la Collection 2010 &#8211; tout juste expos\u00e9e \u00e0 Milan &#8211; dont nous avons extrait nos coups de coeur&#8230; FAZ est une collection de [&hellip;]","og_url":"https:\/\/joyana.fr\/en\/vondom-collection-2010\/103610\/","og_site_name":"JO YANA","article_published_time":"2010-05-04T12:25:48+00:00","og_image":[{"width":500,"height":375,"url":"https:\/\/joyana.fr\/wp-content\/uploads\/old\/vondom_faz_12.jpg","type":"image\/jpeg"}],"author":"Jo Yana","twitter_card":"summary_large_image","twitter_creator":"@Jo_Yana","twitter_site":"@Jo_Yana","twitter_misc":{"Written by":"Jo Yana","Est. reading time":"2 minutes"},"schema":{"@context":"https:\/\/schema.org","@graph":[{"@type":"Article","@id":"https:\/\/joyana.fr\/en\/vondom-collection-2010\/103610\/#article","isPartOf":{"@id":"https:\/\/joyana.fr\/en\/vondom-collection-2010\/103610\/"},"author":{"name":"Jo Yana","@id":"https:\/\/joyana.fr\/#\/schema\/person\/cf2a1ad12a27c12c21801075bf37407c"},"headline":"VONDOM &#8211; Collection 2010","datePublished":"2010-05-04T12:25:48+00:00","mainEntityOfPage":{"@id":"https:\/\/joyana.fr\/en\/vondom-collection-2010\/103610\/"},"wordCount":495,"commentCount":0,"publisher":{"@id":"https:\/\/joyana.fr\/#\/schema\/person\/cf2a1ad12a27c12c21801075bf37407c"},"image":{"@id":"https:\/\/joyana.fr\/en\/vondom-collection-2010\/103610\/#primaryimage"},"thumbnailUrl":"https:\/\/i0.wp.com\/joyana.fr\/wp-content\/uploads\/old\/vondom_faz_12.jpg?fit=500%2C375&ssl=1","keywords":["DESIGN","Karim RASHID"],"articleSection":["Accessoires","DECO-DESIGN","Karim RASHID","Luminaire","Mobilier"],"inLanguage":"en-US","potentialAction":[{"@type":"CommentAction","name":"Comment","target":["https:\/\/joyana.fr\/en\/vondom-collection-2010\/103610\/#respond"]}]},{"@type":"WebPage","@id":"https:\/\/joyana.fr\/en\/vondom-collection-2010\/103610\/","url":"https:\/\/joyana.fr\/en\/vondom-collection-2010\/103610\/","name":"VONDOM - Collection 2010 - JO YANA","isPartOf":{"@id":"https:\/\/joyana.fr\/#website"},"primaryImageOfPage":{"@id":"https:\/\/joyana.fr\/en\/vondom-collection-2010\/103610\/#primaryimage"},"image":{"@id":"https:\/\/joyana.fr\/en\/vondom-collection-2010\/103610\/#primaryimage"},"thumbnailUrl":"https:\/\/i0.wp.com\/joyana.fr\/wp-content\/uploads\/old\/vondom_faz_12.jpg?fit=500%2C375&ssl=1","datePublished":"2010-05-04T12:25:48+00:00","breadcrumb":{"@id":"https:\/\/joyana.fr\/en\/vondom-collection-2010\/103610\/#breadcrumb"},"inLanguage":"en-US","potentialAction":[{"@type":"ReadAction","target":["https:\/\/joyana.fr\/en\/vondom-collection-2010\/103610\/"]}]},{"@type":"ImageObject","inLanguage":"en-US","@id":"https:\/\/joyana.fr\/en\/vondom-collection-2010\/103610\/#primaryimage","url":"https:\/\/i0.wp.com\/joyana.fr\/wp-content\/uploads\/old\/vondom_faz_12.jpg?fit=500%2C375&ssl=1","contentUrl":"https:\/\/i0.wp.com\/joyana.fr\/wp-content\/uploads\/old\/vondom_faz_12.jpg?fit=500%2C375&ssl=1","width":"500","height":"375"},{"@type":"BreadcrumbList","@id":"https:\/\/joyana.fr\/en\/vondom-collection-2010\/103610\/#breadcrumb","itemListElement":[{"@type":"ListItem","position":1,"name":"Accueil","item":"https:\/\/joyana.fr\/"},{"@type":"ListItem","position":2,"name":"VONDOM &#8211; Collection 2010"}]},{"@type":"WebSite","@id":"https:\/\/joyana.fr\/#website","url":"https:\/\/joyana.fr\/","name":"JO YANA","description":"Blog Mode Homme, Lifestyle, D\u00e9co-Design","publisher":{"@id":"https:\/\/joyana.fr\/#\/schema\/person\/cf2a1ad12a27c12c21801075bf37407c"},"potentialAction":[{"@type":"SearchAction","target":{"@type":"EntryPoint","urlTemplate":"https:\/\/joyana.fr\/?s={search_term_string}"},"query-input":{"@type":"PropertyValueSpecification","valueRequired":true,"valueName":"search_term_string"}}],"inLanguage":"en-US"},{"@type":["Person","Organization"],"@id":"https:\/\/joyana.fr\/#\/schema\/person\/cf2a1ad12a27c12c21801075bf37407c","name":"Jo Yana","image":{"@type":"ImageObject","inLanguage":"en-US","@id":"https:\/\/joyana.fr\/#\/schema\/person\/image\/","url":"https:\/\/i0.wp.com\/joyana.fr\/wp-content\/uploads\/2016\/08\/cropped-joyana-logo-black-360x180.png?fit=343%2C164&ssl=1","contentUrl":"https:\/\/i0.wp.com\/joyana.fr\/wp-content\/uploads\/2016\/08\/cropped-joyana-logo-black-360x180.png?fit=343%2C164&ssl=1","width":343,"height":164,"caption":"Jo Yana"},"logo":{"@id":"https:\/\/joyana.fr\/#\/schema\/person\/image\/"},"description":"Jo Yana est le cr\u00e9ateur et r\u00e9dacteur en chef des sites DECO-DESIGN. Passionn\u00e9 de Design, Mode, Photo, Luxe, Lifestyle, Musique, mais avant tout Blogueur ! Le plaisir de partager l'anime et a comme devise \"POUR L'AMOUR DU BEAU\". Retrouvez le aussi sur son blog personnel - https:\/\/joyana.fr...","sameAs":["https:\/\/joyana.fr\/"],"url":"https:\/\/joyana.fr\/en\/author\/joyana\/"}]}},"author_meta":{"display_name":"Jo Yana","author_link":"https:\/\/joyana.fr\/en\/author\/joyana\/"},"featured_img":"https:\/\/i0.wp.com\/joyana.fr\/wp-content\/uploads\/old\/vondom_faz_12.jpg?fit=300%2C225&ssl=1","featured_image_src":"https:\/\/i0.wp.com\/joyana.fr\/wp-content\/uploads\/old\/vondom_faz_12.jpg?resize=500%2C375&ssl=1","featured_image_src_square":"https:\/\/i0.wp.com\/joyana.fr\/wp-content\/uploads\/old\/vondom_faz_12.jpg?resize=500%2C375&ssl=1","jetpack_featured_media_url":"https:\/\/i0.wp.com\/joyana.fr\/wp-content\/uploads\/old\/vondom_faz_12.jpg?fit=500%2C375&ssl=1","uagb_featured_image_src":{"full":["https:\/\/i0.wp.com\/joyana.fr\/wp-content\/uploads\/old\/vondom_faz_12.jpg?fit=500%2C375&ssl=1",500,375,false],"thumbnail":["https:\/\/i0.wp.com\/joyana.fr\/wp-content\/uploads\/old\/vondom_faz_12.jpg?resize=150%2C150&ssl=1",150,150,true],"medium":["https:\/\/i0.wp.com\/joyana.fr\/wp-content\/uploads\/old\/vondom_faz_12.jpg?fit=300%2C225&ssl=1",300,225,true],"medium_large":["https:\/\/i0.wp.com\/joyana.fr\/wp-content\/uploads\/old\/vondom_faz_12.jpg?fit=500%2C375&ssl=1",500,375,true],"large":["https:\/\/i0.wp.com\/joyana.fr\/wp-content\/uploads\/old\/vondom_faz_12.jpg?fit=500%2C375&ssl=1",500,375,true],"1536x1536":["https:\/\/i0.wp.com\/joyana.fr\/wp-content\/uploads\/old\/vondom_faz_12.jpg?fit=500%2C375&ssl=1",500,375,true],"2048x2048":["https:\/\/i0.wp.com\/joyana.fr\/wp-content\/uploads\/old\/vondom_faz_12.jpg?fit=500%2C375&ssl=1",500,375,true],"featured-thumb":["https:\/\/i0.wp.com\/joyana.fr\/wp-content\/uploads\/old\/vondom_faz_12.jpg?resize=500%2C300&ssl=1",500,300,true],"ab-block-post-grid-landscape":["https:\/\/i0.wp.com\/joyana.fr\/wp-content\/uploads\/old\/vondom_faz_12.jpg?resize=500%2C375&ssl=1",500,375,true],"ab-block-post-grid-square":["https:\/\/i0.wp.com\/joyana.fr\/wp-content\/uploads\/old\/vondom_faz_12.jpg?resize=500%2C375&ssl=1",500,375,true],"author-pro-image":["https:\/\/i0.wp.com\/joyana.fr\/wp-content\/uploads\/old\/vondom_faz_12.jpg?resize=360%2C375&ssl=1",360,375,true],"slider":["https:\/\/i0.wp.com\/joyana.fr\/wp-content\/uploads\/old\/vondom_faz_12.jpg?resize=500%2C375&ssl=1",500,375,true],"woocommerce_thumbnail":["https:\/\/i0.wp.com\/joyana.fr\/wp-content\/uploads\/old\/vondom_faz_12.jpg?resize=450%2C375&ssl=1",450,375,true],"woocommerce_single":["https:\/\/i0.wp.com\/joyana.fr\/wp-content\/uploads\/old\/vondom_faz_12.jpg?fit=500%2C375&ssl=1",500,375,true],"woocommerce_gallery_thumbnail":["https:\/\/i0.wp.com\/joyana.fr\/wp-content\/uploads\/old\/vondom_faz_12.jpg?resize=180%2C180&ssl=1",180,180,true],"sow-carousel-default":["https:\/\/i0.wp.com\/joyana.fr\/wp-content\/uploads\/old\/vondom_faz_12.jpg?resize=272%2C182&ssl=1",272,182,true]},"uagb_author_info":{"display_name":"Jo Yana","author_link":"https:\/\/joyana.fr\/en\/author\/joyana\/"},"uagb_comment_info":6,"uagb_excerpt":"VONDOM aura fait parl\u00e9 au sein de notre r\u00e9daction&#8230; Lors de sa d\u00e9couverte \u00e0 Maison &#038; Objet, ensuite les images officielles de la collection Karim Rashid, et aujourd&#8217;hui la pr\u00e9sentation compl\u00e8te de la Collection 2010 &#8211; tout juste expos\u00e9e \u00e0 Milan &#8211; dont nous avons extrait nos coups de coeur&#8230; FAZ est une collection de&hellip;","coauthors":[],"tax_additional":{"categories":{"linked":["<a href=\"https:\/\/joyana.fr\/en\/category\/deco-design\/decoration\/accessoires\/\" class=\"advgb-post-tax-term\">Accessoires<\/a>","<a href=\"https:\/\/joyana.fr\/en\/category\/deco-design\/\" class=\"advgb-post-tax-term\">DECO-DESIGN<\/a>","<a href=\"https:\/\/joyana.fr\/en\/category\/deco-design\/designer\/karim-rashid\/\" class=\"advgb-post-tax-term\">Karim RASHID<\/a>","<a href=\"https:\/\/joyana.fr\/en\/category\/deco-design\/luminaire\/\" class=\"advgb-post-tax-term\">Luminaire<\/a>","<a href=\"https:\/\/joyana.fr\/en\/category\/deco-design\/mobilier\/\" class=\"advgb-post-tax-term\">Mobilier<\/a>"],"unlinked":["<span class=\"advgb-post-tax-term\">Accessoires<\/span>","<span class=\"advgb-post-tax-term\">DECO-DESIGN<\/span>","<span class=\"advgb-post-tax-term\">Karim RASHID<\/span>","<span class=\"advgb-post-tax-term\">Luminaire<\/span>","<span class=\"advgb-post-tax-term\">Mobilier<\/span>"]},"tags":{"linked":["<a href=\"https:\/\/joyana.fr\/en\/category\/deco-design\/mobilier\/\" class=\"advgb-post-tax-term\">DESIGN<\/a>","<a href=\"https:\/\/joyana.fr\/en\/category\/deco-design\/mobilier\/\" class=\"advgb-post-tax-term\">Karim RASHID<\/a>"],"unlinked":["<span class=\"advgb-post-tax-term\">DESIGN<\/span>","<span class=\"advgb-post-tax-term\">Karim RASHID<\/span>"]}},"comment_count":6,"relative_dates":{"created":"Posted 16 years ago","modified":"Updated 16 years ago"},"absolute_dates":{"created":"Posted on 4 May 2010","modified":"Updated on 4 May 2010"},"absolute_dates_time":{"created":"Posted on 4 May 2010 13:25","modified":"Updated on 4 May 2010 13:25"},"featured_img_caption":"","series_order":"","jetpack_sharing_enabled":true,"jetpack_shortlink":"https:\/\/wp.me\/p9bteI-qX8","jetpack-related-posts":[],"_links":{"self":[{"href":"https:\/\/joyana.fr\/en\/wp-json\/wp\/v2\/posts\/103610","targetHints":{"allow":["GET"]}}],"collection":[{"href":"https:\/\/joyana.fr\/en\/wp-json\/wp\/v2\/posts"}],"about":[{"href":"https:\/\/joyana.fr\/en\/wp-json\/wp\/v2\/types\/post"}],"author":[{"embeddable":true,"href":"https:\/\/joyana.fr\/en\/wp-json\/wp\/v2\/users\/3"}],"replies":[{"embeddable":true,"href":"https:\/\/joyana.fr\/en\/wp-json\/wp\/v2\/comments?post=103610"}],"version-history":[{"count":0,"href":"https:\/\/joyana.fr\/en\/wp-json\/wp\/v2\/posts\/103610\/revisions"}],"wp:featuredmedia":[{"embeddable":true,"href":"https:\/\/joyana.fr\/en\/wp-json\/wp\/v2\/media\/103614"}],"wp:attachment":[{"href":"https:\/\/joyana.fr\/en\/wp-json\/wp\/v2\/media?parent=103610"}],"wp:term":[{"taxonomy":"category","embeddable":true,"href":"https:\/\/joyana.fr\/en\/wp-json\/wp\/v2\/categories?post=103610"},{"taxonomy":"post_tag","embeddable":true,"href":"https:\/\/joyana.fr\/en\/wp-json\/wp\/v2\/tags?post=103610"}],"curies":[{"name":"wp","href":"https:\/\/api.w.org\/{rel}","templated":true}]}}