{"id":103790,"date":"2010-06-14T06:05:40","date_gmt":"2010-06-14T05:05:40","guid":{"rendered":"https:\/\/joyana.fr\/designers-days-2010-baxter-chez-merci\/"},"modified":"2010-06-14T06:05:40","modified_gmt":"2010-06-14T05:05:40","slug":"designers-days-2010-baxter-chez-merci","status":"publish","type":"post","link":"https:\/\/joyana.fr\/en\/designers-days-2010-baxter-chez-merci\/103790\/","title":{"rendered":"DESIGNER&#8217;S DAYS 2010 &#8211; Baxter chez Merci"},"content":{"rendered":"<p>Pour ces <a href=\"https:\/\/joyana.fr\/index.php?s=designer%27s+days+2010&#038;sbutt=Go\" title=\"DESIGNER'S DAYS 2010\"><strong>Designer\u2019s Days 2010<\/strong><\/a>, <strong>Baxter<\/strong> a choisi <strong>Merci<\/strong> pour pr\u00e9senter son nouveau love seat <strong>DAMASCO<\/strong> &#8211; sign\u00e9 et mis en sc\u00e8ne &#8211; par la designer <strong>Paola Navone<\/strong>&#8230;<\/p>\n<p><img data-recalc-dims=\"1\" decoding=\"async\" src=\"https:\/\/i0.wp.com\/joyana.fr\/wp-content\/uploads\/merci_home.jpg?ssl=1\" alt=\"DESIGNER\u2019S DAYS 2010 - Baxter chez Merci\" align=\"top\" hspace=\"8\" \/><\/p>\n<p> Pour la premi\u00e8re fois \u00e0 Paris, le projet innovant <strong>DAMASCO<\/strong> &#8211; qui fait parti de la collection Evergreen et pr\u00e9sente un cuir issu de la recherche <strong>Baxter<\/strong>. Les peaux imparfaites sont tri\u00e9es puis recycl\u00e9es \u00e0 l\u2019occasion d\u2019un second tannage et d\u2019un traitement sp\u00e9cial qui donne au cuir un toucher particuli\u00e8rement doux et sensuel.<\/p>\n<p>D\u00e9structur\u00e9 et oversize, de forme arrondie et douillette, nous avons adorer nous vautrer dans ces <strong>canap\u00e9s DAMASCO<\/strong> dont chaque pi\u00e8ce est en quelque sorte unique et diff\u00e9rente des autres gr\u00e2ce aux recyclage de peaux imparfaites qui constituent son cuir&#8230;<\/p>\n<p><img data-recalc-dims=\"1\" decoding=\"async\" src=\"https:\/\/i0.wp.com\/joyana.fr\/wp-content\/uploads\/merci_74.jpg?ssl=1\" alt=\"DESIGNER\u2019S DAYS 2010 - Baxter chez Merci\" align=\"top\" hspace=\"8\" \/><\/p>\n<p><img data-recalc-dims=\"1\" decoding=\"async\" src=\"https:\/\/i0.wp.com\/joyana.fr\/wp-content\/uploads\/merci_90.jpg?ssl=1\" alt=\"DESIGNER\u2019S DAYS 2010 - Baxter chez Merci\" align=\"top\" hspace=\"8\" \/><\/p>\n<p><strong>Paola Navone<\/strong> s\u2019appuie sur le volume spectaculaire de la verri\u00e8re de  Merci pour c\u00e9l\u00e9brer en grand ces 10 exemples du savoir-faire <strong>Baxter<\/strong>&#8230;<\/p>\n<p><img data-recalc-dims=\"1\" decoding=\"async\" src=\"https:\/\/i0.wp.com\/joyana.fr\/wp-content\/uploads\/merci_5.jpg?ssl=1\" alt=\"DESIGNER\u2019S DAYS 2010 - Baxter chez Merci\" align=\"top\" hspace=\"8\" \/><\/p>\n<p><img data-recalc-dims=\"1\" decoding=\"async\" src=\"https:\/\/i0.wp.com\/joyana.fr\/wp-content\/uploads\/merci_59.jpg?ssl=1\" alt=\"DESIGNER\u2019S DAYS 2010 - Baxter chez Merci\" align=\"top\" hspace=\"8\" \/><\/p>\n<p><img data-recalc-dims=\"1\" decoding=\"async\" src=\"https:\/\/i0.wp.com\/joyana.fr\/wp-content\/uploads\/merci_171.jpg?ssl=1\" alt=\"DESIGNER\u2019S DAYS 2010 - Baxter chez Merci\" align=\"top\" hspace=\"8\" \/><\/p>\n<p><a href=\"http:\/\/blog.pleyel.fr\/\" title=\"BLOG PLEYEL\"><img data-recalc-dims=\"1\" decoding=\"async\" src=\"https:\/\/i0.wp.com\/joyana.fr\/wp-content\/uploads\/sponsor_pleyel.jpg?ssl=1\" alt=\"DESIGNER\u2019S DAYS 2010 - Pleyel\" align=\"top\" hspace=\"8\" \/><\/a><\/p>\n<p><em><strong>Merci<\/strong><br \/>\n111, boulevard Beaumarchais<br \/>\n75003 Paris (M\u00e9tro Saint S\u00e9bastien-Froissart)<\/em><\/p>\n<p><strong><a href=\"http:\/\/www.merci-merci.com\/\" title=\"MERCI\">http:\/\/www.merci-merci.com\/ <\/a><\/strong><\/p>\n<p><strong><a href=\"http:\/\/www.baxter.it\/\" title=\"BAXTER\">http:\/\/www.baxter.it\/ <\/a><\/strong><\/p>\n<p>\u2014\u2014\u2014\u2014<\/p>\n<p><a href=\"https:\/\/joyana.fr\/\" title=\"BLOG EVENEMENT\">Jo Yana <\/a><\/p>\n","protected":false},"excerpt":{"rendered":"<p>Pour ces Designer\u2019s Days 2010, Baxter a choisi Merci pour pr\u00e9senter son nouveau love seat DAMASCO &#8211; sign\u00e9 et mis en sc\u00e8ne &#8211; par la designer Paola Navone&#8230; Pour la premi\u00e8re fois \u00e0 Paris, le projet innovant DAMASCO &#8211; qui fait parti de la collection Evergreen et pr\u00e9sente un cuir issu de la recherche Baxter. [&hellip;]<\/p>\n","protected":false},"author":3,"featured_media":103789,"comment_status":"open","ping_status":"open","sticky":false,"template":"","format":"standard","meta":{"_coblocks_attr":"","_coblocks_dimensions":"","_coblocks_responsive_height":"","_coblocks_accordion_ie_support":"","_uag_custom_page_level_css":"","advgb_blocks_editor_width":"","advgb_blocks_columns_visual_guide":"","_genesis_hide_title":false,"_genesis_hide_breadcrumbs":false,"_genesis_hide_singular_image":false,"_genesis_hide_footer_widgets":false,"_genesis_custom_body_class":"","_genesis_custom_post_class":"","_genesis_layout":"","_themeisle_gutenberg_block_has_review":false,"_jetpack_newsletter_access":"","_jetpack_dont_email_post_to_subs":false,"_jetpack_newsletter_tier_id":0,"_jetpack_memberships_contains_paywalled_content":false,"_jetpack_memberships_contains_paid_content":false,"footnotes":""},"categories":[938,949,1005,905],"tags":[112,78,994,12],"class_list":{"0":"post-103790","1":"post","2":"type-post","3":"status-publish","4":"format-standard","5":"has-post-thumbnail","7":"category-actualite-deco-design","8":"category-canape","9":"category-designers-days","10":"category-deco-design","11":"tag-cuir","12":"tag-design","13":"tag-evenements","14":"tag-paris","15":"entry"},"featured_image_urls":{"full":["https:\/\/i0.wp.com\/joyana.fr\/wp-content\/uploads\/old\/merci_home.jpg?fit=500%2C350&ssl=1",500,350,false],"thumbnail":["https:\/\/i0.wp.com\/joyana.fr\/wp-content\/uploads\/old\/merci_home.jpg?resize=150%2C150&ssl=1",150,150,true],"medium":["https:\/\/i0.wp.com\/joyana.fr\/wp-content\/uploads\/old\/merci_home.jpg?fit=389%2C272&ssl=1",389,272,true],"medium_large":["https:\/\/i0.wp.com\/joyana.fr\/wp-content\/uploads\/old\/merci_home.jpg?fit=500%2C350&ssl=1",500,350,true],"large":["https:\/\/i0.wp.com\/joyana.fr\/wp-content\/uploads\/old\/merci_home.jpg?fit=500%2C350&ssl=1",500,350,true],"1536x1536":["https:\/\/i0.wp.com\/joyana.fr\/wp-content\/uploads\/old\/merci_home.jpg?fit=500%2C350&ssl=1",500,350,true],"2048x2048":["https:\/\/i0.wp.com\/joyana.fr\/wp-content\/uploads\/old\/merci_home.jpg?fit=500%2C350&ssl=1",500,350,true],"featured-thumb":["https:\/\/i0.wp.com\/joyana.fr\/wp-content\/uploads\/old\/merci_home.jpg?resize=500%2C350&ssl=1",500,350,true],"ab-block-post-grid-landscape":["https:\/\/i0.wp.com\/joyana.fr\/wp-content\/uploads\/old\/merci_home.jpg?resize=500%2C350&ssl=1",500,350,true],"ab-block-post-grid-square":["https:\/\/i0.wp.com\/joyana.fr\/wp-content\/uploads\/old\/merci_home.jpg?resize=500%2C350&ssl=1",500,350,true],"author-pro-image":["https:\/\/i0.wp.com\/joyana.fr\/wp-content\/uploads\/old\/merci_home.jpg?resize=360%2C350&ssl=1",360,350,true],"slider":["https:\/\/i0.wp.com\/joyana.fr\/wp-content\/uploads\/old\/merci_home.jpg?resize=500%2C350&ssl=1",500,350,true],"woocommerce_thumbnail":["https:\/\/i0.wp.com\/joyana.fr\/wp-content\/uploads\/old\/merci_home.jpg?resize=450%2C350&ssl=1",450,350,true],"woocommerce_single":["https:\/\/i0.wp.com\/joyana.fr\/wp-content\/uploads\/old\/merci_home.jpg?fit=500%2C350&ssl=1",500,350,true],"woocommerce_gallery_thumbnail":["https:\/\/i0.wp.com\/joyana.fr\/wp-content\/uploads\/old\/merci_home.jpg?resize=180%2C180&ssl=1",180,180,true],"sow-carousel-default":["https:\/\/i0.wp.com\/joyana.fr\/wp-content\/uploads\/old\/merci_home.jpg?resize=272%2C182&ssl=1",272,182,true]},"post_excerpt_stackable":"<p>Pour ces Designer\u2019s Days 2010, Baxter a choisi Merci pour pr\u00e9senter son nouveau love seat DAMASCO &#8211; sign\u00e9 et mis en sc\u00e8ne &#8211; par la designer Paola Navone&#8230; Pour la premi\u00e8re fois \u00e0 Paris, le projet innovant DAMASCO &#8211; qui fait parti de la collection Evergreen et pr\u00e9sente un cuir issu de la recherche Baxter. Les peaux imparfaites sont tri\u00e9es puis recycl\u00e9es \u00e0 l\u2019occasion d\u2019un second tannage et d\u2019un traitement sp\u00e9cial qui donne au cuir un toucher particuli\u00e8rement doux et sensuel. D\u00e9structur\u00e9 et oversize, de forme arrondie et douillette, nous avons adorer nous vautrer dans ces canap\u00e9s DAMASCO dont chaque&hellip;<\/p>\n","category_list":"<a href=\"https:\/\/joyana.fr\/en\/category\/deco-design\/actualite\/actualite-deco-design\/\" rel=\"category tag\">Actualit\u00e9 D\u00e9co-Design<\/a>, <a href=\"https:\/\/joyana.fr\/en\/category\/deco-design\/mobilier\/assise\/canape\/\" rel=\"category tag\">Canap\u00e9<\/a>, <a href=\"https:\/\/joyana.fr\/en\/category\/deco-design\/actualite\/salon\/designers-days\/\" rel=\"category tag\">D'DAYS<\/a>, <a href=\"https:\/\/joyana.fr\/en\/category\/deco-design\/\" rel=\"category tag\">DECO-DESIGN<\/a>","author_info":{"display_name":"Jo Yana","author_link":"https:\/\/joyana.fr\/en\/author\/joyana\/"},"comments_num":"10 comments","featured_image_urls_v2":{"full":["https:\/\/i0.wp.com\/joyana.fr\/wp-content\/uploads\/old\/merci_home.jpg?fit=500%2C350&ssl=1",500,350,false],"thumbnail":["https:\/\/i0.wp.com\/joyana.fr\/wp-content\/uploads\/old\/merci_home.jpg?resize=150%2C150&ssl=1",150,150,true],"medium":["https:\/\/i0.wp.com\/joyana.fr\/wp-content\/uploads\/old\/merci_home.jpg?fit=389%2C272&ssl=1",389,272,true],"medium_large":["https:\/\/i0.wp.com\/joyana.fr\/wp-content\/uploads\/old\/merci_home.jpg?fit=500%2C350&ssl=1",500,350,true],"large":["https:\/\/i0.wp.com\/joyana.fr\/wp-content\/uploads\/old\/merci_home.jpg?fit=500%2C350&ssl=1",500,350,true],"1536x1536":["https:\/\/i0.wp.com\/joyana.fr\/wp-content\/uploads\/old\/merci_home.jpg?fit=500%2C350&ssl=1",500,350,true],"2048x2048":["https:\/\/i0.wp.com\/joyana.fr\/wp-content\/uploads\/old\/merci_home.jpg?fit=500%2C350&ssl=1",500,350,true],"featured-thumb":["https:\/\/i0.wp.com\/joyana.fr\/wp-content\/uploads\/old\/merci_home.jpg?resize=500%2C350&ssl=1",500,350,true],"ab-block-post-grid-landscape":["https:\/\/i0.wp.com\/joyana.fr\/wp-content\/uploads\/old\/merci_home.jpg?resize=500%2C350&ssl=1",500,350,true],"ab-block-post-grid-square":["https:\/\/i0.wp.com\/joyana.fr\/wp-content\/uploads\/old\/merci_home.jpg?resize=500%2C350&ssl=1",500,350,true],"author-pro-image":["https:\/\/i0.wp.com\/joyana.fr\/wp-content\/uploads\/old\/merci_home.jpg?resize=360%2C350&ssl=1",360,350,true],"slider":["https:\/\/i0.wp.com\/joyana.fr\/wp-content\/uploads\/old\/merci_home.jpg?resize=500%2C350&ssl=1",500,350,true],"woocommerce_thumbnail":["https:\/\/i0.wp.com\/joyana.fr\/wp-content\/uploads\/old\/merci_home.jpg?resize=450%2C350&ssl=1",450,350,true],"woocommerce_single":["https:\/\/i0.wp.com\/joyana.fr\/wp-content\/uploads\/old\/merci_home.jpg?fit=500%2C350&ssl=1",500,350,true],"woocommerce_gallery_thumbnail":["https:\/\/i0.wp.com\/joyana.fr\/wp-content\/uploads\/old\/merci_home.jpg?resize=180%2C180&ssl=1",180,180,true],"sow-carousel-default":["https:\/\/i0.wp.com\/joyana.fr\/wp-content\/uploads\/old\/merci_home.jpg?resize=272%2C182&ssl=1",272,182,true]},"post_excerpt_stackable_v2":"<p>Pour ces Designer\u2019s Days 2010, Baxter a choisi Merci pour pr\u00e9senter son nouveau love seat DAMASCO &#8211; sign\u00e9 et mis en sc\u00e8ne &#8211; par la designer Paola Navone&#8230; Pour la premi\u00e8re fois \u00e0 Paris, le projet innovant DAMASCO &#8211; qui fait parti de la collection Evergreen et pr\u00e9sente un cuir issu de la recherche Baxter. Les peaux imparfaites sont tri\u00e9es puis recycl\u00e9es \u00e0 l\u2019occasion d\u2019un second tannage et d\u2019un traitement sp\u00e9cial qui donne au cuir un toucher particuli\u00e8rement doux et sensuel. D\u00e9structur\u00e9 et oversize, de forme arrondie et douillette, nous avons adorer nous vautrer dans ces canap\u00e9s DAMASCO dont chaque&hellip;<\/p>\n","category_list_v2":"<a href=\"https:\/\/joyana.fr\/en\/category\/deco-design\/actualite\/actualite-deco-design\/\" rel=\"category tag\">Actualit\u00e9 D\u00e9co-Design<\/a>, <a href=\"https:\/\/joyana.fr\/en\/category\/deco-design\/mobilier\/assise\/canape\/\" rel=\"category tag\">Canap\u00e9<\/a>, <a href=\"https:\/\/joyana.fr\/en\/category\/deco-design\/actualite\/salon\/designers-days\/\" rel=\"category tag\">D'DAYS<\/a>, <a href=\"https:\/\/joyana.fr\/en\/category\/deco-design\/\" rel=\"category tag\">DECO-DESIGN<\/a>","author_info_v2":{"name":"Jo Yana","url":"https:\/\/joyana.fr\/en\/author\/joyana\/"},"comments_num_v2":"10 comments","yoast_head":"<!-- This site is optimized with the Yoast SEO plugin v26.8 - https:\/\/yoast.com\/product\/yoast-seo-wordpress\/ -->\n<title>DESIGNER&#039;S DAYS 2010 - Baxter chez Merci - JO YANA<\/title>\n<meta name=\"robots\" content=\"index, follow, max-snippet:-1, max-image-preview:large, max-video-preview:-1\" \/>\n<link rel=\"canonical\" href=\"https:\/\/joyana.fr\/en\/designers-days-2010-baxter-chez-merci\/103790\/\" \/>\n<meta property=\"og:locale\" content=\"en_US\" \/>\n<meta property=\"og:locale:alternate\" content=\"fr_FR\" \/>\n<meta property=\"og:locale:alternate\" content=\"ja\" \/>\n<meta property=\"og:type\" content=\"article\" \/>\n<meta property=\"og:title\" content=\"DESIGNER&#039;S DAYS 2010 - Baxter chez Merci - JO YANA\" \/>\n<meta property=\"og:description\" content=\"Pour ces Designer\u2019s Days 2010, Baxter a choisi Merci pour pr\u00e9senter son nouveau love seat DAMASCO &#8211; sign\u00e9 et mis en sc\u00e8ne &#8211; par la designer Paola Navone&#8230; Pour la premi\u00e8re fois \u00e0 Paris, le projet innovant DAMASCO &#8211; qui fait parti de la collection Evergreen et pr\u00e9sente un cuir issu de la recherche Baxter. [&hellip;]\" \/>\n<meta property=\"og:url\" content=\"https:\/\/joyana.fr\/en\/designers-days-2010-baxter-chez-merci\/103790\/\" \/>\n<meta property=\"og:site_name\" content=\"JO YANA\" \/>\n<meta property=\"article:published_time\" content=\"2010-06-14T05:05:40+00:00\" \/>\n<meta property=\"og:image\" content=\"https:\/\/i0.wp.com\/joyana.fr\/wp-content\/uploads\/old\/merci_home.jpg?fit=500%2C350&ssl=1\" \/>\n\t<meta property=\"og:image:width\" content=\"500\" \/>\n\t<meta property=\"og:image:height\" content=\"350\" \/>\n\t<meta property=\"og:image:type\" content=\"image\/jpeg\" \/>\n<meta name=\"author\" content=\"Jo Yana\" \/>\n<meta name=\"twitter:card\" content=\"summary_large_image\" \/>\n<meta name=\"twitter:creator\" content=\"@Jo_Yana\" \/>\n<meta name=\"twitter:site\" content=\"@Jo_Yana\" \/>\n<meta name=\"twitter:label1\" content=\"Written by\" \/>\n\t<meta name=\"twitter:data1\" content=\"Jo Yana\" \/>\n\t<meta name=\"twitter:label2\" content=\"Est. reading time\" \/>\n\t<meta name=\"twitter:data2\" content=\"1 minute\" \/>\n<script type=\"application\/ld+json\" class=\"yoast-schema-graph\">{\"@context\":\"https:\/\/schema.org\",\"@graph\":[{\"@type\":\"Article\",\"@id\":\"https:\/\/joyana.fr\/en\/designers-days-2010-baxter-chez-merci\/103790\/#article\",\"isPartOf\":{\"@id\":\"https:\/\/joyana.fr\/en\/designers-days-2010-baxter-chez-merci\/103790\/\"},\"author\":{\"name\":\"Jo Yana\",\"@id\":\"https:\/\/joyana.fr\/#\/schema\/person\/cf2a1ad12a27c12c21801075bf37407c\"},\"headline\":\"DESIGNER&#8217;S DAYS 2010 &#8211; Baxter chez Merci\",\"datePublished\":\"2010-06-14T05:05:40+00:00\",\"mainEntityOfPage\":{\"@id\":\"https:\/\/joyana.fr\/en\/designers-days-2010-baxter-chez-merci\/103790\/\"},\"wordCount\":185,\"commentCount\":0,\"publisher\":{\"@id\":\"https:\/\/joyana.fr\/#\/schema\/person\/cf2a1ad12a27c12c21801075bf37407c\"},\"image\":{\"@id\":\"https:\/\/joyana.fr\/en\/designers-days-2010-baxter-chez-merci\/103790\/#primaryimage\"},\"thumbnailUrl\":\"https:\/\/i0.wp.com\/joyana.fr\/wp-content\/uploads\/old\/merci_home.jpg?fit=500%2C350&ssl=1\",\"keywords\":[\"Cuir\",\"DESIGN\",\"Ev\u00e8nements\",\"Paris\"],\"articleSection\":[\"Actualit\u00e9 D\u00e9co-Design\",\"Canap\u00e9\",\"D'DAYS\",\"DECO-DESIGN\"],\"inLanguage\":\"en-US\",\"potentialAction\":[{\"@type\":\"CommentAction\",\"name\":\"Comment\",\"target\":[\"https:\/\/joyana.fr\/en\/designers-days-2010-baxter-chez-merci\/103790\/#respond\"]}]},{\"@type\":\"WebPage\",\"@id\":\"https:\/\/joyana.fr\/en\/designers-days-2010-baxter-chez-merci\/103790\/\",\"url\":\"https:\/\/joyana.fr\/en\/designers-days-2010-baxter-chez-merci\/103790\/\",\"name\":\"DESIGNER'S DAYS 2010 - Baxter chez Merci - JO YANA\",\"isPartOf\":{\"@id\":\"https:\/\/joyana.fr\/#website\"},\"primaryImageOfPage\":{\"@id\":\"https:\/\/joyana.fr\/en\/designers-days-2010-baxter-chez-merci\/103790\/#primaryimage\"},\"image\":{\"@id\":\"https:\/\/joyana.fr\/en\/designers-days-2010-baxter-chez-merci\/103790\/#primaryimage\"},\"thumbnailUrl\":\"https:\/\/i0.wp.com\/joyana.fr\/wp-content\/uploads\/old\/merci_home.jpg?fit=500%2C350&ssl=1\",\"datePublished\":\"2010-06-14T05:05:40+00:00\",\"breadcrumb\":{\"@id\":\"https:\/\/joyana.fr\/en\/designers-days-2010-baxter-chez-merci\/103790\/#breadcrumb\"},\"inLanguage\":\"en-US\",\"potentialAction\":[{\"@type\":\"ReadAction\",\"target\":[\"https:\/\/joyana.fr\/en\/designers-days-2010-baxter-chez-merci\/103790\/\"]}]},{\"@type\":\"ImageObject\",\"inLanguage\":\"en-US\",\"@id\":\"https:\/\/joyana.fr\/en\/designers-days-2010-baxter-chez-merci\/103790\/#primaryimage\",\"url\":\"https:\/\/i0.wp.com\/joyana.fr\/wp-content\/uploads\/old\/merci_home.jpg?fit=500%2C350&ssl=1\",\"contentUrl\":\"https:\/\/i0.wp.com\/joyana.fr\/wp-content\/uploads\/old\/merci_home.jpg?fit=500%2C350&ssl=1\",\"width\":500,\"height\":350},{\"@type\":\"BreadcrumbList\",\"@id\":\"https:\/\/joyana.fr\/en\/designers-days-2010-baxter-chez-merci\/103790\/#breadcrumb\",\"itemListElement\":[{\"@type\":\"ListItem\",\"position\":1,\"name\":\"Accueil\",\"item\":\"https:\/\/joyana.fr\/\"},{\"@type\":\"ListItem\",\"position\":2,\"name\":\"DESIGNER&#8217;S DAYS 2010 &#8211; Baxter chez Merci\"}]},{\"@type\":\"WebSite\",\"@id\":\"https:\/\/joyana.fr\/#website\",\"url\":\"https:\/\/joyana.fr\/\",\"name\":\"JO YANA\",\"description\":\"Blog Mode Homme, Lifestyle, D\u00e9co-Design\",\"publisher\":{\"@id\":\"https:\/\/joyana.fr\/#\/schema\/person\/cf2a1ad12a27c12c21801075bf37407c\"},\"potentialAction\":[{\"@type\":\"SearchAction\",\"target\":{\"@type\":\"EntryPoint\",\"urlTemplate\":\"https:\/\/joyana.fr\/?s={search_term_string}\"},\"query-input\":{\"@type\":\"PropertyValueSpecification\",\"valueRequired\":true,\"valueName\":\"search_term_string\"}}],\"inLanguage\":\"en-US\"},{\"@type\":[\"Person\",\"Organization\"],\"@id\":\"https:\/\/joyana.fr\/#\/schema\/person\/cf2a1ad12a27c12c21801075bf37407c\",\"name\":\"Jo Yana\",\"image\":{\"@type\":\"ImageObject\",\"inLanguage\":\"en-US\",\"@id\":\"https:\/\/joyana.fr\/#\/schema\/person\/image\/\",\"url\":\"https:\/\/i0.wp.com\/joyana.fr\/wp-content\/uploads\/2016\/08\/cropped-joyana-logo-black-360x180.png?fit=343%2C164&ssl=1\",\"contentUrl\":\"https:\/\/i0.wp.com\/joyana.fr\/wp-content\/uploads\/2016\/08\/cropped-joyana-logo-black-360x180.png?fit=343%2C164&ssl=1\",\"width\":343,\"height\":164,\"caption\":\"Jo Yana\"},\"logo\":{\"@id\":\"https:\/\/joyana.fr\/#\/schema\/person\/image\/\"},\"description\":\"Jo Yana est le cr\u00e9ateur et r\u00e9dacteur en chef des sites DECO-DESIGN. Passionn\u00e9 de Design, Mode, Photo, Luxe, Lifestyle, Musique, mais avant tout Blogueur ! Le plaisir de partager l'anime et a comme devise \\\"POUR L'AMOUR DU BEAU\\\". Retrouvez le aussi sur son blog personnel - https:\/\/joyana.fr...\",\"sameAs\":[\"https:\/\/joyana.fr\/\"],\"url\":\"https:\/\/joyana.fr\/en\/author\/joyana\/\"}]}<\/script>\n<!-- \/ Yoast SEO plugin. -->","yoast_head_json":{"title":"DESIGNER'S DAYS 2010 - Baxter chez Merci - JO YANA","robots":{"index":"index","follow":"follow","max-snippet":"max-snippet:-1","max-image-preview":"max-image-preview:large","max-video-preview":"max-video-preview:-1"},"canonical":"https:\/\/joyana.fr\/en\/designers-days-2010-baxter-chez-merci\/103790\/","og_locale":"en_US","og_type":"article","og_title":"DESIGNER'S DAYS 2010 - Baxter chez Merci - JO YANA","og_description":"Pour ces Designer\u2019s Days 2010, Baxter a choisi Merci pour pr\u00e9senter son nouveau love seat DAMASCO &#8211; sign\u00e9 et mis en sc\u00e8ne &#8211; par la designer Paola Navone&#8230; Pour la premi\u00e8re fois \u00e0 Paris, le projet innovant DAMASCO &#8211; qui fait parti de la collection Evergreen et pr\u00e9sente un cuir issu de la recherche Baxter. [&hellip;]","og_url":"https:\/\/joyana.fr\/en\/designers-days-2010-baxter-chez-merci\/103790\/","og_site_name":"JO YANA","article_published_time":"2010-06-14T05:05:40+00:00","og_image":[{"width":500,"height":350,"url":"https:\/\/i0.wp.com\/joyana.fr\/wp-content\/uploads\/old\/merci_home.jpg?fit=500%2C350&ssl=1","type":"image\/jpeg"}],"author":"Jo Yana","twitter_card":"summary_large_image","twitter_creator":"@Jo_Yana","twitter_site":"@Jo_Yana","twitter_misc":{"Written by":"Jo Yana","Est. reading time":"1 minute"},"schema":{"@context":"https:\/\/schema.org","@graph":[{"@type":"Article","@id":"https:\/\/joyana.fr\/en\/designers-days-2010-baxter-chez-merci\/103790\/#article","isPartOf":{"@id":"https:\/\/joyana.fr\/en\/designers-days-2010-baxter-chez-merci\/103790\/"},"author":{"name":"Jo Yana","@id":"https:\/\/joyana.fr\/#\/schema\/person\/cf2a1ad12a27c12c21801075bf37407c"},"headline":"DESIGNER&#8217;S DAYS 2010 &#8211; Baxter chez Merci","datePublished":"2010-06-14T05:05:40+00:00","mainEntityOfPage":{"@id":"https:\/\/joyana.fr\/en\/designers-days-2010-baxter-chez-merci\/103790\/"},"wordCount":185,"commentCount":0,"publisher":{"@id":"https:\/\/joyana.fr\/#\/schema\/person\/cf2a1ad12a27c12c21801075bf37407c"},"image":{"@id":"https:\/\/joyana.fr\/en\/designers-days-2010-baxter-chez-merci\/103790\/#primaryimage"},"thumbnailUrl":"https:\/\/i0.wp.com\/joyana.fr\/wp-content\/uploads\/old\/merci_home.jpg?fit=500%2C350&ssl=1","keywords":["Cuir","DESIGN","Ev\u00e8nements","Paris"],"articleSection":["Actualit\u00e9 D\u00e9co-Design","Canap\u00e9","D'DAYS","DECO-DESIGN"],"inLanguage":"en-US","potentialAction":[{"@type":"CommentAction","name":"Comment","target":["https:\/\/joyana.fr\/en\/designers-days-2010-baxter-chez-merci\/103790\/#respond"]}]},{"@type":"WebPage","@id":"https:\/\/joyana.fr\/en\/designers-days-2010-baxter-chez-merci\/103790\/","url":"https:\/\/joyana.fr\/en\/designers-days-2010-baxter-chez-merci\/103790\/","name":"DESIGNER'S DAYS 2010 - Baxter chez Merci - JO YANA","isPartOf":{"@id":"https:\/\/joyana.fr\/#website"},"primaryImageOfPage":{"@id":"https:\/\/joyana.fr\/en\/designers-days-2010-baxter-chez-merci\/103790\/#primaryimage"},"image":{"@id":"https:\/\/joyana.fr\/en\/designers-days-2010-baxter-chez-merci\/103790\/#primaryimage"},"thumbnailUrl":"https:\/\/i0.wp.com\/joyana.fr\/wp-content\/uploads\/old\/merci_home.jpg?fit=500%2C350&ssl=1","datePublished":"2010-06-14T05:05:40+00:00","breadcrumb":{"@id":"https:\/\/joyana.fr\/en\/designers-days-2010-baxter-chez-merci\/103790\/#breadcrumb"},"inLanguage":"en-US","potentialAction":[{"@type":"ReadAction","target":["https:\/\/joyana.fr\/en\/designers-days-2010-baxter-chez-merci\/103790\/"]}]},{"@type":"ImageObject","inLanguage":"en-US","@id":"https:\/\/joyana.fr\/en\/designers-days-2010-baxter-chez-merci\/103790\/#primaryimage","url":"https:\/\/i0.wp.com\/joyana.fr\/wp-content\/uploads\/old\/merci_home.jpg?fit=500%2C350&ssl=1","contentUrl":"https:\/\/i0.wp.com\/joyana.fr\/wp-content\/uploads\/old\/merci_home.jpg?fit=500%2C350&ssl=1","width":500,"height":350},{"@type":"BreadcrumbList","@id":"https:\/\/joyana.fr\/en\/designers-days-2010-baxter-chez-merci\/103790\/#breadcrumb","itemListElement":[{"@type":"ListItem","position":1,"name":"Accueil","item":"https:\/\/joyana.fr\/"},{"@type":"ListItem","position":2,"name":"DESIGNER&#8217;S DAYS 2010 &#8211; Baxter chez Merci"}]},{"@type":"WebSite","@id":"https:\/\/joyana.fr\/#website","url":"https:\/\/joyana.fr\/","name":"JO YANA","description":"Blog Mode Homme, Lifestyle, D\u00e9co-Design","publisher":{"@id":"https:\/\/joyana.fr\/#\/schema\/person\/cf2a1ad12a27c12c21801075bf37407c"},"potentialAction":[{"@type":"SearchAction","target":{"@type":"EntryPoint","urlTemplate":"https:\/\/joyana.fr\/?s={search_term_string}"},"query-input":{"@type":"PropertyValueSpecification","valueRequired":true,"valueName":"search_term_string"}}],"inLanguage":"en-US"},{"@type":["Person","Organization"],"@id":"https:\/\/joyana.fr\/#\/schema\/person\/cf2a1ad12a27c12c21801075bf37407c","name":"Jo Yana","image":{"@type":"ImageObject","inLanguage":"en-US","@id":"https:\/\/joyana.fr\/#\/schema\/person\/image\/","url":"https:\/\/i0.wp.com\/joyana.fr\/wp-content\/uploads\/2016\/08\/cropped-joyana-logo-black-360x180.png?fit=343%2C164&ssl=1","contentUrl":"https:\/\/i0.wp.com\/joyana.fr\/wp-content\/uploads\/2016\/08\/cropped-joyana-logo-black-360x180.png?fit=343%2C164&ssl=1","width":343,"height":164,"caption":"Jo Yana"},"logo":{"@id":"https:\/\/joyana.fr\/#\/schema\/person\/image\/"},"description":"Jo Yana est le cr\u00e9ateur et r\u00e9dacteur en chef des sites DECO-DESIGN. Passionn\u00e9 de Design, Mode, Photo, Luxe, Lifestyle, Musique, mais avant tout Blogueur ! Le plaisir de partager l'anime et a comme devise \"POUR L'AMOUR DU BEAU\". Retrouvez le aussi sur son blog personnel - https:\/\/joyana.fr...","sameAs":["https:\/\/joyana.fr\/"],"url":"https:\/\/joyana.fr\/en\/author\/joyana\/"}]}},"author_meta":{"display_name":"Jo Yana","author_link":"https:\/\/joyana.fr\/en\/author\/joyana\/"},"featured_img":"https:\/\/i0.wp.com\/joyana.fr\/wp-content\/uploads\/old\/merci_home.jpg?fit=389%2C272&ssl=1","featured_image_src":"https:\/\/i0.wp.com\/joyana.fr\/wp-content\/uploads\/old\/merci_home.jpg?resize=500%2C350&ssl=1","featured_image_src_square":"https:\/\/i0.wp.com\/joyana.fr\/wp-content\/uploads\/old\/merci_home.jpg?resize=500%2C350&ssl=1","jetpack_featured_media_url":"https:\/\/i0.wp.com\/joyana.fr\/wp-content\/uploads\/old\/merci_home.jpg?fit=500%2C350&ssl=1","uagb_featured_image_src":{"full":["https:\/\/i0.wp.com\/joyana.fr\/wp-content\/uploads\/old\/merci_home.jpg?fit=500%2C350&ssl=1",500,350,false],"thumbnail":["https:\/\/i0.wp.com\/joyana.fr\/wp-content\/uploads\/old\/merci_home.jpg?resize=150%2C150&ssl=1",150,150,true],"medium":["https:\/\/i0.wp.com\/joyana.fr\/wp-content\/uploads\/old\/merci_home.jpg?fit=389%2C272&ssl=1",389,272,true],"medium_large":["https:\/\/i0.wp.com\/joyana.fr\/wp-content\/uploads\/old\/merci_home.jpg?fit=500%2C350&ssl=1",500,350,true],"large":["https:\/\/i0.wp.com\/joyana.fr\/wp-content\/uploads\/old\/merci_home.jpg?fit=500%2C350&ssl=1",500,350,true],"1536x1536":["https:\/\/i0.wp.com\/joyana.fr\/wp-content\/uploads\/old\/merci_home.jpg?fit=500%2C350&ssl=1",500,350,true],"2048x2048":["https:\/\/i0.wp.com\/joyana.fr\/wp-content\/uploads\/old\/merci_home.jpg?fit=500%2C350&ssl=1",500,350,true],"featured-thumb":["https:\/\/i0.wp.com\/joyana.fr\/wp-content\/uploads\/old\/merci_home.jpg?resize=500%2C350&ssl=1",500,350,true],"ab-block-post-grid-landscape":["https:\/\/i0.wp.com\/joyana.fr\/wp-content\/uploads\/old\/merci_home.jpg?resize=500%2C350&ssl=1",500,350,true],"ab-block-post-grid-square":["https:\/\/i0.wp.com\/joyana.fr\/wp-content\/uploads\/old\/merci_home.jpg?resize=500%2C350&ssl=1",500,350,true],"author-pro-image":["https:\/\/i0.wp.com\/joyana.fr\/wp-content\/uploads\/old\/merci_home.jpg?resize=360%2C350&ssl=1",360,350,true],"slider":["https:\/\/i0.wp.com\/joyana.fr\/wp-content\/uploads\/old\/merci_home.jpg?resize=500%2C350&ssl=1",500,350,true],"woocommerce_thumbnail":["https:\/\/i0.wp.com\/joyana.fr\/wp-content\/uploads\/old\/merci_home.jpg?resize=450%2C350&ssl=1",450,350,true],"woocommerce_single":["https:\/\/i0.wp.com\/joyana.fr\/wp-content\/uploads\/old\/merci_home.jpg?fit=500%2C350&ssl=1",500,350,true],"woocommerce_gallery_thumbnail":["https:\/\/i0.wp.com\/joyana.fr\/wp-content\/uploads\/old\/merci_home.jpg?resize=180%2C180&ssl=1",180,180,true],"sow-carousel-default":["https:\/\/i0.wp.com\/joyana.fr\/wp-content\/uploads\/old\/merci_home.jpg?resize=272%2C182&ssl=1",272,182,true]},"uagb_author_info":{"display_name":"Jo Yana","author_link":"https:\/\/joyana.fr\/en\/author\/joyana\/"},"uagb_comment_info":10,"uagb_excerpt":"Pour ces Designer\u2019s Days 2010, Baxter a choisi Merci pour pr\u00e9senter son nouveau love seat DAMASCO &#8211; sign\u00e9 et mis en sc\u00e8ne &#8211; par la designer Paola Navone&#8230; Pour la premi\u00e8re fois \u00e0 Paris, le projet innovant DAMASCO &#8211; qui fait parti de la collection Evergreen et pr\u00e9sente un cuir issu de la recherche Baxter.&hellip;","coauthors":[],"tax_additional":{"categories":{"linked":["<a href=\"https:\/\/joyana.fr\/en\/category\/deco-design\/actualite\/actualite-deco-design\/\" class=\"advgb-post-tax-term\">Actualit\u00e9 D\u00e9co-Design<\/a>","<a href=\"https:\/\/joyana.fr\/en\/category\/deco-design\/mobilier\/assise\/canape\/\" class=\"advgb-post-tax-term\">Canap\u00e9<\/a>","<a href=\"https:\/\/joyana.fr\/en\/category\/deco-design\/actualite\/salon\/designers-days\/\" class=\"advgb-post-tax-term\">D&#039;DAYS<\/a>","<a href=\"https:\/\/joyana.fr\/en\/category\/deco-design\/\" class=\"advgb-post-tax-term\">DECO-DESIGN<\/a>"],"unlinked":["<span class=\"advgb-post-tax-term\">Actualit\u00e9 D\u00e9co-Design<\/span>","<span class=\"advgb-post-tax-term\">Canap\u00e9<\/span>","<span class=\"advgb-post-tax-term\">D&#039;DAYS<\/span>","<span class=\"advgb-post-tax-term\">DECO-DESIGN<\/span>"]},"tags":{"linked":["<a href=\"https:\/\/joyana.fr\/en\/category\/deco-design\/\" class=\"advgb-post-tax-term\">Cuir<\/a>","<a href=\"https:\/\/joyana.fr\/en\/category\/deco-design\/\" class=\"advgb-post-tax-term\">DESIGN<\/a>","<a href=\"https:\/\/joyana.fr\/en\/category\/deco-design\/\" class=\"advgb-post-tax-term\">Ev\u00e8nements<\/a>","<a href=\"https:\/\/joyana.fr\/en\/category\/deco-design\/\" class=\"advgb-post-tax-term\">Paris<\/a>"],"unlinked":["<span class=\"advgb-post-tax-term\">Cuir<\/span>","<span class=\"advgb-post-tax-term\">DESIGN<\/span>","<span class=\"advgb-post-tax-term\">Ev\u00e8nements<\/span>","<span class=\"advgb-post-tax-term\">Paris<\/span>"]}},"comment_count":10,"relative_dates":{"created":"Posted 16 years ago","modified":"Updated 16 years ago"},"absolute_dates":{"created":"Posted on 14 June 2010","modified":"Updated on 14 June 2010"},"absolute_dates_time":{"created":"Posted on 14 June 2010 6:05","modified":"Updated on 14 June 2010 6:05"},"featured_img_caption":"","series_order":"","jetpack_sharing_enabled":true,"jetpack_shortlink":"https:\/\/wp.me\/p9bteI-r02","jetpack-related-posts":[],"_links":{"self":[{"href":"https:\/\/joyana.fr\/en\/wp-json\/wp\/v2\/posts\/103790","targetHints":{"allow":["GET"]}}],"collection":[{"href":"https:\/\/joyana.fr\/en\/wp-json\/wp\/v2\/posts"}],"about":[{"href":"https:\/\/joyana.fr\/en\/wp-json\/wp\/v2\/types\/post"}],"author":[{"embeddable":true,"href":"https:\/\/joyana.fr\/en\/wp-json\/wp\/v2\/users\/3"}],"replies":[{"embeddable":true,"href":"https:\/\/joyana.fr\/en\/wp-json\/wp\/v2\/comments?post=103790"}],"version-history":[{"count":0,"href":"https:\/\/joyana.fr\/en\/wp-json\/wp\/v2\/posts\/103790\/revisions"}],"wp:featuredmedia":[{"embeddable":true,"href":"https:\/\/joyana.fr\/en\/wp-json\/wp\/v2\/media\/103789"}],"wp:attachment":[{"href":"https:\/\/joyana.fr\/en\/wp-json\/wp\/v2\/media?parent=103790"}],"wp:term":[{"taxonomy":"category","embeddable":true,"href":"https:\/\/joyana.fr\/en\/wp-json\/wp\/v2\/categories?post=103790"},{"taxonomy":"post_tag","embeddable":true,"href":"https:\/\/joyana.fr\/en\/wp-json\/wp\/v2\/tags?post=103790"}],"curies":[{"name":"wp","href":"https:\/\/api.w.org\/{rel}","templated":true}]}}