{"id":103811,"date":"2010-06-15T12:53:39","date_gmt":"2010-06-15T11:53:39","guid":{"rendered":"https:\/\/joyana.fr\/designers-days-2010-tools-galerie\/"},"modified":"2010-06-15T12:53:39","modified_gmt":"2010-06-15T11:53:39","slug":"designers-days-2010-tools-galerie","status":"publish","type":"post","link":"https:\/\/joyana.fr\/en\/designers-days-2010-tools-galerie\/103811\/","title":{"rendered":"DESIGNER&#8217;S DAYS 2010 &#8211; Tools Galerie"},"content":{"rendered":"<p>La <strong>Tools Galerie<\/strong> fait corr\u00e9ler le changement de d\u00e9cennie pour les <a href=\"https:\/\/joyana.fr\/index.php?s=designer%27s+days+2010&#038;sbutt=Go\" title=\"DESIGNER'S DAYS 2010\"><strong>Designer\u2019s Days 2010<\/strong><\/a> avec la fin des ampoules incandescentes et le passage \u00e0 de nouvelles ampoules \u00e0 \u00e9conomie d\u2019\u00e9nergie, avec cette <strong>exposition F-LIGHT SERIES Standards &#038; Ic\u00f4nes par David Enon<\/strong>&#8230;<\/p>\n<p><img data-recalc-dims=\"1\" decoding=\"async\" src=\"https:\/\/i0.wp.com\/joyana.fr\/wp-content\/uploads\/tools_home.jpg?ssl=1\" alt=\"DESIGNER\u2019S DAYS 2010 - Tools Galerie\" align=\"top\" hspace=\"8\" \/><\/p>\n<p>Une mutation qui condamne ou va p\u00e9naliser s\u00e9rieusement les lampes de designers et d\u2019architectes pour lesquels l\u2019ampoule \u00e9tait essentielle aux projets. <strong>David Enon<\/strong> propose une relecture de lampes standards, de c\u00e9l\u00e8bres lampes de designers connus, mais cr\u00e9e \u00e9galement de nouvelles pi\u00e8ces.<\/p>\n<p>Il utilise l\u2019ampoule \u00e0 \u00e9conomie d\u2019\u00e9nergie comme point de d\u00e9part pour redessiner ces lampes. L\u2019ampoule va red\u00e9finir -affiner- le dessin des lampes iconiques qui gagneront en simplicit\u00e9, en \u00e9conomie&#8230; pour une nouvelle vie.<\/p>\n<p><img data-recalc-dims=\"1\" decoding=\"async\" src=\"https:\/\/i0.wp.com\/joyana.fr\/wp-content\/uploads\/tools_85.jpg?ssl=1\" alt=\"DESIGNER\u2019S DAYS 2010 - Tools Galerie\" align=\"top\" hspace=\"8\" \/><\/p>\n<p><img data-recalc-dims=\"1\" decoding=\"async\" src=\"https:\/\/i0.wp.com\/joyana.fr\/wp-content\/uploads\/tools_95.jpg?ssl=1\" alt=\"DESIGNER\u2019S DAYS 2010 - Tools Galerie\" align=\"top\" hspace=\"8\" \/><\/p>\n<p>Dix lampes au mieux de leurs formes, radicales et po\u00e9tiques, \u00e9dit\u00e9es  pour l\u2019occasion en dix exemplaires seront expos\u00e9es du 9 juin au 24  juillet 2010&#8230;<\/p>\n<p><img data-recalc-dims=\"1\" decoding=\"async\" src=\"https:\/\/i0.wp.com\/joyana.fr\/wp-content\/uploads\/tools_02.jpg?ssl=1\" alt=\"DESIGNER\u2019S DAYS 2010 - Tools Galerie\" align=\"top\" hspace=\"8\" \/><\/p>\n<p>Alors, avez vous trouv\u00e9 de quelles lampes ic\u00f4niques<strong> David Enon<\/strong> s&#8217;est inspir\u00e9 ???<\/p>\n<p><img data-recalc-dims=\"1\" decoding=\"async\" src=\"https:\/\/i0.wp.com\/joyana.fr\/wp-content\/uploads\/tools_3.jpg?ssl=1\" alt=\"DESIGNER\u2019S DAYS 2010 - Tools Galerie\" align=\"top\" hspace=\"8\" \/><\/p>\n<p><a href=\"http:\/\/blog.pleyel.fr\/\" title=\"BLOG PLEYEL\"><img data-recalc-dims=\"1\" decoding=\"async\" src=\"https:\/\/i0.wp.com\/joyana.fr\/wp-content\/uploads\/sponsor_pleyel.jpg?ssl=1\" alt=\"DESIGNER\u2019S DAYS 2010 - Pleyel\" align=\"top\" hspace=\"8\" \/><\/a><\/p>\n<p><em><strong>Tools Galerie <\/strong><\/em><br \/>\n<em>119 rue Vieille du Temple <\/em><br \/>\n<em>75003 Paris (M\u00e9tro Filles du Calvaire)<\/em><\/p>\n<p><strong><a href=\"http:\/\/www.toolsgalerie.com\/\" title=\"TOOLS GALERIE\">http:\/\/www.toolsgalerie.com\/<\/a><\/strong><\/p>\n<p>\u2014\u2014\u2014\u2014<\/p>\n<p><a href=\"https:\/\/joyana.fr\/\" title=\"BLOG EVENEMENT\">Jo Yana <\/a><\/p>\n","protected":false},"excerpt":{"rendered":"<p>La Tools Galerie fait corr\u00e9ler le changement de d\u00e9cennie pour les Designer\u2019s Days 2010 avec la fin des ampoules incandescentes et le passage \u00e0 de nouvelles ampoules \u00e0 \u00e9conomie d\u2019\u00e9nergie, avec cette exposition F-LIGHT SERIES Standards &#038; Ic\u00f4nes par David Enon&#8230; Une mutation qui condamne ou va p\u00e9naliser s\u00e9rieusement les lampes de designers et d\u2019architectes [&hellip;]<\/p>\n","protected":false},"author":3,"featured_media":103807,"comment_status":"open","ping_status":"open","sticky":false,"template":"","format":"standard","meta":{"_coblocks_attr":"","_coblocks_dimensions":"","_coblocks_responsive_height":"","_coblocks_accordion_ie_support":"","_uag_custom_page_level_css":"","advgb_blocks_editor_width":"","advgb_blocks_columns_visual_guide":"","_genesis_hide_title":false,"_genesis_hide_breadcrumbs":false,"_genesis_hide_singular_image":false,"_genesis_hide_footer_widgets":false,"_genesis_custom_body_class":"","_genesis_custom_post_class":"","_genesis_layout":"","_themeisle_gutenberg_block_has_review":false,"_jetpack_newsletter_access":"","_jetpack_dont_email_post_to_subs":false,"_jetpack_newsletter_tier_id":0,"_jetpack_memberships_contains_paywalled_content":false,"_jetpack_memberships_contains_paid_content":false,"footnotes":""},"categories":[938,1005,905,917],"tags":[994],"class_list":{"0":"post-103811","1":"post","2":"type-post","3":"status-publish","4":"format-standard","5":"has-post-thumbnail","7":"category-actualite-deco-design","8":"category-designers-days","9":"category-deco-design","10":"category-luminaire","11":"tag-evenements","12":"entry"},"featured_image_urls":{"full":["https:\/\/i0.wp.com\/joyana.fr\/wp-content\/uploads\/old\/tools_home.jpg?fit=500%2C350&ssl=1",500,350,false],"thumbnail":["https:\/\/i0.wp.com\/joyana.fr\/wp-content\/uploads\/old\/tools_home.jpg?resize=150%2C150&ssl=1",150,150,true],"medium":["https:\/\/i0.wp.com\/joyana.fr\/wp-content\/uploads\/old\/tools_home.jpg?fit=300%2C210&ssl=1",300,210,true],"medium_large":["https:\/\/i0.wp.com\/joyana.fr\/wp-content\/uploads\/old\/tools_home.jpg?fit=500%2C350&ssl=1",500,350,true],"large":["https:\/\/i0.wp.com\/joyana.fr\/wp-content\/uploads\/old\/tools_home.jpg?fit=500%2C350&ssl=1",500,350,true],"1536x1536":["https:\/\/i0.wp.com\/joyana.fr\/wp-content\/uploads\/old\/tools_home.jpg?fit=500%2C350&ssl=1",500,350,true],"2048x2048":["https:\/\/i0.wp.com\/joyana.fr\/wp-content\/uploads\/old\/tools_home.jpg?fit=500%2C350&ssl=1",500,350,true],"featured-thumb":["https:\/\/i0.wp.com\/joyana.fr\/wp-content\/uploads\/old\/tools_home.jpg?resize=500%2C300&ssl=1",500,300,true],"ab-block-post-grid-landscape":["https:\/\/i0.wp.com\/joyana.fr\/wp-content\/uploads\/old\/tools_home.jpg?resize=500%2C350&ssl=1",500,350,true],"ab-block-post-grid-square":["https:\/\/i0.wp.com\/joyana.fr\/wp-content\/uploads\/old\/tools_home.jpg?resize=500%2C350&ssl=1",500,350,true],"author-pro-image":["https:\/\/i0.wp.com\/joyana.fr\/wp-content\/uploads\/old\/tools_home.jpg?resize=360%2C350&ssl=1",360,350,true],"slider":["https:\/\/i0.wp.com\/joyana.fr\/wp-content\/uploads\/old\/tools_home.jpg?resize=500%2C350&ssl=1",500,350,true],"woocommerce_thumbnail":["https:\/\/i0.wp.com\/joyana.fr\/wp-content\/uploads\/old\/tools_home.jpg?resize=450%2C350&ssl=1",450,350,true],"woocommerce_single":["https:\/\/i0.wp.com\/joyana.fr\/wp-content\/uploads\/old\/tools_home.jpg?fit=500%2C350&ssl=1",500,350,true],"woocommerce_gallery_thumbnail":["https:\/\/i0.wp.com\/joyana.fr\/wp-content\/uploads\/old\/tools_home.jpg?resize=180%2C180&ssl=1",180,180,true],"sow-carousel-default":["https:\/\/i0.wp.com\/joyana.fr\/wp-content\/uploads\/old\/tools_home.jpg?resize=272%2C182&ssl=1",272,182,true]},"post_excerpt_stackable":"<p>La Tools Galerie fait corr\u00e9ler le changement de d\u00e9cennie pour les Designer\u2019s Days 2010 avec la fin des ampoules incandescentes et le passage \u00e0 de nouvelles ampoules \u00e0 \u00e9conomie d\u2019\u00e9nergie, avec cette exposition F-LIGHT SERIES Standards &#038; Ic\u00f4nes par David Enon&#8230; Une mutation qui condamne ou va p\u00e9naliser s\u00e9rieusement les lampes de designers et d\u2019architectes pour lesquels l\u2019ampoule \u00e9tait essentielle aux projets. David Enon propose une relecture de lampes standards, de c\u00e9l\u00e8bres lampes de designers connus, mais cr\u00e9e \u00e9galement de nouvelles pi\u00e8ces. Il utilise l\u2019ampoule \u00e0 \u00e9conomie d\u2019\u00e9nergie comme point de d\u00e9part pour redessiner ces lampes. L\u2019ampoule va red\u00e9finir -affiner-&hellip;<\/p>\n","category_list":"<a href=\"https:\/\/joyana.fr\/en\/category\/deco-design\/actualite\/actualite-deco-design\/\" rel=\"category tag\">Actualit\u00e9 D\u00e9co-Design<\/a>, <a href=\"https:\/\/joyana.fr\/en\/category\/deco-design\/actualite\/salon\/designers-days\/\" rel=\"category tag\">D'DAYS<\/a>, <a href=\"https:\/\/joyana.fr\/en\/category\/deco-design\/\" rel=\"category tag\">DECO-DESIGN<\/a>, <a href=\"https:\/\/joyana.fr\/en\/category\/deco-design\/luminaire\/\" rel=\"category tag\">Luminaire<\/a>","author_info":{"display_name":"Jo Yana","author_link":"https:\/\/joyana.fr\/en\/author\/joyana\/"},"comments_num":"13 comments","featured_image_urls_v2":{"full":["https:\/\/i0.wp.com\/joyana.fr\/wp-content\/uploads\/old\/tools_home.jpg?fit=500%2C350&ssl=1",500,350,false],"thumbnail":["https:\/\/i0.wp.com\/joyana.fr\/wp-content\/uploads\/old\/tools_home.jpg?resize=150%2C150&ssl=1",150,150,true],"medium":["https:\/\/i0.wp.com\/joyana.fr\/wp-content\/uploads\/old\/tools_home.jpg?fit=300%2C210&ssl=1",300,210,true],"medium_large":["https:\/\/i0.wp.com\/joyana.fr\/wp-content\/uploads\/old\/tools_home.jpg?fit=500%2C350&ssl=1",500,350,true],"large":["https:\/\/i0.wp.com\/joyana.fr\/wp-content\/uploads\/old\/tools_home.jpg?fit=500%2C350&ssl=1",500,350,true],"1536x1536":["https:\/\/i0.wp.com\/joyana.fr\/wp-content\/uploads\/old\/tools_home.jpg?fit=500%2C350&ssl=1",500,350,true],"2048x2048":["https:\/\/i0.wp.com\/joyana.fr\/wp-content\/uploads\/old\/tools_home.jpg?fit=500%2C350&ssl=1",500,350,true],"featured-thumb":["https:\/\/i0.wp.com\/joyana.fr\/wp-content\/uploads\/old\/tools_home.jpg?resize=500%2C300&ssl=1",500,300,true],"ab-block-post-grid-landscape":["https:\/\/i0.wp.com\/joyana.fr\/wp-content\/uploads\/old\/tools_home.jpg?resize=500%2C350&ssl=1",500,350,true],"ab-block-post-grid-square":["https:\/\/i0.wp.com\/joyana.fr\/wp-content\/uploads\/old\/tools_home.jpg?resize=500%2C350&ssl=1",500,350,true],"author-pro-image":["https:\/\/i0.wp.com\/joyana.fr\/wp-content\/uploads\/old\/tools_home.jpg?resize=360%2C350&ssl=1",360,350,true],"slider":["https:\/\/i0.wp.com\/joyana.fr\/wp-content\/uploads\/old\/tools_home.jpg?resize=500%2C350&ssl=1",500,350,true],"woocommerce_thumbnail":["https:\/\/i0.wp.com\/joyana.fr\/wp-content\/uploads\/old\/tools_home.jpg?resize=450%2C350&ssl=1",450,350,true],"woocommerce_single":["https:\/\/i0.wp.com\/joyana.fr\/wp-content\/uploads\/old\/tools_home.jpg?fit=500%2C350&ssl=1",500,350,true],"woocommerce_gallery_thumbnail":["https:\/\/i0.wp.com\/joyana.fr\/wp-content\/uploads\/old\/tools_home.jpg?resize=180%2C180&ssl=1",180,180,true],"sow-carousel-default":["https:\/\/i0.wp.com\/joyana.fr\/wp-content\/uploads\/old\/tools_home.jpg?resize=272%2C182&ssl=1",272,182,true]},"post_excerpt_stackable_v2":"<p>La Tools Galerie fait corr\u00e9ler le changement de d\u00e9cennie pour les Designer\u2019s Days 2010 avec la fin des ampoules incandescentes et le passage \u00e0 de nouvelles ampoules \u00e0 \u00e9conomie d\u2019\u00e9nergie, avec cette exposition F-LIGHT SERIES Standards &#038; Ic\u00f4nes par David Enon&#8230; Une mutation qui condamne ou va p\u00e9naliser s\u00e9rieusement les lampes de designers et d\u2019architectes pour lesquels l\u2019ampoule \u00e9tait essentielle aux projets. David Enon propose une relecture de lampes standards, de c\u00e9l\u00e8bres lampes de designers connus, mais cr\u00e9e \u00e9galement de nouvelles pi\u00e8ces. Il utilise l\u2019ampoule \u00e0 \u00e9conomie d\u2019\u00e9nergie comme point de d\u00e9part pour redessiner ces lampes. L\u2019ampoule va red\u00e9finir -affiner-&hellip;<\/p>\n","category_list_v2":"<a href=\"https:\/\/joyana.fr\/en\/category\/deco-design\/actualite\/actualite-deco-design\/\" rel=\"category tag\">Actualit\u00e9 D\u00e9co-Design<\/a>, <a href=\"https:\/\/joyana.fr\/en\/category\/deco-design\/actualite\/salon\/designers-days\/\" rel=\"category tag\">D'DAYS<\/a>, <a href=\"https:\/\/joyana.fr\/en\/category\/deco-design\/\" rel=\"category tag\">DECO-DESIGN<\/a>, <a href=\"https:\/\/joyana.fr\/en\/category\/deco-design\/luminaire\/\" rel=\"category tag\">Luminaire<\/a>","author_info_v2":{"name":"Jo Yana","url":"https:\/\/joyana.fr\/en\/author\/joyana\/"},"comments_num_v2":"13 comments","yoast_head":"<!-- This site is optimized with the Yoast SEO plugin v26.8 - https:\/\/yoast.com\/product\/yoast-seo-wordpress\/ -->\n<title>DESIGNER&#039;S DAYS 2010 - Tools Galerie - JO YANA<\/title>\n<meta name=\"robots\" content=\"index, follow, max-snippet:-1, max-image-preview:large, max-video-preview:-1\" \/>\n<link rel=\"canonical\" href=\"https:\/\/joyana.fr\/en\/designers-days-2010-tools-galerie\/103811\/\" \/>\n<meta property=\"og:locale\" content=\"en_US\" \/>\n<meta property=\"og:locale:alternate\" content=\"fr_FR\" \/>\n<meta property=\"og:locale:alternate\" content=\"ja\" \/>\n<meta property=\"og:type\" content=\"article\" \/>\n<meta property=\"og:title\" content=\"DESIGNER&#039;S DAYS 2010 - Tools Galerie - JO YANA\" \/>\n<meta property=\"og:description\" content=\"La Tools Galerie fait corr\u00e9ler le changement de d\u00e9cennie pour les Designer\u2019s Days 2010 avec la fin des ampoules incandescentes et le passage \u00e0 de nouvelles ampoules \u00e0 \u00e9conomie d\u2019\u00e9nergie, avec cette exposition F-LIGHT SERIES Standards &amp; Ic\u00f4nes par David Enon&#8230; Une mutation qui condamne ou va p\u00e9naliser s\u00e9rieusement les lampes de designers et d\u2019architectes [&hellip;]\" \/>\n<meta property=\"og:url\" content=\"https:\/\/joyana.fr\/en\/designers-days-2010-tools-galerie\/103811\/\" \/>\n<meta property=\"og:site_name\" content=\"JO YANA\" \/>\n<meta property=\"article:published_time\" content=\"2010-06-15T11:53:39+00:00\" \/>\n<meta property=\"og:image\" content=\"https:\/\/i0.wp.com\/joyana.fr\/wp-content\/uploads\/old\/tools_home.jpg?fit=500%2C350&ssl=1\" \/>\n\t<meta property=\"og:image:width\" content=\"500\" \/>\n\t<meta property=\"og:image:height\" content=\"350\" \/>\n\t<meta property=\"og:image:type\" content=\"image\/jpeg\" \/>\n<meta name=\"author\" content=\"Jo Yana\" \/>\n<meta name=\"twitter:card\" content=\"summary_large_image\" \/>\n<meta name=\"twitter:creator\" content=\"@Jo_Yana\" \/>\n<meta name=\"twitter:site\" content=\"@Jo_Yana\" \/>\n<meta name=\"twitter:label1\" content=\"Written by\" \/>\n\t<meta name=\"twitter:data1\" content=\"Jo Yana\" \/>\n\t<meta name=\"twitter:label2\" content=\"Est. reading time\" \/>\n\t<meta name=\"twitter:data2\" content=\"1 minute\" \/>\n<script type=\"application\/ld+json\" class=\"yoast-schema-graph\">{\"@context\":\"https:\/\/schema.org\",\"@graph\":[{\"@type\":\"Article\",\"@id\":\"https:\/\/joyana.fr\/en\/designers-days-2010-tools-galerie\/103811\/#article\",\"isPartOf\":{\"@id\":\"https:\/\/joyana.fr\/en\/designers-days-2010-tools-galerie\/103811\/\"},\"author\":{\"name\":\"Jo Yana\",\"@id\":\"https:\/\/joyana.fr\/#\/schema\/person\/cf2a1ad12a27c12c21801075bf37407c\"},\"headline\":\"DESIGNER&#8217;S DAYS 2010 &#8211; Tools Galerie\",\"datePublished\":\"2010-06-15T11:53:39+00:00\",\"mainEntityOfPage\":{\"@id\":\"https:\/\/joyana.fr\/en\/designers-days-2010-tools-galerie\/103811\/\"},\"wordCount\":192,\"commentCount\":0,\"publisher\":{\"@id\":\"https:\/\/joyana.fr\/#\/schema\/person\/cf2a1ad12a27c12c21801075bf37407c\"},\"image\":{\"@id\":\"https:\/\/joyana.fr\/en\/designers-days-2010-tools-galerie\/103811\/#primaryimage\"},\"thumbnailUrl\":\"https:\/\/i0.wp.com\/joyana.fr\/wp-content\/uploads\/old\/tools_home.jpg?fit=500%2C350&ssl=1\",\"keywords\":[\"Ev\u00e8nements\"],\"articleSection\":[\"Actualit\u00e9 D\u00e9co-Design\",\"D'DAYS\",\"DECO-DESIGN\",\"Luminaire\"],\"inLanguage\":\"en-US\",\"potentialAction\":[{\"@type\":\"CommentAction\",\"name\":\"Comment\",\"target\":[\"https:\/\/joyana.fr\/en\/designers-days-2010-tools-galerie\/103811\/#respond\"]}]},{\"@type\":\"WebPage\",\"@id\":\"https:\/\/joyana.fr\/en\/designers-days-2010-tools-galerie\/103811\/\",\"url\":\"https:\/\/joyana.fr\/en\/designers-days-2010-tools-galerie\/103811\/\",\"name\":\"DESIGNER'S DAYS 2010 - Tools Galerie - JO YANA\",\"isPartOf\":{\"@id\":\"https:\/\/joyana.fr\/#website\"},\"primaryImageOfPage\":{\"@id\":\"https:\/\/joyana.fr\/en\/designers-days-2010-tools-galerie\/103811\/#primaryimage\"},\"image\":{\"@id\":\"https:\/\/joyana.fr\/en\/designers-days-2010-tools-galerie\/103811\/#primaryimage\"},\"thumbnailUrl\":\"https:\/\/i0.wp.com\/joyana.fr\/wp-content\/uploads\/old\/tools_home.jpg?fit=500%2C350&ssl=1\",\"datePublished\":\"2010-06-15T11:53:39+00:00\",\"breadcrumb\":{\"@id\":\"https:\/\/joyana.fr\/en\/designers-days-2010-tools-galerie\/103811\/#breadcrumb\"},\"inLanguage\":\"en-US\",\"potentialAction\":[{\"@type\":\"ReadAction\",\"target\":[\"https:\/\/joyana.fr\/en\/designers-days-2010-tools-galerie\/103811\/\"]}]},{\"@type\":\"ImageObject\",\"inLanguage\":\"en-US\",\"@id\":\"https:\/\/joyana.fr\/en\/designers-days-2010-tools-galerie\/103811\/#primaryimage\",\"url\":\"https:\/\/i0.wp.com\/joyana.fr\/wp-content\/uploads\/old\/tools_home.jpg?fit=500%2C350&ssl=1\",\"contentUrl\":\"https:\/\/i0.wp.com\/joyana.fr\/wp-content\/uploads\/old\/tools_home.jpg?fit=500%2C350&ssl=1\",\"width\":\"500\",\"height\":\"350\"},{\"@type\":\"BreadcrumbList\",\"@id\":\"https:\/\/joyana.fr\/en\/designers-days-2010-tools-galerie\/103811\/#breadcrumb\",\"itemListElement\":[{\"@type\":\"ListItem\",\"position\":1,\"name\":\"Accueil\",\"item\":\"https:\/\/joyana.fr\/\"},{\"@type\":\"ListItem\",\"position\":2,\"name\":\"DESIGNER&#8217;S DAYS 2010 &#8211; Tools Galerie\"}]},{\"@type\":\"WebSite\",\"@id\":\"https:\/\/joyana.fr\/#website\",\"url\":\"https:\/\/joyana.fr\/\",\"name\":\"JO YANA\",\"description\":\"Blog Mode Homme, Lifestyle, D\u00e9co-Design\",\"publisher\":{\"@id\":\"https:\/\/joyana.fr\/#\/schema\/person\/cf2a1ad12a27c12c21801075bf37407c\"},\"potentialAction\":[{\"@type\":\"SearchAction\",\"target\":{\"@type\":\"EntryPoint\",\"urlTemplate\":\"https:\/\/joyana.fr\/?s={search_term_string}\"},\"query-input\":{\"@type\":\"PropertyValueSpecification\",\"valueRequired\":true,\"valueName\":\"search_term_string\"}}],\"inLanguage\":\"en-US\"},{\"@type\":[\"Person\",\"Organization\"],\"@id\":\"https:\/\/joyana.fr\/#\/schema\/person\/cf2a1ad12a27c12c21801075bf37407c\",\"name\":\"Jo Yana\",\"image\":{\"@type\":\"ImageObject\",\"inLanguage\":\"en-US\",\"@id\":\"https:\/\/joyana.fr\/#\/schema\/person\/image\/\",\"url\":\"https:\/\/i0.wp.com\/joyana.fr\/wp-content\/uploads\/2016\/08\/cropped-joyana-logo-black-360x180.png?fit=343%2C164&ssl=1\",\"contentUrl\":\"https:\/\/i0.wp.com\/joyana.fr\/wp-content\/uploads\/2016\/08\/cropped-joyana-logo-black-360x180.png?fit=343%2C164&ssl=1\",\"width\":343,\"height\":164,\"caption\":\"Jo Yana\"},\"logo\":{\"@id\":\"https:\/\/joyana.fr\/#\/schema\/person\/image\/\"},\"description\":\"Jo Yana est le cr\u00e9ateur et r\u00e9dacteur en chef des sites DECO-DESIGN. Passionn\u00e9 de Design, Mode, Photo, Luxe, Lifestyle, Musique, mais avant tout Blogueur ! Le plaisir de partager l'anime et a comme devise \\\"POUR L'AMOUR DU BEAU\\\". Retrouvez le aussi sur son blog personnel - https:\/\/joyana.fr...\",\"sameAs\":[\"https:\/\/joyana.fr\/\"],\"url\":\"https:\/\/joyana.fr\/en\/author\/joyana\/\"}]}<\/script>\n<!-- \/ Yoast SEO plugin. -->","yoast_head_json":{"title":"DESIGNER'S DAYS 2010 - Tools Galerie - JO YANA","robots":{"index":"index","follow":"follow","max-snippet":"max-snippet:-1","max-image-preview":"max-image-preview:large","max-video-preview":"max-video-preview:-1"},"canonical":"https:\/\/joyana.fr\/en\/designers-days-2010-tools-galerie\/103811\/","og_locale":"en_US","og_type":"article","og_title":"DESIGNER'S DAYS 2010 - Tools Galerie - JO YANA","og_description":"La Tools Galerie fait corr\u00e9ler le changement de d\u00e9cennie pour les Designer\u2019s Days 2010 avec la fin des ampoules incandescentes et le passage \u00e0 de nouvelles ampoules \u00e0 \u00e9conomie d\u2019\u00e9nergie, avec cette exposition F-LIGHT SERIES Standards &#038; Ic\u00f4nes par David Enon&#8230; Une mutation qui condamne ou va p\u00e9naliser s\u00e9rieusement les lampes de designers et d\u2019architectes [&hellip;]","og_url":"https:\/\/joyana.fr\/en\/designers-days-2010-tools-galerie\/103811\/","og_site_name":"JO YANA","article_published_time":"2010-06-15T11:53:39+00:00","og_image":[{"width":500,"height":350,"url":"https:\/\/i0.wp.com\/joyana.fr\/wp-content\/uploads\/old\/tools_home.jpg?fit=500%2C350&ssl=1","type":"image\/jpeg"}],"author":"Jo Yana","twitter_card":"summary_large_image","twitter_creator":"@Jo_Yana","twitter_site":"@Jo_Yana","twitter_misc":{"Written by":"Jo Yana","Est. reading time":"1 minute"},"schema":{"@context":"https:\/\/schema.org","@graph":[{"@type":"Article","@id":"https:\/\/joyana.fr\/en\/designers-days-2010-tools-galerie\/103811\/#article","isPartOf":{"@id":"https:\/\/joyana.fr\/en\/designers-days-2010-tools-galerie\/103811\/"},"author":{"name":"Jo Yana","@id":"https:\/\/joyana.fr\/#\/schema\/person\/cf2a1ad12a27c12c21801075bf37407c"},"headline":"DESIGNER&#8217;S DAYS 2010 &#8211; Tools Galerie","datePublished":"2010-06-15T11:53:39+00:00","mainEntityOfPage":{"@id":"https:\/\/joyana.fr\/en\/designers-days-2010-tools-galerie\/103811\/"},"wordCount":192,"commentCount":0,"publisher":{"@id":"https:\/\/joyana.fr\/#\/schema\/person\/cf2a1ad12a27c12c21801075bf37407c"},"image":{"@id":"https:\/\/joyana.fr\/en\/designers-days-2010-tools-galerie\/103811\/#primaryimage"},"thumbnailUrl":"https:\/\/i0.wp.com\/joyana.fr\/wp-content\/uploads\/old\/tools_home.jpg?fit=500%2C350&ssl=1","keywords":["Ev\u00e8nements"],"articleSection":["Actualit\u00e9 D\u00e9co-Design","D'DAYS","DECO-DESIGN","Luminaire"],"inLanguage":"en-US","potentialAction":[{"@type":"CommentAction","name":"Comment","target":["https:\/\/joyana.fr\/en\/designers-days-2010-tools-galerie\/103811\/#respond"]}]},{"@type":"WebPage","@id":"https:\/\/joyana.fr\/en\/designers-days-2010-tools-galerie\/103811\/","url":"https:\/\/joyana.fr\/en\/designers-days-2010-tools-galerie\/103811\/","name":"DESIGNER'S DAYS 2010 - Tools Galerie - JO YANA","isPartOf":{"@id":"https:\/\/joyana.fr\/#website"},"primaryImageOfPage":{"@id":"https:\/\/joyana.fr\/en\/designers-days-2010-tools-galerie\/103811\/#primaryimage"},"image":{"@id":"https:\/\/joyana.fr\/en\/designers-days-2010-tools-galerie\/103811\/#primaryimage"},"thumbnailUrl":"https:\/\/i0.wp.com\/joyana.fr\/wp-content\/uploads\/old\/tools_home.jpg?fit=500%2C350&ssl=1","datePublished":"2010-06-15T11:53:39+00:00","breadcrumb":{"@id":"https:\/\/joyana.fr\/en\/designers-days-2010-tools-galerie\/103811\/#breadcrumb"},"inLanguage":"en-US","potentialAction":[{"@type":"ReadAction","target":["https:\/\/joyana.fr\/en\/designers-days-2010-tools-galerie\/103811\/"]}]},{"@type":"ImageObject","inLanguage":"en-US","@id":"https:\/\/joyana.fr\/en\/designers-days-2010-tools-galerie\/103811\/#primaryimage","url":"https:\/\/i0.wp.com\/joyana.fr\/wp-content\/uploads\/old\/tools_home.jpg?fit=500%2C350&ssl=1","contentUrl":"https:\/\/i0.wp.com\/joyana.fr\/wp-content\/uploads\/old\/tools_home.jpg?fit=500%2C350&ssl=1","width":"500","height":"350"},{"@type":"BreadcrumbList","@id":"https:\/\/joyana.fr\/en\/designers-days-2010-tools-galerie\/103811\/#breadcrumb","itemListElement":[{"@type":"ListItem","position":1,"name":"Accueil","item":"https:\/\/joyana.fr\/"},{"@type":"ListItem","position":2,"name":"DESIGNER&#8217;S DAYS 2010 &#8211; Tools Galerie"}]},{"@type":"WebSite","@id":"https:\/\/joyana.fr\/#website","url":"https:\/\/joyana.fr\/","name":"JO YANA","description":"Blog Mode Homme, Lifestyle, D\u00e9co-Design","publisher":{"@id":"https:\/\/joyana.fr\/#\/schema\/person\/cf2a1ad12a27c12c21801075bf37407c"},"potentialAction":[{"@type":"SearchAction","target":{"@type":"EntryPoint","urlTemplate":"https:\/\/joyana.fr\/?s={search_term_string}"},"query-input":{"@type":"PropertyValueSpecification","valueRequired":true,"valueName":"search_term_string"}}],"inLanguage":"en-US"},{"@type":["Person","Organization"],"@id":"https:\/\/joyana.fr\/#\/schema\/person\/cf2a1ad12a27c12c21801075bf37407c","name":"Jo Yana","image":{"@type":"ImageObject","inLanguage":"en-US","@id":"https:\/\/joyana.fr\/#\/schema\/person\/image\/","url":"https:\/\/i0.wp.com\/joyana.fr\/wp-content\/uploads\/2016\/08\/cropped-joyana-logo-black-360x180.png?fit=343%2C164&ssl=1","contentUrl":"https:\/\/i0.wp.com\/joyana.fr\/wp-content\/uploads\/2016\/08\/cropped-joyana-logo-black-360x180.png?fit=343%2C164&ssl=1","width":343,"height":164,"caption":"Jo Yana"},"logo":{"@id":"https:\/\/joyana.fr\/#\/schema\/person\/image\/"},"description":"Jo Yana est le cr\u00e9ateur et r\u00e9dacteur en chef des sites DECO-DESIGN. Passionn\u00e9 de Design, Mode, Photo, Luxe, Lifestyle, Musique, mais avant tout Blogueur ! Le plaisir de partager l'anime et a comme devise \"POUR L'AMOUR DU BEAU\". Retrouvez le aussi sur son blog personnel - https:\/\/joyana.fr...","sameAs":["https:\/\/joyana.fr\/"],"url":"https:\/\/joyana.fr\/en\/author\/joyana\/"}]}},"author_meta":{"display_name":"Jo Yana","author_link":"https:\/\/joyana.fr\/en\/author\/joyana\/"},"featured_img":"https:\/\/i0.wp.com\/joyana.fr\/wp-content\/uploads\/old\/tools_home.jpg?fit=300%2C210&ssl=1","featured_image_src":"https:\/\/i0.wp.com\/joyana.fr\/wp-content\/uploads\/old\/tools_home.jpg?resize=500%2C350&ssl=1","featured_image_src_square":"https:\/\/i0.wp.com\/joyana.fr\/wp-content\/uploads\/old\/tools_home.jpg?resize=500%2C350&ssl=1","jetpack_featured_media_url":"https:\/\/i0.wp.com\/joyana.fr\/wp-content\/uploads\/old\/tools_home.jpg?fit=500%2C350&ssl=1","uagb_featured_image_src":{"full":["https:\/\/i0.wp.com\/joyana.fr\/wp-content\/uploads\/old\/tools_home.jpg?fit=500%2C350&ssl=1",500,350,false],"thumbnail":["https:\/\/i0.wp.com\/joyana.fr\/wp-content\/uploads\/old\/tools_home.jpg?resize=150%2C150&ssl=1",150,150,true],"medium":["https:\/\/i0.wp.com\/joyana.fr\/wp-content\/uploads\/old\/tools_home.jpg?fit=300%2C210&ssl=1",300,210,true],"medium_large":["https:\/\/i0.wp.com\/joyana.fr\/wp-content\/uploads\/old\/tools_home.jpg?fit=500%2C350&ssl=1",500,350,true],"large":["https:\/\/i0.wp.com\/joyana.fr\/wp-content\/uploads\/old\/tools_home.jpg?fit=500%2C350&ssl=1",500,350,true],"1536x1536":["https:\/\/i0.wp.com\/joyana.fr\/wp-content\/uploads\/old\/tools_home.jpg?fit=500%2C350&ssl=1",500,350,true],"2048x2048":["https:\/\/i0.wp.com\/joyana.fr\/wp-content\/uploads\/old\/tools_home.jpg?fit=500%2C350&ssl=1",500,350,true],"featured-thumb":["https:\/\/i0.wp.com\/joyana.fr\/wp-content\/uploads\/old\/tools_home.jpg?resize=500%2C300&ssl=1",500,300,true],"ab-block-post-grid-landscape":["https:\/\/i0.wp.com\/joyana.fr\/wp-content\/uploads\/old\/tools_home.jpg?resize=500%2C350&ssl=1",500,350,true],"ab-block-post-grid-square":["https:\/\/i0.wp.com\/joyana.fr\/wp-content\/uploads\/old\/tools_home.jpg?resize=500%2C350&ssl=1",500,350,true],"author-pro-image":["https:\/\/i0.wp.com\/joyana.fr\/wp-content\/uploads\/old\/tools_home.jpg?resize=360%2C350&ssl=1",360,350,true],"slider":["https:\/\/i0.wp.com\/joyana.fr\/wp-content\/uploads\/old\/tools_home.jpg?resize=500%2C350&ssl=1",500,350,true],"woocommerce_thumbnail":["https:\/\/i0.wp.com\/joyana.fr\/wp-content\/uploads\/old\/tools_home.jpg?resize=450%2C350&ssl=1",450,350,true],"woocommerce_single":["https:\/\/i0.wp.com\/joyana.fr\/wp-content\/uploads\/old\/tools_home.jpg?fit=500%2C350&ssl=1",500,350,true],"woocommerce_gallery_thumbnail":["https:\/\/i0.wp.com\/joyana.fr\/wp-content\/uploads\/old\/tools_home.jpg?resize=180%2C180&ssl=1",180,180,true],"sow-carousel-default":["https:\/\/i0.wp.com\/joyana.fr\/wp-content\/uploads\/old\/tools_home.jpg?resize=272%2C182&ssl=1",272,182,true]},"uagb_author_info":{"display_name":"Jo Yana","author_link":"https:\/\/joyana.fr\/en\/author\/joyana\/"},"uagb_comment_info":13,"uagb_excerpt":"La Tools Galerie fait corr\u00e9ler le changement de d\u00e9cennie pour les Designer\u2019s Days 2010 avec la fin des ampoules incandescentes et le passage \u00e0 de nouvelles ampoules \u00e0 \u00e9conomie d\u2019\u00e9nergie, avec cette exposition F-LIGHT SERIES Standards &#038; Ic\u00f4nes par David Enon&#8230; Une mutation qui condamne ou va p\u00e9naliser s\u00e9rieusement les lampes de designers et d\u2019architectes&hellip;","coauthors":[],"tax_additional":{"categories":{"linked":["<a href=\"https:\/\/joyana.fr\/en\/category\/deco-design\/actualite\/actualite-deco-design\/\" class=\"advgb-post-tax-term\">Actualit\u00e9 D\u00e9co-Design<\/a>","<a href=\"https:\/\/joyana.fr\/en\/category\/deco-design\/actualite\/salon\/designers-days\/\" class=\"advgb-post-tax-term\">D&#039;DAYS<\/a>","<a href=\"https:\/\/joyana.fr\/en\/category\/deco-design\/\" class=\"advgb-post-tax-term\">DECO-DESIGN<\/a>","<a href=\"https:\/\/joyana.fr\/en\/category\/deco-design\/luminaire\/\" class=\"advgb-post-tax-term\">Luminaire<\/a>"],"unlinked":["<span class=\"advgb-post-tax-term\">Actualit\u00e9 D\u00e9co-Design<\/span>","<span class=\"advgb-post-tax-term\">D&#039;DAYS<\/span>","<span class=\"advgb-post-tax-term\">DECO-DESIGN<\/span>","<span class=\"advgb-post-tax-term\">Luminaire<\/span>"]},"tags":{"linked":["<a href=\"https:\/\/joyana.fr\/en\/category\/deco-design\/luminaire\/\" class=\"advgb-post-tax-term\">Ev\u00e8nements<\/a>"],"unlinked":["<span class=\"advgb-post-tax-term\">Ev\u00e8nements<\/span>"]}},"comment_count":13,"relative_dates":{"created":"Posted 16 years ago","modified":"Updated 16 years ago"},"absolute_dates":{"created":"Posted on 15 June 2010","modified":"Updated on 15 June 2010"},"absolute_dates_time":{"created":"Posted on 15 June 2010 12:53","modified":"Updated on 15 June 2010 12:53"},"featured_img_caption":"","series_order":"","jetpack_sharing_enabled":true,"jetpack_shortlink":"https:\/\/wp.me\/p9bteI-r0n","jetpack-related-posts":[],"_links":{"self":[{"href":"https:\/\/joyana.fr\/en\/wp-json\/wp\/v2\/posts\/103811","targetHints":{"allow":["GET"]}}],"collection":[{"href":"https:\/\/joyana.fr\/en\/wp-json\/wp\/v2\/posts"}],"about":[{"href":"https:\/\/joyana.fr\/en\/wp-json\/wp\/v2\/types\/post"}],"author":[{"embeddable":true,"href":"https:\/\/joyana.fr\/en\/wp-json\/wp\/v2\/users\/3"}],"replies":[{"embeddable":true,"href":"https:\/\/joyana.fr\/en\/wp-json\/wp\/v2\/comments?post=103811"}],"version-history":[{"count":0,"href":"https:\/\/joyana.fr\/en\/wp-json\/wp\/v2\/posts\/103811\/revisions"}],"wp:featuredmedia":[{"embeddable":true,"href":"https:\/\/joyana.fr\/en\/wp-json\/wp\/v2\/media\/103807"}],"wp:attachment":[{"href":"https:\/\/joyana.fr\/en\/wp-json\/wp\/v2\/media?parent=103811"}],"wp:term":[{"taxonomy":"category","embeddable":true,"href":"https:\/\/joyana.fr\/en\/wp-json\/wp\/v2\/categories?post=103811"},{"taxonomy":"post_tag","embeddable":true,"href":"https:\/\/joyana.fr\/en\/wp-json\/wp\/v2\/tags?post=103811"}],"curies":[{"name":"wp","href":"https:\/\/api.w.org\/{rel}","templated":true}]}}