{"id":103921,"date":"2010-07-02T16:14:31","date_gmt":"2010-07-02T15:14:31","guid":{"rendered":"https:\/\/joyana.fr\/meuble-tv-design-oltredomo\/"},"modified":"2010-07-02T16:14:31","modified_gmt":"2010-07-02T15:14:31","slug":"meuble-tv-design-oltredomo","status":"publish","type":"post","link":"https:\/\/joyana.fr\/en\/meuble-tv-design-oltredomo\/103921\/","title":{"rendered":"Meuble TV design OLTREDOMO"},"content":{"rendered":"<p>Le <strong>meuble TV<\/strong> est l&#8217;une des pi\u00e8ces de votre mobilier la plus regarder de votre int\u00e9rieur, car situ\u00e9 sous la t\u00e9l\u00e9vision, tous les yeux sont riv\u00e9s sur lui&#8230; Il se doit d&#8217;arborer un <strong>design<\/strong> s\u00e9duisant et fonctionnel, comme la collection sign\u00e9e <strong>Oltredomo<\/strong> \u00e0 d\u00e9couvrir dans la suite&#8230;<\/p>\n<p><img data-recalc-dims=\"1\" decoding=\"async\" src=\"https:\/\/i0.wp.com\/joyana.fr\/wp-content\/uploads\/meuble_tv_design_oltredomo.jpg?ssl=1\" alt=\"Meuble TV design OLTREDOMO\" align=\"top\" hspace=\"8\" \/><\/p>\n<p> <img data-recalc-dims=\"1\" decoding=\"async\" src=\"https:\/\/i0.wp.com\/joyana.fr\/wp-content\/uploads\/meuble_tv_oltredomo_001-2.jpg?ssl=1\" alt=\"Meuble TV design OLTREDOMO\" align=\"top\" hspace=\"8\" \/><\/p>\n<p><img data-recalc-dims=\"1\" decoding=\"async\" src=\"https:\/\/i0.wp.com\/joyana.fr\/wp-content\/uploads\/meuble_tv_oltredomo_004.jpg?ssl=1\" alt=\"Meuble TV design OLTREDOMO\" align=\"top\" hspace=\"8\" \/><\/p>\n<p style=\"text-align: justify;\">Quelques mots sur l&#8217;\u00e9diteur <strong>Oltredomo <\/strong>, fabricant italien, dont les produits proviennent d&#8217;une synergie d&#8217;exp\u00e9riences, de d\u00e9vouements, d&#8217;expertises et de comp\u00e9tences en mati\u00e8re de solutions pour la maison.<\/p>\n<p><img data-recalc-dims=\"1\" decoding=\"async\" src=\"https:\/\/i0.wp.com\/joyana.fr\/wp-content\/uploads\/meuble_tv_oltredomo_013.jpg?ssl=1\" alt=\"Meuble TV design OLTREDOMO\" align=\"top\" hspace=\"8\" \/><\/p>\n<p><img data-recalc-dims=\"1\" decoding=\"async\" src=\"https:\/\/i0.wp.com\/joyana.fr\/wp-content\/uploads\/meuble_tv_oltredomo_016.jpg?ssl=1\" alt=\"Meuble TV design OLTREDOMO\" align=\"top\" hspace=\"8\" \/><\/p>\n<p style=\"text-align: justify;\">Les meubles <strong>Oltredomo\u00a0<\/strong> sont inspir\u00e9s de l&#8217;avant-garde du design, fabriqu\u00e9s sur mesure, arborant une finition irr\u00e9prochable !!!<\/p>\n<p><img data-recalc-dims=\"1\" decoding=\"async\" src=\"https:\/\/i0.wp.com\/joyana.fr\/wp-content\/uploads\/meuble_tv_oltredomo_017.jpg?ssl=1\" alt=\"Meuble TV design OLTREDOMO\" align=\"top\" hspace=\"8\" \/><\/p>\n<p><img data-recalc-dims=\"1\" decoding=\"async\" src=\"https:\/\/i0.wp.com\/joyana.fr\/wp-content\/uploads\/meuble_tv_oltredomo_034.jpg?ssl=1\" alt=\"Meuble TV design OLTREDOMO\" align=\"top\" hspace=\"8\" \/><\/p>\n<p style=\"text-align: justify;\">Chez Deco-Design on est fan des compositions meubles muraux + meuble TV, dont les possibilit\u00e9s de combinaisons sont presque infinies. Laqu\u00e9 brillant, bois, orn\u00e9 de motif, verre, \u00e9clairage LED, laissez parler votre imagination !!!<\/p>\n<p><img data-recalc-dims=\"1\" decoding=\"async\" src=\"https:\/\/i0.wp.com\/joyana.fr\/wp-content\/uploads\/meuble_tv_oltredomo_047-3.jpg?ssl=1\" alt=\"Meuble TV design OLTREDOMO\" align=\"top\" hspace=\"8\" \/><\/p>\n<p style=\"text-align: justify;\">Notre partenaire propose bien s\u00fbr des combinaisons pr\u00e9-\u00e9tablies de <a title=\"MEUBLE TV OLTREDOMO\" href=\"http:\/\/www.lepelican.fr\/mobilier\/mobilier-design\/meuble-tv-design\/?ecl=24&#038;ecm=100\"><strong>Meuble TV Oltredomo<\/strong><\/a> pour vous \u00e9viter de plancher sur le sujet, dont les visuels illustres ce billet ; mais n&#8217;h\u00e9sitez pas \u00e0 les contacter pour r\u00e9aliser un devis&#8230;<\/p>\n<p><img data-recalc-dims=\"1\" decoding=\"async\" src=\"https:\/\/i0.wp.com\/joyana.fr\/wp-content\/uploads\/meuble_tv_oltredomo_049-2.jpg?ssl=1\" alt=\"Meuble TV design OLTREDOMO\" align=\"top\" hspace=\"8\" \/><\/p>\n<p style=\"text-align: center;\">En savoir + sur <a href=\"http:\/\/www.oltredomo.com\/\" target=\"_blank\"><strong>OLTREDOMO<\/strong><\/a><\/p>\n<p>&nbsp;<\/p>\n","protected":false},"excerpt":{"rendered":"<p>Le meuble TV est l&#8217;une des pi\u00e8ces de votre mobilier la plus regarder de votre int\u00e9rieur, car situ\u00e9 sous la t\u00e9l\u00e9vision, tous les yeux sont riv\u00e9s sur lui&#8230; Il se doit d&#8217;arborer un design s\u00e9duisant et fonctionnel, comme la collection sign\u00e9e Oltredomo \u00e0 d\u00e9couvrir dans la suite&#8230; Quelques mots sur l&#8217;\u00e9diteur Oltredomo , fabricant italien, [&hellip;]<\/p>\n","protected":false},"author":3,"featured_media":119613,"comment_status":"open","ping_status":"open","sticky":false,"template":"","format":"standard","meta":{"_coblocks_attr":"","_coblocks_dimensions":"","_coblocks_responsive_height":"","_coblocks_accordion_ie_support":"","_uag_custom_page_level_css":"","advgb_blocks_editor_width":"","advgb_blocks_columns_visual_guide":"","_genesis_hide_title":false,"_genesis_hide_breadcrumbs":false,"_genesis_hide_singular_image":false,"_genesis_hide_footer_widgets":false,"_genesis_custom_body_class":"","_genesis_custom_post_class":"","_genesis_layout":"","_themeisle_gutenberg_block_has_review":false,"_jetpack_newsletter_access":"","_jetpack_dont_email_post_to_subs":false,"_jetpack_newsletter_tier_id":0,"_jetpack_memberships_contains_paywalled_content":false,"_jetpack_memberships_contains_paid_content":false,"footnotes":""},"categories":[905,941,942,974],"tags":[78,957,952],"class_list":{"0":"post-103921","1":"post","2":"type-post","3":"status-publish","4":"format-standard","5":"has-post-thumbnail","7":"category-deco-design","8":"category-decoration-murale","9":"category-mobilier","10":"category-mobilier-modulaire","11":"tag-design","12":"tag-laque","13":"tag-led","14":"entry"},"featured_image_urls":{"full":["https:\/\/i0.wp.com\/joyana.fr\/wp-content\/uploads\/2010\/07\/meuble-tv-mural-laque-blanc-et-taupe-charme.jpg?fit=800%2C533&ssl=1",800,533,false],"thumbnail":["https:\/\/i0.wp.com\/joyana.fr\/wp-content\/uploads\/2010\/07\/meuble-tv-mural-laque-blanc-et-taupe-charme.jpg?resize=150%2C150&ssl=1",150,150,true],"medium":["https:\/\/i0.wp.com\/joyana.fr\/wp-content\/uploads\/2010\/07\/meuble-tv-mural-laque-blanc-et-taupe-charme.jpg?fit=389%2C259&ssl=1",389,259,true],"medium_large":["https:\/\/i0.wp.com\/joyana.fr\/wp-content\/uploads\/2010\/07\/meuble-tv-mural-laque-blanc-et-taupe-charme.jpg?fit=768%2C512&ssl=1",768,512,true],"large":["https:\/\/i0.wp.com\/joyana.fr\/wp-content\/uploads\/2010\/07\/meuble-tv-mural-laque-blanc-et-taupe-charme.jpg?fit=800%2C533&ssl=1",800,533,true],"1536x1536":["https:\/\/i0.wp.com\/joyana.fr\/wp-content\/uploads\/2010\/07\/meuble-tv-mural-laque-blanc-et-taupe-charme.jpg?fit=800%2C533&ssl=1",800,533,true],"2048x2048":["https:\/\/i0.wp.com\/joyana.fr\/wp-content\/uploads\/2010\/07\/meuble-tv-mural-laque-blanc-et-taupe-charme.jpg?fit=800%2C533&ssl=1",800,533,true],"featured-thumb":["https:\/\/i0.wp.com\/joyana.fr\/wp-content\/uploads\/2010\/07\/meuble-tv-mural-laque-blanc-et-taupe-charme.jpg?resize=800%2C533&ssl=1",800,533,true],"ab-block-post-grid-landscape":["https:\/\/i0.wp.com\/joyana.fr\/wp-content\/uploads\/2010\/07\/meuble-tv-mural-laque-blanc-et-taupe-charme.jpg?resize=600%2C400&ssl=1",600,400,true],"ab-block-post-grid-square":["https:\/\/i0.wp.com\/joyana.fr\/wp-content\/uploads\/2010\/07\/meuble-tv-mural-laque-blanc-et-taupe-charme.jpg?resize=600%2C533&ssl=1",600,533,true],"author-pro-image":["https:\/\/i0.wp.com\/joyana.fr\/wp-content\/uploads\/2010\/07\/meuble-tv-mural-laque-blanc-et-taupe-charme.jpg?resize=360%2C533&ssl=1",360,533,true],"slider":["https:\/\/i0.wp.com\/joyana.fr\/wp-content\/uploads\/2010\/07\/meuble-tv-mural-laque-blanc-et-taupe-charme.jpg?resize=800%2C400&ssl=1",800,400,true],"woocommerce_thumbnail":["https:\/\/i0.wp.com\/joyana.fr\/wp-content\/uploads\/2010\/07\/meuble-tv-mural-laque-blanc-et-taupe-charme.jpg?resize=450%2C450&ssl=1",450,450,true],"woocommerce_single":["https:\/\/i0.wp.com\/joyana.fr\/wp-content\/uploads\/2010\/07\/meuble-tv-mural-laque-blanc-et-taupe-charme.jpg?fit=800%2C533&ssl=1",800,533,true],"woocommerce_gallery_thumbnail":["https:\/\/i0.wp.com\/joyana.fr\/wp-content\/uploads\/2010\/07\/meuble-tv-mural-laque-blanc-et-taupe-charme.jpg?resize=180%2C180&ssl=1",180,180,true],"sow-carousel-default":["https:\/\/i0.wp.com\/joyana.fr\/wp-content\/uploads\/2010\/07\/meuble-tv-mural-laque-blanc-et-taupe-charme.jpg?resize=272%2C182&ssl=1",272,182,true]},"post_excerpt_stackable":"<p>Le meuble TV est l&#8217;une des pi\u00e8ces de votre mobilier la plus regarder de votre int\u00e9rieur, car situ\u00e9 sous la t\u00e9l\u00e9vision, tous les yeux sont riv\u00e9s sur lui&#8230; Il se doit d&#8217;arborer un design s\u00e9duisant et fonctionnel, comme la collection sign\u00e9e Oltredomo \u00e0 d\u00e9couvrir dans la suite&#8230; Quelques mots sur l&#8217;\u00e9diteur Oltredomo , fabricant italien, dont les produits proviennent d&#8217;une synergie d&#8217;exp\u00e9riences, de d\u00e9vouements, d&#8217;expertises et de comp\u00e9tences en mati\u00e8re de solutions pour la maison. Les meubles Oltredomo\u00a0 sont inspir\u00e9s de l&#8217;avant-garde du design, fabriqu\u00e9s sur mesure, arborant une finition irr\u00e9prochable !!! Chez Deco-Design on est fan des compositions meubles&hellip;<\/p>\n","category_list":"<a href=\"https:\/\/joyana.fr\/en\/category\/deco-design\/\" rel=\"category tag\">DECO-DESIGN<\/a>, <a href=\"https:\/\/joyana.fr\/en\/category\/deco-design\/decoration\/decoration-murale\/\" rel=\"category tag\">D\u00e9coration Murale<\/a>, <a href=\"https:\/\/joyana.fr\/en\/category\/deco-design\/mobilier\/\" rel=\"category tag\">Mobilier<\/a>, <a href=\"https:\/\/joyana.fr\/en\/category\/deco-design\/mobilier\/mobilier-modulaire\/\" rel=\"category tag\">Mobilier modulaire<\/a>","author_info":{"display_name":"Jo Yana","author_link":"https:\/\/joyana.fr\/en\/author\/joyana\/"},"comments_num":"17 comments","featured_image_urls_v2":{"full":["https:\/\/i0.wp.com\/joyana.fr\/wp-content\/uploads\/2010\/07\/meuble-tv-mural-laque-blanc-et-taupe-charme.jpg?fit=800%2C533&ssl=1",800,533,false],"thumbnail":["https:\/\/i0.wp.com\/joyana.fr\/wp-content\/uploads\/2010\/07\/meuble-tv-mural-laque-blanc-et-taupe-charme.jpg?resize=150%2C150&ssl=1",150,150,true],"medium":["https:\/\/i0.wp.com\/joyana.fr\/wp-content\/uploads\/2010\/07\/meuble-tv-mural-laque-blanc-et-taupe-charme.jpg?fit=389%2C259&ssl=1",389,259,true],"medium_large":["https:\/\/i0.wp.com\/joyana.fr\/wp-content\/uploads\/2010\/07\/meuble-tv-mural-laque-blanc-et-taupe-charme.jpg?fit=768%2C512&ssl=1",768,512,true],"large":["https:\/\/i0.wp.com\/joyana.fr\/wp-content\/uploads\/2010\/07\/meuble-tv-mural-laque-blanc-et-taupe-charme.jpg?fit=800%2C533&ssl=1",800,533,true],"1536x1536":["https:\/\/i0.wp.com\/joyana.fr\/wp-content\/uploads\/2010\/07\/meuble-tv-mural-laque-blanc-et-taupe-charme.jpg?fit=800%2C533&ssl=1",800,533,true],"2048x2048":["https:\/\/i0.wp.com\/joyana.fr\/wp-content\/uploads\/2010\/07\/meuble-tv-mural-laque-blanc-et-taupe-charme.jpg?fit=800%2C533&ssl=1",800,533,true],"featured-thumb":["https:\/\/i0.wp.com\/joyana.fr\/wp-content\/uploads\/2010\/07\/meuble-tv-mural-laque-blanc-et-taupe-charme.jpg?resize=800%2C533&ssl=1",800,533,true],"ab-block-post-grid-landscape":["https:\/\/i0.wp.com\/joyana.fr\/wp-content\/uploads\/2010\/07\/meuble-tv-mural-laque-blanc-et-taupe-charme.jpg?resize=600%2C400&ssl=1",600,400,true],"ab-block-post-grid-square":["https:\/\/i0.wp.com\/joyana.fr\/wp-content\/uploads\/2010\/07\/meuble-tv-mural-laque-blanc-et-taupe-charme.jpg?resize=600%2C533&ssl=1",600,533,true],"author-pro-image":["https:\/\/i0.wp.com\/joyana.fr\/wp-content\/uploads\/2010\/07\/meuble-tv-mural-laque-blanc-et-taupe-charme.jpg?resize=360%2C533&ssl=1",360,533,true],"slider":["https:\/\/i0.wp.com\/joyana.fr\/wp-content\/uploads\/2010\/07\/meuble-tv-mural-laque-blanc-et-taupe-charme.jpg?resize=800%2C400&ssl=1",800,400,true],"woocommerce_thumbnail":["https:\/\/i0.wp.com\/joyana.fr\/wp-content\/uploads\/2010\/07\/meuble-tv-mural-laque-blanc-et-taupe-charme.jpg?resize=450%2C450&ssl=1",450,450,true],"woocommerce_single":["https:\/\/i0.wp.com\/joyana.fr\/wp-content\/uploads\/2010\/07\/meuble-tv-mural-laque-blanc-et-taupe-charme.jpg?fit=800%2C533&ssl=1",800,533,true],"woocommerce_gallery_thumbnail":["https:\/\/i0.wp.com\/joyana.fr\/wp-content\/uploads\/2010\/07\/meuble-tv-mural-laque-blanc-et-taupe-charme.jpg?resize=180%2C180&ssl=1",180,180,true],"sow-carousel-default":["https:\/\/i0.wp.com\/joyana.fr\/wp-content\/uploads\/2010\/07\/meuble-tv-mural-laque-blanc-et-taupe-charme.jpg?resize=272%2C182&ssl=1",272,182,true]},"post_excerpt_stackable_v2":"<p>Le meuble TV est l&#8217;une des pi\u00e8ces de votre mobilier la plus regarder de votre int\u00e9rieur, car situ\u00e9 sous la t\u00e9l\u00e9vision, tous les yeux sont riv\u00e9s sur lui&#8230; Il se doit d&#8217;arborer un design s\u00e9duisant et fonctionnel, comme la collection sign\u00e9e Oltredomo \u00e0 d\u00e9couvrir dans la suite&#8230; Quelques mots sur l&#8217;\u00e9diteur Oltredomo , fabricant italien, dont les produits proviennent d&#8217;une synergie d&#8217;exp\u00e9riences, de d\u00e9vouements, d&#8217;expertises et de comp\u00e9tences en mati\u00e8re de solutions pour la maison. Les meubles Oltredomo\u00a0 sont inspir\u00e9s de l&#8217;avant-garde du design, fabriqu\u00e9s sur mesure, arborant une finition irr\u00e9prochable !!! Chez Deco-Design on est fan des compositions meubles&hellip;<\/p>\n","category_list_v2":"<a href=\"https:\/\/joyana.fr\/en\/category\/deco-design\/\" rel=\"category tag\">DECO-DESIGN<\/a>, <a href=\"https:\/\/joyana.fr\/en\/category\/deco-design\/decoration\/decoration-murale\/\" rel=\"category tag\">D\u00e9coration Murale<\/a>, <a href=\"https:\/\/joyana.fr\/en\/category\/deco-design\/mobilier\/\" rel=\"category tag\">Mobilier<\/a>, <a href=\"https:\/\/joyana.fr\/en\/category\/deco-design\/mobilier\/mobilier-modulaire\/\" rel=\"category tag\">Mobilier modulaire<\/a>","author_info_v2":{"name":"Jo Yana","url":"https:\/\/joyana.fr\/en\/author\/joyana\/"},"comments_num_v2":"17 comments","yoast_head":"<!-- This site is optimized with the Yoast SEO plugin v26.8 - https:\/\/yoast.com\/product\/yoast-seo-wordpress\/ -->\n<title>Meuble TV design OLTREDOMO | DECO-DESIGN<\/title>\n<meta name=\"description\" content=\"Le meuble TV est l&#039;une des pi\u00e8ces de votre mobilier la plus regarder de votre int\u00e9rieur, car situ\u00e9 sous la t\u00e9l\u00e9vision. Il se doit d&#039;arborer un design s\u00e9duisant et fonctionnel, comme la collection sign\u00e9e Oltredomo...\" \/>\n<meta name=\"robots\" content=\"index, follow, max-snippet:-1, max-image-preview:large, max-video-preview:-1\" \/>\n<link rel=\"canonical\" href=\"https:\/\/joyana.fr\/en\/meuble-tv-design-oltredomo\/103921\/\" \/>\n<meta property=\"og:locale\" content=\"en_US\" \/>\n<meta property=\"og:locale:alternate\" content=\"fr_FR\" \/>\n<meta property=\"og:locale:alternate\" content=\"ja\" \/>\n<meta property=\"og:type\" content=\"article\" \/>\n<meta property=\"og:title\" content=\"Meuble TV design OLTREDOMO | DECO-DESIGN\" \/>\n<meta property=\"og:description\" content=\"Le meuble TV est l&#039;une des pi\u00e8ces de votre mobilier la plus regarder de votre int\u00e9rieur, car situ\u00e9 sous la t\u00e9l\u00e9vision. Il se doit d&#039;arborer un design s\u00e9duisant et fonctionnel, comme la collection sign\u00e9e Oltredomo...\" \/>\n<meta property=\"og:url\" content=\"https:\/\/joyana.fr\/en\/meuble-tv-design-oltredomo\/103921\/\" \/>\n<meta property=\"og:site_name\" content=\"JO YANA\" \/>\n<meta property=\"article:published_time\" content=\"2010-07-02T15:14:31+00:00\" \/>\n<meta property=\"og:image\" content=\"https:\/\/joyana.fr\/wp-content\/uploads\/2010\/07\/meuble-tv-mural-laque-blanc-et-taupe-charme.jpg\" \/>\n\t<meta property=\"og:image:width\" content=\"800\" \/>\n\t<meta property=\"og:image:height\" content=\"533\" \/>\n\t<meta property=\"og:image:type\" content=\"image\/jpeg\" \/>\n<meta name=\"author\" content=\"Jo Yana\" \/>\n<meta name=\"twitter:card\" content=\"summary_large_image\" \/>\n<meta name=\"twitter:creator\" content=\"@Jo_Yana\" \/>\n<meta name=\"twitter:site\" content=\"@Jo_Yana\" \/>\n<meta name=\"twitter:label1\" content=\"Written by\" \/>\n\t<meta name=\"twitter:data1\" content=\"Jo Yana\" \/>\n\t<meta name=\"twitter:label2\" content=\"Est. reading time\" \/>\n\t<meta name=\"twitter:data2\" content=\"1 minute\" \/>\n<script type=\"application\/ld+json\" class=\"yoast-schema-graph\">{\"@context\":\"https:\/\/schema.org\",\"@graph\":[{\"@type\":\"Article\",\"@id\":\"https:\/\/joyana.fr\/en\/meuble-tv-design-oltredomo\/103921\/#article\",\"isPartOf\":{\"@id\":\"https:\/\/joyana.fr\/en\/meuble-tv-design-oltredomo\/103921\/\"},\"author\":{\"name\":\"Jo Yana\",\"@id\":\"https:\/\/www.joyana.fr\/#\/schema\/person\/cf2a1ad12a27c12c21801075bf37407c\"},\"headline\":\"Meuble TV design OLTREDOMO\",\"datePublished\":\"2010-07-02T15:14:31+00:00\",\"mainEntityOfPage\":{\"@id\":\"https:\/\/joyana.fr\/en\/meuble-tv-design-oltredomo\/103921\/\"},\"wordCount\":194,\"commentCount\":0,\"publisher\":{\"@id\":\"https:\/\/www.joyana.fr\/#\/schema\/person\/cf2a1ad12a27c12c21801075bf37407c\"},\"image\":{\"@id\":\"https:\/\/joyana.fr\/en\/meuble-tv-design-oltredomo\/103921\/#primaryimage\"},\"thumbnailUrl\":\"https:\/\/i0.wp.com\/joyana.fr\/wp-content\/uploads\/2010\/07\/meuble-tv-mural-laque-blanc-et-taupe-charme.jpg?fit=800%2C533&ssl=1\",\"keywords\":[\"DESIGN\",\"Laqu\u00e9\",\"LED\"],\"articleSection\":[\"DECO-DESIGN\",\"D\u00e9coration Murale\",\"Mobilier\",\"Mobilier modulaire\"],\"inLanguage\":\"en-US\",\"potentialAction\":[{\"@type\":\"CommentAction\",\"name\":\"Comment\",\"target\":[\"https:\/\/joyana.fr\/en\/meuble-tv-design-oltredomo\/103921\/#respond\"]}]},{\"@type\":\"WebPage\",\"@id\":\"https:\/\/joyana.fr\/en\/meuble-tv-design-oltredomo\/103921\/\",\"url\":\"https:\/\/joyana.fr\/en\/meuble-tv-design-oltredomo\/103921\/\",\"name\":\"Meuble TV design OLTREDOMO | DECO-DESIGN\",\"isPartOf\":{\"@id\":\"https:\/\/www.joyana.fr\/#website\"},\"primaryImageOfPage\":{\"@id\":\"https:\/\/joyana.fr\/en\/meuble-tv-design-oltredomo\/103921\/#primaryimage\"},\"image\":{\"@id\":\"https:\/\/joyana.fr\/en\/meuble-tv-design-oltredomo\/103921\/#primaryimage\"},\"thumbnailUrl\":\"https:\/\/i0.wp.com\/joyana.fr\/wp-content\/uploads\/2010\/07\/meuble-tv-mural-laque-blanc-et-taupe-charme.jpg?fit=800%2C533&ssl=1\",\"datePublished\":\"2010-07-02T15:14:31+00:00\",\"description\":\"Le meuble TV est l'une des pi\u00e8ces de votre mobilier la plus regarder de votre int\u00e9rieur, car situ\u00e9 sous la t\u00e9l\u00e9vision. Il se doit d'arborer un design s\u00e9duisant et fonctionnel, comme la collection sign\u00e9e Oltredomo...\",\"breadcrumb\":{\"@id\":\"https:\/\/joyana.fr\/en\/meuble-tv-design-oltredomo\/103921\/#breadcrumb\"},\"inLanguage\":\"en-US\",\"potentialAction\":[{\"@type\":\"ReadAction\",\"target\":[\"https:\/\/joyana.fr\/en\/meuble-tv-design-oltredomo\/103921\/\"]}]},{\"@type\":\"ImageObject\",\"inLanguage\":\"en-US\",\"@id\":\"https:\/\/joyana.fr\/en\/meuble-tv-design-oltredomo\/103921\/#primaryimage\",\"url\":\"https:\/\/i0.wp.com\/joyana.fr\/wp-content\/uploads\/2010\/07\/meuble-tv-mural-laque-blanc-et-taupe-charme.jpg?fit=800%2C533&ssl=1\",\"contentUrl\":\"https:\/\/i0.wp.com\/joyana.fr\/wp-content\/uploads\/2010\/07\/meuble-tv-mural-laque-blanc-et-taupe-charme.jpg?fit=800%2C533&ssl=1\",\"width\":800,\"height\":533},{\"@type\":\"BreadcrumbList\",\"@id\":\"https:\/\/joyana.fr\/en\/meuble-tv-design-oltredomo\/103921\/#breadcrumb\",\"itemListElement\":[{\"@type\":\"ListItem\",\"position\":1,\"name\":\"Accueil\",\"item\":\"https:\/\/www.joyana.fr\/\"},{\"@type\":\"ListItem\",\"position\":2,\"name\":\"Meuble TV design OLTREDOMO\"}]},{\"@type\":\"WebSite\",\"@id\":\"https:\/\/www.joyana.fr\/#website\",\"url\":\"https:\/\/www.joyana.fr\/\",\"name\":\"JO YANA\",\"description\":\"Blog Mode Homme, Lifestyle, D\u00e9co-Design\",\"publisher\":{\"@id\":\"https:\/\/www.joyana.fr\/#\/schema\/person\/cf2a1ad12a27c12c21801075bf37407c\"},\"potentialAction\":[{\"@type\":\"SearchAction\",\"target\":{\"@type\":\"EntryPoint\",\"urlTemplate\":\"https:\/\/www.joyana.fr\/?s={search_term_string}\"},\"query-input\":{\"@type\":\"PropertyValueSpecification\",\"valueRequired\":true,\"valueName\":\"search_term_string\"}}],\"inLanguage\":\"en-US\"},{\"@type\":[\"Person\",\"Organization\"],\"@id\":\"https:\/\/www.joyana.fr\/#\/schema\/person\/cf2a1ad12a27c12c21801075bf37407c\",\"name\":\"Jo Yana\",\"image\":{\"@type\":\"ImageObject\",\"inLanguage\":\"en-US\",\"@id\":\"https:\/\/www.joyana.fr\/#\/schema\/person\/image\/\",\"url\":\"https:\/\/i0.wp.com\/joyana.fr\/wp-content\/uploads\/2016\/08\/cropped-joyana-logo-black-360x180.png?fit=343%2C164&ssl=1\",\"contentUrl\":\"https:\/\/i0.wp.com\/joyana.fr\/wp-content\/uploads\/2016\/08\/cropped-joyana-logo-black-360x180.png?fit=343%2C164&ssl=1\",\"width\":343,\"height\":164,\"caption\":\"Jo Yana\"},\"logo\":{\"@id\":\"https:\/\/www.joyana.fr\/#\/schema\/person\/image\/\"},\"description\":\"Jo Yana est le cr\u00e9ateur et r\u00e9dacteur en chef des sites DECO-DESIGN. Passionn\u00e9 de Design, Mode, Photo, Luxe, Lifestyle, Musique, mais avant tout Blogueur ! Le plaisir de partager l'anime et a comme devise \\\"POUR L'AMOUR DU BEAU\\\". Retrouvez le aussi sur son blog personnel - https:\/\/joyana.fr...\",\"sameAs\":[\"https:\/\/joyana.fr\/\"],\"url\":\"https:\/\/joyana.fr\/en\/author\/joyana\/\"}]}<\/script>\n<!-- \/ Yoast SEO plugin. -->","yoast_head_json":{"title":"Meuble TV design OLTREDOMO | DECO-DESIGN","description":"Le meuble TV est l'une des pi\u00e8ces de votre mobilier la plus regarder de votre int\u00e9rieur, car situ\u00e9 sous la t\u00e9l\u00e9vision. Il se doit d'arborer un design s\u00e9duisant et fonctionnel, comme la collection sign\u00e9e Oltredomo...","robots":{"index":"index","follow":"follow","max-snippet":"max-snippet:-1","max-image-preview":"max-image-preview:large","max-video-preview":"max-video-preview:-1"},"canonical":"https:\/\/joyana.fr\/en\/meuble-tv-design-oltredomo\/103921\/","og_locale":"en_US","og_type":"article","og_title":"Meuble TV design OLTREDOMO | DECO-DESIGN","og_description":"Le meuble TV est l'une des pi\u00e8ces de votre mobilier la plus regarder de votre int\u00e9rieur, car situ\u00e9 sous la t\u00e9l\u00e9vision. Il se doit d'arborer un design s\u00e9duisant et fonctionnel, comme la collection sign\u00e9e Oltredomo...","og_url":"https:\/\/joyana.fr\/en\/meuble-tv-design-oltredomo\/103921\/","og_site_name":"JO YANA","article_published_time":"2010-07-02T15:14:31+00:00","og_image":[{"width":800,"height":533,"url":"https:\/\/joyana.fr\/wp-content\/uploads\/2010\/07\/meuble-tv-mural-laque-blanc-et-taupe-charme.jpg","type":"image\/jpeg"}],"author":"Jo Yana","twitter_card":"summary_large_image","twitter_creator":"@Jo_Yana","twitter_site":"@Jo_Yana","twitter_misc":{"Written by":"Jo Yana","Est. reading time":"1 minute"},"schema":{"@context":"https:\/\/schema.org","@graph":[{"@type":"Article","@id":"https:\/\/joyana.fr\/en\/meuble-tv-design-oltredomo\/103921\/#article","isPartOf":{"@id":"https:\/\/joyana.fr\/en\/meuble-tv-design-oltredomo\/103921\/"},"author":{"name":"Jo Yana","@id":"https:\/\/www.joyana.fr\/#\/schema\/person\/cf2a1ad12a27c12c21801075bf37407c"},"headline":"Meuble TV design OLTREDOMO","datePublished":"2010-07-02T15:14:31+00:00","mainEntityOfPage":{"@id":"https:\/\/joyana.fr\/en\/meuble-tv-design-oltredomo\/103921\/"},"wordCount":194,"commentCount":0,"publisher":{"@id":"https:\/\/www.joyana.fr\/#\/schema\/person\/cf2a1ad12a27c12c21801075bf37407c"},"image":{"@id":"https:\/\/joyana.fr\/en\/meuble-tv-design-oltredomo\/103921\/#primaryimage"},"thumbnailUrl":"https:\/\/i0.wp.com\/joyana.fr\/wp-content\/uploads\/2010\/07\/meuble-tv-mural-laque-blanc-et-taupe-charme.jpg?fit=800%2C533&ssl=1","keywords":["DESIGN","Laqu\u00e9","LED"],"articleSection":["DECO-DESIGN","D\u00e9coration Murale","Mobilier","Mobilier modulaire"],"inLanguage":"en-US","potentialAction":[{"@type":"CommentAction","name":"Comment","target":["https:\/\/joyana.fr\/en\/meuble-tv-design-oltredomo\/103921\/#respond"]}]},{"@type":"WebPage","@id":"https:\/\/joyana.fr\/en\/meuble-tv-design-oltredomo\/103921\/","url":"https:\/\/joyana.fr\/en\/meuble-tv-design-oltredomo\/103921\/","name":"Meuble TV design OLTREDOMO | DECO-DESIGN","isPartOf":{"@id":"https:\/\/www.joyana.fr\/#website"},"primaryImageOfPage":{"@id":"https:\/\/joyana.fr\/en\/meuble-tv-design-oltredomo\/103921\/#primaryimage"},"image":{"@id":"https:\/\/joyana.fr\/en\/meuble-tv-design-oltredomo\/103921\/#primaryimage"},"thumbnailUrl":"https:\/\/i0.wp.com\/joyana.fr\/wp-content\/uploads\/2010\/07\/meuble-tv-mural-laque-blanc-et-taupe-charme.jpg?fit=800%2C533&ssl=1","datePublished":"2010-07-02T15:14:31+00:00","description":"Le meuble TV est l'une des pi\u00e8ces de votre mobilier la plus regarder de votre int\u00e9rieur, car situ\u00e9 sous la t\u00e9l\u00e9vision. Il se doit d'arborer un design s\u00e9duisant et fonctionnel, comme la collection sign\u00e9e Oltredomo...","breadcrumb":{"@id":"https:\/\/joyana.fr\/en\/meuble-tv-design-oltredomo\/103921\/#breadcrumb"},"inLanguage":"en-US","potentialAction":[{"@type":"ReadAction","target":["https:\/\/joyana.fr\/en\/meuble-tv-design-oltredomo\/103921\/"]}]},{"@type":"ImageObject","inLanguage":"en-US","@id":"https:\/\/joyana.fr\/en\/meuble-tv-design-oltredomo\/103921\/#primaryimage","url":"https:\/\/i0.wp.com\/joyana.fr\/wp-content\/uploads\/2010\/07\/meuble-tv-mural-laque-blanc-et-taupe-charme.jpg?fit=800%2C533&ssl=1","contentUrl":"https:\/\/i0.wp.com\/joyana.fr\/wp-content\/uploads\/2010\/07\/meuble-tv-mural-laque-blanc-et-taupe-charme.jpg?fit=800%2C533&ssl=1","width":800,"height":533},{"@type":"BreadcrumbList","@id":"https:\/\/joyana.fr\/en\/meuble-tv-design-oltredomo\/103921\/#breadcrumb","itemListElement":[{"@type":"ListItem","position":1,"name":"Accueil","item":"https:\/\/www.joyana.fr\/"},{"@type":"ListItem","position":2,"name":"Meuble TV design OLTREDOMO"}]},{"@type":"WebSite","@id":"https:\/\/www.joyana.fr\/#website","url":"https:\/\/www.joyana.fr\/","name":"JO YANA","description":"Blog Mode Homme, Lifestyle, D\u00e9co-Design","publisher":{"@id":"https:\/\/www.joyana.fr\/#\/schema\/person\/cf2a1ad12a27c12c21801075bf37407c"},"potentialAction":[{"@type":"SearchAction","target":{"@type":"EntryPoint","urlTemplate":"https:\/\/www.joyana.fr\/?s={search_term_string}"},"query-input":{"@type":"PropertyValueSpecification","valueRequired":true,"valueName":"search_term_string"}}],"inLanguage":"en-US"},{"@type":["Person","Organization"],"@id":"https:\/\/www.joyana.fr\/#\/schema\/person\/cf2a1ad12a27c12c21801075bf37407c","name":"Jo Yana","image":{"@type":"ImageObject","inLanguage":"en-US","@id":"https:\/\/www.joyana.fr\/#\/schema\/person\/image\/","url":"https:\/\/i0.wp.com\/joyana.fr\/wp-content\/uploads\/2016\/08\/cropped-joyana-logo-black-360x180.png?fit=343%2C164&ssl=1","contentUrl":"https:\/\/i0.wp.com\/joyana.fr\/wp-content\/uploads\/2016\/08\/cropped-joyana-logo-black-360x180.png?fit=343%2C164&ssl=1","width":343,"height":164,"caption":"Jo Yana"},"logo":{"@id":"https:\/\/www.joyana.fr\/#\/schema\/person\/image\/"},"description":"Jo Yana est le cr\u00e9ateur et r\u00e9dacteur en chef des sites DECO-DESIGN. Passionn\u00e9 de Design, Mode, Photo, Luxe, Lifestyle, Musique, mais avant tout Blogueur ! Le plaisir de partager l'anime et a comme devise \"POUR L'AMOUR DU BEAU\". Retrouvez le aussi sur son blog personnel - https:\/\/joyana.fr...","sameAs":["https:\/\/joyana.fr\/"],"url":"https:\/\/joyana.fr\/en\/author\/joyana\/"}]}},"author_meta":{"display_name":"Jo Yana","author_link":"https:\/\/joyana.fr\/en\/author\/joyana\/"},"featured_img":"https:\/\/i0.wp.com\/joyana.fr\/wp-content\/uploads\/2010\/07\/meuble-tv-mural-laque-blanc-et-taupe-charme.jpg?fit=389%2C259&ssl=1","featured_image_src":"https:\/\/i0.wp.com\/joyana.fr\/wp-content\/uploads\/2010\/07\/meuble-tv-mural-laque-blanc-et-taupe-charme.jpg?resize=600%2C400&ssl=1","featured_image_src_square":"https:\/\/i0.wp.com\/joyana.fr\/wp-content\/uploads\/2010\/07\/meuble-tv-mural-laque-blanc-et-taupe-charme.jpg?resize=600%2C533&ssl=1","jetpack_featured_media_url":"https:\/\/i0.wp.com\/joyana.fr\/wp-content\/uploads\/2010\/07\/meuble-tv-mural-laque-blanc-et-taupe-charme.jpg?fit=800%2C533&ssl=1","uagb_featured_image_src":{"full":["https:\/\/i0.wp.com\/joyana.fr\/wp-content\/uploads\/2010\/07\/meuble-tv-mural-laque-blanc-et-taupe-charme.jpg?fit=800%2C533&ssl=1",800,533,false],"thumbnail":["https:\/\/i0.wp.com\/joyana.fr\/wp-content\/uploads\/2010\/07\/meuble-tv-mural-laque-blanc-et-taupe-charme.jpg?resize=150%2C150&ssl=1",150,150,true],"medium":["https:\/\/i0.wp.com\/joyana.fr\/wp-content\/uploads\/2010\/07\/meuble-tv-mural-laque-blanc-et-taupe-charme.jpg?fit=389%2C259&ssl=1",389,259,true],"medium_large":["https:\/\/i0.wp.com\/joyana.fr\/wp-content\/uploads\/2010\/07\/meuble-tv-mural-laque-blanc-et-taupe-charme.jpg?fit=768%2C512&ssl=1",768,512,true],"large":["https:\/\/i0.wp.com\/joyana.fr\/wp-content\/uploads\/2010\/07\/meuble-tv-mural-laque-blanc-et-taupe-charme.jpg?fit=800%2C533&ssl=1",800,533,true],"1536x1536":["https:\/\/i0.wp.com\/joyana.fr\/wp-content\/uploads\/2010\/07\/meuble-tv-mural-laque-blanc-et-taupe-charme.jpg?fit=800%2C533&ssl=1",800,533,true],"2048x2048":["https:\/\/i0.wp.com\/joyana.fr\/wp-content\/uploads\/2010\/07\/meuble-tv-mural-laque-blanc-et-taupe-charme.jpg?fit=800%2C533&ssl=1",800,533,true],"featured-thumb":["https:\/\/i0.wp.com\/joyana.fr\/wp-content\/uploads\/2010\/07\/meuble-tv-mural-laque-blanc-et-taupe-charme.jpg?resize=800%2C533&ssl=1",800,533,true],"ab-block-post-grid-landscape":["https:\/\/i0.wp.com\/joyana.fr\/wp-content\/uploads\/2010\/07\/meuble-tv-mural-laque-blanc-et-taupe-charme.jpg?resize=600%2C400&ssl=1",600,400,true],"ab-block-post-grid-square":["https:\/\/i0.wp.com\/joyana.fr\/wp-content\/uploads\/2010\/07\/meuble-tv-mural-laque-blanc-et-taupe-charme.jpg?resize=600%2C533&ssl=1",600,533,true],"author-pro-image":["https:\/\/i0.wp.com\/joyana.fr\/wp-content\/uploads\/2010\/07\/meuble-tv-mural-laque-blanc-et-taupe-charme.jpg?resize=360%2C533&ssl=1",360,533,true],"slider":["https:\/\/i0.wp.com\/joyana.fr\/wp-content\/uploads\/2010\/07\/meuble-tv-mural-laque-blanc-et-taupe-charme.jpg?resize=800%2C400&ssl=1",800,400,true],"woocommerce_thumbnail":["https:\/\/i0.wp.com\/joyana.fr\/wp-content\/uploads\/2010\/07\/meuble-tv-mural-laque-blanc-et-taupe-charme.jpg?resize=450%2C450&ssl=1",450,450,true],"woocommerce_single":["https:\/\/i0.wp.com\/joyana.fr\/wp-content\/uploads\/2010\/07\/meuble-tv-mural-laque-blanc-et-taupe-charme.jpg?fit=800%2C533&ssl=1",800,533,true],"woocommerce_gallery_thumbnail":["https:\/\/i0.wp.com\/joyana.fr\/wp-content\/uploads\/2010\/07\/meuble-tv-mural-laque-blanc-et-taupe-charme.jpg?resize=180%2C180&ssl=1",180,180,true],"sow-carousel-default":["https:\/\/i0.wp.com\/joyana.fr\/wp-content\/uploads\/2010\/07\/meuble-tv-mural-laque-blanc-et-taupe-charme.jpg?resize=272%2C182&ssl=1",272,182,true]},"uagb_author_info":{"display_name":"Jo Yana","author_link":"https:\/\/joyana.fr\/en\/author\/joyana\/"},"uagb_comment_info":17,"uagb_excerpt":"Le meuble TV est l&#8217;une des pi\u00e8ces de votre mobilier la plus regarder de votre int\u00e9rieur, car situ\u00e9 sous la t\u00e9l\u00e9vision, tous les yeux sont riv\u00e9s sur lui&#8230; Il se doit d&#8217;arborer un design s\u00e9duisant et fonctionnel, comme la collection sign\u00e9e Oltredomo \u00e0 d\u00e9couvrir dans la suite&#8230; Quelques mots sur l&#8217;\u00e9diteur Oltredomo , fabricant italien,&hellip;","coauthors":[],"tax_additional":{"categories":{"linked":["<a href=\"https:\/\/joyana.fr\/en\/category\/deco-design\/\" class=\"advgb-post-tax-term\">DECO-DESIGN<\/a>","<a href=\"https:\/\/joyana.fr\/en\/category\/deco-design\/decoration\/decoration-murale\/\" class=\"advgb-post-tax-term\">D\u00e9coration Murale<\/a>","<a href=\"https:\/\/joyana.fr\/en\/category\/deco-design\/mobilier\/\" class=\"advgb-post-tax-term\">Mobilier<\/a>","<a href=\"https:\/\/joyana.fr\/en\/category\/deco-design\/mobilier\/mobilier-modulaire\/\" class=\"advgb-post-tax-term\">Mobilier modulaire<\/a>"],"unlinked":["<span class=\"advgb-post-tax-term\">DECO-DESIGN<\/span>","<span class=\"advgb-post-tax-term\">D\u00e9coration Murale<\/span>","<span class=\"advgb-post-tax-term\">Mobilier<\/span>","<span class=\"advgb-post-tax-term\">Mobilier modulaire<\/span>"]},"tags":{"linked":["<a href=\"https:\/\/joyana.fr\/en\/category\/deco-design\/mobilier\/mobilier-modulaire\/\" class=\"advgb-post-tax-term\">DESIGN<\/a>","<a href=\"https:\/\/joyana.fr\/en\/category\/deco-design\/mobilier\/mobilier-modulaire\/\" class=\"advgb-post-tax-term\">Laqu\u00e9<\/a>","<a href=\"https:\/\/joyana.fr\/en\/category\/deco-design\/mobilier\/mobilier-modulaire\/\" class=\"advgb-post-tax-term\">LED<\/a>"],"unlinked":["<span class=\"advgb-post-tax-term\">DESIGN<\/span>","<span class=\"advgb-post-tax-term\">Laqu\u00e9<\/span>","<span class=\"advgb-post-tax-term\">LED<\/span>"]}},"comment_count":17,"relative_dates":{"created":"Posted 16 years ago","modified":"Updated 16 years ago"},"absolute_dates":{"created":"Posted on 2 July 2010","modified":"Updated on 2 July 2010"},"absolute_dates_time":{"created":"Posted on 2 July 2010 16:14","modified":"Updated on 2 July 2010 16:14"},"featured_img_caption":"","series_order":"","jetpack_sharing_enabled":true,"jetpack_shortlink":"https:\/\/wp.me\/p9bteI-r29","jetpack-related-posts":[],"_links":{"self":[{"href":"https:\/\/joyana.fr\/en\/wp-json\/wp\/v2\/posts\/103921","targetHints":{"allow":["GET"]}}],"collection":[{"href":"https:\/\/joyana.fr\/en\/wp-json\/wp\/v2\/posts"}],"about":[{"href":"https:\/\/joyana.fr\/en\/wp-json\/wp\/v2\/types\/post"}],"author":[{"embeddable":true,"href":"https:\/\/joyana.fr\/en\/wp-json\/wp\/v2\/users\/3"}],"replies":[{"embeddable":true,"href":"https:\/\/joyana.fr\/en\/wp-json\/wp\/v2\/comments?post=103921"}],"version-history":[{"count":0,"href":"https:\/\/joyana.fr\/en\/wp-json\/wp\/v2\/posts\/103921\/revisions"}],"wp:featuredmedia":[{"embeddable":true,"href":"https:\/\/joyana.fr\/en\/wp-json\/wp\/v2\/media\/119613"}],"wp:attachment":[{"href":"https:\/\/joyana.fr\/en\/wp-json\/wp\/v2\/media?parent=103921"}],"wp:term":[{"taxonomy":"category","embeddable":true,"href":"https:\/\/joyana.fr\/en\/wp-json\/wp\/v2\/categories?post=103921"},{"taxonomy":"post_tag","embeddable":true,"href":"https:\/\/joyana.fr\/en\/wp-json\/wp\/v2\/tags?post=103921"}],"curies":[{"name":"wp","href":"https:\/\/api.w.org\/{rel}","templated":true}]}}