{"id":104833,"date":"2010-11-01T19:40:01","date_gmt":"2010-11-01T18:40:01","guid":{"rendered":"https:\/\/joyana.fr\/?p=4833"},"modified":"2010-11-01T19:40:01","modified_gmt":"2010-11-01T18:40:01","slug":"appartement-pop-art-geraldine-zberro-interieur-design","status":"publish","type":"post","link":"https:\/\/joyana.fr\/en\/appartement-pop-art-geraldine-zberro-interieur-design\/104833\/","title":{"rendered":"L&#8217;Appartement Pop Art de G\u00e9raldine ZBERRO"},"content":{"rendered":"<p>La galeriste <strong>G\u00e9raldine Zberro<\/strong> nous ouvre les portes de son <strong>appartement parisien<\/strong>, dont la d\u00e9coration refl\u00e8te sa passion pour le <strong>Pop Art<\/strong>&#8230;<\/p>\n<p><img data-recalc-dims=\"1\" fetchpriority=\"high\" decoding=\"async\" class=\"alignnone size-full wp-image-4841\" style=\"margin-left: 8px; margin-right: 8px;\" title=\"L'Appartement Pop Art de G\u00e9raldine ZBERRO\" src=\"https:\/\/i0.wp.com\/joyana.fr\/wp-content\/uploads\/INTERIEUR_GALERIE_POP_ART_APPARTEMENT_ZBERRO.jpg?resize=500%2C350&#038;ssl=1\" alt=\"\" width=\"500\" height=\"350\" \/><\/p>\n<p>Nous avons eu la chance de poser quelques questions \u00e0 <strong>G\u00e9raldine Zberro<\/strong> &#8211; marchand d\u2019art depuis l\u2019\u00e2ge de 18 ans &#8211; qui partage sa passion pour le <strong>Pop Art<\/strong> dans la <strong>galerie <\/strong>\u00e9ponyme&#8230;<\/p>\n<p><a title=\"BLOG DESIGN\" href=\"https:\/\/joyana.fr\/\">Deco-Design<\/a> : Bonjour G\u00e9raldine, parlez nous de cet appartement&#8230;<\/p>\n<p><strong>G\u00e9raldine ZBERRO<\/strong> : <em>Bonjour \u00e0 toute l&#8217;\u00e9quipe Deco-Design, pour tout vous dire cet <strong>appartement<\/strong> est devenu le relais de ma <strong>galerie<\/strong>, et la famille s\u2019est appropri\u00e9e les lieux par la d\u00e9coration. Les tableaux ayant donn\u00e9 une impulsion color\u00e9e, le mobilier et les accessoires de la d\u00e9coration ont suivi. Puisant dans ma galerie, j&#8217;ai install\u00e9 des tableaux et des \u0153uvres d\u2019art partout : depuis le salon jusqu\u2019\u00e0 la salle \u00e0 manger en passant par les chambres, y compris celles des enfants. Mon <strong>appartement<\/strong> est devenu un deuxi\u00e8me lieu d\u2019exposition pour les artistes de ma galerie !!!<\/em><\/p>\n<p><a title=\"BLOG DESIGN\" href=\"..\/\">Deco-Design<\/a> : Comment vous est venue la passion de la d\u00e9coration et du design ???<\/p>\n<p><strong>G\u00e9raldine ZBERRO<\/strong> : <em>L\u2019amour du design et de la d\u00e9coration m\u2019est venu dans le but de servir les tableaux expos\u00e9s dans mon appartement. Il nous fallait des meubles au design de qualit\u00e9 tout en laissant la premi\u00e8re place aux \u0153uvres.<\/em><\/p>\n<p><img data-recalc-dims=\"1\" decoding=\"async\" data-attachment-id=\"4835\" data-permalink=\"https:\/\/joyana.fr\/en\/tenues-de-fetes-pour-2013\/4827\/blog_tony_2\/\" data-orig-file=\"https:\/\/i0.wp.com\/joyana.fr\/wp-content\/uploads\/2013\/01\/BLOG_TONY_2.jpg?fit=650%2C650&amp;ssl=1\" data-orig-size=\"650,650\" data-comments-opened=\"1\" data-image-meta=\"{&quot;aperture&quot;:&quot;0&quot;,&quot;credit&quot;:&quot;&quot;,&quot;camera&quot;:&quot;&quot;,&quot;caption&quot;:&quot;&quot;,&quot;created_timestamp&quot;:&quot;0&quot;,&quot;copyright&quot;:&quot;&quot;,&quot;focal_length&quot;:&quot;0&quot;,&quot;iso&quot;:&quot;0&quot;,&quot;shutter_speed&quot;:&quot;0&quot;,&quot;title&quot;:&quot;&quot;,&quot;orientation&quot;:&quot;1&quot;}\" data-image-title=\"Costume et noeud zara\" data-image-description=\"&lt;p&gt;Costume et noeud zara&lt;\/p&gt;\n\" data-image-caption=\"\" data-medium-file=\"https:\/\/i0.wp.com\/joyana.fr\/wp-content\/uploads\/2013\/01\/BLOG_TONY_2.jpg?fit=389%2C389&amp;ssl=1\" data-large-file=\"https:\/\/i0.wp.com\/joyana.fr\/wp-content\/uploads\/2013\/01\/BLOG_TONY_2.jpg?fit=650%2C650&amp;ssl=1\" class=\"alignnone size-full wp-image-4835\" style=\"margin-left: 8px; margin-right: 8px;\" title=\"L'Appartement Pop Art de G\u00e9raldine ZBERRO\" src=\"https:\/\/i0.wp.com\/joyana.fr\/wp-content\/uploads\/INTERIEUR_GALERIE_POP_ART_APPARTEMENT_0.jpg?resize=500%2C375&#038;ssl=1\" alt=\"\" width=\"500\" height=\"375\" \/><\/p>\n<p><img data-recalc-dims=\"1\" decoding=\"async\" data-attachment-id=\"4838\" data-permalink=\"https:\/\/joyana.fr\/en\/tenues-de-fetes-pour-2013\/4827\/blog-jo_1\/\" data-orig-file=\"https:\/\/i0.wp.com\/joyana.fr\/wp-content\/uploads\/2013\/01\/blog-JO_1.jpg?fit=650%2C650&amp;ssl=1\" data-orig-size=\"650,650\" data-comments-opened=\"1\" data-image-meta=\"{&quot;aperture&quot;:&quot;0&quot;,&quot;credit&quot;:&quot;&quot;,&quot;camera&quot;:&quot;&quot;,&quot;caption&quot;:&quot;&quot;,&quot;created_timestamp&quot;:&quot;0&quot;,&quot;copyright&quot;:&quot;&quot;,&quot;focal_length&quot;:&quot;0&quot;,&quot;iso&quot;:&quot;0&quot;,&quot;shutter_speed&quot;:&quot;0&quot;,&quot;title&quot;:&quot;&quot;,&quot;orientation&quot;:&quot;1&quot;}\" data-image-title=\"JEANS BALIBARIS\" data-image-description=\"&lt;p&gt;JEANS BALIBARIS&lt;\/p&gt;\n\" data-image-caption=\"\" data-medium-file=\"https:\/\/i0.wp.com\/joyana.fr\/wp-content\/uploads\/2013\/01\/blog-JO_1.jpg?fit=389%2C389&amp;ssl=1\" data-large-file=\"https:\/\/i0.wp.com\/joyana.fr\/wp-content\/uploads\/2013\/01\/blog-JO_1.jpg?fit=650%2C650&amp;ssl=1\" class=\"alignnone size-full wp-image-4838\" style=\"margin-left: 8px; margin-right: 8px;\" title=\"L'Appartement Pop Art de G\u00e9raldine ZBERRO\" src=\"https:\/\/i0.wp.com\/joyana.fr\/wp-content\/uploads\/INTERIEUR_GALERIE_POP_ART_APPARTEMENT_6.jpg?resize=500%2C375&#038;ssl=1\" alt=\"\" width=\"500\" height=\"375\" \/><\/p>\n<p><a title=\"BLOG DESIGN\" href=\"..\/\">Deco-Design<\/a> : Quel fut votre premier achat design ???<\/p>\n<p><strong>G\u00e9raldine ZBERRO<\/strong> : <em>Des chaises Tolix en acier.<\/em><\/p>\n<p><a title=\"BLOG DESIGN\" href=\"..\/\">Deco-Design<\/a> : Pourquoi cet amour pour le pop art ???<\/p>\n<p><strong>G\u00e9raldine ZBERRO<\/strong> : <em>Par amour des couleurs flash et d\u2019\u0153uvres agr\u00e9able a vivre.<\/em><\/p>\n<p><img data-recalc-dims=\"1\" loading=\"lazy\" decoding=\"async\" class=\"alignnone size-full wp-image-4840\" style=\"margin-left: 8px; margin-right: 8px;\" title=\"L'Appartement Pop Art de G\u00e9raldine ZBERRO\" src=\"https:\/\/i0.wp.com\/joyana.fr\/wp-content\/uploads\/INTERIEUR_GALERIE_POP_ART_APPARTEMENT_12.jpg?resize=500%2C667&#038;ssl=1\" alt=\"\" width=\"500\" height=\"667\" \/><\/p>\n<p><img data-recalc-dims=\"1\" loading=\"lazy\" decoding=\"async\" data-attachment-id=\"4837\" data-permalink=\"https:\/\/joyana.fr\/en\/tenues-de-fetes-pour-2013\/4827\/blog-tony_3\/\" data-orig-file=\"https:\/\/i0.wp.com\/joyana.fr\/wp-content\/uploads\/2013\/01\/blog-TONY_3.jpg?fit=650%2C650&amp;ssl=1\" data-orig-size=\"650,650\" data-comments-opened=\"1\" data-image-meta=\"{&quot;aperture&quot;:&quot;0&quot;,&quot;credit&quot;:&quot;&quot;,&quot;camera&quot;:&quot;&quot;,&quot;caption&quot;:&quot;&quot;,&quot;created_timestamp&quot;:&quot;0&quot;,&quot;copyright&quot;:&quot;&quot;,&quot;focal_length&quot;:&quot;0&quot;,&quot;iso&quot;:&quot;0&quot;,&quot;shutter_speed&quot;:&quot;0&quot;,&quot;title&quot;:&quot;&quot;,&quot;orientation&quot;:&quot;1&quot;}\" data-image-title=\"Costume et noeud zara\" data-image-description=\"&lt;p&gt;Costume et noeud zara&lt;\/p&gt;\n\" data-image-caption=\"\" data-medium-file=\"https:\/\/i0.wp.com\/joyana.fr\/wp-content\/uploads\/2013\/01\/blog-TONY_3.jpg?fit=389%2C389&amp;ssl=1\" data-large-file=\"https:\/\/i0.wp.com\/joyana.fr\/wp-content\/uploads\/2013\/01\/blog-TONY_3.jpg?fit=650%2C650&amp;ssl=1\" class=\"alignnone size-full wp-image-4837\" style=\"margin-left: 8px; margin-right: 8px;\" title=\"L'Appartement Pop Art de G\u00e9raldine ZBERRO\" src=\"https:\/\/i0.wp.com\/joyana.fr\/wp-content\/uploads\/INTERIEUR_GALERIE_POP_ART_APPARTEMENT_3.jpg?resize=500%2C667&#038;ssl=1\" alt=\"\" width=\"500\" height=\"667\" \/><\/p>\n<p><a title=\"BLOG DESIGN\" href=\"..\/\">Deco-Design<\/a> : Des projets pour le futur de cet <strong>appartement<\/strong><strong> <\/strong>, ou des futurs achats de meubles ???<\/p>\n<p><strong>G\u00e9raldine ZBERRO<\/strong> : <em>L\u2019acquisition d\u2019un arty Qee r\u00e9alis\u00e9 par l\u2019un des artistes de la galerie, mais du fait que nous changeons l\u2019accrochage des tableaux tous les mois. Cela donne l\u2019effet de changer toute la d\u00e9co de notre int\u00e9rieur !!!<\/em><\/p>\n<p><a title=\"BLOG DESIGN\" href=\"..\/\">Deco-Design<\/a> : Effectivement cet <strong>appartement<\/strong> est une vraie galerie !!! Parlez nous justement de cette <strong>galerie G\u00e9raldine Zberro<\/strong>&#8230;<\/p>\n<p><strong>G\u00e9raldine ZBERRO<\/strong> : <em>C\u2019est avec le soutien des artistes qui me sont fid\u00e8les que j&#8217;ai lanc\u00e9 la <strong>galerie G\u00e9raldine Zberro<\/strong> en 2007. La galerie oeuvre \u00e0 faire \u00e9merger le talent de jeunes artistes de la sc\u00e8ne contemporaine fran\u00e7aise et \u00e9trang\u00e8re, tour \u00e0 tour vifs, color\u00e9s m\u00ealant nouvelles technologies, accents ludiques et peinture. Je pr\u00e9sente des artistes impr\u00e9gn\u00e9s des oeuvres de la figuration narrative et du <strong>pop art<\/strong> ainsi que des artistes de la sc\u00e8ne street art. Un art omnipr\u00e9sent offrant diversit\u00e9 culturelle et techniques multiples, un regard neuf sur le monde et la ville d\u2019aujourd\u2019hui&#8230;<\/em><\/p>\n<p><a title=\"BLOG DESIGN\" href=\"..\/\">Deco-Design<\/a> : Encore merci <strong>G\u00e9raldine<\/strong> de nous avoir accord\u00e9 un peu de votre temps, nous ne manquerons de visiter votre galerie, lors d&#8217;une prochaine escapade parisienne&#8230;<\/p>\n<p><img data-recalc-dims=\"1\" loading=\"lazy\" decoding=\"async\" data-attachment-id=\"4834\" data-permalink=\"https:\/\/joyana.fr\/en\/tenues-de-fetes-pour-2013\/4827\/blog_tony_1\/\" data-orig-file=\"https:\/\/i0.wp.com\/joyana.fr\/wp-content\/uploads\/2013\/01\/BLOG_TONY_1.jpg?fit=650%2C650&amp;ssl=1\" data-orig-size=\"650,650\" data-comments-opened=\"1\" data-image-meta=\"{&quot;aperture&quot;:&quot;0&quot;,&quot;credit&quot;:&quot;&quot;,&quot;camera&quot;:&quot;&quot;,&quot;caption&quot;:&quot;&quot;,&quot;created_timestamp&quot;:&quot;0&quot;,&quot;copyright&quot;:&quot;&quot;,&quot;focal_length&quot;:&quot;0&quot;,&quot;iso&quot;:&quot;0&quot;,&quot;shutter_speed&quot;:&quot;0&quot;,&quot;title&quot;:&quot;&quot;,&quot;orientation&quot;:&quot;1&quot;}\" data-image-title=\"chaussures D&amp;G\" data-image-description=\"&lt;p&gt;chaussures D&amp;G&lt;\/p&gt;\n\" data-image-caption=\"\" data-medium-file=\"https:\/\/i0.wp.com\/joyana.fr\/wp-content\/uploads\/2013\/01\/BLOG_TONY_1.jpg?fit=389%2C389&amp;ssl=1\" data-large-file=\"https:\/\/i0.wp.com\/joyana.fr\/wp-content\/uploads\/2013\/01\/BLOG_TONY_1.jpg?fit=650%2C650&amp;ssl=1\" class=\"alignnone size-full wp-image-4834\" style=\"margin-left: 8px; margin-right: 8px;\" title=\"L'Appartement Pop Art de G\u00e9raldine ZBERRO\" src=\"https:\/\/i0.wp.com\/joyana.fr\/wp-content\/uploads\/INTERIEUR_GALERIE_POP_ART_APPARTEMENT.jpg?resize=500%2C375&#038;ssl=1\" alt=\"\" width=\"500\" height=\"375\" \/><\/p>\n<p><img data-recalc-dims=\"1\" loading=\"lazy\" decoding=\"async\" class=\"alignnone size-full wp-image-4839\" style=\"margin-left: 8px; margin-right: 8px;\" title=\"L'Appartement Pop Art de G\u00e9raldine ZBERRO\" src=\"https:\/\/i0.wp.com\/joyana.fr\/wp-content\/uploads\/INTERIEUR_GALERIE_POP_ART_APPARTEMENT_7.jpg?resize=500%2C375&#038;ssl=1\" alt=\"\" width=\"500\" height=\"375\" \/><\/p>\n<p>En savoir + sur la <a title=\"GALERIE POP ART GERALDINE ZBERRO\" href=\"http:\/\/www.galerie-geraldine-zberro.com\/\"><strong>Galerie G\u00e9raldine Zberro<\/strong><\/a><\/p>\n","protected":false},"excerpt":{"rendered":"<p>La galeriste G\u00e9raldine Zberro nous ouvre les portes de son appartement parisien, dont la d\u00e9coration refl\u00e8te sa passion pour le Pop Art&#8230; Nous avons eu la chance de poser quelques questions \u00e0 G\u00e9raldine Zberro &#8211; marchand d\u2019art depuis l\u2019\u00e2ge de 18 ans &#8211; qui partage sa passion pour le Pop Art dans la galerie \u00e9ponyme&#8230; [&hellip;]<\/p>\n","protected":false},"author":3,"featured_media":104841,"comment_status":"open","ping_status":"open","sticky":false,"template":"","format":"standard","meta":{"_coblocks_attr":"","_coblocks_dimensions":"","_coblocks_responsive_height":"","_coblocks_accordion_ie_support":"","_uag_custom_page_level_css":"","advgb_blocks_editor_width":"","advgb_blocks_columns_visual_guide":"","_genesis_hide_title":false,"_genesis_hide_breadcrumbs":false,"_genesis_hide_singular_image":false,"_genesis_hide_footer_widgets":false,"_genesis_custom_body_class":"","_genesis_custom_post_class":"","_genesis_layout":"","_themeisle_gutenberg_block_has_review":false,"_jetpack_newsletter_access":"","_jetpack_dont_email_post_to_subs":false,"_jetpack_newsletter_tier_id":0,"_jetpack_memberships_contains_paywalled_content":false,"_jetpack_memberships_contains_paid_content":false,"footnotes":""},"categories":[1026,905,921],"tags":[943,12],"class_list":{"0":"post-104833","1":"post","2":"type-post","3":"status-publish","4":"format-standard","5":"has-post-thumbnail","7":"category-appartement","8":"category-deco-design","9":"category-lieux-design","10":"tag-art-contemporain","11":"tag-paris","12":"entry"},"featured_image_urls":{"full":["https:\/\/i0.wp.com\/joyana.fr\/wp-content\/uploads\/old\/INTERIEUR_GALERIE_POP_ART_APPARTEMENT_ZBERRO.jpg?fit=500%2C350&ssl=1",500,350,false],"thumbnail":["https:\/\/i0.wp.com\/joyana.fr\/wp-content\/uploads\/old\/INTERIEUR_GALERIE_POP_ART_APPARTEMENT_ZBERRO.jpg?resize=150%2C150&ssl=1",150,150,true],"medium":["https:\/\/i0.wp.com\/joyana.fr\/wp-content\/uploads\/old\/INTERIEUR_GALERIE_POP_ART_APPARTEMENT_ZBERRO.jpg?fit=389%2C272&ssl=1",389,272,true],"medium_large":["https:\/\/i0.wp.com\/joyana.fr\/wp-content\/uploads\/old\/INTERIEUR_GALERIE_POP_ART_APPARTEMENT_ZBERRO.jpg?fit=500%2C350&ssl=1",500,350,true],"large":["https:\/\/i0.wp.com\/joyana.fr\/wp-content\/uploads\/old\/INTERIEUR_GALERIE_POP_ART_APPARTEMENT_ZBERRO.jpg?fit=500%2C350&ssl=1",500,350,true],"1536x1536":["https:\/\/i0.wp.com\/joyana.fr\/wp-content\/uploads\/old\/INTERIEUR_GALERIE_POP_ART_APPARTEMENT_ZBERRO.jpg?fit=500%2C350&ssl=1",500,350,true],"2048x2048":["https:\/\/i0.wp.com\/joyana.fr\/wp-content\/uploads\/old\/INTERIEUR_GALERIE_POP_ART_APPARTEMENT_ZBERRO.jpg?fit=500%2C350&ssl=1",500,350,true],"featured-thumb":["https:\/\/i0.wp.com\/joyana.fr\/wp-content\/uploads\/old\/INTERIEUR_GALERIE_POP_ART_APPARTEMENT_ZBERRO.jpg?resize=500%2C350&ssl=1",500,350,true],"ab-block-post-grid-landscape":["https:\/\/i0.wp.com\/joyana.fr\/wp-content\/uploads\/old\/INTERIEUR_GALERIE_POP_ART_APPARTEMENT_ZBERRO.jpg?resize=500%2C350&ssl=1",500,350,true],"ab-block-post-grid-square":["https:\/\/i0.wp.com\/joyana.fr\/wp-content\/uploads\/old\/INTERIEUR_GALERIE_POP_ART_APPARTEMENT_ZBERRO.jpg?resize=500%2C350&ssl=1",500,350,true],"author-pro-image":["https:\/\/i0.wp.com\/joyana.fr\/wp-content\/uploads\/old\/INTERIEUR_GALERIE_POP_ART_APPARTEMENT_ZBERRO.jpg?resize=360%2C350&ssl=1",360,350,true],"slider":["https:\/\/i0.wp.com\/joyana.fr\/wp-content\/uploads\/old\/INTERIEUR_GALERIE_POP_ART_APPARTEMENT_ZBERRO.jpg?resize=500%2C350&ssl=1",500,350,true],"woocommerce_thumbnail":["https:\/\/i0.wp.com\/joyana.fr\/wp-content\/uploads\/old\/INTERIEUR_GALERIE_POP_ART_APPARTEMENT_ZBERRO.jpg?resize=450%2C350&ssl=1",450,350,true],"woocommerce_single":["https:\/\/i0.wp.com\/joyana.fr\/wp-content\/uploads\/old\/INTERIEUR_GALERIE_POP_ART_APPARTEMENT_ZBERRO.jpg?fit=500%2C350&ssl=1",500,350,true],"woocommerce_gallery_thumbnail":["https:\/\/i0.wp.com\/joyana.fr\/wp-content\/uploads\/old\/INTERIEUR_GALERIE_POP_ART_APPARTEMENT_ZBERRO.jpg?resize=180%2C180&ssl=1",180,180,true],"sow-carousel-default":["https:\/\/i0.wp.com\/joyana.fr\/wp-content\/uploads\/old\/INTERIEUR_GALERIE_POP_ART_APPARTEMENT_ZBERRO.jpg?resize=272%2C182&ssl=1",272,182,true]},"post_excerpt_stackable":"<p>La galeriste G\u00e9raldine Zberro nous ouvre les portes de son appartement parisien, dont la d\u00e9coration refl\u00e8te sa passion pour le Pop Art&#8230; Nous avons eu la chance de poser quelques questions \u00e0 G\u00e9raldine Zberro &#8211; marchand d\u2019art depuis l\u2019\u00e2ge de 18 ans &#8211; qui partage sa passion pour le Pop Art dans la galerie \u00e9ponyme&#8230; Deco-Design : Bonjour G\u00e9raldine, parlez nous de cet appartement&#8230; G\u00e9raldine ZBERRO : Bonjour \u00e0 toute l&#8217;\u00e9quipe Deco-Design, pour tout vous dire cet appartement est devenu le relais de ma galerie, et la famille s\u2019est appropri\u00e9e les lieux par la d\u00e9coration. Les tableaux ayant donn\u00e9 une&hellip;<\/p>\n","category_list":"<a href=\"https:\/\/joyana.fr\/en\/category\/deco-design\/architecture-deco-design\/lieux-design\/appartement\/\" rel=\"category tag\">Appartement<\/a>, <a href=\"https:\/\/joyana.fr\/en\/category\/deco-design\/\" rel=\"category tag\">DECO-DESIGN<\/a>, <a href=\"https:\/\/joyana.fr\/en\/category\/deco-design\/architecture-deco-design\/lieux-design\/\" rel=\"category tag\">Lieux<\/a>","author_info":{"display_name":"Jo Yana","author_link":"https:\/\/joyana.fr\/en\/author\/joyana\/"},"comments_num":"17 comments","featured_image_urls_v2":{"full":["https:\/\/i0.wp.com\/joyana.fr\/wp-content\/uploads\/old\/INTERIEUR_GALERIE_POP_ART_APPARTEMENT_ZBERRO.jpg?fit=500%2C350&ssl=1",500,350,false],"thumbnail":["https:\/\/i0.wp.com\/joyana.fr\/wp-content\/uploads\/old\/INTERIEUR_GALERIE_POP_ART_APPARTEMENT_ZBERRO.jpg?resize=150%2C150&ssl=1",150,150,true],"medium":["https:\/\/i0.wp.com\/joyana.fr\/wp-content\/uploads\/old\/INTERIEUR_GALERIE_POP_ART_APPARTEMENT_ZBERRO.jpg?fit=389%2C272&ssl=1",389,272,true],"medium_large":["https:\/\/i0.wp.com\/joyana.fr\/wp-content\/uploads\/old\/INTERIEUR_GALERIE_POP_ART_APPARTEMENT_ZBERRO.jpg?fit=500%2C350&ssl=1",500,350,true],"large":["https:\/\/i0.wp.com\/joyana.fr\/wp-content\/uploads\/old\/INTERIEUR_GALERIE_POP_ART_APPARTEMENT_ZBERRO.jpg?fit=500%2C350&ssl=1",500,350,true],"1536x1536":["https:\/\/i0.wp.com\/joyana.fr\/wp-content\/uploads\/old\/INTERIEUR_GALERIE_POP_ART_APPARTEMENT_ZBERRO.jpg?fit=500%2C350&ssl=1",500,350,true],"2048x2048":["https:\/\/i0.wp.com\/joyana.fr\/wp-content\/uploads\/old\/INTERIEUR_GALERIE_POP_ART_APPARTEMENT_ZBERRO.jpg?fit=500%2C350&ssl=1",500,350,true],"featured-thumb":["https:\/\/i0.wp.com\/joyana.fr\/wp-content\/uploads\/old\/INTERIEUR_GALERIE_POP_ART_APPARTEMENT_ZBERRO.jpg?resize=500%2C350&ssl=1",500,350,true],"ab-block-post-grid-landscape":["https:\/\/i0.wp.com\/joyana.fr\/wp-content\/uploads\/old\/INTERIEUR_GALERIE_POP_ART_APPARTEMENT_ZBERRO.jpg?resize=500%2C350&ssl=1",500,350,true],"ab-block-post-grid-square":["https:\/\/i0.wp.com\/joyana.fr\/wp-content\/uploads\/old\/INTERIEUR_GALERIE_POP_ART_APPARTEMENT_ZBERRO.jpg?resize=500%2C350&ssl=1",500,350,true],"author-pro-image":["https:\/\/i0.wp.com\/joyana.fr\/wp-content\/uploads\/old\/INTERIEUR_GALERIE_POP_ART_APPARTEMENT_ZBERRO.jpg?resize=360%2C350&ssl=1",360,350,true],"slider":["https:\/\/i0.wp.com\/joyana.fr\/wp-content\/uploads\/old\/INTERIEUR_GALERIE_POP_ART_APPARTEMENT_ZBERRO.jpg?resize=500%2C350&ssl=1",500,350,true],"woocommerce_thumbnail":["https:\/\/i0.wp.com\/joyana.fr\/wp-content\/uploads\/old\/INTERIEUR_GALERIE_POP_ART_APPARTEMENT_ZBERRO.jpg?resize=450%2C350&ssl=1",450,350,true],"woocommerce_single":["https:\/\/i0.wp.com\/joyana.fr\/wp-content\/uploads\/old\/INTERIEUR_GALERIE_POP_ART_APPARTEMENT_ZBERRO.jpg?fit=500%2C350&ssl=1",500,350,true],"woocommerce_gallery_thumbnail":["https:\/\/i0.wp.com\/joyana.fr\/wp-content\/uploads\/old\/INTERIEUR_GALERIE_POP_ART_APPARTEMENT_ZBERRO.jpg?resize=180%2C180&ssl=1",180,180,true],"sow-carousel-default":["https:\/\/i0.wp.com\/joyana.fr\/wp-content\/uploads\/old\/INTERIEUR_GALERIE_POP_ART_APPARTEMENT_ZBERRO.jpg?resize=272%2C182&ssl=1",272,182,true]},"post_excerpt_stackable_v2":"<p>La galeriste G\u00e9raldine Zberro nous ouvre les portes de son appartement parisien, dont la d\u00e9coration refl\u00e8te sa passion pour le Pop Art&#8230; Nous avons eu la chance de poser quelques questions \u00e0 G\u00e9raldine Zberro &#8211; marchand d\u2019art depuis l\u2019\u00e2ge de 18 ans &#8211; qui partage sa passion pour le Pop Art dans la galerie \u00e9ponyme&#8230; Deco-Design : Bonjour G\u00e9raldine, parlez nous de cet appartement&#8230; G\u00e9raldine ZBERRO : Bonjour \u00e0 toute l&#8217;\u00e9quipe Deco-Design, pour tout vous dire cet appartement est devenu le relais de ma galerie, et la famille s\u2019est appropri\u00e9e les lieux par la d\u00e9coration. Les tableaux ayant donn\u00e9 une&hellip;<\/p>\n","category_list_v2":"<a href=\"https:\/\/joyana.fr\/en\/category\/deco-design\/architecture-deco-design\/lieux-design\/appartement\/\" rel=\"category tag\">Appartement<\/a>, <a href=\"https:\/\/joyana.fr\/en\/category\/deco-design\/\" rel=\"category tag\">DECO-DESIGN<\/a>, <a href=\"https:\/\/joyana.fr\/en\/category\/deco-design\/architecture-deco-design\/lieux-design\/\" rel=\"category tag\">Lieux<\/a>","author_info_v2":{"name":"Jo Yana","url":"https:\/\/joyana.fr\/en\/author\/joyana\/"},"comments_num_v2":"17 comments","yoast_head":"<!-- This site is optimized with the Yoast SEO plugin v26.8 - https:\/\/yoast.com\/product\/yoast-seo-wordpress\/ -->\n<title>L&#039;Appartement Pop Art de G\u00e9raldine ZBERRO - JO YANA<\/title>\n<meta name=\"robots\" content=\"index, follow, max-snippet:-1, max-image-preview:large, max-video-preview:-1\" \/>\n<link rel=\"canonical\" href=\"https:\/\/joyana.fr\/en\/appartement-pop-art-geraldine-zberro-interieur-design\/104833\/\" \/>\n<meta property=\"og:locale\" content=\"en_US\" \/>\n<meta property=\"og:locale:alternate\" content=\"fr_FR\" \/>\n<meta property=\"og:locale:alternate\" content=\"ja\" \/>\n<meta property=\"og:type\" content=\"article\" \/>\n<meta property=\"og:title\" content=\"L&#039;Appartement Pop Art de G\u00e9raldine ZBERRO - JO YANA\" \/>\n<meta property=\"og:description\" content=\"La galeriste G\u00e9raldine Zberro nous ouvre les portes de son appartement parisien, dont la d\u00e9coration refl\u00e8te sa passion pour le Pop Art&#8230; Nous avons eu la chance de poser quelques questions \u00e0 G\u00e9raldine Zberro &#8211; marchand d\u2019art depuis l\u2019\u00e2ge de 18 ans &#8211; qui partage sa passion pour le Pop Art dans la galerie \u00e9ponyme&#8230; [&hellip;]\" \/>\n<meta property=\"og:url\" content=\"https:\/\/joyana.fr\/en\/appartement-pop-art-geraldine-zberro-interieur-design\/104833\/\" \/>\n<meta property=\"og:site_name\" content=\"JO YANA\" \/>\n<meta property=\"article:published_time\" content=\"2010-11-01T18:40:01+00:00\" \/>\n<meta property=\"og:image\" content=\"https:\/\/joyana.fr\/wp-content\/uploads\/old\/INTERIEUR_GALERIE_POP_ART_APPARTEMENT_ZBERRO.jpg\" \/>\n\t<meta property=\"og:image:width\" content=\"500\" \/>\n\t<meta property=\"og:image:height\" content=\"350\" \/>\n\t<meta property=\"og:image:type\" content=\"image\/jpeg\" \/>\n<meta name=\"author\" content=\"Jo Yana\" \/>\n<meta name=\"twitter:card\" content=\"summary_large_image\" \/>\n<meta name=\"twitter:creator\" content=\"@Jo_Yana\" \/>\n<meta name=\"twitter:site\" content=\"@Jo_Yana\" \/>\n<meta name=\"twitter:label1\" content=\"Written by\" \/>\n\t<meta name=\"twitter:data1\" content=\"Jo Yana\" \/>\n\t<meta name=\"twitter:label2\" content=\"Est. reading time\" \/>\n\t<meta name=\"twitter:data2\" content=\"2 minutes\" \/>\n<script type=\"application\/ld+json\" class=\"yoast-schema-graph\">{\"@context\":\"https:\/\/schema.org\",\"@graph\":[{\"@type\":\"Article\",\"@id\":\"https:\/\/joyana.fr\/en\/appartement-pop-art-geraldine-zberro-interieur-design\/104833\/#article\",\"isPartOf\":{\"@id\":\"https:\/\/joyana.fr\/en\/appartement-pop-art-geraldine-zberro-interieur-design\/104833\/\"},\"author\":{\"name\":\"Jo Yana\",\"@id\":\"https:\/\/joyana.fr\/#\/schema\/person\/cf2a1ad12a27c12c21801075bf37407c\"},\"headline\":\"L&#8217;Appartement Pop Art de G\u00e9raldine ZBERRO\",\"datePublished\":\"2010-11-01T18:40:01+00:00\",\"mainEntityOfPage\":{\"@id\":\"https:\/\/joyana.fr\/en\/appartement-pop-art-geraldine-zberro-interieur-design\/104833\/\"},\"wordCount\":495,\"commentCount\":0,\"publisher\":{\"@id\":\"https:\/\/joyana.fr\/#\/schema\/person\/cf2a1ad12a27c12c21801075bf37407c\"},\"image\":{\"@id\":\"https:\/\/joyana.fr\/en\/appartement-pop-art-geraldine-zberro-interieur-design\/104833\/#primaryimage\"},\"thumbnailUrl\":\"https:\/\/i0.wp.com\/joyana.fr\/wp-content\/uploads\/old\/INTERIEUR_GALERIE_POP_ART_APPARTEMENT_ZBERRO.jpg?fit=500%2C350&ssl=1\",\"keywords\":[\"Art Contemporain\",\"Paris\"],\"articleSection\":[\"Appartement\",\"DECO-DESIGN\",\"Lieux\"],\"inLanguage\":\"en-US\",\"potentialAction\":[{\"@type\":\"CommentAction\",\"name\":\"Comment\",\"target\":[\"https:\/\/joyana.fr\/en\/appartement-pop-art-geraldine-zberro-interieur-design\/104833\/#respond\"]}]},{\"@type\":\"WebPage\",\"@id\":\"https:\/\/joyana.fr\/en\/appartement-pop-art-geraldine-zberro-interieur-design\/104833\/\",\"url\":\"https:\/\/joyana.fr\/en\/appartement-pop-art-geraldine-zberro-interieur-design\/104833\/\",\"name\":\"L'Appartement Pop Art de G\u00e9raldine ZBERRO - JO YANA\",\"isPartOf\":{\"@id\":\"https:\/\/joyana.fr\/#website\"},\"primaryImageOfPage\":{\"@id\":\"https:\/\/joyana.fr\/en\/appartement-pop-art-geraldine-zberro-interieur-design\/104833\/#primaryimage\"},\"image\":{\"@id\":\"https:\/\/joyana.fr\/en\/appartement-pop-art-geraldine-zberro-interieur-design\/104833\/#primaryimage\"},\"thumbnailUrl\":\"https:\/\/i0.wp.com\/joyana.fr\/wp-content\/uploads\/old\/INTERIEUR_GALERIE_POP_ART_APPARTEMENT_ZBERRO.jpg?fit=500%2C350&ssl=1\",\"datePublished\":\"2010-11-01T18:40:01+00:00\",\"breadcrumb\":{\"@id\":\"https:\/\/joyana.fr\/en\/appartement-pop-art-geraldine-zberro-interieur-design\/104833\/#breadcrumb\"},\"inLanguage\":\"en-US\",\"potentialAction\":[{\"@type\":\"ReadAction\",\"target\":[\"https:\/\/joyana.fr\/en\/appartement-pop-art-geraldine-zberro-interieur-design\/104833\/\"]}]},{\"@type\":\"ImageObject\",\"inLanguage\":\"en-US\",\"@id\":\"https:\/\/joyana.fr\/en\/appartement-pop-art-geraldine-zberro-interieur-design\/104833\/#primaryimage\",\"url\":\"https:\/\/i0.wp.com\/joyana.fr\/wp-content\/uploads\/old\/INTERIEUR_GALERIE_POP_ART_APPARTEMENT_ZBERRO.jpg?fit=500%2C350&ssl=1\",\"contentUrl\":\"https:\/\/i0.wp.com\/joyana.fr\/wp-content\/uploads\/old\/INTERIEUR_GALERIE_POP_ART_APPARTEMENT_ZBERRO.jpg?fit=500%2C350&ssl=1\",\"width\":500,\"height\":350},{\"@type\":\"BreadcrumbList\",\"@id\":\"https:\/\/joyana.fr\/en\/appartement-pop-art-geraldine-zberro-interieur-design\/104833\/#breadcrumb\",\"itemListElement\":[{\"@type\":\"ListItem\",\"position\":1,\"name\":\"Accueil\",\"item\":\"https:\/\/joyana.fr\/\"},{\"@type\":\"ListItem\",\"position\":2,\"name\":\"L&#8217;Appartement Pop Art de G\u00e9raldine ZBERRO\"}]},{\"@type\":\"WebSite\",\"@id\":\"https:\/\/joyana.fr\/#website\",\"url\":\"https:\/\/joyana.fr\/\",\"name\":\"JO YANA\",\"description\":\"Blog Mode Homme, Lifestyle, D\u00e9co-Design\",\"publisher\":{\"@id\":\"https:\/\/joyana.fr\/#\/schema\/person\/cf2a1ad12a27c12c21801075bf37407c\"},\"potentialAction\":[{\"@type\":\"SearchAction\",\"target\":{\"@type\":\"EntryPoint\",\"urlTemplate\":\"https:\/\/joyana.fr\/?s={search_term_string}\"},\"query-input\":{\"@type\":\"PropertyValueSpecification\",\"valueRequired\":true,\"valueName\":\"search_term_string\"}}],\"inLanguage\":\"en-US\"},{\"@type\":[\"Person\",\"Organization\"],\"@id\":\"https:\/\/joyana.fr\/#\/schema\/person\/cf2a1ad12a27c12c21801075bf37407c\",\"name\":\"Jo Yana\",\"image\":{\"@type\":\"ImageObject\",\"inLanguage\":\"en-US\",\"@id\":\"https:\/\/joyana.fr\/#\/schema\/person\/image\/\",\"url\":\"https:\/\/i0.wp.com\/joyana.fr\/wp-content\/uploads\/2016\/08\/cropped-joyana-logo-black-360x180.png?fit=343%2C164&ssl=1\",\"contentUrl\":\"https:\/\/i0.wp.com\/joyana.fr\/wp-content\/uploads\/2016\/08\/cropped-joyana-logo-black-360x180.png?fit=343%2C164&ssl=1\",\"width\":343,\"height\":164,\"caption\":\"Jo Yana\"},\"logo\":{\"@id\":\"https:\/\/joyana.fr\/#\/schema\/person\/image\/\"},\"description\":\"Jo Yana est le cr\u00e9ateur et r\u00e9dacteur en chef des sites DECO-DESIGN. Passionn\u00e9 de Design, Mode, Photo, Luxe, Lifestyle, Musique, mais avant tout Blogueur ! Le plaisir de partager l'anime et a comme devise \\\"POUR L'AMOUR DU BEAU\\\". Retrouvez le aussi sur son blog personnel - https:\/\/joyana.fr...\",\"sameAs\":[\"https:\/\/joyana.fr\/\"],\"url\":\"https:\/\/joyana.fr\/en\/author\/joyana\/\"}]}<\/script>\n<!-- \/ Yoast SEO plugin. -->","yoast_head_json":{"title":"L'Appartement Pop Art de G\u00e9raldine ZBERRO - JO YANA","robots":{"index":"index","follow":"follow","max-snippet":"max-snippet:-1","max-image-preview":"max-image-preview:large","max-video-preview":"max-video-preview:-1"},"canonical":"https:\/\/joyana.fr\/en\/appartement-pop-art-geraldine-zberro-interieur-design\/104833\/","og_locale":"en_US","og_type":"article","og_title":"L'Appartement Pop Art de G\u00e9raldine ZBERRO - JO YANA","og_description":"La galeriste G\u00e9raldine Zberro nous ouvre les portes de son appartement parisien, dont la d\u00e9coration refl\u00e8te sa passion pour le Pop Art&#8230; Nous avons eu la chance de poser quelques questions \u00e0 G\u00e9raldine Zberro &#8211; marchand d\u2019art depuis l\u2019\u00e2ge de 18 ans &#8211; qui partage sa passion pour le Pop Art dans la galerie \u00e9ponyme&#8230; [&hellip;]","og_url":"https:\/\/joyana.fr\/en\/appartement-pop-art-geraldine-zberro-interieur-design\/104833\/","og_site_name":"JO YANA","article_published_time":"2010-11-01T18:40:01+00:00","og_image":[{"width":500,"height":350,"url":"https:\/\/joyana.fr\/wp-content\/uploads\/old\/INTERIEUR_GALERIE_POP_ART_APPARTEMENT_ZBERRO.jpg","type":"image\/jpeg"}],"author":"Jo Yana","twitter_card":"summary_large_image","twitter_creator":"@Jo_Yana","twitter_site":"@Jo_Yana","twitter_misc":{"Written by":"Jo Yana","Est. reading time":"2 minutes"},"schema":{"@context":"https:\/\/schema.org","@graph":[{"@type":"Article","@id":"https:\/\/joyana.fr\/en\/appartement-pop-art-geraldine-zberro-interieur-design\/104833\/#article","isPartOf":{"@id":"https:\/\/joyana.fr\/en\/appartement-pop-art-geraldine-zberro-interieur-design\/104833\/"},"author":{"name":"Jo Yana","@id":"https:\/\/joyana.fr\/#\/schema\/person\/cf2a1ad12a27c12c21801075bf37407c"},"headline":"L&#8217;Appartement Pop Art de G\u00e9raldine ZBERRO","datePublished":"2010-11-01T18:40:01+00:00","mainEntityOfPage":{"@id":"https:\/\/joyana.fr\/en\/appartement-pop-art-geraldine-zberro-interieur-design\/104833\/"},"wordCount":495,"commentCount":0,"publisher":{"@id":"https:\/\/joyana.fr\/#\/schema\/person\/cf2a1ad12a27c12c21801075bf37407c"},"image":{"@id":"https:\/\/joyana.fr\/en\/appartement-pop-art-geraldine-zberro-interieur-design\/104833\/#primaryimage"},"thumbnailUrl":"https:\/\/i0.wp.com\/joyana.fr\/wp-content\/uploads\/old\/INTERIEUR_GALERIE_POP_ART_APPARTEMENT_ZBERRO.jpg?fit=500%2C350&ssl=1","keywords":["Art Contemporain","Paris"],"articleSection":["Appartement","DECO-DESIGN","Lieux"],"inLanguage":"en-US","potentialAction":[{"@type":"CommentAction","name":"Comment","target":["https:\/\/joyana.fr\/en\/appartement-pop-art-geraldine-zberro-interieur-design\/104833\/#respond"]}]},{"@type":"WebPage","@id":"https:\/\/joyana.fr\/en\/appartement-pop-art-geraldine-zberro-interieur-design\/104833\/","url":"https:\/\/joyana.fr\/en\/appartement-pop-art-geraldine-zberro-interieur-design\/104833\/","name":"L'Appartement Pop Art de G\u00e9raldine ZBERRO - JO YANA","isPartOf":{"@id":"https:\/\/joyana.fr\/#website"},"primaryImageOfPage":{"@id":"https:\/\/joyana.fr\/en\/appartement-pop-art-geraldine-zberro-interieur-design\/104833\/#primaryimage"},"image":{"@id":"https:\/\/joyana.fr\/en\/appartement-pop-art-geraldine-zberro-interieur-design\/104833\/#primaryimage"},"thumbnailUrl":"https:\/\/i0.wp.com\/joyana.fr\/wp-content\/uploads\/old\/INTERIEUR_GALERIE_POP_ART_APPARTEMENT_ZBERRO.jpg?fit=500%2C350&ssl=1","datePublished":"2010-11-01T18:40:01+00:00","breadcrumb":{"@id":"https:\/\/joyana.fr\/en\/appartement-pop-art-geraldine-zberro-interieur-design\/104833\/#breadcrumb"},"inLanguage":"en-US","potentialAction":[{"@type":"ReadAction","target":["https:\/\/joyana.fr\/en\/appartement-pop-art-geraldine-zberro-interieur-design\/104833\/"]}]},{"@type":"ImageObject","inLanguage":"en-US","@id":"https:\/\/joyana.fr\/en\/appartement-pop-art-geraldine-zberro-interieur-design\/104833\/#primaryimage","url":"https:\/\/i0.wp.com\/joyana.fr\/wp-content\/uploads\/old\/INTERIEUR_GALERIE_POP_ART_APPARTEMENT_ZBERRO.jpg?fit=500%2C350&ssl=1","contentUrl":"https:\/\/i0.wp.com\/joyana.fr\/wp-content\/uploads\/old\/INTERIEUR_GALERIE_POP_ART_APPARTEMENT_ZBERRO.jpg?fit=500%2C350&ssl=1","width":500,"height":350},{"@type":"BreadcrumbList","@id":"https:\/\/joyana.fr\/en\/appartement-pop-art-geraldine-zberro-interieur-design\/104833\/#breadcrumb","itemListElement":[{"@type":"ListItem","position":1,"name":"Accueil","item":"https:\/\/joyana.fr\/"},{"@type":"ListItem","position":2,"name":"L&#8217;Appartement Pop Art de G\u00e9raldine ZBERRO"}]},{"@type":"WebSite","@id":"https:\/\/joyana.fr\/#website","url":"https:\/\/joyana.fr\/","name":"JO YANA","description":"Blog Mode Homme, Lifestyle, D\u00e9co-Design","publisher":{"@id":"https:\/\/joyana.fr\/#\/schema\/person\/cf2a1ad12a27c12c21801075bf37407c"},"potentialAction":[{"@type":"SearchAction","target":{"@type":"EntryPoint","urlTemplate":"https:\/\/joyana.fr\/?s={search_term_string}"},"query-input":{"@type":"PropertyValueSpecification","valueRequired":true,"valueName":"search_term_string"}}],"inLanguage":"en-US"},{"@type":["Person","Organization"],"@id":"https:\/\/joyana.fr\/#\/schema\/person\/cf2a1ad12a27c12c21801075bf37407c","name":"Jo Yana","image":{"@type":"ImageObject","inLanguage":"en-US","@id":"https:\/\/joyana.fr\/#\/schema\/person\/image\/","url":"https:\/\/i0.wp.com\/joyana.fr\/wp-content\/uploads\/2016\/08\/cropped-joyana-logo-black-360x180.png?fit=343%2C164&ssl=1","contentUrl":"https:\/\/i0.wp.com\/joyana.fr\/wp-content\/uploads\/2016\/08\/cropped-joyana-logo-black-360x180.png?fit=343%2C164&ssl=1","width":343,"height":164,"caption":"Jo Yana"},"logo":{"@id":"https:\/\/joyana.fr\/#\/schema\/person\/image\/"},"description":"Jo Yana est le cr\u00e9ateur et r\u00e9dacteur en chef des sites DECO-DESIGN. Passionn\u00e9 de Design, Mode, Photo, Luxe, Lifestyle, Musique, mais avant tout Blogueur ! Le plaisir de partager l'anime et a comme devise \"POUR L'AMOUR DU BEAU\". Retrouvez le aussi sur son blog personnel - https:\/\/joyana.fr...","sameAs":["https:\/\/joyana.fr\/"],"url":"https:\/\/joyana.fr\/en\/author\/joyana\/"}]}},"author_meta":{"display_name":"Jo Yana","author_link":"https:\/\/joyana.fr\/en\/author\/joyana\/"},"featured_img":"https:\/\/i0.wp.com\/joyana.fr\/wp-content\/uploads\/old\/INTERIEUR_GALERIE_POP_ART_APPARTEMENT_ZBERRO.jpg?fit=389%2C272&ssl=1","featured_image_src":"https:\/\/i0.wp.com\/joyana.fr\/wp-content\/uploads\/old\/INTERIEUR_GALERIE_POP_ART_APPARTEMENT_ZBERRO.jpg?resize=500%2C350&ssl=1","featured_image_src_square":"https:\/\/i0.wp.com\/joyana.fr\/wp-content\/uploads\/old\/INTERIEUR_GALERIE_POP_ART_APPARTEMENT_ZBERRO.jpg?resize=500%2C350&ssl=1","jetpack_featured_media_url":"https:\/\/i0.wp.com\/joyana.fr\/wp-content\/uploads\/old\/INTERIEUR_GALERIE_POP_ART_APPARTEMENT_ZBERRO.jpg?fit=500%2C350&ssl=1","uagb_featured_image_src":{"full":["https:\/\/i0.wp.com\/joyana.fr\/wp-content\/uploads\/old\/INTERIEUR_GALERIE_POP_ART_APPARTEMENT_ZBERRO.jpg?fit=500%2C350&ssl=1",500,350,false],"thumbnail":["https:\/\/i0.wp.com\/joyana.fr\/wp-content\/uploads\/old\/INTERIEUR_GALERIE_POP_ART_APPARTEMENT_ZBERRO.jpg?resize=150%2C150&ssl=1",150,150,true],"medium":["https:\/\/i0.wp.com\/joyana.fr\/wp-content\/uploads\/old\/INTERIEUR_GALERIE_POP_ART_APPARTEMENT_ZBERRO.jpg?fit=389%2C272&ssl=1",389,272,true],"medium_large":["https:\/\/i0.wp.com\/joyana.fr\/wp-content\/uploads\/old\/INTERIEUR_GALERIE_POP_ART_APPARTEMENT_ZBERRO.jpg?fit=500%2C350&ssl=1",500,350,true],"large":["https:\/\/i0.wp.com\/joyana.fr\/wp-content\/uploads\/old\/INTERIEUR_GALERIE_POP_ART_APPARTEMENT_ZBERRO.jpg?fit=500%2C350&ssl=1",500,350,true],"1536x1536":["https:\/\/i0.wp.com\/joyana.fr\/wp-content\/uploads\/old\/INTERIEUR_GALERIE_POP_ART_APPARTEMENT_ZBERRO.jpg?fit=500%2C350&ssl=1",500,350,true],"2048x2048":["https:\/\/i0.wp.com\/joyana.fr\/wp-content\/uploads\/old\/INTERIEUR_GALERIE_POP_ART_APPARTEMENT_ZBERRO.jpg?fit=500%2C350&ssl=1",500,350,true],"featured-thumb":["https:\/\/i0.wp.com\/joyana.fr\/wp-content\/uploads\/old\/INTERIEUR_GALERIE_POP_ART_APPARTEMENT_ZBERRO.jpg?resize=500%2C350&ssl=1",500,350,true],"ab-block-post-grid-landscape":["https:\/\/i0.wp.com\/joyana.fr\/wp-content\/uploads\/old\/INTERIEUR_GALERIE_POP_ART_APPARTEMENT_ZBERRO.jpg?resize=500%2C350&ssl=1",500,350,true],"ab-block-post-grid-square":["https:\/\/i0.wp.com\/joyana.fr\/wp-content\/uploads\/old\/INTERIEUR_GALERIE_POP_ART_APPARTEMENT_ZBERRO.jpg?resize=500%2C350&ssl=1",500,350,true],"author-pro-image":["https:\/\/i0.wp.com\/joyana.fr\/wp-content\/uploads\/old\/INTERIEUR_GALERIE_POP_ART_APPARTEMENT_ZBERRO.jpg?resize=360%2C350&ssl=1",360,350,true],"slider":["https:\/\/i0.wp.com\/joyana.fr\/wp-content\/uploads\/old\/INTERIEUR_GALERIE_POP_ART_APPARTEMENT_ZBERRO.jpg?resize=500%2C350&ssl=1",500,350,true],"woocommerce_thumbnail":["https:\/\/i0.wp.com\/joyana.fr\/wp-content\/uploads\/old\/INTERIEUR_GALERIE_POP_ART_APPARTEMENT_ZBERRO.jpg?resize=450%2C350&ssl=1",450,350,true],"woocommerce_single":["https:\/\/i0.wp.com\/joyana.fr\/wp-content\/uploads\/old\/INTERIEUR_GALERIE_POP_ART_APPARTEMENT_ZBERRO.jpg?fit=500%2C350&ssl=1",500,350,true],"woocommerce_gallery_thumbnail":["https:\/\/i0.wp.com\/joyana.fr\/wp-content\/uploads\/old\/INTERIEUR_GALERIE_POP_ART_APPARTEMENT_ZBERRO.jpg?resize=180%2C180&ssl=1",180,180,true],"sow-carousel-default":["https:\/\/i0.wp.com\/joyana.fr\/wp-content\/uploads\/old\/INTERIEUR_GALERIE_POP_ART_APPARTEMENT_ZBERRO.jpg?resize=272%2C182&ssl=1",272,182,true]},"uagb_author_info":{"display_name":"Jo Yana","author_link":"https:\/\/joyana.fr\/en\/author\/joyana\/"},"uagb_comment_info":17,"uagb_excerpt":"La galeriste G\u00e9raldine Zberro nous ouvre les portes de son appartement parisien, dont la d\u00e9coration refl\u00e8te sa passion pour le Pop Art&#8230; Nous avons eu la chance de poser quelques questions \u00e0 G\u00e9raldine Zberro &#8211; marchand d\u2019art depuis l\u2019\u00e2ge de 18 ans &#8211; qui partage sa passion pour le Pop Art dans la galerie \u00e9ponyme&#8230;&hellip;","coauthors":[],"tax_additional":{"categories":{"linked":["<a href=\"https:\/\/joyana.fr\/en\/category\/deco-design\/architecture-deco-design\/lieux-design\/appartement\/\" class=\"advgb-post-tax-term\">Appartement<\/a>","<a href=\"https:\/\/joyana.fr\/en\/category\/deco-design\/\" class=\"advgb-post-tax-term\">DECO-DESIGN<\/a>","<a href=\"https:\/\/joyana.fr\/en\/category\/deco-design\/architecture-deco-design\/lieux-design\/\" class=\"advgb-post-tax-term\">Lieux<\/a>"],"unlinked":["<span class=\"advgb-post-tax-term\">Appartement<\/span>","<span class=\"advgb-post-tax-term\">DECO-DESIGN<\/span>","<span class=\"advgb-post-tax-term\">Lieux<\/span>"]},"tags":{"linked":["<a href=\"https:\/\/joyana.fr\/en\/category\/deco-design\/architecture-deco-design\/lieux-design\/\" class=\"advgb-post-tax-term\">Art Contemporain<\/a>","<a href=\"https:\/\/joyana.fr\/en\/category\/deco-design\/architecture-deco-design\/lieux-design\/\" class=\"advgb-post-tax-term\">Paris<\/a>"],"unlinked":["<span class=\"advgb-post-tax-term\">Art Contemporain<\/span>","<span class=\"advgb-post-tax-term\">Paris<\/span>"]}},"comment_count":17,"relative_dates":{"created":"Posted 16 years ago","modified":"Updated 16 years ago"},"absolute_dates":{"created":"Posted on 1 November 2010","modified":"Updated on 1 November 2010"},"absolute_dates_time":{"created":"Posted on 1 November 2010 19:40","modified":"Updated on 1 November 2010 19:40"},"featured_img_caption":"","series_order":"","jetpack_sharing_enabled":true,"jetpack_shortlink":"https:\/\/wp.me\/p9bteI-rgR","jetpack-related-posts":[],"_links":{"self":[{"href":"https:\/\/joyana.fr\/en\/wp-json\/wp\/v2\/posts\/104833","targetHints":{"allow":["GET"]}}],"collection":[{"href":"https:\/\/joyana.fr\/en\/wp-json\/wp\/v2\/posts"}],"about":[{"href":"https:\/\/joyana.fr\/en\/wp-json\/wp\/v2\/types\/post"}],"author":[{"embeddable":true,"href":"https:\/\/joyana.fr\/en\/wp-json\/wp\/v2\/users\/3"}],"replies":[{"embeddable":true,"href":"https:\/\/joyana.fr\/en\/wp-json\/wp\/v2\/comments?post=104833"}],"version-history":[{"count":0,"href":"https:\/\/joyana.fr\/en\/wp-json\/wp\/v2\/posts\/104833\/revisions"}],"wp:featuredmedia":[{"embeddable":true,"href":"https:\/\/joyana.fr\/en\/wp-json\/wp\/v2\/media\/104841"}],"wp:attachment":[{"href":"https:\/\/joyana.fr\/en\/wp-json\/wp\/v2\/media?parent=104833"}],"wp:term":[{"taxonomy":"category","embeddable":true,"href":"https:\/\/joyana.fr\/en\/wp-json\/wp\/v2\/categories?post=104833"},{"taxonomy":"post_tag","embeddable":true,"href":"https:\/\/joyana.fr\/en\/wp-json\/wp\/v2\/tags?post=104833"}],"curies":[{"name":"wp","href":"https:\/\/api.w.org\/{rel}","templated":true}]}}