{"id":104971,"date":"2010-11-16T08:41:33","date_gmt":"2010-11-16T07:41:33","guid":{"rendered":"https:\/\/joyana.fr\/?p=4971"},"modified":"2010-11-16T08:41:33","modified_gmt":"2010-11-16T07:41:33","slug":"suspension-design-untitled-paola-pivi","status":"publish","type":"post","link":"https:\/\/joyana.fr\/en\/suspension-design-untitled-paola-pivi\/104971\/","title":{"rendered":"Suspension UNTITLED par Paola PIVI"},"content":{"rendered":"<p>La galerie Emmanuel Perrotin pr\u00e9sente actuellement l&#8217;exposition de <strong>Paola Pivi<\/strong> &#8211; intitul\u00e9e &#8220;<em>What goes round &#8211; art comes round<\/em>&#8221; &#8211; dont font parties les <strong>suspensions UNTITLED<\/strong>, enti\u00e8rement compos\u00e9es de miniatures Vitra&#8230;<\/p>\n<p><img data-recalc-dims=\"1\" fetchpriority=\"high\" decoding=\"async\" class=\"alignnone size-full wp-image-4972\" style=\"margin-left: 8px; margin-right: 8px;\" title=\"Suspension UNTITLED par Paola PIVI\" src=\"https:\/\/i0.wp.com\/joyana.fr\/wp-content\/uploads\/PAOLA_PIVI_1.jpg?resize=500%2C350&#038;ssl=1\" alt=\"\" width=\"500\" height=\"350\" \/><\/p>\n<p>C&#8217;est du 6 Novembre au 23 D\u00e9cembre 2010 que vous aurez la chance d&#8217;admirer les <strong>suspensions UNTITLED<\/strong> &#8211; sign\u00e9es par <strong>Paola Pivi<\/strong> &#8211; \u00e0 la galerie parisienne <strong>Emmanuel Perrotin<\/strong>&#8230; Des petites merveilles &#8211; enti\u00e8rement fa\u00eetes de miniatures Vitra &#8211; qui vous font d\u00e9couvrir ou red\u00e9couvrir les ic\u00f4nes du design !!!<\/p>\n<p><img data-recalc-dims=\"1\" decoding=\"async\" class=\"alignnone size-full wp-image-4973\" style=\"margin-left: 8px; margin-right: 8px;\" title=\"Suspension UNTITLED par Paola PIVI\" src=\"https:\/\/i0.wp.com\/joyana.fr\/wp-content\/uploads\/PAOLA_PIVI_3.jpg?resize=500%2C766&#038;ssl=1\" alt=\"\" width=\"500\" height=\"766\" \/><\/p>\n<p>Pour information :<\/p>\n<p><em><strong>Paola Pivi<\/strong> est n\u00e9e \u00e0 Milan en 1971. Mais elle n&#8217;y a jamais v\u00e9cu. Devenue nomade, l?ancienne \u00e9tudiante en \u00e9cole d&#8217;ing\u00e9nieur et en \u00e9cole d&#8217;art d\u00e9m\u00e9nage pour ainsi dire tous les deux ans. Elle se trouve ces joursci \u00e0 Cervinia. Dans cette station de ski des Alpes italiennes, elle habite deux petits appartements quasi jumeaux except\u00e9 la couleur du sol et du canap\u00e9, l&#8217;un rouge, l&#8217;autre vert.<br \/>\nSa d\u00e9marche artistique s&#8217;inscrit dans un renversement du r\u00e9el. Ces dix derni\u00e8res ann\u00e9es, la jeune Lion d&#8217;or \u00e0 la Biennale de Venise en 1999 (Best National Pavillion, avec Monica Bonvicini, Bruna Esposito, Luisa Lambri et Grazia Toderi) a ainsi photographi\u00e9 un \u00e2ne sur une barque et une autruche les pattes dans la M\u00e9diterran\u00e9e. Elle a emmen\u00e9 deux z\u00e8bres dans des montagnes neigeuses, r\u00e9alis\u00e9 une sorte de ch\u00e2teau-mausol\u00e9e avec des milliers de biscuits, des sculptures de centaines de milliers de perles, une pizza de 2,32 m\u00e8tres de diam\u00e8tre, couch\u00e9 un semi-remorque sur le bord d&#8217;une route, retourn\u00e9 un avion de chasse, cockpit contre terre&#8230;<\/em><\/p>\n<p><img data-recalc-dims=\"1\" decoding=\"async\" class=\"alignnone size-full wp-image-4975\" style=\"margin-left: 8px; margin-right: 8px;\" title=\"Suspension UNTITLED par Paola PIVI\" src=\"https:\/\/i0.wp.com\/joyana.fr\/wp-content\/uploads\/PAOLA_PIVI_63.jpg?resize=500%2C332&#038;ssl=1\" alt=\"\" width=\"500\" height=\"332\" \/><\/p>\n<p><em><strong>Paola PIVI<\/strong><br \/>\n<strong>UNTITLED<\/strong> 2010<br \/>\nMini chairs Vitra, aluminium<br \/>\n\u00f8 27 1\/2 x 28 1\/2 inches \/ \u00f8 70 x 72 cm<br \/>\nPi\u00e8ce unique<\/em><\/p>\n<p><em>Credits photos : <strong>\u00a9 Jo Yana<\/strong><\/em><\/p>\n<p><img data-recalc-dims=\"1\" loading=\"lazy\" decoding=\"async\" class=\"alignnone size-full wp-image-4974\" style=\"margin-left: 8px; margin-right: 8px;\" title=\"Suspension UNTITLED par Paola PIVI\" src=\"https:\/\/i0.wp.com\/joyana.fr\/wp-content\/uploads\/PAOLA_PIVI_6.jpg?resize=500%2C747&#038;ssl=1\" alt=\"\" width=\"500\" height=\"747\" \/><\/p>\n<p>En savoir + sur <a title=\"PAOLA PIVI UNTITLED\" href=\"http:\/\/www.paolapivi.com\/\"><strong>Paola PIVI<\/strong><\/a> &#038; la <a title=\"EMMANUEL PERROTIN\" href=\"http:\/\/www.galerieperrotin.com\/\"><strong>Galerie EMMANUEL PERROTIN<\/strong><\/a><\/p>\n","protected":false},"excerpt":{"rendered":"<p>La galerie Emmanuel Perrotin pr\u00e9sente actuellement l&#8217;exposition de Paola Pivi &#8211; intitul\u00e9e &#8220;What goes round &#8211; art comes round&#8221; &#8211; dont font parties les suspensions UNTITLED, enti\u00e8rement compos\u00e9es de miniatures Vitra&#8230; C&#8217;est du 6 Novembre au 23 D\u00e9cembre 2010 que vous aurez la chance d&#8217;admirer les suspensions UNTITLED &#8211; sign\u00e9es par Paola Pivi &#8211; \u00e0 [&hellip;]<\/p>\n","protected":false},"author":3,"featured_media":104972,"comment_status":"open","ping_status":"open","sticky":false,"template":"","format":"standard","meta":{"_coblocks_attr":"","_coblocks_dimensions":"","_coblocks_responsive_height":"","_coblocks_accordion_ie_support":"","_uag_custom_page_level_css":"","advgb_blocks_editor_width":"","advgb_blocks_columns_visual_guide":"","_genesis_hide_title":false,"_genesis_hide_breadcrumbs":false,"_genesis_hide_singular_image":false,"_genesis_hide_footer_widgets":false,"_genesis_custom_body_class":"","_genesis_custom_post_class":"","_genesis_layout":"","_themeisle_gutenberg_block_has_review":false,"_jetpack_newsletter_access":"","_jetpack_dont_email_post_to_subs":false,"_jetpack_newsletter_tier_id":0,"_jetpack_memberships_contains_paywalled_content":false,"_jetpack_memberships_contains_paid_content":false,"footnotes":""},"categories":[940,905,917,1023,947],"tags":[943,78],"class_list":{"0":"post-104971","1":"post","2":"type-post","3":"status-publish","4":"format-standard","5":"has-post-thumbnail","7":"category-art-contemporain","8":"category-deco-design","9":"category-luminaire","10":"category-suspension","11":"category-vitra","12":"tag-art-contemporain","13":"tag-design","14":"entry"},"featured_image_urls":{"full":["https:\/\/i0.wp.com\/joyana.fr\/wp-content\/uploads\/old\/PAOLA_PIVI_1.jpg?fit=500%2C350&ssl=1",500,350,false],"thumbnail":["https:\/\/i0.wp.com\/joyana.fr\/wp-content\/uploads\/old\/PAOLA_PIVI_1.jpg?resize=150%2C150&ssl=1",150,150,true],"medium":["https:\/\/i0.wp.com\/joyana.fr\/wp-content\/uploads\/old\/PAOLA_PIVI_1.jpg?fit=389%2C272&ssl=1",389,272,true],"medium_large":["https:\/\/i0.wp.com\/joyana.fr\/wp-content\/uploads\/old\/PAOLA_PIVI_1.jpg?fit=500%2C350&ssl=1",500,350,true],"large":["https:\/\/i0.wp.com\/joyana.fr\/wp-content\/uploads\/old\/PAOLA_PIVI_1.jpg?fit=500%2C350&ssl=1",500,350,true],"1536x1536":["https:\/\/i0.wp.com\/joyana.fr\/wp-content\/uploads\/old\/PAOLA_PIVI_1.jpg?fit=500%2C350&ssl=1",500,350,true],"2048x2048":["https:\/\/i0.wp.com\/joyana.fr\/wp-content\/uploads\/old\/PAOLA_PIVI_1.jpg?fit=500%2C350&ssl=1",500,350,true],"featured-thumb":["https:\/\/i0.wp.com\/joyana.fr\/wp-content\/uploads\/old\/PAOLA_PIVI_1.jpg?resize=500%2C350&ssl=1",500,350,true],"ab-block-post-grid-landscape":["https:\/\/i0.wp.com\/joyana.fr\/wp-content\/uploads\/old\/PAOLA_PIVI_1.jpg?resize=500%2C350&ssl=1",500,350,true],"ab-block-post-grid-square":["https:\/\/i0.wp.com\/joyana.fr\/wp-content\/uploads\/old\/PAOLA_PIVI_1.jpg?resize=500%2C350&ssl=1",500,350,true],"author-pro-image":["https:\/\/i0.wp.com\/joyana.fr\/wp-content\/uploads\/old\/PAOLA_PIVI_1.jpg?resize=360%2C350&ssl=1",360,350,true],"slider":["https:\/\/i0.wp.com\/joyana.fr\/wp-content\/uploads\/old\/PAOLA_PIVI_1.jpg?resize=500%2C350&ssl=1",500,350,true],"woocommerce_thumbnail":["https:\/\/i0.wp.com\/joyana.fr\/wp-content\/uploads\/old\/PAOLA_PIVI_1.jpg?resize=450%2C350&ssl=1",450,350,true],"woocommerce_single":["https:\/\/i0.wp.com\/joyana.fr\/wp-content\/uploads\/old\/PAOLA_PIVI_1.jpg?fit=500%2C350&ssl=1",500,350,true],"woocommerce_gallery_thumbnail":["https:\/\/i0.wp.com\/joyana.fr\/wp-content\/uploads\/old\/PAOLA_PIVI_1.jpg?resize=180%2C180&ssl=1",180,180,true],"sow-carousel-default":["https:\/\/i0.wp.com\/joyana.fr\/wp-content\/uploads\/old\/PAOLA_PIVI_1.jpg?resize=272%2C182&ssl=1",272,182,true]},"post_excerpt_stackable":"<p>La galerie Emmanuel Perrotin pr\u00e9sente actuellement l&#8217;exposition de Paola Pivi &#8211; intitul\u00e9e &#8220;What goes round &#8211; art comes round&#8221; &#8211; dont font parties les suspensions UNTITLED, enti\u00e8rement compos\u00e9es de miniatures Vitra&#8230; C&#8217;est du 6 Novembre au 23 D\u00e9cembre 2010 que vous aurez la chance d&#8217;admirer les suspensions UNTITLED &#8211; sign\u00e9es par Paola Pivi &#8211; \u00e0 la galerie parisienne Emmanuel Perrotin&#8230; Des petites merveilles &#8211; enti\u00e8rement fa\u00eetes de miniatures Vitra &#8211; qui vous font d\u00e9couvrir ou red\u00e9couvrir les ic\u00f4nes du design !!! Pour information : Paola Pivi est n\u00e9e \u00e0 Milan en 1971. Mais elle n&#8217;y a jamais v\u00e9cu. Devenue nomade,&hellip;<\/p>\n","category_list":"<a href=\"https:\/\/joyana.fr\/en\/category\/deco-design\/actualite\/art-contemporain\/\" rel=\"category tag\">Art Contemporain<\/a>, <a href=\"https:\/\/joyana.fr\/en\/category\/deco-design\/\" rel=\"category tag\">DECO-DESIGN<\/a>, <a href=\"https:\/\/joyana.fr\/en\/category\/deco-design\/luminaire\/\" rel=\"category tag\">Luminaire<\/a>, <a href=\"https:\/\/joyana.fr\/en\/category\/deco-design\/luminaire\/suspension\/\" rel=\"category tag\">Suspension<\/a>, <a href=\"https:\/\/joyana.fr\/en\/category\/marques\/vitra\/\" rel=\"category tag\">Vitra<\/a>","author_info":{"display_name":"Jo Yana","author_link":"https:\/\/joyana.fr\/en\/author\/joyana\/"},"comments_num":"21 comments","featured_image_urls_v2":{"full":["https:\/\/i0.wp.com\/joyana.fr\/wp-content\/uploads\/old\/PAOLA_PIVI_1.jpg?fit=500%2C350&ssl=1",500,350,false],"thumbnail":["https:\/\/i0.wp.com\/joyana.fr\/wp-content\/uploads\/old\/PAOLA_PIVI_1.jpg?resize=150%2C150&ssl=1",150,150,true],"medium":["https:\/\/i0.wp.com\/joyana.fr\/wp-content\/uploads\/old\/PAOLA_PIVI_1.jpg?fit=389%2C272&ssl=1",389,272,true],"medium_large":["https:\/\/i0.wp.com\/joyana.fr\/wp-content\/uploads\/old\/PAOLA_PIVI_1.jpg?fit=500%2C350&ssl=1",500,350,true],"large":["https:\/\/i0.wp.com\/joyana.fr\/wp-content\/uploads\/old\/PAOLA_PIVI_1.jpg?fit=500%2C350&ssl=1",500,350,true],"1536x1536":["https:\/\/i0.wp.com\/joyana.fr\/wp-content\/uploads\/old\/PAOLA_PIVI_1.jpg?fit=500%2C350&ssl=1",500,350,true],"2048x2048":["https:\/\/i0.wp.com\/joyana.fr\/wp-content\/uploads\/old\/PAOLA_PIVI_1.jpg?fit=500%2C350&ssl=1",500,350,true],"featured-thumb":["https:\/\/i0.wp.com\/joyana.fr\/wp-content\/uploads\/old\/PAOLA_PIVI_1.jpg?resize=500%2C350&ssl=1",500,350,true],"ab-block-post-grid-landscape":["https:\/\/i0.wp.com\/joyana.fr\/wp-content\/uploads\/old\/PAOLA_PIVI_1.jpg?resize=500%2C350&ssl=1",500,350,true],"ab-block-post-grid-square":["https:\/\/i0.wp.com\/joyana.fr\/wp-content\/uploads\/old\/PAOLA_PIVI_1.jpg?resize=500%2C350&ssl=1",500,350,true],"author-pro-image":["https:\/\/i0.wp.com\/joyana.fr\/wp-content\/uploads\/old\/PAOLA_PIVI_1.jpg?resize=360%2C350&ssl=1",360,350,true],"slider":["https:\/\/i0.wp.com\/joyana.fr\/wp-content\/uploads\/old\/PAOLA_PIVI_1.jpg?resize=500%2C350&ssl=1",500,350,true],"woocommerce_thumbnail":["https:\/\/i0.wp.com\/joyana.fr\/wp-content\/uploads\/old\/PAOLA_PIVI_1.jpg?resize=450%2C350&ssl=1",450,350,true],"woocommerce_single":["https:\/\/i0.wp.com\/joyana.fr\/wp-content\/uploads\/old\/PAOLA_PIVI_1.jpg?fit=500%2C350&ssl=1",500,350,true],"woocommerce_gallery_thumbnail":["https:\/\/i0.wp.com\/joyana.fr\/wp-content\/uploads\/old\/PAOLA_PIVI_1.jpg?resize=180%2C180&ssl=1",180,180,true],"sow-carousel-default":["https:\/\/i0.wp.com\/joyana.fr\/wp-content\/uploads\/old\/PAOLA_PIVI_1.jpg?resize=272%2C182&ssl=1",272,182,true]},"post_excerpt_stackable_v2":"<p>La galerie Emmanuel Perrotin pr\u00e9sente actuellement l&#8217;exposition de Paola Pivi &#8211; intitul\u00e9e &#8220;What goes round &#8211; art comes round&#8221; &#8211; dont font parties les suspensions UNTITLED, enti\u00e8rement compos\u00e9es de miniatures Vitra&#8230; C&#8217;est du 6 Novembre au 23 D\u00e9cembre 2010 que vous aurez la chance d&#8217;admirer les suspensions UNTITLED &#8211; sign\u00e9es par Paola Pivi &#8211; \u00e0 la galerie parisienne Emmanuel Perrotin&#8230; Des petites merveilles &#8211; enti\u00e8rement fa\u00eetes de miniatures Vitra &#8211; qui vous font d\u00e9couvrir ou red\u00e9couvrir les ic\u00f4nes du design !!! Pour information : Paola Pivi est n\u00e9e \u00e0 Milan en 1971. Mais elle n&#8217;y a jamais v\u00e9cu. Devenue nomade,&hellip;<\/p>\n","category_list_v2":"<a href=\"https:\/\/joyana.fr\/en\/category\/deco-design\/actualite\/art-contemporain\/\" rel=\"category tag\">Art Contemporain<\/a>, <a href=\"https:\/\/joyana.fr\/en\/category\/deco-design\/\" rel=\"category tag\">DECO-DESIGN<\/a>, <a href=\"https:\/\/joyana.fr\/en\/category\/deco-design\/luminaire\/\" rel=\"category tag\">Luminaire<\/a>, <a href=\"https:\/\/joyana.fr\/en\/category\/deco-design\/luminaire\/suspension\/\" rel=\"category tag\">Suspension<\/a>, <a href=\"https:\/\/joyana.fr\/en\/category\/marques\/vitra\/\" rel=\"category tag\">Vitra<\/a>","author_info_v2":{"name":"Jo Yana","url":"https:\/\/joyana.fr\/en\/author\/joyana\/"},"comments_num_v2":"21 comments","yoast_head":"<!-- This site is optimized with the Yoast SEO plugin v26.8 - https:\/\/yoast.com\/product\/yoast-seo-wordpress\/ -->\n<title>Suspension UNTITLED par Paola PIVI - JO YANA<\/title>\n<meta name=\"robots\" content=\"index, follow, max-snippet:-1, max-image-preview:large, max-video-preview:-1\" \/>\n<link rel=\"canonical\" href=\"https:\/\/www.joyana.fr\/en\/suspension-design-untitled-paola-pivi\/104971\/\" \/>\n<meta property=\"og:locale\" content=\"en_US\" \/>\n<meta property=\"og:locale:alternate\" content=\"fr_FR\" \/>\n<meta property=\"og:locale:alternate\" content=\"ja\" \/>\n<meta property=\"og:type\" content=\"article\" \/>\n<meta property=\"og:title\" content=\"Suspension UNTITLED par Paola PIVI - JO YANA\" \/>\n<meta property=\"og:description\" content=\"La galerie Emmanuel Perrotin pr\u00e9sente actuellement l&#8217;exposition de Paola Pivi &#8211; intitul\u00e9e &#8220;What goes round &#8211; art comes round&#8221; &#8211; dont font parties les suspensions UNTITLED, enti\u00e8rement compos\u00e9es de miniatures Vitra&#8230; C&#8217;est du 6 Novembre au 23 D\u00e9cembre 2010 que vous aurez la chance d&#8217;admirer les suspensions UNTITLED &#8211; sign\u00e9es par Paola Pivi &#8211; \u00e0 [&hellip;]\" \/>\n<meta property=\"og:url\" content=\"https:\/\/joyana.fr\/en\/suspension-design-untitled-paola-pivi\/104971\/\" \/>\n<meta property=\"og:site_name\" content=\"JO YANA\" \/>\n<meta property=\"article:published_time\" content=\"2010-11-16T07:41:33+00:00\" \/>\n<meta property=\"og:image\" content=\"https:\/\/www.joyana.fr\/wp-content\/uploads\/old\/PAOLA_PIVI_1.jpg\" \/>\n\t<meta property=\"og:image:width\" content=\"500\" \/>\n\t<meta property=\"og:image:height\" content=\"350\" \/>\n\t<meta property=\"og:image:type\" content=\"image\/jpeg\" \/>\n<meta name=\"author\" content=\"Jo Yana\" \/>\n<meta name=\"twitter:card\" content=\"summary_large_image\" \/>\n<meta name=\"twitter:creator\" content=\"@Jo_Yana\" \/>\n<meta name=\"twitter:site\" content=\"@Jo_Yana\" \/>\n<meta name=\"twitter:label1\" content=\"Written by\" \/>\n\t<meta name=\"twitter:data1\" content=\"Jo Yana\" \/>\n\t<meta name=\"twitter:label2\" content=\"Est. reading time\" \/>\n\t<meta name=\"twitter:data2\" content=\"1 minute\" \/>\n<script type=\"application\/ld+json\" class=\"yoast-schema-graph\">{\"@context\":\"https:\/\/schema.org\",\"@graph\":[{\"@type\":\"Article\",\"@id\":\"https:\/\/www.joyana.fr\/en\/suspension-design-untitled-paola-pivi\/104971\/#article\",\"isPartOf\":{\"@id\":\"https:\/\/www.joyana.fr\/en\/suspension-design-untitled-paola-pivi\/104971\/\"},\"author\":{\"name\":\"Jo Yana\",\"@id\":\"https:\/\/joyana.fr\/#\/schema\/person\/cf2a1ad12a27c12c21801075bf37407c\"},\"headline\":\"Suspension UNTITLED par Paola PIVI\",\"datePublished\":\"2010-11-16T07:41:33+00:00\",\"mainEntityOfPage\":{\"@id\":\"https:\/\/www.joyana.fr\/en\/suspension-design-untitled-paola-pivi\/104971\/\"},\"wordCount\":314,\"commentCount\":0,\"publisher\":{\"@id\":\"https:\/\/joyana.fr\/#\/schema\/person\/cf2a1ad12a27c12c21801075bf37407c\"},\"image\":{\"@id\":\"https:\/\/www.joyana.fr\/en\/suspension-design-untitled-paola-pivi\/104971\/#primaryimage\"},\"thumbnailUrl\":\"https:\/\/i0.wp.com\/joyana.fr\/wp-content\/uploads\/old\/PAOLA_PIVI_1.jpg?fit=500%2C350&ssl=1\",\"keywords\":[\"Art Contemporain\",\"DESIGN\"],\"articleSection\":[\"Art Contemporain\",\"DECO-DESIGN\",\"Luminaire\",\"Suspension\",\"Vitra\"],\"inLanguage\":\"en-US\",\"potentialAction\":[{\"@type\":\"CommentAction\",\"name\":\"Comment\",\"target\":[\"https:\/\/www.joyana.fr\/en\/suspension-design-untitled-paola-pivi\/104971\/#respond\"]}]},{\"@type\":\"WebPage\",\"@id\":\"https:\/\/www.joyana.fr\/en\/suspension-design-untitled-paola-pivi\/104971\/\",\"url\":\"https:\/\/www.joyana.fr\/en\/suspension-design-untitled-paola-pivi\/104971\/\",\"name\":\"Suspension UNTITLED par Paola PIVI - JO YANA\",\"isPartOf\":{\"@id\":\"https:\/\/joyana.fr\/#website\"},\"primaryImageOfPage\":{\"@id\":\"https:\/\/www.joyana.fr\/en\/suspension-design-untitled-paola-pivi\/104971\/#primaryimage\"},\"image\":{\"@id\":\"https:\/\/www.joyana.fr\/en\/suspension-design-untitled-paola-pivi\/104971\/#primaryimage\"},\"thumbnailUrl\":\"https:\/\/i0.wp.com\/joyana.fr\/wp-content\/uploads\/old\/PAOLA_PIVI_1.jpg?fit=500%2C350&ssl=1\",\"datePublished\":\"2010-11-16T07:41:33+00:00\",\"breadcrumb\":{\"@id\":\"https:\/\/www.joyana.fr\/en\/suspension-design-untitled-paola-pivi\/104971\/#breadcrumb\"},\"inLanguage\":\"en-US\",\"potentialAction\":[{\"@type\":\"ReadAction\",\"target\":[\"https:\/\/www.joyana.fr\/en\/suspension-design-untitled-paola-pivi\/104971\/\"]}]},{\"@type\":\"ImageObject\",\"inLanguage\":\"en-US\",\"@id\":\"https:\/\/www.joyana.fr\/en\/suspension-design-untitled-paola-pivi\/104971\/#primaryimage\",\"url\":\"https:\/\/i0.wp.com\/joyana.fr\/wp-content\/uploads\/old\/PAOLA_PIVI_1.jpg?fit=500%2C350&ssl=1\",\"contentUrl\":\"https:\/\/i0.wp.com\/joyana.fr\/wp-content\/uploads\/old\/PAOLA_PIVI_1.jpg?fit=500%2C350&ssl=1\",\"width\":500,\"height\":350},{\"@type\":\"BreadcrumbList\",\"@id\":\"https:\/\/www.joyana.fr\/en\/suspension-design-untitled-paola-pivi\/104971\/#breadcrumb\",\"itemListElement\":[{\"@type\":\"ListItem\",\"position\":1,\"name\":\"Accueil\",\"item\":\"https:\/\/joyana.fr\/\"},{\"@type\":\"ListItem\",\"position\":2,\"name\":\"Suspension UNTITLED par Paola PIVI\"}]},{\"@type\":\"WebSite\",\"@id\":\"https:\/\/joyana.fr\/#website\",\"url\":\"https:\/\/joyana.fr\/\",\"name\":\"JO YANA\",\"description\":\"Blog Mode Homme, Lifestyle, D\u00e9co-Design\",\"publisher\":{\"@id\":\"https:\/\/joyana.fr\/#\/schema\/person\/cf2a1ad12a27c12c21801075bf37407c\"},\"potentialAction\":[{\"@type\":\"SearchAction\",\"target\":{\"@type\":\"EntryPoint\",\"urlTemplate\":\"https:\/\/joyana.fr\/?s={search_term_string}\"},\"query-input\":{\"@type\":\"PropertyValueSpecification\",\"valueRequired\":true,\"valueName\":\"search_term_string\"}}],\"inLanguage\":\"en-US\"},{\"@type\":[\"Person\",\"Organization\"],\"@id\":\"https:\/\/joyana.fr\/#\/schema\/person\/cf2a1ad12a27c12c21801075bf37407c\",\"name\":\"Jo Yana\",\"image\":{\"@type\":\"ImageObject\",\"inLanguage\":\"en-US\",\"@id\":\"https:\/\/joyana.fr\/#\/schema\/person\/image\/\",\"url\":\"https:\/\/i0.wp.com\/joyana.fr\/wp-content\/uploads\/2016\/08\/cropped-joyana-logo-black-360x180.png?fit=343%2C164&ssl=1\",\"contentUrl\":\"https:\/\/i0.wp.com\/joyana.fr\/wp-content\/uploads\/2016\/08\/cropped-joyana-logo-black-360x180.png?fit=343%2C164&ssl=1\",\"width\":343,\"height\":164,\"caption\":\"Jo Yana\"},\"logo\":{\"@id\":\"https:\/\/joyana.fr\/#\/schema\/person\/image\/\"},\"description\":\"Jo Yana est le cr\u00e9ateur et r\u00e9dacteur en chef des sites DECO-DESIGN. Passionn\u00e9 de Design, Mode, Photo, Luxe, Lifestyle, Musique, mais avant tout Blogueur ! Le plaisir de partager l'anime et a comme devise \\\"POUR L'AMOUR DU BEAU\\\". Retrouvez le aussi sur son blog personnel - https:\/\/joyana.fr...\",\"sameAs\":[\"https:\/\/joyana.fr\/\"],\"url\":\"https:\/\/joyana.fr\/en\/author\/joyana\/\"}]}<\/script>\n<!-- \/ Yoast SEO plugin. -->","yoast_head_json":{"title":"Suspension UNTITLED par Paola PIVI - JO YANA","robots":{"index":"index","follow":"follow","max-snippet":"max-snippet:-1","max-image-preview":"max-image-preview:large","max-video-preview":"max-video-preview:-1"},"canonical":"https:\/\/www.joyana.fr\/en\/suspension-design-untitled-paola-pivi\/104971\/","og_locale":"en_US","og_type":"article","og_title":"Suspension UNTITLED par Paola PIVI - JO YANA","og_description":"La galerie Emmanuel Perrotin pr\u00e9sente actuellement l&#8217;exposition de Paola Pivi &#8211; intitul\u00e9e &#8220;What goes round &#8211; art comes round&#8221; &#8211; dont font parties les suspensions UNTITLED, enti\u00e8rement compos\u00e9es de miniatures Vitra&#8230; C&#8217;est du 6 Novembre au 23 D\u00e9cembre 2010 que vous aurez la chance d&#8217;admirer les suspensions UNTITLED &#8211; sign\u00e9es par Paola Pivi &#8211; \u00e0 [&hellip;]","og_url":"https:\/\/joyana.fr\/en\/suspension-design-untitled-paola-pivi\/104971\/","og_site_name":"JO YANA","article_published_time":"2010-11-16T07:41:33+00:00","og_image":[{"width":500,"height":350,"url":"https:\/\/www.joyana.fr\/wp-content\/uploads\/old\/PAOLA_PIVI_1.jpg","type":"image\/jpeg"}],"author":"Jo Yana","twitter_card":"summary_large_image","twitter_creator":"@Jo_Yana","twitter_site":"@Jo_Yana","twitter_misc":{"Written by":"Jo Yana","Est. reading time":"1 minute"},"schema":{"@context":"https:\/\/schema.org","@graph":[{"@type":"Article","@id":"https:\/\/www.joyana.fr\/en\/suspension-design-untitled-paola-pivi\/104971\/#article","isPartOf":{"@id":"https:\/\/www.joyana.fr\/en\/suspension-design-untitled-paola-pivi\/104971\/"},"author":{"name":"Jo Yana","@id":"https:\/\/joyana.fr\/#\/schema\/person\/cf2a1ad12a27c12c21801075bf37407c"},"headline":"Suspension UNTITLED par Paola PIVI","datePublished":"2010-11-16T07:41:33+00:00","mainEntityOfPage":{"@id":"https:\/\/www.joyana.fr\/en\/suspension-design-untitled-paola-pivi\/104971\/"},"wordCount":314,"commentCount":0,"publisher":{"@id":"https:\/\/joyana.fr\/#\/schema\/person\/cf2a1ad12a27c12c21801075bf37407c"},"image":{"@id":"https:\/\/www.joyana.fr\/en\/suspension-design-untitled-paola-pivi\/104971\/#primaryimage"},"thumbnailUrl":"https:\/\/i0.wp.com\/joyana.fr\/wp-content\/uploads\/old\/PAOLA_PIVI_1.jpg?fit=500%2C350&ssl=1","keywords":["Art Contemporain","DESIGN"],"articleSection":["Art Contemporain","DECO-DESIGN","Luminaire","Suspension","Vitra"],"inLanguage":"en-US","potentialAction":[{"@type":"CommentAction","name":"Comment","target":["https:\/\/www.joyana.fr\/en\/suspension-design-untitled-paola-pivi\/104971\/#respond"]}]},{"@type":"WebPage","@id":"https:\/\/www.joyana.fr\/en\/suspension-design-untitled-paola-pivi\/104971\/","url":"https:\/\/www.joyana.fr\/en\/suspension-design-untitled-paola-pivi\/104971\/","name":"Suspension UNTITLED par Paola PIVI - JO YANA","isPartOf":{"@id":"https:\/\/joyana.fr\/#website"},"primaryImageOfPage":{"@id":"https:\/\/www.joyana.fr\/en\/suspension-design-untitled-paola-pivi\/104971\/#primaryimage"},"image":{"@id":"https:\/\/www.joyana.fr\/en\/suspension-design-untitled-paola-pivi\/104971\/#primaryimage"},"thumbnailUrl":"https:\/\/i0.wp.com\/joyana.fr\/wp-content\/uploads\/old\/PAOLA_PIVI_1.jpg?fit=500%2C350&ssl=1","datePublished":"2010-11-16T07:41:33+00:00","breadcrumb":{"@id":"https:\/\/www.joyana.fr\/en\/suspension-design-untitled-paola-pivi\/104971\/#breadcrumb"},"inLanguage":"en-US","potentialAction":[{"@type":"ReadAction","target":["https:\/\/www.joyana.fr\/en\/suspension-design-untitled-paola-pivi\/104971\/"]}]},{"@type":"ImageObject","inLanguage":"en-US","@id":"https:\/\/www.joyana.fr\/en\/suspension-design-untitled-paola-pivi\/104971\/#primaryimage","url":"https:\/\/i0.wp.com\/joyana.fr\/wp-content\/uploads\/old\/PAOLA_PIVI_1.jpg?fit=500%2C350&ssl=1","contentUrl":"https:\/\/i0.wp.com\/joyana.fr\/wp-content\/uploads\/old\/PAOLA_PIVI_1.jpg?fit=500%2C350&ssl=1","width":500,"height":350},{"@type":"BreadcrumbList","@id":"https:\/\/www.joyana.fr\/en\/suspension-design-untitled-paola-pivi\/104971\/#breadcrumb","itemListElement":[{"@type":"ListItem","position":1,"name":"Accueil","item":"https:\/\/joyana.fr\/"},{"@type":"ListItem","position":2,"name":"Suspension UNTITLED par Paola PIVI"}]},{"@type":"WebSite","@id":"https:\/\/joyana.fr\/#website","url":"https:\/\/joyana.fr\/","name":"JO YANA","description":"Blog Mode Homme, Lifestyle, D\u00e9co-Design","publisher":{"@id":"https:\/\/joyana.fr\/#\/schema\/person\/cf2a1ad12a27c12c21801075bf37407c"},"potentialAction":[{"@type":"SearchAction","target":{"@type":"EntryPoint","urlTemplate":"https:\/\/joyana.fr\/?s={search_term_string}"},"query-input":{"@type":"PropertyValueSpecification","valueRequired":true,"valueName":"search_term_string"}}],"inLanguage":"en-US"},{"@type":["Person","Organization"],"@id":"https:\/\/joyana.fr\/#\/schema\/person\/cf2a1ad12a27c12c21801075bf37407c","name":"Jo Yana","image":{"@type":"ImageObject","inLanguage":"en-US","@id":"https:\/\/joyana.fr\/#\/schema\/person\/image\/","url":"https:\/\/i0.wp.com\/joyana.fr\/wp-content\/uploads\/2016\/08\/cropped-joyana-logo-black-360x180.png?fit=343%2C164&ssl=1","contentUrl":"https:\/\/i0.wp.com\/joyana.fr\/wp-content\/uploads\/2016\/08\/cropped-joyana-logo-black-360x180.png?fit=343%2C164&ssl=1","width":343,"height":164,"caption":"Jo Yana"},"logo":{"@id":"https:\/\/joyana.fr\/#\/schema\/person\/image\/"},"description":"Jo Yana est le cr\u00e9ateur et r\u00e9dacteur en chef des sites DECO-DESIGN. Passionn\u00e9 de Design, Mode, Photo, Luxe, Lifestyle, Musique, mais avant tout Blogueur ! Le plaisir de partager l'anime et a comme devise \"POUR L'AMOUR DU BEAU\". Retrouvez le aussi sur son blog personnel - https:\/\/joyana.fr...","sameAs":["https:\/\/joyana.fr\/"],"url":"https:\/\/joyana.fr\/en\/author\/joyana\/"}]}},"author_meta":{"display_name":"Jo Yana","author_link":"https:\/\/joyana.fr\/en\/author\/joyana\/"},"featured_img":"https:\/\/i0.wp.com\/joyana.fr\/wp-content\/uploads\/old\/PAOLA_PIVI_1.jpg?fit=389%2C272&ssl=1","featured_image_src":"https:\/\/i0.wp.com\/joyana.fr\/wp-content\/uploads\/old\/PAOLA_PIVI_1.jpg?resize=500%2C350&ssl=1","featured_image_src_square":"https:\/\/i0.wp.com\/joyana.fr\/wp-content\/uploads\/old\/PAOLA_PIVI_1.jpg?resize=500%2C350&ssl=1","jetpack_featured_media_url":"https:\/\/i0.wp.com\/joyana.fr\/wp-content\/uploads\/old\/PAOLA_PIVI_1.jpg?fit=500%2C350&ssl=1","uagb_featured_image_src":{"full":["https:\/\/i0.wp.com\/joyana.fr\/wp-content\/uploads\/old\/PAOLA_PIVI_1.jpg?fit=500%2C350&ssl=1",500,350,false],"thumbnail":["https:\/\/i0.wp.com\/joyana.fr\/wp-content\/uploads\/old\/PAOLA_PIVI_1.jpg?resize=150%2C150&ssl=1",150,150,true],"medium":["https:\/\/i0.wp.com\/joyana.fr\/wp-content\/uploads\/old\/PAOLA_PIVI_1.jpg?fit=389%2C272&ssl=1",389,272,true],"medium_large":["https:\/\/i0.wp.com\/joyana.fr\/wp-content\/uploads\/old\/PAOLA_PIVI_1.jpg?fit=500%2C350&ssl=1",500,350,true],"large":["https:\/\/i0.wp.com\/joyana.fr\/wp-content\/uploads\/old\/PAOLA_PIVI_1.jpg?fit=500%2C350&ssl=1",500,350,true],"1536x1536":["https:\/\/i0.wp.com\/joyana.fr\/wp-content\/uploads\/old\/PAOLA_PIVI_1.jpg?fit=500%2C350&ssl=1",500,350,true],"2048x2048":["https:\/\/i0.wp.com\/joyana.fr\/wp-content\/uploads\/old\/PAOLA_PIVI_1.jpg?fit=500%2C350&ssl=1",500,350,true],"featured-thumb":["https:\/\/i0.wp.com\/joyana.fr\/wp-content\/uploads\/old\/PAOLA_PIVI_1.jpg?resize=500%2C350&ssl=1",500,350,true],"ab-block-post-grid-landscape":["https:\/\/i0.wp.com\/joyana.fr\/wp-content\/uploads\/old\/PAOLA_PIVI_1.jpg?resize=500%2C350&ssl=1",500,350,true],"ab-block-post-grid-square":["https:\/\/i0.wp.com\/joyana.fr\/wp-content\/uploads\/old\/PAOLA_PIVI_1.jpg?resize=500%2C350&ssl=1",500,350,true],"author-pro-image":["https:\/\/i0.wp.com\/joyana.fr\/wp-content\/uploads\/old\/PAOLA_PIVI_1.jpg?resize=360%2C350&ssl=1",360,350,true],"slider":["https:\/\/i0.wp.com\/joyana.fr\/wp-content\/uploads\/old\/PAOLA_PIVI_1.jpg?resize=500%2C350&ssl=1",500,350,true],"woocommerce_thumbnail":["https:\/\/i0.wp.com\/joyana.fr\/wp-content\/uploads\/old\/PAOLA_PIVI_1.jpg?resize=450%2C350&ssl=1",450,350,true],"woocommerce_single":["https:\/\/i0.wp.com\/joyana.fr\/wp-content\/uploads\/old\/PAOLA_PIVI_1.jpg?fit=500%2C350&ssl=1",500,350,true],"woocommerce_gallery_thumbnail":["https:\/\/i0.wp.com\/joyana.fr\/wp-content\/uploads\/old\/PAOLA_PIVI_1.jpg?resize=180%2C180&ssl=1",180,180,true],"sow-carousel-default":["https:\/\/i0.wp.com\/joyana.fr\/wp-content\/uploads\/old\/PAOLA_PIVI_1.jpg?resize=272%2C182&ssl=1",272,182,true]},"uagb_author_info":{"display_name":"Jo Yana","author_link":"https:\/\/joyana.fr\/en\/author\/joyana\/"},"uagb_comment_info":21,"uagb_excerpt":"La galerie Emmanuel Perrotin pr\u00e9sente actuellement l&#8217;exposition de Paola Pivi &#8211; intitul\u00e9e &#8220;What goes round &#8211; art comes round&#8221; &#8211; dont font parties les suspensions UNTITLED, enti\u00e8rement compos\u00e9es de miniatures Vitra&#8230; C&#8217;est du 6 Novembre au 23 D\u00e9cembre 2010 que vous aurez la chance d&#8217;admirer les suspensions UNTITLED &#8211; sign\u00e9es par Paola Pivi &#8211; \u00e0&hellip;","coauthors":[],"tax_additional":{"categories":{"linked":["<a href=\"https:\/\/joyana.fr\/en\/category\/deco-design\/actualite\/art-contemporain\/\" class=\"advgb-post-tax-term\">Art Contemporain<\/a>","<a href=\"https:\/\/joyana.fr\/en\/category\/deco-design\/\" class=\"advgb-post-tax-term\">DECO-DESIGN<\/a>","<a href=\"https:\/\/joyana.fr\/en\/category\/deco-design\/luminaire\/\" class=\"advgb-post-tax-term\">Luminaire<\/a>","<a href=\"https:\/\/joyana.fr\/en\/category\/deco-design\/luminaire\/suspension\/\" class=\"advgb-post-tax-term\">Suspension<\/a>","<a href=\"https:\/\/joyana.fr\/en\/category\/marques\/vitra\/\" class=\"advgb-post-tax-term\">Vitra<\/a>"],"unlinked":["<span class=\"advgb-post-tax-term\">Art Contemporain<\/span>","<span class=\"advgb-post-tax-term\">DECO-DESIGN<\/span>","<span class=\"advgb-post-tax-term\">Luminaire<\/span>","<span class=\"advgb-post-tax-term\">Suspension<\/span>","<span class=\"advgb-post-tax-term\">Vitra<\/span>"]},"tags":{"linked":["<a href=\"https:\/\/joyana.fr\/en\/category\/marques\/vitra\/\" class=\"advgb-post-tax-term\">Art Contemporain<\/a>","<a href=\"https:\/\/joyana.fr\/en\/category\/marques\/vitra\/\" class=\"advgb-post-tax-term\">DESIGN<\/a>"],"unlinked":["<span class=\"advgb-post-tax-term\">Art Contemporain<\/span>","<span class=\"advgb-post-tax-term\">DESIGN<\/span>"]}},"comment_count":21,"relative_dates":{"created":"Posted 15 years ago","modified":"Updated 15 years ago"},"absolute_dates":{"created":"Posted on 16 November 2010","modified":"Updated on 16 November 2010"},"absolute_dates_time":{"created":"Posted on 16 November 2010 8:41","modified":"Updated on 16 November 2010 8:41"},"featured_img_caption":"","series_order":"","jetpack_sharing_enabled":true,"jetpack_shortlink":"https:\/\/wp.me\/p9bteI-rj5","jetpack-related-posts":[],"_links":{"self":[{"href":"https:\/\/joyana.fr\/en\/wp-json\/wp\/v2\/posts\/104971","targetHints":{"allow":["GET"]}}],"collection":[{"href":"https:\/\/joyana.fr\/en\/wp-json\/wp\/v2\/posts"}],"about":[{"href":"https:\/\/joyana.fr\/en\/wp-json\/wp\/v2\/types\/post"}],"author":[{"embeddable":true,"href":"https:\/\/joyana.fr\/en\/wp-json\/wp\/v2\/users\/3"}],"replies":[{"embeddable":true,"href":"https:\/\/joyana.fr\/en\/wp-json\/wp\/v2\/comments?post=104971"}],"version-history":[{"count":0,"href":"https:\/\/joyana.fr\/en\/wp-json\/wp\/v2\/posts\/104971\/revisions"}],"wp:featuredmedia":[{"embeddable":true,"href":"https:\/\/joyana.fr\/en\/wp-json\/wp\/v2\/media\/104972"}],"wp:attachment":[{"href":"https:\/\/joyana.fr\/en\/wp-json\/wp\/v2\/media?parent=104971"}],"wp:term":[{"taxonomy":"category","embeddable":true,"href":"https:\/\/joyana.fr\/en\/wp-json\/wp\/v2\/categories?post=104971"},{"taxonomy":"post_tag","embeddable":true,"href":"https:\/\/joyana.fr\/en\/wp-json\/wp\/v2\/tags?post=104971"}],"curies":[{"name":"wp","href":"https:\/\/api.w.org\/{rel}","templated":true}]}}