{"id":105386,"date":"2010-12-30T08:30:08","date_gmt":"2010-12-30T07:30:08","guid":{"rendered":"https:\/\/joyana.fr\/?p=5386"},"modified":"2010-12-30T08:30:08","modified_gmt":"2010-12-30T07:30:08","slug":"suspension-led-net-michele-de-lucchi-alberto-nasonartemide","status":"publish","type":"post","link":"https:\/\/joyana.fr\/en\/suspension-led-net-michele-de-lucchi-alberto-nasonartemide\/105386\/","title":{"rendered":"Suspension LED NET par Michele DE LUCCHI &#038; Alberto NASON"},"content":{"rendered":"<p><strong>Michele De Lucchi<\/strong> et <strong>Alberto NASON<\/strong> dessinent une nouvelle <strong>suspension<\/strong> pour <strong>Artemide<\/strong>, un <strong>luminaire<\/strong> intitul\u00e9 <strong>LED NET<\/strong>&#8230;<\/p>\n<p><img data-recalc-dims=\"1\" fetchpriority=\"high\" decoding=\"async\" class=\"alignnone size-full wp-image-5391\" title=\"Suspension LED NET par Michele DE LUCCHI pour ARTEMIDE\" src=\"https:\/\/i0.wp.com\/joyana.fr\/wp-content\/uploads\/LED_NET_ARTEMIDE_MICHELE_DE_LUCCHI_DECODESIGN.jpg?resize=576%2C350&#038;ssl=1\" alt=\"\" width=\"576\" height=\"350\" \/><\/p>\n<p>La nouvelle <strong>suspension Artemide<\/strong> <strong>LED Net<\/strong> arbore des formes qui semblent \u00eatre al\u00e9atoires, mais les designers y font ressortir une harmonie qui nous fait penser \u00e0 un flocon de neige&#8230; <strong>LED NET<\/strong> sera disponible en deux versions : <strong>Michele De Lucchi<\/strong> a con\u00e7u une variante en forme de cercle, tandis que le mod\u00e8le d&#8217;<strong>Alberto Nason<\/strong> et une ligne asym\u00e9trique avec une longueur de 1,20 m\u00e8tres.<\/p>\n<p>La structure de base dans les deux versions de <strong>LED NET<\/strong> est la m\u00eame : Une structure en aluminium dispos\u00e9s en groupes de trois \u00e9l\u00e9ments. Concernant la luminosit\u00e9 de la suspensions, les 18 et \u00e0 28 points de lumi\u00e8re sont constitu\u00e9s chacun d&#8217;une <strong>LED<\/strong>. La lampe est recouvert d&#8217;une lentille en plastique transparent, de la m\u00e9thacrylate&#8230;<\/p>\n<p><img data-recalc-dims=\"1\" decoding=\"async\" class=\"alignnone size-full wp-image-5394\" title=\"LED NET ARTEMIDE MICHELE DE LUCCHI NASON \" src=\"https:\/\/i0.wp.com\/joyana.fr\/wp-content\/uploads\/LED_NET_ARTEMIDE_MICHELE_DE_LUCCHI_LARGE.jpg?resize=576%2C815&#038;ssl=1\" alt=\"\" width=\"576\" height=\"815\" \/><\/p>\n<p><img data-recalc-dims=\"1\" decoding=\"async\" data-attachment-id=\"5389\" data-permalink=\"https:\/\/joyana.fr\/en\/italia-independent-lookbook-springsummer-2013\/5372\/italia-new-capture-decran-2013-04-19-a-07-19-08\/\" data-orig-file=\"https:\/\/i0.wp.com\/joyana.fr\/wp-content\/uploads\/2013\/04\/italia-new-Capture-d%E2%80%99%C3%A9cran-2013-04-19-%C3%A0-07.19.08.jpg?fit=650%2C921&amp;ssl=1\" data-orig-size=\"650,921\" data-comments-opened=\"1\" data-image-meta=\"{&quot;aperture&quot;:&quot;0&quot;,&quot;credit&quot;:&quot;&quot;,&quot;camera&quot;:&quot;&quot;,&quot;caption&quot;:&quot;&quot;,&quot;created_timestamp&quot;:&quot;0&quot;,&quot;copyright&quot;:&quot;&quot;,&quot;focal_length&quot;:&quot;0&quot;,&quot;iso&quot;:&quot;0&quot;,&quot;shutter_speed&quot;:&quot;0&quot;,&quot;title&quot;:&quot;&quot;,&quot;orientation&quot;:&quot;0&quot;}\" data-image-title=\"ITALIA INDEPENDENT LookBook Spring\/Summer 2013\" data-image-description=\"&lt;p&gt;ITALIA INDEPENDENT LookBook Spring\/Summer 2013&lt;\/p&gt;\n\" data-image-caption=\"\" data-medium-file=\"https:\/\/i0.wp.com\/joyana.fr\/wp-content\/uploads\/2013\/04\/italia-new-Capture-d%E2%80%99%C3%A9cran-2013-04-19-%C3%A0-07.19.08.jpg?fit=275%2C389&amp;ssl=1\" data-large-file=\"https:\/\/i0.wp.com\/joyana.fr\/wp-content\/uploads\/2013\/04\/italia-new-Capture-d%E2%80%99%C3%A9cran-2013-04-19-%C3%A0-07.19.08.jpg?fit=650%2C921&amp;ssl=1\" class=\"alignnone size-full wp-image-5389\" title=\"Suspension LED NET par Michele DE LUCCHI pour ARTEMIDE\" src=\"https:\/\/i0.wp.com\/joyana.fr\/wp-content\/uploads\/LED_NET_ARTEMIDE_MICHELE_DE_LUCCHI_4.jpeg?resize=576%2C318&#038;ssl=1\" alt=\"\" width=\"576\" height=\"318\" \/><\/p>\n<p><img data-recalc-dims=\"1\" loading=\"lazy\" decoding=\"async\" class=\"alignnone size-full wp-image-5390\" title=\"Suspension LED NET par Michele DE LUCCHI pour ARTEMIDE\" src=\"https:\/\/i0.wp.com\/joyana.fr\/wp-content\/uploads\/LED_NET_ARTEMIDE_MICHELE_DE_LUCCHI_54.jpeg?resize=576%2C318&#038;ssl=1\" alt=\"\" width=\"576\" height=\"318\" \/><\/p>\n<p>En savoir + sur <a title=\"ARTEMIDE\" href=\"http:\/\/www.artemide.com\/\"><strong>ARTEMIDE<\/strong><\/a> &#038; <a title=\"MICHELE DE LUCCHI\" href=\"http:\/\/www.micheledelucchi.com\/\"><strong>Michele DE LUCCHI<\/strong><\/a><\/p>\n","protected":false},"excerpt":{"rendered":"<p>Michele De Lucchi et Alberto NASON dessinent une nouvelle suspension pour Artemide, un luminaire intitul\u00e9 LED NET&#8230; La nouvelle suspension Artemide LED Net arbore des formes qui semblent \u00eatre al\u00e9atoires, mais les designers y font ressortir une harmonie qui nous fait penser \u00e0 un flocon de neige&#8230; LED NET sera disponible en deux versions : [&hellip;]<\/p>\n","protected":false},"author":3,"featured_media":105394,"comment_status":"open","ping_status":"open","sticky":false,"template":"","format":"standard","meta":{"_coblocks_attr":"","_coblocks_dimensions":"","_coblocks_responsive_height":"","_coblocks_accordion_ie_support":"","_uag_custom_page_level_css":"","advgb_blocks_editor_width":"","advgb_blocks_columns_visual_guide":"","_genesis_hide_title":false,"_genesis_hide_breadcrumbs":false,"_genesis_hide_singular_image":false,"_genesis_hide_footer_widgets":false,"_genesis_custom_body_class":"","_genesis_custom_post_class":"","_genesis_layout":"","_themeisle_gutenberg_block_has_review":false,"_jetpack_newsletter_access":"","_jetpack_dont_email_post_to_subs":false,"_jetpack_newsletter_tier_id":0,"_jetpack_memberships_contains_paywalled_content":false,"_jetpack_memberships_contains_paid_content":false,"footnotes":""},"categories":[1043,905,917,1023],"tags":[78,952],"class_list":{"0":"post-105386","1":"post","2":"type-post","3":"status-publish","4":"format-standard","5":"has-post-thumbnail","7":"category-artemide","8":"category-deco-design","9":"category-luminaire","10":"category-suspension","11":"tag-design","12":"tag-led","13":"entry"},"featured_image_urls":{"full":["https:\/\/i0.wp.com\/joyana.fr\/wp-content\/uploads\/old\/LED_NET_ARTEMIDE_MICHELE_DE_LUCCHI_LARGE.jpg?fit=576%2C815&ssl=1",576,815,false],"thumbnail":["https:\/\/i0.wp.com\/joyana.fr\/wp-content\/uploads\/old\/LED_NET_ARTEMIDE_MICHELE_DE_LUCCHI_LARGE.jpg?resize=150%2C150&ssl=1",150,150,true],"medium":["https:\/\/i0.wp.com\/joyana.fr\/wp-content\/uploads\/old\/LED_NET_ARTEMIDE_MICHELE_DE_LUCCHI_LARGE.jpg?fit=275%2C389&ssl=1",275,389,true],"medium_large":["https:\/\/i0.wp.com\/joyana.fr\/wp-content\/uploads\/old\/LED_NET_ARTEMIDE_MICHELE_DE_LUCCHI_LARGE.jpg?fit=576%2C815&ssl=1",576,815,true],"large":["https:\/\/i0.wp.com\/joyana.fr\/wp-content\/uploads\/old\/LED_NET_ARTEMIDE_MICHELE_DE_LUCCHI_LARGE.jpg?fit=576%2C815&ssl=1",576,815,true],"1536x1536":["https:\/\/i0.wp.com\/joyana.fr\/wp-content\/uploads\/old\/LED_NET_ARTEMIDE_MICHELE_DE_LUCCHI_LARGE.jpg?fit=576%2C815&ssl=1",576,815,true],"2048x2048":["https:\/\/i0.wp.com\/joyana.fr\/wp-content\/uploads\/old\/LED_NET_ARTEMIDE_MICHELE_DE_LUCCHI_LARGE.jpg?fit=576%2C815&ssl=1",576,815,true],"featured-thumb":["https:\/\/i0.wp.com\/joyana.fr\/wp-content\/uploads\/old\/LED_NET_ARTEMIDE_MICHELE_DE_LUCCHI_LARGE.jpg?resize=576%2C750&ssl=1",576,750,true],"ab-block-post-grid-landscape":["https:\/\/i0.wp.com\/joyana.fr\/wp-content\/uploads\/old\/LED_NET_ARTEMIDE_MICHELE_DE_LUCCHI_LARGE.jpg?resize=576%2C400&ssl=1",576,400,true],"ab-block-post-grid-square":["https:\/\/i0.wp.com\/joyana.fr\/wp-content\/uploads\/old\/LED_NET_ARTEMIDE_MICHELE_DE_LUCCHI_LARGE.jpg?resize=576%2C600&ssl=1",576,600,true],"author-pro-image":["https:\/\/i0.wp.com\/joyana.fr\/wp-content\/uploads\/old\/LED_NET_ARTEMIDE_MICHELE_DE_LUCCHI_LARGE.jpg?resize=360%2C570&ssl=1",360,570,true],"slider":["https:\/\/i0.wp.com\/joyana.fr\/wp-content\/uploads\/old\/LED_NET_ARTEMIDE_MICHELE_DE_LUCCHI_LARGE.jpg?resize=576%2C400&ssl=1",576,400,true],"woocommerce_thumbnail":["https:\/\/i0.wp.com\/joyana.fr\/wp-content\/uploads\/old\/LED_NET_ARTEMIDE_MICHELE_DE_LUCCHI_LARGE.jpg?resize=450%2C450&ssl=1",450,450,true],"woocommerce_single":["https:\/\/i0.wp.com\/joyana.fr\/wp-content\/uploads\/old\/LED_NET_ARTEMIDE_MICHELE_DE_LUCCHI_LARGE.jpg?fit=576%2C815&ssl=1",576,815,true],"woocommerce_gallery_thumbnail":["https:\/\/i0.wp.com\/joyana.fr\/wp-content\/uploads\/old\/LED_NET_ARTEMIDE_MICHELE_DE_LUCCHI_LARGE.jpg?resize=180%2C180&ssl=1",180,180,true],"sow-carousel-default":["https:\/\/i0.wp.com\/joyana.fr\/wp-content\/uploads\/old\/LED_NET_ARTEMIDE_MICHELE_DE_LUCCHI_LARGE.jpg?resize=272%2C182&ssl=1",272,182,true]},"post_excerpt_stackable":"<p>Michele De Lucchi et Alberto NASON dessinent une nouvelle suspension pour Artemide, un luminaire intitul\u00e9 LED NET&#8230; La nouvelle suspension Artemide LED Net arbore des formes qui semblent \u00eatre al\u00e9atoires, mais les designers y font ressortir une harmonie qui nous fait penser \u00e0 un flocon de neige&#8230; LED NET sera disponible en deux versions : Michele De Lucchi a con\u00e7u une variante en forme de cercle, tandis que le mod\u00e8le d&#8217;Alberto Nason et une ligne asym\u00e9trique avec une longueur de 1,20 m\u00e8tres. La structure de base dans les deux versions de LED NET est la m\u00eame : Une structure en&hellip;<\/p>\n","category_list":"<a href=\"https:\/\/joyana.fr\/en\/category\/marques\/artemide\/\" rel=\"category tag\">Artemide<\/a>, <a href=\"https:\/\/joyana.fr\/en\/category\/deco-design\/\" rel=\"category tag\">DECO-DESIGN<\/a>, <a href=\"https:\/\/joyana.fr\/en\/category\/deco-design\/luminaire\/\" rel=\"category tag\">Luminaire<\/a>, <a href=\"https:\/\/joyana.fr\/en\/category\/deco-design\/luminaire\/suspension\/\" rel=\"category tag\">Suspension<\/a>","author_info":{"display_name":"Jo Yana","author_link":"https:\/\/joyana.fr\/en\/author\/joyana\/"},"comments_num":"29 comments","featured_image_urls_v2":{"full":["https:\/\/i0.wp.com\/joyana.fr\/wp-content\/uploads\/old\/LED_NET_ARTEMIDE_MICHELE_DE_LUCCHI_LARGE.jpg?fit=576%2C815&ssl=1",576,815,false],"thumbnail":["https:\/\/i0.wp.com\/joyana.fr\/wp-content\/uploads\/old\/LED_NET_ARTEMIDE_MICHELE_DE_LUCCHI_LARGE.jpg?resize=150%2C150&ssl=1",150,150,true],"medium":["https:\/\/i0.wp.com\/joyana.fr\/wp-content\/uploads\/old\/LED_NET_ARTEMIDE_MICHELE_DE_LUCCHI_LARGE.jpg?fit=275%2C389&ssl=1",275,389,true],"medium_large":["https:\/\/i0.wp.com\/joyana.fr\/wp-content\/uploads\/old\/LED_NET_ARTEMIDE_MICHELE_DE_LUCCHI_LARGE.jpg?fit=576%2C815&ssl=1",576,815,true],"large":["https:\/\/i0.wp.com\/joyana.fr\/wp-content\/uploads\/old\/LED_NET_ARTEMIDE_MICHELE_DE_LUCCHI_LARGE.jpg?fit=576%2C815&ssl=1",576,815,true],"1536x1536":["https:\/\/i0.wp.com\/joyana.fr\/wp-content\/uploads\/old\/LED_NET_ARTEMIDE_MICHELE_DE_LUCCHI_LARGE.jpg?fit=576%2C815&ssl=1",576,815,true],"2048x2048":["https:\/\/i0.wp.com\/joyana.fr\/wp-content\/uploads\/old\/LED_NET_ARTEMIDE_MICHELE_DE_LUCCHI_LARGE.jpg?fit=576%2C815&ssl=1",576,815,true],"featured-thumb":["https:\/\/i0.wp.com\/joyana.fr\/wp-content\/uploads\/old\/LED_NET_ARTEMIDE_MICHELE_DE_LUCCHI_LARGE.jpg?resize=576%2C750&ssl=1",576,750,true],"ab-block-post-grid-landscape":["https:\/\/i0.wp.com\/joyana.fr\/wp-content\/uploads\/old\/LED_NET_ARTEMIDE_MICHELE_DE_LUCCHI_LARGE.jpg?resize=576%2C400&ssl=1",576,400,true],"ab-block-post-grid-square":["https:\/\/i0.wp.com\/joyana.fr\/wp-content\/uploads\/old\/LED_NET_ARTEMIDE_MICHELE_DE_LUCCHI_LARGE.jpg?resize=576%2C600&ssl=1",576,600,true],"author-pro-image":["https:\/\/i0.wp.com\/joyana.fr\/wp-content\/uploads\/old\/LED_NET_ARTEMIDE_MICHELE_DE_LUCCHI_LARGE.jpg?resize=360%2C570&ssl=1",360,570,true],"slider":["https:\/\/i0.wp.com\/joyana.fr\/wp-content\/uploads\/old\/LED_NET_ARTEMIDE_MICHELE_DE_LUCCHI_LARGE.jpg?resize=576%2C400&ssl=1",576,400,true],"woocommerce_thumbnail":["https:\/\/i0.wp.com\/joyana.fr\/wp-content\/uploads\/old\/LED_NET_ARTEMIDE_MICHELE_DE_LUCCHI_LARGE.jpg?resize=450%2C450&ssl=1",450,450,true],"woocommerce_single":["https:\/\/i0.wp.com\/joyana.fr\/wp-content\/uploads\/old\/LED_NET_ARTEMIDE_MICHELE_DE_LUCCHI_LARGE.jpg?fit=576%2C815&ssl=1",576,815,true],"woocommerce_gallery_thumbnail":["https:\/\/i0.wp.com\/joyana.fr\/wp-content\/uploads\/old\/LED_NET_ARTEMIDE_MICHELE_DE_LUCCHI_LARGE.jpg?resize=180%2C180&ssl=1",180,180,true],"sow-carousel-default":["https:\/\/i0.wp.com\/joyana.fr\/wp-content\/uploads\/old\/LED_NET_ARTEMIDE_MICHELE_DE_LUCCHI_LARGE.jpg?resize=272%2C182&ssl=1",272,182,true]},"post_excerpt_stackable_v2":"<p>Michele De Lucchi et Alberto NASON dessinent une nouvelle suspension pour Artemide, un luminaire intitul\u00e9 LED NET&#8230; La nouvelle suspension Artemide LED Net arbore des formes qui semblent \u00eatre al\u00e9atoires, mais les designers y font ressortir une harmonie qui nous fait penser \u00e0 un flocon de neige&#8230; LED NET sera disponible en deux versions : Michele De Lucchi a con\u00e7u une variante en forme de cercle, tandis que le mod\u00e8le d&#8217;Alberto Nason et une ligne asym\u00e9trique avec une longueur de 1,20 m\u00e8tres. La structure de base dans les deux versions de LED NET est la m\u00eame : Une structure en&hellip;<\/p>\n","category_list_v2":"<a href=\"https:\/\/joyana.fr\/en\/category\/marques\/artemide\/\" rel=\"category tag\">Artemide<\/a>, <a href=\"https:\/\/joyana.fr\/en\/category\/deco-design\/\" rel=\"category tag\">DECO-DESIGN<\/a>, <a href=\"https:\/\/joyana.fr\/en\/category\/deco-design\/luminaire\/\" rel=\"category tag\">Luminaire<\/a>, <a href=\"https:\/\/joyana.fr\/en\/category\/deco-design\/luminaire\/suspension\/\" rel=\"category tag\">Suspension<\/a>","author_info_v2":{"name":"Jo Yana","url":"https:\/\/joyana.fr\/en\/author\/joyana\/"},"comments_num_v2":"29 comments","yoast_head":"<!-- This site is optimized with the Yoast SEO plugin v26.8 - https:\/\/yoast.com\/product\/yoast-seo-wordpress\/ -->\n<title>Suspension LED NET par Michele DE LUCCHI &amp; Alberto NASON - JO YANA<\/title>\n<meta name=\"robots\" content=\"index, follow, max-snippet:-1, max-image-preview:large, max-video-preview:-1\" \/>\n<link rel=\"canonical\" href=\"https:\/\/joyana.fr\/en\/suspension-led-net-michele-de-lucchi-alberto-nasonartemide\/105386\/\" \/>\n<meta property=\"og:locale\" content=\"en_US\" \/>\n<meta property=\"og:locale:alternate\" content=\"fr_FR\" \/>\n<meta property=\"og:locale:alternate\" content=\"ja\" \/>\n<meta property=\"og:type\" content=\"article\" \/>\n<meta property=\"og:title\" content=\"Suspension LED NET par Michele DE LUCCHI &amp; Alberto NASON - JO YANA\" \/>\n<meta property=\"og:description\" content=\"Michele De Lucchi et Alberto NASON dessinent une nouvelle suspension pour Artemide, un luminaire intitul\u00e9 LED NET&#8230; La nouvelle suspension Artemide LED Net arbore des formes qui semblent \u00eatre al\u00e9atoires, mais les designers y font ressortir une harmonie qui nous fait penser \u00e0 un flocon de neige&#8230; LED NET sera disponible en deux versions : [&hellip;]\" \/>\n<meta property=\"og:url\" content=\"https:\/\/joyana.fr\/en\/suspension-led-net-michele-de-lucchi-alberto-nasonartemide\/105386\/\" \/>\n<meta property=\"og:site_name\" content=\"JO YANA\" \/>\n<meta property=\"article:published_time\" content=\"2010-12-30T07:30:08+00:00\" \/>\n<meta property=\"og:image\" content=\"https:\/\/i0.wp.com\/joyana.fr\/wp-content\/uploads\/old\/LED_NET_ARTEMIDE_MICHELE_DE_LUCCHI_LARGE.jpg?fit=576%2C815&ssl=1\" \/>\n\t<meta property=\"og:image:width\" content=\"576\" \/>\n\t<meta property=\"og:image:height\" content=\"815\" \/>\n\t<meta property=\"og:image:type\" content=\"image\/jpeg\" \/>\n<meta name=\"author\" content=\"Jo Yana\" \/>\n<meta name=\"twitter:card\" content=\"summary_large_image\" \/>\n<meta name=\"twitter:creator\" content=\"@Jo_Yana\" \/>\n<meta name=\"twitter:site\" content=\"@Jo_Yana\" \/>\n<meta name=\"twitter:label1\" content=\"Written by\" \/>\n\t<meta name=\"twitter:data1\" content=\"Jo Yana\" \/>\n\t<meta name=\"twitter:label2\" content=\"Est. reading time\" \/>\n\t<meta name=\"twitter:data2\" content=\"1 minute\" \/>\n<script type=\"application\/ld+json\" class=\"yoast-schema-graph\">{\"@context\":\"https:\/\/schema.org\",\"@graph\":[{\"@type\":\"Article\",\"@id\":\"https:\/\/joyana.fr\/ja\/suspension-led-net-michele-de-lucchi-alberto-nasonartemide\/105386\/#article\",\"isPartOf\":{\"@id\":\"https:\/\/joyana.fr\/ja\/suspension-led-net-michele-de-lucchi-alberto-nasonartemide\/105386\/\"},\"author\":{\"name\":\"Jo Yana\",\"@id\":\"https:\/\/joyana.fr\/#\/schema\/person\/cf2a1ad12a27c12c21801075bf37407c\"},\"headline\":\"Suspension LED NET par Michele DE LUCCHI &#038; Alberto NASON\",\"datePublished\":\"2010-12-30T07:30:08+00:00\",\"mainEntityOfPage\":{\"@id\":\"https:\/\/joyana.fr\/ja\/suspension-led-net-michele-de-lucchi-alberto-nasonartemide\/105386\/\"},\"wordCount\":161,\"commentCount\":0,\"publisher\":{\"@id\":\"https:\/\/joyana.fr\/#\/schema\/person\/cf2a1ad12a27c12c21801075bf37407c\"},\"image\":{\"@id\":\"https:\/\/joyana.fr\/ja\/suspension-led-net-michele-de-lucchi-alberto-nasonartemide\/105386\/#primaryimage\"},\"thumbnailUrl\":\"https:\/\/i0.wp.com\/joyana.fr\/wp-content\/uploads\/old\/LED_NET_ARTEMIDE_MICHELE_DE_LUCCHI_LARGE.jpg?fit=576%2C815&ssl=1\",\"keywords\":[\"DESIGN\",\"LED\"],\"articleSection\":[\"Artemide\",\"DECO-DESIGN\",\"Luminaire\",\"Suspension\"],\"inLanguage\":\"en-US\",\"potentialAction\":[{\"@type\":\"CommentAction\",\"name\":\"Comment\",\"target\":[\"https:\/\/joyana.fr\/ja\/suspension-led-net-michele-de-lucchi-alberto-nasonartemide\/105386\/#respond\"]}]},{\"@type\":\"WebPage\",\"@id\":\"https:\/\/joyana.fr\/ja\/suspension-led-net-michele-de-lucchi-alberto-nasonartemide\/105386\/\",\"url\":\"https:\/\/joyana.fr\/ja\/suspension-led-net-michele-de-lucchi-alberto-nasonartemide\/105386\/\",\"name\":\"Suspension LED NET par Michele DE LUCCHI & Alberto NASON - JO YANA\",\"isPartOf\":{\"@id\":\"https:\/\/joyana.fr\/#website\"},\"primaryImageOfPage\":{\"@id\":\"https:\/\/joyana.fr\/ja\/suspension-led-net-michele-de-lucchi-alberto-nasonartemide\/105386\/#primaryimage\"},\"image\":{\"@id\":\"https:\/\/joyana.fr\/ja\/suspension-led-net-michele-de-lucchi-alberto-nasonartemide\/105386\/#primaryimage\"},\"thumbnailUrl\":\"https:\/\/i0.wp.com\/joyana.fr\/wp-content\/uploads\/old\/LED_NET_ARTEMIDE_MICHELE_DE_LUCCHI_LARGE.jpg?fit=576%2C815&ssl=1\",\"datePublished\":\"2010-12-30T07:30:08+00:00\",\"breadcrumb\":{\"@id\":\"https:\/\/joyana.fr\/ja\/suspension-led-net-michele-de-lucchi-alberto-nasonartemide\/105386\/#breadcrumb\"},\"inLanguage\":\"en-US\",\"potentialAction\":[{\"@type\":\"ReadAction\",\"target\":[\"https:\/\/joyana.fr\/ja\/suspension-led-net-michele-de-lucchi-alberto-nasonartemide\/105386\/\"]}]},{\"@type\":\"ImageObject\",\"inLanguage\":\"en-US\",\"@id\":\"https:\/\/joyana.fr\/ja\/suspension-led-net-michele-de-lucchi-alberto-nasonartemide\/105386\/#primaryimage\",\"url\":\"https:\/\/i0.wp.com\/joyana.fr\/wp-content\/uploads\/old\/LED_NET_ARTEMIDE_MICHELE_DE_LUCCHI_LARGE.jpg?fit=576%2C815&ssl=1\",\"contentUrl\":\"https:\/\/i0.wp.com\/joyana.fr\/wp-content\/uploads\/old\/LED_NET_ARTEMIDE_MICHELE_DE_LUCCHI_LARGE.jpg?fit=576%2C815&ssl=1\",\"width\":576,\"height\":815},{\"@type\":\"BreadcrumbList\",\"@id\":\"https:\/\/joyana.fr\/ja\/suspension-led-net-michele-de-lucchi-alberto-nasonartemide\/105386\/#breadcrumb\",\"itemListElement\":[{\"@type\":\"ListItem\",\"position\":1,\"name\":\"Accueil\",\"item\":\"https:\/\/joyana.fr\/\"},{\"@type\":\"ListItem\",\"position\":2,\"name\":\"Suspension LED NET par Michele DE LUCCHI &#038; Alberto NASON\"}]},{\"@type\":\"WebSite\",\"@id\":\"https:\/\/joyana.fr\/#website\",\"url\":\"https:\/\/joyana.fr\/\",\"name\":\"JO YANA\",\"description\":\"Blog Mode Homme, Lifestyle, D\u00e9co-Design\",\"publisher\":{\"@id\":\"https:\/\/joyana.fr\/#\/schema\/person\/cf2a1ad12a27c12c21801075bf37407c\"},\"potentialAction\":[{\"@type\":\"SearchAction\",\"target\":{\"@type\":\"EntryPoint\",\"urlTemplate\":\"https:\/\/joyana.fr\/?s={search_term_string}\"},\"query-input\":{\"@type\":\"PropertyValueSpecification\",\"valueRequired\":true,\"valueName\":\"search_term_string\"}}],\"inLanguage\":\"en-US\"},{\"@type\":[\"Person\",\"Organization\"],\"@id\":\"https:\/\/joyana.fr\/#\/schema\/person\/cf2a1ad12a27c12c21801075bf37407c\",\"name\":\"Jo Yana\",\"image\":{\"@type\":\"ImageObject\",\"inLanguage\":\"en-US\",\"@id\":\"https:\/\/joyana.fr\/#\/schema\/person\/image\/\",\"url\":\"https:\/\/i0.wp.com\/joyana.fr\/wp-content\/uploads\/2016\/08\/cropped-joyana-logo-black-360x180.png?fit=343%2C164&ssl=1\",\"contentUrl\":\"https:\/\/i0.wp.com\/joyana.fr\/wp-content\/uploads\/2016\/08\/cropped-joyana-logo-black-360x180.png?fit=343%2C164&ssl=1\",\"width\":343,\"height\":164,\"caption\":\"Jo Yana\"},\"logo\":{\"@id\":\"https:\/\/joyana.fr\/#\/schema\/person\/image\/\"},\"description\":\"Jo Yana est le cr\u00e9ateur et r\u00e9dacteur en chef des sites DECO-DESIGN. Passionn\u00e9 de Design, Mode, Photo, Luxe, Lifestyle, Musique, mais avant tout Blogueur ! Le plaisir de partager l'anime et a comme devise \\\"POUR L'AMOUR DU BEAU\\\". Retrouvez le aussi sur son blog personnel - https:\/\/joyana.fr...\",\"sameAs\":[\"https:\/\/joyana.fr\/\"],\"url\":\"https:\/\/joyana.fr\/en\/author\/joyana\/\"}]}<\/script>\n<!-- \/ Yoast SEO plugin. -->","yoast_head_json":{"title":"Suspension LED NET par Michele DE LUCCHI & Alberto NASON - JO YANA","robots":{"index":"index","follow":"follow","max-snippet":"max-snippet:-1","max-image-preview":"max-image-preview:large","max-video-preview":"max-video-preview:-1"},"canonical":"https:\/\/joyana.fr\/en\/suspension-led-net-michele-de-lucchi-alberto-nasonartemide\/105386\/","og_locale":"en_US","og_type":"article","og_title":"Suspension LED NET par Michele DE LUCCHI & Alberto NASON - JO YANA","og_description":"Michele De Lucchi et Alberto NASON dessinent une nouvelle suspension pour Artemide, un luminaire intitul\u00e9 LED NET&#8230; La nouvelle suspension Artemide LED Net arbore des formes qui semblent \u00eatre al\u00e9atoires, mais les designers y font ressortir une harmonie qui nous fait penser \u00e0 un flocon de neige&#8230; LED NET sera disponible en deux versions : [&hellip;]","og_url":"https:\/\/joyana.fr\/en\/suspension-led-net-michele-de-lucchi-alberto-nasonartemide\/105386\/","og_site_name":"JO YANA","article_published_time":"2010-12-30T07:30:08+00:00","og_image":[{"width":576,"height":815,"url":"https:\/\/i0.wp.com\/joyana.fr\/wp-content\/uploads\/old\/LED_NET_ARTEMIDE_MICHELE_DE_LUCCHI_LARGE.jpg?fit=576%2C815&ssl=1","type":"image\/jpeg"}],"author":"Jo Yana","twitter_card":"summary_large_image","twitter_creator":"@Jo_Yana","twitter_site":"@Jo_Yana","twitter_misc":{"Written by":"Jo Yana","Est. reading time":"1 minute"},"schema":{"@context":"https:\/\/schema.org","@graph":[{"@type":"Article","@id":"https:\/\/joyana.fr\/ja\/suspension-led-net-michele-de-lucchi-alberto-nasonartemide\/105386\/#article","isPartOf":{"@id":"https:\/\/joyana.fr\/ja\/suspension-led-net-michele-de-lucchi-alberto-nasonartemide\/105386\/"},"author":{"name":"Jo Yana","@id":"https:\/\/joyana.fr\/#\/schema\/person\/cf2a1ad12a27c12c21801075bf37407c"},"headline":"Suspension LED NET par Michele DE LUCCHI &#038; Alberto NASON","datePublished":"2010-12-30T07:30:08+00:00","mainEntityOfPage":{"@id":"https:\/\/joyana.fr\/ja\/suspension-led-net-michele-de-lucchi-alberto-nasonartemide\/105386\/"},"wordCount":161,"commentCount":0,"publisher":{"@id":"https:\/\/joyana.fr\/#\/schema\/person\/cf2a1ad12a27c12c21801075bf37407c"},"image":{"@id":"https:\/\/joyana.fr\/ja\/suspension-led-net-michele-de-lucchi-alberto-nasonartemide\/105386\/#primaryimage"},"thumbnailUrl":"https:\/\/i0.wp.com\/joyana.fr\/wp-content\/uploads\/old\/LED_NET_ARTEMIDE_MICHELE_DE_LUCCHI_LARGE.jpg?fit=576%2C815&ssl=1","keywords":["DESIGN","LED"],"articleSection":["Artemide","DECO-DESIGN","Luminaire","Suspension"],"inLanguage":"en-US","potentialAction":[{"@type":"CommentAction","name":"Comment","target":["https:\/\/joyana.fr\/ja\/suspension-led-net-michele-de-lucchi-alberto-nasonartemide\/105386\/#respond"]}]},{"@type":"WebPage","@id":"https:\/\/joyana.fr\/ja\/suspension-led-net-michele-de-lucchi-alberto-nasonartemide\/105386\/","url":"https:\/\/joyana.fr\/ja\/suspension-led-net-michele-de-lucchi-alberto-nasonartemide\/105386\/","name":"Suspension LED NET par Michele DE LUCCHI & Alberto NASON - JO YANA","isPartOf":{"@id":"https:\/\/joyana.fr\/#website"},"primaryImageOfPage":{"@id":"https:\/\/joyana.fr\/ja\/suspension-led-net-michele-de-lucchi-alberto-nasonartemide\/105386\/#primaryimage"},"image":{"@id":"https:\/\/joyana.fr\/ja\/suspension-led-net-michele-de-lucchi-alberto-nasonartemide\/105386\/#primaryimage"},"thumbnailUrl":"https:\/\/i0.wp.com\/joyana.fr\/wp-content\/uploads\/old\/LED_NET_ARTEMIDE_MICHELE_DE_LUCCHI_LARGE.jpg?fit=576%2C815&ssl=1","datePublished":"2010-12-30T07:30:08+00:00","breadcrumb":{"@id":"https:\/\/joyana.fr\/ja\/suspension-led-net-michele-de-lucchi-alberto-nasonartemide\/105386\/#breadcrumb"},"inLanguage":"en-US","potentialAction":[{"@type":"ReadAction","target":["https:\/\/joyana.fr\/ja\/suspension-led-net-michele-de-lucchi-alberto-nasonartemide\/105386\/"]}]},{"@type":"ImageObject","inLanguage":"en-US","@id":"https:\/\/joyana.fr\/ja\/suspension-led-net-michele-de-lucchi-alberto-nasonartemide\/105386\/#primaryimage","url":"https:\/\/i0.wp.com\/joyana.fr\/wp-content\/uploads\/old\/LED_NET_ARTEMIDE_MICHELE_DE_LUCCHI_LARGE.jpg?fit=576%2C815&ssl=1","contentUrl":"https:\/\/i0.wp.com\/joyana.fr\/wp-content\/uploads\/old\/LED_NET_ARTEMIDE_MICHELE_DE_LUCCHI_LARGE.jpg?fit=576%2C815&ssl=1","width":576,"height":815},{"@type":"BreadcrumbList","@id":"https:\/\/joyana.fr\/ja\/suspension-led-net-michele-de-lucchi-alberto-nasonartemide\/105386\/#breadcrumb","itemListElement":[{"@type":"ListItem","position":1,"name":"Accueil","item":"https:\/\/joyana.fr\/"},{"@type":"ListItem","position":2,"name":"Suspension LED NET par Michele DE LUCCHI &#038; Alberto NASON"}]},{"@type":"WebSite","@id":"https:\/\/joyana.fr\/#website","url":"https:\/\/joyana.fr\/","name":"JO YANA","description":"Blog Mode Homme, Lifestyle, D\u00e9co-Design","publisher":{"@id":"https:\/\/joyana.fr\/#\/schema\/person\/cf2a1ad12a27c12c21801075bf37407c"},"potentialAction":[{"@type":"SearchAction","target":{"@type":"EntryPoint","urlTemplate":"https:\/\/joyana.fr\/?s={search_term_string}"},"query-input":{"@type":"PropertyValueSpecification","valueRequired":true,"valueName":"search_term_string"}}],"inLanguage":"en-US"},{"@type":["Person","Organization"],"@id":"https:\/\/joyana.fr\/#\/schema\/person\/cf2a1ad12a27c12c21801075bf37407c","name":"Jo Yana","image":{"@type":"ImageObject","inLanguage":"en-US","@id":"https:\/\/joyana.fr\/#\/schema\/person\/image\/","url":"https:\/\/i0.wp.com\/joyana.fr\/wp-content\/uploads\/2016\/08\/cropped-joyana-logo-black-360x180.png?fit=343%2C164&ssl=1","contentUrl":"https:\/\/i0.wp.com\/joyana.fr\/wp-content\/uploads\/2016\/08\/cropped-joyana-logo-black-360x180.png?fit=343%2C164&ssl=1","width":343,"height":164,"caption":"Jo Yana"},"logo":{"@id":"https:\/\/joyana.fr\/#\/schema\/person\/image\/"},"description":"Jo Yana est le cr\u00e9ateur et r\u00e9dacteur en chef des sites DECO-DESIGN. Passionn\u00e9 de Design, Mode, Photo, Luxe, Lifestyle, Musique, mais avant tout Blogueur ! Le plaisir de partager l'anime et a comme devise \"POUR L'AMOUR DU BEAU\". Retrouvez le aussi sur son blog personnel - https:\/\/joyana.fr...","sameAs":["https:\/\/joyana.fr\/"],"url":"https:\/\/joyana.fr\/en\/author\/joyana\/"}]}},"author_meta":{"display_name":"Jo Yana","author_link":"https:\/\/joyana.fr\/en\/author\/joyana\/"},"featured_img":"https:\/\/i0.wp.com\/joyana.fr\/wp-content\/uploads\/old\/LED_NET_ARTEMIDE_MICHELE_DE_LUCCHI_LARGE.jpg?fit=275%2C389&ssl=1","featured_image_src":"https:\/\/i0.wp.com\/joyana.fr\/wp-content\/uploads\/old\/LED_NET_ARTEMIDE_MICHELE_DE_LUCCHI_LARGE.jpg?resize=576%2C400&ssl=1","featured_image_src_square":"https:\/\/i0.wp.com\/joyana.fr\/wp-content\/uploads\/old\/LED_NET_ARTEMIDE_MICHELE_DE_LUCCHI_LARGE.jpg?resize=576%2C600&ssl=1","jetpack_featured_media_url":"https:\/\/i0.wp.com\/joyana.fr\/wp-content\/uploads\/old\/LED_NET_ARTEMIDE_MICHELE_DE_LUCCHI_LARGE.jpg?fit=576%2C815&ssl=1","uagb_featured_image_src":{"full":["https:\/\/i0.wp.com\/joyana.fr\/wp-content\/uploads\/old\/LED_NET_ARTEMIDE_MICHELE_DE_LUCCHI_LARGE.jpg?fit=576%2C815&ssl=1",576,815,false],"thumbnail":["https:\/\/i0.wp.com\/joyana.fr\/wp-content\/uploads\/old\/LED_NET_ARTEMIDE_MICHELE_DE_LUCCHI_LARGE.jpg?resize=150%2C150&ssl=1",150,150,true],"medium":["https:\/\/i0.wp.com\/joyana.fr\/wp-content\/uploads\/old\/LED_NET_ARTEMIDE_MICHELE_DE_LUCCHI_LARGE.jpg?fit=275%2C389&ssl=1",275,389,true],"medium_large":["https:\/\/i0.wp.com\/joyana.fr\/wp-content\/uploads\/old\/LED_NET_ARTEMIDE_MICHELE_DE_LUCCHI_LARGE.jpg?fit=576%2C815&ssl=1",576,815,true],"large":["https:\/\/i0.wp.com\/joyana.fr\/wp-content\/uploads\/old\/LED_NET_ARTEMIDE_MICHELE_DE_LUCCHI_LARGE.jpg?fit=576%2C815&ssl=1",576,815,true],"1536x1536":["https:\/\/i0.wp.com\/joyana.fr\/wp-content\/uploads\/old\/LED_NET_ARTEMIDE_MICHELE_DE_LUCCHI_LARGE.jpg?fit=576%2C815&ssl=1",576,815,true],"2048x2048":["https:\/\/i0.wp.com\/joyana.fr\/wp-content\/uploads\/old\/LED_NET_ARTEMIDE_MICHELE_DE_LUCCHI_LARGE.jpg?fit=576%2C815&ssl=1",576,815,true],"featured-thumb":["https:\/\/i0.wp.com\/joyana.fr\/wp-content\/uploads\/old\/LED_NET_ARTEMIDE_MICHELE_DE_LUCCHI_LARGE.jpg?resize=576%2C750&ssl=1",576,750,true],"ab-block-post-grid-landscape":["https:\/\/i0.wp.com\/joyana.fr\/wp-content\/uploads\/old\/LED_NET_ARTEMIDE_MICHELE_DE_LUCCHI_LARGE.jpg?resize=576%2C400&ssl=1",576,400,true],"ab-block-post-grid-square":["https:\/\/i0.wp.com\/joyana.fr\/wp-content\/uploads\/old\/LED_NET_ARTEMIDE_MICHELE_DE_LUCCHI_LARGE.jpg?resize=576%2C600&ssl=1",576,600,true],"author-pro-image":["https:\/\/i0.wp.com\/joyana.fr\/wp-content\/uploads\/old\/LED_NET_ARTEMIDE_MICHELE_DE_LUCCHI_LARGE.jpg?resize=360%2C570&ssl=1",360,570,true],"slider":["https:\/\/i0.wp.com\/joyana.fr\/wp-content\/uploads\/old\/LED_NET_ARTEMIDE_MICHELE_DE_LUCCHI_LARGE.jpg?resize=576%2C400&ssl=1",576,400,true],"woocommerce_thumbnail":["https:\/\/i0.wp.com\/joyana.fr\/wp-content\/uploads\/old\/LED_NET_ARTEMIDE_MICHELE_DE_LUCCHI_LARGE.jpg?resize=450%2C450&ssl=1",450,450,true],"woocommerce_single":["https:\/\/i0.wp.com\/joyana.fr\/wp-content\/uploads\/old\/LED_NET_ARTEMIDE_MICHELE_DE_LUCCHI_LARGE.jpg?fit=576%2C815&ssl=1",576,815,true],"woocommerce_gallery_thumbnail":["https:\/\/i0.wp.com\/joyana.fr\/wp-content\/uploads\/old\/LED_NET_ARTEMIDE_MICHELE_DE_LUCCHI_LARGE.jpg?resize=180%2C180&ssl=1",180,180,true],"sow-carousel-default":["https:\/\/i0.wp.com\/joyana.fr\/wp-content\/uploads\/old\/LED_NET_ARTEMIDE_MICHELE_DE_LUCCHI_LARGE.jpg?resize=272%2C182&ssl=1",272,182,true]},"uagb_author_info":{"display_name":"Jo Yana","author_link":"https:\/\/joyana.fr\/en\/author\/joyana\/"},"uagb_comment_info":29,"uagb_excerpt":"Michele De Lucchi et Alberto NASON dessinent une nouvelle suspension pour Artemide, un luminaire intitul\u00e9 LED NET&#8230; La nouvelle suspension Artemide LED Net arbore des formes qui semblent \u00eatre al\u00e9atoires, mais les designers y font ressortir une harmonie qui nous fait penser \u00e0 un flocon de neige&#8230; LED NET sera disponible en deux versions :&hellip;","coauthors":[],"tax_additional":{"categories":{"linked":["<a href=\"https:\/\/joyana.fr\/en\/category\/marques\/artemide\/\" class=\"advgb-post-tax-term\">Artemide<\/a>","<a href=\"https:\/\/joyana.fr\/en\/category\/deco-design\/\" class=\"advgb-post-tax-term\">DECO-DESIGN<\/a>","<a href=\"https:\/\/joyana.fr\/en\/category\/deco-design\/luminaire\/\" class=\"advgb-post-tax-term\">Luminaire<\/a>","<a href=\"https:\/\/joyana.fr\/en\/category\/deco-design\/luminaire\/suspension\/\" class=\"advgb-post-tax-term\">Suspension<\/a>"],"unlinked":["<span class=\"advgb-post-tax-term\">Artemide<\/span>","<span class=\"advgb-post-tax-term\">DECO-DESIGN<\/span>","<span class=\"advgb-post-tax-term\">Luminaire<\/span>","<span class=\"advgb-post-tax-term\">Suspension<\/span>"]},"tags":{"linked":["<a href=\"https:\/\/joyana.fr\/en\/category\/deco-design\/luminaire\/suspension\/\" class=\"advgb-post-tax-term\">DESIGN<\/a>","<a href=\"https:\/\/joyana.fr\/en\/category\/deco-design\/luminaire\/suspension\/\" class=\"advgb-post-tax-term\">LED<\/a>"],"unlinked":["<span class=\"advgb-post-tax-term\">DESIGN<\/span>","<span class=\"advgb-post-tax-term\">LED<\/span>"]}},"comment_count":29,"relative_dates":{"created":"Posted 15 years ago","modified":"Updated 15 years ago"},"absolute_dates":{"created":"Posted on 30 December 2010","modified":"Updated on 30 December 2010"},"absolute_dates_time":{"created":"Posted on 30 December 2010 8:30","modified":"Updated on 30 December 2010 8:30"},"featured_img_caption":"","series_order":"","jetpack_sharing_enabled":true,"jetpack_shortlink":"https:\/\/wp.me\/p9bteI-rpM","jetpack-related-posts":[],"_links":{"self":[{"href":"https:\/\/joyana.fr\/en\/wp-json\/wp\/v2\/posts\/105386","targetHints":{"allow":["GET"]}}],"collection":[{"href":"https:\/\/joyana.fr\/en\/wp-json\/wp\/v2\/posts"}],"about":[{"href":"https:\/\/joyana.fr\/en\/wp-json\/wp\/v2\/types\/post"}],"author":[{"embeddable":true,"href":"https:\/\/joyana.fr\/en\/wp-json\/wp\/v2\/users\/3"}],"replies":[{"embeddable":true,"href":"https:\/\/joyana.fr\/en\/wp-json\/wp\/v2\/comments?post=105386"}],"version-history":[{"count":0,"href":"https:\/\/joyana.fr\/en\/wp-json\/wp\/v2\/posts\/105386\/revisions"}],"wp:featuredmedia":[{"embeddable":true,"href":"https:\/\/joyana.fr\/en\/wp-json\/wp\/v2\/media\/105394"}],"wp:attachment":[{"href":"https:\/\/joyana.fr\/en\/wp-json\/wp\/v2\/media?parent=105386"}],"wp:term":[{"taxonomy":"category","embeddable":true,"href":"https:\/\/joyana.fr\/en\/wp-json\/wp\/v2\/categories?post=105386"},{"taxonomy":"post_tag","embeddable":true,"href":"https:\/\/joyana.fr\/en\/wp-json\/wp\/v2\/tags?post=105386"}],"curies":[{"name":"wp","href":"https:\/\/api.w.org\/{rel}","templated":true}]}}