{"id":105670,"date":"2011-01-22T07:14:08","date_gmt":"2011-01-22T06:14:08","guid":{"rendered":"https:\/\/joyana.fr\/?p=5670"},"modified":"2011-01-22T07:14:08","modified_gmt":"2011-01-22T06:14:08","slug":"maison-objet-2011-cierre-x-karim-rashid","status":"publish","type":"post","link":"https:\/\/joyana.fr\/en\/maison-objet-2011-cierre-x-karim-rashid\/105670\/","title":{"rendered":"MAISON &#038; OBJET 2011 : CIERRE x Karim RASHID"},"content":{"rendered":"<p>Premi\u00e8re d\u00e9couverte de ce <a title=\"MAISON ET OBJET 2011\" href=\"https:\/\/joyana.fr\/category\/actualite\/salon\/maison-et-objet\/\"><strong>Maison &#038; Objet 2011<\/strong><\/a>, avec le stand <strong>Cierre <\/strong>qui pr\u00e9sentait &#8211; pour la premi\u00e8re fois &#8211; sa collection d&#8217;<strong>assises<\/strong> <strong>POP<\/strong> sign\u00e9e par <a title=\"KARIM RASHID\" href=\"https:\/\/joyana.fr\/category\/designer\/karim-rashid\/\"><strong>Karim Rashid<\/strong><\/a>&#8230;<\/p>\n<p><img data-recalc-dims=\"1\" fetchpriority=\"high\" decoding=\"async\" class=\"alignnone size-full wp-image-5674\" title=\"MAISON &#038; OBJET 2011 : CIERRE x Karim RASHID\" src=\"https:\/\/i0.wp.com\/joyana.fr\/wp-content\/uploads\/MAISON-ET-OBJET-CIERRE-KARIM-RASHID3.jpg?resize=576%2C805&#038;ssl=1\" alt=\"\" width=\"576\" height=\"805\" \/><\/p>\n<p><strong>Cierre<\/strong> est une entreprise de mobilier bas\u00e9e en Italie, sp\u00e9cialis\u00e9e dans l&#8217;<strong>assise<\/strong>. Ils ont faire une enti\u00e8re confiance \u00e0 <strong>Karim Rashid<\/strong> pour cette toute nouvelle collection de <strong>canap\u00e9s<\/strong> et de <strong>fauteuils <\/strong>modulables&#8230;<\/p>\n<p>Plus d&#8217;informations tr\u00e8s bient\u00f4t&#8230;<\/p>\n<p><img data-recalc-dims=\"1\" decoding=\"async\" data-attachment-id=\"5671\" data-permalink=\"https:\/\/joyana.fr\/en\/christian-louboutin-slip-on-dandy-pik-pik-veau-velours\/5668\/christianlouboutin-dandypikpik-3130027_b008_2_1200x1200\/\" data-orig-file=\"https:\/\/i0.wp.com\/joyana.fr\/wp-content\/uploads\/2013\/06\/christianlouboutin-dandypikpik-3130027_B008_2_1200x1200.jpg?fit=1200%2C1200&amp;ssl=1\" data-orig-size=\"1200,1200\" data-comments-opened=\"1\" data-image-meta=\"{&quot;aperture&quot;:&quot;0&quot;,&quot;credit&quot;:&quot;&quot;,&quot;camera&quot;:&quot;&quot;,&quot;caption&quot;:&quot;&quot;,&quot;created_timestamp&quot;:&quot;0&quot;,&quot;copyright&quot;:&quot;&quot;,&quot;focal_length&quot;:&quot;0&quot;,&quot;iso&quot;:&quot;0&quot;,&quot;shutter_speed&quot;:&quot;0&quot;,&quot;title&quot;:&quot;&quot;,&quot;orientation&quot;:&quot;0&quot;}\" data-image-title=\"CHRISTIAN LOUBOUTIN Slip-on DANDY PIK PIK VEAU VELOURS\" data-image-description=\"&lt;p&gt;CHRISTIAN LOUBOUTIN Slip-on DANDY PIK PIK VEAU VELOURS&lt;\/p&gt;\n\" data-image-caption=\"\" data-medium-file=\"https:\/\/i0.wp.com\/joyana.fr\/wp-content\/uploads\/2013\/06\/christianlouboutin-dandypikpik-3130027_B008_2_1200x1200.jpg?fit=389%2C389&amp;ssl=1\" data-large-file=\"https:\/\/i0.wp.com\/joyana.fr\/wp-content\/uploads\/2013\/06\/christianlouboutin-dandypikpik-3130027_B008_2_1200x1200.jpg?fit=1024%2C1024&amp;ssl=1\" class=\"alignnone size-full wp-image-5671\" title=\"MAISON &#038; OBJET 2011 : CIERRE x Karim RASHID\" src=\"https:\/\/i0.wp.com\/joyana.fr\/wp-content\/uploads\/MAISON-ET-OBJET-CIERRE-KARIM-RASHID.jpg?resize=576%2C383&#038;ssl=1\" alt=\"\" width=\"576\" height=\"383\" \/><\/p>\n<p><img data-recalc-dims=\"1\" decoding=\"async\" class=\"alignnone size-full wp-image-5676\" title=\"MAISON &#038; OBJET 2011 : CIERRE x Karim RASHID\" src=\"https:\/\/i0.wp.com\/joyana.fr\/wp-content\/uploads\/MAISON-ET-OBJET-CIERRE-KARIM-RASHID9.jpg?resize=576%2C878&#038;ssl=1\" alt=\"\" width=\"576\" height=\"878\" \/><\/p>\n<p><img data-recalc-dims=\"1\" loading=\"lazy\" decoding=\"async\" data-attachment-id=\"5672\" data-permalink=\"https:\/\/joyana.fr\/en\/christian-louboutin-slip-on-dandy-pik-pik-veau-velours\/5668\/christianlouboutin-dandypikpik-3130027_b008_1_1200x1200\/\" data-orig-file=\"https:\/\/i0.wp.com\/joyana.fr\/wp-content\/uploads\/2013\/06\/christianlouboutin-dandypikpik-3130027_B008_1_1200x1200.jpg?fit=1200%2C1200&amp;ssl=1\" data-orig-size=\"1200,1200\" data-comments-opened=\"1\" data-image-meta=\"{&quot;aperture&quot;:&quot;0&quot;,&quot;credit&quot;:&quot;&quot;,&quot;camera&quot;:&quot;&quot;,&quot;caption&quot;:&quot;&quot;,&quot;created_timestamp&quot;:&quot;0&quot;,&quot;copyright&quot;:&quot;&quot;,&quot;focal_length&quot;:&quot;0&quot;,&quot;iso&quot;:&quot;0&quot;,&quot;shutter_speed&quot;:&quot;0&quot;,&quot;title&quot;:&quot;&quot;,&quot;orientation&quot;:&quot;0&quot;}\" data-image-title=\"CHRISTIAN LOUBOUTIN Slip-on DANDY PIK PIK VEAU VELOURS\" data-image-description=\"&lt;p&gt;CHRISTIAN LOUBOUTIN Slip-on DANDY PIK PIK VEAU VELOURS&lt;\/p&gt;\n\" data-image-caption=\"\" data-medium-file=\"https:\/\/i0.wp.com\/joyana.fr\/wp-content\/uploads\/2013\/06\/christianlouboutin-dandypikpik-3130027_B008_1_1200x1200.jpg?fit=389%2C389&amp;ssl=1\" data-large-file=\"https:\/\/i0.wp.com\/joyana.fr\/wp-content\/uploads\/2013\/06\/christianlouboutin-dandypikpik-3130027_B008_1_1200x1200.jpg?fit=1024%2C1024&amp;ssl=1\" class=\"alignnone size-full wp-image-5672\" title=\"MAISON &#038; OBJET 2011 : CIERRE x Karim RASHID\" src=\"https:\/\/i0.wp.com\/joyana.fr\/wp-content\/uploads\/MAISON-ET-OBJET-CIERRE-KARIM-RASHID1.jpg?resize=576%2C882&#038;ssl=1\" alt=\"\" width=\"576\" height=\"882\" \/><\/p>\n<p><img data-recalc-dims=\"1\" loading=\"lazy\" decoding=\"async\" class=\"alignnone size-full wp-image-5675\" title=\"MAISON &#038; OBJET 2011 : CIERRE x Karim RASHID\" src=\"https:\/\/i0.wp.com\/joyana.fr\/wp-content\/uploads\/MAISON-ET-OBJET-CIERRE-KARIM-RASHID5.jpg?resize=576%2C866&#038;ssl=1\" alt=\"\" width=\"576\" height=\"866\" \/><\/p>\n<p><img data-recalc-dims=\"1\" loading=\"lazy\" decoding=\"async\" class=\"alignnone size-full wp-image-5673\" title=\"MAISON &#038; OBJET 2011 : CIERRE x Karim RASHID\" src=\"https:\/\/i0.wp.com\/joyana.fr\/wp-content\/uploads\/MAISON-ET-OBJET-CIERRE-KARIM-RASHID2.jpg?resize=576%2C383&#038;ssl=1\" alt=\"\" width=\"576\" height=\"383\" \/><\/p>\n<p>En savoir + sur <a title=\"CIERRE\" href=\"http:\/\/www.cierre.com.hk\/index.htm\"><strong>CIERRE<\/strong><\/a> &#038; <a title=\"KARIM RASHID\" href=\"http:\/\/www.karimrashid.com\/\"><strong>Karim RASHID<\/strong><\/a><\/p>\n<p>Voir d\u2019autres reportages sur <a title=\"MAISON &#038; OBJET 2011\" href=\"..\/maison-et-objet-2011-janvier-septembre-maisonobjet\/5597\/\"><strong>MAISON &#038; OBJET 2011<\/strong><\/a>\u2026<\/p>\n","protected":false},"excerpt":{"rendered":"<p>Premi\u00e8re d\u00e9couverte de ce Maison &#038; Objet 2011, avec le stand Cierre qui pr\u00e9sentait &#8211; pour la premi\u00e8re fois &#8211; sa collection d&#8217;assises POP sign\u00e9e par Karim Rashid&#8230; Cierre est une entreprise de mobilier bas\u00e9e en Italie, sp\u00e9cialis\u00e9e dans l&#8217;assise. Ils ont faire une enti\u00e8re confiance \u00e0 Karim Rashid pour cette toute nouvelle collection de [&hellip;]<\/p>\n","protected":false},"author":3,"featured_media":105727,"comment_status":"open","ping_status":"open","sticky":false,"template":"","format":"standard","meta":{"_coblocks_attr":"","_coblocks_dimensions":"","_coblocks_responsive_height":"","_coblocks_accordion_ie_support":"","_uag_custom_page_level_css":"","advgb_blocks_editor_width":"","advgb_blocks_columns_visual_guide":"","_genesis_hide_title":false,"_genesis_hide_breadcrumbs":false,"_genesis_hide_singular_image":false,"_genesis_hide_footer_widgets":false,"_genesis_custom_body_class":"","_genesis_custom_post_class":"","_genesis_layout":"","_themeisle_gutenberg_block_has_review":false,"_jetpack_newsletter_access":"","_jetpack_dont_email_post_to_subs":false,"_jetpack_newsletter_tier_id":0,"_jetpack_memberships_contains_paywalled_content":false,"_jetpack_memberships_contains_paid_content":false,"footnotes":""},"categories":[948,949,905,950,926,961],"tags":[78,44,913,963],"class_list":{"0":"post-105670","1":"post","2":"type-post","3":"status-publish","4":"format-standard","5":"has-post-thumbnail","7":"category-assise","8":"category-canape","9":"category-deco-design","10":"category-fauteuil","11":"category-karim-rashid","12":"category-maison-et-objet","13":"tag-design","14":"tag-karim-rashid","15":"tag-modulable","16":"tag-salons-design","17":"entry"},"featured_image_urls":{"full":["https:\/\/i0.wp.com\/joyana.fr\/wp-content\/uploads\/old\/MAISON-ET-OBJET-CIERRE-KARIM-RASHID11.jpg?fit=576%2C882&ssl=1",576,882,false],"thumbnail":["https:\/\/i0.wp.com\/joyana.fr\/wp-content\/uploads\/old\/MAISON-ET-OBJET-CIERRE-KARIM-RASHID11.jpg?resize=150%2C150&ssl=1",150,150,true],"medium":["https:\/\/i0.wp.com\/joyana.fr\/wp-content\/uploads\/old\/MAISON-ET-OBJET-CIERRE-KARIM-RASHID11.jpg?fit=254%2C389&ssl=1",254,389,true],"medium_large":["https:\/\/i0.wp.com\/joyana.fr\/wp-content\/uploads\/old\/MAISON-ET-OBJET-CIERRE-KARIM-RASHID11.jpg?fit=576%2C882&ssl=1",576,882,true],"large":["https:\/\/i0.wp.com\/joyana.fr\/wp-content\/uploads\/old\/MAISON-ET-OBJET-CIERRE-KARIM-RASHID11.jpg?fit=576%2C882&ssl=1",576,882,true],"1536x1536":["https:\/\/i0.wp.com\/joyana.fr\/wp-content\/uploads\/old\/MAISON-ET-OBJET-CIERRE-KARIM-RASHID11.jpg?fit=576%2C882&ssl=1",576,882,true],"2048x2048":["https:\/\/i0.wp.com\/joyana.fr\/wp-content\/uploads\/old\/MAISON-ET-OBJET-CIERRE-KARIM-RASHID11.jpg?fit=576%2C882&ssl=1",576,882,true],"featured-thumb":["https:\/\/i0.wp.com\/joyana.fr\/wp-content\/uploads\/old\/MAISON-ET-OBJET-CIERRE-KARIM-RASHID11.jpg?resize=576%2C750&ssl=1",576,750,true],"ab-block-post-grid-landscape":["https:\/\/i0.wp.com\/joyana.fr\/wp-content\/uploads\/old\/MAISON-ET-OBJET-CIERRE-KARIM-RASHID11.jpg?resize=576%2C400&ssl=1",576,400,true],"ab-block-post-grid-square":["https:\/\/i0.wp.com\/joyana.fr\/wp-content\/uploads\/old\/MAISON-ET-OBJET-CIERRE-KARIM-RASHID11.jpg?resize=576%2C600&ssl=1",576,600,true],"author-pro-image":["https:\/\/i0.wp.com\/joyana.fr\/wp-content\/uploads\/old\/MAISON-ET-OBJET-CIERRE-KARIM-RASHID11.jpg?resize=360%2C570&ssl=1",360,570,true],"slider":["https:\/\/i0.wp.com\/joyana.fr\/wp-content\/uploads\/old\/MAISON-ET-OBJET-CIERRE-KARIM-RASHID11.jpg?resize=576%2C400&ssl=1",576,400,true],"woocommerce_thumbnail":["https:\/\/i0.wp.com\/joyana.fr\/wp-content\/uploads\/old\/MAISON-ET-OBJET-CIERRE-KARIM-RASHID11.jpg?resize=450%2C450&ssl=1",450,450,true],"woocommerce_single":["https:\/\/i0.wp.com\/joyana.fr\/wp-content\/uploads\/old\/MAISON-ET-OBJET-CIERRE-KARIM-RASHID11.jpg?fit=576%2C882&ssl=1",576,882,true],"woocommerce_gallery_thumbnail":["https:\/\/i0.wp.com\/joyana.fr\/wp-content\/uploads\/old\/MAISON-ET-OBJET-CIERRE-KARIM-RASHID11.jpg?resize=180%2C180&ssl=1",180,180,true],"sow-carousel-default":["https:\/\/i0.wp.com\/joyana.fr\/wp-content\/uploads\/old\/MAISON-ET-OBJET-CIERRE-KARIM-RASHID11.jpg?resize=272%2C182&ssl=1",272,182,true]},"post_excerpt_stackable":"<p>Premi\u00e8re d\u00e9couverte de ce Maison &#038; Objet 2011, avec le stand Cierre qui pr\u00e9sentait &#8211; pour la premi\u00e8re fois &#8211; sa collection d&#8217;assises POP sign\u00e9e par Karim Rashid&#8230; Cierre est une entreprise de mobilier bas\u00e9e en Italie, sp\u00e9cialis\u00e9e dans l&#8217;assise. Ils ont faire une enti\u00e8re confiance \u00e0 Karim Rashid pour cette toute nouvelle collection de canap\u00e9s et de fauteuils modulables&#8230; Plus d&#8217;informations tr\u00e8s bient\u00f4t&#8230; En savoir + sur CIERRE &#038; Karim RASHID Voir d\u2019autres reportages sur MAISON &#038; OBJET 2011\u2026<\/p>\n","category_list":"<a href=\"https:\/\/joyana.fr\/en\/category\/deco-design\/mobilier\/assise\/\" rel=\"category tag\">Assise<\/a>, <a href=\"https:\/\/joyana.fr\/en\/category\/deco-design\/mobilier\/assise\/canape\/\" rel=\"category tag\">Canap\u00e9<\/a>, <a href=\"https:\/\/joyana.fr\/en\/category\/deco-design\/\" rel=\"category tag\">DECO-DESIGN<\/a>, <a href=\"https:\/\/joyana.fr\/en\/category\/deco-design\/mobilier\/assise\/fauteuil\/\" rel=\"category tag\">Fauteuil<\/a>, <a href=\"https:\/\/joyana.fr\/en\/category\/deco-design\/designer\/karim-rashid\/\" rel=\"category tag\">Karim RASHID<\/a>, <a href=\"https:\/\/joyana.fr\/en\/category\/deco-design\/actualite\/salon\/maison-et-objet\/\" rel=\"category tag\">MAISON &amp; OBJET<\/a>","author_info":{"display_name":"Jo Yana","author_link":"https:\/\/joyana.fr\/en\/author\/joyana\/"},"comments_num":"8 comments","featured_image_urls_v2":{"full":["https:\/\/i0.wp.com\/joyana.fr\/wp-content\/uploads\/old\/MAISON-ET-OBJET-CIERRE-KARIM-RASHID11.jpg?fit=576%2C882&ssl=1",576,882,false],"thumbnail":["https:\/\/i0.wp.com\/joyana.fr\/wp-content\/uploads\/old\/MAISON-ET-OBJET-CIERRE-KARIM-RASHID11.jpg?resize=150%2C150&ssl=1",150,150,true],"medium":["https:\/\/i0.wp.com\/joyana.fr\/wp-content\/uploads\/old\/MAISON-ET-OBJET-CIERRE-KARIM-RASHID11.jpg?fit=254%2C389&ssl=1",254,389,true],"medium_large":["https:\/\/i0.wp.com\/joyana.fr\/wp-content\/uploads\/old\/MAISON-ET-OBJET-CIERRE-KARIM-RASHID11.jpg?fit=576%2C882&ssl=1",576,882,true],"large":["https:\/\/i0.wp.com\/joyana.fr\/wp-content\/uploads\/old\/MAISON-ET-OBJET-CIERRE-KARIM-RASHID11.jpg?fit=576%2C882&ssl=1",576,882,true],"1536x1536":["https:\/\/i0.wp.com\/joyana.fr\/wp-content\/uploads\/old\/MAISON-ET-OBJET-CIERRE-KARIM-RASHID11.jpg?fit=576%2C882&ssl=1",576,882,true],"2048x2048":["https:\/\/i0.wp.com\/joyana.fr\/wp-content\/uploads\/old\/MAISON-ET-OBJET-CIERRE-KARIM-RASHID11.jpg?fit=576%2C882&ssl=1",576,882,true],"featured-thumb":["https:\/\/i0.wp.com\/joyana.fr\/wp-content\/uploads\/old\/MAISON-ET-OBJET-CIERRE-KARIM-RASHID11.jpg?resize=576%2C750&ssl=1",576,750,true],"ab-block-post-grid-landscape":["https:\/\/i0.wp.com\/joyana.fr\/wp-content\/uploads\/old\/MAISON-ET-OBJET-CIERRE-KARIM-RASHID11.jpg?resize=576%2C400&ssl=1",576,400,true],"ab-block-post-grid-square":["https:\/\/i0.wp.com\/joyana.fr\/wp-content\/uploads\/old\/MAISON-ET-OBJET-CIERRE-KARIM-RASHID11.jpg?resize=576%2C600&ssl=1",576,600,true],"author-pro-image":["https:\/\/i0.wp.com\/joyana.fr\/wp-content\/uploads\/old\/MAISON-ET-OBJET-CIERRE-KARIM-RASHID11.jpg?resize=360%2C570&ssl=1",360,570,true],"slider":["https:\/\/i0.wp.com\/joyana.fr\/wp-content\/uploads\/old\/MAISON-ET-OBJET-CIERRE-KARIM-RASHID11.jpg?resize=576%2C400&ssl=1",576,400,true],"woocommerce_thumbnail":["https:\/\/i0.wp.com\/joyana.fr\/wp-content\/uploads\/old\/MAISON-ET-OBJET-CIERRE-KARIM-RASHID11.jpg?resize=450%2C450&ssl=1",450,450,true],"woocommerce_single":["https:\/\/i0.wp.com\/joyana.fr\/wp-content\/uploads\/old\/MAISON-ET-OBJET-CIERRE-KARIM-RASHID11.jpg?fit=576%2C882&ssl=1",576,882,true],"woocommerce_gallery_thumbnail":["https:\/\/i0.wp.com\/joyana.fr\/wp-content\/uploads\/old\/MAISON-ET-OBJET-CIERRE-KARIM-RASHID11.jpg?resize=180%2C180&ssl=1",180,180,true],"sow-carousel-default":["https:\/\/i0.wp.com\/joyana.fr\/wp-content\/uploads\/old\/MAISON-ET-OBJET-CIERRE-KARIM-RASHID11.jpg?resize=272%2C182&ssl=1",272,182,true]},"post_excerpt_stackable_v2":"<p>Premi\u00e8re d\u00e9couverte de ce Maison &#038; Objet 2011, avec le stand Cierre qui pr\u00e9sentait &#8211; pour la premi\u00e8re fois &#8211; sa collection d&#8217;assises POP sign\u00e9e par Karim Rashid&#8230; Cierre est une entreprise de mobilier bas\u00e9e en Italie, sp\u00e9cialis\u00e9e dans l&#8217;assise. Ils ont faire une enti\u00e8re confiance \u00e0 Karim Rashid pour cette toute nouvelle collection de canap\u00e9s et de fauteuils modulables&#8230; Plus d&#8217;informations tr\u00e8s bient\u00f4t&#8230; En savoir + sur CIERRE &#038; Karim RASHID Voir d\u2019autres reportages sur MAISON &#038; OBJET 2011\u2026<\/p>\n","category_list_v2":"<a href=\"https:\/\/joyana.fr\/en\/category\/deco-design\/mobilier\/assise\/\" rel=\"category tag\">Assise<\/a>, <a href=\"https:\/\/joyana.fr\/en\/category\/deco-design\/mobilier\/assise\/canape\/\" rel=\"category tag\">Canap\u00e9<\/a>, <a href=\"https:\/\/joyana.fr\/en\/category\/deco-design\/\" rel=\"category tag\">DECO-DESIGN<\/a>, <a href=\"https:\/\/joyana.fr\/en\/category\/deco-design\/mobilier\/assise\/fauteuil\/\" rel=\"category tag\">Fauteuil<\/a>, <a href=\"https:\/\/joyana.fr\/en\/category\/deco-design\/designer\/karim-rashid\/\" rel=\"category tag\">Karim RASHID<\/a>, <a href=\"https:\/\/joyana.fr\/en\/category\/deco-design\/actualite\/salon\/maison-et-objet\/\" rel=\"category tag\">MAISON &amp; OBJET<\/a>","author_info_v2":{"name":"Jo Yana","url":"https:\/\/joyana.fr\/en\/author\/joyana\/"},"comments_num_v2":"8 comments","yoast_head":"<!-- This site is optimized with the Yoast SEO plugin v26.8 - https:\/\/yoast.com\/product\/yoast-seo-wordpress\/ -->\n<title>MAISON &amp; OBJET 2011 : CIERRE x Karim RASHID - JO YANA<\/title>\n<meta name=\"robots\" content=\"index, follow, max-snippet:-1, max-image-preview:large, max-video-preview:-1\" \/>\n<link rel=\"canonical\" href=\"https:\/\/joyana.fr\/en\/maison-objet-2011-cierre-x-karim-rashid\/105670\/\" \/>\n<meta property=\"og:locale\" content=\"en_US\" \/>\n<meta property=\"og:locale:alternate\" content=\"fr_FR\" \/>\n<meta property=\"og:locale:alternate\" content=\"ja\" \/>\n<meta property=\"og:type\" content=\"article\" \/>\n<meta property=\"og:title\" content=\"MAISON &amp; OBJET 2011 : CIERRE x Karim RASHID - JO YANA\" \/>\n<meta property=\"og:description\" content=\"Premi\u00e8re d\u00e9couverte de ce Maison &amp; Objet 2011, avec le stand Cierre qui pr\u00e9sentait &#8211; pour la premi\u00e8re fois &#8211; sa collection d&#8217;assises POP sign\u00e9e par Karim Rashid&#8230; Cierre est une entreprise de mobilier bas\u00e9e en Italie, sp\u00e9cialis\u00e9e dans l&#8217;assise. Ils ont faire une enti\u00e8re confiance \u00e0 Karim Rashid pour cette toute nouvelle collection de [&hellip;]\" \/>\n<meta property=\"og:url\" content=\"https:\/\/joyana.fr\/en\/maison-objet-2011-cierre-x-karim-rashid\/105670\/\" \/>\n<meta property=\"og:site_name\" content=\"JO YANA\" \/>\n<meta property=\"article:published_time\" content=\"2011-01-22T06:14:08+00:00\" \/>\n<meta property=\"og:image\" content=\"https:\/\/joyana.fr\/wp-content\/uploads\/old\/MAISON-ET-OBJET-CIERRE-KARIM-RASHID11.jpg\" \/>\n\t<meta property=\"og:image:width\" content=\"576\" \/>\n\t<meta property=\"og:image:height\" content=\"882\" \/>\n\t<meta property=\"og:image:type\" content=\"image\/jpeg\" \/>\n<meta name=\"author\" content=\"Jo Yana\" \/>\n<meta name=\"twitter:card\" content=\"summary_large_image\" \/>\n<meta name=\"twitter:creator\" content=\"@Jo_Yana\" \/>\n<meta name=\"twitter:site\" content=\"@Jo_Yana\" \/>\n<meta name=\"twitter:label1\" content=\"Written by\" \/>\n\t<meta name=\"twitter:data1\" content=\"Jo Yana\" \/>\n<script type=\"application\/ld+json\" class=\"yoast-schema-graph\">{\"@context\":\"https:\/\/schema.org\",\"@graph\":[{\"@type\":\"Article\",\"@id\":\"https:\/\/joyana.fr\/en\/maison-objet-2011-cierre-x-karim-rashid\/105670\/#article\",\"isPartOf\":{\"@id\":\"https:\/\/joyana.fr\/en\/maison-objet-2011-cierre-x-karim-rashid\/105670\/\"},\"author\":{\"name\":\"Jo Yana\",\"@id\":\"https:\/\/joyana.fr\/#\/schema\/person\/cf2a1ad12a27c12c21801075bf37407c\"},\"headline\":\"MAISON &#038; OBJET 2011 : CIERRE x Karim RASHID\",\"datePublished\":\"2011-01-22T06:14:08+00:00\",\"mainEntityOfPage\":{\"@id\":\"https:\/\/joyana.fr\/en\/maison-objet-2011-cierre-x-karim-rashid\/105670\/\"},\"wordCount\":95,\"commentCount\":0,\"publisher\":{\"@id\":\"https:\/\/joyana.fr\/#\/schema\/person\/cf2a1ad12a27c12c21801075bf37407c\"},\"image\":{\"@id\":\"https:\/\/joyana.fr\/en\/maison-objet-2011-cierre-x-karim-rashid\/105670\/#primaryimage\"},\"thumbnailUrl\":\"https:\/\/i0.wp.com\/joyana.fr\/wp-content\/uploads\/old\/MAISON-ET-OBJET-CIERRE-KARIM-RASHID11.jpg?fit=576%2C882&ssl=1\",\"keywords\":[\"DESIGN\",\"Karim RASHID\",\"Modulable\",\"Salons design\"],\"articleSection\":[\"Assise\",\"Canap\u00e9\",\"DECO-DESIGN\",\"Fauteuil\",\"Karim RASHID\",\"MAISON &amp; OBJET\"],\"inLanguage\":\"en-US\",\"potentialAction\":[{\"@type\":\"CommentAction\",\"name\":\"Comment\",\"target\":[\"https:\/\/joyana.fr\/en\/maison-objet-2011-cierre-x-karim-rashid\/105670\/#respond\"]}]},{\"@type\":\"WebPage\",\"@id\":\"https:\/\/joyana.fr\/en\/maison-objet-2011-cierre-x-karim-rashid\/105670\/\",\"url\":\"https:\/\/joyana.fr\/en\/maison-objet-2011-cierre-x-karim-rashid\/105670\/\",\"name\":\"MAISON & OBJET 2011 : CIERRE x Karim RASHID - JO YANA\",\"isPartOf\":{\"@id\":\"https:\/\/joyana.fr\/#website\"},\"primaryImageOfPage\":{\"@id\":\"https:\/\/joyana.fr\/en\/maison-objet-2011-cierre-x-karim-rashid\/105670\/#primaryimage\"},\"image\":{\"@id\":\"https:\/\/joyana.fr\/en\/maison-objet-2011-cierre-x-karim-rashid\/105670\/#primaryimage\"},\"thumbnailUrl\":\"https:\/\/i0.wp.com\/joyana.fr\/wp-content\/uploads\/old\/MAISON-ET-OBJET-CIERRE-KARIM-RASHID11.jpg?fit=576%2C882&ssl=1\",\"datePublished\":\"2011-01-22T06:14:08+00:00\",\"breadcrumb\":{\"@id\":\"https:\/\/joyana.fr\/en\/maison-objet-2011-cierre-x-karim-rashid\/105670\/#breadcrumb\"},\"inLanguage\":\"en-US\",\"potentialAction\":[{\"@type\":\"ReadAction\",\"target\":[\"https:\/\/joyana.fr\/en\/maison-objet-2011-cierre-x-karim-rashid\/105670\/\"]}]},{\"@type\":\"ImageObject\",\"inLanguage\":\"en-US\",\"@id\":\"https:\/\/joyana.fr\/en\/maison-objet-2011-cierre-x-karim-rashid\/105670\/#primaryimage\",\"url\":\"https:\/\/i0.wp.com\/joyana.fr\/wp-content\/uploads\/old\/MAISON-ET-OBJET-CIERRE-KARIM-RASHID11.jpg?fit=576%2C882&ssl=1\",\"contentUrl\":\"https:\/\/i0.wp.com\/joyana.fr\/wp-content\/uploads\/old\/MAISON-ET-OBJET-CIERRE-KARIM-RASHID11.jpg?fit=576%2C882&ssl=1\",\"width\":576,\"height\":882},{\"@type\":\"BreadcrumbList\",\"@id\":\"https:\/\/joyana.fr\/en\/maison-objet-2011-cierre-x-karim-rashid\/105670\/#breadcrumb\",\"itemListElement\":[{\"@type\":\"ListItem\",\"position\":1,\"name\":\"Accueil\",\"item\":\"https:\/\/joyana.fr\/\"},{\"@type\":\"ListItem\",\"position\":2,\"name\":\"MAISON &#038; OBJET 2011 : CIERRE x Karim RASHID\"}]},{\"@type\":\"WebSite\",\"@id\":\"https:\/\/joyana.fr\/#website\",\"url\":\"https:\/\/joyana.fr\/\",\"name\":\"JO YANA\",\"description\":\"Blog Mode Homme, Lifestyle, D\u00e9co-Design\",\"publisher\":{\"@id\":\"https:\/\/joyana.fr\/#\/schema\/person\/cf2a1ad12a27c12c21801075bf37407c\"},\"potentialAction\":[{\"@type\":\"SearchAction\",\"target\":{\"@type\":\"EntryPoint\",\"urlTemplate\":\"https:\/\/joyana.fr\/?s={search_term_string}\"},\"query-input\":{\"@type\":\"PropertyValueSpecification\",\"valueRequired\":true,\"valueName\":\"search_term_string\"}}],\"inLanguage\":\"en-US\"},{\"@type\":[\"Person\",\"Organization\"],\"@id\":\"https:\/\/joyana.fr\/#\/schema\/person\/cf2a1ad12a27c12c21801075bf37407c\",\"name\":\"Jo Yana\",\"image\":{\"@type\":\"ImageObject\",\"inLanguage\":\"en-US\",\"@id\":\"https:\/\/joyana.fr\/#\/schema\/person\/image\/\",\"url\":\"https:\/\/i0.wp.com\/joyana.fr\/wp-content\/uploads\/2016\/08\/cropped-joyana-logo-black-360x180.png?fit=343%2C164&ssl=1\",\"contentUrl\":\"https:\/\/i0.wp.com\/joyana.fr\/wp-content\/uploads\/2016\/08\/cropped-joyana-logo-black-360x180.png?fit=343%2C164&ssl=1\",\"width\":343,\"height\":164,\"caption\":\"Jo Yana\"},\"logo\":{\"@id\":\"https:\/\/joyana.fr\/#\/schema\/person\/image\/\"},\"description\":\"Jo Yana est le cr\u00e9ateur et r\u00e9dacteur en chef des sites DECO-DESIGN. Passionn\u00e9 de Design, Mode, Photo, Luxe, Lifestyle, Musique, mais avant tout Blogueur ! Le plaisir de partager l'anime et a comme devise \\\"POUR L'AMOUR DU BEAU\\\". Retrouvez le aussi sur son blog personnel - https:\/\/joyana.fr...\",\"sameAs\":[\"https:\/\/joyana.fr\/\"],\"url\":\"https:\/\/joyana.fr\/en\/author\/joyana\/\"}]}<\/script>\n<!-- \/ Yoast SEO plugin. -->","yoast_head_json":{"title":"MAISON & OBJET 2011 : CIERRE x Karim RASHID - JO YANA","robots":{"index":"index","follow":"follow","max-snippet":"max-snippet:-1","max-image-preview":"max-image-preview:large","max-video-preview":"max-video-preview:-1"},"canonical":"https:\/\/joyana.fr\/en\/maison-objet-2011-cierre-x-karim-rashid\/105670\/","og_locale":"en_US","og_type":"article","og_title":"MAISON & OBJET 2011 : CIERRE x Karim RASHID - JO YANA","og_description":"Premi\u00e8re d\u00e9couverte de ce Maison &#038; Objet 2011, avec le stand Cierre qui pr\u00e9sentait &#8211; pour la premi\u00e8re fois &#8211; sa collection d&#8217;assises POP sign\u00e9e par Karim Rashid&#8230; Cierre est une entreprise de mobilier bas\u00e9e en Italie, sp\u00e9cialis\u00e9e dans l&#8217;assise. Ils ont faire une enti\u00e8re confiance \u00e0 Karim Rashid pour cette toute nouvelle collection de [&hellip;]","og_url":"https:\/\/joyana.fr\/en\/maison-objet-2011-cierre-x-karim-rashid\/105670\/","og_site_name":"JO YANA","article_published_time":"2011-01-22T06:14:08+00:00","og_image":[{"width":576,"height":882,"url":"https:\/\/joyana.fr\/wp-content\/uploads\/old\/MAISON-ET-OBJET-CIERRE-KARIM-RASHID11.jpg","type":"image\/jpeg"}],"author":"Jo Yana","twitter_card":"summary_large_image","twitter_creator":"@Jo_Yana","twitter_site":"@Jo_Yana","twitter_misc":{"Written by":"Jo Yana"},"schema":{"@context":"https:\/\/schema.org","@graph":[{"@type":"Article","@id":"https:\/\/joyana.fr\/en\/maison-objet-2011-cierre-x-karim-rashid\/105670\/#article","isPartOf":{"@id":"https:\/\/joyana.fr\/en\/maison-objet-2011-cierre-x-karim-rashid\/105670\/"},"author":{"name":"Jo Yana","@id":"https:\/\/joyana.fr\/#\/schema\/person\/cf2a1ad12a27c12c21801075bf37407c"},"headline":"MAISON &#038; OBJET 2011 : CIERRE x Karim RASHID","datePublished":"2011-01-22T06:14:08+00:00","mainEntityOfPage":{"@id":"https:\/\/joyana.fr\/en\/maison-objet-2011-cierre-x-karim-rashid\/105670\/"},"wordCount":95,"commentCount":0,"publisher":{"@id":"https:\/\/joyana.fr\/#\/schema\/person\/cf2a1ad12a27c12c21801075bf37407c"},"image":{"@id":"https:\/\/joyana.fr\/en\/maison-objet-2011-cierre-x-karim-rashid\/105670\/#primaryimage"},"thumbnailUrl":"https:\/\/i0.wp.com\/joyana.fr\/wp-content\/uploads\/old\/MAISON-ET-OBJET-CIERRE-KARIM-RASHID11.jpg?fit=576%2C882&ssl=1","keywords":["DESIGN","Karim RASHID","Modulable","Salons design"],"articleSection":["Assise","Canap\u00e9","DECO-DESIGN","Fauteuil","Karim RASHID","MAISON &amp; OBJET"],"inLanguage":"en-US","potentialAction":[{"@type":"CommentAction","name":"Comment","target":["https:\/\/joyana.fr\/en\/maison-objet-2011-cierre-x-karim-rashid\/105670\/#respond"]}]},{"@type":"WebPage","@id":"https:\/\/joyana.fr\/en\/maison-objet-2011-cierre-x-karim-rashid\/105670\/","url":"https:\/\/joyana.fr\/en\/maison-objet-2011-cierre-x-karim-rashid\/105670\/","name":"MAISON & OBJET 2011 : CIERRE x Karim RASHID - JO YANA","isPartOf":{"@id":"https:\/\/joyana.fr\/#website"},"primaryImageOfPage":{"@id":"https:\/\/joyana.fr\/en\/maison-objet-2011-cierre-x-karim-rashid\/105670\/#primaryimage"},"image":{"@id":"https:\/\/joyana.fr\/en\/maison-objet-2011-cierre-x-karim-rashid\/105670\/#primaryimage"},"thumbnailUrl":"https:\/\/i0.wp.com\/joyana.fr\/wp-content\/uploads\/old\/MAISON-ET-OBJET-CIERRE-KARIM-RASHID11.jpg?fit=576%2C882&ssl=1","datePublished":"2011-01-22T06:14:08+00:00","breadcrumb":{"@id":"https:\/\/joyana.fr\/en\/maison-objet-2011-cierre-x-karim-rashid\/105670\/#breadcrumb"},"inLanguage":"en-US","potentialAction":[{"@type":"ReadAction","target":["https:\/\/joyana.fr\/en\/maison-objet-2011-cierre-x-karim-rashid\/105670\/"]}]},{"@type":"ImageObject","inLanguage":"en-US","@id":"https:\/\/joyana.fr\/en\/maison-objet-2011-cierre-x-karim-rashid\/105670\/#primaryimage","url":"https:\/\/i0.wp.com\/joyana.fr\/wp-content\/uploads\/old\/MAISON-ET-OBJET-CIERRE-KARIM-RASHID11.jpg?fit=576%2C882&ssl=1","contentUrl":"https:\/\/i0.wp.com\/joyana.fr\/wp-content\/uploads\/old\/MAISON-ET-OBJET-CIERRE-KARIM-RASHID11.jpg?fit=576%2C882&ssl=1","width":576,"height":882},{"@type":"BreadcrumbList","@id":"https:\/\/joyana.fr\/en\/maison-objet-2011-cierre-x-karim-rashid\/105670\/#breadcrumb","itemListElement":[{"@type":"ListItem","position":1,"name":"Accueil","item":"https:\/\/joyana.fr\/"},{"@type":"ListItem","position":2,"name":"MAISON &#038; OBJET 2011 : CIERRE x Karim RASHID"}]},{"@type":"WebSite","@id":"https:\/\/joyana.fr\/#website","url":"https:\/\/joyana.fr\/","name":"JO YANA","description":"Blog Mode Homme, Lifestyle, D\u00e9co-Design","publisher":{"@id":"https:\/\/joyana.fr\/#\/schema\/person\/cf2a1ad12a27c12c21801075bf37407c"},"potentialAction":[{"@type":"SearchAction","target":{"@type":"EntryPoint","urlTemplate":"https:\/\/joyana.fr\/?s={search_term_string}"},"query-input":{"@type":"PropertyValueSpecification","valueRequired":true,"valueName":"search_term_string"}}],"inLanguage":"en-US"},{"@type":["Person","Organization"],"@id":"https:\/\/joyana.fr\/#\/schema\/person\/cf2a1ad12a27c12c21801075bf37407c","name":"Jo Yana","image":{"@type":"ImageObject","inLanguage":"en-US","@id":"https:\/\/joyana.fr\/#\/schema\/person\/image\/","url":"https:\/\/i0.wp.com\/joyana.fr\/wp-content\/uploads\/2016\/08\/cropped-joyana-logo-black-360x180.png?fit=343%2C164&ssl=1","contentUrl":"https:\/\/i0.wp.com\/joyana.fr\/wp-content\/uploads\/2016\/08\/cropped-joyana-logo-black-360x180.png?fit=343%2C164&ssl=1","width":343,"height":164,"caption":"Jo Yana"},"logo":{"@id":"https:\/\/joyana.fr\/#\/schema\/person\/image\/"},"description":"Jo Yana est le cr\u00e9ateur et r\u00e9dacteur en chef des sites DECO-DESIGN. Passionn\u00e9 de Design, Mode, Photo, Luxe, Lifestyle, Musique, mais avant tout Blogueur ! Le plaisir de partager l'anime et a comme devise \"POUR L'AMOUR DU BEAU\". Retrouvez le aussi sur son blog personnel - https:\/\/joyana.fr...","sameAs":["https:\/\/joyana.fr\/"],"url":"https:\/\/joyana.fr\/en\/author\/joyana\/"}]}},"author_meta":{"display_name":"Jo Yana","author_link":"https:\/\/joyana.fr\/en\/author\/joyana\/"},"featured_img":"https:\/\/i0.wp.com\/joyana.fr\/wp-content\/uploads\/old\/MAISON-ET-OBJET-CIERRE-KARIM-RASHID11.jpg?fit=254%2C389&ssl=1","featured_image_src":"https:\/\/i0.wp.com\/joyana.fr\/wp-content\/uploads\/old\/MAISON-ET-OBJET-CIERRE-KARIM-RASHID11.jpg?resize=576%2C400&ssl=1","featured_image_src_square":"https:\/\/i0.wp.com\/joyana.fr\/wp-content\/uploads\/old\/MAISON-ET-OBJET-CIERRE-KARIM-RASHID11.jpg?resize=576%2C600&ssl=1","jetpack_featured_media_url":"https:\/\/i0.wp.com\/joyana.fr\/wp-content\/uploads\/old\/MAISON-ET-OBJET-CIERRE-KARIM-RASHID11.jpg?fit=576%2C882&ssl=1","uagb_featured_image_src":{"full":["https:\/\/i0.wp.com\/joyana.fr\/wp-content\/uploads\/old\/MAISON-ET-OBJET-CIERRE-KARIM-RASHID11.jpg?fit=576%2C882&ssl=1",576,882,false],"thumbnail":["https:\/\/i0.wp.com\/joyana.fr\/wp-content\/uploads\/old\/MAISON-ET-OBJET-CIERRE-KARIM-RASHID11.jpg?resize=150%2C150&ssl=1",150,150,true],"medium":["https:\/\/i0.wp.com\/joyana.fr\/wp-content\/uploads\/old\/MAISON-ET-OBJET-CIERRE-KARIM-RASHID11.jpg?fit=254%2C389&ssl=1",254,389,true],"medium_large":["https:\/\/i0.wp.com\/joyana.fr\/wp-content\/uploads\/old\/MAISON-ET-OBJET-CIERRE-KARIM-RASHID11.jpg?fit=576%2C882&ssl=1",576,882,true],"large":["https:\/\/i0.wp.com\/joyana.fr\/wp-content\/uploads\/old\/MAISON-ET-OBJET-CIERRE-KARIM-RASHID11.jpg?fit=576%2C882&ssl=1",576,882,true],"1536x1536":["https:\/\/i0.wp.com\/joyana.fr\/wp-content\/uploads\/old\/MAISON-ET-OBJET-CIERRE-KARIM-RASHID11.jpg?fit=576%2C882&ssl=1",576,882,true],"2048x2048":["https:\/\/i0.wp.com\/joyana.fr\/wp-content\/uploads\/old\/MAISON-ET-OBJET-CIERRE-KARIM-RASHID11.jpg?fit=576%2C882&ssl=1",576,882,true],"featured-thumb":["https:\/\/i0.wp.com\/joyana.fr\/wp-content\/uploads\/old\/MAISON-ET-OBJET-CIERRE-KARIM-RASHID11.jpg?resize=576%2C750&ssl=1",576,750,true],"ab-block-post-grid-landscape":["https:\/\/i0.wp.com\/joyana.fr\/wp-content\/uploads\/old\/MAISON-ET-OBJET-CIERRE-KARIM-RASHID11.jpg?resize=576%2C400&ssl=1",576,400,true],"ab-block-post-grid-square":["https:\/\/i0.wp.com\/joyana.fr\/wp-content\/uploads\/old\/MAISON-ET-OBJET-CIERRE-KARIM-RASHID11.jpg?resize=576%2C600&ssl=1",576,600,true],"author-pro-image":["https:\/\/i0.wp.com\/joyana.fr\/wp-content\/uploads\/old\/MAISON-ET-OBJET-CIERRE-KARIM-RASHID11.jpg?resize=360%2C570&ssl=1",360,570,true],"slider":["https:\/\/i0.wp.com\/joyana.fr\/wp-content\/uploads\/old\/MAISON-ET-OBJET-CIERRE-KARIM-RASHID11.jpg?resize=576%2C400&ssl=1",576,400,true],"woocommerce_thumbnail":["https:\/\/i0.wp.com\/joyana.fr\/wp-content\/uploads\/old\/MAISON-ET-OBJET-CIERRE-KARIM-RASHID11.jpg?resize=450%2C450&ssl=1",450,450,true],"woocommerce_single":["https:\/\/i0.wp.com\/joyana.fr\/wp-content\/uploads\/old\/MAISON-ET-OBJET-CIERRE-KARIM-RASHID11.jpg?fit=576%2C882&ssl=1",576,882,true],"woocommerce_gallery_thumbnail":["https:\/\/i0.wp.com\/joyana.fr\/wp-content\/uploads\/old\/MAISON-ET-OBJET-CIERRE-KARIM-RASHID11.jpg?resize=180%2C180&ssl=1",180,180,true],"sow-carousel-default":["https:\/\/i0.wp.com\/joyana.fr\/wp-content\/uploads\/old\/MAISON-ET-OBJET-CIERRE-KARIM-RASHID11.jpg?resize=272%2C182&ssl=1",272,182,true]},"uagb_author_info":{"display_name":"Jo Yana","author_link":"https:\/\/joyana.fr\/en\/author\/joyana\/"},"uagb_comment_info":8,"uagb_excerpt":"Premi\u00e8re d\u00e9couverte de ce Maison &#038; Objet 2011, avec le stand Cierre qui pr\u00e9sentait &#8211; pour la premi\u00e8re fois &#8211; sa collection d&#8217;assises POP sign\u00e9e par Karim Rashid&#8230; Cierre est une entreprise de mobilier bas\u00e9e en Italie, sp\u00e9cialis\u00e9e dans l&#8217;assise. Ils ont faire une enti\u00e8re confiance \u00e0 Karim Rashid pour cette toute nouvelle collection de&hellip;","coauthors":[],"tax_additional":{"categories":{"linked":["<a href=\"https:\/\/joyana.fr\/en\/category\/deco-design\/mobilier\/assise\/\" class=\"advgb-post-tax-term\">Assise<\/a>","<a href=\"https:\/\/joyana.fr\/en\/category\/deco-design\/mobilier\/assise\/canape\/\" class=\"advgb-post-tax-term\">Canap\u00e9<\/a>","<a href=\"https:\/\/joyana.fr\/en\/category\/deco-design\/\" class=\"advgb-post-tax-term\">DECO-DESIGN<\/a>","<a href=\"https:\/\/joyana.fr\/en\/category\/deco-design\/mobilier\/assise\/fauteuil\/\" class=\"advgb-post-tax-term\">Fauteuil<\/a>","<a href=\"https:\/\/joyana.fr\/en\/category\/deco-design\/designer\/karim-rashid\/\" class=\"advgb-post-tax-term\">Karim RASHID<\/a>","<a href=\"https:\/\/joyana.fr\/en\/category\/deco-design\/actualite\/salon\/maison-et-objet\/\" class=\"advgb-post-tax-term\">MAISON &amp; OBJET<\/a>"],"unlinked":["<span class=\"advgb-post-tax-term\">Assise<\/span>","<span class=\"advgb-post-tax-term\">Canap\u00e9<\/span>","<span class=\"advgb-post-tax-term\">DECO-DESIGN<\/span>","<span class=\"advgb-post-tax-term\">Fauteuil<\/span>","<span class=\"advgb-post-tax-term\">Karim RASHID<\/span>","<span class=\"advgb-post-tax-term\">MAISON &amp; OBJET<\/span>"]},"tags":{"linked":["<a href=\"https:\/\/joyana.fr\/en\/category\/deco-design\/actualite\/salon\/maison-et-objet\/\" class=\"advgb-post-tax-term\">DESIGN<\/a>","<a href=\"https:\/\/joyana.fr\/en\/category\/deco-design\/actualite\/salon\/maison-et-objet\/\" class=\"advgb-post-tax-term\">Karim RASHID<\/a>","<a href=\"https:\/\/joyana.fr\/en\/category\/deco-design\/actualite\/salon\/maison-et-objet\/\" class=\"advgb-post-tax-term\">Modulable<\/a>","<a href=\"https:\/\/joyana.fr\/en\/category\/deco-design\/actualite\/salon\/maison-et-objet\/\" class=\"advgb-post-tax-term\">Salons design<\/a>"],"unlinked":["<span class=\"advgb-post-tax-term\">DESIGN<\/span>","<span class=\"advgb-post-tax-term\">Karim RASHID<\/span>","<span class=\"advgb-post-tax-term\">Modulable<\/span>","<span class=\"advgb-post-tax-term\">Salons design<\/span>"]}},"comment_count":8,"relative_dates":{"created":"Posted 15 years ago","modified":"Updated 15 years ago"},"absolute_dates":{"created":"Posted on 22 January 2011","modified":"Updated on 22 January 2011"},"absolute_dates_time":{"created":"Posted on 22 January 2011 7:14","modified":"Updated on 22 January 2011 7:14"},"featured_img_caption":"","series_order":"","jetpack_sharing_enabled":true,"jetpack_shortlink":"https:\/\/wp.me\/p9bteI-rum","jetpack-related-posts":[],"_links":{"self":[{"href":"https:\/\/joyana.fr\/en\/wp-json\/wp\/v2\/posts\/105670","targetHints":{"allow":["GET"]}}],"collection":[{"href":"https:\/\/joyana.fr\/en\/wp-json\/wp\/v2\/posts"}],"about":[{"href":"https:\/\/joyana.fr\/en\/wp-json\/wp\/v2\/types\/post"}],"author":[{"embeddable":true,"href":"https:\/\/joyana.fr\/en\/wp-json\/wp\/v2\/users\/3"}],"replies":[{"embeddable":true,"href":"https:\/\/joyana.fr\/en\/wp-json\/wp\/v2\/comments?post=105670"}],"version-history":[{"count":0,"href":"https:\/\/joyana.fr\/en\/wp-json\/wp\/v2\/posts\/105670\/revisions"}],"wp:featuredmedia":[{"embeddable":true,"href":"https:\/\/joyana.fr\/en\/wp-json\/wp\/v2\/media\/105727"}],"wp:attachment":[{"href":"https:\/\/joyana.fr\/en\/wp-json\/wp\/v2\/media?parent=105670"}],"wp:term":[{"taxonomy":"category","embeddable":true,"href":"https:\/\/joyana.fr\/en\/wp-json\/wp\/v2\/categories?post=105670"},{"taxonomy":"post_tag","embeddable":true,"href":"https:\/\/joyana.fr\/en\/wp-json\/wp\/v2\/tags?post=105670"}],"curies":[{"name":"wp","href":"https:\/\/api.w.org\/{rel}","templated":true}]}}