{"id":105710,"date":"2011-01-25T15:47:41","date_gmt":"2011-01-25T14:47:41","guid":{"rendered":"https:\/\/joyana.fr\/?p=5710"},"modified":"2011-01-25T15:47:41","modified_gmt":"2011-01-25T14:47:41","slug":"maison-objet-2011-alessi-karim-rashid","status":"publish","type":"post","link":"https:\/\/joyana.fr\/en\/maison-objet-2011-alessi-karim-rashid\/105710\/","title":{"rendered":"MAISON &#038; OBJET 2011 : ALESSI x Karim RASHID"},"content":{"rendered":"<p>A chaque <a title=\"MAISON ET OBJET 2011\" href=\"https:\/\/joyana.fr\/category\/actualite\/salon\/maison-et-objet\/\"><strong>Maison &#038; Objet<\/strong><\/a>, notre \u00e9quipe se pr\u00e9cipite sur le stand <strong>Alessi<\/strong> pour d\u00e9couvrir les nouveaut\u00e9s de la c\u00e9l\u00e8bre marque italienne. Cette ann\u00e9e la grosse nouveaut\u00e9 de ce d\u00e9but <strong>2011<\/strong> est sign\u00e9e <a title=\"KARIM RASHID\" href=\"https:\/\/joyana.fr\/category\/designer\/karim-rashid\/\"><strong>Karim Rashid<\/strong><\/a>&#8230;<\/p>\n<p><img data-recalc-dims=\"1\" fetchpriority=\"high\" decoding=\"async\" class=\"alignnone size-full wp-image-5718\" title=\"MAISON &#038; OBJET 2011 : ALESSI\" src=\"https:\/\/i0.wp.com\/joyana.fr\/wp-content\/uploads\/ALESSI_MAISON_ET_OBJET_2011_KARIM_RASHID.jpg?resize=576%2C376&#038;ssl=1\" alt=\"\" width=\"576\" height=\"376\" \/><\/p>\n<p>En effet notre \u00e9quipe a ador\u00e9 la collection HELLRAISER sign\u00e9e par le designer <strong>Karim Rashid<\/strong>, qui se compose d&#8217;un porte-fruits, une corbeille \u00e0 agrumes et un plateau, en acier inoxydable !!! Une collection aux lignes dures et m\u00e9tropolitaines&#8230;<\/p>\n<p><img data-recalc-dims=\"1\" decoding=\"async\" data-attachment-id=\"5719\" data-permalink=\"https:\/\/joyana.fr\/en\/nike-air-max-camo-collection\/5718\/capture-decran-2013-06-27-a-11-27-25\/\" data-orig-file=\"https:\/\/i0.wp.com\/joyana.fr\/wp-content\/uploads\/2013\/06\/Capture-d%E2%80%99%C3%A9cran-2013-06-27-%C3%A0-11.27.25.png?fit=997%2C661&amp;ssl=1\" data-orig-size=\"997,661\" data-comments-opened=\"1\" data-image-meta=\"{&quot;aperture&quot;:&quot;0&quot;,&quot;credit&quot;:&quot;&quot;,&quot;camera&quot;:&quot;&quot;,&quot;caption&quot;:&quot;&quot;,&quot;created_timestamp&quot;:&quot;0&quot;,&quot;copyright&quot;:&quot;&quot;,&quot;focal_length&quot;:&quot;0&quot;,&quot;iso&quot;:&quot;0&quot;,&quot;shutter_speed&quot;:&quot;0&quot;,&quot;title&quot;:&quot;&quot;,&quot;orientation&quot;:&quot;0&quot;}\" data-image-title=\"NIKE Air Max Camo Collection ITALIA\" data-image-description=\"&lt;p&gt;NIKE Air Max Camo Collection ITALIA&lt;\/p&gt;\n\" data-image-caption=\"\" data-medium-file=\"https:\/\/i0.wp.com\/joyana.fr\/wp-content\/uploads\/2013\/06\/Capture-d%E2%80%99%C3%A9cran-2013-06-27-%C3%A0-11.27.25.png?fit=389%2C258&amp;ssl=1\" data-large-file=\"https:\/\/i0.wp.com\/joyana.fr\/wp-content\/uploads\/2013\/06\/Capture-d%E2%80%99%C3%A9cran-2013-06-27-%C3%A0-11.27.25.png?fit=997%2C661&amp;ssl=1\" class=\"alignnone size-full wp-image-5719\" title=\"MAISON &#038; OBJET 2011 : ALESSI\" src=\"https:\/\/i0.wp.com\/joyana.fr\/wp-content\/uploads\/ALESSI_MAISON_ET_OBJET_2011_KARIM_RASHID_2.jpg?resize=576%2C383&#038;ssl=1\" alt=\"\" width=\"576\" height=\"383\" \/><\/p>\n<p><img data-recalc-dims=\"1\" decoding=\"async\" class=\"alignnone size-full wp-image-5717\" title=\"MAISON &#038; OBJET 2011 : ALESSI\" src=\"https:\/\/i0.wp.com\/joyana.fr\/wp-content\/uploads\/ALESSI_MAISON_ET_OBJET_2011_78.jpg?resize=576%2C392&#038;ssl=1\" alt=\"\" width=\"576\" height=\"392\" \/><\/p>\n<p><img data-recalc-dims=\"1\" loading=\"lazy\" decoding=\"async\" class=\"alignnone size-full wp-image-5711\" title=\"MAISON &#038; OBJET 2011 : ALESSI\" src=\"https:\/\/i0.wp.com\/joyana.fr\/wp-content\/uploads\/ALESSI_MAISON_ET_OBJET_2011.jpg?resize=576%2C712&#038;ssl=1\" alt=\"\" width=\"576\" height=\"712\" \/><\/p>\n<p><span style=\"color: #000000;\">.<\/span><\/p>\n<h2 style=\"text-align: center;\">Voici les autres nouveaut\u00e9s du stand <strong>Alessi<\/strong> :<\/h2>\n<p><span style=\"color: #000000;\">.<\/span><\/p>\n<p><img data-recalc-dims=\"1\" loading=\"lazy\" decoding=\"async\" data-attachment-id=\"5716\" data-permalink=\"https:\/\/joyana.fr\/en\/air-max-1-nike-x-liberty-pixel-collection\/5713\/nike-liberty-detail\/\" data-orig-file=\"https:\/\/i0.wp.com\/joyana.fr\/wp-content\/uploads\/2013\/06\/nike-liberty-detail.jpg?fit=800%2C961&amp;ssl=1\" data-orig-size=\"800,961\" data-comments-opened=\"1\" data-image-meta=\"{&quot;aperture&quot;:&quot;0&quot;,&quot;credit&quot;:&quot;&quot;,&quot;camera&quot;:&quot;&quot;,&quot;caption&quot;:&quot;&quot;,&quot;created_timestamp&quot;:&quot;0&quot;,&quot;copyright&quot;:&quot;&quot;,&quot;focal_length&quot;:&quot;0&quot;,&quot;iso&quot;:&quot;0&quot;,&quot;shutter_speed&quot;:&quot;0&quot;,&quot;title&quot;:&quot;&quot;,&quot;orientation&quot;:&quot;0&quot;}\" data-image-title=\"Air Max 1 NIKE x LIBERTY&#8217;S Pixel Collection\" data-image-description=\"&lt;p&gt;Air Max 1 NIKE x LIBERTY&#8217;S Pixel Collection&lt;\/p&gt;\n\" data-image-caption=\"\" data-medium-file=\"https:\/\/i0.wp.com\/joyana.fr\/wp-content\/uploads\/2013\/06\/nike-liberty-detail.jpg?fit=324%2C389&amp;ssl=1\" data-large-file=\"https:\/\/i0.wp.com\/joyana.fr\/wp-content\/uploads\/2013\/06\/nike-liberty-detail.jpg?fit=800%2C961&amp;ssl=1\" class=\"alignnone size-full wp-image-5716\" title=\"MAISON &#038; OBJET 2011 : ALESSI\" src=\"https:\/\/i0.wp.com\/joyana.fr\/wp-content\/uploads\/ALESSI_MAISON_ET_OBJET_2011_77.jpg?resize=576%2C866&#038;ssl=1\" alt=\"\" width=\"576\" height=\"866\" \/><\/p>\n<p><img data-recalc-dims=\"1\" loading=\"lazy\" decoding=\"async\" data-attachment-id=\"5715\" data-permalink=\"https:\/\/joyana.fr\/en\/air-max-1-nike-x-liberty-pixel-collection\/5713\/nike-liberty-airmax\/\" data-orig-file=\"https:\/\/i0.wp.com\/joyana.fr\/wp-content\/uploads\/2013\/06\/nike-liberty-airmax.jpg?fit=800%2C961&amp;ssl=1\" data-orig-size=\"800,961\" data-comments-opened=\"1\" data-image-meta=\"{&quot;aperture&quot;:&quot;0&quot;,&quot;credit&quot;:&quot;&quot;,&quot;camera&quot;:&quot;&quot;,&quot;caption&quot;:&quot;&quot;,&quot;created_timestamp&quot;:&quot;0&quot;,&quot;copyright&quot;:&quot;&quot;,&quot;focal_length&quot;:&quot;0&quot;,&quot;iso&quot;:&quot;0&quot;,&quot;shutter_speed&quot;:&quot;0&quot;,&quot;title&quot;:&quot;&quot;,&quot;orientation&quot;:&quot;0&quot;}\" data-image-title=\"Air Max 1 NIKE x LIBERTY&#8217;S Pixel Collection\" data-image-description=\"&lt;p&gt;Air Max 1 NIKE x LIBERTY&#8217;S Pixel Collection&lt;\/p&gt;\n\" data-image-caption=\"\" data-medium-file=\"https:\/\/i0.wp.com\/joyana.fr\/wp-content\/uploads\/2013\/06\/nike-liberty-airmax.jpg?fit=324%2C389&amp;ssl=1\" data-large-file=\"https:\/\/i0.wp.com\/joyana.fr\/wp-content\/uploads\/2013\/06\/nike-liberty-airmax.jpg?fit=800%2C961&amp;ssl=1\" class=\"alignnone size-full wp-image-5715\" title=\"MAISON &#038; OBJET 2011 : ALESSI\" src=\"https:\/\/i0.wp.com\/joyana.fr\/wp-content\/uploads\/ALESSI_MAISON_ET_OBJET_2011_65.jpg?resize=576%2C378&#038;ssl=1\" alt=\"\" width=\"576\" height=\"378\" \/><\/p>\n<p><img data-recalc-dims=\"1\" loading=\"lazy\" decoding=\"async\" class=\"alignnone size-full wp-image-5713\" title=\"MAISON &#038; OBJET 2011 : ALESSI\" src=\"https:\/\/i0.wp.com\/joyana.fr\/wp-content\/uploads\/ALESSI_MAISON_ET_OBJET_2011_7.jpg?resize=576%2C332&#038;ssl=1\" alt=\"\" width=\"576\" height=\"332\" \/><\/p>\n<p><img data-recalc-dims=\"1\" loading=\"lazy\" decoding=\"async\" data-attachment-id=\"5714\" data-permalink=\"https:\/\/joyana.fr\/en\/air-max-1-nike-x-liberty-pixel-collection\/5713\/nike-liberty-pixel-collaboration\/\" data-orig-file=\"https:\/\/i0.wp.com\/joyana.fr\/wp-content\/uploads\/2013\/06\/nike-liberty-pixel-collaboration.jpg?fit=800%2C483&amp;ssl=1\" data-orig-size=\"800,483\" data-comments-opened=\"1\" data-image-meta=\"{&quot;aperture&quot;:&quot;0&quot;,&quot;credit&quot;:&quot;&quot;,&quot;camera&quot;:&quot;&quot;,&quot;caption&quot;:&quot;&quot;,&quot;created_timestamp&quot;:&quot;0&quot;,&quot;copyright&quot;:&quot;&quot;,&quot;focal_length&quot;:&quot;0&quot;,&quot;iso&quot;:&quot;0&quot;,&quot;shutter_speed&quot;:&quot;0&quot;,&quot;title&quot;:&quot;&quot;,&quot;orientation&quot;:&quot;0&quot;}\" data-image-title=\"nike-liberty-pixel-collaboration\" data-image-description=\"&lt;p&gt;NIKE x LIBERTY&#8217;S Pixel Collection&lt;\/p&gt;\n\" data-image-caption=\"\" data-medium-file=\"https:\/\/i0.wp.com\/joyana.fr\/wp-content\/uploads\/2013\/06\/nike-liberty-pixel-collaboration.jpg?fit=389%2C235&amp;ssl=1\" data-large-file=\"https:\/\/i0.wp.com\/joyana.fr\/wp-content\/uploads\/2013\/06\/nike-liberty-pixel-collaboration.jpg?fit=800%2C483&amp;ssl=1\" class=\"alignnone size-full wp-image-5714\" title=\"MAISON &#038; OBJET 2011 : ALESSI\" src=\"https:\/\/i0.wp.com\/joyana.fr\/wp-content\/uploads\/ALESSI_MAISON_ET_OBJET_2011_9.jpg?resize=576%2C866&#038;ssl=1\" alt=\"\" width=\"576\" height=\"866\" \/><\/p>\n<p><img data-recalc-dims=\"1\" loading=\"lazy\" decoding=\"async\" class=\"alignnone size-full wp-image-5712\" title=\"MAISON &#038; OBJET 2011 : ALESSI\" src=\"https:\/\/i0.wp.com\/joyana.fr\/wp-content\/uploads\/ALESSI_MAISON_ET_OBJET_2011_5.jpg?resize=576%2C383&#038;ssl=1\" alt=\"\" width=\"576\" height=\"383\" \/><\/p>\n<p>En savoir + sur <a title=\"ALESSI\" href=\"http:\/\/www.alessi.com\/en\/\"><strong>ALESSI<\/strong><\/a> &#038; <a title=\"KARIM RASHID\" href=\"http:\/\/www.karimrashid.com\/\"><strong>Karim RASHID<\/strong><\/a><\/p>\n<p>Voir d\u2019autres reportages sur <a title=\"MAISON &#038; OBJET 2011\" href=\"..\/maison-et-objet-2011-janvier-septembre-maisonobjet\/5597\/\"><strong>MAISON &#038; OBJET 2011<\/strong><\/a>\u2026<\/p>\n","protected":false},"excerpt":{"rendered":"<p>A chaque Maison &#038; Objet, notre \u00e9quipe se pr\u00e9cipite sur le stand Alessi pour d\u00e9couvrir les nouveaut\u00e9s de la c\u00e9l\u00e8bre marque italienne. Cette ann\u00e9e la grosse nouveaut\u00e9 de ce d\u00e9but 2011 est sign\u00e9e Karim Rashid&#8230; En effet notre \u00e9quipe a ador\u00e9 la collection HELLRAISER sign\u00e9e par le designer Karim Rashid, qui se compose d&#8217;un porte-fruits, [&hellip;]<\/p>\n","protected":false},"author":3,"featured_media":105718,"comment_status":"open","ping_status":"open","sticky":false,"template":"","format":"standard","meta":{"_coblocks_attr":"","_coblocks_dimensions":"","_coblocks_responsive_height":"","_coblocks_accordion_ie_support":"","_uag_custom_page_level_css":"","advgb_blocks_editor_width":"","advgb_blocks_columns_visual_guide":"","_genesis_hide_title":false,"_genesis_hide_breadcrumbs":false,"_genesis_hide_singular_image":false,"_genesis_hide_footer_widgets":false,"_genesis_custom_body_class":"","_genesis_custom_post_class":"","_genesis_layout":"","_themeisle_gutenberg_block_has_review":false,"_jetpack_newsletter_access":"","_jetpack_dont_email_post_to_subs":false,"_jetpack_newsletter_tier_id":0,"_jetpack_memberships_contains_paywalled_content":false,"_jetpack_memberships_contains_paid_content":false,"footnotes":""},"categories":[906,907,909,905,926,961],"tags":[78,44],"class_list":{"0":"post-105710","1":"post","2":"type-post","3":"status-publish","4":"format-standard","5":"has-post-thumbnail","7":"category-accessoires","8":"category-alessi","9":"category-cuisine","10":"category-deco-design","11":"category-karim-rashid","12":"category-maison-et-objet","13":"tag-design","14":"tag-karim-rashid","15":"entry"},"featured_image_urls":{"full":["https:\/\/i0.wp.com\/joyana.fr\/wp-content\/uploads\/old\/ALESSI_MAISON_ET_OBJET_2011_KARIM_RASHID.jpg?fit=576%2C376&ssl=1",576,376,false],"thumbnail":["https:\/\/i0.wp.com\/joyana.fr\/wp-content\/uploads\/old\/ALESSI_MAISON_ET_OBJET_2011_KARIM_RASHID.jpg?resize=150%2C150&ssl=1",150,150,true],"medium":["https:\/\/i0.wp.com\/joyana.fr\/wp-content\/uploads\/old\/ALESSI_MAISON_ET_OBJET_2011_KARIM_RASHID.jpg?fit=389%2C254&ssl=1",389,254,true],"medium_large":["https:\/\/i0.wp.com\/joyana.fr\/wp-content\/uploads\/old\/ALESSI_MAISON_ET_OBJET_2011_KARIM_RASHID.jpg?fit=576%2C376&ssl=1",576,376,true],"large":["https:\/\/i0.wp.com\/joyana.fr\/wp-content\/uploads\/old\/ALESSI_MAISON_ET_OBJET_2011_KARIM_RASHID.jpg?fit=576%2C376&ssl=1",576,376,true],"1536x1536":["https:\/\/i0.wp.com\/joyana.fr\/wp-content\/uploads\/old\/ALESSI_MAISON_ET_OBJET_2011_KARIM_RASHID.jpg?fit=576%2C376&ssl=1",576,376,true],"2048x2048":["https:\/\/i0.wp.com\/joyana.fr\/wp-content\/uploads\/old\/ALESSI_MAISON_ET_OBJET_2011_KARIM_RASHID.jpg?fit=576%2C376&ssl=1",576,376,true],"featured-thumb":["https:\/\/i0.wp.com\/joyana.fr\/wp-content\/uploads\/old\/ALESSI_MAISON_ET_OBJET_2011_KARIM_RASHID.jpg?resize=576%2C376&ssl=1",576,376,true],"ab-block-post-grid-landscape":["https:\/\/i0.wp.com\/joyana.fr\/wp-content\/uploads\/old\/ALESSI_MAISON_ET_OBJET_2011_KARIM_RASHID.jpg?resize=576%2C376&ssl=1",576,376,true],"ab-block-post-grid-square":["https:\/\/i0.wp.com\/joyana.fr\/wp-content\/uploads\/old\/ALESSI_MAISON_ET_OBJET_2011_KARIM_RASHID.jpg?resize=576%2C376&ssl=1",576,376,true],"author-pro-image":["https:\/\/i0.wp.com\/joyana.fr\/wp-content\/uploads\/old\/ALESSI_MAISON_ET_OBJET_2011_KARIM_RASHID.jpg?resize=360%2C376&ssl=1",360,376,true],"slider":["https:\/\/i0.wp.com\/joyana.fr\/wp-content\/uploads\/old\/ALESSI_MAISON_ET_OBJET_2011_KARIM_RASHID.jpg?resize=576%2C376&ssl=1",576,376,true],"woocommerce_thumbnail":["https:\/\/i0.wp.com\/joyana.fr\/wp-content\/uploads\/old\/ALESSI_MAISON_ET_OBJET_2011_KARIM_RASHID.jpg?resize=450%2C376&ssl=1",450,376,true],"woocommerce_single":["https:\/\/i0.wp.com\/joyana.fr\/wp-content\/uploads\/old\/ALESSI_MAISON_ET_OBJET_2011_KARIM_RASHID.jpg?fit=576%2C376&ssl=1",576,376,true],"woocommerce_gallery_thumbnail":["https:\/\/i0.wp.com\/joyana.fr\/wp-content\/uploads\/old\/ALESSI_MAISON_ET_OBJET_2011_KARIM_RASHID.jpg?resize=180%2C180&ssl=1",180,180,true],"sow-carousel-default":["https:\/\/i0.wp.com\/joyana.fr\/wp-content\/uploads\/old\/ALESSI_MAISON_ET_OBJET_2011_KARIM_RASHID.jpg?resize=272%2C182&ssl=1",272,182,true]},"post_excerpt_stackable":"<p>A chaque Maison &#038; Objet, notre \u00e9quipe se pr\u00e9cipite sur le stand Alessi pour d\u00e9couvrir les nouveaut\u00e9s de la c\u00e9l\u00e8bre marque italienne. Cette ann\u00e9e la grosse nouveaut\u00e9 de ce d\u00e9but 2011 est sign\u00e9e Karim Rashid&#8230; En effet notre \u00e9quipe a ador\u00e9 la collection HELLRAISER sign\u00e9e par le designer Karim Rashid, qui se compose d&#8217;un porte-fruits, une corbeille \u00e0 agrumes et un plateau, en acier inoxydable !!! Une collection aux lignes dures et m\u00e9tropolitaines&#8230; . Voici les autres nouveaut\u00e9s du stand Alessi : . En savoir + sur ALESSI &#038; Karim RASHID Voir d\u2019autres reportages sur MAISON &#038; OBJET 2011\u2026<\/p>\n","category_list":"<a href=\"https:\/\/joyana.fr\/en\/category\/deco-design\/decoration\/accessoires\/\" rel=\"category tag\">Accessoires<\/a>, <a href=\"https:\/\/joyana.fr\/en\/category\/marques\/alessi\/\" rel=\"category tag\">Alessi<\/a>, <a href=\"https:\/\/joyana.fr\/en\/category\/deco-design\/decoration\/cuisine\/\" rel=\"category tag\">Cuisine<\/a>, <a href=\"https:\/\/joyana.fr\/en\/category\/deco-design\/\" rel=\"category tag\">DECO-DESIGN<\/a>, <a href=\"https:\/\/joyana.fr\/en\/category\/deco-design\/designer\/karim-rashid\/\" rel=\"category tag\">Karim RASHID<\/a>, <a href=\"https:\/\/joyana.fr\/en\/category\/deco-design\/actualite\/salon\/maison-et-objet\/\" rel=\"category tag\">MAISON &amp; OBJET<\/a>","author_info":{"display_name":"Jo Yana","author_link":"https:\/\/joyana.fr\/en\/author\/joyana\/"},"comments_num":"8 comments","featured_image_urls_v2":{"full":["https:\/\/i0.wp.com\/joyana.fr\/wp-content\/uploads\/old\/ALESSI_MAISON_ET_OBJET_2011_KARIM_RASHID.jpg?fit=576%2C376&ssl=1",576,376,false],"thumbnail":["https:\/\/i0.wp.com\/joyana.fr\/wp-content\/uploads\/old\/ALESSI_MAISON_ET_OBJET_2011_KARIM_RASHID.jpg?resize=150%2C150&ssl=1",150,150,true],"medium":["https:\/\/i0.wp.com\/joyana.fr\/wp-content\/uploads\/old\/ALESSI_MAISON_ET_OBJET_2011_KARIM_RASHID.jpg?fit=389%2C254&ssl=1",389,254,true],"medium_large":["https:\/\/i0.wp.com\/joyana.fr\/wp-content\/uploads\/old\/ALESSI_MAISON_ET_OBJET_2011_KARIM_RASHID.jpg?fit=576%2C376&ssl=1",576,376,true],"large":["https:\/\/i0.wp.com\/joyana.fr\/wp-content\/uploads\/old\/ALESSI_MAISON_ET_OBJET_2011_KARIM_RASHID.jpg?fit=576%2C376&ssl=1",576,376,true],"1536x1536":["https:\/\/i0.wp.com\/joyana.fr\/wp-content\/uploads\/old\/ALESSI_MAISON_ET_OBJET_2011_KARIM_RASHID.jpg?fit=576%2C376&ssl=1",576,376,true],"2048x2048":["https:\/\/i0.wp.com\/joyana.fr\/wp-content\/uploads\/old\/ALESSI_MAISON_ET_OBJET_2011_KARIM_RASHID.jpg?fit=576%2C376&ssl=1",576,376,true],"featured-thumb":["https:\/\/i0.wp.com\/joyana.fr\/wp-content\/uploads\/old\/ALESSI_MAISON_ET_OBJET_2011_KARIM_RASHID.jpg?resize=576%2C376&ssl=1",576,376,true],"ab-block-post-grid-landscape":["https:\/\/i0.wp.com\/joyana.fr\/wp-content\/uploads\/old\/ALESSI_MAISON_ET_OBJET_2011_KARIM_RASHID.jpg?resize=576%2C376&ssl=1",576,376,true],"ab-block-post-grid-square":["https:\/\/i0.wp.com\/joyana.fr\/wp-content\/uploads\/old\/ALESSI_MAISON_ET_OBJET_2011_KARIM_RASHID.jpg?resize=576%2C376&ssl=1",576,376,true],"author-pro-image":["https:\/\/i0.wp.com\/joyana.fr\/wp-content\/uploads\/old\/ALESSI_MAISON_ET_OBJET_2011_KARIM_RASHID.jpg?resize=360%2C376&ssl=1",360,376,true],"slider":["https:\/\/i0.wp.com\/joyana.fr\/wp-content\/uploads\/old\/ALESSI_MAISON_ET_OBJET_2011_KARIM_RASHID.jpg?resize=576%2C376&ssl=1",576,376,true],"woocommerce_thumbnail":["https:\/\/i0.wp.com\/joyana.fr\/wp-content\/uploads\/old\/ALESSI_MAISON_ET_OBJET_2011_KARIM_RASHID.jpg?resize=450%2C376&ssl=1",450,376,true],"woocommerce_single":["https:\/\/i0.wp.com\/joyana.fr\/wp-content\/uploads\/old\/ALESSI_MAISON_ET_OBJET_2011_KARIM_RASHID.jpg?fit=576%2C376&ssl=1",576,376,true],"woocommerce_gallery_thumbnail":["https:\/\/i0.wp.com\/joyana.fr\/wp-content\/uploads\/old\/ALESSI_MAISON_ET_OBJET_2011_KARIM_RASHID.jpg?resize=180%2C180&ssl=1",180,180,true],"sow-carousel-default":["https:\/\/i0.wp.com\/joyana.fr\/wp-content\/uploads\/old\/ALESSI_MAISON_ET_OBJET_2011_KARIM_RASHID.jpg?resize=272%2C182&ssl=1",272,182,true]},"post_excerpt_stackable_v2":"<p>A chaque Maison &#038; Objet, notre \u00e9quipe se pr\u00e9cipite sur le stand Alessi pour d\u00e9couvrir les nouveaut\u00e9s de la c\u00e9l\u00e8bre marque italienne. Cette ann\u00e9e la grosse nouveaut\u00e9 de ce d\u00e9but 2011 est sign\u00e9e Karim Rashid&#8230; En effet notre \u00e9quipe a ador\u00e9 la collection HELLRAISER sign\u00e9e par le designer Karim Rashid, qui se compose d&#8217;un porte-fruits, une corbeille \u00e0 agrumes et un plateau, en acier inoxydable !!! Une collection aux lignes dures et m\u00e9tropolitaines&#8230; . Voici les autres nouveaut\u00e9s du stand Alessi : . En savoir + sur ALESSI &#038; Karim RASHID Voir d\u2019autres reportages sur MAISON &#038; OBJET 2011\u2026<\/p>\n","category_list_v2":"<a href=\"https:\/\/joyana.fr\/en\/category\/deco-design\/decoration\/accessoires\/\" rel=\"category tag\">Accessoires<\/a>, <a href=\"https:\/\/joyana.fr\/en\/category\/marques\/alessi\/\" rel=\"category tag\">Alessi<\/a>, <a href=\"https:\/\/joyana.fr\/en\/category\/deco-design\/decoration\/cuisine\/\" rel=\"category tag\">Cuisine<\/a>, <a href=\"https:\/\/joyana.fr\/en\/category\/deco-design\/\" rel=\"category tag\">DECO-DESIGN<\/a>, <a href=\"https:\/\/joyana.fr\/en\/category\/deco-design\/designer\/karim-rashid\/\" rel=\"category tag\">Karim RASHID<\/a>, <a href=\"https:\/\/joyana.fr\/en\/category\/deco-design\/actualite\/salon\/maison-et-objet\/\" rel=\"category tag\">MAISON &amp; OBJET<\/a>","author_info_v2":{"name":"Jo Yana","url":"https:\/\/joyana.fr\/en\/author\/joyana\/"},"comments_num_v2":"8 comments","yoast_head":"<!-- This site is optimized with the Yoast SEO plugin v26.8 - https:\/\/yoast.com\/product\/yoast-seo-wordpress\/ -->\n<title>MAISON &amp; OBJET 2011 : ALESSI x Karim RASHID - JO YANA<\/title>\n<meta name=\"robots\" content=\"index, follow, max-snippet:-1, max-image-preview:large, max-video-preview:-1\" \/>\n<link rel=\"canonical\" href=\"https:\/\/joyana.fr\/en\/maison-objet-2011-alessi-karim-rashid\/105710\/\" \/>\n<meta property=\"og:locale\" content=\"en_US\" \/>\n<meta property=\"og:locale:alternate\" content=\"fr_FR\" \/>\n<meta property=\"og:locale:alternate\" content=\"ja\" \/>\n<meta property=\"og:type\" content=\"article\" \/>\n<meta property=\"og:title\" content=\"MAISON &amp; OBJET 2011 : ALESSI x Karim RASHID - JO YANA\" \/>\n<meta property=\"og:description\" content=\"A chaque Maison &amp; Objet, notre \u00e9quipe se pr\u00e9cipite sur le stand Alessi pour d\u00e9couvrir les nouveaut\u00e9s de la c\u00e9l\u00e8bre marque italienne. Cette ann\u00e9e la grosse nouveaut\u00e9 de ce d\u00e9but 2011 est sign\u00e9e Karim Rashid&#8230; En effet notre \u00e9quipe a ador\u00e9 la collection HELLRAISER sign\u00e9e par le designer Karim Rashid, qui se compose d&#8217;un porte-fruits, [&hellip;]\" \/>\n<meta property=\"og:url\" content=\"https:\/\/joyana.fr\/en\/maison-objet-2011-alessi-karim-rashid\/105710\/\" \/>\n<meta property=\"og:site_name\" content=\"JO YANA\" \/>\n<meta property=\"article:published_time\" content=\"2011-01-25T14:47:41+00:00\" \/>\n<meta property=\"og:image\" content=\"https:\/\/joyana.fr\/wp-content\/uploads\/old\/ALESSI_MAISON_ET_OBJET_2011_KARIM_RASHID.jpg\" \/>\n\t<meta property=\"og:image:width\" content=\"576\" \/>\n\t<meta property=\"og:image:height\" content=\"376\" \/>\n\t<meta property=\"og:image:type\" content=\"image\/jpeg\" \/>\n<meta name=\"author\" content=\"Jo Yana\" \/>\n<meta name=\"twitter:card\" content=\"summary_large_image\" \/>\n<meta name=\"twitter:creator\" content=\"@Jo_Yana\" \/>\n<meta name=\"twitter:site\" content=\"@Jo_Yana\" \/>\n<meta name=\"twitter:label1\" content=\"Written by\" \/>\n\t<meta name=\"twitter:data1\" content=\"Jo Yana\" \/>\n\t<meta name=\"twitter:label2\" content=\"Est. reading time\" \/>\n\t<meta name=\"twitter:data2\" content=\"1 minute\" \/>\n<script type=\"application\/ld+json\" class=\"yoast-schema-graph\">{\"@context\":\"https:\/\/schema.org\",\"@graph\":[{\"@type\":\"Article\",\"@id\":\"https:\/\/joyana.fr\/maison-objet-2011-alessi-karim-rashid\/105710\/#article\",\"isPartOf\":{\"@id\":\"https:\/\/joyana.fr\/maison-objet-2011-alessi-karim-rashid\/105710\/\"},\"author\":{\"name\":\"Jo Yana\",\"@id\":\"https:\/\/www.joyana.fr\/#\/schema\/person\/cf2a1ad12a27c12c21801075bf37407c\"},\"headline\":\"MAISON &#038; OBJET 2011 : ALESSI x Karim RASHID\",\"datePublished\":\"2011-01-25T14:47:41+00:00\",\"mainEntityOfPage\":{\"@id\":\"https:\/\/joyana.fr\/maison-objet-2011-alessi-karim-rashid\/105710\/\"},\"wordCount\":107,\"commentCount\":0,\"publisher\":{\"@id\":\"https:\/\/www.joyana.fr\/#\/schema\/person\/cf2a1ad12a27c12c21801075bf37407c\"},\"image\":{\"@id\":\"https:\/\/joyana.fr\/maison-objet-2011-alessi-karim-rashid\/105710\/#primaryimage\"},\"thumbnailUrl\":\"https:\/\/i0.wp.com\/joyana.fr\/wp-content\/uploads\/old\/ALESSI_MAISON_ET_OBJET_2011_KARIM_RASHID.jpg?fit=576%2C376&ssl=1\",\"keywords\":[\"DESIGN\",\"Karim RASHID\"],\"articleSection\":[\"Accessoires\",\"Alessi\",\"Cuisine\",\"DECO-DESIGN\",\"Karim RASHID\",\"MAISON &amp; OBJET\"],\"inLanguage\":\"en-US\",\"potentialAction\":[{\"@type\":\"CommentAction\",\"name\":\"Comment\",\"target\":[\"https:\/\/joyana.fr\/maison-objet-2011-alessi-karim-rashid\/105710\/#respond\"]}]},{\"@type\":\"WebPage\",\"@id\":\"https:\/\/joyana.fr\/maison-objet-2011-alessi-karim-rashid\/105710\/\",\"url\":\"https:\/\/joyana.fr\/maison-objet-2011-alessi-karim-rashid\/105710\/\",\"name\":\"MAISON & OBJET 2011 : ALESSI x Karim RASHID - JO YANA\",\"isPartOf\":{\"@id\":\"https:\/\/www.joyana.fr\/#website\"},\"primaryImageOfPage\":{\"@id\":\"https:\/\/joyana.fr\/maison-objet-2011-alessi-karim-rashid\/105710\/#primaryimage\"},\"image\":{\"@id\":\"https:\/\/joyana.fr\/maison-objet-2011-alessi-karim-rashid\/105710\/#primaryimage\"},\"thumbnailUrl\":\"https:\/\/i0.wp.com\/joyana.fr\/wp-content\/uploads\/old\/ALESSI_MAISON_ET_OBJET_2011_KARIM_RASHID.jpg?fit=576%2C376&ssl=1\",\"datePublished\":\"2011-01-25T14:47:41+00:00\",\"breadcrumb\":{\"@id\":\"https:\/\/joyana.fr\/maison-objet-2011-alessi-karim-rashid\/105710\/#breadcrumb\"},\"inLanguage\":\"en-US\",\"potentialAction\":[{\"@type\":\"ReadAction\",\"target\":[\"https:\/\/joyana.fr\/maison-objet-2011-alessi-karim-rashid\/105710\/\"]}]},{\"@type\":\"ImageObject\",\"inLanguage\":\"en-US\",\"@id\":\"https:\/\/joyana.fr\/maison-objet-2011-alessi-karim-rashid\/105710\/#primaryimage\",\"url\":\"https:\/\/i0.wp.com\/joyana.fr\/wp-content\/uploads\/old\/ALESSI_MAISON_ET_OBJET_2011_KARIM_RASHID.jpg?fit=576%2C376&ssl=1\",\"contentUrl\":\"https:\/\/i0.wp.com\/joyana.fr\/wp-content\/uploads\/old\/ALESSI_MAISON_ET_OBJET_2011_KARIM_RASHID.jpg?fit=576%2C376&ssl=1\",\"width\":576,\"height\":376},{\"@type\":\"BreadcrumbList\",\"@id\":\"https:\/\/joyana.fr\/maison-objet-2011-alessi-karim-rashid\/105710\/#breadcrumb\",\"itemListElement\":[{\"@type\":\"ListItem\",\"position\":1,\"name\":\"Accueil\",\"item\":\"https:\/\/www.joyana.fr\/\"},{\"@type\":\"ListItem\",\"position\":2,\"name\":\"MAISON &#038; OBJET 2011 : ALESSI x Karim RASHID\"}]},{\"@type\":\"WebSite\",\"@id\":\"https:\/\/www.joyana.fr\/#website\",\"url\":\"https:\/\/www.joyana.fr\/\",\"name\":\"JO YANA\",\"description\":\"Blog Mode Homme, Lifestyle, D\u00e9co-Design\",\"publisher\":{\"@id\":\"https:\/\/www.joyana.fr\/#\/schema\/person\/cf2a1ad12a27c12c21801075bf37407c\"},\"potentialAction\":[{\"@type\":\"SearchAction\",\"target\":{\"@type\":\"EntryPoint\",\"urlTemplate\":\"https:\/\/www.joyana.fr\/?s={search_term_string}\"},\"query-input\":{\"@type\":\"PropertyValueSpecification\",\"valueRequired\":true,\"valueName\":\"search_term_string\"}}],\"inLanguage\":\"en-US\"},{\"@type\":[\"Person\",\"Organization\"],\"@id\":\"https:\/\/www.joyana.fr\/#\/schema\/person\/cf2a1ad12a27c12c21801075bf37407c\",\"name\":\"Jo Yana\",\"image\":{\"@type\":\"ImageObject\",\"inLanguage\":\"en-US\",\"@id\":\"https:\/\/www.joyana.fr\/#\/schema\/person\/image\/\",\"url\":\"https:\/\/i0.wp.com\/joyana.fr\/wp-content\/uploads\/2016\/08\/cropped-joyana-logo-black-360x180.png?fit=343%2C164&ssl=1\",\"contentUrl\":\"https:\/\/i0.wp.com\/joyana.fr\/wp-content\/uploads\/2016\/08\/cropped-joyana-logo-black-360x180.png?fit=343%2C164&ssl=1\",\"width\":343,\"height\":164,\"caption\":\"Jo Yana\"},\"logo\":{\"@id\":\"https:\/\/www.joyana.fr\/#\/schema\/person\/image\/\"},\"description\":\"Jo Yana est le cr\u00e9ateur et r\u00e9dacteur en chef des sites DECO-DESIGN. Passionn\u00e9 de Design, Mode, Photo, Luxe, Lifestyle, Musique, mais avant tout Blogueur ! Le plaisir de partager l'anime et a comme devise \\\"POUR L'AMOUR DU BEAU\\\". Retrouvez le aussi sur son blog personnel - https:\/\/joyana.fr...\",\"sameAs\":[\"https:\/\/joyana.fr\/\"],\"url\":\"https:\/\/joyana.fr\/en\/author\/joyana\/\"}]}<\/script>\n<!-- \/ Yoast SEO plugin. -->","yoast_head_json":{"title":"MAISON & OBJET 2011 : ALESSI x Karim RASHID - JO YANA","robots":{"index":"index","follow":"follow","max-snippet":"max-snippet:-1","max-image-preview":"max-image-preview:large","max-video-preview":"max-video-preview:-1"},"canonical":"https:\/\/joyana.fr\/en\/maison-objet-2011-alessi-karim-rashid\/105710\/","og_locale":"en_US","og_type":"article","og_title":"MAISON & OBJET 2011 : ALESSI x Karim RASHID - JO YANA","og_description":"A chaque Maison &#038; Objet, notre \u00e9quipe se pr\u00e9cipite sur le stand Alessi pour d\u00e9couvrir les nouveaut\u00e9s de la c\u00e9l\u00e8bre marque italienne. Cette ann\u00e9e la grosse nouveaut\u00e9 de ce d\u00e9but 2011 est sign\u00e9e Karim Rashid&#8230; En effet notre \u00e9quipe a ador\u00e9 la collection HELLRAISER sign\u00e9e par le designer Karim Rashid, qui se compose d&#8217;un porte-fruits, [&hellip;]","og_url":"https:\/\/joyana.fr\/en\/maison-objet-2011-alessi-karim-rashid\/105710\/","og_site_name":"JO YANA","article_published_time":"2011-01-25T14:47:41+00:00","og_image":[{"width":576,"height":376,"url":"https:\/\/joyana.fr\/wp-content\/uploads\/old\/ALESSI_MAISON_ET_OBJET_2011_KARIM_RASHID.jpg","type":"image\/jpeg"}],"author":"Jo Yana","twitter_card":"summary_large_image","twitter_creator":"@Jo_Yana","twitter_site":"@Jo_Yana","twitter_misc":{"Written by":"Jo Yana","Est. reading time":"1 minute"},"schema":{"@context":"https:\/\/schema.org","@graph":[{"@type":"Article","@id":"https:\/\/joyana.fr\/maison-objet-2011-alessi-karim-rashid\/105710\/#article","isPartOf":{"@id":"https:\/\/joyana.fr\/maison-objet-2011-alessi-karim-rashid\/105710\/"},"author":{"name":"Jo Yana","@id":"https:\/\/www.joyana.fr\/#\/schema\/person\/cf2a1ad12a27c12c21801075bf37407c"},"headline":"MAISON &#038; OBJET 2011 : ALESSI x Karim RASHID","datePublished":"2011-01-25T14:47:41+00:00","mainEntityOfPage":{"@id":"https:\/\/joyana.fr\/maison-objet-2011-alessi-karim-rashid\/105710\/"},"wordCount":107,"commentCount":0,"publisher":{"@id":"https:\/\/www.joyana.fr\/#\/schema\/person\/cf2a1ad12a27c12c21801075bf37407c"},"image":{"@id":"https:\/\/joyana.fr\/maison-objet-2011-alessi-karim-rashid\/105710\/#primaryimage"},"thumbnailUrl":"https:\/\/i0.wp.com\/joyana.fr\/wp-content\/uploads\/old\/ALESSI_MAISON_ET_OBJET_2011_KARIM_RASHID.jpg?fit=576%2C376&ssl=1","keywords":["DESIGN","Karim RASHID"],"articleSection":["Accessoires","Alessi","Cuisine","DECO-DESIGN","Karim RASHID","MAISON &amp; OBJET"],"inLanguage":"en-US","potentialAction":[{"@type":"CommentAction","name":"Comment","target":["https:\/\/joyana.fr\/maison-objet-2011-alessi-karim-rashid\/105710\/#respond"]}]},{"@type":"WebPage","@id":"https:\/\/joyana.fr\/maison-objet-2011-alessi-karim-rashid\/105710\/","url":"https:\/\/joyana.fr\/maison-objet-2011-alessi-karim-rashid\/105710\/","name":"MAISON & OBJET 2011 : ALESSI x Karim RASHID - JO YANA","isPartOf":{"@id":"https:\/\/www.joyana.fr\/#website"},"primaryImageOfPage":{"@id":"https:\/\/joyana.fr\/maison-objet-2011-alessi-karim-rashid\/105710\/#primaryimage"},"image":{"@id":"https:\/\/joyana.fr\/maison-objet-2011-alessi-karim-rashid\/105710\/#primaryimage"},"thumbnailUrl":"https:\/\/i0.wp.com\/joyana.fr\/wp-content\/uploads\/old\/ALESSI_MAISON_ET_OBJET_2011_KARIM_RASHID.jpg?fit=576%2C376&ssl=1","datePublished":"2011-01-25T14:47:41+00:00","breadcrumb":{"@id":"https:\/\/joyana.fr\/maison-objet-2011-alessi-karim-rashid\/105710\/#breadcrumb"},"inLanguage":"en-US","potentialAction":[{"@type":"ReadAction","target":["https:\/\/joyana.fr\/maison-objet-2011-alessi-karim-rashid\/105710\/"]}]},{"@type":"ImageObject","inLanguage":"en-US","@id":"https:\/\/joyana.fr\/maison-objet-2011-alessi-karim-rashid\/105710\/#primaryimage","url":"https:\/\/i0.wp.com\/joyana.fr\/wp-content\/uploads\/old\/ALESSI_MAISON_ET_OBJET_2011_KARIM_RASHID.jpg?fit=576%2C376&ssl=1","contentUrl":"https:\/\/i0.wp.com\/joyana.fr\/wp-content\/uploads\/old\/ALESSI_MAISON_ET_OBJET_2011_KARIM_RASHID.jpg?fit=576%2C376&ssl=1","width":576,"height":376},{"@type":"BreadcrumbList","@id":"https:\/\/joyana.fr\/maison-objet-2011-alessi-karim-rashid\/105710\/#breadcrumb","itemListElement":[{"@type":"ListItem","position":1,"name":"Accueil","item":"https:\/\/www.joyana.fr\/"},{"@type":"ListItem","position":2,"name":"MAISON &#038; OBJET 2011 : ALESSI x Karim RASHID"}]},{"@type":"WebSite","@id":"https:\/\/www.joyana.fr\/#website","url":"https:\/\/www.joyana.fr\/","name":"JO YANA","description":"Blog Mode Homme, Lifestyle, D\u00e9co-Design","publisher":{"@id":"https:\/\/www.joyana.fr\/#\/schema\/person\/cf2a1ad12a27c12c21801075bf37407c"},"potentialAction":[{"@type":"SearchAction","target":{"@type":"EntryPoint","urlTemplate":"https:\/\/www.joyana.fr\/?s={search_term_string}"},"query-input":{"@type":"PropertyValueSpecification","valueRequired":true,"valueName":"search_term_string"}}],"inLanguage":"en-US"},{"@type":["Person","Organization"],"@id":"https:\/\/www.joyana.fr\/#\/schema\/person\/cf2a1ad12a27c12c21801075bf37407c","name":"Jo Yana","image":{"@type":"ImageObject","inLanguage":"en-US","@id":"https:\/\/www.joyana.fr\/#\/schema\/person\/image\/","url":"https:\/\/i0.wp.com\/joyana.fr\/wp-content\/uploads\/2016\/08\/cropped-joyana-logo-black-360x180.png?fit=343%2C164&ssl=1","contentUrl":"https:\/\/i0.wp.com\/joyana.fr\/wp-content\/uploads\/2016\/08\/cropped-joyana-logo-black-360x180.png?fit=343%2C164&ssl=1","width":343,"height":164,"caption":"Jo Yana"},"logo":{"@id":"https:\/\/www.joyana.fr\/#\/schema\/person\/image\/"},"description":"Jo Yana est le cr\u00e9ateur et r\u00e9dacteur en chef des sites DECO-DESIGN. Passionn\u00e9 de Design, Mode, Photo, Luxe, Lifestyle, Musique, mais avant tout Blogueur ! Le plaisir de partager l'anime et a comme devise \"POUR L'AMOUR DU BEAU\". Retrouvez le aussi sur son blog personnel - https:\/\/joyana.fr...","sameAs":["https:\/\/joyana.fr\/"],"url":"https:\/\/joyana.fr\/en\/author\/joyana\/"}]}},"author_meta":{"display_name":"Jo Yana","author_link":"https:\/\/joyana.fr\/en\/author\/joyana\/"},"featured_img":"https:\/\/i0.wp.com\/joyana.fr\/wp-content\/uploads\/old\/ALESSI_MAISON_ET_OBJET_2011_KARIM_RASHID.jpg?fit=389%2C254&ssl=1","featured_image_src":"https:\/\/i0.wp.com\/joyana.fr\/wp-content\/uploads\/old\/ALESSI_MAISON_ET_OBJET_2011_KARIM_RASHID.jpg?resize=576%2C376&ssl=1","featured_image_src_square":"https:\/\/i0.wp.com\/joyana.fr\/wp-content\/uploads\/old\/ALESSI_MAISON_ET_OBJET_2011_KARIM_RASHID.jpg?resize=576%2C376&ssl=1","jetpack_featured_media_url":"https:\/\/i0.wp.com\/joyana.fr\/wp-content\/uploads\/old\/ALESSI_MAISON_ET_OBJET_2011_KARIM_RASHID.jpg?fit=576%2C376&ssl=1","uagb_featured_image_src":{"full":["https:\/\/i0.wp.com\/joyana.fr\/wp-content\/uploads\/old\/ALESSI_MAISON_ET_OBJET_2011_KARIM_RASHID.jpg?fit=576%2C376&ssl=1",576,376,false],"thumbnail":["https:\/\/i0.wp.com\/joyana.fr\/wp-content\/uploads\/old\/ALESSI_MAISON_ET_OBJET_2011_KARIM_RASHID.jpg?resize=150%2C150&ssl=1",150,150,true],"medium":["https:\/\/i0.wp.com\/joyana.fr\/wp-content\/uploads\/old\/ALESSI_MAISON_ET_OBJET_2011_KARIM_RASHID.jpg?fit=389%2C254&ssl=1",389,254,true],"medium_large":["https:\/\/i0.wp.com\/joyana.fr\/wp-content\/uploads\/old\/ALESSI_MAISON_ET_OBJET_2011_KARIM_RASHID.jpg?fit=576%2C376&ssl=1",576,376,true],"large":["https:\/\/i0.wp.com\/joyana.fr\/wp-content\/uploads\/old\/ALESSI_MAISON_ET_OBJET_2011_KARIM_RASHID.jpg?fit=576%2C376&ssl=1",576,376,true],"1536x1536":["https:\/\/i0.wp.com\/joyana.fr\/wp-content\/uploads\/old\/ALESSI_MAISON_ET_OBJET_2011_KARIM_RASHID.jpg?fit=576%2C376&ssl=1",576,376,true],"2048x2048":["https:\/\/i0.wp.com\/joyana.fr\/wp-content\/uploads\/old\/ALESSI_MAISON_ET_OBJET_2011_KARIM_RASHID.jpg?fit=576%2C376&ssl=1",576,376,true],"featured-thumb":["https:\/\/i0.wp.com\/joyana.fr\/wp-content\/uploads\/old\/ALESSI_MAISON_ET_OBJET_2011_KARIM_RASHID.jpg?resize=576%2C376&ssl=1",576,376,true],"ab-block-post-grid-landscape":["https:\/\/i0.wp.com\/joyana.fr\/wp-content\/uploads\/old\/ALESSI_MAISON_ET_OBJET_2011_KARIM_RASHID.jpg?resize=576%2C376&ssl=1",576,376,true],"ab-block-post-grid-square":["https:\/\/i0.wp.com\/joyana.fr\/wp-content\/uploads\/old\/ALESSI_MAISON_ET_OBJET_2011_KARIM_RASHID.jpg?resize=576%2C376&ssl=1",576,376,true],"author-pro-image":["https:\/\/i0.wp.com\/joyana.fr\/wp-content\/uploads\/old\/ALESSI_MAISON_ET_OBJET_2011_KARIM_RASHID.jpg?resize=360%2C376&ssl=1",360,376,true],"slider":["https:\/\/i0.wp.com\/joyana.fr\/wp-content\/uploads\/old\/ALESSI_MAISON_ET_OBJET_2011_KARIM_RASHID.jpg?resize=576%2C376&ssl=1",576,376,true],"woocommerce_thumbnail":["https:\/\/i0.wp.com\/joyana.fr\/wp-content\/uploads\/old\/ALESSI_MAISON_ET_OBJET_2011_KARIM_RASHID.jpg?resize=450%2C376&ssl=1",450,376,true],"woocommerce_single":["https:\/\/i0.wp.com\/joyana.fr\/wp-content\/uploads\/old\/ALESSI_MAISON_ET_OBJET_2011_KARIM_RASHID.jpg?fit=576%2C376&ssl=1",576,376,true],"woocommerce_gallery_thumbnail":["https:\/\/i0.wp.com\/joyana.fr\/wp-content\/uploads\/old\/ALESSI_MAISON_ET_OBJET_2011_KARIM_RASHID.jpg?resize=180%2C180&ssl=1",180,180,true],"sow-carousel-default":["https:\/\/i0.wp.com\/joyana.fr\/wp-content\/uploads\/old\/ALESSI_MAISON_ET_OBJET_2011_KARIM_RASHID.jpg?resize=272%2C182&ssl=1",272,182,true]},"uagb_author_info":{"display_name":"Jo Yana","author_link":"https:\/\/joyana.fr\/en\/author\/joyana\/"},"uagb_comment_info":8,"uagb_excerpt":"A chaque Maison &#038; Objet, notre \u00e9quipe se pr\u00e9cipite sur le stand Alessi pour d\u00e9couvrir les nouveaut\u00e9s de la c\u00e9l\u00e8bre marque italienne. Cette ann\u00e9e la grosse nouveaut\u00e9 de ce d\u00e9but 2011 est sign\u00e9e Karim Rashid&#8230; En effet notre \u00e9quipe a ador\u00e9 la collection HELLRAISER sign\u00e9e par le designer Karim Rashid, qui se compose d&#8217;un porte-fruits,&hellip;","coauthors":[],"tax_additional":{"categories":{"linked":["<a href=\"https:\/\/joyana.fr\/en\/category\/deco-design\/decoration\/accessoires\/\" class=\"advgb-post-tax-term\">Accessoires<\/a>","<a href=\"https:\/\/joyana.fr\/en\/category\/marques\/alessi\/\" class=\"advgb-post-tax-term\">Alessi<\/a>","<a href=\"https:\/\/joyana.fr\/en\/category\/deco-design\/decoration\/cuisine\/\" class=\"advgb-post-tax-term\">Cuisine<\/a>","<a href=\"https:\/\/joyana.fr\/en\/category\/deco-design\/\" class=\"advgb-post-tax-term\">DECO-DESIGN<\/a>","<a href=\"https:\/\/joyana.fr\/en\/category\/deco-design\/designer\/karim-rashid\/\" class=\"advgb-post-tax-term\">Karim RASHID<\/a>","<a href=\"https:\/\/joyana.fr\/en\/category\/deco-design\/actualite\/salon\/maison-et-objet\/\" class=\"advgb-post-tax-term\">MAISON &amp; OBJET<\/a>"],"unlinked":["<span class=\"advgb-post-tax-term\">Accessoires<\/span>","<span class=\"advgb-post-tax-term\">Alessi<\/span>","<span class=\"advgb-post-tax-term\">Cuisine<\/span>","<span class=\"advgb-post-tax-term\">DECO-DESIGN<\/span>","<span class=\"advgb-post-tax-term\">Karim RASHID<\/span>","<span class=\"advgb-post-tax-term\">MAISON &amp; OBJET<\/span>"]},"tags":{"linked":["<a href=\"https:\/\/joyana.fr\/en\/category\/deco-design\/actualite\/salon\/maison-et-objet\/\" class=\"advgb-post-tax-term\">DESIGN<\/a>","<a href=\"https:\/\/joyana.fr\/en\/category\/deco-design\/actualite\/salon\/maison-et-objet\/\" class=\"advgb-post-tax-term\">Karim RASHID<\/a>"],"unlinked":["<span class=\"advgb-post-tax-term\">DESIGN<\/span>","<span class=\"advgb-post-tax-term\">Karim RASHID<\/span>"]}},"comment_count":8,"relative_dates":{"created":"Posted 15 years ago","modified":"Updated 15 years ago"},"absolute_dates":{"created":"Posted on 25 January 2011","modified":"Updated on 25 January 2011"},"absolute_dates_time":{"created":"Posted on 25 January 2011 15:47","modified":"Updated on 25 January 2011 15:47"},"featured_img_caption":"","series_order":"","jetpack_sharing_enabled":true,"jetpack_shortlink":"https:\/\/wp.me\/p9bteI-rv0","jetpack-related-posts":[],"_links":{"self":[{"href":"https:\/\/joyana.fr\/en\/wp-json\/wp\/v2\/posts\/105710","targetHints":{"allow":["GET"]}}],"collection":[{"href":"https:\/\/joyana.fr\/en\/wp-json\/wp\/v2\/posts"}],"about":[{"href":"https:\/\/joyana.fr\/en\/wp-json\/wp\/v2\/types\/post"}],"author":[{"embeddable":true,"href":"https:\/\/joyana.fr\/en\/wp-json\/wp\/v2\/users\/3"}],"replies":[{"embeddable":true,"href":"https:\/\/joyana.fr\/en\/wp-json\/wp\/v2\/comments?post=105710"}],"version-history":[{"count":0,"href":"https:\/\/joyana.fr\/en\/wp-json\/wp\/v2\/posts\/105710\/revisions"}],"wp:featuredmedia":[{"embeddable":true,"href":"https:\/\/joyana.fr\/en\/wp-json\/wp\/v2\/media\/105718"}],"wp:attachment":[{"href":"https:\/\/joyana.fr\/en\/wp-json\/wp\/v2\/media?parent=105710"}],"wp:term":[{"taxonomy":"category","embeddable":true,"href":"https:\/\/joyana.fr\/en\/wp-json\/wp\/v2\/categories?post=105710"},{"taxonomy":"post_tag","embeddable":true,"href":"https:\/\/joyana.fr\/en\/wp-json\/wp\/v2\/tags?post=105710"}],"curies":[{"name":"wp","href":"https:\/\/api.w.org\/{rel}","templated":true}]}}