{"id":105818,"date":"2011-02-04T08:23:40","date_gmt":"2011-02-04T07:23:40","guid":{"rendered":"https:\/\/joyana.fr\/?p=5818"},"modified":"2011-02-04T08:23:40","modified_gmt":"2011-02-04T07:23:40","slug":"hang-it-all-hang-it-big-ruby-anemic-eames","status":"publish","type":"post","link":"https:\/\/joyana.fr\/en\/hang-it-all-hang-it-big-ruby-anemic-eames\/105818\/","title":{"rendered":"HANG IT ALL &#8211; HANG IT BIG by Ruby Anemic"},"content":{"rendered":"<p>L&#8217;artiste <strong>Ruby Anemic<\/strong> rend hommage \u00e0<strong> Charles et Ray Eames<\/strong>, en revisitant le c\u00e9l\u00e8bre <strong>HANG IT ALL<\/strong> &#8211; une<strong> sculpture <\/strong>de pr\u00e8s de 2 m\u00e8tres de large, intitul\u00e9 <strong>HANT IT BIG<\/strong>&#8230;<\/p>\n<p><img data-recalc-dims=\"1\" fetchpriority=\"high\" decoding=\"async\" data-attachment-id=\"5822\" data-permalink=\"https:\/\/joyana.fr\/en\/whos-next-ete-2013-vetements-accessoires-pour-homme\/5786\/whos_next_mei_kawa\/\" data-orig-file=\"https:\/\/i0.wp.com\/joyana.fr\/wp-content\/uploads\/2013\/07\/WHOS_NEXT_MEI_KAWA.jpg?fit=650%2C650&amp;ssl=1\" data-orig-size=\"650,650\" data-comments-opened=\"1\" data-image-meta=\"{&quot;aperture&quot;:&quot;0&quot;,&quot;credit&quot;:&quot;&quot;,&quot;camera&quot;:&quot;&quot;,&quot;caption&quot;:&quot;&quot;,&quot;created_timestamp&quot;:&quot;0&quot;,&quot;copyright&quot;:&quot;&quot;,&quot;focal_length&quot;:&quot;0&quot;,&quot;iso&quot;:&quot;0&quot;,&quot;shutter_speed&quot;:&quot;0&quot;,&quot;title&quot;:&quot;&quot;,&quot;orientation&quot;:&quot;1&quot;}\" data-image-title=\"WHO&#8217;S_NEXT_MEI_KAWA\" data-image-description=\"\" data-image-caption=\"\" data-medium-file=\"https:\/\/i0.wp.com\/joyana.fr\/wp-content\/uploads\/2013\/07\/WHOS_NEXT_MEI_KAWA.jpg?fit=389%2C389&amp;ssl=1\" data-large-file=\"https:\/\/i0.wp.com\/joyana.fr\/wp-content\/uploads\/2013\/07\/WHOS_NEXT_MEI_KAWA.jpg?fit=650%2C650&amp;ssl=1\" class=\"alignnone size-full wp-image-5822\" title=\"HANG IT ALL EAMES - HANG IT BIG by Ruby Anemic\" src=\"https:\/\/i0.wp.com\/joyana.fr\/wp-content\/uploads\/RUBY_Anemic-Eames-hang-it-all-hang-it-big-.jpg?resize=576%2C351&#038;ssl=1\" alt=\"\" width=\"576\" height=\"351\" \/><\/p>\n<p>L&#8217;artiste <strong>Ruby Anemic<\/strong> propose &#8220;<strong>HANG IT ALL &#8211; HANG IT BIG<\/strong>&#8220;, un hommage sculpt\u00e9 de 200x160cm de l&#8217;iconique porte-manteau de <strong>Charles &#038; Ray Eames<\/strong>, en tubes de m\u00e9tal laqu\u00e9 blanc et sph\u00e8res laqu\u00e9es polychrome. Sign\u00e9 et num\u00e9rot\u00e9, limit\u00e9e \u00e0 53 exemplaires. Exposition du 31 janvier au 26 f\u00e9vrier.<\/p>\n<p><em>The artist <strong>Ruby Anemic<\/strong> offers &#8220;<\/em><strong>HANG IT ALL &#8211; HANG IT BIG<\/strong><em>&#8221; a 200&#215;160 cm sculpted tribute to the iconic coat rack by <strong>Charles &#038; Ray Eames<\/strong>, in tubes of lacquered white metal and polychrome lacquered spheres. Signed and numbered, limited to 53 copies. Exhibition from January 31st to February 26th.<\/em><\/p>\n<p><img data-recalc-dims=\"1\" decoding=\"async\" data-attachment-id=\"5820\" data-permalink=\"https:\/\/joyana.fr\/en\/whos-next-ete-2013-vetements-accessoires-pour-homme\/5786\/whos_next_mei_kawa_2\/\" data-orig-file=\"https:\/\/i0.wp.com\/joyana.fr\/wp-content\/uploads\/2013\/07\/WHOS_NEXT_MEI_KAWA_2.jpg?fit=650%2C650&amp;ssl=1\" data-orig-size=\"650,650\" data-comments-opened=\"1\" data-image-meta=\"{&quot;aperture&quot;:&quot;0&quot;,&quot;credit&quot;:&quot;&quot;,&quot;camera&quot;:&quot;&quot;,&quot;caption&quot;:&quot;&quot;,&quot;created_timestamp&quot;:&quot;0&quot;,&quot;copyright&quot;:&quot;&quot;,&quot;focal_length&quot;:&quot;0&quot;,&quot;iso&quot;:&quot;0&quot;,&quot;shutter_speed&quot;:&quot;0&quot;,&quot;title&quot;:&quot;&quot;,&quot;orientation&quot;:&quot;1&quot;}\" data-image-title=\"WHO&#8217;S_NEXT_MEI_KAWA_2\" data-image-description=\"\" data-image-caption=\"\" data-medium-file=\"https:\/\/i0.wp.com\/joyana.fr\/wp-content\/uploads\/2013\/07\/WHOS_NEXT_MEI_KAWA_2.jpg?fit=389%2C389&amp;ssl=1\" data-large-file=\"https:\/\/i0.wp.com\/joyana.fr\/wp-content\/uploads\/2013\/07\/WHOS_NEXT_MEI_KAWA_2.jpg?fit=650%2C650&amp;ssl=1\" class=\"alignnone size-full wp-image-5820\" title=\"HANG IT ALL Eames - HANG IT BIG by Ruby Anemic\" src=\"https:\/\/i0.wp.com\/joyana.fr\/wp-content\/uploads\/ruby-anemic-DSC_0270.jpg?resize=576%2C777&#038;ssl=1\" alt=\"\" width=\"576\" height=\"777\" \/><\/p>\n<p><img data-recalc-dims=\"1\" decoding=\"async\" data-attachment-id=\"5821\" data-permalink=\"https:\/\/joyana.fr\/en\/whos-next-ete-2013-vetements-accessoires-pour-homme\/5786\/whos_next_mei_kawa_3\/\" data-orig-file=\"https:\/\/i0.wp.com\/joyana.fr\/wp-content\/uploads\/2013\/07\/WHOS_NEXT_MEI_KAWA_3.jpg?fit=650%2C650&amp;ssl=1\" data-orig-size=\"650,650\" data-comments-opened=\"1\" data-image-meta=\"{&quot;aperture&quot;:&quot;0&quot;,&quot;credit&quot;:&quot;&quot;,&quot;camera&quot;:&quot;&quot;,&quot;caption&quot;:&quot;&quot;,&quot;created_timestamp&quot;:&quot;0&quot;,&quot;copyright&quot;:&quot;&quot;,&quot;focal_length&quot;:&quot;0&quot;,&quot;iso&quot;:&quot;0&quot;,&quot;shutter_speed&quot;:&quot;0&quot;,&quot;title&quot;:&quot;&quot;,&quot;orientation&quot;:&quot;1&quot;}\" data-image-title=\"WHO&#8217;S_NEXT_MEI_KAWA_3\" data-image-description=\"\" data-image-caption=\"\" data-medium-file=\"https:\/\/i0.wp.com\/joyana.fr\/wp-content\/uploads\/2013\/07\/WHOS_NEXT_MEI_KAWA_3.jpg?fit=389%2C389&amp;ssl=1\" data-large-file=\"https:\/\/i0.wp.com\/joyana.fr\/wp-content\/uploads\/2013\/07\/WHOS_NEXT_MEI_KAWA_3.jpg?fit=650%2C650&amp;ssl=1\" class=\"alignnone size-full wp-image-5821\" title=\"HANG IT ALL Eames - HANG IT BIG by Ruby Anemic\" src=\"https:\/\/i0.wp.com\/joyana.fr\/wp-content\/uploads\/ruby-anemic-DSC_0275.jpg?resize=576%2C418&#038;ssl=1\" alt=\"\" width=\"576\" height=\"418\" \/><\/p>\n<p><img data-recalc-dims=\"1\" loading=\"lazy\" decoding=\"async\" data-attachment-id=\"5819\" data-permalink=\"https:\/\/joyana.fr\/en\/whos-next-ete-2013-vetements-accessoires-pour-homme\/5786\/whos_next_jagvi\/\" data-orig-file=\"https:\/\/i0.wp.com\/joyana.fr\/wp-content\/uploads\/2013\/07\/WHOS_NEXT_JAGVI.jpg?fit=650%2C650&amp;ssl=1\" data-orig-size=\"650,650\" data-comments-opened=\"1\" data-image-meta=\"{&quot;aperture&quot;:&quot;0&quot;,&quot;credit&quot;:&quot;&quot;,&quot;camera&quot;:&quot;&quot;,&quot;caption&quot;:&quot;&quot;,&quot;created_timestamp&quot;:&quot;0&quot;,&quot;copyright&quot;:&quot;&quot;,&quot;focal_length&quot;:&quot;0&quot;,&quot;iso&quot;:&quot;0&quot;,&quot;shutter_speed&quot;:&quot;0&quot;,&quot;title&quot;:&quot;&quot;,&quot;orientation&quot;:&quot;1&quot;}\" data-image-title=\"WHO&#8217;S_NEXT_JAGVI\" data-image-description=\"\" data-image-caption=\"\" data-medium-file=\"https:\/\/i0.wp.com\/joyana.fr\/wp-content\/uploads\/2013\/07\/WHOS_NEXT_JAGVI.jpg?fit=389%2C389&amp;ssl=1\" data-large-file=\"https:\/\/i0.wp.com\/joyana.fr\/wp-content\/uploads\/2013\/07\/WHOS_NEXT_JAGVI.jpg?fit=650%2C650&amp;ssl=1\" class=\"alignnone size-full wp-image-5819\" title=\"HANG IT ALL Eames - HANG IT BIG by Ruby Anemic\" src=\"https:\/\/i0.wp.com\/joyana.fr\/wp-content\/uploads\/ruby-anemic-DSC_0269.jpg?resize=576%2C522&#038;ssl=1\" alt=\"\" width=\"576\" height=\"522\" \/><\/p>\n<p>Une exposition \u00e0 d\u00e9couvrir chez <a title=\"colette\" href=\"http:\/\/www.colette.fr\/\"><strong>Colette<\/strong><\/a> du 31 janvier au 26 f\u00e9vrier 2011.<\/p>\n<p>En savoir + sur <a title=\"RUBY ANEMIC\" href=\"http:\/\/www.rubyanemic.com\/\"><strong>RUBY ANEMIC<\/strong><\/a><\/p>\n","protected":false},"excerpt":{"rendered":"<p>L&#8217;artiste Ruby Anemic rend hommage \u00e0 Charles et Ray Eames, en revisitant le c\u00e9l\u00e8bre HANG IT ALL &#8211; une sculpture de pr\u00e8s de 2 m\u00e8tres de large, intitul\u00e9 HANT IT BIG&#8230; L&#8217;artiste Ruby Anemic propose &#8220;HANG IT ALL &#8211; HANG IT BIG&#8220;, un hommage sculpt\u00e9 de 200x160cm de l&#8217;iconique porte-manteau de Charles &#038; Ray Eames, [&hellip;]<\/p>\n","protected":false},"author":3,"featured_media":105822,"comment_status":"open","ping_status":"open","sticky":false,"template":"","format":"standard","meta":{"_coblocks_attr":"","_coblocks_dimensions":"","_coblocks_responsive_height":"","_coblocks_accordion_ie_support":"","_uag_custom_page_level_css":"","advgb_blocks_editor_width":"","advgb_blocks_columns_visual_guide":"","_genesis_hide_title":false,"_genesis_hide_breadcrumbs":false,"_genesis_hide_singular_image":false,"_genesis_hide_footer_widgets":false,"_genesis_custom_body_class":"","_genesis_custom_post_class":"","_genesis_layout":"","_themeisle_gutenberg_block_has_review":false,"_jetpack_newsletter_access":"","_jetpack_dont_email_post_to_subs":false,"_jetpack_newsletter_tier_id":0,"_jetpack_memberships_contains_paywalled_content":false,"_jetpack_memberships_contains_paid_content":false,"footnotes":""},"categories":[906,940,905,1037],"tags":[943],"class_list":{"0":"post-105818","1":"post","2":"type-post","3":"status-publish","4":"format-standard","5":"has-post-thumbnail","7":"category-accessoires","8":"category-art-contemporain","9":"category-deco-design","10":"category-sculpture","11":"tag-art-contemporain","12":"entry"},"featured_image_urls":{"full":["https:\/\/i0.wp.com\/joyana.fr\/wp-content\/uploads\/old\/RUBY_Anemic-Eames-hang-it-all-hang-it-big-.jpg?fit=576%2C351&ssl=1",576,351,false],"thumbnail":["https:\/\/i0.wp.com\/joyana.fr\/wp-content\/uploads\/old\/RUBY_Anemic-Eames-hang-it-all-hang-it-big-.jpg?resize=150%2C150&ssl=1",150,150,true],"medium":["https:\/\/i0.wp.com\/joyana.fr\/wp-content\/uploads\/old\/RUBY_Anemic-Eames-hang-it-all-hang-it-big-.jpg?fit=389%2C237&ssl=1",389,237,true],"medium_large":["https:\/\/i0.wp.com\/joyana.fr\/wp-content\/uploads\/old\/RUBY_Anemic-Eames-hang-it-all-hang-it-big-.jpg?fit=576%2C351&ssl=1",576,351,true],"large":["https:\/\/i0.wp.com\/joyana.fr\/wp-content\/uploads\/old\/RUBY_Anemic-Eames-hang-it-all-hang-it-big-.jpg?fit=576%2C351&ssl=1",576,351,true],"1536x1536":["https:\/\/i0.wp.com\/joyana.fr\/wp-content\/uploads\/old\/RUBY_Anemic-Eames-hang-it-all-hang-it-big-.jpg?fit=576%2C351&ssl=1",576,351,true],"2048x2048":["https:\/\/i0.wp.com\/joyana.fr\/wp-content\/uploads\/old\/RUBY_Anemic-Eames-hang-it-all-hang-it-big-.jpg?fit=576%2C351&ssl=1",576,351,true],"featured-thumb":["https:\/\/i0.wp.com\/joyana.fr\/wp-content\/uploads\/old\/RUBY_Anemic-Eames-hang-it-all-hang-it-big-.jpg?resize=576%2C351&ssl=1",576,351,true],"ab-block-post-grid-landscape":["https:\/\/i0.wp.com\/joyana.fr\/wp-content\/uploads\/old\/RUBY_Anemic-Eames-hang-it-all-hang-it-big-.jpg?resize=576%2C351&ssl=1",576,351,true],"ab-block-post-grid-square":["https:\/\/i0.wp.com\/joyana.fr\/wp-content\/uploads\/old\/RUBY_Anemic-Eames-hang-it-all-hang-it-big-.jpg?resize=576%2C351&ssl=1",576,351,true],"author-pro-image":["https:\/\/i0.wp.com\/joyana.fr\/wp-content\/uploads\/old\/RUBY_Anemic-Eames-hang-it-all-hang-it-big-.jpg?resize=360%2C351&ssl=1",360,351,true],"slider":["https:\/\/i0.wp.com\/joyana.fr\/wp-content\/uploads\/old\/RUBY_Anemic-Eames-hang-it-all-hang-it-big-.jpg?resize=576%2C351&ssl=1",576,351,true],"woocommerce_thumbnail":["https:\/\/i0.wp.com\/joyana.fr\/wp-content\/uploads\/old\/RUBY_Anemic-Eames-hang-it-all-hang-it-big-.jpg?resize=450%2C351&ssl=1",450,351,true],"woocommerce_single":["https:\/\/i0.wp.com\/joyana.fr\/wp-content\/uploads\/old\/RUBY_Anemic-Eames-hang-it-all-hang-it-big-.jpg?fit=576%2C351&ssl=1",576,351,true],"woocommerce_gallery_thumbnail":["https:\/\/i0.wp.com\/joyana.fr\/wp-content\/uploads\/old\/RUBY_Anemic-Eames-hang-it-all-hang-it-big-.jpg?resize=180%2C180&ssl=1",180,180,true],"sow-carousel-default":["https:\/\/i0.wp.com\/joyana.fr\/wp-content\/uploads\/old\/RUBY_Anemic-Eames-hang-it-all-hang-it-big-.jpg?resize=272%2C182&ssl=1",272,182,true]},"post_excerpt_stackable":"<p>L&#8217;artiste Ruby Anemic rend hommage \u00e0 Charles et Ray Eames, en revisitant le c\u00e9l\u00e8bre HANG IT ALL &#8211; une sculpture de pr\u00e8s de 2 m\u00e8tres de large, intitul\u00e9 HANT IT BIG&#8230; L&#8217;artiste Ruby Anemic propose &#8220;HANG IT ALL &#8211; HANG IT BIG&#8220;, un hommage sculpt\u00e9 de 200x160cm de l&#8217;iconique porte-manteau de Charles &#038; Ray Eames, en tubes de m\u00e9tal laqu\u00e9 blanc et sph\u00e8res laqu\u00e9es polychrome. Sign\u00e9 et num\u00e9rot\u00e9, limit\u00e9e \u00e0 53 exemplaires. Exposition du 31 janvier au 26 f\u00e9vrier. The artist Ruby Anemic offers &#8220;HANG IT ALL &#8211; HANG IT BIG&#8221; a 200&#215;160 cm sculpted tribute to the iconic coat&hellip;<\/p>\n","category_list":"<a href=\"https:\/\/joyana.fr\/en\/category\/deco-design\/decoration\/accessoires\/\" rel=\"category tag\">Accessoires<\/a>, <a href=\"https:\/\/joyana.fr\/en\/category\/deco-design\/actualite\/art-contemporain\/\" rel=\"category tag\">Art Contemporain<\/a>, <a href=\"https:\/\/joyana.fr\/en\/category\/deco-design\/\" rel=\"category tag\">DECO-DESIGN<\/a>, <a href=\"https:\/\/joyana.fr\/en\/category\/deco-design\/mobilier\/sculpture\/\" rel=\"category tag\">Sculpture<\/a>","author_info":{"display_name":"Jo Yana","author_link":"https:\/\/joyana.fr\/en\/author\/joyana\/"},"comments_num":"21 comments","featured_image_urls_v2":{"full":["https:\/\/i0.wp.com\/joyana.fr\/wp-content\/uploads\/old\/RUBY_Anemic-Eames-hang-it-all-hang-it-big-.jpg?fit=576%2C351&ssl=1",576,351,false],"thumbnail":["https:\/\/i0.wp.com\/joyana.fr\/wp-content\/uploads\/old\/RUBY_Anemic-Eames-hang-it-all-hang-it-big-.jpg?resize=150%2C150&ssl=1",150,150,true],"medium":["https:\/\/i0.wp.com\/joyana.fr\/wp-content\/uploads\/old\/RUBY_Anemic-Eames-hang-it-all-hang-it-big-.jpg?fit=389%2C237&ssl=1",389,237,true],"medium_large":["https:\/\/i0.wp.com\/joyana.fr\/wp-content\/uploads\/old\/RUBY_Anemic-Eames-hang-it-all-hang-it-big-.jpg?fit=576%2C351&ssl=1",576,351,true],"large":["https:\/\/i0.wp.com\/joyana.fr\/wp-content\/uploads\/old\/RUBY_Anemic-Eames-hang-it-all-hang-it-big-.jpg?fit=576%2C351&ssl=1",576,351,true],"1536x1536":["https:\/\/i0.wp.com\/joyana.fr\/wp-content\/uploads\/old\/RUBY_Anemic-Eames-hang-it-all-hang-it-big-.jpg?fit=576%2C351&ssl=1",576,351,true],"2048x2048":["https:\/\/i0.wp.com\/joyana.fr\/wp-content\/uploads\/old\/RUBY_Anemic-Eames-hang-it-all-hang-it-big-.jpg?fit=576%2C351&ssl=1",576,351,true],"featured-thumb":["https:\/\/i0.wp.com\/joyana.fr\/wp-content\/uploads\/old\/RUBY_Anemic-Eames-hang-it-all-hang-it-big-.jpg?resize=576%2C351&ssl=1",576,351,true],"ab-block-post-grid-landscape":["https:\/\/i0.wp.com\/joyana.fr\/wp-content\/uploads\/old\/RUBY_Anemic-Eames-hang-it-all-hang-it-big-.jpg?resize=576%2C351&ssl=1",576,351,true],"ab-block-post-grid-square":["https:\/\/i0.wp.com\/joyana.fr\/wp-content\/uploads\/old\/RUBY_Anemic-Eames-hang-it-all-hang-it-big-.jpg?resize=576%2C351&ssl=1",576,351,true],"author-pro-image":["https:\/\/i0.wp.com\/joyana.fr\/wp-content\/uploads\/old\/RUBY_Anemic-Eames-hang-it-all-hang-it-big-.jpg?resize=360%2C351&ssl=1",360,351,true],"slider":["https:\/\/i0.wp.com\/joyana.fr\/wp-content\/uploads\/old\/RUBY_Anemic-Eames-hang-it-all-hang-it-big-.jpg?resize=576%2C351&ssl=1",576,351,true],"woocommerce_thumbnail":["https:\/\/i0.wp.com\/joyana.fr\/wp-content\/uploads\/old\/RUBY_Anemic-Eames-hang-it-all-hang-it-big-.jpg?resize=450%2C351&ssl=1",450,351,true],"woocommerce_single":["https:\/\/i0.wp.com\/joyana.fr\/wp-content\/uploads\/old\/RUBY_Anemic-Eames-hang-it-all-hang-it-big-.jpg?fit=576%2C351&ssl=1",576,351,true],"woocommerce_gallery_thumbnail":["https:\/\/i0.wp.com\/joyana.fr\/wp-content\/uploads\/old\/RUBY_Anemic-Eames-hang-it-all-hang-it-big-.jpg?resize=180%2C180&ssl=1",180,180,true],"sow-carousel-default":["https:\/\/i0.wp.com\/joyana.fr\/wp-content\/uploads\/old\/RUBY_Anemic-Eames-hang-it-all-hang-it-big-.jpg?resize=272%2C182&ssl=1",272,182,true]},"post_excerpt_stackable_v2":"<p>L&#8217;artiste Ruby Anemic rend hommage \u00e0 Charles et Ray Eames, en revisitant le c\u00e9l\u00e8bre HANG IT ALL &#8211; une sculpture de pr\u00e8s de 2 m\u00e8tres de large, intitul\u00e9 HANT IT BIG&#8230; L&#8217;artiste Ruby Anemic propose &#8220;HANG IT ALL &#8211; HANG IT BIG&#8220;, un hommage sculpt\u00e9 de 200x160cm de l&#8217;iconique porte-manteau de Charles &#038; Ray Eames, en tubes de m\u00e9tal laqu\u00e9 blanc et sph\u00e8res laqu\u00e9es polychrome. Sign\u00e9 et num\u00e9rot\u00e9, limit\u00e9e \u00e0 53 exemplaires. Exposition du 31 janvier au 26 f\u00e9vrier. The artist Ruby Anemic offers &#8220;HANG IT ALL &#8211; HANG IT BIG&#8221; a 200&#215;160 cm sculpted tribute to the iconic coat&hellip;<\/p>\n","category_list_v2":"<a href=\"https:\/\/joyana.fr\/en\/category\/deco-design\/decoration\/accessoires\/\" rel=\"category tag\">Accessoires<\/a>, <a href=\"https:\/\/joyana.fr\/en\/category\/deco-design\/actualite\/art-contemporain\/\" rel=\"category tag\">Art Contemporain<\/a>, <a href=\"https:\/\/joyana.fr\/en\/category\/deco-design\/\" rel=\"category tag\">DECO-DESIGN<\/a>, <a href=\"https:\/\/joyana.fr\/en\/category\/deco-design\/mobilier\/sculpture\/\" rel=\"category tag\">Sculpture<\/a>","author_info_v2":{"name":"Jo Yana","url":"https:\/\/joyana.fr\/en\/author\/joyana\/"},"comments_num_v2":"21 comments","yoast_head":"<!-- This site is optimized with the Yoast SEO plugin v26.8 - https:\/\/yoast.com\/product\/yoast-seo-wordpress\/ -->\n<title>HANG IT ALL - HANG IT BIG by Ruby Anemic - JO YANA<\/title>\n<meta name=\"robots\" content=\"index, follow, max-snippet:-1, max-image-preview:large, max-video-preview:-1\" \/>\n<link rel=\"canonical\" href=\"https:\/\/joyana.fr\/en\/hang-it-all-hang-it-big-ruby-anemic-eames\/105818\/\" \/>\n<meta property=\"og:locale\" content=\"en_US\" \/>\n<meta property=\"og:locale:alternate\" content=\"fr_FR\" \/>\n<meta property=\"og:locale:alternate\" content=\"ja\" \/>\n<meta property=\"og:type\" content=\"article\" \/>\n<meta property=\"og:title\" content=\"HANG IT ALL - HANG IT BIG by Ruby Anemic - JO YANA\" \/>\n<meta property=\"og:description\" content=\"L&#8217;artiste Ruby Anemic rend hommage \u00e0 Charles et Ray Eames, en revisitant le c\u00e9l\u00e8bre HANG IT ALL &#8211; une sculpture de pr\u00e8s de 2 m\u00e8tres de large, intitul\u00e9 HANT IT BIG&#8230; L&#8217;artiste Ruby Anemic propose &#8220;HANG IT ALL &#8211; HANG IT BIG&#8220;, un hommage sculpt\u00e9 de 200x160cm de l&#8217;iconique porte-manteau de Charles &amp; Ray Eames, [&hellip;]\" \/>\n<meta property=\"og:url\" content=\"https:\/\/joyana.fr\/en\/hang-it-all-hang-it-big-ruby-anemic-eames\/105818\/\" \/>\n<meta property=\"og:site_name\" content=\"JO YANA\" \/>\n<meta property=\"article:published_time\" content=\"2011-02-04T07:23:40+00:00\" \/>\n<meta property=\"og:image\" content=\"https:\/\/joyana.fr\/wp-content\/uploads\/old\/RUBY_Anemic-Eames-hang-it-all-hang-it-big-.jpg\" \/>\n\t<meta property=\"og:image:width\" content=\"576\" \/>\n\t<meta property=\"og:image:height\" content=\"351\" \/>\n\t<meta property=\"og:image:type\" content=\"image\/jpeg\" \/>\n<meta name=\"author\" content=\"Jo Yana\" \/>\n<meta name=\"twitter:card\" content=\"summary_large_image\" \/>\n<meta name=\"twitter:creator\" content=\"@Jo_Yana\" \/>\n<meta name=\"twitter:site\" content=\"@Jo_Yana\" \/>\n<meta name=\"twitter:label1\" content=\"Written by\" \/>\n\t<meta name=\"twitter:data1\" content=\"Jo Yana\" \/>\n\t<meta name=\"twitter:label2\" content=\"Est. reading time\" \/>\n\t<meta name=\"twitter:data2\" content=\"1 minute\" \/>\n<script type=\"application\/ld+json\" class=\"yoast-schema-graph\">{\"@context\":\"https:\/\/schema.org\",\"@graph\":[{\"@type\":\"Article\",\"@id\":\"https:\/\/joyana.fr\/en\/hang-it-all-hang-it-big-ruby-anemic-eames\/105818\/#article\",\"isPartOf\":{\"@id\":\"https:\/\/joyana.fr\/en\/hang-it-all-hang-it-big-ruby-anemic-eames\/105818\/\"},\"author\":{\"name\":\"Jo Yana\",\"@id\":\"https:\/\/www.joyana.fr\/#\/schema\/person\/cf2a1ad12a27c12c21801075bf37407c\"},\"headline\":\"HANG IT ALL &#8211; HANG IT BIG by Ruby Anemic\",\"datePublished\":\"2011-02-04T07:23:40+00:00\",\"mainEntityOfPage\":{\"@id\":\"https:\/\/joyana.fr\/en\/hang-it-all-hang-it-big-ruby-anemic-eames\/105818\/\"},\"wordCount\":161,\"commentCount\":0,\"publisher\":{\"@id\":\"https:\/\/www.joyana.fr\/#\/schema\/person\/cf2a1ad12a27c12c21801075bf37407c\"},\"image\":{\"@id\":\"https:\/\/joyana.fr\/en\/hang-it-all-hang-it-big-ruby-anemic-eames\/105818\/#primaryimage\"},\"thumbnailUrl\":\"https:\/\/i0.wp.com\/joyana.fr\/wp-content\/uploads\/old\/RUBY_Anemic-Eames-hang-it-all-hang-it-big-.jpg?fit=576%2C351&ssl=1\",\"keywords\":[\"Art Contemporain\"],\"articleSection\":[\"Accessoires\",\"Art Contemporain\",\"DECO-DESIGN\",\"Sculpture\"],\"inLanguage\":\"en-US\",\"potentialAction\":[{\"@type\":\"CommentAction\",\"name\":\"Comment\",\"target\":[\"https:\/\/joyana.fr\/en\/hang-it-all-hang-it-big-ruby-anemic-eames\/105818\/#respond\"]}]},{\"@type\":\"WebPage\",\"@id\":\"https:\/\/joyana.fr\/en\/hang-it-all-hang-it-big-ruby-anemic-eames\/105818\/\",\"url\":\"https:\/\/joyana.fr\/en\/hang-it-all-hang-it-big-ruby-anemic-eames\/105818\/\",\"name\":\"HANG IT ALL - HANG IT BIG by Ruby Anemic - JO YANA\",\"isPartOf\":{\"@id\":\"https:\/\/www.joyana.fr\/#website\"},\"primaryImageOfPage\":{\"@id\":\"https:\/\/joyana.fr\/en\/hang-it-all-hang-it-big-ruby-anemic-eames\/105818\/#primaryimage\"},\"image\":{\"@id\":\"https:\/\/joyana.fr\/en\/hang-it-all-hang-it-big-ruby-anemic-eames\/105818\/#primaryimage\"},\"thumbnailUrl\":\"https:\/\/i0.wp.com\/joyana.fr\/wp-content\/uploads\/old\/RUBY_Anemic-Eames-hang-it-all-hang-it-big-.jpg?fit=576%2C351&ssl=1\",\"datePublished\":\"2011-02-04T07:23:40+00:00\",\"breadcrumb\":{\"@id\":\"https:\/\/joyana.fr\/en\/hang-it-all-hang-it-big-ruby-anemic-eames\/105818\/#breadcrumb\"},\"inLanguage\":\"en-US\",\"potentialAction\":[{\"@type\":\"ReadAction\",\"target\":[\"https:\/\/joyana.fr\/en\/hang-it-all-hang-it-big-ruby-anemic-eames\/105818\/\"]}]},{\"@type\":\"ImageObject\",\"inLanguage\":\"en-US\",\"@id\":\"https:\/\/joyana.fr\/en\/hang-it-all-hang-it-big-ruby-anemic-eames\/105818\/#primaryimage\",\"url\":\"https:\/\/i0.wp.com\/joyana.fr\/wp-content\/uploads\/old\/RUBY_Anemic-Eames-hang-it-all-hang-it-big-.jpg?fit=576%2C351&ssl=1\",\"contentUrl\":\"https:\/\/i0.wp.com\/joyana.fr\/wp-content\/uploads\/old\/RUBY_Anemic-Eames-hang-it-all-hang-it-big-.jpg?fit=576%2C351&ssl=1\",\"width\":576,\"height\":351},{\"@type\":\"BreadcrumbList\",\"@id\":\"https:\/\/joyana.fr\/en\/hang-it-all-hang-it-big-ruby-anemic-eames\/105818\/#breadcrumb\",\"itemListElement\":[{\"@type\":\"ListItem\",\"position\":1,\"name\":\"Accueil\",\"item\":\"https:\/\/www.joyana.fr\/\"},{\"@type\":\"ListItem\",\"position\":2,\"name\":\"HANG IT ALL &#8211; HANG IT BIG by Ruby Anemic\"}]},{\"@type\":\"WebSite\",\"@id\":\"https:\/\/www.joyana.fr\/#website\",\"url\":\"https:\/\/www.joyana.fr\/\",\"name\":\"JO YANA\",\"description\":\"Blog Mode Homme, Lifestyle, D\u00e9co-Design\",\"publisher\":{\"@id\":\"https:\/\/www.joyana.fr\/#\/schema\/person\/cf2a1ad12a27c12c21801075bf37407c\"},\"potentialAction\":[{\"@type\":\"SearchAction\",\"target\":{\"@type\":\"EntryPoint\",\"urlTemplate\":\"https:\/\/www.joyana.fr\/?s={search_term_string}\"},\"query-input\":{\"@type\":\"PropertyValueSpecification\",\"valueRequired\":true,\"valueName\":\"search_term_string\"}}],\"inLanguage\":\"en-US\"},{\"@type\":[\"Person\",\"Organization\"],\"@id\":\"https:\/\/www.joyana.fr\/#\/schema\/person\/cf2a1ad12a27c12c21801075bf37407c\",\"name\":\"Jo Yana\",\"image\":{\"@type\":\"ImageObject\",\"inLanguage\":\"en-US\",\"@id\":\"https:\/\/www.joyana.fr\/#\/schema\/person\/image\/\",\"url\":\"https:\/\/i0.wp.com\/joyana.fr\/wp-content\/uploads\/2016\/08\/cropped-joyana-logo-black-360x180.png?fit=343%2C164&ssl=1\",\"contentUrl\":\"https:\/\/i0.wp.com\/joyana.fr\/wp-content\/uploads\/2016\/08\/cropped-joyana-logo-black-360x180.png?fit=343%2C164&ssl=1\",\"width\":343,\"height\":164,\"caption\":\"Jo Yana\"},\"logo\":{\"@id\":\"https:\/\/www.joyana.fr\/#\/schema\/person\/image\/\"},\"description\":\"Jo Yana est le cr\u00e9ateur et r\u00e9dacteur en chef des sites DECO-DESIGN. Passionn\u00e9 de Design, Mode, Photo, Luxe, Lifestyle, Musique, mais avant tout Blogueur ! Le plaisir de partager l'anime et a comme devise \\\"POUR L'AMOUR DU BEAU\\\". Retrouvez le aussi sur son blog personnel - https:\/\/joyana.fr...\",\"sameAs\":[\"https:\/\/joyana.fr\/\"],\"url\":\"https:\/\/joyana.fr\/en\/author\/joyana\/\"}]}<\/script>\n<!-- \/ Yoast SEO plugin. -->","yoast_head_json":{"title":"HANG IT ALL - HANG IT BIG by Ruby Anemic - JO YANA","robots":{"index":"index","follow":"follow","max-snippet":"max-snippet:-1","max-image-preview":"max-image-preview:large","max-video-preview":"max-video-preview:-1"},"canonical":"https:\/\/joyana.fr\/en\/hang-it-all-hang-it-big-ruby-anemic-eames\/105818\/","og_locale":"en_US","og_type":"article","og_title":"HANG IT ALL - HANG IT BIG by Ruby Anemic - JO YANA","og_description":"L&#8217;artiste Ruby Anemic rend hommage \u00e0 Charles et Ray Eames, en revisitant le c\u00e9l\u00e8bre HANG IT ALL &#8211; une sculpture de pr\u00e8s de 2 m\u00e8tres de large, intitul\u00e9 HANT IT BIG&#8230; L&#8217;artiste Ruby Anemic propose &#8220;HANG IT ALL &#8211; HANG IT BIG&#8220;, un hommage sculpt\u00e9 de 200x160cm de l&#8217;iconique porte-manteau de Charles &#038; Ray Eames, [&hellip;]","og_url":"https:\/\/joyana.fr\/en\/hang-it-all-hang-it-big-ruby-anemic-eames\/105818\/","og_site_name":"JO YANA","article_published_time":"2011-02-04T07:23:40+00:00","og_image":[{"width":576,"height":351,"url":"https:\/\/joyana.fr\/wp-content\/uploads\/old\/RUBY_Anemic-Eames-hang-it-all-hang-it-big-.jpg","type":"image\/jpeg"}],"author":"Jo Yana","twitter_card":"summary_large_image","twitter_creator":"@Jo_Yana","twitter_site":"@Jo_Yana","twitter_misc":{"Written by":"Jo Yana","Est. reading time":"1 minute"},"schema":{"@context":"https:\/\/schema.org","@graph":[{"@type":"Article","@id":"https:\/\/joyana.fr\/en\/hang-it-all-hang-it-big-ruby-anemic-eames\/105818\/#article","isPartOf":{"@id":"https:\/\/joyana.fr\/en\/hang-it-all-hang-it-big-ruby-anemic-eames\/105818\/"},"author":{"name":"Jo Yana","@id":"https:\/\/www.joyana.fr\/#\/schema\/person\/cf2a1ad12a27c12c21801075bf37407c"},"headline":"HANG IT ALL &#8211; HANG IT BIG by Ruby Anemic","datePublished":"2011-02-04T07:23:40+00:00","mainEntityOfPage":{"@id":"https:\/\/joyana.fr\/en\/hang-it-all-hang-it-big-ruby-anemic-eames\/105818\/"},"wordCount":161,"commentCount":0,"publisher":{"@id":"https:\/\/www.joyana.fr\/#\/schema\/person\/cf2a1ad12a27c12c21801075bf37407c"},"image":{"@id":"https:\/\/joyana.fr\/en\/hang-it-all-hang-it-big-ruby-anemic-eames\/105818\/#primaryimage"},"thumbnailUrl":"https:\/\/i0.wp.com\/joyana.fr\/wp-content\/uploads\/old\/RUBY_Anemic-Eames-hang-it-all-hang-it-big-.jpg?fit=576%2C351&ssl=1","keywords":["Art Contemporain"],"articleSection":["Accessoires","Art Contemporain","DECO-DESIGN","Sculpture"],"inLanguage":"en-US","potentialAction":[{"@type":"CommentAction","name":"Comment","target":["https:\/\/joyana.fr\/en\/hang-it-all-hang-it-big-ruby-anemic-eames\/105818\/#respond"]}]},{"@type":"WebPage","@id":"https:\/\/joyana.fr\/en\/hang-it-all-hang-it-big-ruby-anemic-eames\/105818\/","url":"https:\/\/joyana.fr\/en\/hang-it-all-hang-it-big-ruby-anemic-eames\/105818\/","name":"HANG IT ALL - HANG IT BIG by Ruby Anemic - JO YANA","isPartOf":{"@id":"https:\/\/www.joyana.fr\/#website"},"primaryImageOfPage":{"@id":"https:\/\/joyana.fr\/en\/hang-it-all-hang-it-big-ruby-anemic-eames\/105818\/#primaryimage"},"image":{"@id":"https:\/\/joyana.fr\/en\/hang-it-all-hang-it-big-ruby-anemic-eames\/105818\/#primaryimage"},"thumbnailUrl":"https:\/\/i0.wp.com\/joyana.fr\/wp-content\/uploads\/old\/RUBY_Anemic-Eames-hang-it-all-hang-it-big-.jpg?fit=576%2C351&ssl=1","datePublished":"2011-02-04T07:23:40+00:00","breadcrumb":{"@id":"https:\/\/joyana.fr\/en\/hang-it-all-hang-it-big-ruby-anemic-eames\/105818\/#breadcrumb"},"inLanguage":"en-US","potentialAction":[{"@type":"ReadAction","target":["https:\/\/joyana.fr\/en\/hang-it-all-hang-it-big-ruby-anemic-eames\/105818\/"]}]},{"@type":"ImageObject","inLanguage":"en-US","@id":"https:\/\/joyana.fr\/en\/hang-it-all-hang-it-big-ruby-anemic-eames\/105818\/#primaryimage","url":"https:\/\/i0.wp.com\/joyana.fr\/wp-content\/uploads\/old\/RUBY_Anemic-Eames-hang-it-all-hang-it-big-.jpg?fit=576%2C351&ssl=1","contentUrl":"https:\/\/i0.wp.com\/joyana.fr\/wp-content\/uploads\/old\/RUBY_Anemic-Eames-hang-it-all-hang-it-big-.jpg?fit=576%2C351&ssl=1","width":576,"height":351},{"@type":"BreadcrumbList","@id":"https:\/\/joyana.fr\/en\/hang-it-all-hang-it-big-ruby-anemic-eames\/105818\/#breadcrumb","itemListElement":[{"@type":"ListItem","position":1,"name":"Accueil","item":"https:\/\/www.joyana.fr\/"},{"@type":"ListItem","position":2,"name":"HANG IT ALL &#8211; HANG IT BIG by Ruby Anemic"}]},{"@type":"WebSite","@id":"https:\/\/www.joyana.fr\/#website","url":"https:\/\/www.joyana.fr\/","name":"JO YANA","description":"Blog Mode Homme, Lifestyle, D\u00e9co-Design","publisher":{"@id":"https:\/\/www.joyana.fr\/#\/schema\/person\/cf2a1ad12a27c12c21801075bf37407c"},"potentialAction":[{"@type":"SearchAction","target":{"@type":"EntryPoint","urlTemplate":"https:\/\/www.joyana.fr\/?s={search_term_string}"},"query-input":{"@type":"PropertyValueSpecification","valueRequired":true,"valueName":"search_term_string"}}],"inLanguage":"en-US"},{"@type":["Person","Organization"],"@id":"https:\/\/www.joyana.fr\/#\/schema\/person\/cf2a1ad12a27c12c21801075bf37407c","name":"Jo Yana","image":{"@type":"ImageObject","inLanguage":"en-US","@id":"https:\/\/www.joyana.fr\/#\/schema\/person\/image\/","url":"https:\/\/i0.wp.com\/joyana.fr\/wp-content\/uploads\/2016\/08\/cropped-joyana-logo-black-360x180.png?fit=343%2C164&ssl=1","contentUrl":"https:\/\/i0.wp.com\/joyana.fr\/wp-content\/uploads\/2016\/08\/cropped-joyana-logo-black-360x180.png?fit=343%2C164&ssl=1","width":343,"height":164,"caption":"Jo Yana"},"logo":{"@id":"https:\/\/www.joyana.fr\/#\/schema\/person\/image\/"},"description":"Jo Yana est le cr\u00e9ateur et r\u00e9dacteur en chef des sites DECO-DESIGN. Passionn\u00e9 de Design, Mode, Photo, Luxe, Lifestyle, Musique, mais avant tout Blogueur ! Le plaisir de partager l'anime et a comme devise \"POUR L'AMOUR DU BEAU\". Retrouvez le aussi sur son blog personnel - https:\/\/joyana.fr...","sameAs":["https:\/\/joyana.fr\/"],"url":"https:\/\/joyana.fr\/en\/author\/joyana\/"}]}},"author_meta":{"display_name":"Jo Yana","author_link":"https:\/\/joyana.fr\/en\/author\/joyana\/"},"featured_img":"https:\/\/i0.wp.com\/joyana.fr\/wp-content\/uploads\/old\/RUBY_Anemic-Eames-hang-it-all-hang-it-big-.jpg?fit=389%2C237&ssl=1","featured_image_src":"https:\/\/i0.wp.com\/joyana.fr\/wp-content\/uploads\/old\/RUBY_Anemic-Eames-hang-it-all-hang-it-big-.jpg?resize=576%2C351&ssl=1","featured_image_src_square":"https:\/\/i0.wp.com\/joyana.fr\/wp-content\/uploads\/old\/RUBY_Anemic-Eames-hang-it-all-hang-it-big-.jpg?resize=576%2C351&ssl=1","jetpack_featured_media_url":"https:\/\/i0.wp.com\/joyana.fr\/wp-content\/uploads\/old\/RUBY_Anemic-Eames-hang-it-all-hang-it-big-.jpg?fit=576%2C351&ssl=1","uagb_featured_image_src":{"full":["https:\/\/i0.wp.com\/joyana.fr\/wp-content\/uploads\/old\/RUBY_Anemic-Eames-hang-it-all-hang-it-big-.jpg?fit=576%2C351&ssl=1",576,351,false],"thumbnail":["https:\/\/i0.wp.com\/joyana.fr\/wp-content\/uploads\/old\/RUBY_Anemic-Eames-hang-it-all-hang-it-big-.jpg?resize=150%2C150&ssl=1",150,150,true],"medium":["https:\/\/i0.wp.com\/joyana.fr\/wp-content\/uploads\/old\/RUBY_Anemic-Eames-hang-it-all-hang-it-big-.jpg?fit=389%2C237&ssl=1",389,237,true],"medium_large":["https:\/\/i0.wp.com\/joyana.fr\/wp-content\/uploads\/old\/RUBY_Anemic-Eames-hang-it-all-hang-it-big-.jpg?fit=576%2C351&ssl=1",576,351,true],"large":["https:\/\/i0.wp.com\/joyana.fr\/wp-content\/uploads\/old\/RUBY_Anemic-Eames-hang-it-all-hang-it-big-.jpg?fit=576%2C351&ssl=1",576,351,true],"1536x1536":["https:\/\/i0.wp.com\/joyana.fr\/wp-content\/uploads\/old\/RUBY_Anemic-Eames-hang-it-all-hang-it-big-.jpg?fit=576%2C351&ssl=1",576,351,true],"2048x2048":["https:\/\/i0.wp.com\/joyana.fr\/wp-content\/uploads\/old\/RUBY_Anemic-Eames-hang-it-all-hang-it-big-.jpg?fit=576%2C351&ssl=1",576,351,true],"featured-thumb":["https:\/\/i0.wp.com\/joyana.fr\/wp-content\/uploads\/old\/RUBY_Anemic-Eames-hang-it-all-hang-it-big-.jpg?resize=576%2C351&ssl=1",576,351,true],"ab-block-post-grid-landscape":["https:\/\/i0.wp.com\/joyana.fr\/wp-content\/uploads\/old\/RUBY_Anemic-Eames-hang-it-all-hang-it-big-.jpg?resize=576%2C351&ssl=1",576,351,true],"ab-block-post-grid-square":["https:\/\/i0.wp.com\/joyana.fr\/wp-content\/uploads\/old\/RUBY_Anemic-Eames-hang-it-all-hang-it-big-.jpg?resize=576%2C351&ssl=1",576,351,true],"author-pro-image":["https:\/\/i0.wp.com\/joyana.fr\/wp-content\/uploads\/old\/RUBY_Anemic-Eames-hang-it-all-hang-it-big-.jpg?resize=360%2C351&ssl=1",360,351,true],"slider":["https:\/\/i0.wp.com\/joyana.fr\/wp-content\/uploads\/old\/RUBY_Anemic-Eames-hang-it-all-hang-it-big-.jpg?resize=576%2C351&ssl=1",576,351,true],"woocommerce_thumbnail":["https:\/\/i0.wp.com\/joyana.fr\/wp-content\/uploads\/old\/RUBY_Anemic-Eames-hang-it-all-hang-it-big-.jpg?resize=450%2C351&ssl=1",450,351,true],"woocommerce_single":["https:\/\/i0.wp.com\/joyana.fr\/wp-content\/uploads\/old\/RUBY_Anemic-Eames-hang-it-all-hang-it-big-.jpg?fit=576%2C351&ssl=1",576,351,true],"woocommerce_gallery_thumbnail":["https:\/\/i0.wp.com\/joyana.fr\/wp-content\/uploads\/old\/RUBY_Anemic-Eames-hang-it-all-hang-it-big-.jpg?resize=180%2C180&ssl=1",180,180,true],"sow-carousel-default":["https:\/\/i0.wp.com\/joyana.fr\/wp-content\/uploads\/old\/RUBY_Anemic-Eames-hang-it-all-hang-it-big-.jpg?resize=272%2C182&ssl=1",272,182,true]},"uagb_author_info":{"display_name":"Jo Yana","author_link":"https:\/\/joyana.fr\/en\/author\/joyana\/"},"uagb_comment_info":21,"uagb_excerpt":"L&#8217;artiste Ruby Anemic rend hommage \u00e0 Charles et Ray Eames, en revisitant le c\u00e9l\u00e8bre HANG IT ALL &#8211; une sculpture de pr\u00e8s de 2 m\u00e8tres de large, intitul\u00e9 HANT IT BIG&#8230; L&#8217;artiste Ruby Anemic propose &#8220;HANG IT ALL &#8211; HANG IT BIG&#8220;, un hommage sculpt\u00e9 de 200x160cm de l&#8217;iconique porte-manteau de Charles &#038; Ray Eames,&hellip;","coauthors":[],"tax_additional":{"categories":{"linked":["<a href=\"https:\/\/joyana.fr\/en\/category\/deco-design\/decoration\/accessoires\/\" class=\"advgb-post-tax-term\">Accessoires<\/a>","<a href=\"https:\/\/joyana.fr\/en\/category\/deco-design\/actualite\/art-contemporain\/\" class=\"advgb-post-tax-term\">Art Contemporain<\/a>","<a href=\"https:\/\/joyana.fr\/en\/category\/deco-design\/\" class=\"advgb-post-tax-term\">DECO-DESIGN<\/a>","<a href=\"https:\/\/joyana.fr\/en\/category\/deco-design\/mobilier\/sculpture\/\" class=\"advgb-post-tax-term\">Sculpture<\/a>"],"unlinked":["<span class=\"advgb-post-tax-term\">Accessoires<\/span>","<span class=\"advgb-post-tax-term\">Art Contemporain<\/span>","<span class=\"advgb-post-tax-term\">DECO-DESIGN<\/span>","<span class=\"advgb-post-tax-term\">Sculpture<\/span>"]},"tags":{"linked":["<a href=\"https:\/\/joyana.fr\/en\/category\/deco-design\/mobilier\/sculpture\/\" class=\"advgb-post-tax-term\">Art Contemporain<\/a>"],"unlinked":["<span class=\"advgb-post-tax-term\">Art Contemporain<\/span>"]}},"comment_count":21,"relative_dates":{"created":"Posted 15 years ago","modified":"Updated 15 years ago"},"absolute_dates":{"created":"Posted on 4 February 2011","modified":"Updated on 4 February 2011"},"absolute_dates_time":{"created":"Posted on 4 February 2011 8:23","modified":"Updated on 4 February 2011 8:23"},"featured_img_caption":"","series_order":"","jetpack_sharing_enabled":true,"jetpack_shortlink":"https:\/\/wp.me\/p9bteI-rwK","jetpack-related-posts":[],"_links":{"self":[{"href":"https:\/\/joyana.fr\/en\/wp-json\/wp\/v2\/posts\/105818","targetHints":{"allow":["GET"]}}],"collection":[{"href":"https:\/\/joyana.fr\/en\/wp-json\/wp\/v2\/posts"}],"about":[{"href":"https:\/\/joyana.fr\/en\/wp-json\/wp\/v2\/types\/post"}],"author":[{"embeddable":true,"href":"https:\/\/joyana.fr\/en\/wp-json\/wp\/v2\/users\/3"}],"replies":[{"embeddable":true,"href":"https:\/\/joyana.fr\/en\/wp-json\/wp\/v2\/comments?post=105818"}],"version-history":[{"count":0,"href":"https:\/\/joyana.fr\/en\/wp-json\/wp\/v2\/posts\/105818\/revisions"}],"wp:featuredmedia":[{"embeddable":true,"href":"https:\/\/joyana.fr\/en\/wp-json\/wp\/v2\/media\/105822"}],"wp:attachment":[{"href":"https:\/\/joyana.fr\/en\/wp-json\/wp\/v2\/media?parent=105818"}],"wp:term":[{"taxonomy":"category","embeddable":true,"href":"https:\/\/joyana.fr\/en\/wp-json\/wp\/v2\/categories?post=105818"},{"taxonomy":"post_tag","embeddable":true,"href":"https:\/\/joyana.fr\/en\/wp-json\/wp\/v2\/tags?post=105818"}],"curies":[{"name":"wp","href":"https:\/\/api.w.org\/{rel}","templated":true}]}}