{"id":106160,"date":"2011-03-21T07:39:31","date_gmt":"2011-03-21T06:39:31","guid":{"rendered":"https:\/\/joyana.fr\/?p=6160"},"modified":"2011-03-21T07:39:31","modified_gmt":"2011-03-21T06:39:31","slug":"tabouret-design-clover-damien-gires-leplanb","status":"publish","type":"post","link":"https:\/\/joyana.fr\/en\/tabouret-design-clover-damien-gires-leplanb\/106160\/","title":{"rendered":"Tabouret CLOVER par Damien GIRES"},"content":{"rendered":"<p>Le d\u00e9corateur et <strong>designer Damien Gires<\/strong> &#8211; cr\u00e9ateur de l&#8217;agence <strong>LePlanB<\/strong> &#8211; nous pr\u00e9sente le <strong>tabouret CLOVER<\/strong>, dessin\u00e9 il y a peu et prototyp\u00e9 pour une exposition, inspir\u00e9 des tabourets de traite&#8230;<\/p>\n<p><img data-recalc-dims=\"1\" fetchpriority=\"high\" decoding=\"async\" class=\"alignnone size-full wp-image-6163\" title=\"Tabouret CLOVER par Damien GIRES\" src=\"https:\/\/i0.wp.com\/joyana.fr\/wp-content\/uploads\/CLOVER-ensemble-mat-Damien-GIRES.jpg?resize=576%2C360&#038;ssl=1\" alt=\"\" width=\"576\" height=\"360\" \/><\/p>\n<p><strong>CLOVER<\/strong> est un \u00e9l\u00e9gant hommage au tabouret de traite. Finesse et courbe viennent soutenir une assise toute en suspension aussi fine que stable.<br \/>\n<strong>CLOVER<\/strong> est n\u00e9 d\u2019une collaboration avec une usine sp\u00e9cialis\u00e9e dans le m\u00e9tal repouss\u00e9. Des pieds coniques destin\u00e9s \u00e0 d\u2019autres mod\u00e8les ont \u00e9t\u00e9 d\u00e9coup\u00e9s et assembl\u00e9s \u00e0 l\u2019envers. Le dessus de l\u2019assise a \u00e9t\u00e9 fa\u00e7onn\u00e9 sur mesure. La simplicit\u00e9 du design fait de <strong>CLOVER<\/strong> un objet facilement \u00e9ditable dans une gamme large de mat\u00e9riaux.<\/p>\n<p><strong>Damien Gires<\/strong> travaille pour son propre studio de design et d\u2019architecture d\u2019int\u00e9rieur.<br \/>\nLes espaces, les volumes, tout comme les formes sont \u00e9labor\u00e9s avec \u00e9conomie et simplicit\u00e9, tout en gardant un sens expressif, po\u00e9tique et fonctionnel.<\/p>\n<p>&#8212;&#8212;&#8212;&#8212;<br \/>\n<em><br \/>\n<strong>CLOVER<\/strong> pays tribute to the milking stool. Delicacy and curve support a seat as light as stable.<br \/>\n<strong>CLOVER<\/strong> was born of a collaboration with a specialized factory in embossed metal. Conical feet for other models have been cut and assembled in reverse. The above seat was custom bespoke.\u2028The simplicity of design makes an object <strong>CLOVER<\/strong> easily editable in a wide range of materials.<\/em><\/p>\n<p><em><strong>Damien Gires<\/strong> is working for his own studio, proposing interior and furniture design.<\/em> <em><br \/>\nSpaces, volumes and forms are developed with economy and simplicity, without loosing the expression, the poetry and the fonctionnel sens of the material.<\/em><\/p>\n<p><img data-recalc-dims=\"1\" decoding=\"async\" class=\"alignnone size-full wp-image-6162\" title=\"Tabouret CLOVER par Damien GIRES\" src=\"https:\/\/i0.wp.com\/joyana.fr\/wp-content\/uploads\/CLOVER-brillant-raz-Damien-GIRES.jpg?resize=576%2C643&#038;ssl=1\" alt=\"\" width=\"576\" height=\"643\" \/><\/p>\n<p><img data-recalc-dims=\"1\" decoding=\"async\" class=\"alignnone size-full wp-image-6161\" title=\"Tabouret CLOVER par Damien GIRES\" src=\"https:\/\/i0.wp.com\/joyana.fr\/wp-content\/uploads\/CLOVER-brillant-plongee-Damien-GIRES.jpg?resize=576%2C759&#038;ssl=1\" alt=\"\" width=\"576\" height=\"759\" \/><\/p>\n<p>Ci-dessous la version mate du <strong>tabouret CLOVER<\/strong>&#8230;<\/p>\n<p><img data-recalc-dims=\"1\" loading=\"lazy\" decoding=\"async\" class=\"alignnone size-full wp-image-6164\" title=\"Tabouret CLOVER par Damien GIRES\" src=\"https:\/\/i0.wp.com\/joyana.fr\/wp-content\/uploads\/CLOVER-mat-plongee-Damien-GIRES.jpg?resize=576%2C759&#038;ssl=1\" alt=\"\" width=\"576\" height=\"759\" \/><\/p>\n<p>En savoir + sur <a title=\"LEPLANB DAMIEN GIRES\" href=\"http:\/\/www.leplanb.com\/\"><strong>Damien GIRES (LePlanB)<\/strong><\/a><\/p>\n","protected":false},"excerpt":{"rendered":"<p>Le d\u00e9corateur et designer Damien Gires &#8211; cr\u00e9ateur de l&#8217;agence LePlanB &#8211; nous pr\u00e9sente le tabouret CLOVER, dessin\u00e9 il y a peu et prototyp\u00e9 pour une exposition, inspir\u00e9 des tabourets de traite&#8230; CLOVER est un \u00e9l\u00e9gant hommage au tabouret de traite. Finesse et courbe viennent soutenir une assise toute en suspension aussi fine que stable. [&hellip;]<\/p>\n","protected":false},"author":3,"featured_media":106163,"comment_status":"open","ping_status":"open","sticky":false,"template":"","format":"standard","meta":{"_coblocks_attr":"","_coblocks_dimensions":"","_coblocks_responsive_height":"","_coblocks_accordion_ie_support":"","_uag_custom_page_level_css":"","advgb_blocks_editor_width":"","advgb_blocks_columns_visual_guide":"","_genesis_hide_title":false,"_genesis_hide_breadcrumbs":false,"_genesis_hide_singular_image":false,"_genesis_hide_footer_widgets":false,"_genesis_custom_body_class":"","_genesis_custom_post_class":"","_genesis_layout":"","_themeisle_gutenberg_block_has_review":false,"_jetpack_newsletter_access":"","_jetpack_dont_email_post_to_subs":false,"_jetpack_newsletter_tier_id":0,"_jetpack_memberships_contains_paywalled_content":false,"_jetpack_memberships_contains_paid_content":false,"footnotes":""},"categories":[948,905,998],"tags":[78,910],"class_list":{"0":"post-106160","1":"post","2":"type-post","3":"status-publish","4":"format-standard","5":"has-post-thumbnail","7":"category-assise","8":"category-deco-design","9":"category-tabouret","10":"tag-design","11":"tag-noir","12":"entry"},"featured_image_urls":{"full":["https:\/\/i0.wp.com\/joyana.fr\/wp-content\/uploads\/old\/CLOVER-ensemble-mat-Damien-GIRES.jpg?fit=576%2C360&ssl=1",576,360,false],"thumbnail":["https:\/\/i0.wp.com\/joyana.fr\/wp-content\/uploads\/old\/CLOVER-ensemble-mat-Damien-GIRES.jpg?resize=150%2C150&ssl=1",150,150,true],"medium":["https:\/\/i0.wp.com\/joyana.fr\/wp-content\/uploads\/old\/CLOVER-ensemble-mat-Damien-GIRES.jpg?fit=389%2C243&ssl=1",389,243,true],"medium_large":["https:\/\/i0.wp.com\/joyana.fr\/wp-content\/uploads\/old\/CLOVER-ensemble-mat-Damien-GIRES.jpg?fit=576%2C360&ssl=1",576,360,true],"large":["https:\/\/i0.wp.com\/joyana.fr\/wp-content\/uploads\/old\/CLOVER-ensemble-mat-Damien-GIRES.jpg?fit=576%2C360&ssl=1",576,360,true],"1536x1536":["https:\/\/i0.wp.com\/joyana.fr\/wp-content\/uploads\/old\/CLOVER-ensemble-mat-Damien-GIRES.jpg?fit=576%2C360&ssl=1",576,360,true],"2048x2048":["https:\/\/i0.wp.com\/joyana.fr\/wp-content\/uploads\/old\/CLOVER-ensemble-mat-Damien-GIRES.jpg?fit=576%2C360&ssl=1",576,360,true],"featured-thumb":["https:\/\/i0.wp.com\/joyana.fr\/wp-content\/uploads\/old\/CLOVER-ensemble-mat-Damien-GIRES.jpg?resize=576%2C360&ssl=1",576,360,true],"ab-block-post-grid-landscape":["https:\/\/i0.wp.com\/joyana.fr\/wp-content\/uploads\/old\/CLOVER-ensemble-mat-Damien-GIRES.jpg?resize=576%2C360&ssl=1",576,360,true],"ab-block-post-grid-square":["https:\/\/i0.wp.com\/joyana.fr\/wp-content\/uploads\/old\/CLOVER-ensemble-mat-Damien-GIRES.jpg?resize=576%2C360&ssl=1",576,360,true],"author-pro-image":["https:\/\/i0.wp.com\/joyana.fr\/wp-content\/uploads\/old\/CLOVER-ensemble-mat-Damien-GIRES.jpg?resize=360%2C360&ssl=1",360,360,true],"slider":["https:\/\/i0.wp.com\/joyana.fr\/wp-content\/uploads\/old\/CLOVER-ensemble-mat-Damien-GIRES.jpg?resize=576%2C360&ssl=1",576,360,true],"woocommerce_thumbnail":["https:\/\/i0.wp.com\/joyana.fr\/wp-content\/uploads\/old\/CLOVER-ensemble-mat-Damien-GIRES.jpg?resize=450%2C360&ssl=1",450,360,true],"woocommerce_single":["https:\/\/i0.wp.com\/joyana.fr\/wp-content\/uploads\/old\/CLOVER-ensemble-mat-Damien-GIRES.jpg?fit=576%2C360&ssl=1",576,360,true],"woocommerce_gallery_thumbnail":["https:\/\/i0.wp.com\/joyana.fr\/wp-content\/uploads\/old\/CLOVER-ensemble-mat-Damien-GIRES.jpg?resize=180%2C180&ssl=1",180,180,true],"sow-carousel-default":["https:\/\/i0.wp.com\/joyana.fr\/wp-content\/uploads\/old\/CLOVER-ensemble-mat-Damien-GIRES.jpg?resize=272%2C182&ssl=1",272,182,true]},"post_excerpt_stackable":"<p>Le d\u00e9corateur et designer Damien Gires &#8211; cr\u00e9ateur de l&#8217;agence LePlanB &#8211; nous pr\u00e9sente le tabouret CLOVER, dessin\u00e9 il y a peu et prototyp\u00e9 pour une exposition, inspir\u00e9 des tabourets de traite&#8230; CLOVER est un \u00e9l\u00e9gant hommage au tabouret de traite. Finesse et courbe viennent soutenir une assise toute en suspension aussi fine que stable. CLOVER est n\u00e9 d\u2019une collaboration avec une usine sp\u00e9cialis\u00e9e dans le m\u00e9tal repouss\u00e9. Des pieds coniques destin\u00e9s \u00e0 d\u2019autres mod\u00e8les ont \u00e9t\u00e9 d\u00e9coup\u00e9s et assembl\u00e9s \u00e0 l\u2019envers. Le dessus de l\u2019assise a \u00e9t\u00e9 fa\u00e7onn\u00e9 sur mesure. La simplicit\u00e9 du design fait de CLOVER un objet&hellip;<\/p>\n","category_list":"<a href=\"https:\/\/joyana.fr\/en\/category\/deco-design\/mobilier\/assise\/\" rel=\"category tag\">Assise<\/a>, <a href=\"https:\/\/joyana.fr\/en\/category\/deco-design\/\" rel=\"category tag\">DECO-DESIGN<\/a>, <a href=\"https:\/\/joyana.fr\/en\/category\/deco-design\/mobilier\/assise\/tabouret\/\" rel=\"category tag\">Tabouret<\/a>","author_info":{"display_name":"Jo Yana","author_link":"https:\/\/joyana.fr\/en\/author\/joyana\/"},"comments_num":"50 comments","featured_image_urls_v2":{"full":["https:\/\/i0.wp.com\/joyana.fr\/wp-content\/uploads\/old\/CLOVER-ensemble-mat-Damien-GIRES.jpg?fit=576%2C360&ssl=1",576,360,false],"thumbnail":["https:\/\/i0.wp.com\/joyana.fr\/wp-content\/uploads\/old\/CLOVER-ensemble-mat-Damien-GIRES.jpg?resize=150%2C150&ssl=1",150,150,true],"medium":["https:\/\/i0.wp.com\/joyana.fr\/wp-content\/uploads\/old\/CLOVER-ensemble-mat-Damien-GIRES.jpg?fit=389%2C243&ssl=1",389,243,true],"medium_large":["https:\/\/i0.wp.com\/joyana.fr\/wp-content\/uploads\/old\/CLOVER-ensemble-mat-Damien-GIRES.jpg?fit=576%2C360&ssl=1",576,360,true],"large":["https:\/\/i0.wp.com\/joyana.fr\/wp-content\/uploads\/old\/CLOVER-ensemble-mat-Damien-GIRES.jpg?fit=576%2C360&ssl=1",576,360,true],"1536x1536":["https:\/\/i0.wp.com\/joyana.fr\/wp-content\/uploads\/old\/CLOVER-ensemble-mat-Damien-GIRES.jpg?fit=576%2C360&ssl=1",576,360,true],"2048x2048":["https:\/\/i0.wp.com\/joyana.fr\/wp-content\/uploads\/old\/CLOVER-ensemble-mat-Damien-GIRES.jpg?fit=576%2C360&ssl=1",576,360,true],"featured-thumb":["https:\/\/i0.wp.com\/joyana.fr\/wp-content\/uploads\/old\/CLOVER-ensemble-mat-Damien-GIRES.jpg?resize=576%2C360&ssl=1",576,360,true],"ab-block-post-grid-landscape":["https:\/\/i0.wp.com\/joyana.fr\/wp-content\/uploads\/old\/CLOVER-ensemble-mat-Damien-GIRES.jpg?resize=576%2C360&ssl=1",576,360,true],"ab-block-post-grid-square":["https:\/\/i0.wp.com\/joyana.fr\/wp-content\/uploads\/old\/CLOVER-ensemble-mat-Damien-GIRES.jpg?resize=576%2C360&ssl=1",576,360,true],"author-pro-image":["https:\/\/i0.wp.com\/joyana.fr\/wp-content\/uploads\/old\/CLOVER-ensemble-mat-Damien-GIRES.jpg?resize=360%2C360&ssl=1",360,360,true],"slider":["https:\/\/i0.wp.com\/joyana.fr\/wp-content\/uploads\/old\/CLOVER-ensemble-mat-Damien-GIRES.jpg?resize=576%2C360&ssl=1",576,360,true],"woocommerce_thumbnail":["https:\/\/i0.wp.com\/joyana.fr\/wp-content\/uploads\/old\/CLOVER-ensemble-mat-Damien-GIRES.jpg?resize=450%2C360&ssl=1",450,360,true],"woocommerce_single":["https:\/\/i0.wp.com\/joyana.fr\/wp-content\/uploads\/old\/CLOVER-ensemble-mat-Damien-GIRES.jpg?fit=576%2C360&ssl=1",576,360,true],"woocommerce_gallery_thumbnail":["https:\/\/i0.wp.com\/joyana.fr\/wp-content\/uploads\/old\/CLOVER-ensemble-mat-Damien-GIRES.jpg?resize=180%2C180&ssl=1",180,180,true],"sow-carousel-default":["https:\/\/i0.wp.com\/joyana.fr\/wp-content\/uploads\/old\/CLOVER-ensemble-mat-Damien-GIRES.jpg?resize=272%2C182&ssl=1",272,182,true]},"post_excerpt_stackable_v2":"<p>Le d\u00e9corateur et designer Damien Gires &#8211; cr\u00e9ateur de l&#8217;agence LePlanB &#8211; nous pr\u00e9sente le tabouret CLOVER, dessin\u00e9 il y a peu et prototyp\u00e9 pour une exposition, inspir\u00e9 des tabourets de traite&#8230; CLOVER est un \u00e9l\u00e9gant hommage au tabouret de traite. Finesse et courbe viennent soutenir une assise toute en suspension aussi fine que stable. CLOVER est n\u00e9 d\u2019une collaboration avec une usine sp\u00e9cialis\u00e9e dans le m\u00e9tal repouss\u00e9. Des pieds coniques destin\u00e9s \u00e0 d\u2019autres mod\u00e8les ont \u00e9t\u00e9 d\u00e9coup\u00e9s et assembl\u00e9s \u00e0 l\u2019envers. Le dessus de l\u2019assise a \u00e9t\u00e9 fa\u00e7onn\u00e9 sur mesure. La simplicit\u00e9 du design fait de CLOVER un objet&hellip;<\/p>\n","category_list_v2":"<a href=\"https:\/\/joyana.fr\/en\/category\/deco-design\/mobilier\/assise\/\" rel=\"category tag\">Assise<\/a>, <a href=\"https:\/\/joyana.fr\/en\/category\/deco-design\/\" rel=\"category tag\">DECO-DESIGN<\/a>, <a href=\"https:\/\/joyana.fr\/en\/category\/deco-design\/mobilier\/assise\/tabouret\/\" rel=\"category tag\">Tabouret<\/a>","author_info_v2":{"name":"Jo Yana","url":"https:\/\/joyana.fr\/en\/author\/joyana\/"},"comments_num_v2":"50 comments","yoast_head":"<!-- This site is optimized with the Yoast SEO plugin v26.8 - https:\/\/yoast.com\/product\/yoast-seo-wordpress\/ -->\n<title>Tabouret CLOVER par Damien GIRES - JO YANA<\/title>\n<meta name=\"robots\" content=\"index, follow, max-snippet:-1, max-image-preview:large, max-video-preview:-1\" \/>\n<link rel=\"canonical\" href=\"https:\/\/joyana.fr\/en\/tabouret-design-clover-damien-gires-leplanb\/106160\/\" \/>\n<meta property=\"og:locale\" content=\"en_US\" \/>\n<meta property=\"og:locale:alternate\" content=\"fr_FR\" \/>\n<meta property=\"og:locale:alternate\" content=\"ja\" \/>\n<meta property=\"og:type\" content=\"article\" \/>\n<meta property=\"og:title\" content=\"Tabouret CLOVER par Damien GIRES - JO YANA\" \/>\n<meta property=\"og:description\" content=\"Le d\u00e9corateur et designer Damien Gires &#8211; cr\u00e9ateur de l&#8217;agence LePlanB &#8211; nous pr\u00e9sente le tabouret CLOVER, dessin\u00e9 il y a peu et prototyp\u00e9 pour une exposition, inspir\u00e9 des tabourets de traite&#8230; CLOVER est un \u00e9l\u00e9gant hommage au tabouret de traite. Finesse et courbe viennent soutenir une assise toute en suspension aussi fine que stable. [&hellip;]\" \/>\n<meta property=\"og:url\" content=\"https:\/\/joyana.fr\/en\/tabouret-design-clover-damien-gires-leplanb\/106160\/\" \/>\n<meta property=\"og:site_name\" content=\"JO YANA\" \/>\n<meta property=\"article:published_time\" content=\"2011-03-21T06:39:31+00:00\" \/>\n<meta property=\"og:image\" content=\"https:\/\/joyana.fr\/wp-content\/uploads\/old\/CLOVER-ensemble-mat-Damien-GIRES.jpg\" \/>\n\t<meta property=\"og:image:width\" content=\"576\" \/>\n\t<meta property=\"og:image:height\" content=\"360\" \/>\n\t<meta property=\"og:image:type\" content=\"image\/jpeg\" \/>\n<meta name=\"author\" content=\"Jo Yana\" \/>\n<meta name=\"twitter:card\" content=\"summary_large_image\" \/>\n<meta name=\"twitter:creator\" content=\"@Jo_Yana\" \/>\n<meta name=\"twitter:site\" content=\"@Jo_Yana\" \/>\n<meta name=\"twitter:label1\" content=\"Written by\" \/>\n\t<meta name=\"twitter:data1\" content=\"Jo Yana\" \/>\n\t<meta name=\"twitter:label2\" content=\"Est. reading time\" \/>\n\t<meta name=\"twitter:data2\" content=\"1 minute\" \/>\n<script type=\"application\/ld+json\" class=\"yoast-schema-graph\">{\"@context\":\"https:\/\/schema.org\",\"@graph\":[{\"@type\":\"Article\",\"@id\":\"https:\/\/joyana.fr\/en\/tabouret-design-clover-damien-gires-leplanb\/106160\/#article\",\"isPartOf\":{\"@id\":\"https:\/\/joyana.fr\/en\/tabouret-design-clover-damien-gires-leplanb\/106160\/\"},\"author\":{\"name\":\"Jo Yana\",\"@id\":\"https:\/\/www.joyana.fr\/#\/schema\/person\/cf2a1ad12a27c12c21801075bf37407c\"},\"headline\":\"Tabouret CLOVER par Damien GIRES\",\"datePublished\":\"2011-03-21T06:39:31+00:00\",\"mainEntityOfPage\":{\"@id\":\"https:\/\/joyana.fr\/en\/tabouret-design-clover-damien-gires-leplanb\/106160\/\"},\"wordCount\":284,\"commentCount\":0,\"publisher\":{\"@id\":\"https:\/\/www.joyana.fr\/#\/schema\/person\/cf2a1ad12a27c12c21801075bf37407c\"},\"image\":{\"@id\":\"https:\/\/joyana.fr\/en\/tabouret-design-clover-damien-gires-leplanb\/106160\/#primaryimage\"},\"thumbnailUrl\":\"https:\/\/i0.wp.com\/joyana.fr\/wp-content\/uploads\/old\/CLOVER-ensemble-mat-Damien-GIRES.jpg?fit=576%2C360&ssl=1\",\"keywords\":[\"DESIGN\",\"Noir\"],\"articleSection\":[\"Assise\",\"DECO-DESIGN\",\"Tabouret\"],\"inLanguage\":\"en-US\",\"potentialAction\":[{\"@type\":\"CommentAction\",\"name\":\"Comment\",\"target\":[\"https:\/\/joyana.fr\/en\/tabouret-design-clover-damien-gires-leplanb\/106160\/#respond\"]}]},{\"@type\":\"WebPage\",\"@id\":\"https:\/\/joyana.fr\/en\/tabouret-design-clover-damien-gires-leplanb\/106160\/\",\"url\":\"https:\/\/joyana.fr\/en\/tabouret-design-clover-damien-gires-leplanb\/106160\/\",\"name\":\"Tabouret CLOVER par Damien GIRES - JO YANA\",\"isPartOf\":{\"@id\":\"https:\/\/www.joyana.fr\/#website\"},\"primaryImageOfPage\":{\"@id\":\"https:\/\/joyana.fr\/en\/tabouret-design-clover-damien-gires-leplanb\/106160\/#primaryimage\"},\"image\":{\"@id\":\"https:\/\/joyana.fr\/en\/tabouret-design-clover-damien-gires-leplanb\/106160\/#primaryimage\"},\"thumbnailUrl\":\"https:\/\/i0.wp.com\/joyana.fr\/wp-content\/uploads\/old\/CLOVER-ensemble-mat-Damien-GIRES.jpg?fit=576%2C360&ssl=1\",\"datePublished\":\"2011-03-21T06:39:31+00:00\",\"breadcrumb\":{\"@id\":\"https:\/\/joyana.fr\/en\/tabouret-design-clover-damien-gires-leplanb\/106160\/#breadcrumb\"},\"inLanguage\":\"en-US\",\"potentialAction\":[{\"@type\":\"ReadAction\",\"target\":[\"https:\/\/joyana.fr\/en\/tabouret-design-clover-damien-gires-leplanb\/106160\/\"]}]},{\"@type\":\"ImageObject\",\"inLanguage\":\"en-US\",\"@id\":\"https:\/\/joyana.fr\/en\/tabouret-design-clover-damien-gires-leplanb\/106160\/#primaryimage\",\"url\":\"https:\/\/i0.wp.com\/joyana.fr\/wp-content\/uploads\/old\/CLOVER-ensemble-mat-Damien-GIRES.jpg?fit=576%2C360&ssl=1\",\"contentUrl\":\"https:\/\/i0.wp.com\/joyana.fr\/wp-content\/uploads\/old\/CLOVER-ensemble-mat-Damien-GIRES.jpg?fit=576%2C360&ssl=1\",\"width\":576,\"height\":360},{\"@type\":\"BreadcrumbList\",\"@id\":\"https:\/\/joyana.fr\/en\/tabouret-design-clover-damien-gires-leplanb\/106160\/#breadcrumb\",\"itemListElement\":[{\"@type\":\"ListItem\",\"position\":1,\"name\":\"Accueil\",\"item\":\"https:\/\/www.joyana.fr\/\"},{\"@type\":\"ListItem\",\"position\":2,\"name\":\"Tabouret CLOVER par Damien GIRES\"}]},{\"@type\":\"WebSite\",\"@id\":\"https:\/\/www.joyana.fr\/#website\",\"url\":\"https:\/\/www.joyana.fr\/\",\"name\":\"JO YANA\",\"description\":\"Blog Mode Homme, Lifestyle, D\u00e9co-Design\",\"publisher\":{\"@id\":\"https:\/\/www.joyana.fr\/#\/schema\/person\/cf2a1ad12a27c12c21801075bf37407c\"},\"potentialAction\":[{\"@type\":\"SearchAction\",\"target\":{\"@type\":\"EntryPoint\",\"urlTemplate\":\"https:\/\/www.joyana.fr\/?s={search_term_string}\"},\"query-input\":{\"@type\":\"PropertyValueSpecification\",\"valueRequired\":true,\"valueName\":\"search_term_string\"}}],\"inLanguage\":\"en-US\"},{\"@type\":[\"Person\",\"Organization\"],\"@id\":\"https:\/\/www.joyana.fr\/#\/schema\/person\/cf2a1ad12a27c12c21801075bf37407c\",\"name\":\"Jo Yana\",\"image\":{\"@type\":\"ImageObject\",\"inLanguage\":\"en-US\",\"@id\":\"https:\/\/www.joyana.fr\/#\/schema\/person\/image\/\",\"url\":\"https:\/\/i0.wp.com\/joyana.fr\/wp-content\/uploads\/2016\/08\/cropped-joyana-logo-black-360x180.png?fit=343%2C164&ssl=1\",\"contentUrl\":\"https:\/\/i0.wp.com\/joyana.fr\/wp-content\/uploads\/2016\/08\/cropped-joyana-logo-black-360x180.png?fit=343%2C164&ssl=1\",\"width\":343,\"height\":164,\"caption\":\"Jo Yana\"},\"logo\":{\"@id\":\"https:\/\/www.joyana.fr\/#\/schema\/person\/image\/\"},\"description\":\"Jo Yana est le cr\u00e9ateur et r\u00e9dacteur en chef des sites DECO-DESIGN. Passionn\u00e9 de Design, Mode, Photo, Luxe, Lifestyle, Musique, mais avant tout Blogueur ! Le plaisir de partager l'anime et a comme devise \\\"POUR L'AMOUR DU BEAU\\\". Retrouvez le aussi sur son blog personnel - https:\/\/joyana.fr...\",\"sameAs\":[\"https:\/\/joyana.fr\/\"],\"url\":\"https:\/\/joyana.fr\/en\/author\/joyana\/\"}]}<\/script>\n<!-- \/ Yoast SEO plugin. -->","yoast_head_json":{"title":"Tabouret CLOVER par Damien GIRES - JO YANA","robots":{"index":"index","follow":"follow","max-snippet":"max-snippet:-1","max-image-preview":"max-image-preview:large","max-video-preview":"max-video-preview:-1"},"canonical":"https:\/\/joyana.fr\/en\/tabouret-design-clover-damien-gires-leplanb\/106160\/","og_locale":"en_US","og_type":"article","og_title":"Tabouret CLOVER par Damien GIRES - JO YANA","og_description":"Le d\u00e9corateur et designer Damien Gires &#8211; cr\u00e9ateur de l&#8217;agence LePlanB &#8211; nous pr\u00e9sente le tabouret CLOVER, dessin\u00e9 il y a peu et prototyp\u00e9 pour une exposition, inspir\u00e9 des tabourets de traite&#8230; CLOVER est un \u00e9l\u00e9gant hommage au tabouret de traite. Finesse et courbe viennent soutenir une assise toute en suspension aussi fine que stable. [&hellip;]","og_url":"https:\/\/joyana.fr\/en\/tabouret-design-clover-damien-gires-leplanb\/106160\/","og_site_name":"JO YANA","article_published_time":"2011-03-21T06:39:31+00:00","og_image":[{"width":576,"height":360,"url":"https:\/\/joyana.fr\/wp-content\/uploads\/old\/CLOVER-ensemble-mat-Damien-GIRES.jpg","type":"image\/jpeg"}],"author":"Jo Yana","twitter_card":"summary_large_image","twitter_creator":"@Jo_Yana","twitter_site":"@Jo_Yana","twitter_misc":{"Written by":"Jo Yana","Est. reading time":"1 minute"},"schema":{"@context":"https:\/\/schema.org","@graph":[{"@type":"Article","@id":"https:\/\/joyana.fr\/en\/tabouret-design-clover-damien-gires-leplanb\/106160\/#article","isPartOf":{"@id":"https:\/\/joyana.fr\/en\/tabouret-design-clover-damien-gires-leplanb\/106160\/"},"author":{"name":"Jo Yana","@id":"https:\/\/www.joyana.fr\/#\/schema\/person\/cf2a1ad12a27c12c21801075bf37407c"},"headline":"Tabouret CLOVER par Damien GIRES","datePublished":"2011-03-21T06:39:31+00:00","mainEntityOfPage":{"@id":"https:\/\/joyana.fr\/en\/tabouret-design-clover-damien-gires-leplanb\/106160\/"},"wordCount":284,"commentCount":0,"publisher":{"@id":"https:\/\/www.joyana.fr\/#\/schema\/person\/cf2a1ad12a27c12c21801075bf37407c"},"image":{"@id":"https:\/\/joyana.fr\/en\/tabouret-design-clover-damien-gires-leplanb\/106160\/#primaryimage"},"thumbnailUrl":"https:\/\/i0.wp.com\/joyana.fr\/wp-content\/uploads\/old\/CLOVER-ensemble-mat-Damien-GIRES.jpg?fit=576%2C360&ssl=1","keywords":["DESIGN","Noir"],"articleSection":["Assise","DECO-DESIGN","Tabouret"],"inLanguage":"en-US","potentialAction":[{"@type":"CommentAction","name":"Comment","target":["https:\/\/joyana.fr\/en\/tabouret-design-clover-damien-gires-leplanb\/106160\/#respond"]}]},{"@type":"WebPage","@id":"https:\/\/joyana.fr\/en\/tabouret-design-clover-damien-gires-leplanb\/106160\/","url":"https:\/\/joyana.fr\/en\/tabouret-design-clover-damien-gires-leplanb\/106160\/","name":"Tabouret CLOVER par Damien GIRES - JO YANA","isPartOf":{"@id":"https:\/\/www.joyana.fr\/#website"},"primaryImageOfPage":{"@id":"https:\/\/joyana.fr\/en\/tabouret-design-clover-damien-gires-leplanb\/106160\/#primaryimage"},"image":{"@id":"https:\/\/joyana.fr\/en\/tabouret-design-clover-damien-gires-leplanb\/106160\/#primaryimage"},"thumbnailUrl":"https:\/\/i0.wp.com\/joyana.fr\/wp-content\/uploads\/old\/CLOVER-ensemble-mat-Damien-GIRES.jpg?fit=576%2C360&ssl=1","datePublished":"2011-03-21T06:39:31+00:00","breadcrumb":{"@id":"https:\/\/joyana.fr\/en\/tabouret-design-clover-damien-gires-leplanb\/106160\/#breadcrumb"},"inLanguage":"en-US","potentialAction":[{"@type":"ReadAction","target":["https:\/\/joyana.fr\/en\/tabouret-design-clover-damien-gires-leplanb\/106160\/"]}]},{"@type":"ImageObject","inLanguage":"en-US","@id":"https:\/\/joyana.fr\/en\/tabouret-design-clover-damien-gires-leplanb\/106160\/#primaryimage","url":"https:\/\/i0.wp.com\/joyana.fr\/wp-content\/uploads\/old\/CLOVER-ensemble-mat-Damien-GIRES.jpg?fit=576%2C360&ssl=1","contentUrl":"https:\/\/i0.wp.com\/joyana.fr\/wp-content\/uploads\/old\/CLOVER-ensemble-mat-Damien-GIRES.jpg?fit=576%2C360&ssl=1","width":576,"height":360},{"@type":"BreadcrumbList","@id":"https:\/\/joyana.fr\/en\/tabouret-design-clover-damien-gires-leplanb\/106160\/#breadcrumb","itemListElement":[{"@type":"ListItem","position":1,"name":"Accueil","item":"https:\/\/www.joyana.fr\/"},{"@type":"ListItem","position":2,"name":"Tabouret CLOVER par Damien GIRES"}]},{"@type":"WebSite","@id":"https:\/\/www.joyana.fr\/#website","url":"https:\/\/www.joyana.fr\/","name":"JO YANA","description":"Blog Mode Homme, Lifestyle, D\u00e9co-Design","publisher":{"@id":"https:\/\/www.joyana.fr\/#\/schema\/person\/cf2a1ad12a27c12c21801075bf37407c"},"potentialAction":[{"@type":"SearchAction","target":{"@type":"EntryPoint","urlTemplate":"https:\/\/www.joyana.fr\/?s={search_term_string}"},"query-input":{"@type":"PropertyValueSpecification","valueRequired":true,"valueName":"search_term_string"}}],"inLanguage":"en-US"},{"@type":["Person","Organization"],"@id":"https:\/\/www.joyana.fr\/#\/schema\/person\/cf2a1ad12a27c12c21801075bf37407c","name":"Jo Yana","image":{"@type":"ImageObject","inLanguage":"en-US","@id":"https:\/\/www.joyana.fr\/#\/schema\/person\/image\/","url":"https:\/\/i0.wp.com\/joyana.fr\/wp-content\/uploads\/2016\/08\/cropped-joyana-logo-black-360x180.png?fit=343%2C164&ssl=1","contentUrl":"https:\/\/i0.wp.com\/joyana.fr\/wp-content\/uploads\/2016\/08\/cropped-joyana-logo-black-360x180.png?fit=343%2C164&ssl=1","width":343,"height":164,"caption":"Jo Yana"},"logo":{"@id":"https:\/\/www.joyana.fr\/#\/schema\/person\/image\/"},"description":"Jo Yana est le cr\u00e9ateur et r\u00e9dacteur en chef des sites DECO-DESIGN. Passionn\u00e9 de Design, Mode, Photo, Luxe, Lifestyle, Musique, mais avant tout Blogueur ! Le plaisir de partager l'anime et a comme devise \"POUR L'AMOUR DU BEAU\". Retrouvez le aussi sur son blog personnel - https:\/\/joyana.fr...","sameAs":["https:\/\/joyana.fr\/"],"url":"https:\/\/joyana.fr\/en\/author\/joyana\/"}]}},"author_meta":{"display_name":"Jo Yana","author_link":"https:\/\/joyana.fr\/en\/author\/joyana\/"},"featured_img":"https:\/\/i0.wp.com\/joyana.fr\/wp-content\/uploads\/old\/CLOVER-ensemble-mat-Damien-GIRES.jpg?fit=389%2C243&ssl=1","featured_image_src":"https:\/\/i0.wp.com\/joyana.fr\/wp-content\/uploads\/old\/CLOVER-ensemble-mat-Damien-GIRES.jpg?resize=576%2C360&ssl=1","featured_image_src_square":"https:\/\/i0.wp.com\/joyana.fr\/wp-content\/uploads\/old\/CLOVER-ensemble-mat-Damien-GIRES.jpg?resize=576%2C360&ssl=1","jetpack_featured_media_url":"https:\/\/i0.wp.com\/joyana.fr\/wp-content\/uploads\/old\/CLOVER-ensemble-mat-Damien-GIRES.jpg?fit=576%2C360&ssl=1","uagb_featured_image_src":{"full":["https:\/\/i0.wp.com\/joyana.fr\/wp-content\/uploads\/old\/CLOVER-ensemble-mat-Damien-GIRES.jpg?fit=576%2C360&ssl=1",576,360,false],"thumbnail":["https:\/\/i0.wp.com\/joyana.fr\/wp-content\/uploads\/old\/CLOVER-ensemble-mat-Damien-GIRES.jpg?resize=150%2C150&ssl=1",150,150,true],"medium":["https:\/\/i0.wp.com\/joyana.fr\/wp-content\/uploads\/old\/CLOVER-ensemble-mat-Damien-GIRES.jpg?fit=389%2C243&ssl=1",389,243,true],"medium_large":["https:\/\/i0.wp.com\/joyana.fr\/wp-content\/uploads\/old\/CLOVER-ensemble-mat-Damien-GIRES.jpg?fit=576%2C360&ssl=1",576,360,true],"large":["https:\/\/i0.wp.com\/joyana.fr\/wp-content\/uploads\/old\/CLOVER-ensemble-mat-Damien-GIRES.jpg?fit=576%2C360&ssl=1",576,360,true],"1536x1536":["https:\/\/i0.wp.com\/joyana.fr\/wp-content\/uploads\/old\/CLOVER-ensemble-mat-Damien-GIRES.jpg?fit=576%2C360&ssl=1",576,360,true],"2048x2048":["https:\/\/i0.wp.com\/joyana.fr\/wp-content\/uploads\/old\/CLOVER-ensemble-mat-Damien-GIRES.jpg?fit=576%2C360&ssl=1",576,360,true],"featured-thumb":["https:\/\/i0.wp.com\/joyana.fr\/wp-content\/uploads\/old\/CLOVER-ensemble-mat-Damien-GIRES.jpg?resize=576%2C360&ssl=1",576,360,true],"ab-block-post-grid-landscape":["https:\/\/i0.wp.com\/joyana.fr\/wp-content\/uploads\/old\/CLOVER-ensemble-mat-Damien-GIRES.jpg?resize=576%2C360&ssl=1",576,360,true],"ab-block-post-grid-square":["https:\/\/i0.wp.com\/joyana.fr\/wp-content\/uploads\/old\/CLOVER-ensemble-mat-Damien-GIRES.jpg?resize=576%2C360&ssl=1",576,360,true],"author-pro-image":["https:\/\/i0.wp.com\/joyana.fr\/wp-content\/uploads\/old\/CLOVER-ensemble-mat-Damien-GIRES.jpg?resize=360%2C360&ssl=1",360,360,true],"slider":["https:\/\/i0.wp.com\/joyana.fr\/wp-content\/uploads\/old\/CLOVER-ensemble-mat-Damien-GIRES.jpg?resize=576%2C360&ssl=1",576,360,true],"woocommerce_thumbnail":["https:\/\/i0.wp.com\/joyana.fr\/wp-content\/uploads\/old\/CLOVER-ensemble-mat-Damien-GIRES.jpg?resize=450%2C360&ssl=1",450,360,true],"woocommerce_single":["https:\/\/i0.wp.com\/joyana.fr\/wp-content\/uploads\/old\/CLOVER-ensemble-mat-Damien-GIRES.jpg?fit=576%2C360&ssl=1",576,360,true],"woocommerce_gallery_thumbnail":["https:\/\/i0.wp.com\/joyana.fr\/wp-content\/uploads\/old\/CLOVER-ensemble-mat-Damien-GIRES.jpg?resize=180%2C180&ssl=1",180,180,true],"sow-carousel-default":["https:\/\/i0.wp.com\/joyana.fr\/wp-content\/uploads\/old\/CLOVER-ensemble-mat-Damien-GIRES.jpg?resize=272%2C182&ssl=1",272,182,true]},"uagb_author_info":{"display_name":"Jo Yana","author_link":"https:\/\/joyana.fr\/en\/author\/joyana\/"},"uagb_comment_info":50,"uagb_excerpt":"Le d\u00e9corateur et designer Damien Gires &#8211; cr\u00e9ateur de l&#8217;agence LePlanB &#8211; nous pr\u00e9sente le tabouret CLOVER, dessin\u00e9 il y a peu et prototyp\u00e9 pour une exposition, inspir\u00e9 des tabourets de traite&#8230; CLOVER est un \u00e9l\u00e9gant hommage au tabouret de traite. Finesse et courbe viennent soutenir une assise toute en suspension aussi fine que stable.&hellip;","coauthors":[],"tax_additional":{"categories":{"linked":["<a href=\"https:\/\/joyana.fr\/en\/category\/deco-design\/mobilier\/assise\/\" class=\"advgb-post-tax-term\">Assise<\/a>","<a href=\"https:\/\/joyana.fr\/en\/category\/deco-design\/\" class=\"advgb-post-tax-term\">DECO-DESIGN<\/a>","<a href=\"https:\/\/joyana.fr\/en\/category\/deco-design\/mobilier\/assise\/tabouret\/\" class=\"advgb-post-tax-term\">Tabouret<\/a>"],"unlinked":["<span class=\"advgb-post-tax-term\">Assise<\/span>","<span class=\"advgb-post-tax-term\">DECO-DESIGN<\/span>","<span class=\"advgb-post-tax-term\">Tabouret<\/span>"]},"tags":{"linked":["<a href=\"https:\/\/joyana.fr\/en\/category\/deco-design\/mobilier\/assise\/tabouret\/\" class=\"advgb-post-tax-term\">DESIGN<\/a>","<a href=\"https:\/\/joyana.fr\/en\/category\/deco-design\/mobilier\/assise\/tabouret\/\" class=\"advgb-post-tax-term\">Noir<\/a>"],"unlinked":["<span class=\"advgb-post-tax-term\">DESIGN<\/span>","<span class=\"advgb-post-tax-term\">Noir<\/span>"]}},"comment_count":50,"relative_dates":{"created":"Posted 15 years ago","modified":"Updated 15 years ago"},"absolute_dates":{"created":"Posted on 21 March 2011","modified":"Updated on 21 March 2011"},"absolute_dates_time":{"created":"Posted on 21 March 2011 7:39","modified":"Updated on 21 March 2011 7:39"},"featured_img_caption":"","series_order":"","jetpack_sharing_enabled":true,"jetpack_shortlink":"https:\/\/wp.me\/p9bteI-rCg","jetpack-related-posts":[],"_links":{"self":[{"href":"https:\/\/joyana.fr\/en\/wp-json\/wp\/v2\/posts\/106160","targetHints":{"allow":["GET"]}}],"collection":[{"href":"https:\/\/joyana.fr\/en\/wp-json\/wp\/v2\/posts"}],"about":[{"href":"https:\/\/joyana.fr\/en\/wp-json\/wp\/v2\/types\/post"}],"author":[{"embeddable":true,"href":"https:\/\/joyana.fr\/en\/wp-json\/wp\/v2\/users\/3"}],"replies":[{"embeddable":true,"href":"https:\/\/joyana.fr\/en\/wp-json\/wp\/v2\/comments?post=106160"}],"version-history":[{"count":0,"href":"https:\/\/joyana.fr\/en\/wp-json\/wp\/v2\/posts\/106160\/revisions"}],"wp:featuredmedia":[{"embeddable":true,"href":"https:\/\/joyana.fr\/en\/wp-json\/wp\/v2\/media\/106163"}],"wp:attachment":[{"href":"https:\/\/joyana.fr\/en\/wp-json\/wp\/v2\/media?parent=106160"}],"wp:term":[{"taxonomy":"category","embeddable":true,"href":"https:\/\/joyana.fr\/en\/wp-json\/wp\/v2\/categories?post=106160"},{"taxonomy":"post_tag","embeddable":true,"href":"https:\/\/joyana.fr\/en\/wp-json\/wp\/v2\/tags?post=106160"}],"curies":[{"name":"wp","href":"https:\/\/api.w.org\/{rel}","templated":true}]}}