{"id":106544,"date":"2011-04-26T06:13:57","date_gmt":"2011-04-26T05:13:57","guid":{"rendered":"https:\/\/joyana.fr\/?p=6544"},"modified":"2011-04-26T06:13:57","modified_gmt":"2011-04-26T05:13:57","slug":"milan-design-week-2011-karim-rashid","status":"publish","type":"post","link":"https:\/\/joyana.fr\/en\/milan-design-week-2011-karim-rashid\/106544\/","title":{"rendered":"MILAN DESIGN WEEK 2011 &#8211; KARIM RASHID Last 15 Years"},"content":{"rendered":"<p>Durant la <strong>Milan Design Week 2011<\/strong>, se tenait une <strong>r\u00e9trospective<\/strong> &#8211; qui retrace plus de 15 ans de cr\u00e9ations, objets et meubles sign\u00e9s par le <strong>designer<\/strong> <a title=\"KARIM RASHID\" href=\"https:\/\/joyana.fr\/category\/designer\/karim-rashid\/\"><strong>Karim Rashid<\/strong><\/a>&#8230;<\/p>\n<p><img data-recalc-dims=\"1\" fetchpriority=\"high\" decoding=\"async\" data-attachment-id=\"6550\" data-permalink=\"https:\/\/joyana.fr\/en\/10th-anniversary-ikks-men-x-christophe-michalak-concours\/6539\/mc12303-27\/\" data-orig-file=\"https:\/\/i0.wp.com\/joyana.fr\/wp-content\/uploads\/2013\/10\/MC12303-27.jpg?fit=1500%2C1500&amp;ssl=1\" data-orig-size=\"1500,1500\" data-comments-opened=\"1\" data-image-meta=\"{&quot;aperture&quot;:&quot;0&quot;,&quot;credit&quot;:&quot;&quot;,&quot;camera&quot;:&quot;&quot;,&quot;caption&quot;:&quot;&quot;,&quot;created_timestamp&quot;:&quot;0&quot;,&quot;copyright&quot;:&quot;&quot;,&quot;focal_length&quot;:&quot;0&quot;,&quot;iso&quot;:&quot;0&quot;,&quot;shutter_speed&quot;:&quot;0&quot;,&quot;title&quot;:&quot;&quot;,&quot;orientation&quot;:&quot;0&quot;}\" data-image-title=\"MC12303-27\" data-image-description=\"\" data-image-caption=\"\" data-medium-file=\"https:\/\/i0.wp.com\/joyana.fr\/wp-content\/uploads\/2013\/10\/MC12303-27.jpg?fit=389%2C389&amp;ssl=1\" data-large-file=\"https:\/\/i0.wp.com\/joyana.fr\/wp-content\/uploads\/2013\/10\/MC12303-27.jpg?fit=1024%2C1024&amp;ssl=1\" class=\"alignnone size-full wp-image-6550\" title=\"MILAN DESIGN WEEK 2011 - retrospective Karim RASHID\" src=\"https:\/\/i0.wp.com\/joyana.fr\/wp-content\/uploads\/KARIM-RASHID_4050.jpg?resize=576%2C382&#038;ssl=1\" alt=\"\" width=\"576\" height=\"382\" \/><\/p>\n<p><img data-recalc-dims=\"1\" decoding=\"async\" data-attachment-id=\"6547\" data-permalink=\"https:\/\/joyana.fr\/en\/10th-anniversary-ikks-men-x-christophe-michalak-concours\/6539\/blog_ikks-michalak\/\" data-orig-file=\"https:\/\/i0.wp.com\/joyana.fr\/wp-content\/uploads\/2013\/10\/BLOG_IKKS-MICHALAK.jpg?fit=650%2C700&amp;ssl=1\" data-orig-size=\"650,700\" data-comments-opened=\"1\" data-image-meta=\"{&quot;aperture&quot;:&quot;0&quot;,&quot;credit&quot;:&quot;&quot;,&quot;camera&quot;:&quot;&quot;,&quot;caption&quot;:&quot;&quot;,&quot;created_timestamp&quot;:&quot;0&quot;,&quot;copyright&quot;:&quot;&quot;,&quot;focal_length&quot;:&quot;0&quot;,&quot;iso&quot;:&quot;0&quot;,&quot;shutter_speed&quot;:&quot;0&quot;,&quot;title&quot;:&quot;&quot;,&quot;orientation&quot;:&quot;1&quot;}\" data-image-title=\"BLOG_IKKS MICHALAK\" data-image-description=\"\" data-image-caption=\"\" data-medium-file=\"https:\/\/i0.wp.com\/joyana.fr\/wp-content\/uploads\/2013\/10\/BLOG_IKKS-MICHALAK.jpg?fit=361%2C389&amp;ssl=1\" data-large-file=\"https:\/\/i0.wp.com\/joyana.fr\/wp-content\/uploads\/2013\/10\/BLOG_IKKS-MICHALAK.jpg?fit=650%2C700&amp;ssl=1\" class=\"alignnone size-full wp-image-6547\" title=\"MILAN DESIGN WEEK 2011 - r\u00e9trospective Karim RASHID\" src=\"https:\/\/i0.wp.com\/joyana.fr\/wp-content\/uploads\/KARIM-RASHID_4035.jpg?resize=576%2C350&#038;ssl=1\" alt=\"\" width=\"576\" height=\"350\" \/><\/p>\n<p><img data-recalc-dims=\"1\" decoding=\"async\" data-attachment-id=\"6551\" data-permalink=\"https:\/\/joyana.fr\/en\/10th-anniversary-ikks-men-x-christophe-michalak-concours\/6539\/mc16003-02\/\" data-orig-file=\"https:\/\/i0.wp.com\/joyana.fr\/wp-content\/uploads\/2013\/10\/MC16003-02.jpg?fit=1500%2C1500&amp;ssl=1\" data-orig-size=\"1500,1500\" data-comments-opened=\"1\" data-image-meta=\"{&quot;aperture&quot;:&quot;0&quot;,&quot;credit&quot;:&quot;&quot;,&quot;camera&quot;:&quot;&quot;,&quot;caption&quot;:&quot;&quot;,&quot;created_timestamp&quot;:&quot;0&quot;,&quot;copyright&quot;:&quot;&quot;,&quot;focal_length&quot;:&quot;0&quot;,&quot;iso&quot;:&quot;0&quot;,&quot;shutter_speed&quot;:&quot;0&quot;,&quot;title&quot;:&quot;&quot;,&quot;orientation&quot;:&quot;0&quot;}\" data-image-title=\"MC16003-02\" data-image-description=\"\" data-image-caption=\"\" data-medium-file=\"https:\/\/i0.wp.com\/joyana.fr\/wp-content\/uploads\/2013\/10\/MC16003-02.jpg?fit=389%2C389&amp;ssl=1\" data-large-file=\"https:\/\/i0.wp.com\/joyana.fr\/wp-content\/uploads\/2013\/10\/MC16003-02.jpg?fit=1024%2C1024&amp;ssl=1\" class=\"alignnone size-full wp-image-6551\" title=\"MILAN DESIGN WEEK 2011 - r\u00e9trospective Karim RASHID\" src=\"https:\/\/i0.wp.com\/joyana.fr\/wp-content\/uploads\/KARIM-RASHID_4059.jpg?resize=576%2C353&#038;ssl=1\" alt=\"\" width=\"576\" height=\"353\" \/><\/p>\n<p><img data-recalc-dims=\"1\" loading=\"lazy\" decoding=\"async\" data-attachment-id=\"6555\" data-permalink=\"https:\/\/joyana.fr\/en\/10th-anniversary-ikks-men-x-christophe-michalak-concours\/6539\/mc44043-29\/\" data-orig-file=\"https:\/\/i0.wp.com\/joyana.fr\/wp-content\/uploads\/2013\/10\/MC44043-29.jpg?fit=1500%2C1500&amp;ssl=1\" data-orig-size=\"1500,1500\" data-comments-opened=\"1\" data-image-meta=\"{&quot;aperture&quot;:&quot;0&quot;,&quot;credit&quot;:&quot;&quot;,&quot;camera&quot;:&quot;&quot;,&quot;caption&quot;:&quot;&quot;,&quot;created_timestamp&quot;:&quot;0&quot;,&quot;copyright&quot;:&quot;&quot;,&quot;focal_length&quot;:&quot;0&quot;,&quot;iso&quot;:&quot;0&quot;,&quot;shutter_speed&quot;:&quot;0&quot;,&quot;title&quot;:&quot;&quot;,&quot;orientation&quot;:&quot;0&quot;}\" data-image-title=\"MC44043-29\" data-image-description=\"\" data-image-caption=\"\" data-medium-file=\"https:\/\/i0.wp.com\/joyana.fr\/wp-content\/uploads\/2013\/10\/MC44043-29.jpg?fit=389%2C389&amp;ssl=1\" data-large-file=\"https:\/\/i0.wp.com\/joyana.fr\/wp-content\/uploads\/2013\/10\/MC44043-29.jpg?fit=1024%2C1024&amp;ssl=1\" class=\"alignnone size-full wp-image-6555\" title=\"MILAN DESIGN WEEK 2011 - r\u00e9trospective Karim RASHID\" src=\"https:\/\/i0.wp.com\/joyana.fr\/wp-content\/uploads\/KARIM-RASHID_4099.jpg?resize=576%2C866&#038;ssl=1\" alt=\"\" width=\"576\" height=\"866\" \/><\/p>\n<p><img data-recalc-dims=\"1\" loading=\"lazy\" decoding=\"async\" data-attachment-id=\"6553\" data-permalink=\"https:\/\/joyana.fr\/en\/10th-anniversary-ikks-men-x-christophe-michalak-concours\/6539\/mc29203-29\/\" data-orig-file=\"https:\/\/i0.wp.com\/joyana.fr\/wp-content\/uploads\/2013\/10\/MC29203-29.jpg?fit=1000%2C1500&amp;ssl=1\" data-orig-size=\"1000,1500\" data-comments-opened=\"1\" data-image-meta=\"{&quot;aperture&quot;:&quot;0&quot;,&quot;credit&quot;:&quot;&quot;,&quot;camera&quot;:&quot;&quot;,&quot;caption&quot;:&quot;&quot;,&quot;created_timestamp&quot;:&quot;0&quot;,&quot;copyright&quot;:&quot;&quot;,&quot;focal_length&quot;:&quot;0&quot;,&quot;iso&quot;:&quot;0&quot;,&quot;shutter_speed&quot;:&quot;0&quot;,&quot;title&quot;:&quot;&quot;,&quot;orientation&quot;:&quot;0&quot;}\" data-image-title=\"MC29203-29\" data-image-description=\"\" data-image-caption=\"\" data-medium-file=\"https:\/\/i0.wp.com\/joyana.fr\/wp-content\/uploads\/2013\/10\/MC29203-29.jpg?fit=259%2C389&amp;ssl=1\" data-large-file=\"https:\/\/i0.wp.com\/joyana.fr\/wp-content\/uploads\/2013\/10\/MC29203-29.jpg?fit=683%2C1024&amp;ssl=1\" class=\"alignnone size-full wp-image-6553\" title=\"MILAN DESIGN WEEK 2011 - r\u00e9trospective Karim RASHID\" src=\"https:\/\/i0.wp.com\/joyana.fr\/wp-content\/uploads\/KARIM-RASHID_4070.jpg?resize=576%2C323&#038;ssl=1\" alt=\"\" width=\"576\" height=\"323\" \/><\/p>\n<p><img data-recalc-dims=\"1\" loading=\"lazy\" decoding=\"async\" data-attachment-id=\"6552\" data-permalink=\"https:\/\/joyana.fr\/en\/10th-anniversary-ikks-men-x-christophe-michalak-concours\/6539\/mc18003-25\/\" data-orig-file=\"https:\/\/i0.wp.com\/joyana.fr\/wp-content\/uploads\/2013\/10\/MC18003-25.jpg?fit=1500%2C1500&amp;ssl=1\" data-orig-size=\"1500,1500\" data-comments-opened=\"1\" data-image-meta=\"{&quot;aperture&quot;:&quot;0&quot;,&quot;credit&quot;:&quot;&quot;,&quot;camera&quot;:&quot;&quot;,&quot;caption&quot;:&quot;&quot;,&quot;created_timestamp&quot;:&quot;0&quot;,&quot;copyright&quot;:&quot;&quot;,&quot;focal_length&quot;:&quot;0&quot;,&quot;iso&quot;:&quot;0&quot;,&quot;shutter_speed&quot;:&quot;0&quot;,&quot;title&quot;:&quot;&quot;,&quot;orientation&quot;:&quot;0&quot;}\" data-image-title=\"MC18003-25\" data-image-description=\"\" data-image-caption=\"\" data-medium-file=\"https:\/\/i0.wp.com\/joyana.fr\/wp-content\/uploads\/2013\/10\/MC18003-25.jpg?fit=389%2C389&amp;ssl=1\" data-large-file=\"https:\/\/i0.wp.com\/joyana.fr\/wp-content\/uploads\/2013\/10\/MC18003-25.jpg?fit=1024%2C1024&amp;ssl=1\" class=\"alignnone size-full wp-image-6552\" title=\"MILAN DESIGN WEEK 2011 - r\u00e9trospective Karim RASHID\" src=\"https:\/\/i0.wp.com\/joyana.fr\/wp-content\/uploads\/KARIM-RASHID_4064.jpg?resize=576%2C372&#038;ssl=1\" alt=\"\" width=\"576\" height=\"372\" \/><\/p>\n<p><img data-recalc-dims=\"1\" loading=\"lazy\" decoding=\"async\" data-attachment-id=\"6549\" data-permalink=\"https:\/\/joyana.fr\/en\/10th-anniversary-ikks-men-x-christophe-michalak-concours\/6539\/mc10003-27\/\" data-orig-file=\"https:\/\/i0.wp.com\/joyana.fr\/wp-content\/uploads\/2013\/10\/MC10003-27.jpg?fit=1500%2C1500&amp;ssl=1\" data-orig-size=\"1500,1500\" data-comments-opened=\"1\" data-image-meta=\"{&quot;aperture&quot;:&quot;0&quot;,&quot;credit&quot;:&quot;&quot;,&quot;camera&quot;:&quot;&quot;,&quot;caption&quot;:&quot;&quot;,&quot;created_timestamp&quot;:&quot;0&quot;,&quot;copyright&quot;:&quot;&quot;,&quot;focal_length&quot;:&quot;0&quot;,&quot;iso&quot;:&quot;0&quot;,&quot;shutter_speed&quot;:&quot;0&quot;,&quot;title&quot;:&quot;&quot;,&quot;orientation&quot;:&quot;0&quot;}\" data-image-title=\"MC10003-27\" data-image-description=\"\" data-image-caption=\"\" data-medium-file=\"https:\/\/i0.wp.com\/joyana.fr\/wp-content\/uploads\/2013\/10\/MC10003-27.jpg?fit=389%2C389&amp;ssl=1\" data-large-file=\"https:\/\/i0.wp.com\/joyana.fr\/wp-content\/uploads\/2013\/10\/MC10003-27.jpg?fit=1024%2C1024&amp;ssl=1\" class=\"alignnone size-full wp-image-6549\" title=\"MILAN DESIGN WEEK 2011 - r\u00e9trospective Karim RASHID\" src=\"https:\/\/i0.wp.com\/joyana.fr\/wp-content\/uploads\/KARIM-RASHID_4040.jpg?resize=576%2C368&#038;ssl=1\" alt=\"\" width=\"576\" height=\"368\" \/><\/p>\n<p><img data-recalc-dims=\"1\" loading=\"lazy\" decoding=\"async\" data-attachment-id=\"6548\" data-permalink=\"https:\/\/joyana.fr\/en\/10th-anniversary-ikks-men-x-christophe-michalak-concours\/6539\/ikks-michalak-c\/\" data-orig-file=\"https:\/\/i0.wp.com\/joyana.fr\/wp-content\/uploads\/2013\/10\/ikks-michalak-c.jpg?fit=975%2C375&amp;ssl=1\" data-orig-size=\"975,375\" data-comments-opened=\"1\" data-image-meta=\"{&quot;aperture&quot;:&quot;0&quot;,&quot;credit&quot;:&quot;&quot;,&quot;camera&quot;:&quot;&quot;,&quot;caption&quot;:&quot;&quot;,&quot;created_timestamp&quot;:&quot;0&quot;,&quot;copyright&quot;:&quot;&quot;,&quot;focal_length&quot;:&quot;0&quot;,&quot;iso&quot;:&quot;0&quot;,&quot;shutter_speed&quot;:&quot;0&quot;,&quot;title&quot;:&quot;&quot;,&quot;orientation&quot;:&quot;1&quot;}\" data-image-title=\"10th Anniversary IKKS MEN x Christophe MICHALAK (Concours)\" data-image-description=\"&lt;p&gt;10th Anniversary IKKS MEN x Christophe MICHALAK (Concours)&lt;\/p&gt;\n\" data-image-caption=\"\" data-medium-file=\"https:\/\/i0.wp.com\/joyana.fr\/wp-content\/uploads\/2013\/10\/ikks-michalak-c.jpg?fit=389%2C150&amp;ssl=1\" data-large-file=\"https:\/\/i0.wp.com\/joyana.fr\/wp-content\/uploads\/2013\/10\/ikks-michalak-c.jpg?fit=975%2C375&amp;ssl=1\" class=\"alignnone size-full wp-image-6548\" title=\"MILAN DESIGN WEEK 2011 - r\u00e9trospective Karim RASHID\" src=\"https:\/\/i0.wp.com\/joyana.fr\/wp-content\/uploads\/KARIM-RASHID_4036.jpg?resize=576%2C370&#038;ssl=1\" alt=\"\" width=\"576\" height=\"370\" \/><\/p>\n<p><img data-recalc-dims=\"1\" loading=\"lazy\" decoding=\"async\" data-attachment-id=\"6554\" data-permalink=\"https:\/\/joyana.fr\/en\/10th-anniversary-ikks-men-x-christophe-michalak-concours\/6539\/mc40013-28\/\" data-orig-file=\"https:\/\/i0.wp.com\/joyana.fr\/wp-content\/uploads\/2013\/10\/MC40013-28.jpg?fit=1500%2C1500&amp;ssl=1\" data-orig-size=\"1500,1500\" data-comments-opened=\"1\" data-image-meta=\"{&quot;aperture&quot;:&quot;0&quot;,&quot;credit&quot;:&quot;&quot;,&quot;camera&quot;:&quot;&quot;,&quot;caption&quot;:&quot;&quot;,&quot;created_timestamp&quot;:&quot;0&quot;,&quot;copyright&quot;:&quot;&quot;,&quot;focal_length&quot;:&quot;0&quot;,&quot;iso&quot;:&quot;0&quot;,&quot;shutter_speed&quot;:&quot;0&quot;,&quot;title&quot;:&quot;&quot;,&quot;orientation&quot;:&quot;0&quot;}\" data-image-title=\"MC40013-28\" data-image-description=\"\" data-image-caption=\"\" data-medium-file=\"https:\/\/i0.wp.com\/joyana.fr\/wp-content\/uploads\/2013\/10\/MC40013-28.jpg?fit=389%2C389&amp;ssl=1\" data-large-file=\"https:\/\/i0.wp.com\/joyana.fr\/wp-content\/uploads\/2013\/10\/MC40013-28.jpg?fit=1024%2C1024&amp;ssl=1\" class=\"alignnone size-full wp-image-6554\" title=\"MILAN DESIGN WEEK 2011 - r\u00e9trospective Karim RASHID\" src=\"https:\/\/i0.wp.com\/joyana.fr\/wp-content\/uploads\/KARIM-RASHID_4085.jpg?resize=576%2C836&#038;ssl=1\" alt=\"\" width=\"576\" height=\"836\" \/><\/p>\n<p><img data-recalc-dims=\"1\" loading=\"lazy\" decoding=\"async\" data-attachment-id=\"6556\" data-permalink=\"https:\/\/joyana.fr\/en\/10th-anniversary-ikks-men-x-christophe-michalak-concours\/6539\/mc48013-27\/\" data-orig-file=\"https:\/\/i0.wp.com\/joyana.fr\/wp-content\/uploads\/2013\/10\/MC48013-27.jpg?fit=1500%2C1500&amp;ssl=1\" data-orig-size=\"1500,1500\" data-comments-opened=\"1\" data-image-meta=\"{&quot;aperture&quot;:&quot;0&quot;,&quot;credit&quot;:&quot;&quot;,&quot;camera&quot;:&quot;&quot;,&quot;caption&quot;:&quot;&quot;,&quot;created_timestamp&quot;:&quot;0&quot;,&quot;copyright&quot;:&quot;&quot;,&quot;focal_length&quot;:&quot;0&quot;,&quot;iso&quot;:&quot;0&quot;,&quot;shutter_speed&quot;:&quot;0&quot;,&quot;title&quot;:&quot;&quot;,&quot;orientation&quot;:&quot;0&quot;}\" data-image-title=\"MC48013-27\" data-image-description=\"\" data-image-caption=\"\" data-medium-file=\"https:\/\/i0.wp.com\/joyana.fr\/wp-content\/uploads\/2013\/10\/MC48013-27.jpg?fit=389%2C389&amp;ssl=1\" data-large-file=\"https:\/\/i0.wp.com\/joyana.fr\/wp-content\/uploads\/2013\/10\/MC48013-27.jpg?fit=1024%2C1024&amp;ssl=1\" class=\"alignnone size-full wp-image-6556\" title=\"MILAN DESIGN WEEK 2011 - r\u00e9trospective Karim RASHID\" src=\"https:\/\/i0.wp.com\/joyana.fr\/wp-content\/uploads\/KARIM-RASHID_4130.jpg?resize=576%2C866&#038;ssl=1\" alt=\"\" width=\"576\" height=\"866\" \/><\/p>\n<p>A voir aussi l&#8217;ensemble du travail de <a title=\"KARIM RASHID DECO-DESIGN\" href=\"https:\/\/joyana.fr\/category\/designer\/karim-rashid\/\"><strong>Karim Rashid vu par Deco-Design<\/strong><\/a>&#8230;<\/p>\n<p>En savoir + sur <a title=\"KARIM RASHID\" href=\"http:\/\/www.karimrashid.com\/\"><strong>Karim RASHID<\/strong><\/a><\/p>\n","protected":false},"excerpt":{"rendered":"<p>Durant la Milan Design Week 2011, se tenait une r\u00e9trospective &#8211; qui retrace plus de 15 ans de cr\u00e9ations, objets et meubles sign\u00e9s par le designer Karim Rashid&#8230; A voir aussi l&#8217;ensemble du travail de Karim Rashid vu par Deco-Design&#8230; En savoir + sur Karim RASHID<\/p>\n","protected":false},"author":3,"featured_media":106550,"comment_status":"open","ping_status":"open","sticky":false,"template":"","format":"standard","meta":{"_coblocks_attr":"","_coblocks_dimensions":"","_coblocks_responsive_height":"","_coblocks_accordion_ie_support":"","_uag_custom_page_level_css":"","advgb_blocks_editor_width":"","advgb_blocks_columns_visual_guide":"","_genesis_hide_title":false,"_genesis_hide_breadcrumbs":false,"_genesis_hide_singular_image":false,"_genesis_hide_footer_widgets":false,"_genesis_custom_body_class":"","_genesis_custom_post_class":"","_genesis_layout":"","_themeisle_gutenberg_block_has_review":false,"_jetpack_newsletter_access":"","_jetpack_dont_email_post_to_subs":false,"_jetpack_newsletter_tier_id":0,"_jetpack_memberships_contains_paywalled_content":false,"_jetpack_memberships_contains_paid_content":false,"footnotes":""},"categories":[905,911,926,993],"tags":[44],"class_list":{"0":"post-106544","1":"post","2":"type-post","3":"status-publish","4":"format-standard","5":"has-post-thumbnail","7":"category-deco-design","8":"category-designer","9":"category-karim-rashid","10":"category-milan-design-week","11":"tag-karim-rashid","12":"entry"},"featured_image_urls":{"full":["https:\/\/i0.wp.com\/joyana.fr\/wp-content\/uploads\/old\/KARIM-RASHID_4050.jpg?fit=576%2C382&ssl=1",576,382,false],"thumbnail":["https:\/\/i0.wp.com\/joyana.fr\/wp-content\/uploads\/old\/KARIM-RASHID_4050.jpg?resize=150%2C150&ssl=1",150,150,true],"medium":["https:\/\/i0.wp.com\/joyana.fr\/wp-content\/uploads\/old\/KARIM-RASHID_4050.jpg?fit=389%2C258&ssl=1",389,258,true],"medium_large":["https:\/\/i0.wp.com\/joyana.fr\/wp-content\/uploads\/old\/KARIM-RASHID_4050.jpg?fit=576%2C382&ssl=1",576,382,true],"large":["https:\/\/i0.wp.com\/joyana.fr\/wp-content\/uploads\/old\/KARIM-RASHID_4050.jpg?fit=576%2C382&ssl=1",576,382,true],"1536x1536":["https:\/\/i0.wp.com\/joyana.fr\/wp-content\/uploads\/old\/KARIM-RASHID_4050.jpg?fit=576%2C382&ssl=1",576,382,true],"2048x2048":["https:\/\/i0.wp.com\/joyana.fr\/wp-content\/uploads\/old\/KARIM-RASHID_4050.jpg?fit=576%2C382&ssl=1",576,382,true],"featured-thumb":["https:\/\/i0.wp.com\/joyana.fr\/wp-content\/uploads\/old\/KARIM-RASHID_4050.jpg?resize=576%2C382&ssl=1",576,382,true],"ab-block-post-grid-landscape":["https:\/\/i0.wp.com\/joyana.fr\/wp-content\/uploads\/old\/KARIM-RASHID_4050.jpg?resize=576%2C382&ssl=1",576,382,true],"ab-block-post-grid-square":["https:\/\/i0.wp.com\/joyana.fr\/wp-content\/uploads\/old\/KARIM-RASHID_4050.jpg?resize=576%2C382&ssl=1",576,382,true],"author-pro-image":["https:\/\/i0.wp.com\/joyana.fr\/wp-content\/uploads\/old\/KARIM-RASHID_4050.jpg?resize=360%2C382&ssl=1",360,382,true],"slider":["https:\/\/i0.wp.com\/joyana.fr\/wp-content\/uploads\/old\/KARIM-RASHID_4050.jpg?resize=576%2C382&ssl=1",576,382,true],"woocommerce_thumbnail":["https:\/\/i0.wp.com\/joyana.fr\/wp-content\/uploads\/old\/KARIM-RASHID_4050.jpg?resize=450%2C382&ssl=1",450,382,true],"woocommerce_single":["https:\/\/i0.wp.com\/joyana.fr\/wp-content\/uploads\/old\/KARIM-RASHID_4050.jpg?fit=576%2C382&ssl=1",576,382,true],"woocommerce_gallery_thumbnail":["https:\/\/i0.wp.com\/joyana.fr\/wp-content\/uploads\/old\/KARIM-RASHID_4050.jpg?resize=180%2C180&ssl=1",180,180,true],"sow-carousel-default":["https:\/\/i0.wp.com\/joyana.fr\/wp-content\/uploads\/old\/KARIM-RASHID_4050.jpg?resize=272%2C182&ssl=1",272,182,true]},"post_excerpt_stackable":"<p>Durant la Milan Design Week 2011, se tenait une r\u00e9trospective &#8211; qui retrace plus de 15 ans de cr\u00e9ations, objets et meubles sign\u00e9s par le designer Karim Rashid&#8230; A voir aussi l&#8217;ensemble du travail de Karim Rashid vu par Deco-Design&#8230; En savoir + sur Karim RASHID<\/p>\n","category_list":"<a href=\"https:\/\/joyana.fr\/en\/category\/deco-design\/\" rel=\"category tag\">DECO-DESIGN<\/a>, <a href=\"https:\/\/joyana.fr\/en\/category\/deco-design\/designer\/\" rel=\"category tag\">Designer<\/a>, <a href=\"https:\/\/joyana.fr\/en\/category\/deco-design\/designer\/karim-rashid\/\" rel=\"category tag\">Karim RASHID<\/a>, <a href=\"https:\/\/joyana.fr\/en\/category\/deco-design\/actualite\/salon\/milan-design-week\/\" rel=\"category tag\">Milan Design Week<\/a>","author_info":{"display_name":"Jo Yana","author_link":"https:\/\/joyana.fr\/en\/author\/joyana\/"},"comments_num":"4 comments","featured_image_urls_v2":{"full":["https:\/\/i0.wp.com\/joyana.fr\/wp-content\/uploads\/old\/KARIM-RASHID_4050.jpg?fit=576%2C382&ssl=1",576,382,false],"thumbnail":["https:\/\/i0.wp.com\/joyana.fr\/wp-content\/uploads\/old\/KARIM-RASHID_4050.jpg?resize=150%2C150&ssl=1",150,150,true],"medium":["https:\/\/i0.wp.com\/joyana.fr\/wp-content\/uploads\/old\/KARIM-RASHID_4050.jpg?fit=389%2C258&ssl=1",389,258,true],"medium_large":["https:\/\/i0.wp.com\/joyana.fr\/wp-content\/uploads\/old\/KARIM-RASHID_4050.jpg?fit=576%2C382&ssl=1",576,382,true],"large":["https:\/\/i0.wp.com\/joyana.fr\/wp-content\/uploads\/old\/KARIM-RASHID_4050.jpg?fit=576%2C382&ssl=1",576,382,true],"1536x1536":["https:\/\/i0.wp.com\/joyana.fr\/wp-content\/uploads\/old\/KARIM-RASHID_4050.jpg?fit=576%2C382&ssl=1",576,382,true],"2048x2048":["https:\/\/i0.wp.com\/joyana.fr\/wp-content\/uploads\/old\/KARIM-RASHID_4050.jpg?fit=576%2C382&ssl=1",576,382,true],"featured-thumb":["https:\/\/i0.wp.com\/joyana.fr\/wp-content\/uploads\/old\/KARIM-RASHID_4050.jpg?resize=576%2C382&ssl=1",576,382,true],"ab-block-post-grid-landscape":["https:\/\/i0.wp.com\/joyana.fr\/wp-content\/uploads\/old\/KARIM-RASHID_4050.jpg?resize=576%2C382&ssl=1",576,382,true],"ab-block-post-grid-square":["https:\/\/i0.wp.com\/joyana.fr\/wp-content\/uploads\/old\/KARIM-RASHID_4050.jpg?resize=576%2C382&ssl=1",576,382,true],"author-pro-image":["https:\/\/i0.wp.com\/joyana.fr\/wp-content\/uploads\/old\/KARIM-RASHID_4050.jpg?resize=360%2C382&ssl=1",360,382,true],"slider":["https:\/\/i0.wp.com\/joyana.fr\/wp-content\/uploads\/old\/KARIM-RASHID_4050.jpg?resize=576%2C382&ssl=1",576,382,true],"woocommerce_thumbnail":["https:\/\/i0.wp.com\/joyana.fr\/wp-content\/uploads\/old\/KARIM-RASHID_4050.jpg?resize=450%2C382&ssl=1",450,382,true],"woocommerce_single":["https:\/\/i0.wp.com\/joyana.fr\/wp-content\/uploads\/old\/KARIM-RASHID_4050.jpg?fit=576%2C382&ssl=1",576,382,true],"woocommerce_gallery_thumbnail":["https:\/\/i0.wp.com\/joyana.fr\/wp-content\/uploads\/old\/KARIM-RASHID_4050.jpg?resize=180%2C180&ssl=1",180,180,true],"sow-carousel-default":["https:\/\/i0.wp.com\/joyana.fr\/wp-content\/uploads\/old\/KARIM-RASHID_4050.jpg?resize=272%2C182&ssl=1",272,182,true]},"post_excerpt_stackable_v2":"<p>Durant la Milan Design Week 2011, se tenait une r\u00e9trospective &#8211; qui retrace plus de 15 ans de cr\u00e9ations, objets et meubles sign\u00e9s par le designer Karim Rashid&#8230; A voir aussi l&#8217;ensemble du travail de Karim Rashid vu par Deco-Design&#8230; En savoir + sur Karim RASHID<\/p>\n","category_list_v2":"<a href=\"https:\/\/joyana.fr\/en\/category\/deco-design\/\" rel=\"category tag\">DECO-DESIGN<\/a>, <a href=\"https:\/\/joyana.fr\/en\/category\/deco-design\/designer\/\" rel=\"category tag\">Designer<\/a>, <a href=\"https:\/\/joyana.fr\/en\/category\/deco-design\/designer\/karim-rashid\/\" rel=\"category tag\">Karim RASHID<\/a>, <a href=\"https:\/\/joyana.fr\/en\/category\/deco-design\/actualite\/salon\/milan-design-week\/\" rel=\"category tag\">Milan Design Week<\/a>","author_info_v2":{"name":"Jo Yana","url":"https:\/\/joyana.fr\/en\/author\/joyana\/"},"comments_num_v2":"4 comments","yoast_head":"<!-- This site is optimized with the Yoast SEO plugin v26.8 - https:\/\/yoast.com\/product\/yoast-seo-wordpress\/ -->\n<title>MILAN DESIGN WEEK 2011 - KARIM RASHID Last 15 Years - JO YANA<\/title>\n<meta name=\"robots\" content=\"index, follow, max-snippet:-1, max-image-preview:large, max-video-preview:-1\" \/>\n<link rel=\"canonical\" href=\"https:\/\/joyana.fr\/en\/milan-design-week-2011-karim-rashid\/106544\/\" \/>\n<meta property=\"og:locale\" content=\"en_US\" \/>\n<meta property=\"og:locale:alternate\" content=\"fr_FR\" \/>\n<meta property=\"og:locale:alternate\" content=\"ja\" \/>\n<meta property=\"og:type\" content=\"article\" \/>\n<meta property=\"og:title\" content=\"MILAN DESIGN WEEK 2011 - KARIM RASHID Last 15 Years - JO YANA\" \/>\n<meta property=\"og:description\" content=\"Durant la Milan Design Week 2011, se tenait une r\u00e9trospective &#8211; qui retrace plus de 15 ans de cr\u00e9ations, objets et meubles sign\u00e9s par le designer Karim Rashid&#8230; A voir aussi l&#8217;ensemble du travail de Karim Rashid vu par Deco-Design&#8230; En savoir + sur Karim RASHID\" \/>\n<meta property=\"og:url\" content=\"https:\/\/joyana.fr\/en\/milan-design-week-2011-karim-rashid\/106544\/\" \/>\n<meta property=\"og:site_name\" content=\"JO YANA\" \/>\n<meta property=\"article:published_time\" content=\"2011-04-26T05:13:57+00:00\" \/>\n<meta property=\"og:image\" content=\"https:\/\/i0.wp.com\/joyana.fr\/wp-content\/uploads\/old\/KARIM-RASHID_4050.jpg?fit=576%2C382&ssl=1\" \/>\n\t<meta property=\"og:image:width\" content=\"576\" \/>\n\t<meta property=\"og:image:height\" content=\"382\" \/>\n\t<meta property=\"og:image:type\" content=\"image\/jpeg\" \/>\n<meta name=\"author\" content=\"Jo Yana\" \/>\n<meta name=\"twitter:card\" content=\"summary_large_image\" \/>\n<meta name=\"twitter:creator\" content=\"@Jo_Yana\" \/>\n<meta name=\"twitter:site\" content=\"@Jo_Yana\" \/>\n<meta name=\"twitter:label1\" content=\"Written by\" \/>\n\t<meta name=\"twitter:data1\" content=\"Jo Yana\" \/>\n<script type=\"application\/ld+json\" class=\"yoast-schema-graph\">{\"@context\":\"https:\/\/schema.org\",\"@graph\":[{\"@type\":\"Article\",\"@id\":\"https:\/\/joyana.fr\/en\/milan-design-week-2011-karim-rashid\/106544\/#article\",\"isPartOf\":{\"@id\":\"https:\/\/joyana.fr\/en\/milan-design-week-2011-karim-rashid\/106544\/\"},\"author\":{\"name\":\"Jo Yana\",\"@id\":\"https:\/\/www.joyana.fr\/#\/schema\/person\/cf2a1ad12a27c12c21801075bf37407c\"},\"headline\":\"MILAN DESIGN WEEK 2011 &#8211; KARIM RASHID Last 15 Years\",\"datePublished\":\"2011-04-26T05:13:57+00:00\",\"mainEntityOfPage\":{\"@id\":\"https:\/\/joyana.fr\/en\/milan-design-week-2011-karim-rashid\/106544\/\"},\"wordCount\":55,\"commentCount\":0,\"publisher\":{\"@id\":\"https:\/\/www.joyana.fr\/#\/schema\/person\/cf2a1ad12a27c12c21801075bf37407c\"},\"image\":{\"@id\":\"https:\/\/joyana.fr\/en\/milan-design-week-2011-karim-rashid\/106544\/#primaryimage\"},\"thumbnailUrl\":\"https:\/\/i0.wp.com\/joyana.fr\/wp-content\/uploads\/old\/KARIM-RASHID_4050.jpg?fit=576%2C382&ssl=1\",\"keywords\":[\"Karim RASHID\"],\"articleSection\":[\"DECO-DESIGN\",\"Designer\",\"Karim RASHID\",\"Milan Design Week\"],\"inLanguage\":\"en-US\",\"potentialAction\":[{\"@type\":\"CommentAction\",\"name\":\"Comment\",\"target\":[\"https:\/\/joyana.fr\/en\/milan-design-week-2011-karim-rashid\/106544\/#respond\"]}]},{\"@type\":\"WebPage\",\"@id\":\"https:\/\/joyana.fr\/en\/milan-design-week-2011-karim-rashid\/106544\/\",\"url\":\"https:\/\/joyana.fr\/en\/milan-design-week-2011-karim-rashid\/106544\/\",\"name\":\"MILAN DESIGN WEEK 2011 - KARIM RASHID Last 15 Years - JO YANA\",\"isPartOf\":{\"@id\":\"https:\/\/www.joyana.fr\/#website\"},\"primaryImageOfPage\":{\"@id\":\"https:\/\/joyana.fr\/en\/milan-design-week-2011-karim-rashid\/106544\/#primaryimage\"},\"image\":{\"@id\":\"https:\/\/joyana.fr\/en\/milan-design-week-2011-karim-rashid\/106544\/#primaryimage\"},\"thumbnailUrl\":\"https:\/\/i0.wp.com\/joyana.fr\/wp-content\/uploads\/old\/KARIM-RASHID_4050.jpg?fit=576%2C382&ssl=1\",\"datePublished\":\"2011-04-26T05:13:57+00:00\",\"breadcrumb\":{\"@id\":\"https:\/\/joyana.fr\/en\/milan-design-week-2011-karim-rashid\/106544\/#breadcrumb\"},\"inLanguage\":\"en-US\",\"potentialAction\":[{\"@type\":\"ReadAction\",\"target\":[\"https:\/\/joyana.fr\/en\/milan-design-week-2011-karim-rashid\/106544\/\"]}]},{\"@type\":\"ImageObject\",\"inLanguage\":\"en-US\",\"@id\":\"https:\/\/joyana.fr\/en\/milan-design-week-2011-karim-rashid\/106544\/#primaryimage\",\"url\":\"https:\/\/i0.wp.com\/joyana.fr\/wp-content\/uploads\/old\/KARIM-RASHID_4050.jpg?fit=576%2C382&ssl=1\",\"contentUrl\":\"https:\/\/i0.wp.com\/joyana.fr\/wp-content\/uploads\/old\/KARIM-RASHID_4050.jpg?fit=576%2C382&ssl=1\",\"width\":576,\"height\":382},{\"@type\":\"BreadcrumbList\",\"@id\":\"https:\/\/joyana.fr\/en\/milan-design-week-2011-karim-rashid\/106544\/#breadcrumb\",\"itemListElement\":[{\"@type\":\"ListItem\",\"position\":1,\"name\":\"Accueil\",\"item\":\"https:\/\/www.joyana.fr\/\"},{\"@type\":\"ListItem\",\"position\":2,\"name\":\"MILAN DESIGN WEEK 2011 &#8211; KARIM RASHID Last 15 Years\"}]},{\"@type\":\"WebSite\",\"@id\":\"https:\/\/www.joyana.fr\/#website\",\"url\":\"https:\/\/www.joyana.fr\/\",\"name\":\"JO YANA\",\"description\":\"Blog Mode Homme, Lifestyle, D\u00e9co-Design\",\"publisher\":{\"@id\":\"https:\/\/www.joyana.fr\/#\/schema\/person\/cf2a1ad12a27c12c21801075bf37407c\"},\"potentialAction\":[{\"@type\":\"SearchAction\",\"target\":{\"@type\":\"EntryPoint\",\"urlTemplate\":\"https:\/\/www.joyana.fr\/?s={search_term_string}\"},\"query-input\":{\"@type\":\"PropertyValueSpecification\",\"valueRequired\":true,\"valueName\":\"search_term_string\"}}],\"inLanguage\":\"en-US\"},{\"@type\":[\"Person\",\"Organization\"],\"@id\":\"https:\/\/www.joyana.fr\/#\/schema\/person\/cf2a1ad12a27c12c21801075bf37407c\",\"name\":\"Jo Yana\",\"image\":{\"@type\":\"ImageObject\",\"inLanguage\":\"en-US\",\"@id\":\"https:\/\/www.joyana.fr\/#\/schema\/person\/image\/\",\"url\":\"https:\/\/i0.wp.com\/joyana.fr\/wp-content\/uploads\/2016\/08\/cropped-joyana-logo-black-360x180.png?fit=343%2C164&ssl=1\",\"contentUrl\":\"https:\/\/i0.wp.com\/joyana.fr\/wp-content\/uploads\/2016\/08\/cropped-joyana-logo-black-360x180.png?fit=343%2C164&ssl=1\",\"width\":343,\"height\":164,\"caption\":\"Jo Yana\"},\"logo\":{\"@id\":\"https:\/\/www.joyana.fr\/#\/schema\/person\/image\/\"},\"description\":\"Jo Yana est le cr\u00e9ateur et r\u00e9dacteur en chef des sites DECO-DESIGN. Passionn\u00e9 de Design, Mode, Photo, Luxe, Lifestyle, Musique, mais avant tout Blogueur ! Le plaisir de partager l'anime et a comme devise \\\"POUR L'AMOUR DU BEAU\\\". Retrouvez le aussi sur son blog personnel - https:\/\/joyana.fr...\",\"sameAs\":[\"https:\/\/joyana.fr\/\"],\"url\":\"https:\/\/joyana.fr\/en\/author\/joyana\/\"}]}<\/script>\n<!-- \/ Yoast SEO plugin. -->","yoast_head_json":{"title":"MILAN DESIGN WEEK 2011 - KARIM RASHID Last 15 Years - JO YANA","robots":{"index":"index","follow":"follow","max-snippet":"max-snippet:-1","max-image-preview":"max-image-preview:large","max-video-preview":"max-video-preview:-1"},"canonical":"https:\/\/joyana.fr\/en\/milan-design-week-2011-karim-rashid\/106544\/","og_locale":"en_US","og_type":"article","og_title":"MILAN DESIGN WEEK 2011 - KARIM RASHID Last 15 Years - JO YANA","og_description":"Durant la Milan Design Week 2011, se tenait une r\u00e9trospective &#8211; qui retrace plus de 15 ans de cr\u00e9ations, objets et meubles sign\u00e9s par le designer Karim Rashid&#8230; A voir aussi l&#8217;ensemble du travail de Karim Rashid vu par Deco-Design&#8230; En savoir + sur Karim RASHID","og_url":"https:\/\/joyana.fr\/en\/milan-design-week-2011-karim-rashid\/106544\/","og_site_name":"JO YANA","article_published_time":"2011-04-26T05:13:57+00:00","og_image":[{"width":576,"height":382,"url":"https:\/\/i0.wp.com\/joyana.fr\/wp-content\/uploads\/old\/KARIM-RASHID_4050.jpg?fit=576%2C382&ssl=1","type":"image\/jpeg"}],"author":"Jo Yana","twitter_card":"summary_large_image","twitter_creator":"@Jo_Yana","twitter_site":"@Jo_Yana","twitter_misc":{"Written by":"Jo Yana"},"schema":{"@context":"https:\/\/schema.org","@graph":[{"@type":"Article","@id":"https:\/\/joyana.fr\/en\/milan-design-week-2011-karim-rashid\/106544\/#article","isPartOf":{"@id":"https:\/\/joyana.fr\/en\/milan-design-week-2011-karim-rashid\/106544\/"},"author":{"name":"Jo Yana","@id":"https:\/\/www.joyana.fr\/#\/schema\/person\/cf2a1ad12a27c12c21801075bf37407c"},"headline":"MILAN DESIGN WEEK 2011 &#8211; KARIM RASHID Last 15 Years","datePublished":"2011-04-26T05:13:57+00:00","mainEntityOfPage":{"@id":"https:\/\/joyana.fr\/en\/milan-design-week-2011-karim-rashid\/106544\/"},"wordCount":55,"commentCount":0,"publisher":{"@id":"https:\/\/www.joyana.fr\/#\/schema\/person\/cf2a1ad12a27c12c21801075bf37407c"},"image":{"@id":"https:\/\/joyana.fr\/en\/milan-design-week-2011-karim-rashid\/106544\/#primaryimage"},"thumbnailUrl":"https:\/\/i0.wp.com\/joyana.fr\/wp-content\/uploads\/old\/KARIM-RASHID_4050.jpg?fit=576%2C382&ssl=1","keywords":["Karim RASHID"],"articleSection":["DECO-DESIGN","Designer","Karim RASHID","Milan Design Week"],"inLanguage":"en-US","potentialAction":[{"@type":"CommentAction","name":"Comment","target":["https:\/\/joyana.fr\/en\/milan-design-week-2011-karim-rashid\/106544\/#respond"]}]},{"@type":"WebPage","@id":"https:\/\/joyana.fr\/en\/milan-design-week-2011-karim-rashid\/106544\/","url":"https:\/\/joyana.fr\/en\/milan-design-week-2011-karim-rashid\/106544\/","name":"MILAN DESIGN WEEK 2011 - KARIM RASHID Last 15 Years - JO YANA","isPartOf":{"@id":"https:\/\/www.joyana.fr\/#website"},"primaryImageOfPage":{"@id":"https:\/\/joyana.fr\/en\/milan-design-week-2011-karim-rashid\/106544\/#primaryimage"},"image":{"@id":"https:\/\/joyana.fr\/en\/milan-design-week-2011-karim-rashid\/106544\/#primaryimage"},"thumbnailUrl":"https:\/\/i0.wp.com\/joyana.fr\/wp-content\/uploads\/old\/KARIM-RASHID_4050.jpg?fit=576%2C382&ssl=1","datePublished":"2011-04-26T05:13:57+00:00","breadcrumb":{"@id":"https:\/\/joyana.fr\/en\/milan-design-week-2011-karim-rashid\/106544\/#breadcrumb"},"inLanguage":"en-US","potentialAction":[{"@type":"ReadAction","target":["https:\/\/joyana.fr\/en\/milan-design-week-2011-karim-rashid\/106544\/"]}]},{"@type":"ImageObject","inLanguage":"en-US","@id":"https:\/\/joyana.fr\/en\/milan-design-week-2011-karim-rashid\/106544\/#primaryimage","url":"https:\/\/i0.wp.com\/joyana.fr\/wp-content\/uploads\/old\/KARIM-RASHID_4050.jpg?fit=576%2C382&ssl=1","contentUrl":"https:\/\/i0.wp.com\/joyana.fr\/wp-content\/uploads\/old\/KARIM-RASHID_4050.jpg?fit=576%2C382&ssl=1","width":576,"height":382},{"@type":"BreadcrumbList","@id":"https:\/\/joyana.fr\/en\/milan-design-week-2011-karim-rashid\/106544\/#breadcrumb","itemListElement":[{"@type":"ListItem","position":1,"name":"Accueil","item":"https:\/\/www.joyana.fr\/"},{"@type":"ListItem","position":2,"name":"MILAN DESIGN WEEK 2011 &#8211; KARIM RASHID Last 15 Years"}]},{"@type":"WebSite","@id":"https:\/\/www.joyana.fr\/#website","url":"https:\/\/www.joyana.fr\/","name":"JO YANA","description":"Blog Mode Homme, Lifestyle, D\u00e9co-Design","publisher":{"@id":"https:\/\/www.joyana.fr\/#\/schema\/person\/cf2a1ad12a27c12c21801075bf37407c"},"potentialAction":[{"@type":"SearchAction","target":{"@type":"EntryPoint","urlTemplate":"https:\/\/www.joyana.fr\/?s={search_term_string}"},"query-input":{"@type":"PropertyValueSpecification","valueRequired":true,"valueName":"search_term_string"}}],"inLanguage":"en-US"},{"@type":["Person","Organization"],"@id":"https:\/\/www.joyana.fr\/#\/schema\/person\/cf2a1ad12a27c12c21801075bf37407c","name":"Jo Yana","image":{"@type":"ImageObject","inLanguage":"en-US","@id":"https:\/\/www.joyana.fr\/#\/schema\/person\/image\/","url":"https:\/\/i0.wp.com\/joyana.fr\/wp-content\/uploads\/2016\/08\/cropped-joyana-logo-black-360x180.png?fit=343%2C164&ssl=1","contentUrl":"https:\/\/i0.wp.com\/joyana.fr\/wp-content\/uploads\/2016\/08\/cropped-joyana-logo-black-360x180.png?fit=343%2C164&ssl=1","width":343,"height":164,"caption":"Jo Yana"},"logo":{"@id":"https:\/\/www.joyana.fr\/#\/schema\/person\/image\/"},"description":"Jo Yana est le cr\u00e9ateur et r\u00e9dacteur en chef des sites DECO-DESIGN. Passionn\u00e9 de Design, Mode, Photo, Luxe, Lifestyle, Musique, mais avant tout Blogueur ! Le plaisir de partager l'anime et a comme devise \"POUR L'AMOUR DU BEAU\". Retrouvez le aussi sur son blog personnel - https:\/\/joyana.fr...","sameAs":["https:\/\/joyana.fr\/"],"url":"https:\/\/joyana.fr\/en\/author\/joyana\/"}]}},"author_meta":{"display_name":"Jo Yana","author_link":"https:\/\/joyana.fr\/en\/author\/joyana\/"},"featured_img":"https:\/\/i0.wp.com\/joyana.fr\/wp-content\/uploads\/old\/KARIM-RASHID_4050.jpg?fit=389%2C258&ssl=1","featured_image_src":"https:\/\/i0.wp.com\/joyana.fr\/wp-content\/uploads\/old\/KARIM-RASHID_4050.jpg?resize=576%2C382&ssl=1","featured_image_src_square":"https:\/\/i0.wp.com\/joyana.fr\/wp-content\/uploads\/old\/KARIM-RASHID_4050.jpg?resize=576%2C382&ssl=1","jetpack_featured_media_url":"https:\/\/i0.wp.com\/joyana.fr\/wp-content\/uploads\/old\/KARIM-RASHID_4050.jpg?fit=576%2C382&ssl=1","uagb_featured_image_src":{"full":["https:\/\/i0.wp.com\/joyana.fr\/wp-content\/uploads\/old\/KARIM-RASHID_4050.jpg?fit=576%2C382&ssl=1",576,382,false],"thumbnail":["https:\/\/i0.wp.com\/joyana.fr\/wp-content\/uploads\/old\/KARIM-RASHID_4050.jpg?resize=150%2C150&ssl=1",150,150,true],"medium":["https:\/\/i0.wp.com\/joyana.fr\/wp-content\/uploads\/old\/KARIM-RASHID_4050.jpg?fit=389%2C258&ssl=1",389,258,true],"medium_large":["https:\/\/i0.wp.com\/joyana.fr\/wp-content\/uploads\/old\/KARIM-RASHID_4050.jpg?fit=576%2C382&ssl=1",576,382,true],"large":["https:\/\/i0.wp.com\/joyana.fr\/wp-content\/uploads\/old\/KARIM-RASHID_4050.jpg?fit=576%2C382&ssl=1",576,382,true],"1536x1536":["https:\/\/i0.wp.com\/joyana.fr\/wp-content\/uploads\/old\/KARIM-RASHID_4050.jpg?fit=576%2C382&ssl=1",576,382,true],"2048x2048":["https:\/\/i0.wp.com\/joyana.fr\/wp-content\/uploads\/old\/KARIM-RASHID_4050.jpg?fit=576%2C382&ssl=1",576,382,true],"featured-thumb":["https:\/\/i0.wp.com\/joyana.fr\/wp-content\/uploads\/old\/KARIM-RASHID_4050.jpg?resize=576%2C382&ssl=1",576,382,true],"ab-block-post-grid-landscape":["https:\/\/i0.wp.com\/joyana.fr\/wp-content\/uploads\/old\/KARIM-RASHID_4050.jpg?resize=576%2C382&ssl=1",576,382,true],"ab-block-post-grid-square":["https:\/\/i0.wp.com\/joyana.fr\/wp-content\/uploads\/old\/KARIM-RASHID_4050.jpg?resize=576%2C382&ssl=1",576,382,true],"author-pro-image":["https:\/\/i0.wp.com\/joyana.fr\/wp-content\/uploads\/old\/KARIM-RASHID_4050.jpg?resize=360%2C382&ssl=1",360,382,true],"slider":["https:\/\/i0.wp.com\/joyana.fr\/wp-content\/uploads\/old\/KARIM-RASHID_4050.jpg?resize=576%2C382&ssl=1",576,382,true],"woocommerce_thumbnail":["https:\/\/i0.wp.com\/joyana.fr\/wp-content\/uploads\/old\/KARIM-RASHID_4050.jpg?resize=450%2C382&ssl=1",450,382,true],"woocommerce_single":["https:\/\/i0.wp.com\/joyana.fr\/wp-content\/uploads\/old\/KARIM-RASHID_4050.jpg?fit=576%2C382&ssl=1",576,382,true],"woocommerce_gallery_thumbnail":["https:\/\/i0.wp.com\/joyana.fr\/wp-content\/uploads\/old\/KARIM-RASHID_4050.jpg?resize=180%2C180&ssl=1",180,180,true],"sow-carousel-default":["https:\/\/i0.wp.com\/joyana.fr\/wp-content\/uploads\/old\/KARIM-RASHID_4050.jpg?resize=272%2C182&ssl=1",272,182,true]},"uagb_author_info":{"display_name":"Jo Yana","author_link":"https:\/\/joyana.fr\/en\/author\/joyana\/"},"uagb_comment_info":4,"uagb_excerpt":"Durant la Milan Design Week 2011, se tenait une r\u00e9trospective &#8211; qui retrace plus de 15 ans de cr\u00e9ations, objets et meubles sign\u00e9s par le designer Karim Rashid&#8230; A voir aussi l&#8217;ensemble du travail de Karim Rashid vu par Deco-Design&#8230; En savoir + sur Karim RASHID","coauthors":[],"tax_additional":{"categories":{"linked":["<a href=\"https:\/\/joyana.fr\/en\/category\/deco-design\/\" class=\"advgb-post-tax-term\">DECO-DESIGN<\/a>","<a href=\"https:\/\/joyana.fr\/en\/category\/deco-design\/designer\/\" class=\"advgb-post-tax-term\">Designer<\/a>","<a href=\"https:\/\/joyana.fr\/en\/category\/deco-design\/designer\/karim-rashid\/\" class=\"advgb-post-tax-term\">Karim RASHID<\/a>","<a href=\"https:\/\/joyana.fr\/en\/category\/deco-design\/actualite\/salon\/milan-design-week\/\" class=\"advgb-post-tax-term\">Milan Design Week<\/a>"],"unlinked":["<span class=\"advgb-post-tax-term\">DECO-DESIGN<\/span>","<span class=\"advgb-post-tax-term\">Designer<\/span>","<span class=\"advgb-post-tax-term\">Karim RASHID<\/span>","<span class=\"advgb-post-tax-term\">Milan Design Week<\/span>"]},"tags":{"linked":["<a href=\"https:\/\/joyana.fr\/en\/category\/deco-design\/actualite\/salon\/milan-design-week\/\" class=\"advgb-post-tax-term\">Karim RASHID<\/a>"],"unlinked":["<span class=\"advgb-post-tax-term\">Karim RASHID<\/span>"]}},"comment_count":4,"relative_dates":{"created":"Posted 15 years ago","modified":"Updated 15 years ago"},"absolute_dates":{"created":"Posted on 26 April 2011","modified":"Updated on 26 April 2011"},"absolute_dates_time":{"created":"Posted on 26 April 2011 6:13","modified":"Updated on 26 April 2011 6:13"},"featured_img_caption":"","series_order":"","jetpack_sharing_enabled":true,"jetpack_shortlink":"https:\/\/wp.me\/p9bteI-rIs","jetpack-related-posts":[],"_links":{"self":[{"href":"https:\/\/joyana.fr\/en\/wp-json\/wp\/v2\/posts\/106544","targetHints":{"allow":["GET"]}}],"collection":[{"href":"https:\/\/joyana.fr\/en\/wp-json\/wp\/v2\/posts"}],"about":[{"href":"https:\/\/joyana.fr\/en\/wp-json\/wp\/v2\/types\/post"}],"author":[{"embeddable":true,"href":"https:\/\/joyana.fr\/en\/wp-json\/wp\/v2\/users\/3"}],"replies":[{"embeddable":true,"href":"https:\/\/joyana.fr\/en\/wp-json\/wp\/v2\/comments?post=106544"}],"version-history":[{"count":0,"href":"https:\/\/joyana.fr\/en\/wp-json\/wp\/v2\/posts\/106544\/revisions"}],"wp:featuredmedia":[{"embeddable":true,"href":"https:\/\/joyana.fr\/en\/wp-json\/wp\/v2\/media\/106550"}],"wp:attachment":[{"href":"https:\/\/joyana.fr\/en\/wp-json\/wp\/v2\/media?parent=106544"}],"wp:term":[{"taxonomy":"category","embeddable":true,"href":"https:\/\/joyana.fr\/en\/wp-json\/wp\/v2\/categories?post=106544"},{"taxonomy":"post_tag","embeddable":true,"href":"https:\/\/joyana.fr\/en\/wp-json\/wp\/v2\/tags?post=106544"}],"curies":[{"name":"wp","href":"https:\/\/api.w.org\/{rel}","templated":true}]}}