{"id":106879,"date":"2011-06-05T09:10:13","date_gmt":"2011-06-05T08:10:13","guid":{"rendered":"https:\/\/joyana.fr\/?p=6879"},"modified":"2011-06-05T09:10:13","modified_gmt":"2011-06-05T08:10:13","slug":"art-spa-les-jardins-de-saint-benoit-garrigae","status":"publish","type":"post","link":"https:\/\/joyana.fr\/en\/art-spa-les-jardins-de-saint-benoit-garrigae\/106879\/","title":{"rendered":"Les Jardins de Saint Benoit (GARRIGAE)"},"content":{"rendered":"<p>L&#8217;\u00e9quipe <strong>Deco-Design<\/strong> a pass\u00e9 quelques jours idylliques aux <strong>Jardins de Saint Benoit **** &#8211; <\/strong>situ\u00e9s \u00e0 quelques minutes du village de S\u00e9rignan, et propri\u00e9t\u00e9 du groupe <strong>GARRIGAE<\/strong> &#8211; petit r\u00e9sum\u00e9 de ce <strong>week-end Art&#038;SPA<\/strong>&#8230;<\/p>\n<p><img data-recalc-dims=\"1\" fetchpriority=\"high\" decoding=\"async\" class=\"alignnone size-full wp-image-6882\" title=\"Les Jardins de Saint Benoit GARRIGAE ART SPA \" src=\"https:\/\/i0.wp.com\/joyana.fr\/wp-content\/uploads\/JARDINS_DE_SAINT_BENOIT_GARRIGAE89_b.jpg?resize=576%2C268&#038;ssl=1\" alt=\"\" width=\"576\" height=\"268\" \/><\/p>\n<p>C\u2019est dans le Sud de la France, au c\u0153ur du Languedoc-Rousillon, que <strong>Deco-Design<\/strong> a pass\u00e9 un excellent week-end aux <strong>Jardins de Saint-Benoit****<\/strong> inspir\u00e9s par l\u2019architecture locale et formant des ensembles pittoresques et paysagers dans l\u2019esprit des villages d\u2019autrefois&#8230; Constitu\u00e9 de maisons de village et de mas, ce lieu s\u2019int\u00e8gre harmonieusement dans l&#8217;environnement naturel, baign\u00e9 tout au long de l\u2019ann\u00e9e de soleil et de parfums m\u00e9diterran\u00e9ens&#8230;<\/p>\n<p>Au programme : Spa avec jacuzzi et hammam, visite du Mus\u00e9e d&#8217;Art Contemporain du Languedoc-Rousillon, et pour finir en beaut\u00e9 d\u00eener vigneron \u00e0 la <a href=\"http:\/\/www.facebook.com\/pages\/La-taverne-vigneronne\/151709228192176\">taverne de Didier Roux<\/a>&#8230;<\/p>\n<p><img data-recalc-dims=\"1\" decoding=\"async\" data-attachment-id=\"6889\" data-permalink=\"https:\/\/joyana.fr\/en\/desert-boots-collection-karim-rashid-x-sully-wong\/6034\/sullywong_lookbook_20145\/\" data-orig-file=\"https:\/\/i0.wp.com\/joyana.fr\/wp-content\/uploads\/2013\/07\/SULLYWONG_LOOKBOOK_20145.jpg?fit=1050%2C1050&amp;ssl=1\" data-orig-size=\"1050,1050\" data-comments-opened=\"1\" data-image-meta=\"{&quot;aperture&quot;:&quot;0&quot;,&quot;credit&quot;:&quot;&quot;,&quot;camera&quot;:&quot;&quot;,&quot;caption&quot;:&quot;&quot;,&quot;created_timestamp&quot;:&quot;0&quot;,&quot;copyright&quot;:&quot;&quot;,&quot;focal_length&quot;:&quot;0&quot;,&quot;iso&quot;:&quot;0&quot;,&quot;shutter_speed&quot;:&quot;0&quot;,&quot;title&quot;:&quot;&quot;,&quot;orientation&quot;:&quot;0&quot;}\" data-image-title=\"SULLYWONG_LOOKBOOK_20145\" data-image-description=\"\" data-image-caption=\"\" data-medium-file=\"https:\/\/i0.wp.com\/joyana.fr\/wp-content\/uploads\/2013\/07\/SULLYWONG_LOOKBOOK_20145.jpg?fit=389%2C389&amp;ssl=1\" data-large-file=\"https:\/\/i0.wp.com\/joyana.fr\/wp-content\/uploads\/2013\/07\/SULLYWONG_LOOKBOOK_20145.jpg?fit=1024%2C1024&amp;ssl=1\" class=\"alignnone size-full wp-image-6889\" title=\"Les Jardins de Saint Benoit GARRIGAE ART SPA \" src=\"https:\/\/i0.wp.com\/joyana.fr\/wp-content\/uploads\/JARDINS_DE_SAINT_BENOIT_GARRIGAE_c_b.jpg?resize=576%2C383&#038;ssl=1\" alt=\"\" width=\"576\" height=\"383\" \/><\/p>\n<p>Ici on savoure une d\u00e9coration raffin\u00e9e et chaleureuse, o\u00f9 se m\u00ealent un cama\u00efeu de tons beiges et taupes, et pierre naturelles&#8230; Mais nous sommes avant tout rest\u00e9 scotch\u00e9 par la piscine principale de plus de 48 m\u00e8tres, \u00e0 d\u00e9bordements, situ\u00e9e face \u00e0 un paysage verdoyant, une merveille !!!<\/p>\n<p>Le domaine se constitue de maisons de village et de mas, avec pour les plus grandes une piscine priv\u00e9e. We Love It !!!<\/p>\n<p><img data-recalc-dims=\"1\" decoding=\"async\" class=\"alignnone size-full wp-image-6886\" title=\"Les Jardins de Saint Benoit GARRIGAE ART SPA \" src=\"https:\/\/i0.wp.com\/joyana.fr\/wp-content\/uploads\/JARDINS_DE_SAINT_BENOIT_GARRIGAE_7d_b.jpg?resize=576%2C383&#038;ssl=1\" alt=\"\" width=\"576\" height=\"383\" \/><\/p>\n<p><img data-recalc-dims=\"1\" loading=\"lazy\" decoding=\"async\" class=\"alignnone size-full wp-image-6887\" title=\"Les Jardins de Saint Benoit GARRIGAE ART SPA \" src=\"https:\/\/i0.wp.com\/joyana.fr\/wp-content\/uploads\/JARDINS_DE_SAINT_BENOIT_GARRIGAE_9_o.jpg?resize=576%2C383&#038;ssl=1\" alt=\"\" width=\"576\" height=\"383\" \/><\/p>\n<p><img data-recalc-dims=\"1\" loading=\"lazy\" decoding=\"async\" class=\"alignnone size-full wp-image-6883\" title=\"Les Jardins de Saint Benoit GARRIGAE ART SPA \" src=\"https:\/\/i0.wp.com\/joyana.fr\/wp-content\/uploads\/JARDINS_DE_SAINT_BENOIT_GARRIGAE_0_b.jpg?resize=576%2C322&#038;ssl=1\" alt=\"\" width=\"576\" height=\"322\" \/><\/p>\n<p><img data-recalc-dims=\"1\" loading=\"lazy\" decoding=\"async\" class=\"alignnone size-full wp-image-6885\" title=\"Les Jardins de Saint Benoit GARRIGAE ART SPA \" src=\"https:\/\/i0.wp.com\/joyana.fr\/wp-content\/uploads\/JARDINS_DE_SAINT_BENOIT_GARRIGAE_6_b.jpg?resize=576%2C383&#038;ssl=1\" alt=\"\" width=\"576\" height=\"383\" \/><\/p>\n<p>D\u00e9tour oblig\u00e9 par le SPA <strong>des Jardins de Saint Benoit<\/strong>**** o\u00f9 nous avons appr\u00e9ci\u00e9 l&#8217;immense jacuzzi, suivi par quelques brasses dans la piscine int\u00e9rieure, pour finir sur une s\u00e9ance de massage qui a revitalis\u00e9e toute l&#8217;\u00e9quipe&#8230;<\/p>\n<p><img data-recalc-dims=\"1\" loading=\"lazy\" decoding=\"async\" class=\"alignnone size-full wp-image-6881\" title=\"Les Jardins de Saint Benoit GARRIGAE ART SPA \" src=\"https:\/\/i0.wp.com\/joyana.fr\/wp-content\/uploads\/JARDINS_DE_SAINT_BENOIT_GARRIGAE.jpg?resize=576%2C363&#038;ssl=1\" alt=\"\" width=\"576\" height=\"363\" \/><\/p>\n<p><img data-recalc-dims=\"1\" loading=\"lazy\" decoding=\"async\" class=\"alignnone size-full wp-image-6884\" title=\"Les Jardins de Saint Benoit GARRIGAE ART SPA \" src=\"https:\/\/i0.wp.com\/joyana.fr\/wp-content\/uploads\/JARDINS_DE_SAINT_BENOIT_GARRIGAE_3_b.jpg?resize=576%2C383&#038;ssl=1\" alt=\"\" width=\"576\" height=\"383\" \/><\/p>\n<p>A quelques km des <strong>Jardins de Saint Benoit **** <\/strong>se trouve un des plus beaux mus\u00e9es d&#8217;Art Contemporain que nous ayons pu voir&#8230; En effet le <a href=\"http:\/\/www.ville-serignan.fr\/Tourisme-Sortir-Musee.php\">Mus\u00e9e R\u00e9gional Languedoc-Roussillon<\/a>, est un lieu culturel et touristique incontournable. Il pr\u00e9sente sur 2 500 m\u00b2, des expositions temporaires et une collection permanente. Dans l\u2019atmosph\u00e8re conviviale du mus\u00e9e, diff\u00e9rents espaces offrent aux visiteurs un parcours riche et diversifi\u00e9 : cabinet d&#8217;arts graphiques, espaces d&#8217;exposition, salle vid\u00e9o, salon-biblioth\u00e8que, librairie-boutique. Toute l\u2019ann\u00e9e, des activit\u00e9s sont propos\u00e9es \u00e0 destination de tous les publics, vraiment un lieu tr\u00e8s agr\u00e9able culturellement et qui reste malheureusement assez rare dans le sud de la France&#8230;<\/p>\n<p><img data-recalc-dims=\"1\" loading=\"lazy\" decoding=\"async\" class=\"alignnone size-full wp-image-6892\" title=\"Les Jardins de Saint Benoit (GARRIGAE)\" src=\"https:\/\/i0.wp.com\/joyana.fr\/wp-content\/uploads\/JARDINS_DE_SAINT_BENOIT_GARRIGAE_Mus%C3%A9e-R%C3%A9gional-dArt-Contemporain-%C3%A0-S%C3%A9rignan-photo-JP-Planchon.jpg?resize=576%2C275&#038;ssl=1\" alt=\"\" width=\"576\" height=\"275\" \/><\/p>\n<p><img data-recalc-dims=\"1\" loading=\"lazy\" decoding=\"async\" class=\"alignnone size-full wp-image-6880\" title=\"Les Jardins de Saint Benoit (GARRIGAE)\" src=\"https:\/\/i0.wp.com\/joyana.fr\/wp-content\/uploads\/JARDINS_DE_SAINT_BENOIT_GARRIGAE-reduit.jpg?resize=576%2C288&#038;ssl=1\" alt=\"\" width=\"576\" height=\"288\" \/><\/p>\n<p>Apr\u00e8s la minute culturelle, direction l&#8217;ap\u00e9ro !!! Nous avons ador\u00e9 le set de vins <a title=\"LA BARAQUETTE\" href=\"http:\/\/www.la-baraquette.com\/\">LA BARAQUETTE<\/a> &#8211; produits aussi par le groupe GARRIGAE, les vins sont num\u00e9rot\u00e9s suivant la couleur de leur robe, petit clin d\u2019\u0153il \u00e0 Coco&#8230; Apr\u00e8s cet instant d\u00e9gustation, direction la <a title=\"TAVERNE VIGNERONNE\" href=\"http:\/\/www.facebook.com\/pages\/La-taverne-vigneronne\/151709228192176\">taverne vigneronne de Didier Roux<\/a> qui nous a fait vivre un moment merveilleux de gourmandise !!! Pour vous donner une id\u00e9e, Didier vous fera d\u00e9guster jusqu&#8217;\u00e0 3 vins par plat, et on ne vous parle m\u00eame pas des diff\u00e9rents digestifs&#8230;<\/p>\n<p><img data-recalc-dims=\"1\" loading=\"lazy\" decoding=\"async\" data-attachment-id=\"6891\" data-permalink=\"https:\/\/joyana.fr\/en\/desert-boots-collection-karim-rashid-x-sully-wong\/6034\/sullywong_lookbook_201411\/\" data-orig-file=\"https:\/\/i0.wp.com\/joyana.fr\/wp-content\/uploads\/2013\/07\/SULLYWONG_LOOKBOOK_201411.jpg?fit=1050%2C1050&amp;ssl=1\" data-orig-size=\"1050,1050\" data-comments-opened=\"1\" data-image-meta=\"{&quot;aperture&quot;:&quot;0&quot;,&quot;credit&quot;:&quot;&quot;,&quot;camera&quot;:&quot;&quot;,&quot;caption&quot;:&quot;&quot;,&quot;created_timestamp&quot;:&quot;0&quot;,&quot;copyright&quot;:&quot;&quot;,&quot;focal_length&quot;:&quot;0&quot;,&quot;iso&quot;:&quot;0&quot;,&quot;shutter_speed&quot;:&quot;0&quot;,&quot;title&quot;:&quot;&quot;,&quot;orientation&quot;:&quot;0&quot;}\" data-image-title=\"SULLYWONG_LOOKBOOK_201411\" data-image-description=\"\" data-image-caption=\"\" data-medium-file=\"https:\/\/i0.wp.com\/joyana.fr\/wp-content\/uploads\/2013\/07\/SULLYWONG_LOOKBOOK_201411.jpg?fit=389%2C389&amp;ssl=1\" data-large-file=\"https:\/\/i0.wp.com\/joyana.fr\/wp-content\/uploads\/2013\/07\/SULLYWONG_LOOKBOOK_201411.jpg?fit=1024%2C1024&amp;ssl=1\" class=\"alignnone size-full wp-image-6891\" title=\"Les Jardins de Saint Benoit (GARRIGAE)\" src=\"https:\/\/i0.wp.com\/joyana.fr\/wp-content\/uploads\/JARDINS_DE_SAINT_BENOIT_GARRIGAE_G0_b.jpg?resize=576%2C864&#038;ssl=1\" alt=\"\" width=\"576\" height=\"864\" \/><\/p>\n<p>Apr\u00e8s avoir pass\u00e9 ce petit week-end rempli de plaisirs de la vie, nous pouvons que vous conseiller de d\u00e9couvrir cette r\u00e9gion du Sud de la France qu&#8217;est le Languedoc-Rousillon, et surtout de passer quelques jours idylliques <a title=\"JARDINS DE SAINT BENOIT\" href=\"http:\/\/www.garrigae-resorts.com\/Jardins-de-Saint-Benoit\"><strong>aux Jardins de Saint Benoit<\/strong><\/a> &#8211; qui reste un de nos meilleurs souvenirs de blogueur&#8230;Et en parlant de blogueurs, petit clin d\u2019\u0153il \u00e0 : <a href=\"http:\/\/soisbelleetparle.fr\/\">Sois belle et parle<\/a>, <a title=\"GAZE\" href=\"http:\/\/gaze.im\/\">Gaze<\/a>, <a href=\"http:\/\/azzed.net\/\">Azzed<\/a>, <a href=\"http:\/\/blogartdeco.fr\/\">Blog Art Deco<\/a>, <a href=\"http:\/\/www.mister-champagne.com\/\">Mister Champagne<\/a>, <a href=\"http:\/\/www.lesgarconsaussi.com\/\">Les Gar\u00e7ons Aussi<\/a>, <a href=\"http:\/\/mochic.over-blog.com\/\">Mochic<\/a>, <a href=\"http:\/\/www.besnob.fr\/\">Besnob<\/a>&#8230;<\/p>\n<p>En savoir <strong>+<\/strong> sur <a title=\"GARRIGAE\" href=\"http:\/\/www.garrigae.com\/\"><strong>GARRIGAE<\/strong><\/a><\/p>\n","protected":false},"excerpt":{"rendered":"<p>L&#8217;\u00e9quipe Deco-Design a pass\u00e9 quelques jours idylliques aux Jardins de Saint Benoit **** &#8211; situ\u00e9s \u00e0 quelques minutes du village de S\u00e9rignan, et propri\u00e9t\u00e9 du groupe GARRIGAE &#8211; petit r\u00e9sum\u00e9 de ce week-end Art&#038;SPA&#8230; C\u2019est dans le Sud de la France, au c\u0153ur du Languedoc-Rousillon, que Deco-Design a pass\u00e9 un excellent week-end aux Jardins de [&hellip;]<\/p>\n","protected":false},"author":3,"featured_media":106890,"comment_status":"open","ping_status":"open","sticky":false,"template":"","format":"standard","meta":{"_coblocks_attr":"","_coblocks_dimensions":"","_coblocks_responsive_height":"","_coblocks_accordion_ie_support":"","_uag_custom_page_level_css":"","advgb_blocks_editor_width":"","advgb_blocks_columns_visual_guide":"","_genesis_hide_title":false,"_genesis_hide_breadcrumbs":false,"_genesis_hide_singular_image":false,"_genesis_hide_footer_widgets":false,"_genesis_custom_body_class":"","_genesis_custom_post_class":"","_genesis_layout":"","_themeisle_gutenberg_block_has_review":false,"_jetpack_newsletter_access":"","_jetpack_dont_email_post_to_subs":false,"_jetpack_newsletter_tier_id":0,"_jetpack_memberships_contains_paywalled_content":false,"_jetpack_memberships_contains_paid_content":false,"footnotes":""},"categories":[1036,938,905,1039,980,921],"tags":[954,67],"class_list":{"0":"post-106879","1":"post","2":"type-post","3":"status-publish","4":"format-standard","5":"has-post-thumbnail","7":"category-a-la-une","8":"category-actualite-deco-design","9":"category-deco-design","10":"category-france","11":"category-hotel","12":"category-lieux-design","13":"tag-blog-deco-design","14":"tag-hotel","15":"entry"},"featured_image_urls":{"full":["https:\/\/i0.wp.com\/joyana.fr\/wp-content\/uploads\/old\/JARDINS_DE_SAINT_BENOIT_GARRIGAE_CAROUSSEL.jpg?fit=1170%2C320&ssl=1",1170,320,false],"thumbnail":["https:\/\/i0.wp.com\/joyana.fr\/wp-content\/uploads\/old\/JARDINS_DE_SAINT_BENOIT_GARRIGAE_CAROUSSEL.jpg?resize=150%2C150&ssl=1",150,150,true],"medium":["https:\/\/i0.wp.com\/joyana.fr\/wp-content\/uploads\/old\/JARDINS_DE_SAINT_BENOIT_GARRIGAE_CAROUSSEL.jpg?fit=389%2C106&ssl=1",389,106,true],"medium_large":["https:\/\/i0.wp.com\/joyana.fr\/wp-content\/uploads\/old\/JARDINS_DE_SAINT_BENOIT_GARRIGAE_CAROUSSEL.jpg?fit=768%2C210&ssl=1",768,210,true],"large":["https:\/\/i0.wp.com\/joyana.fr\/wp-content\/uploads\/old\/JARDINS_DE_SAINT_BENOIT_GARRIGAE_CAROUSSEL.jpg?fit=1024%2C280&ssl=1",1024,280,true],"1536x1536":["https:\/\/i0.wp.com\/joyana.fr\/wp-content\/uploads\/old\/JARDINS_DE_SAINT_BENOIT_GARRIGAE_CAROUSSEL.jpg?fit=1170%2C320&ssl=1",1170,320,true],"2048x2048":["https:\/\/i0.wp.com\/joyana.fr\/wp-content\/uploads\/old\/JARDINS_DE_SAINT_BENOIT_GARRIGAE_CAROUSSEL.jpg?fit=1170%2C320&ssl=1",1170,320,true],"featured-thumb":["https:\/\/i0.wp.com\/joyana.fr\/wp-content\/uploads\/old\/JARDINS_DE_SAINT_BENOIT_GARRIGAE_CAROUSSEL.jpg?resize=1170%2C320&ssl=1",1170,320,true],"ab-block-post-grid-landscape":["https:\/\/i0.wp.com\/joyana.fr\/wp-content\/uploads\/old\/JARDINS_DE_SAINT_BENOIT_GARRIGAE_CAROUSSEL.jpg?resize=600%2C320&ssl=1",600,320,true],"ab-block-post-grid-square":["https:\/\/i0.wp.com\/joyana.fr\/wp-content\/uploads\/old\/JARDINS_DE_SAINT_BENOIT_GARRIGAE_CAROUSSEL.jpg?resize=600%2C320&ssl=1",600,320,true],"author-pro-image":["https:\/\/i0.wp.com\/joyana.fr\/wp-content\/uploads\/old\/JARDINS_DE_SAINT_BENOIT_GARRIGAE_CAROUSSEL.jpg?resize=360%2C320&ssl=1",360,320,true],"slider":["https:\/\/i0.wp.com\/joyana.fr\/wp-content\/uploads\/old\/JARDINS_DE_SAINT_BENOIT_GARRIGAE_CAROUSSEL.jpg?resize=920%2C320&ssl=1",920,320,true],"woocommerce_thumbnail":["https:\/\/i0.wp.com\/joyana.fr\/wp-content\/uploads\/old\/JARDINS_DE_SAINT_BENOIT_GARRIGAE_CAROUSSEL.jpg?resize=450%2C320&ssl=1",450,320,true],"woocommerce_single":["https:\/\/i0.wp.com\/joyana.fr\/wp-content\/uploads\/old\/JARDINS_DE_SAINT_BENOIT_GARRIGAE_CAROUSSEL.jpg?fit=920%2C252&ssl=1",920,252,true],"woocommerce_gallery_thumbnail":["https:\/\/i0.wp.com\/joyana.fr\/wp-content\/uploads\/old\/JARDINS_DE_SAINT_BENOIT_GARRIGAE_CAROUSSEL.jpg?resize=180%2C180&ssl=1",180,180,true],"sow-carousel-default":["https:\/\/i0.wp.com\/joyana.fr\/wp-content\/uploads\/old\/JARDINS_DE_SAINT_BENOIT_GARRIGAE_CAROUSSEL.jpg?resize=272%2C182&ssl=1",272,182,true]},"post_excerpt_stackable":"<p>L&#8217;\u00e9quipe Deco-Design a pass\u00e9 quelques jours idylliques aux Jardins de Saint Benoit **** &#8211; situ\u00e9s \u00e0 quelques minutes du village de S\u00e9rignan, et propri\u00e9t\u00e9 du groupe GARRIGAE &#8211; petit r\u00e9sum\u00e9 de ce week-end Art&#038;SPA&#8230; C\u2019est dans le Sud de la France, au c\u0153ur du Languedoc-Rousillon, que Deco-Design a pass\u00e9 un excellent week-end aux Jardins de Saint-Benoit**** inspir\u00e9s par l\u2019architecture locale et formant des ensembles pittoresques et paysagers dans l\u2019esprit des villages d\u2019autrefois&#8230; Constitu\u00e9 de maisons de village et de mas, ce lieu s\u2019int\u00e8gre harmonieusement dans l&#8217;environnement naturel, baign\u00e9 tout au long de l\u2019ann\u00e9e de soleil et de parfums m\u00e9diterran\u00e9ens&#8230; Au&hellip;<\/p>\n","category_list":"<a href=\"https:\/\/joyana.fr\/en\/category\/a-la-une\/\" rel=\"category tag\">A la une !!!<\/a>, <a href=\"https:\/\/joyana.fr\/en\/category\/deco-design\/actualite\/actualite-deco-design\/\" rel=\"category tag\">Actualit\u00e9 D\u00e9co-Design<\/a>, <a href=\"https:\/\/joyana.fr\/en\/category\/deco-design\/\" rel=\"category tag\">DECO-DESIGN<\/a>, <a href=\"https:\/\/joyana.fr\/en\/category\/deco-design\/architecture-deco-design\/pays\/france\/\" rel=\"category tag\">France<\/a>, <a href=\"https:\/\/joyana.fr\/en\/category\/deco-design\/architecture-deco-design\/lieux-design\/hotel\/\" rel=\"category tag\">H\u00f4tel<\/a>, <a href=\"https:\/\/joyana.fr\/en\/category\/deco-design\/architecture-deco-design\/lieux-design\/\" rel=\"category tag\">Lieux<\/a>","author_info":{"display_name":"Jo Yana","author_link":"https:\/\/joyana.fr\/en\/author\/joyana\/"},"comments_num":"3 comments","featured_image_urls_v2":{"full":["https:\/\/i0.wp.com\/joyana.fr\/wp-content\/uploads\/old\/JARDINS_DE_SAINT_BENOIT_GARRIGAE_CAROUSSEL.jpg?fit=1170%2C320&ssl=1",1170,320,false],"thumbnail":["https:\/\/i0.wp.com\/joyana.fr\/wp-content\/uploads\/old\/JARDINS_DE_SAINT_BENOIT_GARRIGAE_CAROUSSEL.jpg?resize=150%2C150&ssl=1",150,150,true],"medium":["https:\/\/i0.wp.com\/joyana.fr\/wp-content\/uploads\/old\/JARDINS_DE_SAINT_BENOIT_GARRIGAE_CAROUSSEL.jpg?fit=389%2C106&ssl=1",389,106,true],"medium_large":["https:\/\/i0.wp.com\/joyana.fr\/wp-content\/uploads\/old\/JARDINS_DE_SAINT_BENOIT_GARRIGAE_CAROUSSEL.jpg?fit=768%2C210&ssl=1",768,210,true],"large":["https:\/\/i0.wp.com\/joyana.fr\/wp-content\/uploads\/old\/JARDINS_DE_SAINT_BENOIT_GARRIGAE_CAROUSSEL.jpg?fit=1024%2C280&ssl=1",1024,280,true],"1536x1536":["https:\/\/i0.wp.com\/joyana.fr\/wp-content\/uploads\/old\/JARDINS_DE_SAINT_BENOIT_GARRIGAE_CAROUSSEL.jpg?fit=1170%2C320&ssl=1",1170,320,true],"2048x2048":["https:\/\/i0.wp.com\/joyana.fr\/wp-content\/uploads\/old\/JARDINS_DE_SAINT_BENOIT_GARRIGAE_CAROUSSEL.jpg?fit=1170%2C320&ssl=1",1170,320,true],"featured-thumb":["https:\/\/i0.wp.com\/joyana.fr\/wp-content\/uploads\/old\/JARDINS_DE_SAINT_BENOIT_GARRIGAE_CAROUSSEL.jpg?resize=1170%2C320&ssl=1",1170,320,true],"ab-block-post-grid-landscape":["https:\/\/i0.wp.com\/joyana.fr\/wp-content\/uploads\/old\/JARDINS_DE_SAINT_BENOIT_GARRIGAE_CAROUSSEL.jpg?resize=600%2C320&ssl=1",600,320,true],"ab-block-post-grid-square":["https:\/\/i0.wp.com\/joyana.fr\/wp-content\/uploads\/old\/JARDINS_DE_SAINT_BENOIT_GARRIGAE_CAROUSSEL.jpg?resize=600%2C320&ssl=1",600,320,true],"author-pro-image":["https:\/\/i0.wp.com\/joyana.fr\/wp-content\/uploads\/old\/JARDINS_DE_SAINT_BENOIT_GARRIGAE_CAROUSSEL.jpg?resize=360%2C320&ssl=1",360,320,true],"slider":["https:\/\/i0.wp.com\/joyana.fr\/wp-content\/uploads\/old\/JARDINS_DE_SAINT_BENOIT_GARRIGAE_CAROUSSEL.jpg?resize=920%2C320&ssl=1",920,320,true],"woocommerce_thumbnail":["https:\/\/i0.wp.com\/joyana.fr\/wp-content\/uploads\/old\/JARDINS_DE_SAINT_BENOIT_GARRIGAE_CAROUSSEL.jpg?resize=450%2C320&ssl=1",450,320,true],"woocommerce_single":["https:\/\/i0.wp.com\/joyana.fr\/wp-content\/uploads\/old\/JARDINS_DE_SAINT_BENOIT_GARRIGAE_CAROUSSEL.jpg?fit=920%2C252&ssl=1",920,252,true],"woocommerce_gallery_thumbnail":["https:\/\/i0.wp.com\/joyana.fr\/wp-content\/uploads\/old\/JARDINS_DE_SAINT_BENOIT_GARRIGAE_CAROUSSEL.jpg?resize=180%2C180&ssl=1",180,180,true],"sow-carousel-default":["https:\/\/i0.wp.com\/joyana.fr\/wp-content\/uploads\/old\/JARDINS_DE_SAINT_BENOIT_GARRIGAE_CAROUSSEL.jpg?resize=272%2C182&ssl=1",272,182,true]},"post_excerpt_stackable_v2":"<p>L&#8217;\u00e9quipe Deco-Design a pass\u00e9 quelques jours idylliques aux Jardins de Saint Benoit **** &#8211; situ\u00e9s \u00e0 quelques minutes du village de S\u00e9rignan, et propri\u00e9t\u00e9 du groupe GARRIGAE &#8211; petit r\u00e9sum\u00e9 de ce week-end Art&#038;SPA&#8230; C\u2019est dans le Sud de la France, au c\u0153ur du Languedoc-Rousillon, que Deco-Design a pass\u00e9 un excellent week-end aux Jardins de Saint-Benoit**** inspir\u00e9s par l\u2019architecture locale et formant des ensembles pittoresques et paysagers dans l\u2019esprit des villages d\u2019autrefois&#8230; Constitu\u00e9 de maisons de village et de mas, ce lieu s\u2019int\u00e8gre harmonieusement dans l&#8217;environnement naturel, baign\u00e9 tout au long de l\u2019ann\u00e9e de soleil et de parfums m\u00e9diterran\u00e9ens&#8230; Au&hellip;<\/p>\n","category_list_v2":"<a href=\"https:\/\/joyana.fr\/en\/category\/a-la-une\/\" rel=\"category tag\">A la une !!!<\/a>, <a href=\"https:\/\/joyana.fr\/en\/category\/deco-design\/actualite\/actualite-deco-design\/\" rel=\"category tag\">Actualit\u00e9 D\u00e9co-Design<\/a>, <a href=\"https:\/\/joyana.fr\/en\/category\/deco-design\/\" rel=\"category tag\">DECO-DESIGN<\/a>, <a href=\"https:\/\/joyana.fr\/en\/category\/deco-design\/architecture-deco-design\/pays\/france\/\" rel=\"category tag\">France<\/a>, <a href=\"https:\/\/joyana.fr\/en\/category\/deco-design\/architecture-deco-design\/lieux-design\/hotel\/\" rel=\"category tag\">H\u00f4tel<\/a>, <a href=\"https:\/\/joyana.fr\/en\/category\/deco-design\/architecture-deco-design\/lieux-design\/\" rel=\"category tag\">Lieux<\/a>","author_info_v2":{"name":"Jo Yana","url":"https:\/\/joyana.fr\/en\/author\/joyana\/"},"comments_num_v2":"3 comments","yoast_head":"<!-- This site is optimized with the Yoast SEO plugin v26.8 - https:\/\/yoast.com\/product\/yoast-seo-wordpress\/ -->\n<title>Les Jardins de Saint Benoit (GARRIGAE) - JO YANA<\/title>\n<meta name=\"robots\" content=\"index, follow, max-snippet:-1, max-image-preview:large, max-video-preview:-1\" \/>\n<link rel=\"canonical\" href=\"https:\/\/www.joyana.fr\/en\/art-spa-les-jardins-de-saint-benoit-garrigae\/106879\/\" \/>\n<meta property=\"og:locale\" content=\"en_US\" \/>\n<meta property=\"og:locale:alternate\" content=\"fr_FR\" \/>\n<meta property=\"og:locale:alternate\" content=\"ja\" \/>\n<meta property=\"og:type\" content=\"article\" \/>\n<meta property=\"og:title\" content=\"Les Jardins de Saint Benoit (GARRIGAE) - JO YANA\" \/>\n<meta property=\"og:description\" content=\"L&#8217;\u00e9quipe Deco-Design a pass\u00e9 quelques jours idylliques aux Jardins de Saint Benoit **** &#8211; situ\u00e9s \u00e0 quelques minutes du village de S\u00e9rignan, et propri\u00e9t\u00e9 du groupe GARRIGAE &#8211; petit r\u00e9sum\u00e9 de ce week-end Art&amp;SPA&#8230; C\u2019est dans le Sud de la France, au c\u0153ur du Languedoc-Rousillon, que Deco-Design a pass\u00e9 un excellent week-end aux Jardins de [&hellip;]\" \/>\n<meta property=\"og:url\" content=\"https:\/\/joyana.fr\/en\/art-spa-les-jardins-de-saint-benoit-garrigae\/106879\/\" \/>\n<meta property=\"og:site_name\" content=\"JO YANA\" \/>\n<meta property=\"article:published_time\" content=\"2011-06-05T08:10:13+00:00\" \/>\n<meta property=\"og:image\" content=\"https:\/\/www.joyana.fr\/wp-content\/uploads\/old\/JARDINS_DE_SAINT_BENOIT_GARRIGAE_CAROUSSEL.jpg\" \/>\n\t<meta property=\"og:image:width\" content=\"1170\" \/>\n\t<meta property=\"og:image:height\" content=\"320\" \/>\n\t<meta property=\"og:image:type\" content=\"image\/jpeg\" \/>\n<meta name=\"author\" content=\"Jo Yana\" \/>\n<meta name=\"twitter:card\" content=\"summary_large_image\" \/>\n<meta name=\"twitter:creator\" content=\"@Jo_Yana\" \/>\n<meta name=\"twitter:site\" content=\"@Jo_Yana\" \/>\n<meta name=\"twitter:label1\" content=\"Written by\" \/>\n\t<meta name=\"twitter:data1\" content=\"Jo Yana\" \/>\n\t<meta name=\"twitter:label2\" content=\"Est. reading time\" \/>\n\t<meta name=\"twitter:data2\" content=\"3 minutes\" \/>\n<script type=\"application\/ld+json\" class=\"yoast-schema-graph\">{\"@context\":\"https:\/\/schema.org\",\"@graph\":[{\"@type\":\"Article\",\"@id\":\"https:\/\/www.joyana.fr\/en\/art-spa-les-jardins-de-saint-benoit-garrigae\/106879\/#article\",\"isPartOf\":{\"@id\":\"https:\/\/www.joyana.fr\/en\/art-spa-les-jardins-de-saint-benoit-garrigae\/106879\/\"},\"author\":{\"name\":\"Jo Yana\",\"@id\":\"https:\/\/www.joyana.fr\/ja\/#\/schema\/person\/cf2a1ad12a27c12c21801075bf37407c\"},\"headline\":\"Les Jardins de Saint Benoit (GARRIGAE)\",\"datePublished\":\"2011-06-05T08:10:13+00:00\",\"mainEntityOfPage\":{\"@id\":\"https:\/\/www.joyana.fr\/en\/art-spa-les-jardins-de-saint-benoit-garrigae\/106879\/\"},\"wordCount\":563,\"commentCount\":0,\"publisher\":{\"@id\":\"https:\/\/www.joyana.fr\/ja\/#\/schema\/person\/cf2a1ad12a27c12c21801075bf37407c\"},\"image\":{\"@id\":\"https:\/\/www.joyana.fr\/en\/art-spa-les-jardins-de-saint-benoit-garrigae\/106879\/#primaryimage\"},\"thumbnailUrl\":\"https:\/\/i0.wp.com\/joyana.fr\/wp-content\/uploads\/old\/JARDINS_DE_SAINT_BENOIT_GARRIGAE_CAROUSSEL.jpg?fit=1170%2C320&ssl=1\",\"keywords\":[\"Blog D\u00e9co-Design\",\"H\u00f4tel\"],\"articleSection\":[\"A la une !!!\",\"Actualit\u00e9 D\u00e9co-Design\",\"DECO-DESIGN\",\"France\",\"H\u00f4tel\",\"Lieux\"],\"inLanguage\":\"en-US\",\"potentialAction\":[{\"@type\":\"CommentAction\",\"name\":\"Comment\",\"target\":[\"https:\/\/www.joyana.fr\/en\/art-spa-les-jardins-de-saint-benoit-garrigae\/106879\/#respond\"]}]},{\"@type\":\"WebPage\",\"@id\":\"https:\/\/www.joyana.fr\/en\/art-spa-les-jardins-de-saint-benoit-garrigae\/106879\/\",\"url\":\"https:\/\/www.joyana.fr\/en\/art-spa-les-jardins-de-saint-benoit-garrigae\/106879\/\",\"name\":\"Les Jardins de Saint Benoit (GARRIGAE) - JO YANA\",\"isPartOf\":{\"@id\":\"https:\/\/www.joyana.fr\/ja\/#website\"},\"primaryImageOfPage\":{\"@id\":\"https:\/\/www.joyana.fr\/en\/art-spa-les-jardins-de-saint-benoit-garrigae\/106879\/#primaryimage\"},\"image\":{\"@id\":\"https:\/\/www.joyana.fr\/en\/art-spa-les-jardins-de-saint-benoit-garrigae\/106879\/#primaryimage\"},\"thumbnailUrl\":\"https:\/\/i0.wp.com\/joyana.fr\/wp-content\/uploads\/old\/JARDINS_DE_SAINT_BENOIT_GARRIGAE_CAROUSSEL.jpg?fit=1170%2C320&ssl=1\",\"datePublished\":\"2011-06-05T08:10:13+00:00\",\"breadcrumb\":{\"@id\":\"https:\/\/www.joyana.fr\/en\/art-spa-les-jardins-de-saint-benoit-garrigae\/106879\/#breadcrumb\"},\"inLanguage\":\"en-US\",\"potentialAction\":[{\"@type\":\"ReadAction\",\"target\":[\"https:\/\/www.joyana.fr\/en\/art-spa-les-jardins-de-saint-benoit-garrigae\/106879\/\"]}]},{\"@type\":\"ImageObject\",\"inLanguage\":\"en-US\",\"@id\":\"https:\/\/www.joyana.fr\/en\/art-spa-les-jardins-de-saint-benoit-garrigae\/106879\/#primaryimage\",\"url\":\"https:\/\/i0.wp.com\/joyana.fr\/wp-content\/uploads\/old\/JARDINS_DE_SAINT_BENOIT_GARRIGAE_CAROUSSEL.jpg?fit=1170%2C320&ssl=1\",\"contentUrl\":\"https:\/\/i0.wp.com\/joyana.fr\/wp-content\/uploads\/old\/JARDINS_DE_SAINT_BENOIT_GARRIGAE_CAROUSSEL.jpg?fit=1170%2C320&ssl=1\",\"width\":1170,\"height\":320},{\"@type\":\"BreadcrumbList\",\"@id\":\"https:\/\/www.joyana.fr\/en\/art-spa-les-jardins-de-saint-benoit-garrigae\/106879\/#breadcrumb\",\"itemListElement\":[{\"@type\":\"ListItem\",\"position\":1,\"name\":\"Accueil\",\"item\":\"https:\/\/www.joyana.fr\/ja\/\"},{\"@type\":\"ListItem\",\"position\":2,\"name\":\"Les Jardins de Saint Benoit (GARRIGAE)\"}]},{\"@type\":\"WebSite\",\"@id\":\"https:\/\/www.joyana.fr\/ja\/#website\",\"url\":\"https:\/\/www.joyana.fr\/ja\/\",\"name\":\"JO YANA\",\"description\":\"Blog Mode Homme, Lifestyle, D\u00e9co-Design\",\"publisher\":{\"@id\":\"https:\/\/www.joyana.fr\/ja\/#\/schema\/person\/cf2a1ad12a27c12c21801075bf37407c\"},\"potentialAction\":[{\"@type\":\"SearchAction\",\"target\":{\"@type\":\"EntryPoint\",\"urlTemplate\":\"https:\/\/www.joyana.fr\/ja\/?s={search_term_string}\"},\"query-input\":{\"@type\":\"PropertyValueSpecification\",\"valueRequired\":true,\"valueName\":\"search_term_string\"}}],\"inLanguage\":\"en-US\"},{\"@type\":[\"Person\",\"Organization\"],\"@id\":\"https:\/\/www.joyana.fr\/ja\/#\/schema\/person\/cf2a1ad12a27c12c21801075bf37407c\",\"name\":\"Jo Yana\",\"image\":{\"@type\":\"ImageObject\",\"inLanguage\":\"en-US\",\"@id\":\"https:\/\/www.joyana.fr\/ja\/#\/schema\/person\/image\/\",\"url\":\"https:\/\/i0.wp.com\/joyana.fr\/wp-content\/uploads\/2016\/08\/cropped-joyana-logo-black-360x180.png?fit=343%2C164&ssl=1\",\"contentUrl\":\"https:\/\/i0.wp.com\/joyana.fr\/wp-content\/uploads\/2016\/08\/cropped-joyana-logo-black-360x180.png?fit=343%2C164&ssl=1\",\"width\":343,\"height\":164,\"caption\":\"Jo Yana\"},\"logo\":{\"@id\":\"https:\/\/www.joyana.fr\/ja\/#\/schema\/person\/image\/\"},\"description\":\"Jo Yana est le cr\u00e9ateur et r\u00e9dacteur en chef des sites DECO-DESIGN. Passionn\u00e9 de Design, Mode, Photo, Luxe, Lifestyle, Musique, mais avant tout Blogueur ! Le plaisir de partager l'anime et a comme devise \\\"POUR L'AMOUR DU BEAU\\\". Retrouvez le aussi sur son blog personnel - https:\/\/joyana.fr...\",\"sameAs\":[\"https:\/\/joyana.fr\/\"],\"url\":\"https:\/\/joyana.fr\/en\/author\/joyana\/\"}]}<\/script>\n<!-- \/ Yoast SEO plugin. -->","yoast_head_json":{"title":"Les Jardins de Saint Benoit (GARRIGAE) - JO YANA","robots":{"index":"index","follow":"follow","max-snippet":"max-snippet:-1","max-image-preview":"max-image-preview:large","max-video-preview":"max-video-preview:-1"},"canonical":"https:\/\/www.joyana.fr\/en\/art-spa-les-jardins-de-saint-benoit-garrigae\/106879\/","og_locale":"en_US","og_type":"article","og_title":"Les Jardins de Saint Benoit (GARRIGAE) - JO YANA","og_description":"L&#8217;\u00e9quipe Deco-Design a pass\u00e9 quelques jours idylliques aux Jardins de Saint Benoit **** &#8211; situ\u00e9s \u00e0 quelques minutes du village de S\u00e9rignan, et propri\u00e9t\u00e9 du groupe GARRIGAE &#8211; petit r\u00e9sum\u00e9 de ce week-end Art&#038;SPA&#8230; C\u2019est dans le Sud de la France, au c\u0153ur du Languedoc-Rousillon, que Deco-Design a pass\u00e9 un excellent week-end aux Jardins de [&hellip;]","og_url":"https:\/\/joyana.fr\/en\/art-spa-les-jardins-de-saint-benoit-garrigae\/106879\/","og_site_name":"JO YANA","article_published_time":"2011-06-05T08:10:13+00:00","og_image":[{"width":1170,"height":320,"url":"https:\/\/www.joyana.fr\/wp-content\/uploads\/old\/JARDINS_DE_SAINT_BENOIT_GARRIGAE_CAROUSSEL.jpg","type":"image\/jpeg"}],"author":"Jo Yana","twitter_card":"summary_large_image","twitter_creator":"@Jo_Yana","twitter_site":"@Jo_Yana","twitter_misc":{"Written by":"Jo Yana","Est. reading time":"3 minutes"},"schema":{"@context":"https:\/\/schema.org","@graph":[{"@type":"Article","@id":"https:\/\/www.joyana.fr\/en\/art-spa-les-jardins-de-saint-benoit-garrigae\/106879\/#article","isPartOf":{"@id":"https:\/\/www.joyana.fr\/en\/art-spa-les-jardins-de-saint-benoit-garrigae\/106879\/"},"author":{"name":"Jo Yana","@id":"https:\/\/www.joyana.fr\/ja\/#\/schema\/person\/cf2a1ad12a27c12c21801075bf37407c"},"headline":"Les Jardins de Saint Benoit (GARRIGAE)","datePublished":"2011-06-05T08:10:13+00:00","mainEntityOfPage":{"@id":"https:\/\/www.joyana.fr\/en\/art-spa-les-jardins-de-saint-benoit-garrigae\/106879\/"},"wordCount":563,"commentCount":0,"publisher":{"@id":"https:\/\/www.joyana.fr\/ja\/#\/schema\/person\/cf2a1ad12a27c12c21801075bf37407c"},"image":{"@id":"https:\/\/www.joyana.fr\/en\/art-spa-les-jardins-de-saint-benoit-garrigae\/106879\/#primaryimage"},"thumbnailUrl":"https:\/\/i0.wp.com\/joyana.fr\/wp-content\/uploads\/old\/JARDINS_DE_SAINT_BENOIT_GARRIGAE_CAROUSSEL.jpg?fit=1170%2C320&ssl=1","keywords":["Blog D\u00e9co-Design","H\u00f4tel"],"articleSection":["A la une !!!","Actualit\u00e9 D\u00e9co-Design","DECO-DESIGN","France","H\u00f4tel","Lieux"],"inLanguage":"en-US","potentialAction":[{"@type":"CommentAction","name":"Comment","target":["https:\/\/www.joyana.fr\/en\/art-spa-les-jardins-de-saint-benoit-garrigae\/106879\/#respond"]}]},{"@type":"WebPage","@id":"https:\/\/www.joyana.fr\/en\/art-spa-les-jardins-de-saint-benoit-garrigae\/106879\/","url":"https:\/\/www.joyana.fr\/en\/art-spa-les-jardins-de-saint-benoit-garrigae\/106879\/","name":"Les Jardins de Saint Benoit (GARRIGAE) - JO YANA","isPartOf":{"@id":"https:\/\/www.joyana.fr\/ja\/#website"},"primaryImageOfPage":{"@id":"https:\/\/www.joyana.fr\/en\/art-spa-les-jardins-de-saint-benoit-garrigae\/106879\/#primaryimage"},"image":{"@id":"https:\/\/www.joyana.fr\/en\/art-spa-les-jardins-de-saint-benoit-garrigae\/106879\/#primaryimage"},"thumbnailUrl":"https:\/\/i0.wp.com\/joyana.fr\/wp-content\/uploads\/old\/JARDINS_DE_SAINT_BENOIT_GARRIGAE_CAROUSSEL.jpg?fit=1170%2C320&ssl=1","datePublished":"2011-06-05T08:10:13+00:00","breadcrumb":{"@id":"https:\/\/www.joyana.fr\/en\/art-spa-les-jardins-de-saint-benoit-garrigae\/106879\/#breadcrumb"},"inLanguage":"en-US","potentialAction":[{"@type":"ReadAction","target":["https:\/\/www.joyana.fr\/en\/art-spa-les-jardins-de-saint-benoit-garrigae\/106879\/"]}]},{"@type":"ImageObject","inLanguage":"en-US","@id":"https:\/\/www.joyana.fr\/en\/art-spa-les-jardins-de-saint-benoit-garrigae\/106879\/#primaryimage","url":"https:\/\/i0.wp.com\/joyana.fr\/wp-content\/uploads\/old\/JARDINS_DE_SAINT_BENOIT_GARRIGAE_CAROUSSEL.jpg?fit=1170%2C320&ssl=1","contentUrl":"https:\/\/i0.wp.com\/joyana.fr\/wp-content\/uploads\/old\/JARDINS_DE_SAINT_BENOIT_GARRIGAE_CAROUSSEL.jpg?fit=1170%2C320&ssl=1","width":1170,"height":320},{"@type":"BreadcrumbList","@id":"https:\/\/www.joyana.fr\/en\/art-spa-les-jardins-de-saint-benoit-garrigae\/106879\/#breadcrumb","itemListElement":[{"@type":"ListItem","position":1,"name":"Accueil","item":"https:\/\/www.joyana.fr\/ja\/"},{"@type":"ListItem","position":2,"name":"Les Jardins de Saint Benoit (GARRIGAE)"}]},{"@type":"WebSite","@id":"https:\/\/www.joyana.fr\/ja\/#website","url":"https:\/\/www.joyana.fr\/ja\/","name":"JO YANA","description":"Blog Mode Homme, Lifestyle, D\u00e9co-Design","publisher":{"@id":"https:\/\/www.joyana.fr\/ja\/#\/schema\/person\/cf2a1ad12a27c12c21801075bf37407c"},"potentialAction":[{"@type":"SearchAction","target":{"@type":"EntryPoint","urlTemplate":"https:\/\/www.joyana.fr\/ja\/?s={search_term_string}"},"query-input":{"@type":"PropertyValueSpecification","valueRequired":true,"valueName":"search_term_string"}}],"inLanguage":"en-US"},{"@type":["Person","Organization"],"@id":"https:\/\/www.joyana.fr\/ja\/#\/schema\/person\/cf2a1ad12a27c12c21801075bf37407c","name":"Jo Yana","image":{"@type":"ImageObject","inLanguage":"en-US","@id":"https:\/\/www.joyana.fr\/ja\/#\/schema\/person\/image\/","url":"https:\/\/i0.wp.com\/joyana.fr\/wp-content\/uploads\/2016\/08\/cropped-joyana-logo-black-360x180.png?fit=343%2C164&ssl=1","contentUrl":"https:\/\/i0.wp.com\/joyana.fr\/wp-content\/uploads\/2016\/08\/cropped-joyana-logo-black-360x180.png?fit=343%2C164&ssl=1","width":343,"height":164,"caption":"Jo Yana"},"logo":{"@id":"https:\/\/www.joyana.fr\/ja\/#\/schema\/person\/image\/"},"description":"Jo Yana est le cr\u00e9ateur et r\u00e9dacteur en chef des sites DECO-DESIGN. Passionn\u00e9 de Design, Mode, Photo, Luxe, Lifestyle, Musique, mais avant tout Blogueur ! Le plaisir de partager l'anime et a comme devise \"POUR L'AMOUR DU BEAU\". Retrouvez le aussi sur son blog personnel - https:\/\/joyana.fr...","sameAs":["https:\/\/joyana.fr\/"],"url":"https:\/\/joyana.fr\/en\/author\/joyana\/"}]}},"author_meta":{"display_name":"Jo Yana","author_link":"https:\/\/joyana.fr\/en\/author\/joyana\/"},"featured_img":"https:\/\/i0.wp.com\/joyana.fr\/wp-content\/uploads\/old\/JARDINS_DE_SAINT_BENOIT_GARRIGAE_CAROUSSEL.jpg?fit=389%2C106&ssl=1","featured_image_src":"https:\/\/i0.wp.com\/joyana.fr\/wp-content\/uploads\/old\/JARDINS_DE_SAINT_BENOIT_GARRIGAE_CAROUSSEL.jpg?resize=600%2C320&ssl=1","featured_image_src_square":"https:\/\/i0.wp.com\/joyana.fr\/wp-content\/uploads\/old\/JARDINS_DE_SAINT_BENOIT_GARRIGAE_CAROUSSEL.jpg?resize=600%2C320&ssl=1","jetpack_featured_media_url":"https:\/\/i0.wp.com\/joyana.fr\/wp-content\/uploads\/old\/JARDINS_DE_SAINT_BENOIT_GARRIGAE_CAROUSSEL.jpg?fit=1170%2C320&ssl=1","uagb_featured_image_src":{"full":["https:\/\/i0.wp.com\/joyana.fr\/wp-content\/uploads\/old\/JARDINS_DE_SAINT_BENOIT_GARRIGAE_CAROUSSEL.jpg?fit=1170%2C320&ssl=1",1170,320,false],"thumbnail":["https:\/\/i0.wp.com\/joyana.fr\/wp-content\/uploads\/old\/JARDINS_DE_SAINT_BENOIT_GARRIGAE_CAROUSSEL.jpg?resize=150%2C150&ssl=1",150,150,true],"medium":["https:\/\/i0.wp.com\/joyana.fr\/wp-content\/uploads\/old\/JARDINS_DE_SAINT_BENOIT_GARRIGAE_CAROUSSEL.jpg?fit=389%2C106&ssl=1",389,106,true],"medium_large":["https:\/\/i0.wp.com\/joyana.fr\/wp-content\/uploads\/old\/JARDINS_DE_SAINT_BENOIT_GARRIGAE_CAROUSSEL.jpg?fit=768%2C210&ssl=1",768,210,true],"large":["https:\/\/i0.wp.com\/joyana.fr\/wp-content\/uploads\/old\/JARDINS_DE_SAINT_BENOIT_GARRIGAE_CAROUSSEL.jpg?fit=1024%2C280&ssl=1",1024,280,true],"1536x1536":["https:\/\/i0.wp.com\/joyana.fr\/wp-content\/uploads\/old\/JARDINS_DE_SAINT_BENOIT_GARRIGAE_CAROUSSEL.jpg?fit=1170%2C320&ssl=1",1170,320,true],"2048x2048":["https:\/\/i0.wp.com\/joyana.fr\/wp-content\/uploads\/old\/JARDINS_DE_SAINT_BENOIT_GARRIGAE_CAROUSSEL.jpg?fit=1170%2C320&ssl=1",1170,320,true],"featured-thumb":["https:\/\/i0.wp.com\/joyana.fr\/wp-content\/uploads\/old\/JARDINS_DE_SAINT_BENOIT_GARRIGAE_CAROUSSEL.jpg?resize=1170%2C320&ssl=1",1170,320,true],"ab-block-post-grid-landscape":["https:\/\/i0.wp.com\/joyana.fr\/wp-content\/uploads\/old\/JARDINS_DE_SAINT_BENOIT_GARRIGAE_CAROUSSEL.jpg?resize=600%2C320&ssl=1",600,320,true],"ab-block-post-grid-square":["https:\/\/i0.wp.com\/joyana.fr\/wp-content\/uploads\/old\/JARDINS_DE_SAINT_BENOIT_GARRIGAE_CAROUSSEL.jpg?resize=600%2C320&ssl=1",600,320,true],"author-pro-image":["https:\/\/i0.wp.com\/joyana.fr\/wp-content\/uploads\/old\/JARDINS_DE_SAINT_BENOIT_GARRIGAE_CAROUSSEL.jpg?resize=360%2C320&ssl=1",360,320,true],"slider":["https:\/\/i0.wp.com\/joyana.fr\/wp-content\/uploads\/old\/JARDINS_DE_SAINT_BENOIT_GARRIGAE_CAROUSSEL.jpg?resize=920%2C320&ssl=1",920,320,true],"woocommerce_thumbnail":["https:\/\/i0.wp.com\/joyana.fr\/wp-content\/uploads\/old\/JARDINS_DE_SAINT_BENOIT_GARRIGAE_CAROUSSEL.jpg?resize=450%2C320&ssl=1",450,320,true],"woocommerce_single":["https:\/\/i0.wp.com\/joyana.fr\/wp-content\/uploads\/old\/JARDINS_DE_SAINT_BENOIT_GARRIGAE_CAROUSSEL.jpg?fit=920%2C252&ssl=1",920,252,true],"woocommerce_gallery_thumbnail":["https:\/\/i0.wp.com\/joyana.fr\/wp-content\/uploads\/old\/JARDINS_DE_SAINT_BENOIT_GARRIGAE_CAROUSSEL.jpg?resize=180%2C180&ssl=1",180,180,true],"sow-carousel-default":["https:\/\/i0.wp.com\/joyana.fr\/wp-content\/uploads\/old\/JARDINS_DE_SAINT_BENOIT_GARRIGAE_CAROUSSEL.jpg?resize=272%2C182&ssl=1",272,182,true]},"uagb_author_info":{"display_name":"Jo Yana","author_link":"https:\/\/joyana.fr\/en\/author\/joyana\/"},"uagb_comment_info":3,"uagb_excerpt":"L&#8217;\u00e9quipe Deco-Design a pass\u00e9 quelques jours idylliques aux Jardins de Saint Benoit **** &#8211; situ\u00e9s \u00e0 quelques minutes du village de S\u00e9rignan, et propri\u00e9t\u00e9 du groupe GARRIGAE &#8211; petit r\u00e9sum\u00e9 de ce week-end Art&#038;SPA&#8230; C\u2019est dans le Sud de la France, au c\u0153ur du Languedoc-Rousillon, que Deco-Design a pass\u00e9 un excellent week-end aux Jardins de&hellip;","coauthors":[],"tax_additional":{"categories":{"linked":["<a href=\"https:\/\/joyana.fr\/en\/category\/a-la-une\/\" class=\"advgb-post-tax-term\">A la une !!!<\/a>","<a href=\"https:\/\/joyana.fr\/en\/category\/deco-design\/actualite\/actualite-deco-design\/\" class=\"advgb-post-tax-term\">Actualit\u00e9 D\u00e9co-Design<\/a>","<a href=\"https:\/\/joyana.fr\/en\/category\/deco-design\/\" class=\"advgb-post-tax-term\">DECO-DESIGN<\/a>","<a href=\"https:\/\/joyana.fr\/en\/category\/deco-design\/architecture-deco-design\/pays\/france\/\" class=\"advgb-post-tax-term\">France<\/a>","<a href=\"https:\/\/joyana.fr\/en\/category\/deco-design\/architecture-deco-design\/lieux-design\/hotel\/\" class=\"advgb-post-tax-term\">H\u00f4tel<\/a>","<a href=\"https:\/\/joyana.fr\/en\/category\/deco-design\/architecture-deco-design\/lieux-design\/\" class=\"advgb-post-tax-term\">Lieux<\/a>"],"unlinked":["<span class=\"advgb-post-tax-term\">A la une !!!<\/span>","<span class=\"advgb-post-tax-term\">Actualit\u00e9 D\u00e9co-Design<\/span>","<span class=\"advgb-post-tax-term\">DECO-DESIGN<\/span>","<span class=\"advgb-post-tax-term\">France<\/span>","<span class=\"advgb-post-tax-term\">H\u00f4tel<\/span>","<span class=\"advgb-post-tax-term\">Lieux<\/span>"]},"tags":{"linked":["<a href=\"https:\/\/joyana.fr\/en\/category\/deco-design\/architecture-deco-design\/lieux-design\/\" class=\"advgb-post-tax-term\">Blog D\u00e9co-Design<\/a>","<a href=\"https:\/\/joyana.fr\/en\/category\/deco-design\/architecture-deco-design\/lieux-design\/\" class=\"advgb-post-tax-term\">H\u00f4tel<\/a>"],"unlinked":["<span class=\"advgb-post-tax-term\">Blog D\u00e9co-Design<\/span>","<span class=\"advgb-post-tax-term\">H\u00f4tel<\/span>"]}},"comment_count":3,"relative_dates":{"created":"Posted 15 years ago","modified":"Updated 15 years ago"},"absolute_dates":{"created":"Posted on 5 June 2011","modified":"Updated on 5 June 2011"},"absolute_dates_time":{"created":"Posted on 5 June 2011 9:10","modified":"Updated on 5 June 2011 9:10"},"featured_img_caption":"","series_order":"","jetpack_sharing_enabled":true,"jetpack_shortlink":"https:\/\/wp.me\/p9bteI-rNR","jetpack-related-posts":[],"_links":{"self":[{"href":"https:\/\/joyana.fr\/en\/wp-json\/wp\/v2\/posts\/106879","targetHints":{"allow":["GET"]}}],"collection":[{"href":"https:\/\/joyana.fr\/en\/wp-json\/wp\/v2\/posts"}],"about":[{"href":"https:\/\/joyana.fr\/en\/wp-json\/wp\/v2\/types\/post"}],"author":[{"embeddable":true,"href":"https:\/\/joyana.fr\/en\/wp-json\/wp\/v2\/users\/3"}],"replies":[{"embeddable":true,"href":"https:\/\/joyana.fr\/en\/wp-json\/wp\/v2\/comments?post=106879"}],"version-history":[{"count":0,"href":"https:\/\/joyana.fr\/en\/wp-json\/wp\/v2\/posts\/106879\/revisions"}],"wp:featuredmedia":[{"embeddable":true,"href":"https:\/\/joyana.fr\/en\/wp-json\/wp\/v2\/media\/106890"}],"wp:attachment":[{"href":"https:\/\/joyana.fr\/en\/wp-json\/wp\/v2\/media?parent=106879"}],"wp:term":[{"taxonomy":"category","embeddable":true,"href":"https:\/\/joyana.fr\/en\/wp-json\/wp\/v2\/categories?post=106879"},{"taxonomy":"post_tag","embeddable":true,"href":"https:\/\/joyana.fr\/en\/wp-json\/wp\/v2\/tags?post=106879"}],"curies":[{"name":"wp","href":"https:\/\/api.w.org\/{rel}","templated":true}]}}