{"id":107141,"date":"2011-06-24T06:47:12","date_gmt":"2011-06-24T05:47:12","guid":{"rendered":"https:\/\/joyana.fr\/?p=7141"},"modified":"2011-06-24T06:47:12","modified_gmt":"2011-06-24T05:47:12","slug":"hemp-chair-studio-werner-asslinger","status":"publish","type":"post","link":"https:\/\/joyana.fr\/en\/hemp-chair-studio-werner-asslinger\/107141\/","title":{"rendered":"HEMP CHAIR par Werner AISSLINGER"},"content":{"rendered":"<p>Lors de l&#8217;exposition &#8220;Poetry Happens&#8221; \u00e0 Ventura Lambrate, <strong>Werner Aisslinger<\/strong> pr\u00e9sentait le premier concept au monde pour une chaise monobloc en fibres naturelles &#8211; la <strong>HEMP CHAIR<\/strong>, un projet soutenu par la soci\u00e9t\u00e9 chimique allemande BASF&#8230;<\/p>\n<p><img data-recalc-dims=\"1\" fetchpriority=\"high\" decoding=\"async\" class=\"alignnone size-full wp-image-7143\" title=\" HEMP CHAIR par Werner AISSLINGER\" src=\"https:\/\/i0.wp.com\/joyana.fr\/wp-content\/uploads\/hempchair_content_007.jpg?resize=576%2C768&#038;ssl=1\" alt=\"\" width=\"576\" height=\"768\" \/><\/p>\n<p>La <strong>HEMP CHAIR<\/strong> a \u00e9t\u00e9 con\u00e7ue par un proc\u00e9d\u00e9 de fabrication provenant de l&#8217;industrie automobile : les mati\u00e8res premi\u00e8res renouvelables chanvre et kenaf sont compress\u00e9s avec un liant \u00e0 base d&#8217;eau thermodurcissable pour former un composite \u00e9cologique, l\u00e9g\u00e8re et pourtant solide !!!<\/p>\n<p>Selon <strong>Werner Aisslinger<\/strong>, le d\u00e9veloppement de la <strong>HEMP CHAIR <\/strong>marque un tournant dans cette tendance :<\/p>\n<p><em><\/em>\u201cDesign history is driven by new technologies and material innovation. For us designers, the advent of these technologies has always been the starting point for new objects and typologies in design&#8230;\u201d<\/p>\n<p><img data-recalc-dims=\"1\" decoding=\"async\" class=\"alignnone size-full wp-image-7145\" title=\"HEMP CHAIR par Werner AISSLINGER\" src=\"https:\/\/i0.wp.com\/joyana.fr\/wp-content\/uploads\/hempchair_leadimg.jpg?resize=576%2C289&#038;ssl=1\" alt=\"\" width=\"576\" height=\"289\" \/><\/p>\n<p><img data-recalc-dims=\"1\" decoding=\"async\" class=\"alignnone size-full wp-image-7142\" title=\"HEMP CHAIR par Werner AISSLINGER\" src=\"https:\/\/i0.wp.com\/joyana.fr\/wp-content\/uploads\/hempchair_content_004.jpg?resize=576%2C369&#038;ssl=1\" alt=\"\" width=\"576\" height=\"369\" \/><\/p>\n<p><img data-recalc-dims=\"1\" loading=\"lazy\" decoding=\"async\" class=\"alignnone size-full wp-image-7146\" title=\"HEMP CHAIR par Werner AISSLINGER\" src=\"https:\/\/i0.wp.com\/joyana.fr\/wp-content\/uploads\/hempchair_MILAN_001.jpg?resize=576%2C768&#038;ssl=1\" alt=\"\" width=\"576\" height=\"768\" \/><\/p>\n<p><img data-recalc-dims=\"1\" loading=\"lazy\" decoding=\"async\" class=\"alignnone size-full wp-image-7148\" title=\"HEMP CHAIR par Werner AISSLINGER\" src=\"https:\/\/i0.wp.com\/joyana.fr\/wp-content\/uploads\/hempchair_MILAN_003.jpg?resize=576%2C768&#038;ssl=1\" alt=\"\" width=\"576\" height=\"768\" \/><\/p>\n<p>Le <strong>HEMP CHAIR<\/strong> est con\u00e7u dans la tradition des chaises  empilables monobloc, qui ont souvent \u00e9t\u00e9 en mati\u00e8res plastiques renforc\u00e9es au  moment o\u00f9 ils ont \u00e9t\u00e9 lanc\u00e9s. Fa\u00e7onner  une structure\u00a0 compl\u00e8te est l&#8217;un  des moyens les plus difficiles \u00e0 concevoir une chaise. La <strong>HEMP CHAIR<\/strong> avec ses courbes douces et sa structure perle,  incarne une nouvelle approche de ce type complexe de chaise&#8230;<\/p>\n<p><img data-recalc-dims=\"1\" loading=\"lazy\" decoding=\"async\" class=\"alignnone size-full wp-image-7144\" title=\"HEMP CHAIR par Werner AISSLINGER\" src=\"https:\/\/i0.wp.com\/joyana.fr\/wp-content\/uploads\/hempchair_content_010.jpg?resize=576%2C768&#038;ssl=1\" alt=\"\" width=\"576\" height=\"768\" \/><\/p>\n<p>En savoir + sur le <a title=\"Werner AISSLINGER\" href=\"http:\/\/www.aisslinger.de\/index.php?option=com_content&#038;view=category&#038;layout=blog&#038;id=2&#038;Itemid=3\"><strong>Studio AISSLINGER<\/strong><\/a><\/p>\n","protected":false},"excerpt":{"rendered":"<p>Lors de l&#8217;exposition &#8220;Poetry Happens&#8221; \u00e0 Ventura Lambrate, Werner Aisslinger pr\u00e9sentait le premier concept au monde pour une chaise monobloc en fibres naturelles &#8211; la HEMP CHAIR, un projet soutenu par la soci\u00e9t\u00e9 chimique allemande BASF&#8230; La HEMP CHAIR a \u00e9t\u00e9 con\u00e7ue par un proc\u00e9d\u00e9 de fabrication provenant de l&#8217;industrie automobile : les mati\u00e8res premi\u00e8res [&hellip;]<\/p>\n","protected":false},"author":3,"featured_media":107143,"comment_status":"open","ping_status":"open","sticky":false,"template":"","format":"standard","meta":{"_coblocks_attr":"","_coblocks_dimensions":"","_coblocks_responsive_height":"","_coblocks_accordion_ie_support":"","_uag_custom_page_level_css":"","advgb_blocks_editor_width":"","advgb_blocks_columns_visual_guide":"","_genesis_hide_title":false,"_genesis_hide_breadcrumbs":false,"_genesis_hide_singular_image":false,"_genesis_hide_footer_widgets":false,"_genesis_custom_body_class":"","_genesis_custom_post_class":"","_genesis_layout":"","_themeisle_gutenberg_block_has_review":false,"_jetpack_newsletter_access":"","_jetpack_dont_email_post_to_subs":false,"_jetpack_newsletter_tier_id":0,"_jetpack_memberships_contains_paywalled_content":false,"_jetpack_memberships_contains_paid_content":false,"footnotes":""},"categories":[948,945,905,950],"tags":[78,912],"class_list":{"0":"post-107141","1":"post","2":"type-post","3":"status-publish","4":"format-standard","5":"has-post-thumbnail","7":"category-assise","8":"category-chaise","9":"category-deco-design","10":"category-fauteuil","11":"tag-design","12":"tag-droog-design","13":"entry"},"featured_image_urls":{"full":["https:\/\/i0.wp.com\/joyana.fr\/wp-content\/uploads\/old\/hempchair_content_007.jpg?fit=576%2C768&ssl=1",576,768,false],"thumbnail":["https:\/\/i0.wp.com\/joyana.fr\/wp-content\/uploads\/old\/hempchair_content_007.jpg?resize=150%2C150&ssl=1",150,150,true],"medium":["https:\/\/i0.wp.com\/joyana.fr\/wp-content\/uploads\/old\/hempchair_content_007.jpg?fit=292%2C389&ssl=1",292,389,true],"medium_large":["https:\/\/i0.wp.com\/joyana.fr\/wp-content\/uploads\/old\/hempchair_content_007.jpg?fit=576%2C768&ssl=1",576,768,true],"large":["https:\/\/i0.wp.com\/joyana.fr\/wp-content\/uploads\/old\/hempchair_content_007.jpg?fit=576%2C768&ssl=1",576,768,true],"1536x1536":["https:\/\/i0.wp.com\/joyana.fr\/wp-content\/uploads\/old\/hempchair_content_007.jpg?fit=576%2C768&ssl=1",576,768,true],"2048x2048":["https:\/\/i0.wp.com\/joyana.fr\/wp-content\/uploads\/old\/hempchair_content_007.jpg?fit=576%2C768&ssl=1",576,768,true],"featured-thumb":["https:\/\/i0.wp.com\/joyana.fr\/wp-content\/uploads\/old\/hempchair_content_007.jpg?resize=576%2C750&ssl=1",576,750,true],"ab-block-post-grid-landscape":["https:\/\/i0.wp.com\/joyana.fr\/wp-content\/uploads\/old\/hempchair_content_007.jpg?resize=576%2C400&ssl=1",576,400,true],"ab-block-post-grid-square":["https:\/\/i0.wp.com\/joyana.fr\/wp-content\/uploads\/old\/hempchair_content_007.jpg?resize=576%2C600&ssl=1",576,600,true],"author-pro-image":["https:\/\/i0.wp.com\/joyana.fr\/wp-content\/uploads\/old\/hempchair_content_007.jpg?resize=360%2C570&ssl=1",360,570,true],"slider":["https:\/\/i0.wp.com\/joyana.fr\/wp-content\/uploads\/old\/hempchair_content_007.jpg?resize=576%2C400&ssl=1",576,400,true],"woocommerce_thumbnail":["https:\/\/i0.wp.com\/joyana.fr\/wp-content\/uploads\/old\/hempchair_content_007.jpg?resize=450%2C450&ssl=1",450,450,true],"woocommerce_single":["https:\/\/i0.wp.com\/joyana.fr\/wp-content\/uploads\/old\/hempchair_content_007.jpg?fit=576%2C768&ssl=1",576,768,true],"woocommerce_gallery_thumbnail":["https:\/\/i0.wp.com\/joyana.fr\/wp-content\/uploads\/old\/hempchair_content_007.jpg?resize=180%2C180&ssl=1",180,180,true],"sow-carousel-default":["https:\/\/i0.wp.com\/joyana.fr\/wp-content\/uploads\/old\/hempchair_content_007.jpg?resize=272%2C182&ssl=1",272,182,true]},"post_excerpt_stackable":"<p>Lors de l&#8217;exposition &#8220;Poetry Happens&#8221; \u00e0 Ventura Lambrate, Werner Aisslinger pr\u00e9sentait le premier concept au monde pour une chaise monobloc en fibres naturelles &#8211; la HEMP CHAIR, un projet soutenu par la soci\u00e9t\u00e9 chimique allemande BASF&#8230; La HEMP CHAIR a \u00e9t\u00e9 con\u00e7ue par un proc\u00e9d\u00e9 de fabrication provenant de l&#8217;industrie automobile : les mati\u00e8res premi\u00e8res renouvelables chanvre et kenaf sont compress\u00e9s avec un liant \u00e0 base d&#8217;eau thermodurcissable pour former un composite \u00e9cologique, l\u00e9g\u00e8re et pourtant solide !!! Selon Werner Aisslinger, le d\u00e9veloppement de la HEMP CHAIR marque un tournant dans cette tendance : \u201cDesign history is driven by new&hellip;<\/p>\n","category_list":"<a href=\"https:\/\/joyana.fr\/en\/category\/deco-design\/mobilier\/assise\/\" rel=\"category tag\">Assise<\/a>, <a href=\"https:\/\/joyana.fr\/en\/category\/deco-design\/mobilier\/assise\/chaise\/\" rel=\"category tag\">Chaise<\/a>, <a href=\"https:\/\/joyana.fr\/en\/category\/deco-design\/\" rel=\"category tag\">DECO-DESIGN<\/a>, <a href=\"https:\/\/joyana.fr\/en\/category\/deco-design\/mobilier\/assise\/fauteuil\/\" rel=\"category tag\">Fauteuil<\/a>","author_info":{"display_name":"Jo Yana","author_link":"https:\/\/joyana.fr\/en\/author\/joyana\/"},"comments_num":"23 comments","featured_image_urls_v2":{"full":["https:\/\/i0.wp.com\/joyana.fr\/wp-content\/uploads\/old\/hempchair_content_007.jpg?fit=576%2C768&ssl=1",576,768,false],"thumbnail":["https:\/\/i0.wp.com\/joyana.fr\/wp-content\/uploads\/old\/hempchair_content_007.jpg?resize=150%2C150&ssl=1",150,150,true],"medium":["https:\/\/i0.wp.com\/joyana.fr\/wp-content\/uploads\/old\/hempchair_content_007.jpg?fit=292%2C389&ssl=1",292,389,true],"medium_large":["https:\/\/i0.wp.com\/joyana.fr\/wp-content\/uploads\/old\/hempchair_content_007.jpg?fit=576%2C768&ssl=1",576,768,true],"large":["https:\/\/i0.wp.com\/joyana.fr\/wp-content\/uploads\/old\/hempchair_content_007.jpg?fit=576%2C768&ssl=1",576,768,true],"1536x1536":["https:\/\/i0.wp.com\/joyana.fr\/wp-content\/uploads\/old\/hempchair_content_007.jpg?fit=576%2C768&ssl=1",576,768,true],"2048x2048":["https:\/\/i0.wp.com\/joyana.fr\/wp-content\/uploads\/old\/hempchair_content_007.jpg?fit=576%2C768&ssl=1",576,768,true],"featured-thumb":["https:\/\/i0.wp.com\/joyana.fr\/wp-content\/uploads\/old\/hempchair_content_007.jpg?resize=576%2C750&ssl=1",576,750,true],"ab-block-post-grid-landscape":["https:\/\/i0.wp.com\/joyana.fr\/wp-content\/uploads\/old\/hempchair_content_007.jpg?resize=576%2C400&ssl=1",576,400,true],"ab-block-post-grid-square":["https:\/\/i0.wp.com\/joyana.fr\/wp-content\/uploads\/old\/hempchair_content_007.jpg?resize=576%2C600&ssl=1",576,600,true],"author-pro-image":["https:\/\/i0.wp.com\/joyana.fr\/wp-content\/uploads\/old\/hempchair_content_007.jpg?resize=360%2C570&ssl=1",360,570,true],"slider":["https:\/\/i0.wp.com\/joyana.fr\/wp-content\/uploads\/old\/hempchair_content_007.jpg?resize=576%2C400&ssl=1",576,400,true],"woocommerce_thumbnail":["https:\/\/i0.wp.com\/joyana.fr\/wp-content\/uploads\/old\/hempchair_content_007.jpg?resize=450%2C450&ssl=1",450,450,true],"woocommerce_single":["https:\/\/i0.wp.com\/joyana.fr\/wp-content\/uploads\/old\/hempchair_content_007.jpg?fit=576%2C768&ssl=1",576,768,true],"woocommerce_gallery_thumbnail":["https:\/\/i0.wp.com\/joyana.fr\/wp-content\/uploads\/old\/hempchair_content_007.jpg?resize=180%2C180&ssl=1",180,180,true],"sow-carousel-default":["https:\/\/i0.wp.com\/joyana.fr\/wp-content\/uploads\/old\/hempchair_content_007.jpg?resize=272%2C182&ssl=1",272,182,true]},"post_excerpt_stackable_v2":"<p>Lors de l&#8217;exposition &#8220;Poetry Happens&#8221; \u00e0 Ventura Lambrate, Werner Aisslinger pr\u00e9sentait le premier concept au monde pour une chaise monobloc en fibres naturelles &#8211; la HEMP CHAIR, un projet soutenu par la soci\u00e9t\u00e9 chimique allemande BASF&#8230; La HEMP CHAIR a \u00e9t\u00e9 con\u00e7ue par un proc\u00e9d\u00e9 de fabrication provenant de l&#8217;industrie automobile : les mati\u00e8res premi\u00e8res renouvelables chanvre et kenaf sont compress\u00e9s avec un liant \u00e0 base d&#8217;eau thermodurcissable pour former un composite \u00e9cologique, l\u00e9g\u00e8re et pourtant solide !!! Selon Werner Aisslinger, le d\u00e9veloppement de la HEMP CHAIR marque un tournant dans cette tendance : \u201cDesign history is driven by new&hellip;<\/p>\n","category_list_v2":"<a href=\"https:\/\/joyana.fr\/en\/category\/deco-design\/mobilier\/assise\/\" rel=\"category tag\">Assise<\/a>, <a href=\"https:\/\/joyana.fr\/en\/category\/deco-design\/mobilier\/assise\/chaise\/\" rel=\"category tag\">Chaise<\/a>, <a href=\"https:\/\/joyana.fr\/en\/category\/deco-design\/\" rel=\"category tag\">DECO-DESIGN<\/a>, <a href=\"https:\/\/joyana.fr\/en\/category\/deco-design\/mobilier\/assise\/fauteuil\/\" rel=\"category tag\">Fauteuil<\/a>","author_info_v2":{"name":"Jo Yana","url":"https:\/\/joyana.fr\/en\/author\/joyana\/"},"comments_num_v2":"23 comments","yoast_head":"<!-- This site is optimized with the Yoast SEO plugin v26.8 - https:\/\/yoast.com\/product\/yoast-seo-wordpress\/ -->\n<title>HEMP CHAIR par Werner AISSLINGER - JO YANA<\/title>\n<meta name=\"robots\" content=\"index, follow, max-snippet:-1, max-image-preview:large, max-video-preview:-1\" \/>\n<link rel=\"canonical\" href=\"https:\/\/joyana.fr\/en\/hemp-chair-studio-werner-asslinger\/107141\/\" \/>\n<meta property=\"og:locale\" content=\"en_US\" \/>\n<meta property=\"og:locale:alternate\" content=\"fr_FR\" \/>\n<meta property=\"og:locale:alternate\" content=\"ja\" \/>\n<meta property=\"og:type\" content=\"article\" \/>\n<meta property=\"og:title\" content=\"HEMP CHAIR par Werner AISSLINGER - JO YANA\" \/>\n<meta property=\"og:description\" content=\"Lors de l&#8217;exposition &#8220;Poetry Happens&#8221; \u00e0 Ventura Lambrate, Werner Aisslinger pr\u00e9sentait le premier concept au monde pour une chaise monobloc en fibres naturelles &#8211; la HEMP CHAIR, un projet soutenu par la soci\u00e9t\u00e9 chimique allemande BASF&#8230; La HEMP CHAIR a \u00e9t\u00e9 con\u00e7ue par un proc\u00e9d\u00e9 de fabrication provenant de l&#8217;industrie automobile : les mati\u00e8res premi\u00e8res [&hellip;]\" \/>\n<meta property=\"og:url\" content=\"https:\/\/joyana.fr\/en\/hemp-chair-studio-werner-asslinger\/107141\/\" \/>\n<meta property=\"og:site_name\" content=\"JO YANA\" \/>\n<meta property=\"article:published_time\" content=\"2011-06-24T05:47:12+00:00\" \/>\n<meta property=\"og:image\" content=\"https:\/\/i0.wp.com\/joyana.fr\/wp-content\/uploads\/old\/hempchair_content_007.jpg?fit=576%2C768&ssl=1\" \/>\n\t<meta property=\"og:image:width\" content=\"576\" \/>\n\t<meta property=\"og:image:height\" content=\"768\" \/>\n\t<meta property=\"og:image:type\" content=\"image\/jpeg\" \/>\n<meta name=\"author\" content=\"Jo Yana\" \/>\n<meta name=\"twitter:card\" content=\"summary_large_image\" \/>\n<meta name=\"twitter:creator\" content=\"@Jo_Yana\" \/>\n<meta name=\"twitter:site\" content=\"@Jo_Yana\" \/>\n<meta name=\"twitter:label1\" content=\"Written by\" \/>\n\t<meta name=\"twitter:data1\" content=\"Jo Yana\" \/>\n\t<meta name=\"twitter:label2\" content=\"Est. reading time\" \/>\n\t<meta name=\"twitter:data2\" content=\"1 minute\" \/>\n<script type=\"application\/ld+json\" class=\"yoast-schema-graph\">{\"@context\":\"https:\/\/schema.org\",\"@graph\":[{\"@type\":\"Article\",\"@id\":\"https:\/\/joyana.fr\/en\/hemp-chair-studio-werner-asslinger\/107141\/#article\",\"isPartOf\":{\"@id\":\"https:\/\/joyana.fr\/en\/hemp-chair-studio-werner-asslinger\/107141\/\"},\"author\":{\"name\":\"Jo Yana\",\"@id\":\"https:\/\/joyana.fr\/#\/schema\/person\/cf2a1ad12a27c12c21801075bf37407c\"},\"headline\":\"HEMP CHAIR par Werner AISSLINGER\",\"datePublished\":\"2011-06-24T05:47:12+00:00\",\"mainEntityOfPage\":{\"@id\":\"https:\/\/joyana.fr\/en\/hemp-chair-studio-werner-asslinger\/107141\/\"},\"wordCount\":213,\"commentCount\":10,\"publisher\":{\"@id\":\"https:\/\/joyana.fr\/#\/schema\/person\/cf2a1ad12a27c12c21801075bf37407c\"},\"image\":{\"@id\":\"https:\/\/joyana.fr\/en\/hemp-chair-studio-werner-asslinger\/107141\/#primaryimage\"},\"thumbnailUrl\":\"https:\/\/i0.wp.com\/joyana.fr\/wp-content\/uploads\/old\/hempchair_content_007.jpg?fit=576%2C768&ssl=1\",\"keywords\":[\"DESIGN\",\"Droog Design\"],\"articleSection\":[\"Assise\",\"Chaise\",\"DECO-DESIGN\",\"Fauteuil\"],\"inLanguage\":\"en-US\",\"potentialAction\":[{\"@type\":\"CommentAction\",\"name\":\"Comment\",\"target\":[\"https:\/\/joyana.fr\/en\/hemp-chair-studio-werner-asslinger\/107141\/#respond\"]}]},{\"@type\":\"WebPage\",\"@id\":\"https:\/\/joyana.fr\/en\/hemp-chair-studio-werner-asslinger\/107141\/\",\"url\":\"https:\/\/joyana.fr\/en\/hemp-chair-studio-werner-asslinger\/107141\/\",\"name\":\"HEMP CHAIR par Werner AISSLINGER - JO YANA\",\"isPartOf\":{\"@id\":\"https:\/\/joyana.fr\/#website\"},\"primaryImageOfPage\":{\"@id\":\"https:\/\/joyana.fr\/en\/hemp-chair-studio-werner-asslinger\/107141\/#primaryimage\"},\"image\":{\"@id\":\"https:\/\/joyana.fr\/en\/hemp-chair-studio-werner-asslinger\/107141\/#primaryimage\"},\"thumbnailUrl\":\"https:\/\/i0.wp.com\/joyana.fr\/wp-content\/uploads\/old\/hempchair_content_007.jpg?fit=576%2C768&ssl=1\",\"datePublished\":\"2011-06-24T05:47:12+00:00\",\"breadcrumb\":{\"@id\":\"https:\/\/joyana.fr\/en\/hemp-chair-studio-werner-asslinger\/107141\/#breadcrumb\"},\"inLanguage\":\"en-US\",\"potentialAction\":[{\"@type\":\"ReadAction\",\"target\":[\"https:\/\/joyana.fr\/en\/hemp-chair-studio-werner-asslinger\/107141\/\"]}]},{\"@type\":\"ImageObject\",\"inLanguage\":\"en-US\",\"@id\":\"https:\/\/joyana.fr\/en\/hemp-chair-studio-werner-asslinger\/107141\/#primaryimage\",\"url\":\"https:\/\/i0.wp.com\/joyana.fr\/wp-content\/uploads\/old\/hempchair_content_007.jpg?fit=576%2C768&ssl=1\",\"contentUrl\":\"https:\/\/i0.wp.com\/joyana.fr\/wp-content\/uploads\/old\/hempchair_content_007.jpg?fit=576%2C768&ssl=1\",\"width\":576,\"height\":768},{\"@type\":\"BreadcrumbList\",\"@id\":\"https:\/\/joyana.fr\/en\/hemp-chair-studio-werner-asslinger\/107141\/#breadcrumb\",\"itemListElement\":[{\"@type\":\"ListItem\",\"position\":1,\"name\":\"Accueil\",\"item\":\"https:\/\/joyana.fr\/\"},{\"@type\":\"ListItem\",\"position\":2,\"name\":\"HEMP CHAIR par Werner AISSLINGER\"}]},{\"@type\":\"WebSite\",\"@id\":\"https:\/\/joyana.fr\/#website\",\"url\":\"https:\/\/joyana.fr\/\",\"name\":\"JO YANA\",\"description\":\"Blog Mode Homme, Lifestyle, D\u00e9co-Design\",\"publisher\":{\"@id\":\"https:\/\/joyana.fr\/#\/schema\/person\/cf2a1ad12a27c12c21801075bf37407c\"},\"potentialAction\":[{\"@type\":\"SearchAction\",\"target\":{\"@type\":\"EntryPoint\",\"urlTemplate\":\"https:\/\/joyana.fr\/?s={search_term_string}\"},\"query-input\":{\"@type\":\"PropertyValueSpecification\",\"valueRequired\":true,\"valueName\":\"search_term_string\"}}],\"inLanguage\":\"en-US\"},{\"@type\":[\"Person\",\"Organization\"],\"@id\":\"https:\/\/joyana.fr\/#\/schema\/person\/cf2a1ad12a27c12c21801075bf37407c\",\"name\":\"Jo Yana\",\"image\":{\"@type\":\"ImageObject\",\"inLanguage\":\"en-US\",\"@id\":\"https:\/\/joyana.fr\/#\/schema\/person\/image\/\",\"url\":\"https:\/\/i0.wp.com\/joyana.fr\/wp-content\/uploads\/2016\/08\/cropped-joyana-logo-black-360x180.png?fit=343%2C164&ssl=1\",\"contentUrl\":\"https:\/\/i0.wp.com\/joyana.fr\/wp-content\/uploads\/2016\/08\/cropped-joyana-logo-black-360x180.png?fit=343%2C164&ssl=1\",\"width\":343,\"height\":164,\"caption\":\"Jo Yana\"},\"logo\":{\"@id\":\"https:\/\/joyana.fr\/#\/schema\/person\/image\/\"},\"description\":\"Jo Yana est le cr\u00e9ateur et r\u00e9dacteur en chef des sites DECO-DESIGN. Passionn\u00e9 de Design, Mode, Photo, Luxe, Lifestyle, Musique, mais avant tout Blogueur ! Le plaisir de partager l'anime et a comme devise \\\"POUR L'AMOUR DU BEAU\\\". Retrouvez le aussi sur son blog personnel - https:\/\/joyana.fr...\",\"sameAs\":[\"https:\/\/joyana.fr\/\"],\"url\":\"https:\/\/joyana.fr\/en\/author\/joyana\/\"}]}<\/script>\n<!-- \/ Yoast SEO plugin. -->","yoast_head_json":{"title":"HEMP CHAIR par Werner AISSLINGER - JO YANA","robots":{"index":"index","follow":"follow","max-snippet":"max-snippet:-1","max-image-preview":"max-image-preview:large","max-video-preview":"max-video-preview:-1"},"canonical":"https:\/\/joyana.fr\/en\/hemp-chair-studio-werner-asslinger\/107141\/","og_locale":"en_US","og_type":"article","og_title":"HEMP CHAIR par Werner AISSLINGER - JO YANA","og_description":"Lors de l&#8217;exposition &#8220;Poetry Happens&#8221; \u00e0 Ventura Lambrate, Werner Aisslinger pr\u00e9sentait le premier concept au monde pour une chaise monobloc en fibres naturelles &#8211; la HEMP CHAIR, un projet soutenu par la soci\u00e9t\u00e9 chimique allemande BASF&#8230; La HEMP CHAIR a \u00e9t\u00e9 con\u00e7ue par un proc\u00e9d\u00e9 de fabrication provenant de l&#8217;industrie automobile : les mati\u00e8res premi\u00e8res [&hellip;]","og_url":"https:\/\/joyana.fr\/en\/hemp-chair-studio-werner-asslinger\/107141\/","og_site_name":"JO YANA","article_published_time":"2011-06-24T05:47:12+00:00","og_image":[{"width":576,"height":768,"url":"https:\/\/i0.wp.com\/joyana.fr\/wp-content\/uploads\/old\/hempchair_content_007.jpg?fit=576%2C768&ssl=1","type":"image\/jpeg"}],"author":"Jo Yana","twitter_card":"summary_large_image","twitter_creator":"@Jo_Yana","twitter_site":"@Jo_Yana","twitter_misc":{"Written by":"Jo Yana","Est. reading time":"1 minute"},"schema":{"@context":"https:\/\/schema.org","@graph":[{"@type":"Article","@id":"https:\/\/joyana.fr\/en\/hemp-chair-studio-werner-asslinger\/107141\/#article","isPartOf":{"@id":"https:\/\/joyana.fr\/en\/hemp-chair-studio-werner-asslinger\/107141\/"},"author":{"name":"Jo Yana","@id":"https:\/\/joyana.fr\/#\/schema\/person\/cf2a1ad12a27c12c21801075bf37407c"},"headline":"HEMP CHAIR par Werner AISSLINGER","datePublished":"2011-06-24T05:47:12+00:00","mainEntityOfPage":{"@id":"https:\/\/joyana.fr\/en\/hemp-chair-studio-werner-asslinger\/107141\/"},"wordCount":213,"commentCount":10,"publisher":{"@id":"https:\/\/joyana.fr\/#\/schema\/person\/cf2a1ad12a27c12c21801075bf37407c"},"image":{"@id":"https:\/\/joyana.fr\/en\/hemp-chair-studio-werner-asslinger\/107141\/#primaryimage"},"thumbnailUrl":"https:\/\/i0.wp.com\/joyana.fr\/wp-content\/uploads\/old\/hempchair_content_007.jpg?fit=576%2C768&ssl=1","keywords":["DESIGN","Droog Design"],"articleSection":["Assise","Chaise","DECO-DESIGN","Fauteuil"],"inLanguage":"en-US","potentialAction":[{"@type":"CommentAction","name":"Comment","target":["https:\/\/joyana.fr\/en\/hemp-chair-studio-werner-asslinger\/107141\/#respond"]}]},{"@type":"WebPage","@id":"https:\/\/joyana.fr\/en\/hemp-chair-studio-werner-asslinger\/107141\/","url":"https:\/\/joyana.fr\/en\/hemp-chair-studio-werner-asslinger\/107141\/","name":"HEMP CHAIR par Werner AISSLINGER - JO YANA","isPartOf":{"@id":"https:\/\/joyana.fr\/#website"},"primaryImageOfPage":{"@id":"https:\/\/joyana.fr\/en\/hemp-chair-studio-werner-asslinger\/107141\/#primaryimage"},"image":{"@id":"https:\/\/joyana.fr\/en\/hemp-chair-studio-werner-asslinger\/107141\/#primaryimage"},"thumbnailUrl":"https:\/\/i0.wp.com\/joyana.fr\/wp-content\/uploads\/old\/hempchair_content_007.jpg?fit=576%2C768&ssl=1","datePublished":"2011-06-24T05:47:12+00:00","breadcrumb":{"@id":"https:\/\/joyana.fr\/en\/hemp-chair-studio-werner-asslinger\/107141\/#breadcrumb"},"inLanguage":"en-US","potentialAction":[{"@type":"ReadAction","target":["https:\/\/joyana.fr\/en\/hemp-chair-studio-werner-asslinger\/107141\/"]}]},{"@type":"ImageObject","inLanguage":"en-US","@id":"https:\/\/joyana.fr\/en\/hemp-chair-studio-werner-asslinger\/107141\/#primaryimage","url":"https:\/\/i0.wp.com\/joyana.fr\/wp-content\/uploads\/old\/hempchair_content_007.jpg?fit=576%2C768&ssl=1","contentUrl":"https:\/\/i0.wp.com\/joyana.fr\/wp-content\/uploads\/old\/hempchair_content_007.jpg?fit=576%2C768&ssl=1","width":576,"height":768},{"@type":"BreadcrumbList","@id":"https:\/\/joyana.fr\/en\/hemp-chair-studio-werner-asslinger\/107141\/#breadcrumb","itemListElement":[{"@type":"ListItem","position":1,"name":"Accueil","item":"https:\/\/joyana.fr\/"},{"@type":"ListItem","position":2,"name":"HEMP CHAIR par Werner AISSLINGER"}]},{"@type":"WebSite","@id":"https:\/\/joyana.fr\/#website","url":"https:\/\/joyana.fr\/","name":"JO YANA","description":"Blog Mode Homme, Lifestyle, D\u00e9co-Design","publisher":{"@id":"https:\/\/joyana.fr\/#\/schema\/person\/cf2a1ad12a27c12c21801075bf37407c"},"potentialAction":[{"@type":"SearchAction","target":{"@type":"EntryPoint","urlTemplate":"https:\/\/joyana.fr\/?s={search_term_string}"},"query-input":{"@type":"PropertyValueSpecification","valueRequired":true,"valueName":"search_term_string"}}],"inLanguage":"en-US"},{"@type":["Person","Organization"],"@id":"https:\/\/joyana.fr\/#\/schema\/person\/cf2a1ad12a27c12c21801075bf37407c","name":"Jo Yana","image":{"@type":"ImageObject","inLanguage":"en-US","@id":"https:\/\/joyana.fr\/#\/schema\/person\/image\/","url":"https:\/\/i0.wp.com\/joyana.fr\/wp-content\/uploads\/2016\/08\/cropped-joyana-logo-black-360x180.png?fit=343%2C164&ssl=1","contentUrl":"https:\/\/i0.wp.com\/joyana.fr\/wp-content\/uploads\/2016\/08\/cropped-joyana-logo-black-360x180.png?fit=343%2C164&ssl=1","width":343,"height":164,"caption":"Jo Yana"},"logo":{"@id":"https:\/\/joyana.fr\/#\/schema\/person\/image\/"},"description":"Jo Yana est le cr\u00e9ateur et r\u00e9dacteur en chef des sites DECO-DESIGN. Passionn\u00e9 de Design, Mode, Photo, Luxe, Lifestyle, Musique, mais avant tout Blogueur ! Le plaisir de partager l'anime et a comme devise \"POUR L'AMOUR DU BEAU\". Retrouvez le aussi sur son blog personnel - https:\/\/joyana.fr...","sameAs":["https:\/\/joyana.fr\/"],"url":"https:\/\/joyana.fr\/en\/author\/joyana\/"}]}},"author_meta":{"display_name":"Jo Yana","author_link":"https:\/\/joyana.fr\/en\/author\/joyana\/"},"featured_img":"https:\/\/i0.wp.com\/joyana.fr\/wp-content\/uploads\/old\/hempchair_content_007.jpg?fit=292%2C389&ssl=1","featured_image_src":"https:\/\/i0.wp.com\/joyana.fr\/wp-content\/uploads\/old\/hempchair_content_007.jpg?resize=576%2C400&ssl=1","featured_image_src_square":"https:\/\/i0.wp.com\/joyana.fr\/wp-content\/uploads\/old\/hempchair_content_007.jpg?resize=576%2C600&ssl=1","jetpack_featured_media_url":"https:\/\/i0.wp.com\/joyana.fr\/wp-content\/uploads\/old\/hempchair_content_007.jpg?fit=576%2C768&ssl=1","uagb_featured_image_src":{"full":["https:\/\/i0.wp.com\/joyana.fr\/wp-content\/uploads\/old\/hempchair_content_007.jpg?fit=576%2C768&ssl=1",576,768,false],"thumbnail":["https:\/\/i0.wp.com\/joyana.fr\/wp-content\/uploads\/old\/hempchair_content_007.jpg?resize=150%2C150&ssl=1",150,150,true],"medium":["https:\/\/i0.wp.com\/joyana.fr\/wp-content\/uploads\/old\/hempchair_content_007.jpg?fit=292%2C389&ssl=1",292,389,true],"medium_large":["https:\/\/i0.wp.com\/joyana.fr\/wp-content\/uploads\/old\/hempchair_content_007.jpg?fit=576%2C768&ssl=1",576,768,true],"large":["https:\/\/i0.wp.com\/joyana.fr\/wp-content\/uploads\/old\/hempchair_content_007.jpg?fit=576%2C768&ssl=1",576,768,true],"1536x1536":["https:\/\/i0.wp.com\/joyana.fr\/wp-content\/uploads\/old\/hempchair_content_007.jpg?fit=576%2C768&ssl=1",576,768,true],"2048x2048":["https:\/\/i0.wp.com\/joyana.fr\/wp-content\/uploads\/old\/hempchair_content_007.jpg?fit=576%2C768&ssl=1",576,768,true],"featured-thumb":["https:\/\/i0.wp.com\/joyana.fr\/wp-content\/uploads\/old\/hempchair_content_007.jpg?resize=576%2C750&ssl=1",576,750,true],"ab-block-post-grid-landscape":["https:\/\/i0.wp.com\/joyana.fr\/wp-content\/uploads\/old\/hempchair_content_007.jpg?resize=576%2C400&ssl=1",576,400,true],"ab-block-post-grid-square":["https:\/\/i0.wp.com\/joyana.fr\/wp-content\/uploads\/old\/hempchair_content_007.jpg?resize=576%2C600&ssl=1",576,600,true],"author-pro-image":["https:\/\/i0.wp.com\/joyana.fr\/wp-content\/uploads\/old\/hempchair_content_007.jpg?resize=360%2C570&ssl=1",360,570,true],"slider":["https:\/\/i0.wp.com\/joyana.fr\/wp-content\/uploads\/old\/hempchair_content_007.jpg?resize=576%2C400&ssl=1",576,400,true],"woocommerce_thumbnail":["https:\/\/i0.wp.com\/joyana.fr\/wp-content\/uploads\/old\/hempchair_content_007.jpg?resize=450%2C450&ssl=1",450,450,true],"woocommerce_single":["https:\/\/i0.wp.com\/joyana.fr\/wp-content\/uploads\/old\/hempchair_content_007.jpg?fit=576%2C768&ssl=1",576,768,true],"woocommerce_gallery_thumbnail":["https:\/\/i0.wp.com\/joyana.fr\/wp-content\/uploads\/old\/hempchair_content_007.jpg?resize=180%2C180&ssl=1",180,180,true],"sow-carousel-default":["https:\/\/i0.wp.com\/joyana.fr\/wp-content\/uploads\/old\/hempchair_content_007.jpg?resize=272%2C182&ssl=1",272,182,true]},"uagb_author_info":{"display_name":"Jo Yana","author_link":"https:\/\/joyana.fr\/en\/author\/joyana\/"},"uagb_comment_info":23,"uagb_excerpt":"Lors de l&#8217;exposition &#8220;Poetry Happens&#8221; \u00e0 Ventura Lambrate, Werner Aisslinger pr\u00e9sentait le premier concept au monde pour une chaise monobloc en fibres naturelles &#8211; la HEMP CHAIR, un projet soutenu par la soci\u00e9t\u00e9 chimique allemande BASF&#8230; La HEMP CHAIR a \u00e9t\u00e9 con\u00e7ue par un proc\u00e9d\u00e9 de fabrication provenant de l&#8217;industrie automobile : les mati\u00e8res premi\u00e8res&hellip;","coauthors":[],"tax_additional":{"categories":{"linked":["<a href=\"https:\/\/joyana.fr\/en\/category\/deco-design\/mobilier\/assise\/\" class=\"advgb-post-tax-term\">Assise<\/a>","<a href=\"https:\/\/joyana.fr\/en\/category\/deco-design\/mobilier\/assise\/chaise\/\" class=\"advgb-post-tax-term\">Chaise<\/a>","<a href=\"https:\/\/joyana.fr\/en\/category\/deco-design\/\" class=\"advgb-post-tax-term\">DECO-DESIGN<\/a>","<a href=\"https:\/\/joyana.fr\/en\/category\/deco-design\/mobilier\/assise\/fauteuil\/\" class=\"advgb-post-tax-term\">Fauteuil<\/a>"],"unlinked":["<span class=\"advgb-post-tax-term\">Assise<\/span>","<span class=\"advgb-post-tax-term\">Chaise<\/span>","<span class=\"advgb-post-tax-term\">DECO-DESIGN<\/span>","<span class=\"advgb-post-tax-term\">Fauteuil<\/span>"]},"tags":{"linked":["<a href=\"https:\/\/joyana.fr\/en\/category\/deco-design\/mobilier\/assise\/fauteuil\/\" class=\"advgb-post-tax-term\">DESIGN<\/a>","<a href=\"https:\/\/joyana.fr\/en\/category\/deco-design\/mobilier\/assise\/fauteuil\/\" class=\"advgb-post-tax-term\">Droog Design<\/a>"],"unlinked":["<span class=\"advgb-post-tax-term\">DESIGN<\/span>","<span class=\"advgb-post-tax-term\">Droog Design<\/span>"]}},"comment_count":23,"relative_dates":{"created":"Posted 15 years ago","modified":"Updated 15 years ago"},"absolute_dates":{"created":"Posted on 24 June 2011","modified":"Updated on 24 June 2011"},"absolute_dates_time":{"created":"Posted on 24 June 2011 6:47","modified":"Updated on 24 June 2011 6:47"},"featured_img_caption":"","series_order":"","jetpack_sharing_enabled":true,"jetpack_shortlink":"https:\/\/wp.me\/p9bteI-rS5","jetpack-related-posts":[],"_links":{"self":[{"href":"https:\/\/joyana.fr\/en\/wp-json\/wp\/v2\/posts\/107141","targetHints":{"allow":["GET"]}}],"collection":[{"href":"https:\/\/joyana.fr\/en\/wp-json\/wp\/v2\/posts"}],"about":[{"href":"https:\/\/joyana.fr\/en\/wp-json\/wp\/v2\/types\/post"}],"author":[{"embeddable":true,"href":"https:\/\/joyana.fr\/en\/wp-json\/wp\/v2\/users\/3"}],"replies":[{"embeddable":true,"href":"https:\/\/joyana.fr\/en\/wp-json\/wp\/v2\/comments?post=107141"}],"version-history":[{"count":0,"href":"https:\/\/joyana.fr\/en\/wp-json\/wp\/v2\/posts\/107141\/revisions"}],"wp:featuredmedia":[{"embeddable":true,"href":"https:\/\/joyana.fr\/en\/wp-json\/wp\/v2\/media\/107143"}],"wp:attachment":[{"href":"https:\/\/joyana.fr\/en\/wp-json\/wp\/v2\/media?parent=107141"}],"wp:term":[{"taxonomy":"category","embeddable":true,"href":"https:\/\/joyana.fr\/en\/wp-json\/wp\/v2\/categories?post=107141"},{"taxonomy":"post_tag","embeddable":true,"href":"https:\/\/joyana.fr\/en\/wp-json\/wp\/v2\/tags?post=107141"}],"curies":[{"name":"wp","href":"https:\/\/api.w.org\/{rel}","templated":true}]}}