{"id":108190,"date":"2011-11-08T07:42:48","date_gmt":"2011-11-08T06:42:48","guid":{"rendered":"https:\/\/joyana.fr\/?p=8190"},"modified":"2011-11-08T07:42:48","modified_gmt":"2011-11-08T06:42:48","slug":"la-redoute-x-sam-baron","status":"publish","type":"post","link":"https:\/\/joyana.fr\/en\/la-redoute-x-sam-baron\/108190\/","title":{"rendered":"LA REDOUTE x Sam BARON"},"content":{"rendered":"<p><a title=\"DECO DESIGN MAGAZINE\" href=\"https:\/\/joyana.fr\">Deco-Design<\/a> vous d\u00e9voile les premi\u00e8res images de la collaboration entre <strong>Sam Baron<\/strong> et <strong><a title=\"LA REDOUTE\" href=\"http:\/\/ad.zanox.com\/ppc\/?20000680C1415437671T\">La Redoute<\/a> <\/strong>&#8211; qui avait pr\u00e9c\u00e9demment collabor\u00e9 avec Philippe Starck, Sarah Lavoine, ou encore Tom Dixon&#8230;<\/p>\n<p><a href=\"http:\/\/ad.zanox.com\/ppc\/?20000680C1415437671T\"><img data-recalc-dims=\"1\" fetchpriority=\"high\" decoding=\"async\" data-attachment-id=\"8191\" data-permalink=\"https:\/\/joyana.fr\/en\/red-carven\/8180\/red-carven-6_c\/\" data-orig-file=\"https:\/\/i0.wp.com\/joyana.fr\/wp-content\/uploads\/2014\/03\/RED-CARVEN-6_C.jpg?fit=1600%2C1600&amp;ssl=1\" data-orig-size=\"1600,1600\" data-comments-opened=\"1\" data-image-meta=\"{&quot;aperture&quot;:&quot;0&quot;,&quot;credit&quot;:&quot;&quot;,&quot;camera&quot;:&quot;&quot;,&quot;caption&quot;:&quot;&quot;,&quot;created_timestamp&quot;:&quot;0&quot;,&quot;copyright&quot;:&quot;&quot;,&quot;focal_length&quot;:&quot;0&quot;,&quot;iso&quot;:&quot;0&quot;,&quot;shutter_speed&quot;:&quot;0&quot;,&quot;title&quot;:&quot;&quot;,&quot;orientation&quot;:&quot;1&quot;}\" data-image-title=\"RED CARVEN 6_C\" data-image-description=\"\" data-image-caption=\"\" data-medium-file=\"https:\/\/i0.wp.com\/joyana.fr\/wp-content\/uploads\/2014\/03\/RED-CARVEN-6_C.jpg?fit=389%2C389&amp;ssl=1\" data-large-file=\"https:\/\/i0.wp.com\/joyana.fr\/wp-content\/uploads\/2014\/03\/RED-CARVEN-6_C.jpg?fit=1024%2C1024&amp;ssl=1\" class=\"alignnone size-full wp-image-8191\" title=\"LA REDOUTE x Sam BARON\" src=\"https:\/\/i0.wp.com\/joyana.fr\/wp-content\/uploads\/sam-baron-la-redoute-2.jpg?resize=576%2C431&#038;ssl=1\" alt=\"\" width=\"576\" height=\"431\" \/><\/a><\/p>\n<p><strong>Sam Baron<\/strong> nous d\u00e9voile les premi\u00e8res pi\u00e8ces de sa collaboration avec <a title=\"LA REDOUTE\" href=\"http:\/\/ad.zanox.com\/ppc\/?20000680C1415437671T\"><strong>La Redoute<\/strong><\/a>, une collection \u00e9clectique et \u00e9l\u00e9gante, avec du mobilier confortable et chaleureux. Bureau, biblioth\u00e8que, canap\u00e9, tapis, coussins, tabouret, toiles&#8230; composent cette collection.<\/p>\n<p><em>&#8220;C&#8217;est une collection con\u00e7ue comme un mode de vie qui unit le pratique \u00e0 l&#8217;artistique, le basique au raffin\u00e9, sans oublier le surprenant au fonctionnel, avec un souci de qualit\u00e9 alli\u00e9 \u00e0 une touche d&#8217;humour&#8230;&#8221;<\/em> <strong>Sam BARON<\/strong><\/p>\n<p><a href=\"http:\/\/ad.zanox.com\/ppc\/?20000680C1415437671T\"><img data-recalc-dims=\"1\" decoding=\"async\" data-attachment-id=\"8193\" data-permalink=\"https:\/\/joyana.fr\/en\/red-carven\/8180\/red-carven-11_c\/\" data-orig-file=\"https:\/\/i0.wp.com\/joyana.fr\/wp-content\/uploads\/2014\/03\/RED-CARVEN-11_C.jpg?fit=1600%2C1087&amp;ssl=1\" data-orig-size=\"1600,1087\" data-comments-opened=\"1\" data-image-meta=\"{&quot;aperture&quot;:&quot;4.5&quot;,&quot;credit&quot;:&quot;&quot;,&quot;camera&quot;:&quot;NEX-7&quot;,&quot;caption&quot;:&quot;&quot;,&quot;created_timestamp&quot;:&quot;1393154690&quot;,&quot;copyright&quot;:&quot;&quot;,&quot;focal_length&quot;:&quot;24&quot;,&quot;iso&quot;:&quot;100&quot;,&quot;shutter_speed&quot;:&quot;0.00625&quot;,&quot;title&quot;:&quot;&quot;,&quot;orientation&quot;:&quot;1&quot;}\" data-image-title=\"RED CARVEN 11_C\" data-image-description=\"\" data-image-caption=\"\" data-medium-file=\"https:\/\/i0.wp.com\/joyana.fr\/wp-content\/uploads\/2014\/03\/RED-CARVEN-11_C.jpg?fit=389%2C264&amp;ssl=1\" data-large-file=\"https:\/\/i0.wp.com\/joyana.fr\/wp-content\/uploads\/2014\/03\/RED-CARVEN-11_C.jpg?fit=1024%2C696&amp;ssl=1\" class=\"alignnone size-full wp-image-8193\" title=\"LA REDOUTE x Sam BARON\" src=\"https:\/\/i0.wp.com\/joyana.fr\/wp-content\/uploads\/sam-baron-redoute-04_025.jpg?resize=576%2C769&#038;ssl=1\" alt=\"\" width=\"576\" height=\"769\" \/><\/a><\/p>\n<p>On adore le canap\u00e9, le bout de canap\u00e9, ou encore le tapis !!!<\/p>\n<p><a title=\"SAM BARON\" href=\"http:\/\/ad.zanox.com\/ppc\/?20000680C1415437671T\"><img data-recalc-dims=\"1\" decoding=\"async\" data-attachment-id=\"8192\" data-permalink=\"https:\/\/joyana.fr\/en\/red-carven\/8180\/red-carven-10\/\" data-orig-file=\"https:\/\/i0.wp.com\/joyana.fr\/wp-content\/uploads\/2014\/03\/RED-CARVEN-10.jpg?fit=1600%2C1600&amp;ssl=1\" data-orig-size=\"1600,1600\" data-comments-opened=\"1\" data-image-meta=\"{&quot;aperture&quot;:&quot;0&quot;,&quot;credit&quot;:&quot;&quot;,&quot;camera&quot;:&quot;&quot;,&quot;caption&quot;:&quot;&quot;,&quot;created_timestamp&quot;:&quot;0&quot;,&quot;copyright&quot;:&quot;&quot;,&quot;focal_length&quot;:&quot;0&quot;,&quot;iso&quot;:&quot;0&quot;,&quot;shutter_speed&quot;:&quot;0&quot;,&quot;title&quot;:&quot;&quot;,&quot;orientation&quot;:&quot;1&quot;}\" data-image-title=\"RED CARVEN 10\" data-image-description=\"\" data-image-caption=\"\" data-medium-file=\"https:\/\/i0.wp.com\/joyana.fr\/wp-content\/uploads\/2014\/03\/RED-CARVEN-10.jpg?fit=389%2C389&amp;ssl=1\" data-large-file=\"https:\/\/i0.wp.com\/joyana.fr\/wp-content\/uploads\/2014\/03\/RED-CARVEN-10.jpg?fit=1024%2C1024&amp;ssl=1\" class=\"alignnone size-full wp-image-8192\" title=\"LA REDOUTE x Sam BARON\" src=\"https:\/\/i0.wp.com\/joyana.fr\/wp-content\/uploads\/sam-baron-la-redoute.jpg?resize=576%2C439&#038;ssl=1\" alt=\"\" width=\"576\" height=\"439\" \/><\/a><\/p>\n<p>Une collection disponible en exclusivit\u00e9 le 15 D\u00e9cembre sur\u00a0<a title=\"LA REDOUTE\" href=\"http:\/\/ad.zanox.com\/ppc\/?20000680C1415437671T\">La Redoute<\/a>.<\/p>\n<p>En savoir <strong>+<\/strong> sur <strong><a title=\"Sam BARON\" href=\"http:\/\/sambaron.org\/\">Sam BARON<\/a><\/strong><\/p>\n","protected":false},"excerpt":{"rendered":"<p>Deco-Design vous d\u00e9voile les premi\u00e8res images de la collaboration entre Sam Baron et La Redoute &#8211; qui avait pr\u00e9c\u00e9demment collabor\u00e9 avec Philippe Starck, Sarah Lavoine, ou encore Tom Dixon&#8230; Sam Baron nous d\u00e9voile les premi\u00e8res pi\u00e8ces de sa collaboration avec La Redoute, une collection \u00e9clectique et \u00e9l\u00e9gante, avec du mobilier confortable et chaleureux. Bureau, biblioth\u00e8que, [&hellip;]<\/p>\n","protected":false},"author":3,"featured_media":108194,"comment_status":"open","ping_status":"open","sticky":false,"template":"","format":"standard","meta":{"_coblocks_attr":"","_coblocks_dimensions":"","_coblocks_responsive_height":"","_coblocks_accordion_ie_support":"","_uag_custom_page_level_css":"","advgb_blocks_editor_width":"","advgb_blocks_columns_visual_guide":"","_genesis_hide_title":false,"_genesis_hide_breadcrumbs":false,"_genesis_hide_singular_image":false,"_genesis_hide_footer_widgets":false,"_genesis_custom_body_class":"","_genesis_custom_post_class":"","_genesis_layout":"","_themeisle_gutenberg_block_has_review":false,"_jetpack_newsletter_access":"","_jetpack_dont_email_post_to_subs":false,"_jetpack_newsletter_tier_id":0,"_jetpack_memberships_contains_paywalled_content":false,"_jetpack_memberships_contains_paid_content":false,"footnotes":""},"categories":[938,905,942],"tags":[78],"class_list":{"0":"post-108190","1":"post","2":"type-post","3":"status-publish","4":"format-standard","5":"has-post-thumbnail","7":"category-actualite-deco-design","8":"category-deco-design","9":"category-mobilier","10":"tag-design","11":"entry"},"featured_image_urls":{"full":["https:\/\/i0.wp.com\/joyana.fr\/wp-content\/uploads\/old\/sam-baron-redoute-2011-c.jpg?fit=1500%2C320&ssl=1",1500,320,false],"thumbnail":["https:\/\/i0.wp.com\/joyana.fr\/wp-content\/uploads\/old\/sam-baron-redoute-2011-c.jpg?resize=150%2C150&ssl=1",150,150,true],"medium":["https:\/\/i0.wp.com\/joyana.fr\/wp-content\/uploads\/old\/sam-baron-redoute-2011-c.jpg?fit=389%2C83&ssl=1",389,83,true],"medium_large":["https:\/\/i0.wp.com\/joyana.fr\/wp-content\/uploads\/old\/sam-baron-redoute-2011-c.jpg?fit=768%2C164&ssl=1",768,164,true],"large":["https:\/\/i0.wp.com\/joyana.fr\/wp-content\/uploads\/old\/sam-baron-redoute-2011-c.jpg?fit=1024%2C218&ssl=1",1024,218,true],"1536x1536":["https:\/\/i0.wp.com\/joyana.fr\/wp-content\/uploads\/old\/sam-baron-redoute-2011-c.jpg?fit=1500%2C320&ssl=1",1500,320,true],"2048x2048":["https:\/\/i0.wp.com\/joyana.fr\/wp-content\/uploads\/old\/sam-baron-redoute-2011-c.jpg?fit=1500%2C320&ssl=1",1500,320,true],"featured-thumb":["https:\/\/i0.wp.com\/joyana.fr\/wp-content\/uploads\/old\/sam-baron-redoute-2011-c.jpg?resize=1500%2C320&ssl=1",1500,320,true],"ab-block-post-grid-landscape":["https:\/\/i0.wp.com\/joyana.fr\/wp-content\/uploads\/old\/sam-baron-redoute-2011-c.jpg?resize=600%2C320&ssl=1",600,320,true],"ab-block-post-grid-square":["https:\/\/i0.wp.com\/joyana.fr\/wp-content\/uploads\/old\/sam-baron-redoute-2011-c.jpg?resize=600%2C320&ssl=1",600,320,true],"author-pro-image":["https:\/\/i0.wp.com\/joyana.fr\/wp-content\/uploads\/old\/sam-baron-redoute-2011-c.jpg?resize=360%2C320&ssl=1",360,320,true],"slider":["https:\/\/i0.wp.com\/joyana.fr\/wp-content\/uploads\/old\/sam-baron-redoute-2011-c.jpg?resize=920%2C320&ssl=1",920,320,true],"woocommerce_thumbnail":["https:\/\/i0.wp.com\/joyana.fr\/wp-content\/uploads\/old\/sam-baron-redoute-2011-c.jpg?resize=450%2C320&ssl=1",450,320,true],"woocommerce_single":["https:\/\/i0.wp.com\/joyana.fr\/wp-content\/uploads\/old\/sam-baron-redoute-2011-c.jpg?fit=920%2C196&ssl=1",920,196,true],"woocommerce_gallery_thumbnail":["https:\/\/i0.wp.com\/joyana.fr\/wp-content\/uploads\/old\/sam-baron-redoute-2011-c.jpg?resize=180%2C180&ssl=1",180,180,true],"sow-carousel-default":["https:\/\/i0.wp.com\/joyana.fr\/wp-content\/uploads\/old\/sam-baron-redoute-2011-c.jpg?resize=272%2C182&ssl=1",272,182,true]},"post_excerpt_stackable":"<p>Deco-Design vous d\u00e9voile les premi\u00e8res images de la collaboration entre Sam Baron et La Redoute &#8211; qui avait pr\u00e9c\u00e9demment collabor\u00e9 avec Philippe Starck, Sarah Lavoine, ou encore Tom Dixon&#8230; Sam Baron nous d\u00e9voile les premi\u00e8res pi\u00e8ces de sa collaboration avec La Redoute, une collection \u00e9clectique et \u00e9l\u00e9gante, avec du mobilier confortable et chaleureux. Bureau, biblioth\u00e8que, canap\u00e9, tapis, coussins, tabouret, toiles&#8230; composent cette collection. &#8220;C&#8217;est une collection con\u00e7ue comme un mode de vie qui unit le pratique \u00e0 l&#8217;artistique, le basique au raffin\u00e9, sans oublier le surprenant au fonctionnel, avec un souci de qualit\u00e9 alli\u00e9 \u00e0 une touche d&#8217;humour&#8230;&#8221; Sam BARON&hellip;<\/p>\n","category_list":"<a href=\"https:\/\/joyana.fr\/en\/category\/deco-design\/actualite\/actualite-deco-design\/\" rel=\"category tag\">Actualit\u00e9 D\u00e9co-Design<\/a>, <a href=\"https:\/\/joyana.fr\/en\/category\/deco-design\/\" rel=\"category tag\">DECO-DESIGN<\/a>, <a href=\"https:\/\/joyana.fr\/en\/category\/deco-design\/mobilier\/\" rel=\"category tag\">Mobilier<\/a>","author_info":{"display_name":"Jo Yana","author_link":"https:\/\/joyana.fr\/en\/author\/joyana\/"},"comments_num":"32 comments","featured_image_urls_v2":{"full":["https:\/\/i0.wp.com\/joyana.fr\/wp-content\/uploads\/old\/sam-baron-redoute-2011-c.jpg?fit=1500%2C320&ssl=1",1500,320,false],"thumbnail":["https:\/\/i0.wp.com\/joyana.fr\/wp-content\/uploads\/old\/sam-baron-redoute-2011-c.jpg?resize=150%2C150&ssl=1",150,150,true],"medium":["https:\/\/i0.wp.com\/joyana.fr\/wp-content\/uploads\/old\/sam-baron-redoute-2011-c.jpg?fit=389%2C83&ssl=1",389,83,true],"medium_large":["https:\/\/i0.wp.com\/joyana.fr\/wp-content\/uploads\/old\/sam-baron-redoute-2011-c.jpg?fit=768%2C164&ssl=1",768,164,true],"large":["https:\/\/i0.wp.com\/joyana.fr\/wp-content\/uploads\/old\/sam-baron-redoute-2011-c.jpg?fit=1024%2C218&ssl=1",1024,218,true],"1536x1536":["https:\/\/i0.wp.com\/joyana.fr\/wp-content\/uploads\/old\/sam-baron-redoute-2011-c.jpg?fit=1500%2C320&ssl=1",1500,320,true],"2048x2048":["https:\/\/i0.wp.com\/joyana.fr\/wp-content\/uploads\/old\/sam-baron-redoute-2011-c.jpg?fit=1500%2C320&ssl=1",1500,320,true],"featured-thumb":["https:\/\/i0.wp.com\/joyana.fr\/wp-content\/uploads\/old\/sam-baron-redoute-2011-c.jpg?resize=1500%2C320&ssl=1",1500,320,true],"ab-block-post-grid-landscape":["https:\/\/i0.wp.com\/joyana.fr\/wp-content\/uploads\/old\/sam-baron-redoute-2011-c.jpg?resize=600%2C320&ssl=1",600,320,true],"ab-block-post-grid-square":["https:\/\/i0.wp.com\/joyana.fr\/wp-content\/uploads\/old\/sam-baron-redoute-2011-c.jpg?resize=600%2C320&ssl=1",600,320,true],"author-pro-image":["https:\/\/i0.wp.com\/joyana.fr\/wp-content\/uploads\/old\/sam-baron-redoute-2011-c.jpg?resize=360%2C320&ssl=1",360,320,true],"slider":["https:\/\/i0.wp.com\/joyana.fr\/wp-content\/uploads\/old\/sam-baron-redoute-2011-c.jpg?resize=920%2C320&ssl=1",920,320,true],"woocommerce_thumbnail":["https:\/\/i0.wp.com\/joyana.fr\/wp-content\/uploads\/old\/sam-baron-redoute-2011-c.jpg?resize=450%2C320&ssl=1",450,320,true],"woocommerce_single":["https:\/\/i0.wp.com\/joyana.fr\/wp-content\/uploads\/old\/sam-baron-redoute-2011-c.jpg?fit=920%2C196&ssl=1",920,196,true],"woocommerce_gallery_thumbnail":["https:\/\/i0.wp.com\/joyana.fr\/wp-content\/uploads\/old\/sam-baron-redoute-2011-c.jpg?resize=180%2C180&ssl=1",180,180,true],"sow-carousel-default":["https:\/\/i0.wp.com\/joyana.fr\/wp-content\/uploads\/old\/sam-baron-redoute-2011-c.jpg?resize=272%2C182&ssl=1",272,182,true]},"post_excerpt_stackable_v2":"<p>Deco-Design vous d\u00e9voile les premi\u00e8res images de la collaboration entre Sam Baron et La Redoute &#8211; qui avait pr\u00e9c\u00e9demment collabor\u00e9 avec Philippe Starck, Sarah Lavoine, ou encore Tom Dixon&#8230; Sam Baron nous d\u00e9voile les premi\u00e8res pi\u00e8ces de sa collaboration avec La Redoute, une collection \u00e9clectique et \u00e9l\u00e9gante, avec du mobilier confortable et chaleureux. Bureau, biblioth\u00e8que, canap\u00e9, tapis, coussins, tabouret, toiles&#8230; composent cette collection. &#8220;C&#8217;est une collection con\u00e7ue comme un mode de vie qui unit le pratique \u00e0 l&#8217;artistique, le basique au raffin\u00e9, sans oublier le surprenant au fonctionnel, avec un souci de qualit\u00e9 alli\u00e9 \u00e0 une touche d&#8217;humour&#8230;&#8221; Sam BARON&hellip;<\/p>\n","category_list_v2":"<a href=\"https:\/\/joyana.fr\/en\/category\/deco-design\/actualite\/actualite-deco-design\/\" rel=\"category tag\">Actualit\u00e9 D\u00e9co-Design<\/a>, <a href=\"https:\/\/joyana.fr\/en\/category\/deco-design\/\" rel=\"category tag\">DECO-DESIGN<\/a>, <a href=\"https:\/\/joyana.fr\/en\/category\/deco-design\/mobilier\/\" rel=\"category tag\">Mobilier<\/a>","author_info_v2":{"name":"Jo Yana","url":"https:\/\/joyana.fr\/en\/author\/joyana\/"},"comments_num_v2":"32 comments","yoast_head":"<!-- This site is optimized with the Yoast SEO plugin v26.8 - https:\/\/yoast.com\/product\/yoast-seo-wordpress\/ -->\n<title>LA REDOUTE x Sam BARON - JO YANA<\/title>\n<meta name=\"robots\" content=\"index, follow, max-snippet:-1, max-image-preview:large, max-video-preview:-1\" \/>\n<link rel=\"canonical\" href=\"https:\/\/www.joyana.fr\/ja\/la-redoute-x-sam-baron\/108190\/\" \/>\n<meta property=\"og:locale\" content=\"en_US\" \/>\n<meta property=\"og:locale:alternate\" content=\"fr_FR\" \/>\n<meta property=\"og:locale:alternate\" content=\"ja\" \/>\n<meta property=\"og:type\" content=\"article\" \/>\n<meta property=\"og:title\" content=\"LA REDOUTE x Sam BARON - JO YANA\" \/>\n<meta property=\"og:description\" content=\"Deco-Design vous d\u00e9voile les premi\u00e8res images de la collaboration entre Sam Baron et La Redoute &#8211; qui avait pr\u00e9c\u00e9demment collabor\u00e9 avec Philippe Starck, Sarah Lavoine, ou encore Tom Dixon&#8230; Sam Baron nous d\u00e9voile les premi\u00e8res pi\u00e8ces de sa collaboration avec La Redoute, une collection \u00e9clectique et \u00e9l\u00e9gante, avec du mobilier confortable et chaleureux. Bureau, biblioth\u00e8que, [&hellip;]\" \/>\n<meta property=\"og:url\" content=\"https:\/\/joyana.fr\/en\/la-redoute-x-sam-baron\/108190\/\" \/>\n<meta property=\"og:site_name\" content=\"JO YANA\" \/>\n<meta property=\"article:published_time\" content=\"2011-11-08T06:42:48+00:00\" \/>\n<meta property=\"og:image\" content=\"https:\/\/www.joyana.fr\/wp-content\/uploads\/old\/sam-baron-redoute-2011-c.jpg\" \/>\n\t<meta property=\"og:image:width\" content=\"1500\" \/>\n\t<meta property=\"og:image:height\" content=\"320\" \/>\n\t<meta property=\"og:image:type\" content=\"image\/jpeg\" \/>\n<meta name=\"author\" content=\"Jo Yana\" \/>\n<meta name=\"twitter:card\" content=\"summary_large_image\" \/>\n<meta name=\"twitter:creator\" content=\"@Jo_Yana\" \/>\n<meta name=\"twitter:site\" content=\"@Jo_Yana\" \/>\n<meta name=\"twitter:label1\" content=\"Written by\" \/>\n\t<meta name=\"twitter:data1\" content=\"Jo Yana\" \/>\n\t<meta name=\"twitter:label2\" content=\"Est. reading time\" \/>\n\t<meta name=\"twitter:data2\" content=\"1 minute\" \/>\n<script type=\"application\/ld+json\" class=\"yoast-schema-graph\">{\"@context\":\"https:\/\/schema.org\",\"@graph\":[{\"@type\":\"Article\",\"@id\":\"https:\/\/www.joyana.fr\/ja\/la-redoute-x-sam-baron\/108190\/#article\",\"isPartOf\":{\"@id\":\"https:\/\/www.joyana.fr\/ja\/la-redoute-x-sam-baron\/108190\/\"},\"author\":{\"name\":\"Jo Yana\",\"@id\":\"https:\/\/www.joyana.fr\/ja\/#\/schema\/person\/cf2a1ad12a27c12c21801075bf37407c\"},\"headline\":\"LA REDOUTE x Sam BARON\",\"datePublished\":\"2011-11-08T06:42:48+00:00\",\"mainEntityOfPage\":{\"@id\":\"https:\/\/www.joyana.fr\/ja\/la-redoute-x-sam-baron\/108190\/\"},\"wordCount\":144,\"commentCount\":16,\"publisher\":{\"@id\":\"https:\/\/www.joyana.fr\/ja\/#\/schema\/person\/cf2a1ad12a27c12c21801075bf37407c\"},\"image\":{\"@id\":\"https:\/\/www.joyana.fr\/ja\/la-redoute-x-sam-baron\/108190\/#primaryimage\"},\"thumbnailUrl\":\"https:\/\/i0.wp.com\/joyana.fr\/wp-content\/uploads\/old\/sam-baron-redoute-2011-c.jpg?fit=1500%2C320&ssl=1\",\"keywords\":[\"DESIGN\"],\"articleSection\":[\"Actualit\u00e9 D\u00e9co-Design\",\"DECO-DESIGN\",\"Mobilier\"],\"inLanguage\":\"en-US\",\"potentialAction\":[{\"@type\":\"CommentAction\",\"name\":\"Comment\",\"target\":[\"https:\/\/www.joyana.fr\/ja\/la-redoute-x-sam-baron\/108190\/#respond\"]}]},{\"@type\":\"WebPage\",\"@id\":\"https:\/\/www.joyana.fr\/ja\/la-redoute-x-sam-baron\/108190\/\",\"url\":\"https:\/\/www.joyana.fr\/ja\/la-redoute-x-sam-baron\/108190\/\",\"name\":\"LA REDOUTE x Sam BARON - JO YANA\",\"isPartOf\":{\"@id\":\"https:\/\/www.joyana.fr\/ja\/#website\"},\"primaryImageOfPage\":{\"@id\":\"https:\/\/www.joyana.fr\/ja\/la-redoute-x-sam-baron\/108190\/#primaryimage\"},\"image\":{\"@id\":\"https:\/\/www.joyana.fr\/ja\/la-redoute-x-sam-baron\/108190\/#primaryimage\"},\"thumbnailUrl\":\"https:\/\/i0.wp.com\/joyana.fr\/wp-content\/uploads\/old\/sam-baron-redoute-2011-c.jpg?fit=1500%2C320&ssl=1\",\"datePublished\":\"2011-11-08T06:42:48+00:00\",\"breadcrumb\":{\"@id\":\"https:\/\/www.joyana.fr\/ja\/la-redoute-x-sam-baron\/108190\/#breadcrumb\"},\"inLanguage\":\"en-US\",\"potentialAction\":[{\"@type\":\"ReadAction\",\"target\":[\"https:\/\/www.joyana.fr\/ja\/la-redoute-x-sam-baron\/108190\/\"]}]},{\"@type\":\"ImageObject\",\"inLanguage\":\"en-US\",\"@id\":\"https:\/\/www.joyana.fr\/ja\/la-redoute-x-sam-baron\/108190\/#primaryimage\",\"url\":\"https:\/\/i0.wp.com\/joyana.fr\/wp-content\/uploads\/old\/sam-baron-redoute-2011-c.jpg?fit=1500%2C320&ssl=1\",\"contentUrl\":\"https:\/\/i0.wp.com\/joyana.fr\/wp-content\/uploads\/old\/sam-baron-redoute-2011-c.jpg?fit=1500%2C320&ssl=1\",\"width\":1500,\"height\":320},{\"@type\":\"BreadcrumbList\",\"@id\":\"https:\/\/www.joyana.fr\/ja\/la-redoute-x-sam-baron\/108190\/#breadcrumb\",\"itemListElement\":[{\"@type\":\"ListItem\",\"position\":1,\"name\":\"Accueil\",\"item\":\"https:\/\/www.joyana.fr\/ja\/\"},{\"@type\":\"ListItem\",\"position\":2,\"name\":\"LA REDOUTE x Sam BARON\"}]},{\"@type\":\"WebSite\",\"@id\":\"https:\/\/www.joyana.fr\/ja\/#website\",\"url\":\"https:\/\/www.joyana.fr\/ja\/\",\"name\":\"JO YANA\",\"description\":\"Blog Mode Homme, Lifestyle, D\u00e9co-Design\",\"publisher\":{\"@id\":\"https:\/\/www.joyana.fr\/ja\/#\/schema\/person\/cf2a1ad12a27c12c21801075bf37407c\"},\"potentialAction\":[{\"@type\":\"SearchAction\",\"target\":{\"@type\":\"EntryPoint\",\"urlTemplate\":\"https:\/\/www.joyana.fr\/ja\/?s={search_term_string}\"},\"query-input\":{\"@type\":\"PropertyValueSpecification\",\"valueRequired\":true,\"valueName\":\"search_term_string\"}}],\"inLanguage\":\"en-US\"},{\"@type\":[\"Person\",\"Organization\"],\"@id\":\"https:\/\/www.joyana.fr\/ja\/#\/schema\/person\/cf2a1ad12a27c12c21801075bf37407c\",\"name\":\"Jo Yana\",\"image\":{\"@type\":\"ImageObject\",\"inLanguage\":\"en-US\",\"@id\":\"https:\/\/www.joyana.fr\/ja\/#\/schema\/person\/image\/\",\"url\":\"https:\/\/i0.wp.com\/joyana.fr\/wp-content\/uploads\/2016\/08\/cropped-joyana-logo-black-360x180.png?fit=343%2C164&ssl=1\",\"contentUrl\":\"https:\/\/i0.wp.com\/joyana.fr\/wp-content\/uploads\/2016\/08\/cropped-joyana-logo-black-360x180.png?fit=343%2C164&ssl=1\",\"width\":343,\"height\":164,\"caption\":\"Jo Yana\"},\"logo\":{\"@id\":\"https:\/\/www.joyana.fr\/ja\/#\/schema\/person\/image\/\"},\"description\":\"Jo Yana est le cr\u00e9ateur et r\u00e9dacteur en chef des sites DECO-DESIGN. Passionn\u00e9 de Design, Mode, Photo, Luxe, Lifestyle, Musique, mais avant tout Blogueur ! Le plaisir de partager l'anime et a comme devise \\\"POUR L'AMOUR DU BEAU\\\". Retrouvez le aussi sur son blog personnel - https:\/\/joyana.fr...\",\"sameAs\":[\"https:\/\/joyana.fr\/\"],\"url\":\"https:\/\/joyana.fr\/en\/author\/joyana\/\"}]}<\/script>\n<!-- \/ Yoast SEO plugin. -->","yoast_head_json":{"title":"LA REDOUTE x Sam BARON - JO YANA","robots":{"index":"index","follow":"follow","max-snippet":"max-snippet:-1","max-image-preview":"max-image-preview:large","max-video-preview":"max-video-preview:-1"},"canonical":"https:\/\/www.joyana.fr\/ja\/la-redoute-x-sam-baron\/108190\/","og_locale":"en_US","og_type":"article","og_title":"LA REDOUTE x Sam BARON - JO YANA","og_description":"Deco-Design vous d\u00e9voile les premi\u00e8res images de la collaboration entre Sam Baron et La Redoute &#8211; qui avait pr\u00e9c\u00e9demment collabor\u00e9 avec Philippe Starck, Sarah Lavoine, ou encore Tom Dixon&#8230; Sam Baron nous d\u00e9voile les premi\u00e8res pi\u00e8ces de sa collaboration avec La Redoute, une collection \u00e9clectique et \u00e9l\u00e9gante, avec du mobilier confortable et chaleureux. Bureau, biblioth\u00e8que, [&hellip;]","og_url":"https:\/\/joyana.fr\/en\/la-redoute-x-sam-baron\/108190\/","og_site_name":"JO YANA","article_published_time":"2011-11-08T06:42:48+00:00","og_image":[{"width":1500,"height":320,"url":"https:\/\/www.joyana.fr\/wp-content\/uploads\/old\/sam-baron-redoute-2011-c.jpg","type":"image\/jpeg"}],"author":"Jo Yana","twitter_card":"summary_large_image","twitter_creator":"@Jo_Yana","twitter_site":"@Jo_Yana","twitter_misc":{"Written by":"Jo Yana","Est. reading time":"1 minute"},"schema":{"@context":"https:\/\/schema.org","@graph":[{"@type":"Article","@id":"https:\/\/www.joyana.fr\/ja\/la-redoute-x-sam-baron\/108190\/#article","isPartOf":{"@id":"https:\/\/www.joyana.fr\/ja\/la-redoute-x-sam-baron\/108190\/"},"author":{"name":"Jo Yana","@id":"https:\/\/www.joyana.fr\/ja\/#\/schema\/person\/cf2a1ad12a27c12c21801075bf37407c"},"headline":"LA REDOUTE x Sam BARON","datePublished":"2011-11-08T06:42:48+00:00","mainEntityOfPage":{"@id":"https:\/\/www.joyana.fr\/ja\/la-redoute-x-sam-baron\/108190\/"},"wordCount":144,"commentCount":16,"publisher":{"@id":"https:\/\/www.joyana.fr\/ja\/#\/schema\/person\/cf2a1ad12a27c12c21801075bf37407c"},"image":{"@id":"https:\/\/www.joyana.fr\/ja\/la-redoute-x-sam-baron\/108190\/#primaryimage"},"thumbnailUrl":"https:\/\/i0.wp.com\/joyana.fr\/wp-content\/uploads\/old\/sam-baron-redoute-2011-c.jpg?fit=1500%2C320&ssl=1","keywords":["DESIGN"],"articleSection":["Actualit\u00e9 D\u00e9co-Design","DECO-DESIGN","Mobilier"],"inLanguage":"en-US","potentialAction":[{"@type":"CommentAction","name":"Comment","target":["https:\/\/www.joyana.fr\/ja\/la-redoute-x-sam-baron\/108190\/#respond"]}]},{"@type":"WebPage","@id":"https:\/\/www.joyana.fr\/ja\/la-redoute-x-sam-baron\/108190\/","url":"https:\/\/www.joyana.fr\/ja\/la-redoute-x-sam-baron\/108190\/","name":"LA REDOUTE x Sam BARON - JO YANA","isPartOf":{"@id":"https:\/\/www.joyana.fr\/ja\/#website"},"primaryImageOfPage":{"@id":"https:\/\/www.joyana.fr\/ja\/la-redoute-x-sam-baron\/108190\/#primaryimage"},"image":{"@id":"https:\/\/www.joyana.fr\/ja\/la-redoute-x-sam-baron\/108190\/#primaryimage"},"thumbnailUrl":"https:\/\/i0.wp.com\/joyana.fr\/wp-content\/uploads\/old\/sam-baron-redoute-2011-c.jpg?fit=1500%2C320&ssl=1","datePublished":"2011-11-08T06:42:48+00:00","breadcrumb":{"@id":"https:\/\/www.joyana.fr\/ja\/la-redoute-x-sam-baron\/108190\/#breadcrumb"},"inLanguage":"en-US","potentialAction":[{"@type":"ReadAction","target":["https:\/\/www.joyana.fr\/ja\/la-redoute-x-sam-baron\/108190\/"]}]},{"@type":"ImageObject","inLanguage":"en-US","@id":"https:\/\/www.joyana.fr\/ja\/la-redoute-x-sam-baron\/108190\/#primaryimage","url":"https:\/\/i0.wp.com\/joyana.fr\/wp-content\/uploads\/old\/sam-baron-redoute-2011-c.jpg?fit=1500%2C320&ssl=1","contentUrl":"https:\/\/i0.wp.com\/joyana.fr\/wp-content\/uploads\/old\/sam-baron-redoute-2011-c.jpg?fit=1500%2C320&ssl=1","width":1500,"height":320},{"@type":"BreadcrumbList","@id":"https:\/\/www.joyana.fr\/ja\/la-redoute-x-sam-baron\/108190\/#breadcrumb","itemListElement":[{"@type":"ListItem","position":1,"name":"Accueil","item":"https:\/\/www.joyana.fr\/ja\/"},{"@type":"ListItem","position":2,"name":"LA REDOUTE x Sam BARON"}]},{"@type":"WebSite","@id":"https:\/\/www.joyana.fr\/ja\/#website","url":"https:\/\/www.joyana.fr\/ja\/","name":"JO YANA","description":"Blog Mode Homme, Lifestyle, D\u00e9co-Design","publisher":{"@id":"https:\/\/www.joyana.fr\/ja\/#\/schema\/person\/cf2a1ad12a27c12c21801075bf37407c"},"potentialAction":[{"@type":"SearchAction","target":{"@type":"EntryPoint","urlTemplate":"https:\/\/www.joyana.fr\/ja\/?s={search_term_string}"},"query-input":{"@type":"PropertyValueSpecification","valueRequired":true,"valueName":"search_term_string"}}],"inLanguage":"en-US"},{"@type":["Person","Organization"],"@id":"https:\/\/www.joyana.fr\/ja\/#\/schema\/person\/cf2a1ad12a27c12c21801075bf37407c","name":"Jo Yana","image":{"@type":"ImageObject","inLanguage":"en-US","@id":"https:\/\/www.joyana.fr\/ja\/#\/schema\/person\/image\/","url":"https:\/\/i0.wp.com\/joyana.fr\/wp-content\/uploads\/2016\/08\/cropped-joyana-logo-black-360x180.png?fit=343%2C164&ssl=1","contentUrl":"https:\/\/i0.wp.com\/joyana.fr\/wp-content\/uploads\/2016\/08\/cropped-joyana-logo-black-360x180.png?fit=343%2C164&ssl=1","width":343,"height":164,"caption":"Jo Yana"},"logo":{"@id":"https:\/\/www.joyana.fr\/ja\/#\/schema\/person\/image\/"},"description":"Jo Yana est le cr\u00e9ateur et r\u00e9dacteur en chef des sites DECO-DESIGN. Passionn\u00e9 de Design, Mode, Photo, Luxe, Lifestyle, Musique, mais avant tout Blogueur ! Le plaisir de partager l'anime et a comme devise \"POUR L'AMOUR DU BEAU\". Retrouvez le aussi sur son blog personnel - https:\/\/joyana.fr...","sameAs":["https:\/\/joyana.fr\/"],"url":"https:\/\/joyana.fr\/en\/author\/joyana\/"}]}},"author_meta":{"display_name":"Jo Yana","author_link":"https:\/\/joyana.fr\/en\/author\/joyana\/"},"featured_img":"https:\/\/i0.wp.com\/joyana.fr\/wp-content\/uploads\/old\/sam-baron-redoute-2011-c.jpg?fit=389%2C83&ssl=1","featured_image_src":"https:\/\/i0.wp.com\/joyana.fr\/wp-content\/uploads\/old\/sam-baron-redoute-2011-c.jpg?resize=600%2C320&ssl=1","featured_image_src_square":"https:\/\/i0.wp.com\/joyana.fr\/wp-content\/uploads\/old\/sam-baron-redoute-2011-c.jpg?resize=600%2C320&ssl=1","jetpack_featured_media_url":"https:\/\/i0.wp.com\/joyana.fr\/wp-content\/uploads\/old\/sam-baron-redoute-2011-c.jpg?fit=1500%2C320&ssl=1","uagb_featured_image_src":{"full":["https:\/\/i0.wp.com\/joyana.fr\/wp-content\/uploads\/old\/sam-baron-redoute-2011-c.jpg?fit=1500%2C320&ssl=1",1500,320,false],"thumbnail":["https:\/\/i0.wp.com\/joyana.fr\/wp-content\/uploads\/old\/sam-baron-redoute-2011-c.jpg?resize=150%2C150&ssl=1",150,150,true],"medium":["https:\/\/i0.wp.com\/joyana.fr\/wp-content\/uploads\/old\/sam-baron-redoute-2011-c.jpg?fit=389%2C83&ssl=1",389,83,true],"medium_large":["https:\/\/i0.wp.com\/joyana.fr\/wp-content\/uploads\/old\/sam-baron-redoute-2011-c.jpg?fit=768%2C164&ssl=1",768,164,true],"large":["https:\/\/i0.wp.com\/joyana.fr\/wp-content\/uploads\/old\/sam-baron-redoute-2011-c.jpg?fit=1024%2C218&ssl=1",1024,218,true],"1536x1536":["https:\/\/i0.wp.com\/joyana.fr\/wp-content\/uploads\/old\/sam-baron-redoute-2011-c.jpg?fit=1500%2C320&ssl=1",1500,320,true],"2048x2048":["https:\/\/i0.wp.com\/joyana.fr\/wp-content\/uploads\/old\/sam-baron-redoute-2011-c.jpg?fit=1500%2C320&ssl=1",1500,320,true],"featured-thumb":["https:\/\/i0.wp.com\/joyana.fr\/wp-content\/uploads\/old\/sam-baron-redoute-2011-c.jpg?resize=1500%2C320&ssl=1",1500,320,true],"ab-block-post-grid-landscape":["https:\/\/i0.wp.com\/joyana.fr\/wp-content\/uploads\/old\/sam-baron-redoute-2011-c.jpg?resize=600%2C320&ssl=1",600,320,true],"ab-block-post-grid-square":["https:\/\/i0.wp.com\/joyana.fr\/wp-content\/uploads\/old\/sam-baron-redoute-2011-c.jpg?resize=600%2C320&ssl=1",600,320,true],"author-pro-image":["https:\/\/i0.wp.com\/joyana.fr\/wp-content\/uploads\/old\/sam-baron-redoute-2011-c.jpg?resize=360%2C320&ssl=1",360,320,true],"slider":["https:\/\/i0.wp.com\/joyana.fr\/wp-content\/uploads\/old\/sam-baron-redoute-2011-c.jpg?resize=920%2C320&ssl=1",920,320,true],"woocommerce_thumbnail":["https:\/\/i0.wp.com\/joyana.fr\/wp-content\/uploads\/old\/sam-baron-redoute-2011-c.jpg?resize=450%2C320&ssl=1",450,320,true],"woocommerce_single":["https:\/\/i0.wp.com\/joyana.fr\/wp-content\/uploads\/old\/sam-baron-redoute-2011-c.jpg?fit=920%2C196&ssl=1",920,196,true],"woocommerce_gallery_thumbnail":["https:\/\/i0.wp.com\/joyana.fr\/wp-content\/uploads\/old\/sam-baron-redoute-2011-c.jpg?resize=180%2C180&ssl=1",180,180,true],"sow-carousel-default":["https:\/\/i0.wp.com\/joyana.fr\/wp-content\/uploads\/old\/sam-baron-redoute-2011-c.jpg?resize=272%2C182&ssl=1",272,182,true]},"uagb_author_info":{"display_name":"Jo Yana","author_link":"https:\/\/joyana.fr\/en\/author\/joyana\/"},"uagb_comment_info":32,"uagb_excerpt":"Deco-Design vous d\u00e9voile les premi\u00e8res images de la collaboration entre Sam Baron et La Redoute &#8211; qui avait pr\u00e9c\u00e9demment collabor\u00e9 avec Philippe Starck, Sarah Lavoine, ou encore Tom Dixon&#8230; Sam Baron nous d\u00e9voile les premi\u00e8res pi\u00e8ces de sa collaboration avec La Redoute, une collection \u00e9clectique et \u00e9l\u00e9gante, avec du mobilier confortable et chaleureux. Bureau, biblioth\u00e8que,&hellip;","coauthors":[],"tax_additional":{"categories":{"linked":["<a href=\"https:\/\/joyana.fr\/en\/category\/deco-design\/actualite\/actualite-deco-design\/\" class=\"advgb-post-tax-term\">Actualit\u00e9 D\u00e9co-Design<\/a>","<a href=\"https:\/\/joyana.fr\/en\/category\/deco-design\/\" class=\"advgb-post-tax-term\">DECO-DESIGN<\/a>","<a href=\"https:\/\/joyana.fr\/en\/category\/deco-design\/mobilier\/\" class=\"advgb-post-tax-term\">Mobilier<\/a>"],"unlinked":["<span class=\"advgb-post-tax-term\">Actualit\u00e9 D\u00e9co-Design<\/span>","<span class=\"advgb-post-tax-term\">DECO-DESIGN<\/span>","<span class=\"advgb-post-tax-term\">Mobilier<\/span>"]},"tags":{"linked":["<a href=\"https:\/\/joyana.fr\/en\/category\/deco-design\/mobilier\/\" class=\"advgb-post-tax-term\">DESIGN<\/a>"],"unlinked":["<span class=\"advgb-post-tax-term\">DESIGN<\/span>"]}},"comment_count":32,"relative_dates":{"created":"Posted 14 years ago","modified":"Updated 14 years ago"},"absolute_dates":{"created":"Posted on 8 November 2011","modified":"Updated on 8 November 2011"},"absolute_dates_time":{"created":"Posted on 8 November 2011 7:42","modified":"Updated on 8 November 2011 7:42"},"featured_img_caption":"","series_order":"","jetpack_sharing_enabled":true,"jetpack_shortlink":"https:\/\/wp.me\/p9bteI-s90","jetpack-related-posts":[],"_links":{"self":[{"href":"https:\/\/joyana.fr\/en\/wp-json\/wp\/v2\/posts\/108190","targetHints":{"allow":["GET"]}}],"collection":[{"href":"https:\/\/joyana.fr\/en\/wp-json\/wp\/v2\/posts"}],"about":[{"href":"https:\/\/joyana.fr\/en\/wp-json\/wp\/v2\/types\/post"}],"author":[{"embeddable":true,"href":"https:\/\/joyana.fr\/en\/wp-json\/wp\/v2\/users\/3"}],"replies":[{"embeddable":true,"href":"https:\/\/joyana.fr\/en\/wp-json\/wp\/v2\/comments?post=108190"}],"version-history":[{"count":0,"href":"https:\/\/joyana.fr\/en\/wp-json\/wp\/v2\/posts\/108190\/revisions"}],"wp:featuredmedia":[{"embeddable":true,"href":"https:\/\/joyana.fr\/en\/wp-json\/wp\/v2\/media\/108194"}],"wp:attachment":[{"href":"https:\/\/joyana.fr\/en\/wp-json\/wp\/v2\/media?parent=108190"}],"wp:term":[{"taxonomy":"category","embeddable":true,"href":"https:\/\/joyana.fr\/en\/wp-json\/wp\/v2\/categories?post=108190"},{"taxonomy":"post_tag","embeddable":true,"href":"https:\/\/joyana.fr\/en\/wp-json\/wp\/v2\/tags?post=108190"}],"curies":[{"name":"wp","href":"https:\/\/api.w.org\/{rel}","templated":true}]}}