{"id":108937,"date":"2012-02-16T08:20:24","date_gmt":"2012-02-16T07:20:24","guid":{"rendered":"https:\/\/joyana.fr\/?p=8937"},"modified":"2012-02-16T08:20:24","modified_gmt":"2012-02-16T07:20:24","slug":"fauteuil-ondule-par-mattis-esnault","status":"publish","type":"post","link":"https:\/\/joyana.fr\/en\/fauteuil-ondule-par-mattis-esnault\/108937\/","title":{"rendered":"ONDULE par Mattis ESNAULT"},"content":{"rendered":"<p><strong>ONDULE<\/strong> est sortie de l&#8217;imagination du designer <strong>Mattis Esnault<\/strong>, dans le cadre d\u2019un appel \u00e0 projet du <a title=\"VIA\" href=\"http:\/\/www.via.fr\/fr\/home.htm\">VIA<\/a> aux \u00e9coles de design fran\u00e7aises, pour cr\u00e9er du mobilier&#8230;<\/p>\n<p><img data-recalc-dims=\"1\" fetchpriority=\"high\" decoding=\"async\" data-attachment-id=\"8940\" data-permalink=\"https:\/\/joyana.fr\/en\/fashion-show-laureates-hyeres-2014\/8914\/blog_fashion-show-hyeres-2014_26-copie\/\" data-orig-file=\"https:\/\/i0.wp.com\/joyana.fr\/wp-content\/uploads\/2014\/04\/BLOG_fashion-show-hyeres-2014_26-copie.jpg?fit=800%2C800&amp;ssl=1\" data-orig-size=\"800,800\" data-comments-opened=\"1\" data-image-meta=\"{&quot;aperture&quot;:&quot;0&quot;,&quot;credit&quot;:&quot;&quot;,&quot;camera&quot;:&quot;&quot;,&quot;caption&quot;:&quot;&quot;,&quot;created_timestamp&quot;:&quot;0&quot;,&quot;copyright&quot;:&quot;&quot;,&quot;focal_length&quot;:&quot;0&quot;,&quot;iso&quot;:&quot;0&quot;,&quot;shutter_speed&quot;:&quot;0&quot;,&quot;title&quot;:&quot;&quot;,&quot;orientation&quot;:&quot;1&quot;}\" data-image-title=\"BLOG_fashion show hyeres 2014_26 copie\" data-image-description=\"\" data-image-caption=\"\" data-medium-file=\"https:\/\/i0.wp.com\/joyana.fr\/wp-content\/uploads\/2014\/04\/BLOG_fashion-show-hyeres-2014_26-copie.jpg?fit=389%2C389&amp;ssl=1\" data-large-file=\"https:\/\/i0.wp.com\/joyana.fr\/wp-content\/uploads\/2014\/04\/BLOG_fashion-show-hyeres-2014_26-copie.jpg?fit=800%2C800&amp;ssl=1\" class=\"alignnone size-full wp-image-8940\" title=\"Fauteuil ONDULE par Mattis ESNAULT\" src=\"https:\/\/i0.wp.com\/joyana.fr\/wp-content\/uploads\/ONDULE_900-01_08_sc_v2com.jpg?resize=576%2C576&#038;ssl=1\" alt=\"\" width=\"576\" height=\"576\" \/><\/p>\n<p><strong>ONDULE<\/strong> a \u00e9t\u00e9 s\u00e9lectionn\u00e9 et financ\u00e9 par le VIA, et rejoint l\u2019exposition \u00ab Via \/ Les \u00e9coles \u00bb \u00e0 Paris en juillet 2011. Accroch\u00e9e sur une coque solide et reprenant le principe du capitonnage, la texture compos\u00e9e d\u2019un assemblage de mousse et de textile est fix\u00e9e point par point sur son support en suivant une trame pr\u00e9d\u00e9finie. En recherche d\u2019\u00e9diteur,le designer <strong>Mattis Esnault<\/strong> \u00e0 d\u00e9velopper une gamme plus compl\u00e8te et continue de perfectionner la texture <strong>ONDULE<\/strong> pour en faire un \u00e9l\u00e9ment d\u00e9houssable&#8230;<\/p>\n<p>On aime le travail de matelassage qui donne naissance \u00e0 une surface qui semble s\u2019animer et suivre des mouvements ondulatoires. La texture, compos\u00e9e de textile 3D de la marque Kvadrat, devient dynamique et apporte un relief de surface qui accroche la lumi\u00e8re en tout point de l\u2019assise&#8230;<\/p>\n<p><img data-recalc-dims=\"1\" decoding=\"async\" data-attachment-id=\"8938\" data-permalink=\"https:\/\/joyana.fr\/en\/fashion-show-laureates-hyeres-2014\/8914\/blog_fashion-show-hyeres-2014_24-copie\/\" data-orig-file=\"https:\/\/i0.wp.com\/joyana.fr\/wp-content\/uploads\/2014\/04\/BLOG_fashion-show-hyeres-2014_24-copie.jpg?fit=800%2C800&amp;ssl=1\" data-orig-size=\"800,800\" data-comments-opened=\"1\" data-image-meta=\"{&quot;aperture&quot;:&quot;0&quot;,&quot;credit&quot;:&quot;&quot;,&quot;camera&quot;:&quot;&quot;,&quot;caption&quot;:&quot;&quot;,&quot;created_timestamp&quot;:&quot;0&quot;,&quot;copyright&quot;:&quot;&quot;,&quot;focal_length&quot;:&quot;0&quot;,&quot;iso&quot;:&quot;0&quot;,&quot;shutter_speed&quot;:&quot;0&quot;,&quot;title&quot;:&quot;&quot;,&quot;orientation&quot;:&quot;1&quot;}\" data-image-title=\"BLOG_fashion show hyeres 2014_24 copie\" data-image-description=\"\" data-image-caption=\"\" data-medium-file=\"https:\/\/i0.wp.com\/joyana.fr\/wp-content\/uploads\/2014\/04\/BLOG_fashion-show-hyeres-2014_24-copie.jpg?fit=389%2C389&amp;ssl=1\" data-large-file=\"https:\/\/i0.wp.com\/joyana.fr\/wp-content\/uploads\/2014\/04\/BLOG_fashion-show-hyeres-2014_24-copie.jpg?fit=800%2C800&amp;ssl=1\" class=\"alignnone size-full wp-image-8938\" title=\"Fauteuil ONDULE par Mattis ESNAULT\" src=\"https:\/\/i0.wp.com\/joyana.fr\/wp-content\/uploads\/ONDULE_900-01_01_sc_v2com.jpg?resize=576%2C576&#038;ssl=1\" alt=\"\" width=\"576\" height=\"576\" \/><\/p>\n<p><img data-recalc-dims=\"1\" decoding=\"async\" data-attachment-id=\"8939\" data-permalink=\"https:\/\/joyana.fr\/en\/fashion-show-laureates-hyeres-2014\/8914\/blog_fashion-show-hyeres-2014_25-copie\/\" data-orig-file=\"https:\/\/i0.wp.com\/joyana.fr\/wp-content\/uploads\/2014\/04\/BLOG_fashion-show-hyeres-2014_25-copie.jpg?fit=800%2C800&amp;ssl=1\" data-orig-size=\"800,800\" data-comments-opened=\"1\" data-image-meta=\"{&quot;aperture&quot;:&quot;0&quot;,&quot;credit&quot;:&quot;&quot;,&quot;camera&quot;:&quot;&quot;,&quot;caption&quot;:&quot;&quot;,&quot;created_timestamp&quot;:&quot;0&quot;,&quot;copyright&quot;:&quot;&quot;,&quot;focal_length&quot;:&quot;0&quot;,&quot;iso&quot;:&quot;0&quot;,&quot;shutter_speed&quot;:&quot;0&quot;,&quot;title&quot;:&quot;&quot;,&quot;orientation&quot;:&quot;1&quot;}\" data-image-title=\"BLOG_fashion show hyeres 2014_25 copie\" data-image-description=\"\" data-image-caption=\"\" data-medium-file=\"https:\/\/i0.wp.com\/joyana.fr\/wp-content\/uploads\/2014\/04\/BLOG_fashion-show-hyeres-2014_25-copie.jpg?fit=389%2C389&amp;ssl=1\" data-large-file=\"https:\/\/i0.wp.com\/joyana.fr\/wp-content\/uploads\/2014\/04\/BLOG_fashion-show-hyeres-2014_25-copie.jpg?fit=800%2C800&amp;ssl=1\" class=\"alignnone size-full wp-image-8939\" title=\"Fauteuil ONDULE par Mattis ESNAULT\" src=\"https:\/\/i0.wp.com\/joyana.fr\/wp-content\/uploads\/ONDULE_900-01_02_sc_v2com.jpg?resize=576%2C576&#038;ssl=1\" alt=\"\" width=\"576\" height=\"576\" \/><\/p>\n<p><img data-recalc-dims=\"1\" loading=\"lazy\" decoding=\"async\" data-attachment-id=\"8941\" data-permalink=\"https:\/\/joyana.fr\/en\/fashion-show-laureates-hyeres-2014\/8914\/blog_fashion-show-hyeres-2014_27-copie\/\" data-orig-file=\"https:\/\/i0.wp.com\/joyana.fr\/wp-content\/uploads\/2014\/04\/BLOG_fashion-show-hyeres-2014_27-copie.jpg?fit=800%2C800&amp;ssl=1\" data-orig-size=\"800,800\" data-comments-opened=\"1\" data-image-meta=\"{&quot;aperture&quot;:&quot;0&quot;,&quot;credit&quot;:&quot;&quot;,&quot;camera&quot;:&quot;&quot;,&quot;caption&quot;:&quot;&quot;,&quot;created_timestamp&quot;:&quot;0&quot;,&quot;copyright&quot;:&quot;&quot;,&quot;focal_length&quot;:&quot;0&quot;,&quot;iso&quot;:&quot;0&quot;,&quot;shutter_speed&quot;:&quot;0&quot;,&quot;title&quot;:&quot;&quot;,&quot;orientation&quot;:&quot;1&quot;}\" data-image-title=\"BLOG_fashion show hyeres 2014_27 copie\" data-image-description=\"\" data-image-caption=\"\" data-medium-file=\"https:\/\/i0.wp.com\/joyana.fr\/wp-content\/uploads\/2014\/04\/BLOG_fashion-show-hyeres-2014_27-copie.jpg?fit=389%2C389&amp;ssl=1\" data-large-file=\"https:\/\/i0.wp.com\/joyana.fr\/wp-content\/uploads\/2014\/04\/BLOG_fashion-show-hyeres-2014_27-copie.jpg?fit=800%2C800&amp;ssl=1\" class=\"alignnone size-full wp-image-8941\" title=\"Fauteuil ONDULE par Mattis ESNAULT\" src=\"https:\/\/i0.wp.com\/joyana.fr\/wp-content\/uploads\/ONDULE_900-01_11_sc_v2com.jpg?resize=576%2C576&#038;ssl=1\" alt=\"\" width=\"576\" height=\"576\" \/><\/p>\n<p><img data-recalc-dims=\"1\" loading=\"lazy\" decoding=\"async\" data-attachment-id=\"8942\" data-permalink=\"https:\/\/joyana.fr\/en\/fashion-show-laureates-hyeres-2014\/8914\/blog_fashion-show-hyeres-2014_28-copie\/\" data-orig-file=\"https:\/\/i0.wp.com\/joyana.fr\/wp-content\/uploads\/2014\/04\/BLOG_fashion-show-hyeres-2014_28-copie.jpg?fit=800%2C800&amp;ssl=1\" data-orig-size=\"800,800\" data-comments-opened=\"1\" data-image-meta=\"{&quot;aperture&quot;:&quot;0&quot;,&quot;credit&quot;:&quot;&quot;,&quot;camera&quot;:&quot;&quot;,&quot;caption&quot;:&quot;&quot;,&quot;created_timestamp&quot;:&quot;0&quot;,&quot;copyright&quot;:&quot;&quot;,&quot;focal_length&quot;:&quot;0&quot;,&quot;iso&quot;:&quot;0&quot;,&quot;shutter_speed&quot;:&quot;0&quot;,&quot;title&quot;:&quot;&quot;,&quot;orientation&quot;:&quot;1&quot;}\" data-image-title=\"BLOG_fashion show hyeres 2014_28 copie\" data-image-description=\"\" data-image-caption=\"\" data-medium-file=\"https:\/\/i0.wp.com\/joyana.fr\/wp-content\/uploads\/2014\/04\/BLOG_fashion-show-hyeres-2014_28-copie.jpg?fit=389%2C389&amp;ssl=1\" data-large-file=\"https:\/\/i0.wp.com\/joyana.fr\/wp-content\/uploads\/2014\/04\/BLOG_fashion-show-hyeres-2014_28-copie.jpg?fit=800%2C800&amp;ssl=1\" class=\"alignnone size-full wp-image-8942\" title=\"Fauteuil ONDULE par Mattis ESNAULT\" src=\"https:\/\/i0.wp.com\/joyana.fr\/wp-content\/uploads\/ONDULE_900-01_13_sc_v2com.jpg?resize=576%2C576&#038;ssl=1\" alt=\"\" width=\"576\" height=\"576\" \/><\/p>\n<p>En savoir + sur <a title=\"Mattis ESNAULT\" href=\"http:\/\/www.facebook.com\/people\/Mattis-Esnault\/1267835451\"><strong>Mattis ESNAULT<\/strong><\/a><\/p>\n","protected":false},"excerpt":{"rendered":"<p>ONDULE est sortie de l&#8217;imagination du designer Mattis Esnault, dans le cadre d\u2019un appel \u00e0 projet du VIA aux \u00e9coles de design fran\u00e7aises, pour cr\u00e9er du mobilier&#8230; ONDULE a \u00e9t\u00e9 s\u00e9lectionn\u00e9 et financ\u00e9 par le VIA, et rejoint l\u2019exposition \u00ab Via \/ Les \u00e9coles \u00bb \u00e0 Paris en juillet 2011. Accroch\u00e9e sur une coque solide [&hellip;]<\/p>\n","protected":false},"author":3,"featured_media":108940,"comment_status":"open","ping_status":"open","sticky":false,"template":"","format":"standard","meta":{"_coblocks_attr":"","_coblocks_dimensions":"","_coblocks_responsive_height":"","_coblocks_accordion_ie_support":"","_uag_custom_page_level_css":"","advgb_blocks_editor_width":"","advgb_blocks_columns_visual_guide":"","_genesis_hide_title":false,"_genesis_hide_breadcrumbs":false,"_genesis_hide_singular_image":false,"_genesis_hide_footer_widgets":false,"_genesis_custom_body_class":"","_genesis_custom_post_class":"","_genesis_layout":"","_themeisle_gutenberg_block_has_review":false,"_jetpack_newsletter_access":"","_jetpack_dont_email_post_to_subs":false,"_jetpack_newsletter_tier_id":0,"_jetpack_memberships_contains_paywalled_content":false,"_jetpack_memberships_contains_paid_content":false,"footnotes":""},"categories":[948,905,950,981,942],"tags":[78],"class_list":{"0":"post-108937","1":"post","2":"type-post","3":"status-publish","4":"format-standard","5":"has-post-thumbnail","7":"category-assise","8":"category-deco-design","9":"category-fauteuil","10":"category-kvadrat","11":"category-mobilier","12":"tag-design","13":"entry"},"featured_image_urls":{"full":["https:\/\/i0.wp.com\/joyana.fr\/wp-content\/uploads\/old\/ONDULE_900-01_08_sc_v2com.jpg?fit=576%2C576&ssl=1",576,576,false],"thumbnail":["https:\/\/i0.wp.com\/joyana.fr\/wp-content\/uploads\/old\/ONDULE_900-01_08_sc_v2com.jpg?resize=150%2C150&ssl=1",150,150,true],"medium":["https:\/\/i0.wp.com\/joyana.fr\/wp-content\/uploads\/old\/ONDULE_900-01_08_sc_v2com.jpg?fit=389%2C389&ssl=1",389,389,true],"medium_large":["https:\/\/i0.wp.com\/joyana.fr\/wp-content\/uploads\/old\/ONDULE_900-01_08_sc_v2com.jpg?fit=576%2C576&ssl=1",576,576,true],"large":["https:\/\/i0.wp.com\/joyana.fr\/wp-content\/uploads\/old\/ONDULE_900-01_08_sc_v2com.jpg?fit=576%2C576&ssl=1",576,576,true],"1536x1536":["https:\/\/i0.wp.com\/joyana.fr\/wp-content\/uploads\/old\/ONDULE_900-01_08_sc_v2com.jpg?fit=576%2C576&ssl=1",576,576,true],"2048x2048":["https:\/\/i0.wp.com\/joyana.fr\/wp-content\/uploads\/old\/ONDULE_900-01_08_sc_v2com.jpg?fit=576%2C576&ssl=1",576,576,true],"featured-thumb":["https:\/\/i0.wp.com\/joyana.fr\/wp-content\/uploads\/old\/ONDULE_900-01_08_sc_v2com.jpg?resize=576%2C576&ssl=1",576,576,true],"ab-block-post-grid-landscape":["https:\/\/i0.wp.com\/joyana.fr\/wp-content\/uploads\/old\/ONDULE_900-01_08_sc_v2com.jpg?resize=576%2C400&ssl=1",576,400,true],"ab-block-post-grid-square":["https:\/\/i0.wp.com\/joyana.fr\/wp-content\/uploads\/old\/ONDULE_900-01_08_sc_v2com.jpg?resize=576%2C576&ssl=1",576,576,true],"author-pro-image":["https:\/\/i0.wp.com\/joyana.fr\/wp-content\/uploads\/old\/ONDULE_900-01_08_sc_v2com.jpg?resize=360%2C570&ssl=1",360,570,true],"slider":["https:\/\/i0.wp.com\/joyana.fr\/wp-content\/uploads\/old\/ONDULE_900-01_08_sc_v2com.jpg?resize=576%2C400&ssl=1",576,400,true],"woocommerce_thumbnail":["https:\/\/i0.wp.com\/joyana.fr\/wp-content\/uploads\/old\/ONDULE_900-01_08_sc_v2com.jpg?resize=450%2C450&ssl=1",450,450,true],"woocommerce_single":["https:\/\/i0.wp.com\/joyana.fr\/wp-content\/uploads\/old\/ONDULE_900-01_08_sc_v2com.jpg?fit=576%2C576&ssl=1",576,576,true],"woocommerce_gallery_thumbnail":["https:\/\/i0.wp.com\/joyana.fr\/wp-content\/uploads\/old\/ONDULE_900-01_08_sc_v2com.jpg?resize=180%2C180&ssl=1",180,180,true],"sow-carousel-default":["https:\/\/i0.wp.com\/joyana.fr\/wp-content\/uploads\/old\/ONDULE_900-01_08_sc_v2com.jpg?resize=272%2C182&ssl=1",272,182,true]},"post_excerpt_stackable":"<p>ONDULE est sortie de l&#8217;imagination du designer Mattis Esnault, dans le cadre d\u2019un appel \u00e0 projet du VIA aux \u00e9coles de design fran\u00e7aises, pour cr\u00e9er du mobilier&#8230; ONDULE a \u00e9t\u00e9 s\u00e9lectionn\u00e9 et financ\u00e9 par le VIA, et rejoint l\u2019exposition \u00ab Via \/ Les \u00e9coles \u00bb \u00e0 Paris en juillet 2011. Accroch\u00e9e sur une coque solide et reprenant le principe du capitonnage, la texture compos\u00e9e d\u2019un assemblage de mousse et de textile est fix\u00e9e point par point sur son support en suivant une trame pr\u00e9d\u00e9finie. En recherche d\u2019\u00e9diteur,le designer Mattis Esnault \u00e0 d\u00e9velopper une gamme plus compl\u00e8te et continue de perfectionner&hellip;<\/p>\n","category_list":"<a href=\"https:\/\/joyana.fr\/en\/category\/deco-design\/mobilier\/assise\/\" rel=\"category tag\">Assise<\/a>, <a href=\"https:\/\/joyana.fr\/en\/category\/deco-design\/\" rel=\"category tag\">DECO-DESIGN<\/a>, <a href=\"https:\/\/joyana.fr\/en\/category\/deco-design\/mobilier\/assise\/fauteuil\/\" rel=\"category tag\">Fauteuil<\/a>, <a href=\"https:\/\/joyana.fr\/en\/category\/marques\/kvadrat\/\" rel=\"category tag\">Kvadrat<\/a>, <a href=\"https:\/\/joyana.fr\/en\/category\/deco-design\/mobilier\/\" rel=\"category tag\">Mobilier<\/a>","author_info":{"display_name":"Jo Yana","author_link":"https:\/\/joyana.fr\/en\/author\/joyana\/"},"comments_num":"12 comments","featured_image_urls_v2":{"full":["https:\/\/i0.wp.com\/joyana.fr\/wp-content\/uploads\/old\/ONDULE_900-01_08_sc_v2com.jpg?fit=576%2C576&ssl=1",576,576,false],"thumbnail":["https:\/\/i0.wp.com\/joyana.fr\/wp-content\/uploads\/old\/ONDULE_900-01_08_sc_v2com.jpg?resize=150%2C150&ssl=1",150,150,true],"medium":["https:\/\/i0.wp.com\/joyana.fr\/wp-content\/uploads\/old\/ONDULE_900-01_08_sc_v2com.jpg?fit=389%2C389&ssl=1",389,389,true],"medium_large":["https:\/\/i0.wp.com\/joyana.fr\/wp-content\/uploads\/old\/ONDULE_900-01_08_sc_v2com.jpg?fit=576%2C576&ssl=1",576,576,true],"large":["https:\/\/i0.wp.com\/joyana.fr\/wp-content\/uploads\/old\/ONDULE_900-01_08_sc_v2com.jpg?fit=576%2C576&ssl=1",576,576,true],"1536x1536":["https:\/\/i0.wp.com\/joyana.fr\/wp-content\/uploads\/old\/ONDULE_900-01_08_sc_v2com.jpg?fit=576%2C576&ssl=1",576,576,true],"2048x2048":["https:\/\/i0.wp.com\/joyana.fr\/wp-content\/uploads\/old\/ONDULE_900-01_08_sc_v2com.jpg?fit=576%2C576&ssl=1",576,576,true],"featured-thumb":["https:\/\/i0.wp.com\/joyana.fr\/wp-content\/uploads\/old\/ONDULE_900-01_08_sc_v2com.jpg?resize=576%2C576&ssl=1",576,576,true],"ab-block-post-grid-landscape":["https:\/\/i0.wp.com\/joyana.fr\/wp-content\/uploads\/old\/ONDULE_900-01_08_sc_v2com.jpg?resize=576%2C400&ssl=1",576,400,true],"ab-block-post-grid-square":["https:\/\/i0.wp.com\/joyana.fr\/wp-content\/uploads\/old\/ONDULE_900-01_08_sc_v2com.jpg?resize=576%2C576&ssl=1",576,576,true],"author-pro-image":["https:\/\/i0.wp.com\/joyana.fr\/wp-content\/uploads\/old\/ONDULE_900-01_08_sc_v2com.jpg?resize=360%2C570&ssl=1",360,570,true],"slider":["https:\/\/i0.wp.com\/joyana.fr\/wp-content\/uploads\/old\/ONDULE_900-01_08_sc_v2com.jpg?resize=576%2C400&ssl=1",576,400,true],"woocommerce_thumbnail":["https:\/\/i0.wp.com\/joyana.fr\/wp-content\/uploads\/old\/ONDULE_900-01_08_sc_v2com.jpg?resize=450%2C450&ssl=1",450,450,true],"woocommerce_single":["https:\/\/i0.wp.com\/joyana.fr\/wp-content\/uploads\/old\/ONDULE_900-01_08_sc_v2com.jpg?fit=576%2C576&ssl=1",576,576,true],"woocommerce_gallery_thumbnail":["https:\/\/i0.wp.com\/joyana.fr\/wp-content\/uploads\/old\/ONDULE_900-01_08_sc_v2com.jpg?resize=180%2C180&ssl=1",180,180,true],"sow-carousel-default":["https:\/\/i0.wp.com\/joyana.fr\/wp-content\/uploads\/old\/ONDULE_900-01_08_sc_v2com.jpg?resize=272%2C182&ssl=1",272,182,true]},"post_excerpt_stackable_v2":"<p>ONDULE est sortie de l&#8217;imagination du designer Mattis Esnault, dans le cadre d\u2019un appel \u00e0 projet du VIA aux \u00e9coles de design fran\u00e7aises, pour cr\u00e9er du mobilier&#8230; ONDULE a \u00e9t\u00e9 s\u00e9lectionn\u00e9 et financ\u00e9 par le VIA, et rejoint l\u2019exposition \u00ab Via \/ Les \u00e9coles \u00bb \u00e0 Paris en juillet 2011. Accroch\u00e9e sur une coque solide et reprenant le principe du capitonnage, la texture compos\u00e9e d\u2019un assemblage de mousse et de textile est fix\u00e9e point par point sur son support en suivant une trame pr\u00e9d\u00e9finie. En recherche d\u2019\u00e9diteur,le designer Mattis Esnault \u00e0 d\u00e9velopper une gamme plus compl\u00e8te et continue de perfectionner&hellip;<\/p>\n","category_list_v2":"<a href=\"https:\/\/joyana.fr\/en\/category\/deco-design\/mobilier\/assise\/\" rel=\"category tag\">Assise<\/a>, <a href=\"https:\/\/joyana.fr\/en\/category\/deco-design\/\" rel=\"category tag\">DECO-DESIGN<\/a>, <a href=\"https:\/\/joyana.fr\/en\/category\/deco-design\/mobilier\/assise\/fauteuil\/\" rel=\"category tag\">Fauteuil<\/a>, <a href=\"https:\/\/joyana.fr\/en\/category\/marques\/kvadrat\/\" rel=\"category tag\">Kvadrat<\/a>, <a href=\"https:\/\/joyana.fr\/en\/category\/deco-design\/mobilier\/\" rel=\"category tag\">Mobilier<\/a>","author_info_v2":{"name":"Jo Yana","url":"https:\/\/joyana.fr\/en\/author\/joyana\/"},"comments_num_v2":"12 comments","yoast_head":"<!-- This site is optimized with the Yoast SEO plugin v26.8 - https:\/\/yoast.com\/product\/yoast-seo-wordpress\/ -->\n<title>ONDULE par Mattis ESNAULT - JO YANA<\/title>\n<meta name=\"robots\" content=\"index, follow, max-snippet:-1, max-image-preview:large, max-video-preview:-1\" \/>\n<link rel=\"canonical\" href=\"https:\/\/joyana.fr\/en\/fauteuil-ondule-par-mattis-esnault\/108937\/\" \/>\n<meta property=\"og:locale\" content=\"en_US\" \/>\n<meta property=\"og:locale:alternate\" content=\"fr_FR\" \/>\n<meta property=\"og:locale:alternate\" content=\"ja\" \/>\n<meta property=\"og:type\" content=\"article\" \/>\n<meta property=\"og:title\" content=\"ONDULE par Mattis ESNAULT - JO YANA\" \/>\n<meta property=\"og:description\" content=\"ONDULE est sortie de l&#8217;imagination du designer Mattis Esnault, dans le cadre d\u2019un appel \u00e0 projet du VIA aux \u00e9coles de design fran\u00e7aises, pour cr\u00e9er du mobilier&#8230; ONDULE a \u00e9t\u00e9 s\u00e9lectionn\u00e9 et financ\u00e9 par le VIA, et rejoint l\u2019exposition \u00ab Via \/ Les \u00e9coles \u00bb \u00e0 Paris en juillet 2011. Accroch\u00e9e sur une coque solide [&hellip;]\" \/>\n<meta property=\"og:url\" content=\"https:\/\/joyana.fr\/en\/fauteuil-ondule-par-mattis-esnault\/108937\/\" \/>\n<meta property=\"og:site_name\" content=\"JO YANA\" \/>\n<meta property=\"article:published_time\" content=\"2012-02-16T07:20:24+00:00\" \/>\n<meta property=\"og:image\" content=\"https:\/\/i0.wp.com\/joyana.fr\/wp-content\/uploads\/old\/ONDULE_900-01_08_sc_v2com.jpg?fit=576%2C576&ssl=1\" \/>\n\t<meta property=\"og:image:width\" content=\"576\" \/>\n\t<meta property=\"og:image:height\" content=\"576\" \/>\n\t<meta property=\"og:image:type\" content=\"image\/jpeg\" \/>\n<meta name=\"author\" content=\"Jo Yana\" \/>\n<meta name=\"twitter:card\" content=\"summary_large_image\" \/>\n<meta name=\"twitter:creator\" content=\"@Jo_Yana\" \/>\n<meta name=\"twitter:site\" content=\"@Jo_Yana\" \/>\n<meta name=\"twitter:label1\" content=\"Written by\" \/>\n\t<meta name=\"twitter:data1\" content=\"Jo Yana\" \/>\n\t<meta name=\"twitter:label2\" content=\"Est. reading time\" \/>\n\t<meta name=\"twitter:data2\" content=\"1 minute\" \/>\n<script type=\"application\/ld+json\" class=\"yoast-schema-graph\">{\"@context\":\"https:\/\/schema.org\",\"@graph\":[{\"@type\":\"Article\",\"@id\":\"https:\/\/joyana.fr\/en\/fauteuil-ondule-par-mattis-esnault\/108937\/#article\",\"isPartOf\":{\"@id\":\"https:\/\/joyana.fr\/en\/fauteuil-ondule-par-mattis-esnault\/108937\/\"},\"author\":{\"name\":\"Jo Yana\",\"@id\":\"https:\/\/joyana.fr\/#\/schema\/person\/cf2a1ad12a27c12c21801075bf37407c\"},\"headline\":\"ONDULE par Mattis ESNAULT\",\"datePublished\":\"2012-02-16T07:20:24+00:00\",\"mainEntityOfPage\":{\"@id\":\"https:\/\/joyana.fr\/en\/fauteuil-ondule-par-mattis-esnault\/108937\/\"},\"wordCount\":179,\"commentCount\":6,\"publisher\":{\"@id\":\"https:\/\/joyana.fr\/#\/schema\/person\/cf2a1ad12a27c12c21801075bf37407c\"},\"image\":{\"@id\":\"https:\/\/joyana.fr\/en\/fauteuil-ondule-par-mattis-esnault\/108937\/#primaryimage\"},\"thumbnailUrl\":\"https:\/\/i0.wp.com\/joyana.fr\/wp-content\/uploads\/old\/ONDULE_900-01_08_sc_v2com.jpg?fit=576%2C576&ssl=1\",\"keywords\":[\"DESIGN\"],\"articleSection\":[\"Assise\",\"DECO-DESIGN\",\"Fauteuil\",\"Kvadrat\",\"Mobilier\"],\"inLanguage\":\"en-US\",\"potentialAction\":[{\"@type\":\"CommentAction\",\"name\":\"Comment\",\"target\":[\"https:\/\/joyana.fr\/en\/fauteuil-ondule-par-mattis-esnault\/108937\/#respond\"]}]},{\"@type\":\"WebPage\",\"@id\":\"https:\/\/joyana.fr\/en\/fauteuil-ondule-par-mattis-esnault\/108937\/\",\"url\":\"https:\/\/joyana.fr\/en\/fauteuil-ondule-par-mattis-esnault\/108937\/\",\"name\":\"ONDULE par Mattis ESNAULT - JO YANA\",\"isPartOf\":{\"@id\":\"https:\/\/joyana.fr\/#website\"},\"primaryImageOfPage\":{\"@id\":\"https:\/\/joyana.fr\/en\/fauteuil-ondule-par-mattis-esnault\/108937\/#primaryimage\"},\"image\":{\"@id\":\"https:\/\/joyana.fr\/en\/fauteuil-ondule-par-mattis-esnault\/108937\/#primaryimage\"},\"thumbnailUrl\":\"https:\/\/i0.wp.com\/joyana.fr\/wp-content\/uploads\/old\/ONDULE_900-01_08_sc_v2com.jpg?fit=576%2C576&ssl=1\",\"datePublished\":\"2012-02-16T07:20:24+00:00\",\"breadcrumb\":{\"@id\":\"https:\/\/joyana.fr\/en\/fauteuil-ondule-par-mattis-esnault\/108937\/#breadcrumb\"},\"inLanguage\":\"en-US\",\"potentialAction\":[{\"@type\":\"ReadAction\",\"target\":[\"https:\/\/joyana.fr\/en\/fauteuil-ondule-par-mattis-esnault\/108937\/\"]}]},{\"@type\":\"ImageObject\",\"inLanguage\":\"en-US\",\"@id\":\"https:\/\/joyana.fr\/en\/fauteuil-ondule-par-mattis-esnault\/108937\/#primaryimage\",\"url\":\"https:\/\/i0.wp.com\/joyana.fr\/wp-content\/uploads\/old\/ONDULE_900-01_08_sc_v2com.jpg?fit=576%2C576&ssl=1\",\"contentUrl\":\"https:\/\/i0.wp.com\/joyana.fr\/wp-content\/uploads\/old\/ONDULE_900-01_08_sc_v2com.jpg?fit=576%2C576&ssl=1\",\"width\":576,\"height\":576},{\"@type\":\"BreadcrumbList\",\"@id\":\"https:\/\/joyana.fr\/en\/fauteuil-ondule-par-mattis-esnault\/108937\/#breadcrumb\",\"itemListElement\":[{\"@type\":\"ListItem\",\"position\":1,\"name\":\"Accueil\",\"item\":\"https:\/\/joyana.fr\/\"},{\"@type\":\"ListItem\",\"position\":2,\"name\":\"ONDULE par Mattis ESNAULT\"}]},{\"@type\":\"WebSite\",\"@id\":\"https:\/\/joyana.fr\/#website\",\"url\":\"https:\/\/joyana.fr\/\",\"name\":\"JO YANA\",\"description\":\"Blog Mode Homme, Lifestyle, D\u00e9co-Design\",\"publisher\":{\"@id\":\"https:\/\/joyana.fr\/#\/schema\/person\/cf2a1ad12a27c12c21801075bf37407c\"},\"potentialAction\":[{\"@type\":\"SearchAction\",\"target\":{\"@type\":\"EntryPoint\",\"urlTemplate\":\"https:\/\/joyana.fr\/?s={search_term_string}\"},\"query-input\":{\"@type\":\"PropertyValueSpecification\",\"valueRequired\":true,\"valueName\":\"search_term_string\"}}],\"inLanguage\":\"en-US\"},{\"@type\":[\"Person\",\"Organization\"],\"@id\":\"https:\/\/joyana.fr\/#\/schema\/person\/cf2a1ad12a27c12c21801075bf37407c\",\"name\":\"Jo Yana\",\"image\":{\"@type\":\"ImageObject\",\"inLanguage\":\"en-US\",\"@id\":\"https:\/\/joyana.fr\/#\/schema\/person\/image\/\",\"url\":\"https:\/\/i0.wp.com\/joyana.fr\/wp-content\/uploads\/2016\/08\/cropped-joyana-logo-black-360x180.png?fit=343%2C164&ssl=1\",\"contentUrl\":\"https:\/\/i0.wp.com\/joyana.fr\/wp-content\/uploads\/2016\/08\/cropped-joyana-logo-black-360x180.png?fit=343%2C164&ssl=1\",\"width\":343,\"height\":164,\"caption\":\"Jo Yana\"},\"logo\":{\"@id\":\"https:\/\/joyana.fr\/#\/schema\/person\/image\/\"},\"description\":\"Jo Yana est le cr\u00e9ateur et r\u00e9dacteur en chef des sites DECO-DESIGN. Passionn\u00e9 de Design, Mode, Photo, Luxe, Lifestyle, Musique, mais avant tout Blogueur ! Le plaisir de partager l'anime et a comme devise \\\"POUR L'AMOUR DU BEAU\\\". Retrouvez le aussi sur son blog personnel - https:\/\/joyana.fr...\",\"sameAs\":[\"https:\/\/joyana.fr\/\"],\"url\":\"https:\/\/joyana.fr\/en\/author\/joyana\/\"}]}<\/script>\n<!-- \/ Yoast SEO plugin. -->","yoast_head_json":{"title":"ONDULE par Mattis ESNAULT - JO YANA","robots":{"index":"index","follow":"follow","max-snippet":"max-snippet:-1","max-image-preview":"max-image-preview:large","max-video-preview":"max-video-preview:-1"},"canonical":"https:\/\/joyana.fr\/en\/fauteuil-ondule-par-mattis-esnault\/108937\/","og_locale":"en_US","og_type":"article","og_title":"ONDULE par Mattis ESNAULT - JO YANA","og_description":"ONDULE est sortie de l&#8217;imagination du designer Mattis Esnault, dans le cadre d\u2019un appel \u00e0 projet du VIA aux \u00e9coles de design fran\u00e7aises, pour cr\u00e9er du mobilier&#8230; ONDULE a \u00e9t\u00e9 s\u00e9lectionn\u00e9 et financ\u00e9 par le VIA, et rejoint l\u2019exposition \u00ab Via \/ Les \u00e9coles \u00bb \u00e0 Paris en juillet 2011. Accroch\u00e9e sur une coque solide [&hellip;]","og_url":"https:\/\/joyana.fr\/en\/fauteuil-ondule-par-mattis-esnault\/108937\/","og_site_name":"JO YANA","article_published_time":"2012-02-16T07:20:24+00:00","og_image":[{"width":576,"height":576,"url":"https:\/\/i0.wp.com\/joyana.fr\/wp-content\/uploads\/old\/ONDULE_900-01_08_sc_v2com.jpg?fit=576%2C576&ssl=1","type":"image\/jpeg"}],"author":"Jo Yana","twitter_card":"summary_large_image","twitter_creator":"@Jo_Yana","twitter_site":"@Jo_Yana","twitter_misc":{"Written by":"Jo Yana","Est. reading time":"1 minute"},"schema":{"@context":"https:\/\/schema.org","@graph":[{"@type":"Article","@id":"https:\/\/joyana.fr\/en\/fauteuil-ondule-par-mattis-esnault\/108937\/#article","isPartOf":{"@id":"https:\/\/joyana.fr\/en\/fauteuil-ondule-par-mattis-esnault\/108937\/"},"author":{"name":"Jo Yana","@id":"https:\/\/joyana.fr\/#\/schema\/person\/cf2a1ad12a27c12c21801075bf37407c"},"headline":"ONDULE par Mattis ESNAULT","datePublished":"2012-02-16T07:20:24+00:00","mainEntityOfPage":{"@id":"https:\/\/joyana.fr\/en\/fauteuil-ondule-par-mattis-esnault\/108937\/"},"wordCount":179,"commentCount":6,"publisher":{"@id":"https:\/\/joyana.fr\/#\/schema\/person\/cf2a1ad12a27c12c21801075bf37407c"},"image":{"@id":"https:\/\/joyana.fr\/en\/fauteuil-ondule-par-mattis-esnault\/108937\/#primaryimage"},"thumbnailUrl":"https:\/\/i0.wp.com\/joyana.fr\/wp-content\/uploads\/old\/ONDULE_900-01_08_sc_v2com.jpg?fit=576%2C576&ssl=1","keywords":["DESIGN"],"articleSection":["Assise","DECO-DESIGN","Fauteuil","Kvadrat","Mobilier"],"inLanguage":"en-US","potentialAction":[{"@type":"CommentAction","name":"Comment","target":["https:\/\/joyana.fr\/en\/fauteuil-ondule-par-mattis-esnault\/108937\/#respond"]}]},{"@type":"WebPage","@id":"https:\/\/joyana.fr\/en\/fauteuil-ondule-par-mattis-esnault\/108937\/","url":"https:\/\/joyana.fr\/en\/fauteuil-ondule-par-mattis-esnault\/108937\/","name":"ONDULE par Mattis ESNAULT - JO YANA","isPartOf":{"@id":"https:\/\/joyana.fr\/#website"},"primaryImageOfPage":{"@id":"https:\/\/joyana.fr\/en\/fauteuil-ondule-par-mattis-esnault\/108937\/#primaryimage"},"image":{"@id":"https:\/\/joyana.fr\/en\/fauteuil-ondule-par-mattis-esnault\/108937\/#primaryimage"},"thumbnailUrl":"https:\/\/i0.wp.com\/joyana.fr\/wp-content\/uploads\/old\/ONDULE_900-01_08_sc_v2com.jpg?fit=576%2C576&ssl=1","datePublished":"2012-02-16T07:20:24+00:00","breadcrumb":{"@id":"https:\/\/joyana.fr\/en\/fauteuil-ondule-par-mattis-esnault\/108937\/#breadcrumb"},"inLanguage":"en-US","potentialAction":[{"@type":"ReadAction","target":["https:\/\/joyana.fr\/en\/fauteuil-ondule-par-mattis-esnault\/108937\/"]}]},{"@type":"ImageObject","inLanguage":"en-US","@id":"https:\/\/joyana.fr\/en\/fauteuil-ondule-par-mattis-esnault\/108937\/#primaryimage","url":"https:\/\/i0.wp.com\/joyana.fr\/wp-content\/uploads\/old\/ONDULE_900-01_08_sc_v2com.jpg?fit=576%2C576&ssl=1","contentUrl":"https:\/\/i0.wp.com\/joyana.fr\/wp-content\/uploads\/old\/ONDULE_900-01_08_sc_v2com.jpg?fit=576%2C576&ssl=1","width":576,"height":576},{"@type":"BreadcrumbList","@id":"https:\/\/joyana.fr\/en\/fauteuil-ondule-par-mattis-esnault\/108937\/#breadcrumb","itemListElement":[{"@type":"ListItem","position":1,"name":"Accueil","item":"https:\/\/joyana.fr\/"},{"@type":"ListItem","position":2,"name":"ONDULE par Mattis ESNAULT"}]},{"@type":"WebSite","@id":"https:\/\/joyana.fr\/#website","url":"https:\/\/joyana.fr\/","name":"JO YANA","description":"Blog Mode Homme, Lifestyle, D\u00e9co-Design","publisher":{"@id":"https:\/\/joyana.fr\/#\/schema\/person\/cf2a1ad12a27c12c21801075bf37407c"},"potentialAction":[{"@type":"SearchAction","target":{"@type":"EntryPoint","urlTemplate":"https:\/\/joyana.fr\/?s={search_term_string}"},"query-input":{"@type":"PropertyValueSpecification","valueRequired":true,"valueName":"search_term_string"}}],"inLanguage":"en-US"},{"@type":["Person","Organization"],"@id":"https:\/\/joyana.fr\/#\/schema\/person\/cf2a1ad12a27c12c21801075bf37407c","name":"Jo Yana","image":{"@type":"ImageObject","inLanguage":"en-US","@id":"https:\/\/joyana.fr\/#\/schema\/person\/image\/","url":"https:\/\/i0.wp.com\/joyana.fr\/wp-content\/uploads\/2016\/08\/cropped-joyana-logo-black-360x180.png?fit=343%2C164&ssl=1","contentUrl":"https:\/\/i0.wp.com\/joyana.fr\/wp-content\/uploads\/2016\/08\/cropped-joyana-logo-black-360x180.png?fit=343%2C164&ssl=1","width":343,"height":164,"caption":"Jo Yana"},"logo":{"@id":"https:\/\/joyana.fr\/#\/schema\/person\/image\/"},"description":"Jo Yana est le cr\u00e9ateur et r\u00e9dacteur en chef des sites DECO-DESIGN. Passionn\u00e9 de Design, Mode, Photo, Luxe, Lifestyle, Musique, mais avant tout Blogueur ! Le plaisir de partager l'anime et a comme devise \"POUR L'AMOUR DU BEAU\". Retrouvez le aussi sur son blog personnel - https:\/\/joyana.fr...","sameAs":["https:\/\/joyana.fr\/"],"url":"https:\/\/joyana.fr\/en\/author\/joyana\/"}]}},"author_meta":{"display_name":"Jo Yana","author_link":"https:\/\/joyana.fr\/en\/author\/joyana\/"},"featured_img":"https:\/\/i0.wp.com\/joyana.fr\/wp-content\/uploads\/old\/ONDULE_900-01_08_sc_v2com.jpg?fit=389%2C389&ssl=1","featured_image_src":"https:\/\/i0.wp.com\/joyana.fr\/wp-content\/uploads\/old\/ONDULE_900-01_08_sc_v2com.jpg?resize=576%2C400&ssl=1","featured_image_src_square":"https:\/\/i0.wp.com\/joyana.fr\/wp-content\/uploads\/old\/ONDULE_900-01_08_sc_v2com.jpg?resize=576%2C576&ssl=1","jetpack_featured_media_url":"https:\/\/i0.wp.com\/joyana.fr\/wp-content\/uploads\/old\/ONDULE_900-01_08_sc_v2com.jpg?fit=576%2C576&ssl=1","uagb_featured_image_src":{"full":["https:\/\/i0.wp.com\/joyana.fr\/wp-content\/uploads\/old\/ONDULE_900-01_08_sc_v2com.jpg?fit=576%2C576&ssl=1",576,576,false],"thumbnail":["https:\/\/i0.wp.com\/joyana.fr\/wp-content\/uploads\/old\/ONDULE_900-01_08_sc_v2com.jpg?resize=150%2C150&ssl=1",150,150,true],"medium":["https:\/\/i0.wp.com\/joyana.fr\/wp-content\/uploads\/old\/ONDULE_900-01_08_sc_v2com.jpg?fit=389%2C389&ssl=1",389,389,true],"medium_large":["https:\/\/i0.wp.com\/joyana.fr\/wp-content\/uploads\/old\/ONDULE_900-01_08_sc_v2com.jpg?fit=576%2C576&ssl=1",576,576,true],"large":["https:\/\/i0.wp.com\/joyana.fr\/wp-content\/uploads\/old\/ONDULE_900-01_08_sc_v2com.jpg?fit=576%2C576&ssl=1",576,576,true],"1536x1536":["https:\/\/i0.wp.com\/joyana.fr\/wp-content\/uploads\/old\/ONDULE_900-01_08_sc_v2com.jpg?fit=576%2C576&ssl=1",576,576,true],"2048x2048":["https:\/\/i0.wp.com\/joyana.fr\/wp-content\/uploads\/old\/ONDULE_900-01_08_sc_v2com.jpg?fit=576%2C576&ssl=1",576,576,true],"featured-thumb":["https:\/\/i0.wp.com\/joyana.fr\/wp-content\/uploads\/old\/ONDULE_900-01_08_sc_v2com.jpg?resize=576%2C576&ssl=1",576,576,true],"ab-block-post-grid-landscape":["https:\/\/i0.wp.com\/joyana.fr\/wp-content\/uploads\/old\/ONDULE_900-01_08_sc_v2com.jpg?resize=576%2C400&ssl=1",576,400,true],"ab-block-post-grid-square":["https:\/\/i0.wp.com\/joyana.fr\/wp-content\/uploads\/old\/ONDULE_900-01_08_sc_v2com.jpg?resize=576%2C576&ssl=1",576,576,true],"author-pro-image":["https:\/\/i0.wp.com\/joyana.fr\/wp-content\/uploads\/old\/ONDULE_900-01_08_sc_v2com.jpg?resize=360%2C570&ssl=1",360,570,true],"slider":["https:\/\/i0.wp.com\/joyana.fr\/wp-content\/uploads\/old\/ONDULE_900-01_08_sc_v2com.jpg?resize=576%2C400&ssl=1",576,400,true],"woocommerce_thumbnail":["https:\/\/i0.wp.com\/joyana.fr\/wp-content\/uploads\/old\/ONDULE_900-01_08_sc_v2com.jpg?resize=450%2C450&ssl=1",450,450,true],"woocommerce_single":["https:\/\/i0.wp.com\/joyana.fr\/wp-content\/uploads\/old\/ONDULE_900-01_08_sc_v2com.jpg?fit=576%2C576&ssl=1",576,576,true],"woocommerce_gallery_thumbnail":["https:\/\/i0.wp.com\/joyana.fr\/wp-content\/uploads\/old\/ONDULE_900-01_08_sc_v2com.jpg?resize=180%2C180&ssl=1",180,180,true],"sow-carousel-default":["https:\/\/i0.wp.com\/joyana.fr\/wp-content\/uploads\/old\/ONDULE_900-01_08_sc_v2com.jpg?resize=272%2C182&ssl=1",272,182,true]},"uagb_author_info":{"display_name":"Jo Yana","author_link":"https:\/\/joyana.fr\/en\/author\/joyana\/"},"uagb_comment_info":12,"uagb_excerpt":"ONDULE est sortie de l&#8217;imagination du designer Mattis Esnault, dans le cadre d\u2019un appel \u00e0 projet du VIA aux \u00e9coles de design fran\u00e7aises, pour cr\u00e9er du mobilier&#8230; ONDULE a \u00e9t\u00e9 s\u00e9lectionn\u00e9 et financ\u00e9 par le VIA, et rejoint l\u2019exposition \u00ab Via \/ Les \u00e9coles \u00bb \u00e0 Paris en juillet 2011. Accroch\u00e9e sur une coque solide&hellip;","coauthors":[],"tax_additional":{"categories":{"linked":["<a href=\"https:\/\/joyana.fr\/en\/category\/deco-design\/mobilier\/assise\/\" class=\"advgb-post-tax-term\">Assise<\/a>","<a href=\"https:\/\/joyana.fr\/en\/category\/deco-design\/\" class=\"advgb-post-tax-term\">DECO-DESIGN<\/a>","<a href=\"https:\/\/joyana.fr\/en\/category\/deco-design\/mobilier\/assise\/fauteuil\/\" class=\"advgb-post-tax-term\">Fauteuil<\/a>","<a href=\"https:\/\/joyana.fr\/en\/category\/marques\/kvadrat\/\" class=\"advgb-post-tax-term\">Kvadrat<\/a>","<a href=\"https:\/\/joyana.fr\/en\/category\/deco-design\/mobilier\/\" class=\"advgb-post-tax-term\">Mobilier<\/a>"],"unlinked":["<span class=\"advgb-post-tax-term\">Assise<\/span>","<span class=\"advgb-post-tax-term\">DECO-DESIGN<\/span>","<span class=\"advgb-post-tax-term\">Fauteuil<\/span>","<span class=\"advgb-post-tax-term\">Kvadrat<\/span>","<span class=\"advgb-post-tax-term\">Mobilier<\/span>"]},"tags":{"linked":["<a href=\"https:\/\/joyana.fr\/en\/category\/deco-design\/mobilier\/\" class=\"advgb-post-tax-term\">DESIGN<\/a>"],"unlinked":["<span class=\"advgb-post-tax-term\">DESIGN<\/span>"]}},"comment_count":12,"relative_dates":{"created":"Posted 14 years ago","modified":"Updated 14 years ago"},"absolute_dates":{"created":"Posted on 16 February 2012","modified":"Updated on 16 February 2012"},"absolute_dates_time":{"created":"Posted on 16 February 2012 8:20","modified":"Updated on 16 February 2012 8:20"},"featured_img_caption":"","series_order":"","jetpack_sharing_enabled":true,"jetpack_shortlink":"https:\/\/wp.me\/p9bteI-sl3","jetpack-related-posts":[],"_links":{"self":[{"href":"https:\/\/joyana.fr\/en\/wp-json\/wp\/v2\/posts\/108937","targetHints":{"allow":["GET"]}}],"collection":[{"href":"https:\/\/joyana.fr\/en\/wp-json\/wp\/v2\/posts"}],"about":[{"href":"https:\/\/joyana.fr\/en\/wp-json\/wp\/v2\/types\/post"}],"author":[{"embeddable":true,"href":"https:\/\/joyana.fr\/en\/wp-json\/wp\/v2\/users\/3"}],"replies":[{"embeddable":true,"href":"https:\/\/joyana.fr\/en\/wp-json\/wp\/v2\/comments?post=108937"}],"version-history":[{"count":0,"href":"https:\/\/joyana.fr\/en\/wp-json\/wp\/v2\/posts\/108937\/revisions"}],"wp:featuredmedia":[{"embeddable":true,"href":"https:\/\/joyana.fr\/en\/wp-json\/wp\/v2\/media\/108940"}],"wp:attachment":[{"href":"https:\/\/joyana.fr\/en\/wp-json\/wp\/v2\/media?parent=108937"}],"wp:term":[{"taxonomy":"category","embeddable":true,"href":"https:\/\/joyana.fr\/en\/wp-json\/wp\/v2\/categories?post=108937"},{"taxonomy":"post_tag","embeddable":true,"href":"https:\/\/joyana.fr\/en\/wp-json\/wp\/v2\/tags?post=108937"}],"curies":[{"name":"wp","href":"https:\/\/api.w.org\/{rel}","templated":true}]}}