{"id":109003,"date":"2012-02-23T13:39:45","date_gmt":"2012-02-23T12:39:45","guid":{"rendered":"https:\/\/joyana.fr\/?p=9003"},"modified":"2012-02-23T13:39:45","modified_gmt":"2012-02-23T12:39:45","slug":"architecture-maison-plath-house-thomas-bendel","status":"publish","type":"post","link":"https:\/\/joyana.fr\/en\/architecture-maison-plath-house-thomas-bendel\/109003\/","title":{"rendered":"PLATH House par Thomas BENDEL"},"content":{"rendered":"<p>Direction <strong>Berlin<\/strong> pour d\u00e9couvrir le projet <strong>PLATH House<\/strong> &#8211; une <strong>maison<\/strong> sur trois \u00e9tages emm\u00e9nag\u00e9e par l&#8217;<strong>architecte<\/strong> allemand <strong>Thomas Bendel<\/strong>&#8230;<\/p>\n<p><img data-recalc-dims=\"1\" fetchpriority=\"high\" decoding=\"async\" class=\"alignnone size-full wp-image-9005\" title=\"PLATH House par Thomas BENDEL\" src=\"https:\/\/i0.wp.com\/joyana.fr\/wp-content\/uploads\/plath-house-pro_bosse_03.jpg?resize=576%2C374&#038;ssl=1\" alt=\"PLATH HOUSE THOMAS BENDEL\" width=\"576\" height=\"374\" \/><\/p>\n<p>Transformation et extension d&#8217;une <strong>maison<\/strong> sur 3 \u00e9tages \u00e0 Berlin tel est le projet de l&#8217;architecte Thomas Bendel !!! Le rez-de-chauss\u00e9e abrite la salle \u00e0 manger\/cuisine et le salon. L&#8217;architecte dessine des placards \u00e0 hauteur de plafond pour fondre la cuisine dans l&#8217;espace, ainsi qu&#8217;un grand comptoir en bois qui rassemble l&#8217;essentiel de l\u2019\u00e9lectrom\u00e9nager&#8230;<\/p>\n<p><img data-recalc-dims=\"1\" decoding=\"async\" class=\"alignnone size-full wp-image-9004\" title=\"PLATH House par Thomas BENDEL\" src=\"https:\/\/i0.wp.com\/joyana.fr\/wp-content\/uploads\/plath-house-pro_bosse_02.jpg?resize=576%2C784&#038;ssl=1\" alt=\"PLATH HOUSE THOMAS BENDEL\" width=\"576\" height=\"784\" \/><\/p>\n<p><img data-recalc-dims=\"1\" decoding=\"async\" data-attachment-id=\"9006\" data-permalink=\"https:\/\/joyana.fr\/en\/pour-lamour-du-beau-1-photo-hyeres\/8988\/blog_inspiration-photo_1\/\" data-orig-file=\"https:\/\/i0.wp.com\/joyana.fr\/wp-content\/uploads\/2014\/05\/BLOG_INSPIRATION-PHOTO_1.jpg?fit=800%2C800&amp;ssl=1\" data-orig-size=\"800,800\" data-comments-opened=\"1\" data-image-meta=\"{&quot;aperture&quot;:&quot;0&quot;,&quot;credit&quot;:&quot;&quot;,&quot;camera&quot;:&quot;&quot;,&quot;caption&quot;:&quot;&quot;,&quot;created_timestamp&quot;:&quot;0&quot;,&quot;copyright&quot;:&quot;&quot;,&quot;focal_length&quot;:&quot;0&quot;,&quot;iso&quot;:&quot;0&quot;,&quot;shutter_speed&quot;:&quot;0&quot;,&quot;title&quot;:&quot;&quot;,&quot;orientation&quot;:&quot;0&quot;}\" data-image-title=\"BLOG_INSPIRATION-PHOTO_1\" data-image-description=\"\" data-image-caption=\"\" data-medium-file=\"https:\/\/i0.wp.com\/joyana.fr\/wp-content\/uploads\/2014\/05\/BLOG_INSPIRATION-PHOTO_1.jpg?fit=389%2C389&amp;ssl=1\" data-large-file=\"https:\/\/i0.wp.com\/joyana.fr\/wp-content\/uploads\/2014\/05\/BLOG_INSPIRATION-PHOTO_1.jpg?fit=800%2C800&amp;ssl=1\" class=\"alignnone size-full wp-image-9006\" title=\"PLATH House par Thomas BENDEL\" src=\"https:\/\/i0.wp.com\/joyana.fr\/wp-content\/uploads\/plath-house-pro_bosse_06.jpg?resize=576%2C386&#038;ssl=1\" alt=\"PLATH HOUSE THOMAS BENDEL\" width=\"576\" height=\"386\" \/><\/p>\n<p>Un meuble noir construit au 2e \u00e9tage se prolonge de la salle de bain \u00e0 la zone de couchage pour finir en dressing. De plus ce meuble abrite toilette, la machine \u00e0 laver, chauffage, armoires, tout le long des murs. Tout est ainsi sans interruption, et sur des lignes continues&#8230; Une belle performance r\u00e9alis\u00e9e ici par <strong>Thomas Bendel<\/strong> !!!<\/p>\n<p><img data-recalc-dims=\"1\" loading=\"lazy\" decoding=\"async\" class=\"alignnone size-full wp-image-9007\" title=\"PLATH House par Thomas BENDEL\" src=\"https:\/\/i0.wp.com\/joyana.fr\/wp-content\/uploads\/PLATH-HOUSE-THOMAS-BENDELSans-titre-1.jpg?resize=576%2C425&#038;ssl=1\" alt=\"\" width=\"576\" height=\"425\" \/><\/p>\n<p><img data-recalc-dims=\"1\" loading=\"lazy\" decoding=\"async\" class=\"alignnone size-full wp-image-9008\" title=\"PLATH House par Thomas BENDEL\" src=\"https:\/\/i0.wp.com\/joyana.fr\/wp-content\/uploads\/plath-pro_bosse_03.jpg?resize=576%2C419&#038;ssl=1\" alt=\"\" width=\"576\" height=\"419\" \/><\/p>\n<p>En savoir <strong>+<\/strong> sur <a title=\"Thomas BENDEL\" href=\"http:\/\/www.thomasbendel.com\/profil\/\"><strong>Thomas BENDEL<\/strong><\/a><\/p>\n","protected":false},"excerpt":{"rendered":"<p>Direction Berlin pour d\u00e9couvrir le projet PLATH House &#8211; une maison sur trois \u00e9tages emm\u00e9nag\u00e9e par l&#8217;architecte allemand Thomas Bendel&#8230; Transformation et extension d&#8217;une maison sur 3 \u00e9tages \u00e0 Berlin tel est le projet de l&#8217;architecte Thomas Bendel !!! Le rez-de-chauss\u00e9e abrite la salle \u00e0 manger\/cuisine et le salon. L&#8217;architecte dessine des placards \u00e0 hauteur [&hellip;]<\/p>\n","protected":false},"author":3,"featured_media":109005,"comment_status":"open","ping_status":"open","sticky":false,"template":"","format":"standard","meta":{"_coblocks_attr":"","_coblocks_dimensions":"","_coblocks_responsive_height":"","_coblocks_accordion_ie_support":"","_uag_custom_page_level_css":"","advgb_blocks_editor_width":"","advgb_blocks_columns_visual_guide":"","_genesis_hide_title":false,"_genesis_hide_breadcrumbs":false,"_genesis_hide_singular_image":false,"_genesis_hide_footer_widgets":false,"_genesis_custom_body_class":"","_genesis_custom_post_class":"","_genesis_layout":"","_themeisle_gutenberg_block_has_review":false,"_jetpack_newsletter_access":"","_jetpack_dont_email_post_to_subs":false,"_jetpack_newsletter_tier_id":0,"_jetpack_memberships_contains_paywalled_content":false,"_jetpack_memberships_contains_paid_content":false,"footnotes":""},"categories":[1019,71,905,1024],"tags":[501],"class_list":{"0":"post-109003","1":"post","2":"type-post","3":"status-publish","4":"format-standard","5":"has-post-thumbnail","7":"category-allemagne","8":"category-architecture","9":"category-deco-design","10":"category-maison","11":"tag-architecture-2","12":"entry"},"featured_image_urls":{"full":["https:\/\/i0.wp.com\/joyana.fr\/wp-content\/uploads\/old\/plath-house-pro_bosse_03.jpg?fit=576%2C374&ssl=1",576,374,false],"thumbnail":["https:\/\/i0.wp.com\/joyana.fr\/wp-content\/uploads\/old\/plath-house-pro_bosse_03.jpg?resize=150%2C150&ssl=1",150,150,true],"medium":["https:\/\/i0.wp.com\/joyana.fr\/wp-content\/uploads\/old\/plath-house-pro_bosse_03.jpg?fit=389%2C253&ssl=1",389,253,true],"medium_large":["https:\/\/i0.wp.com\/joyana.fr\/wp-content\/uploads\/old\/plath-house-pro_bosse_03.jpg?fit=576%2C374&ssl=1",576,374,true],"large":["https:\/\/i0.wp.com\/joyana.fr\/wp-content\/uploads\/old\/plath-house-pro_bosse_03.jpg?fit=576%2C374&ssl=1",576,374,true],"1536x1536":["https:\/\/i0.wp.com\/joyana.fr\/wp-content\/uploads\/old\/plath-house-pro_bosse_03.jpg?fit=576%2C374&ssl=1",576,374,true],"2048x2048":["https:\/\/i0.wp.com\/joyana.fr\/wp-content\/uploads\/old\/plath-house-pro_bosse_03.jpg?fit=576%2C374&ssl=1",576,374,true],"featured-thumb":["https:\/\/i0.wp.com\/joyana.fr\/wp-content\/uploads\/old\/plath-house-pro_bosse_03.jpg?resize=576%2C374&ssl=1",576,374,true],"ab-block-post-grid-landscape":["https:\/\/i0.wp.com\/joyana.fr\/wp-content\/uploads\/old\/plath-house-pro_bosse_03.jpg?resize=576%2C374&ssl=1",576,374,true],"ab-block-post-grid-square":["https:\/\/i0.wp.com\/joyana.fr\/wp-content\/uploads\/old\/plath-house-pro_bosse_03.jpg?resize=576%2C374&ssl=1",576,374,true],"author-pro-image":["https:\/\/i0.wp.com\/joyana.fr\/wp-content\/uploads\/old\/plath-house-pro_bosse_03.jpg?resize=360%2C374&ssl=1",360,374,true],"slider":["https:\/\/i0.wp.com\/joyana.fr\/wp-content\/uploads\/old\/plath-house-pro_bosse_03.jpg?resize=576%2C374&ssl=1",576,374,true],"woocommerce_thumbnail":["https:\/\/i0.wp.com\/joyana.fr\/wp-content\/uploads\/old\/plath-house-pro_bosse_03.jpg?resize=450%2C374&ssl=1",450,374,true],"woocommerce_single":["https:\/\/i0.wp.com\/joyana.fr\/wp-content\/uploads\/old\/plath-house-pro_bosse_03.jpg?fit=576%2C374&ssl=1",576,374,true],"woocommerce_gallery_thumbnail":["https:\/\/i0.wp.com\/joyana.fr\/wp-content\/uploads\/old\/plath-house-pro_bosse_03.jpg?resize=180%2C180&ssl=1",180,180,true],"sow-carousel-default":["https:\/\/i0.wp.com\/joyana.fr\/wp-content\/uploads\/old\/plath-house-pro_bosse_03.jpg?resize=272%2C182&ssl=1",272,182,true]},"post_excerpt_stackable":"<p>Direction Berlin pour d\u00e9couvrir le projet PLATH House &#8211; une maison sur trois \u00e9tages emm\u00e9nag\u00e9e par l&#8217;architecte allemand Thomas Bendel&#8230; Transformation et extension d&#8217;une maison sur 3 \u00e9tages \u00e0 Berlin tel est le projet de l&#8217;architecte Thomas Bendel !!! Le rez-de-chauss\u00e9e abrite la salle \u00e0 manger\/cuisine et le salon. L&#8217;architecte dessine des placards \u00e0 hauteur de plafond pour fondre la cuisine dans l&#8217;espace, ainsi qu&#8217;un grand comptoir en bois qui rassemble l&#8217;essentiel de l\u2019\u00e9lectrom\u00e9nager&#8230; Un meuble noir construit au 2e \u00e9tage se prolonge de la salle de bain \u00e0 la zone de couchage pour finir en dressing. De plus ce&hellip;<\/p>\n","category_list":"<a href=\"https:\/\/joyana.fr\/en\/category\/deco-design\/architecture-deco-design\/pays\/allemagne\/\" rel=\"category tag\">Allemagne<\/a>, <a href=\"https:\/\/joyana.fr\/en\/category\/portfolio\/architecture\/\" rel=\"category tag\">ARCHITECTURE<\/a>, <a href=\"https:\/\/joyana.fr\/en\/category\/deco-design\/\" rel=\"category tag\">DECO-DESIGN<\/a>, <a href=\"https:\/\/joyana.fr\/en\/category\/deco-design\/architecture-deco-design\/lieux-design\/maison\/\" rel=\"category tag\">Maison<\/a>","author_info":{"display_name":"Jo Yana","author_link":"https:\/\/joyana.fr\/en\/author\/joyana\/"},"comments_num":"0 comments","featured_image_urls_v2":{"full":["https:\/\/i0.wp.com\/joyana.fr\/wp-content\/uploads\/old\/plath-house-pro_bosse_03.jpg?fit=576%2C374&ssl=1",576,374,false],"thumbnail":["https:\/\/i0.wp.com\/joyana.fr\/wp-content\/uploads\/old\/plath-house-pro_bosse_03.jpg?resize=150%2C150&ssl=1",150,150,true],"medium":["https:\/\/i0.wp.com\/joyana.fr\/wp-content\/uploads\/old\/plath-house-pro_bosse_03.jpg?fit=389%2C253&ssl=1",389,253,true],"medium_large":["https:\/\/i0.wp.com\/joyana.fr\/wp-content\/uploads\/old\/plath-house-pro_bosse_03.jpg?fit=576%2C374&ssl=1",576,374,true],"large":["https:\/\/i0.wp.com\/joyana.fr\/wp-content\/uploads\/old\/plath-house-pro_bosse_03.jpg?fit=576%2C374&ssl=1",576,374,true],"1536x1536":["https:\/\/i0.wp.com\/joyana.fr\/wp-content\/uploads\/old\/plath-house-pro_bosse_03.jpg?fit=576%2C374&ssl=1",576,374,true],"2048x2048":["https:\/\/i0.wp.com\/joyana.fr\/wp-content\/uploads\/old\/plath-house-pro_bosse_03.jpg?fit=576%2C374&ssl=1",576,374,true],"featured-thumb":["https:\/\/i0.wp.com\/joyana.fr\/wp-content\/uploads\/old\/plath-house-pro_bosse_03.jpg?resize=576%2C374&ssl=1",576,374,true],"ab-block-post-grid-landscape":["https:\/\/i0.wp.com\/joyana.fr\/wp-content\/uploads\/old\/plath-house-pro_bosse_03.jpg?resize=576%2C374&ssl=1",576,374,true],"ab-block-post-grid-square":["https:\/\/i0.wp.com\/joyana.fr\/wp-content\/uploads\/old\/plath-house-pro_bosse_03.jpg?resize=576%2C374&ssl=1",576,374,true],"author-pro-image":["https:\/\/i0.wp.com\/joyana.fr\/wp-content\/uploads\/old\/plath-house-pro_bosse_03.jpg?resize=360%2C374&ssl=1",360,374,true],"slider":["https:\/\/i0.wp.com\/joyana.fr\/wp-content\/uploads\/old\/plath-house-pro_bosse_03.jpg?resize=576%2C374&ssl=1",576,374,true],"woocommerce_thumbnail":["https:\/\/i0.wp.com\/joyana.fr\/wp-content\/uploads\/old\/plath-house-pro_bosse_03.jpg?resize=450%2C374&ssl=1",450,374,true],"woocommerce_single":["https:\/\/i0.wp.com\/joyana.fr\/wp-content\/uploads\/old\/plath-house-pro_bosse_03.jpg?fit=576%2C374&ssl=1",576,374,true],"woocommerce_gallery_thumbnail":["https:\/\/i0.wp.com\/joyana.fr\/wp-content\/uploads\/old\/plath-house-pro_bosse_03.jpg?resize=180%2C180&ssl=1",180,180,true],"sow-carousel-default":["https:\/\/i0.wp.com\/joyana.fr\/wp-content\/uploads\/old\/plath-house-pro_bosse_03.jpg?resize=272%2C182&ssl=1",272,182,true]},"post_excerpt_stackable_v2":"<p>Direction Berlin pour d\u00e9couvrir le projet PLATH House &#8211; une maison sur trois \u00e9tages emm\u00e9nag\u00e9e par l&#8217;architecte allemand Thomas Bendel&#8230; Transformation et extension d&#8217;une maison sur 3 \u00e9tages \u00e0 Berlin tel est le projet de l&#8217;architecte Thomas Bendel !!! Le rez-de-chauss\u00e9e abrite la salle \u00e0 manger\/cuisine et le salon. L&#8217;architecte dessine des placards \u00e0 hauteur de plafond pour fondre la cuisine dans l&#8217;espace, ainsi qu&#8217;un grand comptoir en bois qui rassemble l&#8217;essentiel de l\u2019\u00e9lectrom\u00e9nager&#8230; Un meuble noir construit au 2e \u00e9tage se prolonge de la salle de bain \u00e0 la zone de couchage pour finir en dressing. De plus ce&hellip;<\/p>\n","category_list_v2":"<a href=\"https:\/\/joyana.fr\/en\/category\/deco-design\/architecture-deco-design\/pays\/allemagne\/\" rel=\"category tag\">Allemagne<\/a>, <a href=\"https:\/\/joyana.fr\/en\/category\/portfolio\/architecture\/\" rel=\"category tag\">ARCHITECTURE<\/a>, <a href=\"https:\/\/joyana.fr\/en\/category\/deco-design\/\" rel=\"category tag\">DECO-DESIGN<\/a>, <a href=\"https:\/\/joyana.fr\/en\/category\/deco-design\/architecture-deco-design\/lieux-design\/maison\/\" rel=\"category tag\">Maison<\/a>","author_info_v2":{"name":"Jo Yana","url":"https:\/\/joyana.fr\/en\/author\/joyana\/"},"comments_num_v2":"0 comments","yoast_head":"<!-- This site is optimized with the Yoast SEO plugin v26.8 - https:\/\/yoast.com\/product\/yoast-seo-wordpress\/ -->\n<title>PLATH House par Thomas BENDEL - JO YANA<\/title>\n<meta name=\"robots\" content=\"index, follow, max-snippet:-1, max-image-preview:large, max-video-preview:-1\" \/>\n<link rel=\"canonical\" href=\"https:\/\/joyana.fr\/en\/architecture-maison-plath-house-thomas-bendel\/109003\/\" \/>\n<meta property=\"og:locale\" content=\"en_US\" \/>\n<meta property=\"og:locale:alternate\" content=\"fr_FR\" \/>\n<meta property=\"og:locale:alternate\" content=\"ja\" \/>\n<meta property=\"og:type\" content=\"article\" \/>\n<meta property=\"og:title\" content=\"PLATH House par Thomas BENDEL - JO YANA\" \/>\n<meta property=\"og:description\" content=\"Direction Berlin pour d\u00e9couvrir le projet PLATH House &#8211; une maison sur trois \u00e9tages emm\u00e9nag\u00e9e par l&#8217;architecte allemand Thomas Bendel&#8230; Transformation et extension d&#8217;une maison sur 3 \u00e9tages \u00e0 Berlin tel est le projet de l&#8217;architecte Thomas Bendel !!! Le rez-de-chauss\u00e9e abrite la salle \u00e0 manger\/cuisine et le salon. L&#8217;architecte dessine des placards \u00e0 hauteur [&hellip;]\" \/>\n<meta property=\"og:url\" content=\"https:\/\/joyana.fr\/en\/architecture-maison-plath-house-thomas-bendel\/109003\/\" \/>\n<meta property=\"og:site_name\" content=\"JO YANA\" \/>\n<meta property=\"article:published_time\" content=\"2012-02-23T12:39:45+00:00\" \/>\n<meta property=\"og:image\" content=\"https:\/\/joyana.fr\/wp-content\/uploads\/old\/plath-house-pro_bosse_03.jpg\" \/>\n\t<meta property=\"og:image:width\" content=\"576\" \/>\n\t<meta property=\"og:image:height\" content=\"374\" \/>\n\t<meta property=\"og:image:type\" content=\"image\/jpeg\" \/>\n<meta name=\"author\" content=\"Jo Yana\" \/>\n<meta name=\"twitter:card\" content=\"summary_large_image\" \/>\n<meta name=\"twitter:creator\" content=\"@Jo_Yana\" \/>\n<meta name=\"twitter:site\" content=\"@Jo_Yana\" \/>\n<meta name=\"twitter:label1\" content=\"Written by\" \/>\n\t<meta name=\"twitter:data1\" content=\"Jo Yana\" \/>\n\t<meta name=\"twitter:label2\" content=\"Est. reading time\" \/>\n\t<meta name=\"twitter:data2\" content=\"1 minute\" \/>\n<script type=\"application\/ld+json\" class=\"yoast-schema-graph\">{\"@context\":\"https:\/\/schema.org\",\"@graph\":[{\"@type\":\"Article\",\"@id\":\"https:\/\/joyana.fr\/en\/architecture-maison-plath-house-thomas-bendel\/109003\/#article\",\"isPartOf\":{\"@id\":\"https:\/\/joyana.fr\/en\/architecture-maison-plath-house-thomas-bendel\/109003\/\"},\"author\":{\"name\":\"Jo Yana\",\"@id\":\"https:\/\/www.joyana.fr\/#\/schema\/person\/cf2a1ad12a27c12c21801075bf37407c\"},\"headline\":\"PLATH House par Thomas BENDEL\",\"datePublished\":\"2012-02-23T12:39:45+00:00\",\"mainEntityOfPage\":{\"@id\":\"https:\/\/joyana.fr\/en\/architecture-maison-plath-house-thomas-bendel\/109003\/\"},\"wordCount\":151,\"commentCount\":0,\"publisher\":{\"@id\":\"https:\/\/www.joyana.fr\/#\/schema\/person\/cf2a1ad12a27c12c21801075bf37407c\"},\"image\":{\"@id\":\"https:\/\/joyana.fr\/en\/architecture-maison-plath-house-thomas-bendel\/109003\/#primaryimage\"},\"thumbnailUrl\":\"https:\/\/i0.wp.com\/joyana.fr\/wp-content\/uploads\/old\/plath-house-pro_bosse_03.jpg?fit=576%2C374&ssl=1\",\"keywords\":[\"Architecture\"],\"articleSection\":[\"Allemagne\",\"ARCHITECTURE\",\"DECO-DESIGN\",\"Maison\"],\"inLanguage\":\"en-US\",\"potentialAction\":[{\"@type\":\"CommentAction\",\"name\":\"Comment\",\"target\":[\"https:\/\/joyana.fr\/en\/architecture-maison-plath-house-thomas-bendel\/109003\/#respond\"]}]},{\"@type\":\"WebPage\",\"@id\":\"https:\/\/joyana.fr\/en\/architecture-maison-plath-house-thomas-bendel\/109003\/\",\"url\":\"https:\/\/joyana.fr\/en\/architecture-maison-plath-house-thomas-bendel\/109003\/\",\"name\":\"PLATH House par Thomas BENDEL - JO YANA\",\"isPartOf\":{\"@id\":\"https:\/\/www.joyana.fr\/#website\"},\"primaryImageOfPage\":{\"@id\":\"https:\/\/joyana.fr\/en\/architecture-maison-plath-house-thomas-bendel\/109003\/#primaryimage\"},\"image\":{\"@id\":\"https:\/\/joyana.fr\/en\/architecture-maison-plath-house-thomas-bendel\/109003\/#primaryimage\"},\"thumbnailUrl\":\"https:\/\/i0.wp.com\/joyana.fr\/wp-content\/uploads\/old\/plath-house-pro_bosse_03.jpg?fit=576%2C374&ssl=1\",\"datePublished\":\"2012-02-23T12:39:45+00:00\",\"breadcrumb\":{\"@id\":\"https:\/\/joyana.fr\/en\/architecture-maison-plath-house-thomas-bendel\/109003\/#breadcrumb\"},\"inLanguage\":\"en-US\",\"potentialAction\":[{\"@type\":\"ReadAction\",\"target\":[\"https:\/\/joyana.fr\/en\/architecture-maison-plath-house-thomas-bendel\/109003\/\"]}]},{\"@type\":\"ImageObject\",\"inLanguage\":\"en-US\",\"@id\":\"https:\/\/joyana.fr\/en\/architecture-maison-plath-house-thomas-bendel\/109003\/#primaryimage\",\"url\":\"https:\/\/i0.wp.com\/joyana.fr\/wp-content\/uploads\/old\/plath-house-pro_bosse_03.jpg?fit=576%2C374&ssl=1\",\"contentUrl\":\"https:\/\/i0.wp.com\/joyana.fr\/wp-content\/uploads\/old\/plath-house-pro_bosse_03.jpg?fit=576%2C374&ssl=1\",\"width\":576,\"height\":374},{\"@type\":\"BreadcrumbList\",\"@id\":\"https:\/\/joyana.fr\/en\/architecture-maison-plath-house-thomas-bendel\/109003\/#breadcrumb\",\"itemListElement\":[{\"@type\":\"ListItem\",\"position\":1,\"name\":\"Accueil\",\"item\":\"https:\/\/www.joyana.fr\/\"},{\"@type\":\"ListItem\",\"position\":2,\"name\":\"PLATH House par Thomas BENDEL\"}]},{\"@type\":\"WebSite\",\"@id\":\"https:\/\/www.joyana.fr\/#website\",\"url\":\"https:\/\/www.joyana.fr\/\",\"name\":\"JO YANA\",\"description\":\"Blog Mode Homme, Lifestyle, D\u00e9co-Design\",\"publisher\":{\"@id\":\"https:\/\/www.joyana.fr\/#\/schema\/person\/cf2a1ad12a27c12c21801075bf37407c\"},\"potentialAction\":[{\"@type\":\"SearchAction\",\"target\":{\"@type\":\"EntryPoint\",\"urlTemplate\":\"https:\/\/www.joyana.fr\/?s={search_term_string}\"},\"query-input\":{\"@type\":\"PropertyValueSpecification\",\"valueRequired\":true,\"valueName\":\"search_term_string\"}}],\"inLanguage\":\"en-US\"},{\"@type\":[\"Person\",\"Organization\"],\"@id\":\"https:\/\/www.joyana.fr\/#\/schema\/person\/cf2a1ad12a27c12c21801075bf37407c\",\"name\":\"Jo Yana\",\"image\":{\"@type\":\"ImageObject\",\"inLanguage\":\"en-US\",\"@id\":\"https:\/\/www.joyana.fr\/#\/schema\/person\/image\/\",\"url\":\"https:\/\/i0.wp.com\/joyana.fr\/wp-content\/uploads\/2016\/08\/cropped-joyana-logo-black-360x180.png?fit=343%2C164&ssl=1\",\"contentUrl\":\"https:\/\/i0.wp.com\/joyana.fr\/wp-content\/uploads\/2016\/08\/cropped-joyana-logo-black-360x180.png?fit=343%2C164&ssl=1\",\"width\":343,\"height\":164,\"caption\":\"Jo Yana\"},\"logo\":{\"@id\":\"https:\/\/www.joyana.fr\/#\/schema\/person\/image\/\"},\"description\":\"Jo Yana est le cr\u00e9ateur et r\u00e9dacteur en chef des sites DECO-DESIGN. Passionn\u00e9 de Design, Mode, Photo, Luxe, Lifestyle, Musique, mais avant tout Blogueur ! Le plaisir de partager l'anime et a comme devise \\\"POUR L'AMOUR DU BEAU\\\". Retrouvez le aussi sur son blog personnel - https:\/\/joyana.fr...\",\"sameAs\":[\"https:\/\/joyana.fr\/\"],\"url\":\"https:\/\/joyana.fr\/en\/author\/joyana\/\"}]}<\/script>\n<!-- \/ Yoast SEO plugin. -->","yoast_head_json":{"title":"PLATH House par Thomas BENDEL - JO YANA","robots":{"index":"index","follow":"follow","max-snippet":"max-snippet:-1","max-image-preview":"max-image-preview:large","max-video-preview":"max-video-preview:-1"},"canonical":"https:\/\/joyana.fr\/en\/architecture-maison-plath-house-thomas-bendel\/109003\/","og_locale":"en_US","og_type":"article","og_title":"PLATH House par Thomas BENDEL - JO YANA","og_description":"Direction Berlin pour d\u00e9couvrir le projet PLATH House &#8211; une maison sur trois \u00e9tages emm\u00e9nag\u00e9e par l&#8217;architecte allemand Thomas Bendel&#8230; Transformation et extension d&#8217;une maison sur 3 \u00e9tages \u00e0 Berlin tel est le projet de l&#8217;architecte Thomas Bendel !!! Le rez-de-chauss\u00e9e abrite la salle \u00e0 manger\/cuisine et le salon. L&#8217;architecte dessine des placards \u00e0 hauteur [&hellip;]","og_url":"https:\/\/joyana.fr\/en\/architecture-maison-plath-house-thomas-bendel\/109003\/","og_site_name":"JO YANA","article_published_time":"2012-02-23T12:39:45+00:00","og_image":[{"width":576,"height":374,"url":"https:\/\/joyana.fr\/wp-content\/uploads\/old\/plath-house-pro_bosse_03.jpg","type":"image\/jpeg"}],"author":"Jo Yana","twitter_card":"summary_large_image","twitter_creator":"@Jo_Yana","twitter_site":"@Jo_Yana","twitter_misc":{"Written by":"Jo Yana","Est. reading time":"1 minute"},"schema":{"@context":"https:\/\/schema.org","@graph":[{"@type":"Article","@id":"https:\/\/joyana.fr\/en\/architecture-maison-plath-house-thomas-bendel\/109003\/#article","isPartOf":{"@id":"https:\/\/joyana.fr\/en\/architecture-maison-plath-house-thomas-bendel\/109003\/"},"author":{"name":"Jo Yana","@id":"https:\/\/www.joyana.fr\/#\/schema\/person\/cf2a1ad12a27c12c21801075bf37407c"},"headline":"PLATH House par Thomas BENDEL","datePublished":"2012-02-23T12:39:45+00:00","mainEntityOfPage":{"@id":"https:\/\/joyana.fr\/en\/architecture-maison-plath-house-thomas-bendel\/109003\/"},"wordCount":151,"commentCount":0,"publisher":{"@id":"https:\/\/www.joyana.fr\/#\/schema\/person\/cf2a1ad12a27c12c21801075bf37407c"},"image":{"@id":"https:\/\/joyana.fr\/en\/architecture-maison-plath-house-thomas-bendel\/109003\/#primaryimage"},"thumbnailUrl":"https:\/\/i0.wp.com\/joyana.fr\/wp-content\/uploads\/old\/plath-house-pro_bosse_03.jpg?fit=576%2C374&ssl=1","keywords":["Architecture"],"articleSection":["Allemagne","ARCHITECTURE","DECO-DESIGN","Maison"],"inLanguage":"en-US","potentialAction":[{"@type":"CommentAction","name":"Comment","target":["https:\/\/joyana.fr\/en\/architecture-maison-plath-house-thomas-bendel\/109003\/#respond"]}]},{"@type":"WebPage","@id":"https:\/\/joyana.fr\/en\/architecture-maison-plath-house-thomas-bendel\/109003\/","url":"https:\/\/joyana.fr\/en\/architecture-maison-plath-house-thomas-bendel\/109003\/","name":"PLATH House par Thomas BENDEL - JO YANA","isPartOf":{"@id":"https:\/\/www.joyana.fr\/#website"},"primaryImageOfPage":{"@id":"https:\/\/joyana.fr\/en\/architecture-maison-plath-house-thomas-bendel\/109003\/#primaryimage"},"image":{"@id":"https:\/\/joyana.fr\/en\/architecture-maison-plath-house-thomas-bendel\/109003\/#primaryimage"},"thumbnailUrl":"https:\/\/i0.wp.com\/joyana.fr\/wp-content\/uploads\/old\/plath-house-pro_bosse_03.jpg?fit=576%2C374&ssl=1","datePublished":"2012-02-23T12:39:45+00:00","breadcrumb":{"@id":"https:\/\/joyana.fr\/en\/architecture-maison-plath-house-thomas-bendel\/109003\/#breadcrumb"},"inLanguage":"en-US","potentialAction":[{"@type":"ReadAction","target":["https:\/\/joyana.fr\/en\/architecture-maison-plath-house-thomas-bendel\/109003\/"]}]},{"@type":"ImageObject","inLanguage":"en-US","@id":"https:\/\/joyana.fr\/en\/architecture-maison-plath-house-thomas-bendel\/109003\/#primaryimage","url":"https:\/\/i0.wp.com\/joyana.fr\/wp-content\/uploads\/old\/plath-house-pro_bosse_03.jpg?fit=576%2C374&ssl=1","contentUrl":"https:\/\/i0.wp.com\/joyana.fr\/wp-content\/uploads\/old\/plath-house-pro_bosse_03.jpg?fit=576%2C374&ssl=1","width":576,"height":374},{"@type":"BreadcrumbList","@id":"https:\/\/joyana.fr\/en\/architecture-maison-plath-house-thomas-bendel\/109003\/#breadcrumb","itemListElement":[{"@type":"ListItem","position":1,"name":"Accueil","item":"https:\/\/www.joyana.fr\/"},{"@type":"ListItem","position":2,"name":"PLATH House par Thomas BENDEL"}]},{"@type":"WebSite","@id":"https:\/\/www.joyana.fr\/#website","url":"https:\/\/www.joyana.fr\/","name":"JO YANA","description":"Blog Mode Homme, Lifestyle, D\u00e9co-Design","publisher":{"@id":"https:\/\/www.joyana.fr\/#\/schema\/person\/cf2a1ad12a27c12c21801075bf37407c"},"potentialAction":[{"@type":"SearchAction","target":{"@type":"EntryPoint","urlTemplate":"https:\/\/www.joyana.fr\/?s={search_term_string}"},"query-input":{"@type":"PropertyValueSpecification","valueRequired":true,"valueName":"search_term_string"}}],"inLanguage":"en-US"},{"@type":["Person","Organization"],"@id":"https:\/\/www.joyana.fr\/#\/schema\/person\/cf2a1ad12a27c12c21801075bf37407c","name":"Jo Yana","image":{"@type":"ImageObject","inLanguage":"en-US","@id":"https:\/\/www.joyana.fr\/#\/schema\/person\/image\/","url":"https:\/\/i0.wp.com\/joyana.fr\/wp-content\/uploads\/2016\/08\/cropped-joyana-logo-black-360x180.png?fit=343%2C164&ssl=1","contentUrl":"https:\/\/i0.wp.com\/joyana.fr\/wp-content\/uploads\/2016\/08\/cropped-joyana-logo-black-360x180.png?fit=343%2C164&ssl=1","width":343,"height":164,"caption":"Jo Yana"},"logo":{"@id":"https:\/\/www.joyana.fr\/#\/schema\/person\/image\/"},"description":"Jo Yana est le cr\u00e9ateur et r\u00e9dacteur en chef des sites DECO-DESIGN. Passionn\u00e9 de Design, Mode, Photo, Luxe, Lifestyle, Musique, mais avant tout Blogueur ! Le plaisir de partager l'anime et a comme devise \"POUR L'AMOUR DU BEAU\". Retrouvez le aussi sur son blog personnel - https:\/\/joyana.fr...","sameAs":["https:\/\/joyana.fr\/"],"url":"https:\/\/joyana.fr\/en\/author\/joyana\/"}]}},"author_meta":{"display_name":"Jo Yana","author_link":"https:\/\/joyana.fr\/en\/author\/joyana\/"},"featured_img":"https:\/\/i0.wp.com\/joyana.fr\/wp-content\/uploads\/old\/plath-house-pro_bosse_03.jpg?fit=389%2C253&ssl=1","featured_image_src":"https:\/\/i0.wp.com\/joyana.fr\/wp-content\/uploads\/old\/plath-house-pro_bosse_03.jpg?resize=576%2C374&ssl=1","featured_image_src_square":"https:\/\/i0.wp.com\/joyana.fr\/wp-content\/uploads\/old\/plath-house-pro_bosse_03.jpg?resize=576%2C374&ssl=1","jetpack_featured_media_url":"https:\/\/i0.wp.com\/joyana.fr\/wp-content\/uploads\/old\/plath-house-pro_bosse_03.jpg?fit=576%2C374&ssl=1","uagb_featured_image_src":{"full":["https:\/\/i0.wp.com\/joyana.fr\/wp-content\/uploads\/old\/plath-house-pro_bosse_03.jpg?fit=576%2C374&ssl=1",576,374,false],"thumbnail":["https:\/\/i0.wp.com\/joyana.fr\/wp-content\/uploads\/old\/plath-house-pro_bosse_03.jpg?resize=150%2C150&ssl=1",150,150,true],"medium":["https:\/\/i0.wp.com\/joyana.fr\/wp-content\/uploads\/old\/plath-house-pro_bosse_03.jpg?fit=389%2C253&ssl=1",389,253,true],"medium_large":["https:\/\/i0.wp.com\/joyana.fr\/wp-content\/uploads\/old\/plath-house-pro_bosse_03.jpg?fit=576%2C374&ssl=1",576,374,true],"large":["https:\/\/i0.wp.com\/joyana.fr\/wp-content\/uploads\/old\/plath-house-pro_bosse_03.jpg?fit=576%2C374&ssl=1",576,374,true],"1536x1536":["https:\/\/i0.wp.com\/joyana.fr\/wp-content\/uploads\/old\/plath-house-pro_bosse_03.jpg?fit=576%2C374&ssl=1",576,374,true],"2048x2048":["https:\/\/i0.wp.com\/joyana.fr\/wp-content\/uploads\/old\/plath-house-pro_bosse_03.jpg?fit=576%2C374&ssl=1",576,374,true],"featured-thumb":["https:\/\/i0.wp.com\/joyana.fr\/wp-content\/uploads\/old\/plath-house-pro_bosse_03.jpg?resize=576%2C374&ssl=1",576,374,true],"ab-block-post-grid-landscape":["https:\/\/i0.wp.com\/joyana.fr\/wp-content\/uploads\/old\/plath-house-pro_bosse_03.jpg?resize=576%2C374&ssl=1",576,374,true],"ab-block-post-grid-square":["https:\/\/i0.wp.com\/joyana.fr\/wp-content\/uploads\/old\/plath-house-pro_bosse_03.jpg?resize=576%2C374&ssl=1",576,374,true],"author-pro-image":["https:\/\/i0.wp.com\/joyana.fr\/wp-content\/uploads\/old\/plath-house-pro_bosse_03.jpg?resize=360%2C374&ssl=1",360,374,true],"slider":["https:\/\/i0.wp.com\/joyana.fr\/wp-content\/uploads\/old\/plath-house-pro_bosse_03.jpg?resize=576%2C374&ssl=1",576,374,true],"woocommerce_thumbnail":["https:\/\/i0.wp.com\/joyana.fr\/wp-content\/uploads\/old\/plath-house-pro_bosse_03.jpg?resize=450%2C374&ssl=1",450,374,true],"woocommerce_single":["https:\/\/i0.wp.com\/joyana.fr\/wp-content\/uploads\/old\/plath-house-pro_bosse_03.jpg?fit=576%2C374&ssl=1",576,374,true],"woocommerce_gallery_thumbnail":["https:\/\/i0.wp.com\/joyana.fr\/wp-content\/uploads\/old\/plath-house-pro_bosse_03.jpg?resize=180%2C180&ssl=1",180,180,true],"sow-carousel-default":["https:\/\/i0.wp.com\/joyana.fr\/wp-content\/uploads\/old\/plath-house-pro_bosse_03.jpg?resize=272%2C182&ssl=1",272,182,true]},"uagb_author_info":{"display_name":"Jo Yana","author_link":"https:\/\/joyana.fr\/en\/author\/joyana\/"},"uagb_comment_info":0,"uagb_excerpt":"Direction Berlin pour d\u00e9couvrir le projet PLATH House &#8211; une maison sur trois \u00e9tages emm\u00e9nag\u00e9e par l&#8217;architecte allemand Thomas Bendel&#8230; Transformation et extension d&#8217;une maison sur 3 \u00e9tages \u00e0 Berlin tel est le projet de l&#8217;architecte Thomas Bendel !!! Le rez-de-chauss\u00e9e abrite la salle \u00e0 manger\/cuisine et le salon. L&#8217;architecte dessine des placards \u00e0 hauteur&hellip;","coauthors":[],"tax_additional":{"categories":{"linked":["<a href=\"https:\/\/joyana.fr\/en\/category\/deco-design\/architecture-deco-design\/pays\/allemagne\/\" class=\"advgb-post-tax-term\">Allemagne<\/a>","<a href=\"https:\/\/joyana.fr\/en\/category\/portfolio\/architecture\/\" class=\"advgb-post-tax-term\">ARCHITECTURE<\/a>","<a href=\"https:\/\/joyana.fr\/en\/category\/deco-design\/\" class=\"advgb-post-tax-term\">DECO-DESIGN<\/a>","<a href=\"https:\/\/joyana.fr\/en\/category\/deco-design\/architecture-deco-design\/lieux-design\/maison\/\" class=\"advgb-post-tax-term\">Maison<\/a>"],"unlinked":["<span class=\"advgb-post-tax-term\">Allemagne<\/span>","<span class=\"advgb-post-tax-term\">ARCHITECTURE<\/span>","<span class=\"advgb-post-tax-term\">DECO-DESIGN<\/span>","<span class=\"advgb-post-tax-term\">Maison<\/span>"]},"tags":{"linked":["<a href=\"https:\/\/joyana.fr\/en\/category\/deco-design\/architecture-deco-design\/lieux-design\/maison\/\" class=\"advgb-post-tax-term\">Architecture<\/a>"],"unlinked":["<span class=\"advgb-post-tax-term\">Architecture<\/span>"]}},"comment_count":0,"relative_dates":{"created":"Posted 14 years ago","modified":"Updated 14 years ago"},"absolute_dates":{"created":"Posted on 23 February 2012","modified":"Updated on 23 February 2012"},"absolute_dates_time":{"created":"Posted on 23 February 2012 13:39","modified":"Updated on 23 February 2012 13:39"},"featured_img_caption":"","series_order":"","jetpack_sharing_enabled":true,"jetpack_shortlink":"https:\/\/wp.me\/p9bteI-sm7","jetpack-related-posts":[],"_links":{"self":[{"href":"https:\/\/joyana.fr\/en\/wp-json\/wp\/v2\/posts\/109003","targetHints":{"allow":["GET"]}}],"collection":[{"href":"https:\/\/joyana.fr\/en\/wp-json\/wp\/v2\/posts"}],"about":[{"href":"https:\/\/joyana.fr\/en\/wp-json\/wp\/v2\/types\/post"}],"author":[{"embeddable":true,"href":"https:\/\/joyana.fr\/en\/wp-json\/wp\/v2\/users\/3"}],"replies":[{"embeddable":true,"href":"https:\/\/joyana.fr\/en\/wp-json\/wp\/v2\/comments?post=109003"}],"version-history":[{"count":0,"href":"https:\/\/joyana.fr\/en\/wp-json\/wp\/v2\/posts\/109003\/revisions"}],"wp:featuredmedia":[{"embeddable":true,"href":"https:\/\/joyana.fr\/en\/wp-json\/wp\/v2\/media\/109005"}],"wp:attachment":[{"href":"https:\/\/joyana.fr\/en\/wp-json\/wp\/v2\/media?parent=109003"}],"wp:term":[{"taxonomy":"category","embeddable":true,"href":"https:\/\/joyana.fr\/en\/wp-json\/wp\/v2\/categories?post=109003"},{"taxonomy":"post_tag","embeddable":true,"href":"https:\/\/joyana.fr\/en\/wp-json\/wp\/v2\/tags?post=109003"}],"curies":[{"name":"wp","href":"https:\/\/api.w.org\/{rel}","templated":true}]}}