{"id":109110,"date":"2012-03-08T19:39:58","date_gmt":"2012-03-08T18:39:58","guid":{"rendered":"https:\/\/joyana.fr\/?p=9110"},"modified":"2012-03-08T19:39:58","modified_gmt":"2012-03-08T18:39:58","slug":"un-loft-atypique-transformation-a-bordeaux","status":"publish","type":"post","link":"https:\/\/joyana.fr\/en\/un-loft-atypique-transformation-a-bordeaux\/109110\/","title":{"rendered":"Un Loft atypique \u00e0 Bordeaux"},"content":{"rendered":"<p>Nous nous rendons chez une membre active du <a title=\"FORUM DECO\" href=\"http:\/\/deco-design.fr-bb.com\/\">Forum Deco-Design<\/a>, qui nous fait vivre depuis des mois la transformation d&#8217;un ancien en garage en sublime <strong>loft<\/strong>&#8230;<\/p>\n<p><img data-recalc-dims=\"1\" fetchpriority=\"high\" decoding=\"async\" data-attachment-id=\"9111\" data-permalink=\"https:\/\/joyana.fr\/en\/lookbooks-sixth-june\/9099\/sixhthjune-sneakers-parisiennes-4a\/\" data-orig-file=\"https:\/\/i0.wp.com\/joyana.fr\/wp-content\/uploads\/2014\/05\/sixhthjune-sneakers-parisiennes-4a.jpg?fit=460%2C690&amp;ssl=1\" data-orig-size=\"460,690\" data-comments-opened=\"1\" data-image-meta=\"{&quot;aperture&quot;:&quot;1.4&quot;,&quot;credit&quot;:&quot;&quot;,&quot;camera&quot;:&quot;Canon EOS 5D Mark II&quot;,&quot;caption&quot;:&quot;&quot;,&quot;created_timestamp&quot;:&quot;1391185493&quot;,&quot;copyright&quot;:&quot;&quot;,&quot;focal_length&quot;:&quot;50&quot;,&quot;iso&quot;:&quot;800&quot;,&quot;shutter_speed&quot;:&quot;0.0015625&quot;,&quot;title&quot;:&quot;&quot;,&quot;orientation&quot;:&quot;1&quot;}\" data-image-title=\"sixhthjune  sneakers-parisiennes-4a\" data-image-description=\"\" data-image-caption=\"\" data-medium-file=\"https:\/\/i0.wp.com\/joyana.fr\/wp-content\/uploads\/2014\/05\/sixhthjune-sneakers-parisiennes-4a.jpg?fit=259%2C389&amp;ssl=1\" data-large-file=\"https:\/\/i0.wp.com\/joyana.fr\/wp-content\/uploads\/2014\/05\/sixhthjune-sneakers-parisiennes-4a.jpg?fit=460%2C690&amp;ssl=1\" class=\"alignnone size-full wp-image-9111\" title=\"Un Loft atypique \u00e0 Bordeaux\" src=\"https:\/\/i0.wp.com\/joyana.fr\/wp-content\/uploads\/etoile-IMG_001.jpg?resize=576%2C380&#038;ssl=1\" alt=\"\" width=\"576\" height=\"380\" \/><\/p>\n<p><span style=\"color: #ff0066;\">Deco-Design : Parle nous de ce lieu&#8230;<\/span><\/p>\n<p>Etoile : <em>Il s&#8217;agit d&#8217;un atelier de garagiste que j&#8217;ai voulu transformer en loft !!! Au d\u00e9but j&#8217;\u00e9tais sceptique sur les possibilit\u00e9s d&#8217;en faire un appartement, il n&#8217;y avait pas de fen\u00eatres&#8230; Heureusement, mon super papa architecte a planch\u00e9 ardemment sur le projet et voici le r\u00e9sultat&#8230;<\/em><\/p>\n<p><span style=\"color: #ff0066;\">Deco-Design : Comment t&#8217;est venue la passion du design et de la d\u00e9coration ???<\/span><\/p>\n<p>Etoile : <em>J&#8217;y suis venue assez tardivement. Comme je l&#8217;ai d\u00e9j\u00e0 dit, mon p\u00e8re est architecte, avec un go\u00fbt certain pour le contemporain, il a lui-m\u00eame transform\u00e9 un ancien entrep\u00f4t en un ensemble d&#8217;appartements. J&#8217;ai donc toujours baign\u00e9 dans cet esprit d&#8217;architecture atypique. La d\u00e9coration et le design en lui-m\u00eame, je m&#8217;y suis vraiment int\u00e9ress\u00e9e quand j&#8217;ai commenc\u00e9 \u00e0 regarder comment j&#8217;allais meubler notre appartement&#8230;<\/em><\/p>\n<p><img data-recalc-dims=\"1\" decoding=\"async\" data-attachment-id=\"9113\" data-permalink=\"https:\/\/joyana.fr\/en\/lookbooks-sixth-june\/9099\/sixhthjune-sneakers-parisiennes-9\/\" data-orig-file=\"https:\/\/i0.wp.com\/joyana.fr\/wp-content\/uploads\/2014\/05\/sixhthjune-sneakers-parisiennes-9.jpg?fit=940%2C627&amp;ssl=1\" data-orig-size=\"940,627\" data-comments-opened=\"1\" data-image-meta=\"{&quot;aperture&quot;:&quot;2.8&quot;,&quot;credit&quot;:&quot;&quot;,&quot;camera&quot;:&quot;Canon EOS 5D Mark II&quot;,&quot;caption&quot;:&quot;&quot;,&quot;created_timestamp&quot;:&quot;1391171883&quot;,&quot;copyright&quot;:&quot;&quot;,&quot;focal_length&quot;:&quot;50&quot;,&quot;iso&quot;:&quot;800&quot;,&quot;shutter_speed&quot;:&quot;0.025&quot;,&quot;title&quot;:&quot;&quot;,&quot;orientation&quot;:&quot;1&quot;}\" data-image-title=\"sixhthjune  sneakers-parisiennes-9\" data-image-description=\"\" data-image-caption=\"\" data-medium-file=\"https:\/\/i0.wp.com\/joyana.fr\/wp-content\/uploads\/2014\/05\/sixhthjune-sneakers-parisiennes-9.jpg?fit=389%2C259&amp;ssl=1\" data-large-file=\"https:\/\/i0.wp.com\/joyana.fr\/wp-content\/uploads\/2014\/05\/sixhthjune-sneakers-parisiennes-9.jpg?fit=940%2C627&amp;ssl=1\" class=\"alignnone size-full wp-image-9113\" title=\"Un Loft atypique \u00e0 Bordeaux\" src=\"https:\/\/i0.wp.com\/joyana.fr\/wp-content\/uploads\/etoile-IMG_1489.jpg?resize=576%2C865&#038;ssl=1\" alt=\"\" width=\"576\" height=\"865\" \/><\/p>\n<p><span style=\"color: #ff0066;\">Deco-Design : Quel est ton premier achat design ?<\/span><\/p>\n<p>Etoile : <em>La premi\u00e8re &#8220;grosse pi\u00e8ce&#8221; de design que j&#8217;ai acquise, il me semble que c&#8217;est ma paire de Diamond Chair&#8230; J&#8217;ai eu un gros coup de c\u0153ur pour ces fauteuils et leur structure a\u00e9rienne&#8230; Ils sont aussi tr\u00e8s confortables (m\u00eame s&#8217;ils n&#8217;en ont pas l&#8217;air \u00e0 premi\u00e8re vue), ce n&#8217;est pas mon chat qui vous contredira !!!<\/em><\/p>\n<p><span style=\"color: #ff0066;\">Deco-Design : Quel designer admires-tu ?<\/span><\/p>\n<p>Etoile : <em>Je n&#8217;ai pas de designer culte. Il y a certes certains designers auxquels je suis plus sensible que d&#8217;autres, mais globalement je suis assez \u00e9clectique dans mes go\u00fbts, je peux adorer une pi\u00e8ce d&#8217;un designer mais en d\u00e9tester une autre&#8230;<\/em><\/p>\n<p><img data-recalc-dims=\"1\" decoding=\"async\" data-attachment-id=\"9115\" data-permalink=\"https:\/\/joyana.fr\/en\/lookbooks-sixth-june\/9099\/sixhthjune-sneakers-parisiennes-1\/\" data-orig-file=\"https:\/\/i0.wp.com\/joyana.fr\/wp-content\/uploads\/2014\/05\/sixhthjune-sneakers-parisiennes-1.jpg?fit=940%2C627&amp;ssl=1\" data-orig-size=\"940,627\" data-comments-opened=\"1\" data-image-meta=\"{&quot;aperture&quot;:&quot;2.8&quot;,&quot;credit&quot;:&quot;&quot;,&quot;camera&quot;:&quot;Canon EOS 5D Mark II&quot;,&quot;caption&quot;:&quot;&quot;,&quot;created_timestamp&quot;:&quot;1391170108&quot;,&quot;copyright&quot;:&quot;&quot;,&quot;focal_length&quot;:&quot;50&quot;,&quot;iso&quot;:&quot;800&quot;,&quot;shutter_speed&quot;:&quot;0.008&quot;,&quot;title&quot;:&quot;&quot;,&quot;orientation&quot;:&quot;1&quot;}\" data-image-title=\"sixhthjune sneakers-parisiennes-1\" data-image-description=\"\" data-image-caption=\"\" data-medium-file=\"https:\/\/i0.wp.com\/joyana.fr\/wp-content\/uploads\/2014\/05\/sixhthjune-sneakers-parisiennes-1.jpg?fit=389%2C259&amp;ssl=1\" data-large-file=\"https:\/\/i0.wp.com\/joyana.fr\/wp-content\/uploads\/2014\/05\/sixhthjune-sneakers-parisiennes-1.jpg?fit=940%2C627&amp;ssl=1\" class=\"alignnone size-full wp-image-9115\" title=\"Un Loft atypique \u00e0 Bordeaux\" src=\"https:\/\/i0.wp.com\/joyana.fr\/wp-content\/uploads\/etoile-IMG_1498.jpg?resize=576%2C774&#038;ssl=1\" alt=\"\" width=\"576\" height=\"774\" \/><\/p>\n<p><img data-recalc-dims=\"1\" loading=\"lazy\" decoding=\"async\" class=\"alignnone size-full wp-image-9116\" title=\"Un Loft atypique \u00e0 Bordeaux\" src=\"https:\/\/i0.wp.com\/joyana.fr\/wp-content\/uploads\/etoile-IMG_1509.jpg?resize=576%2C864&#038;ssl=1\" alt=\"\" width=\"576\" height=\"864\" \/><\/p>\n<p><img data-recalc-dims=\"1\" loading=\"lazy\" decoding=\"async\" data-attachment-id=\"9114\" data-permalink=\"https:\/\/joyana.fr\/en\/lookbooks-sixth-june\/9099\/sixhthjune-sneakers-parisiennes-11\/\" data-orig-file=\"https:\/\/i0.wp.com\/joyana.fr\/wp-content\/uploads\/2014\/05\/sixhthjune-sneakers-parisiennes-11.jpg?fit=960%2C1440&amp;ssl=1\" data-orig-size=\"960,1440\" data-comments-opened=\"1\" data-image-meta=\"{&quot;aperture&quot;:&quot;2.8&quot;,&quot;credit&quot;:&quot;&quot;,&quot;camera&quot;:&quot;Canon EOS 5D Mark II&quot;,&quot;caption&quot;:&quot;&quot;,&quot;created_timestamp&quot;:&quot;1391178140&quot;,&quot;copyright&quot;:&quot;&quot;,&quot;focal_length&quot;:&quot;50&quot;,&quot;iso&quot;:&quot;800&quot;,&quot;shutter_speed&quot;:&quot;0.02&quot;,&quot;title&quot;:&quot;&quot;,&quot;orientation&quot;:&quot;1&quot;}\" data-image-title=\"sixhthjune  sneakers-parisiennes-11\" data-image-description=\"\" data-image-caption=\"\" data-medium-file=\"https:\/\/i0.wp.com\/joyana.fr\/wp-content\/uploads\/2014\/05\/sixhthjune-sneakers-parisiennes-11.jpg?fit=259%2C389&amp;ssl=1\" data-large-file=\"https:\/\/i0.wp.com\/joyana.fr\/wp-content\/uploads\/2014\/05\/sixhthjune-sneakers-parisiennes-11.jpg?fit=683%2C1024&amp;ssl=1\" class=\"alignnone size-full wp-image-9114\" title=\"Un Loft atypique \u00e0 Bordeaux\" src=\"https:\/\/i0.wp.com\/joyana.fr\/wp-content\/uploads\/etoile-IMG_1490.jpg?resize=576%2C812&#038;ssl=1\" alt=\"\" width=\"576\" height=\"812\" \/><\/p>\n<p><span style=\"color: #ff0066;\">Deco-Design : Un objet culte pour toi ?<\/span><\/p>\n<p>Etoile : <em>Je n&#8217;ai pas non plus d&#8217;objet culte.. ou alors, j&#8217;en ai plusieurs, et ils \u00e9voluent au fil du temps ! Que ce soient des grosses pi\u00e8ces ou des petits objets d&#8217;ailleurs !<\/em><br \/>\n<em> Actuellement, je suis r\u00e9ellement amoureuse de l&#8217;ensemble sali\u00e8re\/poivri\u00e8re <a title=\"NORM MENU\" href=\"http:\/\/www.lepelican.fr\/moulin-peugeot\/manuel\/moulin-manuel-en-bois\/duo-sel-et-poivre-bottle-small-menu.html\">Norm de chez Menu<\/a> : une tr\u00e8s belle ligne, une mati\u00e8re sensuelle au toucher, tr\u00e8s simple d&#8217;utilisation. Il incarne pour moi ce que doit repr\u00e9senter le design, c&#8217;est \u00e0 dire l&#8217;esth\u00e9tique au service de la fonction. j&#8217;en offre \u00e0 tout mon entourage !<\/em><\/p>\n<p><span style=\"color: #ff0066;\">Deco-Design : Quel(s) projet(s) pour cet int\u00e9rieur ?<\/span><\/p>\n<p>Etoile : <em>Pour cet appartement, principalement l&#8217;am\u00e9nagement des terrasses : pour profiter au mieux des beaux jours, j&#8217;ai envie de terrasses gaies, avec des plantes qui foisonnent, pourquoi pas quelques arbres fruitiers. J&#8217;ai bien essay\u00e9 de proposer ma candidature \u00e0 &#8220;Silence \u00e7a pousse!&#8221;, mais ils ne veulent pas de moi&#8230;<\/em><\/p>\n<p><em>Apr\u00e8s, \u00e0 moyen terme, j&#8217;ai surtout envie de recommencer !!! On y prend vite go\u00fbt, \u00e0 ces transformations d&#8217;espaces atypiques&#8230;<\/em><\/p>\n<p><img data-recalc-dims=\"1\" loading=\"lazy\" decoding=\"async\" data-attachment-id=\"9112\" data-permalink=\"https:\/\/joyana.fr\/en\/lookbooks-sixth-june\/9099\/sixhthjune-sneakers-parisiennes-6\/\" data-orig-file=\"https:\/\/i0.wp.com\/joyana.fr\/wp-content\/uploads\/2014\/05\/sixhthjune-sneakers-parisiennes-6.jpg?fit=940%2C1410&amp;ssl=1\" data-orig-size=\"940,1410\" data-comments-opened=\"1\" data-image-meta=\"{&quot;aperture&quot;:&quot;2.8&quot;,&quot;credit&quot;:&quot;&quot;,&quot;camera&quot;:&quot;Canon EOS 5D Mark II&quot;,&quot;caption&quot;:&quot;&quot;,&quot;created_timestamp&quot;:&quot;1391168486&quot;,&quot;copyright&quot;:&quot;&quot;,&quot;focal_length&quot;:&quot;50&quot;,&quot;iso&quot;:&quot;800&quot;,&quot;shutter_speed&quot;:&quot;0.016666666666667&quot;,&quot;title&quot;:&quot;&quot;,&quot;orientation&quot;:&quot;1&quot;}\" data-image-title=\"sixhthjune  sneakers-parisiennes-6\" data-image-description=\"\" data-image-caption=\"\" data-medium-file=\"https:\/\/i0.wp.com\/joyana.fr\/wp-content\/uploads\/2014\/05\/sixhthjune-sneakers-parisiennes-6.jpg?fit=259%2C389&amp;ssl=1\" data-large-file=\"https:\/\/i0.wp.com\/joyana.fr\/wp-content\/uploads\/2014\/05\/sixhthjune-sneakers-parisiennes-6.jpg?fit=683%2C1024&amp;ssl=1\" class=\"alignnone size-full wp-image-9112\" title=\"Un Loft atypique \u00e0 Bordeaux\" src=\"https:\/\/i0.wp.com\/joyana.fr\/wp-content\/uploads\/etoile-IMG_1487.jpg?resize=576%2C629&#038;ssl=1\" alt=\"\" width=\"576\" height=\"629\" \/><\/p>\n<p><img data-recalc-dims=\"1\" loading=\"lazy\" decoding=\"async\" class=\"alignnone size-full wp-image-9118\" title=\"Un Loft atypique \u00e0 Bordeaux\" src=\"https:\/\/i0.wp.com\/joyana.fr\/wp-content\/uploads\/etoile-IMG_1516.jpg?resize=576%2C868&#038;ssl=1\" alt=\"\" width=\"576\" height=\"868\" \/><\/p>\n<p><img data-recalc-dims=\"1\" loading=\"lazy\" decoding=\"async\" data-attachment-id=\"9122\" data-permalink=\"https:\/\/joyana.fr\/en\/heavy-duty-triple-welt-collection-par-grenson\/9120\/grenson-triple-welt-collection-2\/\" data-orig-file=\"https:\/\/i0.wp.com\/joyana.fr\/wp-content\/uploads\/2014\/05\/Grenson-Triple-Welt-Collection-2.jpg?fit=1000%2C667&amp;ssl=1\" data-orig-size=\"1000,667\" data-comments-opened=\"1\" data-image-meta=\"{&quot;aperture&quot;:&quot;0&quot;,&quot;credit&quot;:&quot;&quot;,&quot;camera&quot;:&quot;&quot;,&quot;caption&quot;:&quot;&quot;,&quot;created_timestamp&quot;:&quot;0&quot;,&quot;copyright&quot;:&quot;&quot;,&quot;focal_length&quot;:&quot;0&quot;,&quot;iso&quot;:&quot;0&quot;,&quot;shutter_speed&quot;:&quot;0&quot;,&quot;title&quot;:&quot;&quot;,&quot;orientation&quot;:&quot;1&quot;}\" data-image-title=\"Grenson-Triple-Welt-Collection-2\" data-image-description=\"\" data-image-caption=\"\" data-medium-file=\"https:\/\/i0.wp.com\/joyana.fr\/wp-content\/uploads\/2014\/05\/Grenson-Triple-Welt-Collection-2.jpg?fit=389%2C259&amp;ssl=1\" data-large-file=\"https:\/\/i0.wp.com\/joyana.fr\/wp-content\/uploads\/2014\/05\/Grenson-Triple-Welt-Collection-2.jpg?fit=1000%2C667&amp;ssl=1\" class=\"alignnone size-full wp-image-9122\" title=\"LOFT BORDEAUX\" src=\"https:\/\/i0.wp.com\/joyana.fr\/wp-content\/uploads\/etoile-chambre1z.jpg?resize=576%2C391&#038;ssl=1\" alt=\"\" width=\"576\" height=\"391\" \/><\/p>\n<p><img data-recalc-dims=\"1\" loading=\"lazy\" decoding=\"async\" class=\"alignnone size-full wp-image-9117\" title=\"Un Loft atypique \u00e0 Bordeaux\" src=\"https:\/\/i0.wp.com\/joyana.fr\/wp-content\/uploads\/etoile-IMG_1514.jpg?resize=576%2C827&#038;ssl=1\" alt=\"\" width=\"576\" height=\"827\" \/><\/p>\n<p>Pour suivre l&#8217;\u00e9volution de ce superbe int\u00e9rieur, rendez-vous sur notre <a title=\"FORUM DECO \" href=\"http:\/\/deco-design.fr-bb.com\/t12789-etoileun-garage-devenu-loft-sur-bordeaux-photos-p21\">Forum<\/a>&#8230;<\/p>\n","protected":false},"excerpt":{"rendered":"<p>Nous nous rendons chez une membre active du Forum Deco-Design, qui nous fait vivre depuis des mois la transformation d&#8217;un ancien en garage en sublime loft&#8230; Deco-Design : Parle nous de ce lieu&#8230; Etoile : Il s&#8217;agit d&#8217;un atelier de garagiste que j&#8217;ai voulu transformer en loft !!! Au d\u00e9but j&#8217;\u00e9tais sceptique sur les possibilit\u00e9s [&hellip;]<\/p>\n","protected":false},"author":3,"featured_media":109111,"comment_status":"open","ping_status":"open","sticky":false,"template":"","format":"standard","meta":{"_coblocks_attr":"","_coblocks_dimensions":"","_coblocks_responsive_height":"","_coblocks_accordion_ie_support":"","_uag_custom_page_level_css":"","advgb_blocks_editor_width":"","advgb_blocks_columns_visual_guide":"","_genesis_hide_title":false,"_genesis_hide_breadcrumbs":false,"_genesis_hide_singular_image":false,"_genesis_hide_footer_widgets":false,"_genesis_custom_body_class":"","_genesis_custom_post_class":"","_genesis_layout":"","_themeisle_gutenberg_block_has_review":false,"_jetpack_newsletter_access":"","_jetpack_dont_email_post_to_subs":false,"_jetpack_newsletter_tier_id":0,"_jetpack_memberships_contains_paywalled_content":false,"_jetpack_memberships_contains_paid_content":false,"footnotes":""},"categories":[71,905,1039,978],"tags":[501],"class_list":{"0":"post-109110","1":"post","2":"type-post","3":"status-publish","4":"format-standard","5":"has-post-thumbnail","7":"category-architecture","8":"category-deco-design","9":"category-france","10":"category-loft","11":"tag-architecture-2","12":"entry"},"featured_image_urls":{"full":["https:\/\/i0.wp.com\/joyana.fr\/wp-content\/uploads\/old\/etoile-IMG_001.jpg?fit=576%2C380&ssl=1",576,380,false],"thumbnail":["https:\/\/i0.wp.com\/joyana.fr\/wp-content\/uploads\/old\/etoile-IMG_001.jpg?resize=150%2C150&ssl=1",150,150,true],"medium":["https:\/\/i0.wp.com\/joyana.fr\/wp-content\/uploads\/old\/etoile-IMG_001.jpg?fit=389%2C257&ssl=1",389,257,true],"medium_large":["https:\/\/i0.wp.com\/joyana.fr\/wp-content\/uploads\/old\/etoile-IMG_001.jpg?fit=576%2C380&ssl=1",576,380,true],"large":["https:\/\/i0.wp.com\/joyana.fr\/wp-content\/uploads\/old\/etoile-IMG_001.jpg?fit=576%2C380&ssl=1",576,380,true],"1536x1536":["https:\/\/i0.wp.com\/joyana.fr\/wp-content\/uploads\/old\/etoile-IMG_001.jpg?fit=576%2C380&ssl=1",576,380,true],"2048x2048":["https:\/\/i0.wp.com\/joyana.fr\/wp-content\/uploads\/old\/etoile-IMG_001.jpg?fit=576%2C380&ssl=1",576,380,true],"featured-thumb":["https:\/\/i0.wp.com\/joyana.fr\/wp-content\/uploads\/old\/etoile-IMG_001.jpg?resize=576%2C380&ssl=1",576,380,true],"ab-block-post-grid-landscape":["https:\/\/i0.wp.com\/joyana.fr\/wp-content\/uploads\/old\/etoile-IMG_001.jpg?resize=576%2C380&ssl=1",576,380,true],"ab-block-post-grid-square":["https:\/\/i0.wp.com\/joyana.fr\/wp-content\/uploads\/old\/etoile-IMG_001.jpg?resize=576%2C380&ssl=1",576,380,true],"author-pro-image":["https:\/\/i0.wp.com\/joyana.fr\/wp-content\/uploads\/old\/etoile-IMG_001.jpg?resize=360%2C380&ssl=1",360,380,true],"slider":["https:\/\/i0.wp.com\/joyana.fr\/wp-content\/uploads\/old\/etoile-IMG_001.jpg?resize=576%2C380&ssl=1",576,380,true],"woocommerce_thumbnail":["https:\/\/i0.wp.com\/joyana.fr\/wp-content\/uploads\/old\/etoile-IMG_001.jpg?resize=450%2C380&ssl=1",450,380,true],"woocommerce_single":["https:\/\/i0.wp.com\/joyana.fr\/wp-content\/uploads\/old\/etoile-IMG_001.jpg?fit=576%2C380&ssl=1",576,380,true],"woocommerce_gallery_thumbnail":["https:\/\/i0.wp.com\/joyana.fr\/wp-content\/uploads\/old\/etoile-IMG_001.jpg?resize=180%2C180&ssl=1",180,180,true],"sow-carousel-default":["https:\/\/i0.wp.com\/joyana.fr\/wp-content\/uploads\/old\/etoile-IMG_001.jpg?resize=272%2C182&ssl=1",272,182,true]},"post_excerpt_stackable":"<p>Nous nous rendons chez une membre active du Forum Deco-Design, qui nous fait vivre depuis des mois la transformation d&#8217;un ancien en garage en sublime loft&#8230; Deco-Design : Parle nous de ce lieu&#8230; Etoile : Il s&#8217;agit d&#8217;un atelier de garagiste que j&#8217;ai voulu transformer en loft !!! Au d\u00e9but j&#8217;\u00e9tais sceptique sur les possibilit\u00e9s d&#8217;en faire un appartement, il n&#8217;y avait pas de fen\u00eatres&#8230; Heureusement, mon super papa architecte a planch\u00e9 ardemment sur le projet et voici le r\u00e9sultat&#8230; Deco-Design : Comment t&#8217;est venue la passion du design et de la d\u00e9coration ??? Etoile : J&#8217;y suis venue assez&hellip;<\/p>\n","category_list":"<a href=\"https:\/\/joyana.fr\/en\/category\/portfolio\/architecture\/\" rel=\"category tag\">ARCHITECTURE<\/a>, <a href=\"https:\/\/joyana.fr\/en\/category\/deco-design\/\" rel=\"category tag\">DECO-DESIGN<\/a>, <a href=\"https:\/\/joyana.fr\/en\/category\/deco-design\/architecture-deco-design\/pays\/france\/\" rel=\"category tag\">France<\/a>, <a href=\"https:\/\/joyana.fr\/en\/category\/deco-design\/architecture-deco-design\/lieux-design\/loft\/\" rel=\"category tag\">Loft<\/a>","author_info":{"display_name":"Jo Yana","author_link":"https:\/\/joyana.fr\/en\/author\/joyana\/"},"comments_num":"16 comments","featured_image_urls_v2":{"full":["https:\/\/i0.wp.com\/joyana.fr\/wp-content\/uploads\/old\/etoile-IMG_001.jpg?fit=576%2C380&ssl=1",576,380,false],"thumbnail":["https:\/\/i0.wp.com\/joyana.fr\/wp-content\/uploads\/old\/etoile-IMG_001.jpg?resize=150%2C150&ssl=1",150,150,true],"medium":["https:\/\/i0.wp.com\/joyana.fr\/wp-content\/uploads\/old\/etoile-IMG_001.jpg?fit=389%2C257&ssl=1",389,257,true],"medium_large":["https:\/\/i0.wp.com\/joyana.fr\/wp-content\/uploads\/old\/etoile-IMG_001.jpg?fit=576%2C380&ssl=1",576,380,true],"large":["https:\/\/i0.wp.com\/joyana.fr\/wp-content\/uploads\/old\/etoile-IMG_001.jpg?fit=576%2C380&ssl=1",576,380,true],"1536x1536":["https:\/\/i0.wp.com\/joyana.fr\/wp-content\/uploads\/old\/etoile-IMG_001.jpg?fit=576%2C380&ssl=1",576,380,true],"2048x2048":["https:\/\/i0.wp.com\/joyana.fr\/wp-content\/uploads\/old\/etoile-IMG_001.jpg?fit=576%2C380&ssl=1",576,380,true],"featured-thumb":["https:\/\/i0.wp.com\/joyana.fr\/wp-content\/uploads\/old\/etoile-IMG_001.jpg?resize=576%2C380&ssl=1",576,380,true],"ab-block-post-grid-landscape":["https:\/\/i0.wp.com\/joyana.fr\/wp-content\/uploads\/old\/etoile-IMG_001.jpg?resize=576%2C380&ssl=1",576,380,true],"ab-block-post-grid-square":["https:\/\/i0.wp.com\/joyana.fr\/wp-content\/uploads\/old\/etoile-IMG_001.jpg?resize=576%2C380&ssl=1",576,380,true],"author-pro-image":["https:\/\/i0.wp.com\/joyana.fr\/wp-content\/uploads\/old\/etoile-IMG_001.jpg?resize=360%2C380&ssl=1",360,380,true],"slider":["https:\/\/i0.wp.com\/joyana.fr\/wp-content\/uploads\/old\/etoile-IMG_001.jpg?resize=576%2C380&ssl=1",576,380,true],"woocommerce_thumbnail":["https:\/\/i0.wp.com\/joyana.fr\/wp-content\/uploads\/old\/etoile-IMG_001.jpg?resize=450%2C380&ssl=1",450,380,true],"woocommerce_single":["https:\/\/i0.wp.com\/joyana.fr\/wp-content\/uploads\/old\/etoile-IMG_001.jpg?fit=576%2C380&ssl=1",576,380,true],"woocommerce_gallery_thumbnail":["https:\/\/i0.wp.com\/joyana.fr\/wp-content\/uploads\/old\/etoile-IMG_001.jpg?resize=180%2C180&ssl=1",180,180,true],"sow-carousel-default":["https:\/\/i0.wp.com\/joyana.fr\/wp-content\/uploads\/old\/etoile-IMG_001.jpg?resize=272%2C182&ssl=1",272,182,true]},"post_excerpt_stackable_v2":"<p>Nous nous rendons chez une membre active du Forum Deco-Design, qui nous fait vivre depuis des mois la transformation d&#8217;un ancien en garage en sublime loft&#8230; Deco-Design : Parle nous de ce lieu&#8230; Etoile : Il s&#8217;agit d&#8217;un atelier de garagiste que j&#8217;ai voulu transformer en loft !!! Au d\u00e9but j&#8217;\u00e9tais sceptique sur les possibilit\u00e9s d&#8217;en faire un appartement, il n&#8217;y avait pas de fen\u00eatres&#8230; Heureusement, mon super papa architecte a planch\u00e9 ardemment sur le projet et voici le r\u00e9sultat&#8230; Deco-Design : Comment t&#8217;est venue la passion du design et de la d\u00e9coration ??? Etoile : J&#8217;y suis venue assez&hellip;<\/p>\n","category_list_v2":"<a href=\"https:\/\/joyana.fr\/en\/category\/portfolio\/architecture\/\" rel=\"category tag\">ARCHITECTURE<\/a>, <a href=\"https:\/\/joyana.fr\/en\/category\/deco-design\/\" rel=\"category tag\">DECO-DESIGN<\/a>, <a href=\"https:\/\/joyana.fr\/en\/category\/deco-design\/architecture-deco-design\/pays\/france\/\" rel=\"category tag\">France<\/a>, <a href=\"https:\/\/joyana.fr\/en\/category\/deco-design\/architecture-deco-design\/lieux-design\/loft\/\" rel=\"category tag\">Loft<\/a>","author_info_v2":{"name":"Jo Yana","url":"https:\/\/joyana.fr\/en\/author\/joyana\/"},"comments_num_v2":"16 comments","yoast_head":"<!-- This site is optimized with the Yoast SEO plugin v26.8 - https:\/\/yoast.com\/product\/yoast-seo-wordpress\/ -->\n<title>Un Loft atypique \u00e0 Bordeaux - JO YANA<\/title>\n<meta name=\"robots\" content=\"index, follow, max-snippet:-1, max-image-preview:large, max-video-preview:-1\" \/>\n<link rel=\"canonical\" href=\"https:\/\/joyana.fr\/en\/un-loft-atypique-transformation-a-bordeaux\/109110\/\" \/>\n<meta property=\"og:locale\" content=\"en_US\" \/>\n<meta property=\"og:locale:alternate\" content=\"fr_FR\" \/>\n<meta property=\"og:locale:alternate\" content=\"ja\" \/>\n<meta property=\"og:type\" content=\"article\" \/>\n<meta property=\"og:title\" content=\"Un Loft atypique \u00e0 Bordeaux - JO YANA\" \/>\n<meta property=\"og:description\" content=\"Nous nous rendons chez une membre active du Forum Deco-Design, qui nous fait vivre depuis des mois la transformation d&#8217;un ancien en garage en sublime loft&#8230; Deco-Design : Parle nous de ce lieu&#8230; Etoile : Il s&#8217;agit d&#8217;un atelier de garagiste que j&#8217;ai voulu transformer en loft !!! Au d\u00e9but j&#8217;\u00e9tais sceptique sur les possibilit\u00e9s [&hellip;]\" \/>\n<meta property=\"og:url\" content=\"https:\/\/joyana.fr\/en\/un-loft-atypique-transformation-a-bordeaux\/109110\/\" \/>\n<meta property=\"og:site_name\" content=\"JO YANA\" \/>\n<meta property=\"article:published_time\" content=\"2012-03-08T18:39:58+00:00\" \/>\n<meta property=\"og:image\" content=\"https:\/\/joyana.fr\/wp-content\/uploads\/old\/etoile-IMG_001.jpg\" \/>\n\t<meta property=\"og:image:width\" content=\"576\" \/>\n\t<meta property=\"og:image:height\" content=\"380\" \/>\n\t<meta property=\"og:image:type\" content=\"image\/jpeg\" \/>\n<meta name=\"author\" content=\"Jo Yana\" \/>\n<meta name=\"twitter:card\" content=\"summary_large_image\" \/>\n<meta name=\"twitter:creator\" content=\"@Jo_Yana\" \/>\n<meta name=\"twitter:site\" content=\"@Jo_Yana\" \/>\n<meta name=\"twitter:label1\" content=\"Written by\" \/>\n\t<meta name=\"twitter:data1\" content=\"Jo Yana\" \/>\n\t<meta name=\"twitter:label2\" content=\"Est. reading time\" \/>\n\t<meta name=\"twitter:data2\" content=\"2 minutes\" \/>\n<script type=\"application\/ld+json\" class=\"yoast-schema-graph\">{\"@context\":\"https:\/\/schema.org\",\"@graph\":[{\"@type\":\"Article\",\"@id\":\"https:\/\/joyana.fr\/un-loft-atypique-transformation-a-bordeaux\/109110\/#article\",\"isPartOf\":{\"@id\":\"https:\/\/joyana.fr\/un-loft-atypique-transformation-a-bordeaux\/109110\/\"},\"author\":{\"name\":\"Jo Yana\",\"@id\":\"https:\/\/joyana.fr\/en\/#\/schema\/person\/cf2a1ad12a27c12c21801075bf37407c\"},\"headline\":\"Un Loft atypique \u00e0 Bordeaux\",\"datePublished\":\"2012-03-08T18:39:58+00:00\",\"mainEntityOfPage\":{\"@id\":\"https:\/\/joyana.fr\/un-loft-atypique-transformation-a-bordeaux\/109110\/\"},\"wordCount\":510,\"commentCount\":6,\"publisher\":{\"@id\":\"https:\/\/joyana.fr\/en\/#\/schema\/person\/cf2a1ad12a27c12c21801075bf37407c\"},\"image\":{\"@id\":\"https:\/\/joyana.fr\/un-loft-atypique-transformation-a-bordeaux\/109110\/#primaryimage\"},\"thumbnailUrl\":\"https:\/\/i0.wp.com\/joyana.fr\/wp-content\/uploads\/old\/etoile-IMG_001.jpg?fit=576%2C380&ssl=1\",\"keywords\":[\"Architecture\"],\"articleSection\":[\"ARCHITECTURE\",\"DECO-DESIGN\",\"France\",\"Loft\"],\"inLanguage\":\"en-US\",\"potentialAction\":[{\"@type\":\"CommentAction\",\"name\":\"Comment\",\"target\":[\"https:\/\/joyana.fr\/un-loft-atypique-transformation-a-bordeaux\/109110\/#respond\"]}]},{\"@type\":\"WebPage\",\"@id\":\"https:\/\/joyana.fr\/un-loft-atypique-transformation-a-bordeaux\/109110\/\",\"url\":\"https:\/\/joyana.fr\/un-loft-atypique-transformation-a-bordeaux\/109110\/\",\"name\":\"Un Loft atypique \u00e0 Bordeaux - JO YANA\",\"isPartOf\":{\"@id\":\"https:\/\/joyana.fr\/en\/#website\"},\"primaryImageOfPage\":{\"@id\":\"https:\/\/joyana.fr\/un-loft-atypique-transformation-a-bordeaux\/109110\/#primaryimage\"},\"image\":{\"@id\":\"https:\/\/joyana.fr\/un-loft-atypique-transformation-a-bordeaux\/109110\/#primaryimage\"},\"thumbnailUrl\":\"https:\/\/i0.wp.com\/joyana.fr\/wp-content\/uploads\/old\/etoile-IMG_001.jpg?fit=576%2C380&ssl=1\",\"datePublished\":\"2012-03-08T18:39:58+00:00\",\"breadcrumb\":{\"@id\":\"https:\/\/joyana.fr\/un-loft-atypique-transformation-a-bordeaux\/109110\/#breadcrumb\"},\"inLanguage\":\"en-US\",\"potentialAction\":[{\"@type\":\"ReadAction\",\"target\":[\"https:\/\/joyana.fr\/un-loft-atypique-transformation-a-bordeaux\/109110\/\"]}]},{\"@type\":\"ImageObject\",\"inLanguage\":\"en-US\",\"@id\":\"https:\/\/joyana.fr\/un-loft-atypique-transformation-a-bordeaux\/109110\/#primaryimage\",\"url\":\"https:\/\/i0.wp.com\/joyana.fr\/wp-content\/uploads\/old\/etoile-IMG_001.jpg?fit=576%2C380&ssl=1\",\"contentUrl\":\"https:\/\/i0.wp.com\/joyana.fr\/wp-content\/uploads\/old\/etoile-IMG_001.jpg?fit=576%2C380&ssl=1\",\"width\":576,\"height\":380},{\"@type\":\"BreadcrumbList\",\"@id\":\"https:\/\/joyana.fr\/un-loft-atypique-transformation-a-bordeaux\/109110\/#breadcrumb\",\"itemListElement\":[{\"@type\":\"ListItem\",\"position\":1,\"name\":\"Accueil\",\"item\":\"https:\/\/joyana.fr\/en\/\"},{\"@type\":\"ListItem\",\"position\":2,\"name\":\"Un Loft atypique \u00e0 Bordeaux\"}]},{\"@type\":\"WebSite\",\"@id\":\"https:\/\/joyana.fr\/en\/#website\",\"url\":\"https:\/\/joyana.fr\/en\/\",\"name\":\"JO YANA\",\"description\":\"Blog Mode Homme, Lifestyle, D\u00e9co-Design\",\"publisher\":{\"@id\":\"https:\/\/joyana.fr\/en\/#\/schema\/person\/cf2a1ad12a27c12c21801075bf37407c\"},\"potentialAction\":[{\"@type\":\"SearchAction\",\"target\":{\"@type\":\"EntryPoint\",\"urlTemplate\":\"https:\/\/joyana.fr\/en\/?s={search_term_string}\"},\"query-input\":{\"@type\":\"PropertyValueSpecification\",\"valueRequired\":true,\"valueName\":\"search_term_string\"}}],\"inLanguage\":\"en-US\"},{\"@type\":[\"Person\",\"Organization\"],\"@id\":\"https:\/\/joyana.fr\/en\/#\/schema\/person\/cf2a1ad12a27c12c21801075bf37407c\",\"name\":\"Jo Yana\",\"image\":{\"@type\":\"ImageObject\",\"inLanguage\":\"en-US\",\"@id\":\"https:\/\/joyana.fr\/en\/#\/schema\/person\/image\/\",\"url\":\"https:\/\/i0.wp.com\/joyana.fr\/wp-content\/uploads\/2016\/08\/cropped-joyana-logo-black-360x180.png?fit=343%2C164&ssl=1\",\"contentUrl\":\"https:\/\/i0.wp.com\/joyana.fr\/wp-content\/uploads\/2016\/08\/cropped-joyana-logo-black-360x180.png?fit=343%2C164&ssl=1\",\"width\":343,\"height\":164,\"caption\":\"Jo Yana\"},\"logo\":{\"@id\":\"https:\/\/joyana.fr\/en\/#\/schema\/person\/image\/\"},\"description\":\"Jo Yana est le cr\u00e9ateur et r\u00e9dacteur en chef des sites DECO-DESIGN. Passionn\u00e9 de Design, Mode, Photo, Luxe, Lifestyle, Musique, mais avant tout Blogueur ! Le plaisir de partager l'anime et a comme devise \\\"POUR L'AMOUR DU BEAU\\\". Retrouvez le aussi sur son blog personnel - https:\/\/joyana.fr...\",\"sameAs\":[\"https:\/\/joyana.fr\/\"],\"url\":\"https:\/\/joyana.fr\/en\/author\/joyana\/\"}]}<\/script>\n<!-- \/ Yoast SEO plugin. -->","yoast_head_json":{"title":"Un Loft atypique \u00e0 Bordeaux - JO YANA","robots":{"index":"index","follow":"follow","max-snippet":"max-snippet:-1","max-image-preview":"max-image-preview:large","max-video-preview":"max-video-preview:-1"},"canonical":"https:\/\/joyana.fr\/en\/un-loft-atypique-transformation-a-bordeaux\/109110\/","og_locale":"en_US","og_type":"article","og_title":"Un Loft atypique \u00e0 Bordeaux - JO YANA","og_description":"Nous nous rendons chez une membre active du Forum Deco-Design, qui nous fait vivre depuis des mois la transformation d&#8217;un ancien en garage en sublime loft&#8230; Deco-Design : Parle nous de ce lieu&#8230; Etoile : Il s&#8217;agit d&#8217;un atelier de garagiste que j&#8217;ai voulu transformer en loft !!! Au d\u00e9but j&#8217;\u00e9tais sceptique sur les possibilit\u00e9s [&hellip;]","og_url":"https:\/\/joyana.fr\/en\/un-loft-atypique-transformation-a-bordeaux\/109110\/","og_site_name":"JO YANA","article_published_time":"2012-03-08T18:39:58+00:00","og_image":[{"width":576,"height":380,"url":"https:\/\/joyana.fr\/wp-content\/uploads\/old\/etoile-IMG_001.jpg","type":"image\/jpeg"}],"author":"Jo Yana","twitter_card":"summary_large_image","twitter_creator":"@Jo_Yana","twitter_site":"@Jo_Yana","twitter_misc":{"Written by":"Jo Yana","Est. reading time":"2 minutes"},"schema":{"@context":"https:\/\/schema.org","@graph":[{"@type":"Article","@id":"https:\/\/joyana.fr\/un-loft-atypique-transformation-a-bordeaux\/109110\/#article","isPartOf":{"@id":"https:\/\/joyana.fr\/un-loft-atypique-transformation-a-bordeaux\/109110\/"},"author":{"name":"Jo Yana","@id":"https:\/\/joyana.fr\/en\/#\/schema\/person\/cf2a1ad12a27c12c21801075bf37407c"},"headline":"Un Loft atypique \u00e0 Bordeaux","datePublished":"2012-03-08T18:39:58+00:00","mainEntityOfPage":{"@id":"https:\/\/joyana.fr\/un-loft-atypique-transformation-a-bordeaux\/109110\/"},"wordCount":510,"commentCount":6,"publisher":{"@id":"https:\/\/joyana.fr\/en\/#\/schema\/person\/cf2a1ad12a27c12c21801075bf37407c"},"image":{"@id":"https:\/\/joyana.fr\/un-loft-atypique-transformation-a-bordeaux\/109110\/#primaryimage"},"thumbnailUrl":"https:\/\/i0.wp.com\/joyana.fr\/wp-content\/uploads\/old\/etoile-IMG_001.jpg?fit=576%2C380&ssl=1","keywords":["Architecture"],"articleSection":["ARCHITECTURE","DECO-DESIGN","France","Loft"],"inLanguage":"en-US","potentialAction":[{"@type":"CommentAction","name":"Comment","target":["https:\/\/joyana.fr\/un-loft-atypique-transformation-a-bordeaux\/109110\/#respond"]}]},{"@type":"WebPage","@id":"https:\/\/joyana.fr\/un-loft-atypique-transformation-a-bordeaux\/109110\/","url":"https:\/\/joyana.fr\/un-loft-atypique-transformation-a-bordeaux\/109110\/","name":"Un Loft atypique \u00e0 Bordeaux - JO YANA","isPartOf":{"@id":"https:\/\/joyana.fr\/en\/#website"},"primaryImageOfPage":{"@id":"https:\/\/joyana.fr\/un-loft-atypique-transformation-a-bordeaux\/109110\/#primaryimage"},"image":{"@id":"https:\/\/joyana.fr\/un-loft-atypique-transformation-a-bordeaux\/109110\/#primaryimage"},"thumbnailUrl":"https:\/\/i0.wp.com\/joyana.fr\/wp-content\/uploads\/old\/etoile-IMG_001.jpg?fit=576%2C380&ssl=1","datePublished":"2012-03-08T18:39:58+00:00","breadcrumb":{"@id":"https:\/\/joyana.fr\/un-loft-atypique-transformation-a-bordeaux\/109110\/#breadcrumb"},"inLanguage":"en-US","potentialAction":[{"@type":"ReadAction","target":["https:\/\/joyana.fr\/un-loft-atypique-transformation-a-bordeaux\/109110\/"]}]},{"@type":"ImageObject","inLanguage":"en-US","@id":"https:\/\/joyana.fr\/un-loft-atypique-transformation-a-bordeaux\/109110\/#primaryimage","url":"https:\/\/i0.wp.com\/joyana.fr\/wp-content\/uploads\/old\/etoile-IMG_001.jpg?fit=576%2C380&ssl=1","contentUrl":"https:\/\/i0.wp.com\/joyana.fr\/wp-content\/uploads\/old\/etoile-IMG_001.jpg?fit=576%2C380&ssl=1","width":576,"height":380},{"@type":"BreadcrumbList","@id":"https:\/\/joyana.fr\/un-loft-atypique-transformation-a-bordeaux\/109110\/#breadcrumb","itemListElement":[{"@type":"ListItem","position":1,"name":"Accueil","item":"https:\/\/joyana.fr\/en\/"},{"@type":"ListItem","position":2,"name":"Un Loft atypique \u00e0 Bordeaux"}]},{"@type":"WebSite","@id":"https:\/\/joyana.fr\/en\/#website","url":"https:\/\/joyana.fr\/en\/","name":"JO YANA","description":"Blog Mode Homme, Lifestyle, D\u00e9co-Design","publisher":{"@id":"https:\/\/joyana.fr\/en\/#\/schema\/person\/cf2a1ad12a27c12c21801075bf37407c"},"potentialAction":[{"@type":"SearchAction","target":{"@type":"EntryPoint","urlTemplate":"https:\/\/joyana.fr\/en\/?s={search_term_string}"},"query-input":{"@type":"PropertyValueSpecification","valueRequired":true,"valueName":"search_term_string"}}],"inLanguage":"en-US"},{"@type":["Person","Organization"],"@id":"https:\/\/joyana.fr\/en\/#\/schema\/person\/cf2a1ad12a27c12c21801075bf37407c","name":"Jo Yana","image":{"@type":"ImageObject","inLanguage":"en-US","@id":"https:\/\/joyana.fr\/en\/#\/schema\/person\/image\/","url":"https:\/\/i0.wp.com\/joyana.fr\/wp-content\/uploads\/2016\/08\/cropped-joyana-logo-black-360x180.png?fit=343%2C164&ssl=1","contentUrl":"https:\/\/i0.wp.com\/joyana.fr\/wp-content\/uploads\/2016\/08\/cropped-joyana-logo-black-360x180.png?fit=343%2C164&ssl=1","width":343,"height":164,"caption":"Jo Yana"},"logo":{"@id":"https:\/\/joyana.fr\/en\/#\/schema\/person\/image\/"},"description":"Jo Yana est le cr\u00e9ateur et r\u00e9dacteur en chef des sites DECO-DESIGN. Passionn\u00e9 de Design, Mode, Photo, Luxe, Lifestyle, Musique, mais avant tout Blogueur ! Le plaisir de partager l'anime et a comme devise \"POUR L'AMOUR DU BEAU\". Retrouvez le aussi sur son blog personnel - https:\/\/joyana.fr...","sameAs":["https:\/\/joyana.fr\/"],"url":"https:\/\/joyana.fr\/en\/author\/joyana\/"}]}},"author_meta":{"display_name":"Jo Yana","author_link":"https:\/\/joyana.fr\/en\/author\/joyana\/"},"featured_img":"https:\/\/i0.wp.com\/joyana.fr\/wp-content\/uploads\/old\/etoile-IMG_001.jpg?fit=389%2C257&ssl=1","featured_image_src":"https:\/\/i0.wp.com\/joyana.fr\/wp-content\/uploads\/old\/etoile-IMG_001.jpg?resize=576%2C380&ssl=1","featured_image_src_square":"https:\/\/i0.wp.com\/joyana.fr\/wp-content\/uploads\/old\/etoile-IMG_001.jpg?resize=576%2C380&ssl=1","jetpack_featured_media_url":"https:\/\/i0.wp.com\/joyana.fr\/wp-content\/uploads\/old\/etoile-IMG_001.jpg?fit=576%2C380&ssl=1","uagb_featured_image_src":{"full":["https:\/\/i0.wp.com\/joyana.fr\/wp-content\/uploads\/old\/etoile-IMG_001.jpg?fit=576%2C380&ssl=1",576,380,false],"thumbnail":["https:\/\/i0.wp.com\/joyana.fr\/wp-content\/uploads\/old\/etoile-IMG_001.jpg?resize=150%2C150&ssl=1",150,150,true],"medium":["https:\/\/i0.wp.com\/joyana.fr\/wp-content\/uploads\/old\/etoile-IMG_001.jpg?fit=389%2C257&ssl=1",389,257,true],"medium_large":["https:\/\/i0.wp.com\/joyana.fr\/wp-content\/uploads\/old\/etoile-IMG_001.jpg?fit=576%2C380&ssl=1",576,380,true],"large":["https:\/\/i0.wp.com\/joyana.fr\/wp-content\/uploads\/old\/etoile-IMG_001.jpg?fit=576%2C380&ssl=1",576,380,true],"1536x1536":["https:\/\/i0.wp.com\/joyana.fr\/wp-content\/uploads\/old\/etoile-IMG_001.jpg?fit=576%2C380&ssl=1",576,380,true],"2048x2048":["https:\/\/i0.wp.com\/joyana.fr\/wp-content\/uploads\/old\/etoile-IMG_001.jpg?fit=576%2C380&ssl=1",576,380,true],"featured-thumb":["https:\/\/i0.wp.com\/joyana.fr\/wp-content\/uploads\/old\/etoile-IMG_001.jpg?resize=576%2C380&ssl=1",576,380,true],"ab-block-post-grid-landscape":["https:\/\/i0.wp.com\/joyana.fr\/wp-content\/uploads\/old\/etoile-IMG_001.jpg?resize=576%2C380&ssl=1",576,380,true],"ab-block-post-grid-square":["https:\/\/i0.wp.com\/joyana.fr\/wp-content\/uploads\/old\/etoile-IMG_001.jpg?resize=576%2C380&ssl=1",576,380,true],"author-pro-image":["https:\/\/i0.wp.com\/joyana.fr\/wp-content\/uploads\/old\/etoile-IMG_001.jpg?resize=360%2C380&ssl=1",360,380,true],"slider":["https:\/\/i0.wp.com\/joyana.fr\/wp-content\/uploads\/old\/etoile-IMG_001.jpg?resize=576%2C380&ssl=1",576,380,true],"woocommerce_thumbnail":["https:\/\/i0.wp.com\/joyana.fr\/wp-content\/uploads\/old\/etoile-IMG_001.jpg?resize=450%2C380&ssl=1",450,380,true],"woocommerce_single":["https:\/\/i0.wp.com\/joyana.fr\/wp-content\/uploads\/old\/etoile-IMG_001.jpg?fit=576%2C380&ssl=1",576,380,true],"woocommerce_gallery_thumbnail":["https:\/\/i0.wp.com\/joyana.fr\/wp-content\/uploads\/old\/etoile-IMG_001.jpg?resize=180%2C180&ssl=1",180,180,true],"sow-carousel-default":["https:\/\/i0.wp.com\/joyana.fr\/wp-content\/uploads\/old\/etoile-IMG_001.jpg?resize=272%2C182&ssl=1",272,182,true]},"uagb_author_info":{"display_name":"Jo Yana","author_link":"https:\/\/joyana.fr\/en\/author\/joyana\/"},"uagb_comment_info":16,"uagb_excerpt":"Nous nous rendons chez une membre active du Forum Deco-Design, qui nous fait vivre depuis des mois la transformation d&#8217;un ancien en garage en sublime loft&#8230; Deco-Design : Parle nous de ce lieu&#8230; Etoile : Il s&#8217;agit d&#8217;un atelier de garagiste que j&#8217;ai voulu transformer en loft !!! Au d\u00e9but j&#8217;\u00e9tais sceptique sur les possibilit\u00e9s&hellip;","coauthors":[],"tax_additional":{"categories":{"linked":["<a href=\"https:\/\/joyana.fr\/en\/category\/portfolio\/architecture\/\" class=\"advgb-post-tax-term\">ARCHITECTURE<\/a>","<a href=\"https:\/\/joyana.fr\/en\/category\/deco-design\/\" class=\"advgb-post-tax-term\">DECO-DESIGN<\/a>","<a href=\"https:\/\/joyana.fr\/en\/category\/deco-design\/architecture-deco-design\/pays\/france\/\" class=\"advgb-post-tax-term\">France<\/a>","<a href=\"https:\/\/joyana.fr\/en\/category\/deco-design\/architecture-deco-design\/lieux-design\/loft\/\" class=\"advgb-post-tax-term\">Loft<\/a>"],"unlinked":["<span class=\"advgb-post-tax-term\">ARCHITECTURE<\/span>","<span class=\"advgb-post-tax-term\">DECO-DESIGN<\/span>","<span class=\"advgb-post-tax-term\">France<\/span>","<span class=\"advgb-post-tax-term\">Loft<\/span>"]},"tags":{"linked":["<a href=\"https:\/\/joyana.fr\/en\/category\/deco-design\/architecture-deco-design\/lieux-design\/loft\/\" class=\"advgb-post-tax-term\">Architecture<\/a>"],"unlinked":["<span class=\"advgb-post-tax-term\">Architecture<\/span>"]}},"comment_count":16,"relative_dates":{"created":"Posted 14 years ago","modified":"Updated 14 years ago"},"absolute_dates":{"created":"Posted on 8 March 2012","modified":"Updated on 8 March 2012"},"absolute_dates_time":{"created":"Posted on 8 March 2012 19:39","modified":"Updated on 8 March 2012 19:39"},"featured_img_caption":"","series_order":"","jetpack_sharing_enabled":true,"jetpack_shortlink":"https:\/\/wp.me\/p9bteI-snQ","jetpack-related-posts":[],"_links":{"self":[{"href":"https:\/\/joyana.fr\/en\/wp-json\/wp\/v2\/posts\/109110","targetHints":{"allow":["GET"]}}],"collection":[{"href":"https:\/\/joyana.fr\/en\/wp-json\/wp\/v2\/posts"}],"about":[{"href":"https:\/\/joyana.fr\/en\/wp-json\/wp\/v2\/types\/post"}],"author":[{"embeddable":true,"href":"https:\/\/joyana.fr\/en\/wp-json\/wp\/v2\/users\/3"}],"replies":[{"embeddable":true,"href":"https:\/\/joyana.fr\/en\/wp-json\/wp\/v2\/comments?post=109110"}],"version-history":[{"count":0,"href":"https:\/\/joyana.fr\/en\/wp-json\/wp\/v2\/posts\/109110\/revisions"}],"wp:featuredmedia":[{"embeddable":true,"href":"https:\/\/joyana.fr\/en\/wp-json\/wp\/v2\/media\/109111"}],"wp:attachment":[{"href":"https:\/\/joyana.fr\/en\/wp-json\/wp\/v2\/media?parent=109110"}],"wp:term":[{"taxonomy":"category","embeddable":true,"href":"https:\/\/joyana.fr\/en\/wp-json\/wp\/v2\/categories?post=109110"},{"taxonomy":"post_tag","embeddable":true,"href":"https:\/\/joyana.fr\/en\/wp-json\/wp\/v2\/tags?post=109110"}],"curies":[{"name":"wp","href":"https:\/\/api.w.org\/{rel}","templated":true}]}}