{"id":109603,"date":"2012-05-06T08:19:09","date_gmt":"2012-05-06T07:19:09","guid":{"rendered":"https:\/\/joyana.fr\/?p=9603"},"modified":"2012-05-06T08:19:09","modified_gmt":"2012-05-06T07:19:09","slug":"lavabo-design-amedeo-par-karim-rashid","status":"publish","type":"post","link":"https:\/\/joyana.fr\/en\/lavabo-design-amedeo-par-karim-rashid\/109603\/","title":{"rendered":"Lavabo design AMEDEO par Karim RASHID"},"content":{"rendered":"<p>Avec le <strong>lavabo<\/strong> <strong>AMEDEO<\/strong>, le fabricant italien <strong>Ceramica Cielo<\/strong> <a title=\"TATOO KARIM RASHID\" href=\"http:\/\/www.ceramicacielo.it\/it\/tatoo\/\" target=\"_blank\">renouvelle sa collaboration<\/a> avec <a title=\"Karim Rashid\" href=\"https:\/\/joyana.fr\/category\/designer\/karim-rashid\/\" target=\"_blank\"><strong>Karim Rashid<\/strong><\/a>, en demandant au <strong>designer<\/strong> de s&#8217;exprimer \u00e0 travers ses formes sophistiqu\u00e9s, l&#8217;innovation et la fonctionnalit\u00e9 pour cr\u00e9er un produit unique pour la <strong>salle de bains<\/strong>&#8230;<\/p>\n<p><img data-recalc-dims=\"1\" fetchpriority=\"high\" decoding=\"async\" data-attachment-id=\"9604\" data-permalink=\"https:\/\/joyana.fr\/en\/ikks-lookbook-fall-winter-2014\/9591\/14h_ikksmen_look_13_ld\/\" data-orig-file=\"https:\/\/i0.wp.com\/joyana.fr\/wp-content\/uploads\/2014\/07\/14H_IkksMen_LOOK_13_LD.jpg?fit=650%2C975&amp;ssl=1\" data-orig-size=\"650,975\" data-comments-opened=\"1\" data-image-meta=\"{&quot;aperture&quot;:&quot;11&quot;,&quot;credit&quot;:&quot;Brice&quot;,&quot;camera&quot;:&quot;Canon EOS 5D Mark III&quot;,&quot;caption&quot;:&quot;&quot;,&quot;created_timestamp&quot;:&quot;1395236227&quot;,&quot;copyright&quot;:&quot;&quot;,&quot;focal_length&quot;:&quot;85&quot;,&quot;iso&quot;:&quot;100&quot;,&quot;shutter_speed&quot;:&quot;0.008&quot;,&quot;title&quot;:&quot;&quot;,&quot;orientation&quot;:&quot;1&quot;}\" data-image-title=\"14H_IkksMen_LOOK_13_LD\" data-image-description=\"\" data-image-caption=\"\" data-medium-file=\"https:\/\/i0.wp.com\/joyana.fr\/wp-content\/uploads\/2014\/07\/14H_IkksMen_LOOK_13_LD.jpg?fit=259%2C389&amp;ssl=1\" data-large-file=\"https:\/\/i0.wp.com\/joyana.fr\/wp-content\/uploads\/2014\/07\/14H_IkksMen_LOOK_13_LD.jpg?fit=650%2C975&amp;ssl=1\" class=\"alignnone size-full wp-image-9604\" title=\"Lavabo design AMEDEO par Karim RASHID\" src=\"https:\/\/i0.wp.com\/joyana.fr\/wp-content\/uploads\/amedeo-961-01_07_sc_v2com.jpg?resize=576%2C624&#038;ssl=1\" alt=\"\" width=\"576\" height=\"624\" \/><\/p>\n<p>Caract\u00e9ris\u00e9 par une extr\u00eame polyvalence <strong>AMEDEO<\/strong> est un <strong>lavabo original<\/strong> &#8211; un bol rond ou ovale avec un pi\u00e9destal comme une forme autonome \u00e9l\u00e9gante, en vedette dans deux styles diff\u00e9rents, avec un profil mince qui peut \u00eatre positionn\u00e9 frontal ou lat\u00e9ral, et une finitions en c\u00e9ramique&#8230;<\/p>\n<p>La conception unique de <strong>AMEDEO<\/strong> &#8211; sign\u00e9 par <strong>Karim Rashid<\/strong> &#8211; permet \u00e9galement l&#8217;utilisation du <strong>lavabo<\/strong> comme un \u00e9l\u00e9ment ind\u00e9pendant !!!<\/p>\n<p><img data-recalc-dims=\"1\" decoding=\"async\" data-attachment-id=\"9607\" data-permalink=\"https:\/\/joyana.fr\/en\/ikks-lookbook-fall-winter-2014\/9591\/14h_ikksmen_look_16_ld\/\" data-orig-file=\"https:\/\/i0.wp.com\/joyana.fr\/wp-content\/uploads\/2014\/07\/14H_IkksMen_LOOK_16_LD.jpg?fit=650%2C975&amp;ssl=1\" data-orig-size=\"650,975\" data-comments-opened=\"1\" data-image-meta=\"{&quot;aperture&quot;:&quot;11&quot;,&quot;credit&quot;:&quot;Brice&quot;,&quot;camera&quot;:&quot;Canon EOS 5D Mark III&quot;,&quot;caption&quot;:&quot;&quot;,&quot;created_timestamp&quot;:&quot;1395240695&quot;,&quot;copyright&quot;:&quot;&quot;,&quot;focal_length&quot;:&quot;85&quot;,&quot;iso&quot;:&quot;100&quot;,&quot;shutter_speed&quot;:&quot;0.008&quot;,&quot;title&quot;:&quot;&quot;,&quot;orientation&quot;:&quot;1&quot;}\" data-image-title=\"14H_IkksMen_LOOK_16_LD\" data-image-description=\"\" data-image-caption=\"\" data-medium-file=\"https:\/\/i0.wp.com\/joyana.fr\/wp-content\/uploads\/2014\/07\/14H_IkksMen_LOOK_16_LD.jpg?fit=259%2C389&amp;ssl=1\" data-large-file=\"https:\/\/i0.wp.com\/joyana.fr\/wp-content\/uploads\/2014\/07\/14H_IkksMen_LOOK_16_LD.jpg?fit=650%2C975&amp;ssl=1\" class=\"alignnone size-full wp-image-9607\" title=\"Lavabo design AMEDEO par Karim RASHID\" src=\"https:\/\/i0.wp.com\/joyana.fr\/wp-content\/uploads\/AMEDEO_961-01_03_sc_v2com.jpg?resize=576%2C576&#038;ssl=1\" alt=\"\" width=\"576\" height=\"576\" \/><\/p>\n<p><img data-recalc-dims=\"1\" decoding=\"async\" data-attachment-id=\"9609\" data-permalink=\"https:\/\/joyana.fr\/en\/ikks-lookbook-fall-winter-2014\/9591\/14h_ikksmen_look_18_ld\/\" data-orig-file=\"https:\/\/i0.wp.com\/joyana.fr\/wp-content\/uploads\/2014\/07\/14H_IkksMen_LOOK_18_LD.jpg?fit=650%2C975&amp;ssl=1\" data-orig-size=\"650,975\" data-comments-opened=\"1\" data-image-meta=\"{&quot;aperture&quot;:&quot;11&quot;,&quot;credit&quot;:&quot;Brice&quot;,&quot;camera&quot;:&quot;Canon EOS 5D Mark III&quot;,&quot;caption&quot;:&quot;&quot;,&quot;created_timestamp&quot;:&quot;1395225184&quot;,&quot;copyright&quot;:&quot;&quot;,&quot;focal_length&quot;:&quot;85&quot;,&quot;iso&quot;:&quot;100&quot;,&quot;shutter_speed&quot;:&quot;0.008&quot;,&quot;title&quot;:&quot;&quot;,&quot;orientation&quot;:&quot;1&quot;}\" data-image-title=\"14H_IkksMen_LOOK_18_LD\" data-image-description=\"\" data-image-caption=\"\" data-medium-file=\"https:\/\/i0.wp.com\/joyana.fr\/wp-content\/uploads\/2014\/07\/14H_IkksMen_LOOK_18_LD.jpg?fit=259%2C389&amp;ssl=1\" data-large-file=\"https:\/\/i0.wp.com\/joyana.fr\/wp-content\/uploads\/2014\/07\/14H_IkksMen_LOOK_18_LD.jpg?fit=650%2C975&amp;ssl=1\" class=\"alignnone size-full wp-image-9609\" title=\"Lavabo design AMEDEO par Karim RASHID\" src=\"https:\/\/i0.wp.com\/joyana.fr\/wp-content\/uploads\/AMEDEO_961-01_05_sc_v2com.jpg?resize=576%2C576&#038;ssl=1\" alt=\"\" width=\"576\" height=\"576\" \/><\/p>\n<p><img data-recalc-dims=\"1\" loading=\"lazy\" decoding=\"async\" data-attachment-id=\"9608\" data-permalink=\"https:\/\/joyana.fr\/en\/ikks-lookbook-fall-winter-2014\/9591\/14h_ikksmen_look_17_ld\/\" data-orig-file=\"https:\/\/i0.wp.com\/joyana.fr\/wp-content\/uploads\/2014\/07\/14H_IkksMen_LOOK_17_LD.jpg?fit=650%2C975&amp;ssl=1\" data-orig-size=\"650,975\" data-comments-opened=\"1\" data-image-meta=\"{&quot;aperture&quot;:&quot;11&quot;,&quot;credit&quot;:&quot;Brice&quot;,&quot;camera&quot;:&quot;Canon EOS 5D Mark III&quot;,&quot;caption&quot;:&quot;&quot;,&quot;created_timestamp&quot;:&quot;1395230417&quot;,&quot;copyright&quot;:&quot;&quot;,&quot;focal_length&quot;:&quot;85&quot;,&quot;iso&quot;:&quot;100&quot;,&quot;shutter_speed&quot;:&quot;0.008&quot;,&quot;title&quot;:&quot;&quot;,&quot;orientation&quot;:&quot;1&quot;}\" data-image-title=\"14H_IkksMen_LOOK_17_LD\" data-image-description=\"\" data-image-caption=\"\" data-medium-file=\"https:\/\/i0.wp.com\/joyana.fr\/wp-content\/uploads\/2014\/07\/14H_IkksMen_LOOK_17_LD.jpg?fit=259%2C389&amp;ssl=1\" data-large-file=\"https:\/\/i0.wp.com\/joyana.fr\/wp-content\/uploads\/2014\/07\/14H_IkksMen_LOOK_17_LD.jpg?fit=650%2C975&amp;ssl=1\" class=\"alignnone size-full wp-image-9608\" title=\"Lavabo design AMEDEO par Karim RASHID\" src=\"https:\/\/i0.wp.com\/joyana.fr\/wp-content\/uploads\/AMEDEO_961-01_04_sc_v2com.jpg?resize=576%2C576&#038;ssl=1\" alt=\"\" width=\"576\" height=\"576\" \/><\/p>\n<p><img data-recalc-dims=\"1\" loading=\"lazy\" decoding=\"async\" data-attachment-id=\"9605\" data-permalink=\"https:\/\/joyana.fr\/en\/ikks-lookbook-fall-winter-2014\/9591\/14h_ikksmen_look_14_ld\/\" data-orig-file=\"https:\/\/i0.wp.com\/joyana.fr\/wp-content\/uploads\/2014\/07\/14H_IkksMen_LOOK_14_LD.jpg?fit=650%2C975&amp;ssl=1\" data-orig-size=\"650,975\" data-comments-opened=\"1\" data-image-meta=\"{&quot;aperture&quot;:&quot;11&quot;,&quot;credit&quot;:&quot;Brice&quot;,&quot;camera&quot;:&quot;Canon EOS 5D Mark III&quot;,&quot;caption&quot;:&quot;&quot;,&quot;created_timestamp&quot;:&quot;1395235320&quot;,&quot;copyright&quot;:&quot;&quot;,&quot;focal_length&quot;:&quot;85&quot;,&quot;iso&quot;:&quot;100&quot;,&quot;shutter_speed&quot;:&quot;0.008&quot;,&quot;title&quot;:&quot;&quot;,&quot;orientation&quot;:&quot;1&quot;}\" data-image-title=\"14H_IkksMen_LOOK_14_LD\" data-image-description=\"\" data-image-caption=\"\" data-medium-file=\"https:\/\/i0.wp.com\/joyana.fr\/wp-content\/uploads\/2014\/07\/14H_IkksMen_LOOK_14_LD.jpg?fit=259%2C389&amp;ssl=1\" data-large-file=\"https:\/\/i0.wp.com\/joyana.fr\/wp-content\/uploads\/2014\/07\/14H_IkksMen_LOOK_14_LD.jpg?fit=650%2C975&amp;ssl=1\" class=\"alignnone size-full wp-image-9605\" title=\"Lavabo design AMEDEO par Karim RASHID\" src=\"https:\/\/i0.wp.com\/joyana.fr\/wp-content\/uploads\/AMEDEO_961-01_01_sc_v2com.jpg?resize=576%2C576&#038;ssl=1\" alt=\"\" width=\"576\" height=\"576\" \/><\/p>\n<p><img data-recalc-dims=\"1\" loading=\"lazy\" decoding=\"async\" data-attachment-id=\"9606\" data-permalink=\"https:\/\/joyana.fr\/en\/ikks-lookbook-fall-winter-2014\/9591\/14h_ikksmen_look_15_ld\/\" data-orig-file=\"https:\/\/i0.wp.com\/joyana.fr\/wp-content\/uploads\/2014\/07\/14H_IkksMen_LOOK_15_LD.jpg?fit=650%2C975&amp;ssl=1\" data-orig-size=\"650,975\" data-comments-opened=\"1\" data-image-meta=\"{&quot;aperture&quot;:&quot;11&quot;,&quot;credit&quot;:&quot;Brice&quot;,&quot;camera&quot;:&quot;Canon EOS 5D Mark III&quot;,&quot;caption&quot;:&quot;&quot;,&quot;created_timestamp&quot;:&quot;1395241670&quot;,&quot;copyright&quot;:&quot;&quot;,&quot;focal_length&quot;:&quot;85&quot;,&quot;iso&quot;:&quot;100&quot;,&quot;shutter_speed&quot;:&quot;0.008&quot;,&quot;title&quot;:&quot;&quot;,&quot;orientation&quot;:&quot;1&quot;}\" data-image-title=\"14H_IkksMen_LOOK_15_LD\" data-image-description=\"\" data-image-caption=\"\" data-medium-file=\"https:\/\/i0.wp.com\/joyana.fr\/wp-content\/uploads\/2014\/07\/14H_IkksMen_LOOK_15_LD.jpg?fit=259%2C389&amp;ssl=1\" data-large-file=\"https:\/\/i0.wp.com\/joyana.fr\/wp-content\/uploads\/2014\/07\/14H_IkksMen_LOOK_15_LD.jpg?fit=650%2C975&amp;ssl=1\" class=\"alignnone size-full wp-image-9606\" title=\"Lavabo design AMEDEO par Karim RASHID\" src=\"https:\/\/i0.wp.com\/joyana.fr\/wp-content\/uploads\/AMEDEO_961-01_02_sc_v2com.jpg?resize=576%2C670&#038;ssl=1\" alt=\"\" width=\"576\" height=\"670\" \/><\/p>\n<p><img data-recalc-dims=\"1\" loading=\"lazy\" decoding=\"async\" data-attachment-id=\"9616\" data-permalink=\"https:\/\/joyana.fr\/en\/ikks-lookbook-fall-winter-2014\/9591\/14h_ikksmen_look_25_ld\/\" data-orig-file=\"https:\/\/i0.wp.com\/joyana.fr\/wp-content\/uploads\/2014\/07\/14H_IkksMen_LOOK_25_LD.jpg?fit=650%2C975&amp;ssl=1\" data-orig-size=\"650,975\" data-comments-opened=\"1\" data-image-meta=\"{&quot;aperture&quot;:&quot;11&quot;,&quot;credit&quot;:&quot;Brice&quot;,&quot;camera&quot;:&quot;Canon EOS 5D Mark III&quot;,&quot;caption&quot;:&quot;&quot;,&quot;created_timestamp&quot;:&quot;1395242912&quot;,&quot;copyright&quot;:&quot;&quot;,&quot;focal_length&quot;:&quot;85&quot;,&quot;iso&quot;:&quot;100&quot;,&quot;shutter_speed&quot;:&quot;0.008&quot;,&quot;title&quot;:&quot;&quot;,&quot;orientation&quot;:&quot;1&quot;}\" data-image-title=\"14H_IkksMen_LOOK_25_LD\" data-image-description=\"\" data-image-caption=\"\" data-medium-file=\"https:\/\/i0.wp.com\/joyana.fr\/wp-content\/uploads\/2014\/07\/14H_IkksMen_LOOK_25_LD.jpg?fit=259%2C389&amp;ssl=1\" data-large-file=\"https:\/\/i0.wp.com\/joyana.fr\/wp-content\/uploads\/2014\/07\/14H_IkksMen_LOOK_25_LD.jpg?fit=650%2C975&amp;ssl=1\" class=\"alignnone size-full wp-image-9616\" title=\"AMEDEO KARIM RASHID\" src=\"https:\/\/i0.wp.com\/joyana.fr\/wp-content\/uploads\/amedeo02.jpg?resize=576%2C370&#038;ssl=1\" alt=\"\" width=\"576\" height=\"370\" \/><\/p>\n<p>En savoir + sur <a title=\"Karim RASHID\" href=\"http:\/\/www.karimrashid.com\/\" target=\"_blank\"><strong>Karim Rashid<\/strong><\/a> &#038; <a title=\"CERAMICA CIELO\" href=\"http:\/\/www.ceramicacielo.it\/\" target=\"_blank\"><strong>Ceramica Cielo<\/strong><\/a><\/p>\n","protected":false},"excerpt":{"rendered":"<p>Avec le lavabo AMEDEO, le fabricant italien Ceramica Cielo renouvelle sa collaboration avec Karim Rashid, en demandant au designer de s&#8217;exprimer \u00e0 travers ses formes sophistiqu\u00e9s, l&#8217;innovation et la fonctionnalit\u00e9 pour cr\u00e9er un produit unique pour la salle de bains&#8230; Caract\u00e9ris\u00e9 par une extr\u00eame polyvalence AMEDEO est un lavabo original &#8211; un bol rond ou [&hellip;]<\/p>\n","protected":false},"author":3,"featured_media":109604,"comment_status":"open","ping_status":"open","sticky":false,"template":"","format":"standard","meta":{"_coblocks_attr":"","_coblocks_dimensions":"","_coblocks_responsive_height":"","_coblocks_accordion_ie_support":"","_uag_custom_page_level_css":"","advgb_blocks_editor_width":"","advgb_blocks_columns_visual_guide":"","_genesis_hide_title":false,"_genesis_hide_breadcrumbs":false,"_genesis_hide_singular_image":false,"_genesis_hide_footer_widgets":false,"_genesis_custom_body_class":"","_genesis_custom_post_class":"","_genesis_layout":"","_themeisle_gutenberg_block_has_review":false,"_jetpack_newsletter_access":"","_jetpack_dont_email_post_to_subs":false,"_jetpack_newsletter_tier_id":0,"_jetpack_memberships_contains_paywalled_content":false,"_jetpack_memberships_contains_paid_content":false,"footnotes":""},"categories":[905,926,959],"tags":[78,44,960],"class_list":{"0":"post-109603","1":"post","2":"type-post","3":"status-publish","4":"format-standard","5":"has-post-thumbnail","7":"category-deco-design","8":"category-karim-rashid","9":"category-salle-deau","10":"tag-design","11":"tag-karim-rashid","12":"tag-salle-deau","13":"entry"},"featured_image_urls":{"full":["https:\/\/i0.wp.com\/joyana.fr\/wp-content\/uploads\/old\/amedeo-961-01_07_sc_v2com.jpg?fit=576%2C624&ssl=1",576,624,false],"thumbnail":["https:\/\/i0.wp.com\/joyana.fr\/wp-content\/uploads\/old\/amedeo-961-01_07_sc_v2com.jpg?resize=150%2C150&ssl=1",150,150,true],"medium":["https:\/\/i0.wp.com\/joyana.fr\/wp-content\/uploads\/old\/amedeo-961-01_07_sc_v2com.jpg?fit=359%2C389&ssl=1",359,389,true],"medium_large":["https:\/\/i0.wp.com\/joyana.fr\/wp-content\/uploads\/old\/amedeo-961-01_07_sc_v2com.jpg?fit=576%2C624&ssl=1",576,624,true],"large":["https:\/\/i0.wp.com\/joyana.fr\/wp-content\/uploads\/old\/amedeo-961-01_07_sc_v2com.jpg?fit=576%2C624&ssl=1",576,624,true],"1536x1536":["https:\/\/i0.wp.com\/joyana.fr\/wp-content\/uploads\/old\/amedeo-961-01_07_sc_v2com.jpg?fit=576%2C624&ssl=1",576,624,true],"2048x2048":["https:\/\/i0.wp.com\/joyana.fr\/wp-content\/uploads\/old\/amedeo-961-01_07_sc_v2com.jpg?fit=576%2C624&ssl=1",576,624,true],"featured-thumb":["https:\/\/i0.wp.com\/joyana.fr\/wp-content\/uploads\/old\/amedeo-961-01_07_sc_v2com.jpg?resize=576%2C624&ssl=1",576,624,true],"ab-block-post-grid-landscape":["https:\/\/i0.wp.com\/joyana.fr\/wp-content\/uploads\/old\/amedeo-961-01_07_sc_v2com.jpg?resize=576%2C400&ssl=1",576,400,true],"ab-block-post-grid-square":["https:\/\/i0.wp.com\/joyana.fr\/wp-content\/uploads\/old\/amedeo-961-01_07_sc_v2com.jpg?resize=576%2C600&ssl=1",576,600,true],"author-pro-image":["https:\/\/i0.wp.com\/joyana.fr\/wp-content\/uploads\/old\/amedeo-961-01_07_sc_v2com.jpg?resize=360%2C570&ssl=1",360,570,true],"slider":["https:\/\/i0.wp.com\/joyana.fr\/wp-content\/uploads\/old\/amedeo-961-01_07_sc_v2com.jpg?resize=576%2C400&ssl=1",576,400,true],"woocommerce_thumbnail":["https:\/\/i0.wp.com\/joyana.fr\/wp-content\/uploads\/old\/amedeo-961-01_07_sc_v2com.jpg?resize=450%2C450&ssl=1",450,450,true],"woocommerce_single":["https:\/\/i0.wp.com\/joyana.fr\/wp-content\/uploads\/old\/amedeo-961-01_07_sc_v2com.jpg?fit=576%2C624&ssl=1",576,624,true],"woocommerce_gallery_thumbnail":["https:\/\/i0.wp.com\/joyana.fr\/wp-content\/uploads\/old\/amedeo-961-01_07_sc_v2com.jpg?resize=180%2C180&ssl=1",180,180,true],"sow-carousel-default":["https:\/\/i0.wp.com\/joyana.fr\/wp-content\/uploads\/old\/amedeo-961-01_07_sc_v2com.jpg?resize=272%2C182&ssl=1",272,182,true]},"post_excerpt_stackable":"<p>Avec le lavabo AMEDEO, le fabricant italien Ceramica Cielo renouvelle sa collaboration avec Karim Rashid, en demandant au designer de s&#8217;exprimer \u00e0 travers ses formes sophistiqu\u00e9s, l&#8217;innovation et la fonctionnalit\u00e9 pour cr\u00e9er un produit unique pour la salle de bains&#8230; Caract\u00e9ris\u00e9 par une extr\u00eame polyvalence AMEDEO est un lavabo original &#8211; un bol rond ou ovale avec un pi\u00e9destal comme une forme autonome \u00e9l\u00e9gante, en vedette dans deux styles diff\u00e9rents, avec un profil mince qui peut \u00eatre positionn\u00e9 frontal ou lat\u00e9ral, et une finitions en c\u00e9ramique&#8230; La conception unique de AMEDEO &#8211; sign\u00e9 par Karim Rashid &#8211; permet \u00e9galement l&#8217;utilisation&hellip;<\/p>\n","category_list":"<a href=\"https:\/\/joyana.fr\/en\/category\/deco-design\/\" rel=\"category tag\">DECO-DESIGN<\/a>, <a href=\"https:\/\/joyana.fr\/en\/category\/deco-design\/designer\/karim-rashid\/\" rel=\"category tag\">Karim RASHID<\/a>, <a href=\"https:\/\/joyana.fr\/en\/category\/deco-design\/decoration\/salle-deau\/\" rel=\"category tag\">Salle d'eau<\/a>","author_info":{"display_name":"Jo Yana","author_link":"https:\/\/joyana.fr\/en\/author\/joyana\/"},"comments_num":"9 comments","featured_image_urls_v2":{"full":["https:\/\/i0.wp.com\/joyana.fr\/wp-content\/uploads\/old\/amedeo-961-01_07_sc_v2com.jpg?fit=576%2C624&ssl=1",576,624,false],"thumbnail":["https:\/\/i0.wp.com\/joyana.fr\/wp-content\/uploads\/old\/amedeo-961-01_07_sc_v2com.jpg?resize=150%2C150&ssl=1",150,150,true],"medium":["https:\/\/i0.wp.com\/joyana.fr\/wp-content\/uploads\/old\/amedeo-961-01_07_sc_v2com.jpg?fit=359%2C389&ssl=1",359,389,true],"medium_large":["https:\/\/i0.wp.com\/joyana.fr\/wp-content\/uploads\/old\/amedeo-961-01_07_sc_v2com.jpg?fit=576%2C624&ssl=1",576,624,true],"large":["https:\/\/i0.wp.com\/joyana.fr\/wp-content\/uploads\/old\/amedeo-961-01_07_sc_v2com.jpg?fit=576%2C624&ssl=1",576,624,true],"1536x1536":["https:\/\/i0.wp.com\/joyana.fr\/wp-content\/uploads\/old\/amedeo-961-01_07_sc_v2com.jpg?fit=576%2C624&ssl=1",576,624,true],"2048x2048":["https:\/\/i0.wp.com\/joyana.fr\/wp-content\/uploads\/old\/amedeo-961-01_07_sc_v2com.jpg?fit=576%2C624&ssl=1",576,624,true],"featured-thumb":["https:\/\/i0.wp.com\/joyana.fr\/wp-content\/uploads\/old\/amedeo-961-01_07_sc_v2com.jpg?resize=576%2C624&ssl=1",576,624,true],"ab-block-post-grid-landscape":["https:\/\/i0.wp.com\/joyana.fr\/wp-content\/uploads\/old\/amedeo-961-01_07_sc_v2com.jpg?resize=576%2C400&ssl=1",576,400,true],"ab-block-post-grid-square":["https:\/\/i0.wp.com\/joyana.fr\/wp-content\/uploads\/old\/amedeo-961-01_07_sc_v2com.jpg?resize=576%2C600&ssl=1",576,600,true],"author-pro-image":["https:\/\/i0.wp.com\/joyana.fr\/wp-content\/uploads\/old\/amedeo-961-01_07_sc_v2com.jpg?resize=360%2C570&ssl=1",360,570,true],"slider":["https:\/\/i0.wp.com\/joyana.fr\/wp-content\/uploads\/old\/amedeo-961-01_07_sc_v2com.jpg?resize=576%2C400&ssl=1",576,400,true],"woocommerce_thumbnail":["https:\/\/i0.wp.com\/joyana.fr\/wp-content\/uploads\/old\/amedeo-961-01_07_sc_v2com.jpg?resize=450%2C450&ssl=1",450,450,true],"woocommerce_single":["https:\/\/i0.wp.com\/joyana.fr\/wp-content\/uploads\/old\/amedeo-961-01_07_sc_v2com.jpg?fit=576%2C624&ssl=1",576,624,true],"woocommerce_gallery_thumbnail":["https:\/\/i0.wp.com\/joyana.fr\/wp-content\/uploads\/old\/amedeo-961-01_07_sc_v2com.jpg?resize=180%2C180&ssl=1",180,180,true],"sow-carousel-default":["https:\/\/i0.wp.com\/joyana.fr\/wp-content\/uploads\/old\/amedeo-961-01_07_sc_v2com.jpg?resize=272%2C182&ssl=1",272,182,true]},"post_excerpt_stackable_v2":"<p>Avec le lavabo AMEDEO, le fabricant italien Ceramica Cielo renouvelle sa collaboration avec Karim Rashid, en demandant au designer de s&#8217;exprimer \u00e0 travers ses formes sophistiqu\u00e9s, l&#8217;innovation et la fonctionnalit\u00e9 pour cr\u00e9er un produit unique pour la salle de bains&#8230; Caract\u00e9ris\u00e9 par une extr\u00eame polyvalence AMEDEO est un lavabo original &#8211; un bol rond ou ovale avec un pi\u00e9destal comme une forme autonome \u00e9l\u00e9gante, en vedette dans deux styles diff\u00e9rents, avec un profil mince qui peut \u00eatre positionn\u00e9 frontal ou lat\u00e9ral, et une finitions en c\u00e9ramique&#8230; La conception unique de AMEDEO &#8211; sign\u00e9 par Karim Rashid &#8211; permet \u00e9galement l&#8217;utilisation&hellip;<\/p>\n","category_list_v2":"<a href=\"https:\/\/joyana.fr\/en\/category\/deco-design\/\" rel=\"category tag\">DECO-DESIGN<\/a>, <a href=\"https:\/\/joyana.fr\/en\/category\/deco-design\/designer\/karim-rashid\/\" rel=\"category tag\">Karim RASHID<\/a>, <a href=\"https:\/\/joyana.fr\/en\/category\/deco-design\/decoration\/salle-deau\/\" rel=\"category tag\">Salle d'eau<\/a>","author_info_v2":{"name":"Jo Yana","url":"https:\/\/joyana.fr\/en\/author\/joyana\/"},"comments_num_v2":"9 comments","yoast_head":"<!-- This site is optimized with the Yoast SEO plugin v26.8 - https:\/\/yoast.com\/product\/yoast-seo-wordpress\/ -->\n<title>Lavabo design AMEDEO par Karim RASHID - JO YANA<\/title>\n<meta name=\"robots\" content=\"index, follow, max-snippet:-1, max-image-preview:large, max-video-preview:-1\" \/>\n<link rel=\"canonical\" href=\"https:\/\/www.joyana.fr\/en\/lavabo-design-amedeo-par-karim-rashid\/109603\/\" \/>\n<meta property=\"og:locale\" content=\"en_US\" \/>\n<meta property=\"og:locale:alternate\" content=\"fr_FR\" \/>\n<meta property=\"og:locale:alternate\" content=\"ja\" \/>\n<meta property=\"og:type\" content=\"article\" \/>\n<meta property=\"og:title\" content=\"Lavabo design AMEDEO par Karim RASHID - JO YANA\" \/>\n<meta property=\"og:description\" content=\"Avec le lavabo AMEDEO, le fabricant italien Ceramica Cielo renouvelle sa collaboration avec Karim Rashid, en demandant au designer de s&#8217;exprimer \u00e0 travers ses formes sophistiqu\u00e9s, l&#8217;innovation et la fonctionnalit\u00e9 pour cr\u00e9er un produit unique pour la salle de bains&#8230; Caract\u00e9ris\u00e9 par une extr\u00eame polyvalence AMEDEO est un lavabo original &#8211; un bol rond ou [&hellip;]\" \/>\n<meta property=\"og:url\" content=\"https:\/\/joyana.fr\/en\/lavabo-design-amedeo-par-karim-rashid\/109603\/\" \/>\n<meta property=\"og:site_name\" content=\"JO YANA\" \/>\n<meta property=\"article:published_time\" content=\"2012-05-06T07:19:09+00:00\" \/>\n<meta property=\"og:image\" content=\"https:\/\/www.joyana.fr\/wp-content\/uploads\/old\/amedeo-961-01_07_sc_v2com.jpg\" \/>\n\t<meta property=\"og:image:width\" content=\"576\" \/>\n\t<meta property=\"og:image:height\" content=\"624\" \/>\n\t<meta property=\"og:image:type\" content=\"image\/jpeg\" \/>\n<meta name=\"author\" content=\"Jo Yana\" \/>\n<meta name=\"twitter:card\" content=\"summary_large_image\" \/>\n<meta name=\"twitter:creator\" content=\"@Jo_Yana\" \/>\n<meta name=\"twitter:site\" content=\"@Jo_Yana\" \/>\n<meta name=\"twitter:label1\" content=\"Written by\" \/>\n\t<meta name=\"twitter:data1\" content=\"Jo Yana\" \/>\n\t<meta name=\"twitter:label2\" content=\"Est. reading time\" \/>\n\t<meta name=\"twitter:data2\" content=\"1 minute\" \/>\n<script type=\"application\/ld+json\" class=\"yoast-schema-graph\">{\"@context\":\"https:\/\/schema.org\",\"@graph\":[{\"@type\":\"Article\",\"@id\":\"https:\/\/www.joyana.fr\/en\/lavabo-design-amedeo-par-karim-rashid\/109603\/#article\",\"isPartOf\":{\"@id\":\"https:\/\/www.joyana.fr\/en\/lavabo-design-amedeo-par-karim-rashid\/109603\/\"},\"author\":{\"name\":\"Jo Yana\",\"@id\":\"https:\/\/joyana.fr\/en\/#\/schema\/person\/cf2a1ad12a27c12c21801075bf37407c\"},\"headline\":\"Lavabo design AMEDEO par Karim RASHID\",\"datePublished\":\"2012-05-06T07:19:09+00:00\",\"mainEntityOfPage\":{\"@id\":\"https:\/\/www.joyana.fr\/en\/lavabo-design-amedeo-par-karim-rashid\/109603\/\"},\"wordCount\":132,\"commentCount\":3,\"publisher\":{\"@id\":\"https:\/\/joyana.fr\/en\/#\/schema\/person\/cf2a1ad12a27c12c21801075bf37407c\"},\"image\":{\"@id\":\"https:\/\/www.joyana.fr\/en\/lavabo-design-amedeo-par-karim-rashid\/109603\/#primaryimage\"},\"thumbnailUrl\":\"https:\/\/i0.wp.com\/joyana.fr\/wp-content\/uploads\/old\/amedeo-961-01_07_sc_v2com.jpg?fit=576%2C624&ssl=1\",\"keywords\":[\"DESIGN\",\"Karim RASHID\",\"Salle d'eau\"],\"articleSection\":[\"DECO-DESIGN\",\"Karim RASHID\",\"Salle d'eau\"],\"inLanguage\":\"en-US\",\"potentialAction\":[{\"@type\":\"CommentAction\",\"name\":\"Comment\",\"target\":[\"https:\/\/www.joyana.fr\/en\/lavabo-design-amedeo-par-karim-rashid\/109603\/#respond\"]}]},{\"@type\":\"WebPage\",\"@id\":\"https:\/\/www.joyana.fr\/en\/lavabo-design-amedeo-par-karim-rashid\/109603\/\",\"url\":\"https:\/\/www.joyana.fr\/en\/lavabo-design-amedeo-par-karim-rashid\/109603\/\",\"name\":\"Lavabo design AMEDEO par Karim RASHID - JO YANA\",\"isPartOf\":{\"@id\":\"https:\/\/joyana.fr\/en\/#website\"},\"primaryImageOfPage\":{\"@id\":\"https:\/\/www.joyana.fr\/en\/lavabo-design-amedeo-par-karim-rashid\/109603\/#primaryimage\"},\"image\":{\"@id\":\"https:\/\/www.joyana.fr\/en\/lavabo-design-amedeo-par-karim-rashid\/109603\/#primaryimage\"},\"thumbnailUrl\":\"https:\/\/i0.wp.com\/joyana.fr\/wp-content\/uploads\/old\/amedeo-961-01_07_sc_v2com.jpg?fit=576%2C624&ssl=1\",\"datePublished\":\"2012-05-06T07:19:09+00:00\",\"breadcrumb\":{\"@id\":\"https:\/\/www.joyana.fr\/en\/lavabo-design-amedeo-par-karim-rashid\/109603\/#breadcrumb\"},\"inLanguage\":\"en-US\",\"potentialAction\":[{\"@type\":\"ReadAction\",\"target\":[\"https:\/\/www.joyana.fr\/en\/lavabo-design-amedeo-par-karim-rashid\/109603\/\"]}]},{\"@type\":\"ImageObject\",\"inLanguage\":\"en-US\",\"@id\":\"https:\/\/www.joyana.fr\/en\/lavabo-design-amedeo-par-karim-rashid\/109603\/#primaryimage\",\"url\":\"https:\/\/i0.wp.com\/joyana.fr\/wp-content\/uploads\/old\/amedeo-961-01_07_sc_v2com.jpg?fit=576%2C624&ssl=1\",\"contentUrl\":\"https:\/\/i0.wp.com\/joyana.fr\/wp-content\/uploads\/old\/amedeo-961-01_07_sc_v2com.jpg?fit=576%2C624&ssl=1\",\"width\":576,\"height\":624},{\"@type\":\"BreadcrumbList\",\"@id\":\"https:\/\/www.joyana.fr\/en\/lavabo-design-amedeo-par-karim-rashid\/109603\/#breadcrumb\",\"itemListElement\":[{\"@type\":\"ListItem\",\"position\":1,\"name\":\"Accueil\",\"item\":\"https:\/\/joyana.fr\/en\/\"},{\"@type\":\"ListItem\",\"position\":2,\"name\":\"Lavabo design AMEDEO par Karim RASHID\"}]},{\"@type\":\"WebSite\",\"@id\":\"https:\/\/joyana.fr\/en\/#website\",\"url\":\"https:\/\/joyana.fr\/en\/\",\"name\":\"JO YANA\",\"description\":\"Blog Mode Homme, Lifestyle, D\u00e9co-Design\",\"publisher\":{\"@id\":\"https:\/\/joyana.fr\/en\/#\/schema\/person\/cf2a1ad12a27c12c21801075bf37407c\"},\"potentialAction\":[{\"@type\":\"SearchAction\",\"target\":{\"@type\":\"EntryPoint\",\"urlTemplate\":\"https:\/\/joyana.fr\/en\/?s={search_term_string}\"},\"query-input\":{\"@type\":\"PropertyValueSpecification\",\"valueRequired\":true,\"valueName\":\"search_term_string\"}}],\"inLanguage\":\"en-US\"},{\"@type\":[\"Person\",\"Organization\"],\"@id\":\"https:\/\/joyana.fr\/en\/#\/schema\/person\/cf2a1ad12a27c12c21801075bf37407c\",\"name\":\"Jo Yana\",\"image\":{\"@type\":\"ImageObject\",\"inLanguage\":\"en-US\",\"@id\":\"https:\/\/joyana.fr\/en\/#\/schema\/person\/image\/\",\"url\":\"https:\/\/i0.wp.com\/joyana.fr\/wp-content\/uploads\/2016\/08\/cropped-joyana-logo-black-360x180.png?fit=343%2C164&ssl=1\",\"contentUrl\":\"https:\/\/i0.wp.com\/joyana.fr\/wp-content\/uploads\/2016\/08\/cropped-joyana-logo-black-360x180.png?fit=343%2C164&ssl=1\",\"width\":343,\"height\":164,\"caption\":\"Jo Yana\"},\"logo\":{\"@id\":\"https:\/\/joyana.fr\/en\/#\/schema\/person\/image\/\"},\"description\":\"Jo Yana est le cr\u00e9ateur et r\u00e9dacteur en chef des sites DECO-DESIGN. Passionn\u00e9 de Design, Mode, Photo, Luxe, Lifestyle, Musique, mais avant tout Blogueur ! Le plaisir de partager l'anime et a comme devise \\\"POUR L'AMOUR DU BEAU\\\". Retrouvez le aussi sur son blog personnel - https:\/\/joyana.fr...\",\"sameAs\":[\"https:\/\/joyana.fr\/\"],\"url\":\"https:\/\/joyana.fr\/en\/author\/joyana\/\"}]}<\/script>\n<!-- \/ Yoast SEO plugin. -->","yoast_head_json":{"title":"Lavabo design AMEDEO par Karim RASHID - JO YANA","robots":{"index":"index","follow":"follow","max-snippet":"max-snippet:-1","max-image-preview":"max-image-preview:large","max-video-preview":"max-video-preview:-1"},"canonical":"https:\/\/www.joyana.fr\/en\/lavabo-design-amedeo-par-karim-rashid\/109603\/","og_locale":"en_US","og_type":"article","og_title":"Lavabo design AMEDEO par Karim RASHID - JO YANA","og_description":"Avec le lavabo AMEDEO, le fabricant italien Ceramica Cielo renouvelle sa collaboration avec Karim Rashid, en demandant au designer de s&#8217;exprimer \u00e0 travers ses formes sophistiqu\u00e9s, l&#8217;innovation et la fonctionnalit\u00e9 pour cr\u00e9er un produit unique pour la salle de bains&#8230; Caract\u00e9ris\u00e9 par une extr\u00eame polyvalence AMEDEO est un lavabo original &#8211; un bol rond ou [&hellip;]","og_url":"https:\/\/joyana.fr\/en\/lavabo-design-amedeo-par-karim-rashid\/109603\/","og_site_name":"JO YANA","article_published_time":"2012-05-06T07:19:09+00:00","og_image":[{"width":576,"height":624,"url":"https:\/\/www.joyana.fr\/wp-content\/uploads\/old\/amedeo-961-01_07_sc_v2com.jpg","type":"image\/jpeg"}],"author":"Jo Yana","twitter_card":"summary_large_image","twitter_creator":"@Jo_Yana","twitter_site":"@Jo_Yana","twitter_misc":{"Written by":"Jo Yana","Est. reading time":"1 minute"},"schema":{"@context":"https:\/\/schema.org","@graph":[{"@type":"Article","@id":"https:\/\/www.joyana.fr\/en\/lavabo-design-amedeo-par-karim-rashid\/109603\/#article","isPartOf":{"@id":"https:\/\/www.joyana.fr\/en\/lavabo-design-amedeo-par-karim-rashid\/109603\/"},"author":{"name":"Jo Yana","@id":"https:\/\/joyana.fr\/en\/#\/schema\/person\/cf2a1ad12a27c12c21801075bf37407c"},"headline":"Lavabo design AMEDEO par Karim RASHID","datePublished":"2012-05-06T07:19:09+00:00","mainEntityOfPage":{"@id":"https:\/\/www.joyana.fr\/en\/lavabo-design-amedeo-par-karim-rashid\/109603\/"},"wordCount":132,"commentCount":3,"publisher":{"@id":"https:\/\/joyana.fr\/en\/#\/schema\/person\/cf2a1ad12a27c12c21801075bf37407c"},"image":{"@id":"https:\/\/www.joyana.fr\/en\/lavabo-design-amedeo-par-karim-rashid\/109603\/#primaryimage"},"thumbnailUrl":"https:\/\/i0.wp.com\/joyana.fr\/wp-content\/uploads\/old\/amedeo-961-01_07_sc_v2com.jpg?fit=576%2C624&ssl=1","keywords":["DESIGN","Karim RASHID","Salle d'eau"],"articleSection":["DECO-DESIGN","Karim RASHID","Salle d'eau"],"inLanguage":"en-US","potentialAction":[{"@type":"CommentAction","name":"Comment","target":["https:\/\/www.joyana.fr\/en\/lavabo-design-amedeo-par-karim-rashid\/109603\/#respond"]}]},{"@type":"WebPage","@id":"https:\/\/www.joyana.fr\/en\/lavabo-design-amedeo-par-karim-rashid\/109603\/","url":"https:\/\/www.joyana.fr\/en\/lavabo-design-amedeo-par-karim-rashid\/109603\/","name":"Lavabo design AMEDEO par Karim RASHID - JO YANA","isPartOf":{"@id":"https:\/\/joyana.fr\/en\/#website"},"primaryImageOfPage":{"@id":"https:\/\/www.joyana.fr\/en\/lavabo-design-amedeo-par-karim-rashid\/109603\/#primaryimage"},"image":{"@id":"https:\/\/www.joyana.fr\/en\/lavabo-design-amedeo-par-karim-rashid\/109603\/#primaryimage"},"thumbnailUrl":"https:\/\/i0.wp.com\/joyana.fr\/wp-content\/uploads\/old\/amedeo-961-01_07_sc_v2com.jpg?fit=576%2C624&ssl=1","datePublished":"2012-05-06T07:19:09+00:00","breadcrumb":{"@id":"https:\/\/www.joyana.fr\/en\/lavabo-design-amedeo-par-karim-rashid\/109603\/#breadcrumb"},"inLanguage":"en-US","potentialAction":[{"@type":"ReadAction","target":["https:\/\/www.joyana.fr\/en\/lavabo-design-amedeo-par-karim-rashid\/109603\/"]}]},{"@type":"ImageObject","inLanguage":"en-US","@id":"https:\/\/www.joyana.fr\/en\/lavabo-design-amedeo-par-karim-rashid\/109603\/#primaryimage","url":"https:\/\/i0.wp.com\/joyana.fr\/wp-content\/uploads\/old\/amedeo-961-01_07_sc_v2com.jpg?fit=576%2C624&ssl=1","contentUrl":"https:\/\/i0.wp.com\/joyana.fr\/wp-content\/uploads\/old\/amedeo-961-01_07_sc_v2com.jpg?fit=576%2C624&ssl=1","width":576,"height":624},{"@type":"BreadcrumbList","@id":"https:\/\/www.joyana.fr\/en\/lavabo-design-amedeo-par-karim-rashid\/109603\/#breadcrumb","itemListElement":[{"@type":"ListItem","position":1,"name":"Accueil","item":"https:\/\/joyana.fr\/en\/"},{"@type":"ListItem","position":2,"name":"Lavabo design AMEDEO par Karim RASHID"}]},{"@type":"WebSite","@id":"https:\/\/joyana.fr\/en\/#website","url":"https:\/\/joyana.fr\/en\/","name":"JO YANA","description":"Blog Mode Homme, Lifestyle, D\u00e9co-Design","publisher":{"@id":"https:\/\/joyana.fr\/en\/#\/schema\/person\/cf2a1ad12a27c12c21801075bf37407c"},"potentialAction":[{"@type":"SearchAction","target":{"@type":"EntryPoint","urlTemplate":"https:\/\/joyana.fr\/en\/?s={search_term_string}"},"query-input":{"@type":"PropertyValueSpecification","valueRequired":true,"valueName":"search_term_string"}}],"inLanguage":"en-US"},{"@type":["Person","Organization"],"@id":"https:\/\/joyana.fr\/en\/#\/schema\/person\/cf2a1ad12a27c12c21801075bf37407c","name":"Jo Yana","image":{"@type":"ImageObject","inLanguage":"en-US","@id":"https:\/\/joyana.fr\/en\/#\/schema\/person\/image\/","url":"https:\/\/i0.wp.com\/joyana.fr\/wp-content\/uploads\/2016\/08\/cropped-joyana-logo-black-360x180.png?fit=343%2C164&ssl=1","contentUrl":"https:\/\/i0.wp.com\/joyana.fr\/wp-content\/uploads\/2016\/08\/cropped-joyana-logo-black-360x180.png?fit=343%2C164&ssl=1","width":343,"height":164,"caption":"Jo Yana"},"logo":{"@id":"https:\/\/joyana.fr\/en\/#\/schema\/person\/image\/"},"description":"Jo Yana est le cr\u00e9ateur et r\u00e9dacteur en chef des sites DECO-DESIGN. Passionn\u00e9 de Design, Mode, Photo, Luxe, Lifestyle, Musique, mais avant tout Blogueur ! Le plaisir de partager l'anime et a comme devise \"POUR L'AMOUR DU BEAU\". Retrouvez le aussi sur son blog personnel - https:\/\/joyana.fr...","sameAs":["https:\/\/joyana.fr\/"],"url":"https:\/\/joyana.fr\/en\/author\/joyana\/"}]}},"author_meta":{"display_name":"Jo Yana","author_link":"https:\/\/joyana.fr\/en\/author\/joyana\/"},"featured_img":"https:\/\/i0.wp.com\/joyana.fr\/wp-content\/uploads\/old\/amedeo-961-01_07_sc_v2com.jpg?fit=359%2C389&ssl=1","featured_image_src":"https:\/\/i0.wp.com\/joyana.fr\/wp-content\/uploads\/old\/amedeo-961-01_07_sc_v2com.jpg?resize=576%2C400&ssl=1","featured_image_src_square":"https:\/\/i0.wp.com\/joyana.fr\/wp-content\/uploads\/old\/amedeo-961-01_07_sc_v2com.jpg?resize=576%2C600&ssl=1","jetpack_featured_media_url":"https:\/\/i0.wp.com\/joyana.fr\/wp-content\/uploads\/old\/amedeo-961-01_07_sc_v2com.jpg?fit=576%2C624&ssl=1","uagb_featured_image_src":{"full":["https:\/\/i0.wp.com\/joyana.fr\/wp-content\/uploads\/old\/amedeo-961-01_07_sc_v2com.jpg?fit=576%2C624&ssl=1",576,624,false],"thumbnail":["https:\/\/i0.wp.com\/joyana.fr\/wp-content\/uploads\/old\/amedeo-961-01_07_sc_v2com.jpg?resize=150%2C150&ssl=1",150,150,true],"medium":["https:\/\/i0.wp.com\/joyana.fr\/wp-content\/uploads\/old\/amedeo-961-01_07_sc_v2com.jpg?fit=359%2C389&ssl=1",359,389,true],"medium_large":["https:\/\/i0.wp.com\/joyana.fr\/wp-content\/uploads\/old\/amedeo-961-01_07_sc_v2com.jpg?fit=576%2C624&ssl=1",576,624,true],"large":["https:\/\/i0.wp.com\/joyana.fr\/wp-content\/uploads\/old\/amedeo-961-01_07_sc_v2com.jpg?fit=576%2C624&ssl=1",576,624,true],"1536x1536":["https:\/\/i0.wp.com\/joyana.fr\/wp-content\/uploads\/old\/amedeo-961-01_07_sc_v2com.jpg?fit=576%2C624&ssl=1",576,624,true],"2048x2048":["https:\/\/i0.wp.com\/joyana.fr\/wp-content\/uploads\/old\/amedeo-961-01_07_sc_v2com.jpg?fit=576%2C624&ssl=1",576,624,true],"featured-thumb":["https:\/\/i0.wp.com\/joyana.fr\/wp-content\/uploads\/old\/amedeo-961-01_07_sc_v2com.jpg?resize=576%2C624&ssl=1",576,624,true],"ab-block-post-grid-landscape":["https:\/\/i0.wp.com\/joyana.fr\/wp-content\/uploads\/old\/amedeo-961-01_07_sc_v2com.jpg?resize=576%2C400&ssl=1",576,400,true],"ab-block-post-grid-square":["https:\/\/i0.wp.com\/joyana.fr\/wp-content\/uploads\/old\/amedeo-961-01_07_sc_v2com.jpg?resize=576%2C600&ssl=1",576,600,true],"author-pro-image":["https:\/\/i0.wp.com\/joyana.fr\/wp-content\/uploads\/old\/amedeo-961-01_07_sc_v2com.jpg?resize=360%2C570&ssl=1",360,570,true],"slider":["https:\/\/i0.wp.com\/joyana.fr\/wp-content\/uploads\/old\/amedeo-961-01_07_sc_v2com.jpg?resize=576%2C400&ssl=1",576,400,true],"woocommerce_thumbnail":["https:\/\/i0.wp.com\/joyana.fr\/wp-content\/uploads\/old\/amedeo-961-01_07_sc_v2com.jpg?resize=450%2C450&ssl=1",450,450,true],"woocommerce_single":["https:\/\/i0.wp.com\/joyana.fr\/wp-content\/uploads\/old\/amedeo-961-01_07_sc_v2com.jpg?fit=576%2C624&ssl=1",576,624,true],"woocommerce_gallery_thumbnail":["https:\/\/i0.wp.com\/joyana.fr\/wp-content\/uploads\/old\/amedeo-961-01_07_sc_v2com.jpg?resize=180%2C180&ssl=1",180,180,true],"sow-carousel-default":["https:\/\/i0.wp.com\/joyana.fr\/wp-content\/uploads\/old\/amedeo-961-01_07_sc_v2com.jpg?resize=272%2C182&ssl=1",272,182,true]},"uagb_author_info":{"display_name":"Jo Yana","author_link":"https:\/\/joyana.fr\/en\/author\/joyana\/"},"uagb_comment_info":9,"uagb_excerpt":"Avec le lavabo AMEDEO, le fabricant italien Ceramica Cielo renouvelle sa collaboration avec Karim Rashid, en demandant au designer de s&#8217;exprimer \u00e0 travers ses formes sophistiqu\u00e9s, l&#8217;innovation et la fonctionnalit\u00e9 pour cr\u00e9er un produit unique pour la salle de bains&#8230; Caract\u00e9ris\u00e9 par une extr\u00eame polyvalence AMEDEO est un lavabo original &#8211; un bol rond ou&hellip;","coauthors":[],"tax_additional":{"categories":{"linked":["<a href=\"https:\/\/joyana.fr\/en\/category\/deco-design\/\" class=\"advgb-post-tax-term\">DECO-DESIGN<\/a>","<a href=\"https:\/\/joyana.fr\/en\/category\/deco-design\/designer\/karim-rashid\/\" class=\"advgb-post-tax-term\">Karim RASHID<\/a>","<a href=\"https:\/\/joyana.fr\/en\/category\/deco-design\/decoration\/salle-deau\/\" class=\"advgb-post-tax-term\">Salle d&#039;eau<\/a>"],"unlinked":["<span class=\"advgb-post-tax-term\">DECO-DESIGN<\/span>","<span class=\"advgb-post-tax-term\">Karim RASHID<\/span>","<span class=\"advgb-post-tax-term\">Salle d&#039;eau<\/span>"]},"tags":{"linked":["<a href=\"https:\/\/joyana.fr\/en\/category\/deco-design\/decoration\/salle-deau\/\" class=\"advgb-post-tax-term\">DESIGN<\/a>","<a href=\"https:\/\/joyana.fr\/en\/category\/deco-design\/decoration\/salle-deau\/\" class=\"advgb-post-tax-term\">Karim RASHID<\/a>","<a href=\"https:\/\/joyana.fr\/en\/category\/deco-design\/decoration\/salle-deau\/\" class=\"advgb-post-tax-term\">Salle d&#039;eau<\/a>"],"unlinked":["<span class=\"advgb-post-tax-term\">DESIGN<\/span>","<span class=\"advgb-post-tax-term\">Karim RASHID<\/span>","<span class=\"advgb-post-tax-term\">Salle d&#039;eau<\/span>"]}},"comment_count":9,"relative_dates":{"created":"Posted 14 years ago","modified":"Updated 14 years ago"},"absolute_dates":{"created":"Posted on 6 May 2012","modified":"Updated on 6 May 2012"},"absolute_dates_time":{"created":"Posted on 6 May 2012 8:19","modified":"Updated on 6 May 2012 8:19"},"featured_img_caption":"","series_order":"","jetpack_sharing_enabled":true,"jetpack_shortlink":"https:\/\/wp.me\/p9bteI-svN","jetpack-related-posts":[],"_links":{"self":[{"href":"https:\/\/joyana.fr\/en\/wp-json\/wp\/v2\/posts\/109603","targetHints":{"allow":["GET"]}}],"collection":[{"href":"https:\/\/joyana.fr\/en\/wp-json\/wp\/v2\/posts"}],"about":[{"href":"https:\/\/joyana.fr\/en\/wp-json\/wp\/v2\/types\/post"}],"author":[{"embeddable":true,"href":"https:\/\/joyana.fr\/en\/wp-json\/wp\/v2\/users\/3"}],"replies":[{"embeddable":true,"href":"https:\/\/joyana.fr\/en\/wp-json\/wp\/v2\/comments?post=109603"}],"version-history":[{"count":0,"href":"https:\/\/joyana.fr\/en\/wp-json\/wp\/v2\/posts\/109603\/revisions"}],"wp:featuredmedia":[{"embeddable":true,"href":"https:\/\/joyana.fr\/en\/wp-json\/wp\/v2\/media\/109604"}],"wp:attachment":[{"href":"https:\/\/joyana.fr\/en\/wp-json\/wp\/v2\/media?parent=109603"}],"wp:term":[{"taxonomy":"category","embeddable":true,"href":"https:\/\/joyana.fr\/en\/wp-json\/wp\/v2\/categories?post=109603"},{"taxonomy":"post_tag","embeddable":true,"href":"https:\/\/joyana.fr\/en\/wp-json\/wp\/v2\/tags?post=109603"}],"curies":[{"name":"wp","href":"https:\/\/api.w.org\/{rel}","templated":true}]}}