{"id":109721,"date":"2012-05-22T07:46:06","date_gmt":"2012-05-22T06:46:06","guid":{"rendered":"https:\/\/joyana.fr\/?p=9721"},"modified":"2012-05-22T07:46:06","modified_gmt":"2012-05-22T06:46:06","slug":"fauteuil-canape-800-steiner-joseph-andre-motte","status":"publish","type":"post","link":"https:\/\/joyana.fr\/en\/fauteuil-canape-800-steiner-joseph-andre-motte\/109721\/","title":{"rendered":"Fauteuil &#038; Canap\u00e9 800 par STEINER x Joseph-Andr\u00e9 MOTTE"},"content":{"rendered":"<p>Parmi les nouveaut\u00e9s <strong><a title=\"STEINER\" href=\"https:\/\/joyana.fr\/category\/marques\/steiner\/\" target=\"_blank\">Steiner<\/a> 2012<\/strong>, nous d\u00e9couvrons les r\u00e9\u00e9ditions du <strong>fauteuil<\/strong> et du <strong>canap\u00e9 800<\/strong> &#8211; sign\u00e9s par le designer <strong>Joseph-Andr\u00e9 Motte<\/strong> en 1958&#8230;<\/p>\n<p><img data-recalc-dims=\"1\" fetchpriority=\"high\" decoding=\"async\" data-attachment-id=\"9722\" data-permalink=\"https:\/\/joyana.fr\/en\/eclat-rose-exd-coq-sportif-x-limiteditions\/9714\/le-coq-sportif-eclat-x-limiteditions_credits-bito-cels-9\/\" data-orig-file=\"https:\/\/i0.wp.com\/joyana.fr\/wp-content\/uploads\/2014\/08\/LE-COQ-SPORTIF-ECLAT-X-LIMITEDITIONS_CREDITS-Bito-Cels-9.jpg?fit=650%2C433&amp;ssl=1\" data-orig-size=\"650,433\" data-comments-opened=\"1\" data-image-meta=\"{&quot;aperture&quot;:&quot;5.6&quot;,&quot;credit&quot;:&quot;&quot;,&quot;camera&quot;:&quot;NIKON D800&quot;,&quot;caption&quot;:&quot;&quot;,&quot;created_timestamp&quot;:&quot;1405426422&quot;,&quot;copyright&quot;:&quot;&quot;,&quot;focal_length&quot;:&quot;120&quot;,&quot;iso&quot;:&quot;400&quot;,&quot;shutter_speed&quot;:&quot;0.004&quot;,&quot;title&quot;:&quot;&quot;,&quot;orientation&quot;:&quot;1&quot;}\" data-image-title=\"LE COQ SPORTIF ECLAT X LIMITEDITIONS_CREDITS Bito Cels  (9)\" data-image-description=\"\" data-image-caption=\"\" data-medium-file=\"https:\/\/i0.wp.com\/joyana.fr\/wp-content\/uploads\/2014\/08\/LE-COQ-SPORTIF-ECLAT-X-LIMITEDITIONS_CREDITS-Bito-Cels-9.jpg?fit=389%2C259&amp;ssl=1\" data-large-file=\"https:\/\/i0.wp.com\/joyana.fr\/wp-content\/uploads\/2014\/08\/LE-COQ-SPORTIF-ECLAT-X-LIMITEDITIONS_CREDITS-Bito-Cels-9.jpg?fit=650%2C433&amp;ssl=1\" class=\"alignnone size-full wp-image-9722\" title=\"Fauteuil &#038; Canap\u00e9 800 par STEINER x Joseph-Andr\u00e9 MOTTE\" src=\"https:\/\/i0.wp.com\/joyana.fr\/wp-content\/uploads\/Steiner-2012-canape%CC%81-800-trois-quarts-face-HD.jpg?resize=576%2C410&#038;ssl=1\" alt=\"\" width=\"576\" height=\"410\" \/><\/p>\n<p><img data-recalc-dims=\"1\" decoding=\"async\" data-attachment-id=\"9723\" data-permalink=\"https:\/\/joyana.fr\/en\/eclat-rose-exd-coq-sportif-x-limiteditions\/9714\/le-coq-sportif-eclat-x-limiteditions_credits-bito-cels-10\/\" data-orig-file=\"https:\/\/i0.wp.com\/joyana.fr\/wp-content\/uploads\/2014\/08\/LE-COQ-SPORTIF-ECLAT-X-LIMITEDITIONS_CREDITS-Bito-Cels-10.jpg?fit=650%2C433&amp;ssl=1\" data-orig-size=\"650,433\" data-comments-opened=\"1\" data-image-meta=\"{&quot;aperture&quot;:&quot;0&quot;,&quot;credit&quot;:&quot;&quot;,&quot;camera&quot;:&quot;&quot;,&quot;caption&quot;:&quot;&quot;,&quot;created_timestamp&quot;:&quot;0&quot;,&quot;copyright&quot;:&quot;&quot;,&quot;focal_length&quot;:&quot;0&quot;,&quot;iso&quot;:&quot;0&quot;,&quot;shutter_speed&quot;:&quot;0&quot;,&quot;title&quot;:&quot;&quot;,&quot;orientation&quot;:&quot;1&quot;}\" data-image-title=\"LE COQ SPORTIF ECLAT X LIMITEDITIONS_CREDITS Bito Cels  (10)\" data-image-description=\"\" data-image-caption=\"\" data-medium-file=\"https:\/\/i0.wp.com\/joyana.fr\/wp-content\/uploads\/2014\/08\/LE-COQ-SPORTIF-ECLAT-X-LIMITEDITIONS_CREDITS-Bito-Cels-10.jpg?fit=389%2C259&amp;ssl=1\" data-large-file=\"https:\/\/i0.wp.com\/joyana.fr\/wp-content\/uploads\/2014\/08\/LE-COQ-SPORTIF-ECLAT-X-LIMITEDITIONS_CREDITS-Bito-Cels-10.jpg?fit=650%2C433&amp;ssl=1\" class=\"alignnone size-full wp-image-9723\" title=\"Fauteuil &#038; Canap\u00e9 800 par STEINER x Joseph-Andr\u00e9 MOTTE\" src=\"https:\/\/i0.wp.com\/joyana.fr\/wp-content\/uploads\/Steiner-2012-canape%CC%81-800-zooom.jpg?resize=576%2C804&#038;ssl=1\" alt=\"\" width=\"576\" height=\"804\" \/><\/p>\n<p>A\u00e9riens et \u00e9l\u00e9gants, \u00e0 l\u2019image du mod\u00e8le 770, le <strong>fauteuil<\/strong> et le <strong>canap\u00e9 800<\/strong> cr\u00e9\u00e9s par <strong>Joseph-Andr\u00e9 Motte<\/strong> en 1958 apportent une vraie personnalit\u00e9 aux int\u00e9rieurs !!!<\/p>\n<p>L\u2019apport de la courbe au niveau de la structure autorise une esth\u00e9tique f\u00e9minine et gracieuse. Les mati\u00e8res nobles et le pi\u00e9tement m\u00e9tallique tout en finesse rappellent le savoir-faire <strong>Steiner<\/strong> et son souci d\u2019un confort et d\u2019un design in\u00e9galables.<\/p>\n<p>Cette ann\u00e9e, <strong>Steiner<\/strong> les r\u00e9\u00e9dite \u00e0 la fois dans la version bicolore pr\u00e9sent\u00e9e \u00e0 l\u2019\u00e9poque mais aussi dans une seule couleur pour l\u2019assise et le dossier, renfor\u00e7ant ainsi son \u00e9l\u00e9gance et sa fluidit\u00e9&#8230;<\/p>\n<p>&nbsp;<\/p>\n<p><em>Prix publics TTC conseill\u00e9s :<\/em><\/p>\n<p><em>Canap\u00e9 fixe 2 places (Pi\u00e8tement m\u00e9tal noir laqu\u00e9 mat) : \u00e0 partir de 1 640 euros en tissu<\/em><\/p>\n<p><em>Fauteuil (Pi\u00e8tement m\u00e9tal noir laqu\u00e9 mat) : \u00e0 partir de 1 125 euros en tissu<\/em><\/p>\n<p><em>Existe aussi en cuir (avec pieds laqu\u00e9s noirs ou inox poli)<\/em><\/p>\n<p><img data-recalc-dims=\"1\" decoding=\"async\" data-attachment-id=\"9724\" data-permalink=\"https:\/\/joyana.fr\/en\/eclat-rose-exd-coq-sportif-x-limiteditions\/9714\/le-coq-sportif-eclat-x-limiteditions_credits-bito-cels-11\/\" data-orig-file=\"https:\/\/i0.wp.com\/joyana.fr\/wp-content\/uploads\/2014\/08\/LE-COQ-SPORTIF-ECLAT-X-LIMITEDITIONS_CREDITS-Bito-Cels-11.jpg?fit=650%2C433&amp;ssl=1\" data-orig-size=\"650,433\" data-comments-opened=\"1\" data-image-meta=\"{&quot;aperture&quot;:&quot;6.3&quot;,&quot;credit&quot;:&quot;&quot;,&quot;camera&quot;:&quot;NIKON D800&quot;,&quot;caption&quot;:&quot;&quot;,&quot;created_timestamp&quot;:&quot;1405428472&quot;,&quot;copyright&quot;:&quot;&quot;,&quot;focal_length&quot;:&quot;120&quot;,&quot;iso&quot;:&quot;200&quot;,&quot;shutter_speed&quot;:&quot;0.008&quot;,&quot;title&quot;:&quot;&quot;,&quot;orientation&quot;:&quot;1&quot;}\" data-image-title=\"LE COQ SPORTIF ECLAT X LIMITEDITIONS_CREDITS Bito Cels  (11)\" data-image-description=\"\" data-image-caption=\"\" data-medium-file=\"https:\/\/i0.wp.com\/joyana.fr\/wp-content\/uploads\/2014\/08\/LE-COQ-SPORTIF-ECLAT-X-LIMITEDITIONS_CREDITS-Bito-Cels-11.jpg?fit=389%2C259&amp;ssl=1\" data-large-file=\"https:\/\/i0.wp.com\/joyana.fr\/wp-content\/uploads\/2014\/08\/LE-COQ-SPORTIF-ECLAT-X-LIMITEDITIONS_CREDITS-Bito-Cels-11.jpg?fit=650%2C433&amp;ssl=1\" class=\"alignnone size-full wp-image-9724\" title=\"Fauteuil &#038; Canap\u00e9 800 par STEINER x Joseph-Andr\u00e9 MOTTE\" src=\"https:\/\/i0.wp.com\/joyana.fr\/wp-content\/uploads\/Steiner-2012-fauteuil-800-vert-de-trois-quarts-HD.jpg?resize=576%2C489&#038;ssl=1\" alt=\"\" width=\"576\" height=\"489\" \/><\/p>\n<p><img data-recalc-dims=\"1\" loading=\"lazy\" decoding=\"async\" data-attachment-id=\"9725\" data-permalink=\"https:\/\/joyana.fr\/en\/eclat-rose-exd-coq-sportif-x-limiteditions\/9714\/le-coq-sportif-eclat-x-limiteditions_credits-bito-cels-1\/\" data-orig-file=\"https:\/\/i0.wp.com\/joyana.fr\/wp-content\/uploads\/2014\/08\/LE-COQ-SPORTIF-ECLAT-X-LIMITEDITIONS_CREDITS-Bito-Cels-1.jpg?fit=650%2C433&amp;ssl=1\" data-orig-size=\"650,433\" data-comments-opened=\"1\" data-image-meta=\"{&quot;aperture&quot;:&quot;5.6&quot;,&quot;credit&quot;:&quot;&quot;,&quot;camera&quot;:&quot;NIKON D800&quot;,&quot;caption&quot;:&quot;&quot;,&quot;created_timestamp&quot;:&quot;1405421827&quot;,&quot;copyright&quot;:&quot;&quot;,&quot;focal_length&quot;:&quot;150&quot;,&quot;iso&quot;:&quot;200&quot;,&quot;shutter_speed&quot;:&quot;0.003125&quot;,&quot;title&quot;:&quot;&quot;,&quot;orientation&quot;:&quot;1&quot;}\" data-image-title=\"LE COQ SPORTIF ECLAT X LIMITEDITIONS_CREDITS Bito Cels (1)\" data-image-description=\"\" data-image-caption=\"\" data-medium-file=\"https:\/\/i0.wp.com\/joyana.fr\/wp-content\/uploads\/2014\/08\/LE-COQ-SPORTIF-ECLAT-X-LIMITEDITIONS_CREDITS-Bito-Cels-1.jpg?fit=389%2C259&amp;ssl=1\" data-large-file=\"https:\/\/i0.wp.com\/joyana.fr\/wp-content\/uploads\/2014\/08\/LE-COQ-SPORTIF-ECLAT-X-LIMITEDITIONS_CREDITS-Bito-Cels-1.jpg?fit=650%2C433&amp;ssl=1\" class=\"alignnone size-full wp-image-9725\" title=\"Fauteuil &#038; Canap\u00e9 800 par STEINER x Joseph-Andr\u00e9 MOTTE\" src=\"https:\/\/i0.wp.com\/joyana.fr\/wp-content\/uploads\/Steiner-2012-fauteuil-800-zooom.jpg?resize=576%2C521&#038;ssl=1\" alt=\"\" width=\"576\" height=\"521\" \/><\/p>\n<p>En savoir <strong>+<\/strong> sur <a title=\"STEINER\" href=\"http:\/\/www.steiner-paris.com\/\" target=\"_blank\"><strong>Steiner<\/strong><\/a><\/p>\n","protected":false},"excerpt":{"rendered":"<p>Parmi les nouveaut\u00e9s Steiner 2012, nous d\u00e9couvrons les r\u00e9\u00e9ditions du fauteuil et du canap\u00e9 800 &#8211; sign\u00e9s par le designer Joseph-Andr\u00e9 Motte en 1958&#8230; A\u00e9riens et \u00e9l\u00e9gants, \u00e0 l\u2019image du mod\u00e8le 770, le fauteuil et le canap\u00e9 800 cr\u00e9\u00e9s par Joseph-Andr\u00e9 Motte en 1958 apportent une vraie personnalit\u00e9 aux int\u00e9rieurs !!! L\u2019apport de la courbe [&hellip;]<\/p>\n","protected":false},"author":3,"featured_media":109722,"comment_status":"open","ping_status":"open","sticky":false,"template":"","format":"standard","meta":{"_coblocks_attr":"","_coblocks_dimensions":"","_coblocks_responsive_height":"","_coblocks_accordion_ie_support":"","_uag_custom_page_level_css":"","advgb_blocks_editor_width":"","advgb_blocks_columns_visual_guide":"","_genesis_hide_title":false,"_genesis_hide_breadcrumbs":false,"_genesis_hide_singular_image":false,"_genesis_hide_footer_widgets":false,"_genesis_custom_body_class":"","_genesis_custom_post_class":"","_genesis_layout":"","_themeisle_gutenberg_block_has_review":false,"_jetpack_newsletter_access":"","_jetpack_dont_email_post_to_subs":false,"_jetpack_newsletter_tier_id":0,"_jetpack_memberships_contains_paywalled_content":false,"_jetpack_memberships_contains_paid_content":false,"footnotes":""},"categories":[948,949,905,950,979],"tags":[78],"class_list":{"0":"post-109721","1":"post","2":"type-post","3":"status-publish","4":"format-standard","5":"has-post-thumbnail","7":"category-assise","8":"category-canape","9":"category-deco-design","10":"category-fauteuil","11":"category-steiner","12":"tag-design","13":"entry"},"featured_image_urls":{"full":["https:\/\/i0.wp.com\/joyana.fr\/wp-content\/uploads\/old\/Steiner-2012-canape%C3%8C%C2%81-800-trois-quarts-face-HD.jpg?fit=%2C&ssl=1",false,false,false],"thumbnail":["https:\/\/i0.wp.com\/joyana.fr\/wp-content\/uploads\/old\/Steiner-2012-canape%C3%8C%C2%81-800-trois-quarts-face-HD.jpg?resize=150%2C150&ssl=1",false,false,true],"medium":["https:\/\/i0.wp.com\/joyana.fr\/wp-content\/uploads\/old\/Steiner-2012-canape%C3%8C%C2%81-800-trois-quarts-face-HD.jpg?fit=389%2C389&ssl=1",false,false,true],"medium_large":["https:\/\/i0.wp.com\/joyana.fr\/wp-content\/uploads\/old\/Steiner-2012-canape%C3%8C%C2%81-800-trois-quarts-face-HD.jpg?w=768&ssl=1",false,false,true],"large":["https:\/\/i0.wp.com\/joyana.fr\/wp-content\/uploads\/old\/Steiner-2012-canape%C3%8C%C2%81-800-trois-quarts-face-HD.jpg?fit=1024%2C1024&ssl=1",false,false,true],"1536x1536":["https:\/\/i0.wp.com\/joyana.fr\/wp-content\/uploads\/old\/Steiner-2012-canape%C3%8C%C2%81-800-trois-quarts-face-HD.jpg?fit=1536%2C1536&ssl=1",false,false,true],"2048x2048":["https:\/\/i0.wp.com\/joyana.fr\/wp-content\/uploads\/old\/Steiner-2012-canape%C3%8C%C2%81-800-trois-quarts-face-HD.jpg?fit=2048%2C2048&ssl=1",false,false,true],"featured-thumb":["https:\/\/i0.wp.com\/joyana.fr\/wp-content\/uploads\/old\/Steiner-2012-canape%C3%8C%C2%81-800-trois-quarts-face-HD.jpg?resize=1903%2C750&ssl=1",false,false,true],"ab-block-post-grid-landscape":["https:\/\/i0.wp.com\/joyana.fr\/wp-content\/uploads\/old\/Steiner-2012-canape%C3%8C%C2%81-800-trois-quarts-face-HD.jpg?resize=600%2C400&ssl=1",false,false,true],"ab-block-post-grid-square":["https:\/\/i0.wp.com\/joyana.fr\/wp-content\/uploads\/old\/Steiner-2012-canape%C3%8C%C2%81-800-trois-quarts-face-HD.jpg?resize=600%2C600&ssl=1",false,false,true],"author-pro-image":["https:\/\/i0.wp.com\/joyana.fr\/wp-content\/uploads\/old\/Steiner-2012-canape%C3%8C%C2%81-800-trois-quarts-face-HD.jpg?resize=360%2C570&ssl=1",false,false,true],"slider":["https:\/\/i0.wp.com\/joyana.fr\/wp-content\/uploads\/old\/Steiner-2012-canape%C3%8C%C2%81-800-trois-quarts-face-HD.jpg?resize=920%2C400&ssl=1",false,false,true],"woocommerce_thumbnail":["https:\/\/i0.wp.com\/joyana.fr\/wp-content\/uploads\/old\/Steiner-2012-canape%C3%8C%C2%81-800-trois-quarts-face-HD.jpg?resize=450%2C450&ssl=1",false,false,true],"woocommerce_single":["https:\/\/i0.wp.com\/joyana.fr\/wp-content\/uploads\/old\/Steiner-2012-canape%C3%8C%C2%81-800-trois-quarts-face-HD.jpg?w=920&ssl=1",false,false,true],"woocommerce_gallery_thumbnail":["https:\/\/i0.wp.com\/joyana.fr\/wp-content\/uploads\/old\/Steiner-2012-canape%C3%8C%C2%81-800-trois-quarts-face-HD.jpg?resize=180%2C180&ssl=1",false,false,true],"sow-carousel-default":["https:\/\/i0.wp.com\/joyana.fr\/wp-content\/uploads\/old\/Steiner-2012-canape%C3%8C%C2%81-800-trois-quarts-face-HD.jpg?resize=272%2C182&ssl=1",false,false,true]},"post_excerpt_stackable":"<p>Parmi les nouveaut\u00e9s Steiner 2012, nous d\u00e9couvrons les r\u00e9\u00e9ditions du fauteuil et du canap\u00e9 800 &#8211; sign\u00e9s par le designer Joseph-Andr\u00e9 Motte en 1958&#8230; A\u00e9riens et \u00e9l\u00e9gants, \u00e0 l\u2019image du mod\u00e8le 770, le fauteuil et le canap\u00e9 800 cr\u00e9\u00e9s par Joseph-Andr\u00e9 Motte en 1958 apportent une vraie personnalit\u00e9 aux int\u00e9rieurs !!! L\u2019apport de la courbe au niveau de la structure autorise une esth\u00e9tique f\u00e9minine et gracieuse. Les mati\u00e8res nobles et le pi\u00e9tement m\u00e9tallique tout en finesse rappellent le savoir-faire Steiner et son souci d\u2019un confort et d\u2019un design in\u00e9galables. Cette ann\u00e9e, Steiner les r\u00e9\u00e9dite \u00e0 la fois dans la version&hellip;<\/p>\n","category_list":"<a href=\"https:\/\/joyana.fr\/en\/category\/deco-design\/mobilier\/assise\/\" rel=\"category tag\">Assise<\/a>, <a href=\"https:\/\/joyana.fr\/en\/category\/deco-design\/mobilier\/assise\/canape\/\" rel=\"category tag\">Canap\u00e9<\/a>, <a href=\"https:\/\/joyana.fr\/en\/category\/deco-design\/\" rel=\"category tag\">DECO-DESIGN<\/a>, <a href=\"https:\/\/joyana.fr\/en\/category\/deco-design\/mobilier\/assise\/fauteuil\/\" rel=\"category tag\">Fauteuil<\/a>, <a href=\"https:\/\/joyana.fr\/en\/category\/marques\/steiner\/\" rel=\"category tag\">Steiner<\/a>","author_info":{"display_name":"Jo Yana","author_link":"https:\/\/joyana.fr\/en\/author\/joyana\/"},"comments_num":"2 comments","featured_image_urls_v2":{"full":["https:\/\/i0.wp.com\/joyana.fr\/wp-content\/uploads\/old\/Steiner-2012-canape%C3%8C%C2%81-800-trois-quarts-face-HD.jpg?fit=%2C&ssl=1",false,false,false],"thumbnail":["https:\/\/i0.wp.com\/joyana.fr\/wp-content\/uploads\/old\/Steiner-2012-canape%C3%8C%C2%81-800-trois-quarts-face-HD.jpg?resize=150%2C150&ssl=1",false,false,true],"medium":["https:\/\/i0.wp.com\/joyana.fr\/wp-content\/uploads\/old\/Steiner-2012-canape%C3%8C%C2%81-800-trois-quarts-face-HD.jpg?fit=389%2C389&ssl=1",false,false,true],"medium_large":["https:\/\/i0.wp.com\/joyana.fr\/wp-content\/uploads\/old\/Steiner-2012-canape%C3%8C%C2%81-800-trois-quarts-face-HD.jpg?w=768&ssl=1",false,false,true],"large":["https:\/\/i0.wp.com\/joyana.fr\/wp-content\/uploads\/old\/Steiner-2012-canape%C3%8C%C2%81-800-trois-quarts-face-HD.jpg?fit=1024%2C1024&ssl=1",false,false,true],"1536x1536":["https:\/\/i0.wp.com\/joyana.fr\/wp-content\/uploads\/old\/Steiner-2012-canape%C3%8C%C2%81-800-trois-quarts-face-HD.jpg?fit=1536%2C1536&ssl=1",false,false,true],"2048x2048":["https:\/\/i0.wp.com\/joyana.fr\/wp-content\/uploads\/old\/Steiner-2012-canape%C3%8C%C2%81-800-trois-quarts-face-HD.jpg?fit=2048%2C2048&ssl=1",false,false,true],"featured-thumb":["https:\/\/i0.wp.com\/joyana.fr\/wp-content\/uploads\/old\/Steiner-2012-canape%C3%8C%C2%81-800-trois-quarts-face-HD.jpg?resize=1903%2C750&ssl=1",false,false,true],"ab-block-post-grid-landscape":["https:\/\/i0.wp.com\/joyana.fr\/wp-content\/uploads\/old\/Steiner-2012-canape%C3%8C%C2%81-800-trois-quarts-face-HD.jpg?resize=600%2C400&ssl=1",false,false,true],"ab-block-post-grid-square":["https:\/\/i0.wp.com\/joyana.fr\/wp-content\/uploads\/old\/Steiner-2012-canape%C3%8C%C2%81-800-trois-quarts-face-HD.jpg?resize=600%2C600&ssl=1",false,false,true],"author-pro-image":["https:\/\/i0.wp.com\/joyana.fr\/wp-content\/uploads\/old\/Steiner-2012-canape%C3%8C%C2%81-800-trois-quarts-face-HD.jpg?resize=360%2C570&ssl=1",false,false,true],"slider":["https:\/\/i0.wp.com\/joyana.fr\/wp-content\/uploads\/old\/Steiner-2012-canape%C3%8C%C2%81-800-trois-quarts-face-HD.jpg?resize=920%2C400&ssl=1",false,false,true],"woocommerce_thumbnail":["https:\/\/i0.wp.com\/joyana.fr\/wp-content\/uploads\/old\/Steiner-2012-canape%C3%8C%C2%81-800-trois-quarts-face-HD.jpg?resize=450%2C450&ssl=1",false,false,true],"woocommerce_single":["https:\/\/i0.wp.com\/joyana.fr\/wp-content\/uploads\/old\/Steiner-2012-canape%C3%8C%C2%81-800-trois-quarts-face-HD.jpg?w=920&ssl=1",false,false,true],"woocommerce_gallery_thumbnail":["https:\/\/i0.wp.com\/joyana.fr\/wp-content\/uploads\/old\/Steiner-2012-canape%C3%8C%C2%81-800-trois-quarts-face-HD.jpg?resize=180%2C180&ssl=1",false,false,true],"sow-carousel-default":["https:\/\/i0.wp.com\/joyana.fr\/wp-content\/uploads\/old\/Steiner-2012-canape%C3%8C%C2%81-800-trois-quarts-face-HD.jpg?resize=272%2C182&ssl=1",false,false,true]},"post_excerpt_stackable_v2":"<p>Parmi les nouveaut\u00e9s Steiner 2012, nous d\u00e9couvrons les r\u00e9\u00e9ditions du fauteuil et du canap\u00e9 800 &#8211; sign\u00e9s par le designer Joseph-Andr\u00e9 Motte en 1958&#8230; A\u00e9riens et \u00e9l\u00e9gants, \u00e0 l\u2019image du mod\u00e8le 770, le fauteuil et le canap\u00e9 800 cr\u00e9\u00e9s par Joseph-Andr\u00e9 Motte en 1958 apportent une vraie personnalit\u00e9 aux int\u00e9rieurs !!! L\u2019apport de la courbe au niveau de la structure autorise une esth\u00e9tique f\u00e9minine et gracieuse. Les mati\u00e8res nobles et le pi\u00e9tement m\u00e9tallique tout en finesse rappellent le savoir-faire Steiner et son souci d\u2019un confort et d\u2019un design in\u00e9galables. Cette ann\u00e9e, Steiner les r\u00e9\u00e9dite \u00e0 la fois dans la version&hellip;<\/p>\n","category_list_v2":"<a href=\"https:\/\/joyana.fr\/en\/category\/deco-design\/mobilier\/assise\/\" rel=\"category tag\">Assise<\/a>, <a href=\"https:\/\/joyana.fr\/en\/category\/deco-design\/mobilier\/assise\/canape\/\" rel=\"category tag\">Canap\u00e9<\/a>, <a href=\"https:\/\/joyana.fr\/en\/category\/deco-design\/\" rel=\"category tag\">DECO-DESIGN<\/a>, <a href=\"https:\/\/joyana.fr\/en\/category\/deco-design\/mobilier\/assise\/fauteuil\/\" rel=\"category tag\">Fauteuil<\/a>, <a href=\"https:\/\/joyana.fr\/en\/category\/marques\/steiner\/\" rel=\"category tag\">Steiner<\/a>","author_info_v2":{"name":"Jo Yana","url":"https:\/\/joyana.fr\/en\/author\/joyana\/"},"comments_num_v2":"2 comments","yoast_head":"<!-- This site is optimized with the Yoast SEO plugin v26.8 - https:\/\/yoast.com\/product\/yoast-seo-wordpress\/ -->\n<title>Fauteuil &amp; Canap\u00e9 800 par STEINER x Joseph-Andr\u00e9 MOTTE - JO YANA<\/title>\n<meta name=\"robots\" content=\"index, follow, max-snippet:-1, max-image-preview:large, max-video-preview:-1\" \/>\n<link rel=\"canonical\" href=\"https:\/\/joyana.fr\/en\/fauteuil-canape-800-steiner-joseph-andre-motte\/109721\/\" \/>\n<meta property=\"og:locale\" content=\"en_US\" \/>\n<meta property=\"og:locale:alternate\" content=\"fr_FR\" \/>\n<meta property=\"og:locale:alternate\" content=\"ja\" \/>\n<meta property=\"og:type\" content=\"article\" \/>\n<meta property=\"og:title\" content=\"Fauteuil &amp; Canap\u00e9 800 par STEINER x Joseph-Andr\u00e9 MOTTE - JO YANA\" \/>\n<meta property=\"og:description\" content=\"Parmi les nouveaut\u00e9s Steiner 2012, nous d\u00e9couvrons les r\u00e9\u00e9ditions du fauteuil et du canap\u00e9 800 &#8211; sign\u00e9s par le designer Joseph-Andr\u00e9 Motte en 1958&#8230; A\u00e9riens et \u00e9l\u00e9gants, \u00e0 l\u2019image du mod\u00e8le 770, le fauteuil et le canap\u00e9 800 cr\u00e9\u00e9s par Joseph-Andr\u00e9 Motte en 1958 apportent une vraie personnalit\u00e9 aux int\u00e9rieurs !!! L\u2019apport de la courbe [&hellip;]\" \/>\n<meta property=\"og:url\" content=\"https:\/\/joyana.fr\/en\/fauteuil-canape-800-steiner-joseph-andre-motte\/109721\/\" \/>\n<meta property=\"og:site_name\" content=\"JO YANA\" \/>\n<meta property=\"article:published_time\" content=\"2012-05-22T06:46:06+00:00\" \/>\n<meta name=\"author\" content=\"Jo Yana\" \/>\n<meta name=\"twitter:card\" content=\"summary_large_image\" \/>\n<meta name=\"twitter:image\" content=\"https:\/\/i0.wp.com\/joyana.fr\/wp-content\/uploads\/old\/Steiner-2012-canape%C3%8C%C2%81-800-trois-quarts-face-HD.jpg?fit=%2C&ssl=1\" \/>\n<meta name=\"twitter:creator\" content=\"@Jo_Yana\" \/>\n<meta name=\"twitter:site\" content=\"@Jo_Yana\" \/>\n<meta name=\"twitter:label1\" content=\"Written by\" \/>\n\t<meta name=\"twitter:data1\" content=\"Jo Yana\" \/>\n\t<meta name=\"twitter:label2\" content=\"Est. reading time\" \/>\n\t<meta name=\"twitter:data2\" content=\"1 minute\" \/>\n<script type=\"application\/ld+json\" class=\"yoast-schema-graph\">{\"@context\":\"https:\/\/schema.org\",\"@graph\":[{\"@type\":\"Article\",\"@id\":\"https:\/\/joyana.fr\/en\/fauteuil-canape-800-steiner-joseph-andre-motte\/109721\/#article\",\"isPartOf\":{\"@id\":\"https:\/\/joyana.fr\/en\/fauteuil-canape-800-steiner-joseph-andre-motte\/109721\/\"},\"author\":{\"name\":\"Jo Yana\",\"@id\":\"https:\/\/joyana.fr\/#\/schema\/person\/cf2a1ad12a27c12c21801075bf37407c\"},\"headline\":\"Fauteuil &#038; Canap\u00e9 800 par STEINER x Joseph-Andr\u00e9 MOTTE\",\"datePublished\":\"2012-05-22T06:46:06+00:00\",\"mainEntityOfPage\":{\"@id\":\"https:\/\/joyana.fr\/en\/fauteuil-canape-800-steiner-joseph-andre-motte\/109721\/\"},\"wordCount\":196,\"commentCount\":1,\"publisher\":{\"@id\":\"https:\/\/joyana.fr\/#\/schema\/person\/cf2a1ad12a27c12c21801075bf37407c\"},\"image\":{\"@id\":\"https:\/\/joyana.fr\/en\/fauteuil-canape-800-steiner-joseph-andre-motte\/109721\/#primaryimage\"},\"thumbnailUrl\":\"https:\/\/i0.wp.com\/joyana.fr\/wp-content\/uploads\/old\/Steiner-2012-canape%C3%8C%C2%81-800-trois-quarts-face-HD.jpg?fit=%2C&ssl=1\",\"keywords\":[\"DESIGN\"],\"articleSection\":[\"Assise\",\"Canap\u00e9\",\"DECO-DESIGN\",\"Fauteuil\",\"Steiner\"],\"inLanguage\":\"en-US\",\"potentialAction\":[{\"@type\":\"CommentAction\",\"name\":\"Comment\",\"target\":[\"https:\/\/joyana.fr\/en\/fauteuil-canape-800-steiner-joseph-andre-motte\/109721\/#respond\"]}]},{\"@type\":\"WebPage\",\"@id\":\"https:\/\/joyana.fr\/en\/fauteuil-canape-800-steiner-joseph-andre-motte\/109721\/\",\"url\":\"https:\/\/joyana.fr\/en\/fauteuil-canape-800-steiner-joseph-andre-motte\/109721\/\",\"name\":\"Fauteuil & Canap\u00e9 800 par STEINER x Joseph-Andr\u00e9 MOTTE - JO YANA\",\"isPartOf\":{\"@id\":\"https:\/\/joyana.fr\/#website\"},\"primaryImageOfPage\":{\"@id\":\"https:\/\/joyana.fr\/en\/fauteuil-canape-800-steiner-joseph-andre-motte\/109721\/#primaryimage\"},\"image\":{\"@id\":\"https:\/\/joyana.fr\/en\/fauteuil-canape-800-steiner-joseph-andre-motte\/109721\/#primaryimage\"},\"thumbnailUrl\":\"https:\/\/i0.wp.com\/joyana.fr\/wp-content\/uploads\/old\/Steiner-2012-canape%C3%8C%C2%81-800-trois-quarts-face-HD.jpg?fit=%2C&ssl=1\",\"datePublished\":\"2012-05-22T06:46:06+00:00\",\"breadcrumb\":{\"@id\":\"https:\/\/joyana.fr\/en\/fauteuil-canape-800-steiner-joseph-andre-motte\/109721\/#breadcrumb\"},\"inLanguage\":\"en-US\",\"potentialAction\":[{\"@type\":\"ReadAction\",\"target\":[\"https:\/\/joyana.fr\/en\/fauteuil-canape-800-steiner-joseph-andre-motte\/109721\/\"]}]},{\"@type\":\"ImageObject\",\"inLanguage\":\"en-US\",\"@id\":\"https:\/\/joyana.fr\/en\/fauteuil-canape-800-steiner-joseph-andre-motte\/109721\/#primaryimage\",\"url\":\"https:\/\/i0.wp.com\/joyana.fr\/wp-content\/uploads\/old\/Steiner-2012-canape%C3%8C%C2%81-800-trois-quarts-face-HD.jpg?fit=%2C&ssl=1\",\"contentUrl\":\"https:\/\/i0.wp.com\/joyana.fr\/wp-content\/uploads\/old\/Steiner-2012-canape%C3%8C%C2%81-800-trois-quarts-face-HD.jpg?fit=%2C&ssl=1\"},{\"@type\":\"BreadcrumbList\",\"@id\":\"https:\/\/joyana.fr\/en\/fauteuil-canape-800-steiner-joseph-andre-motte\/109721\/#breadcrumb\",\"itemListElement\":[{\"@type\":\"ListItem\",\"position\":1,\"name\":\"Accueil\",\"item\":\"https:\/\/joyana.fr\/\"},{\"@type\":\"ListItem\",\"position\":2,\"name\":\"Fauteuil &#038; Canap\u00e9 800 par STEINER x Joseph-Andr\u00e9 MOTTE\"}]},{\"@type\":\"WebSite\",\"@id\":\"https:\/\/joyana.fr\/#website\",\"url\":\"https:\/\/joyana.fr\/\",\"name\":\"JO YANA\",\"description\":\"Blog Mode Homme, Lifestyle, D\u00e9co-Design\",\"publisher\":{\"@id\":\"https:\/\/joyana.fr\/#\/schema\/person\/cf2a1ad12a27c12c21801075bf37407c\"},\"potentialAction\":[{\"@type\":\"SearchAction\",\"target\":{\"@type\":\"EntryPoint\",\"urlTemplate\":\"https:\/\/joyana.fr\/?s={search_term_string}\"},\"query-input\":{\"@type\":\"PropertyValueSpecification\",\"valueRequired\":true,\"valueName\":\"search_term_string\"}}],\"inLanguage\":\"en-US\"},{\"@type\":[\"Person\",\"Organization\"],\"@id\":\"https:\/\/joyana.fr\/#\/schema\/person\/cf2a1ad12a27c12c21801075bf37407c\",\"name\":\"Jo Yana\",\"image\":{\"@type\":\"ImageObject\",\"inLanguage\":\"en-US\",\"@id\":\"https:\/\/joyana.fr\/#\/schema\/person\/image\/\",\"url\":\"https:\/\/i0.wp.com\/joyana.fr\/wp-content\/uploads\/2016\/08\/cropped-joyana-logo-black-360x180.png?fit=343%2C164&ssl=1\",\"contentUrl\":\"https:\/\/i0.wp.com\/joyana.fr\/wp-content\/uploads\/2016\/08\/cropped-joyana-logo-black-360x180.png?fit=343%2C164&ssl=1\",\"width\":343,\"height\":164,\"caption\":\"Jo Yana\"},\"logo\":{\"@id\":\"https:\/\/joyana.fr\/#\/schema\/person\/image\/\"},\"description\":\"Jo Yana est le cr\u00e9ateur et r\u00e9dacteur en chef des sites DECO-DESIGN. Passionn\u00e9 de Design, Mode, Photo, Luxe, Lifestyle, Musique, mais avant tout Blogueur ! Le plaisir de partager l'anime et a comme devise \\\"POUR L'AMOUR DU BEAU\\\". Retrouvez le aussi sur son blog personnel - https:\/\/joyana.fr...\",\"sameAs\":[\"https:\/\/joyana.fr\/\"],\"url\":\"https:\/\/joyana.fr\/en\/author\/joyana\/\"}]}<\/script>\n<!-- \/ Yoast SEO plugin. -->","yoast_head_json":{"title":"Fauteuil & Canap\u00e9 800 par STEINER x Joseph-Andr\u00e9 MOTTE - JO YANA","robots":{"index":"index","follow":"follow","max-snippet":"max-snippet:-1","max-image-preview":"max-image-preview:large","max-video-preview":"max-video-preview:-1"},"canonical":"https:\/\/joyana.fr\/en\/fauteuil-canape-800-steiner-joseph-andre-motte\/109721\/","og_locale":"en_US","og_type":"article","og_title":"Fauteuil & Canap\u00e9 800 par STEINER x Joseph-Andr\u00e9 MOTTE - JO YANA","og_description":"Parmi les nouveaut\u00e9s Steiner 2012, nous d\u00e9couvrons les r\u00e9\u00e9ditions du fauteuil et du canap\u00e9 800 &#8211; sign\u00e9s par le designer Joseph-Andr\u00e9 Motte en 1958&#8230; A\u00e9riens et \u00e9l\u00e9gants, \u00e0 l\u2019image du mod\u00e8le 770, le fauteuil et le canap\u00e9 800 cr\u00e9\u00e9s par Joseph-Andr\u00e9 Motte en 1958 apportent une vraie personnalit\u00e9 aux int\u00e9rieurs !!! L\u2019apport de la courbe [&hellip;]","og_url":"https:\/\/joyana.fr\/en\/fauteuil-canape-800-steiner-joseph-andre-motte\/109721\/","og_site_name":"JO YANA","article_published_time":"2012-05-22T06:46:06+00:00","author":"Jo Yana","twitter_card":"summary_large_image","twitter_image":"https:\/\/i0.wp.com\/joyana.fr\/wp-content\/uploads\/old\/Steiner-2012-canape%C3%8C%C2%81-800-trois-quarts-face-HD.jpg?fit=%2C&ssl=1","twitter_creator":"@Jo_Yana","twitter_site":"@Jo_Yana","twitter_misc":{"Written by":"Jo Yana","Est. reading time":"1 minute"},"schema":{"@context":"https:\/\/schema.org","@graph":[{"@type":"Article","@id":"https:\/\/joyana.fr\/en\/fauteuil-canape-800-steiner-joseph-andre-motte\/109721\/#article","isPartOf":{"@id":"https:\/\/joyana.fr\/en\/fauteuil-canape-800-steiner-joseph-andre-motte\/109721\/"},"author":{"name":"Jo Yana","@id":"https:\/\/joyana.fr\/#\/schema\/person\/cf2a1ad12a27c12c21801075bf37407c"},"headline":"Fauteuil &#038; Canap\u00e9 800 par STEINER x Joseph-Andr\u00e9 MOTTE","datePublished":"2012-05-22T06:46:06+00:00","mainEntityOfPage":{"@id":"https:\/\/joyana.fr\/en\/fauteuil-canape-800-steiner-joseph-andre-motte\/109721\/"},"wordCount":196,"commentCount":1,"publisher":{"@id":"https:\/\/joyana.fr\/#\/schema\/person\/cf2a1ad12a27c12c21801075bf37407c"},"image":{"@id":"https:\/\/joyana.fr\/en\/fauteuil-canape-800-steiner-joseph-andre-motte\/109721\/#primaryimage"},"thumbnailUrl":"https:\/\/i0.wp.com\/joyana.fr\/wp-content\/uploads\/old\/Steiner-2012-canape%C3%8C%C2%81-800-trois-quarts-face-HD.jpg?fit=%2C&ssl=1","keywords":["DESIGN"],"articleSection":["Assise","Canap\u00e9","DECO-DESIGN","Fauteuil","Steiner"],"inLanguage":"en-US","potentialAction":[{"@type":"CommentAction","name":"Comment","target":["https:\/\/joyana.fr\/en\/fauteuil-canape-800-steiner-joseph-andre-motte\/109721\/#respond"]}]},{"@type":"WebPage","@id":"https:\/\/joyana.fr\/en\/fauteuil-canape-800-steiner-joseph-andre-motte\/109721\/","url":"https:\/\/joyana.fr\/en\/fauteuil-canape-800-steiner-joseph-andre-motte\/109721\/","name":"Fauteuil & Canap\u00e9 800 par STEINER x Joseph-Andr\u00e9 MOTTE - JO YANA","isPartOf":{"@id":"https:\/\/joyana.fr\/#website"},"primaryImageOfPage":{"@id":"https:\/\/joyana.fr\/en\/fauteuil-canape-800-steiner-joseph-andre-motte\/109721\/#primaryimage"},"image":{"@id":"https:\/\/joyana.fr\/en\/fauteuil-canape-800-steiner-joseph-andre-motte\/109721\/#primaryimage"},"thumbnailUrl":"https:\/\/i0.wp.com\/joyana.fr\/wp-content\/uploads\/old\/Steiner-2012-canape%C3%8C%C2%81-800-trois-quarts-face-HD.jpg?fit=%2C&ssl=1","datePublished":"2012-05-22T06:46:06+00:00","breadcrumb":{"@id":"https:\/\/joyana.fr\/en\/fauteuil-canape-800-steiner-joseph-andre-motte\/109721\/#breadcrumb"},"inLanguage":"en-US","potentialAction":[{"@type":"ReadAction","target":["https:\/\/joyana.fr\/en\/fauteuil-canape-800-steiner-joseph-andre-motte\/109721\/"]}]},{"@type":"ImageObject","inLanguage":"en-US","@id":"https:\/\/joyana.fr\/en\/fauteuil-canape-800-steiner-joseph-andre-motte\/109721\/#primaryimage","url":"https:\/\/i0.wp.com\/joyana.fr\/wp-content\/uploads\/old\/Steiner-2012-canape%C3%8C%C2%81-800-trois-quarts-face-HD.jpg?fit=%2C&ssl=1","contentUrl":"https:\/\/i0.wp.com\/joyana.fr\/wp-content\/uploads\/old\/Steiner-2012-canape%C3%8C%C2%81-800-trois-quarts-face-HD.jpg?fit=%2C&ssl=1"},{"@type":"BreadcrumbList","@id":"https:\/\/joyana.fr\/en\/fauteuil-canape-800-steiner-joseph-andre-motte\/109721\/#breadcrumb","itemListElement":[{"@type":"ListItem","position":1,"name":"Accueil","item":"https:\/\/joyana.fr\/"},{"@type":"ListItem","position":2,"name":"Fauteuil &#038; Canap\u00e9 800 par STEINER x Joseph-Andr\u00e9 MOTTE"}]},{"@type":"WebSite","@id":"https:\/\/joyana.fr\/#website","url":"https:\/\/joyana.fr\/","name":"JO YANA","description":"Blog Mode Homme, Lifestyle, D\u00e9co-Design","publisher":{"@id":"https:\/\/joyana.fr\/#\/schema\/person\/cf2a1ad12a27c12c21801075bf37407c"},"potentialAction":[{"@type":"SearchAction","target":{"@type":"EntryPoint","urlTemplate":"https:\/\/joyana.fr\/?s={search_term_string}"},"query-input":{"@type":"PropertyValueSpecification","valueRequired":true,"valueName":"search_term_string"}}],"inLanguage":"en-US"},{"@type":["Person","Organization"],"@id":"https:\/\/joyana.fr\/#\/schema\/person\/cf2a1ad12a27c12c21801075bf37407c","name":"Jo Yana","image":{"@type":"ImageObject","inLanguage":"en-US","@id":"https:\/\/joyana.fr\/#\/schema\/person\/image\/","url":"https:\/\/i0.wp.com\/joyana.fr\/wp-content\/uploads\/2016\/08\/cropped-joyana-logo-black-360x180.png?fit=343%2C164&ssl=1","contentUrl":"https:\/\/i0.wp.com\/joyana.fr\/wp-content\/uploads\/2016\/08\/cropped-joyana-logo-black-360x180.png?fit=343%2C164&ssl=1","width":343,"height":164,"caption":"Jo Yana"},"logo":{"@id":"https:\/\/joyana.fr\/#\/schema\/person\/image\/"},"description":"Jo Yana est le cr\u00e9ateur et r\u00e9dacteur en chef des sites DECO-DESIGN. Passionn\u00e9 de Design, Mode, Photo, Luxe, Lifestyle, Musique, mais avant tout Blogueur ! Le plaisir de partager l'anime et a comme devise \"POUR L'AMOUR DU BEAU\". Retrouvez le aussi sur son blog personnel - https:\/\/joyana.fr...","sameAs":["https:\/\/joyana.fr\/"],"url":"https:\/\/joyana.fr\/en\/author\/joyana\/"}]}},"author_meta":{"display_name":"Jo Yana","author_link":"https:\/\/joyana.fr\/en\/author\/joyana\/"},"featured_img":"https:\/\/i0.wp.com\/joyana.fr\/wp-content\/uploads\/old\/Steiner-2012-canape%C3%8C%C2%81-800-trois-quarts-face-HD.jpg?fit=389%2C389&ssl=1","featured_image_src":"https:\/\/i0.wp.com\/joyana.fr\/wp-content\/uploads\/old\/Steiner-2012-canape%C3%8C%C2%81-800-trois-quarts-face-HD.jpg?resize=600%2C400&ssl=1","featured_image_src_square":"https:\/\/i0.wp.com\/joyana.fr\/wp-content\/uploads\/old\/Steiner-2012-canape%C3%8C%C2%81-800-trois-quarts-face-HD.jpg?resize=600%2C600&ssl=1","jetpack_featured_media_url":"https:\/\/i0.wp.com\/joyana.fr\/wp-content\/uploads\/old\/Steiner-2012-canape%C3%8C%C2%81-800-trois-quarts-face-HD.jpg?fit=%2C&ssl=1","uagb_featured_image_src":{"full":["https:\/\/i0.wp.com\/joyana.fr\/wp-content\/uploads\/old\/Steiner-2012-canape%C3%8C%C2%81-800-trois-quarts-face-HD.jpg?fit=%2C&ssl=1",false,false,false],"thumbnail":["https:\/\/i0.wp.com\/joyana.fr\/wp-content\/uploads\/old\/Steiner-2012-canape%C3%8C%C2%81-800-trois-quarts-face-HD.jpg?resize=150%2C150&ssl=1",false,false,true],"medium":["https:\/\/i0.wp.com\/joyana.fr\/wp-content\/uploads\/old\/Steiner-2012-canape%C3%8C%C2%81-800-trois-quarts-face-HD.jpg?fit=389%2C389&ssl=1",false,false,true],"medium_large":["https:\/\/i0.wp.com\/joyana.fr\/wp-content\/uploads\/old\/Steiner-2012-canape%C3%8C%C2%81-800-trois-quarts-face-HD.jpg?w=768&ssl=1",false,false,true],"large":["https:\/\/i0.wp.com\/joyana.fr\/wp-content\/uploads\/old\/Steiner-2012-canape%C3%8C%C2%81-800-trois-quarts-face-HD.jpg?fit=1024%2C1024&ssl=1",false,false,true],"1536x1536":["https:\/\/i0.wp.com\/joyana.fr\/wp-content\/uploads\/old\/Steiner-2012-canape%C3%8C%C2%81-800-trois-quarts-face-HD.jpg?fit=1536%2C1536&ssl=1",false,false,true],"2048x2048":["https:\/\/i0.wp.com\/joyana.fr\/wp-content\/uploads\/old\/Steiner-2012-canape%C3%8C%C2%81-800-trois-quarts-face-HD.jpg?fit=2048%2C2048&ssl=1",false,false,true],"featured-thumb":["https:\/\/i0.wp.com\/joyana.fr\/wp-content\/uploads\/old\/Steiner-2012-canape%C3%8C%C2%81-800-trois-quarts-face-HD.jpg?resize=1903%2C750&ssl=1",false,false,true],"ab-block-post-grid-landscape":["https:\/\/i0.wp.com\/joyana.fr\/wp-content\/uploads\/old\/Steiner-2012-canape%C3%8C%C2%81-800-trois-quarts-face-HD.jpg?resize=600%2C400&ssl=1",false,false,true],"ab-block-post-grid-square":["https:\/\/i0.wp.com\/joyana.fr\/wp-content\/uploads\/old\/Steiner-2012-canape%C3%8C%C2%81-800-trois-quarts-face-HD.jpg?resize=600%2C600&ssl=1",false,false,true],"author-pro-image":["https:\/\/i0.wp.com\/joyana.fr\/wp-content\/uploads\/old\/Steiner-2012-canape%C3%8C%C2%81-800-trois-quarts-face-HD.jpg?resize=360%2C570&ssl=1",false,false,true],"slider":["https:\/\/i0.wp.com\/joyana.fr\/wp-content\/uploads\/old\/Steiner-2012-canape%C3%8C%C2%81-800-trois-quarts-face-HD.jpg?resize=920%2C400&ssl=1",false,false,true],"woocommerce_thumbnail":["https:\/\/i0.wp.com\/joyana.fr\/wp-content\/uploads\/old\/Steiner-2012-canape%C3%8C%C2%81-800-trois-quarts-face-HD.jpg?resize=450%2C450&ssl=1",false,false,true],"woocommerce_single":["https:\/\/i0.wp.com\/joyana.fr\/wp-content\/uploads\/old\/Steiner-2012-canape%C3%8C%C2%81-800-trois-quarts-face-HD.jpg?w=920&ssl=1",false,false,true],"woocommerce_gallery_thumbnail":["https:\/\/i0.wp.com\/joyana.fr\/wp-content\/uploads\/old\/Steiner-2012-canape%C3%8C%C2%81-800-trois-quarts-face-HD.jpg?resize=180%2C180&ssl=1",false,false,true],"sow-carousel-default":["https:\/\/i0.wp.com\/joyana.fr\/wp-content\/uploads\/old\/Steiner-2012-canape%C3%8C%C2%81-800-trois-quarts-face-HD.jpg?resize=272%2C182&ssl=1",false,false,true]},"uagb_author_info":{"display_name":"Jo Yana","author_link":"https:\/\/joyana.fr\/en\/author\/joyana\/"},"uagb_comment_info":2,"uagb_excerpt":"Parmi les nouveaut\u00e9s Steiner 2012, nous d\u00e9couvrons les r\u00e9\u00e9ditions du fauteuil et du canap\u00e9 800 &#8211; sign\u00e9s par le designer Joseph-Andr\u00e9 Motte en 1958&#8230; A\u00e9riens et \u00e9l\u00e9gants, \u00e0 l\u2019image du mod\u00e8le 770, le fauteuil et le canap\u00e9 800 cr\u00e9\u00e9s par Joseph-Andr\u00e9 Motte en 1958 apportent une vraie personnalit\u00e9 aux int\u00e9rieurs !!! L\u2019apport de la courbe&hellip;","coauthors":[],"tax_additional":{"categories":{"linked":["<a href=\"https:\/\/joyana.fr\/en\/category\/deco-design\/mobilier\/assise\/\" class=\"advgb-post-tax-term\">Assise<\/a>","<a href=\"https:\/\/joyana.fr\/en\/category\/deco-design\/mobilier\/assise\/canape\/\" class=\"advgb-post-tax-term\">Canap\u00e9<\/a>","<a href=\"https:\/\/joyana.fr\/en\/category\/deco-design\/\" class=\"advgb-post-tax-term\">DECO-DESIGN<\/a>","<a href=\"https:\/\/joyana.fr\/en\/category\/deco-design\/mobilier\/assise\/fauteuil\/\" class=\"advgb-post-tax-term\">Fauteuil<\/a>","<a href=\"https:\/\/joyana.fr\/en\/category\/marques\/steiner\/\" class=\"advgb-post-tax-term\">Steiner<\/a>"],"unlinked":["<span class=\"advgb-post-tax-term\">Assise<\/span>","<span class=\"advgb-post-tax-term\">Canap\u00e9<\/span>","<span class=\"advgb-post-tax-term\">DECO-DESIGN<\/span>","<span class=\"advgb-post-tax-term\">Fauteuil<\/span>","<span class=\"advgb-post-tax-term\">Steiner<\/span>"]},"tags":{"linked":["<a href=\"https:\/\/joyana.fr\/en\/category\/marques\/steiner\/\" class=\"advgb-post-tax-term\">DESIGN<\/a>"],"unlinked":["<span class=\"advgb-post-tax-term\">DESIGN<\/span>"]}},"comment_count":2,"relative_dates":{"created":"Posted 14 years ago","modified":"Updated 14 years ago"},"absolute_dates":{"created":"Posted on 22 May 2012","modified":"Updated on 22 May 2012"},"absolute_dates_time":{"created":"Posted on 22 May 2012 7:46","modified":"Updated on 22 May 2012 7:46"},"featured_img_caption":"","series_order":"","jetpack_sharing_enabled":true,"jetpack_shortlink":"https:\/\/wp.me\/p9bteI-sxH","jetpack-related-posts":[],"_links":{"self":[{"href":"https:\/\/joyana.fr\/en\/wp-json\/wp\/v2\/posts\/109721","targetHints":{"allow":["GET"]}}],"collection":[{"href":"https:\/\/joyana.fr\/en\/wp-json\/wp\/v2\/posts"}],"about":[{"href":"https:\/\/joyana.fr\/en\/wp-json\/wp\/v2\/types\/post"}],"author":[{"embeddable":true,"href":"https:\/\/joyana.fr\/en\/wp-json\/wp\/v2\/users\/3"}],"replies":[{"embeddable":true,"href":"https:\/\/joyana.fr\/en\/wp-json\/wp\/v2\/comments?post=109721"}],"version-history":[{"count":0,"href":"https:\/\/joyana.fr\/en\/wp-json\/wp\/v2\/posts\/109721\/revisions"}],"wp:featuredmedia":[{"embeddable":true,"href":"https:\/\/joyana.fr\/en\/wp-json\/wp\/v2\/media\/109722"}],"wp:attachment":[{"href":"https:\/\/joyana.fr\/en\/wp-json\/wp\/v2\/media?parent=109721"}],"wp:term":[{"taxonomy":"category","embeddable":true,"href":"https:\/\/joyana.fr\/en\/wp-json\/wp\/v2\/categories?post=109721"},{"taxonomy":"post_tag","embeddable":true,"href":"https:\/\/joyana.fr\/en\/wp-json\/wp\/v2\/tags?post=109721"}],"curies":[{"name":"wp","href":"https:\/\/api.w.org\/{rel}","templated":true}]}}