{"id":110871,"date":"2013-03-25T04:16:11","date_gmt":"2013-03-25T03:16:11","guid":{"rendered":"https:\/\/joyana.fr\/?p=10871"},"modified":"2013-03-25T04:16:11","modified_gmt":"2013-03-25T03:16:11","slug":"biennale-internationale-design-saint-etienne-2013","status":"publish","type":"post","link":"https:\/\/joyana.fr\/en\/biennale-internationale-design-saint-etienne-2013\/110871\/","title":{"rendered":"BIENNALE INTERNATIONALE DESIGN SAINT-ETIENNE 2013 &#8211; Live, Reportages, Informations"},"content":{"rendered":"<p>Apr\u00e8s un l\u00e9ger suspense, nous connaissons enfin les dates de la <a title=\"BIENNALE INTERNATIONALE DESIGN SAINT ETIENNE\" href=\"https:\/\/joyana.fr\/category\/actualite\/salon\/biennale-design-internationale-saint-etienne\/\" target=\"_blank\"><strong>Biennale Internationale Design Saint-Etienne<\/strong><\/a> &#8211; qui se d\u00e9roulera du <strong>14 au 31 Mars 2013<\/strong> et qui aura pour th\u00e8me <strong><em>l&#8217;empathie ou l&#8217;exp\u00e9rience de l&#8217;autre <\/em><\/strong>&#8211; avec toujours comme mission premi\u00e8re : D\u00e9mocratiser le design&#8230;<\/p>\n<h3 style=\"text-align: center;\"><span style=\"color: #000000;\">.<\/span><\/h3>\n<h3 style=\"text-align: center;\">Nos REPORTAGES \u00e0 la<br \/>\nBIENNALE INTERNATIONALE DESIGN DE SAINT-ETIENNE 2013 :<\/h3>\n<p>&nbsp;<\/p>\n<table style=\"text-align: left; width: 576px; height: 150px;\" border=\"0\" cellspacing=\"2\" cellpadding=\"2\">\n<tbody>\n<tr>\n<td><a href=\"https:\/\/joyana.fr\/biennaledesign13-exposition-les-editeurs-stephanois\/12823\/\" target=\"_blank\"><img data-recalc-dims=\"1\" decoding=\"async\" style=\"width: 300px; height: 100px;\" src=\"https:\/\/i0.wp.com\/joyana.fr\/wp-content\/uploads\/2013\/03\/REPORTAGE_editeurs-stephanois.jpg?ssl=1\" alt=\"les \u00e9diteurs st\u00e9phanois\" \/><\/a><\/td>\n<td>La Biennale de Saint-Etienne c\u2019est aussi l\u2019occasion de croiser nos amis LES \u00c9DITEURS ST\u00c9PHANOIS qui exposaient leurs derni\u00e8res nouveaut\u00e9s<a href=\"https:\/\/joyana.fr\/biennaledesign13-exposition-les-editeurs-stephanois\/12823\/\" target=\"_blank\">\u2026<\/a><\/td>\n<\/tr>\n<tr>\n<td><a href=\"https:\/\/joyana.fr\/exposition-lage-du-faire-par-particule-14\/12799\/\" target=\"_blank\"><img data-recalc-dims=\"1\" decoding=\"async\" style=\"width: 300px; height: 100px;\" src=\"https:\/\/i0.wp.com\/joyana.fr\/wp-content\/uploads\/2013\/03\/REPORTAGE_LAGE-DU-FAIRE.jpg?ssl=1\" alt=\"Exposition L'AGE DU FAIRE\" \/><\/a><\/td>\n<td>Rendez-vous \u00e0 la Cit\u00e9 du design pour d\u00e9couvrir l\u2019exposition L\u2019\u00c2GE DU FAIRE sign\u00e9 par l\u2019association PARTICULE 14<a href=\"https:\/\/joyana.fr\/exposition-lage-du-faire-par-particule-14\/12799\/\" target=\"_blank\">\u2026<\/a><\/td>\n<\/tr>\n<tr>\n<td><a href=\"https:\/\/joyana.fr\/mobilier-afterimage_02-biennaledesign13-bomi-park\/12791\/\" target=\"_blank\"><img data-recalc-dims=\"1\" decoding=\"async\" style=\"width: 300px; height: 100px;\" src=\"https:\/\/i0.wp.com\/joyana.fr\/wp-content\/uploads\/2013\/03\/REPORTAGE-AFTER-IMAGE.jpg?ssl=1\" alt=\"AFTERIMAGE\" \/><\/a><\/td>\n<td>Le mobilier AFTERIMAGE_02 &#8211; sign\u00e9 par le sud-cor\u00e9en Bomi Park &#8211; nous a surpris par son design compos\u00e9 d\u2019une grille m\u00e9tallique<a href=\"https:\/\/joyana.fr\/mobilier-afterimage_02-biennaledesign13-bomi-park\/12791\/\" target=\"_blank\">\u2026<\/a><\/td>\n<\/tr>\n<tr>\n<td><a href=\"https:\/\/joyana.fr\/exposition-glass-is-tomorrow\/12771\/\" target=\"_blank\"><img data-recalc-dims=\"1\" decoding=\"async\" style=\"width: 300px; height: 100px;\" src=\"https:\/\/i0.wp.com\/joyana.fr\/wp-content\/uploads\/2013\/03\/REPORTAGE_GLASS-IS-TOMORROW.jpg?ssl=1\" alt=\"exposition GLASS IS TOMORROW\" \/><\/a><\/td>\n<td>GLASS IS TOMORROW est le r\u00e9sultat d\u2019un flux d\u2019\u00e9change de connaissances et de comp\u00e9tences entre les verriers et les designers en Europe<a href=\"https:\/\/joyana.fr\/exposition-glass-is-tomorrow\/12771\/\" target=\"_blank\">\u2026<\/a><\/td>\n<\/tr>\n<tr>\n<td><a href=\"https:\/\/joyana.fr\/banc-quand-zephyr-danse-biennaledesign13-harmonie-henrio\/12784\/\" target=\"_blank\"><img data-recalc-dims=\"1\" decoding=\"async\" style=\"width: 300px; height: 100px;\" src=\"https:\/\/i0.wp.com\/joyana.fr\/wp-content\/uploads\/2013\/03\/REPORTAGE_BANC-PUBLIC.jpg?ssl=1\" alt=\"banc public quand zephyr danse\" \/><\/a><\/td>\n<td>QUAND ZEPHYR DANSE est sign\u00e9 par Harmonie Henrio, ce banc affole par ses formes<a href=\"https:\/\/joyana.fr\/banc-quand-zephyr-danse-biennaledesign13-harmonie-henrio\/12784\/\" target=\"_blank\">\u2026<\/a><\/td>\n<\/tr>\n<tr>\n<td><a href=\"https:\/\/joyana.fr\/mobilier-coworkin-biennaledesign13-claire-debien\/12754\/\" target=\"_blank\"><img data-recalc-dims=\"1\" decoding=\"async\" style=\"width: 300px; height: 100px;\" src=\"https:\/\/i0.wp.com\/joyana.fr\/wp-content\/uploads\/2013\/03\/REPORTAGE_TABLE-DEBIEN.jpg?ssl=1\" alt=\"Mobilier COWORKIN\" \/><\/a><\/td>\n<td>Deco-Design s\u2019interesse au travail de Claire Debien \u2013 qui pr\u00e9sente la collection de mobilier COWORK\u2019IN\u2026<a href=\"https:\/\/joyana.fr\/mobilier-coworkin-biennaledesign13-claire-debien\/12754\/\" target=\"_blank\">\u2026<\/a><\/td>\n<\/tr>\n<tr>\n<td><a href=\"https:\/\/joyana.fr\/lampe-et-applique-hamara-biennaledesign13-jean-baptiste-bru\/12744\/\" target=\"_blank\"><img data-recalc-dims=\"1\" decoding=\"async\" style=\"width: 300px; height: 100px;\" src=\"https:\/\/i0.wp.com\/joyana.fr\/wp-content\/uploads\/2013\/03\/REPORTAGE_LUMINAIRE-ETUDIANT.jpg?ssl=1\" alt=\"luminaires HAMARA\" \/><\/a><\/td>\n<td>l\u2019\u00e9tudiant Jean-Baptiste Bru nous pr\u00e9sente ces deux luminaires H\u00c4M\u00c4R\u00c4<a href=\"https:\/\/joyana.fr\/lampe-et-applique-hamara-biennaledesign13-jean-baptiste-bru\/12744\/\" target=\"_blank\">\u2026<\/a><\/td>\n<\/tr>\n<tr>\n<td><a href=\"https:\/\/joyana.fr\/installation-colored-pencil-table-par-nendo-a-la-biennale-du-design-2013\/12634\/\" target=\"_blank\"><img data-recalc-dims=\"1\" decoding=\"async\" style=\"width: 300px; height: 100px;\" src=\"https:\/\/i0.wp.com\/joyana.fr\/wp-content\/uploads\/2013\/03\/REPORTAGE_TABLE-NENDO.jpg?ssl=1\" alt=\"Installation PENCIL TABLE par NENDO\" \/><\/a><\/td>\n<td>Le designer japonais Nendo pr\u00e9sentera l\u2019installation tr\u00e8s po\u00e9tique \u2013 COLORED PENCIL TABLE<a href=\"https:\/\/joyana.fr\/installation-colored-pencil-table-par-nendo-a-la-biennale-du-design-2013\/12634\/\" target=\"_blank\">\u2026<\/a><\/td>\n<\/tr>\n<\/tbody>\n<\/table>\n<p><span style=\"color: #000000;\">.<\/span><\/p>\n<p><span style=\"color: #000000;\">.<\/span><\/p>\n<h3 style=\"text-align: center;\">La BIENNALE INTERNATIONALE DESIGN DE SAINT-ETIENNE 2013<br \/>\nen LIVE :<\/h3>\n<p>[liveblog]<\/p>\n<p><span style=\"color: #000000;\">.<\/span><\/p>\n<h3 style=\"text-align: center;\">Le Programme de cette BIENNALE DU DESIGN :<\/h3>\n<p style=\"text-align: justify;\">Cette huiti\u00e8me \u00e9dition de la <strong>Biennale Internationale Design Saint-\u00c9tienne 2013<\/strong> se d\u00e9roulera pour la premi\u00e8re fois au printemps, du <strong>14 au 31 mars 2013<\/strong>, toujours \u00e0 la <strong>Cit\u00e9 du Design<\/strong>. Un rendez-vous r\u00e9solument ancr\u00e9 sur l\u2019innovation, la prospective et la recherche en design.<\/p>\n<p style=\"text-align: justify;\">Au programme de plus d\u2019une cinquantaine d\u2019expositions auxquelles viendront s\u2019ajouter des conf\u00e9rences et des \u00e9v\u00e8nements in\u00e9dits avec entre autres :<\/p>\n<ul>\n<li style=\"text-align: justify;\">Demain c\u2019est aujourd\u2019hui #4<\/li>\n<li style=\"text-align: justify;\">Les andro\u00efdes r\u00eavent-ils de cochons \u00e9lectriques ?<\/li>\n<li style=\"text-align: justify;\">Traits d\u2019union Objets d\u2019empathie nos vies.<\/li>\n<li style=\"text-align: justify;\">Nendo (Carte blanche)<\/li>\n<li style=\"text-align: justify;\">Forum : Design &#038; Innovation<\/li>\n<li style=\"text-align: justify;\">Exp\u00e9rimentation : Les Labos<\/li>\n<\/ul>\n<h2 style=\"text-align: center;\">&#8230;<\/h2>\n<p style=\"text-align: center;\">En savoir <strong>+<\/strong> sur la <a href=\"http:\/\/www.citedudesign.com\/fr\/home\/\" target=\"_blank\"><strong>BIENNALE INTERNATIONALE DESIGN SAINT ETIENNE<\/strong><\/a><\/p>\n","protected":false},"excerpt":{"rendered":"<p>Apr\u00e8s un l\u00e9ger suspense, nous connaissons enfin les dates de la Biennale Internationale Design Saint-Etienne &#8211; qui se d\u00e9roulera du 14 au 31 Mars 2013 et qui aura pour th\u00e8me l&#8217;empathie ou l&#8217;exp\u00e9rience de l&#8217;autre &#8211; avec toujours comme mission premi\u00e8re : D\u00e9mocratiser le design&#8230; . Nos REPORTAGES \u00e0 la BIENNALE INTERNATIONALE DESIGN DE SAINT-ETIENNE [&hellip;]<\/p>\n","protected":false},"author":3,"featured_media":110872,"comment_status":"open","ping_status":"open","sticky":false,"template":"","format":"standard","meta":{"_coblocks_attr":"","_coblocks_dimensions":"","_coblocks_responsive_height":"","_coblocks_accordion_ie_support":"","_uag_custom_page_level_css":"","advgb_blocks_editor_width":"","advgb_blocks_columns_visual_guide":"","_genesis_hide_title":false,"_genesis_hide_breadcrumbs":false,"_genesis_hide_singular_image":false,"_genesis_hide_footer_widgets":false,"_genesis_custom_body_class":"","_genesis_custom_post_class":"","_genesis_layout":"","_themeisle_gutenberg_block_has_review":false,"_jetpack_newsletter_access":"","_jetpack_dont_email_post_to_subs":false,"_jetpack_newsletter_tier_id":0,"_jetpack_memberships_contains_paywalled_content":false,"_jetpack_memberships_contains_paid_content":false,"footnotes":""},"categories":[938,1035,905],"tags":[1284,538,994],"class_list":{"0":"post-110871","1":"post","2":"type-post","3":"status-publish","4":"format-standard","5":"has-post-thumbnail","7":"category-actualite-deco-design","8":"category-biennale-design-internationale-saint-etienne","9":"category-deco-design","10":"tag-biennale-du-design-de-saint-etienne","11":"tag-evenement","12":"tag-evenements","13":"entry"},"featured_image_urls":{"full":["https:\/\/i0.wp.com\/joyana.fr\/wp-content\/uploads\/2012\/09\/bienalle-de-saint-etienne-2013-5.jpg?fit=650%2C947&ssl=1",650,947,false],"thumbnail":["https:\/\/i0.wp.com\/joyana.fr\/wp-content\/uploads\/2012\/09\/bienalle-de-saint-etienne-2013-5.jpg?resize=150%2C150&ssl=1",150,150,true],"medium":["https:\/\/i0.wp.com\/joyana.fr\/wp-content\/uploads\/2012\/09\/bienalle-de-saint-etienne-2013-5.jpg?fit=267%2C389&ssl=1",267,389,true],"medium_large":["https:\/\/i0.wp.com\/joyana.fr\/wp-content\/uploads\/2012\/09\/bienalle-de-saint-etienne-2013-5.jpg?fit=650%2C947&ssl=1",650,947,true],"large":["https:\/\/i0.wp.com\/joyana.fr\/wp-content\/uploads\/2012\/09\/bienalle-de-saint-etienne-2013-5.jpg?fit=650%2C947&ssl=1",650,947,true],"1536x1536":["https:\/\/i0.wp.com\/joyana.fr\/wp-content\/uploads\/2012\/09\/bienalle-de-saint-etienne-2013-5.jpg?fit=650%2C947&ssl=1",650,947,true],"2048x2048":["https:\/\/i0.wp.com\/joyana.fr\/wp-content\/uploads\/2012\/09\/bienalle-de-saint-etienne-2013-5.jpg?fit=650%2C947&ssl=1",650,947,true],"featured-thumb":["https:\/\/i0.wp.com\/joyana.fr\/wp-content\/uploads\/2012\/09\/bienalle-de-saint-etienne-2013-5.jpg?resize=650%2C750&ssl=1",650,750,true],"ab-block-post-grid-landscape":["https:\/\/i0.wp.com\/joyana.fr\/wp-content\/uploads\/2012\/09\/bienalle-de-saint-etienne-2013-5.jpg?resize=600%2C400&ssl=1",600,400,true],"ab-block-post-grid-square":["https:\/\/i0.wp.com\/joyana.fr\/wp-content\/uploads\/2012\/09\/bienalle-de-saint-etienne-2013-5.jpg?resize=600%2C600&ssl=1",600,600,true],"author-pro-image":["https:\/\/i0.wp.com\/joyana.fr\/wp-content\/uploads\/2012\/09\/bienalle-de-saint-etienne-2013-5.jpg?resize=360%2C570&ssl=1",360,570,true],"slider":["https:\/\/i0.wp.com\/joyana.fr\/wp-content\/uploads\/2012\/09\/bienalle-de-saint-etienne-2013-5.jpg?resize=650%2C400&ssl=1",650,400,true],"woocommerce_thumbnail":["https:\/\/i0.wp.com\/joyana.fr\/wp-content\/uploads\/2012\/09\/bienalle-de-saint-etienne-2013-5.jpg?resize=450%2C450&ssl=1",450,450,true],"woocommerce_single":["https:\/\/i0.wp.com\/joyana.fr\/wp-content\/uploads\/2012\/09\/bienalle-de-saint-etienne-2013-5.jpg?fit=650%2C947&ssl=1",650,947,true],"woocommerce_gallery_thumbnail":["https:\/\/i0.wp.com\/joyana.fr\/wp-content\/uploads\/2012\/09\/bienalle-de-saint-etienne-2013-5.jpg?resize=180%2C180&ssl=1",180,180,true],"sow-carousel-default":["https:\/\/i0.wp.com\/joyana.fr\/wp-content\/uploads\/2012\/09\/bienalle-de-saint-etienne-2013-5.jpg?resize=272%2C182&ssl=1",272,182,true]},"post_excerpt_stackable":"<p>Apr\u00e8s un l\u00e9ger suspense, nous connaissons enfin les dates de la Biennale Internationale Design Saint-Etienne &#8211; qui se d\u00e9roulera du 14 au 31 Mars 2013 et qui aura pour th\u00e8me l&#8217;empathie ou l&#8217;exp\u00e9rience de l&#8217;autre &#8211; avec toujours comme mission premi\u00e8re : D\u00e9mocratiser le design&#8230; . Nos REPORTAGES \u00e0 la BIENNALE INTERNATIONALE DESIGN DE SAINT-ETIENNE 2013 : &nbsp; La Biennale de Saint-Etienne c\u2019est aussi l\u2019occasion de croiser nos amis LES \u00c9DITEURS ST\u00c9PHANOIS qui exposaient leurs derni\u00e8res nouveaut\u00e9s\u2026 Rendez-vous \u00e0 la Cit\u00e9 du design pour d\u00e9couvrir l\u2019exposition L\u2019\u00c2GE DU FAIRE sign\u00e9 par l\u2019association PARTICULE 14\u2026 Le mobilier AFTERIMAGE_02 &#8211; sign\u00e9 par&hellip;<\/p>\n","category_list":"<a href=\"https:\/\/joyana.fr\/en\/category\/deco-design\/actualite\/actualite-deco-design\/\" rel=\"category tag\">Actualit\u00e9 D\u00e9co-Design<\/a>, <a href=\"https:\/\/joyana.fr\/en\/category\/deco-design\/actualite\/salon\/biennale-design-internationale-saint-etienne\/\" rel=\"category tag\">Biennale Internationale Design (Saint-Etienne)<\/a>, <a href=\"https:\/\/joyana.fr\/en\/category\/deco-design\/\" rel=\"category tag\">DECO-DESIGN<\/a>","author_info":{"display_name":"Jo Yana","author_link":"https:\/\/joyana.fr\/en\/author\/joyana\/"},"comments_num":"11 comments","featured_image_urls_v2":{"full":["https:\/\/i0.wp.com\/joyana.fr\/wp-content\/uploads\/2012\/09\/bienalle-de-saint-etienne-2013-5.jpg?fit=650%2C947&ssl=1",650,947,false],"thumbnail":["https:\/\/i0.wp.com\/joyana.fr\/wp-content\/uploads\/2012\/09\/bienalle-de-saint-etienne-2013-5.jpg?resize=150%2C150&ssl=1",150,150,true],"medium":["https:\/\/i0.wp.com\/joyana.fr\/wp-content\/uploads\/2012\/09\/bienalle-de-saint-etienne-2013-5.jpg?fit=267%2C389&ssl=1",267,389,true],"medium_large":["https:\/\/i0.wp.com\/joyana.fr\/wp-content\/uploads\/2012\/09\/bienalle-de-saint-etienne-2013-5.jpg?fit=650%2C947&ssl=1",650,947,true],"large":["https:\/\/i0.wp.com\/joyana.fr\/wp-content\/uploads\/2012\/09\/bienalle-de-saint-etienne-2013-5.jpg?fit=650%2C947&ssl=1",650,947,true],"1536x1536":["https:\/\/i0.wp.com\/joyana.fr\/wp-content\/uploads\/2012\/09\/bienalle-de-saint-etienne-2013-5.jpg?fit=650%2C947&ssl=1",650,947,true],"2048x2048":["https:\/\/i0.wp.com\/joyana.fr\/wp-content\/uploads\/2012\/09\/bienalle-de-saint-etienne-2013-5.jpg?fit=650%2C947&ssl=1",650,947,true],"featured-thumb":["https:\/\/i0.wp.com\/joyana.fr\/wp-content\/uploads\/2012\/09\/bienalle-de-saint-etienne-2013-5.jpg?resize=650%2C750&ssl=1",650,750,true],"ab-block-post-grid-landscape":["https:\/\/i0.wp.com\/joyana.fr\/wp-content\/uploads\/2012\/09\/bienalle-de-saint-etienne-2013-5.jpg?resize=600%2C400&ssl=1",600,400,true],"ab-block-post-grid-square":["https:\/\/i0.wp.com\/joyana.fr\/wp-content\/uploads\/2012\/09\/bienalle-de-saint-etienne-2013-5.jpg?resize=600%2C600&ssl=1",600,600,true],"author-pro-image":["https:\/\/i0.wp.com\/joyana.fr\/wp-content\/uploads\/2012\/09\/bienalle-de-saint-etienne-2013-5.jpg?resize=360%2C570&ssl=1",360,570,true],"slider":["https:\/\/i0.wp.com\/joyana.fr\/wp-content\/uploads\/2012\/09\/bienalle-de-saint-etienne-2013-5.jpg?resize=650%2C400&ssl=1",650,400,true],"woocommerce_thumbnail":["https:\/\/i0.wp.com\/joyana.fr\/wp-content\/uploads\/2012\/09\/bienalle-de-saint-etienne-2013-5.jpg?resize=450%2C450&ssl=1",450,450,true],"woocommerce_single":["https:\/\/i0.wp.com\/joyana.fr\/wp-content\/uploads\/2012\/09\/bienalle-de-saint-etienne-2013-5.jpg?fit=650%2C947&ssl=1",650,947,true],"woocommerce_gallery_thumbnail":["https:\/\/i0.wp.com\/joyana.fr\/wp-content\/uploads\/2012\/09\/bienalle-de-saint-etienne-2013-5.jpg?resize=180%2C180&ssl=1",180,180,true],"sow-carousel-default":["https:\/\/i0.wp.com\/joyana.fr\/wp-content\/uploads\/2012\/09\/bienalle-de-saint-etienne-2013-5.jpg?resize=272%2C182&ssl=1",272,182,true]},"post_excerpt_stackable_v2":"<p>Apr\u00e8s un l\u00e9ger suspense, nous connaissons enfin les dates de la Biennale Internationale Design Saint-Etienne &#8211; qui se d\u00e9roulera du 14 au 31 Mars 2013 et qui aura pour th\u00e8me l&#8217;empathie ou l&#8217;exp\u00e9rience de l&#8217;autre &#8211; avec toujours comme mission premi\u00e8re : D\u00e9mocratiser le design&#8230; . Nos REPORTAGES \u00e0 la BIENNALE INTERNATIONALE DESIGN DE SAINT-ETIENNE 2013 : &nbsp; La Biennale de Saint-Etienne c\u2019est aussi l\u2019occasion de croiser nos amis LES \u00c9DITEURS ST\u00c9PHANOIS qui exposaient leurs derni\u00e8res nouveaut\u00e9s\u2026 Rendez-vous \u00e0 la Cit\u00e9 du design pour d\u00e9couvrir l\u2019exposition L\u2019\u00c2GE DU FAIRE sign\u00e9 par l\u2019association PARTICULE 14\u2026 Le mobilier AFTERIMAGE_02 &#8211; sign\u00e9 par&hellip;<\/p>\n","category_list_v2":"<a href=\"https:\/\/joyana.fr\/en\/category\/deco-design\/actualite\/actualite-deco-design\/\" rel=\"category tag\">Actualit\u00e9 D\u00e9co-Design<\/a>, <a href=\"https:\/\/joyana.fr\/en\/category\/deco-design\/actualite\/salon\/biennale-design-internationale-saint-etienne\/\" rel=\"category tag\">Biennale Internationale Design (Saint-Etienne)<\/a>, <a href=\"https:\/\/joyana.fr\/en\/category\/deco-design\/\" rel=\"category tag\">DECO-DESIGN<\/a>","author_info_v2":{"name":"Jo Yana","url":"https:\/\/joyana.fr\/en\/author\/joyana\/"},"comments_num_v2":"11 comments","yoast_head":"<!-- This site is optimized with the Yoast SEO plugin v26.8 - https:\/\/yoast.com\/product\/yoast-seo-wordpress\/ -->\n<title>BIENNALE INTERNATIONALE DESIGN SAINT-ETIENNE 2013 - Live, Reportages, Informations - JO YANA<\/title>\n<meta name=\"robots\" content=\"index, follow, max-snippet:-1, max-image-preview:large, max-video-preview:-1\" \/>\n<link rel=\"canonical\" href=\"https:\/\/joyana.fr\/en\/biennale-internationale-design-saint-etienne-2013\/110871\/\" \/>\n<meta property=\"og:locale\" content=\"en_US\" \/>\n<meta property=\"og:locale:alternate\" content=\"fr_FR\" \/>\n<meta property=\"og:locale:alternate\" content=\"ja\" \/>\n<meta property=\"og:type\" content=\"article\" \/>\n<meta property=\"og:title\" content=\"BIENNALE INTERNATIONALE DESIGN SAINT-ETIENNE 2013 - Live, Reportages, Informations - JO YANA\" \/>\n<meta property=\"og:description\" content=\"Apr\u00e8s un l\u00e9ger suspense, nous connaissons enfin les dates de la Biennale Internationale Design Saint-Etienne &#8211; qui se d\u00e9roulera du 14 au 31 Mars 2013 et qui aura pour th\u00e8me l&#8217;empathie ou l&#8217;exp\u00e9rience de l&#8217;autre &#8211; avec toujours comme mission premi\u00e8re : D\u00e9mocratiser le design&#8230; . Nos REPORTAGES \u00e0 la BIENNALE INTERNATIONALE DESIGN DE SAINT-ETIENNE [&hellip;]\" \/>\n<meta property=\"og:url\" content=\"https:\/\/joyana.fr\/en\/biennale-internationale-design-saint-etienne-2013\/110871\/\" \/>\n<meta property=\"og:site_name\" content=\"JO YANA\" \/>\n<meta property=\"article:published_time\" content=\"2013-03-25T03:16:11+00:00\" \/>\n<meta property=\"og:image\" content=\"https:\/\/joyana.fr\/wp-content\/uploads\/2012\/09\/bienalle-de-saint-etienne-2013-5.jpg\" \/>\n\t<meta property=\"og:image:width\" content=\"650\" \/>\n\t<meta property=\"og:image:height\" content=\"947\" \/>\n\t<meta property=\"og:image:type\" content=\"image\/jpeg\" \/>\n<meta name=\"author\" content=\"Jo Yana\" \/>\n<meta name=\"twitter:card\" content=\"summary_large_image\" \/>\n<meta name=\"twitter:creator\" content=\"@Jo_Yana\" \/>\n<meta name=\"twitter:site\" content=\"@Jo_Yana\" \/>\n<meta name=\"twitter:label1\" content=\"Written by\" \/>\n\t<meta name=\"twitter:data1\" content=\"Jo Yana\" \/>\n\t<meta name=\"twitter:label2\" content=\"Est. reading time\" \/>\n\t<meta name=\"twitter:data2\" content=\"2 minutes\" \/>\n<script type=\"application\/ld+json\" class=\"yoast-schema-graph\">{\"@context\":\"https:\/\/schema.org\",\"@graph\":[{\"@type\":\"Article\",\"@id\":\"https:\/\/joyana.fr\/biennale-internationale-design-saint-etienne-2013\/110871\/#article\",\"isPartOf\":{\"@id\":\"https:\/\/joyana.fr\/biennale-internationale-design-saint-etienne-2013\/110871\/\"},\"author\":{\"name\":\"Jo Yana\",\"@id\":\"https:\/\/www.joyana.fr\/ja\/#\/schema\/person\/cf2a1ad12a27c12c21801075bf37407c\"},\"headline\":\"BIENNALE INTERNATIONALE DESIGN SAINT-ETIENNE 2013 &#8211; Live, Reportages, Informations\",\"datePublished\":\"2013-03-25T03:16:11+00:00\",\"mainEntityOfPage\":{\"@id\":\"https:\/\/joyana.fr\/biennale-internationale-design-saint-etienne-2013\/110871\/\"},\"wordCount\":345,\"commentCount\":7,\"publisher\":{\"@id\":\"https:\/\/www.joyana.fr\/ja\/#\/schema\/person\/cf2a1ad12a27c12c21801075bf37407c\"},\"image\":{\"@id\":\"https:\/\/joyana.fr\/biennale-internationale-design-saint-etienne-2013\/110871\/#primaryimage\"},\"thumbnailUrl\":\"https:\/\/i0.wp.com\/joyana.fr\/wp-content\/uploads\/2012\/09\/bienalle-de-saint-etienne-2013-5.jpg?fit=650%2C947&ssl=1\",\"keywords\":[\"Biennale du Design de Saint-Etienne\",\"Ev\u00e8nement\",\"Ev\u00e8nements\"],\"articleSection\":[\"Actualit\u00e9 D\u00e9co-Design\",\"Biennale Internationale Design (Saint-Etienne)\",\"DECO-DESIGN\"],\"inLanguage\":\"en-US\",\"potentialAction\":[{\"@type\":\"CommentAction\",\"name\":\"Comment\",\"target\":[\"https:\/\/joyana.fr\/biennale-internationale-design-saint-etienne-2013\/110871\/#respond\"]}]},{\"@type\":\"WebPage\",\"@id\":\"https:\/\/joyana.fr\/biennale-internationale-design-saint-etienne-2013\/110871\/\",\"url\":\"https:\/\/joyana.fr\/biennale-internationale-design-saint-etienne-2013\/110871\/\",\"name\":\"BIENNALE INTERNATIONALE DESIGN SAINT-ETIENNE 2013 - Live, Reportages, Informations - JO YANA\",\"isPartOf\":{\"@id\":\"https:\/\/www.joyana.fr\/ja\/#website\"},\"primaryImageOfPage\":{\"@id\":\"https:\/\/joyana.fr\/biennale-internationale-design-saint-etienne-2013\/110871\/#primaryimage\"},\"image\":{\"@id\":\"https:\/\/joyana.fr\/biennale-internationale-design-saint-etienne-2013\/110871\/#primaryimage\"},\"thumbnailUrl\":\"https:\/\/i0.wp.com\/joyana.fr\/wp-content\/uploads\/2012\/09\/bienalle-de-saint-etienne-2013-5.jpg?fit=650%2C947&ssl=1\",\"datePublished\":\"2013-03-25T03:16:11+00:00\",\"breadcrumb\":{\"@id\":\"https:\/\/joyana.fr\/biennale-internationale-design-saint-etienne-2013\/110871\/#breadcrumb\"},\"inLanguage\":\"en-US\",\"potentialAction\":[{\"@type\":\"ReadAction\",\"target\":[\"https:\/\/joyana.fr\/biennale-internationale-design-saint-etienne-2013\/110871\/\"]}]},{\"@type\":\"ImageObject\",\"inLanguage\":\"en-US\",\"@id\":\"https:\/\/joyana.fr\/biennale-internationale-design-saint-etienne-2013\/110871\/#primaryimage\",\"url\":\"https:\/\/i0.wp.com\/joyana.fr\/wp-content\/uploads\/2012\/09\/bienalle-de-saint-etienne-2013-5.jpg?fit=650%2C947&ssl=1\",\"contentUrl\":\"https:\/\/i0.wp.com\/joyana.fr\/wp-content\/uploads\/2012\/09\/bienalle-de-saint-etienne-2013-5.jpg?fit=650%2C947&ssl=1\",\"width\":650,\"height\":947},{\"@type\":\"BreadcrumbList\",\"@id\":\"https:\/\/joyana.fr\/biennale-internationale-design-saint-etienne-2013\/110871\/#breadcrumb\",\"itemListElement\":[{\"@type\":\"ListItem\",\"position\":1,\"name\":\"Accueil\",\"item\":\"https:\/\/www.joyana.fr\/ja\/\"},{\"@type\":\"ListItem\",\"position\":2,\"name\":\"BIENNALE INTERNATIONALE DESIGN SAINT-ETIENNE 2013 &#8211; Live, Reportages, Informations\"}]},{\"@type\":\"WebSite\",\"@id\":\"https:\/\/www.joyana.fr\/ja\/#website\",\"url\":\"https:\/\/www.joyana.fr\/ja\/\",\"name\":\"JO YANA\",\"description\":\"Blog Mode Homme, Lifestyle, D\u00e9co-Design\",\"publisher\":{\"@id\":\"https:\/\/www.joyana.fr\/ja\/#\/schema\/person\/cf2a1ad12a27c12c21801075bf37407c\"},\"potentialAction\":[{\"@type\":\"SearchAction\",\"target\":{\"@type\":\"EntryPoint\",\"urlTemplate\":\"https:\/\/www.joyana.fr\/ja\/?s={search_term_string}\"},\"query-input\":{\"@type\":\"PropertyValueSpecification\",\"valueRequired\":true,\"valueName\":\"search_term_string\"}}],\"inLanguage\":\"en-US\"},{\"@type\":[\"Person\",\"Organization\"],\"@id\":\"https:\/\/www.joyana.fr\/ja\/#\/schema\/person\/cf2a1ad12a27c12c21801075bf37407c\",\"name\":\"Jo Yana\",\"image\":{\"@type\":\"ImageObject\",\"inLanguage\":\"en-US\",\"@id\":\"https:\/\/www.joyana.fr\/ja\/#\/schema\/person\/image\/\",\"url\":\"https:\/\/i0.wp.com\/joyana.fr\/wp-content\/uploads\/2016\/08\/cropped-joyana-logo-black-360x180.png?fit=343%2C164&ssl=1\",\"contentUrl\":\"https:\/\/i0.wp.com\/joyana.fr\/wp-content\/uploads\/2016\/08\/cropped-joyana-logo-black-360x180.png?fit=343%2C164&ssl=1\",\"width\":343,\"height\":164,\"caption\":\"Jo Yana\"},\"logo\":{\"@id\":\"https:\/\/www.joyana.fr\/ja\/#\/schema\/person\/image\/\"},\"description\":\"Jo Yana est le cr\u00e9ateur et r\u00e9dacteur en chef des sites DECO-DESIGN. Passionn\u00e9 de Design, Mode, Photo, Luxe, Lifestyle, Musique, mais avant tout Blogueur ! Le plaisir de partager l'anime et a comme devise \\\"POUR L'AMOUR DU BEAU\\\". Retrouvez le aussi sur son blog personnel - https:\/\/joyana.fr...\",\"sameAs\":[\"https:\/\/joyana.fr\/\"],\"url\":\"https:\/\/joyana.fr\/en\/author\/joyana\/\"}]}<\/script>\n<!-- \/ Yoast SEO plugin. -->","yoast_head_json":{"title":"BIENNALE INTERNATIONALE DESIGN SAINT-ETIENNE 2013 - Live, Reportages, Informations - JO YANA","robots":{"index":"index","follow":"follow","max-snippet":"max-snippet:-1","max-image-preview":"max-image-preview:large","max-video-preview":"max-video-preview:-1"},"canonical":"https:\/\/joyana.fr\/en\/biennale-internationale-design-saint-etienne-2013\/110871\/","og_locale":"en_US","og_type":"article","og_title":"BIENNALE INTERNATIONALE DESIGN SAINT-ETIENNE 2013 - Live, Reportages, Informations - JO YANA","og_description":"Apr\u00e8s un l\u00e9ger suspense, nous connaissons enfin les dates de la Biennale Internationale Design Saint-Etienne &#8211; qui se d\u00e9roulera du 14 au 31 Mars 2013 et qui aura pour th\u00e8me l&#8217;empathie ou l&#8217;exp\u00e9rience de l&#8217;autre &#8211; avec toujours comme mission premi\u00e8re : D\u00e9mocratiser le design&#8230; . Nos REPORTAGES \u00e0 la BIENNALE INTERNATIONALE DESIGN DE SAINT-ETIENNE [&hellip;]","og_url":"https:\/\/joyana.fr\/en\/biennale-internationale-design-saint-etienne-2013\/110871\/","og_site_name":"JO YANA","article_published_time":"2013-03-25T03:16:11+00:00","og_image":[{"width":650,"height":947,"url":"https:\/\/joyana.fr\/wp-content\/uploads\/2012\/09\/bienalle-de-saint-etienne-2013-5.jpg","type":"image\/jpeg"}],"author":"Jo Yana","twitter_card":"summary_large_image","twitter_creator":"@Jo_Yana","twitter_site":"@Jo_Yana","twitter_misc":{"Written by":"Jo Yana","Est. reading time":"2 minutes"},"schema":{"@context":"https:\/\/schema.org","@graph":[{"@type":"Article","@id":"https:\/\/joyana.fr\/biennale-internationale-design-saint-etienne-2013\/110871\/#article","isPartOf":{"@id":"https:\/\/joyana.fr\/biennale-internationale-design-saint-etienne-2013\/110871\/"},"author":{"name":"Jo Yana","@id":"https:\/\/www.joyana.fr\/ja\/#\/schema\/person\/cf2a1ad12a27c12c21801075bf37407c"},"headline":"BIENNALE INTERNATIONALE DESIGN SAINT-ETIENNE 2013 &#8211; Live, Reportages, Informations","datePublished":"2013-03-25T03:16:11+00:00","mainEntityOfPage":{"@id":"https:\/\/joyana.fr\/biennale-internationale-design-saint-etienne-2013\/110871\/"},"wordCount":345,"commentCount":7,"publisher":{"@id":"https:\/\/www.joyana.fr\/ja\/#\/schema\/person\/cf2a1ad12a27c12c21801075bf37407c"},"image":{"@id":"https:\/\/joyana.fr\/biennale-internationale-design-saint-etienne-2013\/110871\/#primaryimage"},"thumbnailUrl":"https:\/\/i0.wp.com\/joyana.fr\/wp-content\/uploads\/2012\/09\/bienalle-de-saint-etienne-2013-5.jpg?fit=650%2C947&ssl=1","keywords":["Biennale du Design de Saint-Etienne","Ev\u00e8nement","Ev\u00e8nements"],"articleSection":["Actualit\u00e9 D\u00e9co-Design","Biennale Internationale Design (Saint-Etienne)","DECO-DESIGN"],"inLanguage":"en-US","potentialAction":[{"@type":"CommentAction","name":"Comment","target":["https:\/\/joyana.fr\/biennale-internationale-design-saint-etienne-2013\/110871\/#respond"]}]},{"@type":"WebPage","@id":"https:\/\/joyana.fr\/biennale-internationale-design-saint-etienne-2013\/110871\/","url":"https:\/\/joyana.fr\/biennale-internationale-design-saint-etienne-2013\/110871\/","name":"BIENNALE INTERNATIONALE DESIGN SAINT-ETIENNE 2013 - Live, Reportages, Informations - JO YANA","isPartOf":{"@id":"https:\/\/www.joyana.fr\/ja\/#website"},"primaryImageOfPage":{"@id":"https:\/\/joyana.fr\/biennale-internationale-design-saint-etienne-2013\/110871\/#primaryimage"},"image":{"@id":"https:\/\/joyana.fr\/biennale-internationale-design-saint-etienne-2013\/110871\/#primaryimage"},"thumbnailUrl":"https:\/\/i0.wp.com\/joyana.fr\/wp-content\/uploads\/2012\/09\/bienalle-de-saint-etienne-2013-5.jpg?fit=650%2C947&ssl=1","datePublished":"2013-03-25T03:16:11+00:00","breadcrumb":{"@id":"https:\/\/joyana.fr\/biennale-internationale-design-saint-etienne-2013\/110871\/#breadcrumb"},"inLanguage":"en-US","potentialAction":[{"@type":"ReadAction","target":["https:\/\/joyana.fr\/biennale-internationale-design-saint-etienne-2013\/110871\/"]}]},{"@type":"ImageObject","inLanguage":"en-US","@id":"https:\/\/joyana.fr\/biennale-internationale-design-saint-etienne-2013\/110871\/#primaryimage","url":"https:\/\/i0.wp.com\/joyana.fr\/wp-content\/uploads\/2012\/09\/bienalle-de-saint-etienne-2013-5.jpg?fit=650%2C947&ssl=1","contentUrl":"https:\/\/i0.wp.com\/joyana.fr\/wp-content\/uploads\/2012\/09\/bienalle-de-saint-etienne-2013-5.jpg?fit=650%2C947&ssl=1","width":650,"height":947},{"@type":"BreadcrumbList","@id":"https:\/\/joyana.fr\/biennale-internationale-design-saint-etienne-2013\/110871\/#breadcrumb","itemListElement":[{"@type":"ListItem","position":1,"name":"Accueil","item":"https:\/\/www.joyana.fr\/ja\/"},{"@type":"ListItem","position":2,"name":"BIENNALE INTERNATIONALE DESIGN SAINT-ETIENNE 2013 &#8211; Live, Reportages, Informations"}]},{"@type":"WebSite","@id":"https:\/\/www.joyana.fr\/ja\/#website","url":"https:\/\/www.joyana.fr\/ja\/","name":"JO YANA","description":"Blog Mode Homme, Lifestyle, D\u00e9co-Design","publisher":{"@id":"https:\/\/www.joyana.fr\/ja\/#\/schema\/person\/cf2a1ad12a27c12c21801075bf37407c"},"potentialAction":[{"@type":"SearchAction","target":{"@type":"EntryPoint","urlTemplate":"https:\/\/www.joyana.fr\/ja\/?s={search_term_string}"},"query-input":{"@type":"PropertyValueSpecification","valueRequired":true,"valueName":"search_term_string"}}],"inLanguage":"en-US"},{"@type":["Person","Organization"],"@id":"https:\/\/www.joyana.fr\/ja\/#\/schema\/person\/cf2a1ad12a27c12c21801075bf37407c","name":"Jo Yana","image":{"@type":"ImageObject","inLanguage":"en-US","@id":"https:\/\/www.joyana.fr\/ja\/#\/schema\/person\/image\/","url":"https:\/\/i0.wp.com\/joyana.fr\/wp-content\/uploads\/2016\/08\/cropped-joyana-logo-black-360x180.png?fit=343%2C164&ssl=1","contentUrl":"https:\/\/i0.wp.com\/joyana.fr\/wp-content\/uploads\/2016\/08\/cropped-joyana-logo-black-360x180.png?fit=343%2C164&ssl=1","width":343,"height":164,"caption":"Jo Yana"},"logo":{"@id":"https:\/\/www.joyana.fr\/ja\/#\/schema\/person\/image\/"},"description":"Jo Yana est le cr\u00e9ateur et r\u00e9dacteur en chef des sites DECO-DESIGN. Passionn\u00e9 de Design, Mode, Photo, Luxe, Lifestyle, Musique, mais avant tout Blogueur ! Le plaisir de partager l'anime et a comme devise \"POUR L'AMOUR DU BEAU\". Retrouvez le aussi sur son blog personnel - https:\/\/joyana.fr...","sameAs":["https:\/\/joyana.fr\/"],"url":"https:\/\/joyana.fr\/en\/author\/joyana\/"}]}},"author_meta":{"display_name":"Jo Yana","author_link":"https:\/\/joyana.fr\/en\/author\/joyana\/"},"featured_img":"https:\/\/i0.wp.com\/joyana.fr\/wp-content\/uploads\/2012\/09\/bienalle-de-saint-etienne-2013-5.jpg?fit=267%2C389&ssl=1","featured_image_src":"https:\/\/i0.wp.com\/joyana.fr\/wp-content\/uploads\/2012\/09\/bienalle-de-saint-etienne-2013-5.jpg?resize=600%2C400&ssl=1","featured_image_src_square":"https:\/\/i0.wp.com\/joyana.fr\/wp-content\/uploads\/2012\/09\/bienalle-de-saint-etienne-2013-5.jpg?resize=600%2C600&ssl=1","jetpack_featured_media_url":"https:\/\/i0.wp.com\/joyana.fr\/wp-content\/uploads\/2012\/09\/bienalle-de-saint-etienne-2013-5.jpg?fit=650%2C947&ssl=1","uagb_featured_image_src":{"full":["https:\/\/i0.wp.com\/joyana.fr\/wp-content\/uploads\/2012\/09\/bienalle-de-saint-etienne-2013-5.jpg?fit=650%2C947&ssl=1",650,947,false],"thumbnail":["https:\/\/i0.wp.com\/joyana.fr\/wp-content\/uploads\/2012\/09\/bienalle-de-saint-etienne-2013-5.jpg?resize=150%2C150&ssl=1",150,150,true],"medium":["https:\/\/i0.wp.com\/joyana.fr\/wp-content\/uploads\/2012\/09\/bienalle-de-saint-etienne-2013-5.jpg?fit=267%2C389&ssl=1",267,389,true],"medium_large":["https:\/\/i0.wp.com\/joyana.fr\/wp-content\/uploads\/2012\/09\/bienalle-de-saint-etienne-2013-5.jpg?fit=650%2C947&ssl=1",650,947,true],"large":["https:\/\/i0.wp.com\/joyana.fr\/wp-content\/uploads\/2012\/09\/bienalle-de-saint-etienne-2013-5.jpg?fit=650%2C947&ssl=1",650,947,true],"1536x1536":["https:\/\/i0.wp.com\/joyana.fr\/wp-content\/uploads\/2012\/09\/bienalle-de-saint-etienne-2013-5.jpg?fit=650%2C947&ssl=1",650,947,true],"2048x2048":["https:\/\/i0.wp.com\/joyana.fr\/wp-content\/uploads\/2012\/09\/bienalle-de-saint-etienne-2013-5.jpg?fit=650%2C947&ssl=1",650,947,true],"featured-thumb":["https:\/\/i0.wp.com\/joyana.fr\/wp-content\/uploads\/2012\/09\/bienalle-de-saint-etienne-2013-5.jpg?resize=650%2C750&ssl=1",650,750,true],"ab-block-post-grid-landscape":["https:\/\/i0.wp.com\/joyana.fr\/wp-content\/uploads\/2012\/09\/bienalle-de-saint-etienne-2013-5.jpg?resize=600%2C400&ssl=1",600,400,true],"ab-block-post-grid-square":["https:\/\/i0.wp.com\/joyana.fr\/wp-content\/uploads\/2012\/09\/bienalle-de-saint-etienne-2013-5.jpg?resize=600%2C600&ssl=1",600,600,true],"author-pro-image":["https:\/\/i0.wp.com\/joyana.fr\/wp-content\/uploads\/2012\/09\/bienalle-de-saint-etienne-2013-5.jpg?resize=360%2C570&ssl=1",360,570,true],"slider":["https:\/\/i0.wp.com\/joyana.fr\/wp-content\/uploads\/2012\/09\/bienalle-de-saint-etienne-2013-5.jpg?resize=650%2C400&ssl=1",650,400,true],"woocommerce_thumbnail":["https:\/\/i0.wp.com\/joyana.fr\/wp-content\/uploads\/2012\/09\/bienalle-de-saint-etienne-2013-5.jpg?resize=450%2C450&ssl=1",450,450,true],"woocommerce_single":["https:\/\/i0.wp.com\/joyana.fr\/wp-content\/uploads\/2012\/09\/bienalle-de-saint-etienne-2013-5.jpg?fit=650%2C947&ssl=1",650,947,true],"woocommerce_gallery_thumbnail":["https:\/\/i0.wp.com\/joyana.fr\/wp-content\/uploads\/2012\/09\/bienalle-de-saint-etienne-2013-5.jpg?resize=180%2C180&ssl=1",180,180,true],"sow-carousel-default":["https:\/\/i0.wp.com\/joyana.fr\/wp-content\/uploads\/2012\/09\/bienalle-de-saint-etienne-2013-5.jpg?resize=272%2C182&ssl=1",272,182,true]},"uagb_author_info":{"display_name":"Jo Yana","author_link":"https:\/\/joyana.fr\/en\/author\/joyana\/"},"uagb_comment_info":26,"uagb_excerpt":"Apr\u00e8s un l\u00e9ger suspense, nous connaissons enfin les dates de la Biennale Internationale Design Saint-Etienne &#8211; qui se d\u00e9roulera du 14 au 31 Mars 2013 et qui aura pour th\u00e8me l&#8217;empathie ou l&#8217;exp\u00e9rience de l&#8217;autre &#8211; avec toujours comme mission premi\u00e8re : D\u00e9mocratiser le design&#8230; . Nos REPORTAGES \u00e0 la BIENNALE INTERNATIONALE DESIGN DE SAINT-ETIENNE&hellip;","coauthors":[],"tax_additional":{"categories":{"linked":["<a href=\"https:\/\/joyana.fr\/en\/category\/deco-design\/actualite\/actualite-deco-design\/\" class=\"advgb-post-tax-term\">Actualit\u00e9 D\u00e9co-Design<\/a>","<a href=\"https:\/\/joyana.fr\/en\/category\/deco-design\/actualite\/salon\/biennale-design-internationale-saint-etienne\/\" class=\"advgb-post-tax-term\">Biennale Internationale Design (Saint-Etienne)<\/a>","<a href=\"https:\/\/joyana.fr\/en\/category\/deco-design\/\" class=\"advgb-post-tax-term\">DECO-DESIGN<\/a>"],"unlinked":["<span class=\"advgb-post-tax-term\">Actualit\u00e9 D\u00e9co-Design<\/span>","<span class=\"advgb-post-tax-term\">Biennale Internationale Design (Saint-Etienne)<\/span>","<span class=\"advgb-post-tax-term\">DECO-DESIGN<\/span>"]},"tags":{"linked":["<a href=\"https:\/\/joyana.fr\/en\/category\/deco-design\/\" class=\"advgb-post-tax-term\">Biennale du Design de Saint-Etienne<\/a>","<a href=\"https:\/\/joyana.fr\/en\/category\/deco-design\/\" class=\"advgb-post-tax-term\">Ev\u00e8nement<\/a>","<a href=\"https:\/\/joyana.fr\/en\/category\/deco-design\/\" class=\"advgb-post-tax-term\">Ev\u00e8nements<\/a>"],"unlinked":["<span class=\"advgb-post-tax-term\">Biennale du Design de Saint-Etienne<\/span>","<span class=\"advgb-post-tax-term\">Ev\u00e8nement<\/span>","<span class=\"advgb-post-tax-term\">Ev\u00e8nements<\/span>"]}},"comment_count":11,"relative_dates":{"created":"Posted 13 years ago","modified":"Updated 13 years ago"},"absolute_dates":{"created":"Posted on 25 March 2013","modified":"Updated on 25 March 2013"},"absolute_dates_time":{"created":"Posted on 25 March 2013 4:16","modified":"Updated on 25 March 2013 4:16"},"featured_img_caption":"","series_order":"","jetpack_sharing_enabled":true,"jetpack_shortlink":"https:\/\/wp.me\/p9bteI-sQf","jetpack-related-posts":[],"_links":{"self":[{"href":"https:\/\/joyana.fr\/en\/wp-json\/wp\/v2\/posts\/110871","targetHints":{"allow":["GET"]}}],"collection":[{"href":"https:\/\/joyana.fr\/en\/wp-json\/wp\/v2\/posts"}],"about":[{"href":"https:\/\/joyana.fr\/en\/wp-json\/wp\/v2\/types\/post"}],"author":[{"embeddable":true,"href":"https:\/\/joyana.fr\/en\/wp-json\/wp\/v2\/users\/3"}],"replies":[{"embeddable":true,"href":"https:\/\/joyana.fr\/en\/wp-json\/wp\/v2\/comments?post=110871"}],"version-history":[{"count":0,"href":"https:\/\/joyana.fr\/en\/wp-json\/wp\/v2\/posts\/110871\/revisions"}],"wp:featuredmedia":[{"embeddable":true,"href":"https:\/\/joyana.fr\/en\/wp-json\/wp\/v2\/media\/110872"}],"wp:attachment":[{"href":"https:\/\/joyana.fr\/en\/wp-json\/wp\/v2\/media?parent=110871"}],"wp:term":[{"taxonomy":"category","embeddable":true,"href":"https:\/\/joyana.fr\/en\/wp-json\/wp\/v2\/categories?post=110871"},{"taxonomy":"post_tag","embeddable":true,"href":"https:\/\/joyana.fr\/en\/wp-json\/wp\/v2\/tags?post=110871"}],"curies":[{"name":"wp","href":"https:\/\/api.w.org\/{rel}","templated":true}]}}