{"id":110895,"date":"2012-10-03T07:06:04","date_gmt":"2012-10-03T06:06:04","guid":{"rendered":"https:\/\/joyana.fr\/?p=10895"},"modified":"2012-10-03T07:06:04","modified_gmt":"2012-10-03T06:06:04","slug":"lampe-bibliotheque-mr-ed-book-end-functionals-roderick-vos","status":"publish","type":"post","link":"https:\/\/joyana.fr\/en\/lampe-bibliotheque-mr-ed-book-end-functionals-roderick-vos\/110895\/","title":{"rendered":"Lampe pour biblioth\u00e8que MR. ED Book-End &#8211; Functionals x Roderick VOS"},"content":{"rendered":"<p>Le designer n\u00e9erlandais <strong>Roderick Vos<\/strong> a dessin\u00e9 pour <strong>Functionals<\/strong>, <strong>MR. ED Book-End<\/strong> &#8211; une <strong>lampe pour biblioth\u00e8que<\/strong> qui se fond harmonieusement dans le d\u00e9cor&#8230;<\/p>\n<p><img data-recalc-dims=\"1\" fetchpriority=\"high\" decoding=\"async\" class=\"alignnone size-large wp-image-10896\" title=\"Lampe pour biblioth\u00e8que MR. ED Book-End - Functionnals x Roderick VOS\" src=\"https:\/\/i0.wp.com\/joyana.fr\/wp-content\/uploads\/2012\/10\/functionals-7_2.jpg?resize=576%2C555&#038;ssl=1\" alt=\"\" width=\"576\" height=\"555\" \/><\/p>\n<p>En regardant sa <strong>biblioth\u00e8que<\/strong> un jour vaste, <strong>Roderick Vos<\/strong> a r\u00e9alis\u00e9 que la diffusion de petites lumi\u00e8res mettrait en valeur les livres et aiderait \u00e0 la lecture des titres. Ainsi, il a con\u00e7u <strong>MR. ED Book-End<\/strong>, un petit abat-jour maintenu en place par deux verticales qui simulent des livres tels des trompe-l\u2019\u0153il.<\/p>\n<p>A l&#8217;aise sur une \u00e9tag\u00e8re ou sur une table de chevet, <strong>MR. ED<\/strong> peut aussi servir comme serre-livres. Cette <strong>lampe Functionals<\/strong> arbore une finition en fonte d&#8217;aluminium noir du plus bel effet&#8230;<\/p>\n<p><img data-recalc-dims=\"1\" decoding=\"async\" class=\"alignnone size-large wp-image-10900\" title=\"Lampe pour biblioth\u00e8que MR. ED Book-End - Functionnals x Roderick VOS\" src=\"https:\/\/i0.wp.com\/joyana.fr\/wp-content\/uploads\/2012\/10\/functionnals-7_1.jpg?resize=576%2C288&#038;ssl=1\" alt=\"\" width=\"576\" height=\"288\" \/><\/p>\n<p><img data-recalc-dims=\"1\" decoding=\"async\" class=\"alignnone size-large wp-image-10898\" title=\"Lampe pour biblioth\u00e8que MR. ED Book-End - Functionnals x Roderick VOS\" src=\"https:\/\/i0.wp.com\/joyana.fr\/wp-content\/uploads\/2012\/10\/functionals-7_4.jpg?resize=576%2C288&#038;ssl=1\" alt=\"\" width=\"576\" height=\"288\" \/><\/p>\n<p><img data-recalc-dims=\"1\" loading=\"lazy\" decoding=\"async\" class=\"alignnone size-large wp-image-10897\" title=\"Lampe pour biblioth\u00e8que MR. ED Book-End - Functionnals x Roderick VOS\" src=\"https:\/\/i0.wp.com\/joyana.fr\/wp-content\/uploads\/2012\/10\/functionals-7_3.jpg?resize=576%2C288&#038;ssl=1\" alt=\"\" width=\"576\" height=\"288\" \/><\/p>\n<p>En savoir <strong>+<\/strong> sur <a title=\"FUNCTIONALS\" href=\"https:\/\/www.functionals.eu\/e-shop.des\/page,website.legal_info\/pagina_naam,about_functionals\" target=\"_blank\"><strong>FUNCTIONALS<\/strong><\/a> &#038; <a title=\"RODERICK VOS\" href=\"http:\/\/www.roderickvos.com\/\" target=\"_blank\"><strong>Roderick VOS<\/strong><\/a><\/p>\n","protected":false},"excerpt":{"rendered":"<p>Le designer n\u00e9erlandais Roderick Vos a dessin\u00e9 pour Functionals, MR. ED Book-End &#8211; une lampe pour biblioth\u00e8que qui se fond harmonieusement dans le d\u00e9cor&#8230; En regardant sa biblioth\u00e8que un jour vaste, Roderick Vos a r\u00e9alis\u00e9 que la diffusion de petites lumi\u00e8res mettrait en valeur les livres et aiderait \u00e0 la lecture des titres. Ainsi, il [&hellip;]<\/p>\n","protected":false},"author":3,"featured_media":110899,"comment_status":"open","ping_status":"open","sticky":false,"template":"","format":"standard","meta":{"_coblocks_attr":"","_coblocks_dimensions":"","_coblocks_responsive_height":"","_coblocks_accordion_ie_support":"","_uag_custom_page_level_css":"","advgb_blocks_editor_width":"","advgb_blocks_columns_visual_guide":"","_genesis_hide_title":false,"_genesis_hide_breadcrumbs":false,"_genesis_hide_singular_image":false,"_genesis_hide_footer_widgets":false,"_genesis_custom_body_class":"","_genesis_custom_post_class":"","_genesis_layout":"","_themeisle_gutenberg_block_has_review":false,"_jetpack_newsletter_access":"","_jetpack_dont_email_post_to_subs":false,"_jetpack_newsletter_tier_id":0,"_jetpack_memberships_contains_paywalled_content":false,"_jetpack_memberships_contains_paid_content":false,"footnotes":""},"categories":[1036,932,905,927,917],"tags":[78,224],"class_list":{"0":"post-110895","1":"post","2":"type-post","3":"status-publish","4":"format-standard","5":"has-post-thumbnail","7":"category-a-la-une","8":"category-bibliotheque","9":"category-deco-design","10":"category-lampe","11":"category-luminaire","12":"tag-design","13":"tag-livre","14":"entry"},"featured_image_urls":{"full":["https:\/\/i0.wp.com\/joyana.fr\/wp-content\/uploads\/2012\/10\/FUNCTIONNAL-CAROUSSEL_DECO_DESIGN_NOV_2011.jpg?fit=1500%2C320&ssl=1",1500,320,false],"thumbnail":["https:\/\/i0.wp.com\/joyana.fr\/wp-content\/uploads\/2012\/10\/FUNCTIONNAL-CAROUSSEL_DECO_DESIGN_NOV_2011.jpg?resize=150%2C150&ssl=1",150,150,true],"medium":["https:\/\/i0.wp.com\/joyana.fr\/wp-content\/uploads\/2012\/10\/FUNCTIONNAL-CAROUSSEL_DECO_DESIGN_NOV_2011.jpg?fit=389%2C83&ssl=1",389,83,true],"medium_large":["https:\/\/i0.wp.com\/joyana.fr\/wp-content\/uploads\/2012\/10\/FUNCTIONNAL-CAROUSSEL_DECO_DESIGN_NOV_2011.jpg?fit=768%2C164&ssl=1",768,164,true],"large":["https:\/\/i0.wp.com\/joyana.fr\/wp-content\/uploads\/2012\/10\/FUNCTIONNAL-CAROUSSEL_DECO_DESIGN_NOV_2011.jpg?fit=1024%2C218&ssl=1",1024,218,true],"1536x1536":["https:\/\/i0.wp.com\/joyana.fr\/wp-content\/uploads\/2012\/10\/FUNCTIONNAL-CAROUSSEL_DECO_DESIGN_NOV_2011.jpg?fit=1500%2C320&ssl=1",1500,320,true],"2048x2048":["https:\/\/i0.wp.com\/joyana.fr\/wp-content\/uploads\/2012\/10\/FUNCTIONNAL-CAROUSSEL_DECO_DESIGN_NOV_2011.jpg?fit=1500%2C320&ssl=1",1500,320,true],"featured-thumb":["https:\/\/i0.wp.com\/joyana.fr\/wp-content\/uploads\/2012\/10\/FUNCTIONNAL-CAROUSSEL_DECO_DESIGN_NOV_2011.jpg?resize=1500%2C320&ssl=1",1500,320,true],"ab-block-post-grid-landscape":["https:\/\/i0.wp.com\/joyana.fr\/wp-content\/uploads\/2012\/10\/FUNCTIONNAL-CAROUSSEL_DECO_DESIGN_NOV_2011.jpg?resize=600%2C320&ssl=1",600,320,true],"ab-block-post-grid-square":["https:\/\/i0.wp.com\/joyana.fr\/wp-content\/uploads\/2012\/10\/FUNCTIONNAL-CAROUSSEL_DECO_DESIGN_NOV_2011.jpg?resize=600%2C320&ssl=1",600,320,true],"author-pro-image":["https:\/\/i0.wp.com\/joyana.fr\/wp-content\/uploads\/2012\/10\/FUNCTIONNAL-CAROUSSEL_DECO_DESIGN_NOV_2011.jpg?resize=360%2C320&ssl=1",360,320,true],"slider":["https:\/\/i0.wp.com\/joyana.fr\/wp-content\/uploads\/2012\/10\/FUNCTIONNAL-CAROUSSEL_DECO_DESIGN_NOV_2011.jpg?resize=920%2C320&ssl=1",920,320,true],"woocommerce_thumbnail":["https:\/\/i0.wp.com\/joyana.fr\/wp-content\/uploads\/2012\/10\/FUNCTIONNAL-CAROUSSEL_DECO_DESIGN_NOV_2011.jpg?resize=450%2C320&ssl=1",450,320,true],"woocommerce_single":["https:\/\/i0.wp.com\/joyana.fr\/wp-content\/uploads\/2012\/10\/FUNCTIONNAL-CAROUSSEL_DECO_DESIGN_NOV_2011.jpg?fit=920%2C196&ssl=1",920,196,true],"woocommerce_gallery_thumbnail":["https:\/\/i0.wp.com\/joyana.fr\/wp-content\/uploads\/2012\/10\/FUNCTIONNAL-CAROUSSEL_DECO_DESIGN_NOV_2011.jpg?resize=180%2C180&ssl=1",180,180,true],"sow-carousel-default":["https:\/\/i0.wp.com\/joyana.fr\/wp-content\/uploads\/2012\/10\/FUNCTIONNAL-CAROUSSEL_DECO_DESIGN_NOV_2011.jpg?resize=272%2C182&ssl=1",272,182,true]},"post_excerpt_stackable":"<p>Le designer n\u00e9erlandais Roderick Vos a dessin\u00e9 pour Functionals, MR. ED Book-End &#8211; une lampe pour biblioth\u00e8que qui se fond harmonieusement dans le d\u00e9cor&#8230; En regardant sa biblioth\u00e8que un jour vaste, Roderick Vos a r\u00e9alis\u00e9 que la diffusion de petites lumi\u00e8res mettrait en valeur les livres et aiderait \u00e0 la lecture des titres. Ainsi, il a con\u00e7u MR. ED Book-End, un petit abat-jour maintenu en place par deux verticales qui simulent des livres tels des trompe-l\u2019\u0153il. A l&#8217;aise sur une \u00e9tag\u00e8re ou sur une table de chevet, MR. ED peut aussi servir comme serre-livres. Cette lampe Functionals arbore une finition&hellip;<\/p>\n","category_list":"<a href=\"https:\/\/joyana.fr\/en\/category\/a-la-une\/\" rel=\"category tag\">A la une !!!<\/a>, <a href=\"https:\/\/joyana.fr\/en\/category\/deco-design\/mobilier\/bibliotheque\/\" rel=\"category tag\">Biblioth\u00e8que<\/a>, <a href=\"https:\/\/joyana.fr\/en\/category\/deco-design\/\" rel=\"category tag\">DECO-DESIGN<\/a>, <a href=\"https:\/\/joyana.fr\/en\/category\/deco-design\/luminaire\/lampe\/\" rel=\"category tag\">Lampe<\/a>, <a href=\"https:\/\/joyana.fr\/en\/category\/deco-design\/luminaire\/\" rel=\"category tag\">Luminaire<\/a>","author_info":{"display_name":"Jo Yana","author_link":"https:\/\/joyana.fr\/en\/author\/joyana\/"},"comments_num":"0 comments","featured_image_urls_v2":{"full":["https:\/\/i0.wp.com\/joyana.fr\/wp-content\/uploads\/2012\/10\/FUNCTIONNAL-CAROUSSEL_DECO_DESIGN_NOV_2011.jpg?fit=1500%2C320&ssl=1",1500,320,false],"thumbnail":["https:\/\/i0.wp.com\/joyana.fr\/wp-content\/uploads\/2012\/10\/FUNCTIONNAL-CAROUSSEL_DECO_DESIGN_NOV_2011.jpg?resize=150%2C150&ssl=1",150,150,true],"medium":["https:\/\/i0.wp.com\/joyana.fr\/wp-content\/uploads\/2012\/10\/FUNCTIONNAL-CAROUSSEL_DECO_DESIGN_NOV_2011.jpg?fit=389%2C83&ssl=1",389,83,true],"medium_large":["https:\/\/i0.wp.com\/joyana.fr\/wp-content\/uploads\/2012\/10\/FUNCTIONNAL-CAROUSSEL_DECO_DESIGN_NOV_2011.jpg?fit=768%2C164&ssl=1",768,164,true],"large":["https:\/\/i0.wp.com\/joyana.fr\/wp-content\/uploads\/2012\/10\/FUNCTIONNAL-CAROUSSEL_DECO_DESIGN_NOV_2011.jpg?fit=1024%2C218&ssl=1",1024,218,true],"1536x1536":["https:\/\/i0.wp.com\/joyana.fr\/wp-content\/uploads\/2012\/10\/FUNCTIONNAL-CAROUSSEL_DECO_DESIGN_NOV_2011.jpg?fit=1500%2C320&ssl=1",1500,320,true],"2048x2048":["https:\/\/i0.wp.com\/joyana.fr\/wp-content\/uploads\/2012\/10\/FUNCTIONNAL-CAROUSSEL_DECO_DESIGN_NOV_2011.jpg?fit=1500%2C320&ssl=1",1500,320,true],"featured-thumb":["https:\/\/i0.wp.com\/joyana.fr\/wp-content\/uploads\/2012\/10\/FUNCTIONNAL-CAROUSSEL_DECO_DESIGN_NOV_2011.jpg?resize=1500%2C320&ssl=1",1500,320,true],"ab-block-post-grid-landscape":["https:\/\/i0.wp.com\/joyana.fr\/wp-content\/uploads\/2012\/10\/FUNCTIONNAL-CAROUSSEL_DECO_DESIGN_NOV_2011.jpg?resize=600%2C320&ssl=1",600,320,true],"ab-block-post-grid-square":["https:\/\/i0.wp.com\/joyana.fr\/wp-content\/uploads\/2012\/10\/FUNCTIONNAL-CAROUSSEL_DECO_DESIGN_NOV_2011.jpg?resize=600%2C320&ssl=1",600,320,true],"author-pro-image":["https:\/\/i0.wp.com\/joyana.fr\/wp-content\/uploads\/2012\/10\/FUNCTIONNAL-CAROUSSEL_DECO_DESIGN_NOV_2011.jpg?resize=360%2C320&ssl=1",360,320,true],"slider":["https:\/\/i0.wp.com\/joyana.fr\/wp-content\/uploads\/2012\/10\/FUNCTIONNAL-CAROUSSEL_DECO_DESIGN_NOV_2011.jpg?resize=920%2C320&ssl=1",920,320,true],"woocommerce_thumbnail":["https:\/\/i0.wp.com\/joyana.fr\/wp-content\/uploads\/2012\/10\/FUNCTIONNAL-CAROUSSEL_DECO_DESIGN_NOV_2011.jpg?resize=450%2C320&ssl=1",450,320,true],"woocommerce_single":["https:\/\/i0.wp.com\/joyana.fr\/wp-content\/uploads\/2012\/10\/FUNCTIONNAL-CAROUSSEL_DECO_DESIGN_NOV_2011.jpg?fit=920%2C196&ssl=1",920,196,true],"woocommerce_gallery_thumbnail":["https:\/\/i0.wp.com\/joyana.fr\/wp-content\/uploads\/2012\/10\/FUNCTIONNAL-CAROUSSEL_DECO_DESIGN_NOV_2011.jpg?resize=180%2C180&ssl=1",180,180,true],"sow-carousel-default":["https:\/\/i0.wp.com\/joyana.fr\/wp-content\/uploads\/2012\/10\/FUNCTIONNAL-CAROUSSEL_DECO_DESIGN_NOV_2011.jpg?resize=272%2C182&ssl=1",272,182,true]},"post_excerpt_stackable_v2":"<p>Le designer n\u00e9erlandais Roderick Vos a dessin\u00e9 pour Functionals, MR. ED Book-End &#8211; une lampe pour biblioth\u00e8que qui se fond harmonieusement dans le d\u00e9cor&#8230; En regardant sa biblioth\u00e8que un jour vaste, Roderick Vos a r\u00e9alis\u00e9 que la diffusion de petites lumi\u00e8res mettrait en valeur les livres et aiderait \u00e0 la lecture des titres. Ainsi, il a con\u00e7u MR. ED Book-End, un petit abat-jour maintenu en place par deux verticales qui simulent des livres tels des trompe-l\u2019\u0153il. A l&#8217;aise sur une \u00e9tag\u00e8re ou sur une table de chevet, MR. ED peut aussi servir comme serre-livres. Cette lampe Functionals arbore une finition&hellip;<\/p>\n","category_list_v2":"<a href=\"https:\/\/joyana.fr\/en\/category\/a-la-une\/\" rel=\"category tag\">A la une !!!<\/a>, <a href=\"https:\/\/joyana.fr\/en\/category\/deco-design\/mobilier\/bibliotheque\/\" rel=\"category tag\">Biblioth\u00e8que<\/a>, <a href=\"https:\/\/joyana.fr\/en\/category\/deco-design\/\" rel=\"category tag\">DECO-DESIGN<\/a>, <a href=\"https:\/\/joyana.fr\/en\/category\/deco-design\/luminaire\/lampe\/\" rel=\"category tag\">Lampe<\/a>, <a href=\"https:\/\/joyana.fr\/en\/category\/deco-design\/luminaire\/\" rel=\"category tag\">Luminaire<\/a>","author_info_v2":{"name":"Jo Yana","url":"https:\/\/joyana.fr\/en\/author\/joyana\/"},"comments_num_v2":"0 comments","yoast_head":"<!-- This site is optimized with the Yoast SEO plugin v26.8 - https:\/\/yoast.com\/product\/yoast-seo-wordpress\/ -->\n<title>Lampe pour biblioth\u00e8que MR. ED Book-End - Functionals x Roderick VOS - JO YANA<\/title>\n<meta name=\"robots\" content=\"index, follow, max-snippet:-1, max-image-preview:large, max-video-preview:-1\" \/>\n<link rel=\"canonical\" href=\"https:\/\/www.joyana.fr\/lampe-bibliotheque-mr-ed-book-end-functionals-roderick-vos\/110895\/\" \/>\n<meta property=\"og:locale\" content=\"en_US\" \/>\n<meta property=\"og:locale:alternate\" content=\"fr_FR\" \/>\n<meta property=\"og:locale:alternate\" content=\"ja\" \/>\n<meta property=\"og:type\" content=\"article\" \/>\n<meta property=\"og:title\" content=\"Lampe pour biblioth\u00e8que MR. ED Book-End - Functionals x Roderick VOS - JO YANA\" \/>\n<meta property=\"og:description\" content=\"Le designer n\u00e9erlandais Roderick Vos a dessin\u00e9 pour Functionals, MR. ED Book-End &#8211; une lampe pour biblioth\u00e8que qui se fond harmonieusement dans le d\u00e9cor&#8230; En regardant sa biblioth\u00e8que un jour vaste, Roderick Vos a r\u00e9alis\u00e9 que la diffusion de petites lumi\u00e8res mettrait en valeur les livres et aiderait \u00e0 la lecture des titres. Ainsi, il [&hellip;]\" \/>\n<meta property=\"og:url\" content=\"https:\/\/joyana.fr\/en\/lampe-bibliotheque-mr-ed-book-end-functionals-roderick-vos\/110895\/\" \/>\n<meta property=\"og:site_name\" content=\"JO YANA\" \/>\n<meta property=\"article:published_time\" content=\"2012-10-03T06:06:04+00:00\" \/>\n<meta property=\"og:image\" content=\"https:\/\/www.joyana.fr\/wp-content\/uploads\/2012\/10\/FUNCTIONNAL-CAROUSSEL_DECO_DESIGN_NOV_2011.jpg\" \/>\n\t<meta property=\"og:image:width\" content=\"1500\" \/>\n\t<meta property=\"og:image:height\" content=\"320\" \/>\n\t<meta property=\"og:image:type\" content=\"image\/jpeg\" \/>\n<meta name=\"author\" content=\"Jo Yana\" \/>\n<meta name=\"twitter:card\" content=\"summary_large_image\" \/>\n<meta name=\"twitter:creator\" content=\"@Jo_Yana\" \/>\n<meta name=\"twitter:site\" content=\"@Jo_Yana\" \/>\n<meta name=\"twitter:label1\" content=\"Written by\" \/>\n\t<meta name=\"twitter:data1\" content=\"Jo Yana\" \/>\n\t<meta name=\"twitter:label2\" content=\"Est. reading time\" \/>\n\t<meta name=\"twitter:data2\" content=\"1 minute\" \/>\n<script type=\"application\/ld+json\" class=\"yoast-schema-graph\">{\"@context\":\"https:\/\/schema.org\",\"@graph\":[{\"@type\":\"Article\",\"@id\":\"https:\/\/www.joyana.fr\/lampe-bibliotheque-mr-ed-book-end-functionals-roderick-vos\/110895\/#article\",\"isPartOf\":{\"@id\":\"https:\/\/www.joyana.fr\/lampe-bibliotheque-mr-ed-book-end-functionals-roderick-vos\/110895\/\"},\"author\":{\"name\":\"Jo Yana\",\"@id\":\"https:\/\/joyana.fr\/#\/schema\/person\/cf2a1ad12a27c12c21801075bf37407c\"},\"headline\":\"Lampe pour biblioth\u00e8que MR. ED Book-End &#8211; Functionals x Roderick VOS\",\"datePublished\":\"2012-10-03T06:06:04+00:00\",\"mainEntityOfPage\":{\"@id\":\"https:\/\/www.joyana.fr\/lampe-bibliotheque-mr-ed-book-end-functionals-roderick-vos\/110895\/\"},\"wordCount\":136,\"commentCount\":0,\"publisher\":{\"@id\":\"https:\/\/joyana.fr\/#\/schema\/person\/cf2a1ad12a27c12c21801075bf37407c\"},\"image\":{\"@id\":\"https:\/\/www.joyana.fr\/lampe-bibliotheque-mr-ed-book-end-functionals-roderick-vos\/110895\/#primaryimage\"},\"thumbnailUrl\":\"https:\/\/i0.wp.com\/joyana.fr\/wp-content\/uploads\/2012\/10\/FUNCTIONNAL-CAROUSSEL_DECO_DESIGN_NOV_2011.jpg?fit=1500%2C320&ssl=1\",\"keywords\":[\"DESIGN\",\"Livre\"],\"articleSection\":[\"A la une !!!\",\"Biblioth\u00e8que\",\"DECO-DESIGN\",\"Lampe\",\"Luminaire\"],\"inLanguage\":\"en-US\",\"potentialAction\":[{\"@type\":\"CommentAction\",\"name\":\"Comment\",\"target\":[\"https:\/\/www.joyana.fr\/lampe-bibliotheque-mr-ed-book-end-functionals-roderick-vos\/110895\/#respond\"]}]},{\"@type\":\"WebPage\",\"@id\":\"https:\/\/www.joyana.fr\/lampe-bibliotheque-mr-ed-book-end-functionals-roderick-vos\/110895\/\",\"url\":\"https:\/\/www.joyana.fr\/lampe-bibliotheque-mr-ed-book-end-functionals-roderick-vos\/110895\/\",\"name\":\"Lampe pour biblioth\u00e8que MR. ED Book-End - Functionals x Roderick VOS - JO YANA\",\"isPartOf\":{\"@id\":\"https:\/\/joyana.fr\/#website\"},\"primaryImageOfPage\":{\"@id\":\"https:\/\/www.joyana.fr\/lampe-bibliotheque-mr-ed-book-end-functionals-roderick-vos\/110895\/#primaryimage\"},\"image\":{\"@id\":\"https:\/\/www.joyana.fr\/lampe-bibliotheque-mr-ed-book-end-functionals-roderick-vos\/110895\/#primaryimage\"},\"thumbnailUrl\":\"https:\/\/i0.wp.com\/joyana.fr\/wp-content\/uploads\/2012\/10\/FUNCTIONNAL-CAROUSSEL_DECO_DESIGN_NOV_2011.jpg?fit=1500%2C320&ssl=1\",\"datePublished\":\"2012-10-03T06:06:04+00:00\",\"breadcrumb\":{\"@id\":\"https:\/\/www.joyana.fr\/lampe-bibliotheque-mr-ed-book-end-functionals-roderick-vos\/110895\/#breadcrumb\"},\"inLanguage\":\"en-US\",\"potentialAction\":[{\"@type\":\"ReadAction\",\"target\":[\"https:\/\/www.joyana.fr\/lampe-bibliotheque-mr-ed-book-end-functionals-roderick-vos\/110895\/\"]}]},{\"@type\":\"ImageObject\",\"inLanguage\":\"en-US\",\"@id\":\"https:\/\/www.joyana.fr\/lampe-bibliotheque-mr-ed-book-end-functionals-roderick-vos\/110895\/#primaryimage\",\"url\":\"https:\/\/i0.wp.com\/joyana.fr\/wp-content\/uploads\/2012\/10\/FUNCTIONNAL-CAROUSSEL_DECO_DESIGN_NOV_2011.jpg?fit=1500%2C320&ssl=1\",\"contentUrl\":\"https:\/\/i0.wp.com\/joyana.fr\/wp-content\/uploads\/2012\/10\/FUNCTIONNAL-CAROUSSEL_DECO_DESIGN_NOV_2011.jpg?fit=1500%2C320&ssl=1\",\"width\":1500,\"height\":320},{\"@type\":\"BreadcrumbList\",\"@id\":\"https:\/\/www.joyana.fr\/lampe-bibliotheque-mr-ed-book-end-functionals-roderick-vos\/110895\/#breadcrumb\",\"itemListElement\":[{\"@type\":\"ListItem\",\"position\":1,\"name\":\"Accueil\",\"item\":\"https:\/\/joyana.fr\/\"},{\"@type\":\"ListItem\",\"position\":2,\"name\":\"Lampe pour biblioth\u00e8que MR. ED Book-End &#8211; Functionals x Roderick VOS\"}]},{\"@type\":\"WebSite\",\"@id\":\"https:\/\/joyana.fr\/#website\",\"url\":\"https:\/\/joyana.fr\/\",\"name\":\"JO YANA\",\"description\":\"Blog Mode Homme, Lifestyle, D\u00e9co-Design\",\"publisher\":{\"@id\":\"https:\/\/joyana.fr\/#\/schema\/person\/cf2a1ad12a27c12c21801075bf37407c\"},\"potentialAction\":[{\"@type\":\"SearchAction\",\"target\":{\"@type\":\"EntryPoint\",\"urlTemplate\":\"https:\/\/joyana.fr\/?s={search_term_string}\"},\"query-input\":{\"@type\":\"PropertyValueSpecification\",\"valueRequired\":true,\"valueName\":\"search_term_string\"}}],\"inLanguage\":\"en-US\"},{\"@type\":[\"Person\",\"Organization\"],\"@id\":\"https:\/\/joyana.fr\/#\/schema\/person\/cf2a1ad12a27c12c21801075bf37407c\",\"name\":\"Jo Yana\",\"image\":{\"@type\":\"ImageObject\",\"inLanguage\":\"en-US\",\"@id\":\"https:\/\/joyana.fr\/#\/schema\/person\/image\/\",\"url\":\"https:\/\/i0.wp.com\/joyana.fr\/wp-content\/uploads\/2016\/08\/cropped-joyana-logo-black-360x180.png?fit=343%2C164&ssl=1\",\"contentUrl\":\"https:\/\/i0.wp.com\/joyana.fr\/wp-content\/uploads\/2016\/08\/cropped-joyana-logo-black-360x180.png?fit=343%2C164&ssl=1\",\"width\":343,\"height\":164,\"caption\":\"Jo Yana\"},\"logo\":{\"@id\":\"https:\/\/joyana.fr\/#\/schema\/person\/image\/\"},\"description\":\"Jo Yana est le cr\u00e9ateur et r\u00e9dacteur en chef des sites DECO-DESIGN. Passionn\u00e9 de Design, Mode, Photo, Luxe, Lifestyle, Musique, mais avant tout Blogueur ! Le plaisir de partager l'anime et a comme devise \\\"POUR L'AMOUR DU BEAU\\\". Retrouvez le aussi sur son blog personnel - https:\/\/joyana.fr...\",\"sameAs\":[\"https:\/\/joyana.fr\/\"],\"url\":\"https:\/\/joyana.fr\/en\/author\/joyana\/\"}]}<\/script>\n<!-- \/ Yoast SEO plugin. -->","yoast_head_json":{"title":"Lampe pour biblioth\u00e8que MR. ED Book-End - Functionals x Roderick VOS - JO YANA","robots":{"index":"index","follow":"follow","max-snippet":"max-snippet:-1","max-image-preview":"max-image-preview:large","max-video-preview":"max-video-preview:-1"},"canonical":"https:\/\/www.joyana.fr\/lampe-bibliotheque-mr-ed-book-end-functionals-roderick-vos\/110895\/","og_locale":"en_US","og_type":"article","og_title":"Lampe pour biblioth\u00e8que MR. ED Book-End - Functionals x Roderick VOS - JO YANA","og_description":"Le designer n\u00e9erlandais Roderick Vos a dessin\u00e9 pour Functionals, MR. ED Book-End &#8211; une lampe pour biblioth\u00e8que qui se fond harmonieusement dans le d\u00e9cor&#8230; En regardant sa biblioth\u00e8que un jour vaste, Roderick Vos a r\u00e9alis\u00e9 que la diffusion de petites lumi\u00e8res mettrait en valeur les livres et aiderait \u00e0 la lecture des titres. Ainsi, il [&hellip;]","og_url":"https:\/\/joyana.fr\/en\/lampe-bibliotheque-mr-ed-book-end-functionals-roderick-vos\/110895\/","og_site_name":"JO YANA","article_published_time":"2012-10-03T06:06:04+00:00","og_image":[{"width":1500,"height":320,"url":"https:\/\/www.joyana.fr\/wp-content\/uploads\/2012\/10\/FUNCTIONNAL-CAROUSSEL_DECO_DESIGN_NOV_2011.jpg","type":"image\/jpeg"}],"author":"Jo Yana","twitter_card":"summary_large_image","twitter_creator":"@Jo_Yana","twitter_site":"@Jo_Yana","twitter_misc":{"Written by":"Jo Yana","Est. reading time":"1 minute"},"schema":{"@context":"https:\/\/schema.org","@graph":[{"@type":"Article","@id":"https:\/\/www.joyana.fr\/lampe-bibliotheque-mr-ed-book-end-functionals-roderick-vos\/110895\/#article","isPartOf":{"@id":"https:\/\/www.joyana.fr\/lampe-bibliotheque-mr-ed-book-end-functionals-roderick-vos\/110895\/"},"author":{"name":"Jo Yana","@id":"https:\/\/joyana.fr\/#\/schema\/person\/cf2a1ad12a27c12c21801075bf37407c"},"headline":"Lampe pour biblioth\u00e8que MR. ED Book-End &#8211; Functionals x Roderick VOS","datePublished":"2012-10-03T06:06:04+00:00","mainEntityOfPage":{"@id":"https:\/\/www.joyana.fr\/lampe-bibliotheque-mr-ed-book-end-functionals-roderick-vos\/110895\/"},"wordCount":136,"commentCount":0,"publisher":{"@id":"https:\/\/joyana.fr\/#\/schema\/person\/cf2a1ad12a27c12c21801075bf37407c"},"image":{"@id":"https:\/\/www.joyana.fr\/lampe-bibliotheque-mr-ed-book-end-functionals-roderick-vos\/110895\/#primaryimage"},"thumbnailUrl":"https:\/\/i0.wp.com\/joyana.fr\/wp-content\/uploads\/2012\/10\/FUNCTIONNAL-CAROUSSEL_DECO_DESIGN_NOV_2011.jpg?fit=1500%2C320&ssl=1","keywords":["DESIGN","Livre"],"articleSection":["A la une !!!","Biblioth\u00e8que","DECO-DESIGN","Lampe","Luminaire"],"inLanguage":"en-US","potentialAction":[{"@type":"CommentAction","name":"Comment","target":["https:\/\/www.joyana.fr\/lampe-bibliotheque-mr-ed-book-end-functionals-roderick-vos\/110895\/#respond"]}]},{"@type":"WebPage","@id":"https:\/\/www.joyana.fr\/lampe-bibliotheque-mr-ed-book-end-functionals-roderick-vos\/110895\/","url":"https:\/\/www.joyana.fr\/lampe-bibliotheque-mr-ed-book-end-functionals-roderick-vos\/110895\/","name":"Lampe pour biblioth\u00e8que MR. ED Book-End - Functionals x Roderick VOS - JO YANA","isPartOf":{"@id":"https:\/\/joyana.fr\/#website"},"primaryImageOfPage":{"@id":"https:\/\/www.joyana.fr\/lampe-bibliotheque-mr-ed-book-end-functionals-roderick-vos\/110895\/#primaryimage"},"image":{"@id":"https:\/\/www.joyana.fr\/lampe-bibliotheque-mr-ed-book-end-functionals-roderick-vos\/110895\/#primaryimage"},"thumbnailUrl":"https:\/\/i0.wp.com\/joyana.fr\/wp-content\/uploads\/2012\/10\/FUNCTIONNAL-CAROUSSEL_DECO_DESIGN_NOV_2011.jpg?fit=1500%2C320&ssl=1","datePublished":"2012-10-03T06:06:04+00:00","breadcrumb":{"@id":"https:\/\/www.joyana.fr\/lampe-bibliotheque-mr-ed-book-end-functionals-roderick-vos\/110895\/#breadcrumb"},"inLanguage":"en-US","potentialAction":[{"@type":"ReadAction","target":["https:\/\/www.joyana.fr\/lampe-bibliotheque-mr-ed-book-end-functionals-roderick-vos\/110895\/"]}]},{"@type":"ImageObject","inLanguage":"en-US","@id":"https:\/\/www.joyana.fr\/lampe-bibliotheque-mr-ed-book-end-functionals-roderick-vos\/110895\/#primaryimage","url":"https:\/\/i0.wp.com\/joyana.fr\/wp-content\/uploads\/2012\/10\/FUNCTIONNAL-CAROUSSEL_DECO_DESIGN_NOV_2011.jpg?fit=1500%2C320&ssl=1","contentUrl":"https:\/\/i0.wp.com\/joyana.fr\/wp-content\/uploads\/2012\/10\/FUNCTIONNAL-CAROUSSEL_DECO_DESIGN_NOV_2011.jpg?fit=1500%2C320&ssl=1","width":1500,"height":320},{"@type":"BreadcrumbList","@id":"https:\/\/www.joyana.fr\/lampe-bibliotheque-mr-ed-book-end-functionals-roderick-vos\/110895\/#breadcrumb","itemListElement":[{"@type":"ListItem","position":1,"name":"Accueil","item":"https:\/\/joyana.fr\/"},{"@type":"ListItem","position":2,"name":"Lampe pour biblioth\u00e8que MR. ED Book-End &#8211; Functionals x Roderick VOS"}]},{"@type":"WebSite","@id":"https:\/\/joyana.fr\/#website","url":"https:\/\/joyana.fr\/","name":"JO YANA","description":"Blog Mode Homme, Lifestyle, D\u00e9co-Design","publisher":{"@id":"https:\/\/joyana.fr\/#\/schema\/person\/cf2a1ad12a27c12c21801075bf37407c"},"potentialAction":[{"@type":"SearchAction","target":{"@type":"EntryPoint","urlTemplate":"https:\/\/joyana.fr\/?s={search_term_string}"},"query-input":{"@type":"PropertyValueSpecification","valueRequired":true,"valueName":"search_term_string"}}],"inLanguage":"en-US"},{"@type":["Person","Organization"],"@id":"https:\/\/joyana.fr\/#\/schema\/person\/cf2a1ad12a27c12c21801075bf37407c","name":"Jo Yana","image":{"@type":"ImageObject","inLanguage":"en-US","@id":"https:\/\/joyana.fr\/#\/schema\/person\/image\/","url":"https:\/\/i0.wp.com\/joyana.fr\/wp-content\/uploads\/2016\/08\/cropped-joyana-logo-black-360x180.png?fit=343%2C164&ssl=1","contentUrl":"https:\/\/i0.wp.com\/joyana.fr\/wp-content\/uploads\/2016\/08\/cropped-joyana-logo-black-360x180.png?fit=343%2C164&ssl=1","width":343,"height":164,"caption":"Jo Yana"},"logo":{"@id":"https:\/\/joyana.fr\/#\/schema\/person\/image\/"},"description":"Jo Yana est le cr\u00e9ateur et r\u00e9dacteur en chef des sites DECO-DESIGN. Passionn\u00e9 de Design, Mode, Photo, Luxe, Lifestyle, Musique, mais avant tout Blogueur ! Le plaisir de partager l'anime et a comme devise \"POUR L'AMOUR DU BEAU\". Retrouvez le aussi sur son blog personnel - https:\/\/joyana.fr...","sameAs":["https:\/\/joyana.fr\/"],"url":"https:\/\/joyana.fr\/en\/author\/joyana\/"}]}},"author_meta":{"display_name":"Jo Yana","author_link":"https:\/\/joyana.fr\/en\/author\/joyana\/"},"featured_img":"https:\/\/i0.wp.com\/joyana.fr\/wp-content\/uploads\/2012\/10\/FUNCTIONNAL-CAROUSSEL_DECO_DESIGN_NOV_2011.jpg?fit=389%2C83&ssl=1","featured_image_src":"https:\/\/i0.wp.com\/joyana.fr\/wp-content\/uploads\/2012\/10\/FUNCTIONNAL-CAROUSSEL_DECO_DESIGN_NOV_2011.jpg?resize=600%2C320&ssl=1","featured_image_src_square":"https:\/\/i0.wp.com\/joyana.fr\/wp-content\/uploads\/2012\/10\/FUNCTIONNAL-CAROUSSEL_DECO_DESIGN_NOV_2011.jpg?resize=600%2C320&ssl=1","jetpack_featured_media_url":"https:\/\/i0.wp.com\/joyana.fr\/wp-content\/uploads\/2012\/10\/FUNCTIONNAL-CAROUSSEL_DECO_DESIGN_NOV_2011.jpg?fit=1500%2C320&ssl=1","uagb_featured_image_src":{"full":["https:\/\/i0.wp.com\/joyana.fr\/wp-content\/uploads\/2012\/10\/FUNCTIONNAL-CAROUSSEL_DECO_DESIGN_NOV_2011.jpg?fit=1500%2C320&ssl=1",1500,320,false],"thumbnail":["https:\/\/i0.wp.com\/joyana.fr\/wp-content\/uploads\/2012\/10\/FUNCTIONNAL-CAROUSSEL_DECO_DESIGN_NOV_2011.jpg?resize=150%2C150&ssl=1",150,150,true],"medium":["https:\/\/i0.wp.com\/joyana.fr\/wp-content\/uploads\/2012\/10\/FUNCTIONNAL-CAROUSSEL_DECO_DESIGN_NOV_2011.jpg?fit=389%2C83&ssl=1",389,83,true],"medium_large":["https:\/\/i0.wp.com\/joyana.fr\/wp-content\/uploads\/2012\/10\/FUNCTIONNAL-CAROUSSEL_DECO_DESIGN_NOV_2011.jpg?fit=768%2C164&ssl=1",768,164,true],"large":["https:\/\/i0.wp.com\/joyana.fr\/wp-content\/uploads\/2012\/10\/FUNCTIONNAL-CAROUSSEL_DECO_DESIGN_NOV_2011.jpg?fit=1024%2C218&ssl=1",1024,218,true],"1536x1536":["https:\/\/i0.wp.com\/joyana.fr\/wp-content\/uploads\/2012\/10\/FUNCTIONNAL-CAROUSSEL_DECO_DESIGN_NOV_2011.jpg?fit=1500%2C320&ssl=1",1500,320,true],"2048x2048":["https:\/\/i0.wp.com\/joyana.fr\/wp-content\/uploads\/2012\/10\/FUNCTIONNAL-CAROUSSEL_DECO_DESIGN_NOV_2011.jpg?fit=1500%2C320&ssl=1",1500,320,true],"featured-thumb":["https:\/\/i0.wp.com\/joyana.fr\/wp-content\/uploads\/2012\/10\/FUNCTIONNAL-CAROUSSEL_DECO_DESIGN_NOV_2011.jpg?resize=1500%2C320&ssl=1",1500,320,true],"ab-block-post-grid-landscape":["https:\/\/i0.wp.com\/joyana.fr\/wp-content\/uploads\/2012\/10\/FUNCTIONNAL-CAROUSSEL_DECO_DESIGN_NOV_2011.jpg?resize=600%2C320&ssl=1",600,320,true],"ab-block-post-grid-square":["https:\/\/i0.wp.com\/joyana.fr\/wp-content\/uploads\/2012\/10\/FUNCTIONNAL-CAROUSSEL_DECO_DESIGN_NOV_2011.jpg?resize=600%2C320&ssl=1",600,320,true],"author-pro-image":["https:\/\/i0.wp.com\/joyana.fr\/wp-content\/uploads\/2012\/10\/FUNCTIONNAL-CAROUSSEL_DECO_DESIGN_NOV_2011.jpg?resize=360%2C320&ssl=1",360,320,true],"slider":["https:\/\/i0.wp.com\/joyana.fr\/wp-content\/uploads\/2012\/10\/FUNCTIONNAL-CAROUSSEL_DECO_DESIGN_NOV_2011.jpg?resize=920%2C320&ssl=1",920,320,true],"woocommerce_thumbnail":["https:\/\/i0.wp.com\/joyana.fr\/wp-content\/uploads\/2012\/10\/FUNCTIONNAL-CAROUSSEL_DECO_DESIGN_NOV_2011.jpg?resize=450%2C320&ssl=1",450,320,true],"woocommerce_single":["https:\/\/i0.wp.com\/joyana.fr\/wp-content\/uploads\/2012\/10\/FUNCTIONNAL-CAROUSSEL_DECO_DESIGN_NOV_2011.jpg?fit=920%2C196&ssl=1",920,196,true],"woocommerce_gallery_thumbnail":["https:\/\/i0.wp.com\/joyana.fr\/wp-content\/uploads\/2012\/10\/FUNCTIONNAL-CAROUSSEL_DECO_DESIGN_NOV_2011.jpg?resize=180%2C180&ssl=1",180,180,true],"sow-carousel-default":["https:\/\/i0.wp.com\/joyana.fr\/wp-content\/uploads\/2012\/10\/FUNCTIONNAL-CAROUSSEL_DECO_DESIGN_NOV_2011.jpg?resize=272%2C182&ssl=1",272,182,true]},"uagb_author_info":{"display_name":"Jo Yana","author_link":"https:\/\/joyana.fr\/en\/author\/joyana\/"},"uagb_comment_info":0,"uagb_excerpt":"Le designer n\u00e9erlandais Roderick Vos a dessin\u00e9 pour Functionals, MR. ED Book-End &#8211; une lampe pour biblioth\u00e8que qui se fond harmonieusement dans le d\u00e9cor&#8230; En regardant sa biblioth\u00e8que un jour vaste, Roderick Vos a r\u00e9alis\u00e9 que la diffusion de petites lumi\u00e8res mettrait en valeur les livres et aiderait \u00e0 la lecture des titres. Ainsi, il&hellip;","coauthors":[],"tax_additional":{"categories":{"linked":["<a href=\"https:\/\/joyana.fr\/en\/category\/a-la-une\/\" class=\"advgb-post-tax-term\">A la une !!!<\/a>","<a href=\"https:\/\/joyana.fr\/en\/category\/deco-design\/mobilier\/bibliotheque\/\" class=\"advgb-post-tax-term\">Biblioth\u00e8que<\/a>","<a href=\"https:\/\/joyana.fr\/en\/category\/deco-design\/\" class=\"advgb-post-tax-term\">DECO-DESIGN<\/a>","<a href=\"https:\/\/joyana.fr\/en\/category\/deco-design\/luminaire\/lampe\/\" class=\"advgb-post-tax-term\">Lampe<\/a>","<a href=\"https:\/\/joyana.fr\/en\/category\/deco-design\/luminaire\/\" class=\"advgb-post-tax-term\">Luminaire<\/a>"],"unlinked":["<span class=\"advgb-post-tax-term\">A la une !!!<\/span>","<span class=\"advgb-post-tax-term\">Biblioth\u00e8que<\/span>","<span class=\"advgb-post-tax-term\">DECO-DESIGN<\/span>","<span class=\"advgb-post-tax-term\">Lampe<\/span>","<span class=\"advgb-post-tax-term\">Luminaire<\/span>"]},"tags":{"linked":["<a href=\"https:\/\/joyana.fr\/en\/category\/deco-design\/luminaire\/\" class=\"advgb-post-tax-term\">DESIGN<\/a>","<a href=\"https:\/\/joyana.fr\/en\/category\/deco-design\/luminaire\/\" class=\"advgb-post-tax-term\">Livre<\/a>"],"unlinked":["<span class=\"advgb-post-tax-term\">DESIGN<\/span>","<span class=\"advgb-post-tax-term\">Livre<\/span>"]}},"comment_count":0,"relative_dates":{"created":"Posted 14 years ago","modified":"Updated 14 years ago"},"absolute_dates":{"created":"Posted on 3 October 2012","modified":"Updated on 3 October 2012"},"absolute_dates_time":{"created":"Posted on 3 October 2012 7:06","modified":"Updated on 3 October 2012 7:06"},"featured_img_caption":"","series_order":"","jetpack_sharing_enabled":true,"jetpack_shortlink":"https:\/\/wp.me\/p9bteI-sQD","jetpack-related-posts":[],"_links":{"self":[{"href":"https:\/\/joyana.fr\/en\/wp-json\/wp\/v2\/posts\/110895","targetHints":{"allow":["GET"]}}],"collection":[{"href":"https:\/\/joyana.fr\/en\/wp-json\/wp\/v2\/posts"}],"about":[{"href":"https:\/\/joyana.fr\/en\/wp-json\/wp\/v2\/types\/post"}],"author":[{"embeddable":true,"href":"https:\/\/joyana.fr\/en\/wp-json\/wp\/v2\/users\/3"}],"replies":[{"embeddable":true,"href":"https:\/\/joyana.fr\/en\/wp-json\/wp\/v2\/comments?post=110895"}],"version-history":[{"count":0,"href":"https:\/\/joyana.fr\/en\/wp-json\/wp\/v2\/posts\/110895\/revisions"}],"wp:featuredmedia":[{"embeddable":true,"href":"https:\/\/joyana.fr\/en\/wp-json\/wp\/v2\/media\/110899"}],"wp:attachment":[{"href":"https:\/\/joyana.fr\/en\/wp-json\/wp\/v2\/media?parent=110895"}],"wp:term":[{"taxonomy":"category","embeddable":true,"href":"https:\/\/joyana.fr\/en\/wp-json\/wp\/v2\/categories?post=110895"},{"taxonomy":"post_tag","embeddable":true,"href":"https:\/\/joyana.fr\/en\/wp-json\/wp\/v2\/tags?post=110895"}],"curies":[{"name":"wp","href":"https:\/\/api.w.org\/{rel}","templated":true}]}}