{"id":110987,"date":"2012-10-16T07:20:54","date_gmt":"2012-10-16T06:20:54","guid":{"rendered":"https:\/\/joyana.fr\/?p=10987"},"modified":"2012-10-16T07:20:54","modified_gmt":"2012-10-16T06:20:54","slug":"lit-design-area-bed-magnitude-design-alain-gilles-%e2%80%8f","status":"publish","type":"post","link":"https:\/\/joyana.fr\/en\/lit-design-area-bed-magnitude-design-alain-gilles-%e2%80%8f\/110987\/","title":{"rendered":"Lit AREA BED par MAGNITUDE Design x Alain GILLES\u200f"},"content":{"rendered":"<p>Le designer <a title=\"Alain GILLES\" href=\"https:\/\/joyana.fr\/category\/designer\/alain-gilles\/\" target=\"_blank\"><strong>Alain Gilles<\/strong><\/a> nous pr\u00e9sente un nouveau concept de <strong>lit<\/strong> qu&#8217;il vient de <strong>designer<\/strong> pour la marque belge haut de gamme <strong><a title=\"MAGNITUDE\" href=\"http:\/\/www.magnitude.be\" target=\"_blank\">MAGNITUDE<\/a><\/strong>&#8230;<\/p>\n<p><img data-recalc-dims=\"1\" fetchpriority=\"high\" decoding=\"async\" class=\"alignnone size-large wp-image-10994\" title=\"Lit AREA BED par MAGNITUDE Design x Alain GILLES\u200f\" src=\"https:\/\/i0.wp.com\/joyana.fr\/wp-content\/uploads\/2012\/10\/area-image012.jpg?resize=576%2C576&#038;ssl=1\" alt=\"\" width=\"576\" height=\"576\" \/><\/p>\n<p><strong>Alain Gilles<\/strong> d\u00e9veloppe <strong>AREA BED<\/strong> &#8211; un nouveau concept prend en compte la destination traditionnelle d\u2019un <strong>lit<\/strong> : dormir, mais aussi le fait qu\u2019aujourd\u2019hui la chambre sert \u00e9galement de salle de bains, de bureau ou de pi\u00e8ce ou salon suppl\u00e9mentaire&#8230; La t\u00eate de lit peut servir de s\u00e9parateur ou organisateur pour red\u00e9finir l\u2019architecture de la chambre mais parfois, il peut \u00e9galement \u00e9pouser la forme des cloisons pour cr\u00e9er un petit espace distinct.<\/p>\n<p><img data-recalc-dims=\"1\" decoding=\"async\" class=\"alignnone size-large wp-image-10995\" title=\"Lit AREA BED par MAGNITUDE Design x Alain GILLES\u200f\" src=\"https:\/\/i0.wp.com\/joyana.fr\/wp-content\/uploads\/2012\/10\/area-image017.jpg?resize=576%2C345&#038;ssl=1\" alt=\"\" width=\"576\" height=\"345\" \/><\/p>\n<p>Le <strong>lit design AREA<\/strong> joue sur l\u2019asym\u00e9trie pour apporter une certaine dynamique \u00e0 un \u00e9l\u00e9ment qui d\u2019habitude, est vu comme statique. Il est tr\u00e8s graphique gr\u00e2ce \u00e0 ses composantes ludiques comme la petite table de nuit, \u00ab table poche \u00bb, la lampe multi-position, et le banc qui organisent la \u00ab zone \u00bb de repos. Un lit confortable et accueillant comme tous les lits de <strong>MAGNITUDE.<\/strong>&#8230;<\/p>\n<p><img data-recalc-dims=\"1\" decoding=\"async\" class=\"alignnone size-large wp-image-10989\" title=\"Lit AREA BED par MAGNITUDE Design x Alain GILLES\u200f\" src=\"https:\/\/i0.wp.com\/joyana.fr\/wp-content\/uploads\/2012\/10\/area-image001.jpg?resize=576%2C474&#038;ssl=1\" alt=\"\" width=\"576\" height=\"474\" \/><\/p>\n<div data-carousel-extra='{\"blog_id\":1,\"permalink\":\"https:\\\/\\\/joyana.fr\\\/en\\\/lit-design-area-bed-magnitude-design-alain-gilles-%e2%80%8f\\\/110987\\\/\"}' id='gallery-1' class='gallery galleryid-110987 gallery-columns-4 gallery-size-thumbnail'><figure class='gallery-item'>\r\n\t\t\t<div class='gallery-icon landscape'>\r\n\t\t\t\t<a href=\"https:\/\/i0.wp.com\/joyana.fr\/wp-content\/uploads\/2012\/10\/area-image001.jpg?ssl=1\"><img loading=\"lazy\" decoding=\"async\" width=\"150\" height=\"150\" src=\"https:\/\/i0.wp.com\/joyana.fr\/wp-content\/uploads\/2012\/10\/area-image001.jpg?resize=150%2C150&amp;ssl=1\" class=\"attachment-thumbnail size-thumbnail\" alt=\"\" srcset=\"https:\/\/i0.wp.com\/joyana.fr\/wp-content\/uploads\/2012\/10\/area-image001.jpg?resize=300%2C300&amp;ssl=1 300w, https:\/\/i0.wp.com\/joyana.fr\/wp-content\/uploads\/2012\/10\/area-image001.jpg?resize=100%2C100&amp;ssl=1 100w, https:\/\/i0.wp.com\/joyana.fr\/wp-content\/uploads\/2012\/10\/area-image001.jpg?zoom=3&amp;resize=150%2C150&amp;ssl=1 450w\" sizes=\"(max-width: 150px) 100vw, 150px\" data-attachment-id=\"110989\" data-permalink=\"https:\/\/joyana.fr\/en\/lit-design-area-bed-magnitude-design-alain-gilles-%e2%80%8f\/110987\/area-image001\/\" data-orig-file=\"https:\/\/i0.wp.com\/joyana.fr\/wp-content\/uploads\/2012\/10\/area-image001.jpg?fit=650%2C535&amp;ssl=1\" data-orig-size=\"650,535\" data-comments-opened=\"1\" data-image-meta=\"{&quot;aperture&quot;:&quot;0&quot;,&quot;credit&quot;:&quot;&quot;,&quot;camera&quot;:&quot;&quot;,&quot;caption&quot;:&quot;&quot;,&quot;created_timestamp&quot;:&quot;0&quot;,&quot;copyright&quot;:&quot;&quot;,&quot;focal_length&quot;:&quot;0&quot;,&quot;iso&quot;:&quot;0&quot;,&quot;shutter_speed&quot;:&quot;0&quot;,&quot;title&quot;:&quot;&quot;,&quot;orientation&quot;:&quot;0&quot;}\" data-image-title=\"Lit AREA BED par MAGNITUDE Design x Alain GILLES\u00e2\u20ac\u008f\" data-image-description=\"&lt;p&gt;Lit AREA BED par MAGNITUDE Design x Alain GILLES\u00e2\u20ac\u008f&lt;\/p&gt;\n\" data-image-caption=\"\" data-medium-file=\"https:\/\/i0.wp.com\/joyana.fr\/wp-content\/uploads\/2012\/10\/area-image001.jpg?fit=389%2C320&amp;ssl=1\" data-large-file=\"https:\/\/i0.wp.com\/joyana.fr\/wp-content\/uploads\/2012\/10\/area-image001.jpg?fit=650%2C535&amp;ssl=1\" \/><\/a>\r\n\t\t\t<\/div><\/figure><figure class='gallery-item'>\r\n\t\t\t<div class='gallery-icon landscape'>\r\n\t\t\t\t<a href=\"https:\/\/i0.wp.com\/joyana.fr\/wp-content\/uploads\/2012\/10\/area-image002.jpg?ssl=1\"><img loading=\"lazy\" decoding=\"async\" width=\"150\" height=\"150\" src=\"https:\/\/i0.wp.com\/joyana.fr\/wp-content\/uploads\/2012\/10\/area-image002.jpg?resize=150%2C150&amp;ssl=1\" class=\"attachment-thumbnail size-thumbnail\" alt=\"\" srcset=\"https:\/\/i0.wp.com\/joyana.fr\/wp-content\/uploads\/2012\/10\/area-image002.jpg?resize=300%2C300&amp;ssl=1 300w, https:\/\/i0.wp.com\/joyana.fr\/wp-content\/uploads\/2012\/10\/area-image002.jpg?resize=100%2C100&amp;ssl=1 100w, https:\/\/i0.wp.com\/joyana.fr\/wp-content\/uploads\/2012\/10\/area-image002.jpg?zoom=3&amp;resize=150%2C150&amp;ssl=1 450w\" sizes=\"(max-width: 150px) 100vw, 150px\" data-attachment-id=\"110990\" data-permalink=\"https:\/\/joyana.fr\/en\/lit-design-area-bed-magnitude-design-alain-gilles-%e2%80%8f\/110987\/area-image002\/\" data-orig-file=\"https:\/\/i0.wp.com\/joyana.fr\/wp-content\/uploads\/2012\/10\/area-image002.jpg?fit=650%2C548&amp;ssl=1\" data-orig-size=\"650,548\" data-comments-opened=\"1\" data-image-meta=\"{&quot;aperture&quot;:&quot;0&quot;,&quot;credit&quot;:&quot;&quot;,&quot;camera&quot;:&quot;&quot;,&quot;caption&quot;:&quot;&quot;,&quot;created_timestamp&quot;:&quot;0&quot;,&quot;copyright&quot;:&quot;&quot;,&quot;focal_length&quot;:&quot;0&quot;,&quot;iso&quot;:&quot;0&quot;,&quot;shutter_speed&quot;:&quot;0&quot;,&quot;title&quot;:&quot;&quot;,&quot;orientation&quot;:&quot;0&quot;}\" data-image-title=\"area-image002\" data-image-description=\"\" data-image-caption=\"\" data-medium-file=\"https:\/\/i0.wp.com\/joyana.fr\/wp-content\/uploads\/2012\/10\/area-image002.jpg?fit=389%2C328&amp;ssl=1\" data-large-file=\"https:\/\/i0.wp.com\/joyana.fr\/wp-content\/uploads\/2012\/10\/area-image002.jpg?fit=650%2C548&amp;ssl=1\" \/><\/a>\r\n\t\t\t<\/div><\/figure><figure class='gallery-item'>\r\n\t\t\t<div class='gallery-icon landscape'>\r\n\t\t\t\t<a href=\"https:\/\/i0.wp.com\/joyana.fr\/wp-content\/uploads\/2012\/10\/area-image003.jpg?ssl=1\"><img loading=\"lazy\" decoding=\"async\" width=\"150\" height=\"150\" src=\"https:\/\/i0.wp.com\/joyana.fr\/wp-content\/uploads\/2012\/10\/area-image003.jpg?resize=150%2C150&amp;ssl=1\" class=\"attachment-thumbnail size-thumbnail\" alt=\"\" srcset=\"https:\/\/i0.wp.com\/joyana.fr\/wp-content\/uploads\/2012\/10\/area-image003.jpg?resize=300%2C300&amp;ssl=1 300w, https:\/\/i0.wp.com\/joyana.fr\/wp-content\/uploads\/2012\/10\/area-image003.jpg?resize=100%2C100&amp;ssl=1 100w, https:\/\/i0.wp.com\/joyana.fr\/wp-content\/uploads\/2012\/10\/area-image003.jpg?zoom=3&amp;resize=150%2C150&amp;ssl=1 450w\" sizes=\"(max-width: 150px) 100vw, 150px\" data-attachment-id=\"110991\" data-permalink=\"https:\/\/joyana.fr\/en\/lit-design-area-bed-magnitude-design-alain-gilles-%e2%80%8f\/110987\/area-image003\/\" data-orig-file=\"https:\/\/i0.wp.com\/joyana.fr\/wp-content\/uploads\/2012\/10\/area-image003.jpg?fit=650%2C496&amp;ssl=1\" data-orig-size=\"650,496\" data-comments-opened=\"1\" data-image-meta=\"{&quot;aperture&quot;:&quot;0&quot;,&quot;credit&quot;:&quot;&quot;,&quot;camera&quot;:&quot;&quot;,&quot;caption&quot;:&quot;&quot;,&quot;created_timestamp&quot;:&quot;0&quot;,&quot;copyright&quot;:&quot;&quot;,&quot;focal_length&quot;:&quot;0&quot;,&quot;iso&quot;:&quot;0&quot;,&quot;shutter_speed&quot;:&quot;0&quot;,&quot;title&quot;:&quot;&quot;,&quot;orientation&quot;:&quot;0&quot;}\" data-image-title=\"area-image003\" data-image-description=\"\" data-image-caption=\"\" data-medium-file=\"https:\/\/i0.wp.com\/joyana.fr\/wp-content\/uploads\/2012\/10\/area-image003.jpg?fit=389%2C297&amp;ssl=1\" data-large-file=\"https:\/\/i0.wp.com\/joyana.fr\/wp-content\/uploads\/2012\/10\/area-image003.jpg?fit=650%2C496&amp;ssl=1\" \/><\/a>\r\n\t\t\t<\/div><\/figure><figure class='gallery-item'>\r\n\t\t\t<div class='gallery-icon landscape'>\r\n\t\t\t\t<a href=\"https:\/\/i0.wp.com\/joyana.fr\/wp-content\/uploads\/2012\/10\/area-image008.jpg?ssl=1\"><img loading=\"lazy\" decoding=\"async\" width=\"150\" height=\"150\" src=\"https:\/\/i0.wp.com\/joyana.fr\/wp-content\/uploads\/2012\/10\/area-image008.jpg?resize=150%2C150&amp;ssl=1\" class=\"attachment-thumbnail size-thumbnail\" alt=\"\" srcset=\"https:\/\/i0.wp.com\/joyana.fr\/wp-content\/uploads\/2012\/10\/area-image008.jpg?resize=300%2C300&amp;ssl=1 300w, https:\/\/i0.wp.com\/joyana.fr\/wp-content\/uploads\/2012\/10\/area-image008.jpg?resize=100%2C100&amp;ssl=1 100w, https:\/\/i0.wp.com\/joyana.fr\/wp-content\/uploads\/2012\/10\/area-image008.jpg?zoom=3&amp;resize=150%2C150&amp;ssl=1 450w\" sizes=\"(max-width: 150px) 100vw, 150px\" data-attachment-id=\"110992\" data-permalink=\"https:\/\/joyana.fr\/en\/lit-design-area-bed-magnitude-design-alain-gilles-%e2%80%8f\/110987\/area-image008\/\" data-orig-file=\"https:\/\/i0.wp.com\/joyana.fr\/wp-content\/uploads\/2012\/10\/area-image008.jpg?fit=650%2C621&amp;ssl=1\" data-orig-size=\"650,621\" data-comments-opened=\"1\" data-image-meta=\"{&quot;aperture&quot;:&quot;0&quot;,&quot;credit&quot;:&quot;&quot;,&quot;camera&quot;:&quot;&quot;,&quot;caption&quot;:&quot;&quot;,&quot;created_timestamp&quot;:&quot;0&quot;,&quot;copyright&quot;:&quot;&quot;,&quot;focal_length&quot;:&quot;0&quot;,&quot;iso&quot;:&quot;0&quot;,&quot;shutter_speed&quot;:&quot;0&quot;,&quot;title&quot;:&quot;&quot;,&quot;orientation&quot;:&quot;0&quot;}\" data-image-title=\"area-image008\" data-image-description=\"\" data-image-caption=\"\" data-medium-file=\"https:\/\/i0.wp.com\/joyana.fr\/wp-content\/uploads\/2012\/10\/area-image008.jpg?fit=389%2C372&amp;ssl=1\" data-large-file=\"https:\/\/i0.wp.com\/joyana.fr\/wp-content\/uploads\/2012\/10\/area-image008.jpg?fit=650%2C621&amp;ssl=1\" \/><\/a>\r\n\t\t\t<\/div><\/figure><figure class='gallery-item'>\r\n\t\t\t<div class='gallery-icon landscape'>\r\n\t\t\t\t<a href=\"https:\/\/i0.wp.com\/joyana.fr\/wp-content\/uploads\/2012\/10\/area-image011.jpg?ssl=1\"><img loading=\"lazy\" decoding=\"async\" width=\"150\" height=\"150\" src=\"https:\/\/i0.wp.com\/joyana.fr\/wp-content\/uploads\/2012\/10\/area-image011.jpg?resize=150%2C150&amp;ssl=1\" class=\"attachment-thumbnail size-thumbnail\" alt=\"\" srcset=\"https:\/\/i0.wp.com\/joyana.fr\/wp-content\/uploads\/2012\/10\/area-image011.jpg?resize=300%2C300&amp;ssl=1 300w, https:\/\/i0.wp.com\/joyana.fr\/wp-content\/uploads\/2012\/10\/area-image011.jpg?resize=100%2C100&amp;ssl=1 100w, https:\/\/i0.wp.com\/joyana.fr\/wp-content\/uploads\/2012\/10\/area-image011.jpg?zoom=3&amp;resize=150%2C150&amp;ssl=1 450w\" sizes=\"(max-width: 150px) 100vw, 150px\" data-attachment-id=\"110993\" data-permalink=\"https:\/\/joyana.fr\/en\/lit-design-area-bed-magnitude-design-alain-gilles-%e2%80%8f\/110987\/area-image011\/\" data-orig-file=\"https:\/\/i0.wp.com\/joyana.fr\/wp-content\/uploads\/2012\/10\/area-image011.jpg?fit=650%2C625&amp;ssl=1\" data-orig-size=\"650,625\" data-comments-opened=\"1\" data-image-meta=\"{&quot;aperture&quot;:&quot;0&quot;,&quot;credit&quot;:&quot;&quot;,&quot;camera&quot;:&quot;&quot;,&quot;caption&quot;:&quot;&quot;,&quot;created_timestamp&quot;:&quot;0&quot;,&quot;copyright&quot;:&quot;&quot;,&quot;focal_length&quot;:&quot;0&quot;,&quot;iso&quot;:&quot;0&quot;,&quot;shutter_speed&quot;:&quot;0&quot;,&quot;title&quot;:&quot;&quot;,&quot;orientation&quot;:&quot;0&quot;}\" data-image-title=\"area-image011\" data-image-description=\"\" data-image-caption=\"\" data-medium-file=\"https:\/\/i0.wp.com\/joyana.fr\/wp-content\/uploads\/2012\/10\/area-image011.jpg?fit=389%2C374&amp;ssl=1\" data-large-file=\"https:\/\/i0.wp.com\/joyana.fr\/wp-content\/uploads\/2012\/10\/area-image011.jpg?fit=650%2C625&amp;ssl=1\" \/><\/a>\r\n\t\t\t<\/div><\/figure><figure class='gallery-item'>\r\n\t\t\t<div class='gallery-icon landscape'>\r\n\t\t\t\t<a href=\"https:\/\/i0.wp.com\/joyana.fr\/wp-content\/uploads\/2012\/10\/area-image012.jpg?ssl=1\"><img loading=\"lazy\" decoding=\"async\" width=\"150\" height=\"150\" src=\"https:\/\/i0.wp.com\/joyana.fr\/wp-content\/uploads\/2012\/10\/area-image012.jpg?resize=150%2C150&amp;ssl=1\" class=\"attachment-thumbnail size-thumbnail\" alt=\"\" srcset=\"https:\/\/i0.wp.com\/joyana.fr\/wp-content\/uploads\/2012\/10\/area-image012.jpg?w=650&amp;ssl=1 650w, https:\/\/i0.wp.com\/joyana.fr\/wp-content\/uploads\/2012\/10\/area-image012.jpg?resize=389%2C389&amp;ssl=1 389w, https:\/\/i0.wp.com\/joyana.fr\/wp-content\/uploads\/2012\/10\/area-image012.jpg?resize=150%2C150&amp;ssl=1 150w, https:\/\/i0.wp.com\/joyana.fr\/wp-content\/uploads\/2012\/10\/area-image012.jpg?resize=600%2C600&amp;ssl=1 600w, https:\/\/i0.wp.com\/joyana.fr\/wp-content\/uploads\/2012\/10\/area-image012.jpg?resize=450%2C450&amp;ssl=1 450w, https:\/\/i0.wp.com\/joyana.fr\/wp-content\/uploads\/2012\/10\/area-image012.jpg?resize=180%2C180&amp;ssl=1 180w, https:\/\/i0.wp.com\/joyana.fr\/wp-content\/uploads\/2012\/10\/area-image012.jpg?resize=300%2C300&amp;ssl=1 300w, https:\/\/i0.wp.com\/joyana.fr\/wp-content\/uploads\/2012\/10\/area-image012.jpg?resize=100%2C100&amp;ssl=1 100w\" sizes=\"(max-width: 150px) 100vw, 150px\" data-attachment-id=\"110994\" data-permalink=\"https:\/\/joyana.fr\/en\/lit-design-area-bed-magnitude-design-alain-gilles-%e2%80%8f\/110987\/area-image012\/\" data-orig-file=\"https:\/\/i0.wp.com\/joyana.fr\/wp-content\/uploads\/2012\/10\/area-image012.jpg?fit=650%2C650&amp;ssl=1\" data-orig-size=\"650,650\" data-comments-opened=\"1\" data-image-meta=\"{&quot;aperture&quot;:&quot;0&quot;,&quot;credit&quot;:&quot;&quot;,&quot;camera&quot;:&quot;&quot;,&quot;caption&quot;:&quot;&quot;,&quot;created_timestamp&quot;:&quot;0&quot;,&quot;copyright&quot;:&quot;&quot;,&quot;focal_length&quot;:&quot;0&quot;,&quot;iso&quot;:&quot;0&quot;,&quot;shutter_speed&quot;:&quot;0&quot;,&quot;title&quot;:&quot;&quot;,&quot;orientation&quot;:&quot;0&quot;}\" data-image-title=\"Lit AREA BED par MAGNITUDE Design x Alain GILLES\u00e2\u20ac\u008f\" data-image-description=\"&lt;p&gt;Lit AREA BED par MAGNITUDE Design x Alain GILLES\u00e2\u20ac\u008f&lt;\/p&gt;\n\" data-image-caption=\"\" data-medium-file=\"https:\/\/i0.wp.com\/joyana.fr\/wp-content\/uploads\/2012\/10\/area-image012.jpg?fit=389%2C389&amp;ssl=1\" data-large-file=\"https:\/\/i0.wp.com\/joyana.fr\/wp-content\/uploads\/2012\/10\/area-image012.jpg?fit=650%2C650&amp;ssl=1\" \/><\/a>\r\n\t\t\t<\/div><\/figure><figure class='gallery-item'>\r\n\t\t\t<div class='gallery-icon landscape'>\r\n\t\t\t\t<a href=\"https:\/\/i0.wp.com\/joyana.fr\/wp-content\/uploads\/2012\/10\/area-image017.jpg?ssl=1\"><img loading=\"lazy\" decoding=\"async\" width=\"150\" height=\"150\" src=\"https:\/\/i0.wp.com\/joyana.fr\/wp-content\/uploads\/2012\/10\/area-image017.jpg?resize=150%2C150&amp;ssl=1\" class=\"attachment-thumbnail size-thumbnail\" alt=\"\" srcset=\"https:\/\/i0.wp.com\/joyana.fr\/wp-content\/uploads\/2012\/10\/area-image017.jpg?resize=300%2C300&amp;ssl=1 300w, https:\/\/i0.wp.com\/joyana.fr\/wp-content\/uploads\/2012\/10\/area-image017.jpg?resize=100%2C100&amp;ssl=1 100w, https:\/\/i0.wp.com\/joyana.fr\/wp-content\/uploads\/2012\/10\/area-image017.jpg?zoom=3&amp;resize=150%2C150&amp;ssl=1 450w\" sizes=\"(max-width: 150px) 100vw, 150px\" data-attachment-id=\"110995\" data-permalink=\"https:\/\/joyana.fr\/en\/lit-design-area-bed-magnitude-design-alain-gilles-%e2%80%8f\/110987\/area-image017\/\" data-orig-file=\"https:\/\/i0.wp.com\/joyana.fr\/wp-content\/uploads\/2012\/10\/area-image017.jpg?fit=650%2C390&amp;ssl=1\" data-orig-size=\"650,390\" data-comments-opened=\"1\" data-image-meta=\"{&quot;aperture&quot;:&quot;0&quot;,&quot;credit&quot;:&quot;&quot;,&quot;camera&quot;:&quot;&quot;,&quot;caption&quot;:&quot;&quot;,&quot;created_timestamp&quot;:&quot;0&quot;,&quot;copyright&quot;:&quot;&quot;,&quot;focal_length&quot;:&quot;0&quot;,&quot;iso&quot;:&quot;0&quot;,&quot;shutter_speed&quot;:&quot;0&quot;,&quot;title&quot;:&quot;&quot;,&quot;orientation&quot;:&quot;0&quot;}\" data-image-title=\"Lit AREA BED par MAGNITUDE Design x Alain GILLES\u00e2\u20ac\u008f\" data-image-description=\"&lt;p&gt;Lit AREA BED par MAGNITUDE Design x Alain GILLES\u00e2\u20ac\u008f&lt;\/p&gt;\n\" data-image-caption=\"\" data-medium-file=\"https:\/\/i0.wp.com\/joyana.fr\/wp-content\/uploads\/2012\/10\/area-image017.jpg?fit=389%2C233&amp;ssl=1\" data-large-file=\"https:\/\/i0.wp.com\/joyana.fr\/wp-content\/uploads\/2012\/10\/area-image017.jpg?fit=650%2C390&amp;ssl=1\" \/><\/a>\r\n\t\t\t<\/div><\/figure><\/div>\n\n<p>Le designer belge a \u00e9galement \u00e9t\u00e9 nomm\u00e9 \u201cdesigner de l\u2019ann\u00e9e\u201d par la Fondation Interieur et pr\u00e9sentera une r\u00e9trospective de son travail durant la <a href=\"http:\/\/www.interieur.be\" target=\"_blank\">Biennale<\/a> du 20 au 28 Octobre 2012&#8230;<\/p>\n<p><span style=\"color: #000000;\">.<\/span><\/p>\n<p style=\"text-align: center;\">En savoir + sur <a title=\"Alain GILLES\" href=\"http:\/\/www.alaingilles.com\/\" target=\"_blank\"><strong>Alain GILLES<\/strong><\/a><\/p>\n","protected":false},"excerpt":{"rendered":"<p>Le designer Alain Gilles nous pr\u00e9sente un nouveau concept de lit qu&#8217;il vient de designer pour la marque belge haut de gamme MAGNITUDE&#8230; Alain Gilles d\u00e9veloppe AREA BED &#8211; un nouveau concept prend en compte la destination traditionnelle d\u2019un lit : dormir, mais aussi le fait qu\u2019aujourd\u2019hui la chambre sert \u00e9galement de salle de bains, [&hellip;]<\/p>\n","protected":false},"author":3,"featured_media":110994,"comment_status":"open","ping_status":"open","sticky":false,"template":"","format":"standard","meta":{"_coblocks_attr":"","_coblocks_dimensions":"","_coblocks_responsive_height":"","_coblocks_accordion_ie_support":"","_uag_custom_page_level_css":"","advgb_blocks_editor_width":"","advgb_blocks_columns_visual_guide":"","_genesis_hide_title":false,"_genesis_hide_breadcrumbs":false,"_genesis_hide_singular_image":false,"_genesis_hide_footer_widgets":false,"_genesis_custom_body_class":"","_genesis_custom_post_class":"","_genesis_layout":"","_themeisle_gutenberg_block_has_review":false,"_jetpack_newsletter_access":"","_jetpack_dont_email_post_to_subs":false,"_jetpack_newsletter_tier_id":0,"_jetpack_memberships_contains_paywalled_content":false,"_jetpack_memberships_contains_paid_content":false,"footnotes":""},"categories":[1011,905,1131],"tags":[1129,1130,78,1132],"class_list":{"0":"post-110987","1":"post","2":"type-post","3":"status-publish","4":"format-standard","5":"has-post-thumbnail","7":"category-alain-gilles","8":"category-deco-design","9":"category-lit","10":"tag-alain-gilles","11":"tag-chambre","12":"tag-design","13":"tag-lit-design","14":"entry"},"featured_image_urls":{"full":["https:\/\/i0.wp.com\/joyana.fr\/wp-content\/uploads\/2012\/10\/area-image012.jpg?fit=650%2C650&ssl=1",650,650,false],"thumbnail":["https:\/\/i0.wp.com\/joyana.fr\/wp-content\/uploads\/2012\/10\/area-image012.jpg?resize=150%2C150&ssl=1",150,150,true],"medium":["https:\/\/i0.wp.com\/joyana.fr\/wp-content\/uploads\/2012\/10\/area-image012.jpg?fit=389%2C389&ssl=1",389,389,true],"medium_large":["https:\/\/i0.wp.com\/joyana.fr\/wp-content\/uploads\/2012\/10\/area-image012.jpg?fit=650%2C650&ssl=1",650,650,true],"large":["https:\/\/i0.wp.com\/joyana.fr\/wp-content\/uploads\/2012\/10\/area-image012.jpg?fit=650%2C650&ssl=1",650,650,true],"1536x1536":["https:\/\/i0.wp.com\/joyana.fr\/wp-content\/uploads\/2012\/10\/area-image012.jpg?fit=650%2C650&ssl=1",650,650,true],"2048x2048":["https:\/\/i0.wp.com\/joyana.fr\/wp-content\/uploads\/2012\/10\/area-image012.jpg?fit=650%2C650&ssl=1",650,650,true],"featured-thumb":["https:\/\/i0.wp.com\/joyana.fr\/wp-content\/uploads\/2012\/10\/area-image012.jpg?resize=650%2C650&ssl=1",650,650,true],"ab-block-post-grid-landscape":["https:\/\/i0.wp.com\/joyana.fr\/wp-content\/uploads\/2012\/10\/area-image012.jpg?resize=600%2C400&ssl=1",600,400,true],"ab-block-post-grid-square":["https:\/\/i0.wp.com\/joyana.fr\/wp-content\/uploads\/2012\/10\/area-image012.jpg?resize=600%2C600&ssl=1",600,600,true],"author-pro-image":["https:\/\/i0.wp.com\/joyana.fr\/wp-content\/uploads\/2012\/10\/area-image012.jpg?resize=360%2C570&ssl=1",360,570,true],"slider":["https:\/\/i0.wp.com\/joyana.fr\/wp-content\/uploads\/2012\/10\/area-image012.jpg?resize=650%2C400&ssl=1",650,400,true],"woocommerce_thumbnail":["https:\/\/i0.wp.com\/joyana.fr\/wp-content\/uploads\/2012\/10\/area-image012.jpg?resize=450%2C450&ssl=1",450,450,true],"woocommerce_single":["https:\/\/i0.wp.com\/joyana.fr\/wp-content\/uploads\/2012\/10\/area-image012.jpg?fit=650%2C650&ssl=1",650,650,true],"woocommerce_gallery_thumbnail":["https:\/\/i0.wp.com\/joyana.fr\/wp-content\/uploads\/2012\/10\/area-image012.jpg?resize=180%2C180&ssl=1",180,180,true],"sow-carousel-default":["https:\/\/i0.wp.com\/joyana.fr\/wp-content\/uploads\/2012\/10\/area-image012.jpg?resize=272%2C182&ssl=1",272,182,true]},"post_excerpt_stackable":"<p>Le designer Alain Gilles nous pr\u00e9sente un nouveau concept de lit qu&#8217;il vient de designer pour la marque belge haut de gamme MAGNITUDE&#8230; Alain Gilles d\u00e9veloppe AREA BED &#8211; un nouveau concept prend en compte la destination traditionnelle d\u2019un lit : dormir, mais aussi le fait qu\u2019aujourd\u2019hui la chambre sert \u00e9galement de salle de bains, de bureau ou de pi\u00e8ce ou salon suppl\u00e9mentaire&#8230; La t\u00eate de lit peut servir de s\u00e9parateur ou organisateur pour red\u00e9finir l\u2019architecture de la chambre mais parfois, il peut \u00e9galement \u00e9pouser la forme des cloisons pour cr\u00e9er un petit espace distinct. Le lit design AREA joue&hellip;<\/p>\n","category_list":"<a href=\"https:\/\/joyana.fr\/en\/category\/deco-design\/designer\/alain-gilles\/\" rel=\"category tag\">Alain GILLES<\/a>, <a href=\"https:\/\/joyana.fr\/en\/category\/deco-design\/\" rel=\"category tag\">DECO-DESIGN<\/a>, <a href=\"https:\/\/joyana.fr\/en\/category\/deco-design\/mobilier\/lit\/\" rel=\"category tag\">Lit<\/a>","author_info":{"display_name":"Jo Yana","author_link":"https:\/\/joyana.fr\/en\/author\/joyana\/"},"comments_num":"0 comments","featured_image_urls_v2":{"full":["https:\/\/i0.wp.com\/joyana.fr\/wp-content\/uploads\/2012\/10\/area-image012.jpg?fit=650%2C650&ssl=1",650,650,false],"thumbnail":["https:\/\/i0.wp.com\/joyana.fr\/wp-content\/uploads\/2012\/10\/area-image012.jpg?resize=150%2C150&ssl=1",150,150,true],"medium":["https:\/\/i0.wp.com\/joyana.fr\/wp-content\/uploads\/2012\/10\/area-image012.jpg?fit=389%2C389&ssl=1",389,389,true],"medium_large":["https:\/\/i0.wp.com\/joyana.fr\/wp-content\/uploads\/2012\/10\/area-image012.jpg?fit=650%2C650&ssl=1",650,650,true],"large":["https:\/\/i0.wp.com\/joyana.fr\/wp-content\/uploads\/2012\/10\/area-image012.jpg?fit=650%2C650&ssl=1",650,650,true],"1536x1536":["https:\/\/i0.wp.com\/joyana.fr\/wp-content\/uploads\/2012\/10\/area-image012.jpg?fit=650%2C650&ssl=1",650,650,true],"2048x2048":["https:\/\/i0.wp.com\/joyana.fr\/wp-content\/uploads\/2012\/10\/area-image012.jpg?fit=650%2C650&ssl=1",650,650,true],"featured-thumb":["https:\/\/i0.wp.com\/joyana.fr\/wp-content\/uploads\/2012\/10\/area-image012.jpg?resize=650%2C650&ssl=1",650,650,true],"ab-block-post-grid-landscape":["https:\/\/i0.wp.com\/joyana.fr\/wp-content\/uploads\/2012\/10\/area-image012.jpg?resize=600%2C400&ssl=1",600,400,true],"ab-block-post-grid-square":["https:\/\/i0.wp.com\/joyana.fr\/wp-content\/uploads\/2012\/10\/area-image012.jpg?resize=600%2C600&ssl=1",600,600,true],"author-pro-image":["https:\/\/i0.wp.com\/joyana.fr\/wp-content\/uploads\/2012\/10\/area-image012.jpg?resize=360%2C570&ssl=1",360,570,true],"slider":["https:\/\/i0.wp.com\/joyana.fr\/wp-content\/uploads\/2012\/10\/area-image012.jpg?resize=650%2C400&ssl=1",650,400,true],"woocommerce_thumbnail":["https:\/\/i0.wp.com\/joyana.fr\/wp-content\/uploads\/2012\/10\/area-image012.jpg?resize=450%2C450&ssl=1",450,450,true],"woocommerce_single":["https:\/\/i0.wp.com\/joyana.fr\/wp-content\/uploads\/2012\/10\/area-image012.jpg?fit=650%2C650&ssl=1",650,650,true],"woocommerce_gallery_thumbnail":["https:\/\/i0.wp.com\/joyana.fr\/wp-content\/uploads\/2012\/10\/area-image012.jpg?resize=180%2C180&ssl=1",180,180,true],"sow-carousel-default":["https:\/\/i0.wp.com\/joyana.fr\/wp-content\/uploads\/2012\/10\/area-image012.jpg?resize=272%2C182&ssl=1",272,182,true]},"post_excerpt_stackable_v2":"<p>Le designer Alain Gilles nous pr\u00e9sente un nouveau concept de lit qu&#8217;il vient de designer pour la marque belge haut de gamme MAGNITUDE&#8230; Alain Gilles d\u00e9veloppe AREA BED &#8211; un nouveau concept prend en compte la destination traditionnelle d\u2019un lit : dormir, mais aussi le fait qu\u2019aujourd\u2019hui la chambre sert \u00e9galement de salle de bains, de bureau ou de pi\u00e8ce ou salon suppl\u00e9mentaire&#8230; La t\u00eate de lit peut servir de s\u00e9parateur ou organisateur pour red\u00e9finir l\u2019architecture de la chambre mais parfois, il peut \u00e9galement \u00e9pouser la forme des cloisons pour cr\u00e9er un petit espace distinct. Le lit design AREA joue&hellip;<\/p>\n","category_list_v2":"<a href=\"https:\/\/joyana.fr\/en\/category\/deco-design\/designer\/alain-gilles\/\" rel=\"category tag\">Alain GILLES<\/a>, <a href=\"https:\/\/joyana.fr\/en\/category\/deco-design\/\" rel=\"category tag\">DECO-DESIGN<\/a>, <a href=\"https:\/\/joyana.fr\/en\/category\/deco-design\/mobilier\/lit\/\" rel=\"category tag\">Lit<\/a>","author_info_v2":{"name":"Jo Yana","url":"https:\/\/joyana.fr\/en\/author\/joyana\/"},"comments_num_v2":"0 comments","yoast_head":"<!-- This site is optimized with the Yoast SEO plugin v26.8 - https:\/\/yoast.com\/product\/yoast-seo-wordpress\/ -->\n<title>Lit AREA BED par MAGNITUDE Design x Alain GILLES\u200f - JO YANA<\/title>\n<meta name=\"robots\" content=\"index, follow, max-snippet:-1, max-image-preview:large, max-video-preview:-1\" \/>\n<link rel=\"canonical\" href=\"https:\/\/joyana.fr\/en\/lit-design-area-bed-magnitude-design-alain-gilles-\u200f\/110987\/\" \/>\n<meta property=\"og:locale\" content=\"en_US\" \/>\n<meta property=\"og:locale:alternate\" content=\"fr_FR\" \/>\n<meta property=\"og:locale:alternate\" content=\"ja\" \/>\n<meta property=\"og:type\" content=\"article\" \/>\n<meta property=\"og:title\" content=\"Lit AREA BED par MAGNITUDE Design x Alain GILLES\u200f - JO YANA\" \/>\n<meta property=\"og:description\" content=\"Le designer Alain Gilles nous pr\u00e9sente un nouveau concept de lit qu&#8217;il vient de designer pour la marque belge haut de gamme MAGNITUDE&#8230; Alain Gilles d\u00e9veloppe AREA BED &#8211; un nouveau concept prend en compte la destination traditionnelle d\u2019un lit : dormir, mais aussi le fait qu\u2019aujourd\u2019hui la chambre sert \u00e9galement de salle de bains, [&hellip;]\" \/>\n<meta property=\"og:url\" content=\"https:\/\/joyana.fr\/en\/lit-design-area-bed-magnitude-design-alain-gilles-\u200f\/110987\/\" \/>\n<meta property=\"og:site_name\" content=\"JO YANA\" \/>\n<meta property=\"article:published_time\" content=\"2012-10-16T06:20:54+00:00\" \/>\n<meta property=\"og:image\" content=\"https:\/\/i0.wp.com\/joyana.fr\/wp-content\/uploads\/2012\/10\/area-image012.jpg?fit=650%2C650&ssl=1\" \/>\n\t<meta property=\"og:image:width\" content=\"650\" \/>\n\t<meta property=\"og:image:height\" content=\"650\" \/>\n\t<meta property=\"og:image:type\" content=\"image\/jpeg\" \/>\n<meta name=\"author\" content=\"Jo Yana\" \/>\n<meta name=\"twitter:card\" content=\"summary_large_image\" \/>\n<meta name=\"twitter:creator\" content=\"@Jo_Yana\" \/>\n<meta name=\"twitter:site\" content=\"@Jo_Yana\" \/>\n<meta name=\"twitter:label1\" content=\"Written by\" \/>\n\t<meta name=\"twitter:data1\" content=\"Jo Yana\" \/>\n\t<meta name=\"twitter:label2\" content=\"Est. reading time\" \/>\n\t<meta name=\"twitter:data2\" content=\"1 minute\" \/>\n<script type=\"application\/ld+json\" class=\"yoast-schema-graph\">{\"@context\":\"https:\/\/schema.org\",\"@graph\":[{\"@type\":\"Article\",\"@id\":\"https:\/\/joyana.fr\/ja\/lit-design-area-bed-magnitude-design-alain-gilles-%e2%80%8f\/110987\/#article\",\"isPartOf\":{\"@id\":\"https:\/\/joyana.fr\/ja\/lit-design-area-bed-magnitude-design-alain-gilles-%e2%80%8f\/110987\/\"},\"author\":{\"name\":\"Jo Yana\",\"@id\":\"https:\/\/joyana.fr\/#\/schema\/person\/cf2a1ad12a27c12c21801075bf37407c\"},\"headline\":\"Lit AREA BED par MAGNITUDE Design x Alain GILLES\u200f\",\"datePublished\":\"2012-10-16T06:20:54+00:00\",\"mainEntityOfPage\":{\"@id\":\"https:\/\/joyana.fr\/ja\/lit-design-area-bed-magnitude-design-alain-gilles-%e2%80%8f\/110987\/\"},\"wordCount\":221,\"commentCount\":0,\"publisher\":{\"@id\":\"https:\/\/joyana.fr\/#\/schema\/person\/cf2a1ad12a27c12c21801075bf37407c\"},\"image\":{\"@id\":\"https:\/\/joyana.fr\/ja\/lit-design-area-bed-magnitude-design-alain-gilles-%e2%80%8f\/110987\/#primaryimage\"},\"thumbnailUrl\":\"https:\/\/i0.wp.com\/joyana.fr\/wp-content\/uploads\/2012\/10\/area-image012.jpg?fit=650%2C650&ssl=1\",\"keywords\":[\"Alain GILLES\",\"Chambre\",\"DESIGN\",\"Lit design\"],\"articleSection\":[\"Alain GILLES\",\"DECO-DESIGN\",\"Lit\"],\"inLanguage\":\"en-US\",\"potentialAction\":[{\"@type\":\"CommentAction\",\"name\":\"Comment\",\"target\":[\"https:\/\/joyana.fr\/ja\/lit-design-area-bed-magnitude-design-alain-gilles-%e2%80%8f\/110987\/#respond\"]}]},{\"@type\":\"WebPage\",\"@id\":\"https:\/\/joyana.fr\/ja\/lit-design-area-bed-magnitude-design-alain-gilles-%e2%80%8f\/110987\/\",\"url\":\"https:\/\/joyana.fr\/ja\/lit-design-area-bed-magnitude-design-alain-gilles-%e2%80%8f\/110987\/\",\"name\":\"Lit AREA BED par MAGNITUDE Design x Alain GILLES\u200f - JO YANA\",\"isPartOf\":{\"@id\":\"https:\/\/joyana.fr\/#website\"},\"primaryImageOfPage\":{\"@id\":\"https:\/\/joyana.fr\/ja\/lit-design-area-bed-magnitude-design-alain-gilles-%e2%80%8f\/110987\/#primaryimage\"},\"image\":{\"@id\":\"https:\/\/joyana.fr\/ja\/lit-design-area-bed-magnitude-design-alain-gilles-%e2%80%8f\/110987\/#primaryimage\"},\"thumbnailUrl\":\"https:\/\/i0.wp.com\/joyana.fr\/wp-content\/uploads\/2012\/10\/area-image012.jpg?fit=650%2C650&ssl=1\",\"datePublished\":\"2012-10-16T06:20:54+00:00\",\"breadcrumb\":{\"@id\":\"https:\/\/joyana.fr\/ja\/lit-design-area-bed-magnitude-design-alain-gilles-%e2%80%8f\/110987\/#breadcrumb\"},\"inLanguage\":\"en-US\",\"potentialAction\":[{\"@type\":\"ReadAction\",\"target\":[\"https:\/\/joyana.fr\/ja\/lit-design-area-bed-magnitude-design-alain-gilles-%e2%80%8f\/110987\/\"]}]},{\"@type\":\"ImageObject\",\"inLanguage\":\"en-US\",\"@id\":\"https:\/\/joyana.fr\/ja\/lit-design-area-bed-magnitude-design-alain-gilles-%e2%80%8f\/110987\/#primaryimage\",\"url\":\"https:\/\/i0.wp.com\/joyana.fr\/wp-content\/uploads\/2012\/10\/area-image012.jpg?fit=650%2C650&ssl=1\",\"contentUrl\":\"https:\/\/i0.wp.com\/joyana.fr\/wp-content\/uploads\/2012\/10\/area-image012.jpg?fit=650%2C650&ssl=1\",\"width\":650,\"height\":650},{\"@type\":\"BreadcrumbList\",\"@id\":\"https:\/\/joyana.fr\/ja\/lit-design-area-bed-magnitude-design-alain-gilles-%e2%80%8f\/110987\/#breadcrumb\",\"itemListElement\":[{\"@type\":\"ListItem\",\"position\":1,\"name\":\"Accueil\",\"item\":\"https:\/\/joyana.fr\/\"},{\"@type\":\"ListItem\",\"position\":2,\"name\":\"Lit AREA BED par MAGNITUDE Design x Alain GILLES\u200f\"}]},{\"@type\":\"WebSite\",\"@id\":\"https:\/\/joyana.fr\/#website\",\"url\":\"https:\/\/joyana.fr\/\",\"name\":\"JO YANA\",\"description\":\"Blog Mode Homme, Lifestyle, D\u00e9co-Design\",\"publisher\":{\"@id\":\"https:\/\/joyana.fr\/#\/schema\/person\/cf2a1ad12a27c12c21801075bf37407c\"},\"potentialAction\":[{\"@type\":\"SearchAction\",\"target\":{\"@type\":\"EntryPoint\",\"urlTemplate\":\"https:\/\/joyana.fr\/?s={search_term_string}\"},\"query-input\":{\"@type\":\"PropertyValueSpecification\",\"valueRequired\":true,\"valueName\":\"search_term_string\"}}],\"inLanguage\":\"en-US\"},{\"@type\":[\"Person\",\"Organization\"],\"@id\":\"https:\/\/joyana.fr\/#\/schema\/person\/cf2a1ad12a27c12c21801075bf37407c\",\"name\":\"Jo Yana\",\"image\":{\"@type\":\"ImageObject\",\"inLanguage\":\"en-US\",\"@id\":\"https:\/\/joyana.fr\/#\/schema\/person\/image\/\",\"url\":\"https:\/\/i0.wp.com\/joyana.fr\/wp-content\/uploads\/2016\/08\/cropped-joyana-logo-black-360x180.png?fit=343%2C164&ssl=1\",\"contentUrl\":\"https:\/\/i0.wp.com\/joyana.fr\/wp-content\/uploads\/2016\/08\/cropped-joyana-logo-black-360x180.png?fit=343%2C164&ssl=1\",\"width\":343,\"height\":164,\"caption\":\"Jo Yana\"},\"logo\":{\"@id\":\"https:\/\/joyana.fr\/#\/schema\/person\/image\/\"},\"description\":\"Jo Yana est le cr\u00e9ateur et r\u00e9dacteur en chef des sites DECO-DESIGN. Passionn\u00e9 de Design, Mode, Photo, Luxe, Lifestyle, Musique, mais avant tout Blogueur ! Le plaisir de partager l'anime et a comme devise \\\"POUR L'AMOUR DU BEAU\\\". Retrouvez le aussi sur son blog personnel - https:\/\/joyana.fr...\",\"sameAs\":[\"https:\/\/joyana.fr\/\"],\"url\":\"https:\/\/joyana.fr\/en\/author\/joyana\/\"}]}<\/script>\n<!-- \/ Yoast SEO plugin. -->","yoast_head_json":{"title":"Lit AREA BED par MAGNITUDE Design x Alain GILLES\u200f - JO YANA","robots":{"index":"index","follow":"follow","max-snippet":"max-snippet:-1","max-image-preview":"max-image-preview:large","max-video-preview":"max-video-preview:-1"},"canonical":"https:\/\/joyana.fr\/en\/lit-design-area-bed-magnitude-design-alain-gilles-\u200f\/110987\/","og_locale":"en_US","og_type":"article","og_title":"Lit AREA BED par MAGNITUDE Design x Alain GILLES\u200f - JO YANA","og_description":"Le designer Alain Gilles nous pr\u00e9sente un nouveau concept de lit qu&#8217;il vient de designer pour la marque belge haut de gamme MAGNITUDE&#8230; Alain Gilles d\u00e9veloppe AREA BED &#8211; un nouveau concept prend en compte la destination traditionnelle d\u2019un lit : dormir, mais aussi le fait qu\u2019aujourd\u2019hui la chambre sert \u00e9galement de salle de bains, [&hellip;]","og_url":"https:\/\/joyana.fr\/en\/lit-design-area-bed-magnitude-design-alain-gilles-\u200f\/110987\/","og_site_name":"JO YANA","article_published_time":"2012-10-16T06:20:54+00:00","og_image":[{"width":650,"height":650,"url":"https:\/\/i0.wp.com\/joyana.fr\/wp-content\/uploads\/2012\/10\/area-image012.jpg?fit=650%2C650&ssl=1","type":"image\/jpeg"}],"author":"Jo Yana","twitter_card":"summary_large_image","twitter_creator":"@Jo_Yana","twitter_site":"@Jo_Yana","twitter_misc":{"Written by":"Jo Yana","Est. reading time":"1 minute"},"schema":{"@context":"https:\/\/schema.org","@graph":[{"@type":"Article","@id":"https:\/\/joyana.fr\/ja\/lit-design-area-bed-magnitude-design-alain-gilles-%e2%80%8f\/110987\/#article","isPartOf":{"@id":"https:\/\/joyana.fr\/ja\/lit-design-area-bed-magnitude-design-alain-gilles-%e2%80%8f\/110987\/"},"author":{"name":"Jo Yana","@id":"https:\/\/joyana.fr\/#\/schema\/person\/cf2a1ad12a27c12c21801075bf37407c"},"headline":"Lit AREA BED par MAGNITUDE Design x Alain GILLES\u200f","datePublished":"2012-10-16T06:20:54+00:00","mainEntityOfPage":{"@id":"https:\/\/joyana.fr\/ja\/lit-design-area-bed-magnitude-design-alain-gilles-%e2%80%8f\/110987\/"},"wordCount":221,"commentCount":0,"publisher":{"@id":"https:\/\/joyana.fr\/#\/schema\/person\/cf2a1ad12a27c12c21801075bf37407c"},"image":{"@id":"https:\/\/joyana.fr\/ja\/lit-design-area-bed-magnitude-design-alain-gilles-%e2%80%8f\/110987\/#primaryimage"},"thumbnailUrl":"https:\/\/i0.wp.com\/joyana.fr\/wp-content\/uploads\/2012\/10\/area-image012.jpg?fit=650%2C650&ssl=1","keywords":["Alain GILLES","Chambre","DESIGN","Lit design"],"articleSection":["Alain GILLES","DECO-DESIGN","Lit"],"inLanguage":"en-US","potentialAction":[{"@type":"CommentAction","name":"Comment","target":["https:\/\/joyana.fr\/ja\/lit-design-area-bed-magnitude-design-alain-gilles-%e2%80%8f\/110987\/#respond"]}]},{"@type":"WebPage","@id":"https:\/\/joyana.fr\/ja\/lit-design-area-bed-magnitude-design-alain-gilles-%e2%80%8f\/110987\/","url":"https:\/\/joyana.fr\/ja\/lit-design-area-bed-magnitude-design-alain-gilles-%e2%80%8f\/110987\/","name":"Lit AREA BED par MAGNITUDE Design x Alain GILLES\u200f - JO YANA","isPartOf":{"@id":"https:\/\/joyana.fr\/#website"},"primaryImageOfPage":{"@id":"https:\/\/joyana.fr\/ja\/lit-design-area-bed-magnitude-design-alain-gilles-%e2%80%8f\/110987\/#primaryimage"},"image":{"@id":"https:\/\/joyana.fr\/ja\/lit-design-area-bed-magnitude-design-alain-gilles-%e2%80%8f\/110987\/#primaryimage"},"thumbnailUrl":"https:\/\/i0.wp.com\/joyana.fr\/wp-content\/uploads\/2012\/10\/area-image012.jpg?fit=650%2C650&ssl=1","datePublished":"2012-10-16T06:20:54+00:00","breadcrumb":{"@id":"https:\/\/joyana.fr\/ja\/lit-design-area-bed-magnitude-design-alain-gilles-%e2%80%8f\/110987\/#breadcrumb"},"inLanguage":"en-US","potentialAction":[{"@type":"ReadAction","target":["https:\/\/joyana.fr\/ja\/lit-design-area-bed-magnitude-design-alain-gilles-%e2%80%8f\/110987\/"]}]},{"@type":"ImageObject","inLanguage":"en-US","@id":"https:\/\/joyana.fr\/ja\/lit-design-area-bed-magnitude-design-alain-gilles-%e2%80%8f\/110987\/#primaryimage","url":"https:\/\/i0.wp.com\/joyana.fr\/wp-content\/uploads\/2012\/10\/area-image012.jpg?fit=650%2C650&ssl=1","contentUrl":"https:\/\/i0.wp.com\/joyana.fr\/wp-content\/uploads\/2012\/10\/area-image012.jpg?fit=650%2C650&ssl=1","width":650,"height":650},{"@type":"BreadcrumbList","@id":"https:\/\/joyana.fr\/ja\/lit-design-area-bed-magnitude-design-alain-gilles-%e2%80%8f\/110987\/#breadcrumb","itemListElement":[{"@type":"ListItem","position":1,"name":"Accueil","item":"https:\/\/joyana.fr\/"},{"@type":"ListItem","position":2,"name":"Lit AREA BED par MAGNITUDE Design x Alain GILLES\u200f"}]},{"@type":"WebSite","@id":"https:\/\/joyana.fr\/#website","url":"https:\/\/joyana.fr\/","name":"JO YANA","description":"Blog Mode Homme, Lifestyle, D\u00e9co-Design","publisher":{"@id":"https:\/\/joyana.fr\/#\/schema\/person\/cf2a1ad12a27c12c21801075bf37407c"},"potentialAction":[{"@type":"SearchAction","target":{"@type":"EntryPoint","urlTemplate":"https:\/\/joyana.fr\/?s={search_term_string}"},"query-input":{"@type":"PropertyValueSpecification","valueRequired":true,"valueName":"search_term_string"}}],"inLanguage":"en-US"},{"@type":["Person","Organization"],"@id":"https:\/\/joyana.fr\/#\/schema\/person\/cf2a1ad12a27c12c21801075bf37407c","name":"Jo Yana","image":{"@type":"ImageObject","inLanguage":"en-US","@id":"https:\/\/joyana.fr\/#\/schema\/person\/image\/","url":"https:\/\/i0.wp.com\/joyana.fr\/wp-content\/uploads\/2016\/08\/cropped-joyana-logo-black-360x180.png?fit=343%2C164&ssl=1","contentUrl":"https:\/\/i0.wp.com\/joyana.fr\/wp-content\/uploads\/2016\/08\/cropped-joyana-logo-black-360x180.png?fit=343%2C164&ssl=1","width":343,"height":164,"caption":"Jo Yana"},"logo":{"@id":"https:\/\/joyana.fr\/#\/schema\/person\/image\/"},"description":"Jo Yana est le cr\u00e9ateur et r\u00e9dacteur en chef des sites DECO-DESIGN. Passionn\u00e9 de Design, Mode, Photo, Luxe, Lifestyle, Musique, mais avant tout Blogueur ! Le plaisir de partager l'anime et a comme devise \"POUR L'AMOUR DU BEAU\". Retrouvez le aussi sur son blog personnel - https:\/\/joyana.fr...","sameAs":["https:\/\/joyana.fr\/"],"url":"https:\/\/joyana.fr\/en\/author\/joyana\/"}]}},"author_meta":{"display_name":"Jo Yana","author_link":"https:\/\/joyana.fr\/en\/author\/joyana\/"},"featured_img":"https:\/\/i0.wp.com\/joyana.fr\/wp-content\/uploads\/2012\/10\/area-image012.jpg?fit=389%2C389&ssl=1","featured_image_src":"https:\/\/i0.wp.com\/joyana.fr\/wp-content\/uploads\/2012\/10\/area-image012.jpg?resize=600%2C400&ssl=1","featured_image_src_square":"https:\/\/i0.wp.com\/joyana.fr\/wp-content\/uploads\/2012\/10\/area-image012.jpg?resize=600%2C600&ssl=1","jetpack_featured_media_url":"https:\/\/i0.wp.com\/joyana.fr\/wp-content\/uploads\/2012\/10\/area-image012.jpg?fit=650%2C650&ssl=1","uagb_featured_image_src":{"full":["https:\/\/i0.wp.com\/joyana.fr\/wp-content\/uploads\/2012\/10\/area-image012.jpg?fit=650%2C650&ssl=1",650,650,false],"thumbnail":["https:\/\/i0.wp.com\/joyana.fr\/wp-content\/uploads\/2012\/10\/area-image012.jpg?resize=150%2C150&ssl=1",150,150,true],"medium":["https:\/\/i0.wp.com\/joyana.fr\/wp-content\/uploads\/2012\/10\/area-image012.jpg?fit=389%2C389&ssl=1",389,389,true],"medium_large":["https:\/\/i0.wp.com\/joyana.fr\/wp-content\/uploads\/2012\/10\/area-image012.jpg?fit=650%2C650&ssl=1",650,650,true],"large":["https:\/\/i0.wp.com\/joyana.fr\/wp-content\/uploads\/2012\/10\/area-image012.jpg?fit=650%2C650&ssl=1",650,650,true],"1536x1536":["https:\/\/i0.wp.com\/joyana.fr\/wp-content\/uploads\/2012\/10\/area-image012.jpg?fit=650%2C650&ssl=1",650,650,true],"2048x2048":["https:\/\/i0.wp.com\/joyana.fr\/wp-content\/uploads\/2012\/10\/area-image012.jpg?fit=650%2C650&ssl=1",650,650,true],"featured-thumb":["https:\/\/i0.wp.com\/joyana.fr\/wp-content\/uploads\/2012\/10\/area-image012.jpg?resize=650%2C650&ssl=1",650,650,true],"ab-block-post-grid-landscape":["https:\/\/i0.wp.com\/joyana.fr\/wp-content\/uploads\/2012\/10\/area-image012.jpg?resize=600%2C400&ssl=1",600,400,true],"ab-block-post-grid-square":["https:\/\/i0.wp.com\/joyana.fr\/wp-content\/uploads\/2012\/10\/area-image012.jpg?resize=600%2C600&ssl=1",600,600,true],"author-pro-image":["https:\/\/i0.wp.com\/joyana.fr\/wp-content\/uploads\/2012\/10\/area-image012.jpg?resize=360%2C570&ssl=1",360,570,true],"slider":["https:\/\/i0.wp.com\/joyana.fr\/wp-content\/uploads\/2012\/10\/area-image012.jpg?resize=650%2C400&ssl=1",650,400,true],"woocommerce_thumbnail":["https:\/\/i0.wp.com\/joyana.fr\/wp-content\/uploads\/2012\/10\/area-image012.jpg?resize=450%2C450&ssl=1",450,450,true],"woocommerce_single":["https:\/\/i0.wp.com\/joyana.fr\/wp-content\/uploads\/2012\/10\/area-image012.jpg?fit=650%2C650&ssl=1",650,650,true],"woocommerce_gallery_thumbnail":["https:\/\/i0.wp.com\/joyana.fr\/wp-content\/uploads\/2012\/10\/area-image012.jpg?resize=180%2C180&ssl=1",180,180,true],"sow-carousel-default":["https:\/\/i0.wp.com\/joyana.fr\/wp-content\/uploads\/2012\/10\/area-image012.jpg?resize=272%2C182&ssl=1",272,182,true]},"uagb_author_info":{"display_name":"Jo Yana","author_link":"https:\/\/joyana.fr\/en\/author\/joyana\/"},"uagb_comment_info":0,"uagb_excerpt":"Le designer Alain Gilles nous pr\u00e9sente un nouveau concept de lit qu&#8217;il vient de designer pour la marque belge haut de gamme MAGNITUDE&#8230; Alain Gilles d\u00e9veloppe AREA BED &#8211; un nouveau concept prend en compte la destination traditionnelle d\u2019un lit : dormir, mais aussi le fait qu\u2019aujourd\u2019hui la chambre sert \u00e9galement de salle de bains,&hellip;","coauthors":[],"tax_additional":{"categories":{"linked":["<a href=\"https:\/\/joyana.fr\/en\/category\/deco-design\/designer\/alain-gilles\/\" class=\"advgb-post-tax-term\">Alain GILLES<\/a>","<a href=\"https:\/\/joyana.fr\/en\/category\/deco-design\/\" class=\"advgb-post-tax-term\">DECO-DESIGN<\/a>","<a href=\"https:\/\/joyana.fr\/en\/category\/deco-design\/mobilier\/lit\/\" class=\"advgb-post-tax-term\">Lit<\/a>"],"unlinked":["<span class=\"advgb-post-tax-term\">Alain GILLES<\/span>","<span class=\"advgb-post-tax-term\">DECO-DESIGN<\/span>","<span class=\"advgb-post-tax-term\">Lit<\/span>"]},"tags":{"linked":["<a href=\"https:\/\/joyana.fr\/en\/category\/deco-design\/mobilier\/lit\/\" class=\"advgb-post-tax-term\">Alain GILLES<\/a>","<a href=\"https:\/\/joyana.fr\/en\/category\/deco-design\/mobilier\/lit\/\" class=\"advgb-post-tax-term\">Chambre<\/a>","<a href=\"https:\/\/joyana.fr\/en\/category\/deco-design\/mobilier\/lit\/\" class=\"advgb-post-tax-term\">DESIGN<\/a>","<a href=\"https:\/\/joyana.fr\/en\/category\/deco-design\/mobilier\/lit\/\" class=\"advgb-post-tax-term\">Lit design<\/a>"],"unlinked":["<span class=\"advgb-post-tax-term\">Alain GILLES<\/span>","<span class=\"advgb-post-tax-term\">Chambre<\/span>","<span class=\"advgb-post-tax-term\">DESIGN<\/span>","<span class=\"advgb-post-tax-term\">Lit design<\/span>"]}},"comment_count":0,"relative_dates":{"created":"Posted 14 years ago","modified":"Updated 14 years ago"},"absolute_dates":{"created":"Posted on 16 October 2012","modified":"Updated on 16 October 2012"},"absolute_dates_time":{"created":"Posted on 16 October 2012 7:20","modified":"Updated on 16 October 2012 7:20"},"featured_img_caption":"","series_order":"","jetpack_sharing_enabled":true,"jetpack_shortlink":"https:\/\/wp.me\/p9bteI-sS7","jetpack-related-posts":[],"_links":{"self":[{"href":"https:\/\/joyana.fr\/en\/wp-json\/wp\/v2\/posts\/110987","targetHints":{"allow":["GET"]}}],"collection":[{"href":"https:\/\/joyana.fr\/en\/wp-json\/wp\/v2\/posts"}],"about":[{"href":"https:\/\/joyana.fr\/en\/wp-json\/wp\/v2\/types\/post"}],"author":[{"embeddable":true,"href":"https:\/\/joyana.fr\/en\/wp-json\/wp\/v2\/users\/3"}],"replies":[{"embeddable":true,"href":"https:\/\/joyana.fr\/en\/wp-json\/wp\/v2\/comments?post=110987"}],"version-history":[{"count":0,"href":"https:\/\/joyana.fr\/en\/wp-json\/wp\/v2\/posts\/110987\/revisions"}],"wp:featuredmedia":[{"embeddable":true,"href":"https:\/\/joyana.fr\/en\/wp-json\/wp\/v2\/media\/110994"}],"wp:attachment":[{"href":"https:\/\/joyana.fr\/en\/wp-json\/wp\/v2\/media?parent=110987"}],"wp:term":[{"taxonomy":"category","embeddable":true,"href":"https:\/\/joyana.fr\/en\/wp-json\/wp\/v2\/categories?post=110987"},{"taxonomy":"post_tag","embeddable":true,"href":"https:\/\/joyana.fr\/en\/wp-json\/wp\/v2\/tags?post=110987"}],"curies":[{"name":"wp","href":"https:\/\/api.w.org\/{rel}","templated":true}]}}