{"id":111483,"date":"2012-12-14T18:30:57","date_gmt":"2012-12-14T17:30:57","guid":{"rendered":"https:\/\/joyana.fr\/?p=11483"},"modified":"2012-12-14T18:30:57","modified_gmt":"2012-12-14T17:30:57","slug":"acca-par-marco-ferreri-pour-smarin","status":"publish","type":"post","link":"https:\/\/joyana.fr\/en\/acca-par-marco-ferreri-pour-smarin\/111483\/","title":{"rendered":"AccA par Marco FERRERI pour SMARIN"},"content":{"rendered":"<p><strong>AccA<\/strong> est une pi\u00e8ce de <strong>mobilier<\/strong> <strong>modulable<\/strong> qui a \u00e9t\u00e9 imagin\u00e9e par <strong>Marco Ferreri<\/strong> pour <strong>Smarin<\/strong>. <strong>AccA<\/strong> est pr\u00eat \u00e0 devenir biblioth\u00e8que, table, table basse, porte revue, mur et pi\u00e8ce&#8230;<\/p>\n<p><img data-recalc-dims=\"1\" fetchpriority=\"high\" decoding=\"async\" class=\"alignnone size-large wp-image-11485\" alt=\"ferrerri octobre 292\" src=\"https:\/\/i0.wp.com\/joyana.fr\/wp-content\/uploads\/2012\/12\/ferrerri-octobre-292.jpg?resize=576%2C383&#038;ssl=1\" width=\"576\" height=\"383\" \/><\/p>\n<p>Depuis 2012, <strong>St\u00e9phanie Marin<\/strong> invite \u00e0 la collaboration des designers, des rencontres fertiles, pour enrichir l&#8217;\u00e9criture de l&#8217;univers des produits <strong>Smarin<\/strong>. <strong>Marco Ferreri<\/strong> en fait parti et ils pr\u00e9sentent ensemble \u00e0 Maison &#038; Objet en 2013 <strong>AccA<\/strong> &#8211; un <strong>module<\/strong> innovant !<\/p>\n<p>La structure est en bois et les deux plans qui l&#8217;assemblent sont en acier repli\u00e9. Quatre vis et le module est pr\u00eat !<br \/>\nIl est pr\u00eat \u00e0 devenir biblioth\u00e8que, table, table basse, porte revue, mur et pi\u00e8ce.<br \/>\nIl est pr\u00eat \u00e0 se faire visser, \u00e0 vouloir devenir un pont&#8230;<br \/>\nIl est pr\u00eat \u00e0 se d\u00e9monter pour devenir mince \u00e0 transporter&#8230;<br \/>\nIl est pr\u00eat.<br \/>\nVia !<\/p>\n<p><img data-recalc-dims=\"1\" decoding=\"async\" class=\"alignnone size-large wp-image-11488\" alt=\"ferrerri octobre 426\" src=\"https:\/\/i0.wp.com\/joyana.fr\/wp-content\/uploads\/2012\/12\/ferrerri-octobre-426.jpg?resize=576%2C865&#038;ssl=1\" width=\"576\" height=\"865\" \/><\/p>\n<p><img data-recalc-dims=\"1\" decoding=\"async\" class=\"alignnone size-large wp-image-11490\" alt=\"ferrerri octobre 448\" src=\"https:\/\/i0.wp.com\/joyana.fr\/wp-content\/uploads\/2012\/12\/ferrerri-octobre-448.jpg?resize=576%2C383&#038;ssl=1\" width=\"576\" height=\"383\" \/><\/p>\n<p><img data-recalc-dims=\"1\" loading=\"lazy\" decoding=\"async\" class=\"alignnone size-large wp-image-11492\" alt=\"ferrerri octobre 761\" src=\"https:\/\/i0.wp.com\/joyana.fr\/wp-content\/uploads\/2012\/12\/ferrerri-octobre-761.jpg?resize=576%2C383&#038;ssl=1\" width=\"576\" height=\"383\" \/><\/p>\n<p><strong>St\u00e9phanie Marin<\/strong> et le designer <strong>Marco Ferreri<\/strong> nous confient : Le nom est <strong>AccA<\/strong>, \u00e9crit comme \u00e7a, \u00e7a veut rien dire mais rappelle la lettre H, chez nous dans les r\u00e9gions du Nord de l&#8217;Italie et ici dans le Sud&#8230;<\/p>\n\n<p style=\"text-align: center;\">En savoir + sur <a title=\"SMARIN\" href=\"http:\/\/www.smarin.net\/\" target=\"_blank\"><strong>SMARIN <\/strong><\/a><\/p>\n","protected":false},"excerpt":{"rendered":"<p>AccA est une pi\u00e8ce de mobilier modulable qui a \u00e9t\u00e9 imagin\u00e9e par Marco Ferreri pour Smarin. AccA est pr\u00eat \u00e0 devenir biblioth\u00e8que, table, table basse, porte revue, mur et pi\u00e8ce&#8230; Depuis 2012, St\u00e9phanie Marin invite \u00e0 la collaboration des designers, des rencontres fertiles, pour enrichir l&#8217;\u00e9criture de l&#8217;univers des produits Smarin. Marco Ferreri en fait [&hellip;]<\/p>\n","protected":false},"author":3,"featured_media":111492,"comment_status":"open","ping_status":"open","sticky":false,"template":"","format":"standard","meta":{"_coblocks_attr":"","_coblocks_dimensions":"","_coblocks_responsive_height":"","_coblocks_accordion_ie_support":"","_uag_custom_page_level_css":"","advgb_blocks_editor_width":"","advgb_blocks_columns_visual_guide":"","_genesis_hide_title":false,"_genesis_hide_breadcrumbs":false,"_genesis_hide_singular_image":false,"_genesis_hide_footer_widgets":false,"_genesis_custom_body_class":"","_genesis_custom_post_class":"","_genesis_layout":"","_themeisle_gutenberg_block_has_review":false,"_jetpack_newsletter_access":"","_jetpack_dont_email_post_to_subs":false,"_jetpack_newsletter_tier_id":0,"_jetpack_memberships_contains_paywalled_content":false,"_jetpack_memberships_contains_paid_content":false,"footnotes":""},"categories":[948,932,905,942,974,1123,944],"tags":[482,78,913,1201],"class_list":{"0":"post-111483","1":"post","2":"type-post","3":"status-publish","4":"format-standard","5":"has-post-thumbnail","7":"category-assise","8":"category-bibliotheque","9":"category-deco-design","10":"category-mobilier","11":"category-mobilier-modulaire","12":"category-smarin","13":"category-table","14":"tag-bois","15":"tag-design","16":"tag-modulable","17":"tag-smarin","18":"entry"},"featured_image_urls":{"full":["https:\/\/i0.wp.com\/joyana.fr\/wp-content\/uploads\/2012\/12\/ferrerri-octobre-761.jpg?fit=800%2C532&ssl=1",800,532,false],"thumbnail":["https:\/\/i0.wp.com\/joyana.fr\/wp-content\/uploads\/2012\/12\/ferrerri-octobre-761.jpg?resize=150%2C150&ssl=1",150,150,true],"medium":["https:\/\/i0.wp.com\/joyana.fr\/wp-content\/uploads\/2012\/12\/ferrerri-octobre-761.jpg?fit=389%2C259&ssl=1",389,259,true],"medium_large":["https:\/\/i0.wp.com\/joyana.fr\/wp-content\/uploads\/2012\/12\/ferrerri-octobre-761.jpg?fit=768%2C511&ssl=1",768,511,true],"large":["https:\/\/i0.wp.com\/joyana.fr\/wp-content\/uploads\/2012\/12\/ferrerri-octobre-761.jpg?fit=800%2C532&ssl=1",800,532,true],"1536x1536":["https:\/\/i0.wp.com\/joyana.fr\/wp-content\/uploads\/2012\/12\/ferrerri-octobre-761.jpg?fit=800%2C532&ssl=1",800,532,true],"2048x2048":["https:\/\/i0.wp.com\/joyana.fr\/wp-content\/uploads\/2012\/12\/ferrerri-octobre-761.jpg?fit=800%2C532&ssl=1",800,532,true],"featured-thumb":["https:\/\/i0.wp.com\/joyana.fr\/wp-content\/uploads\/2012\/12\/ferrerri-octobre-761.jpg?resize=800%2C532&ssl=1",800,532,true],"ab-block-post-grid-landscape":["https:\/\/i0.wp.com\/joyana.fr\/wp-content\/uploads\/2012\/12\/ferrerri-octobre-761.jpg?resize=600%2C400&ssl=1",600,400,true],"ab-block-post-grid-square":["https:\/\/i0.wp.com\/joyana.fr\/wp-content\/uploads\/2012\/12\/ferrerri-octobre-761.jpg?resize=600%2C532&ssl=1",600,532,true],"author-pro-image":["https:\/\/i0.wp.com\/joyana.fr\/wp-content\/uploads\/2012\/12\/ferrerri-octobre-761.jpg?resize=360%2C532&ssl=1",360,532,true],"slider":["https:\/\/i0.wp.com\/joyana.fr\/wp-content\/uploads\/2012\/12\/ferrerri-octobre-761.jpg?resize=800%2C400&ssl=1",800,400,true],"woocommerce_thumbnail":["https:\/\/i0.wp.com\/joyana.fr\/wp-content\/uploads\/2012\/12\/ferrerri-octobre-761.jpg?resize=450%2C450&ssl=1",450,450,true],"woocommerce_single":["https:\/\/i0.wp.com\/joyana.fr\/wp-content\/uploads\/2012\/12\/ferrerri-octobre-761.jpg?fit=800%2C532&ssl=1",800,532,true],"woocommerce_gallery_thumbnail":["https:\/\/i0.wp.com\/joyana.fr\/wp-content\/uploads\/2012\/12\/ferrerri-octobre-761.jpg?resize=180%2C180&ssl=1",180,180,true],"sow-carousel-default":["https:\/\/i0.wp.com\/joyana.fr\/wp-content\/uploads\/2012\/12\/ferrerri-octobre-761.jpg?resize=272%2C182&ssl=1",272,182,true]},"post_excerpt_stackable":"<p>AccA est une pi\u00e8ce de mobilier modulable qui a \u00e9t\u00e9 imagin\u00e9e par Marco Ferreri pour Smarin. AccA est pr\u00eat \u00e0 devenir biblioth\u00e8que, table, table basse, porte revue, mur et pi\u00e8ce&#8230; Depuis 2012, St\u00e9phanie Marin invite \u00e0 la collaboration des designers, des rencontres fertiles, pour enrichir l&#8217;\u00e9criture de l&#8217;univers des produits Smarin. Marco Ferreri en fait parti et ils pr\u00e9sentent ensemble \u00e0 Maison &#038; Objet en 2013 AccA &#8211; un module innovant ! La structure est en bois et les deux plans qui l&#8217;assemblent sont en acier repli\u00e9. Quatre vis et le module est pr\u00eat ! Il est pr\u00eat \u00e0 devenir&hellip;<\/p>\n","category_list":"<a href=\"https:\/\/joyana.fr\/en\/category\/deco-design\/mobilier\/assise\/\" rel=\"category tag\">Assise<\/a>, <a href=\"https:\/\/joyana.fr\/en\/category\/deco-design\/mobilier\/bibliotheque\/\" rel=\"category tag\">Biblioth\u00e8que<\/a>, <a href=\"https:\/\/joyana.fr\/en\/category\/deco-design\/\" rel=\"category tag\">DECO-DESIGN<\/a>, <a href=\"https:\/\/joyana.fr\/en\/category\/deco-design\/mobilier\/\" rel=\"category tag\">Mobilier<\/a>, <a href=\"https:\/\/joyana.fr\/en\/category\/deco-design\/mobilier\/mobilier-modulaire\/\" rel=\"category tag\">Mobilier modulaire<\/a>, <a href=\"https:\/\/joyana.fr\/en\/category\/marques\/smarin\/\" rel=\"category tag\">Smarin<\/a>, <a href=\"https:\/\/joyana.fr\/en\/category\/deco-design\/mobilier\/table\/\" rel=\"category tag\">Table<\/a>","author_info":{"display_name":"Jo Yana","author_link":"https:\/\/joyana.fr\/en\/author\/joyana\/"},"comments_num":"0 comments","featured_image_urls_v2":{"full":["https:\/\/i0.wp.com\/joyana.fr\/wp-content\/uploads\/2012\/12\/ferrerri-octobre-761.jpg?fit=800%2C532&ssl=1",800,532,false],"thumbnail":["https:\/\/i0.wp.com\/joyana.fr\/wp-content\/uploads\/2012\/12\/ferrerri-octobre-761.jpg?resize=150%2C150&ssl=1",150,150,true],"medium":["https:\/\/i0.wp.com\/joyana.fr\/wp-content\/uploads\/2012\/12\/ferrerri-octobre-761.jpg?fit=389%2C259&ssl=1",389,259,true],"medium_large":["https:\/\/i0.wp.com\/joyana.fr\/wp-content\/uploads\/2012\/12\/ferrerri-octobre-761.jpg?fit=768%2C511&ssl=1",768,511,true],"large":["https:\/\/i0.wp.com\/joyana.fr\/wp-content\/uploads\/2012\/12\/ferrerri-octobre-761.jpg?fit=800%2C532&ssl=1",800,532,true],"1536x1536":["https:\/\/i0.wp.com\/joyana.fr\/wp-content\/uploads\/2012\/12\/ferrerri-octobre-761.jpg?fit=800%2C532&ssl=1",800,532,true],"2048x2048":["https:\/\/i0.wp.com\/joyana.fr\/wp-content\/uploads\/2012\/12\/ferrerri-octobre-761.jpg?fit=800%2C532&ssl=1",800,532,true],"featured-thumb":["https:\/\/i0.wp.com\/joyana.fr\/wp-content\/uploads\/2012\/12\/ferrerri-octobre-761.jpg?resize=800%2C532&ssl=1",800,532,true],"ab-block-post-grid-landscape":["https:\/\/i0.wp.com\/joyana.fr\/wp-content\/uploads\/2012\/12\/ferrerri-octobre-761.jpg?resize=600%2C400&ssl=1",600,400,true],"ab-block-post-grid-square":["https:\/\/i0.wp.com\/joyana.fr\/wp-content\/uploads\/2012\/12\/ferrerri-octobre-761.jpg?resize=600%2C532&ssl=1",600,532,true],"author-pro-image":["https:\/\/i0.wp.com\/joyana.fr\/wp-content\/uploads\/2012\/12\/ferrerri-octobre-761.jpg?resize=360%2C532&ssl=1",360,532,true],"slider":["https:\/\/i0.wp.com\/joyana.fr\/wp-content\/uploads\/2012\/12\/ferrerri-octobre-761.jpg?resize=800%2C400&ssl=1",800,400,true],"woocommerce_thumbnail":["https:\/\/i0.wp.com\/joyana.fr\/wp-content\/uploads\/2012\/12\/ferrerri-octobre-761.jpg?resize=450%2C450&ssl=1",450,450,true],"woocommerce_single":["https:\/\/i0.wp.com\/joyana.fr\/wp-content\/uploads\/2012\/12\/ferrerri-octobre-761.jpg?fit=800%2C532&ssl=1",800,532,true],"woocommerce_gallery_thumbnail":["https:\/\/i0.wp.com\/joyana.fr\/wp-content\/uploads\/2012\/12\/ferrerri-octobre-761.jpg?resize=180%2C180&ssl=1",180,180,true],"sow-carousel-default":["https:\/\/i0.wp.com\/joyana.fr\/wp-content\/uploads\/2012\/12\/ferrerri-octobre-761.jpg?resize=272%2C182&ssl=1",272,182,true]},"post_excerpt_stackable_v2":"<p>AccA est une pi\u00e8ce de mobilier modulable qui a \u00e9t\u00e9 imagin\u00e9e par Marco Ferreri pour Smarin. AccA est pr\u00eat \u00e0 devenir biblioth\u00e8que, table, table basse, porte revue, mur et pi\u00e8ce&#8230; Depuis 2012, St\u00e9phanie Marin invite \u00e0 la collaboration des designers, des rencontres fertiles, pour enrichir l&#8217;\u00e9criture de l&#8217;univers des produits Smarin. Marco Ferreri en fait parti et ils pr\u00e9sentent ensemble \u00e0 Maison &#038; Objet en 2013 AccA &#8211; un module innovant ! La structure est en bois et les deux plans qui l&#8217;assemblent sont en acier repli\u00e9. Quatre vis et le module est pr\u00eat ! Il est pr\u00eat \u00e0 devenir&hellip;<\/p>\n","category_list_v2":"<a href=\"https:\/\/joyana.fr\/en\/category\/deco-design\/mobilier\/assise\/\" rel=\"category tag\">Assise<\/a>, <a href=\"https:\/\/joyana.fr\/en\/category\/deco-design\/mobilier\/bibliotheque\/\" rel=\"category tag\">Biblioth\u00e8que<\/a>, <a href=\"https:\/\/joyana.fr\/en\/category\/deco-design\/\" rel=\"category tag\">DECO-DESIGN<\/a>, <a href=\"https:\/\/joyana.fr\/en\/category\/deco-design\/mobilier\/\" rel=\"category tag\">Mobilier<\/a>, <a href=\"https:\/\/joyana.fr\/en\/category\/deco-design\/mobilier\/mobilier-modulaire\/\" rel=\"category tag\">Mobilier modulaire<\/a>, <a href=\"https:\/\/joyana.fr\/en\/category\/marques\/smarin\/\" rel=\"category tag\">Smarin<\/a>, <a href=\"https:\/\/joyana.fr\/en\/category\/deco-design\/mobilier\/table\/\" rel=\"category tag\">Table<\/a>","author_info_v2":{"name":"Jo Yana","url":"https:\/\/joyana.fr\/en\/author\/joyana\/"},"comments_num_v2":"0 comments","yoast_head":"<!-- This site is optimized with the Yoast SEO plugin v26.8 - https:\/\/yoast.com\/product\/yoast-seo-wordpress\/ -->\n<title>AccA par Marco FERRERI pour SMARIN - JO YANA<\/title>\n<meta name=\"robots\" content=\"index, follow, max-snippet:-1, max-image-preview:large, max-video-preview:-1\" \/>\n<link rel=\"canonical\" href=\"https:\/\/joyana.fr\/en\/acca-par-marco-ferreri-pour-smarin\/111483\/\" \/>\n<meta property=\"og:locale\" content=\"en_US\" \/>\n<meta property=\"og:locale:alternate\" content=\"fr_FR\" \/>\n<meta property=\"og:locale:alternate\" content=\"ja\" \/>\n<meta property=\"og:type\" content=\"article\" \/>\n<meta property=\"og:title\" content=\"AccA par Marco FERRERI pour SMARIN - JO YANA\" \/>\n<meta property=\"og:description\" content=\"AccA est une pi\u00e8ce de mobilier modulable qui a \u00e9t\u00e9 imagin\u00e9e par Marco Ferreri pour Smarin. AccA est pr\u00eat \u00e0 devenir biblioth\u00e8que, table, table basse, porte revue, mur et pi\u00e8ce&#8230; Depuis 2012, St\u00e9phanie Marin invite \u00e0 la collaboration des designers, des rencontres fertiles, pour enrichir l&#8217;\u00e9criture de l&#8217;univers des produits Smarin. Marco Ferreri en fait [&hellip;]\" \/>\n<meta property=\"og:url\" content=\"https:\/\/joyana.fr\/en\/acca-par-marco-ferreri-pour-smarin\/111483\/\" \/>\n<meta property=\"og:site_name\" content=\"JO YANA\" \/>\n<meta property=\"article:published_time\" content=\"2012-12-14T17:30:57+00:00\" \/>\n<meta property=\"og:image\" content=\"https:\/\/i0.wp.com\/joyana.fr\/wp-content\/uploads\/2012\/12\/ferrerri-octobre-761.jpg?fit=800%2C532&ssl=1\" \/>\n\t<meta property=\"og:image:width\" content=\"800\" \/>\n\t<meta property=\"og:image:height\" content=\"532\" \/>\n\t<meta property=\"og:image:type\" content=\"image\/jpeg\" \/>\n<meta name=\"author\" content=\"Jo Yana\" \/>\n<meta name=\"twitter:card\" content=\"summary_large_image\" \/>\n<meta name=\"twitter:creator\" content=\"@Jo_Yana\" \/>\n<meta name=\"twitter:site\" content=\"@Jo_Yana\" \/>\n<meta name=\"twitter:label1\" content=\"Written by\" \/>\n\t<meta name=\"twitter:data1\" content=\"Jo Yana\" \/>\n\t<meta name=\"twitter:label2\" content=\"Est. reading time\" \/>\n\t<meta name=\"twitter:data2\" content=\"1 minute\" \/>\n<script type=\"application\/ld+json\" class=\"yoast-schema-graph\">{\"@context\":\"https:\/\/schema.org\",\"@graph\":[{\"@type\":\"Article\",\"@id\":\"https:\/\/joyana.fr\/en\/acca-par-marco-ferreri-pour-smarin\/111483\/#article\",\"isPartOf\":{\"@id\":\"https:\/\/joyana.fr\/en\/acca-par-marco-ferreri-pour-smarin\/111483\/\"},\"author\":{\"name\":\"Jo Yana\",\"@id\":\"https:\/\/joyana.fr\/en\/#\/schema\/person\/cf2a1ad12a27c12c21801075bf37407c\"},\"headline\":\"AccA par Marco FERRERI pour SMARIN\",\"datePublished\":\"2012-12-14T17:30:57+00:00\",\"mainEntityOfPage\":{\"@id\":\"https:\/\/joyana.fr\/en\/acca-par-marco-ferreri-pour-smarin\/111483\/\"},\"wordCount\":199,\"commentCount\":0,\"publisher\":{\"@id\":\"https:\/\/joyana.fr\/en\/#\/schema\/person\/cf2a1ad12a27c12c21801075bf37407c\"},\"image\":{\"@id\":\"https:\/\/joyana.fr\/en\/acca-par-marco-ferreri-pour-smarin\/111483\/#primaryimage\"},\"thumbnailUrl\":\"https:\/\/i0.wp.com\/joyana.fr\/wp-content\/uploads\/2012\/12\/ferrerri-octobre-761.jpg?fit=800%2C532&ssl=1\",\"keywords\":[\"Bois\",\"DESIGN\",\"Modulable\",\"Smarin\"],\"articleSection\":[\"Assise\",\"Biblioth\u00e8que\",\"DECO-DESIGN\",\"Mobilier\",\"Mobilier modulaire\",\"Smarin\",\"Table\"],\"inLanguage\":\"en-US\",\"potentialAction\":[{\"@type\":\"CommentAction\",\"name\":\"Comment\",\"target\":[\"https:\/\/joyana.fr\/en\/acca-par-marco-ferreri-pour-smarin\/111483\/#respond\"]}]},{\"@type\":\"WebPage\",\"@id\":\"https:\/\/joyana.fr\/en\/acca-par-marco-ferreri-pour-smarin\/111483\/\",\"url\":\"https:\/\/joyana.fr\/en\/acca-par-marco-ferreri-pour-smarin\/111483\/\",\"name\":\"AccA par Marco FERRERI pour SMARIN - JO YANA\",\"isPartOf\":{\"@id\":\"https:\/\/joyana.fr\/en\/#website\"},\"primaryImageOfPage\":{\"@id\":\"https:\/\/joyana.fr\/en\/acca-par-marco-ferreri-pour-smarin\/111483\/#primaryimage\"},\"image\":{\"@id\":\"https:\/\/joyana.fr\/en\/acca-par-marco-ferreri-pour-smarin\/111483\/#primaryimage\"},\"thumbnailUrl\":\"https:\/\/i0.wp.com\/joyana.fr\/wp-content\/uploads\/2012\/12\/ferrerri-octobre-761.jpg?fit=800%2C532&ssl=1\",\"datePublished\":\"2012-12-14T17:30:57+00:00\",\"breadcrumb\":{\"@id\":\"https:\/\/joyana.fr\/en\/acca-par-marco-ferreri-pour-smarin\/111483\/#breadcrumb\"},\"inLanguage\":\"en-US\",\"potentialAction\":[{\"@type\":\"ReadAction\",\"target\":[\"https:\/\/joyana.fr\/en\/acca-par-marco-ferreri-pour-smarin\/111483\/\"]}]},{\"@type\":\"ImageObject\",\"inLanguage\":\"en-US\",\"@id\":\"https:\/\/joyana.fr\/en\/acca-par-marco-ferreri-pour-smarin\/111483\/#primaryimage\",\"url\":\"https:\/\/i0.wp.com\/joyana.fr\/wp-content\/uploads\/2012\/12\/ferrerri-octobre-761.jpg?fit=800%2C532&ssl=1\",\"contentUrl\":\"https:\/\/i0.wp.com\/joyana.fr\/wp-content\/uploads\/2012\/12\/ferrerri-octobre-761.jpg?fit=800%2C532&ssl=1\",\"width\":800,\"height\":532},{\"@type\":\"BreadcrumbList\",\"@id\":\"https:\/\/joyana.fr\/en\/acca-par-marco-ferreri-pour-smarin\/111483\/#breadcrumb\",\"itemListElement\":[{\"@type\":\"ListItem\",\"position\":1,\"name\":\"Accueil\",\"item\":\"https:\/\/joyana.fr\/en\/\"},{\"@type\":\"ListItem\",\"position\":2,\"name\":\"AccA par Marco FERRERI pour SMARIN\"}]},{\"@type\":\"WebSite\",\"@id\":\"https:\/\/joyana.fr\/en\/#website\",\"url\":\"https:\/\/joyana.fr\/en\/\",\"name\":\"JO YANA\",\"description\":\"Blog Mode Homme, Lifestyle, D\u00e9co-Design\",\"publisher\":{\"@id\":\"https:\/\/joyana.fr\/en\/#\/schema\/person\/cf2a1ad12a27c12c21801075bf37407c\"},\"potentialAction\":[{\"@type\":\"SearchAction\",\"target\":{\"@type\":\"EntryPoint\",\"urlTemplate\":\"https:\/\/joyana.fr\/en\/?s={search_term_string}\"},\"query-input\":{\"@type\":\"PropertyValueSpecification\",\"valueRequired\":true,\"valueName\":\"search_term_string\"}}],\"inLanguage\":\"en-US\"},{\"@type\":[\"Person\",\"Organization\"],\"@id\":\"https:\/\/joyana.fr\/en\/#\/schema\/person\/cf2a1ad12a27c12c21801075bf37407c\",\"name\":\"Jo Yana\",\"image\":{\"@type\":\"ImageObject\",\"inLanguage\":\"en-US\",\"@id\":\"https:\/\/joyana.fr\/en\/#\/schema\/person\/image\/\",\"url\":\"https:\/\/i0.wp.com\/joyana.fr\/wp-content\/uploads\/2016\/08\/cropped-joyana-logo-black-360x180.png?fit=343%2C164&ssl=1\",\"contentUrl\":\"https:\/\/i0.wp.com\/joyana.fr\/wp-content\/uploads\/2016\/08\/cropped-joyana-logo-black-360x180.png?fit=343%2C164&ssl=1\",\"width\":343,\"height\":164,\"caption\":\"Jo Yana\"},\"logo\":{\"@id\":\"https:\/\/joyana.fr\/en\/#\/schema\/person\/image\/\"},\"description\":\"Jo Yana est le cr\u00e9ateur et r\u00e9dacteur en chef des sites DECO-DESIGN. Passionn\u00e9 de Design, Mode, Photo, Luxe, Lifestyle, Musique, mais avant tout Blogueur ! Le plaisir de partager l'anime et a comme devise \\\"POUR L'AMOUR DU BEAU\\\". Retrouvez le aussi sur son blog personnel - https:\/\/joyana.fr...\",\"sameAs\":[\"https:\/\/joyana.fr\/\"],\"url\":\"https:\/\/joyana.fr\/en\/author\/joyana\/\"}]}<\/script>\n<!-- \/ Yoast SEO plugin. -->","yoast_head_json":{"title":"AccA par Marco FERRERI pour SMARIN - JO YANA","robots":{"index":"index","follow":"follow","max-snippet":"max-snippet:-1","max-image-preview":"max-image-preview:large","max-video-preview":"max-video-preview:-1"},"canonical":"https:\/\/joyana.fr\/en\/acca-par-marco-ferreri-pour-smarin\/111483\/","og_locale":"en_US","og_type":"article","og_title":"AccA par Marco FERRERI pour SMARIN - JO YANA","og_description":"AccA est une pi\u00e8ce de mobilier modulable qui a \u00e9t\u00e9 imagin\u00e9e par Marco Ferreri pour Smarin. AccA est pr\u00eat \u00e0 devenir biblioth\u00e8que, table, table basse, porte revue, mur et pi\u00e8ce&#8230; Depuis 2012, St\u00e9phanie Marin invite \u00e0 la collaboration des designers, des rencontres fertiles, pour enrichir l&#8217;\u00e9criture de l&#8217;univers des produits Smarin. Marco Ferreri en fait [&hellip;]","og_url":"https:\/\/joyana.fr\/en\/acca-par-marco-ferreri-pour-smarin\/111483\/","og_site_name":"JO YANA","article_published_time":"2012-12-14T17:30:57+00:00","og_image":[{"width":800,"height":532,"url":"https:\/\/i0.wp.com\/joyana.fr\/wp-content\/uploads\/2012\/12\/ferrerri-octobre-761.jpg?fit=800%2C532&ssl=1","type":"image\/jpeg"}],"author":"Jo Yana","twitter_card":"summary_large_image","twitter_creator":"@Jo_Yana","twitter_site":"@Jo_Yana","twitter_misc":{"Written by":"Jo Yana","Est. reading time":"1 minute"},"schema":{"@context":"https:\/\/schema.org","@graph":[{"@type":"Article","@id":"https:\/\/joyana.fr\/en\/acca-par-marco-ferreri-pour-smarin\/111483\/#article","isPartOf":{"@id":"https:\/\/joyana.fr\/en\/acca-par-marco-ferreri-pour-smarin\/111483\/"},"author":{"name":"Jo Yana","@id":"https:\/\/joyana.fr\/en\/#\/schema\/person\/cf2a1ad12a27c12c21801075bf37407c"},"headline":"AccA par Marco FERRERI pour SMARIN","datePublished":"2012-12-14T17:30:57+00:00","mainEntityOfPage":{"@id":"https:\/\/joyana.fr\/en\/acca-par-marco-ferreri-pour-smarin\/111483\/"},"wordCount":199,"commentCount":0,"publisher":{"@id":"https:\/\/joyana.fr\/en\/#\/schema\/person\/cf2a1ad12a27c12c21801075bf37407c"},"image":{"@id":"https:\/\/joyana.fr\/en\/acca-par-marco-ferreri-pour-smarin\/111483\/#primaryimage"},"thumbnailUrl":"https:\/\/i0.wp.com\/joyana.fr\/wp-content\/uploads\/2012\/12\/ferrerri-octobre-761.jpg?fit=800%2C532&ssl=1","keywords":["Bois","DESIGN","Modulable","Smarin"],"articleSection":["Assise","Biblioth\u00e8que","DECO-DESIGN","Mobilier","Mobilier modulaire","Smarin","Table"],"inLanguage":"en-US","potentialAction":[{"@type":"CommentAction","name":"Comment","target":["https:\/\/joyana.fr\/en\/acca-par-marco-ferreri-pour-smarin\/111483\/#respond"]}]},{"@type":"WebPage","@id":"https:\/\/joyana.fr\/en\/acca-par-marco-ferreri-pour-smarin\/111483\/","url":"https:\/\/joyana.fr\/en\/acca-par-marco-ferreri-pour-smarin\/111483\/","name":"AccA par Marco FERRERI pour SMARIN - JO YANA","isPartOf":{"@id":"https:\/\/joyana.fr\/en\/#website"},"primaryImageOfPage":{"@id":"https:\/\/joyana.fr\/en\/acca-par-marco-ferreri-pour-smarin\/111483\/#primaryimage"},"image":{"@id":"https:\/\/joyana.fr\/en\/acca-par-marco-ferreri-pour-smarin\/111483\/#primaryimage"},"thumbnailUrl":"https:\/\/i0.wp.com\/joyana.fr\/wp-content\/uploads\/2012\/12\/ferrerri-octobre-761.jpg?fit=800%2C532&ssl=1","datePublished":"2012-12-14T17:30:57+00:00","breadcrumb":{"@id":"https:\/\/joyana.fr\/en\/acca-par-marco-ferreri-pour-smarin\/111483\/#breadcrumb"},"inLanguage":"en-US","potentialAction":[{"@type":"ReadAction","target":["https:\/\/joyana.fr\/en\/acca-par-marco-ferreri-pour-smarin\/111483\/"]}]},{"@type":"ImageObject","inLanguage":"en-US","@id":"https:\/\/joyana.fr\/en\/acca-par-marco-ferreri-pour-smarin\/111483\/#primaryimage","url":"https:\/\/i0.wp.com\/joyana.fr\/wp-content\/uploads\/2012\/12\/ferrerri-octobre-761.jpg?fit=800%2C532&ssl=1","contentUrl":"https:\/\/i0.wp.com\/joyana.fr\/wp-content\/uploads\/2012\/12\/ferrerri-octobre-761.jpg?fit=800%2C532&ssl=1","width":800,"height":532},{"@type":"BreadcrumbList","@id":"https:\/\/joyana.fr\/en\/acca-par-marco-ferreri-pour-smarin\/111483\/#breadcrumb","itemListElement":[{"@type":"ListItem","position":1,"name":"Accueil","item":"https:\/\/joyana.fr\/en\/"},{"@type":"ListItem","position":2,"name":"AccA par Marco FERRERI pour SMARIN"}]},{"@type":"WebSite","@id":"https:\/\/joyana.fr\/en\/#website","url":"https:\/\/joyana.fr\/en\/","name":"JO YANA","description":"Blog Mode Homme, Lifestyle, D\u00e9co-Design","publisher":{"@id":"https:\/\/joyana.fr\/en\/#\/schema\/person\/cf2a1ad12a27c12c21801075bf37407c"},"potentialAction":[{"@type":"SearchAction","target":{"@type":"EntryPoint","urlTemplate":"https:\/\/joyana.fr\/en\/?s={search_term_string}"},"query-input":{"@type":"PropertyValueSpecification","valueRequired":true,"valueName":"search_term_string"}}],"inLanguage":"en-US"},{"@type":["Person","Organization"],"@id":"https:\/\/joyana.fr\/en\/#\/schema\/person\/cf2a1ad12a27c12c21801075bf37407c","name":"Jo Yana","image":{"@type":"ImageObject","inLanguage":"en-US","@id":"https:\/\/joyana.fr\/en\/#\/schema\/person\/image\/","url":"https:\/\/i0.wp.com\/joyana.fr\/wp-content\/uploads\/2016\/08\/cropped-joyana-logo-black-360x180.png?fit=343%2C164&ssl=1","contentUrl":"https:\/\/i0.wp.com\/joyana.fr\/wp-content\/uploads\/2016\/08\/cropped-joyana-logo-black-360x180.png?fit=343%2C164&ssl=1","width":343,"height":164,"caption":"Jo Yana"},"logo":{"@id":"https:\/\/joyana.fr\/en\/#\/schema\/person\/image\/"},"description":"Jo Yana est le cr\u00e9ateur et r\u00e9dacteur en chef des sites DECO-DESIGN. Passionn\u00e9 de Design, Mode, Photo, Luxe, Lifestyle, Musique, mais avant tout Blogueur ! Le plaisir de partager l'anime et a comme devise \"POUR L'AMOUR DU BEAU\". Retrouvez le aussi sur son blog personnel - https:\/\/joyana.fr...","sameAs":["https:\/\/joyana.fr\/"],"url":"https:\/\/joyana.fr\/en\/author\/joyana\/"}]}},"author_meta":{"display_name":"Jo Yana","author_link":"https:\/\/joyana.fr\/en\/author\/joyana\/"},"featured_img":"https:\/\/i0.wp.com\/joyana.fr\/wp-content\/uploads\/2012\/12\/ferrerri-octobre-761.jpg?fit=389%2C259&ssl=1","featured_image_src":"https:\/\/i0.wp.com\/joyana.fr\/wp-content\/uploads\/2012\/12\/ferrerri-octobre-761.jpg?resize=600%2C400&ssl=1","featured_image_src_square":"https:\/\/i0.wp.com\/joyana.fr\/wp-content\/uploads\/2012\/12\/ferrerri-octobre-761.jpg?resize=600%2C532&ssl=1","jetpack_featured_media_url":"https:\/\/i0.wp.com\/joyana.fr\/wp-content\/uploads\/2012\/12\/ferrerri-octobre-761.jpg?fit=800%2C532&ssl=1","uagb_featured_image_src":{"full":["https:\/\/i0.wp.com\/joyana.fr\/wp-content\/uploads\/2012\/12\/ferrerri-octobre-761.jpg?fit=800%2C532&ssl=1",800,532,false],"thumbnail":["https:\/\/i0.wp.com\/joyana.fr\/wp-content\/uploads\/2012\/12\/ferrerri-octobre-761.jpg?resize=150%2C150&ssl=1",150,150,true],"medium":["https:\/\/i0.wp.com\/joyana.fr\/wp-content\/uploads\/2012\/12\/ferrerri-octobre-761.jpg?fit=389%2C259&ssl=1",389,259,true],"medium_large":["https:\/\/i0.wp.com\/joyana.fr\/wp-content\/uploads\/2012\/12\/ferrerri-octobre-761.jpg?fit=768%2C511&ssl=1",768,511,true],"large":["https:\/\/i0.wp.com\/joyana.fr\/wp-content\/uploads\/2012\/12\/ferrerri-octobre-761.jpg?fit=800%2C532&ssl=1",800,532,true],"1536x1536":["https:\/\/i0.wp.com\/joyana.fr\/wp-content\/uploads\/2012\/12\/ferrerri-octobre-761.jpg?fit=800%2C532&ssl=1",800,532,true],"2048x2048":["https:\/\/i0.wp.com\/joyana.fr\/wp-content\/uploads\/2012\/12\/ferrerri-octobre-761.jpg?fit=800%2C532&ssl=1",800,532,true],"featured-thumb":["https:\/\/i0.wp.com\/joyana.fr\/wp-content\/uploads\/2012\/12\/ferrerri-octobre-761.jpg?resize=800%2C532&ssl=1",800,532,true],"ab-block-post-grid-landscape":["https:\/\/i0.wp.com\/joyana.fr\/wp-content\/uploads\/2012\/12\/ferrerri-octobre-761.jpg?resize=600%2C400&ssl=1",600,400,true],"ab-block-post-grid-square":["https:\/\/i0.wp.com\/joyana.fr\/wp-content\/uploads\/2012\/12\/ferrerri-octobre-761.jpg?resize=600%2C532&ssl=1",600,532,true],"author-pro-image":["https:\/\/i0.wp.com\/joyana.fr\/wp-content\/uploads\/2012\/12\/ferrerri-octobre-761.jpg?resize=360%2C532&ssl=1",360,532,true],"slider":["https:\/\/i0.wp.com\/joyana.fr\/wp-content\/uploads\/2012\/12\/ferrerri-octobre-761.jpg?resize=800%2C400&ssl=1",800,400,true],"woocommerce_thumbnail":["https:\/\/i0.wp.com\/joyana.fr\/wp-content\/uploads\/2012\/12\/ferrerri-octobre-761.jpg?resize=450%2C450&ssl=1",450,450,true],"woocommerce_single":["https:\/\/i0.wp.com\/joyana.fr\/wp-content\/uploads\/2012\/12\/ferrerri-octobre-761.jpg?fit=800%2C532&ssl=1",800,532,true],"woocommerce_gallery_thumbnail":["https:\/\/i0.wp.com\/joyana.fr\/wp-content\/uploads\/2012\/12\/ferrerri-octobre-761.jpg?resize=180%2C180&ssl=1",180,180,true],"sow-carousel-default":["https:\/\/i0.wp.com\/joyana.fr\/wp-content\/uploads\/2012\/12\/ferrerri-octobre-761.jpg?resize=272%2C182&ssl=1",272,182,true]},"uagb_author_info":{"display_name":"Jo Yana","author_link":"https:\/\/joyana.fr\/en\/author\/joyana\/"},"uagb_comment_info":0,"uagb_excerpt":"AccA est une pi\u00e8ce de mobilier modulable qui a \u00e9t\u00e9 imagin\u00e9e par Marco Ferreri pour Smarin. AccA est pr\u00eat \u00e0 devenir biblioth\u00e8que, table, table basse, porte revue, mur et pi\u00e8ce&#8230; Depuis 2012, St\u00e9phanie Marin invite \u00e0 la collaboration des designers, des rencontres fertiles, pour enrichir l&#8217;\u00e9criture de l&#8217;univers des produits Smarin. Marco Ferreri en fait&hellip;","coauthors":[],"tax_additional":{"categories":{"linked":["<a href=\"https:\/\/joyana.fr\/en\/category\/deco-design\/mobilier\/assise\/\" class=\"advgb-post-tax-term\">Assise<\/a>","<a href=\"https:\/\/joyana.fr\/en\/category\/deco-design\/mobilier\/bibliotheque\/\" class=\"advgb-post-tax-term\">Biblioth\u00e8que<\/a>","<a href=\"https:\/\/joyana.fr\/en\/category\/deco-design\/\" class=\"advgb-post-tax-term\">DECO-DESIGN<\/a>","<a href=\"https:\/\/joyana.fr\/en\/category\/deco-design\/mobilier\/\" class=\"advgb-post-tax-term\">Mobilier<\/a>","<a href=\"https:\/\/joyana.fr\/en\/category\/deco-design\/mobilier\/mobilier-modulaire\/\" class=\"advgb-post-tax-term\">Mobilier modulaire<\/a>","<a href=\"https:\/\/joyana.fr\/en\/category\/marques\/smarin\/\" class=\"advgb-post-tax-term\">Smarin<\/a>","<a href=\"https:\/\/joyana.fr\/en\/category\/deco-design\/mobilier\/table\/\" class=\"advgb-post-tax-term\">Table<\/a>"],"unlinked":["<span class=\"advgb-post-tax-term\">Assise<\/span>","<span class=\"advgb-post-tax-term\">Biblioth\u00e8que<\/span>","<span class=\"advgb-post-tax-term\">DECO-DESIGN<\/span>","<span class=\"advgb-post-tax-term\">Mobilier<\/span>","<span class=\"advgb-post-tax-term\">Mobilier modulaire<\/span>","<span class=\"advgb-post-tax-term\">Smarin<\/span>","<span class=\"advgb-post-tax-term\">Table<\/span>"]},"tags":{"linked":["<a href=\"https:\/\/joyana.fr\/en\/category\/deco-design\/mobilier\/table\/\" class=\"advgb-post-tax-term\">Bois<\/a>","<a href=\"https:\/\/joyana.fr\/en\/category\/deco-design\/mobilier\/table\/\" class=\"advgb-post-tax-term\">DESIGN<\/a>","<a href=\"https:\/\/joyana.fr\/en\/category\/deco-design\/mobilier\/table\/\" class=\"advgb-post-tax-term\">Modulable<\/a>","<a href=\"https:\/\/joyana.fr\/en\/category\/deco-design\/mobilier\/table\/\" class=\"advgb-post-tax-term\">Smarin<\/a>"],"unlinked":["<span class=\"advgb-post-tax-term\">Bois<\/span>","<span class=\"advgb-post-tax-term\">DESIGN<\/span>","<span class=\"advgb-post-tax-term\">Modulable<\/span>","<span class=\"advgb-post-tax-term\">Smarin<\/span>"]}},"comment_count":0,"relative_dates":{"created":"Posted 13 years ago","modified":"Updated 13 years ago"},"absolute_dates":{"created":"Posted on 14 December 2012","modified":"Updated on 14 December 2012"},"absolute_dates_time":{"created":"Posted on 14 December 2012 18:30","modified":"Updated on 14 December 2012 18:30"},"featured_img_caption":"","series_order":"","jetpack_sharing_enabled":true,"jetpack_shortlink":"https:\/\/wp.me\/p9bteI-t07","jetpack-related-posts":[],"_links":{"self":[{"href":"https:\/\/joyana.fr\/en\/wp-json\/wp\/v2\/posts\/111483","targetHints":{"allow":["GET"]}}],"collection":[{"href":"https:\/\/joyana.fr\/en\/wp-json\/wp\/v2\/posts"}],"about":[{"href":"https:\/\/joyana.fr\/en\/wp-json\/wp\/v2\/types\/post"}],"author":[{"embeddable":true,"href":"https:\/\/joyana.fr\/en\/wp-json\/wp\/v2\/users\/3"}],"replies":[{"embeddable":true,"href":"https:\/\/joyana.fr\/en\/wp-json\/wp\/v2\/comments?post=111483"}],"version-history":[{"count":0,"href":"https:\/\/joyana.fr\/en\/wp-json\/wp\/v2\/posts\/111483\/revisions"}],"wp:featuredmedia":[{"embeddable":true,"href":"https:\/\/joyana.fr\/en\/wp-json\/wp\/v2\/media\/111492"}],"wp:attachment":[{"href":"https:\/\/joyana.fr\/en\/wp-json\/wp\/v2\/media?parent=111483"}],"wp:term":[{"taxonomy":"category","embeddable":true,"href":"https:\/\/joyana.fr\/en\/wp-json\/wp\/v2\/categories?post=111483"},{"taxonomy":"post_tag","embeddable":true,"href":"https:\/\/joyana.fr\/en\/wp-json\/wp\/v2\/tags?post=111483"}],"curies":[{"name":"wp","href":"https:\/\/api.w.org\/{rel}","templated":true}]}}