{"id":111631,"date":"2013-01-03T08:00:39","date_gmt":"2013-01-03T07:00:39","guid":{"rendered":"https:\/\/joyana.fr\/?p=11631"},"modified":"2013-01-03T08:00:39","modified_gmt":"2013-01-03T07:00:39","slug":"collection-printemps-ete-2013-habitat","status":"publish","type":"post","link":"https:\/\/joyana.fr\/en\/collection-printemps-ete-2013-habitat\/111631\/","title":{"rendered":"Collection Printemps-\u00c9t\u00e9 2013 HABITAT"},"content":{"rendered":"<p>Pour <strong>2013 Habitat<\/strong> nous g\u00e2te avec une collection <strong>Printemps-Et\u00e9<\/strong> d\u2019un bon cru ! D\u00e9couvrez en avant-premi\u00e8re ces meubles et ces accessoires fonctionnels et \u00e9l\u00e9gants qui rendent hommage cette ann\u00e9e \u00e0 Sir <strong>Terance Conran<\/strong> et \u00e0 l\u2019esprit d\u2019H<strong>abitat<\/strong>&#8230;<\/p>\n<p><img data-recalc-dims=\"1\" fetchpriority=\"high\" decoding=\"async\" class=\"alignnone size-large wp-image-11632\" alt=\"Collection Printemps-\u00c9t\u00e9 2013 HABITAT\" src=\"https:\/\/i0.wp.com\/joyana.fr\/wp-content\/uploads\/2013\/01\/nouveautes-habitat-2013.jpg?resize=576%2C577&#038;ssl=1\" width=\"576\" height=\"577\" \/><\/p>\n<p>La devise \u00ab Plus que jamais, l\u2019utile peut \u00eatre beau et le beau accessible \u00bb est au c\u0153ur de cette collection avec un retour aux valeurs de la marque. On aime les accessoires color\u00e9s avec des nuances de bleu, d\u2019orange et de blanc qui subliment les mati\u00e8res naturelles.<\/p>\n<p><strong>2013 chez Habitat<\/strong> \u00e7a sera entre autres : la jolie table BUTLER qui invite l\u2019esprit jardin dans votre maison, l\u2019auvent pourra \u00eatre bien s\u00fbr rang\u00e9 dans le coffre de celle-ci. Des cupcakes au plafond ? Oui !!! et en diff\u00e9rentes tailles pour ce luminaire qui reprend la forme de l\u2019enveloppe en papier du traditionnel g\u00e2teau anglo-saxon. Ou encore le buffet GRAF et son armoire marient le ch\u00eane et l\u2019acier laqu\u00e9. Ajoutez \u00e0 cela un renouvellement des accessoires d\u00e9co dont certains de la designer <a title=\"Margaux KELLER\" href=\"http:\/\/www.margauxkeller.com\/\" target=\"_blank\">Margaux Keller<\/a>&#8230;<\/p>\n\n<p style=\"text-align: center;\">La collection sera disponible d\u00e8s mars <strong>2013<\/strong> chez <a title=\"HABITAT\" href=\"http:\/\/www.habitat.fr\/\" target=\"_blank\"><strong>HABITAT<\/strong><\/a>&#8230;<\/p>\n","protected":false},"excerpt":{"rendered":"<p>Pour 2013 Habitat nous g\u00e2te avec une collection Printemps-Et\u00e9 d\u2019un bon cru ! D\u00e9couvrez en avant-premi\u00e8re ces meubles et ces accessoires fonctionnels et \u00e9l\u00e9gants qui rendent hommage cette ann\u00e9e \u00e0 Sir Terance Conran et \u00e0 l\u2019esprit d\u2019Habitat&#8230; La devise \u00ab Plus que jamais, l\u2019utile peut \u00eatre beau et le beau accessible \u00bb est au c\u0153ur [&hellip;]<\/p>\n","protected":false},"author":2,"featured_media":111632,"comment_status":"open","ping_status":"open","sticky":false,"template":"","format":"standard","meta":{"_coblocks_attr":"","_coblocks_dimensions":"","_coblocks_responsive_height":"","_coblocks_accordion_ie_support":"","_uag_custom_page_level_css":"","advgb_blocks_editor_width":"","advgb_blocks_columns_visual_guide":"","_genesis_hide_title":false,"_genesis_hide_breadcrumbs":false,"_genesis_hide_singular_image":false,"_genesis_hide_footer_widgets":false,"_genesis_custom_body_class":"","_genesis_custom_post_class":"","_genesis_layout":"","_themeisle_gutenberg_block_has_review":false,"_jetpack_newsletter_access":"","_jetpack_dont_email_post_to_subs":false,"_jetpack_newsletter_tier_id":0,"_jetpack_memberships_contains_paywalled_content":false,"_jetpack_memberships_contains_paid_content":false,"footnotes":""},"categories":[938,905,1213],"tags":[1212,1214],"class_list":{"0":"post-111631","1":"post","2":"type-post","3":"status-publish","4":"format-standard","5":"has-post-thumbnail","7":"category-actualite-deco-design","8":"category-deco-design","9":"category-habitat","10":"tag-1212","11":"tag-habitat","12":"entry"},"featured_image_urls":{"full":["https:\/\/i0.wp.com\/joyana.fr\/wp-content\/uploads\/2013\/01\/nouveautes-habitat-2013.jpg?fit=912%2C914&ssl=1",912,914,false],"thumbnail":["https:\/\/i0.wp.com\/joyana.fr\/wp-content\/uploads\/2013\/01\/nouveautes-habitat-2013.jpg?resize=150%2C150&ssl=1",150,150,true],"medium":["https:\/\/i0.wp.com\/joyana.fr\/wp-content\/uploads\/2013\/01\/nouveautes-habitat-2013.jpg?fit=389%2C389&ssl=1",389,389,true],"medium_large":["https:\/\/i0.wp.com\/joyana.fr\/wp-content\/uploads\/2013\/01\/nouveautes-habitat-2013.jpg?fit=768%2C770&ssl=1",768,770,true],"large":["https:\/\/i0.wp.com\/joyana.fr\/wp-content\/uploads\/2013\/01\/nouveautes-habitat-2013.jpg?fit=912%2C914&ssl=1",912,914,true],"1536x1536":["https:\/\/i0.wp.com\/joyana.fr\/wp-content\/uploads\/2013\/01\/nouveautes-habitat-2013.jpg?fit=912%2C914&ssl=1",912,914,true],"2048x2048":["https:\/\/i0.wp.com\/joyana.fr\/wp-content\/uploads\/2013\/01\/nouveautes-habitat-2013.jpg?fit=912%2C914&ssl=1",912,914,true],"featured-thumb":["https:\/\/i0.wp.com\/joyana.fr\/wp-content\/uploads\/2013\/01\/nouveautes-habitat-2013.jpg?resize=912%2C750&ssl=1",912,750,true],"ab-block-post-grid-landscape":["https:\/\/i0.wp.com\/joyana.fr\/wp-content\/uploads\/2013\/01\/nouveautes-habitat-2013.jpg?resize=600%2C400&ssl=1",600,400,true],"ab-block-post-grid-square":["https:\/\/i0.wp.com\/joyana.fr\/wp-content\/uploads\/2013\/01\/nouveautes-habitat-2013.jpg?resize=600%2C600&ssl=1",600,600,true],"author-pro-image":["https:\/\/i0.wp.com\/joyana.fr\/wp-content\/uploads\/2013\/01\/nouveautes-habitat-2013.jpg?resize=360%2C570&ssl=1",360,570,true],"slider":["https:\/\/i0.wp.com\/joyana.fr\/wp-content\/uploads\/2013\/01\/nouveautes-habitat-2013.jpg?resize=912%2C400&ssl=1",912,400,true],"woocommerce_thumbnail":["https:\/\/i0.wp.com\/joyana.fr\/wp-content\/uploads\/2013\/01\/nouveautes-habitat-2013.jpg?resize=450%2C450&ssl=1",450,450,true],"woocommerce_single":["https:\/\/i0.wp.com\/joyana.fr\/wp-content\/uploads\/2013\/01\/nouveautes-habitat-2013.jpg?fit=912%2C914&ssl=1",912,914,true],"woocommerce_gallery_thumbnail":["https:\/\/i0.wp.com\/joyana.fr\/wp-content\/uploads\/2013\/01\/nouveautes-habitat-2013.jpg?resize=180%2C180&ssl=1",180,180,true],"sow-carousel-default":["https:\/\/i0.wp.com\/joyana.fr\/wp-content\/uploads\/2013\/01\/nouveautes-habitat-2013.jpg?resize=272%2C182&ssl=1",272,182,true]},"post_excerpt_stackable":"<p>Pour 2013 Habitat nous g\u00e2te avec une collection Printemps-Et\u00e9 d\u2019un bon cru ! D\u00e9couvrez en avant-premi\u00e8re ces meubles et ces accessoires fonctionnels et \u00e9l\u00e9gants qui rendent hommage cette ann\u00e9e \u00e0 Sir Terance Conran et \u00e0 l\u2019esprit d\u2019Habitat&#8230; La devise \u00ab Plus que jamais, l\u2019utile peut \u00eatre beau et le beau accessible \u00bb est au c\u0153ur de cette collection avec un retour aux valeurs de la marque. On aime les accessoires color\u00e9s avec des nuances de bleu, d\u2019orange et de blanc qui subliment les mati\u00e8res naturelles. 2013 chez Habitat \u00e7a sera entre autres : la jolie table BUTLER qui invite l\u2019esprit&hellip;<\/p>\n","category_list":"<a href=\"https:\/\/joyana.fr\/en\/category\/deco-design\/actualite\/actualite-deco-design\/\" rel=\"category tag\">Actualit\u00e9 D\u00e9co-Design<\/a>, <a href=\"https:\/\/joyana.fr\/en\/category\/deco-design\/\" rel=\"category tag\">DECO-DESIGN<\/a>, <a href=\"https:\/\/joyana.fr\/en\/category\/marques\/habitat\/\" rel=\"category tag\">Habitat<\/a>","author_info":{"display_name":"J\u00e9r\u00e9my Frob\u00e9nius","author_link":"https:\/\/joyana.fr\/en\/author\/influence\/"},"comments_num":"3 comments","featured_image_urls_v2":{"full":["https:\/\/i0.wp.com\/joyana.fr\/wp-content\/uploads\/2013\/01\/nouveautes-habitat-2013.jpg?fit=912%2C914&ssl=1",912,914,false],"thumbnail":["https:\/\/i0.wp.com\/joyana.fr\/wp-content\/uploads\/2013\/01\/nouveautes-habitat-2013.jpg?resize=150%2C150&ssl=1",150,150,true],"medium":["https:\/\/i0.wp.com\/joyana.fr\/wp-content\/uploads\/2013\/01\/nouveautes-habitat-2013.jpg?fit=389%2C389&ssl=1",389,389,true],"medium_large":["https:\/\/i0.wp.com\/joyana.fr\/wp-content\/uploads\/2013\/01\/nouveautes-habitat-2013.jpg?fit=768%2C770&ssl=1",768,770,true],"large":["https:\/\/i0.wp.com\/joyana.fr\/wp-content\/uploads\/2013\/01\/nouveautes-habitat-2013.jpg?fit=912%2C914&ssl=1",912,914,true],"1536x1536":["https:\/\/i0.wp.com\/joyana.fr\/wp-content\/uploads\/2013\/01\/nouveautes-habitat-2013.jpg?fit=912%2C914&ssl=1",912,914,true],"2048x2048":["https:\/\/i0.wp.com\/joyana.fr\/wp-content\/uploads\/2013\/01\/nouveautes-habitat-2013.jpg?fit=912%2C914&ssl=1",912,914,true],"featured-thumb":["https:\/\/i0.wp.com\/joyana.fr\/wp-content\/uploads\/2013\/01\/nouveautes-habitat-2013.jpg?resize=912%2C750&ssl=1",912,750,true],"ab-block-post-grid-landscape":["https:\/\/i0.wp.com\/joyana.fr\/wp-content\/uploads\/2013\/01\/nouveautes-habitat-2013.jpg?resize=600%2C400&ssl=1",600,400,true],"ab-block-post-grid-square":["https:\/\/i0.wp.com\/joyana.fr\/wp-content\/uploads\/2013\/01\/nouveautes-habitat-2013.jpg?resize=600%2C600&ssl=1",600,600,true],"author-pro-image":["https:\/\/i0.wp.com\/joyana.fr\/wp-content\/uploads\/2013\/01\/nouveautes-habitat-2013.jpg?resize=360%2C570&ssl=1",360,570,true],"slider":["https:\/\/i0.wp.com\/joyana.fr\/wp-content\/uploads\/2013\/01\/nouveautes-habitat-2013.jpg?resize=912%2C400&ssl=1",912,400,true],"woocommerce_thumbnail":["https:\/\/i0.wp.com\/joyana.fr\/wp-content\/uploads\/2013\/01\/nouveautes-habitat-2013.jpg?resize=450%2C450&ssl=1",450,450,true],"woocommerce_single":["https:\/\/i0.wp.com\/joyana.fr\/wp-content\/uploads\/2013\/01\/nouveautes-habitat-2013.jpg?fit=912%2C914&ssl=1",912,914,true],"woocommerce_gallery_thumbnail":["https:\/\/i0.wp.com\/joyana.fr\/wp-content\/uploads\/2013\/01\/nouveautes-habitat-2013.jpg?resize=180%2C180&ssl=1",180,180,true],"sow-carousel-default":["https:\/\/i0.wp.com\/joyana.fr\/wp-content\/uploads\/2013\/01\/nouveautes-habitat-2013.jpg?resize=272%2C182&ssl=1",272,182,true]},"post_excerpt_stackable_v2":"<p>Pour 2013 Habitat nous g\u00e2te avec une collection Printemps-Et\u00e9 d\u2019un bon cru ! D\u00e9couvrez en avant-premi\u00e8re ces meubles et ces accessoires fonctionnels et \u00e9l\u00e9gants qui rendent hommage cette ann\u00e9e \u00e0 Sir Terance Conran et \u00e0 l\u2019esprit d\u2019Habitat&#8230; La devise \u00ab Plus que jamais, l\u2019utile peut \u00eatre beau et le beau accessible \u00bb est au c\u0153ur de cette collection avec un retour aux valeurs de la marque. On aime les accessoires color\u00e9s avec des nuances de bleu, d\u2019orange et de blanc qui subliment les mati\u00e8res naturelles. 2013 chez Habitat \u00e7a sera entre autres : la jolie table BUTLER qui invite l\u2019esprit&hellip;<\/p>\n","category_list_v2":"<a href=\"https:\/\/joyana.fr\/en\/category\/deco-design\/actualite\/actualite-deco-design\/\" rel=\"category tag\">Actualit\u00e9 D\u00e9co-Design<\/a>, <a href=\"https:\/\/joyana.fr\/en\/category\/deco-design\/\" rel=\"category tag\">DECO-DESIGN<\/a>, <a href=\"https:\/\/joyana.fr\/en\/category\/marques\/habitat\/\" rel=\"category tag\">Habitat<\/a>","author_info_v2":{"name":"J\u00e9r\u00e9my Frob\u00e9nius","url":"https:\/\/joyana.fr\/en\/author\/influence\/"},"comments_num_v2":"3 comments","yoast_head":"<!-- This site is optimized with the Yoast SEO plugin v26.8 - https:\/\/yoast.com\/product\/yoast-seo-wordpress\/ -->\n<title>Collection Printemps-\u00c9t\u00e9 2013 HABITAT - JO YANA<\/title>\n<meta name=\"robots\" content=\"index, follow, max-snippet:-1, max-image-preview:large, max-video-preview:-1\" \/>\n<link rel=\"canonical\" href=\"https:\/\/www.joyana.fr\/collection-printemps-ete-2013-habitat\/111631\/\" \/>\n<meta property=\"og:locale\" content=\"en_US\" \/>\n<meta property=\"og:locale:alternate\" content=\"fr_FR\" \/>\n<meta property=\"og:locale:alternate\" content=\"ja\" \/>\n<meta property=\"og:type\" content=\"article\" \/>\n<meta property=\"og:title\" content=\"Collection Printemps-\u00c9t\u00e9 2013 HABITAT - JO YANA\" \/>\n<meta property=\"og:description\" content=\"Pour 2013 Habitat nous g\u00e2te avec une collection Printemps-Et\u00e9 d\u2019un bon cru ! D\u00e9couvrez en avant-premi\u00e8re ces meubles et ces accessoires fonctionnels et \u00e9l\u00e9gants qui rendent hommage cette ann\u00e9e \u00e0 Sir Terance Conran et \u00e0 l\u2019esprit d\u2019Habitat&#8230; La devise \u00ab Plus que jamais, l\u2019utile peut \u00eatre beau et le beau accessible \u00bb est au c\u0153ur [&hellip;]\" \/>\n<meta property=\"og:url\" content=\"https:\/\/joyana.fr\/en\/collection-printemps-ete-2013-habitat\/111631\/\" \/>\n<meta property=\"og:site_name\" content=\"JO YANA\" \/>\n<meta property=\"article:published_time\" content=\"2013-01-03T07:00:39+00:00\" \/>\n<meta property=\"og:image\" content=\"https:\/\/www.joyana.fr\/wp-content\/uploads\/2013\/01\/nouveautes-habitat-2013.jpg\" \/>\n\t<meta property=\"og:image:width\" content=\"912\" \/>\n\t<meta property=\"og:image:height\" content=\"914\" \/>\n\t<meta property=\"og:image:type\" content=\"image\/jpeg\" \/>\n<meta name=\"author\" content=\"J\u00e9r\u00e9my Frob\u00e9nius\" \/>\n<meta name=\"twitter:card\" content=\"summary_large_image\" \/>\n<meta name=\"twitter:creator\" content=\"@Jo_Yana\" \/>\n<meta name=\"twitter:site\" content=\"@Jo_Yana\" \/>\n<meta name=\"twitter:label1\" content=\"Written by\" \/>\n\t<meta name=\"twitter:data1\" content=\"J\u00e9r\u00e9my Frob\u00e9nius\" \/>\n\t<meta name=\"twitter:label2\" content=\"Est. reading time\" \/>\n\t<meta name=\"twitter:data2\" content=\"1 minute\" \/>\n<script type=\"application\/ld+json\" class=\"yoast-schema-graph\">{\"@context\":\"https:\/\/schema.org\",\"@graph\":[{\"@type\":\"Article\",\"@id\":\"https:\/\/www.joyana.fr\/collection-printemps-ete-2013-habitat\/111631\/#article\",\"isPartOf\":{\"@id\":\"https:\/\/www.joyana.fr\/collection-printemps-ete-2013-habitat\/111631\/\"},\"author\":{\"name\":\"J\u00e9r\u00e9my Frob\u00e9nius\",\"@id\":\"https:\/\/www.joyana.fr\/ja\/#\/schema\/person\/30e35bdb5bc60b25602df18045191b72\"},\"headline\":\"Collection Printemps-\u00c9t\u00e9 2013 HABITAT\",\"datePublished\":\"2013-01-03T07:00:39+00:00\",\"mainEntityOfPage\":{\"@id\":\"https:\/\/www.joyana.fr\/collection-printemps-ete-2013-habitat\/111631\/\"},\"wordCount\":199,\"commentCount\":1,\"publisher\":{\"@id\":\"https:\/\/www.joyana.fr\/ja\/#\/schema\/person\/cf2a1ad12a27c12c21801075bf37407c\"},\"image\":{\"@id\":\"https:\/\/www.joyana.fr\/collection-printemps-ete-2013-habitat\/111631\/#primaryimage\"},\"thumbnailUrl\":\"https:\/\/i0.wp.com\/joyana.fr\/wp-content\/uploads\/2013\/01\/nouveautes-habitat-2013.jpg?fit=912%2C914&ssl=1\",\"keywords\":[\"2013\",\"Habitat\"],\"articleSection\":[\"Actualit\u00e9 D\u00e9co-Design\",\"DECO-DESIGN\",\"Habitat\"],\"inLanguage\":\"en-US\",\"potentialAction\":[{\"@type\":\"CommentAction\",\"name\":\"Comment\",\"target\":[\"https:\/\/www.joyana.fr\/collection-printemps-ete-2013-habitat\/111631\/#respond\"]}]},{\"@type\":\"WebPage\",\"@id\":\"https:\/\/www.joyana.fr\/collection-printemps-ete-2013-habitat\/111631\/\",\"url\":\"https:\/\/www.joyana.fr\/collection-printemps-ete-2013-habitat\/111631\/\",\"name\":\"Collection Printemps-\u00c9t\u00e9 2013 HABITAT - JO YANA\",\"isPartOf\":{\"@id\":\"https:\/\/www.joyana.fr\/ja\/#website\"},\"primaryImageOfPage\":{\"@id\":\"https:\/\/www.joyana.fr\/collection-printemps-ete-2013-habitat\/111631\/#primaryimage\"},\"image\":{\"@id\":\"https:\/\/www.joyana.fr\/collection-printemps-ete-2013-habitat\/111631\/#primaryimage\"},\"thumbnailUrl\":\"https:\/\/i0.wp.com\/joyana.fr\/wp-content\/uploads\/2013\/01\/nouveautes-habitat-2013.jpg?fit=912%2C914&ssl=1\",\"datePublished\":\"2013-01-03T07:00:39+00:00\",\"breadcrumb\":{\"@id\":\"https:\/\/www.joyana.fr\/collection-printemps-ete-2013-habitat\/111631\/#breadcrumb\"},\"inLanguage\":\"en-US\",\"potentialAction\":[{\"@type\":\"ReadAction\",\"target\":[\"https:\/\/www.joyana.fr\/collection-printemps-ete-2013-habitat\/111631\/\"]}]},{\"@type\":\"ImageObject\",\"inLanguage\":\"en-US\",\"@id\":\"https:\/\/www.joyana.fr\/collection-printemps-ete-2013-habitat\/111631\/#primaryimage\",\"url\":\"https:\/\/i0.wp.com\/joyana.fr\/wp-content\/uploads\/2013\/01\/nouveautes-habitat-2013.jpg?fit=912%2C914&ssl=1\",\"contentUrl\":\"https:\/\/i0.wp.com\/joyana.fr\/wp-content\/uploads\/2013\/01\/nouveautes-habitat-2013.jpg?fit=912%2C914&ssl=1\",\"width\":912,\"height\":914},{\"@type\":\"BreadcrumbList\",\"@id\":\"https:\/\/www.joyana.fr\/collection-printemps-ete-2013-habitat\/111631\/#breadcrumb\",\"itemListElement\":[{\"@type\":\"ListItem\",\"position\":1,\"name\":\"Accueil\",\"item\":\"https:\/\/www.joyana.fr\/ja\/\"},{\"@type\":\"ListItem\",\"position\":2,\"name\":\"Collection Printemps-\u00c9t\u00e9 2013 HABITAT\"}]},{\"@type\":\"WebSite\",\"@id\":\"https:\/\/www.joyana.fr\/ja\/#website\",\"url\":\"https:\/\/www.joyana.fr\/ja\/\",\"name\":\"JO YANA\",\"description\":\"Blog Mode Homme, Lifestyle, D\u00e9co-Design\",\"publisher\":{\"@id\":\"https:\/\/www.joyana.fr\/ja\/#\/schema\/person\/cf2a1ad12a27c12c21801075bf37407c\"},\"potentialAction\":[{\"@type\":\"SearchAction\",\"target\":{\"@type\":\"EntryPoint\",\"urlTemplate\":\"https:\/\/www.joyana.fr\/ja\/?s={search_term_string}\"},\"query-input\":{\"@type\":\"PropertyValueSpecification\",\"valueRequired\":true,\"valueName\":\"search_term_string\"}}],\"inLanguage\":\"en-US\"},{\"@type\":[\"Person\",\"Organization\"],\"@id\":\"https:\/\/www.joyana.fr\/ja\/#\/schema\/person\/cf2a1ad12a27c12c21801075bf37407c\",\"name\":\"Jo Yana\",\"image\":{\"@type\":\"ImageObject\",\"inLanguage\":\"en-US\",\"@id\":\"https:\/\/www.joyana.fr\/ja\/#\/schema\/person\/image\/\",\"url\":\"https:\/\/i0.wp.com\/joyana.fr\/wp-content\/uploads\/2016\/08\/cropped-joyana-logo-black-360x180.png?fit=343%2C164&ssl=1\",\"contentUrl\":\"https:\/\/i0.wp.com\/joyana.fr\/wp-content\/uploads\/2016\/08\/cropped-joyana-logo-black-360x180.png?fit=343%2C164&ssl=1\",\"width\":343,\"height\":164,\"caption\":\"Jo Yana\"},\"logo\":{\"@id\":\"https:\/\/www.joyana.fr\/ja\/#\/schema\/person\/image\/\"},\"description\":\"Jo Yana est le cr\u00e9ateur et r\u00e9dacteur en chef des sites DECO-DESIGN. Passionn\u00e9 de Design, Mode, Photo, Luxe, Lifestyle, Musique, mais avant tout Blogueur ! Le plaisir de partager l'anime et a comme devise \\\"POUR L'AMOUR DU BEAU\\\". Retrouvez le aussi sur son blog personnel - https:\/\/joyana.fr...\",\"sameAs\":[\"https:\/\/joyana.fr\/\"]},{\"@type\":\"Person\",\"@id\":\"https:\/\/www.joyana.fr\/ja\/#\/schema\/person\/30e35bdb5bc60b25602df18045191b72\",\"name\":\"J\u00e9r\u00e9my Frob\u00e9nius\",\"image\":{\"@type\":\"ImageObject\",\"inLanguage\":\"en-US\",\"@id\":\"https:\/\/www.joyana.fr\/ja\/#\/schema\/person\/image\/\",\"url\":\"https:\/\/secure.gravatar.com\/avatar\/b53fa5515b55c193a883253e48e39765?s=96&d=retro&r=g\",\"contentUrl\":\"https:\/\/secure.gravatar.com\/avatar\/b53fa5515b55c193a883253e48e39765?s=96&d=retro&r=g\",\"caption\":\"J\u00e9r\u00e9my Frob\u00e9nius\"},\"description\":\"Jeremy Frobenius est un amateur d\u2019architecture et de design depuis de nombreuses ann\u00e9es. Il a rejoint le Forum Deco-Design en 2007 en int\u00e9grant l\u2019\u00e9quipe de mod\u00e9rateurs, et depuis il couvre certains \u00e9v\u00e8nements comme Maison &amp; Objet, ou les Designer's Days... Passionn\u00e9 d\u2019automobiles, il s\u2019exerce aussi \u00e0 la photographie lors de ses voyages et d\u00e9ambulations urbaine.\",\"url\":\"https:\/\/joyana.fr\/en\/author\/influence\/\"}]}<\/script>\n<!-- \/ Yoast SEO plugin. -->","yoast_head_json":{"title":"Collection Printemps-\u00c9t\u00e9 2013 HABITAT - JO YANA","robots":{"index":"index","follow":"follow","max-snippet":"max-snippet:-1","max-image-preview":"max-image-preview:large","max-video-preview":"max-video-preview:-1"},"canonical":"https:\/\/www.joyana.fr\/collection-printemps-ete-2013-habitat\/111631\/","og_locale":"en_US","og_type":"article","og_title":"Collection Printemps-\u00c9t\u00e9 2013 HABITAT - JO YANA","og_description":"Pour 2013 Habitat nous g\u00e2te avec une collection Printemps-Et\u00e9 d\u2019un bon cru ! D\u00e9couvrez en avant-premi\u00e8re ces meubles et ces accessoires fonctionnels et \u00e9l\u00e9gants qui rendent hommage cette ann\u00e9e \u00e0 Sir Terance Conran et \u00e0 l\u2019esprit d\u2019Habitat&#8230; La devise \u00ab Plus que jamais, l\u2019utile peut \u00eatre beau et le beau accessible \u00bb est au c\u0153ur [&hellip;]","og_url":"https:\/\/joyana.fr\/en\/collection-printemps-ete-2013-habitat\/111631\/","og_site_name":"JO YANA","article_published_time":"2013-01-03T07:00:39+00:00","og_image":[{"width":912,"height":914,"url":"https:\/\/www.joyana.fr\/wp-content\/uploads\/2013\/01\/nouveautes-habitat-2013.jpg","type":"image\/jpeg"}],"author":"J\u00e9r\u00e9my Frob\u00e9nius","twitter_card":"summary_large_image","twitter_creator":"@Jo_Yana","twitter_site":"@Jo_Yana","twitter_misc":{"Written by":"J\u00e9r\u00e9my Frob\u00e9nius","Est. reading time":"1 minute"},"schema":{"@context":"https:\/\/schema.org","@graph":[{"@type":"Article","@id":"https:\/\/www.joyana.fr\/collection-printemps-ete-2013-habitat\/111631\/#article","isPartOf":{"@id":"https:\/\/www.joyana.fr\/collection-printemps-ete-2013-habitat\/111631\/"},"author":{"name":"J\u00e9r\u00e9my Frob\u00e9nius","@id":"https:\/\/www.joyana.fr\/ja\/#\/schema\/person\/30e35bdb5bc60b25602df18045191b72"},"headline":"Collection Printemps-\u00c9t\u00e9 2013 HABITAT","datePublished":"2013-01-03T07:00:39+00:00","mainEntityOfPage":{"@id":"https:\/\/www.joyana.fr\/collection-printemps-ete-2013-habitat\/111631\/"},"wordCount":199,"commentCount":1,"publisher":{"@id":"https:\/\/www.joyana.fr\/ja\/#\/schema\/person\/cf2a1ad12a27c12c21801075bf37407c"},"image":{"@id":"https:\/\/www.joyana.fr\/collection-printemps-ete-2013-habitat\/111631\/#primaryimage"},"thumbnailUrl":"https:\/\/i0.wp.com\/joyana.fr\/wp-content\/uploads\/2013\/01\/nouveautes-habitat-2013.jpg?fit=912%2C914&ssl=1","keywords":["2013","Habitat"],"articleSection":["Actualit\u00e9 D\u00e9co-Design","DECO-DESIGN","Habitat"],"inLanguage":"en-US","potentialAction":[{"@type":"CommentAction","name":"Comment","target":["https:\/\/www.joyana.fr\/collection-printemps-ete-2013-habitat\/111631\/#respond"]}]},{"@type":"WebPage","@id":"https:\/\/www.joyana.fr\/collection-printemps-ete-2013-habitat\/111631\/","url":"https:\/\/www.joyana.fr\/collection-printemps-ete-2013-habitat\/111631\/","name":"Collection Printemps-\u00c9t\u00e9 2013 HABITAT - JO YANA","isPartOf":{"@id":"https:\/\/www.joyana.fr\/ja\/#website"},"primaryImageOfPage":{"@id":"https:\/\/www.joyana.fr\/collection-printemps-ete-2013-habitat\/111631\/#primaryimage"},"image":{"@id":"https:\/\/www.joyana.fr\/collection-printemps-ete-2013-habitat\/111631\/#primaryimage"},"thumbnailUrl":"https:\/\/i0.wp.com\/joyana.fr\/wp-content\/uploads\/2013\/01\/nouveautes-habitat-2013.jpg?fit=912%2C914&ssl=1","datePublished":"2013-01-03T07:00:39+00:00","breadcrumb":{"@id":"https:\/\/www.joyana.fr\/collection-printemps-ete-2013-habitat\/111631\/#breadcrumb"},"inLanguage":"en-US","potentialAction":[{"@type":"ReadAction","target":["https:\/\/www.joyana.fr\/collection-printemps-ete-2013-habitat\/111631\/"]}]},{"@type":"ImageObject","inLanguage":"en-US","@id":"https:\/\/www.joyana.fr\/collection-printemps-ete-2013-habitat\/111631\/#primaryimage","url":"https:\/\/i0.wp.com\/joyana.fr\/wp-content\/uploads\/2013\/01\/nouveautes-habitat-2013.jpg?fit=912%2C914&ssl=1","contentUrl":"https:\/\/i0.wp.com\/joyana.fr\/wp-content\/uploads\/2013\/01\/nouveautes-habitat-2013.jpg?fit=912%2C914&ssl=1","width":912,"height":914},{"@type":"BreadcrumbList","@id":"https:\/\/www.joyana.fr\/collection-printemps-ete-2013-habitat\/111631\/#breadcrumb","itemListElement":[{"@type":"ListItem","position":1,"name":"Accueil","item":"https:\/\/www.joyana.fr\/ja\/"},{"@type":"ListItem","position":2,"name":"Collection Printemps-\u00c9t\u00e9 2013 HABITAT"}]},{"@type":"WebSite","@id":"https:\/\/www.joyana.fr\/ja\/#website","url":"https:\/\/www.joyana.fr\/ja\/","name":"JO YANA","description":"Blog Mode Homme, Lifestyle, D\u00e9co-Design","publisher":{"@id":"https:\/\/www.joyana.fr\/ja\/#\/schema\/person\/cf2a1ad12a27c12c21801075bf37407c"},"potentialAction":[{"@type":"SearchAction","target":{"@type":"EntryPoint","urlTemplate":"https:\/\/www.joyana.fr\/ja\/?s={search_term_string}"},"query-input":{"@type":"PropertyValueSpecification","valueRequired":true,"valueName":"search_term_string"}}],"inLanguage":"en-US"},{"@type":["Person","Organization"],"@id":"https:\/\/www.joyana.fr\/ja\/#\/schema\/person\/cf2a1ad12a27c12c21801075bf37407c","name":"Jo Yana","image":{"@type":"ImageObject","inLanguage":"en-US","@id":"https:\/\/www.joyana.fr\/ja\/#\/schema\/person\/image\/","url":"https:\/\/i0.wp.com\/joyana.fr\/wp-content\/uploads\/2016\/08\/cropped-joyana-logo-black-360x180.png?fit=343%2C164&ssl=1","contentUrl":"https:\/\/i0.wp.com\/joyana.fr\/wp-content\/uploads\/2016\/08\/cropped-joyana-logo-black-360x180.png?fit=343%2C164&ssl=1","width":343,"height":164,"caption":"Jo Yana"},"logo":{"@id":"https:\/\/www.joyana.fr\/ja\/#\/schema\/person\/image\/"},"description":"Jo Yana est le cr\u00e9ateur et r\u00e9dacteur en chef des sites DECO-DESIGN. Passionn\u00e9 de Design, Mode, Photo, Luxe, Lifestyle, Musique, mais avant tout Blogueur ! Le plaisir de partager l'anime et a comme devise \"POUR L'AMOUR DU BEAU\". Retrouvez le aussi sur son blog personnel - https:\/\/joyana.fr...","sameAs":["https:\/\/joyana.fr\/"]},{"@type":"Person","@id":"https:\/\/www.joyana.fr\/ja\/#\/schema\/person\/30e35bdb5bc60b25602df18045191b72","name":"J\u00e9r\u00e9my Frob\u00e9nius","image":{"@type":"ImageObject","inLanguage":"en-US","@id":"https:\/\/www.joyana.fr\/ja\/#\/schema\/person\/image\/","url":"https:\/\/secure.gravatar.com\/avatar\/b53fa5515b55c193a883253e48e39765?s=96&d=retro&r=g","contentUrl":"https:\/\/secure.gravatar.com\/avatar\/b53fa5515b55c193a883253e48e39765?s=96&d=retro&r=g","caption":"J\u00e9r\u00e9my Frob\u00e9nius"},"description":"Jeremy Frobenius est un amateur d\u2019architecture et de design depuis de nombreuses ann\u00e9es. Il a rejoint le Forum Deco-Design en 2007 en int\u00e9grant l\u2019\u00e9quipe de mod\u00e9rateurs, et depuis il couvre certains \u00e9v\u00e8nements comme Maison &amp; Objet, ou les Designer's Days... Passionn\u00e9 d\u2019automobiles, il s\u2019exerce aussi \u00e0 la photographie lors de ses voyages et d\u00e9ambulations urbaine.","url":"https:\/\/joyana.fr\/en\/author\/influence\/"}]}},"author_meta":{"display_name":"J\u00e9r\u00e9my Frob\u00e9nius","author_link":"https:\/\/joyana.fr\/en\/author\/influence\/"},"featured_img":"https:\/\/i0.wp.com\/joyana.fr\/wp-content\/uploads\/2013\/01\/nouveautes-habitat-2013.jpg?fit=389%2C389&ssl=1","featured_image_src":"https:\/\/i0.wp.com\/joyana.fr\/wp-content\/uploads\/2013\/01\/nouveautes-habitat-2013.jpg?resize=600%2C400&ssl=1","featured_image_src_square":"https:\/\/i0.wp.com\/joyana.fr\/wp-content\/uploads\/2013\/01\/nouveautes-habitat-2013.jpg?resize=600%2C600&ssl=1","jetpack_featured_media_url":"https:\/\/i0.wp.com\/joyana.fr\/wp-content\/uploads\/2013\/01\/nouveautes-habitat-2013.jpg?fit=912%2C914&ssl=1","uagb_featured_image_src":{"full":["https:\/\/i0.wp.com\/joyana.fr\/wp-content\/uploads\/2013\/01\/nouveautes-habitat-2013.jpg?fit=912%2C914&ssl=1",912,914,false],"thumbnail":["https:\/\/i0.wp.com\/joyana.fr\/wp-content\/uploads\/2013\/01\/nouveautes-habitat-2013.jpg?resize=150%2C150&ssl=1",150,150,true],"medium":["https:\/\/i0.wp.com\/joyana.fr\/wp-content\/uploads\/2013\/01\/nouveautes-habitat-2013.jpg?fit=389%2C389&ssl=1",389,389,true],"medium_large":["https:\/\/i0.wp.com\/joyana.fr\/wp-content\/uploads\/2013\/01\/nouveautes-habitat-2013.jpg?fit=768%2C770&ssl=1",768,770,true],"large":["https:\/\/i0.wp.com\/joyana.fr\/wp-content\/uploads\/2013\/01\/nouveautes-habitat-2013.jpg?fit=912%2C914&ssl=1",912,914,true],"1536x1536":["https:\/\/i0.wp.com\/joyana.fr\/wp-content\/uploads\/2013\/01\/nouveautes-habitat-2013.jpg?fit=912%2C914&ssl=1",912,914,true],"2048x2048":["https:\/\/i0.wp.com\/joyana.fr\/wp-content\/uploads\/2013\/01\/nouveautes-habitat-2013.jpg?fit=912%2C914&ssl=1",912,914,true],"featured-thumb":["https:\/\/i0.wp.com\/joyana.fr\/wp-content\/uploads\/2013\/01\/nouveautes-habitat-2013.jpg?resize=912%2C750&ssl=1",912,750,true],"ab-block-post-grid-landscape":["https:\/\/i0.wp.com\/joyana.fr\/wp-content\/uploads\/2013\/01\/nouveautes-habitat-2013.jpg?resize=600%2C400&ssl=1",600,400,true],"ab-block-post-grid-square":["https:\/\/i0.wp.com\/joyana.fr\/wp-content\/uploads\/2013\/01\/nouveautes-habitat-2013.jpg?resize=600%2C600&ssl=1",600,600,true],"author-pro-image":["https:\/\/i0.wp.com\/joyana.fr\/wp-content\/uploads\/2013\/01\/nouveautes-habitat-2013.jpg?resize=360%2C570&ssl=1",360,570,true],"slider":["https:\/\/i0.wp.com\/joyana.fr\/wp-content\/uploads\/2013\/01\/nouveautes-habitat-2013.jpg?resize=912%2C400&ssl=1",912,400,true],"woocommerce_thumbnail":["https:\/\/i0.wp.com\/joyana.fr\/wp-content\/uploads\/2013\/01\/nouveautes-habitat-2013.jpg?resize=450%2C450&ssl=1",450,450,true],"woocommerce_single":["https:\/\/i0.wp.com\/joyana.fr\/wp-content\/uploads\/2013\/01\/nouveautes-habitat-2013.jpg?fit=912%2C914&ssl=1",912,914,true],"woocommerce_gallery_thumbnail":["https:\/\/i0.wp.com\/joyana.fr\/wp-content\/uploads\/2013\/01\/nouveautes-habitat-2013.jpg?resize=180%2C180&ssl=1",180,180,true],"sow-carousel-default":["https:\/\/i0.wp.com\/joyana.fr\/wp-content\/uploads\/2013\/01\/nouveautes-habitat-2013.jpg?resize=272%2C182&ssl=1",272,182,true]},"uagb_author_info":{"display_name":"J\u00e9r\u00e9my Frob\u00e9nius","author_link":"https:\/\/joyana.fr\/en\/author\/influence\/"},"uagb_comment_info":3,"uagb_excerpt":"Pour 2013 Habitat nous g\u00e2te avec une collection Printemps-Et\u00e9 d\u2019un bon cru ! D\u00e9couvrez en avant-premi\u00e8re ces meubles et ces accessoires fonctionnels et \u00e9l\u00e9gants qui rendent hommage cette ann\u00e9e \u00e0 Sir Terance Conran et \u00e0 l\u2019esprit d\u2019Habitat&#8230; La devise \u00ab Plus que jamais, l\u2019utile peut \u00eatre beau et le beau accessible \u00bb est au c\u0153ur&hellip;","coauthors":[],"tax_additional":{"categories":{"linked":["<a href=\"https:\/\/joyana.fr\/en\/category\/deco-design\/actualite\/actualite-deco-design\/\" class=\"advgb-post-tax-term\">Actualit\u00e9 D\u00e9co-Design<\/a>","<a href=\"https:\/\/joyana.fr\/en\/category\/deco-design\/\" class=\"advgb-post-tax-term\">DECO-DESIGN<\/a>","<a href=\"https:\/\/joyana.fr\/en\/category\/marques\/habitat\/\" class=\"advgb-post-tax-term\">Habitat<\/a>"],"unlinked":["<span class=\"advgb-post-tax-term\">Actualit\u00e9 D\u00e9co-Design<\/span>","<span class=\"advgb-post-tax-term\">DECO-DESIGN<\/span>","<span class=\"advgb-post-tax-term\">Habitat<\/span>"]},"tags":{"linked":["<a href=\"https:\/\/joyana.fr\/en\/category\/marques\/habitat\/\" class=\"advgb-post-tax-term\">2013<\/a>","<a href=\"https:\/\/joyana.fr\/en\/category\/marques\/habitat\/\" class=\"advgb-post-tax-term\">Habitat<\/a>"],"unlinked":["<span class=\"advgb-post-tax-term\">2013<\/span>","<span class=\"advgb-post-tax-term\">Habitat<\/span>"]}},"comment_count":3,"relative_dates":{"created":"Posted 13 years ago","modified":"Updated 13 years ago"},"absolute_dates":{"created":"Posted on 3 January 2013","modified":"Updated on 3 January 2013"},"absolute_dates_time":{"created":"Posted on 3 January 2013 8:00","modified":"Updated on 3 January 2013 8:00"},"featured_img_caption":"","series_order":"","jetpack_sharing_enabled":true,"jetpack_shortlink":"https:\/\/wp.me\/p9bteI-t2v","jetpack-related-posts":[],"_links":{"self":[{"href":"https:\/\/joyana.fr\/en\/wp-json\/wp\/v2\/posts\/111631","targetHints":{"allow":["GET"]}}],"collection":[{"href":"https:\/\/joyana.fr\/en\/wp-json\/wp\/v2\/posts"}],"about":[{"href":"https:\/\/joyana.fr\/en\/wp-json\/wp\/v2\/types\/post"}],"author":[{"embeddable":true,"href":"https:\/\/joyana.fr\/en\/wp-json\/wp\/v2\/users\/2"}],"replies":[{"embeddable":true,"href":"https:\/\/joyana.fr\/en\/wp-json\/wp\/v2\/comments?post=111631"}],"version-history":[{"count":0,"href":"https:\/\/joyana.fr\/en\/wp-json\/wp\/v2\/posts\/111631\/revisions"}],"wp:featuredmedia":[{"embeddable":true,"href":"https:\/\/joyana.fr\/en\/wp-json\/wp\/v2\/media\/111632"}],"wp:attachment":[{"href":"https:\/\/joyana.fr\/en\/wp-json\/wp\/v2\/media?parent=111631"}],"wp:term":[{"taxonomy":"category","embeddable":true,"href":"https:\/\/joyana.fr\/en\/wp-json\/wp\/v2\/categories?post=111631"},{"taxonomy":"post_tag","embeddable":true,"href":"https:\/\/joyana.fr\/en\/wp-json\/wp\/v2\/tags?post=111631"}],"curies":[{"name":"wp","href":"https:\/\/api.w.org\/{rel}","templated":true}]}}